{"id":10687,"date":"2023-11-02T12:00:32","date_gmt":"2023-11-02T11:00:32","guid":{"rendered":"https:\/\/www.anovapeneira.gal\/?p=10687"},"modified":"2023-10-23T12:41:04","modified_gmt":"2023-10-23T10:41:04","slug":"festas-de-san-fausto-de-chapela-2023","status":"publish","type":"post","link":"https:\/\/www.anovapeneira.gal\/index.php\/2023\/11\/02\/festas-de-san-fausto-de-chapela-2023\/","title":{"rendered":"Festas de San Fausto de Chapela 2023"},"content":{"rendered":"\n<p>\u201c A Tr\u00e1xica historia do doutor Fausto\u201d \u00e9 unha das obras cumes da literatura universal. O seu autor Goethe c\u00f3ntanos a historia de como o doutor Fausto vende a s\u00faa alma ao dia\u00f1o para acadar os servizos do demo Mefist\u00f3feles. San Fausto en Chapela non \u00e9 tan transcendente pero de forma metaf\u00f3rica estou segura de que calquera bereteiro ou bereteira vender\u00eda a s\u00faa alma ao dia\u00f1o, insisto en que se trata dunha met\u00e1fora, polo amor que sinte \u00e1s fermosas terras de Chapela que aloumi\u00f1an o coraz\u00f3n de cada un dos seus fillos e fillas como o bico tenro dunha nai alumea o coraz\u00f3n de quen o recibe. San Fausto de Chapela \u00e9 unha parroquia mari\u00f1eira do Concello de Redondela e est\u00e1 composta polos barrios de Angor\u00e9n, Cidadelle, A Igrexa, Parada e Laredo. Conta cunha poboaci\u00f3n de preto de 8.000 habitantes e \u00e9 a parroquia m\u00e1is habitada do Concello de Redondela, incluso supera nunhas trescentas persoas ao casco urbano da vila.<\/p>\n\n\n\n<p>\u00c9 unha vila mari\u00f1eira na que a industria pesqueira ten gran peso, aqu\u00ed est\u00e1n as instalaci\u00f3ns de Pescanova e de Frialia e, ademais, tam\u00e9n ten a sede da redacci\u00f3n e dos talleres gr\u00e1ficos do rotativo decano da prensa do estado, o Faro de Vigo, fundado o 3 de novembro de 1853.<\/p>\n\n\n\n<p>O nome de Chapela alude a unha capela situada no alto da Encarnaci\u00f3n, por onde transcorr\u00eda antigamente o Cami\u00f1o Real. Os viaxeiros das dilixencias ti\u00f1an que subir polo cami\u00f1o de O Fol\u00f3n, tirando delas e, unha vez chegadas arriba, santigu\u00e1banse na pila dun cruceiro, o Cruceiro de Chapela, que se situaba fronte a esa capela, a Capela do Frade e o cemiterio.<\/p>\n\n\n\n<p>O xentilicio de Chapela \u00e9 chapeleiro ou chapeleira, e tam\u00e9n beretes en honra a un peixe da r\u00eda de Vigo.<\/p>\n\n\n\n<p>Da s\u00faa paisaxe podemos dicir que ten un fermosos bosques atl\u00e1nticos, con excelentes postas de sol orientadas desde San Vicente de Trasma\u00f1\u00f3, pasando polos montes do Picoto, ata A Madroa, como puntos m\u00e1is altos.<\/p>\n\n\n\n<p>A s\u00faa praia m\u00e1is co\u00f1ecida \u00e9 a de Arealonga, \u00e1 que se accede a trav\u00e9s da avenida de San Telmo, e que \u00e9 lim\u00edtrofe co barrio e monte da Cacharela, pertencente este \u00faltimo ao municipio de Vigo.<\/p>\n\n\n\n<p>Como ben indica o nome desta parroquia, San Fausto, este \u00e9 o seu patr\u00f3n e as s\u00faas festas ve\u00f1en de celebrarse desde o pasado 12 de outubro ata o domingo 15.<\/p>\n\n\n\n<p>Actualmente \u00e9 organizada polo C\u00edrculo Cultural Recreativo de Chapela e maila que a chuvia xogou un papel importante a fin de semana, non se anulou ning\u00fan evento nos d\u00edas de festa, o que si fixo a chuvia e que a asistencia non fora a desexada por mor do mal tempo.<\/p>\n\n\n\n<p>Os actos relixiosos te\u00f1en gran relevancia nesta festa, pois hai d\u00faas misas solemnes na parroquia coas s\u00faas procesi\u00f3ns dos santos. O d\u00eda doce, a misa foi \u00e1s 12.30 h. na honra da Virxe do Pilar e despois da misa sa\u00edu en procesi\u00f3n a Santa. Para o d\u00eda 13 a misa solemne foi \u00e1 mesma hora pero nesta ocasi\u00f3n o santo venerado foi San Fausto, o patr\u00f3n, e despois da misa sa\u00edu en procesi\u00f3n para que os m\u00e1is devotos puideran acompa\u00f1ar ao seu Santo Patr\u00f3n.<\/p>\n\n\n\n<p>Estas festas non s\u00f3 son relixiosas, pois tam\u00e9n te\u00f1en a s\u00faa parte musical e l\u00fadica. Para os m\u00e1is e as m\u00e1is bailadeiras da parroquia os grupos que deron a nota musical foi o coro tradicional \u201cTirapuxa\u201d pola ma\u00f1\u00e1 e \u201cOrquestra Marbella\u201d e \u201cDJ Dury\u201d animaron a verbena nocturna do xoves 12.<br>\u201cTania Veiras\u201d e \u201cAzar\u201d puxeron a parte musical o venres 13 pola noite e xa, para o S\u00e1bado 14, foron os grupos \u201cUni\u00f3n y Fuerza\u201d e \u201cLa Noche\u201d os encargados de animar a verbena pola noite, e os respondables tam\u00e9n de por fin ao broche musical destas festas en honra ao patr\u00f3n de Chapela, pois xa o domingo 15 o d\u00eda estivo dedicado aos m\u00e1is e m\u00e1is pequechos e pequechas da parroquia con prezos populares nas atracci\u00f3ns do torreiro.<\/p>\n\n\n\n<p>Para saber algo m\u00e1is da tradici\u00f3n destas festas conversamos con C\u00e1ndido Villar, un hist\u00f3rico veci\u00f1o da parroquia. C\u00e1ndido forma parte do movemento social e deportivo de Chapela. Un dos fundadores do Club de Remo e primeiro patr\u00f3n da Trai\u00f1a.<\/p>\n\n\n\n<p><strong>C\u00e1ndido, desde cando se celebra esta festa?<\/strong><\/p>\n\n\n\n<blockquote class=\"wp-block-quote is-layout-flow wp-block-quote-is-layout-flow\">\n<p>Esta \u00e9 unha festa cunha tradici\u00f3n moi arraigada \u00e1 parroquia e a relixi\u00f3n tam\u00e9n. Eu xa a lembro de pequeno, debe ter como uns 100 anos de historia ou m\u00e1is. Tam\u00e9n houbo anos que non se celebrou por falta de comisi\u00f3n, por este motivo, desde hai uns anos \u00e9 organizada polo C\u00edrculo Cultural Recreativo de Chapela.<\/p>\n<\/blockquote>\n\n\n\n<blockquote class=\"wp-block-quote is-layout-flow wp-block-quote-is-layout-flow\">\n<p>Antigamente desenrol\u00e1base no torreiro da igrexa pero, desde que se constru\u00edu a autoestrada o espazo do torreiro quedou reducido e pasouse \u00e1 celebraci\u00f3n da festa para os arredores do pavill\u00f3n deportivo municipal.<\/p>\n<\/blockquote>\n\n\n\n<blockquote class=\"wp-block-quote is-layout-flow wp-block-quote-is-layout-flow\">\n<p>Antigamente, era algo moi t\u00edpico desta festa, tomar a sidra aut\u00e9ntica galega, moito m\u00e1is doce ca asturiana.<\/p>\n<\/blockquote>\n\n\n\n<blockquote class=\"wp-block-quote is-layout-flow wp-block-quote-is-layout-flow\">\n<p>Unha festa moi querida e respectada pola devoci\u00f3n relixiosa ao patr\u00f3n da parroquia San Fausto.<\/p>\n<\/blockquote>\n\n\n\n<p><strong>Que significan estas festas para \u00e1 xente da parroquia?<\/strong><\/p>\n\n\n\n<blockquote class=\"wp-block-quote is-layout-flow wp-block-quote-is-layout-flow\">\n<p>Estas, xunto coas festas do Carme, as celebradas na praia de Arealonga son as festas populares de Chapela. As festa da praia son para as xente do mar e estas, as de San Fausto, digamos que para a xente de terra.<\/p>\n<\/blockquote>\n\n\n\n<blockquote class=\"wp-block-quote is-layout-flow wp-block-quote-is-layout-flow\">\n<p>Estas festas son un sentimento, unha tradici\u00f3n. Son d\u00edas para quedar a comer coa familia, para xuntarse cos amigos e para a xente m\u00e1is devota, son d\u00edas de celebraci\u00f3n de misa maior e procesi\u00f3n polo entorno da igrexa.<\/p>\n<\/blockquote>\n\n\n\n<blockquote class=\"wp-block-quote is-layout-flow wp-block-quote-is-layout-flow\">\n<p>Os meus recordos da infancia e da adolescencia son ao redor destas festas. Antigamente non hab\u00eda discotecas nin sitios de lecer ag\u00e1s as tabernas. Estas festas eran a ocasi\u00f3n de estar cos amigos e de poder bailar coas mozas da parroquia.<\/p>\n<\/blockquote>\n\n\n\n<blockquote class=\"wp-block-quote is-layout-flow wp-block-quote-is-layout-flow\">\n<p>Moitas grazas pola conversa C\u00e1ndido. Esperemos que esta festa sexa capaz de perdurar no tempo e poida ter outros cen anos mas de vida para que as xentes de Chapela non perdan parte da s\u00faa tradici\u00f3n.<\/p>\n<\/blockquote>\n\n\n\n<figure class=\"wp-block-image size-full\"><img loading=\"lazy\" decoding=\"async\" width=\"720\" height=\"432\" src=\"https:\/\/www.anovapeneira.gal\/wp-content\/uploads\/2023\/10\/candio_chapela.webp\" alt=\"\" class=\"wp-image-10689\" srcset=\"https:\/\/www.anovapeneira.gal\/wp-content\/uploads\/2023\/10\/candio_chapela.webp 720w, https:\/\/www.anovapeneira.gal\/wp-content\/uploads\/2023\/10\/candio_chapela-300x180.webp 300w\" sizes=\"auto, (max-width: 720px) 100vw, 720px\" \/><\/figure>\n","protected":false},"excerpt":{"rendered":"<div class=\"mh-excerpt\"><p>\u201c A Tr\u00e1xica historia do doutor Fausto\u201d \u00e9 unha das obras cumes da literatura universal <a class=\"mh-excerpt-more\" href=\"https:\/\/www.anovapeneira.gal\/index.php\/2023\/11\/02\/festas-de-san-fausto-de-chapela-2023\/\" title=\"Festas de San Fausto de Chapela 2023\">[&#8230;]<\/a><\/p>\n<\/div>","protected":false},"author":17,"featured_media":10690,"comment_status":"open","ping_status":"open","sticky":false,"template":"","format":"standard","meta":{"_exactmetrics_skip_tracking":false,"_exactmetrics_sitenote_active":false,"_exactmetrics_sitenote_note":"","_exactmetrics_sitenote_category":0,"footnotes":""},"categories":[270],"tags":[171],"class_list":{"0":"post-10687","1":"post","2":"type-post","3":"status-publish","4":"format-standard","5":"has-post-thumbnail","7":"category-redondela-entrevistas","8":"tag-concello-de-redondela"},"yoast_head":"<!-- This site is optimized with the Yoast SEO plugin v27.4 - https:\/\/yoast.com\/product\/yoast-seo-wordpress\/ -->\n<title>Festas de San Fausto de Chapela 2023 -<\/title>\n<meta name=\"description\" content=\"\u201c A Tr\u00e1xica historia do doutor Fausto\u201d \u00e9 unha das obras cumes da literatura universal\" \/>\n<meta name=\"robots\" content=\"index, follow, max-snippet:-1, max-image-preview:large, max-video-preview:-1\" \/>\n<link rel=\"canonical\" href=\"https:\/\/www.anovapeneira.gal\/index.php\/2023\/11\/02\/festas-de-san-fausto-de-chapela-2023\/\" \/>\n<meta property=\"og:locale\" content=\"gl_ES\" \/>\n<meta property=\"og:type\" content=\"article\" \/>\n<meta property=\"og:title\" content=\"Festas de San Fausto de Chapela 2023 -\" \/>\n<meta property=\"og:description\" content=\"\u201c A Tr\u00e1xica historia do doutor Fausto\u201d \u00e9 unha das obras cumes da literatura universal\" \/>\n<meta property=\"og:url\" content=\"https:\/\/www.anovapeneira.gal\/index.php\/2023\/11\/02\/festas-de-san-fausto-de-chapela-2023\/\" \/>\n<meta property=\"article:publisher\" content=\"https:\/\/www.facebook.com\/anovapeneira\" \/>\n<meta property=\"article:published_time\" content=\"2023-11-02T11:00:32+00:00\" \/>\n<meta property=\"og:image\" content=\"https:\/\/www.anovapeneira.gal\/wp-content\/uploads\/2023\/10\/chapela.webp\" \/>\n\t<meta property=\"og:image:width\" content=\"720\" \/>\n\t<meta property=\"og:image:height\" content=\"432\" \/>\n\t<meta property=\"og:image:type\" content=\"image\/webp\" \/>\n<meta name=\"author\" content=\"G. Figueiredo\" \/>\n<meta name=\"twitter:card\" content=\"summary_large_image\" \/>\n<meta name=\"twitter:creator\" content=\"@APeneira\" \/>\n<meta name=\"twitter:site\" content=\"@APeneira\" \/>\n<meta name=\"twitter:label1\" content=\"Escrito por\" \/>\n\t<meta name=\"twitter:data1\" content=\"G. Figueiredo\" \/>\n\t<meta name=\"twitter:label2\" content=\"Tempo de lectura\" \/>\n\t<meta name=\"twitter:data2\" content=\"5 minutos\" \/>\n<script type=\"application\/ld+json\" class=\"yoast-schema-graph\">{\"@context\":\"https:\\\/\\\/schema.org\",\"@graph\":[{\"@type\":\"Article\",\"@id\":\"https:\\\/\\\/www.anovapeneira.gal\\\/index.php\\\/2023\\\/11\\\/02\\\/festas-de-san-fausto-de-chapela-2023\\\/#article\",\"isPartOf\":{\"@id\":\"https:\\\/\\\/www.anovapeneira.gal\\\/index.php\\\/2023\\\/11\\\/02\\\/festas-de-san-fausto-de-chapela-2023\\\/\"},\"author\":{\"name\":\"G. Figueiredo\",\"@id\":\"https:\\\/\\\/www.anovapeneira.gal\\\/#\\\/schema\\\/person\\\/42f904d7cac80cf3f5a31494dd82a9b6\"},\"headline\":\"Festas de San Fausto de Chapela 2023\",\"datePublished\":\"2023-11-02T11:00:32+00:00\",\"mainEntityOfPage\":{\"@id\":\"https:\\\/\\\/www.anovapeneira.gal\\\/index.php\\\/2023\\\/11\\\/02\\\/festas-de-san-fausto-de-chapela-2023\\\/\"},\"wordCount\":1078,\"commentCount\":0,\"publisher\":{\"@id\":\"https:\\\/\\\/www.anovapeneira.gal\\\/#organization\"},\"image\":{\"@id\":\"https:\\\/\\\/www.anovapeneira.gal\\\/index.php\\\/2023\\\/11\\\/02\\\/festas-de-san-fausto-de-chapela-2023\\\/#primaryimage\"},\"thumbnailUrl\":\"https:\\\/\\\/www.anovapeneira.gal\\\/wp-content\\\/uploads\\\/2023\\\/10\\\/chapela.webp\",\"keywords\":[\"Concello de Redondela\"],\"articleSection\":[\"Redondela\"],\"inLanguage\":\"gl-ES\",\"potentialAction\":[{\"@type\":\"CommentAction\",\"name\":\"Comment\",\"target\":[\"https:\\\/\\\/www.anovapeneira.gal\\\/index.php\\\/2023\\\/11\\\/02\\\/festas-de-san-fausto-de-chapela-2023\\\/#respond\"]}]},{\"@type\":\"WebPage\",\"@id\":\"https:\\\/\\\/www.anovapeneira.gal\\\/index.php\\\/2023\\\/11\\\/02\\\/festas-de-san-fausto-de-chapela-2023\\\/\",\"url\":\"https:\\\/\\\/www.anovapeneira.gal\\\/index.php\\\/2023\\\/11\\\/02\\\/festas-de-san-fausto-de-chapela-2023\\\/\",\"name\":\"Festas de San Fausto de Chapela 2023 -\",\"isPartOf\":{\"@id\":\"https:\\\/\\\/www.anovapeneira.gal\\\/#website\"},\"primaryImageOfPage\":{\"@id\":\"https:\\\/\\\/www.anovapeneira.gal\\\/index.php\\\/2023\\\/11\\\/02\\\/festas-de-san-fausto-de-chapela-2023\\\/#primaryimage\"},\"image\":{\"@id\":\"https:\\\/\\\/www.anovapeneira.gal\\\/index.php\\\/2023\\\/11\\\/02\\\/festas-de-san-fausto-de-chapela-2023\\\/#primaryimage\"},\"thumbnailUrl\":\"https:\\\/\\\/www.anovapeneira.gal\\\/wp-content\\\/uploads\\\/2023\\\/10\\\/chapela.webp\",\"datePublished\":\"2023-11-02T11:00:32+00:00\",\"description\":\"\u201c A Tr\u00e1xica historia do doutor Fausto\u201d \u00e9 unha das obras cumes da literatura universal\",\"breadcrumb\":{\"@id\":\"https:\\\/\\\/www.anovapeneira.gal\\\/index.php\\\/2023\\\/11\\\/02\\\/festas-de-san-fausto-de-chapela-2023\\\/#breadcrumb\"},\"inLanguage\":\"gl-ES\",\"potentialAction\":[{\"@type\":\"ReadAction\",\"target\":[\"https:\\\/\\\/www.anovapeneira.gal\\\/index.php\\\/2023\\\/11\\\/02\\\/festas-de-san-fausto-de-chapela-2023\\\/\"]}]},{\"@type\":\"ImageObject\",\"inLanguage\":\"gl-ES\",\"@id\":\"https:\\\/\\\/www.anovapeneira.gal\\\/index.php\\\/2023\\\/11\\\/02\\\/festas-de-san-fausto-de-chapela-2023\\\/#primaryimage\",\"url\":\"https:\\\/\\\/www.anovapeneira.gal\\\/wp-content\\\/uploads\\\/2023\\\/10\\\/chapela.webp\",\"contentUrl\":\"https:\\\/\\\/www.anovapeneira.gal\\\/wp-content\\\/uploads\\\/2023\\\/10\\\/chapela.webp\",\"width\":720,\"height\":432,\"caption\":\"Chapela\"},{\"@type\":\"BreadcrumbList\",\"@id\":\"https:\\\/\\\/www.anovapeneira.gal\\\/index.php\\\/2023\\\/11\\\/02\\\/festas-de-san-fausto-de-chapela-2023\\\/#breadcrumb\",\"itemListElement\":[{\"@type\":\"ListItem\",\"position\":1,\"name\":\"Portada\",\"item\":\"https:\\\/\\\/www.anovapeneira.gal\\\/\"},{\"@type\":\"ListItem\",\"position\":2,\"name\":\"Festas de San Fausto de Chapela 2023\"}]},{\"@type\":\"WebSite\",\"@id\":\"https:\\\/\\\/www.anovapeneira.gal\\\/#website\",\"url\":\"https:\\\/\\\/www.anovapeneira.gal\\\/\",\"name\":\"\",\"description\":\"Xornal galego de informaci\u00f3n xeral Publicaci\u00f3n mensual de novas de Galicia e en especial dos Concellos da sur da provincia de Pontevedra.\",\"publisher\":{\"@id\":\"https:\\\/\\\/www.anovapeneira.gal\\\/#organization\"},\"potentialAction\":[{\"@type\":\"SearchAction\",\"target\":{\"@type\":\"EntryPoint\",\"urlTemplate\":\"https:\\\/\\\/www.anovapeneira.gal\\\/?s={search_term_string}\"},\"query-input\":{\"@type\":\"PropertyValueSpecification\",\"valueRequired\":true,\"valueName\":\"search_term_string\"}}],\"inLanguage\":\"gl-ES\"},{\"@type\":\"Organization\",\"@id\":\"https:\\\/\\\/www.anovapeneira.gal\\\/#organization\",\"name\":\"A Nova Peneira\",\"url\":\"https:\\\/\\\/www.anovapeneira.gal\\\/\",\"logo\":{\"@type\":\"ImageObject\",\"inLanguage\":\"gl-ES\",\"@id\":\"https:\\\/\\\/www.anovapeneira.gal\\\/#\\\/schema\\\/logo\\\/image\\\/\",\"url\":\"http:\\\/\\\/www.anovapeneira.gal\\\/wp-content\\\/uploads\\\/2019\\\/06\\\/logo_a_nova_peneira_portal_web.png\",\"contentUrl\":\"http:\\\/\\\/www.anovapeneira.gal\\\/wp-content\\\/uploads\\\/2019\\\/06\\\/logo_a_nova_peneira_portal_web.png\",\"width\":300,\"height\":100,\"caption\":\"A Nova Peneira\"},\"image\":{\"@id\":\"https:\\\/\\\/www.anovapeneira.gal\\\/#\\\/schema\\\/logo\\\/image\\\/\"},\"sameAs\":[\"https:\\\/\\\/www.facebook.com\\\/anovapeneira\",\"https:\\\/\\\/x.com\\\/APeneira\"]},{\"@type\":\"Person\",\"@id\":\"https:\\\/\\\/www.anovapeneira.gal\\\/#\\\/schema\\\/person\\\/42f904d7cac80cf3f5a31494dd82a9b6\",\"name\":\"G. Figueiredo\",\"image\":{\"@type\":\"ImageObject\",\"inLanguage\":\"gl-ES\",\"@id\":\"https:\\\/\\\/secure.gravatar.com\\\/avatar\\\/2d970086688458e0398ef8b84f5cbb8cc1ec3ab115aeb8435135a9f556af97b3?s=96&d=mm&r=g\",\"url\":\"https:\\\/\\\/secure.gravatar.com\\\/avatar\\\/2d970086688458e0398ef8b84f5cbb8cc1ec3ab115aeb8435135a9f556af97b3?s=96&d=mm&r=g\",\"contentUrl\":\"https:\\\/\\\/secure.gravatar.com\\\/avatar\\\/2d970086688458e0398ef8b84f5cbb8cc1ec3ab115aeb8435135a9f556af97b3?s=96&d=mm&r=g\",\"caption\":\"G. Figueiredo\"},\"sameAs\":[\"http:\\\/\\\/www.anovapeneira.gal\\\/\"],\"url\":\"https:\\\/\\\/www.anovapeneira.gal\\\/index.php\\\/author\\\/g-figueiredo\\\/\"}]}<\/script>\n<!-- \/ Yoast SEO plugin. -->","yoast_head_json":{"title":"Festas de San Fausto de Chapela 2023 -","description":"\u201c A Tr\u00e1xica historia do doutor Fausto\u201d \u00e9 unha das obras cumes da literatura universal","robots":{"index":"index","follow":"follow","max-snippet":"max-snippet:-1","max-image-preview":"max-image-preview:large","max-video-preview":"max-video-preview:-1"},"canonical":"https:\/\/www.anovapeneira.gal\/index.php\/2023\/11\/02\/festas-de-san-fausto-de-chapela-2023\/","og_locale":"gl_ES","og_type":"article","og_title":"Festas de San Fausto de Chapela 2023 -","og_description":"\u201c A Tr\u00e1xica historia do doutor Fausto\u201d \u00e9 unha das obras cumes da literatura universal","og_url":"https:\/\/www.anovapeneira.gal\/index.php\/2023\/11\/02\/festas-de-san-fausto-de-chapela-2023\/","article_publisher":"https:\/\/www.facebook.com\/anovapeneira","article_published_time":"2023-11-02T11:00:32+00:00","og_image":[{"width":720,"height":432,"url":"https:\/\/www.anovapeneira.gal\/wp-content\/uploads\/2023\/10\/chapela.webp","type":"image\/webp"}],"author":"G. Figueiredo","twitter_card":"summary_large_image","twitter_creator":"@APeneira","twitter_site":"@APeneira","twitter_misc":{"Escrito por":"G. Figueiredo","Tempo de lectura":"5 minutos"},"schema":{"@context":"https:\/\/schema.org","@graph":[{"@type":"Article","@id":"https:\/\/www.anovapeneira.gal\/index.php\/2023\/11\/02\/festas-de-san-fausto-de-chapela-2023\/#article","isPartOf":{"@id":"https:\/\/www.anovapeneira.gal\/index.php\/2023\/11\/02\/festas-de-san-fausto-de-chapela-2023\/"},"author":{"name":"G. Figueiredo","@id":"https:\/\/www.anovapeneira.gal\/#\/schema\/person\/42f904d7cac80cf3f5a31494dd82a9b6"},"headline":"Festas de San Fausto de Chapela 2023","datePublished":"2023-11-02T11:00:32+00:00","mainEntityOfPage":{"@id":"https:\/\/www.anovapeneira.gal\/index.php\/2023\/11\/02\/festas-de-san-fausto-de-chapela-2023\/"},"wordCount":1078,"commentCount":0,"publisher":{"@id":"https:\/\/www.anovapeneira.gal\/#organization"},"image":{"@id":"https:\/\/www.anovapeneira.gal\/index.php\/2023\/11\/02\/festas-de-san-fausto-de-chapela-2023\/#primaryimage"},"thumbnailUrl":"https:\/\/www.anovapeneira.gal\/wp-content\/uploads\/2023\/10\/chapela.webp","keywords":["Concello de Redondela"],"articleSection":["Redondela"],"inLanguage":"gl-ES","potentialAction":[{"@type":"CommentAction","name":"Comment","target":["https:\/\/www.anovapeneira.gal\/index.php\/2023\/11\/02\/festas-de-san-fausto-de-chapela-2023\/#respond"]}]},{"@type":"WebPage","@id":"https:\/\/www.anovapeneira.gal\/index.php\/2023\/11\/02\/festas-de-san-fausto-de-chapela-2023\/","url":"https:\/\/www.anovapeneira.gal\/index.php\/2023\/11\/02\/festas-de-san-fausto-de-chapela-2023\/","name":"Festas de San Fausto de Chapela 2023 -","isPartOf":{"@id":"https:\/\/www.anovapeneira.gal\/#website"},"primaryImageOfPage":{"@id":"https:\/\/www.anovapeneira.gal\/index.php\/2023\/11\/02\/festas-de-san-fausto-de-chapela-2023\/#primaryimage"},"image":{"@id":"https:\/\/www.anovapeneira.gal\/index.php\/2023\/11\/02\/festas-de-san-fausto-de-chapela-2023\/#primaryimage"},"thumbnailUrl":"https:\/\/www.anovapeneira.gal\/wp-content\/uploads\/2023\/10\/chapela.webp","datePublished":"2023-11-02T11:00:32+00:00","description":"\u201c A Tr\u00e1xica historia do doutor Fausto\u201d \u00e9 unha das obras cumes da literatura universal","breadcrumb":{"@id":"https:\/\/www.anovapeneira.gal\/index.php\/2023\/11\/02\/festas-de-san-fausto-de-chapela-2023\/#breadcrumb"},"inLanguage":"gl-ES","potentialAction":[{"@type":"ReadAction","target":["https:\/\/www.anovapeneira.gal\/index.php\/2023\/11\/02\/festas-de-san-fausto-de-chapela-2023\/"]}]},{"@type":"ImageObject","inLanguage":"gl-ES","@id":"https:\/\/www.anovapeneira.gal\/index.php\/2023\/11\/02\/festas-de-san-fausto-de-chapela-2023\/#primaryimage","url":"https:\/\/www.anovapeneira.gal\/wp-content\/uploads\/2023\/10\/chapela.webp","contentUrl":"https:\/\/www.anovapeneira.gal\/wp-content\/uploads\/2023\/10\/chapela.webp","width":720,"height":432,"caption":"Chapela"},{"@type":"BreadcrumbList","@id":"https:\/\/www.anovapeneira.gal\/index.php\/2023\/11\/02\/festas-de-san-fausto-de-chapela-2023\/#breadcrumb","itemListElement":[{"@type":"ListItem","position":1,"name":"Portada","item":"https:\/\/www.anovapeneira.gal\/"},{"@type":"ListItem","position":2,"name":"Festas de San Fausto de Chapela 2023"}]},{"@type":"WebSite","@id":"https:\/\/www.anovapeneira.gal\/#website","url":"https:\/\/www.anovapeneira.gal\/","name":"","description":"Xornal galego de informaci\u00f3n xeral Publicaci\u00f3n mensual de novas de Galicia e en especial dos Concellos da sur da provincia de Pontevedra.","publisher":{"@id":"https:\/\/www.anovapeneira.gal\/#organization"},"potentialAction":[{"@type":"SearchAction","target":{"@type":"EntryPoint","urlTemplate":"https:\/\/www.anovapeneira.gal\/?s={search_term_string}"},"query-input":{"@type":"PropertyValueSpecification","valueRequired":true,"valueName":"search_term_string"}}],"inLanguage":"gl-ES"},{"@type":"Organization","@id":"https:\/\/www.anovapeneira.gal\/#organization","name":"A Nova Peneira","url":"https:\/\/www.anovapeneira.gal\/","logo":{"@type":"ImageObject","inLanguage":"gl-ES","@id":"https:\/\/www.anovapeneira.gal\/#\/schema\/logo\/image\/","url":"http:\/\/www.anovapeneira.gal\/wp-content\/uploads\/2019\/06\/logo_a_nova_peneira_portal_web.png","contentUrl":"http:\/\/www.anovapeneira.gal\/wp-content\/uploads\/2019\/06\/logo_a_nova_peneira_portal_web.png","width":300,"height":100,"caption":"A Nova Peneira"},"image":{"@id":"https:\/\/www.anovapeneira.gal\/#\/schema\/logo\/image\/"},"sameAs":["https:\/\/www.facebook.com\/anovapeneira","https:\/\/x.com\/APeneira"]},{"@type":"Person","@id":"https:\/\/www.anovapeneira.gal\/#\/schema\/person\/42f904d7cac80cf3f5a31494dd82a9b6","name":"G. Figueiredo","image":{"@type":"ImageObject","inLanguage":"gl-ES","@id":"https:\/\/secure.gravatar.com\/avatar\/2d970086688458e0398ef8b84f5cbb8cc1ec3ab115aeb8435135a9f556af97b3?s=96&d=mm&r=g","url":"https:\/\/secure.gravatar.com\/avatar\/2d970086688458e0398ef8b84f5cbb8cc1ec3ab115aeb8435135a9f556af97b3?s=96&d=mm&r=g","contentUrl":"https:\/\/secure.gravatar.com\/avatar\/2d970086688458e0398ef8b84f5cbb8cc1ec3ab115aeb8435135a9f556af97b3?s=96&d=mm&r=g","caption":"G. Figueiredo"},"sameAs":["http:\/\/www.anovapeneira.gal\/"],"url":"https:\/\/www.anovapeneira.gal\/index.php\/author\/g-figueiredo\/"}]}},"jetpack_featured_media_url":"https:\/\/www.anovapeneira.gal\/wp-content\/uploads\/2023\/10\/chapela.webp","_links":{"self":[{"href":"https:\/\/www.anovapeneira.gal\/index.php\/wp-json\/wp\/v2\/posts\/10687","targetHints":{"allow":["GET"]}}],"collection":[{"href":"https:\/\/www.anovapeneira.gal\/index.php\/wp-json\/wp\/v2\/posts"}],"about":[{"href":"https:\/\/www.anovapeneira.gal\/index.php\/wp-json\/wp\/v2\/types\/post"}],"author":[{"embeddable":true,"href":"https:\/\/www.anovapeneira.gal\/index.php\/wp-json\/wp\/v2\/users\/17"}],"replies":[{"embeddable":true,"href":"https:\/\/www.anovapeneira.gal\/index.php\/wp-json\/wp\/v2\/comments?post=10687"}],"version-history":[{"count":2,"href":"https:\/\/www.anovapeneira.gal\/index.php\/wp-json\/wp\/v2\/posts\/10687\/revisions"}],"predecessor-version":[{"id":10691,"href":"https:\/\/www.anovapeneira.gal\/index.php\/wp-json\/wp\/v2\/posts\/10687\/revisions\/10691"}],"wp:featuredmedia":[{"embeddable":true,"href":"https:\/\/www.anovapeneira.gal\/index.php\/wp-json\/wp\/v2\/media\/10690"}],"wp:attachment":[{"href":"https:\/\/www.anovapeneira.gal\/index.php\/wp-json\/wp\/v2\/media?parent=10687"}],"wp:term":[{"taxonomy":"category","embeddable":true,"href":"https:\/\/www.anovapeneira.gal\/index.php\/wp-json\/wp\/v2\/categories?post=10687"},{"taxonomy":"post_tag","embeddable":true,"href":"https:\/\/www.anovapeneira.gal\/index.php\/wp-json\/wp\/v2\/tags?post=10687"}],"curies":[{"name":"wp","href":"https:\/\/api.w.org\/{rel}","templated":true}]}}