{"id":1069,"date":"2019-08-26T10:00:06","date_gmt":"2019-08-26T08:00:06","guid":{"rendered":"http:\/\/www.anovapeneira.gal\/?p=1069"},"modified":"2019-08-24T21:18:08","modified_gmt":"2019-08-24T19:18:08","slug":"casa-henriqueta-oia","status":"publish","type":"post","link":"https:\/\/www.anovapeneira.gal\/index.php\/2019\/08\/26\/casa-henriqueta-oia\/","title":{"rendered":"Casa Henriqueta Oia"},"content":{"rendered":"\n<h2 class=\"wp-block-heading\"><strong>Un lugar especial ,para perderse e encontrar o\nmellor da vida<\/strong><\/h2>\n\n\n\n<figure class=\"wp-block-image is-resized\"><img loading=\"lazy\" decoding=\"async\" src=\"http:\/\/www.anovapeneira.gal\/wp-content\/uploads\/2019\/05\/tino_lago_director_a_nova_peneira.jpg\" alt=\"Tino Lago director a Nova Peneira\" class=\"wp-image-189\" width=\"95\" height=\"111\"\/><figcaption>Tino Lago director a Nova Peneira<\/figcaption><\/figure>\n\n\n\n<p><strong>No porto de Oia est\u00e1 Casa Henriqueta. Este negocio \u00e9 un restaurante atendido con amor e dilixencia polo seu propietario Esteban Dantes e un magn\u00edfico equipo de profesionais, que te fan sentir como se a s\u00faa casa fose tam\u00e9n a nosa. Casa Henriqueta \u00e9 unha edificaci\u00f3n do s\u00e9culo XVII esteticamente preciosa, situada a car\u00f3n do incomparable marco do porto de Oia, e al\u00ed a podemos atopar unha carta variada, de calidade sobresa\u00ednte a prezos moi razoables. Foi un pracer para min a charla que mantiven co noso amigo Esteban, un amigo con mai\u00fasculas da Peneira. Antes de ofrecerlles o que deu de si quixera dicir que en Casa Henriqueta pasei unha vez, un dos momentos de maior intensidade emotiva de toda a mi\u00f1a vida, por iso casa Henriqueta \u00e9 tam\u00e9n especial para min. Non sei se algunha das d\u00faas persoas que compartiron a mesa de casa Henriqueta ,aquela luminosa ma\u00f1\u00e1, comigo, ter\u00e1 a oportunidade de ler isto algunha vez. Se as\u00ed fose, quixera que saiban que a felicidade que me fixeron sentir naquela comida, agardo que lles acompa\u00f1e no cami\u00f1o das s\u00faas vidas todos e cada un dos d\u00edas.<\/strong><\/p>\n\n\n\n<p><strong>Onde\nnaciches ti Esteban?<\/strong><\/p>\n\n\n\n<blockquote class=\"wp-block-quote is-layout-flow wp-block-quote-is-layout-flow\"><p>Eu son de Oia, o meu pai e de Vilari\u00f1o  e a mi\u00f1a nai \u00e9 ,coma min, nativa de Oia<\/p><\/blockquote>\n\n\n\n<p><strong>Cando se\niniciou a t\u00faa relaci\u00f3n co sector da hostalar\u00eda?<\/strong><\/p>\n\n\n\n<blockquote class=\"wp-block-quote is-layout-flow wp-block-quote-is-layout-flow\"><p>Cando estaba a estudar, comecei a traballar no ver\u00e1n de 1997, pois, como calquera mozo coa ilusi\u00f3n de ter algo de cartos no peto<\/p><\/blockquote>\n\n\n\n<p><strong>Desde ese\nano a t\u00faa relaci\u00f3n co sector foi continua?<\/strong><\/p>\n\n\n\n<blockquote class=\"wp-block-quote is-layout-flow wp-block-quote-is-layout-flow\"><p>Non, fixen unha par\u00e9ntese grande e estiven traballando en Citroen<\/p><\/blockquote>\n\n\n\n<p><strong>E a\nrelaci\u00f3n con Casa Henriqueta?<\/strong><\/p>\n\n\n\n<blockquote class=\"wp-block-quote is-layout-flow wp-block-quote-is-layout-flow\"><p>Foi no ano 1999 cando un primo meu, Jose Antonio Olmedo, p\u00faxoa a funcionar como negocio e eu vin botarlle unha man<\/p><\/blockquote>\n\n\n\n<p><strong>A\nedificaci\u00f3n ten unha historia moi longa e extensa verdade?<\/strong><\/p>\n\n\n\n<blockquote class=\"wp-block-quote is-layout-flow wp-block-quote-is-layout-flow\"><p>E tanto que si, esta casa \u00e9 do S\u00e9culo XVII, era dunha familia alcumada \u201cAS HENRIQUETAS\u201d de a\u00ed o nome do local<\/p><\/blockquote>\n\n\n\n<p><strong>Malia ter\nm\u00e1is de 300 anos de historia foi o teu primo quen por vez primeira\nconvirte \u00e1 antiga casa das Henriqueta nun restaurante?<\/strong><\/p>\n\n\n\n<blockquote class=\"wp-block-quote is-layout-flow wp-block-quote-is-layout-flow\"><p>Exactamente as\u00ed foi. Despois de 14 anos en automoci\u00f3n decid\u00edn cambiar a mi\u00f1a vida, sigo no mundo do motor porque te\u00f1o un taller na Guarda, talleres Dorado, pero o esencial da mi\u00f1a vida profesional \u00e9 CASA HENRIQUETA.O meu primo vendeu a propiedade, o restaurante chegou a estar dous anos pechado, e eu en xullo do 2013 asumo a xesti\u00f3n do negocio<\/p><\/blockquote>\n\n\n\n<p><strong>Tiveches\nclaro que deber\u00eda seguir sendo \u201cCasa Henriqueta\u201d?<\/strong><\/p>\n\n\n\n<blockquote class=\"wp-block-quote is-layout-flow wp-block-quote-is-layout-flow\"><p>Pois a verdade tivemos certas d\u00fabidas, estivo a piques de ser Casa Dantes, pero finalmente decid\u00edn apostar por manter o nome xa que ti\u00f1a unha vinculaci\u00f3n intens\u00edsima coa historia do noso pobo e en certo modo coa historia da nosa familia tam\u00e9n<\/p><\/blockquote>\n\n\n\n<p><strong>A\nestrutura actual de Casa Henriqueta \u00e9 a orixinal verdade?<\/strong><\/p>\n\n\n\n<blockquote class=\"wp-block-quote is-layout-flow wp-block-quote-is-layout-flow\"><p>Efectivamente<\/p><\/blockquote>\n\n\n\n<p><strong>Xa levas os mesmos anos con Casa Henriqueta que eu na Peneira, ambos comezamos no 2013.Que valoraci\u00f3n te merecen estes seis anos ao fronte de casa Henriqueta?<\/strong><\/p>\n\n\n\n<blockquote class=\"wp-block-quote is-layout-flow wp-block-quote-is-layout-flow\"><p>Fundamentalmente inv\u00e1deme un inmenso sentimento de orgullo, tivemos que investir unha gran cantidade de esforzo, de tempo e de cartos en converter a casa Henriqueta no fermoso local que \u00e9 agora. Non me chegar\u00eda un xornal enteiro para dar cabida \u00e1 enorme gratitude que lle te\u00f1o que expresar a todas as persoas que achegaron o seu tempo e o seu esforzo para axudarnos co noso proxecto. En resumo, a valoraci\u00f3n que fago destes 6 anos sintet\u00edzase en orgullo, gratitude e alegr\u00eda por ver como o traballo d\u00e1 os seus froitos<\/p><\/blockquote>\n\n\n\n<p><strong>O\nmantemento dunha casa como esta debe ser terriblemente caro?<\/strong><\/p>\n\n\n\n<blockquote class=\"wp-block-quote is-layout-flow wp-block-quote-is-layout-flow\"><p>Bufff, nin te imaxinas<\/p><\/blockquote>\n\n\n\n<p><strong>E\ncompensa?<\/strong><\/p>\n\n\n\n<blockquote class=\"wp-block-quote is-layout-flow wp-block-quote-is-layout-flow\"><p>Emociomalmente sen d\u00fabida, economicamente non sempre. Outro aspecto que incide na valoraci\u00f3n positiva da que antes che falaba \u00e9 que o restaurante axudoume a crear unha empresa VALDANTES, coa que distrib\u00fao o meu vi\u00f1o. Un proxecto precioso que comecei xa no ano 2.016<\/p><\/blockquote>\n\n\n\n<p><strong>Como se\nchama o vi\u00f1o?<\/strong><\/p>\n\n\n\n<blockquote class=\"wp-block-quote is-layout-flow wp-block-quote-is-layout-flow\"><p>Mos\u00e9n Anselmo<\/p><\/blockquote>\n\n\n\n<p><strong>Por onde o\ndistrib\u00faes?<\/strong><\/p>\n\n\n\n<blockquote class=\"wp-block-quote is-layout-flow wp-block-quote-is-layout-flow\"><p>Xa estamos en moitos sitios de Espa\u00f1a; Madrid, M\u00e1laga, Canarias. Afortunadamente o vi\u00f1o ten unha acollida fant\u00e1stica porque en realidade \u00e9 un vi\u00f1o moi bo<\/p><\/blockquote>\n\n\n\n<p><strong>Cal \u00e9 a\nfilosof\u00eda fundamental de Casa Henriqueta?<\/strong><\/p>\n\n\n\n<blockquote class=\"wp-block-quote is-layout-flow wp-block-quote-is-layout-flow\"><p>Ofrecer unha comida de primeira calidade a uns prezos razoables e darlle un trato sumamente respectuoso ao cliente para que sinta que a nosa casa \u00e9 tam\u00e9n a s\u00faa. En relaci\u00f3n aos produtos quero dicir que facemos un esforzo significativo para que a materia prima sexa local. Compramos moit\u00edsimo nos mercados de Oia, A Guarda e O Rosal<\/p><\/blockquote>\n\n\n\n<p><strong>Seica\ntedes un \u201csegredo\u201d que fai moi especial a vosa carta?<\/strong><\/p>\n\n\n\n<blockquote class=\"wp-block-quote is-layout-flow wp-block-quote-is-layout-flow\"><p>Se te refires a que pretendemos mesturar os sabores do mar cos sabores da terra, pois si procuramos facelo as\u00ed, e con moi bo resultado por certo<\/p><\/blockquote>\n\n\n\n<p><strong>Eu creo\nque ning\u00fan visitante do Baixo Mi\u00f1o debe abandonar a comarca sen\nprobar a empanada de pan de millo de mexill\u00f3ns con chourizo de Casa\nHenriqueta<\/strong><\/p>\n\n\n\n<blockquote class=\"wp-block-quote is-layout-flow wp-block-quote-is-layout-flow\"><p>Ha ha ha , que che vou dicir eu, que concordo contigo claro<\/p><\/blockquote>\n\n\n\n<p><strong>\u00c9 unha\nm\u00e1goa que non se resolva dunha vez a situaci\u00f3n do mosteiro?<\/strong><\/p>\n\n\n\n<blockquote class=\"wp-block-quote is-layout-flow wp-block-quote-is-layout-flow\"><p>Desde logo que si. Oia ten unhas potencialidades tur\u00edsticas inmensas e a necesaria recuperaci\u00f3n do Mosteiro maximizar\u00edaas ata o infinito<\/p><\/blockquote>\n\n\n\n<p><strong>Ti tes\nfillos pequenos, isto \u00e9 un negocio de futuro para os teus fillos?<\/strong><\/p>\n\n\n\n<blockquote class=\"wp-block-quote is-layout-flow wp-block-quote-is-layout-flow\"><p>Non o sei a verdade \u00e9 que non o pensei a\u00ednda<\/p><\/blockquote>\n\n\n\n<p><strong>E a t\u00faa\nmuller que pensa?<\/strong><\/p>\n\n\n\n<blockquote class=\"wp-block-quote is-layout-flow wp-block-quote-is-layout-flow\"><p>\u00c1 mi\u00f1a muller s\u00f3 podo darlle as grazas, pola s\u00faa paciencia compa\u00f1\u00eda e comprensi\u00f3n. Desde logo que sen ela, casa Henriqueta non ser\u00eda posible<\/p><\/blockquote>\n\n\n\n<p><strong>Moitas\ngrazas Esteban<\/strong><\/p>\n","protected":false},"excerpt":{"rendered":"<div class=\"mh-excerpt\"><p>Un lugar especial ,para perderse e encontrar o mellor da vida\ufeff. No porto de Oia est\u00e1 Casa Henriqueta <a class=\"mh-excerpt-more\" href=\"https:\/\/www.anovapeneira.gal\/index.php\/2019\/08\/26\/casa-henriqueta-oia\/\" title=\"Casa Henriqueta Oia\">[&#8230;]<\/a><\/p>\n<\/div>","protected":false},"author":2,"featured_media":1057,"comment_status":"open","ping_status":"open","sticky":false,"template":"","format":"standard","meta":{"_exactmetrics_skip_tracking":false,"_exactmetrics_sitenote_active":false,"_exactmetrics_sitenote_note":"","_exactmetrics_sitenote_category":0,"footnotes":""},"categories":[491],"tags":[489,456,29,28],"class_list":{"0":"post-1069","1":"post","2":"type-post","3":"status-publish","4":"format-standard","5":"has-post-thumbnail","7":"category-baixo-mino-reportaxes","8":"tag-casa-henriqueta","9":"tag-concello-de-oia","10":"tag-gastronomia","11":"tag-turismo"},"yoast_head":"<!-- This site is optimized with the Yoast SEO plugin v27.4 - https:\/\/yoast.com\/product\/yoast-seo-wordpress\/ -->\n<title>Casa Henriqueta Oia -<\/title>\n<meta name=\"robots\" content=\"index, follow, max-snippet:-1, max-image-preview:large, max-video-preview:-1\" \/>\n<link rel=\"canonical\" href=\"https:\/\/www.anovapeneira.gal\/index.php\/2019\/08\/26\/casa-henriqueta-oia\/\" \/>\n<meta property=\"og:locale\" content=\"gl_ES\" \/>\n<meta property=\"og:type\" content=\"article\" \/>\n<meta property=\"og:title\" content=\"Casa Henriqueta Oia -\" \/>\n<meta property=\"og:description\" content=\"Un lugar especial ,para perderse e encontrar o mellor da vida\ufeff. No porto de Oia est\u00e1 Casa Henriqueta [...]\" \/>\n<meta property=\"og:url\" content=\"https:\/\/www.anovapeneira.gal\/index.php\/2019\/08\/26\/casa-henriqueta-oia\/\" \/>\n<meta property=\"article:publisher\" content=\"https:\/\/www.facebook.com\/anovapeneira\" \/>\n<meta property=\"article:published_time\" content=\"2019-08-26T08:00:06+00:00\" \/>\n<meta property=\"og:image\" content=\"https:\/\/www.anovapeneira.gal\/wp-content\/uploads\/2019\/08\/esteban_casa_henriqueta_a_nova_peneira.jpg\" \/>\n\t<meta property=\"og:image:width\" content=\"720\" \/>\n\t<meta property=\"og:image:height\" content=\"473\" \/>\n\t<meta property=\"og:image:type\" content=\"image\/jpeg\" \/>\n<meta name=\"author\" content=\"Tino Lago\" \/>\n<meta name=\"twitter:card\" content=\"summary_large_image\" \/>\n<meta name=\"twitter:creator\" content=\"@APeneira\" \/>\n<meta name=\"twitter:site\" content=\"@APeneira\" \/>\n<meta name=\"twitter:label1\" content=\"Escrito por\" \/>\n\t<meta name=\"twitter:data1\" content=\"Tino Lago\" \/>\n\t<meta name=\"twitter:label2\" content=\"Tempo de lectura\" \/>\n\t<meta name=\"twitter:data2\" content=\"5 minutos\" \/>\n<script type=\"application\/ld+json\" class=\"yoast-schema-graph\">{\"@context\":\"https:\\\/\\\/schema.org\",\"@graph\":[{\"@type\":\"Article\",\"@id\":\"https:\\\/\\\/www.anovapeneira.gal\\\/index.php\\\/2019\\\/08\\\/26\\\/casa-henriqueta-oia\\\/#article\",\"isPartOf\":{\"@id\":\"https:\\\/\\\/www.anovapeneira.gal\\\/index.php\\\/2019\\\/08\\\/26\\\/casa-henriqueta-oia\\\/\"},\"author\":{\"name\":\"Tino Lago\",\"@id\":\"https:\\\/\\\/www.anovapeneira.gal\\\/#\\\/schema\\\/person\\\/424dfe65e3070fd8a44d22d2c088762a\"},\"headline\":\"Casa Henriqueta Oia\",\"datePublished\":\"2019-08-26T08:00:06+00:00\",\"mainEntityOfPage\":{\"@id\":\"https:\\\/\\\/www.anovapeneira.gal\\\/index.php\\\/2019\\\/08\\\/26\\\/casa-henriqueta-oia\\\/\"},\"wordCount\":997,\"commentCount\":0,\"publisher\":{\"@id\":\"https:\\\/\\\/www.anovapeneira.gal\\\/#organization\"},\"image\":{\"@id\":\"https:\\\/\\\/www.anovapeneira.gal\\\/index.php\\\/2019\\\/08\\\/26\\\/casa-henriqueta-oia\\\/#primaryimage\"},\"thumbnailUrl\":\"https:\\\/\\\/www.anovapeneira.gal\\\/wp-content\\\/uploads\\\/2019\\\/08\\\/esteban_casa_henriqueta_a_nova_peneira.jpg\",\"keywords\":[\"Casa Henriqueta\",\"Concello de Oia\",\"gastronom\u00eda\",\"Turismo\"],\"articleSection\":[\"Baixo Mi\u00f1o\"],\"inLanguage\":\"gl-ES\",\"potentialAction\":[{\"@type\":\"CommentAction\",\"name\":\"Comment\",\"target\":[\"https:\\\/\\\/www.anovapeneira.gal\\\/index.php\\\/2019\\\/08\\\/26\\\/casa-henriqueta-oia\\\/#respond\"]}]},{\"@type\":\"WebPage\",\"@id\":\"https:\\\/\\\/www.anovapeneira.gal\\\/index.php\\\/2019\\\/08\\\/26\\\/casa-henriqueta-oia\\\/\",\"url\":\"https:\\\/\\\/www.anovapeneira.gal\\\/index.php\\\/2019\\\/08\\\/26\\\/casa-henriqueta-oia\\\/\",\"name\":\"Casa Henriqueta Oia -\",\"isPartOf\":{\"@id\":\"https:\\\/\\\/www.anovapeneira.gal\\\/#website\"},\"primaryImageOfPage\":{\"@id\":\"https:\\\/\\\/www.anovapeneira.gal\\\/index.php\\\/2019\\\/08\\\/26\\\/casa-henriqueta-oia\\\/#primaryimage\"},\"image\":{\"@id\":\"https:\\\/\\\/www.anovapeneira.gal\\\/index.php\\\/2019\\\/08\\\/26\\\/casa-henriqueta-oia\\\/#primaryimage\"},\"thumbnailUrl\":\"https:\\\/\\\/www.anovapeneira.gal\\\/wp-content\\\/uploads\\\/2019\\\/08\\\/esteban_casa_henriqueta_a_nova_peneira.jpg\",\"datePublished\":\"2019-08-26T08:00:06+00:00\",\"breadcrumb\":{\"@id\":\"https:\\\/\\\/www.anovapeneira.gal\\\/index.php\\\/2019\\\/08\\\/26\\\/casa-henriqueta-oia\\\/#breadcrumb\"},\"inLanguage\":\"gl-ES\",\"potentialAction\":[{\"@type\":\"ReadAction\",\"target\":[\"https:\\\/\\\/www.anovapeneira.gal\\\/index.php\\\/2019\\\/08\\\/26\\\/casa-henriqueta-oia\\\/\"]}]},{\"@type\":\"ImageObject\",\"inLanguage\":\"gl-ES\",\"@id\":\"https:\\\/\\\/www.anovapeneira.gal\\\/index.php\\\/2019\\\/08\\\/26\\\/casa-henriqueta-oia\\\/#primaryimage\",\"url\":\"https:\\\/\\\/www.anovapeneira.gal\\\/wp-content\\\/uploads\\\/2019\\\/08\\\/esteban_casa_henriqueta_a_nova_peneira.jpg\",\"contentUrl\":\"https:\\\/\\\/www.anovapeneira.gal\\\/wp-content\\\/uploads\\\/2019\\\/08\\\/esteban_casa_henriqueta_a_nova_peneira.jpg\",\"width\":720,\"height\":473,\"caption\":\"Casa de Henriqueta Oia A Nova Peneira\"},{\"@type\":\"BreadcrumbList\",\"@id\":\"https:\\\/\\\/www.anovapeneira.gal\\\/index.php\\\/2019\\\/08\\\/26\\\/casa-henriqueta-oia\\\/#breadcrumb\",\"itemListElement\":[{\"@type\":\"ListItem\",\"position\":1,\"name\":\"Portada\",\"item\":\"https:\\\/\\\/www.anovapeneira.gal\\\/\"},{\"@type\":\"ListItem\",\"position\":2,\"name\":\"Casa Henriqueta Oia\"}]},{\"@type\":\"WebSite\",\"@id\":\"https:\\\/\\\/www.anovapeneira.gal\\\/#website\",\"url\":\"https:\\\/\\\/www.anovapeneira.gal\\\/\",\"name\":\"\",\"description\":\"Xornal galego de informaci\u00f3n xeral Publicaci\u00f3n mensual de novas de Galicia e en especial dos Concellos da sur da provincia de Pontevedra.\",\"publisher\":{\"@id\":\"https:\\\/\\\/www.anovapeneira.gal\\\/#organization\"},\"potentialAction\":[{\"@type\":\"SearchAction\",\"target\":{\"@type\":\"EntryPoint\",\"urlTemplate\":\"https:\\\/\\\/www.anovapeneira.gal\\\/?s={search_term_string}\"},\"query-input\":{\"@type\":\"PropertyValueSpecification\",\"valueRequired\":true,\"valueName\":\"search_term_string\"}}],\"inLanguage\":\"gl-ES\"},{\"@type\":\"Organization\",\"@id\":\"https:\\\/\\\/www.anovapeneira.gal\\\/#organization\",\"name\":\"A Nova Peneira\",\"url\":\"https:\\\/\\\/www.anovapeneira.gal\\\/\",\"logo\":{\"@type\":\"ImageObject\",\"inLanguage\":\"gl-ES\",\"@id\":\"https:\\\/\\\/www.anovapeneira.gal\\\/#\\\/schema\\\/logo\\\/image\\\/\",\"url\":\"http:\\\/\\\/www.anovapeneira.gal\\\/wp-content\\\/uploads\\\/2019\\\/06\\\/logo_a_nova_peneira_portal_web.png\",\"contentUrl\":\"http:\\\/\\\/www.anovapeneira.gal\\\/wp-content\\\/uploads\\\/2019\\\/06\\\/logo_a_nova_peneira_portal_web.png\",\"width\":300,\"height\":100,\"caption\":\"A Nova Peneira\"},\"image\":{\"@id\":\"https:\\\/\\\/www.anovapeneira.gal\\\/#\\\/schema\\\/logo\\\/image\\\/\"},\"sameAs\":[\"https:\\\/\\\/www.facebook.com\\\/anovapeneira\",\"https:\\\/\\\/x.com\\\/APeneira\"]},{\"@type\":\"Person\",\"@id\":\"https:\\\/\\\/www.anovapeneira.gal\\\/#\\\/schema\\\/person\\\/424dfe65e3070fd8a44d22d2c088762a\",\"name\":\"Tino Lago\",\"image\":{\"@type\":\"ImageObject\",\"inLanguage\":\"gl-ES\",\"@id\":\"https:\\\/\\\/secure.gravatar.com\\\/avatar\\\/b3df6a06e44bab3111583b90f0f33a0379ee5e3d22cbadd232d39f21c30c62be?s=96&d=mm&r=g\",\"url\":\"https:\\\/\\\/secure.gravatar.com\\\/avatar\\\/b3df6a06e44bab3111583b90f0f33a0379ee5e3d22cbadd232d39f21c30c62be?s=96&d=mm&r=g\",\"contentUrl\":\"https:\\\/\\\/secure.gravatar.com\\\/avatar\\\/b3df6a06e44bab3111583b90f0f33a0379ee5e3d22cbadd232d39f21c30c62be?s=96&d=mm&r=g\",\"caption\":\"Tino Lago\"},\"sameAs\":[\"http:\\\/\\\/www.anovapeneira.gal\"],\"url\":\"https:\\\/\\\/www.anovapeneira.gal\\\/index.php\\\/author\\\/director\\\/\"}]}<\/script>\n<!-- \/ Yoast SEO plugin. -->","yoast_head_json":{"title":"Casa Henriqueta Oia -","robots":{"index":"index","follow":"follow","max-snippet":"max-snippet:-1","max-image-preview":"max-image-preview:large","max-video-preview":"max-video-preview:-1"},"canonical":"https:\/\/www.anovapeneira.gal\/index.php\/2019\/08\/26\/casa-henriqueta-oia\/","og_locale":"gl_ES","og_type":"article","og_title":"Casa Henriqueta Oia -","og_description":"Un lugar especial ,para perderse e encontrar o mellor da vida\ufeff. No porto de Oia est\u00e1 Casa Henriqueta [...]","og_url":"https:\/\/www.anovapeneira.gal\/index.php\/2019\/08\/26\/casa-henriqueta-oia\/","article_publisher":"https:\/\/www.facebook.com\/anovapeneira","article_published_time":"2019-08-26T08:00:06+00:00","og_image":[{"width":720,"height":473,"url":"https:\/\/www.anovapeneira.gal\/wp-content\/uploads\/2019\/08\/esteban_casa_henriqueta_a_nova_peneira.jpg","type":"image\/jpeg"}],"author":"Tino Lago","twitter_card":"summary_large_image","twitter_creator":"@APeneira","twitter_site":"@APeneira","twitter_misc":{"Escrito por":"Tino Lago","Tempo de lectura":"5 minutos"},"schema":{"@context":"https:\/\/schema.org","@graph":[{"@type":"Article","@id":"https:\/\/www.anovapeneira.gal\/index.php\/2019\/08\/26\/casa-henriqueta-oia\/#article","isPartOf":{"@id":"https:\/\/www.anovapeneira.gal\/index.php\/2019\/08\/26\/casa-henriqueta-oia\/"},"author":{"name":"Tino Lago","@id":"https:\/\/www.anovapeneira.gal\/#\/schema\/person\/424dfe65e3070fd8a44d22d2c088762a"},"headline":"Casa Henriqueta Oia","datePublished":"2019-08-26T08:00:06+00:00","mainEntityOfPage":{"@id":"https:\/\/www.anovapeneira.gal\/index.php\/2019\/08\/26\/casa-henriqueta-oia\/"},"wordCount":997,"commentCount":0,"publisher":{"@id":"https:\/\/www.anovapeneira.gal\/#organization"},"image":{"@id":"https:\/\/www.anovapeneira.gal\/index.php\/2019\/08\/26\/casa-henriqueta-oia\/#primaryimage"},"thumbnailUrl":"https:\/\/www.anovapeneira.gal\/wp-content\/uploads\/2019\/08\/esteban_casa_henriqueta_a_nova_peneira.jpg","keywords":["Casa Henriqueta","Concello de Oia","gastronom\u00eda","Turismo"],"articleSection":["Baixo Mi\u00f1o"],"inLanguage":"gl-ES","potentialAction":[{"@type":"CommentAction","name":"Comment","target":["https:\/\/www.anovapeneira.gal\/index.php\/2019\/08\/26\/casa-henriqueta-oia\/#respond"]}]},{"@type":"WebPage","@id":"https:\/\/www.anovapeneira.gal\/index.php\/2019\/08\/26\/casa-henriqueta-oia\/","url":"https:\/\/www.anovapeneira.gal\/index.php\/2019\/08\/26\/casa-henriqueta-oia\/","name":"Casa Henriqueta Oia -","isPartOf":{"@id":"https:\/\/www.anovapeneira.gal\/#website"},"primaryImageOfPage":{"@id":"https:\/\/www.anovapeneira.gal\/index.php\/2019\/08\/26\/casa-henriqueta-oia\/#primaryimage"},"image":{"@id":"https:\/\/www.anovapeneira.gal\/index.php\/2019\/08\/26\/casa-henriqueta-oia\/#primaryimage"},"thumbnailUrl":"https:\/\/www.anovapeneira.gal\/wp-content\/uploads\/2019\/08\/esteban_casa_henriqueta_a_nova_peneira.jpg","datePublished":"2019-08-26T08:00:06+00:00","breadcrumb":{"@id":"https:\/\/www.anovapeneira.gal\/index.php\/2019\/08\/26\/casa-henriqueta-oia\/#breadcrumb"},"inLanguage":"gl-ES","potentialAction":[{"@type":"ReadAction","target":["https:\/\/www.anovapeneira.gal\/index.php\/2019\/08\/26\/casa-henriqueta-oia\/"]}]},{"@type":"ImageObject","inLanguage":"gl-ES","@id":"https:\/\/www.anovapeneira.gal\/index.php\/2019\/08\/26\/casa-henriqueta-oia\/#primaryimage","url":"https:\/\/www.anovapeneira.gal\/wp-content\/uploads\/2019\/08\/esteban_casa_henriqueta_a_nova_peneira.jpg","contentUrl":"https:\/\/www.anovapeneira.gal\/wp-content\/uploads\/2019\/08\/esteban_casa_henriqueta_a_nova_peneira.jpg","width":720,"height":473,"caption":"Casa de Henriqueta Oia A Nova Peneira"},{"@type":"BreadcrumbList","@id":"https:\/\/www.anovapeneira.gal\/index.php\/2019\/08\/26\/casa-henriqueta-oia\/#breadcrumb","itemListElement":[{"@type":"ListItem","position":1,"name":"Portada","item":"https:\/\/www.anovapeneira.gal\/"},{"@type":"ListItem","position":2,"name":"Casa Henriqueta Oia"}]},{"@type":"WebSite","@id":"https:\/\/www.anovapeneira.gal\/#website","url":"https:\/\/www.anovapeneira.gal\/","name":"","description":"Xornal galego de informaci\u00f3n xeral Publicaci\u00f3n mensual de novas de Galicia e en especial dos Concellos da sur da provincia de Pontevedra.","publisher":{"@id":"https:\/\/www.anovapeneira.gal\/#organization"},"potentialAction":[{"@type":"SearchAction","target":{"@type":"EntryPoint","urlTemplate":"https:\/\/www.anovapeneira.gal\/?s={search_term_string}"},"query-input":{"@type":"PropertyValueSpecification","valueRequired":true,"valueName":"search_term_string"}}],"inLanguage":"gl-ES"},{"@type":"Organization","@id":"https:\/\/www.anovapeneira.gal\/#organization","name":"A Nova Peneira","url":"https:\/\/www.anovapeneira.gal\/","logo":{"@type":"ImageObject","inLanguage":"gl-ES","@id":"https:\/\/www.anovapeneira.gal\/#\/schema\/logo\/image\/","url":"http:\/\/www.anovapeneira.gal\/wp-content\/uploads\/2019\/06\/logo_a_nova_peneira_portal_web.png","contentUrl":"http:\/\/www.anovapeneira.gal\/wp-content\/uploads\/2019\/06\/logo_a_nova_peneira_portal_web.png","width":300,"height":100,"caption":"A Nova Peneira"},"image":{"@id":"https:\/\/www.anovapeneira.gal\/#\/schema\/logo\/image\/"},"sameAs":["https:\/\/www.facebook.com\/anovapeneira","https:\/\/x.com\/APeneira"]},{"@type":"Person","@id":"https:\/\/www.anovapeneira.gal\/#\/schema\/person\/424dfe65e3070fd8a44d22d2c088762a","name":"Tino Lago","image":{"@type":"ImageObject","inLanguage":"gl-ES","@id":"https:\/\/secure.gravatar.com\/avatar\/b3df6a06e44bab3111583b90f0f33a0379ee5e3d22cbadd232d39f21c30c62be?s=96&d=mm&r=g","url":"https:\/\/secure.gravatar.com\/avatar\/b3df6a06e44bab3111583b90f0f33a0379ee5e3d22cbadd232d39f21c30c62be?s=96&d=mm&r=g","contentUrl":"https:\/\/secure.gravatar.com\/avatar\/b3df6a06e44bab3111583b90f0f33a0379ee5e3d22cbadd232d39f21c30c62be?s=96&d=mm&r=g","caption":"Tino Lago"},"sameAs":["http:\/\/www.anovapeneira.gal"],"url":"https:\/\/www.anovapeneira.gal\/index.php\/author\/director\/"}]}},"jetpack_featured_media_url":"https:\/\/www.anovapeneira.gal\/wp-content\/uploads\/2019\/08\/esteban_casa_henriqueta_a_nova_peneira.jpg","_links":{"self":[{"href":"https:\/\/www.anovapeneira.gal\/index.php\/wp-json\/wp\/v2\/posts\/1069","targetHints":{"allow":["GET"]}}],"collection":[{"href":"https:\/\/www.anovapeneira.gal\/index.php\/wp-json\/wp\/v2\/posts"}],"about":[{"href":"https:\/\/www.anovapeneira.gal\/index.php\/wp-json\/wp\/v2\/types\/post"}],"author":[{"embeddable":true,"href":"https:\/\/www.anovapeneira.gal\/index.php\/wp-json\/wp\/v2\/users\/2"}],"replies":[{"embeddable":true,"href":"https:\/\/www.anovapeneira.gal\/index.php\/wp-json\/wp\/v2\/comments?post=1069"}],"version-history":[{"count":1,"href":"https:\/\/www.anovapeneira.gal\/index.php\/wp-json\/wp\/v2\/posts\/1069\/revisions"}],"predecessor-version":[{"id":1070,"href":"https:\/\/www.anovapeneira.gal\/index.php\/wp-json\/wp\/v2\/posts\/1069\/revisions\/1070"}],"wp:featuredmedia":[{"embeddable":true,"href":"https:\/\/www.anovapeneira.gal\/index.php\/wp-json\/wp\/v2\/media\/1057"}],"wp:attachment":[{"href":"https:\/\/www.anovapeneira.gal\/index.php\/wp-json\/wp\/v2\/media?parent=1069"}],"wp:term":[{"taxonomy":"category","embeddable":true,"href":"https:\/\/www.anovapeneira.gal\/index.php\/wp-json\/wp\/v2\/categories?post=1069"},{"taxonomy":"post_tag","embeddable":true,"href":"https:\/\/www.anovapeneira.gal\/index.php\/wp-json\/wp\/v2\/tags?post=1069"}],"curies":[{"name":"wp","href":"https:\/\/api.w.org\/{rel}","templated":true}]}}