{"id":10694,"date":"2023-11-03T12:00:55","date_gmt":"2023-11-03T11:00:55","guid":{"rendered":"https:\/\/www.anovapeneira.gal\/?p=10694"},"modified":"2023-10-25T09:58:19","modified_gmt":"2023-10-25T07:58:19","slug":"apuntamentos-para-o-2027-i","status":"publish","type":"post","link":"https:\/\/www.anovapeneira.gal\/index.php\/2023\/11\/03\/apuntamentos-para-o-2027-i\/","title":{"rendered":"Apuntamentos para o 2027 (I)"},"content":{"rendered":"\n<figure class=\"wp-block-image size-full is-resized\"><img loading=\"lazy\" decoding=\"async\" width=\"190\" height=\"222\" src=\"https:\/\/www.anovapeneira.gal\/wp-content\/uploads\/2019\/08\/aaron_franco_a_nova_peneira.jpg\" alt=\"\" class=\"wp-image-830\" style=\"aspect-ratio:0.8558558558558559;width:94px;height:auto\"\/><figcaption class=\"wp-element-caption\">Aar\u00f3n Franco, escritor de Mar\u00edn<\/figcaption><\/figure>\n\n\n\n<p>Mar\u00edn sae dunhas elecci\u00f3ns municipais recentes e da constituci\u00f3n dunha nova corporaci\u00f3n. Pasados os primeiros cen d\u00edas c\u00f3mpre analizarmos o acontecido ata hoxe pero por riba de todo planificar a seguinte batalla que ter\u00e1 lugar no 2027, e non, non queda tan lonxe. En menos tempo do que pensamos as formaci\u00f3ns pol\u00edticas comezar\u00e1n a vestir as s\u00faas mellores galas.<\/p>\n\n\n\n<p>O punto de partida \u00e9 traducir as cifras a letras porque iso finalmente, mal que pese, \u00e9 o feito b\u00e1sico a estudar para armar os vimbios que permitan exiliar ao Partido Popular do goberno municipal.<\/p>\n\n\n\n<p>Doce concelleiros para o Partido Popular, que perdeu tres; cinco para un PSOE que queda como estaba; e catro para o BNG que sube 3 actas de golpe. A cuesti\u00f3n \u00e9 o n\u00famero de votos, e a\u00ed \u00e9 onde observamos por unha banda que o Partido Popular permanece pr\u00e1cticamente inamobible e que o BNG ascende de xeito espectacular case 1.300 votos. Do PSOE mellor non dicir nada por aquelo de non querer facer le\u00f1a da \u00e1rbore ca\u00edda.<\/p>\n\n\n\n<p>Se observamos os resultados de convocatorias anteriores non existe trasvase de sufraxios de dereita a esquerda, e iso significa que Mar\u00eda Ramallo ten un voto fiel e estanco. Dif\u00edcilmente mobible e que lle perdoa e xustifica cualquera das s\u00faas acci\u00f3ns.<\/p>\n\n\n\n<p>Por tanto, \u00e9 Ramallo invencible?<\/p>\n\n\n\n<p>Radicalmente non. Ten debilidades e ela co\u00f1eceas. Precisa un Mar\u00edn que durma e non se axite. Que nada se mova.<\/p>\n\n\n\n<p>Esa precisamente, e tendo en conta que o PP de Mar\u00edn vive en campa\u00f1a electoral todos os d\u00edas do ano, \u00e9 a forma que ten de tapar as s\u00faas debilidades.<\/p>\n\n\n\n<p>O tecido asociativo de Mar\u00edn foi fulminado, a actividade cultural reducida ao m\u00ednimo e \u00fanicamente se potencia aquelo que, ou ben lle aporte publicidade, ou ben pertence ao seu sesgo ideol\u00f3xico.<\/p>\n\n\n\n<p>A xuventude foi expulsada da vila por falta de alternativas laborais, culturais e de ocio. A \u00fanica pol\u00edtica para a mocidade \u00e9 traer ao orquestra de turno, cando non ve\u00f1en os &#8220;Paquirr\u00ednes&#8221; a meterlle medo no corpo ao persoal. Porque claro, outras cousas poden facelos pensar, e non queremos mentes pensantes, queremos mentes que acaten, pensa o goberno municipal.<\/p>\n\n\n\n<p>Isto todo ten que ver cos n\u00fameros? Cuestionarase o lector. Pois si. Ten que ver e moito.<\/p>\n\n\n\n<p>Se a esquerda marinense,neste caso o BNG, porque o PSOE non se sabe onde est\u00e1 e proba dela foi o seu voto activo para reducir a presenza do BNG nos \u00f3rganos municipais e sobrerrepresentar ao PP (v\u00e9xase o acontecido na constituci\u00f3n das comisi\u00f3ns informativas), pero como dic\u00edamos benquerido lector, se a esquerda real quere acceder a alcald\u00eda, debe observar os datos de participaci\u00f3n. A consecuencia de alonxar \u00e1 cidadan\u00eda marinense da pol\u00edtica real e do d\u00eda a d\u00eda, e que a porcentaxe de participaci\u00f3n nas elecci\u00f3ns municipais supera por pouco o cincuenta por cento. Por tanto hai un segmento de poboaci\u00f3n inmenso que entende que a pol\u00edtica municipal nin lle vai nin lle afecta.<\/p>\n\n\n\n<p>Toca axitar pois a eses segmentos, incorporalos, act\u00edvalos e sobre todo darlles a proba de que si lles afecta a pol\u00edtica municipal.<\/p>\n\n\n\n<p>Non vai haber trasvase de votos, d\u00e9bese traballar para sacar da abstenci\u00f3n a toda esa cidadan\u00eda que despois si vai votar cando hai elecci\u00f3ns no Estado ou ao parlamento galego. Estamos a falar de vinte puntos porcentuais de diferencia entre un proceso electoral e os outros.<\/p>\n\n\n\n<p>A\u00ed a xuventude xoga un papel crucial, porque est\u00e1 a ser ese o sector m\u00e1is abstencionista nas elecci\u00f3ns municipais.<\/p>\n\n\n\n<p>Ollo ao piollo.<\/p>\n\n\n\n<p>Sacar a 1000 persoas do abstencionismo mudao todo.<\/p>\n\n\n\n<p>Sacar a un 4% da poboaci\u00f3n de Mar\u00edn da casa e da calma catastr\u00f3fica \u00e9 o principio do final para eles. \u00c9 a sa\u00edda cara a luz para n\u00f3s.<\/p>\n\n\n\n<p>A an\u00e1lise de como facelo quedar\u00e1 para outra entrega.<\/p>\n","protected":false},"excerpt":{"rendered":"<div class=\"mh-excerpt\"><p>Mar\u00edn sae dunhas elecci\u00f3ns municipais recentes e da constituci\u00f3n dunha nova corporaci\u00f3n. Pasados os primeiros cen d\u00edas c\u00f3mpre analizarmos o acontecido ata hoxe pero por riba de todo planificar a seguinte batalla que ter\u00e1 lugar no 2027, e non, non queda tan lonxe <a class=\"mh-excerpt-more\" href=\"https:\/\/www.anovapeneira.gal\/index.php\/2023\/11\/03\/apuntamentos-para-o-2027-i\/\" title=\"Apuntamentos para o 2027 (I)\">[&#8230;]<\/a><\/p>\n<\/div>","protected":false},"author":23,"featured_media":584,"comment_status":"open","ping_status":"open","sticky":false,"template":"","format":"standard","meta":{"_exactmetrics_skip_tracking":false,"_exactmetrics_sitenote_active":false,"_exactmetrics_sitenote_note":"","_exactmetrics_sitenote_category":0,"footnotes":""},"categories":[7],"tags":[144],"class_list":{"0":"post-10694","1":"post","2":"type-post","3":"status-publish","4":"format-standard","5":"has-post-thumbnail","7":"category-artigos-de-opinion","8":"tag-concello-de-marin"},"yoast_head":"<!-- This site is optimized with the Yoast SEO plugin v27.4 - https:\/\/yoast.com\/product\/yoast-seo-wordpress\/ -->\n<title>Apuntamentos para o 2027 (I) -<\/title>\n<meta name=\"description\" content=\"Mar\u00edn sae dunhas elecci\u00f3ns municipais recentes e da constituci\u00f3n dunha nova corporaci\u00f3n. Pasados os primeiros cen d\u00edas c\u00f3mpre analizarmos o acontecido ata hoxe pero por riba de todo planificar a seguinte batalla que ter\u00e1 lugar no 2027, e non, non queda tan lonxe\" \/>\n<meta name=\"robots\" content=\"index, follow, max-snippet:-1, max-image-preview:large, max-video-preview:-1\" \/>\n<link rel=\"canonical\" href=\"https:\/\/www.anovapeneira.gal\/index.php\/2023\/11\/03\/apuntamentos-para-o-2027-i\/\" \/>\n<meta property=\"og:locale\" content=\"gl_ES\" \/>\n<meta property=\"og:type\" content=\"article\" \/>\n<meta property=\"og:title\" content=\"Apuntamentos para o 2027 (I) -\" \/>\n<meta property=\"og:description\" content=\"Mar\u00edn sae dunhas elecci\u00f3ns municipais recentes e da constituci\u00f3n dunha nova corporaci\u00f3n. Pasados os primeiros cen d\u00edas c\u00f3mpre analizarmos o acontecido ata hoxe pero por riba de todo planificar a seguinte batalla que ter\u00e1 lugar no 2027, e non, non queda tan lonxe\" \/>\n<meta property=\"og:url\" content=\"https:\/\/www.anovapeneira.gal\/index.php\/2023\/11\/03\/apuntamentos-para-o-2027-i\/\" \/>\n<meta property=\"article:publisher\" content=\"https:\/\/www.facebook.com\/anovapeneira\" \/>\n<meta property=\"article:published_time\" content=\"2023-11-03T11:00:55+00:00\" \/>\n<meta property=\"og:image\" content=\"https:\/\/www.anovapeneira.gal\/wp-content\/uploads\/2019\/07\/ARTIGO_DE_OPINION_A_NOVA_PENEIRA.jpg\" \/>\n\t<meta property=\"og:image:width\" content=\"720\" \/>\n\t<meta property=\"og:image:height\" content=\"473\" \/>\n\t<meta property=\"og:image:type\" content=\"image\/jpeg\" \/>\n<meta name=\"author\" content=\"Aar\u00f3n Franco\" \/>\n<meta name=\"twitter:card\" content=\"summary_large_image\" \/>\n<meta name=\"twitter:image\" content=\"https:\/\/www.anovapeneira.gal\/wp-content\/uploads\/2019\/07\/ARTIGO_DE_OPINION_A_NOVA_PENEIRA.jpg\" \/>\n<meta name=\"twitter:creator\" content=\"@APeneira\" \/>\n<meta name=\"twitter:site\" content=\"@APeneira\" \/>\n<meta name=\"twitter:label1\" content=\"Escrito por\" \/>\n\t<meta name=\"twitter:data1\" content=\"Aar\u00f3n Franco\" \/>\n\t<meta name=\"twitter:label2\" content=\"Tempo de lectura\" \/>\n\t<meta name=\"twitter:data2\" content=\"4 minutos\" \/>\n<script type=\"application\/ld+json\" class=\"yoast-schema-graph\">{\"@context\":\"https:\\\/\\\/schema.org\",\"@graph\":[{\"@type\":\"Article\",\"@id\":\"https:\\\/\\\/www.anovapeneira.gal\\\/index.php\\\/2023\\\/11\\\/03\\\/apuntamentos-para-o-2027-i\\\/#article\",\"isPartOf\":{\"@id\":\"https:\\\/\\\/www.anovapeneira.gal\\\/index.php\\\/2023\\\/11\\\/03\\\/apuntamentos-para-o-2027-i\\\/\"},\"author\":{\"name\":\"Aar\u00f3n Franco\",\"@id\":\"https:\\\/\\\/www.anovapeneira.gal\\\/#\\\/schema\\\/person\\\/a907e49c1885c12d6f281770afd68766\"},\"headline\":\"Apuntamentos para o 2027 (I)\",\"datePublished\":\"2023-11-03T11:00:55+00:00\",\"mainEntityOfPage\":{\"@id\":\"https:\\\/\\\/www.anovapeneira.gal\\\/index.php\\\/2023\\\/11\\\/03\\\/apuntamentos-para-o-2027-i\\\/\"},\"wordCount\":681,\"commentCount\":0,\"publisher\":{\"@id\":\"https:\\\/\\\/www.anovapeneira.gal\\\/#organization\"},\"image\":{\"@id\":\"https:\\\/\\\/www.anovapeneira.gal\\\/index.php\\\/2023\\\/11\\\/03\\\/apuntamentos-para-o-2027-i\\\/#primaryimage\"},\"thumbnailUrl\":\"https:\\\/\\\/www.anovapeneira.gal\\\/wp-content\\\/uploads\\\/2019\\\/07\\\/ARTIGO_DE_OPINION_A_NOVA_PENEIRA.jpg\",\"keywords\":[\"Concello de Mar\u00edn\"],\"articleSection\":[\"Artigos de opini\u00f3n\"],\"inLanguage\":\"gl-ES\",\"potentialAction\":[{\"@type\":\"CommentAction\",\"name\":\"Comment\",\"target\":[\"https:\\\/\\\/www.anovapeneira.gal\\\/index.php\\\/2023\\\/11\\\/03\\\/apuntamentos-para-o-2027-i\\\/#respond\"]}]},{\"@type\":\"WebPage\",\"@id\":\"https:\\\/\\\/www.anovapeneira.gal\\\/index.php\\\/2023\\\/11\\\/03\\\/apuntamentos-para-o-2027-i\\\/\",\"url\":\"https:\\\/\\\/www.anovapeneira.gal\\\/index.php\\\/2023\\\/11\\\/03\\\/apuntamentos-para-o-2027-i\\\/\",\"name\":\"Apuntamentos para o 2027 (I) -\",\"isPartOf\":{\"@id\":\"https:\\\/\\\/www.anovapeneira.gal\\\/#website\"},\"primaryImageOfPage\":{\"@id\":\"https:\\\/\\\/www.anovapeneira.gal\\\/index.php\\\/2023\\\/11\\\/03\\\/apuntamentos-para-o-2027-i\\\/#primaryimage\"},\"image\":{\"@id\":\"https:\\\/\\\/www.anovapeneira.gal\\\/index.php\\\/2023\\\/11\\\/03\\\/apuntamentos-para-o-2027-i\\\/#primaryimage\"},\"thumbnailUrl\":\"https:\\\/\\\/www.anovapeneira.gal\\\/wp-content\\\/uploads\\\/2019\\\/07\\\/ARTIGO_DE_OPINION_A_NOVA_PENEIRA.jpg\",\"datePublished\":\"2023-11-03T11:00:55+00:00\",\"description\":\"Mar\u00edn sae dunhas elecci\u00f3ns municipais recentes e da constituci\u00f3n dunha nova corporaci\u00f3n. Pasados os primeiros cen d\u00edas c\u00f3mpre analizarmos o acontecido ata hoxe pero por riba de todo planificar a seguinte batalla que ter\u00e1 lugar no 2027, e non, non queda tan lonxe\",\"breadcrumb\":{\"@id\":\"https:\\\/\\\/www.anovapeneira.gal\\\/index.php\\\/2023\\\/11\\\/03\\\/apuntamentos-para-o-2027-i\\\/#breadcrumb\"},\"inLanguage\":\"gl-ES\",\"potentialAction\":[{\"@type\":\"ReadAction\",\"target\":[\"https:\\\/\\\/www.anovapeneira.gal\\\/index.php\\\/2023\\\/11\\\/03\\\/apuntamentos-para-o-2027-i\\\/\"]}]},{\"@type\":\"ImageObject\",\"inLanguage\":\"gl-ES\",\"@id\":\"https:\\\/\\\/www.anovapeneira.gal\\\/index.php\\\/2023\\\/11\\\/03\\\/apuntamentos-para-o-2027-i\\\/#primaryimage\",\"url\":\"https:\\\/\\\/www.anovapeneira.gal\\\/wp-content\\\/uploads\\\/2019\\\/07\\\/ARTIGO_DE_OPINION_A_NOVA_PENEIRA.jpg\",\"contentUrl\":\"https:\\\/\\\/www.anovapeneira.gal\\\/wp-content\\\/uploads\\\/2019\\\/07\\\/ARTIGO_DE_OPINION_A_NOVA_PENEIRA.jpg\",\"width\":720,\"height\":473,\"caption\":\"Artigo de opini\u00f3n A Nova Peneira\"},{\"@type\":\"BreadcrumbList\",\"@id\":\"https:\\\/\\\/www.anovapeneira.gal\\\/index.php\\\/2023\\\/11\\\/03\\\/apuntamentos-para-o-2027-i\\\/#breadcrumb\",\"itemListElement\":[{\"@type\":\"ListItem\",\"position\":1,\"name\":\"Portada\",\"item\":\"https:\\\/\\\/www.anovapeneira.gal\\\/\"},{\"@type\":\"ListItem\",\"position\":2,\"name\":\"Apuntamentos para o 2027 (I)\"}]},{\"@type\":\"WebSite\",\"@id\":\"https:\\\/\\\/www.anovapeneira.gal\\\/#website\",\"url\":\"https:\\\/\\\/www.anovapeneira.gal\\\/\",\"name\":\"\",\"description\":\"Xornal galego de informaci\u00f3n xeral Publicaci\u00f3n mensual de novas de Galicia e en especial dos Concellos da sur da provincia de Pontevedra.\",\"publisher\":{\"@id\":\"https:\\\/\\\/www.anovapeneira.gal\\\/#organization\"},\"potentialAction\":[{\"@type\":\"SearchAction\",\"target\":{\"@type\":\"EntryPoint\",\"urlTemplate\":\"https:\\\/\\\/www.anovapeneira.gal\\\/?s={search_term_string}\"},\"query-input\":{\"@type\":\"PropertyValueSpecification\",\"valueRequired\":true,\"valueName\":\"search_term_string\"}}],\"inLanguage\":\"gl-ES\"},{\"@type\":\"Organization\",\"@id\":\"https:\\\/\\\/www.anovapeneira.gal\\\/#organization\",\"name\":\"A Nova Peneira\",\"url\":\"https:\\\/\\\/www.anovapeneira.gal\\\/\",\"logo\":{\"@type\":\"ImageObject\",\"inLanguage\":\"gl-ES\",\"@id\":\"https:\\\/\\\/www.anovapeneira.gal\\\/#\\\/schema\\\/logo\\\/image\\\/\",\"url\":\"http:\\\/\\\/www.anovapeneira.gal\\\/wp-content\\\/uploads\\\/2019\\\/06\\\/logo_a_nova_peneira_portal_web.png\",\"contentUrl\":\"http:\\\/\\\/www.anovapeneira.gal\\\/wp-content\\\/uploads\\\/2019\\\/06\\\/logo_a_nova_peneira_portal_web.png\",\"width\":300,\"height\":100,\"caption\":\"A Nova Peneira\"},\"image\":{\"@id\":\"https:\\\/\\\/www.anovapeneira.gal\\\/#\\\/schema\\\/logo\\\/image\\\/\"},\"sameAs\":[\"https:\\\/\\\/www.facebook.com\\\/anovapeneira\",\"https:\\\/\\\/x.com\\\/APeneira\"]},{\"@type\":\"Person\",\"@id\":\"https:\\\/\\\/www.anovapeneira.gal\\\/#\\\/schema\\\/person\\\/a907e49c1885c12d6f281770afd68766\",\"name\":\"Aar\u00f3n Franco\",\"image\":{\"@type\":\"ImageObject\",\"inLanguage\":\"gl-ES\",\"@id\":\"https:\\\/\\\/secure.gravatar.com\\\/avatar\\\/82f0614fe09ae3f066983f8d670d0ff15a0917fefe52b93ffa425275b87d6102?s=96&d=mm&r=g\",\"url\":\"https:\\\/\\\/secure.gravatar.com\\\/avatar\\\/82f0614fe09ae3f066983f8d670d0ff15a0917fefe52b93ffa425275b87d6102?s=96&d=mm&r=g\",\"contentUrl\":\"https:\\\/\\\/secure.gravatar.com\\\/avatar\\\/82f0614fe09ae3f066983f8d670d0ff15a0917fefe52b93ffa425275b87d6102?s=96&d=mm&r=g\",\"caption\":\"Aar\u00f3n Franco\"},\"sameAs\":[\"http:\\\/\\\/www.anovapeneira.gal\\\/\"],\"url\":\"https:\\\/\\\/www.anovapeneira.gal\\\/index.php\\\/author\\\/aaron-franco\\\/\"}]}<\/script>\n<!-- \/ Yoast SEO plugin. -->","yoast_head_json":{"title":"Apuntamentos para o 2027 (I) -","description":"Mar\u00edn sae dunhas elecci\u00f3ns municipais recentes e da constituci\u00f3n dunha nova corporaci\u00f3n. Pasados os primeiros cen d\u00edas c\u00f3mpre analizarmos o acontecido ata hoxe pero por riba de todo planificar a seguinte batalla que ter\u00e1 lugar no 2027, e non, non queda tan lonxe","robots":{"index":"index","follow":"follow","max-snippet":"max-snippet:-1","max-image-preview":"max-image-preview:large","max-video-preview":"max-video-preview:-1"},"canonical":"https:\/\/www.anovapeneira.gal\/index.php\/2023\/11\/03\/apuntamentos-para-o-2027-i\/","og_locale":"gl_ES","og_type":"article","og_title":"Apuntamentos para o 2027 (I) -","og_description":"Mar\u00edn sae dunhas elecci\u00f3ns municipais recentes e da constituci\u00f3n dunha nova corporaci\u00f3n. Pasados os primeiros cen d\u00edas c\u00f3mpre analizarmos o acontecido ata hoxe pero por riba de todo planificar a seguinte batalla que ter\u00e1 lugar no 2027, e non, non queda tan lonxe","og_url":"https:\/\/www.anovapeneira.gal\/index.php\/2023\/11\/03\/apuntamentos-para-o-2027-i\/","article_publisher":"https:\/\/www.facebook.com\/anovapeneira","article_published_time":"2023-11-03T11:00:55+00:00","og_image":[{"width":720,"height":473,"url":"https:\/\/www.anovapeneira.gal\/wp-content\/uploads\/2019\/07\/ARTIGO_DE_OPINION_A_NOVA_PENEIRA.jpg","type":"image\/jpeg"}],"author":"Aar\u00f3n Franco","twitter_card":"summary_large_image","twitter_image":"https:\/\/www.anovapeneira.gal\/wp-content\/uploads\/2019\/07\/ARTIGO_DE_OPINION_A_NOVA_PENEIRA.jpg","twitter_creator":"@APeneira","twitter_site":"@APeneira","twitter_misc":{"Escrito por":"Aar\u00f3n Franco","Tempo de lectura":"4 minutos"},"schema":{"@context":"https:\/\/schema.org","@graph":[{"@type":"Article","@id":"https:\/\/www.anovapeneira.gal\/index.php\/2023\/11\/03\/apuntamentos-para-o-2027-i\/#article","isPartOf":{"@id":"https:\/\/www.anovapeneira.gal\/index.php\/2023\/11\/03\/apuntamentos-para-o-2027-i\/"},"author":{"name":"Aar\u00f3n Franco","@id":"https:\/\/www.anovapeneira.gal\/#\/schema\/person\/a907e49c1885c12d6f281770afd68766"},"headline":"Apuntamentos para o 2027 (I)","datePublished":"2023-11-03T11:00:55+00:00","mainEntityOfPage":{"@id":"https:\/\/www.anovapeneira.gal\/index.php\/2023\/11\/03\/apuntamentos-para-o-2027-i\/"},"wordCount":681,"commentCount":0,"publisher":{"@id":"https:\/\/www.anovapeneira.gal\/#organization"},"image":{"@id":"https:\/\/www.anovapeneira.gal\/index.php\/2023\/11\/03\/apuntamentos-para-o-2027-i\/#primaryimage"},"thumbnailUrl":"https:\/\/www.anovapeneira.gal\/wp-content\/uploads\/2019\/07\/ARTIGO_DE_OPINION_A_NOVA_PENEIRA.jpg","keywords":["Concello de Mar\u00edn"],"articleSection":["Artigos de opini\u00f3n"],"inLanguage":"gl-ES","potentialAction":[{"@type":"CommentAction","name":"Comment","target":["https:\/\/www.anovapeneira.gal\/index.php\/2023\/11\/03\/apuntamentos-para-o-2027-i\/#respond"]}]},{"@type":"WebPage","@id":"https:\/\/www.anovapeneira.gal\/index.php\/2023\/11\/03\/apuntamentos-para-o-2027-i\/","url":"https:\/\/www.anovapeneira.gal\/index.php\/2023\/11\/03\/apuntamentos-para-o-2027-i\/","name":"Apuntamentos para o 2027 (I) -","isPartOf":{"@id":"https:\/\/www.anovapeneira.gal\/#website"},"primaryImageOfPage":{"@id":"https:\/\/www.anovapeneira.gal\/index.php\/2023\/11\/03\/apuntamentos-para-o-2027-i\/#primaryimage"},"image":{"@id":"https:\/\/www.anovapeneira.gal\/index.php\/2023\/11\/03\/apuntamentos-para-o-2027-i\/#primaryimage"},"thumbnailUrl":"https:\/\/www.anovapeneira.gal\/wp-content\/uploads\/2019\/07\/ARTIGO_DE_OPINION_A_NOVA_PENEIRA.jpg","datePublished":"2023-11-03T11:00:55+00:00","description":"Mar\u00edn sae dunhas elecci\u00f3ns municipais recentes e da constituci\u00f3n dunha nova corporaci\u00f3n. Pasados os primeiros cen d\u00edas c\u00f3mpre analizarmos o acontecido ata hoxe pero por riba de todo planificar a seguinte batalla que ter\u00e1 lugar no 2027, e non, non queda tan lonxe","breadcrumb":{"@id":"https:\/\/www.anovapeneira.gal\/index.php\/2023\/11\/03\/apuntamentos-para-o-2027-i\/#breadcrumb"},"inLanguage":"gl-ES","potentialAction":[{"@type":"ReadAction","target":["https:\/\/www.anovapeneira.gal\/index.php\/2023\/11\/03\/apuntamentos-para-o-2027-i\/"]}]},{"@type":"ImageObject","inLanguage":"gl-ES","@id":"https:\/\/www.anovapeneira.gal\/index.php\/2023\/11\/03\/apuntamentos-para-o-2027-i\/#primaryimage","url":"https:\/\/www.anovapeneira.gal\/wp-content\/uploads\/2019\/07\/ARTIGO_DE_OPINION_A_NOVA_PENEIRA.jpg","contentUrl":"https:\/\/www.anovapeneira.gal\/wp-content\/uploads\/2019\/07\/ARTIGO_DE_OPINION_A_NOVA_PENEIRA.jpg","width":720,"height":473,"caption":"Artigo de opini\u00f3n A Nova Peneira"},{"@type":"BreadcrumbList","@id":"https:\/\/www.anovapeneira.gal\/index.php\/2023\/11\/03\/apuntamentos-para-o-2027-i\/#breadcrumb","itemListElement":[{"@type":"ListItem","position":1,"name":"Portada","item":"https:\/\/www.anovapeneira.gal\/"},{"@type":"ListItem","position":2,"name":"Apuntamentos para o 2027 (I)"}]},{"@type":"WebSite","@id":"https:\/\/www.anovapeneira.gal\/#website","url":"https:\/\/www.anovapeneira.gal\/","name":"","description":"Xornal galego de informaci\u00f3n xeral Publicaci\u00f3n mensual de novas de Galicia e en especial dos Concellos da sur da provincia de Pontevedra.","publisher":{"@id":"https:\/\/www.anovapeneira.gal\/#organization"},"potentialAction":[{"@type":"SearchAction","target":{"@type":"EntryPoint","urlTemplate":"https:\/\/www.anovapeneira.gal\/?s={search_term_string}"},"query-input":{"@type":"PropertyValueSpecification","valueRequired":true,"valueName":"search_term_string"}}],"inLanguage":"gl-ES"},{"@type":"Organization","@id":"https:\/\/www.anovapeneira.gal\/#organization","name":"A Nova Peneira","url":"https:\/\/www.anovapeneira.gal\/","logo":{"@type":"ImageObject","inLanguage":"gl-ES","@id":"https:\/\/www.anovapeneira.gal\/#\/schema\/logo\/image\/","url":"http:\/\/www.anovapeneira.gal\/wp-content\/uploads\/2019\/06\/logo_a_nova_peneira_portal_web.png","contentUrl":"http:\/\/www.anovapeneira.gal\/wp-content\/uploads\/2019\/06\/logo_a_nova_peneira_portal_web.png","width":300,"height":100,"caption":"A Nova Peneira"},"image":{"@id":"https:\/\/www.anovapeneira.gal\/#\/schema\/logo\/image\/"},"sameAs":["https:\/\/www.facebook.com\/anovapeneira","https:\/\/x.com\/APeneira"]},{"@type":"Person","@id":"https:\/\/www.anovapeneira.gal\/#\/schema\/person\/a907e49c1885c12d6f281770afd68766","name":"Aar\u00f3n Franco","image":{"@type":"ImageObject","inLanguage":"gl-ES","@id":"https:\/\/secure.gravatar.com\/avatar\/82f0614fe09ae3f066983f8d670d0ff15a0917fefe52b93ffa425275b87d6102?s=96&d=mm&r=g","url":"https:\/\/secure.gravatar.com\/avatar\/82f0614fe09ae3f066983f8d670d0ff15a0917fefe52b93ffa425275b87d6102?s=96&d=mm&r=g","contentUrl":"https:\/\/secure.gravatar.com\/avatar\/82f0614fe09ae3f066983f8d670d0ff15a0917fefe52b93ffa425275b87d6102?s=96&d=mm&r=g","caption":"Aar\u00f3n Franco"},"sameAs":["http:\/\/www.anovapeneira.gal\/"],"url":"https:\/\/www.anovapeneira.gal\/index.php\/author\/aaron-franco\/"}]}},"jetpack_featured_media_url":"https:\/\/www.anovapeneira.gal\/wp-content\/uploads\/2019\/07\/ARTIGO_DE_OPINION_A_NOVA_PENEIRA.jpg","_links":{"self":[{"href":"https:\/\/www.anovapeneira.gal\/index.php\/wp-json\/wp\/v2\/posts\/10694","targetHints":{"allow":["GET"]}}],"collection":[{"href":"https:\/\/www.anovapeneira.gal\/index.php\/wp-json\/wp\/v2\/posts"}],"about":[{"href":"https:\/\/www.anovapeneira.gal\/index.php\/wp-json\/wp\/v2\/types\/post"}],"author":[{"embeddable":true,"href":"https:\/\/www.anovapeneira.gal\/index.php\/wp-json\/wp\/v2\/users\/23"}],"replies":[{"embeddable":true,"href":"https:\/\/www.anovapeneira.gal\/index.php\/wp-json\/wp\/v2\/comments?post=10694"}],"version-history":[{"count":1,"href":"https:\/\/www.anovapeneira.gal\/index.php\/wp-json\/wp\/v2\/posts\/10694\/revisions"}],"predecessor-version":[{"id":10695,"href":"https:\/\/www.anovapeneira.gal\/index.php\/wp-json\/wp\/v2\/posts\/10694\/revisions\/10695"}],"wp:featuredmedia":[{"embeddable":true,"href":"https:\/\/www.anovapeneira.gal\/index.php\/wp-json\/wp\/v2\/media\/584"}],"wp:attachment":[{"href":"https:\/\/www.anovapeneira.gal\/index.php\/wp-json\/wp\/v2\/media?parent=10694"}],"wp:term":[{"taxonomy":"category","embeddable":true,"href":"https:\/\/www.anovapeneira.gal\/index.php\/wp-json\/wp\/v2\/categories?post=10694"},{"taxonomy":"post_tag","embeddable":true,"href":"https:\/\/www.anovapeneira.gal\/index.php\/wp-json\/wp\/v2\/tags?post=10694"}],"curies":[{"name":"wp","href":"https:\/\/api.w.org\/{rel}","templated":true}]}}