{"id":10698,"date":"2023-11-06T10:00:09","date_gmt":"2023-11-06T09:00:09","guid":{"rendered":"https:\/\/www.anovapeneira.gal\/?p=10698"},"modified":"2023-10-25T09:26:34","modified_gmt":"2023-10-25T07:26:34","slug":"o-alcalde-de-baiona-anula-a-subscricion-deste-concello-a-nova-peneira","status":"publish","type":"post","link":"https:\/\/www.anovapeneira.gal\/index.php\/2023\/11\/06\/o-alcalde-de-baiona-anula-a-subscricion-deste-concello-a-nova-peneira\/","title":{"rendered":"O alcalde de Baiona anula a subscrici\u00f3n deste concello \u00e1 Nova Peneira"},"content":{"rendered":"\n<p>O cami\u00f1o de A Nova Peneira e o meu cruz\u00e1ronse en maio do ano 2013.Ese mesmo ano fun ata o concello de Baiona, igual que aos 33 restantes da nosa \u00e1rea de influencia, a solicitar unha entrevista co seu alcalde, naquel momento Jes\u00fas V\u00e1zquez Almu\u00ed\u00f1a do PP. A resposta foi pedirme o tel\u00e9fono e un \u201c xa te chamamos n\u00f3s\u201d.A chamada nunca se produciu. No ano 2015 Baiona cambiou de alcalde , pero non de forza de goberno, \u00c1ngel Rodal do PP foi escollido nas municipais dese ano. De novo achegueime ata o concello a solicitar unha entrevista co alcalde e de novo a resposta foi id\u00e9ntica \u201c xa te chamamos n\u00f3s\u201d. A chamada tampouco se produciu esta vez. En consecuencia entre os anos 2013 e 2019 aos nosos lectores e lectoras foilles imposible co\u00f1ecer a opini\u00f3n do alcalde de Baiona nas nosas p\u00e1xinas porque non quixeron falar con n\u00f3s.<\/p>\n\n\n\n<p>No 2019 o socialista Carlos V\u00e1zquez chegou \u00e1 alcald\u00eda desta vila. Sempre nos atendeu con amabilidade exquisita, os catro anos do seu mandato, e asemade subscribiu ao Concello \u00e1 nosa publicaci\u00f3n como tam\u00e9n est\u00e1n subscritos os outros dous concellos do Val Mi\u00f1or.<\/p>\n\n\n\n<p>En Maio deste ano o PP recupera a alcald\u00eda de Baiona na persoa do ex conselleiro de Sanidade e ex alcalde Almu\u00ed\u00f1a. De novo solicitei unha entrevista con quen os veci\u00f1os e veci\u00f1as de Baiona decidiron que fora o seu alcalde e novamente Ohhh vaia sorpresa: \u201c Xa te chamamos n\u00f3s\u201d..Non me chamaron para a entrevista pero si para comunicarme a anulaci\u00f3n da subscrici\u00f3n \u00e1 nosa publicaci\u00f3n, segundo me dixo o funcionario que se comunicou comigo \u201c di o alcalde que se anula porque estamos mal de cartos\u201d. A subscrici\u00f3n ten un custe anual para o Concello de 60,50\u20ac , 50\u20ac +IVE ao ano&#8230;Al\u00e9n do boicot a un medio que ten unha li\u00f1a editorial diferente ins\u00faltanos cunha escusa nivel neno de tres anos.<\/p>\n\n\n\n<p>A verdade non foi ningunha sorpresa, esper\u00e1bamo. Ese \u00e9 o modus operandi caracter\u00edstico do PP: bipolarizar \u00e1 sociedade en amigos e inimigos e s\u00f3 atender \u00e1 parte da sociedade que identifica como amigos. O PP representa o cancro que ven sufrindo Galicia desde a noite dos tempos: o nepotismo. De feito son os seus axentes comerciais. S\u00f3 ser\u00e1 posible vivir nunha democracia real, cando o que representa esa forma de entender a xesti\u00f3n dos recursos p\u00fablicos sexa derrotada de maneira abafadora nas urnas para sempre xamais.<\/p>\n","protected":false},"excerpt":{"rendered":"<div class=\"mh-excerpt\"><p>O cami\u00f1o de A Nova Peneira e o meu cruz\u00e1ronse en maio do ano 2013.Ese mesmo ano fun ata o concello de Baiona, igual que aos 33 restantes da nosa \u00e1rea de influencia, a solicitar unha entrevista co seu alcalde, naquel momento Jes\u00fas V\u00e1zquez Almu\u00ed\u00f1a do PP. <a class=\"mh-excerpt-more\" href=\"https:\/\/www.anovapeneira.gal\/index.php\/2023\/11\/06\/o-alcalde-de-baiona-anula-a-subscricion-deste-concello-a-nova-peneira\/\" title=\"O alcalde de Baiona anula a subscrici\u00f3n deste concello \u00e1 Nova Peneira\">[&#8230;]<\/a><\/p>\n<\/div>","protected":false},"author":2,"featured_media":10699,"comment_status":"open","ping_status":"open","sticky":false,"template":"","format":"standard","meta":{"_exactmetrics_skip_tracking":false,"_exactmetrics_sitenote_active":false,"_exactmetrics_sitenote_note":"","_exactmetrics_sitenote_category":0,"footnotes":""},"categories":[20],"tags":[664],"class_list":{"0":"post-10698","1":"post","2":"type-post","3":"status-publish","4":"format-standard","5":"has-post-thumbnail","7":"category-val-minor","8":"tag-concello-de-baiona"},"yoast_head":"<!-- This site is optimized with the Yoast SEO plugin v27.4 - https:\/\/yoast.com\/product\/yoast-seo-wordpress\/ -->\n<title>O alcalde de Baiona anula a subscrici\u00f3n deste concello \u00e1 Nova Peneira -<\/title>\n<meta name=\"description\" content=\"O cami\u00f1o de A Nova Peneira e o meu cruz\u00e1ronse en maio do ano 2013.Ese mesmo ano fun ata o concello de Baiona, igual que aos 33 restantes da nosa \u00e1rea de influencia, a solicitar unha entrevista co seu alcalde, naquel momento Jes\u00fas V\u00e1zquez Almu\u00ed\u00f1a do PP.\" \/>\n<meta name=\"robots\" content=\"index, follow, max-snippet:-1, max-image-preview:large, max-video-preview:-1\" \/>\n<link rel=\"canonical\" href=\"https:\/\/www.anovapeneira.gal\/index.php\/2023\/11\/06\/o-alcalde-de-baiona-anula-a-subscricion-deste-concello-a-nova-peneira\/\" \/>\n<meta property=\"og:locale\" content=\"gl_ES\" \/>\n<meta property=\"og:type\" content=\"article\" \/>\n<meta property=\"og:title\" content=\"O alcalde de Baiona anula a subscrici\u00f3n deste concello \u00e1 Nova Peneira -\" \/>\n<meta property=\"og:description\" content=\"O cami\u00f1o de A Nova Peneira e o meu cruz\u00e1ronse en maio do ano 2013.Ese mesmo ano fun ata o concello de Baiona, igual que aos 33 restantes da nosa \u00e1rea de influencia, a solicitar unha entrevista co seu alcalde, naquel momento Jes\u00fas V\u00e1zquez Almu\u00ed\u00f1a do PP.\" \/>\n<meta property=\"og:url\" content=\"https:\/\/www.anovapeneira.gal\/index.php\/2023\/11\/06\/o-alcalde-de-baiona-anula-a-subscricion-deste-concello-a-nova-peneira\/\" \/>\n<meta property=\"article:publisher\" content=\"https:\/\/www.facebook.com\/anovapeneira\" \/>\n<meta property=\"article:published_time\" content=\"2023-11-06T09:00:09+00:00\" \/>\n<meta property=\"og:image\" content=\"https:\/\/www.anovapeneira.gal\/wp-content\/uploads\/2023\/10\/Jesus_Vazquez_almuina.webp\" \/>\n\t<meta property=\"og:image:width\" content=\"720\" \/>\n\t<meta property=\"og:image:height\" content=\"432\" \/>\n\t<meta property=\"og:image:type\" content=\"image\/webp\" \/>\n<meta name=\"author\" content=\"Tino Lago\" \/>\n<meta name=\"twitter:card\" content=\"summary_large_image\" \/>\n<meta name=\"twitter:creator\" content=\"@APeneira\" \/>\n<meta name=\"twitter:site\" content=\"@APeneira\" \/>\n<meta name=\"twitter:label1\" content=\"Escrito por\" \/>\n\t<meta name=\"twitter:data1\" content=\"Tino Lago\" \/>\n\t<meta name=\"twitter:label2\" content=\"Tempo de lectura\" \/>\n\t<meta name=\"twitter:data2\" content=\"3 minutos\" \/>\n<script type=\"application\/ld+json\" class=\"yoast-schema-graph\">{\"@context\":\"https:\\\/\\\/schema.org\",\"@graph\":[{\"@type\":\"Article\",\"@id\":\"https:\\\/\\\/www.anovapeneira.gal\\\/index.php\\\/2023\\\/11\\\/06\\\/o-alcalde-de-baiona-anula-a-subscricion-deste-concello-a-nova-peneira\\\/#article\",\"isPartOf\":{\"@id\":\"https:\\\/\\\/www.anovapeneira.gal\\\/index.php\\\/2023\\\/11\\\/06\\\/o-alcalde-de-baiona-anula-a-subscricion-deste-concello-a-nova-peneira\\\/\"},\"author\":{\"name\":\"Tino Lago\",\"@id\":\"https:\\\/\\\/www.anovapeneira.gal\\\/#\\\/schema\\\/person\\\/424dfe65e3070fd8a44d22d2c088762a\"},\"headline\":\"O alcalde de Baiona anula a subscrici\u00f3n deste concello \u00e1 Nova Peneira\",\"datePublished\":\"2023-11-06T09:00:09+00:00\",\"mainEntityOfPage\":{\"@id\":\"https:\\\/\\\/www.anovapeneira.gal\\\/index.php\\\/2023\\\/11\\\/06\\\/o-alcalde-de-baiona-anula-a-subscricion-deste-concello-a-nova-peneira\\\/\"},\"wordCount\":432,\"commentCount\":0,\"publisher\":{\"@id\":\"https:\\\/\\\/www.anovapeneira.gal\\\/#organization\"},\"image\":{\"@id\":\"https:\\\/\\\/www.anovapeneira.gal\\\/index.php\\\/2023\\\/11\\\/06\\\/o-alcalde-de-baiona-anula-a-subscricion-deste-concello-a-nova-peneira\\\/#primaryimage\"},\"thumbnailUrl\":\"https:\\\/\\\/www.anovapeneira.gal\\\/wp-content\\\/uploads\\\/2023\\\/10\\\/Jesus_Vazquez_almuina.webp\",\"keywords\":[\"Concello de Baiona\"],\"articleSection\":[\"Val Mi\u00f1or\"],\"inLanguage\":\"gl-ES\",\"potentialAction\":[{\"@type\":\"CommentAction\",\"name\":\"Comment\",\"target\":[\"https:\\\/\\\/www.anovapeneira.gal\\\/index.php\\\/2023\\\/11\\\/06\\\/o-alcalde-de-baiona-anula-a-subscricion-deste-concello-a-nova-peneira\\\/#respond\"]}]},{\"@type\":\"WebPage\",\"@id\":\"https:\\\/\\\/www.anovapeneira.gal\\\/index.php\\\/2023\\\/11\\\/06\\\/o-alcalde-de-baiona-anula-a-subscricion-deste-concello-a-nova-peneira\\\/\",\"url\":\"https:\\\/\\\/www.anovapeneira.gal\\\/index.php\\\/2023\\\/11\\\/06\\\/o-alcalde-de-baiona-anula-a-subscricion-deste-concello-a-nova-peneira\\\/\",\"name\":\"O alcalde de Baiona anula a subscrici\u00f3n deste concello \u00e1 Nova Peneira -\",\"isPartOf\":{\"@id\":\"https:\\\/\\\/www.anovapeneira.gal\\\/#website\"},\"primaryImageOfPage\":{\"@id\":\"https:\\\/\\\/www.anovapeneira.gal\\\/index.php\\\/2023\\\/11\\\/06\\\/o-alcalde-de-baiona-anula-a-subscricion-deste-concello-a-nova-peneira\\\/#primaryimage\"},\"image\":{\"@id\":\"https:\\\/\\\/www.anovapeneira.gal\\\/index.php\\\/2023\\\/11\\\/06\\\/o-alcalde-de-baiona-anula-a-subscricion-deste-concello-a-nova-peneira\\\/#primaryimage\"},\"thumbnailUrl\":\"https:\\\/\\\/www.anovapeneira.gal\\\/wp-content\\\/uploads\\\/2023\\\/10\\\/Jesus_Vazquez_almuina.webp\",\"datePublished\":\"2023-11-06T09:00:09+00:00\",\"description\":\"O cami\u00f1o de A Nova Peneira e o meu cruz\u00e1ronse en maio do ano 2013.Ese mesmo ano fun ata o concello de Baiona, igual que aos 33 restantes da nosa \u00e1rea de influencia, a solicitar unha entrevista co seu alcalde, naquel momento Jes\u00fas V\u00e1zquez Almu\u00ed\u00f1a do PP.\",\"breadcrumb\":{\"@id\":\"https:\\\/\\\/www.anovapeneira.gal\\\/index.php\\\/2023\\\/11\\\/06\\\/o-alcalde-de-baiona-anula-a-subscricion-deste-concello-a-nova-peneira\\\/#breadcrumb\"},\"inLanguage\":\"gl-ES\",\"potentialAction\":[{\"@type\":\"ReadAction\",\"target\":[\"https:\\\/\\\/www.anovapeneira.gal\\\/index.php\\\/2023\\\/11\\\/06\\\/o-alcalde-de-baiona-anula-a-subscricion-deste-concello-a-nova-peneira\\\/\"]}]},{\"@type\":\"ImageObject\",\"inLanguage\":\"gl-ES\",\"@id\":\"https:\\\/\\\/www.anovapeneira.gal\\\/index.php\\\/2023\\\/11\\\/06\\\/o-alcalde-de-baiona-anula-a-subscricion-deste-concello-a-nova-peneira\\\/#primaryimage\",\"url\":\"https:\\\/\\\/www.anovapeneira.gal\\\/wp-content\\\/uploads\\\/2023\\\/10\\\/Jesus_Vazquez_almuina.webp\",\"contentUrl\":\"https:\\\/\\\/www.anovapeneira.gal\\\/wp-content\\\/uploads\\\/2023\\\/10\\\/Jesus_Vazquez_almuina.webp\",\"width\":720,\"height\":432,\"caption\":\"Jes\u00fas V\u00e1zquez Almui\u00f1a\"},{\"@type\":\"BreadcrumbList\",\"@id\":\"https:\\\/\\\/www.anovapeneira.gal\\\/index.php\\\/2023\\\/11\\\/06\\\/o-alcalde-de-baiona-anula-a-subscricion-deste-concello-a-nova-peneira\\\/#breadcrumb\",\"itemListElement\":[{\"@type\":\"ListItem\",\"position\":1,\"name\":\"Portada\",\"item\":\"https:\\\/\\\/www.anovapeneira.gal\\\/\"},{\"@type\":\"ListItem\",\"position\":2,\"name\":\"O alcalde de Baiona anula a subscrici\u00f3n deste concello \u00e1 Nova Peneira\"}]},{\"@type\":\"WebSite\",\"@id\":\"https:\\\/\\\/www.anovapeneira.gal\\\/#website\",\"url\":\"https:\\\/\\\/www.anovapeneira.gal\\\/\",\"name\":\"\",\"description\":\"Xornal galego de informaci\u00f3n xeral Publicaci\u00f3n mensual de novas de Galicia e en especial dos Concellos da sur da provincia de Pontevedra.\",\"publisher\":{\"@id\":\"https:\\\/\\\/www.anovapeneira.gal\\\/#organization\"},\"potentialAction\":[{\"@type\":\"SearchAction\",\"target\":{\"@type\":\"EntryPoint\",\"urlTemplate\":\"https:\\\/\\\/www.anovapeneira.gal\\\/?s={search_term_string}\"},\"query-input\":{\"@type\":\"PropertyValueSpecification\",\"valueRequired\":true,\"valueName\":\"search_term_string\"}}],\"inLanguage\":\"gl-ES\"},{\"@type\":\"Organization\",\"@id\":\"https:\\\/\\\/www.anovapeneira.gal\\\/#organization\",\"name\":\"A Nova Peneira\",\"url\":\"https:\\\/\\\/www.anovapeneira.gal\\\/\",\"logo\":{\"@type\":\"ImageObject\",\"inLanguage\":\"gl-ES\",\"@id\":\"https:\\\/\\\/www.anovapeneira.gal\\\/#\\\/schema\\\/logo\\\/image\\\/\",\"url\":\"http:\\\/\\\/www.anovapeneira.gal\\\/wp-content\\\/uploads\\\/2019\\\/06\\\/logo_a_nova_peneira_portal_web.png\",\"contentUrl\":\"http:\\\/\\\/www.anovapeneira.gal\\\/wp-content\\\/uploads\\\/2019\\\/06\\\/logo_a_nova_peneira_portal_web.png\",\"width\":300,\"height\":100,\"caption\":\"A Nova Peneira\"},\"image\":{\"@id\":\"https:\\\/\\\/www.anovapeneira.gal\\\/#\\\/schema\\\/logo\\\/image\\\/\"},\"sameAs\":[\"https:\\\/\\\/www.facebook.com\\\/anovapeneira\",\"https:\\\/\\\/x.com\\\/APeneira\"]},{\"@type\":\"Person\",\"@id\":\"https:\\\/\\\/www.anovapeneira.gal\\\/#\\\/schema\\\/person\\\/424dfe65e3070fd8a44d22d2c088762a\",\"name\":\"Tino Lago\",\"image\":{\"@type\":\"ImageObject\",\"inLanguage\":\"gl-ES\",\"@id\":\"https:\\\/\\\/secure.gravatar.com\\\/avatar\\\/b3df6a06e44bab3111583b90f0f33a0379ee5e3d22cbadd232d39f21c30c62be?s=96&d=mm&r=g\",\"url\":\"https:\\\/\\\/secure.gravatar.com\\\/avatar\\\/b3df6a06e44bab3111583b90f0f33a0379ee5e3d22cbadd232d39f21c30c62be?s=96&d=mm&r=g\",\"contentUrl\":\"https:\\\/\\\/secure.gravatar.com\\\/avatar\\\/b3df6a06e44bab3111583b90f0f33a0379ee5e3d22cbadd232d39f21c30c62be?s=96&d=mm&r=g\",\"caption\":\"Tino Lago\"},\"sameAs\":[\"http:\\\/\\\/www.anovapeneira.gal\"],\"url\":\"https:\\\/\\\/www.anovapeneira.gal\\\/index.php\\\/author\\\/director\\\/\"}]}<\/script>\n<!-- \/ Yoast SEO plugin. -->","yoast_head_json":{"title":"O alcalde de Baiona anula a subscrici\u00f3n deste concello \u00e1 Nova Peneira -","description":"O cami\u00f1o de A Nova Peneira e o meu cruz\u00e1ronse en maio do ano 2013.Ese mesmo ano fun ata o concello de Baiona, igual que aos 33 restantes da nosa \u00e1rea de influencia, a solicitar unha entrevista co seu alcalde, naquel momento Jes\u00fas V\u00e1zquez Almu\u00ed\u00f1a do PP.","robots":{"index":"index","follow":"follow","max-snippet":"max-snippet:-1","max-image-preview":"max-image-preview:large","max-video-preview":"max-video-preview:-1"},"canonical":"https:\/\/www.anovapeneira.gal\/index.php\/2023\/11\/06\/o-alcalde-de-baiona-anula-a-subscricion-deste-concello-a-nova-peneira\/","og_locale":"gl_ES","og_type":"article","og_title":"O alcalde de Baiona anula a subscrici\u00f3n deste concello \u00e1 Nova Peneira -","og_description":"O cami\u00f1o de A Nova Peneira e o meu cruz\u00e1ronse en maio do ano 2013.Ese mesmo ano fun ata o concello de Baiona, igual que aos 33 restantes da nosa \u00e1rea de influencia, a solicitar unha entrevista co seu alcalde, naquel momento Jes\u00fas V\u00e1zquez Almu\u00ed\u00f1a do PP.","og_url":"https:\/\/www.anovapeneira.gal\/index.php\/2023\/11\/06\/o-alcalde-de-baiona-anula-a-subscricion-deste-concello-a-nova-peneira\/","article_publisher":"https:\/\/www.facebook.com\/anovapeneira","article_published_time":"2023-11-06T09:00:09+00:00","og_image":[{"width":720,"height":432,"url":"https:\/\/www.anovapeneira.gal\/wp-content\/uploads\/2023\/10\/Jesus_Vazquez_almuina.webp","type":"image\/webp"}],"author":"Tino Lago","twitter_card":"summary_large_image","twitter_creator":"@APeneira","twitter_site":"@APeneira","twitter_misc":{"Escrito por":"Tino Lago","Tempo de lectura":"3 minutos"},"schema":{"@context":"https:\/\/schema.org","@graph":[{"@type":"Article","@id":"https:\/\/www.anovapeneira.gal\/index.php\/2023\/11\/06\/o-alcalde-de-baiona-anula-a-subscricion-deste-concello-a-nova-peneira\/#article","isPartOf":{"@id":"https:\/\/www.anovapeneira.gal\/index.php\/2023\/11\/06\/o-alcalde-de-baiona-anula-a-subscricion-deste-concello-a-nova-peneira\/"},"author":{"name":"Tino Lago","@id":"https:\/\/www.anovapeneira.gal\/#\/schema\/person\/424dfe65e3070fd8a44d22d2c088762a"},"headline":"O alcalde de Baiona anula a subscrici\u00f3n deste concello \u00e1 Nova Peneira","datePublished":"2023-11-06T09:00:09+00:00","mainEntityOfPage":{"@id":"https:\/\/www.anovapeneira.gal\/index.php\/2023\/11\/06\/o-alcalde-de-baiona-anula-a-subscricion-deste-concello-a-nova-peneira\/"},"wordCount":432,"commentCount":0,"publisher":{"@id":"https:\/\/www.anovapeneira.gal\/#organization"},"image":{"@id":"https:\/\/www.anovapeneira.gal\/index.php\/2023\/11\/06\/o-alcalde-de-baiona-anula-a-subscricion-deste-concello-a-nova-peneira\/#primaryimage"},"thumbnailUrl":"https:\/\/www.anovapeneira.gal\/wp-content\/uploads\/2023\/10\/Jesus_Vazquez_almuina.webp","keywords":["Concello de Baiona"],"articleSection":["Val Mi\u00f1or"],"inLanguage":"gl-ES","potentialAction":[{"@type":"CommentAction","name":"Comment","target":["https:\/\/www.anovapeneira.gal\/index.php\/2023\/11\/06\/o-alcalde-de-baiona-anula-a-subscricion-deste-concello-a-nova-peneira\/#respond"]}]},{"@type":"WebPage","@id":"https:\/\/www.anovapeneira.gal\/index.php\/2023\/11\/06\/o-alcalde-de-baiona-anula-a-subscricion-deste-concello-a-nova-peneira\/","url":"https:\/\/www.anovapeneira.gal\/index.php\/2023\/11\/06\/o-alcalde-de-baiona-anula-a-subscricion-deste-concello-a-nova-peneira\/","name":"O alcalde de Baiona anula a subscrici\u00f3n deste concello \u00e1 Nova Peneira -","isPartOf":{"@id":"https:\/\/www.anovapeneira.gal\/#website"},"primaryImageOfPage":{"@id":"https:\/\/www.anovapeneira.gal\/index.php\/2023\/11\/06\/o-alcalde-de-baiona-anula-a-subscricion-deste-concello-a-nova-peneira\/#primaryimage"},"image":{"@id":"https:\/\/www.anovapeneira.gal\/index.php\/2023\/11\/06\/o-alcalde-de-baiona-anula-a-subscricion-deste-concello-a-nova-peneira\/#primaryimage"},"thumbnailUrl":"https:\/\/www.anovapeneira.gal\/wp-content\/uploads\/2023\/10\/Jesus_Vazquez_almuina.webp","datePublished":"2023-11-06T09:00:09+00:00","description":"O cami\u00f1o de A Nova Peneira e o meu cruz\u00e1ronse en maio do ano 2013.Ese mesmo ano fun ata o concello de Baiona, igual que aos 33 restantes da nosa \u00e1rea de influencia, a solicitar unha entrevista co seu alcalde, naquel momento Jes\u00fas V\u00e1zquez Almu\u00ed\u00f1a do PP.","breadcrumb":{"@id":"https:\/\/www.anovapeneira.gal\/index.php\/2023\/11\/06\/o-alcalde-de-baiona-anula-a-subscricion-deste-concello-a-nova-peneira\/#breadcrumb"},"inLanguage":"gl-ES","potentialAction":[{"@type":"ReadAction","target":["https:\/\/www.anovapeneira.gal\/index.php\/2023\/11\/06\/o-alcalde-de-baiona-anula-a-subscricion-deste-concello-a-nova-peneira\/"]}]},{"@type":"ImageObject","inLanguage":"gl-ES","@id":"https:\/\/www.anovapeneira.gal\/index.php\/2023\/11\/06\/o-alcalde-de-baiona-anula-a-subscricion-deste-concello-a-nova-peneira\/#primaryimage","url":"https:\/\/www.anovapeneira.gal\/wp-content\/uploads\/2023\/10\/Jesus_Vazquez_almuina.webp","contentUrl":"https:\/\/www.anovapeneira.gal\/wp-content\/uploads\/2023\/10\/Jesus_Vazquez_almuina.webp","width":720,"height":432,"caption":"Jes\u00fas V\u00e1zquez Almui\u00f1a"},{"@type":"BreadcrumbList","@id":"https:\/\/www.anovapeneira.gal\/index.php\/2023\/11\/06\/o-alcalde-de-baiona-anula-a-subscricion-deste-concello-a-nova-peneira\/#breadcrumb","itemListElement":[{"@type":"ListItem","position":1,"name":"Portada","item":"https:\/\/www.anovapeneira.gal\/"},{"@type":"ListItem","position":2,"name":"O alcalde de Baiona anula a subscrici\u00f3n deste concello \u00e1 Nova Peneira"}]},{"@type":"WebSite","@id":"https:\/\/www.anovapeneira.gal\/#website","url":"https:\/\/www.anovapeneira.gal\/","name":"","description":"Xornal galego de informaci\u00f3n xeral Publicaci\u00f3n mensual de novas de Galicia e en especial dos Concellos da sur da provincia de Pontevedra.","publisher":{"@id":"https:\/\/www.anovapeneira.gal\/#organization"},"potentialAction":[{"@type":"SearchAction","target":{"@type":"EntryPoint","urlTemplate":"https:\/\/www.anovapeneira.gal\/?s={search_term_string}"},"query-input":{"@type":"PropertyValueSpecification","valueRequired":true,"valueName":"search_term_string"}}],"inLanguage":"gl-ES"},{"@type":"Organization","@id":"https:\/\/www.anovapeneira.gal\/#organization","name":"A Nova Peneira","url":"https:\/\/www.anovapeneira.gal\/","logo":{"@type":"ImageObject","inLanguage":"gl-ES","@id":"https:\/\/www.anovapeneira.gal\/#\/schema\/logo\/image\/","url":"http:\/\/www.anovapeneira.gal\/wp-content\/uploads\/2019\/06\/logo_a_nova_peneira_portal_web.png","contentUrl":"http:\/\/www.anovapeneira.gal\/wp-content\/uploads\/2019\/06\/logo_a_nova_peneira_portal_web.png","width":300,"height":100,"caption":"A Nova Peneira"},"image":{"@id":"https:\/\/www.anovapeneira.gal\/#\/schema\/logo\/image\/"},"sameAs":["https:\/\/www.facebook.com\/anovapeneira","https:\/\/x.com\/APeneira"]},{"@type":"Person","@id":"https:\/\/www.anovapeneira.gal\/#\/schema\/person\/424dfe65e3070fd8a44d22d2c088762a","name":"Tino Lago","image":{"@type":"ImageObject","inLanguage":"gl-ES","@id":"https:\/\/secure.gravatar.com\/avatar\/b3df6a06e44bab3111583b90f0f33a0379ee5e3d22cbadd232d39f21c30c62be?s=96&d=mm&r=g","url":"https:\/\/secure.gravatar.com\/avatar\/b3df6a06e44bab3111583b90f0f33a0379ee5e3d22cbadd232d39f21c30c62be?s=96&d=mm&r=g","contentUrl":"https:\/\/secure.gravatar.com\/avatar\/b3df6a06e44bab3111583b90f0f33a0379ee5e3d22cbadd232d39f21c30c62be?s=96&d=mm&r=g","caption":"Tino Lago"},"sameAs":["http:\/\/www.anovapeneira.gal"],"url":"https:\/\/www.anovapeneira.gal\/index.php\/author\/director\/"}]}},"jetpack_featured_media_url":"https:\/\/www.anovapeneira.gal\/wp-content\/uploads\/2023\/10\/Jesus_Vazquez_almuina.webp","_links":{"self":[{"href":"https:\/\/www.anovapeneira.gal\/index.php\/wp-json\/wp\/v2\/posts\/10698","targetHints":{"allow":["GET"]}}],"collection":[{"href":"https:\/\/www.anovapeneira.gal\/index.php\/wp-json\/wp\/v2\/posts"}],"about":[{"href":"https:\/\/www.anovapeneira.gal\/index.php\/wp-json\/wp\/v2\/types\/post"}],"author":[{"embeddable":true,"href":"https:\/\/www.anovapeneira.gal\/index.php\/wp-json\/wp\/v2\/users\/2"}],"replies":[{"embeddable":true,"href":"https:\/\/www.anovapeneira.gal\/index.php\/wp-json\/wp\/v2\/comments?post=10698"}],"version-history":[{"count":1,"href":"https:\/\/www.anovapeneira.gal\/index.php\/wp-json\/wp\/v2\/posts\/10698\/revisions"}],"predecessor-version":[{"id":10700,"href":"https:\/\/www.anovapeneira.gal\/index.php\/wp-json\/wp\/v2\/posts\/10698\/revisions\/10700"}],"wp:featuredmedia":[{"embeddable":true,"href":"https:\/\/www.anovapeneira.gal\/index.php\/wp-json\/wp\/v2\/media\/10699"}],"wp:attachment":[{"href":"https:\/\/www.anovapeneira.gal\/index.php\/wp-json\/wp\/v2\/media?parent=10698"}],"wp:term":[{"taxonomy":"category","embeddable":true,"href":"https:\/\/www.anovapeneira.gal\/index.php\/wp-json\/wp\/v2\/categories?post=10698"},{"taxonomy":"post_tag","embeddable":true,"href":"https:\/\/www.anovapeneira.gal\/index.php\/wp-json\/wp\/v2\/tags?post=10698"}],"curies":[{"name":"wp","href":"https:\/\/api.w.org\/{rel}","templated":true}]}}