{"id":10705,"date":"2023-11-07T10:00:53","date_gmt":"2023-11-07T09:00:53","guid":{"rendered":"https:\/\/www.anovapeneira.gal\/?p=10705"},"modified":"2023-11-07T07:12:42","modified_gmt":"2023-11-07T06:12:42","slug":"o-concello-de-tomino-denuncia-a-manipulacion-de-informacion-sobre-o-apoio-ao-comercio-local","status":"publish","type":"post","link":"https:\/\/www.anovapeneira.gal\/index.php\/2023\/11\/07\/o-concello-de-tomino-denuncia-a-manipulacion-de-informacion-sobre-o-apoio-ao-comercio-local\/","title":{"rendered":"O Concello de Tomi\u00f1o denuncia a manipulaci\u00f3n de informaci\u00f3n sobre o apoio ao comercio local"},"content":{"rendered":"\n<h2 class=\"wp-block-heading\"><strong>O Goberno salienta o desco\u00f1ecemento da vida municipal da portavoz do PP, Lara Meneses, xa que as acci\u00f3ns propostas polos populares en pleno xa se est\u00e1n a levar a cabo<\/strong><\/h2>\n\n\n\n<p><strong>Tomi\u00f1o, 30 de outubro 2023<\/strong><\/p>\n\n\n\n<p>O Concello de Tomi\u00f1o denuncia enerxicamente a manipulaci\u00f3n da informaci\u00f3n sobre o comercio local que difundiu a portavoz do Partido Popular municipal, Lara Meneses, tras o pleno celebrado a pasada semana, unha sistem\u00e1tica de desinformaci\u00f3n \u00e1 veci\u00f1anza que levan a cabo dende hai anos. No comunicado ofrecido por Meneses om\u00edtese informaci\u00f3n esencial, o que constit\u00fae unha clara falta de transparencia e de respecto \u00e1 veci\u00f1anza.<\/p>\n\n\n\n<p>O Goberno municipal non respaldou a moci\u00f3n presentada en pleno polo Partido Popular para a dinamizaci\u00f3n do comercio local debido a que todas as medidas propostas xa se est\u00e1n levando a cabo, polo que carec\u00eda de sentido votar a favor dunha iniciativa que non achega acci\u00f3ns novas e duplica esforzos.<\/p>\n\n\n\n<p>O Goberno municipal leva m\u00e1is de 10 anos nunha li\u00f1a de apoio ao comercio local que se materializou en fitos hist\u00f3ricos como a reforma do Mercado de Tomi\u00f1o e o seu reco\u00f1ecemento como primeiro Mercado de Excelencia de Galicia, coa posta en marcha dunha tenda dixital aberta a todos os comercios durante a pandemia ou a consecuci\u00f3n de dous proxectos de fondos NextGenerationEU. Unha aposta polo acompa\u00f1amento na dixitalizaci\u00f3n do comercio e polo constante di\u00e1logo con ADETO e coas e cos comerciantes tomi\u00f1eses para levar a cabo todas as iniciativas necesarias para seguir dando pulo ao comercio local.<\/p>\n\n\n\n<p>Lamentablemente, parece que o Partido Popular est\u00e1 m\u00e1is enfrascado en facer unha pol\u00edtica de notas de prensa que en participar de forma activa nos asuntos plenarios. Utilizar expresi\u00f3ns como \u201csacar as cores\u201d non s\u00f3 est\u00e1 f\u00f3ra de calquera ton institucional, sen\u00f3n que non reflicte de xeito preciso o ocorrido na sesi\u00f3n, como puideron comprobar as persoas asistentes.<\/p>\n\n\n\n<p>Por outro lado, o Goberno municipal amosouse sorprendido co desacordo de Lara Meneses con que a axenda cultural municipal comparta actividades da Eurocidade Cerveira-Tomi\u00f1o, algo que se ven facendo dende hai tempo e que implica que na axenda cultural de Cerveira rec\u00f3llese parte da programaci\u00f3n tomi\u00f1esa. Este desacordo demostra un absoluto desprezo pola cooperaci\u00f3n transfronteiriza que se v\u00e9n desenvolvendo dende hai anos e que levou a Tomi\u00f1o e Cerveira a ser un exemplo de colaboraci\u00f3n e a compartir servizos, cultura e acci\u00f3ns de desenvolvemento conxunto.<\/p>\n\n\n\n<p>Dende o Concello lam\u00e9ntase que se critique unha extensa programaci\u00f3n cultural, pensada para o lecer de tomi\u00f1eses e tomi\u00f1esas pero tam\u00e9n para dinamizar o comercio local. \u00c9 importante lembrar que durante a \u00e9poca estival real\u00edzanse numerosas actividades en lugares ao aire libre como a Praza do Seixo, a Praza da Mina ou a Praza Pintor Antonio Fern\u00e1ndez que contrib\u00faen a fomentar o comercio de proximidade. Durante o resto do ano, cando as condici\u00f3ns clim\u00e1ticas son menos favorables, estas actividades trasl\u00e1danse ao auditorio, ao mercado municipal ou incluso \u00e1 propia Praza do Seixo en Nadal dispo\u00f1endo das estruturas necesarias para que tomi\u00f1eses e tomi\u00f1esas poidan desfrutar da programaci\u00f3n destas datas sinaladas.<\/p>\n","protected":false},"excerpt":{"rendered":"<div class=\"mh-excerpt\"><p>O Goberno salienta o desco\u00f1ecemento da vida municipal da portavoz do PP, Lara Meneses, xa que as acci\u00f3ns propostas polos populares en pleno xa se est\u00e1n a levar a cabo <a class=\"mh-excerpt-more\" href=\"https:\/\/www.anovapeneira.gal\/index.php\/2023\/11\/07\/o-concello-de-tomino-denuncia-a-manipulacion-de-informacion-sobre-o-apoio-ao-comercio-local\/\" title=\"O Concello de Tomi\u00f1o denuncia a manipulaci\u00f3n de informaci\u00f3n sobre o apoio ao comercio local\">[&#8230;]<\/a><\/p>\n<\/div>","protected":false},"author":3,"featured_media":1336,"comment_status":"open","ping_status":"open","sticky":false,"template":"","format":"standard","meta":{"_exactmetrics_skip_tracking":false,"_exactmetrics_sitenote_active":false,"_exactmetrics_sitenote_note":"","_exactmetrics_sitenote_category":0,"footnotes":""},"categories":[21],"tags":[81],"class_list":{"0":"post-10705","1":"post","2":"type-post","3":"status-publish","4":"format-standard","5":"has-post-thumbnail","7":"category-baixo-mino","8":"tag-concello-de-tomino"},"yoast_head":"<!-- This site is optimized with the Yoast SEO plugin v27.4 - https:\/\/yoast.com\/product\/yoast-seo-wordpress\/ -->\n<title>O Concello de Tomi\u00f1o denuncia a manipulaci\u00f3n de informaci\u00f3n sobre o apoio ao comercio local -<\/title>\n<meta name=\"description\" content=\"O Goberno salienta o desco\u00f1ecemento da vida municipal da portavoz do PP, Lara Meneses, xa que as acci\u00f3ns propostas polos populares en pleno xa se est\u00e1n a levar a cabo\" \/>\n<meta name=\"robots\" content=\"index, follow, max-snippet:-1, max-image-preview:large, max-video-preview:-1\" \/>\n<link rel=\"canonical\" href=\"https:\/\/www.anovapeneira.gal\/index.php\/2023\/11\/07\/o-concello-de-tomino-denuncia-a-manipulacion-de-informacion-sobre-o-apoio-ao-comercio-local\/\" \/>\n<meta property=\"og:locale\" content=\"gl_ES\" \/>\n<meta property=\"og:type\" content=\"article\" \/>\n<meta property=\"og:title\" content=\"O Concello de Tomi\u00f1o denuncia a manipulaci\u00f3n de informaci\u00f3n sobre o apoio ao comercio local -\" \/>\n<meta property=\"og:description\" content=\"O Goberno salienta o desco\u00f1ecemento da vida municipal da portavoz do PP, Lara Meneses, xa que as acci\u00f3ns propostas polos populares en pleno xa se est\u00e1n a levar a cabo\" \/>\n<meta property=\"og:url\" content=\"https:\/\/www.anovapeneira.gal\/index.php\/2023\/11\/07\/o-concello-de-tomino-denuncia-a-manipulacion-de-informacion-sobre-o-apoio-ao-comercio-local\/\" \/>\n<meta property=\"article:publisher\" content=\"https:\/\/www.facebook.com\/anovapeneira\" \/>\n<meta property=\"article:published_time\" content=\"2023-11-07T09:00:53+00:00\" \/>\n<meta property=\"og:image\" content=\"https:\/\/www.anovapeneira.gal\/wp-content\/uploads\/2019\/09\/concello_De_tominho_a_nova_peneria.jpg\" \/>\n\t<meta property=\"og:image:width\" content=\"720\" \/>\n\t<meta property=\"og:image:height\" content=\"473\" \/>\n\t<meta property=\"og:image:type\" content=\"image\/jpeg\" \/>\n<meta name=\"author\" content=\"Redacci\u00f3n A Nova Peneira\" \/>\n<meta name=\"twitter:card\" content=\"summary_large_image\" \/>\n<meta name=\"twitter:creator\" content=\"@APeneira\" \/>\n<meta name=\"twitter:site\" content=\"@APeneira\" \/>\n<meta name=\"twitter:label1\" content=\"Escrito por\" \/>\n\t<meta name=\"twitter:data1\" content=\"Redacci\u00f3n A Nova Peneira\" \/>\n\t<meta name=\"twitter:label2\" content=\"Tempo de lectura\" \/>\n\t<meta name=\"twitter:data2\" content=\"3 minutos\" \/>\n<script type=\"application\/ld+json\" class=\"yoast-schema-graph\">{\"@context\":\"https:\\\/\\\/schema.org\",\"@graph\":[{\"@type\":\"Article\",\"@id\":\"https:\\\/\\\/www.anovapeneira.gal\\\/index.php\\\/2023\\\/11\\\/07\\\/o-concello-de-tomino-denuncia-a-manipulacion-de-informacion-sobre-o-apoio-ao-comercio-local\\\/#article\",\"isPartOf\":{\"@id\":\"https:\\\/\\\/www.anovapeneira.gal\\\/index.php\\\/2023\\\/11\\\/07\\\/o-concello-de-tomino-denuncia-a-manipulacion-de-informacion-sobre-o-apoio-ao-comercio-local\\\/\"},\"author\":{\"name\":\"Redacci\u00f3n A Nova Peneira\",\"@id\":\"https:\\\/\\\/www.anovapeneira.gal\\\/#\\\/schema\\\/person\\\/b93e3f8932e3f8da96334607eb6ac6aa\"},\"headline\":\"O Concello de Tomi\u00f1o denuncia a manipulaci\u00f3n de informaci\u00f3n sobre o apoio ao comercio local\",\"datePublished\":\"2023-11-07T09:00:53+00:00\",\"mainEntityOfPage\":{\"@id\":\"https:\\\/\\\/www.anovapeneira.gal\\\/index.php\\\/2023\\\/11\\\/07\\\/o-concello-de-tomino-denuncia-a-manipulacion-de-informacion-sobre-o-apoio-ao-comercio-local\\\/\"},\"wordCount\":570,\"commentCount\":0,\"publisher\":{\"@id\":\"https:\\\/\\\/www.anovapeneira.gal\\\/#organization\"},\"image\":{\"@id\":\"https:\\\/\\\/www.anovapeneira.gal\\\/index.php\\\/2023\\\/11\\\/07\\\/o-concello-de-tomino-denuncia-a-manipulacion-de-informacion-sobre-o-apoio-ao-comercio-local\\\/#primaryimage\"},\"thumbnailUrl\":\"https:\\\/\\\/www.anovapeneira.gal\\\/wp-content\\\/uploads\\\/2019\\\/09\\\/concello_De_tominho_a_nova_peneria.jpg\",\"keywords\":[\"Concello de Tomi\u00f1o\"],\"articleSection\":[\"Baixo Mi\u00f1o\"],\"inLanguage\":\"gl-ES\",\"potentialAction\":[{\"@type\":\"CommentAction\",\"name\":\"Comment\",\"target\":[\"https:\\\/\\\/www.anovapeneira.gal\\\/index.php\\\/2023\\\/11\\\/07\\\/o-concello-de-tomino-denuncia-a-manipulacion-de-informacion-sobre-o-apoio-ao-comercio-local\\\/#respond\"]}]},{\"@type\":\"WebPage\",\"@id\":\"https:\\\/\\\/www.anovapeneira.gal\\\/index.php\\\/2023\\\/11\\\/07\\\/o-concello-de-tomino-denuncia-a-manipulacion-de-informacion-sobre-o-apoio-ao-comercio-local\\\/\",\"url\":\"https:\\\/\\\/www.anovapeneira.gal\\\/index.php\\\/2023\\\/11\\\/07\\\/o-concello-de-tomino-denuncia-a-manipulacion-de-informacion-sobre-o-apoio-ao-comercio-local\\\/\",\"name\":\"O Concello de Tomi\u00f1o denuncia a manipulaci\u00f3n de informaci\u00f3n sobre o apoio ao comercio local -\",\"isPartOf\":{\"@id\":\"https:\\\/\\\/www.anovapeneira.gal\\\/#website\"},\"primaryImageOfPage\":{\"@id\":\"https:\\\/\\\/www.anovapeneira.gal\\\/index.php\\\/2023\\\/11\\\/07\\\/o-concello-de-tomino-denuncia-a-manipulacion-de-informacion-sobre-o-apoio-ao-comercio-local\\\/#primaryimage\"},\"image\":{\"@id\":\"https:\\\/\\\/www.anovapeneira.gal\\\/index.php\\\/2023\\\/11\\\/07\\\/o-concello-de-tomino-denuncia-a-manipulacion-de-informacion-sobre-o-apoio-ao-comercio-local\\\/#primaryimage\"},\"thumbnailUrl\":\"https:\\\/\\\/www.anovapeneira.gal\\\/wp-content\\\/uploads\\\/2019\\\/09\\\/concello_De_tominho_a_nova_peneria.jpg\",\"datePublished\":\"2023-11-07T09:00:53+00:00\",\"description\":\"O Goberno salienta o desco\u00f1ecemento da vida municipal da portavoz do PP, Lara Meneses, xa que as acci\u00f3ns propostas polos populares en pleno xa se est\u00e1n a levar a cabo\",\"breadcrumb\":{\"@id\":\"https:\\\/\\\/www.anovapeneira.gal\\\/index.php\\\/2023\\\/11\\\/07\\\/o-concello-de-tomino-denuncia-a-manipulacion-de-informacion-sobre-o-apoio-ao-comercio-local\\\/#breadcrumb\"},\"inLanguage\":\"gl-ES\",\"potentialAction\":[{\"@type\":\"ReadAction\",\"target\":[\"https:\\\/\\\/www.anovapeneira.gal\\\/index.php\\\/2023\\\/11\\\/07\\\/o-concello-de-tomino-denuncia-a-manipulacion-de-informacion-sobre-o-apoio-ao-comercio-local\\\/\"]}]},{\"@type\":\"ImageObject\",\"inLanguage\":\"gl-ES\",\"@id\":\"https:\\\/\\\/www.anovapeneira.gal\\\/index.php\\\/2023\\\/11\\\/07\\\/o-concello-de-tomino-denuncia-a-manipulacion-de-informacion-sobre-o-apoio-ao-comercio-local\\\/#primaryimage\",\"url\":\"https:\\\/\\\/www.anovapeneira.gal\\\/wp-content\\\/uploads\\\/2019\\\/09\\\/concello_De_tominho_a_nova_peneria.jpg\",\"contentUrl\":\"https:\\\/\\\/www.anovapeneira.gal\\\/wp-content\\\/uploads\\\/2019\\\/09\\\/concello_De_tominho_a_nova_peneria.jpg\",\"width\":720,\"height\":473,\"caption\":\"Concello de Tomi\u00f1o A Nova Peneira\"},{\"@type\":\"BreadcrumbList\",\"@id\":\"https:\\\/\\\/www.anovapeneira.gal\\\/index.php\\\/2023\\\/11\\\/07\\\/o-concello-de-tomino-denuncia-a-manipulacion-de-informacion-sobre-o-apoio-ao-comercio-local\\\/#breadcrumb\",\"itemListElement\":[{\"@type\":\"ListItem\",\"position\":1,\"name\":\"Portada\",\"item\":\"https:\\\/\\\/www.anovapeneira.gal\\\/\"},{\"@type\":\"ListItem\",\"position\":2,\"name\":\"O Concello de Tomi\u00f1o denuncia a manipulaci\u00f3n de informaci\u00f3n sobre o apoio ao comercio local\"}]},{\"@type\":\"WebSite\",\"@id\":\"https:\\\/\\\/www.anovapeneira.gal\\\/#website\",\"url\":\"https:\\\/\\\/www.anovapeneira.gal\\\/\",\"name\":\"\",\"description\":\"Xornal galego de informaci\u00f3n xeral Publicaci\u00f3n mensual de novas de Galicia e en especial dos Concellos da sur da provincia de Pontevedra.\",\"publisher\":{\"@id\":\"https:\\\/\\\/www.anovapeneira.gal\\\/#organization\"},\"potentialAction\":[{\"@type\":\"SearchAction\",\"target\":{\"@type\":\"EntryPoint\",\"urlTemplate\":\"https:\\\/\\\/www.anovapeneira.gal\\\/?s={search_term_string}\"},\"query-input\":{\"@type\":\"PropertyValueSpecification\",\"valueRequired\":true,\"valueName\":\"search_term_string\"}}],\"inLanguage\":\"gl-ES\"},{\"@type\":\"Organization\",\"@id\":\"https:\\\/\\\/www.anovapeneira.gal\\\/#organization\",\"name\":\"A Nova Peneira\",\"url\":\"https:\\\/\\\/www.anovapeneira.gal\\\/\",\"logo\":{\"@type\":\"ImageObject\",\"inLanguage\":\"gl-ES\",\"@id\":\"https:\\\/\\\/www.anovapeneira.gal\\\/#\\\/schema\\\/logo\\\/image\\\/\",\"url\":\"http:\\\/\\\/www.anovapeneira.gal\\\/wp-content\\\/uploads\\\/2019\\\/06\\\/logo_a_nova_peneira_portal_web.png\",\"contentUrl\":\"http:\\\/\\\/www.anovapeneira.gal\\\/wp-content\\\/uploads\\\/2019\\\/06\\\/logo_a_nova_peneira_portal_web.png\",\"width\":300,\"height\":100,\"caption\":\"A Nova Peneira\"},\"image\":{\"@id\":\"https:\\\/\\\/www.anovapeneira.gal\\\/#\\\/schema\\\/logo\\\/image\\\/\"},\"sameAs\":[\"https:\\\/\\\/www.facebook.com\\\/anovapeneira\",\"https:\\\/\\\/x.com\\\/APeneira\"]},{\"@type\":\"Person\",\"@id\":\"https:\\\/\\\/www.anovapeneira.gal\\\/#\\\/schema\\\/person\\\/b93e3f8932e3f8da96334607eb6ac6aa\",\"name\":\"Redacci\u00f3n A Nova Peneira\",\"image\":{\"@type\":\"ImageObject\",\"inLanguage\":\"gl-ES\",\"@id\":\"https:\\\/\\\/secure.gravatar.com\\\/avatar\\\/c052a2551a06e23fac63626232eaa90abd78dbcf1700fc46a2b2c89fd27b735f?s=96&d=mm&r=g\",\"url\":\"https:\\\/\\\/secure.gravatar.com\\\/avatar\\\/c052a2551a06e23fac63626232eaa90abd78dbcf1700fc46a2b2c89fd27b735f?s=96&d=mm&r=g\",\"contentUrl\":\"https:\\\/\\\/secure.gravatar.com\\\/avatar\\\/c052a2551a06e23fac63626232eaa90abd78dbcf1700fc46a2b2c89fd27b735f?s=96&d=mm&r=g\",\"caption\":\"Redacci\u00f3n A Nova Peneira\"},\"sameAs\":[\"http:\\\/\\\/www.anovapeneira.gal\\\/\"],\"url\":\"https:\\\/\\\/www.anovapeneira.gal\\\/index.php\\\/author\\\/redactor\\\/\"}]}<\/script>\n<!-- \/ Yoast SEO plugin. -->","yoast_head_json":{"title":"O Concello de Tomi\u00f1o denuncia a manipulaci\u00f3n de informaci\u00f3n sobre o apoio ao comercio local -","description":"O Goberno salienta o desco\u00f1ecemento da vida municipal da portavoz do PP, Lara Meneses, xa que as acci\u00f3ns propostas polos populares en pleno xa se est\u00e1n a levar a cabo","robots":{"index":"index","follow":"follow","max-snippet":"max-snippet:-1","max-image-preview":"max-image-preview:large","max-video-preview":"max-video-preview:-1"},"canonical":"https:\/\/www.anovapeneira.gal\/index.php\/2023\/11\/07\/o-concello-de-tomino-denuncia-a-manipulacion-de-informacion-sobre-o-apoio-ao-comercio-local\/","og_locale":"gl_ES","og_type":"article","og_title":"O Concello de Tomi\u00f1o denuncia a manipulaci\u00f3n de informaci\u00f3n sobre o apoio ao comercio local -","og_description":"O Goberno salienta o desco\u00f1ecemento da vida municipal da portavoz do PP, Lara Meneses, xa que as acci\u00f3ns propostas polos populares en pleno xa se est\u00e1n a levar a cabo","og_url":"https:\/\/www.anovapeneira.gal\/index.php\/2023\/11\/07\/o-concello-de-tomino-denuncia-a-manipulacion-de-informacion-sobre-o-apoio-ao-comercio-local\/","article_publisher":"https:\/\/www.facebook.com\/anovapeneira","article_published_time":"2023-11-07T09:00:53+00:00","og_image":[{"width":720,"height":473,"url":"https:\/\/www.anovapeneira.gal\/wp-content\/uploads\/2019\/09\/concello_De_tominho_a_nova_peneria.jpg","type":"image\/jpeg"}],"author":"Redacci\u00f3n A Nova Peneira","twitter_card":"summary_large_image","twitter_creator":"@APeneira","twitter_site":"@APeneira","twitter_misc":{"Escrito por":"Redacci\u00f3n A Nova Peneira","Tempo de lectura":"3 minutos"},"schema":{"@context":"https:\/\/schema.org","@graph":[{"@type":"Article","@id":"https:\/\/www.anovapeneira.gal\/index.php\/2023\/11\/07\/o-concello-de-tomino-denuncia-a-manipulacion-de-informacion-sobre-o-apoio-ao-comercio-local\/#article","isPartOf":{"@id":"https:\/\/www.anovapeneira.gal\/index.php\/2023\/11\/07\/o-concello-de-tomino-denuncia-a-manipulacion-de-informacion-sobre-o-apoio-ao-comercio-local\/"},"author":{"name":"Redacci\u00f3n A Nova Peneira","@id":"https:\/\/www.anovapeneira.gal\/#\/schema\/person\/b93e3f8932e3f8da96334607eb6ac6aa"},"headline":"O Concello de Tomi\u00f1o denuncia a manipulaci\u00f3n de informaci\u00f3n sobre o apoio ao comercio local","datePublished":"2023-11-07T09:00:53+00:00","mainEntityOfPage":{"@id":"https:\/\/www.anovapeneira.gal\/index.php\/2023\/11\/07\/o-concello-de-tomino-denuncia-a-manipulacion-de-informacion-sobre-o-apoio-ao-comercio-local\/"},"wordCount":570,"commentCount":0,"publisher":{"@id":"https:\/\/www.anovapeneira.gal\/#organization"},"image":{"@id":"https:\/\/www.anovapeneira.gal\/index.php\/2023\/11\/07\/o-concello-de-tomino-denuncia-a-manipulacion-de-informacion-sobre-o-apoio-ao-comercio-local\/#primaryimage"},"thumbnailUrl":"https:\/\/www.anovapeneira.gal\/wp-content\/uploads\/2019\/09\/concello_De_tominho_a_nova_peneria.jpg","keywords":["Concello de Tomi\u00f1o"],"articleSection":["Baixo Mi\u00f1o"],"inLanguage":"gl-ES","potentialAction":[{"@type":"CommentAction","name":"Comment","target":["https:\/\/www.anovapeneira.gal\/index.php\/2023\/11\/07\/o-concello-de-tomino-denuncia-a-manipulacion-de-informacion-sobre-o-apoio-ao-comercio-local\/#respond"]}]},{"@type":"WebPage","@id":"https:\/\/www.anovapeneira.gal\/index.php\/2023\/11\/07\/o-concello-de-tomino-denuncia-a-manipulacion-de-informacion-sobre-o-apoio-ao-comercio-local\/","url":"https:\/\/www.anovapeneira.gal\/index.php\/2023\/11\/07\/o-concello-de-tomino-denuncia-a-manipulacion-de-informacion-sobre-o-apoio-ao-comercio-local\/","name":"O Concello de Tomi\u00f1o denuncia a manipulaci\u00f3n de informaci\u00f3n sobre o apoio ao comercio local -","isPartOf":{"@id":"https:\/\/www.anovapeneira.gal\/#website"},"primaryImageOfPage":{"@id":"https:\/\/www.anovapeneira.gal\/index.php\/2023\/11\/07\/o-concello-de-tomino-denuncia-a-manipulacion-de-informacion-sobre-o-apoio-ao-comercio-local\/#primaryimage"},"image":{"@id":"https:\/\/www.anovapeneira.gal\/index.php\/2023\/11\/07\/o-concello-de-tomino-denuncia-a-manipulacion-de-informacion-sobre-o-apoio-ao-comercio-local\/#primaryimage"},"thumbnailUrl":"https:\/\/www.anovapeneira.gal\/wp-content\/uploads\/2019\/09\/concello_De_tominho_a_nova_peneria.jpg","datePublished":"2023-11-07T09:00:53+00:00","description":"O Goberno salienta o desco\u00f1ecemento da vida municipal da portavoz do PP, Lara Meneses, xa que as acci\u00f3ns propostas polos populares en pleno xa se est\u00e1n a levar a cabo","breadcrumb":{"@id":"https:\/\/www.anovapeneira.gal\/index.php\/2023\/11\/07\/o-concello-de-tomino-denuncia-a-manipulacion-de-informacion-sobre-o-apoio-ao-comercio-local\/#breadcrumb"},"inLanguage":"gl-ES","potentialAction":[{"@type":"ReadAction","target":["https:\/\/www.anovapeneira.gal\/index.php\/2023\/11\/07\/o-concello-de-tomino-denuncia-a-manipulacion-de-informacion-sobre-o-apoio-ao-comercio-local\/"]}]},{"@type":"ImageObject","inLanguage":"gl-ES","@id":"https:\/\/www.anovapeneira.gal\/index.php\/2023\/11\/07\/o-concello-de-tomino-denuncia-a-manipulacion-de-informacion-sobre-o-apoio-ao-comercio-local\/#primaryimage","url":"https:\/\/www.anovapeneira.gal\/wp-content\/uploads\/2019\/09\/concello_De_tominho_a_nova_peneria.jpg","contentUrl":"https:\/\/www.anovapeneira.gal\/wp-content\/uploads\/2019\/09\/concello_De_tominho_a_nova_peneria.jpg","width":720,"height":473,"caption":"Concello de Tomi\u00f1o A Nova Peneira"},{"@type":"BreadcrumbList","@id":"https:\/\/www.anovapeneira.gal\/index.php\/2023\/11\/07\/o-concello-de-tomino-denuncia-a-manipulacion-de-informacion-sobre-o-apoio-ao-comercio-local\/#breadcrumb","itemListElement":[{"@type":"ListItem","position":1,"name":"Portada","item":"https:\/\/www.anovapeneira.gal\/"},{"@type":"ListItem","position":2,"name":"O Concello de Tomi\u00f1o denuncia a manipulaci\u00f3n de informaci\u00f3n sobre o apoio ao comercio local"}]},{"@type":"WebSite","@id":"https:\/\/www.anovapeneira.gal\/#website","url":"https:\/\/www.anovapeneira.gal\/","name":"","description":"Xornal galego de informaci\u00f3n xeral Publicaci\u00f3n mensual de novas de Galicia e en especial dos Concellos da sur da provincia de Pontevedra.","publisher":{"@id":"https:\/\/www.anovapeneira.gal\/#organization"},"potentialAction":[{"@type":"SearchAction","target":{"@type":"EntryPoint","urlTemplate":"https:\/\/www.anovapeneira.gal\/?s={search_term_string}"},"query-input":{"@type":"PropertyValueSpecification","valueRequired":true,"valueName":"search_term_string"}}],"inLanguage":"gl-ES"},{"@type":"Organization","@id":"https:\/\/www.anovapeneira.gal\/#organization","name":"A Nova Peneira","url":"https:\/\/www.anovapeneira.gal\/","logo":{"@type":"ImageObject","inLanguage":"gl-ES","@id":"https:\/\/www.anovapeneira.gal\/#\/schema\/logo\/image\/","url":"http:\/\/www.anovapeneira.gal\/wp-content\/uploads\/2019\/06\/logo_a_nova_peneira_portal_web.png","contentUrl":"http:\/\/www.anovapeneira.gal\/wp-content\/uploads\/2019\/06\/logo_a_nova_peneira_portal_web.png","width":300,"height":100,"caption":"A Nova Peneira"},"image":{"@id":"https:\/\/www.anovapeneira.gal\/#\/schema\/logo\/image\/"},"sameAs":["https:\/\/www.facebook.com\/anovapeneira","https:\/\/x.com\/APeneira"]},{"@type":"Person","@id":"https:\/\/www.anovapeneira.gal\/#\/schema\/person\/b93e3f8932e3f8da96334607eb6ac6aa","name":"Redacci\u00f3n A Nova Peneira","image":{"@type":"ImageObject","inLanguage":"gl-ES","@id":"https:\/\/secure.gravatar.com\/avatar\/c052a2551a06e23fac63626232eaa90abd78dbcf1700fc46a2b2c89fd27b735f?s=96&d=mm&r=g","url":"https:\/\/secure.gravatar.com\/avatar\/c052a2551a06e23fac63626232eaa90abd78dbcf1700fc46a2b2c89fd27b735f?s=96&d=mm&r=g","contentUrl":"https:\/\/secure.gravatar.com\/avatar\/c052a2551a06e23fac63626232eaa90abd78dbcf1700fc46a2b2c89fd27b735f?s=96&d=mm&r=g","caption":"Redacci\u00f3n A Nova Peneira"},"sameAs":["http:\/\/www.anovapeneira.gal\/"],"url":"https:\/\/www.anovapeneira.gal\/index.php\/author\/redactor\/"}]}},"jetpack_featured_media_url":"https:\/\/www.anovapeneira.gal\/wp-content\/uploads\/2019\/09\/concello_De_tominho_a_nova_peneria.jpg","_links":{"self":[{"href":"https:\/\/www.anovapeneira.gal\/index.php\/wp-json\/wp\/v2\/posts\/10705","targetHints":{"allow":["GET"]}}],"collection":[{"href":"https:\/\/www.anovapeneira.gal\/index.php\/wp-json\/wp\/v2\/posts"}],"about":[{"href":"https:\/\/www.anovapeneira.gal\/index.php\/wp-json\/wp\/v2\/types\/post"}],"author":[{"embeddable":true,"href":"https:\/\/www.anovapeneira.gal\/index.php\/wp-json\/wp\/v2\/users\/3"}],"replies":[{"embeddable":true,"href":"https:\/\/www.anovapeneira.gal\/index.php\/wp-json\/wp\/v2\/comments?post=10705"}],"version-history":[{"count":1,"href":"https:\/\/www.anovapeneira.gal\/index.php\/wp-json\/wp\/v2\/posts\/10705\/revisions"}],"predecessor-version":[{"id":10706,"href":"https:\/\/www.anovapeneira.gal\/index.php\/wp-json\/wp\/v2\/posts\/10705\/revisions\/10706"}],"wp:featuredmedia":[{"embeddable":true,"href":"https:\/\/www.anovapeneira.gal\/index.php\/wp-json\/wp\/v2\/media\/1336"}],"wp:attachment":[{"href":"https:\/\/www.anovapeneira.gal\/index.php\/wp-json\/wp\/v2\/media?parent=10705"}],"wp:term":[{"taxonomy":"category","embeddable":true,"href":"https:\/\/www.anovapeneira.gal\/index.php\/wp-json\/wp\/v2\/categories?post=10705"},{"taxonomy":"post_tag","embeddable":true,"href":"https:\/\/www.anovapeneira.gal\/index.php\/wp-json\/wp\/v2\/tags?post=10705"}],"curies":[{"name":"wp","href":"https:\/\/api.w.org\/{rel}","templated":true}]}}