{"id":10707,"date":"2023-11-07T12:00:49","date_gmt":"2023-11-07T11:00:49","guid":{"rendered":"https:\/\/www.anovapeneira.gal\/?p=10707"},"modified":"2023-11-07T07:16:15","modified_gmt":"2023-11-07T06:16:15","slug":"luces-de-bohemia-a-farsa-constitucional","status":"publish","type":"post","link":"https:\/\/www.anovapeneira.gal\/index.php\/2023\/11\/07\/luces-de-bohemia-a-farsa-constitucional\/","title":{"rendered":"Luces de bohemia: a farsa constitucional"},"content":{"rendered":"\n<pre class=\"wp-block-verse\">Manuel Ruiz Robles<\/pre>\n\n\n\n<p>O vindeiro martes 31 de outubro representarase nas Cortes unha nova escena de Luces de bohemia: o xuramento solemne da cadete Borb\u00f3n ante os representantes do pobo espa\u00f1ol. O seu xura civil simboliza -uns d\u00edas despois do seu xura militar- o car\u00e1cter militarista e reaccionario do sistema pol\u00edtico emanado da ditadura, pois non houbo ao seu termo un aut\u00e9ntico proceso constitu\u00ednte en liberdade. De chegar a reinar, ser\u00e1 xefe do Estado espa\u00f1ol como consecuencia das leis de sucesi\u00f3n decretadas polo ditador xenocida Franco, a\u00ednda vixentes.<\/p>\n\n\n\n<p>Tr\u00e1tase dunha brincadeira superflua, pois ser\u00eda inviol\u00e1bel segundo o art. 56.3 da constituci\u00f3n, por tanto impune a\u00ednda que delinca, xa que non lle ser\u00eda reco\u00f1ecida responsabilidade algunha por actos contrarios \u00e1s leis, e non poder\u00eda ser detida ou xulgada. Por tanto, en caso de pexurio non poder\u00eda ser investigada, procesada e menos a\u00ednda condenada; por exemplo, se chegase a emular ao seu tatarav\u00f3 Alfonso XIII. E, por se non bastase, ter\u00eda ademais o mando supremo das forzas armadas. Mando supremo que o seu pai Felipe VI exerceu de forma ameazante co seu abominable discurso do 3 outubro de 2017, emitido en directo ante todo o pa\u00eds polos medios de comunicaci\u00f3n, tras a brutal malleira ao pac\u00edfico pobo catal\u00e1n polas \u201cforzas da orde\u201d. O anterior, proba que a funci\u00f3n efectiva do rei -contrariamente ao que opinan alg\u00fans xuristas militares, quiz\u00e1 inxenuamente- non \u00e9 en absoluto simb\u00f3lica, sen\u00f3n \u00faltimo elo da cadea de mando militar e, por tanto, garante do ordenamento constitucional segundo o art. 8 da constituci\u00f3n. Algo totalmente ins\u00f3lito nos pa\u00edses da nosa contorna. A monarqu\u00eda \u00e9 un grave obst\u00e1culo para a sa\u00edda pac\u00edfica dos conflitos derivados do car\u00e1cter plurinacional do Estado, pois esa \u00e9 a s\u00faa verdadeira funci\u00f3n constitucional.<\/p>\n\n\n\n<p>Farsa constitucional que o vindeiro martes 31 de outubro escenificar\u00e1 a cadete Borb\u00f3n como protagonista estelar, encarnando a continuidade dun r\u00e9xime mon\u00e1rquico-parlamentario herdeiro de Franco. Ser\u00e1, unha vez m\u00e1is, a esperp\u00e9ntica confirmaci\u00f3n do car\u00e1cter militarista do r\u00e9xime, onde o rei representa a \u00faltima ratio da oligarqu\u00eda financeira fronte a un posible cambio na correlaci\u00f3n de forzas sociais. Unha maior unidade e empuxe na acci\u00f3n dos movementos sociais, favorables \u00e1 autodeterminaci\u00f3n dos pobos do Estado, limitar\u00e1 a hexemon\u00eda da oligarqu\u00eda espa\u00f1ola, abr\u00edndose paso a Rep\u00fablica dunha vez por todas. Pois, como expresei en m\u00e1is dunha ocasi\u00f3n, te\u00f1o a convicci\u00f3n de que s\u00f3 \u00e9 posible democratizar o Estado aceptando o seu car\u00e1cter plurinacional e o dereito de autodeterminaci\u00f3n. Mentres tanto, contin\u00faa o xenocidio do pobo palestino a mans do Estado de Israel sen que o seu pai, o rei Felipe VI, condene os evidentes crimes de lesa humanidade do goberno israel\u00ed. Pola contra, deuse pr\u00e9sa en condenar de maneira hip\u00f3crita o dereito do pobo palestino \u00e1 resistencia contra o ocupante, cualific\u00e1ndoo de terrorismo.<\/p>\n\n\n\n<p>Manuel Ruiz Robles, antigo militante da UMD, portavoz da iniciativa \u201cmilitares espa\u00f1ois pola paz\u201d.<\/p>\n","protected":false},"excerpt":{"rendered":"<div class=\"mh-excerpt\"><p>O vindeiro martes 31 de outubro representarase nas Cortes unha nova escena de Luces de bohemia: o xuramento solemne da cadete Borb\u00f3n ante os representantes do pobo espa\u00f1ol <a class=\"mh-excerpt-more\" href=\"https:\/\/www.anovapeneira.gal\/index.php\/2023\/11\/07\/luces-de-bohemia-a-farsa-constitucional\/\" title=\"Luces de bohemia: a farsa constitucional\">[&#8230;]<\/a><\/p>\n<\/div>","protected":false},"author":12,"featured_media":9435,"comment_status":"open","ping_status":"open","sticky":false,"template":"","format":"standard","meta":{"_exactmetrics_skip_tracking":false,"_exactmetrics_sitenote_active":false,"_exactmetrics_sitenote_note":"","_exactmetrics_sitenote_category":0,"footnotes":""},"categories":[7],"tags":[1352],"class_list":{"0":"post-10707","1":"post","2":"type-post","3":"status-publish","4":"format-standard","5":"has-post-thumbnail","7":"category-artigos-de-opinion","8":"tag-manuel-ruiz-robles"},"yoast_head":"<!-- This site is optimized with the Yoast SEO plugin v27.4 - https:\/\/yoast.com\/product\/yoast-seo-wordpress\/ -->\n<title>Luces de bohemia: a farsa constitucional -<\/title>\n<meta name=\"description\" content=\"O vindeiro martes 31 de outubro representarase nas Cortes unha nova escena de Luces de bohemia: o xuramento solemne da cadete Borb\u00f3n ante os representantes do pobo espa\u00f1ol\" \/>\n<meta name=\"robots\" content=\"index, follow, max-snippet:-1, max-image-preview:large, max-video-preview:-1\" \/>\n<link rel=\"canonical\" href=\"https:\/\/www.anovapeneira.gal\/index.php\/2023\/11\/07\/luces-de-bohemia-a-farsa-constitucional\/\" \/>\n<meta property=\"og:locale\" content=\"gl_ES\" \/>\n<meta property=\"og:type\" content=\"article\" \/>\n<meta property=\"og:title\" content=\"Luces de bohemia: a farsa constitucional -\" \/>\n<meta property=\"og:description\" content=\"O vindeiro martes 31 de outubro representarase nas Cortes unha nova escena de Luces de bohemia: o xuramento solemne da cadete Borb\u00f3n ante os representantes do pobo espa\u00f1ol\" \/>\n<meta property=\"og:url\" content=\"https:\/\/www.anovapeneira.gal\/index.php\/2023\/11\/07\/luces-de-bohemia-a-farsa-constitucional\/\" \/>\n<meta property=\"article:publisher\" content=\"https:\/\/www.facebook.com\/anovapeneira\" \/>\n<meta property=\"article:published_time\" content=\"2023-11-07T11:00:49+00:00\" \/>\n<meta property=\"og:image\" content=\"https:\/\/www.anovapeneira.gal\/wp-content\/uploads\/2023\/04\/manuel-ruiz.jpg\" \/>\n\t<meta property=\"og:image:width\" content=\"720\" \/>\n\t<meta property=\"og:image:height\" content=\"432\" \/>\n\t<meta property=\"og:image:type\" content=\"image\/jpeg\" \/>\n<meta name=\"author\" content=\"Artigos Opini\u00f3n\" \/>\n<meta name=\"twitter:card\" content=\"summary_large_image\" \/>\n<meta name=\"twitter:creator\" content=\"@APeneira\" \/>\n<meta name=\"twitter:site\" content=\"@APeneira\" \/>\n<meta name=\"twitter:label1\" content=\"Escrito por\" \/>\n\t<meta name=\"twitter:data1\" content=\"Artigos Opini\u00f3n\" \/>\n\t<meta name=\"twitter:label2\" content=\"Tempo de lectura\" \/>\n\t<meta name=\"twitter:data2\" content=\"3 minutos\" \/>\n<script type=\"application\/ld+json\" class=\"yoast-schema-graph\">{\"@context\":\"https:\\\/\\\/schema.org\",\"@graph\":[{\"@type\":\"Article\",\"@id\":\"https:\\\/\\\/www.anovapeneira.gal\\\/index.php\\\/2023\\\/11\\\/07\\\/luces-de-bohemia-a-farsa-constitucional\\\/#article\",\"isPartOf\":{\"@id\":\"https:\\\/\\\/www.anovapeneira.gal\\\/index.php\\\/2023\\\/11\\\/07\\\/luces-de-bohemia-a-farsa-constitucional\\\/\"},\"author\":{\"name\":\"Artigos Opini\u00f3n\",\"@id\":\"https:\\\/\\\/www.anovapeneira.gal\\\/#\\\/schema\\\/person\\\/f18a4feb302e8f20bcef4490b5b60bb3\"},\"headline\":\"Luces de bohemia: a farsa constitucional\",\"datePublished\":\"2023-11-07T11:00:49+00:00\",\"mainEntityOfPage\":{\"@id\":\"https:\\\/\\\/www.anovapeneira.gal\\\/index.php\\\/2023\\\/11\\\/07\\\/luces-de-bohemia-a-farsa-constitucional\\\/\"},\"wordCount\":531,\"commentCount\":0,\"publisher\":{\"@id\":\"https:\\\/\\\/www.anovapeneira.gal\\\/#organization\"},\"image\":{\"@id\":\"https:\\\/\\\/www.anovapeneira.gal\\\/index.php\\\/2023\\\/11\\\/07\\\/luces-de-bohemia-a-farsa-constitucional\\\/#primaryimage\"},\"thumbnailUrl\":\"https:\\\/\\\/www.anovapeneira.gal\\\/wp-content\\\/uploads\\\/2023\\\/04\\\/manuel-ruiz.jpg\",\"keywords\":[\"Manuel Ruiz Robles\"],\"articleSection\":[\"Artigos de opini\u00f3n\"],\"inLanguage\":\"gl-ES\",\"potentialAction\":[{\"@type\":\"CommentAction\",\"name\":\"Comment\",\"target\":[\"https:\\\/\\\/www.anovapeneira.gal\\\/index.php\\\/2023\\\/11\\\/07\\\/luces-de-bohemia-a-farsa-constitucional\\\/#respond\"]}]},{\"@type\":\"WebPage\",\"@id\":\"https:\\\/\\\/www.anovapeneira.gal\\\/index.php\\\/2023\\\/11\\\/07\\\/luces-de-bohemia-a-farsa-constitucional\\\/\",\"url\":\"https:\\\/\\\/www.anovapeneira.gal\\\/index.php\\\/2023\\\/11\\\/07\\\/luces-de-bohemia-a-farsa-constitucional\\\/\",\"name\":\"Luces de bohemia: a farsa constitucional -\",\"isPartOf\":{\"@id\":\"https:\\\/\\\/www.anovapeneira.gal\\\/#website\"},\"primaryImageOfPage\":{\"@id\":\"https:\\\/\\\/www.anovapeneira.gal\\\/index.php\\\/2023\\\/11\\\/07\\\/luces-de-bohemia-a-farsa-constitucional\\\/#primaryimage\"},\"image\":{\"@id\":\"https:\\\/\\\/www.anovapeneira.gal\\\/index.php\\\/2023\\\/11\\\/07\\\/luces-de-bohemia-a-farsa-constitucional\\\/#primaryimage\"},\"thumbnailUrl\":\"https:\\\/\\\/www.anovapeneira.gal\\\/wp-content\\\/uploads\\\/2023\\\/04\\\/manuel-ruiz.jpg\",\"datePublished\":\"2023-11-07T11:00:49+00:00\",\"description\":\"O vindeiro martes 31 de outubro representarase nas Cortes unha nova escena de Luces de bohemia: o xuramento solemne da cadete Borb\u00f3n ante os representantes do pobo espa\u00f1ol\",\"breadcrumb\":{\"@id\":\"https:\\\/\\\/www.anovapeneira.gal\\\/index.php\\\/2023\\\/11\\\/07\\\/luces-de-bohemia-a-farsa-constitucional\\\/#breadcrumb\"},\"inLanguage\":\"gl-ES\",\"potentialAction\":[{\"@type\":\"ReadAction\",\"target\":[\"https:\\\/\\\/www.anovapeneira.gal\\\/index.php\\\/2023\\\/11\\\/07\\\/luces-de-bohemia-a-farsa-constitucional\\\/\"]}]},{\"@type\":\"ImageObject\",\"inLanguage\":\"gl-ES\",\"@id\":\"https:\\\/\\\/www.anovapeneira.gal\\\/index.php\\\/2023\\\/11\\\/07\\\/luces-de-bohemia-a-farsa-constitucional\\\/#primaryimage\",\"url\":\"https:\\\/\\\/www.anovapeneira.gal\\\/wp-content\\\/uploads\\\/2023\\\/04\\\/manuel-ruiz.jpg\",\"contentUrl\":\"https:\\\/\\\/www.anovapeneira.gal\\\/wp-content\\\/uploads\\\/2023\\\/04\\\/manuel-ruiz.jpg\",\"width\":720,\"height\":432,\"caption\":\"Manuel Ruiz\"},{\"@type\":\"BreadcrumbList\",\"@id\":\"https:\\\/\\\/www.anovapeneira.gal\\\/index.php\\\/2023\\\/11\\\/07\\\/luces-de-bohemia-a-farsa-constitucional\\\/#breadcrumb\",\"itemListElement\":[{\"@type\":\"ListItem\",\"position\":1,\"name\":\"Portada\",\"item\":\"https:\\\/\\\/www.anovapeneira.gal\\\/\"},{\"@type\":\"ListItem\",\"position\":2,\"name\":\"Luces de bohemia: a farsa constitucional\"}]},{\"@type\":\"WebSite\",\"@id\":\"https:\\\/\\\/www.anovapeneira.gal\\\/#website\",\"url\":\"https:\\\/\\\/www.anovapeneira.gal\\\/\",\"name\":\"\",\"description\":\"Xornal galego de informaci\u00f3n xeral Publicaci\u00f3n mensual de novas de Galicia e en especial dos Concellos da sur da provincia de Pontevedra.\",\"publisher\":{\"@id\":\"https:\\\/\\\/www.anovapeneira.gal\\\/#organization\"},\"potentialAction\":[{\"@type\":\"SearchAction\",\"target\":{\"@type\":\"EntryPoint\",\"urlTemplate\":\"https:\\\/\\\/www.anovapeneira.gal\\\/?s={search_term_string}\"},\"query-input\":{\"@type\":\"PropertyValueSpecification\",\"valueRequired\":true,\"valueName\":\"search_term_string\"}}],\"inLanguage\":\"gl-ES\"},{\"@type\":\"Organization\",\"@id\":\"https:\\\/\\\/www.anovapeneira.gal\\\/#organization\",\"name\":\"A Nova Peneira\",\"url\":\"https:\\\/\\\/www.anovapeneira.gal\\\/\",\"logo\":{\"@type\":\"ImageObject\",\"inLanguage\":\"gl-ES\",\"@id\":\"https:\\\/\\\/www.anovapeneira.gal\\\/#\\\/schema\\\/logo\\\/image\\\/\",\"url\":\"http:\\\/\\\/www.anovapeneira.gal\\\/wp-content\\\/uploads\\\/2019\\\/06\\\/logo_a_nova_peneira_portal_web.png\",\"contentUrl\":\"http:\\\/\\\/www.anovapeneira.gal\\\/wp-content\\\/uploads\\\/2019\\\/06\\\/logo_a_nova_peneira_portal_web.png\",\"width\":300,\"height\":100,\"caption\":\"A Nova Peneira\"},\"image\":{\"@id\":\"https:\\\/\\\/www.anovapeneira.gal\\\/#\\\/schema\\\/logo\\\/image\\\/\"},\"sameAs\":[\"https:\\\/\\\/www.facebook.com\\\/anovapeneira\",\"https:\\\/\\\/x.com\\\/APeneira\"]},{\"@type\":\"Person\",\"@id\":\"https:\\\/\\\/www.anovapeneira.gal\\\/#\\\/schema\\\/person\\\/f18a4feb302e8f20bcef4490b5b60bb3\",\"name\":\"Artigos Opini\u00f3n\",\"image\":{\"@type\":\"ImageObject\",\"inLanguage\":\"gl-ES\",\"@id\":\"https:\\\/\\\/secure.gravatar.com\\\/avatar\\\/072844300f4881150aee2da4278f7a65d16eefdf8262eb67085f1e702de2b959?s=96&d=mm&r=g\",\"url\":\"https:\\\/\\\/secure.gravatar.com\\\/avatar\\\/072844300f4881150aee2da4278f7a65d16eefdf8262eb67085f1e702de2b959?s=96&d=mm&r=g\",\"contentUrl\":\"https:\\\/\\\/secure.gravatar.com\\\/avatar\\\/072844300f4881150aee2da4278f7a65d16eefdf8262eb67085f1e702de2b959?s=96&d=mm&r=g\",\"caption\":\"Artigos Opini\u00f3n\"},\"sameAs\":[\"http:\\\/\\\/anovapeneira.gal\"],\"url\":\"https:\\\/\\\/www.anovapeneira.gal\\\/index.php\\\/author\\\/artigosopinion\\\/\"}]}<\/script>\n<!-- \/ Yoast SEO plugin. -->","yoast_head_json":{"title":"Luces de bohemia: a farsa constitucional -","description":"O vindeiro martes 31 de outubro representarase nas Cortes unha nova escena de Luces de bohemia: o xuramento solemne da cadete Borb\u00f3n ante os representantes do pobo espa\u00f1ol","robots":{"index":"index","follow":"follow","max-snippet":"max-snippet:-1","max-image-preview":"max-image-preview:large","max-video-preview":"max-video-preview:-1"},"canonical":"https:\/\/www.anovapeneira.gal\/index.php\/2023\/11\/07\/luces-de-bohemia-a-farsa-constitucional\/","og_locale":"gl_ES","og_type":"article","og_title":"Luces de bohemia: a farsa constitucional -","og_description":"O vindeiro martes 31 de outubro representarase nas Cortes unha nova escena de Luces de bohemia: o xuramento solemne da cadete Borb\u00f3n ante os representantes do pobo espa\u00f1ol","og_url":"https:\/\/www.anovapeneira.gal\/index.php\/2023\/11\/07\/luces-de-bohemia-a-farsa-constitucional\/","article_publisher":"https:\/\/www.facebook.com\/anovapeneira","article_published_time":"2023-11-07T11:00:49+00:00","og_image":[{"width":720,"height":432,"url":"https:\/\/www.anovapeneira.gal\/wp-content\/uploads\/2023\/04\/manuel-ruiz.jpg","type":"image\/jpeg"}],"author":"Artigos Opini\u00f3n","twitter_card":"summary_large_image","twitter_creator":"@APeneira","twitter_site":"@APeneira","twitter_misc":{"Escrito por":"Artigos Opini\u00f3n","Tempo de lectura":"3 minutos"},"schema":{"@context":"https:\/\/schema.org","@graph":[{"@type":"Article","@id":"https:\/\/www.anovapeneira.gal\/index.php\/2023\/11\/07\/luces-de-bohemia-a-farsa-constitucional\/#article","isPartOf":{"@id":"https:\/\/www.anovapeneira.gal\/index.php\/2023\/11\/07\/luces-de-bohemia-a-farsa-constitucional\/"},"author":{"name":"Artigos Opini\u00f3n","@id":"https:\/\/www.anovapeneira.gal\/#\/schema\/person\/f18a4feb302e8f20bcef4490b5b60bb3"},"headline":"Luces de bohemia: a farsa constitucional","datePublished":"2023-11-07T11:00:49+00:00","mainEntityOfPage":{"@id":"https:\/\/www.anovapeneira.gal\/index.php\/2023\/11\/07\/luces-de-bohemia-a-farsa-constitucional\/"},"wordCount":531,"commentCount":0,"publisher":{"@id":"https:\/\/www.anovapeneira.gal\/#organization"},"image":{"@id":"https:\/\/www.anovapeneira.gal\/index.php\/2023\/11\/07\/luces-de-bohemia-a-farsa-constitucional\/#primaryimage"},"thumbnailUrl":"https:\/\/www.anovapeneira.gal\/wp-content\/uploads\/2023\/04\/manuel-ruiz.jpg","keywords":["Manuel Ruiz Robles"],"articleSection":["Artigos de opini\u00f3n"],"inLanguage":"gl-ES","potentialAction":[{"@type":"CommentAction","name":"Comment","target":["https:\/\/www.anovapeneira.gal\/index.php\/2023\/11\/07\/luces-de-bohemia-a-farsa-constitucional\/#respond"]}]},{"@type":"WebPage","@id":"https:\/\/www.anovapeneira.gal\/index.php\/2023\/11\/07\/luces-de-bohemia-a-farsa-constitucional\/","url":"https:\/\/www.anovapeneira.gal\/index.php\/2023\/11\/07\/luces-de-bohemia-a-farsa-constitucional\/","name":"Luces de bohemia: a farsa constitucional -","isPartOf":{"@id":"https:\/\/www.anovapeneira.gal\/#website"},"primaryImageOfPage":{"@id":"https:\/\/www.anovapeneira.gal\/index.php\/2023\/11\/07\/luces-de-bohemia-a-farsa-constitucional\/#primaryimage"},"image":{"@id":"https:\/\/www.anovapeneira.gal\/index.php\/2023\/11\/07\/luces-de-bohemia-a-farsa-constitucional\/#primaryimage"},"thumbnailUrl":"https:\/\/www.anovapeneira.gal\/wp-content\/uploads\/2023\/04\/manuel-ruiz.jpg","datePublished":"2023-11-07T11:00:49+00:00","description":"O vindeiro martes 31 de outubro representarase nas Cortes unha nova escena de Luces de bohemia: o xuramento solemne da cadete Borb\u00f3n ante os representantes do pobo espa\u00f1ol","breadcrumb":{"@id":"https:\/\/www.anovapeneira.gal\/index.php\/2023\/11\/07\/luces-de-bohemia-a-farsa-constitucional\/#breadcrumb"},"inLanguage":"gl-ES","potentialAction":[{"@type":"ReadAction","target":["https:\/\/www.anovapeneira.gal\/index.php\/2023\/11\/07\/luces-de-bohemia-a-farsa-constitucional\/"]}]},{"@type":"ImageObject","inLanguage":"gl-ES","@id":"https:\/\/www.anovapeneira.gal\/index.php\/2023\/11\/07\/luces-de-bohemia-a-farsa-constitucional\/#primaryimage","url":"https:\/\/www.anovapeneira.gal\/wp-content\/uploads\/2023\/04\/manuel-ruiz.jpg","contentUrl":"https:\/\/www.anovapeneira.gal\/wp-content\/uploads\/2023\/04\/manuel-ruiz.jpg","width":720,"height":432,"caption":"Manuel Ruiz"},{"@type":"BreadcrumbList","@id":"https:\/\/www.anovapeneira.gal\/index.php\/2023\/11\/07\/luces-de-bohemia-a-farsa-constitucional\/#breadcrumb","itemListElement":[{"@type":"ListItem","position":1,"name":"Portada","item":"https:\/\/www.anovapeneira.gal\/"},{"@type":"ListItem","position":2,"name":"Luces de bohemia: a farsa constitucional"}]},{"@type":"WebSite","@id":"https:\/\/www.anovapeneira.gal\/#website","url":"https:\/\/www.anovapeneira.gal\/","name":"","description":"Xornal galego de informaci\u00f3n xeral Publicaci\u00f3n mensual de novas de Galicia e en especial dos Concellos da sur da provincia de Pontevedra.","publisher":{"@id":"https:\/\/www.anovapeneira.gal\/#organization"},"potentialAction":[{"@type":"SearchAction","target":{"@type":"EntryPoint","urlTemplate":"https:\/\/www.anovapeneira.gal\/?s={search_term_string}"},"query-input":{"@type":"PropertyValueSpecification","valueRequired":true,"valueName":"search_term_string"}}],"inLanguage":"gl-ES"},{"@type":"Organization","@id":"https:\/\/www.anovapeneira.gal\/#organization","name":"A Nova Peneira","url":"https:\/\/www.anovapeneira.gal\/","logo":{"@type":"ImageObject","inLanguage":"gl-ES","@id":"https:\/\/www.anovapeneira.gal\/#\/schema\/logo\/image\/","url":"http:\/\/www.anovapeneira.gal\/wp-content\/uploads\/2019\/06\/logo_a_nova_peneira_portal_web.png","contentUrl":"http:\/\/www.anovapeneira.gal\/wp-content\/uploads\/2019\/06\/logo_a_nova_peneira_portal_web.png","width":300,"height":100,"caption":"A Nova Peneira"},"image":{"@id":"https:\/\/www.anovapeneira.gal\/#\/schema\/logo\/image\/"},"sameAs":["https:\/\/www.facebook.com\/anovapeneira","https:\/\/x.com\/APeneira"]},{"@type":"Person","@id":"https:\/\/www.anovapeneira.gal\/#\/schema\/person\/f18a4feb302e8f20bcef4490b5b60bb3","name":"Artigos Opini\u00f3n","image":{"@type":"ImageObject","inLanguage":"gl-ES","@id":"https:\/\/secure.gravatar.com\/avatar\/072844300f4881150aee2da4278f7a65d16eefdf8262eb67085f1e702de2b959?s=96&d=mm&r=g","url":"https:\/\/secure.gravatar.com\/avatar\/072844300f4881150aee2da4278f7a65d16eefdf8262eb67085f1e702de2b959?s=96&d=mm&r=g","contentUrl":"https:\/\/secure.gravatar.com\/avatar\/072844300f4881150aee2da4278f7a65d16eefdf8262eb67085f1e702de2b959?s=96&d=mm&r=g","caption":"Artigos Opini\u00f3n"},"sameAs":["http:\/\/anovapeneira.gal"],"url":"https:\/\/www.anovapeneira.gal\/index.php\/author\/artigosopinion\/"}]}},"jetpack_featured_media_url":"https:\/\/www.anovapeneira.gal\/wp-content\/uploads\/2023\/04\/manuel-ruiz.jpg","_links":{"self":[{"href":"https:\/\/www.anovapeneira.gal\/index.php\/wp-json\/wp\/v2\/posts\/10707","targetHints":{"allow":["GET"]}}],"collection":[{"href":"https:\/\/www.anovapeneira.gal\/index.php\/wp-json\/wp\/v2\/posts"}],"about":[{"href":"https:\/\/www.anovapeneira.gal\/index.php\/wp-json\/wp\/v2\/types\/post"}],"author":[{"embeddable":true,"href":"https:\/\/www.anovapeneira.gal\/index.php\/wp-json\/wp\/v2\/users\/12"}],"replies":[{"embeddable":true,"href":"https:\/\/www.anovapeneira.gal\/index.php\/wp-json\/wp\/v2\/comments?post=10707"}],"version-history":[{"count":1,"href":"https:\/\/www.anovapeneira.gal\/index.php\/wp-json\/wp\/v2\/posts\/10707\/revisions"}],"predecessor-version":[{"id":10708,"href":"https:\/\/www.anovapeneira.gal\/index.php\/wp-json\/wp\/v2\/posts\/10707\/revisions\/10708"}],"wp:featuredmedia":[{"embeddable":true,"href":"https:\/\/www.anovapeneira.gal\/index.php\/wp-json\/wp\/v2\/media\/9435"}],"wp:attachment":[{"href":"https:\/\/www.anovapeneira.gal\/index.php\/wp-json\/wp\/v2\/media?parent=10707"}],"wp:term":[{"taxonomy":"category","embeddable":true,"href":"https:\/\/www.anovapeneira.gal\/index.php\/wp-json\/wp\/v2\/categories?post=10707"},{"taxonomy":"post_tag","embeddable":true,"href":"https:\/\/www.anovapeneira.gal\/index.php\/wp-json\/wp\/v2\/tags?post=10707"}],"curies":[{"name":"wp","href":"https:\/\/api.w.org\/{rel}","templated":true}]}}