{"id":10715,"date":"2023-11-08T12:00:12","date_gmt":"2023-11-08T11:00:12","guid":{"rendered":"https:\/\/www.anovapeneira.gal\/?p=10715"},"modified":"2023-11-07T19:58:33","modified_gmt":"2023-11-07T18:58:33","slug":"juan-manuel-alfaya-ocampo-maxistrado-xubilado","status":"publish","type":"post","link":"https:\/\/www.anovapeneira.gal\/index.php\/2023\/11\/08\/juan-manuel-alfaya-ocampo-maxistrado-xubilado\/","title":{"rendered":"Juan Manuel Alfaya Ocampo , Maxistrado xubilado"},"content":{"rendered":"\n<p><strong>Juanma Alfaya \u00e9 un veci\u00f1o de Redondela que goza da s\u00faa xubilaci\u00f3n despois dunha longa e brillante carreira como xu\u00edz. Conversar con el \u00e9 dese tipo de cousas que me fan adorar o meu traballo de contador de historias da mi\u00f1a querida vila de Redondela nas p\u00e1xinas de A Nova Peneira. Juan Manuel \u00e9 un inmenso oc\u00e9ano de lucidez, un conversador excelente que, imaxino que condicionado polo seu pasado como xurista, trata de armar os seus argumentos con rigor e de defendelos con solidez. Ser\u00eda imposible para calquera persoa cun m\u00ednimo de honestidade intelectual , non contaminada por apriorismos de ning\u00fan tipo, despois de escoitar ou ler a Juan Manuel seguir a defender o esperpento da monarqu\u00eda espa\u00f1ola.<\/strong><\/p>\n\n\n\n<p>\u201c<strong>Desde o punto de vista sem\u00e1ntico nacionalidade e naci\u00f3n \u00e9 o mesmo.\u201d<\/strong><\/p>\n\n\n\n<p><strong>Facemos esta entrevista o d\u00eda na que a herdeira \u00e1 xefatura do estado xura a constituci\u00f3n, corpus legal que estar\u00eda obrigada a cumprir?<\/strong><\/p>\n\n\n\n<blockquote class=\"wp-block-quote is-layout-flow wp-block-quote-is-layout-flow\">\n<p>En teor\u00eda si, claro. Todos os cidad\u00e1ns do estado espa\u00f1ol estamos obrigados a cumprir a constituci\u00f3n, e o xefe ou xefa do estado tam\u00e9n. Pero no seu caso d\u00e1se unha situaci\u00f3n asombrosa pois como ese texto legal conf\u00edrelle inviolabilidade xur\u00eddica, \u00e9 dicir impunidade, poder\u00eda facer calquera cousa contraria \u00e1 constituci\u00f3n, incluso dar un golpe de estado , que non lle pasar\u00eda nada.<\/p>\n<\/blockquote>\n\n\n\n<p><strong>E ti que opinas desa interpretaci\u00f3n sobre a inviolabilidade absoluta da xefatura do estado que fan os TS e TC espa\u00f1ois?<\/strong><\/p>\n\n\n\n<blockquote class=\"wp-block-quote is-layout-flow wp-block-quote-is-layout-flow\">\n<p>Para min \u00e9 insostible .Responde a unha concepci\u00f3n teocr\u00e1tica da xefatura do estado. A quen lle cabe na cabeza que o Rei puidera por exemplo violar a unha nena e estar exento de responsabilidades?.\u00c9 absurdo.<\/p>\n<\/blockquote>\n\n\n\n<p><strong>Cal \u00e9 a t\u00faa opini\u00f3n xur\u00eddica sobre aquela entrevista a Adolfo Su\u00e1rez na que reco\u00f1ece que meteu a monarqu\u00eda con calzador no medio do texto da lei para a reforma pol\u00edtica, pois ti\u00f1an enquisas que prognosticaban que no caso dun referendo directo entre monarqu\u00eda e Rep\u00fablica ga\u00f1ar\u00eda a opci\u00f3n republicana?<\/strong><\/p>\n\n\n\n<blockquote class=\"wp-block-quote is-layout-flow wp-block-quote-is-layout-flow\">\n<p>Aquel momento era moi perigoso e foi necesario o consenso. Eu votei a constituci\u00f3n pero iso non significa que me guste todo o que di. O que se debera facer \u00e9 un referendo directo entre monarqu\u00eda e Rep\u00fablica para que os espa\u00f1ois puideramos opinar sobre a forma de estado que queremos.<\/p>\n<\/blockquote>\n\n\n\n<p><strong>Sobre o asunto da amnist\u00eda para os participantes do proceso independentista catal\u00e1n do ano 17, cal \u00e9 a t\u00faa opini\u00f3n?.<\/strong><\/p>\n\n\n\n<blockquote class=\"wp-block-quote is-layout-flow wp-block-quote-is-layout-flow\">\n<p>O principal argumento dos que est\u00e1n en contra, dos que est\u00e1n en contra desta amnist\u00eda pois das amnist\u00edas fiscais non dixeron nada, \u00e9 que \u00e9 anticonstitucional. \u00c9 un argumento falso. A constituci\u00f3n non a prohibe. A constituci\u00f3n non ten nada que ver coa amnist\u00eda. Debe regularse por unha lei org\u00e1nica parlamentaria segundo as circunstancias concretas de cada momento.<\/p>\n<\/blockquote>\n\n\n\n<p><strong>Existe un nacionalismo centralista espa\u00f1ol que nega as distintas nacionalidades do estado?<\/strong><\/p>\n\n\n\n<blockquote class=\"wp-block-quote is-layout-flow wp-block-quote-is-layout-flow\">\n<p>Existe o nacionalismo perif\u00e9rico e o nacionalismo centralista tam\u00e9n, claro que si. De feito o maior comportamento secesionista \u00e9 o que leva a cabo a comunidade de Madrid.<\/p>\n<\/blockquote>\n\n\n\n<p><strong>D\u00e1me un exemplo para soster iso que dis?<\/strong><\/p>\n\n\n\n<blockquote class=\"wp-block-quote is-layout-flow wp-block-quote-is-layout-flow\">\n<p>Na \u00e9poca da pandemia fac\u00edan unha pol\u00edtica propia oposta \u00e1 pol\u00edtica sanitaria xeral de Espa\u00f1a para combater esta grave crise de sa\u00fade p\u00fablica. En materia tributaria tam\u00e9n van pola s\u00faa conta co que prexudican \u00e1s demais comunidades xa que moitas empresas deciden instalarse al\u00ed.<\/p>\n<\/blockquote>\n\n\n\n<p><strong>A constituci\u00f3n diferencia entre nacionalidades e rexi\u00f3ns. Que entende por nacionalidades?<\/strong><\/p>\n\n\n\n<blockquote class=\"wp-block-quote is-layout-flow wp-block-quote-is-layout-flow\">\n<p>Evidentemente unha entidade diferente \u00e1s rexi\u00f3ns pois no caso contrario non introducir\u00eda o termo e denominar\u00eda como rexi\u00f3ns a todas as comunidades de Espa\u00f1a. A nacionalidade \u00e9 un substantivo, non \u00e9 un adxectivo. A propia constituci\u00f3n defende o autogoberno, un concepto vilipendiado polo nacionalismo espa\u00f1ol pero que \u00e9 perfectamente legal.<\/p>\n<\/blockquote>\n\n\n\n<p><strong>A nacionalidade equivale \u00e1 naci\u00f3n?<\/strong><\/p>\n\n\n\n<blockquote class=\"wp-block-quote is-layout-flow wp-block-quote-is-layout-flow\">\n<p>Hai d\u00faas teor\u00edas sobre este asunto: A que di que \u00e9 exactamente o mesmo, e a que di que non, que ser\u00eda unha especie de estadio intermedio entre a rexi\u00f3n e a naci\u00f3n. Ao respecto disto quixer apuntar un asunto que \u00e9 a todas luces chocante e que se refire a que determinados artigos do Estatuto de Catalunya son declarados inconstitucionais polo TC mentres que de artigos que son id\u00e9nticos doutros estatutos de autonom\u00eda, como por exemplo o de Andaluc\u00eda, non din nada en absoluto.<\/p>\n<\/blockquote>\n\n\n\n<p><strong>Se \u00e9 exactamente o mesmo por que se utilizou ese termo e non directamente o termo naci\u00f3n?<\/strong><\/p>\n\n\n\n<blockquote class=\"wp-block-quote is-layout-flow wp-block-quote-is-layout-flow\">\n<p>Hai que situarse no contexto hist\u00f3rico para comprendelo .Estamos na d\u00e9cada dos 70 e o aparato do franquismo estaba plenamente vivo. Ent\u00f3n buscan un termo deliberadamente ambiguo para non molestar en exceso aos que dic\u00edan que Espa\u00f1a era unha grande e libre. De feito eu te\u00f1o unha an\u00e9cdota sobre isto<\/p>\n<\/blockquote>\n\n\n\n<p><strong>Encantar\u00edame co\u00f1ecela?<\/strong><\/p>\n\n\n\n<blockquote class=\"wp-block-quote is-layout-flow wp-block-quote-is-layout-flow\">\n<p>Seica cando os redactores da constituci\u00f3n estaban a pechar ese artigo recibiron un escrito a man dunha \u201c forza extra parlamentaria\u201d no que lles \u201c indicaban\u201d que non se atreveran a utilizar a palabra naci\u00f3n. Ent\u00f3n transixiron e usaron o termo nacionalidade.<\/p>\n<\/blockquote>\n\n\n\n<p><strong>Cal era esa \u201c forza extra parlamentaria\u201d?<\/strong><\/p>\n\n\n\n<blockquote class=\"wp-block-quote is-layout-flow wp-block-quote-is-layout-flow\">\n<p>Supostamente militares. Penso que se non houbera ese contexto pre b\u00e9lico, enormemente perigoso, ter\u00edase empregado o termo naci\u00f3n. Desde o punto de vista sem\u00e1ntico nacionalidade e naci\u00f3n \u00e9 o mesmo. O propio Manuel Fraga di no diario de sesi\u00f3ns \u201c Non \u00e9 o momento de volver sobre o feito indiscutible de que naci\u00f3n e nacionalidade son o mesmo\u201d<\/p>\n<\/blockquote>\n\n\n\n<p><strong>Sobre os pais da constituci\u00f3n creo que a ti o que te gusta \u00e9 Herrero de Mi\u00f1\u00f3n?<\/strong><\/p>\n\n\n\n<blockquote class=\"wp-block-quote is-layout-flow wp-block-quote-is-layout-flow\">\n<p>El \u00e9 un home moi interesante desde logo que si. Nun peri\u00f3dico chegou a dicir que<strong> \u201c <\/strong>Eu creo que en Espa\u00f1a hai diversas nacionalidades, porque Espa\u00f1a \u00e9 unha naci\u00f3n de naci\u00f3ns\u201d.Neste mundo hai moita hipocris\u00eda e moita mentira. F\u00edxate ti onde est\u00e1 situado agora mesmo Felipe Gonz\u00e1lez por exemplo. O mesmo Felipe Gonz\u00e1lez que o 27 de xullo do 2010 escrib\u00eda un artigo en conxunto en El Pa\u00eds con Carme Chac\u00f3n no que dic\u00eda :\u201d Catalu\u00f1a \u00e9 dos suxeitos pol\u00edticos estatais denominados naci\u00f3ns sen estado, a concepci\u00f3n de Espa\u00f1a como naci\u00f3n de naci\u00f3ns fortal\u00e9cenos a todos\u201d\u201d<\/p>\n<\/blockquote>\n\n\n\n<p><strong>Rematamos : Galicia \u00e9 unha naci\u00f3n?<\/strong><\/p>\n\n\n\n<blockquote class=\"wp-block-quote is-layout-flow wp-block-quote-is-layout-flow\">\n<p>Si, claro que si.<\/p>\n<\/blockquote>\n","protected":false},"excerpt":{"rendered":"<div class=\"mh-excerpt\"><p>Juanma Alfaya \u00e9 un veci\u00f1o de Redondela que goza da s\u00faa xubilaci\u00f3n despois dunha longa e brillante carreira como xu\u00edz. Conversar con el \u00e9 dese tipo de cousas que me fan adorar o meu traballo de contador de historias da mi\u00f1a querida vila de Redondela nas p\u00e1xinas de A Nova Peneira <a class=\"mh-excerpt-more\" href=\"https:\/\/www.anovapeneira.gal\/index.php\/2023\/11\/08\/juan-manuel-alfaya-ocampo-maxistrado-xubilado\/\" title=\"Juan Manuel Alfaya Ocampo , Maxistrado xubilado\">[&#8230;]<\/a><\/p>\n<\/div>","protected":false},"author":6,"featured_media":10717,"comment_status":"open","ping_status":"open","sticky":false,"template":"","format":"standard","meta":{"_exactmetrics_skip_tracking":false,"_exactmetrics_sitenote_active":false,"_exactmetrics_sitenote_note":"","_exactmetrics_sitenote_category":0,"footnotes":""},"categories":[270],"tags":[171],"class_list":{"0":"post-10715","1":"post","2":"type-post","3":"status-publish","4":"format-standard","5":"has-post-thumbnail","7":"category-redondela-entrevistas","8":"tag-concello-de-redondela"},"yoast_head":"<!-- This site is optimized with the Yoast SEO plugin v27.4 - https:\/\/yoast.com\/product\/yoast-seo-wordpress\/ -->\n<title>Juan Manuel Alfaya Ocampo , Maxistrado xubilado -<\/title>\n<meta name=\"description\" content=\"Juanma Alfaya \u00e9 un veci\u00f1o de Redondela que goza da s\u00faa xubilaci\u00f3n despois dunha longa e brillante carreira como xu\u00edz. Conversar con el \u00e9 dese tipo de cousas que me fan adorar o meu traballo de contador de historias da mi\u00f1a querida vila de Redondela nas p\u00e1xinas de A Nova Peneira\" \/>\n<meta name=\"robots\" content=\"index, follow, max-snippet:-1, max-image-preview:large, max-video-preview:-1\" \/>\n<link rel=\"canonical\" href=\"https:\/\/www.anovapeneira.gal\/index.php\/2023\/11\/08\/juan-manuel-alfaya-ocampo-maxistrado-xubilado\/\" \/>\n<meta property=\"og:locale\" content=\"gl_ES\" \/>\n<meta property=\"og:type\" content=\"article\" \/>\n<meta property=\"og:title\" content=\"Juan Manuel Alfaya Ocampo , Maxistrado xubilado -\" \/>\n<meta property=\"og:description\" content=\"Juanma Alfaya \u00e9 un veci\u00f1o de Redondela que goza da s\u00faa xubilaci\u00f3n despois dunha longa e brillante carreira como xu\u00edz. Conversar con el \u00e9 dese tipo de cousas que me fan adorar o meu traballo de contador de historias da mi\u00f1a querida vila de Redondela nas p\u00e1xinas de A Nova Peneira\" \/>\n<meta property=\"og:url\" content=\"https:\/\/www.anovapeneira.gal\/index.php\/2023\/11\/08\/juan-manuel-alfaya-ocampo-maxistrado-xubilado\/\" \/>\n<meta property=\"article:publisher\" content=\"https:\/\/www.facebook.com\/anovapeneira\" \/>\n<meta property=\"article:published_time\" content=\"2023-11-08T11:00:12+00:00\" \/>\n<meta property=\"og:image\" content=\"https:\/\/www.anovapeneira.gal\/wp-content\/uploads\/2023\/11\/juanma_alfaya.jpg\" \/>\n\t<meta property=\"og:image:width\" content=\"720\" \/>\n\t<meta property=\"og:image:height\" content=\"432\" \/>\n\t<meta property=\"og:image:type\" content=\"image\/jpeg\" \/>\n<meta name=\"author\" content=\"Marcos Santos\" \/>\n<meta name=\"twitter:card\" content=\"summary_large_image\" \/>\n<meta name=\"twitter:creator\" content=\"@APeneira\" \/>\n<meta name=\"twitter:site\" content=\"@APeneira\" \/>\n<meta name=\"twitter:label1\" content=\"Escrito por\" \/>\n\t<meta name=\"twitter:data1\" content=\"Marcos Santos\" \/>\n\t<meta name=\"twitter:label2\" content=\"Tempo de lectura\" \/>\n\t<meta name=\"twitter:data2\" content=\"2 minutos\" \/>\n<script type=\"application\/ld+json\" class=\"yoast-schema-graph\">{\"@context\":\"https:\\\/\\\/schema.org\",\"@graph\":[{\"@type\":\"Article\",\"@id\":\"https:\\\/\\\/www.anovapeneira.gal\\\/index.php\\\/2023\\\/11\\\/08\\\/juan-manuel-alfaya-ocampo-maxistrado-xubilado\\\/#article\",\"isPartOf\":{\"@id\":\"https:\\\/\\\/www.anovapeneira.gal\\\/index.php\\\/2023\\\/11\\\/08\\\/juan-manuel-alfaya-ocampo-maxistrado-xubilado\\\/\"},\"author\":{\"name\":\"Marcos Santos\",\"@id\":\"https:\\\/\\\/www.anovapeneira.gal\\\/#\\\/schema\\\/person\\\/d9d84823564720e7593293bab054e52d\"},\"headline\":\"Juan Manuel Alfaya Ocampo , Maxistrado xubilado\",\"datePublished\":\"2023-11-08T11:00:12+00:00\",\"mainEntityOfPage\":{\"@id\":\"https:\\\/\\\/www.anovapeneira.gal\\\/index.php\\\/2023\\\/11\\\/08\\\/juan-manuel-alfaya-ocampo-maxistrado-xubilado\\\/\"},\"wordCount\":1093,\"commentCount\":0,\"publisher\":{\"@id\":\"https:\\\/\\\/www.anovapeneira.gal\\\/#organization\"},\"image\":{\"@id\":\"https:\\\/\\\/www.anovapeneira.gal\\\/index.php\\\/2023\\\/11\\\/08\\\/juan-manuel-alfaya-ocampo-maxistrado-xubilado\\\/#primaryimage\"},\"thumbnailUrl\":\"https:\\\/\\\/www.anovapeneira.gal\\\/wp-content\\\/uploads\\\/2023\\\/11\\\/juanma_alfaya.jpg\",\"keywords\":[\"Concello de Redondela\"],\"articleSection\":[\"Redondela\"],\"inLanguage\":\"gl-ES\",\"potentialAction\":[{\"@type\":\"CommentAction\",\"name\":\"Comment\",\"target\":[\"https:\\\/\\\/www.anovapeneira.gal\\\/index.php\\\/2023\\\/11\\\/08\\\/juan-manuel-alfaya-ocampo-maxistrado-xubilado\\\/#respond\"]}]},{\"@type\":\"WebPage\",\"@id\":\"https:\\\/\\\/www.anovapeneira.gal\\\/index.php\\\/2023\\\/11\\\/08\\\/juan-manuel-alfaya-ocampo-maxistrado-xubilado\\\/\",\"url\":\"https:\\\/\\\/www.anovapeneira.gal\\\/index.php\\\/2023\\\/11\\\/08\\\/juan-manuel-alfaya-ocampo-maxistrado-xubilado\\\/\",\"name\":\"Juan Manuel Alfaya Ocampo , Maxistrado xubilado -\",\"isPartOf\":{\"@id\":\"https:\\\/\\\/www.anovapeneira.gal\\\/#website\"},\"primaryImageOfPage\":{\"@id\":\"https:\\\/\\\/www.anovapeneira.gal\\\/index.php\\\/2023\\\/11\\\/08\\\/juan-manuel-alfaya-ocampo-maxistrado-xubilado\\\/#primaryimage\"},\"image\":{\"@id\":\"https:\\\/\\\/www.anovapeneira.gal\\\/index.php\\\/2023\\\/11\\\/08\\\/juan-manuel-alfaya-ocampo-maxistrado-xubilado\\\/#primaryimage\"},\"thumbnailUrl\":\"https:\\\/\\\/www.anovapeneira.gal\\\/wp-content\\\/uploads\\\/2023\\\/11\\\/juanma_alfaya.jpg\",\"datePublished\":\"2023-11-08T11:00:12+00:00\",\"description\":\"Juanma Alfaya \u00e9 un veci\u00f1o de Redondela que goza da s\u00faa xubilaci\u00f3n despois dunha longa e brillante carreira como xu\u00edz. Conversar con el \u00e9 dese tipo de cousas que me fan adorar o meu traballo de contador de historias da mi\u00f1a querida vila de Redondela nas p\u00e1xinas de A Nova Peneira\",\"breadcrumb\":{\"@id\":\"https:\\\/\\\/www.anovapeneira.gal\\\/index.php\\\/2023\\\/11\\\/08\\\/juan-manuel-alfaya-ocampo-maxistrado-xubilado\\\/#breadcrumb\"},\"inLanguage\":\"gl-ES\",\"potentialAction\":[{\"@type\":\"ReadAction\",\"target\":[\"https:\\\/\\\/www.anovapeneira.gal\\\/index.php\\\/2023\\\/11\\\/08\\\/juan-manuel-alfaya-ocampo-maxistrado-xubilado\\\/\"]}]},{\"@type\":\"ImageObject\",\"inLanguage\":\"gl-ES\",\"@id\":\"https:\\\/\\\/www.anovapeneira.gal\\\/index.php\\\/2023\\\/11\\\/08\\\/juan-manuel-alfaya-ocampo-maxistrado-xubilado\\\/#primaryimage\",\"url\":\"https:\\\/\\\/www.anovapeneira.gal\\\/wp-content\\\/uploads\\\/2023\\\/11\\\/juanma_alfaya.jpg\",\"contentUrl\":\"https:\\\/\\\/www.anovapeneira.gal\\\/wp-content\\\/uploads\\\/2023\\\/11\\\/juanma_alfaya.jpg\",\"width\":720,\"height\":432,\"caption\":\"Juanma Alfaya\"},{\"@type\":\"BreadcrumbList\",\"@id\":\"https:\\\/\\\/www.anovapeneira.gal\\\/index.php\\\/2023\\\/11\\\/08\\\/juan-manuel-alfaya-ocampo-maxistrado-xubilado\\\/#breadcrumb\",\"itemListElement\":[{\"@type\":\"ListItem\",\"position\":1,\"name\":\"Portada\",\"item\":\"https:\\\/\\\/www.anovapeneira.gal\\\/\"},{\"@type\":\"ListItem\",\"position\":2,\"name\":\"Juan Manuel Alfaya Ocampo , Maxistrado xubilado\"}]},{\"@type\":\"WebSite\",\"@id\":\"https:\\\/\\\/www.anovapeneira.gal\\\/#website\",\"url\":\"https:\\\/\\\/www.anovapeneira.gal\\\/\",\"name\":\"\",\"description\":\"Xornal galego de informaci\u00f3n xeral Publicaci\u00f3n mensual de novas de Galicia e en especial dos Concellos da sur da provincia de Pontevedra.\",\"publisher\":{\"@id\":\"https:\\\/\\\/www.anovapeneira.gal\\\/#organization\"},\"potentialAction\":[{\"@type\":\"SearchAction\",\"target\":{\"@type\":\"EntryPoint\",\"urlTemplate\":\"https:\\\/\\\/www.anovapeneira.gal\\\/?s={search_term_string}\"},\"query-input\":{\"@type\":\"PropertyValueSpecification\",\"valueRequired\":true,\"valueName\":\"search_term_string\"}}],\"inLanguage\":\"gl-ES\"},{\"@type\":\"Organization\",\"@id\":\"https:\\\/\\\/www.anovapeneira.gal\\\/#organization\",\"name\":\"A Nova Peneira\",\"url\":\"https:\\\/\\\/www.anovapeneira.gal\\\/\",\"logo\":{\"@type\":\"ImageObject\",\"inLanguage\":\"gl-ES\",\"@id\":\"https:\\\/\\\/www.anovapeneira.gal\\\/#\\\/schema\\\/logo\\\/image\\\/\",\"url\":\"http:\\\/\\\/www.anovapeneira.gal\\\/wp-content\\\/uploads\\\/2019\\\/06\\\/logo_a_nova_peneira_portal_web.png\",\"contentUrl\":\"http:\\\/\\\/www.anovapeneira.gal\\\/wp-content\\\/uploads\\\/2019\\\/06\\\/logo_a_nova_peneira_portal_web.png\",\"width\":300,\"height\":100,\"caption\":\"A Nova Peneira\"},\"image\":{\"@id\":\"https:\\\/\\\/www.anovapeneira.gal\\\/#\\\/schema\\\/logo\\\/image\\\/\"},\"sameAs\":[\"https:\\\/\\\/www.facebook.com\\\/anovapeneira\",\"https:\\\/\\\/x.com\\\/APeneira\"]},{\"@type\":\"Person\",\"@id\":\"https:\\\/\\\/www.anovapeneira.gal\\\/#\\\/schema\\\/person\\\/d9d84823564720e7593293bab054e52d\",\"name\":\"Marcos Santos\",\"image\":{\"@type\":\"ImageObject\",\"inLanguage\":\"gl-ES\",\"@id\":\"https:\\\/\\\/secure.gravatar.com\\\/avatar\\\/0e8017099a7a47c0a9d2275e865fe326484561eb3d70649069e4b8e61a8d2e8c?s=96&d=mm&r=g\",\"url\":\"https:\\\/\\\/secure.gravatar.com\\\/avatar\\\/0e8017099a7a47c0a9d2275e865fe326484561eb3d70649069e4b8e61a8d2e8c?s=96&d=mm&r=g\",\"contentUrl\":\"https:\\\/\\\/secure.gravatar.com\\\/avatar\\\/0e8017099a7a47c0a9d2275e865fe326484561eb3d70649069e4b8e61a8d2e8c?s=96&d=mm&r=g\",\"caption\":\"Marcos Santos\"},\"sameAs\":[\"http:\\\/\\\/anovapeneira.gal\"],\"url\":\"https:\\\/\\\/www.anovapeneira.gal\\\/index.php\\\/author\\\/marcos-santos\\\/\"}]}<\/script>\n<!-- \/ Yoast SEO plugin. -->","yoast_head_json":{"title":"Juan Manuel Alfaya Ocampo , Maxistrado xubilado -","description":"Juanma Alfaya \u00e9 un veci\u00f1o de Redondela que goza da s\u00faa xubilaci\u00f3n despois dunha longa e brillante carreira como xu\u00edz. Conversar con el \u00e9 dese tipo de cousas que me fan adorar o meu traballo de contador de historias da mi\u00f1a querida vila de Redondela nas p\u00e1xinas de A Nova Peneira","robots":{"index":"index","follow":"follow","max-snippet":"max-snippet:-1","max-image-preview":"max-image-preview:large","max-video-preview":"max-video-preview:-1"},"canonical":"https:\/\/www.anovapeneira.gal\/index.php\/2023\/11\/08\/juan-manuel-alfaya-ocampo-maxistrado-xubilado\/","og_locale":"gl_ES","og_type":"article","og_title":"Juan Manuel Alfaya Ocampo , Maxistrado xubilado -","og_description":"Juanma Alfaya \u00e9 un veci\u00f1o de Redondela que goza da s\u00faa xubilaci\u00f3n despois dunha longa e brillante carreira como xu\u00edz. Conversar con el \u00e9 dese tipo de cousas que me fan adorar o meu traballo de contador de historias da mi\u00f1a querida vila de Redondela nas p\u00e1xinas de A Nova Peneira","og_url":"https:\/\/www.anovapeneira.gal\/index.php\/2023\/11\/08\/juan-manuel-alfaya-ocampo-maxistrado-xubilado\/","article_publisher":"https:\/\/www.facebook.com\/anovapeneira","article_published_time":"2023-11-08T11:00:12+00:00","og_image":[{"width":720,"height":432,"url":"https:\/\/www.anovapeneira.gal\/wp-content\/uploads\/2023\/11\/juanma_alfaya.jpg","type":"image\/jpeg"}],"author":"Marcos Santos","twitter_card":"summary_large_image","twitter_creator":"@APeneira","twitter_site":"@APeneira","twitter_misc":{"Escrito por":"Marcos Santos","Tempo de lectura":"2 minutos"},"schema":{"@context":"https:\/\/schema.org","@graph":[{"@type":"Article","@id":"https:\/\/www.anovapeneira.gal\/index.php\/2023\/11\/08\/juan-manuel-alfaya-ocampo-maxistrado-xubilado\/#article","isPartOf":{"@id":"https:\/\/www.anovapeneira.gal\/index.php\/2023\/11\/08\/juan-manuel-alfaya-ocampo-maxistrado-xubilado\/"},"author":{"name":"Marcos Santos","@id":"https:\/\/www.anovapeneira.gal\/#\/schema\/person\/d9d84823564720e7593293bab054e52d"},"headline":"Juan Manuel Alfaya Ocampo , Maxistrado xubilado","datePublished":"2023-11-08T11:00:12+00:00","mainEntityOfPage":{"@id":"https:\/\/www.anovapeneira.gal\/index.php\/2023\/11\/08\/juan-manuel-alfaya-ocampo-maxistrado-xubilado\/"},"wordCount":1093,"commentCount":0,"publisher":{"@id":"https:\/\/www.anovapeneira.gal\/#organization"},"image":{"@id":"https:\/\/www.anovapeneira.gal\/index.php\/2023\/11\/08\/juan-manuel-alfaya-ocampo-maxistrado-xubilado\/#primaryimage"},"thumbnailUrl":"https:\/\/www.anovapeneira.gal\/wp-content\/uploads\/2023\/11\/juanma_alfaya.jpg","keywords":["Concello de Redondela"],"articleSection":["Redondela"],"inLanguage":"gl-ES","potentialAction":[{"@type":"CommentAction","name":"Comment","target":["https:\/\/www.anovapeneira.gal\/index.php\/2023\/11\/08\/juan-manuel-alfaya-ocampo-maxistrado-xubilado\/#respond"]}]},{"@type":"WebPage","@id":"https:\/\/www.anovapeneira.gal\/index.php\/2023\/11\/08\/juan-manuel-alfaya-ocampo-maxistrado-xubilado\/","url":"https:\/\/www.anovapeneira.gal\/index.php\/2023\/11\/08\/juan-manuel-alfaya-ocampo-maxistrado-xubilado\/","name":"Juan Manuel Alfaya Ocampo , Maxistrado xubilado -","isPartOf":{"@id":"https:\/\/www.anovapeneira.gal\/#website"},"primaryImageOfPage":{"@id":"https:\/\/www.anovapeneira.gal\/index.php\/2023\/11\/08\/juan-manuel-alfaya-ocampo-maxistrado-xubilado\/#primaryimage"},"image":{"@id":"https:\/\/www.anovapeneira.gal\/index.php\/2023\/11\/08\/juan-manuel-alfaya-ocampo-maxistrado-xubilado\/#primaryimage"},"thumbnailUrl":"https:\/\/www.anovapeneira.gal\/wp-content\/uploads\/2023\/11\/juanma_alfaya.jpg","datePublished":"2023-11-08T11:00:12+00:00","description":"Juanma Alfaya \u00e9 un veci\u00f1o de Redondela que goza da s\u00faa xubilaci\u00f3n despois dunha longa e brillante carreira como xu\u00edz. Conversar con el \u00e9 dese tipo de cousas que me fan adorar o meu traballo de contador de historias da mi\u00f1a querida vila de Redondela nas p\u00e1xinas de A Nova Peneira","breadcrumb":{"@id":"https:\/\/www.anovapeneira.gal\/index.php\/2023\/11\/08\/juan-manuel-alfaya-ocampo-maxistrado-xubilado\/#breadcrumb"},"inLanguage":"gl-ES","potentialAction":[{"@type":"ReadAction","target":["https:\/\/www.anovapeneira.gal\/index.php\/2023\/11\/08\/juan-manuel-alfaya-ocampo-maxistrado-xubilado\/"]}]},{"@type":"ImageObject","inLanguage":"gl-ES","@id":"https:\/\/www.anovapeneira.gal\/index.php\/2023\/11\/08\/juan-manuel-alfaya-ocampo-maxistrado-xubilado\/#primaryimage","url":"https:\/\/www.anovapeneira.gal\/wp-content\/uploads\/2023\/11\/juanma_alfaya.jpg","contentUrl":"https:\/\/www.anovapeneira.gal\/wp-content\/uploads\/2023\/11\/juanma_alfaya.jpg","width":720,"height":432,"caption":"Juanma Alfaya"},{"@type":"BreadcrumbList","@id":"https:\/\/www.anovapeneira.gal\/index.php\/2023\/11\/08\/juan-manuel-alfaya-ocampo-maxistrado-xubilado\/#breadcrumb","itemListElement":[{"@type":"ListItem","position":1,"name":"Portada","item":"https:\/\/www.anovapeneira.gal\/"},{"@type":"ListItem","position":2,"name":"Juan Manuel Alfaya Ocampo , Maxistrado xubilado"}]},{"@type":"WebSite","@id":"https:\/\/www.anovapeneira.gal\/#website","url":"https:\/\/www.anovapeneira.gal\/","name":"","description":"Xornal galego de informaci\u00f3n xeral Publicaci\u00f3n mensual de novas de Galicia e en especial dos Concellos da sur da provincia de Pontevedra.","publisher":{"@id":"https:\/\/www.anovapeneira.gal\/#organization"},"potentialAction":[{"@type":"SearchAction","target":{"@type":"EntryPoint","urlTemplate":"https:\/\/www.anovapeneira.gal\/?s={search_term_string}"},"query-input":{"@type":"PropertyValueSpecification","valueRequired":true,"valueName":"search_term_string"}}],"inLanguage":"gl-ES"},{"@type":"Organization","@id":"https:\/\/www.anovapeneira.gal\/#organization","name":"A Nova Peneira","url":"https:\/\/www.anovapeneira.gal\/","logo":{"@type":"ImageObject","inLanguage":"gl-ES","@id":"https:\/\/www.anovapeneira.gal\/#\/schema\/logo\/image\/","url":"http:\/\/www.anovapeneira.gal\/wp-content\/uploads\/2019\/06\/logo_a_nova_peneira_portal_web.png","contentUrl":"http:\/\/www.anovapeneira.gal\/wp-content\/uploads\/2019\/06\/logo_a_nova_peneira_portal_web.png","width":300,"height":100,"caption":"A Nova Peneira"},"image":{"@id":"https:\/\/www.anovapeneira.gal\/#\/schema\/logo\/image\/"},"sameAs":["https:\/\/www.facebook.com\/anovapeneira","https:\/\/x.com\/APeneira"]},{"@type":"Person","@id":"https:\/\/www.anovapeneira.gal\/#\/schema\/person\/d9d84823564720e7593293bab054e52d","name":"Marcos Santos","image":{"@type":"ImageObject","inLanguage":"gl-ES","@id":"https:\/\/secure.gravatar.com\/avatar\/0e8017099a7a47c0a9d2275e865fe326484561eb3d70649069e4b8e61a8d2e8c?s=96&d=mm&r=g","url":"https:\/\/secure.gravatar.com\/avatar\/0e8017099a7a47c0a9d2275e865fe326484561eb3d70649069e4b8e61a8d2e8c?s=96&d=mm&r=g","contentUrl":"https:\/\/secure.gravatar.com\/avatar\/0e8017099a7a47c0a9d2275e865fe326484561eb3d70649069e4b8e61a8d2e8c?s=96&d=mm&r=g","caption":"Marcos Santos"},"sameAs":["http:\/\/anovapeneira.gal"],"url":"https:\/\/www.anovapeneira.gal\/index.php\/author\/marcos-santos\/"}]}},"jetpack_featured_media_url":"https:\/\/www.anovapeneira.gal\/wp-content\/uploads\/2023\/11\/juanma_alfaya.jpg","_links":{"self":[{"href":"https:\/\/www.anovapeneira.gal\/index.php\/wp-json\/wp\/v2\/posts\/10715","targetHints":{"allow":["GET"]}}],"collection":[{"href":"https:\/\/www.anovapeneira.gal\/index.php\/wp-json\/wp\/v2\/posts"}],"about":[{"href":"https:\/\/www.anovapeneira.gal\/index.php\/wp-json\/wp\/v2\/types\/post"}],"author":[{"embeddable":true,"href":"https:\/\/www.anovapeneira.gal\/index.php\/wp-json\/wp\/v2\/users\/6"}],"replies":[{"embeddable":true,"href":"https:\/\/www.anovapeneira.gal\/index.php\/wp-json\/wp\/v2\/comments?post=10715"}],"version-history":[{"count":1,"href":"https:\/\/www.anovapeneira.gal\/index.php\/wp-json\/wp\/v2\/posts\/10715\/revisions"}],"predecessor-version":[{"id":10716,"href":"https:\/\/www.anovapeneira.gal\/index.php\/wp-json\/wp\/v2\/posts\/10715\/revisions\/10716"}],"wp:featuredmedia":[{"embeddable":true,"href":"https:\/\/www.anovapeneira.gal\/index.php\/wp-json\/wp\/v2\/media\/10717"}],"wp:attachment":[{"href":"https:\/\/www.anovapeneira.gal\/index.php\/wp-json\/wp\/v2\/media?parent=10715"}],"wp:term":[{"taxonomy":"category","embeddable":true,"href":"https:\/\/www.anovapeneira.gal\/index.php\/wp-json\/wp\/v2\/categories?post=10715"},{"taxonomy":"post_tag","embeddable":true,"href":"https:\/\/www.anovapeneira.gal\/index.php\/wp-json\/wp\/v2\/tags?post=10715"}],"curies":[{"name":"wp","href":"https:\/\/api.w.org\/{rel}","templated":true}]}}