{"id":1072,"date":"2019-08-26T12:00:38","date_gmt":"2019-08-26T10:00:38","guid":{"rendered":"http:\/\/www.anovapeneira.gal\/?p=1072"},"modified":"2019-10-01T12:21:20","modified_gmt":"2019-10-01T10:21:20","slug":"a-valedora-do-pobo-admite-a-tramite-a-queixa-presentada-polo-concello-de-bueu-en-relacion-co-libre-acceso-da-vecinanza-a-illa-de-ons","status":"publish","type":"post","link":"https:\/\/www.anovapeneira.gal\/index.php\/2019\/08\/26\/a-valedora-do-pobo-admite-a-tramite-a-queixa-presentada-polo-concello-de-bueu-en-relacion-co-libre-acceso-da-vecinanza-a-illa-de-ons\/","title":{"rendered":"A Valedora do Pobo admite a tr\u00e1mite a queixa presentada polo Concello de Bueu en  relaci\u00f3n co libre acceso da veci\u00f1anza \u00e1 Illa de Ons"},"content":{"rendered":"\n<p> <strong>Bueu,  22 de agosto de 2019<\/strong><\/p>\n\n\n\n<p>A Valedora do Pobo admitiu a tr\u00e1mite a queixa presentada polo Concello de Bueu en relaci\u00f3n coa defensa do libre acceso da veci\u00f1anza \u00e1 Illa de Ons. No escrito remitido ao Concello esta semana, a Valedora expresa que \u201cunha vez estudada a s\u00faa queixa, d\u00e1mola por admitida ao entender que re\u00fane os requisitos formais recollidos no artigo 18 da Lei do Valedor do Pobo, e que atopa, en principio, cobertura constitucional derivada do artigo 103.1 da Constituci\u00f3n\u201d.<\/p>\n\n\n\n<p>F\u00e9lix Juncal, alcalde de Bueu, dirixira a este organismo o pasado mes de xullo un escrito no que se reclamaba o dereito da veci\u00f1anza a acceder \u00e1 Illa de Ons, sen a imposici\u00f3n de carn\u00e9s, dado que \u201cestes non aparecen no Plan Reitor de Usos e Xesti\u00f3n do Parque Nacional das Illas Atl\u00e1nticas\u201d. O seguinte paso \u00e9 que a Valedora inicie as actuaci\u00f3ns oportunas ante a Conseller\u00eda de Medio Ambiente, Territorio e Vivenda para co\u00f1ecer a s\u00faa postura ante o asunto.  <\/p>\n\n\n\n<p>Desde a corporaci\u00f3n defenden que os veci\u00f1os e veci\u00f1as da Illa non poden ser considerados como visitantes e que, polo tanto, debe permit\u00edrselles acceder con total liberdade \u00e1s s\u00faas vivendas, non s\u00f3 aos concesionarios\/as sen\u00f3n tam\u00e9n ao seu entorno e c\u00edrculo familiar, xa que eles e elas constit\u00faen elementos fundamentais de Ons e forman parte do seu patrimonio vivo e inmaterial.  <\/p>\n\n\n\n<p>O rexedor xa avanzou en varias ocasi\u00f3ns que \u201co Concello pensar\u00e1 moi seriamente se continuar co apoio \u00e1 declaraci\u00f3n deste espazo como Patrimonio da Humanidade, pois non se entende que se vaia en contra da propia humanidade\u201d nunha clara alusi\u00f3n \u00e1 veci\u00f1anza que desde sempre accedeu \u00e1 Illa de Ons e \u00e1s s\u00faas vivendas libremente. Por iso, e dada a preocupaci\u00f3n do goberno ante a inminencia das festas de San Xaqu\u00edn que se celebran na Illa esta fin de semana, Juncal mantivo esta ma\u00f1\u00e1 unha conversa telef\u00f3nica coa Directora Xeral de Patrimonio Natural, onde esta lle asegurou que a veci\u00f1anza non \u00eda ter problemas de acceso.  <\/p>\n\n\n\n<p>Os voceiros dos grupos municipais de Bueu levan mantendo diversas xuntanzas coa veci\u00f1anza da Illa para mostrar o seu apoio coa s\u00faa causa, pois Ons non se entende sen a s\u00faa cultura, sen a s\u00faa historia, sen a s\u00faa xente. Esta mesma idea se lles trasladou aos representantes dos grupos parlamentarios o pasado mes.<\/p>\n","protected":false},"excerpt":{"rendered":"<div class=\"mh-excerpt\"><p>A Valedora do Pobo admitiu a tr\u00e1mite a queixa presentada polo Concello de Bueu en relaci\u00f3n coa defensa do libre acceso da veci\u00f1anza \u00e1 Illa de Ons. <a class=\"mh-excerpt-more\" href=\"https:\/\/www.anovapeneira.gal\/index.php\/2019\/08\/26\/a-valedora-do-pobo-admite-a-tramite-a-queixa-presentada-polo-concello-de-bueu-en-relacion-co-libre-acceso-da-vecinanza-a-illa-de-ons\/\" title=\"A Valedora do Pobo admite a tr\u00e1mite a queixa presentada polo Concello de Bueu en  relaci\u00f3n co libre acceso da veci\u00f1anza \u00e1 Illa de Ons\">[&#8230;]<\/a><\/p>\n<\/div>","protected":false},"author":3,"featured_media":1062,"comment_status":"open","ping_status":"open","sticky":false,"template":"","format":"standard","meta":{"_exactmetrics_skip_tracking":false,"_exactmetrics_sitenote_active":false,"_exactmetrics_sitenote_note":"","_exactmetrics_sitenote_category":0,"footnotes":""},"categories":[22],"tags":[440,498,159,499],"class_list":{"0":"post-1072","1":"post","2":"type-post","3":"status-publish","4":"format-standard","5":"has-post-thumbnail","7":"category-morrazo","8":"tag-concello-de-bueu","9":"tag-illa-de-ons","10":"tag-medio-ambiente","11":"tag-parque-nacional-das-illas-atlanticas"},"yoast_head":"<!-- This site is optimized with the Yoast SEO plugin v27.4 - https:\/\/yoast.com\/product\/yoast-seo-wordpress\/ -->\n<title>A Valedora do Pobo admite a tr\u00e1mite a queixa presentada polo Concello de Bueu en relaci\u00f3n co libre acceso da veci\u00f1anza \u00e1 Illa de Ons -<\/title>\n<meta name=\"robots\" content=\"index, follow, max-snippet:-1, max-image-preview:large, max-video-preview:-1\" \/>\n<link rel=\"canonical\" href=\"https:\/\/www.anovapeneira.gal\/index.php\/2019\/08\/26\/a-valedora-do-pobo-admite-a-tramite-a-queixa-presentada-polo-concello-de-bueu-en-relacion-co-libre-acceso-da-vecinanza-a-illa-de-ons\/\" \/>\n<meta property=\"og:locale\" content=\"gl_ES\" \/>\n<meta property=\"og:type\" content=\"article\" \/>\n<meta property=\"og:title\" content=\"A Valedora do Pobo admite a tr\u00e1mite a queixa presentada polo Concello de Bueu en relaci\u00f3n co libre acceso da veci\u00f1anza \u00e1 Illa de Ons -\" \/>\n<meta property=\"og:description\" content=\"A Valedora do Pobo admitiu a tr\u00e1mite a queixa presentada polo Concello de Bueu en relaci\u00f3n coa defensa do libre acceso da veci\u00f1anza \u00e1 Illa de Ons. [...]\" \/>\n<meta property=\"og:url\" content=\"https:\/\/www.anovapeneira.gal\/index.php\/2019\/08\/26\/a-valedora-do-pobo-admite-a-tramite-a-queixa-presentada-polo-concello-de-bueu-en-relacion-co-libre-acceso-da-vecinanza-a-illa-de-ons\/\" \/>\n<meta property=\"article:publisher\" content=\"https:\/\/www.facebook.com\/anovapeneira\" \/>\n<meta property=\"article:published_time\" content=\"2019-08-26T10:00:38+00:00\" \/>\n<meta property=\"article:modified_time\" content=\"2019-10-01T10:21:20+00:00\" \/>\n<meta property=\"og:image\" content=\"https:\/\/www.anovapeneira.gal\/wp-content\/uploads\/2019\/08\/reunion_vecinanza_illa_ons_a_nova_peneira.jpg\" \/>\n\t<meta property=\"og:image:width\" content=\"720\" \/>\n\t<meta property=\"og:image:height\" content=\"473\" \/>\n\t<meta property=\"og:image:type\" content=\"image\/jpeg\" \/>\n<meta name=\"author\" content=\"Redacci\u00f3n A Nova Peneira\" \/>\n<meta name=\"twitter:card\" content=\"summary_large_image\" \/>\n<meta name=\"twitter:creator\" content=\"@APeneira\" \/>\n<meta name=\"twitter:site\" content=\"@APeneira\" \/>\n<meta name=\"twitter:label1\" content=\"Escrito por\" \/>\n\t<meta name=\"twitter:data1\" content=\"Redacci\u00f3n A Nova Peneira\" \/>\n\t<meta name=\"twitter:label2\" content=\"Tempo de lectura\" \/>\n\t<meta name=\"twitter:data2\" content=\"2 minutos\" \/>\n<script type=\"application\/ld+json\" class=\"yoast-schema-graph\">{\"@context\":\"https:\\\/\\\/schema.org\",\"@graph\":[{\"@type\":\"Article\",\"@id\":\"https:\\\/\\\/www.anovapeneira.gal\\\/index.php\\\/2019\\\/08\\\/26\\\/a-valedora-do-pobo-admite-a-tramite-a-queixa-presentada-polo-concello-de-bueu-en-relacion-co-libre-acceso-da-vecinanza-a-illa-de-ons\\\/#article\",\"isPartOf\":{\"@id\":\"https:\\\/\\\/www.anovapeneira.gal\\\/index.php\\\/2019\\\/08\\\/26\\\/a-valedora-do-pobo-admite-a-tramite-a-queixa-presentada-polo-concello-de-bueu-en-relacion-co-libre-acceso-da-vecinanza-a-illa-de-ons\\\/\"},\"author\":{\"name\":\"Redacci\u00f3n A Nova Peneira\",\"@id\":\"https:\\\/\\\/www.anovapeneira.gal\\\/#\\\/schema\\\/person\\\/b93e3f8932e3f8da96334607eb6ac6aa\"},\"headline\":\"A Valedora do Pobo admite a tr\u00e1mite a queixa presentada polo Concello de Bueu en relaci\u00f3n co libre acceso da veci\u00f1anza \u00e1 Illa de Ons\",\"datePublished\":\"2019-08-26T10:00:38+00:00\",\"dateModified\":\"2019-10-01T10:21:20+00:00\",\"mainEntityOfPage\":{\"@id\":\"https:\\\/\\\/www.anovapeneira.gal\\\/index.php\\\/2019\\\/08\\\/26\\\/a-valedora-do-pobo-admite-a-tramite-a-queixa-presentada-polo-concello-de-bueu-en-relacion-co-libre-acceso-da-vecinanza-a-illa-de-ons\\\/\"},\"wordCount\":443,\"commentCount\":0,\"publisher\":{\"@id\":\"https:\\\/\\\/www.anovapeneira.gal\\\/#organization\"},\"image\":{\"@id\":\"https:\\\/\\\/www.anovapeneira.gal\\\/index.php\\\/2019\\\/08\\\/26\\\/a-valedora-do-pobo-admite-a-tramite-a-queixa-presentada-polo-concello-de-bueu-en-relacion-co-libre-acceso-da-vecinanza-a-illa-de-ons\\\/#primaryimage\"},\"thumbnailUrl\":\"https:\\\/\\\/www.anovapeneira.gal\\\/wp-content\\\/uploads\\\/2019\\\/08\\\/reunion_vecinanza_illa_ons_a_nova_peneira.jpg\",\"keywords\":[\"Concello de Bueu\",\"Illa de Ons\",\"Medio Ambiente\",\"Parque Nacional das Illas Atl\u00e1nticas\"],\"articleSection\":[\"Morrazo\"],\"inLanguage\":\"gl-ES\",\"potentialAction\":[{\"@type\":\"CommentAction\",\"name\":\"Comment\",\"target\":[\"https:\\\/\\\/www.anovapeneira.gal\\\/index.php\\\/2019\\\/08\\\/26\\\/a-valedora-do-pobo-admite-a-tramite-a-queixa-presentada-polo-concello-de-bueu-en-relacion-co-libre-acceso-da-vecinanza-a-illa-de-ons\\\/#respond\"]}]},{\"@type\":\"WebPage\",\"@id\":\"https:\\\/\\\/www.anovapeneira.gal\\\/index.php\\\/2019\\\/08\\\/26\\\/a-valedora-do-pobo-admite-a-tramite-a-queixa-presentada-polo-concello-de-bueu-en-relacion-co-libre-acceso-da-vecinanza-a-illa-de-ons\\\/\",\"url\":\"https:\\\/\\\/www.anovapeneira.gal\\\/index.php\\\/2019\\\/08\\\/26\\\/a-valedora-do-pobo-admite-a-tramite-a-queixa-presentada-polo-concello-de-bueu-en-relacion-co-libre-acceso-da-vecinanza-a-illa-de-ons\\\/\",\"name\":\"A Valedora do Pobo admite a tr\u00e1mite a queixa presentada polo Concello de Bueu en relaci\u00f3n co libre acceso da veci\u00f1anza \u00e1 Illa de Ons -\",\"isPartOf\":{\"@id\":\"https:\\\/\\\/www.anovapeneira.gal\\\/#website\"},\"primaryImageOfPage\":{\"@id\":\"https:\\\/\\\/www.anovapeneira.gal\\\/index.php\\\/2019\\\/08\\\/26\\\/a-valedora-do-pobo-admite-a-tramite-a-queixa-presentada-polo-concello-de-bueu-en-relacion-co-libre-acceso-da-vecinanza-a-illa-de-ons\\\/#primaryimage\"},\"image\":{\"@id\":\"https:\\\/\\\/www.anovapeneira.gal\\\/index.php\\\/2019\\\/08\\\/26\\\/a-valedora-do-pobo-admite-a-tramite-a-queixa-presentada-polo-concello-de-bueu-en-relacion-co-libre-acceso-da-vecinanza-a-illa-de-ons\\\/#primaryimage\"},\"thumbnailUrl\":\"https:\\\/\\\/www.anovapeneira.gal\\\/wp-content\\\/uploads\\\/2019\\\/08\\\/reunion_vecinanza_illa_ons_a_nova_peneira.jpg\",\"datePublished\":\"2019-08-26T10:00:38+00:00\",\"dateModified\":\"2019-10-01T10:21:20+00:00\",\"breadcrumb\":{\"@id\":\"https:\\\/\\\/www.anovapeneira.gal\\\/index.php\\\/2019\\\/08\\\/26\\\/a-valedora-do-pobo-admite-a-tramite-a-queixa-presentada-polo-concello-de-bueu-en-relacion-co-libre-acceso-da-vecinanza-a-illa-de-ons\\\/#breadcrumb\"},\"inLanguage\":\"gl-ES\",\"potentialAction\":[{\"@type\":\"ReadAction\",\"target\":[\"https:\\\/\\\/www.anovapeneira.gal\\\/index.php\\\/2019\\\/08\\\/26\\\/a-valedora-do-pobo-admite-a-tramite-a-queixa-presentada-polo-concello-de-bueu-en-relacion-co-libre-acceso-da-vecinanza-a-illa-de-ons\\\/\"]}]},{\"@type\":\"ImageObject\",\"inLanguage\":\"gl-ES\",\"@id\":\"https:\\\/\\\/www.anovapeneira.gal\\\/index.php\\\/2019\\\/08\\\/26\\\/a-valedora-do-pobo-admite-a-tramite-a-queixa-presentada-polo-concello-de-bueu-en-relacion-co-libre-acceso-da-vecinanza-a-illa-de-ons\\\/#primaryimage\",\"url\":\"https:\\\/\\\/www.anovapeneira.gal\\\/wp-content\\\/uploads\\\/2019\\\/08\\\/reunion_vecinanza_illa_ons_a_nova_peneira.jpg\",\"contentUrl\":\"https:\\\/\\\/www.anovapeneira.gal\\\/wp-content\\\/uploads\\\/2019\\\/08\\\/reunion_vecinanza_illa_ons_a_nova_peneira.jpg\",\"width\":720,\"height\":473,\"caption\":\"Veci\u00f1anda illa de \u00d3ns A Nova Peneira\"},{\"@type\":\"BreadcrumbList\",\"@id\":\"https:\\\/\\\/www.anovapeneira.gal\\\/index.php\\\/2019\\\/08\\\/26\\\/a-valedora-do-pobo-admite-a-tramite-a-queixa-presentada-polo-concello-de-bueu-en-relacion-co-libre-acceso-da-vecinanza-a-illa-de-ons\\\/#breadcrumb\",\"itemListElement\":[{\"@type\":\"ListItem\",\"position\":1,\"name\":\"Portada\",\"item\":\"https:\\\/\\\/www.anovapeneira.gal\\\/\"},{\"@type\":\"ListItem\",\"position\":2,\"name\":\"A Valedora do Pobo admite a tr\u00e1mite a queixa presentada polo Concello de Bueu en relaci\u00f3n co libre acceso da veci\u00f1anza \u00e1 Illa de Ons\"}]},{\"@type\":\"WebSite\",\"@id\":\"https:\\\/\\\/www.anovapeneira.gal\\\/#website\",\"url\":\"https:\\\/\\\/www.anovapeneira.gal\\\/\",\"name\":\"\",\"description\":\"Xornal galego de informaci\u00f3n xeral Publicaci\u00f3n mensual de novas de Galicia e en especial dos Concellos da sur da provincia de Pontevedra.\",\"publisher\":{\"@id\":\"https:\\\/\\\/www.anovapeneira.gal\\\/#organization\"},\"potentialAction\":[{\"@type\":\"SearchAction\",\"target\":{\"@type\":\"EntryPoint\",\"urlTemplate\":\"https:\\\/\\\/www.anovapeneira.gal\\\/?s={search_term_string}\"},\"query-input\":{\"@type\":\"PropertyValueSpecification\",\"valueRequired\":true,\"valueName\":\"search_term_string\"}}],\"inLanguage\":\"gl-ES\"},{\"@type\":\"Organization\",\"@id\":\"https:\\\/\\\/www.anovapeneira.gal\\\/#organization\",\"name\":\"A Nova Peneira\",\"url\":\"https:\\\/\\\/www.anovapeneira.gal\\\/\",\"logo\":{\"@type\":\"ImageObject\",\"inLanguage\":\"gl-ES\",\"@id\":\"https:\\\/\\\/www.anovapeneira.gal\\\/#\\\/schema\\\/logo\\\/image\\\/\",\"url\":\"http:\\\/\\\/www.anovapeneira.gal\\\/wp-content\\\/uploads\\\/2019\\\/06\\\/logo_a_nova_peneira_portal_web.png\",\"contentUrl\":\"http:\\\/\\\/www.anovapeneira.gal\\\/wp-content\\\/uploads\\\/2019\\\/06\\\/logo_a_nova_peneira_portal_web.png\",\"width\":300,\"height\":100,\"caption\":\"A Nova Peneira\"},\"image\":{\"@id\":\"https:\\\/\\\/www.anovapeneira.gal\\\/#\\\/schema\\\/logo\\\/image\\\/\"},\"sameAs\":[\"https:\\\/\\\/www.facebook.com\\\/anovapeneira\",\"https:\\\/\\\/x.com\\\/APeneira\"]},{\"@type\":\"Person\",\"@id\":\"https:\\\/\\\/www.anovapeneira.gal\\\/#\\\/schema\\\/person\\\/b93e3f8932e3f8da96334607eb6ac6aa\",\"name\":\"Redacci\u00f3n A Nova Peneira\",\"image\":{\"@type\":\"ImageObject\",\"inLanguage\":\"gl-ES\",\"@id\":\"https:\\\/\\\/secure.gravatar.com\\\/avatar\\\/c052a2551a06e23fac63626232eaa90abd78dbcf1700fc46a2b2c89fd27b735f?s=96&d=mm&r=g\",\"url\":\"https:\\\/\\\/secure.gravatar.com\\\/avatar\\\/c052a2551a06e23fac63626232eaa90abd78dbcf1700fc46a2b2c89fd27b735f?s=96&d=mm&r=g\",\"contentUrl\":\"https:\\\/\\\/secure.gravatar.com\\\/avatar\\\/c052a2551a06e23fac63626232eaa90abd78dbcf1700fc46a2b2c89fd27b735f?s=96&d=mm&r=g\",\"caption\":\"Redacci\u00f3n A Nova Peneira\"},\"sameAs\":[\"http:\\\/\\\/www.anovapeneira.gal\\\/\"],\"url\":\"https:\\\/\\\/www.anovapeneira.gal\\\/index.php\\\/author\\\/redactor\\\/\"}]}<\/script>\n<!-- \/ Yoast SEO plugin. -->","yoast_head_json":{"title":"A Valedora do Pobo admite a tr\u00e1mite a queixa presentada polo Concello de Bueu en relaci\u00f3n co libre acceso da veci\u00f1anza \u00e1 Illa de Ons -","robots":{"index":"index","follow":"follow","max-snippet":"max-snippet:-1","max-image-preview":"max-image-preview:large","max-video-preview":"max-video-preview:-1"},"canonical":"https:\/\/www.anovapeneira.gal\/index.php\/2019\/08\/26\/a-valedora-do-pobo-admite-a-tramite-a-queixa-presentada-polo-concello-de-bueu-en-relacion-co-libre-acceso-da-vecinanza-a-illa-de-ons\/","og_locale":"gl_ES","og_type":"article","og_title":"A Valedora do Pobo admite a tr\u00e1mite a queixa presentada polo Concello de Bueu en relaci\u00f3n co libre acceso da veci\u00f1anza \u00e1 Illa de Ons -","og_description":"A Valedora do Pobo admitiu a tr\u00e1mite a queixa presentada polo Concello de Bueu en relaci\u00f3n coa defensa do libre acceso da veci\u00f1anza \u00e1 Illa de Ons. [...]","og_url":"https:\/\/www.anovapeneira.gal\/index.php\/2019\/08\/26\/a-valedora-do-pobo-admite-a-tramite-a-queixa-presentada-polo-concello-de-bueu-en-relacion-co-libre-acceso-da-vecinanza-a-illa-de-ons\/","article_publisher":"https:\/\/www.facebook.com\/anovapeneira","article_published_time":"2019-08-26T10:00:38+00:00","article_modified_time":"2019-10-01T10:21:20+00:00","og_image":[{"width":720,"height":473,"url":"https:\/\/www.anovapeneira.gal\/wp-content\/uploads\/2019\/08\/reunion_vecinanza_illa_ons_a_nova_peneira.jpg","type":"image\/jpeg"}],"author":"Redacci\u00f3n A Nova Peneira","twitter_card":"summary_large_image","twitter_creator":"@APeneira","twitter_site":"@APeneira","twitter_misc":{"Escrito por":"Redacci\u00f3n A Nova Peneira","Tempo de lectura":"2 minutos"},"schema":{"@context":"https:\/\/schema.org","@graph":[{"@type":"Article","@id":"https:\/\/www.anovapeneira.gal\/index.php\/2019\/08\/26\/a-valedora-do-pobo-admite-a-tramite-a-queixa-presentada-polo-concello-de-bueu-en-relacion-co-libre-acceso-da-vecinanza-a-illa-de-ons\/#article","isPartOf":{"@id":"https:\/\/www.anovapeneira.gal\/index.php\/2019\/08\/26\/a-valedora-do-pobo-admite-a-tramite-a-queixa-presentada-polo-concello-de-bueu-en-relacion-co-libre-acceso-da-vecinanza-a-illa-de-ons\/"},"author":{"name":"Redacci\u00f3n A Nova Peneira","@id":"https:\/\/www.anovapeneira.gal\/#\/schema\/person\/b93e3f8932e3f8da96334607eb6ac6aa"},"headline":"A Valedora do Pobo admite a tr\u00e1mite a queixa presentada polo Concello de Bueu en relaci\u00f3n co libre acceso da veci\u00f1anza \u00e1 Illa de Ons","datePublished":"2019-08-26T10:00:38+00:00","dateModified":"2019-10-01T10:21:20+00:00","mainEntityOfPage":{"@id":"https:\/\/www.anovapeneira.gal\/index.php\/2019\/08\/26\/a-valedora-do-pobo-admite-a-tramite-a-queixa-presentada-polo-concello-de-bueu-en-relacion-co-libre-acceso-da-vecinanza-a-illa-de-ons\/"},"wordCount":443,"commentCount":0,"publisher":{"@id":"https:\/\/www.anovapeneira.gal\/#organization"},"image":{"@id":"https:\/\/www.anovapeneira.gal\/index.php\/2019\/08\/26\/a-valedora-do-pobo-admite-a-tramite-a-queixa-presentada-polo-concello-de-bueu-en-relacion-co-libre-acceso-da-vecinanza-a-illa-de-ons\/#primaryimage"},"thumbnailUrl":"https:\/\/www.anovapeneira.gal\/wp-content\/uploads\/2019\/08\/reunion_vecinanza_illa_ons_a_nova_peneira.jpg","keywords":["Concello de Bueu","Illa de Ons","Medio Ambiente","Parque Nacional das Illas Atl\u00e1nticas"],"articleSection":["Morrazo"],"inLanguage":"gl-ES","potentialAction":[{"@type":"CommentAction","name":"Comment","target":["https:\/\/www.anovapeneira.gal\/index.php\/2019\/08\/26\/a-valedora-do-pobo-admite-a-tramite-a-queixa-presentada-polo-concello-de-bueu-en-relacion-co-libre-acceso-da-vecinanza-a-illa-de-ons\/#respond"]}]},{"@type":"WebPage","@id":"https:\/\/www.anovapeneira.gal\/index.php\/2019\/08\/26\/a-valedora-do-pobo-admite-a-tramite-a-queixa-presentada-polo-concello-de-bueu-en-relacion-co-libre-acceso-da-vecinanza-a-illa-de-ons\/","url":"https:\/\/www.anovapeneira.gal\/index.php\/2019\/08\/26\/a-valedora-do-pobo-admite-a-tramite-a-queixa-presentada-polo-concello-de-bueu-en-relacion-co-libre-acceso-da-vecinanza-a-illa-de-ons\/","name":"A Valedora do Pobo admite a tr\u00e1mite a queixa presentada polo Concello de Bueu en relaci\u00f3n co libre acceso da veci\u00f1anza \u00e1 Illa de Ons -","isPartOf":{"@id":"https:\/\/www.anovapeneira.gal\/#website"},"primaryImageOfPage":{"@id":"https:\/\/www.anovapeneira.gal\/index.php\/2019\/08\/26\/a-valedora-do-pobo-admite-a-tramite-a-queixa-presentada-polo-concello-de-bueu-en-relacion-co-libre-acceso-da-vecinanza-a-illa-de-ons\/#primaryimage"},"image":{"@id":"https:\/\/www.anovapeneira.gal\/index.php\/2019\/08\/26\/a-valedora-do-pobo-admite-a-tramite-a-queixa-presentada-polo-concello-de-bueu-en-relacion-co-libre-acceso-da-vecinanza-a-illa-de-ons\/#primaryimage"},"thumbnailUrl":"https:\/\/www.anovapeneira.gal\/wp-content\/uploads\/2019\/08\/reunion_vecinanza_illa_ons_a_nova_peneira.jpg","datePublished":"2019-08-26T10:00:38+00:00","dateModified":"2019-10-01T10:21:20+00:00","breadcrumb":{"@id":"https:\/\/www.anovapeneira.gal\/index.php\/2019\/08\/26\/a-valedora-do-pobo-admite-a-tramite-a-queixa-presentada-polo-concello-de-bueu-en-relacion-co-libre-acceso-da-vecinanza-a-illa-de-ons\/#breadcrumb"},"inLanguage":"gl-ES","potentialAction":[{"@type":"ReadAction","target":["https:\/\/www.anovapeneira.gal\/index.php\/2019\/08\/26\/a-valedora-do-pobo-admite-a-tramite-a-queixa-presentada-polo-concello-de-bueu-en-relacion-co-libre-acceso-da-vecinanza-a-illa-de-ons\/"]}]},{"@type":"ImageObject","inLanguage":"gl-ES","@id":"https:\/\/www.anovapeneira.gal\/index.php\/2019\/08\/26\/a-valedora-do-pobo-admite-a-tramite-a-queixa-presentada-polo-concello-de-bueu-en-relacion-co-libre-acceso-da-vecinanza-a-illa-de-ons\/#primaryimage","url":"https:\/\/www.anovapeneira.gal\/wp-content\/uploads\/2019\/08\/reunion_vecinanza_illa_ons_a_nova_peneira.jpg","contentUrl":"https:\/\/www.anovapeneira.gal\/wp-content\/uploads\/2019\/08\/reunion_vecinanza_illa_ons_a_nova_peneira.jpg","width":720,"height":473,"caption":"Veci\u00f1anda illa de \u00d3ns A Nova Peneira"},{"@type":"BreadcrumbList","@id":"https:\/\/www.anovapeneira.gal\/index.php\/2019\/08\/26\/a-valedora-do-pobo-admite-a-tramite-a-queixa-presentada-polo-concello-de-bueu-en-relacion-co-libre-acceso-da-vecinanza-a-illa-de-ons\/#breadcrumb","itemListElement":[{"@type":"ListItem","position":1,"name":"Portada","item":"https:\/\/www.anovapeneira.gal\/"},{"@type":"ListItem","position":2,"name":"A Valedora do Pobo admite a tr\u00e1mite a queixa presentada polo Concello de Bueu en relaci\u00f3n co libre acceso da veci\u00f1anza \u00e1 Illa de Ons"}]},{"@type":"WebSite","@id":"https:\/\/www.anovapeneira.gal\/#website","url":"https:\/\/www.anovapeneira.gal\/","name":"","description":"Xornal galego de informaci\u00f3n xeral Publicaci\u00f3n mensual de novas de Galicia e en especial dos Concellos da sur da provincia de Pontevedra.","publisher":{"@id":"https:\/\/www.anovapeneira.gal\/#organization"},"potentialAction":[{"@type":"SearchAction","target":{"@type":"EntryPoint","urlTemplate":"https:\/\/www.anovapeneira.gal\/?s={search_term_string}"},"query-input":{"@type":"PropertyValueSpecification","valueRequired":true,"valueName":"search_term_string"}}],"inLanguage":"gl-ES"},{"@type":"Organization","@id":"https:\/\/www.anovapeneira.gal\/#organization","name":"A Nova Peneira","url":"https:\/\/www.anovapeneira.gal\/","logo":{"@type":"ImageObject","inLanguage":"gl-ES","@id":"https:\/\/www.anovapeneira.gal\/#\/schema\/logo\/image\/","url":"http:\/\/www.anovapeneira.gal\/wp-content\/uploads\/2019\/06\/logo_a_nova_peneira_portal_web.png","contentUrl":"http:\/\/www.anovapeneira.gal\/wp-content\/uploads\/2019\/06\/logo_a_nova_peneira_portal_web.png","width":300,"height":100,"caption":"A Nova Peneira"},"image":{"@id":"https:\/\/www.anovapeneira.gal\/#\/schema\/logo\/image\/"},"sameAs":["https:\/\/www.facebook.com\/anovapeneira","https:\/\/x.com\/APeneira"]},{"@type":"Person","@id":"https:\/\/www.anovapeneira.gal\/#\/schema\/person\/b93e3f8932e3f8da96334607eb6ac6aa","name":"Redacci\u00f3n A Nova Peneira","image":{"@type":"ImageObject","inLanguage":"gl-ES","@id":"https:\/\/secure.gravatar.com\/avatar\/c052a2551a06e23fac63626232eaa90abd78dbcf1700fc46a2b2c89fd27b735f?s=96&d=mm&r=g","url":"https:\/\/secure.gravatar.com\/avatar\/c052a2551a06e23fac63626232eaa90abd78dbcf1700fc46a2b2c89fd27b735f?s=96&d=mm&r=g","contentUrl":"https:\/\/secure.gravatar.com\/avatar\/c052a2551a06e23fac63626232eaa90abd78dbcf1700fc46a2b2c89fd27b735f?s=96&d=mm&r=g","caption":"Redacci\u00f3n A Nova Peneira"},"sameAs":["http:\/\/www.anovapeneira.gal\/"],"url":"https:\/\/www.anovapeneira.gal\/index.php\/author\/redactor\/"}]}},"jetpack_featured_media_url":"https:\/\/www.anovapeneira.gal\/wp-content\/uploads\/2019\/08\/reunion_vecinanza_illa_ons_a_nova_peneira.jpg","_links":{"self":[{"href":"https:\/\/www.anovapeneira.gal\/index.php\/wp-json\/wp\/v2\/posts\/1072","targetHints":{"allow":["GET"]}}],"collection":[{"href":"https:\/\/www.anovapeneira.gal\/index.php\/wp-json\/wp\/v2\/posts"}],"about":[{"href":"https:\/\/www.anovapeneira.gal\/index.php\/wp-json\/wp\/v2\/types\/post"}],"author":[{"embeddable":true,"href":"https:\/\/www.anovapeneira.gal\/index.php\/wp-json\/wp\/v2\/users\/3"}],"replies":[{"embeddable":true,"href":"https:\/\/www.anovapeneira.gal\/index.php\/wp-json\/wp\/v2\/comments?post=1072"}],"version-history":[{"count":1,"href":"https:\/\/www.anovapeneira.gal\/index.php\/wp-json\/wp\/v2\/posts\/1072\/revisions"}],"predecessor-version":[{"id":1073,"href":"https:\/\/www.anovapeneira.gal\/index.php\/wp-json\/wp\/v2\/posts\/1072\/revisions\/1073"}],"wp:featuredmedia":[{"embeddable":true,"href":"https:\/\/www.anovapeneira.gal\/index.php\/wp-json\/wp\/v2\/media\/1062"}],"wp:attachment":[{"href":"https:\/\/www.anovapeneira.gal\/index.php\/wp-json\/wp\/v2\/media?parent=1072"}],"wp:term":[{"taxonomy":"category","embeddable":true,"href":"https:\/\/www.anovapeneira.gal\/index.php\/wp-json\/wp\/v2\/categories?post=1072"},{"taxonomy":"post_tag","embeddable":true,"href":"https:\/\/www.anovapeneira.gal\/index.php\/wp-json\/wp\/v2\/tags?post=1072"}],"curies":[{"name":"wp","href":"https:\/\/api.w.org\/{rel}","templated":true}]}}