{"id":10720,"date":"2023-11-10T10:00:35","date_gmt":"2023-11-10T09:00:35","guid":{"rendered":"https:\/\/www.anovapeneira.gal\/?p=10720"},"modified":"2023-11-08T12:36:13","modified_gmt":"2023-11-08T11:36:13","slug":"reunion-mantida-coa-xerente-do-061-para-trasladar-a-nosa-demanda-dunha-ambulancia-para-o-pac-de-cerdedo","status":"publish","type":"post","link":"https:\/\/www.anovapeneira.gal\/index.php\/2023\/11\/10\/reunion-mantida-coa-xerente-do-061-para-trasladar-a-nosa-demanda-dunha-ambulancia-para-o-pac-de-cerdedo\/","title":{"rendered":"Reuni\u00f3n mantida coa xerente do 061 para trasladar a nosa demanda dunha ambulancia para o PAC de Cerdedo"},"content":{"rendered":"\n<p>No d\u00eda de hoxe unha representaci\u00f3n da plataforma Cerdedo pola Sanidade P\u00fablica reuniuse coa xerente do 061, Adriana Regueira, continuando as\u00ed coa nosa rolda de reuni\u00f3ns coas diferentes administraci\u00f3ns responsables da atenci\u00f3n sanitaria p\u00fablica para lles dar a co\u00f1ecer as reivindicaci\u00f3ns da veci\u00f1anza e procurar soluci\u00f3ns r\u00e1pidas que solucionen os graves problemas que estamos a padecer nos \u00faltimos anos.<\/p>\n\n\n\n<p>O tema tratado coa xerente foi, como xa ti\u00f1amos anunciado, o da demanda dunha ambulancia que dea servizo ao PAC de Cerdedo. Estamos ante unha necesidade de primeira orde, como estamos a<br>comprobar cos diversos problemas e incidentes relacionados co transporte aos domicilios do persoal do PAC \u00e0 hora de atender as urxencias, e tam\u00e9n co desprazamento de pacientes aos hospitais. A representaci\u00f3n da plataforma informou da situaci\u00f3n, sinalando os problemas co servizo de taxis e co de ambulancias, problemas que provocan en ocasi\u00f3ns unha demora innecesaria na atenci\u00f3n a domicilio ou no transporte ata os centros hospitalarios, unha demora que pon en perigo as nosas vidas e sa\u00fade cando nos atopamos con casos que son verdadeiras emerxencias.<\/p>\n\n\n\n<p>\u00c1 hora de valorar a reposta da xerente do 061, temos que dicir que se mostrou comprensiva coas nosas reivindicaci\u00f3ns, concordando coa idea de que unha ambulancia vinculada ao PAC de Cerdedo \u00e9 unha necesidade b\u00e1sica para a zona. Isto reaf\u00edrmanos en que a nosa demanda \u00e9 l\u00f3xica e fundamental, e en que a ausencia dunha ambulancia no noso PAC \u00e9 unha carencia grave e inxustificable.<\/p>\n\n\n\n<p>Infelizmente, a pesar destas boas palabras, a xerente non se comprometeu a nada m\u00e1is que a \u201cavaliar\u201d as petici\u00f3ns da veci\u00f1anza, rexeitando mesmo a posibilidade de que a ambulancia vinculada ao PAC sexa medicalizada, dic\u00edndonos que, na s\u00faa opini\u00f3n, s\u00f3 poder\u00eda ser unha ambulancia con soporte vital b\u00e1sico. Informounos, ademais, de que ser\u00e1 no actual concurso de ambulancias onde se tratar\u00e1n as nosas demandas e necesidades, concurso que se resolver\u00e1 a finais deste ano.<\/p>\n","protected":false},"excerpt":{"rendered":"<div class=\"mh-excerpt\"><p>No d\u00eda de hoxe unha representaci\u00f3n da plataforma Cerdedo pola Sanidade P\u00fablica reuniuse coa xerente do 061 <a class=\"mh-excerpt-more\" href=\"https:\/\/www.anovapeneira.gal\/index.php\/2023\/11\/10\/reunion-mantida-coa-xerente-do-061-para-trasladar-a-nosa-demanda-dunha-ambulancia-para-o-pac-de-cerdedo\/\" title=\"Reuni\u00f3n mantida coa xerente do 061 para trasladar a nosa demanda dunha ambulancia para o PAC de Cerdedo\">[&#8230;]<\/a><\/p>\n<\/div>","protected":false},"author":3,"featured_media":9040,"comment_status":"open","ping_status":"open","sticky":false,"template":"","format":"standard","meta":{"_exactmetrics_skip_tracking":false,"_exactmetrics_sitenote_active":false,"_exactmetrics_sitenote_note":"","_exactmetrics_sitenote_category":0,"footnotes":""},"categories":[26],"tags":[1203],"class_list":{"0":"post-10720","1":"post","2":"type-post","3":"status-publish","4":"format-standard","5":"has-post-thumbnail","7":"category-pontevedra","8":"tag-concello-de-cerdedo-cotobade"},"yoast_head":"<!-- This site is optimized with the Yoast SEO plugin v27.4 - https:\/\/yoast.com\/product\/yoast-seo-wordpress\/ -->\n<title>Reuni\u00f3n mantida coa xerente do 061 para trasladar a nosa demanda dunha ambulancia para o PAC de Cerdedo -<\/title>\n<meta name=\"description\" content=\"No d\u00eda de hoxe unha representaci\u00f3n da plataforma Cerdedo pola Sanidade P\u00fablica reuniuse coa xerente do 061\" \/>\n<meta name=\"robots\" content=\"index, follow, max-snippet:-1, max-image-preview:large, max-video-preview:-1\" \/>\n<link rel=\"canonical\" href=\"https:\/\/www.anovapeneira.gal\/index.php\/2023\/11\/10\/reunion-mantida-coa-xerente-do-061-para-trasladar-a-nosa-demanda-dunha-ambulancia-para-o-pac-de-cerdedo\/\" \/>\n<meta property=\"og:locale\" content=\"gl_ES\" \/>\n<meta property=\"og:type\" content=\"article\" \/>\n<meta property=\"og:title\" content=\"Reuni\u00f3n mantida coa xerente do 061 para trasladar a nosa demanda dunha ambulancia para o PAC de Cerdedo -\" \/>\n<meta property=\"og:description\" content=\"No d\u00eda de hoxe unha representaci\u00f3n da plataforma Cerdedo pola Sanidade P\u00fablica reuniuse coa xerente do 061\" \/>\n<meta property=\"og:url\" content=\"https:\/\/www.anovapeneira.gal\/index.php\/2023\/11\/10\/reunion-mantida-coa-xerente-do-061-para-trasladar-a-nosa-demanda-dunha-ambulancia-para-o-pac-de-cerdedo\/\" \/>\n<meta property=\"article:publisher\" content=\"https:\/\/www.facebook.com\/anovapeneira\" \/>\n<meta property=\"article:published_time\" content=\"2023-11-10T09:00:35+00:00\" \/>\n<meta property=\"og:image\" content=\"https:\/\/www.anovapeneira.gal\/wp-content\/uploads\/2023\/02\/cerdedo_cotobade.jpg\" \/>\n\t<meta property=\"og:image:width\" content=\"720\" \/>\n\t<meta property=\"og:image:height\" content=\"432\" \/>\n\t<meta property=\"og:image:type\" content=\"image\/jpeg\" \/>\n<meta name=\"author\" content=\"Redacci\u00f3n A Nova Peneira\" \/>\n<meta name=\"twitter:card\" content=\"summary_large_image\" \/>\n<meta name=\"twitter:creator\" content=\"@APeneira\" \/>\n<meta name=\"twitter:site\" content=\"@APeneira\" \/>\n<meta name=\"twitter:label1\" content=\"Escrito por\" \/>\n\t<meta name=\"twitter:data1\" content=\"Redacci\u00f3n A Nova Peneira\" \/>\n\t<meta name=\"twitter:label2\" content=\"Tempo de lectura\" \/>\n\t<meta name=\"twitter:data2\" content=\"2 minutos\" \/>\n<script type=\"application\/ld+json\" class=\"yoast-schema-graph\">{\"@context\":\"https:\\\/\\\/schema.org\",\"@graph\":[{\"@type\":\"Article\",\"@id\":\"https:\\\/\\\/www.anovapeneira.gal\\\/index.php\\\/2023\\\/11\\\/10\\\/reunion-mantida-coa-xerente-do-061-para-trasladar-a-nosa-demanda-dunha-ambulancia-para-o-pac-de-cerdedo\\\/#article\",\"isPartOf\":{\"@id\":\"https:\\\/\\\/www.anovapeneira.gal\\\/index.php\\\/2023\\\/11\\\/10\\\/reunion-mantida-coa-xerente-do-061-para-trasladar-a-nosa-demanda-dunha-ambulancia-para-o-pac-de-cerdedo\\\/\"},\"author\":{\"name\":\"Redacci\u00f3n A Nova Peneira\",\"@id\":\"https:\\\/\\\/www.anovapeneira.gal\\\/#\\\/schema\\\/person\\\/b93e3f8932e3f8da96334607eb6ac6aa\"},\"headline\":\"Reuni\u00f3n mantida coa xerente do 061 para trasladar a nosa demanda dunha ambulancia para o PAC de Cerdedo\",\"datePublished\":\"2023-11-10T09:00:35+00:00\",\"mainEntityOfPage\":{\"@id\":\"https:\\\/\\\/www.anovapeneira.gal\\\/index.php\\\/2023\\\/11\\\/10\\\/reunion-mantida-coa-xerente-do-061-para-trasladar-a-nosa-demanda-dunha-ambulancia-para-o-pac-de-cerdedo\\\/\"},\"wordCount\":359,\"commentCount\":0,\"publisher\":{\"@id\":\"https:\\\/\\\/www.anovapeneira.gal\\\/#organization\"},\"image\":{\"@id\":\"https:\\\/\\\/www.anovapeneira.gal\\\/index.php\\\/2023\\\/11\\\/10\\\/reunion-mantida-coa-xerente-do-061-para-trasladar-a-nosa-demanda-dunha-ambulancia-para-o-pac-de-cerdedo\\\/#primaryimage\"},\"thumbnailUrl\":\"https:\\\/\\\/www.anovapeneira.gal\\\/wp-content\\\/uploads\\\/2023\\\/02\\\/cerdedo_cotobade.jpg\",\"keywords\":[\"Concello de Cerdedo-Cotobade\"],\"articleSection\":[\"Pontevedra\"],\"inLanguage\":\"gl-ES\",\"potentialAction\":[{\"@type\":\"CommentAction\",\"name\":\"Comment\",\"target\":[\"https:\\\/\\\/www.anovapeneira.gal\\\/index.php\\\/2023\\\/11\\\/10\\\/reunion-mantida-coa-xerente-do-061-para-trasladar-a-nosa-demanda-dunha-ambulancia-para-o-pac-de-cerdedo\\\/#respond\"]}]},{\"@type\":\"WebPage\",\"@id\":\"https:\\\/\\\/www.anovapeneira.gal\\\/index.php\\\/2023\\\/11\\\/10\\\/reunion-mantida-coa-xerente-do-061-para-trasladar-a-nosa-demanda-dunha-ambulancia-para-o-pac-de-cerdedo\\\/\",\"url\":\"https:\\\/\\\/www.anovapeneira.gal\\\/index.php\\\/2023\\\/11\\\/10\\\/reunion-mantida-coa-xerente-do-061-para-trasladar-a-nosa-demanda-dunha-ambulancia-para-o-pac-de-cerdedo\\\/\",\"name\":\"Reuni\u00f3n mantida coa xerente do 061 para trasladar a nosa demanda dunha ambulancia para o PAC de Cerdedo -\",\"isPartOf\":{\"@id\":\"https:\\\/\\\/www.anovapeneira.gal\\\/#website\"},\"primaryImageOfPage\":{\"@id\":\"https:\\\/\\\/www.anovapeneira.gal\\\/index.php\\\/2023\\\/11\\\/10\\\/reunion-mantida-coa-xerente-do-061-para-trasladar-a-nosa-demanda-dunha-ambulancia-para-o-pac-de-cerdedo\\\/#primaryimage\"},\"image\":{\"@id\":\"https:\\\/\\\/www.anovapeneira.gal\\\/index.php\\\/2023\\\/11\\\/10\\\/reunion-mantida-coa-xerente-do-061-para-trasladar-a-nosa-demanda-dunha-ambulancia-para-o-pac-de-cerdedo\\\/#primaryimage\"},\"thumbnailUrl\":\"https:\\\/\\\/www.anovapeneira.gal\\\/wp-content\\\/uploads\\\/2023\\\/02\\\/cerdedo_cotobade.jpg\",\"datePublished\":\"2023-11-10T09:00:35+00:00\",\"description\":\"No d\u00eda de hoxe unha representaci\u00f3n da plataforma Cerdedo pola Sanidade P\u00fablica reuniuse coa xerente do 061\",\"breadcrumb\":{\"@id\":\"https:\\\/\\\/www.anovapeneira.gal\\\/index.php\\\/2023\\\/11\\\/10\\\/reunion-mantida-coa-xerente-do-061-para-trasladar-a-nosa-demanda-dunha-ambulancia-para-o-pac-de-cerdedo\\\/#breadcrumb\"},\"inLanguage\":\"gl-ES\",\"potentialAction\":[{\"@type\":\"ReadAction\",\"target\":[\"https:\\\/\\\/www.anovapeneira.gal\\\/index.php\\\/2023\\\/11\\\/10\\\/reunion-mantida-coa-xerente-do-061-para-trasladar-a-nosa-demanda-dunha-ambulancia-para-o-pac-de-cerdedo\\\/\"]}]},{\"@type\":\"ImageObject\",\"inLanguage\":\"gl-ES\",\"@id\":\"https:\\\/\\\/www.anovapeneira.gal\\\/index.php\\\/2023\\\/11\\\/10\\\/reunion-mantida-coa-xerente-do-061-para-trasladar-a-nosa-demanda-dunha-ambulancia-para-o-pac-de-cerdedo\\\/#primaryimage\",\"url\":\"https:\\\/\\\/www.anovapeneira.gal\\\/wp-content\\\/uploads\\\/2023\\\/02\\\/cerdedo_cotobade.jpg\",\"contentUrl\":\"https:\\\/\\\/www.anovapeneira.gal\\\/wp-content\\\/uploads\\\/2023\\\/02\\\/cerdedo_cotobade.jpg\",\"width\":720,\"height\":432,\"caption\":\"Concello de Cerdedo-Cotobade\"},{\"@type\":\"BreadcrumbList\",\"@id\":\"https:\\\/\\\/www.anovapeneira.gal\\\/index.php\\\/2023\\\/11\\\/10\\\/reunion-mantida-coa-xerente-do-061-para-trasladar-a-nosa-demanda-dunha-ambulancia-para-o-pac-de-cerdedo\\\/#breadcrumb\",\"itemListElement\":[{\"@type\":\"ListItem\",\"position\":1,\"name\":\"Portada\",\"item\":\"https:\\\/\\\/www.anovapeneira.gal\\\/\"},{\"@type\":\"ListItem\",\"position\":2,\"name\":\"Reuni\u00f3n mantida coa xerente do 061 para trasladar a nosa demanda dunha ambulancia para o PAC de Cerdedo\"}]},{\"@type\":\"WebSite\",\"@id\":\"https:\\\/\\\/www.anovapeneira.gal\\\/#website\",\"url\":\"https:\\\/\\\/www.anovapeneira.gal\\\/\",\"name\":\"\",\"description\":\"Xornal galego de informaci\u00f3n xeral Publicaci\u00f3n mensual de novas de Galicia e en especial dos Concellos da sur da provincia de Pontevedra.\",\"publisher\":{\"@id\":\"https:\\\/\\\/www.anovapeneira.gal\\\/#organization\"},\"potentialAction\":[{\"@type\":\"SearchAction\",\"target\":{\"@type\":\"EntryPoint\",\"urlTemplate\":\"https:\\\/\\\/www.anovapeneira.gal\\\/?s={search_term_string}\"},\"query-input\":{\"@type\":\"PropertyValueSpecification\",\"valueRequired\":true,\"valueName\":\"search_term_string\"}}],\"inLanguage\":\"gl-ES\"},{\"@type\":\"Organization\",\"@id\":\"https:\\\/\\\/www.anovapeneira.gal\\\/#organization\",\"name\":\"A Nova Peneira\",\"url\":\"https:\\\/\\\/www.anovapeneira.gal\\\/\",\"logo\":{\"@type\":\"ImageObject\",\"inLanguage\":\"gl-ES\",\"@id\":\"https:\\\/\\\/www.anovapeneira.gal\\\/#\\\/schema\\\/logo\\\/image\\\/\",\"url\":\"http:\\\/\\\/www.anovapeneira.gal\\\/wp-content\\\/uploads\\\/2019\\\/06\\\/logo_a_nova_peneira_portal_web.png\",\"contentUrl\":\"http:\\\/\\\/www.anovapeneira.gal\\\/wp-content\\\/uploads\\\/2019\\\/06\\\/logo_a_nova_peneira_portal_web.png\",\"width\":300,\"height\":100,\"caption\":\"A Nova Peneira\"},\"image\":{\"@id\":\"https:\\\/\\\/www.anovapeneira.gal\\\/#\\\/schema\\\/logo\\\/image\\\/\"},\"sameAs\":[\"https:\\\/\\\/www.facebook.com\\\/anovapeneira\",\"https:\\\/\\\/x.com\\\/APeneira\"]},{\"@type\":\"Person\",\"@id\":\"https:\\\/\\\/www.anovapeneira.gal\\\/#\\\/schema\\\/person\\\/b93e3f8932e3f8da96334607eb6ac6aa\",\"name\":\"Redacci\u00f3n A Nova Peneira\",\"image\":{\"@type\":\"ImageObject\",\"inLanguage\":\"gl-ES\",\"@id\":\"https:\\\/\\\/secure.gravatar.com\\\/avatar\\\/c052a2551a06e23fac63626232eaa90abd78dbcf1700fc46a2b2c89fd27b735f?s=96&d=mm&r=g\",\"url\":\"https:\\\/\\\/secure.gravatar.com\\\/avatar\\\/c052a2551a06e23fac63626232eaa90abd78dbcf1700fc46a2b2c89fd27b735f?s=96&d=mm&r=g\",\"contentUrl\":\"https:\\\/\\\/secure.gravatar.com\\\/avatar\\\/c052a2551a06e23fac63626232eaa90abd78dbcf1700fc46a2b2c89fd27b735f?s=96&d=mm&r=g\",\"caption\":\"Redacci\u00f3n A Nova Peneira\"},\"sameAs\":[\"http:\\\/\\\/www.anovapeneira.gal\\\/\"],\"url\":\"https:\\\/\\\/www.anovapeneira.gal\\\/index.php\\\/author\\\/redactor\\\/\"}]}<\/script>\n<!-- \/ Yoast SEO plugin. -->","yoast_head_json":{"title":"Reuni\u00f3n mantida coa xerente do 061 para trasladar a nosa demanda dunha ambulancia para o PAC de Cerdedo -","description":"No d\u00eda de hoxe unha representaci\u00f3n da plataforma Cerdedo pola Sanidade P\u00fablica reuniuse coa xerente do 061","robots":{"index":"index","follow":"follow","max-snippet":"max-snippet:-1","max-image-preview":"max-image-preview:large","max-video-preview":"max-video-preview:-1"},"canonical":"https:\/\/www.anovapeneira.gal\/index.php\/2023\/11\/10\/reunion-mantida-coa-xerente-do-061-para-trasladar-a-nosa-demanda-dunha-ambulancia-para-o-pac-de-cerdedo\/","og_locale":"gl_ES","og_type":"article","og_title":"Reuni\u00f3n mantida coa xerente do 061 para trasladar a nosa demanda dunha ambulancia para o PAC de Cerdedo -","og_description":"No d\u00eda de hoxe unha representaci\u00f3n da plataforma Cerdedo pola Sanidade P\u00fablica reuniuse coa xerente do 061","og_url":"https:\/\/www.anovapeneira.gal\/index.php\/2023\/11\/10\/reunion-mantida-coa-xerente-do-061-para-trasladar-a-nosa-demanda-dunha-ambulancia-para-o-pac-de-cerdedo\/","article_publisher":"https:\/\/www.facebook.com\/anovapeneira","article_published_time":"2023-11-10T09:00:35+00:00","og_image":[{"width":720,"height":432,"url":"https:\/\/www.anovapeneira.gal\/wp-content\/uploads\/2023\/02\/cerdedo_cotobade.jpg","type":"image\/jpeg"}],"author":"Redacci\u00f3n A Nova Peneira","twitter_card":"summary_large_image","twitter_creator":"@APeneira","twitter_site":"@APeneira","twitter_misc":{"Escrito por":"Redacci\u00f3n A Nova Peneira","Tempo de lectura":"2 minutos"},"schema":{"@context":"https:\/\/schema.org","@graph":[{"@type":"Article","@id":"https:\/\/www.anovapeneira.gal\/index.php\/2023\/11\/10\/reunion-mantida-coa-xerente-do-061-para-trasladar-a-nosa-demanda-dunha-ambulancia-para-o-pac-de-cerdedo\/#article","isPartOf":{"@id":"https:\/\/www.anovapeneira.gal\/index.php\/2023\/11\/10\/reunion-mantida-coa-xerente-do-061-para-trasladar-a-nosa-demanda-dunha-ambulancia-para-o-pac-de-cerdedo\/"},"author":{"name":"Redacci\u00f3n A Nova Peneira","@id":"https:\/\/www.anovapeneira.gal\/#\/schema\/person\/b93e3f8932e3f8da96334607eb6ac6aa"},"headline":"Reuni\u00f3n mantida coa xerente do 061 para trasladar a nosa demanda dunha ambulancia para o PAC de Cerdedo","datePublished":"2023-11-10T09:00:35+00:00","mainEntityOfPage":{"@id":"https:\/\/www.anovapeneira.gal\/index.php\/2023\/11\/10\/reunion-mantida-coa-xerente-do-061-para-trasladar-a-nosa-demanda-dunha-ambulancia-para-o-pac-de-cerdedo\/"},"wordCount":359,"commentCount":0,"publisher":{"@id":"https:\/\/www.anovapeneira.gal\/#organization"},"image":{"@id":"https:\/\/www.anovapeneira.gal\/index.php\/2023\/11\/10\/reunion-mantida-coa-xerente-do-061-para-trasladar-a-nosa-demanda-dunha-ambulancia-para-o-pac-de-cerdedo\/#primaryimage"},"thumbnailUrl":"https:\/\/www.anovapeneira.gal\/wp-content\/uploads\/2023\/02\/cerdedo_cotobade.jpg","keywords":["Concello de Cerdedo-Cotobade"],"articleSection":["Pontevedra"],"inLanguage":"gl-ES","potentialAction":[{"@type":"CommentAction","name":"Comment","target":["https:\/\/www.anovapeneira.gal\/index.php\/2023\/11\/10\/reunion-mantida-coa-xerente-do-061-para-trasladar-a-nosa-demanda-dunha-ambulancia-para-o-pac-de-cerdedo\/#respond"]}]},{"@type":"WebPage","@id":"https:\/\/www.anovapeneira.gal\/index.php\/2023\/11\/10\/reunion-mantida-coa-xerente-do-061-para-trasladar-a-nosa-demanda-dunha-ambulancia-para-o-pac-de-cerdedo\/","url":"https:\/\/www.anovapeneira.gal\/index.php\/2023\/11\/10\/reunion-mantida-coa-xerente-do-061-para-trasladar-a-nosa-demanda-dunha-ambulancia-para-o-pac-de-cerdedo\/","name":"Reuni\u00f3n mantida coa xerente do 061 para trasladar a nosa demanda dunha ambulancia para o PAC de Cerdedo -","isPartOf":{"@id":"https:\/\/www.anovapeneira.gal\/#website"},"primaryImageOfPage":{"@id":"https:\/\/www.anovapeneira.gal\/index.php\/2023\/11\/10\/reunion-mantida-coa-xerente-do-061-para-trasladar-a-nosa-demanda-dunha-ambulancia-para-o-pac-de-cerdedo\/#primaryimage"},"image":{"@id":"https:\/\/www.anovapeneira.gal\/index.php\/2023\/11\/10\/reunion-mantida-coa-xerente-do-061-para-trasladar-a-nosa-demanda-dunha-ambulancia-para-o-pac-de-cerdedo\/#primaryimage"},"thumbnailUrl":"https:\/\/www.anovapeneira.gal\/wp-content\/uploads\/2023\/02\/cerdedo_cotobade.jpg","datePublished":"2023-11-10T09:00:35+00:00","description":"No d\u00eda de hoxe unha representaci\u00f3n da plataforma Cerdedo pola Sanidade P\u00fablica reuniuse coa xerente do 061","breadcrumb":{"@id":"https:\/\/www.anovapeneira.gal\/index.php\/2023\/11\/10\/reunion-mantida-coa-xerente-do-061-para-trasladar-a-nosa-demanda-dunha-ambulancia-para-o-pac-de-cerdedo\/#breadcrumb"},"inLanguage":"gl-ES","potentialAction":[{"@type":"ReadAction","target":["https:\/\/www.anovapeneira.gal\/index.php\/2023\/11\/10\/reunion-mantida-coa-xerente-do-061-para-trasladar-a-nosa-demanda-dunha-ambulancia-para-o-pac-de-cerdedo\/"]}]},{"@type":"ImageObject","inLanguage":"gl-ES","@id":"https:\/\/www.anovapeneira.gal\/index.php\/2023\/11\/10\/reunion-mantida-coa-xerente-do-061-para-trasladar-a-nosa-demanda-dunha-ambulancia-para-o-pac-de-cerdedo\/#primaryimage","url":"https:\/\/www.anovapeneira.gal\/wp-content\/uploads\/2023\/02\/cerdedo_cotobade.jpg","contentUrl":"https:\/\/www.anovapeneira.gal\/wp-content\/uploads\/2023\/02\/cerdedo_cotobade.jpg","width":720,"height":432,"caption":"Concello de Cerdedo-Cotobade"},{"@type":"BreadcrumbList","@id":"https:\/\/www.anovapeneira.gal\/index.php\/2023\/11\/10\/reunion-mantida-coa-xerente-do-061-para-trasladar-a-nosa-demanda-dunha-ambulancia-para-o-pac-de-cerdedo\/#breadcrumb","itemListElement":[{"@type":"ListItem","position":1,"name":"Portada","item":"https:\/\/www.anovapeneira.gal\/"},{"@type":"ListItem","position":2,"name":"Reuni\u00f3n mantida coa xerente do 061 para trasladar a nosa demanda dunha ambulancia para o PAC de Cerdedo"}]},{"@type":"WebSite","@id":"https:\/\/www.anovapeneira.gal\/#website","url":"https:\/\/www.anovapeneira.gal\/","name":"","description":"Xornal galego de informaci\u00f3n xeral Publicaci\u00f3n mensual de novas de Galicia e en especial dos Concellos da sur da provincia de Pontevedra.","publisher":{"@id":"https:\/\/www.anovapeneira.gal\/#organization"},"potentialAction":[{"@type":"SearchAction","target":{"@type":"EntryPoint","urlTemplate":"https:\/\/www.anovapeneira.gal\/?s={search_term_string}"},"query-input":{"@type":"PropertyValueSpecification","valueRequired":true,"valueName":"search_term_string"}}],"inLanguage":"gl-ES"},{"@type":"Organization","@id":"https:\/\/www.anovapeneira.gal\/#organization","name":"A Nova Peneira","url":"https:\/\/www.anovapeneira.gal\/","logo":{"@type":"ImageObject","inLanguage":"gl-ES","@id":"https:\/\/www.anovapeneira.gal\/#\/schema\/logo\/image\/","url":"http:\/\/www.anovapeneira.gal\/wp-content\/uploads\/2019\/06\/logo_a_nova_peneira_portal_web.png","contentUrl":"http:\/\/www.anovapeneira.gal\/wp-content\/uploads\/2019\/06\/logo_a_nova_peneira_portal_web.png","width":300,"height":100,"caption":"A Nova Peneira"},"image":{"@id":"https:\/\/www.anovapeneira.gal\/#\/schema\/logo\/image\/"},"sameAs":["https:\/\/www.facebook.com\/anovapeneira","https:\/\/x.com\/APeneira"]},{"@type":"Person","@id":"https:\/\/www.anovapeneira.gal\/#\/schema\/person\/b93e3f8932e3f8da96334607eb6ac6aa","name":"Redacci\u00f3n A Nova Peneira","image":{"@type":"ImageObject","inLanguage":"gl-ES","@id":"https:\/\/secure.gravatar.com\/avatar\/c052a2551a06e23fac63626232eaa90abd78dbcf1700fc46a2b2c89fd27b735f?s=96&d=mm&r=g","url":"https:\/\/secure.gravatar.com\/avatar\/c052a2551a06e23fac63626232eaa90abd78dbcf1700fc46a2b2c89fd27b735f?s=96&d=mm&r=g","contentUrl":"https:\/\/secure.gravatar.com\/avatar\/c052a2551a06e23fac63626232eaa90abd78dbcf1700fc46a2b2c89fd27b735f?s=96&d=mm&r=g","caption":"Redacci\u00f3n A Nova Peneira"},"sameAs":["http:\/\/www.anovapeneira.gal\/"],"url":"https:\/\/www.anovapeneira.gal\/index.php\/author\/redactor\/"}]}},"jetpack_featured_media_url":"https:\/\/www.anovapeneira.gal\/wp-content\/uploads\/2023\/02\/cerdedo_cotobade.jpg","_links":{"self":[{"href":"https:\/\/www.anovapeneira.gal\/index.php\/wp-json\/wp\/v2\/posts\/10720","targetHints":{"allow":["GET"]}}],"collection":[{"href":"https:\/\/www.anovapeneira.gal\/index.php\/wp-json\/wp\/v2\/posts"}],"about":[{"href":"https:\/\/www.anovapeneira.gal\/index.php\/wp-json\/wp\/v2\/types\/post"}],"author":[{"embeddable":true,"href":"https:\/\/www.anovapeneira.gal\/index.php\/wp-json\/wp\/v2\/users\/3"}],"replies":[{"embeddable":true,"href":"https:\/\/www.anovapeneira.gal\/index.php\/wp-json\/wp\/v2\/comments?post=10720"}],"version-history":[{"count":1,"href":"https:\/\/www.anovapeneira.gal\/index.php\/wp-json\/wp\/v2\/posts\/10720\/revisions"}],"predecessor-version":[{"id":10721,"href":"https:\/\/www.anovapeneira.gal\/index.php\/wp-json\/wp\/v2\/posts\/10720\/revisions\/10721"}],"wp:featuredmedia":[{"embeddable":true,"href":"https:\/\/www.anovapeneira.gal\/index.php\/wp-json\/wp\/v2\/media\/9040"}],"wp:attachment":[{"href":"https:\/\/www.anovapeneira.gal\/index.php\/wp-json\/wp\/v2\/media?parent=10720"}],"wp:term":[{"taxonomy":"category","embeddable":true,"href":"https:\/\/www.anovapeneira.gal\/index.php\/wp-json\/wp\/v2\/categories?post=10720"},{"taxonomy":"post_tag","embeddable":true,"href":"https:\/\/www.anovapeneira.gal\/index.php\/wp-json\/wp\/v2\/tags?post=10720"}],"curies":[{"name":"wp","href":"https:\/\/api.w.org\/{rel}","templated":true}]}}