{"id":10722,"date":"2023-11-09T12:00:51","date_gmt":"2023-11-09T11:00:51","guid":{"rendered":"https:\/\/www.anovapeneira.gal\/?p=10722"},"modified":"2023-11-08T12:36:23","modified_gmt":"2023-11-08T11:36:23","slug":"o-pleno-da-corporacion-aproba-por-unanimidade-unha-mocion-polo-dia-contra-as-violencias-machistas-e-outra-para-o-arranxo-do-cruceiro-da-rosa","status":"publish","type":"post","link":"https:\/\/www.anovapeneira.gal\/index.php\/2023\/11\/09\/o-pleno-da-corporacion-aproba-por-unanimidade-unha-mocion-polo-dia-contra-as-violencias-machistas-e-outra-para-o-arranxo-do-cruceiro-da-rosa\/","title":{"rendered":"O pleno da corporaci\u00f3n aproba por unanimidade unha moci\u00f3n polo d\u00eda contra as violencias machistas e outra para o arranxo do Cruceiro da Rosa"},"content":{"rendered":"\n<ul class=\"wp-block-list\">\n<li><strong>Ademais tam\u00e9n se debateu unha moci\u00f3n presentada polo PP sobre a biblioteca de Beluso, e aprobouse a conta xeral do exercicio 2022<\/strong><\/li>\n\n\n\n<li><strong>pleno celebrouse \u00e1s 20 horas no sal\u00f3n de sesi\u00f3ns da Casa Consistorial e tam\u00e9n se emitiu en directo dende a canle de YouTube municipal<\/strong><\/li>\n<\/ul>\n\n\n\n<p>O sal\u00f3n de plenos da Casa Consistorial acolleu este luns, 6 de novembro, unha sesi\u00f3n plenaria na que se abordaron varias moci\u00f3ns, d\u00faas das cales sa\u00edron adiante por unanimidade dos tres grupos municipais, concretamente a que fac\u00eda referencia ao D\u00eda Internacional Contra as Violencias Machistas, presentada polo goberno do BNG e PSOE, e a outra relativa ao arranxo do cruceiro da Rosa, que foi iniciativa do PP. Ademais destas d\u00faas, o PP propuxo o debate dunha que sobre a necesidade de habilitar un espazo na biblioteca de Beluso para o estudo, a cal non se aprobou ao contar cos votos en contra do goberno bueu\u00e9s.<\/p>\n\n\n\n<p>O pleno comezou precisamente co debate da moci\u00f3n do PP na que se instaba ao goberno local a empregar a biblioteca de Beluso como espazo de estudo, ben cunha ampliaci\u00f3n de xornada e cun sistema de uso f\u00f3ra do horario, ben cun acceso electr\u00f3nico. Segundo explicou o concelleiro popular Daniel Chapela, \u201centendemos que \u00e9 necesaria unha soluci\u00f3n deste tipo, e cun sistema que pode perdurar m\u00e1is al\u00e1 do remate das obras da Biblioteca Torrente Ballester\u201d. Xos\u00e9 Leal, voceiro do BNG, explicou que dende o Concello de Bueu xa se v\u00e9n prestando este servizo en diversos lugares, como a Casa Consistorial, Cela e mesmo Beluso nalg\u00fan momento, polo que \u201ctemos instauradas diversas f\u00f3rmulas para posibilitar o estudo nas bibliotecas, e con gran \u00e9xito polas persoas usuarias\u201d, e as\u00ed anunciou o voto en contra do grupo nacionalista, ao que tam\u00e9n se sumaron os socialistas.<\/p>\n\n\n\n<p>A continuaci\u00f3n foi a quenda da moci\u00f3n, presentada tam\u00e9n polo PP, na que se instaba ao goberno local e \u00e1 Deputaci\u00f3n Provincial a, nos seus respectivos \u00e1mbitos competenciais, impulsar os tr\u00e1mites necesarios para o arranxo do cruceiro da Rosa. Elena Est\u00e9vez, voceira popular, explicou na s\u00faa intervenci\u00f3n que \u201cdespois de tanto tempo \u00e9 necesario que se busque unha soluci\u00f3n xa, e o Concello deber\u00eda esixir que se arranxe ou preocuparse de ver o que est\u00e1 acontecendo con este expediente\u201d. En resposta, Leal solicitou que se emendase a moci\u00f3n, e se esixise instar \u00e1 Direcci\u00f3n Xeral de Patrimonio, organismo competente, para que impulse os tr\u00e1mites para a s\u00faa reparaci\u00f3n, toda vez que dende o Concello xa se lle remitiron diversos escritos solicitando o arranxo. Despois dun longo debate, no que tam\u00e9n se aludiu \u00e1 Deputaci\u00f3n de Pontevedra como a titular do vial na que se atopa o cruceiro, a moci\u00f3n emendouse e foi aprobada por unanimidade.<\/p>\n\n\n\n<p>E consenso houbo tam\u00e9n na moci\u00f3n con motivo do 25 de novembro, D\u00eda Internacional contra as Violencias Machistas, que foi presentada polo BNG e o PSOE, e na que, entre outras cuesti\u00f3ns, se aproba reco\u00f1ecer a gravidade das violencias machistas como un problema pol\u00edtico e social de primeira orde, de sa\u00fade p\u00fablica e como un grave atentado aos Dereitos Humanos; o compromiso de seguir traballando na ruptura do silencio, a sensibilizaci\u00f3n, e a concienciaci\u00f3n da cidadan\u00eda do problema estrutural da sociedade que sup\u00f3n a violencia machista; ou o impulso do debate social para que o p\u00fablico deixe de ser privado. As\u00ed mesmo, a moci\u00f3n reclama m\u00e1is apoio orzamentario por parte da Xunta de Galicia para a erradicaci\u00f3n da violencia machista, a violencia sexual e tam\u00e9n o incremento dos fondos de atenci\u00f3n \u00e1s v\u00edtimas. O PP solicitou que tam\u00e9n se inclu\u00edse no texto da moci\u00f3n instar ao Ministerio de Igualdade e \u00e1 Deputaci\u00f3n de Pontevedra, para que incrementen os esforzos na loita contra a violencia de x\u00e9nero, e as\u00ed a moci\u00f3n aprobouse por unanimidade.<\/p>\n\n\n\n<p>O \u00faltimo dos asuntos foi a aprobaci\u00f3n da conta xeral correspondente ao exercicio 2022, que sa\u00edu adiante cos votos a favor de BNG e PSOE, mentres que o PP se manifestou en contra.<\/p>\n\n\n\n<p>O pleno pode verse completo na <a href=\"https:\/\/www.youtube.com\/live\/X2bkkqU_Z2A?feature=shared&amp;fbclid=IwAR2yYGugSe2G5RG3b7Ys82G2mNXOmlhN6IutIYAoiMP5-rwqJng9Dku6TuQ\">canle de YouTube municipal<\/a> do Concello de Bueu.<\/p>\n\n\n\n<p><strong>Bueu, a 7 de novembro de 2023<\/strong><\/p>\n","protected":false},"excerpt":{"rendered":"<div class=\"mh-excerpt\"><p>Ademais tam\u00e9n se debateu unha moci\u00f3n presentada polo PP sobre a biblioteca de Beluso, e aprobouse a conta xeral do exercicio 2022 <a class=\"mh-excerpt-more\" href=\"https:\/\/www.anovapeneira.gal\/index.php\/2023\/11\/09\/o-pleno-da-corporacion-aproba-por-unanimidade-unha-mocion-polo-dia-contra-as-violencias-machistas-e-outra-para-o-arranxo-do-cruceiro-da-rosa\/\" title=\"O pleno da corporaci\u00f3n aproba por unanimidade unha moci\u00f3n polo d\u00eda contra as violencias machistas e outra para o arranxo do Cruceiro da Rosa\">[&#8230;]<\/a><\/p>\n<\/div>","protected":false},"author":3,"featured_media":10724,"comment_status":"open","ping_status":"open","sticky":false,"template":"","format":"standard","meta":{"_exactmetrics_skip_tracking":false,"_exactmetrics_sitenote_active":false,"_exactmetrics_sitenote_note":"","_exactmetrics_sitenote_category":0,"footnotes":""},"categories":[22],"tags":[1318],"class_list":{"0":"post-10722","1":"post","2":"type-post","3":"status-publish","4":"format-standard","5":"has-post-thumbnail","7":"category-morrazo","8":"tag-concello-de-bue"},"yoast_head":"<!-- This site is optimized with the Yoast SEO plugin v27.4 - https:\/\/yoast.com\/product\/yoast-seo-wordpress\/ -->\n<title>O pleno da corporaci\u00f3n aproba por unanimidade unha moci\u00f3n polo d\u00eda contra as violencias machistas e outra para o arranxo do Cruceiro da Rosa -<\/title>\n<meta name=\"description\" content=\"Ademais tam\u00e9n se debateu unha moci\u00f3n presentada polo PP sobre a biblioteca de Beluso, e aprobouse a conta xeral do exercicio 20\" \/>\n<meta name=\"robots\" content=\"index, follow, max-snippet:-1, max-image-preview:large, max-video-preview:-1\" \/>\n<link rel=\"canonical\" href=\"https:\/\/www.anovapeneira.gal\/index.php\/2023\/11\/09\/o-pleno-da-corporacion-aproba-por-unanimidade-unha-mocion-polo-dia-contra-as-violencias-machistas-e-outra-para-o-arranxo-do-cruceiro-da-rosa\/\" \/>\n<meta property=\"og:locale\" content=\"gl_ES\" \/>\n<meta property=\"og:type\" content=\"article\" \/>\n<meta property=\"og:title\" content=\"O pleno da corporaci\u00f3n aproba por unanimidade unha moci\u00f3n polo d\u00eda contra as violencias machistas e outra para o arranxo do Cruceiro da Rosa -\" \/>\n<meta property=\"og:description\" content=\"Ademais tam\u00e9n se debateu unha moci\u00f3n presentada polo PP sobre a biblioteca de Beluso, e aprobouse a conta xeral do exercicio 20\" \/>\n<meta property=\"og:url\" content=\"https:\/\/www.anovapeneira.gal\/index.php\/2023\/11\/09\/o-pleno-da-corporacion-aproba-por-unanimidade-unha-mocion-polo-dia-contra-as-violencias-machistas-e-outra-para-o-arranxo-do-cruceiro-da-rosa\/\" \/>\n<meta property=\"article:publisher\" content=\"https:\/\/www.facebook.com\/anovapeneira\" \/>\n<meta property=\"article:published_time\" content=\"2023-11-09T11:00:51+00:00\" \/>\n<meta property=\"og:image\" content=\"https:\/\/www.anovapeneira.gal\/wp-content\/uploads\/2023\/11\/pleno_bueu.jpg\" \/>\n\t<meta property=\"og:image:width\" content=\"720\" \/>\n\t<meta property=\"og:image:height\" content=\"432\" \/>\n\t<meta property=\"og:image:type\" content=\"image\/jpeg\" \/>\n<meta name=\"author\" content=\"Redacci\u00f3n A Nova Peneira\" \/>\n<meta name=\"twitter:card\" content=\"summary_large_image\" \/>\n<meta name=\"twitter:creator\" content=\"@APeneira\" \/>\n<meta name=\"twitter:site\" content=\"@APeneira\" \/>\n<meta name=\"twitter:label1\" content=\"Escrito por\" \/>\n\t<meta name=\"twitter:data1\" content=\"Redacci\u00f3n A Nova Peneira\" \/>\n\t<meta name=\"twitter:label2\" content=\"Tempo de lectura\" \/>\n\t<meta name=\"twitter:data2\" content=\"4 minutos\" \/>\n<script type=\"application\/ld+json\" class=\"yoast-schema-graph\">{\"@context\":\"https:\\\/\\\/schema.org\",\"@graph\":[{\"@type\":\"Article\",\"@id\":\"https:\\\/\\\/www.anovapeneira.gal\\\/index.php\\\/2023\\\/11\\\/09\\\/o-pleno-da-corporacion-aproba-por-unanimidade-unha-mocion-polo-dia-contra-as-violencias-machistas-e-outra-para-o-arranxo-do-cruceiro-da-rosa\\\/#article\",\"isPartOf\":{\"@id\":\"https:\\\/\\\/www.anovapeneira.gal\\\/index.php\\\/2023\\\/11\\\/09\\\/o-pleno-da-corporacion-aproba-por-unanimidade-unha-mocion-polo-dia-contra-as-violencias-machistas-e-outra-para-o-arranxo-do-cruceiro-da-rosa\\\/\"},\"author\":{\"name\":\"Redacci\u00f3n A Nova Peneira\",\"@id\":\"https:\\\/\\\/www.anovapeneira.gal\\\/#\\\/schema\\\/person\\\/b93e3f8932e3f8da96334607eb6ac6aa\"},\"headline\":\"O pleno da corporaci\u00f3n aproba por unanimidade unha moci\u00f3n polo d\u00eda contra as violencias machistas e outra para o arranxo do Cruceiro da Rosa\",\"datePublished\":\"2023-11-09T11:00:51+00:00\",\"mainEntityOfPage\":{\"@id\":\"https:\\\/\\\/www.anovapeneira.gal\\\/index.php\\\/2023\\\/11\\\/09\\\/o-pleno-da-corporacion-aproba-por-unanimidade-unha-mocion-polo-dia-contra-as-violencias-machistas-e-outra-para-o-arranxo-do-cruceiro-da-rosa\\\/\"},\"wordCount\":758,\"commentCount\":0,\"publisher\":{\"@id\":\"https:\\\/\\\/www.anovapeneira.gal\\\/#organization\"},\"image\":{\"@id\":\"https:\\\/\\\/www.anovapeneira.gal\\\/index.php\\\/2023\\\/11\\\/09\\\/o-pleno-da-corporacion-aproba-por-unanimidade-unha-mocion-polo-dia-contra-as-violencias-machistas-e-outra-para-o-arranxo-do-cruceiro-da-rosa\\\/#primaryimage\"},\"thumbnailUrl\":\"https:\\\/\\\/www.anovapeneira.gal\\\/wp-content\\\/uploads\\\/2023\\\/11\\\/pleno_bueu.jpg\",\"keywords\":[\"Concello de Bue\"],\"articleSection\":[\"Morrazo\"],\"inLanguage\":\"gl-ES\",\"potentialAction\":[{\"@type\":\"CommentAction\",\"name\":\"Comment\",\"target\":[\"https:\\\/\\\/www.anovapeneira.gal\\\/index.php\\\/2023\\\/11\\\/09\\\/o-pleno-da-corporacion-aproba-por-unanimidade-unha-mocion-polo-dia-contra-as-violencias-machistas-e-outra-para-o-arranxo-do-cruceiro-da-rosa\\\/#respond\"]}]},{\"@type\":\"WebPage\",\"@id\":\"https:\\\/\\\/www.anovapeneira.gal\\\/index.php\\\/2023\\\/11\\\/09\\\/o-pleno-da-corporacion-aproba-por-unanimidade-unha-mocion-polo-dia-contra-as-violencias-machistas-e-outra-para-o-arranxo-do-cruceiro-da-rosa\\\/\",\"url\":\"https:\\\/\\\/www.anovapeneira.gal\\\/index.php\\\/2023\\\/11\\\/09\\\/o-pleno-da-corporacion-aproba-por-unanimidade-unha-mocion-polo-dia-contra-as-violencias-machistas-e-outra-para-o-arranxo-do-cruceiro-da-rosa\\\/\",\"name\":\"O pleno da corporaci\u00f3n aproba por unanimidade unha moci\u00f3n polo d\u00eda contra as violencias machistas e outra para o arranxo do Cruceiro da Rosa -\",\"isPartOf\":{\"@id\":\"https:\\\/\\\/www.anovapeneira.gal\\\/#website\"},\"primaryImageOfPage\":{\"@id\":\"https:\\\/\\\/www.anovapeneira.gal\\\/index.php\\\/2023\\\/11\\\/09\\\/o-pleno-da-corporacion-aproba-por-unanimidade-unha-mocion-polo-dia-contra-as-violencias-machistas-e-outra-para-o-arranxo-do-cruceiro-da-rosa\\\/#primaryimage\"},\"image\":{\"@id\":\"https:\\\/\\\/www.anovapeneira.gal\\\/index.php\\\/2023\\\/11\\\/09\\\/o-pleno-da-corporacion-aproba-por-unanimidade-unha-mocion-polo-dia-contra-as-violencias-machistas-e-outra-para-o-arranxo-do-cruceiro-da-rosa\\\/#primaryimage\"},\"thumbnailUrl\":\"https:\\\/\\\/www.anovapeneira.gal\\\/wp-content\\\/uploads\\\/2023\\\/11\\\/pleno_bueu.jpg\",\"datePublished\":\"2023-11-09T11:00:51+00:00\",\"description\":\"Ademais tam\u00e9n se debateu unha moci\u00f3n presentada polo PP sobre a biblioteca de Beluso, e aprobouse a conta xeral do exercicio 20\",\"breadcrumb\":{\"@id\":\"https:\\\/\\\/www.anovapeneira.gal\\\/index.php\\\/2023\\\/11\\\/09\\\/o-pleno-da-corporacion-aproba-por-unanimidade-unha-mocion-polo-dia-contra-as-violencias-machistas-e-outra-para-o-arranxo-do-cruceiro-da-rosa\\\/#breadcrumb\"},\"inLanguage\":\"gl-ES\",\"potentialAction\":[{\"@type\":\"ReadAction\",\"target\":[\"https:\\\/\\\/www.anovapeneira.gal\\\/index.php\\\/2023\\\/11\\\/09\\\/o-pleno-da-corporacion-aproba-por-unanimidade-unha-mocion-polo-dia-contra-as-violencias-machistas-e-outra-para-o-arranxo-do-cruceiro-da-rosa\\\/\"]}]},{\"@type\":\"ImageObject\",\"inLanguage\":\"gl-ES\",\"@id\":\"https:\\\/\\\/www.anovapeneira.gal\\\/index.php\\\/2023\\\/11\\\/09\\\/o-pleno-da-corporacion-aproba-por-unanimidade-unha-mocion-polo-dia-contra-as-violencias-machistas-e-outra-para-o-arranxo-do-cruceiro-da-rosa\\\/#primaryimage\",\"url\":\"https:\\\/\\\/www.anovapeneira.gal\\\/wp-content\\\/uploads\\\/2023\\\/11\\\/pleno_bueu.jpg\",\"contentUrl\":\"https:\\\/\\\/www.anovapeneira.gal\\\/wp-content\\\/uploads\\\/2023\\\/11\\\/pleno_bueu.jpg\",\"width\":720,\"height\":432,\"caption\":\"arranxo do Cruceiro da Rosa\"},{\"@type\":\"BreadcrumbList\",\"@id\":\"https:\\\/\\\/www.anovapeneira.gal\\\/index.php\\\/2023\\\/11\\\/09\\\/o-pleno-da-corporacion-aproba-por-unanimidade-unha-mocion-polo-dia-contra-as-violencias-machistas-e-outra-para-o-arranxo-do-cruceiro-da-rosa\\\/#breadcrumb\",\"itemListElement\":[{\"@type\":\"ListItem\",\"position\":1,\"name\":\"Portada\",\"item\":\"https:\\\/\\\/www.anovapeneira.gal\\\/\"},{\"@type\":\"ListItem\",\"position\":2,\"name\":\"O pleno da corporaci\u00f3n aproba por unanimidade unha moci\u00f3n polo d\u00eda contra as violencias machistas e outra para o arranxo do Cruceiro da Rosa\"}]},{\"@type\":\"WebSite\",\"@id\":\"https:\\\/\\\/www.anovapeneira.gal\\\/#website\",\"url\":\"https:\\\/\\\/www.anovapeneira.gal\\\/\",\"name\":\"\",\"description\":\"Xornal galego de informaci\u00f3n xeral Publicaci\u00f3n mensual de novas de Galicia e en especial dos Concellos da sur da provincia de Pontevedra.\",\"publisher\":{\"@id\":\"https:\\\/\\\/www.anovapeneira.gal\\\/#organization\"},\"potentialAction\":[{\"@type\":\"SearchAction\",\"target\":{\"@type\":\"EntryPoint\",\"urlTemplate\":\"https:\\\/\\\/www.anovapeneira.gal\\\/?s={search_term_string}\"},\"query-input\":{\"@type\":\"PropertyValueSpecification\",\"valueRequired\":true,\"valueName\":\"search_term_string\"}}],\"inLanguage\":\"gl-ES\"},{\"@type\":\"Organization\",\"@id\":\"https:\\\/\\\/www.anovapeneira.gal\\\/#organization\",\"name\":\"A Nova Peneira\",\"url\":\"https:\\\/\\\/www.anovapeneira.gal\\\/\",\"logo\":{\"@type\":\"ImageObject\",\"inLanguage\":\"gl-ES\",\"@id\":\"https:\\\/\\\/www.anovapeneira.gal\\\/#\\\/schema\\\/logo\\\/image\\\/\",\"url\":\"http:\\\/\\\/www.anovapeneira.gal\\\/wp-content\\\/uploads\\\/2019\\\/06\\\/logo_a_nova_peneira_portal_web.png\",\"contentUrl\":\"http:\\\/\\\/www.anovapeneira.gal\\\/wp-content\\\/uploads\\\/2019\\\/06\\\/logo_a_nova_peneira_portal_web.png\",\"width\":300,\"height\":100,\"caption\":\"A Nova Peneira\"},\"image\":{\"@id\":\"https:\\\/\\\/www.anovapeneira.gal\\\/#\\\/schema\\\/logo\\\/image\\\/\"},\"sameAs\":[\"https:\\\/\\\/www.facebook.com\\\/anovapeneira\",\"https:\\\/\\\/x.com\\\/APeneira\"]},{\"@type\":\"Person\",\"@id\":\"https:\\\/\\\/www.anovapeneira.gal\\\/#\\\/schema\\\/person\\\/b93e3f8932e3f8da96334607eb6ac6aa\",\"name\":\"Redacci\u00f3n A Nova Peneira\",\"image\":{\"@type\":\"ImageObject\",\"inLanguage\":\"gl-ES\",\"@id\":\"https:\\\/\\\/secure.gravatar.com\\\/avatar\\\/c052a2551a06e23fac63626232eaa90abd78dbcf1700fc46a2b2c89fd27b735f?s=96&d=mm&r=g\",\"url\":\"https:\\\/\\\/secure.gravatar.com\\\/avatar\\\/c052a2551a06e23fac63626232eaa90abd78dbcf1700fc46a2b2c89fd27b735f?s=96&d=mm&r=g\",\"contentUrl\":\"https:\\\/\\\/secure.gravatar.com\\\/avatar\\\/c052a2551a06e23fac63626232eaa90abd78dbcf1700fc46a2b2c89fd27b735f?s=96&d=mm&r=g\",\"caption\":\"Redacci\u00f3n A Nova Peneira\"},\"sameAs\":[\"http:\\\/\\\/www.anovapeneira.gal\\\/\"],\"url\":\"https:\\\/\\\/www.anovapeneira.gal\\\/index.php\\\/author\\\/redactor\\\/\"}]}<\/script>\n<!-- \/ Yoast SEO plugin. -->","yoast_head_json":{"title":"O pleno da corporaci\u00f3n aproba por unanimidade unha moci\u00f3n polo d\u00eda contra as violencias machistas e outra para o arranxo do Cruceiro da Rosa -","description":"Ademais tam\u00e9n se debateu unha moci\u00f3n presentada polo PP sobre a biblioteca de Beluso, e aprobouse a conta xeral do exercicio 20","robots":{"index":"index","follow":"follow","max-snippet":"max-snippet:-1","max-image-preview":"max-image-preview:large","max-video-preview":"max-video-preview:-1"},"canonical":"https:\/\/www.anovapeneira.gal\/index.php\/2023\/11\/09\/o-pleno-da-corporacion-aproba-por-unanimidade-unha-mocion-polo-dia-contra-as-violencias-machistas-e-outra-para-o-arranxo-do-cruceiro-da-rosa\/","og_locale":"gl_ES","og_type":"article","og_title":"O pleno da corporaci\u00f3n aproba por unanimidade unha moci\u00f3n polo d\u00eda contra as violencias machistas e outra para o arranxo do Cruceiro da Rosa -","og_description":"Ademais tam\u00e9n se debateu unha moci\u00f3n presentada polo PP sobre a biblioteca de Beluso, e aprobouse a conta xeral do exercicio 20","og_url":"https:\/\/www.anovapeneira.gal\/index.php\/2023\/11\/09\/o-pleno-da-corporacion-aproba-por-unanimidade-unha-mocion-polo-dia-contra-as-violencias-machistas-e-outra-para-o-arranxo-do-cruceiro-da-rosa\/","article_publisher":"https:\/\/www.facebook.com\/anovapeneira","article_published_time":"2023-11-09T11:00:51+00:00","og_image":[{"width":720,"height":432,"url":"https:\/\/www.anovapeneira.gal\/wp-content\/uploads\/2023\/11\/pleno_bueu.jpg","type":"image\/jpeg"}],"author":"Redacci\u00f3n A Nova Peneira","twitter_card":"summary_large_image","twitter_creator":"@APeneira","twitter_site":"@APeneira","twitter_misc":{"Escrito por":"Redacci\u00f3n A Nova Peneira","Tempo de lectura":"4 minutos"},"schema":{"@context":"https:\/\/schema.org","@graph":[{"@type":"Article","@id":"https:\/\/www.anovapeneira.gal\/index.php\/2023\/11\/09\/o-pleno-da-corporacion-aproba-por-unanimidade-unha-mocion-polo-dia-contra-as-violencias-machistas-e-outra-para-o-arranxo-do-cruceiro-da-rosa\/#article","isPartOf":{"@id":"https:\/\/www.anovapeneira.gal\/index.php\/2023\/11\/09\/o-pleno-da-corporacion-aproba-por-unanimidade-unha-mocion-polo-dia-contra-as-violencias-machistas-e-outra-para-o-arranxo-do-cruceiro-da-rosa\/"},"author":{"name":"Redacci\u00f3n A Nova Peneira","@id":"https:\/\/www.anovapeneira.gal\/#\/schema\/person\/b93e3f8932e3f8da96334607eb6ac6aa"},"headline":"O pleno da corporaci\u00f3n aproba por unanimidade unha moci\u00f3n polo d\u00eda contra as violencias machistas e outra para o arranxo do Cruceiro da Rosa","datePublished":"2023-11-09T11:00:51+00:00","mainEntityOfPage":{"@id":"https:\/\/www.anovapeneira.gal\/index.php\/2023\/11\/09\/o-pleno-da-corporacion-aproba-por-unanimidade-unha-mocion-polo-dia-contra-as-violencias-machistas-e-outra-para-o-arranxo-do-cruceiro-da-rosa\/"},"wordCount":758,"commentCount":0,"publisher":{"@id":"https:\/\/www.anovapeneira.gal\/#organization"},"image":{"@id":"https:\/\/www.anovapeneira.gal\/index.php\/2023\/11\/09\/o-pleno-da-corporacion-aproba-por-unanimidade-unha-mocion-polo-dia-contra-as-violencias-machistas-e-outra-para-o-arranxo-do-cruceiro-da-rosa\/#primaryimage"},"thumbnailUrl":"https:\/\/www.anovapeneira.gal\/wp-content\/uploads\/2023\/11\/pleno_bueu.jpg","keywords":["Concello de Bue"],"articleSection":["Morrazo"],"inLanguage":"gl-ES","potentialAction":[{"@type":"CommentAction","name":"Comment","target":["https:\/\/www.anovapeneira.gal\/index.php\/2023\/11\/09\/o-pleno-da-corporacion-aproba-por-unanimidade-unha-mocion-polo-dia-contra-as-violencias-machistas-e-outra-para-o-arranxo-do-cruceiro-da-rosa\/#respond"]}]},{"@type":"WebPage","@id":"https:\/\/www.anovapeneira.gal\/index.php\/2023\/11\/09\/o-pleno-da-corporacion-aproba-por-unanimidade-unha-mocion-polo-dia-contra-as-violencias-machistas-e-outra-para-o-arranxo-do-cruceiro-da-rosa\/","url":"https:\/\/www.anovapeneira.gal\/index.php\/2023\/11\/09\/o-pleno-da-corporacion-aproba-por-unanimidade-unha-mocion-polo-dia-contra-as-violencias-machistas-e-outra-para-o-arranxo-do-cruceiro-da-rosa\/","name":"O pleno da corporaci\u00f3n aproba por unanimidade unha moci\u00f3n polo d\u00eda contra as violencias machistas e outra para o arranxo do Cruceiro da Rosa -","isPartOf":{"@id":"https:\/\/www.anovapeneira.gal\/#website"},"primaryImageOfPage":{"@id":"https:\/\/www.anovapeneira.gal\/index.php\/2023\/11\/09\/o-pleno-da-corporacion-aproba-por-unanimidade-unha-mocion-polo-dia-contra-as-violencias-machistas-e-outra-para-o-arranxo-do-cruceiro-da-rosa\/#primaryimage"},"image":{"@id":"https:\/\/www.anovapeneira.gal\/index.php\/2023\/11\/09\/o-pleno-da-corporacion-aproba-por-unanimidade-unha-mocion-polo-dia-contra-as-violencias-machistas-e-outra-para-o-arranxo-do-cruceiro-da-rosa\/#primaryimage"},"thumbnailUrl":"https:\/\/www.anovapeneira.gal\/wp-content\/uploads\/2023\/11\/pleno_bueu.jpg","datePublished":"2023-11-09T11:00:51+00:00","description":"Ademais tam\u00e9n se debateu unha moci\u00f3n presentada polo PP sobre a biblioteca de Beluso, e aprobouse a conta xeral do exercicio 20","breadcrumb":{"@id":"https:\/\/www.anovapeneira.gal\/index.php\/2023\/11\/09\/o-pleno-da-corporacion-aproba-por-unanimidade-unha-mocion-polo-dia-contra-as-violencias-machistas-e-outra-para-o-arranxo-do-cruceiro-da-rosa\/#breadcrumb"},"inLanguage":"gl-ES","potentialAction":[{"@type":"ReadAction","target":["https:\/\/www.anovapeneira.gal\/index.php\/2023\/11\/09\/o-pleno-da-corporacion-aproba-por-unanimidade-unha-mocion-polo-dia-contra-as-violencias-machistas-e-outra-para-o-arranxo-do-cruceiro-da-rosa\/"]}]},{"@type":"ImageObject","inLanguage":"gl-ES","@id":"https:\/\/www.anovapeneira.gal\/index.php\/2023\/11\/09\/o-pleno-da-corporacion-aproba-por-unanimidade-unha-mocion-polo-dia-contra-as-violencias-machistas-e-outra-para-o-arranxo-do-cruceiro-da-rosa\/#primaryimage","url":"https:\/\/www.anovapeneira.gal\/wp-content\/uploads\/2023\/11\/pleno_bueu.jpg","contentUrl":"https:\/\/www.anovapeneira.gal\/wp-content\/uploads\/2023\/11\/pleno_bueu.jpg","width":720,"height":432,"caption":"arranxo do Cruceiro da Rosa"},{"@type":"BreadcrumbList","@id":"https:\/\/www.anovapeneira.gal\/index.php\/2023\/11\/09\/o-pleno-da-corporacion-aproba-por-unanimidade-unha-mocion-polo-dia-contra-as-violencias-machistas-e-outra-para-o-arranxo-do-cruceiro-da-rosa\/#breadcrumb","itemListElement":[{"@type":"ListItem","position":1,"name":"Portada","item":"https:\/\/www.anovapeneira.gal\/"},{"@type":"ListItem","position":2,"name":"O pleno da corporaci\u00f3n aproba por unanimidade unha moci\u00f3n polo d\u00eda contra as violencias machistas e outra para o arranxo do Cruceiro da Rosa"}]},{"@type":"WebSite","@id":"https:\/\/www.anovapeneira.gal\/#website","url":"https:\/\/www.anovapeneira.gal\/","name":"","description":"Xornal galego de informaci\u00f3n xeral Publicaci\u00f3n mensual de novas de Galicia e en especial dos Concellos da sur da provincia de Pontevedra.","publisher":{"@id":"https:\/\/www.anovapeneira.gal\/#organization"},"potentialAction":[{"@type":"SearchAction","target":{"@type":"EntryPoint","urlTemplate":"https:\/\/www.anovapeneira.gal\/?s={search_term_string}"},"query-input":{"@type":"PropertyValueSpecification","valueRequired":true,"valueName":"search_term_string"}}],"inLanguage":"gl-ES"},{"@type":"Organization","@id":"https:\/\/www.anovapeneira.gal\/#organization","name":"A Nova Peneira","url":"https:\/\/www.anovapeneira.gal\/","logo":{"@type":"ImageObject","inLanguage":"gl-ES","@id":"https:\/\/www.anovapeneira.gal\/#\/schema\/logo\/image\/","url":"http:\/\/www.anovapeneira.gal\/wp-content\/uploads\/2019\/06\/logo_a_nova_peneira_portal_web.png","contentUrl":"http:\/\/www.anovapeneira.gal\/wp-content\/uploads\/2019\/06\/logo_a_nova_peneira_portal_web.png","width":300,"height":100,"caption":"A Nova Peneira"},"image":{"@id":"https:\/\/www.anovapeneira.gal\/#\/schema\/logo\/image\/"},"sameAs":["https:\/\/www.facebook.com\/anovapeneira","https:\/\/x.com\/APeneira"]},{"@type":"Person","@id":"https:\/\/www.anovapeneira.gal\/#\/schema\/person\/b93e3f8932e3f8da96334607eb6ac6aa","name":"Redacci\u00f3n A Nova Peneira","image":{"@type":"ImageObject","inLanguage":"gl-ES","@id":"https:\/\/secure.gravatar.com\/avatar\/c052a2551a06e23fac63626232eaa90abd78dbcf1700fc46a2b2c89fd27b735f?s=96&d=mm&r=g","url":"https:\/\/secure.gravatar.com\/avatar\/c052a2551a06e23fac63626232eaa90abd78dbcf1700fc46a2b2c89fd27b735f?s=96&d=mm&r=g","contentUrl":"https:\/\/secure.gravatar.com\/avatar\/c052a2551a06e23fac63626232eaa90abd78dbcf1700fc46a2b2c89fd27b735f?s=96&d=mm&r=g","caption":"Redacci\u00f3n A Nova Peneira"},"sameAs":["http:\/\/www.anovapeneira.gal\/"],"url":"https:\/\/www.anovapeneira.gal\/index.php\/author\/redactor\/"}]}},"jetpack_featured_media_url":"https:\/\/www.anovapeneira.gal\/wp-content\/uploads\/2023\/11\/pleno_bueu.jpg","_links":{"self":[{"href":"https:\/\/www.anovapeneira.gal\/index.php\/wp-json\/wp\/v2\/posts\/10722","targetHints":{"allow":["GET"]}}],"collection":[{"href":"https:\/\/www.anovapeneira.gal\/index.php\/wp-json\/wp\/v2\/posts"}],"about":[{"href":"https:\/\/www.anovapeneira.gal\/index.php\/wp-json\/wp\/v2\/types\/post"}],"author":[{"embeddable":true,"href":"https:\/\/www.anovapeneira.gal\/index.php\/wp-json\/wp\/v2\/users\/3"}],"replies":[{"embeddable":true,"href":"https:\/\/www.anovapeneira.gal\/index.php\/wp-json\/wp\/v2\/comments?post=10722"}],"version-history":[{"count":1,"href":"https:\/\/www.anovapeneira.gal\/index.php\/wp-json\/wp\/v2\/posts\/10722\/revisions"}],"predecessor-version":[{"id":10723,"href":"https:\/\/www.anovapeneira.gal\/index.php\/wp-json\/wp\/v2\/posts\/10722\/revisions\/10723"}],"wp:featuredmedia":[{"embeddable":true,"href":"https:\/\/www.anovapeneira.gal\/index.php\/wp-json\/wp\/v2\/media\/10724"}],"wp:attachment":[{"href":"https:\/\/www.anovapeneira.gal\/index.php\/wp-json\/wp\/v2\/media?parent=10722"}],"wp:term":[{"taxonomy":"category","embeddable":true,"href":"https:\/\/www.anovapeneira.gal\/index.php\/wp-json\/wp\/v2\/categories?post=10722"},{"taxonomy":"post_tag","embeddable":true,"href":"https:\/\/www.anovapeneira.gal\/index.php\/wp-json\/wp\/v2\/tags?post=10722"}],"curies":[{"name":"wp","href":"https:\/\/api.w.org\/{rel}","templated":true}]}}