{"id":10734,"date":"2023-11-14T12:00:53","date_gmt":"2023-11-14T11:00:53","guid":{"rendered":"https:\/\/www.anovapeneira.gal\/?p=10734"},"modified":"2023-11-08T13:00:20","modified_gmt":"2023-11-08T12:00:20","slug":"o-bng-solicita-melloras-no-servizo-de-autobus-entre-marin-e-pontevedra","status":"publish","type":"post","link":"https:\/\/www.anovapeneira.gal\/index.php\/2023\/11\/14\/o-bng-solicita-melloras-no-servizo-de-autobus-entre-marin-e-pontevedra\/","title":{"rendered":"O BNG solicita melloras no servizo de autob\u00fas entre Mar\u00edn e Pontevedra"},"content":{"rendered":"\n<h2 class=\"wp-block-heading\">Luc\u00eda Santos insta a tomar medidas urxentes para mellorar a puntualidade no transporte e reducir as esperas duplicadas nas paradas, priorizando a mobilidade da comunidade<\/h2>\n\n\n\n<p>A portavoz municipal do Bloque Nacionalista Galego (BNG), Luc\u00eda Santos, trasladou \u00e1 Comisi\u00f3n Informativa de Seguridade e Mobilidade, que tivo lugar o pasado xoves 2 de novembro, os problemas que afectan ao servizo de autob\u00fas Mar\u00edn-Pontevedra xestionado por Monbus.<br>Luc\u00eda Santos subli\u00f1a que as li\u00f1as de transporte non est\u00e1n a cumprir os horarios establecidos, o que provoca importantes atrasos nas rutas. Os tempos de espera nas paradas pasaron de vinte minutos, como est\u00e1 indicado nos horarios, a corenta minutos, o que causa molestias e inconvenientes para as persoas usuarias que dependen deste servizo para os seus desprazamentos diarios.<br>Este servizo de transporte rexistra unha gran demanda durante todo o ano, tanto pola veci\u00f1anza de Pontevedra como pola de Mar\u00edn. \u00c9 un servizo que atende as necesidades dun amplo abano de posibilidades abarcando tanto a estudantes, traballadores e traballadoras como por aquelas persoas que desexan gozar das praias durante os meses de ver\u00e1n, entre outras. Con todo, as queixas da cidadan\u00eda sobre os incumprimentos dos horarios e a sobrecarga nos autobuses ve\u00f1en sendo unha constante dende hai tempo.<br>Ademais, a portavoz do BNG engade que as li\u00f1as de transporte con maior demanda, como os horarios de primeira hora da ma\u00f1\u00e1 ou do mediod\u00eda, est\u00e1n saturadas. Iso implica que moita xente se vexa obrigada a agardar na parada polo seguinte autob\u00fas.<br>Ante esta situaci\u00f3n, o BNG solicita ao goberno local que inste \u00e1 empresa Monbus a ofrecer un servizo de calidade, cumprindo estritamente os horarios establecidos e reforzando as rutas nos momentos de maior demanda. A satisfacci\u00f3n e a comodidade das persoas usuarias deste servizo deben ser unha prioridade, e \u00e9 fundamental que se tomen medidas para resolver estes problemas que afectan \u00e1 mobilidade da nosa comunidade.<br>Luc\u00eda Santos Omil.<br>Portavoz municipal do BNG de Mar\u00edn.<br>Mar\u00edn, 8 de novembro do 2023.<\/p>\n","protected":false},"excerpt":{"rendered":"<div class=\"mh-excerpt\"><p>Luc\u00eda Santos insta a tomar medidas urxentes para mellorar a puntualidade no transporte e reducir as esperas duplicadas nas paradas, priorizando a mobilidade da comunidade <a class=\"mh-excerpt-more\" href=\"https:\/\/www.anovapeneira.gal\/index.php\/2023\/11\/14\/o-bng-solicita-melloras-no-servizo-de-autobus-entre-marin-e-pontevedra\/\" title=\"O BNG solicita melloras no servizo de autob\u00fas entre Mar\u00edn e Pontevedra\">[&#8230;]<\/a><\/p>\n<\/div>","protected":false},"author":3,"featured_media":8265,"comment_status":"open","ping_status":"open","sticky":false,"template":"","format":"standard","meta":{"_exactmetrics_skip_tracking":false,"_exactmetrics_sitenote_active":false,"_exactmetrics_sitenote_note":"","_exactmetrics_sitenote_category":0,"footnotes":""},"categories":[22,26],"tags":[144,756],"class_list":{"0":"post-10734","1":"post","2":"type-post","3":"status-publish","4":"format-standard","5":"has-post-thumbnail","7":"category-morrazo","8":"category-pontevedra","9":"tag-concello-de-marin","10":"tag-concello-de-pontevedra"},"yoast_head":"<!-- This site is optimized with the Yoast SEO plugin v27.4 - https:\/\/yoast.com\/product\/yoast-seo-wordpress\/ -->\n<title>O BNG solicita melloras no servizo de autob\u00fas entre Mar\u00edn e Pontevedra -<\/title>\n<meta name=\"description\" content=\"Luc\u00eda Santos insta a tomar medidas urxentes para mellorar a puntualidade no transporte e reducir as esperas duplicadas nas paradas, priorizando a mobilidade da comunidade\" \/>\n<meta name=\"robots\" content=\"index, follow, max-snippet:-1, max-image-preview:large, max-video-preview:-1\" \/>\n<link rel=\"canonical\" href=\"https:\/\/www.anovapeneira.gal\/index.php\/2023\/11\/14\/o-bng-solicita-melloras-no-servizo-de-autobus-entre-marin-e-pontevedra\/\" \/>\n<meta property=\"og:locale\" content=\"gl_ES\" \/>\n<meta property=\"og:type\" content=\"article\" \/>\n<meta property=\"og:title\" content=\"O BNG solicita melloras no servizo de autob\u00fas entre Mar\u00edn e Pontevedra -\" \/>\n<meta property=\"og:description\" content=\"Luc\u00eda Santos insta a tomar medidas urxentes para mellorar a puntualidade no transporte e reducir as esperas duplicadas nas paradas, priorizando a mobilidade da comunidade\" \/>\n<meta property=\"og:url\" content=\"https:\/\/www.anovapeneira.gal\/index.php\/2023\/11\/14\/o-bng-solicita-melloras-no-servizo-de-autobus-entre-marin-e-pontevedra\/\" \/>\n<meta property=\"article:publisher\" content=\"https:\/\/www.facebook.com\/anovapeneira\" \/>\n<meta property=\"article:published_time\" content=\"2023-11-14T11:00:53+00:00\" \/>\n<meta property=\"og:image\" content=\"https:\/\/www.anovapeneira.gal\/wp-content\/uploads\/2022\/09\/bng_logo_2.jpg\" \/>\n\t<meta property=\"og:image:width\" content=\"720\" \/>\n\t<meta property=\"og:image:height\" content=\"432\" \/>\n\t<meta property=\"og:image:type\" content=\"image\/jpeg\" \/>\n<meta name=\"author\" content=\"Redacci\u00f3n A Nova Peneira\" \/>\n<meta name=\"twitter:card\" content=\"summary_large_image\" \/>\n<meta name=\"twitter:creator\" content=\"@APeneira\" \/>\n<meta name=\"twitter:site\" content=\"@APeneira\" \/>\n<meta name=\"twitter:label1\" content=\"Escrito por\" \/>\n\t<meta name=\"twitter:data1\" content=\"Redacci\u00f3n A Nova Peneira\" \/>\n\t<meta name=\"twitter:label2\" content=\"Tempo de lectura\" \/>\n\t<meta name=\"twitter:data2\" content=\"2 minutos\" \/>\n<script type=\"application\/ld+json\" class=\"yoast-schema-graph\">{\"@context\":\"https:\\\/\\\/schema.org\",\"@graph\":[{\"@type\":\"Article\",\"@id\":\"https:\\\/\\\/www.anovapeneira.gal\\\/index.php\\\/2023\\\/11\\\/14\\\/o-bng-solicita-melloras-no-servizo-de-autobus-entre-marin-e-pontevedra\\\/#article\",\"isPartOf\":{\"@id\":\"https:\\\/\\\/www.anovapeneira.gal\\\/index.php\\\/2023\\\/11\\\/14\\\/o-bng-solicita-melloras-no-servizo-de-autobus-entre-marin-e-pontevedra\\\/\"},\"author\":{\"name\":\"Redacci\u00f3n A Nova Peneira\",\"@id\":\"https:\\\/\\\/www.anovapeneira.gal\\\/#\\\/schema\\\/person\\\/b93e3f8932e3f8da96334607eb6ac6aa\"},\"headline\":\"O BNG solicita melloras no servizo de autob\u00fas entre Mar\u00edn e Pontevedra\",\"datePublished\":\"2023-11-14T11:00:53+00:00\",\"mainEntityOfPage\":{\"@id\":\"https:\\\/\\\/www.anovapeneira.gal\\\/index.php\\\/2023\\\/11\\\/14\\\/o-bng-solicita-melloras-no-servizo-de-autobus-entre-marin-e-pontevedra\\\/\"},\"wordCount\":354,\"commentCount\":0,\"publisher\":{\"@id\":\"https:\\\/\\\/www.anovapeneira.gal\\\/#organization\"},\"image\":{\"@id\":\"https:\\\/\\\/www.anovapeneira.gal\\\/index.php\\\/2023\\\/11\\\/14\\\/o-bng-solicita-melloras-no-servizo-de-autobus-entre-marin-e-pontevedra\\\/#primaryimage\"},\"thumbnailUrl\":\"https:\\\/\\\/www.anovapeneira.gal\\\/wp-content\\\/uploads\\\/2022\\\/09\\\/bng_logo_2.jpg\",\"keywords\":[\"Concello de Mar\u00edn\",\"Concello de Pontevedra\"],\"articleSection\":[\"Morrazo\",\"Pontevedra\"],\"inLanguage\":\"gl-ES\",\"potentialAction\":[{\"@type\":\"CommentAction\",\"name\":\"Comment\",\"target\":[\"https:\\\/\\\/www.anovapeneira.gal\\\/index.php\\\/2023\\\/11\\\/14\\\/o-bng-solicita-melloras-no-servizo-de-autobus-entre-marin-e-pontevedra\\\/#respond\"]}]},{\"@type\":\"WebPage\",\"@id\":\"https:\\\/\\\/www.anovapeneira.gal\\\/index.php\\\/2023\\\/11\\\/14\\\/o-bng-solicita-melloras-no-servizo-de-autobus-entre-marin-e-pontevedra\\\/\",\"url\":\"https:\\\/\\\/www.anovapeneira.gal\\\/index.php\\\/2023\\\/11\\\/14\\\/o-bng-solicita-melloras-no-servizo-de-autobus-entre-marin-e-pontevedra\\\/\",\"name\":\"O BNG solicita melloras no servizo de autob\u00fas entre Mar\u00edn e Pontevedra -\",\"isPartOf\":{\"@id\":\"https:\\\/\\\/www.anovapeneira.gal\\\/#website\"},\"primaryImageOfPage\":{\"@id\":\"https:\\\/\\\/www.anovapeneira.gal\\\/index.php\\\/2023\\\/11\\\/14\\\/o-bng-solicita-melloras-no-servizo-de-autobus-entre-marin-e-pontevedra\\\/#primaryimage\"},\"image\":{\"@id\":\"https:\\\/\\\/www.anovapeneira.gal\\\/index.php\\\/2023\\\/11\\\/14\\\/o-bng-solicita-melloras-no-servizo-de-autobus-entre-marin-e-pontevedra\\\/#primaryimage\"},\"thumbnailUrl\":\"https:\\\/\\\/www.anovapeneira.gal\\\/wp-content\\\/uploads\\\/2022\\\/09\\\/bng_logo_2.jpg\",\"datePublished\":\"2023-11-14T11:00:53+00:00\",\"description\":\"Luc\u00eda Santos insta a tomar medidas urxentes para mellorar a puntualidade no transporte e reducir as esperas duplicadas nas paradas, priorizando a mobilidade da comunidade\",\"breadcrumb\":{\"@id\":\"https:\\\/\\\/www.anovapeneira.gal\\\/index.php\\\/2023\\\/11\\\/14\\\/o-bng-solicita-melloras-no-servizo-de-autobus-entre-marin-e-pontevedra\\\/#breadcrumb\"},\"inLanguage\":\"gl-ES\",\"potentialAction\":[{\"@type\":\"ReadAction\",\"target\":[\"https:\\\/\\\/www.anovapeneira.gal\\\/index.php\\\/2023\\\/11\\\/14\\\/o-bng-solicita-melloras-no-servizo-de-autobus-entre-marin-e-pontevedra\\\/\"]}]},{\"@type\":\"ImageObject\",\"inLanguage\":\"gl-ES\",\"@id\":\"https:\\\/\\\/www.anovapeneira.gal\\\/index.php\\\/2023\\\/11\\\/14\\\/o-bng-solicita-melloras-no-servizo-de-autobus-entre-marin-e-pontevedra\\\/#primaryimage\",\"url\":\"https:\\\/\\\/www.anovapeneira.gal\\\/wp-content\\\/uploads\\\/2022\\\/09\\\/bng_logo_2.jpg\",\"contentUrl\":\"https:\\\/\\\/www.anovapeneira.gal\\\/wp-content\\\/uploads\\\/2022\\\/09\\\/bng_logo_2.jpg\",\"width\":720,\"height\":432,\"caption\":\"Logotipo BNG\"},{\"@type\":\"BreadcrumbList\",\"@id\":\"https:\\\/\\\/www.anovapeneira.gal\\\/index.php\\\/2023\\\/11\\\/14\\\/o-bng-solicita-melloras-no-servizo-de-autobus-entre-marin-e-pontevedra\\\/#breadcrumb\",\"itemListElement\":[{\"@type\":\"ListItem\",\"position\":1,\"name\":\"Portada\",\"item\":\"https:\\\/\\\/www.anovapeneira.gal\\\/\"},{\"@type\":\"ListItem\",\"position\":2,\"name\":\"O BNG solicita melloras no servizo de autob\u00fas entre Mar\u00edn e Pontevedra\"}]},{\"@type\":\"WebSite\",\"@id\":\"https:\\\/\\\/www.anovapeneira.gal\\\/#website\",\"url\":\"https:\\\/\\\/www.anovapeneira.gal\\\/\",\"name\":\"\",\"description\":\"Xornal galego de informaci\u00f3n xeral Publicaci\u00f3n mensual de novas de Galicia e en especial dos Concellos da sur da provincia de Pontevedra.\",\"publisher\":{\"@id\":\"https:\\\/\\\/www.anovapeneira.gal\\\/#organization\"},\"potentialAction\":[{\"@type\":\"SearchAction\",\"target\":{\"@type\":\"EntryPoint\",\"urlTemplate\":\"https:\\\/\\\/www.anovapeneira.gal\\\/?s={search_term_string}\"},\"query-input\":{\"@type\":\"PropertyValueSpecification\",\"valueRequired\":true,\"valueName\":\"search_term_string\"}}],\"inLanguage\":\"gl-ES\"},{\"@type\":\"Organization\",\"@id\":\"https:\\\/\\\/www.anovapeneira.gal\\\/#organization\",\"name\":\"A Nova Peneira\",\"url\":\"https:\\\/\\\/www.anovapeneira.gal\\\/\",\"logo\":{\"@type\":\"ImageObject\",\"inLanguage\":\"gl-ES\",\"@id\":\"https:\\\/\\\/www.anovapeneira.gal\\\/#\\\/schema\\\/logo\\\/image\\\/\",\"url\":\"http:\\\/\\\/www.anovapeneira.gal\\\/wp-content\\\/uploads\\\/2019\\\/06\\\/logo_a_nova_peneira_portal_web.png\",\"contentUrl\":\"http:\\\/\\\/www.anovapeneira.gal\\\/wp-content\\\/uploads\\\/2019\\\/06\\\/logo_a_nova_peneira_portal_web.png\",\"width\":300,\"height\":100,\"caption\":\"A Nova Peneira\"},\"image\":{\"@id\":\"https:\\\/\\\/www.anovapeneira.gal\\\/#\\\/schema\\\/logo\\\/image\\\/\"},\"sameAs\":[\"https:\\\/\\\/www.facebook.com\\\/anovapeneira\",\"https:\\\/\\\/x.com\\\/APeneira\"]},{\"@type\":\"Person\",\"@id\":\"https:\\\/\\\/www.anovapeneira.gal\\\/#\\\/schema\\\/person\\\/b93e3f8932e3f8da96334607eb6ac6aa\",\"name\":\"Redacci\u00f3n A Nova Peneira\",\"image\":{\"@type\":\"ImageObject\",\"inLanguage\":\"gl-ES\",\"@id\":\"https:\\\/\\\/secure.gravatar.com\\\/avatar\\\/c052a2551a06e23fac63626232eaa90abd78dbcf1700fc46a2b2c89fd27b735f?s=96&d=mm&r=g\",\"url\":\"https:\\\/\\\/secure.gravatar.com\\\/avatar\\\/c052a2551a06e23fac63626232eaa90abd78dbcf1700fc46a2b2c89fd27b735f?s=96&d=mm&r=g\",\"contentUrl\":\"https:\\\/\\\/secure.gravatar.com\\\/avatar\\\/c052a2551a06e23fac63626232eaa90abd78dbcf1700fc46a2b2c89fd27b735f?s=96&d=mm&r=g\",\"caption\":\"Redacci\u00f3n A Nova Peneira\"},\"sameAs\":[\"http:\\\/\\\/www.anovapeneira.gal\\\/\"],\"url\":\"https:\\\/\\\/www.anovapeneira.gal\\\/index.php\\\/author\\\/redactor\\\/\"}]}<\/script>\n<!-- \/ Yoast SEO plugin. -->","yoast_head_json":{"title":"O BNG solicita melloras no servizo de autob\u00fas entre Mar\u00edn e Pontevedra -","description":"Luc\u00eda Santos insta a tomar medidas urxentes para mellorar a puntualidade no transporte e reducir as esperas duplicadas nas paradas, priorizando a mobilidade da comunidade","robots":{"index":"index","follow":"follow","max-snippet":"max-snippet:-1","max-image-preview":"max-image-preview:large","max-video-preview":"max-video-preview:-1"},"canonical":"https:\/\/www.anovapeneira.gal\/index.php\/2023\/11\/14\/o-bng-solicita-melloras-no-servizo-de-autobus-entre-marin-e-pontevedra\/","og_locale":"gl_ES","og_type":"article","og_title":"O BNG solicita melloras no servizo de autob\u00fas entre Mar\u00edn e Pontevedra -","og_description":"Luc\u00eda Santos insta a tomar medidas urxentes para mellorar a puntualidade no transporte e reducir as esperas duplicadas nas paradas, priorizando a mobilidade da comunidade","og_url":"https:\/\/www.anovapeneira.gal\/index.php\/2023\/11\/14\/o-bng-solicita-melloras-no-servizo-de-autobus-entre-marin-e-pontevedra\/","article_publisher":"https:\/\/www.facebook.com\/anovapeneira","article_published_time":"2023-11-14T11:00:53+00:00","og_image":[{"width":720,"height":432,"url":"https:\/\/www.anovapeneira.gal\/wp-content\/uploads\/2022\/09\/bng_logo_2.jpg","type":"image\/jpeg"}],"author":"Redacci\u00f3n A Nova Peneira","twitter_card":"summary_large_image","twitter_creator":"@APeneira","twitter_site":"@APeneira","twitter_misc":{"Escrito por":"Redacci\u00f3n A Nova Peneira","Tempo de lectura":"2 minutos"},"schema":{"@context":"https:\/\/schema.org","@graph":[{"@type":"Article","@id":"https:\/\/www.anovapeneira.gal\/index.php\/2023\/11\/14\/o-bng-solicita-melloras-no-servizo-de-autobus-entre-marin-e-pontevedra\/#article","isPartOf":{"@id":"https:\/\/www.anovapeneira.gal\/index.php\/2023\/11\/14\/o-bng-solicita-melloras-no-servizo-de-autobus-entre-marin-e-pontevedra\/"},"author":{"name":"Redacci\u00f3n A Nova Peneira","@id":"https:\/\/www.anovapeneira.gal\/#\/schema\/person\/b93e3f8932e3f8da96334607eb6ac6aa"},"headline":"O BNG solicita melloras no servizo de autob\u00fas entre Mar\u00edn e Pontevedra","datePublished":"2023-11-14T11:00:53+00:00","mainEntityOfPage":{"@id":"https:\/\/www.anovapeneira.gal\/index.php\/2023\/11\/14\/o-bng-solicita-melloras-no-servizo-de-autobus-entre-marin-e-pontevedra\/"},"wordCount":354,"commentCount":0,"publisher":{"@id":"https:\/\/www.anovapeneira.gal\/#organization"},"image":{"@id":"https:\/\/www.anovapeneira.gal\/index.php\/2023\/11\/14\/o-bng-solicita-melloras-no-servizo-de-autobus-entre-marin-e-pontevedra\/#primaryimage"},"thumbnailUrl":"https:\/\/www.anovapeneira.gal\/wp-content\/uploads\/2022\/09\/bng_logo_2.jpg","keywords":["Concello de Mar\u00edn","Concello de Pontevedra"],"articleSection":["Morrazo","Pontevedra"],"inLanguage":"gl-ES","potentialAction":[{"@type":"CommentAction","name":"Comment","target":["https:\/\/www.anovapeneira.gal\/index.php\/2023\/11\/14\/o-bng-solicita-melloras-no-servizo-de-autobus-entre-marin-e-pontevedra\/#respond"]}]},{"@type":"WebPage","@id":"https:\/\/www.anovapeneira.gal\/index.php\/2023\/11\/14\/o-bng-solicita-melloras-no-servizo-de-autobus-entre-marin-e-pontevedra\/","url":"https:\/\/www.anovapeneira.gal\/index.php\/2023\/11\/14\/o-bng-solicita-melloras-no-servizo-de-autobus-entre-marin-e-pontevedra\/","name":"O BNG solicita melloras no servizo de autob\u00fas entre Mar\u00edn e Pontevedra -","isPartOf":{"@id":"https:\/\/www.anovapeneira.gal\/#website"},"primaryImageOfPage":{"@id":"https:\/\/www.anovapeneira.gal\/index.php\/2023\/11\/14\/o-bng-solicita-melloras-no-servizo-de-autobus-entre-marin-e-pontevedra\/#primaryimage"},"image":{"@id":"https:\/\/www.anovapeneira.gal\/index.php\/2023\/11\/14\/o-bng-solicita-melloras-no-servizo-de-autobus-entre-marin-e-pontevedra\/#primaryimage"},"thumbnailUrl":"https:\/\/www.anovapeneira.gal\/wp-content\/uploads\/2022\/09\/bng_logo_2.jpg","datePublished":"2023-11-14T11:00:53+00:00","description":"Luc\u00eda Santos insta a tomar medidas urxentes para mellorar a puntualidade no transporte e reducir as esperas duplicadas nas paradas, priorizando a mobilidade da comunidade","breadcrumb":{"@id":"https:\/\/www.anovapeneira.gal\/index.php\/2023\/11\/14\/o-bng-solicita-melloras-no-servizo-de-autobus-entre-marin-e-pontevedra\/#breadcrumb"},"inLanguage":"gl-ES","potentialAction":[{"@type":"ReadAction","target":["https:\/\/www.anovapeneira.gal\/index.php\/2023\/11\/14\/o-bng-solicita-melloras-no-servizo-de-autobus-entre-marin-e-pontevedra\/"]}]},{"@type":"ImageObject","inLanguage":"gl-ES","@id":"https:\/\/www.anovapeneira.gal\/index.php\/2023\/11\/14\/o-bng-solicita-melloras-no-servizo-de-autobus-entre-marin-e-pontevedra\/#primaryimage","url":"https:\/\/www.anovapeneira.gal\/wp-content\/uploads\/2022\/09\/bng_logo_2.jpg","contentUrl":"https:\/\/www.anovapeneira.gal\/wp-content\/uploads\/2022\/09\/bng_logo_2.jpg","width":720,"height":432,"caption":"Logotipo BNG"},{"@type":"BreadcrumbList","@id":"https:\/\/www.anovapeneira.gal\/index.php\/2023\/11\/14\/o-bng-solicita-melloras-no-servizo-de-autobus-entre-marin-e-pontevedra\/#breadcrumb","itemListElement":[{"@type":"ListItem","position":1,"name":"Portada","item":"https:\/\/www.anovapeneira.gal\/"},{"@type":"ListItem","position":2,"name":"O BNG solicita melloras no servizo de autob\u00fas entre Mar\u00edn e Pontevedra"}]},{"@type":"WebSite","@id":"https:\/\/www.anovapeneira.gal\/#website","url":"https:\/\/www.anovapeneira.gal\/","name":"","description":"Xornal galego de informaci\u00f3n xeral Publicaci\u00f3n mensual de novas de Galicia e en especial dos Concellos da sur da provincia de Pontevedra.","publisher":{"@id":"https:\/\/www.anovapeneira.gal\/#organization"},"potentialAction":[{"@type":"SearchAction","target":{"@type":"EntryPoint","urlTemplate":"https:\/\/www.anovapeneira.gal\/?s={search_term_string}"},"query-input":{"@type":"PropertyValueSpecification","valueRequired":true,"valueName":"search_term_string"}}],"inLanguage":"gl-ES"},{"@type":"Organization","@id":"https:\/\/www.anovapeneira.gal\/#organization","name":"A Nova Peneira","url":"https:\/\/www.anovapeneira.gal\/","logo":{"@type":"ImageObject","inLanguage":"gl-ES","@id":"https:\/\/www.anovapeneira.gal\/#\/schema\/logo\/image\/","url":"http:\/\/www.anovapeneira.gal\/wp-content\/uploads\/2019\/06\/logo_a_nova_peneira_portal_web.png","contentUrl":"http:\/\/www.anovapeneira.gal\/wp-content\/uploads\/2019\/06\/logo_a_nova_peneira_portal_web.png","width":300,"height":100,"caption":"A Nova Peneira"},"image":{"@id":"https:\/\/www.anovapeneira.gal\/#\/schema\/logo\/image\/"},"sameAs":["https:\/\/www.facebook.com\/anovapeneira","https:\/\/x.com\/APeneira"]},{"@type":"Person","@id":"https:\/\/www.anovapeneira.gal\/#\/schema\/person\/b93e3f8932e3f8da96334607eb6ac6aa","name":"Redacci\u00f3n A Nova Peneira","image":{"@type":"ImageObject","inLanguage":"gl-ES","@id":"https:\/\/secure.gravatar.com\/avatar\/c052a2551a06e23fac63626232eaa90abd78dbcf1700fc46a2b2c89fd27b735f?s=96&d=mm&r=g","url":"https:\/\/secure.gravatar.com\/avatar\/c052a2551a06e23fac63626232eaa90abd78dbcf1700fc46a2b2c89fd27b735f?s=96&d=mm&r=g","contentUrl":"https:\/\/secure.gravatar.com\/avatar\/c052a2551a06e23fac63626232eaa90abd78dbcf1700fc46a2b2c89fd27b735f?s=96&d=mm&r=g","caption":"Redacci\u00f3n A Nova Peneira"},"sameAs":["http:\/\/www.anovapeneira.gal\/"],"url":"https:\/\/www.anovapeneira.gal\/index.php\/author\/redactor\/"}]}},"jetpack_featured_media_url":"https:\/\/www.anovapeneira.gal\/wp-content\/uploads\/2022\/09\/bng_logo_2.jpg","_links":{"self":[{"href":"https:\/\/www.anovapeneira.gal\/index.php\/wp-json\/wp\/v2\/posts\/10734","targetHints":{"allow":["GET"]}}],"collection":[{"href":"https:\/\/www.anovapeneira.gal\/index.php\/wp-json\/wp\/v2\/posts"}],"about":[{"href":"https:\/\/www.anovapeneira.gal\/index.php\/wp-json\/wp\/v2\/types\/post"}],"author":[{"embeddable":true,"href":"https:\/\/www.anovapeneira.gal\/index.php\/wp-json\/wp\/v2\/users\/3"}],"replies":[{"embeddable":true,"href":"https:\/\/www.anovapeneira.gal\/index.php\/wp-json\/wp\/v2\/comments?post=10734"}],"version-history":[{"count":1,"href":"https:\/\/www.anovapeneira.gal\/index.php\/wp-json\/wp\/v2\/posts\/10734\/revisions"}],"predecessor-version":[{"id":10735,"href":"https:\/\/www.anovapeneira.gal\/index.php\/wp-json\/wp\/v2\/posts\/10734\/revisions\/10735"}],"wp:featuredmedia":[{"embeddable":true,"href":"https:\/\/www.anovapeneira.gal\/index.php\/wp-json\/wp\/v2\/media\/8265"}],"wp:attachment":[{"href":"https:\/\/www.anovapeneira.gal\/index.php\/wp-json\/wp\/v2\/media?parent=10734"}],"wp:term":[{"taxonomy":"category","embeddable":true,"href":"https:\/\/www.anovapeneira.gal\/index.php\/wp-json\/wp\/v2\/categories?post=10734"},{"taxonomy":"post_tag","embeddable":true,"href":"https:\/\/www.anovapeneira.gal\/index.php\/wp-json\/wp\/v2\/tags?post=10734"}],"curies":[{"name":"wp","href":"https:\/\/api.w.org\/{rel}","templated":true}]}}