{"id":1074,"date":"2019-08-26T14:00:46","date_gmt":"2019-08-26T12:00:46","guid":{"rendered":"http:\/\/www.anovapeneira.gal\/?p=1074"},"modified":"2019-08-24T21:41:33","modified_gmt":"2019-08-24T19:41:33","slug":"lx-festa-do-vino-de-salvaterra-2019","status":"publish","type":"post","link":"https:\/\/www.anovapeneira.gal\/index.php\/2019\/08\/26\/lx-festa-do-vino-de-salvaterra-2019\/","title":{"rendered":"LX Festa do Vi\u00f1o de Salvaterra 2019"},"content":{"rendered":"\n<p>\u00c1 \u00faltima\nfin de semana deste mes de agosto, ven de celebrase a tradicional\nFesta  do Vi\u00f1o do Condado do Tea, cadrando esta no 23, 24 e 25 do\noitavo mes do ano.<\/p>\n\n\n\n<p>Os\nantecedentes hist\u00f3ricos deste evento vin\u00edcola rem\u00f3ntanse a xullo\nde 1959. Nesa data, sit\u00faase a data de inicio da festa, que naquel\nintre adoptou a denominaci\u00f3n de&nbsp;Festa da Vendima. Polo tanto\neste ano celebraron a seu 60 aniversario no marco incomparable do\nrecinto amurallado da fermosa vila de Salvaterra de Mi\u00f1o.<\/p>\n\n\n\n<p>O fundador da Festa da\nVendima foi Jos\u00e9 Rodriguez Ojea, que chegou a ser alcalde do\nConcello. Indiano chegado do Brasil, ao instalarse en Salvaterra de\nMi\u00f1o, faise membro da Irmandade de Labregos e Gandeiros San\nLourenzo, con sede na denominada Casa Sindical situada no actual\ncasco urbano do municipio.<br>Esta \u00e9 por tanto a segunda festa\ngastron\u00f3mica&nbsp;m\u00e1is antiga&nbsp;de Galicia, detr\u00e1s da Festa do\nAlvari\u00f1o de Cambados. <br>Segundo se recollen nas actas notariais\nque se conservan, a&nbsp;Irmandade de Labradores e Gandeiros San\nLourenzo de Salvaterra de Mi\u00f1o&nbsp;organiza en&nbsp;1959&nbsp;o I\nGran Concurso de Vi\u00f1os do Condado.&nbsp;Inicialmente, na Festa da\nVendima, participaban pequenos adegueiros das diferentes parroquias\ndo municipio e o ga\u00f1ador d\u00e1base a co\u00f1ecer tras unha cata cega de\nvi\u00f1os brancos e tintos.&nbsp;<\/p>\n\n\n\n<p>Nos\nprimeiros anos, a festa consist\u00eda, amais do concurso de vi\u00f1os, nun\nxantar degustaci\u00f3n de gastronom\u00eda t\u00edpica da zona, acompa\u00f1ada dos\nvi\u00f1os ga\u00f1adores do concurso. Este xantar celebr\u00e1base no Castelo de\nDona Urraca, dentro da Fortaleza de Salvaterra.<\/p>\n\n\n\n<p>A partir de\n1975 o Concello de Salvatera de Mi\u00f1o fa\u00edse cargo da organizaci\u00f3n\nda Festa do Vi\u00f1o do Condado do Tea, en colaboraci\u00f3n coa Irmandade\nde Labradores e Gandeiros San Lourenzo de Salvaterra de Mi\u00f1o. Nela\nmantense o&nbsp;Concurso- Certame de Vi\u00f1os do Condado.&nbsp;Na festa\nofrecese a degustaci\u00f3n gratu\u00edta de vi\u00f1o producido nas pequenas\nadegas das diferentes parroquias do concello ao p\u00fablico asistente e\ncel\u00e9branse diferentes actos de marcado car\u00e1cter cultural e\ninstitucional.&nbsp;En 1977 introd\u00facese como un acto de exaltaci\u00f3n\nda festa, a edici\u00f3n dun cu\u00f1o conmemorativo, que se mant\u00e9n ata hoxe\nen d\u00eda.<\/p>\n\n\n\n<p>Nesa \u00e9poca\nde finais dos anos setenta, organizase a primeira comida popular\naberta a todo o p\u00fablico.&nbsp;<\/p>\n\n\n\n<p>En 1998 o\nConcello decide que o vi\u00f1o da Do R\u00edas Baixas, sexa o \u00fanico que se\npromocione na Festa.&nbsp;A tradicional Festa do Vi\u00f1o do Condado\nxunto co peso do vi\u00f1o na econom\u00eda familiar do municipio, a calidade\ndos seus caldos e a gran extensi\u00f3n de vi\u00f1edos, fan de Salvaterra de\nMi\u00f1o a Capital do Vi\u00f1o do Condado do Tea.<\/p>\n\n\n\n<p>Durante toda\na ma\u00f1\u00e1 do domingo, os visitantes poden gozar degustando o delicioso\nvi\u00f1o desta subzona da D.O. R\u00edas Baixas, acompa\u00f1ado por produtos\nt\u00edpicos como polbo, sardi\u00f1as, empanada ou lamprea. Ademais p\u00f3dese\natopar tam\u00e9n Conferencias, Catas comentadas por expertos, Exposici\u00f3n\nde vi\u00f1os, Artesan\u00eda, Pintura, Escultura, Concentraci\u00f3n de coches\nde \u00e9poca, Gran desfile de gaitas e bailes galegos e a Mostra\nfilat\u00e9lica, na que se pon en circulaci\u00f3n a cu\u00f1a que conmemora a\nfesta nese ano.<\/p>\n\n\n\n<p>Tam\u00e9n se\nleva a cabo a celebraci\u00f3n dos Premios \u00f3s&nbsp;&#8220;Vi\u00f1os\ndeliciosos do Ano&#8221;. Este aporte novidoso vense celebrando dende\no ano 2000, \u00e9 primeira nun marco oficial, e vai dirixido \u00f3\nco\u00f1ecemento comparativo dos vi\u00f1os elaborados nas zonas do Condado\n(D.O. R\u00edas Baixas).<\/p>\n\n\n\n<p>Fonte: Concello de Salvaterra.<\/p>\n\n\n\n<p>Na\nprogramaci\u00f3n deste ano, veci\u00f1os e visitantes da vila puideron\nescoitar m\u00fasica da man da \u201cBanda de Gaitas  Pontenova\u201d, a\ncharanga \u201cVai  K Pinta\u201d e os grupos  \u201cLys Pardo\u201d e \u201cA \nSupersonic\u201d o venres 23.<\/p>\n\n\n\n<p>As charangas\n\u201cOT\u201d e \u201cMil9\u201d, os concertos de  \u201cBudi\u00f1o\u201d e  \u201cMonoulipus\n Dop\u201d foron os encargados de amenizar a festa o s\u00e1bado 24. \n<\/p>\n\n\n\n<p>Para o\ndomingo 25, \u00e1s 10.30 horas comezou o desfile dos grupos folcl\u00f3ricos\ne bandas de gaitas, houbo actuaci\u00f3n das charangas \u201cMil9\u201d e \n\u201cDocto Anchoa\u201d e os concertos dos grupos \u201c2con2\u201d e \u201cGramos\u201d.<\/p>\n\n\n\n<p>Este ano\ntam\u00e9n se fixeron actividades ao longo de toda a semana como un Curso\nde Cata e diferentes Catas de vi\u00f1os desde o luns 19 ata o m\u00e9rcores\n21.<\/p>\n\n\n\n<p>A Cata\nOficial  \u00e1 Procura dos Deliciosos e a apertura dos postos de comida,\nvi\u00f1o, foron o s\u00e1bado 24.<\/p>\n\n\n\n<p>A recepci\u00f3n\ndas Cofrad\u00edas e autoridades foi o domingo 25 pola ma\u00f1\u00e1, de seguido\no Desfile ata o recinto Amurallado, al\u00ed nomeouse aos Novos Cofrades\nDa Cofrad\u00eda do Vi\u00f1o do Condado do Tea e Espumosos  e de seguido,\nfoi a declaraci\u00f3n dos Vi\u00f1os Deliciosos do ano.<\/p>\n\n\n\n<p>Ademais\ntam\u00e9n houbo Noites Gastron\u00f3micas durante toda a fin de semana onde\nse puido degustar polbo, marisco, embutidos, tapas, churrasco,\nlamprea rechea e porco o espeto, todos uns manxares da nosa\ngastronom\u00eda.<\/p>\n\n\n\n<p>Como vedes\nunha semana repleta de actividades de degustaci\u00f3n dos mellores\ncaldos do Condado, m\u00fasica, comida e festa que non deixaron sen\nasombro aos milleiros de persoas que pasaron por Salvaterra durante\ntoda a semana para gozar desta festa declarada de \u201cInterese\nTur\u00edstico\u201d no ano 2016.<\/p>\n","protected":false},"excerpt":{"rendered":"<div class=\"mh-excerpt\"><p>\u00c1 \u00faltima fin de semana deste mes de agosto, ven de celebrase a tradicional Festa do Vi\u00f1o do Condado do Tea, cadrando esta no 23, 24 e 25 do oitavo mes do ano <a class=\"mh-excerpt-more\" href=\"https:\/\/www.anovapeneira.gal\/index.php\/2019\/08\/26\/lx-festa-do-vino-de-salvaterra-2019\/\" title=\"LX Festa do Vi\u00f1o de Salvaterra 2019\">[&#8230;]<\/a><\/p>\n<\/div>","protected":false},"author":3,"featured_media":1059,"comment_status":"open","ping_status":"open","sticky":false,"template":"","format":"standard","meta":{"_exactmetrics_skip_tracking":false,"_exactmetrics_sitenote_active":false,"_exactmetrics_sitenote_note":"","_exactmetrics_sitenote_category":0,"footnotes":""},"categories":[492],"tags":[186,434,29,28],"class_list":{"0":"post-1074","1":"post","2":"type-post","3":"status-publish","4":"format-standard","5":"has-post-thumbnail","7":"category-condado-reportaxes","8":"tag-concello-de-salvaterra-do-mino","9":"tag-festa-do-vino-do-condado-do-tea","10":"tag-gastronomia","11":"tag-turismo"},"yoast_head":"<!-- This site is optimized with the Yoast SEO plugin v27.4 - https:\/\/yoast.com\/product\/yoast-seo-wordpress\/ -->\n<title>LX Festa do Vi\u00f1o de Salvaterra 2019 -<\/title>\n<meta name=\"robots\" content=\"index, follow, max-snippet:-1, max-image-preview:large, max-video-preview:-1\" \/>\n<link rel=\"canonical\" href=\"https:\/\/www.anovapeneira.gal\/index.php\/2019\/08\/26\/lx-festa-do-vino-de-salvaterra-2019\/\" \/>\n<meta property=\"og:locale\" content=\"gl_ES\" \/>\n<meta property=\"og:type\" content=\"article\" \/>\n<meta property=\"og:title\" content=\"LX Festa do Vi\u00f1o de Salvaterra 2019 -\" \/>\n<meta property=\"og:description\" content=\"\u00c1 \u00faltima fin de semana deste mes de agosto, ven de celebrase a tradicional Festa do Vi\u00f1o do Condado do Tea, cadrando esta no 23, 24 e 25 do oitavo mes do ano [...]\" \/>\n<meta property=\"og:url\" content=\"https:\/\/www.anovapeneira.gal\/index.php\/2019\/08\/26\/lx-festa-do-vino-de-salvaterra-2019\/\" \/>\n<meta property=\"article:publisher\" content=\"https:\/\/www.facebook.com\/anovapeneira\" \/>\n<meta property=\"article:published_time\" content=\"2019-08-26T12:00:46+00:00\" \/>\n<meta property=\"og:image\" content=\"https:\/\/www.anovapeneira.gal\/wp-content\/uploads\/2019\/08\/festa_do_vino_salvaterra_do_minho_a_nova_peneira.jpg\" \/>\n\t<meta property=\"og:image:width\" content=\"720\" \/>\n\t<meta property=\"og:image:height\" content=\"473\" \/>\n\t<meta property=\"og:image:type\" content=\"image\/jpeg\" \/>\n<meta name=\"author\" content=\"Redacci\u00f3n A Nova Peneira\" \/>\n<meta name=\"twitter:card\" content=\"summary_large_image\" \/>\n<meta name=\"twitter:creator\" content=\"@APeneira\" \/>\n<meta name=\"twitter:site\" content=\"@APeneira\" \/>\n<meta name=\"twitter:label1\" content=\"Escrito por\" \/>\n\t<meta name=\"twitter:data1\" content=\"Redacci\u00f3n A Nova Peneira\" \/>\n\t<meta name=\"twitter:label2\" content=\"Tempo de lectura\" \/>\n\t<meta name=\"twitter:data2\" content=\"5 minutos\" \/>\n<script type=\"application\/ld+json\" class=\"yoast-schema-graph\">{\"@context\":\"https:\\\/\\\/schema.org\",\"@graph\":[{\"@type\":\"Article\",\"@id\":\"https:\\\/\\\/www.anovapeneira.gal\\\/index.php\\\/2019\\\/08\\\/26\\\/lx-festa-do-vino-de-salvaterra-2019\\\/#article\",\"isPartOf\":{\"@id\":\"https:\\\/\\\/www.anovapeneira.gal\\\/index.php\\\/2019\\\/08\\\/26\\\/lx-festa-do-vino-de-salvaterra-2019\\\/\"},\"author\":{\"name\":\"Redacci\u00f3n A Nova Peneira\",\"@id\":\"https:\\\/\\\/www.anovapeneira.gal\\\/#\\\/schema\\\/person\\\/b93e3f8932e3f8da96334607eb6ac6aa\"},\"headline\":\"LX Festa do Vi\u00f1o de Salvaterra 2019\",\"datePublished\":\"2019-08-26T12:00:46+00:00\",\"mainEntityOfPage\":{\"@id\":\"https:\\\/\\\/www.anovapeneira.gal\\\/index.php\\\/2019\\\/08\\\/26\\\/lx-festa-do-vino-de-salvaterra-2019\\\/\"},\"wordCount\":913,\"commentCount\":0,\"publisher\":{\"@id\":\"https:\\\/\\\/www.anovapeneira.gal\\\/#organization\"},\"image\":{\"@id\":\"https:\\\/\\\/www.anovapeneira.gal\\\/index.php\\\/2019\\\/08\\\/26\\\/lx-festa-do-vino-de-salvaterra-2019\\\/#primaryimage\"},\"thumbnailUrl\":\"https:\\\/\\\/www.anovapeneira.gal\\\/wp-content\\\/uploads\\\/2019\\\/08\\\/festa_do_vino_salvaterra_do_minho_a_nova_peneira.jpg\",\"keywords\":[\"Concello de Salvaterra do Mi\u00f1o\",\"Festa do Vi\u00f1o do Condado do Tea\",\"gastronom\u00eda\",\"Turismo\"],\"articleSection\":[\"Condado\"],\"inLanguage\":\"gl-ES\",\"potentialAction\":[{\"@type\":\"CommentAction\",\"name\":\"Comment\",\"target\":[\"https:\\\/\\\/www.anovapeneira.gal\\\/index.php\\\/2019\\\/08\\\/26\\\/lx-festa-do-vino-de-salvaterra-2019\\\/#respond\"]}]},{\"@type\":\"WebPage\",\"@id\":\"https:\\\/\\\/www.anovapeneira.gal\\\/index.php\\\/2019\\\/08\\\/26\\\/lx-festa-do-vino-de-salvaterra-2019\\\/\",\"url\":\"https:\\\/\\\/www.anovapeneira.gal\\\/index.php\\\/2019\\\/08\\\/26\\\/lx-festa-do-vino-de-salvaterra-2019\\\/\",\"name\":\"LX Festa do Vi\u00f1o de Salvaterra 2019 -\",\"isPartOf\":{\"@id\":\"https:\\\/\\\/www.anovapeneira.gal\\\/#website\"},\"primaryImageOfPage\":{\"@id\":\"https:\\\/\\\/www.anovapeneira.gal\\\/index.php\\\/2019\\\/08\\\/26\\\/lx-festa-do-vino-de-salvaterra-2019\\\/#primaryimage\"},\"image\":{\"@id\":\"https:\\\/\\\/www.anovapeneira.gal\\\/index.php\\\/2019\\\/08\\\/26\\\/lx-festa-do-vino-de-salvaterra-2019\\\/#primaryimage\"},\"thumbnailUrl\":\"https:\\\/\\\/www.anovapeneira.gal\\\/wp-content\\\/uploads\\\/2019\\\/08\\\/festa_do_vino_salvaterra_do_minho_a_nova_peneira.jpg\",\"datePublished\":\"2019-08-26T12:00:46+00:00\",\"breadcrumb\":{\"@id\":\"https:\\\/\\\/www.anovapeneira.gal\\\/index.php\\\/2019\\\/08\\\/26\\\/lx-festa-do-vino-de-salvaterra-2019\\\/#breadcrumb\"},\"inLanguage\":\"gl-ES\",\"potentialAction\":[{\"@type\":\"ReadAction\",\"target\":[\"https:\\\/\\\/www.anovapeneira.gal\\\/index.php\\\/2019\\\/08\\\/26\\\/lx-festa-do-vino-de-salvaterra-2019\\\/\"]}]},{\"@type\":\"ImageObject\",\"inLanguage\":\"gl-ES\",\"@id\":\"https:\\\/\\\/www.anovapeneira.gal\\\/index.php\\\/2019\\\/08\\\/26\\\/lx-festa-do-vino-de-salvaterra-2019\\\/#primaryimage\",\"url\":\"https:\\\/\\\/www.anovapeneira.gal\\\/wp-content\\\/uploads\\\/2019\\\/08\\\/festa_do_vino_salvaterra_do_minho_a_nova_peneira.jpg\",\"contentUrl\":\"https:\\\/\\\/www.anovapeneira.gal\\\/wp-content\\\/uploads\\\/2019\\\/08\\\/festa_do_vino_salvaterra_do_minho_a_nova_peneira.jpg\",\"width\":720,\"height\":473,\"caption\":\"Festa do Vi\u00f1o Salvaterra do Mi\u00f1o A Nova Peneira\"},{\"@type\":\"BreadcrumbList\",\"@id\":\"https:\\\/\\\/www.anovapeneira.gal\\\/index.php\\\/2019\\\/08\\\/26\\\/lx-festa-do-vino-de-salvaterra-2019\\\/#breadcrumb\",\"itemListElement\":[{\"@type\":\"ListItem\",\"position\":1,\"name\":\"Portada\",\"item\":\"https:\\\/\\\/www.anovapeneira.gal\\\/\"},{\"@type\":\"ListItem\",\"position\":2,\"name\":\"LX Festa do Vi\u00f1o de Salvaterra 2019\"}]},{\"@type\":\"WebSite\",\"@id\":\"https:\\\/\\\/www.anovapeneira.gal\\\/#website\",\"url\":\"https:\\\/\\\/www.anovapeneira.gal\\\/\",\"name\":\"\",\"description\":\"Xornal galego de informaci\u00f3n xeral Publicaci\u00f3n mensual de novas de Galicia e en especial dos Concellos da sur da provincia de Pontevedra.\",\"publisher\":{\"@id\":\"https:\\\/\\\/www.anovapeneira.gal\\\/#organization\"},\"potentialAction\":[{\"@type\":\"SearchAction\",\"target\":{\"@type\":\"EntryPoint\",\"urlTemplate\":\"https:\\\/\\\/www.anovapeneira.gal\\\/?s={search_term_string}\"},\"query-input\":{\"@type\":\"PropertyValueSpecification\",\"valueRequired\":true,\"valueName\":\"search_term_string\"}}],\"inLanguage\":\"gl-ES\"},{\"@type\":\"Organization\",\"@id\":\"https:\\\/\\\/www.anovapeneira.gal\\\/#organization\",\"name\":\"A Nova Peneira\",\"url\":\"https:\\\/\\\/www.anovapeneira.gal\\\/\",\"logo\":{\"@type\":\"ImageObject\",\"inLanguage\":\"gl-ES\",\"@id\":\"https:\\\/\\\/www.anovapeneira.gal\\\/#\\\/schema\\\/logo\\\/image\\\/\",\"url\":\"http:\\\/\\\/www.anovapeneira.gal\\\/wp-content\\\/uploads\\\/2019\\\/06\\\/logo_a_nova_peneira_portal_web.png\",\"contentUrl\":\"http:\\\/\\\/www.anovapeneira.gal\\\/wp-content\\\/uploads\\\/2019\\\/06\\\/logo_a_nova_peneira_portal_web.png\",\"width\":300,\"height\":100,\"caption\":\"A Nova Peneira\"},\"image\":{\"@id\":\"https:\\\/\\\/www.anovapeneira.gal\\\/#\\\/schema\\\/logo\\\/image\\\/\"},\"sameAs\":[\"https:\\\/\\\/www.facebook.com\\\/anovapeneira\",\"https:\\\/\\\/x.com\\\/APeneira\"]},{\"@type\":\"Person\",\"@id\":\"https:\\\/\\\/www.anovapeneira.gal\\\/#\\\/schema\\\/person\\\/b93e3f8932e3f8da96334607eb6ac6aa\",\"name\":\"Redacci\u00f3n A Nova Peneira\",\"image\":{\"@type\":\"ImageObject\",\"inLanguage\":\"gl-ES\",\"@id\":\"https:\\\/\\\/secure.gravatar.com\\\/avatar\\\/c052a2551a06e23fac63626232eaa90abd78dbcf1700fc46a2b2c89fd27b735f?s=96&d=mm&r=g\",\"url\":\"https:\\\/\\\/secure.gravatar.com\\\/avatar\\\/c052a2551a06e23fac63626232eaa90abd78dbcf1700fc46a2b2c89fd27b735f?s=96&d=mm&r=g\",\"contentUrl\":\"https:\\\/\\\/secure.gravatar.com\\\/avatar\\\/c052a2551a06e23fac63626232eaa90abd78dbcf1700fc46a2b2c89fd27b735f?s=96&d=mm&r=g\",\"caption\":\"Redacci\u00f3n A Nova Peneira\"},\"sameAs\":[\"http:\\\/\\\/www.anovapeneira.gal\\\/\"],\"url\":\"https:\\\/\\\/www.anovapeneira.gal\\\/index.php\\\/author\\\/redactor\\\/\"}]}<\/script>\n<!-- \/ Yoast SEO plugin. -->","yoast_head_json":{"title":"LX Festa do Vi\u00f1o de Salvaterra 2019 -","robots":{"index":"index","follow":"follow","max-snippet":"max-snippet:-1","max-image-preview":"max-image-preview:large","max-video-preview":"max-video-preview:-1"},"canonical":"https:\/\/www.anovapeneira.gal\/index.php\/2019\/08\/26\/lx-festa-do-vino-de-salvaterra-2019\/","og_locale":"gl_ES","og_type":"article","og_title":"LX Festa do Vi\u00f1o de Salvaterra 2019 -","og_description":"\u00c1 \u00faltima fin de semana deste mes de agosto, ven de celebrase a tradicional Festa do Vi\u00f1o do Condado do Tea, cadrando esta no 23, 24 e 25 do oitavo mes do ano [...]","og_url":"https:\/\/www.anovapeneira.gal\/index.php\/2019\/08\/26\/lx-festa-do-vino-de-salvaterra-2019\/","article_publisher":"https:\/\/www.facebook.com\/anovapeneira","article_published_time":"2019-08-26T12:00:46+00:00","og_image":[{"width":720,"height":473,"url":"https:\/\/www.anovapeneira.gal\/wp-content\/uploads\/2019\/08\/festa_do_vino_salvaterra_do_minho_a_nova_peneira.jpg","type":"image\/jpeg"}],"author":"Redacci\u00f3n A Nova Peneira","twitter_card":"summary_large_image","twitter_creator":"@APeneira","twitter_site":"@APeneira","twitter_misc":{"Escrito por":"Redacci\u00f3n A Nova Peneira","Tempo de lectura":"5 minutos"},"schema":{"@context":"https:\/\/schema.org","@graph":[{"@type":"Article","@id":"https:\/\/www.anovapeneira.gal\/index.php\/2019\/08\/26\/lx-festa-do-vino-de-salvaterra-2019\/#article","isPartOf":{"@id":"https:\/\/www.anovapeneira.gal\/index.php\/2019\/08\/26\/lx-festa-do-vino-de-salvaterra-2019\/"},"author":{"name":"Redacci\u00f3n A Nova Peneira","@id":"https:\/\/www.anovapeneira.gal\/#\/schema\/person\/b93e3f8932e3f8da96334607eb6ac6aa"},"headline":"LX Festa do Vi\u00f1o de Salvaterra 2019","datePublished":"2019-08-26T12:00:46+00:00","mainEntityOfPage":{"@id":"https:\/\/www.anovapeneira.gal\/index.php\/2019\/08\/26\/lx-festa-do-vino-de-salvaterra-2019\/"},"wordCount":913,"commentCount":0,"publisher":{"@id":"https:\/\/www.anovapeneira.gal\/#organization"},"image":{"@id":"https:\/\/www.anovapeneira.gal\/index.php\/2019\/08\/26\/lx-festa-do-vino-de-salvaterra-2019\/#primaryimage"},"thumbnailUrl":"https:\/\/www.anovapeneira.gal\/wp-content\/uploads\/2019\/08\/festa_do_vino_salvaterra_do_minho_a_nova_peneira.jpg","keywords":["Concello de Salvaterra do Mi\u00f1o","Festa do Vi\u00f1o do Condado do Tea","gastronom\u00eda","Turismo"],"articleSection":["Condado"],"inLanguage":"gl-ES","potentialAction":[{"@type":"CommentAction","name":"Comment","target":["https:\/\/www.anovapeneira.gal\/index.php\/2019\/08\/26\/lx-festa-do-vino-de-salvaterra-2019\/#respond"]}]},{"@type":"WebPage","@id":"https:\/\/www.anovapeneira.gal\/index.php\/2019\/08\/26\/lx-festa-do-vino-de-salvaterra-2019\/","url":"https:\/\/www.anovapeneira.gal\/index.php\/2019\/08\/26\/lx-festa-do-vino-de-salvaterra-2019\/","name":"LX Festa do Vi\u00f1o de Salvaterra 2019 -","isPartOf":{"@id":"https:\/\/www.anovapeneira.gal\/#website"},"primaryImageOfPage":{"@id":"https:\/\/www.anovapeneira.gal\/index.php\/2019\/08\/26\/lx-festa-do-vino-de-salvaterra-2019\/#primaryimage"},"image":{"@id":"https:\/\/www.anovapeneira.gal\/index.php\/2019\/08\/26\/lx-festa-do-vino-de-salvaterra-2019\/#primaryimage"},"thumbnailUrl":"https:\/\/www.anovapeneira.gal\/wp-content\/uploads\/2019\/08\/festa_do_vino_salvaterra_do_minho_a_nova_peneira.jpg","datePublished":"2019-08-26T12:00:46+00:00","breadcrumb":{"@id":"https:\/\/www.anovapeneira.gal\/index.php\/2019\/08\/26\/lx-festa-do-vino-de-salvaterra-2019\/#breadcrumb"},"inLanguage":"gl-ES","potentialAction":[{"@type":"ReadAction","target":["https:\/\/www.anovapeneira.gal\/index.php\/2019\/08\/26\/lx-festa-do-vino-de-salvaterra-2019\/"]}]},{"@type":"ImageObject","inLanguage":"gl-ES","@id":"https:\/\/www.anovapeneira.gal\/index.php\/2019\/08\/26\/lx-festa-do-vino-de-salvaterra-2019\/#primaryimage","url":"https:\/\/www.anovapeneira.gal\/wp-content\/uploads\/2019\/08\/festa_do_vino_salvaterra_do_minho_a_nova_peneira.jpg","contentUrl":"https:\/\/www.anovapeneira.gal\/wp-content\/uploads\/2019\/08\/festa_do_vino_salvaterra_do_minho_a_nova_peneira.jpg","width":720,"height":473,"caption":"Festa do Vi\u00f1o Salvaterra do Mi\u00f1o A Nova Peneira"},{"@type":"BreadcrumbList","@id":"https:\/\/www.anovapeneira.gal\/index.php\/2019\/08\/26\/lx-festa-do-vino-de-salvaterra-2019\/#breadcrumb","itemListElement":[{"@type":"ListItem","position":1,"name":"Portada","item":"https:\/\/www.anovapeneira.gal\/"},{"@type":"ListItem","position":2,"name":"LX Festa do Vi\u00f1o de Salvaterra 2019"}]},{"@type":"WebSite","@id":"https:\/\/www.anovapeneira.gal\/#website","url":"https:\/\/www.anovapeneira.gal\/","name":"","description":"Xornal galego de informaci\u00f3n xeral Publicaci\u00f3n mensual de novas de Galicia e en especial dos Concellos da sur da provincia de Pontevedra.","publisher":{"@id":"https:\/\/www.anovapeneira.gal\/#organization"},"potentialAction":[{"@type":"SearchAction","target":{"@type":"EntryPoint","urlTemplate":"https:\/\/www.anovapeneira.gal\/?s={search_term_string}"},"query-input":{"@type":"PropertyValueSpecification","valueRequired":true,"valueName":"search_term_string"}}],"inLanguage":"gl-ES"},{"@type":"Organization","@id":"https:\/\/www.anovapeneira.gal\/#organization","name":"A Nova Peneira","url":"https:\/\/www.anovapeneira.gal\/","logo":{"@type":"ImageObject","inLanguage":"gl-ES","@id":"https:\/\/www.anovapeneira.gal\/#\/schema\/logo\/image\/","url":"http:\/\/www.anovapeneira.gal\/wp-content\/uploads\/2019\/06\/logo_a_nova_peneira_portal_web.png","contentUrl":"http:\/\/www.anovapeneira.gal\/wp-content\/uploads\/2019\/06\/logo_a_nova_peneira_portal_web.png","width":300,"height":100,"caption":"A Nova Peneira"},"image":{"@id":"https:\/\/www.anovapeneira.gal\/#\/schema\/logo\/image\/"},"sameAs":["https:\/\/www.facebook.com\/anovapeneira","https:\/\/x.com\/APeneira"]},{"@type":"Person","@id":"https:\/\/www.anovapeneira.gal\/#\/schema\/person\/b93e3f8932e3f8da96334607eb6ac6aa","name":"Redacci\u00f3n A Nova Peneira","image":{"@type":"ImageObject","inLanguage":"gl-ES","@id":"https:\/\/secure.gravatar.com\/avatar\/c052a2551a06e23fac63626232eaa90abd78dbcf1700fc46a2b2c89fd27b735f?s=96&d=mm&r=g","url":"https:\/\/secure.gravatar.com\/avatar\/c052a2551a06e23fac63626232eaa90abd78dbcf1700fc46a2b2c89fd27b735f?s=96&d=mm&r=g","contentUrl":"https:\/\/secure.gravatar.com\/avatar\/c052a2551a06e23fac63626232eaa90abd78dbcf1700fc46a2b2c89fd27b735f?s=96&d=mm&r=g","caption":"Redacci\u00f3n A Nova Peneira"},"sameAs":["http:\/\/www.anovapeneira.gal\/"],"url":"https:\/\/www.anovapeneira.gal\/index.php\/author\/redactor\/"}]}},"jetpack_featured_media_url":"https:\/\/www.anovapeneira.gal\/wp-content\/uploads\/2019\/08\/festa_do_vino_salvaterra_do_minho_a_nova_peneira.jpg","_links":{"self":[{"href":"https:\/\/www.anovapeneira.gal\/index.php\/wp-json\/wp\/v2\/posts\/1074","targetHints":{"allow":["GET"]}}],"collection":[{"href":"https:\/\/www.anovapeneira.gal\/index.php\/wp-json\/wp\/v2\/posts"}],"about":[{"href":"https:\/\/www.anovapeneira.gal\/index.php\/wp-json\/wp\/v2\/types\/post"}],"author":[{"embeddable":true,"href":"https:\/\/www.anovapeneira.gal\/index.php\/wp-json\/wp\/v2\/users\/3"}],"replies":[{"embeddable":true,"href":"https:\/\/www.anovapeneira.gal\/index.php\/wp-json\/wp\/v2\/comments?post=1074"}],"version-history":[{"count":1,"href":"https:\/\/www.anovapeneira.gal\/index.php\/wp-json\/wp\/v2\/posts\/1074\/revisions"}],"predecessor-version":[{"id":1075,"href":"https:\/\/www.anovapeneira.gal\/index.php\/wp-json\/wp\/v2\/posts\/1074\/revisions\/1075"}],"wp:featuredmedia":[{"embeddable":true,"href":"https:\/\/www.anovapeneira.gal\/index.php\/wp-json\/wp\/v2\/media\/1059"}],"wp:attachment":[{"href":"https:\/\/www.anovapeneira.gal\/index.php\/wp-json\/wp\/v2\/media?parent=1074"}],"wp:term":[{"taxonomy":"category","embeddable":true,"href":"https:\/\/www.anovapeneira.gal\/index.php\/wp-json\/wp\/v2\/categories?post=1074"},{"taxonomy":"post_tag","embeddable":true,"href":"https:\/\/www.anovapeneira.gal\/index.php\/wp-json\/wp\/v2\/tags?post=1074"}],"curies":[{"name":"wp","href":"https:\/\/api.w.org\/{rel}","templated":true}]}}