{"id":10744,"date":"2023-11-16T10:00:25","date_gmt":"2023-11-16T09:00:25","guid":{"rendered":"https:\/\/www.anovapeneira.gal\/?p=10744"},"modified":"2023-11-16T12:46:52","modified_gmt":"2023-11-16T11:46:52","slug":"con-palestina","status":"publish","type":"post","link":"https:\/\/www.anovapeneira.gal\/index.php\/2023\/11\/16\/con-palestina\/","title":{"rendered":"Con Palestina"},"content":{"rendered":"\n<figure class=\"wp-block-image size-full is-resized\"><img loading=\"lazy\" decoding=\"async\" width=\"190\" height=\"222\" src=\"https:\/\/www.anovapeneira.gal\/wp-content\/uploads\/2019\/05\/tino_lago_director_a_nova_peneira.jpg\" alt=\"Tino Lago director a Nova Peneira\" class=\"wp-image-189\" style=\"aspect-ratio:0.8558558558558559;width:88px;height:auto\"\/><figcaption class=\"wp-element-caption\">Tino Lago director a Nova Peneira<\/figcaption><\/figure>\n\n\n\n<p>A guerra \u00e9 unha negra e cruel monstruosidade que amosa a parte m\u00e1is terrible do ser humano. Non me podo imaxinar o terror que pode supor que algu\u00e9n bombardee o sitio no que vives, que homes armados entren na t\u00faa casa e disparen contra ti ou contra os teus seres queridos. S\u00f3 podo sentir horror ante calquera tipo de sufrimento, tenrura e empat\u00eda infinita por todos os seres humanos que en calquera conflito da historia da nosa especie foron v\u00edtimas de violencia. E s\u00f3 podo sentir desprezo e noxo superlativo polos canallas que crean as condici\u00f3ns que fan posibles as guerras, ou tiran beneficios dos conflitos b\u00e9licos. Este sentimento de tenrura, compaix\u00f3n e piedade tam\u00e9n incl\u00fae aos israel\u00eds asasinados polos ataques dos grupos armados palestinos o pasado 7 de outubro, desde logo que si. No m\u00e1is \u00edntimo de min lamento profundamente esas mortes , sinto a dor dos seus seres queridos e desexo que todas as persoas tomadas prisioneiras pola resistencia palestina poidan regresar con vida xunto \u00e1s s\u00faas familias o antes posible. Pero n\u00e9gome a condenar eses ataques, pois condenalos non serve para resolver nada e desde logo que quen os condena non se sit\u00faa nunha posici\u00f3n moral superior a quen non o fai. O realmente relevante, tanto desde un punto de vista pr\u00e1ctico como \u00e9tico, se en verdade se quere resolver ese ou calquera conflito, non \u00e9 condenar sen\u00f3n comprender. S\u00f3 entendendo as causas que provocan as guerras \u00e9 posible tratar de atopar alg\u00fan tipo de soluci\u00f3n. E no caso da actual guerra en Gaza parece m\u00e1is que obvio que non se pode manter a m\u00e1is de 2 mill\u00f3ns de persoas encerradas de maneira permanente nunha superficie de 360 quil\u00f3metros cadrados, conden\u00e1ndoas a vivir na extrema pobreza , sen esperar unha resposta violenta por parte dos encerrados. Que fariamos calquera de n\u00f3s? , que fixeron os xudeus no gueto de Varsovia?.<\/p>\n\n\n\n<p>Israel \u00e9 un estado que nace en 1948 e resulta de migraci\u00f3ns masivas de xudeus de todas as partes do mundo. As persoas que chegaban non se instalaron nun deserto, fix\u00e9rono nun pa\u00eds que estaba habitado maioritariamente por \u00e1rabes e f\u00f3rono colonizando aos poucos ata a actualidade na que milleiros de colonos israel\u00eds habitan , violando sistematicamente as resoluci\u00f3ns da ONU ao respecto, as terras de Cisxordania que deben constitu\u00edr parte do futuro estado palestino. Non \u00e9 posible que ning\u00fan pobo colonizado acepte a s\u00faa situaci\u00f3n sen ofrecer unha resposta. Non se deu esa situaci\u00f3n na historia da humanidade en ning\u00fan caso , non se pode concibir que ningu\u00e9n acepte iso sen ofrecer resistencia. Desde a perspectiva do colono a resistencia \u00e9 terrorismo, e desde a perspectiva do colonizado lex\u00edtima defensa. Ch\u00e1meno terrorismo se queren , pero o \u201cterrorismo\u201d cr\u00e9ao quen coloniza.<\/p>\n\n\n\n<p>Desde a \u00f3ptica do colono s\u00f3 existen as s\u00faas propias v\u00edtimas. As\u00ed pois co\u00f1ecemos os nomes , so\u00f1os ilusi\u00f3ns e perspectivas das v\u00edtimas israel\u00eds .Como non sentir compaix\u00f3n ou empatizar cunha v\u00edtima israel\u00ed concreta da que sabemos o seu nome, as s\u00faas circunstancias, gustos e afecci\u00f3ns?.Pero das v\u00edtimas palestinas, moitas m\u00e1is, s\u00f3 sabemos unha cousa: o seu n\u00famero: 3.000, 4.0000, 5.000, 10.000&#8230;&#8230;Os n\u00fameros non te\u00f1en nomes, nin sentimentos , nin expectativas nin ilusi\u00f3ns. Como \u00e9 posible sentir compaix\u00f3n ou empat\u00eda polo que s\u00f3 un n\u00famero, un maldito n\u00famero como os que eran obrigados a tatuarse no brazo os xudeus na Alema\u00f1a nazi?<\/p>\n\n\n\n<p>Por outra parte a colonizaci\u00f3n, al\u00e9n de moralmente inaceptable, \u00e9 causa de maneira inexorable doutra nefasta consecuencia: a pobreza do pobo colonizado. O 25 de outubro deste ano a UNCTAD( a conferencia da ONU sobre comercio e desenvolvemento )publicaba un demoledor informe sobre a situaci\u00f3n econ\u00f3mica de Gaza que entre outras cousas dic\u00eda:<\/p>\n\n\n\n<p>\u201cDesde que comezaron as restrici\u00f3ns e peches Gaza experimentou 16 anos de retroceso no desenvolvemento\u201d<\/p>\n\n\n\n<p>\u201c Os palestinos son capaces de xerar crecemento se se lles permite producir e comerciar normalmente pero non se pode cando se aplican restrici\u00f3ns , peches a cando se destr\u00faen infraestruturas e bens\u201d.<\/p>\n\n\n\n<p>Gaza ten unha renda per c\u00e1pita de 1.257 d\u00f3lares( datos do 2022).Ning\u00fan ser humano pode vivir con 3,44 d\u00f3lares ao d\u00eda. Israel tena de 53.275 d\u00f3lares (datos de setembro deste ano).Gaza presenta unha taxa de paro do 45,3% mentres que en Israel o desemprego se sit\u00faa no 3,20%. En Gaza a taxa de pobreza \u00e9 do 65% da poboaci\u00f3n. De cada 10 habitantes de Gaza 6,5 son pobres.<\/p>\n\n\n\n<p>A actual agresi\u00f3n militar que o estado israel\u00ed est\u00e1 a desenvolver contra os palestinos poder\u00e1 acabar con toda a resistencia,asasinar un por un a cada combatente palestino( lev\u00e1ndose no medio a milleiros de civ\u00eds, nenos e nenas inclu\u00eddos) pero non van resolver o problema, todo o contrario: o van facer m\u00e1is grande. \u00c9 imposible que ningu\u00e9n acepte a colonizaci\u00f3n e a pobreza sen combater, e non van poder evitar que xurdan novos focos de resistencia armada. S\u00f3 coa fin da colonizaci\u00f3n e a constituci\u00f3n do estado palestino, en plena igualdade co resto de estados do mundo, pode albiscarse alg\u00fan tipo de esperanza para poder rematar esta espantosa traxedia que \u00e9 responsabilidade de quen coloniza e oprime.<\/p>\n\n\n\n<p>Paz e liberdade para Palestina.<\/p>\n","protected":false},"excerpt":{"rendered":"<div class=\"mh-excerpt\"><p>A guerra \u00e9 unha negra e cruel monstruosidade que amosa a parte m\u00e1is terrible do ser humano. Non me podo imaxinar o terror que pode supor que algu\u00e9n bombardee o sitio no que vives, que homes armados entren na t\u00faa casa e disparen contra ti ou contra os teus seres queridos <a class=\"mh-excerpt-more\" href=\"https:\/\/www.anovapeneira.gal\/index.php\/2023\/11\/16\/con-palestina\/\" title=\"Con Palestina\">[&#8230;]<\/a><\/p>\n<\/div>","protected":false},"author":2,"featured_media":10745,"comment_status":"open","ping_status":"open","sticky":false,"template":"","format":"standard","meta":{"_exactmetrics_skip_tracking":false,"_exactmetrics_sitenote_active":false,"_exactmetrics_sitenote_note":"","_exactmetrics_sitenote_category":0,"footnotes":""},"categories":[61],"tags":[306],"class_list":{"0":"post-10744","1":"post","2":"type-post","3":"status-publish","4":"format-standard","5":"has-post-thumbnail","7":"category-artigo-editorial","8":"tag-palestina"},"yoast_head":"<!-- This site is optimized with the Yoast SEO plugin v27.4 - https:\/\/yoast.com\/product\/yoast-seo-wordpress\/ -->\n<title>Con Palestina -<\/title>\n<meta name=\"description\" content=\"A guerra \u00e9 unha negra e cruel monstruosidade que amosa a parte m\u00e1is terrible do ser humano. Non me podo imaxinar o terror que pode supor que algu\u00e9n bombardee o sitio no que vives, que homes armados entren na t\u00faa casa e disparen contra ti ou contra os teus seres queridos\" \/>\n<meta name=\"robots\" content=\"index, follow, max-snippet:-1, max-image-preview:large, max-video-preview:-1\" \/>\n<link rel=\"canonical\" href=\"https:\/\/www.anovapeneira.gal\/index.php\/2023\/11\/16\/con-palestina\/\" \/>\n<meta property=\"og:locale\" content=\"gl_ES\" \/>\n<meta property=\"og:type\" content=\"article\" \/>\n<meta property=\"og:title\" content=\"Con Palestina -\" \/>\n<meta property=\"og:description\" content=\"A guerra \u00e9 unha negra e cruel monstruosidade que amosa a parte m\u00e1is terrible do ser humano. Non me podo imaxinar o terror que pode supor que algu\u00e9n bombardee o sitio no que vives, que homes armados entren na t\u00faa casa e disparen contra ti ou contra os teus seres queridos\" \/>\n<meta property=\"og:url\" content=\"https:\/\/www.anovapeneira.gal\/index.php\/2023\/11\/16\/con-palestina\/\" \/>\n<meta property=\"article:publisher\" content=\"https:\/\/www.facebook.com\/anovapeneira\" \/>\n<meta property=\"article:published_time\" content=\"2023-11-16T09:00:25+00:00\" \/>\n<meta property=\"article:modified_time\" content=\"2023-11-16T11:46:52+00:00\" \/>\n<meta property=\"og:image\" content=\"https:\/\/www.anovapeneira.gal\/wp-content\/uploads\/2023\/11\/Palestina.png\" \/>\n\t<meta property=\"og:image:width\" content=\"1500\" \/>\n\t<meta property=\"og:image:height\" content=\"790\" \/>\n\t<meta property=\"og:image:type\" content=\"image\/png\" \/>\n<meta name=\"author\" content=\"Tino Lago\" \/>\n<meta name=\"twitter:card\" content=\"summary_large_image\" \/>\n<meta name=\"twitter:creator\" content=\"@APeneira\" \/>\n<meta name=\"twitter:site\" content=\"@APeneira\" \/>\n<meta name=\"twitter:label1\" content=\"Escrito por\" \/>\n\t<meta name=\"twitter:data1\" content=\"Tino Lago\" \/>\n\t<meta name=\"twitter:label2\" content=\"Tempo de lectura\" \/>\n\t<meta name=\"twitter:data2\" content=\"5 minutos\" \/>\n<script type=\"application\/ld+json\" class=\"yoast-schema-graph\">{\"@context\":\"https:\\\/\\\/schema.org\",\"@graph\":[{\"@type\":\"Article\",\"@id\":\"https:\\\/\\\/www.anovapeneira.gal\\\/index.php\\\/2023\\\/11\\\/16\\\/con-palestina\\\/#article\",\"isPartOf\":{\"@id\":\"https:\\\/\\\/www.anovapeneira.gal\\\/index.php\\\/2023\\\/11\\\/16\\\/con-palestina\\\/\"},\"author\":{\"name\":\"Tino Lago\",\"@id\":\"https:\\\/\\\/www.anovapeneira.gal\\\/#\\\/schema\\\/person\\\/424dfe65e3070fd8a44d22d2c088762a\"},\"headline\":\"Con Palestina\",\"datePublished\":\"2023-11-16T09:00:25+00:00\",\"dateModified\":\"2023-11-16T11:46:52+00:00\",\"mainEntityOfPage\":{\"@id\":\"https:\\\/\\\/www.anovapeneira.gal\\\/index.php\\\/2023\\\/11\\\/16\\\/con-palestina\\\/\"},\"wordCount\":910,\"commentCount\":0,\"publisher\":{\"@id\":\"https:\\\/\\\/www.anovapeneira.gal\\\/#organization\"},\"image\":{\"@id\":\"https:\\\/\\\/www.anovapeneira.gal\\\/index.php\\\/2023\\\/11\\\/16\\\/con-palestina\\\/#primaryimage\"},\"thumbnailUrl\":\"https:\\\/\\\/www.anovapeneira.gal\\\/wp-content\\\/uploads\\\/2023\\\/11\\\/Palestina.png\",\"keywords\":[\"Palestina\"],\"articleSection\":[\"Artigo editorial\"],\"inLanguage\":\"gl-ES\",\"potentialAction\":[{\"@type\":\"CommentAction\",\"name\":\"Comment\",\"target\":[\"https:\\\/\\\/www.anovapeneira.gal\\\/index.php\\\/2023\\\/11\\\/16\\\/con-palestina\\\/#respond\"]}]},{\"@type\":\"WebPage\",\"@id\":\"https:\\\/\\\/www.anovapeneira.gal\\\/index.php\\\/2023\\\/11\\\/16\\\/con-palestina\\\/\",\"url\":\"https:\\\/\\\/www.anovapeneira.gal\\\/index.php\\\/2023\\\/11\\\/16\\\/con-palestina\\\/\",\"name\":\"Con Palestina -\",\"isPartOf\":{\"@id\":\"https:\\\/\\\/www.anovapeneira.gal\\\/#website\"},\"primaryImageOfPage\":{\"@id\":\"https:\\\/\\\/www.anovapeneira.gal\\\/index.php\\\/2023\\\/11\\\/16\\\/con-palestina\\\/#primaryimage\"},\"image\":{\"@id\":\"https:\\\/\\\/www.anovapeneira.gal\\\/index.php\\\/2023\\\/11\\\/16\\\/con-palestina\\\/#primaryimage\"},\"thumbnailUrl\":\"https:\\\/\\\/www.anovapeneira.gal\\\/wp-content\\\/uploads\\\/2023\\\/11\\\/Palestina.png\",\"datePublished\":\"2023-11-16T09:00:25+00:00\",\"dateModified\":\"2023-11-16T11:46:52+00:00\",\"description\":\"A guerra \u00e9 unha negra e cruel monstruosidade que amosa a parte m\u00e1is terrible do ser humano. Non me podo imaxinar o terror que pode supor que algu\u00e9n bombardee o sitio no que vives, que homes armados entren na t\u00faa casa e disparen contra ti ou contra os teus seres queridos\",\"breadcrumb\":{\"@id\":\"https:\\\/\\\/www.anovapeneira.gal\\\/index.php\\\/2023\\\/11\\\/16\\\/con-palestina\\\/#breadcrumb\"},\"inLanguage\":\"gl-ES\",\"potentialAction\":[{\"@type\":\"ReadAction\",\"target\":[\"https:\\\/\\\/www.anovapeneira.gal\\\/index.php\\\/2023\\\/11\\\/16\\\/con-palestina\\\/\"]}]},{\"@type\":\"ImageObject\",\"inLanguage\":\"gl-ES\",\"@id\":\"https:\\\/\\\/www.anovapeneira.gal\\\/index.php\\\/2023\\\/11\\\/16\\\/con-palestina\\\/#primaryimage\",\"url\":\"https:\\\/\\\/www.anovapeneira.gal\\\/wp-content\\\/uploads\\\/2023\\\/11\\\/Palestina.png\",\"contentUrl\":\"https:\\\/\\\/www.anovapeneira.gal\\\/wp-content\\\/uploads\\\/2023\\\/11\\\/Palestina.png\",\"width\":1500,\"height\":790,\"caption\":\"Palestina\"},{\"@type\":\"BreadcrumbList\",\"@id\":\"https:\\\/\\\/www.anovapeneira.gal\\\/index.php\\\/2023\\\/11\\\/16\\\/con-palestina\\\/#breadcrumb\",\"itemListElement\":[{\"@type\":\"ListItem\",\"position\":1,\"name\":\"Portada\",\"item\":\"https:\\\/\\\/www.anovapeneira.gal\\\/\"},{\"@type\":\"ListItem\",\"position\":2,\"name\":\"Con Palestina\"}]},{\"@type\":\"WebSite\",\"@id\":\"https:\\\/\\\/www.anovapeneira.gal\\\/#website\",\"url\":\"https:\\\/\\\/www.anovapeneira.gal\\\/\",\"name\":\"\",\"description\":\"Xornal galego de informaci\u00f3n xeral Publicaci\u00f3n mensual de novas de Galicia e en especial dos Concellos da sur da provincia de Pontevedra.\",\"publisher\":{\"@id\":\"https:\\\/\\\/www.anovapeneira.gal\\\/#organization\"},\"potentialAction\":[{\"@type\":\"SearchAction\",\"target\":{\"@type\":\"EntryPoint\",\"urlTemplate\":\"https:\\\/\\\/www.anovapeneira.gal\\\/?s={search_term_string}\"},\"query-input\":{\"@type\":\"PropertyValueSpecification\",\"valueRequired\":true,\"valueName\":\"search_term_string\"}}],\"inLanguage\":\"gl-ES\"},{\"@type\":\"Organization\",\"@id\":\"https:\\\/\\\/www.anovapeneira.gal\\\/#organization\",\"name\":\"A Nova Peneira\",\"url\":\"https:\\\/\\\/www.anovapeneira.gal\\\/\",\"logo\":{\"@type\":\"ImageObject\",\"inLanguage\":\"gl-ES\",\"@id\":\"https:\\\/\\\/www.anovapeneira.gal\\\/#\\\/schema\\\/logo\\\/image\\\/\",\"url\":\"http:\\\/\\\/www.anovapeneira.gal\\\/wp-content\\\/uploads\\\/2019\\\/06\\\/logo_a_nova_peneira_portal_web.png\",\"contentUrl\":\"http:\\\/\\\/www.anovapeneira.gal\\\/wp-content\\\/uploads\\\/2019\\\/06\\\/logo_a_nova_peneira_portal_web.png\",\"width\":300,\"height\":100,\"caption\":\"A Nova Peneira\"},\"image\":{\"@id\":\"https:\\\/\\\/www.anovapeneira.gal\\\/#\\\/schema\\\/logo\\\/image\\\/\"},\"sameAs\":[\"https:\\\/\\\/www.facebook.com\\\/anovapeneira\",\"https:\\\/\\\/x.com\\\/APeneira\"]},{\"@type\":\"Person\",\"@id\":\"https:\\\/\\\/www.anovapeneira.gal\\\/#\\\/schema\\\/person\\\/424dfe65e3070fd8a44d22d2c088762a\",\"name\":\"Tino Lago\",\"image\":{\"@type\":\"ImageObject\",\"inLanguage\":\"gl-ES\",\"@id\":\"https:\\\/\\\/secure.gravatar.com\\\/avatar\\\/b3df6a06e44bab3111583b90f0f33a0379ee5e3d22cbadd232d39f21c30c62be?s=96&d=mm&r=g\",\"url\":\"https:\\\/\\\/secure.gravatar.com\\\/avatar\\\/b3df6a06e44bab3111583b90f0f33a0379ee5e3d22cbadd232d39f21c30c62be?s=96&d=mm&r=g\",\"contentUrl\":\"https:\\\/\\\/secure.gravatar.com\\\/avatar\\\/b3df6a06e44bab3111583b90f0f33a0379ee5e3d22cbadd232d39f21c30c62be?s=96&d=mm&r=g\",\"caption\":\"Tino Lago\"},\"sameAs\":[\"http:\\\/\\\/www.anovapeneira.gal\"],\"url\":\"https:\\\/\\\/www.anovapeneira.gal\\\/index.php\\\/author\\\/director\\\/\"}]}<\/script>\n<!-- \/ Yoast SEO plugin. -->","yoast_head_json":{"title":"Con Palestina -","description":"A guerra \u00e9 unha negra e cruel monstruosidade que amosa a parte m\u00e1is terrible do ser humano. Non me podo imaxinar o terror que pode supor que algu\u00e9n bombardee o sitio no que vives, que homes armados entren na t\u00faa casa e disparen contra ti ou contra os teus seres queridos","robots":{"index":"index","follow":"follow","max-snippet":"max-snippet:-1","max-image-preview":"max-image-preview:large","max-video-preview":"max-video-preview:-1"},"canonical":"https:\/\/www.anovapeneira.gal\/index.php\/2023\/11\/16\/con-palestina\/","og_locale":"gl_ES","og_type":"article","og_title":"Con Palestina -","og_description":"A guerra \u00e9 unha negra e cruel monstruosidade que amosa a parte m\u00e1is terrible do ser humano. Non me podo imaxinar o terror que pode supor que algu\u00e9n bombardee o sitio no que vives, que homes armados entren na t\u00faa casa e disparen contra ti ou contra os teus seres queridos","og_url":"https:\/\/www.anovapeneira.gal\/index.php\/2023\/11\/16\/con-palestina\/","article_publisher":"https:\/\/www.facebook.com\/anovapeneira","article_published_time":"2023-11-16T09:00:25+00:00","article_modified_time":"2023-11-16T11:46:52+00:00","og_image":[{"width":1500,"height":790,"url":"https:\/\/www.anovapeneira.gal\/wp-content\/uploads\/2023\/11\/Palestina.png","type":"image\/png"}],"author":"Tino Lago","twitter_card":"summary_large_image","twitter_creator":"@APeneira","twitter_site":"@APeneira","twitter_misc":{"Escrito por":"Tino Lago","Tempo de lectura":"5 minutos"},"schema":{"@context":"https:\/\/schema.org","@graph":[{"@type":"Article","@id":"https:\/\/www.anovapeneira.gal\/index.php\/2023\/11\/16\/con-palestina\/#article","isPartOf":{"@id":"https:\/\/www.anovapeneira.gal\/index.php\/2023\/11\/16\/con-palestina\/"},"author":{"name":"Tino Lago","@id":"https:\/\/www.anovapeneira.gal\/#\/schema\/person\/424dfe65e3070fd8a44d22d2c088762a"},"headline":"Con Palestina","datePublished":"2023-11-16T09:00:25+00:00","dateModified":"2023-11-16T11:46:52+00:00","mainEntityOfPage":{"@id":"https:\/\/www.anovapeneira.gal\/index.php\/2023\/11\/16\/con-palestina\/"},"wordCount":910,"commentCount":0,"publisher":{"@id":"https:\/\/www.anovapeneira.gal\/#organization"},"image":{"@id":"https:\/\/www.anovapeneira.gal\/index.php\/2023\/11\/16\/con-palestina\/#primaryimage"},"thumbnailUrl":"https:\/\/www.anovapeneira.gal\/wp-content\/uploads\/2023\/11\/Palestina.png","keywords":["Palestina"],"articleSection":["Artigo editorial"],"inLanguage":"gl-ES","potentialAction":[{"@type":"CommentAction","name":"Comment","target":["https:\/\/www.anovapeneira.gal\/index.php\/2023\/11\/16\/con-palestina\/#respond"]}]},{"@type":"WebPage","@id":"https:\/\/www.anovapeneira.gal\/index.php\/2023\/11\/16\/con-palestina\/","url":"https:\/\/www.anovapeneira.gal\/index.php\/2023\/11\/16\/con-palestina\/","name":"Con Palestina -","isPartOf":{"@id":"https:\/\/www.anovapeneira.gal\/#website"},"primaryImageOfPage":{"@id":"https:\/\/www.anovapeneira.gal\/index.php\/2023\/11\/16\/con-palestina\/#primaryimage"},"image":{"@id":"https:\/\/www.anovapeneira.gal\/index.php\/2023\/11\/16\/con-palestina\/#primaryimage"},"thumbnailUrl":"https:\/\/www.anovapeneira.gal\/wp-content\/uploads\/2023\/11\/Palestina.png","datePublished":"2023-11-16T09:00:25+00:00","dateModified":"2023-11-16T11:46:52+00:00","description":"A guerra \u00e9 unha negra e cruel monstruosidade que amosa a parte m\u00e1is terrible do ser humano. Non me podo imaxinar o terror que pode supor que algu\u00e9n bombardee o sitio no que vives, que homes armados entren na t\u00faa casa e disparen contra ti ou contra os teus seres queridos","breadcrumb":{"@id":"https:\/\/www.anovapeneira.gal\/index.php\/2023\/11\/16\/con-palestina\/#breadcrumb"},"inLanguage":"gl-ES","potentialAction":[{"@type":"ReadAction","target":["https:\/\/www.anovapeneira.gal\/index.php\/2023\/11\/16\/con-palestina\/"]}]},{"@type":"ImageObject","inLanguage":"gl-ES","@id":"https:\/\/www.anovapeneira.gal\/index.php\/2023\/11\/16\/con-palestina\/#primaryimage","url":"https:\/\/www.anovapeneira.gal\/wp-content\/uploads\/2023\/11\/Palestina.png","contentUrl":"https:\/\/www.anovapeneira.gal\/wp-content\/uploads\/2023\/11\/Palestina.png","width":1500,"height":790,"caption":"Palestina"},{"@type":"BreadcrumbList","@id":"https:\/\/www.anovapeneira.gal\/index.php\/2023\/11\/16\/con-palestina\/#breadcrumb","itemListElement":[{"@type":"ListItem","position":1,"name":"Portada","item":"https:\/\/www.anovapeneira.gal\/"},{"@type":"ListItem","position":2,"name":"Con Palestina"}]},{"@type":"WebSite","@id":"https:\/\/www.anovapeneira.gal\/#website","url":"https:\/\/www.anovapeneira.gal\/","name":"","description":"Xornal galego de informaci\u00f3n xeral Publicaci\u00f3n mensual de novas de Galicia e en especial dos Concellos da sur da provincia de Pontevedra.","publisher":{"@id":"https:\/\/www.anovapeneira.gal\/#organization"},"potentialAction":[{"@type":"SearchAction","target":{"@type":"EntryPoint","urlTemplate":"https:\/\/www.anovapeneira.gal\/?s={search_term_string}"},"query-input":{"@type":"PropertyValueSpecification","valueRequired":true,"valueName":"search_term_string"}}],"inLanguage":"gl-ES"},{"@type":"Organization","@id":"https:\/\/www.anovapeneira.gal\/#organization","name":"A Nova Peneira","url":"https:\/\/www.anovapeneira.gal\/","logo":{"@type":"ImageObject","inLanguage":"gl-ES","@id":"https:\/\/www.anovapeneira.gal\/#\/schema\/logo\/image\/","url":"http:\/\/www.anovapeneira.gal\/wp-content\/uploads\/2019\/06\/logo_a_nova_peneira_portal_web.png","contentUrl":"http:\/\/www.anovapeneira.gal\/wp-content\/uploads\/2019\/06\/logo_a_nova_peneira_portal_web.png","width":300,"height":100,"caption":"A Nova Peneira"},"image":{"@id":"https:\/\/www.anovapeneira.gal\/#\/schema\/logo\/image\/"},"sameAs":["https:\/\/www.facebook.com\/anovapeneira","https:\/\/x.com\/APeneira"]},{"@type":"Person","@id":"https:\/\/www.anovapeneira.gal\/#\/schema\/person\/424dfe65e3070fd8a44d22d2c088762a","name":"Tino Lago","image":{"@type":"ImageObject","inLanguage":"gl-ES","@id":"https:\/\/secure.gravatar.com\/avatar\/b3df6a06e44bab3111583b90f0f33a0379ee5e3d22cbadd232d39f21c30c62be?s=96&d=mm&r=g","url":"https:\/\/secure.gravatar.com\/avatar\/b3df6a06e44bab3111583b90f0f33a0379ee5e3d22cbadd232d39f21c30c62be?s=96&d=mm&r=g","contentUrl":"https:\/\/secure.gravatar.com\/avatar\/b3df6a06e44bab3111583b90f0f33a0379ee5e3d22cbadd232d39f21c30c62be?s=96&d=mm&r=g","caption":"Tino Lago"},"sameAs":["http:\/\/www.anovapeneira.gal"],"url":"https:\/\/www.anovapeneira.gal\/index.php\/author\/director\/"}]}},"jetpack_featured_media_url":"https:\/\/www.anovapeneira.gal\/wp-content\/uploads\/2023\/11\/Palestina.png","_links":{"self":[{"href":"https:\/\/www.anovapeneira.gal\/index.php\/wp-json\/wp\/v2\/posts\/10744","targetHints":{"allow":["GET"]}}],"collection":[{"href":"https:\/\/www.anovapeneira.gal\/index.php\/wp-json\/wp\/v2\/posts"}],"about":[{"href":"https:\/\/www.anovapeneira.gal\/index.php\/wp-json\/wp\/v2\/types\/post"}],"author":[{"embeddable":true,"href":"https:\/\/www.anovapeneira.gal\/index.php\/wp-json\/wp\/v2\/users\/2"}],"replies":[{"embeddable":true,"href":"https:\/\/www.anovapeneira.gal\/index.php\/wp-json\/wp\/v2\/comments?post=10744"}],"version-history":[{"count":3,"href":"https:\/\/www.anovapeneira.gal\/index.php\/wp-json\/wp\/v2\/posts\/10744\/revisions"}],"predecessor-version":[{"id":10782,"href":"https:\/\/www.anovapeneira.gal\/index.php\/wp-json\/wp\/v2\/posts\/10744\/revisions\/10782"}],"wp:featuredmedia":[{"embeddable":true,"href":"https:\/\/www.anovapeneira.gal\/index.php\/wp-json\/wp\/v2\/media\/10745"}],"wp:attachment":[{"href":"https:\/\/www.anovapeneira.gal\/index.php\/wp-json\/wp\/v2\/media?parent=10744"}],"wp:term":[{"taxonomy":"category","embeddable":true,"href":"https:\/\/www.anovapeneira.gal\/index.php\/wp-json\/wp\/v2\/categories?post=10744"},{"taxonomy":"post_tag","embeddable":true,"href":"https:\/\/www.anovapeneira.gal\/index.php\/wp-json\/wp\/v2\/tags?post=10744"}],"curies":[{"name":"wp","href":"https:\/\/api.w.org\/{rel}","templated":true}]}}