{"id":10757,"date":"2023-11-17T10:00:58","date_gmt":"2023-11-17T09:00:58","guid":{"rendered":"https:\/\/www.anovapeneira.gal\/?p=10757"},"modified":"2023-11-15T11:35:33","modified_gmt":"2023-11-15T10:35:33","slug":"o-modelo-bng-de-tui-coherencia-propostas-traballo","status":"publish","type":"post","link":"https:\/\/www.anovapeneira.gal\/index.php\/2023\/11\/17\/o-modelo-bng-de-tui-coherencia-propostas-traballo\/","title":{"rendered":"O modelo BNG de Tui: Coherencia, propostas, traballo"},"content":{"rendered":"\n<p>O BNG de Tui acadou un resultado hist\u00f3rico nas elecci\u00f3ns municipais de maio de 2023. Duplicamos n\u00famero de concelleiros e n\u00famero de votos. Dos 1002 votos no ano 2019, pasamos a 2055 catro anos despois. Penso que este resultado foi froito do traballo realizado na oposici\u00f3n, onde definimos con claridade dende o principio o modelo de concello que buscamos, unha concello verde, ecol\u00f3xico, que funcione con criterios de sostenibilidade e respecto ao medio ambiente, saudable, con r\u00faas arboradas e parques, cun comercio local din\u00e1mico, que recupere e coide o seu patrimonio natural e hist\u00f3rico e cun casco urbano conectado coas parroquias. Un concello para vivir.<\/p>\n\n\n\n<p>E empezamos a traballar con coherencia na defensa desa idea.<\/p>\n\n\n\n<p>As\u00ed, opux\u00e9monos dende o principio ao parking soterrado, facendo unha campa\u00f1a intensa explicando as nosas raz\u00f3ns, nos medios de comunicaci\u00f3n, visitando o comercio local, publicando bolet\u00edns,\u2026 Esa coherencia levounos a ser o \u00fanico grupo que votou en contra da Axenda Urbana, porque contemplaba a construci\u00f3n deste parking soterrado.<\/p>\n\n\n\n<p>Defendemos dende o primeiro momento (outros foron sum\u00e1ndose despois) a creaci\u00f3n dunha gran zona verde arborada na traseira da \u00c1rea Panor\u00e1mica. Para que o centro de sa\u00fade poida contar con licenza de primeira ocupaci\u00f3n (solucionando, por certo, un problema xerado pola mala xesti\u00f3n do PP no goberno municipal) o BNG propuxo crear as prazas de aparcamento que lle corresponden nunha franxa estreita preto do edificio, en superficie, dotado de \u00e1rbores e integrado coa alameda que queremos nesa zona.<\/p>\n\n\n\n<p>Estes catro anos fixemos unha oposici\u00f3n en positivo, facendo propostas e presentando iniciativas, moitas veces apoiadas por unanimidade polo resto dos grupos, a\u00ednda que a maior\u00eda das veces non se materializaron por desinter\u00e9s do equipo de goberno.<\/p>\n\n\n\n<p>Tratamos moitos temas relativos \u00e1s parroquias: seguridade viaria, recollida selectiva de residuos, recuperaci\u00f3n e sinalizaci\u00f3n do patrimonio&#8230;<\/p>\n\n\n\n<p>Ademais, tivemos reuni\u00f3ns peri\u00f3dicas con distintos colectivos, pondo en marcha ou incorporando ao noso programa distintas propostas que nos trasladaron.<\/p>\n\n\n\n<p>Fixemos diversos actos p\u00fablicos tratando temas de interese e, chegado o momento, formamos unha candidatura moi variada e activa, e elaboramos de forma participativa un programa electoral realista e<\/p>\n\n\n\n<p>realizable, sen proxectos absurdos, e d\u00e9molo a co\u00f1ecer en todas as parroquias. Todo ese traballo foi o que nos fixo incrementar o apoio electoral.<\/p>\n\n\n\n<p>Despois das elecci\u00f3ns, tal e como nos comprometemos durante a campa\u00f1a, e a pesar dos continuos desplantes por parte do Sr. Cabaleiro (\u201cas diferenzas co BNG son totalmente insalvables\u201d, \u201cen cuesti\u00f3ns fundamentais sep\u00e1ranos un abismo\u201d, \u201c\u00e9 case imposible un pacto co BNG\u201d&#8230;) cando fomos convocados, unha semana despois das elecci\u00f3ns, acudimos \u00e1 negociaci\u00f3n coa idea de conformar un goberno de progreso en Tui. Puxemos todo da nosa parte. Elaboramos un documento comparativo dos programas electorais, analizamos \u00e1rea por \u00e1rea as concordancias e diverxencias, negociamos punto por punto cada proxecto de cada grupo pol\u00edtico. Aceptamos propostas do PSOE coas que non concord\u00e1bamos para lograr ese pacto (mercado municipal, mercado do xoves, escola de Pazos de Reis&#8230;) Houbo dous asuntos que para n\u00f3s eran prioritarios: a zona verde na \u00c1rea Panor\u00e1mica e a recuperaci\u00f3n da finca Patazumba coa casa e o h\u00f3rreo. Non houbo maneira. Non cederon en nada, nin sequera neses dous temas que n\u00f3s traballamos moito, tanto no mandato anterior como na campa\u00f1a.<\/p>\n\n\n\n<p>Nese momento decidimos manternos na oposici\u00f3n.<\/p>\n\n\n\n<p>Pero podemos conseguir moitas cousas dende a oposici\u00f3n, e xa empezamos a facelo.<\/p>\n\n\n\n<p>O PSOE non entendeu nun primeiro momento o que significaba gobernar con minor\u00eda. Despois de ver rexeitadas en pleno as adicaci\u00f3ns (coa nosa abstenci\u00f3n), cham\u00e1ronnos de novo para negociar. E foi unha negociaci\u00f3n fruct\u00edfera. A cambio do noso voto favorable \u00e1 s\u00faa proposta de adicaci\u00f3ns, o PSOE asumiu catro compromisos:<\/p>\n\n\n\n<ul class=\"wp-block-list\">\n<li>Destinar o edificio a r\u00faa Camilo Jos\u00e9 Cela a sede da Polic\u00eda local.<\/li>\n\n\n\n<li>Destinar o edificio de Cam Fran a local para as distintas asociaci\u00f3ns, e espazo para a mocidade.<\/li>\n\n\n\n<li>Empezar a traballar na posta en marcha un transporte interparroquial que conecte as parroquias entre si e co centro.<\/li>\n\n\n\n<li>Unificar a Alameda de Santo Domingo co bosque de Seoane e estudar a posibilidade de crear nesa zona un xard\u00edn bot\u00e1nico.<\/li>\n<\/ul>\n\n\n\n<p>Estes catros puntos estaban inclu\u00eddos no noso programa electoral, alg\u00fans (como o transporte p\u00fablico) dende hai anos.<\/p>\n\n\n\n<p>O d\u00eda 6 de novembro tivemos a primeira reuni\u00f3n para tratar o transporte interparroquial, e o BNG xa presentou unha proposta. A defensa do medio ambiente ten que deixar de consistir s\u00f3 na colocaci\u00f3n de luces leds e puntos de recarga de coches el\u00e9ctricos. O transporte p\u00fablico \u00e9 un elemento fundamental, no s\u00f3 por criterios ecol\u00f3xicos sen\u00f3n tam\u00e9n para mellorar a vida das persoas e favorecer esa relaci\u00f3n das parroquias co casco urbano.<\/p>\n\n\n\n<p>Acaban de empezar catro anos que poden ser moi importantes para Tui. N\u00f3s seguimos con esa idea clara do concello que queremos e imos seguir traballando para conseguilo.<\/p>\n","protected":false},"excerpt":{"rendered":"<div class=\"mh-excerpt\"><p>O BNG de Tui acadou un resultado hist\u00f3rico nas elecci\u00f3ns municipais de maio de 2023. Duplicamos n\u00famero de concelleiros e n\u00famero de votos. Dos 1002 votos no ano 2019, pasamos a 2055 catro anos despois <a class=\"mh-excerpt-more\" href=\"https:\/\/www.anovapeneira.gal\/index.php\/2023\/11\/17\/o-modelo-bng-de-tui-coherencia-propostas-traballo\/\" title=\"O modelo BNG de Tui: Coherencia, propostas, traballo\">[&#8230;]<\/a><\/p>\n<\/div>","protected":false},"author":3,"featured_media":10758,"comment_status":"open","ping_status":"open","sticky":false,"template":"","format":"standard","meta":{"_exactmetrics_skip_tracking":false,"_exactmetrics_sitenote_active":false,"_exactmetrics_sitenote_note":"","_exactmetrics_sitenote_category":0,"footnotes":""},"categories":[21],"tags":[426],"class_list":{"0":"post-10757","1":"post","2":"type-post","3":"status-publish","4":"format-standard","5":"has-post-thumbnail","7":"category-baixo-mino","8":"tag-concello-de-tui"},"yoast_head":"<!-- This site is optimized with the Yoast SEO plugin v27.4 - https:\/\/yoast.com\/product\/yoast-seo-wordpress\/ -->\n<title>O modelo BNG de Tui: Coherencia, propostas, traballo -<\/title>\n<meta name=\"description\" content=\"O BNG de Tui acadou un resultado hist\u00f3rico nas elecci\u00f3ns municipais de maio de 2023. Duplicamos n\u00famero de concelleiros e n\u00famero de votos. Dos 1002 votos no ano 2019, pasamos a 2055 catro anos despois\" \/>\n<meta name=\"robots\" content=\"index, follow, max-snippet:-1, max-image-preview:large, max-video-preview:-1\" \/>\n<link rel=\"canonical\" href=\"https:\/\/www.anovapeneira.gal\/index.php\/2023\/11\/17\/o-modelo-bng-de-tui-coherencia-propostas-traballo\/\" \/>\n<meta property=\"og:locale\" content=\"gl_ES\" \/>\n<meta property=\"og:type\" content=\"article\" \/>\n<meta property=\"og:title\" content=\"O modelo BNG de Tui: Coherencia, propostas, traballo -\" \/>\n<meta property=\"og:description\" content=\"O BNG de Tui acadou un resultado hist\u00f3rico nas elecci\u00f3ns municipais de maio de 2023. Duplicamos n\u00famero de concelleiros e n\u00famero de votos. Dos 1002 votos no ano 2019, pasamos a 2055 catro anos despois\" \/>\n<meta property=\"og:url\" content=\"https:\/\/www.anovapeneira.gal\/index.php\/2023\/11\/17\/o-modelo-bng-de-tui-coherencia-propostas-traballo\/\" \/>\n<meta property=\"article:publisher\" content=\"https:\/\/www.facebook.com\/anovapeneira\" \/>\n<meta property=\"article:published_time\" content=\"2023-11-17T09:00:58+00:00\" \/>\n<meta property=\"og:image\" content=\"https:\/\/www.anovapeneira.gal\/wp-content\/uploads\/2023\/11\/Carme_Tui.png\" \/>\n\t<meta property=\"og:image:width\" content=\"720\" \/>\n\t<meta property=\"og:image:height\" content=\"432\" \/>\n\t<meta property=\"og:image:type\" content=\"image\/png\" \/>\n<meta name=\"author\" content=\"Redacci\u00f3n A Nova Peneira\" \/>\n<meta name=\"twitter:card\" content=\"summary_large_image\" \/>\n<meta name=\"twitter:creator\" content=\"@APeneira\" \/>\n<meta name=\"twitter:site\" content=\"@APeneira\" \/>\n<meta name=\"twitter:label1\" content=\"Escrito por\" \/>\n\t<meta name=\"twitter:data1\" content=\"Redacci\u00f3n A Nova Peneira\" \/>\n\t<meta name=\"twitter:label2\" content=\"Tempo de lectura\" \/>\n\t<meta name=\"twitter:data2\" content=\"5 minutos\" \/>\n<script type=\"application\/ld+json\" class=\"yoast-schema-graph\">{\"@context\":\"https:\\\/\\\/schema.org\",\"@graph\":[{\"@type\":\"Article\",\"@id\":\"https:\\\/\\\/www.anovapeneira.gal\\\/index.php\\\/2023\\\/11\\\/17\\\/o-modelo-bng-de-tui-coherencia-propostas-traballo\\\/#article\",\"isPartOf\":{\"@id\":\"https:\\\/\\\/www.anovapeneira.gal\\\/index.php\\\/2023\\\/11\\\/17\\\/o-modelo-bng-de-tui-coherencia-propostas-traballo\\\/\"},\"author\":{\"name\":\"Redacci\u00f3n A Nova Peneira\",\"@id\":\"https:\\\/\\\/www.anovapeneira.gal\\\/#\\\/schema\\\/person\\\/b93e3f8932e3f8da96334607eb6ac6aa\"},\"headline\":\"O modelo BNG de Tui: Coherencia, propostas, traballo\",\"datePublished\":\"2023-11-17T09:00:58+00:00\",\"mainEntityOfPage\":{\"@id\":\"https:\\\/\\\/www.anovapeneira.gal\\\/index.php\\\/2023\\\/11\\\/17\\\/o-modelo-bng-de-tui-coherencia-propostas-traballo\\\/\"},\"wordCount\":861,\"commentCount\":0,\"publisher\":{\"@id\":\"https:\\\/\\\/www.anovapeneira.gal\\\/#organization\"},\"image\":{\"@id\":\"https:\\\/\\\/www.anovapeneira.gal\\\/index.php\\\/2023\\\/11\\\/17\\\/o-modelo-bng-de-tui-coherencia-propostas-traballo\\\/#primaryimage\"},\"thumbnailUrl\":\"https:\\\/\\\/www.anovapeneira.gal\\\/wp-content\\\/uploads\\\/2023\\\/11\\\/Carme_Tui.png\",\"keywords\":[\"Concello de Tui\"],\"articleSection\":[\"Baixo Mi\u00f1o\"],\"inLanguage\":\"gl-ES\",\"potentialAction\":[{\"@type\":\"CommentAction\",\"name\":\"Comment\",\"target\":[\"https:\\\/\\\/www.anovapeneira.gal\\\/index.php\\\/2023\\\/11\\\/17\\\/o-modelo-bng-de-tui-coherencia-propostas-traballo\\\/#respond\"]}]},{\"@type\":\"WebPage\",\"@id\":\"https:\\\/\\\/www.anovapeneira.gal\\\/index.php\\\/2023\\\/11\\\/17\\\/o-modelo-bng-de-tui-coherencia-propostas-traballo\\\/\",\"url\":\"https:\\\/\\\/www.anovapeneira.gal\\\/index.php\\\/2023\\\/11\\\/17\\\/o-modelo-bng-de-tui-coherencia-propostas-traballo\\\/\",\"name\":\"O modelo BNG de Tui: Coherencia, propostas, traballo -\",\"isPartOf\":{\"@id\":\"https:\\\/\\\/www.anovapeneira.gal\\\/#website\"},\"primaryImageOfPage\":{\"@id\":\"https:\\\/\\\/www.anovapeneira.gal\\\/index.php\\\/2023\\\/11\\\/17\\\/o-modelo-bng-de-tui-coherencia-propostas-traballo\\\/#primaryimage\"},\"image\":{\"@id\":\"https:\\\/\\\/www.anovapeneira.gal\\\/index.php\\\/2023\\\/11\\\/17\\\/o-modelo-bng-de-tui-coherencia-propostas-traballo\\\/#primaryimage\"},\"thumbnailUrl\":\"https:\\\/\\\/www.anovapeneira.gal\\\/wp-content\\\/uploads\\\/2023\\\/11\\\/Carme_Tui.png\",\"datePublished\":\"2023-11-17T09:00:58+00:00\",\"description\":\"O BNG de Tui acadou un resultado hist\u00f3rico nas elecci\u00f3ns municipais de maio de 2023. Duplicamos n\u00famero de concelleiros e n\u00famero de votos. Dos 1002 votos no ano 2019, pasamos a 2055 catro anos despois\",\"breadcrumb\":{\"@id\":\"https:\\\/\\\/www.anovapeneira.gal\\\/index.php\\\/2023\\\/11\\\/17\\\/o-modelo-bng-de-tui-coherencia-propostas-traballo\\\/#breadcrumb\"},\"inLanguage\":\"gl-ES\",\"potentialAction\":[{\"@type\":\"ReadAction\",\"target\":[\"https:\\\/\\\/www.anovapeneira.gal\\\/index.php\\\/2023\\\/11\\\/17\\\/o-modelo-bng-de-tui-coherencia-propostas-traballo\\\/\"]}]},{\"@type\":\"ImageObject\",\"inLanguage\":\"gl-ES\",\"@id\":\"https:\\\/\\\/www.anovapeneira.gal\\\/index.php\\\/2023\\\/11\\\/17\\\/o-modelo-bng-de-tui-coherencia-propostas-traballo\\\/#primaryimage\",\"url\":\"https:\\\/\\\/www.anovapeneira.gal\\\/wp-content\\\/uploads\\\/2023\\\/11\\\/Carme_Tui.png\",\"contentUrl\":\"https:\\\/\\\/www.anovapeneira.gal\\\/wp-content\\\/uploads\\\/2023\\\/11\\\/Carme_Tui.png\",\"width\":720,\"height\":432,\"caption\":\"O modelo BNG de Tui: Coherencia, propostas, traballo\"},{\"@type\":\"BreadcrumbList\",\"@id\":\"https:\\\/\\\/www.anovapeneira.gal\\\/index.php\\\/2023\\\/11\\\/17\\\/o-modelo-bng-de-tui-coherencia-propostas-traballo\\\/#breadcrumb\",\"itemListElement\":[{\"@type\":\"ListItem\",\"position\":1,\"name\":\"Portada\",\"item\":\"https:\\\/\\\/www.anovapeneira.gal\\\/\"},{\"@type\":\"ListItem\",\"position\":2,\"name\":\"O modelo BNG de Tui: Coherencia, propostas, traballo\"}]},{\"@type\":\"WebSite\",\"@id\":\"https:\\\/\\\/www.anovapeneira.gal\\\/#website\",\"url\":\"https:\\\/\\\/www.anovapeneira.gal\\\/\",\"name\":\"\",\"description\":\"Xornal galego de informaci\u00f3n xeral Publicaci\u00f3n mensual de novas de Galicia e en especial dos Concellos da sur da provincia de Pontevedra.\",\"publisher\":{\"@id\":\"https:\\\/\\\/www.anovapeneira.gal\\\/#organization\"},\"potentialAction\":[{\"@type\":\"SearchAction\",\"target\":{\"@type\":\"EntryPoint\",\"urlTemplate\":\"https:\\\/\\\/www.anovapeneira.gal\\\/?s={search_term_string}\"},\"query-input\":{\"@type\":\"PropertyValueSpecification\",\"valueRequired\":true,\"valueName\":\"search_term_string\"}}],\"inLanguage\":\"gl-ES\"},{\"@type\":\"Organization\",\"@id\":\"https:\\\/\\\/www.anovapeneira.gal\\\/#organization\",\"name\":\"A Nova Peneira\",\"url\":\"https:\\\/\\\/www.anovapeneira.gal\\\/\",\"logo\":{\"@type\":\"ImageObject\",\"inLanguage\":\"gl-ES\",\"@id\":\"https:\\\/\\\/www.anovapeneira.gal\\\/#\\\/schema\\\/logo\\\/image\\\/\",\"url\":\"http:\\\/\\\/www.anovapeneira.gal\\\/wp-content\\\/uploads\\\/2019\\\/06\\\/logo_a_nova_peneira_portal_web.png\",\"contentUrl\":\"http:\\\/\\\/www.anovapeneira.gal\\\/wp-content\\\/uploads\\\/2019\\\/06\\\/logo_a_nova_peneira_portal_web.png\",\"width\":300,\"height\":100,\"caption\":\"A Nova Peneira\"},\"image\":{\"@id\":\"https:\\\/\\\/www.anovapeneira.gal\\\/#\\\/schema\\\/logo\\\/image\\\/\"},\"sameAs\":[\"https:\\\/\\\/www.facebook.com\\\/anovapeneira\",\"https:\\\/\\\/x.com\\\/APeneira\"]},{\"@type\":\"Person\",\"@id\":\"https:\\\/\\\/www.anovapeneira.gal\\\/#\\\/schema\\\/person\\\/b93e3f8932e3f8da96334607eb6ac6aa\",\"name\":\"Redacci\u00f3n A Nova Peneira\",\"image\":{\"@type\":\"ImageObject\",\"inLanguage\":\"gl-ES\",\"@id\":\"https:\\\/\\\/secure.gravatar.com\\\/avatar\\\/c052a2551a06e23fac63626232eaa90abd78dbcf1700fc46a2b2c89fd27b735f?s=96&d=mm&r=g\",\"url\":\"https:\\\/\\\/secure.gravatar.com\\\/avatar\\\/c052a2551a06e23fac63626232eaa90abd78dbcf1700fc46a2b2c89fd27b735f?s=96&d=mm&r=g\",\"contentUrl\":\"https:\\\/\\\/secure.gravatar.com\\\/avatar\\\/c052a2551a06e23fac63626232eaa90abd78dbcf1700fc46a2b2c89fd27b735f?s=96&d=mm&r=g\",\"caption\":\"Redacci\u00f3n A Nova Peneira\"},\"sameAs\":[\"http:\\\/\\\/www.anovapeneira.gal\\\/\"],\"url\":\"https:\\\/\\\/www.anovapeneira.gal\\\/index.php\\\/author\\\/redactor\\\/\"}]}<\/script>\n<!-- \/ Yoast SEO plugin. -->","yoast_head_json":{"title":"O modelo BNG de Tui: Coherencia, propostas, traballo -","description":"O BNG de Tui acadou un resultado hist\u00f3rico nas elecci\u00f3ns municipais de maio de 2023. Duplicamos n\u00famero de concelleiros e n\u00famero de votos. Dos 1002 votos no ano 2019, pasamos a 2055 catro anos despois","robots":{"index":"index","follow":"follow","max-snippet":"max-snippet:-1","max-image-preview":"max-image-preview:large","max-video-preview":"max-video-preview:-1"},"canonical":"https:\/\/www.anovapeneira.gal\/index.php\/2023\/11\/17\/o-modelo-bng-de-tui-coherencia-propostas-traballo\/","og_locale":"gl_ES","og_type":"article","og_title":"O modelo BNG de Tui: Coherencia, propostas, traballo -","og_description":"O BNG de Tui acadou un resultado hist\u00f3rico nas elecci\u00f3ns municipais de maio de 2023. Duplicamos n\u00famero de concelleiros e n\u00famero de votos. Dos 1002 votos no ano 2019, pasamos a 2055 catro anos despois","og_url":"https:\/\/www.anovapeneira.gal\/index.php\/2023\/11\/17\/o-modelo-bng-de-tui-coherencia-propostas-traballo\/","article_publisher":"https:\/\/www.facebook.com\/anovapeneira","article_published_time":"2023-11-17T09:00:58+00:00","og_image":[{"width":720,"height":432,"url":"https:\/\/www.anovapeneira.gal\/wp-content\/uploads\/2023\/11\/Carme_Tui.png","type":"image\/png"}],"author":"Redacci\u00f3n A Nova Peneira","twitter_card":"summary_large_image","twitter_creator":"@APeneira","twitter_site":"@APeneira","twitter_misc":{"Escrito por":"Redacci\u00f3n A Nova Peneira","Tempo de lectura":"5 minutos"},"schema":{"@context":"https:\/\/schema.org","@graph":[{"@type":"Article","@id":"https:\/\/www.anovapeneira.gal\/index.php\/2023\/11\/17\/o-modelo-bng-de-tui-coherencia-propostas-traballo\/#article","isPartOf":{"@id":"https:\/\/www.anovapeneira.gal\/index.php\/2023\/11\/17\/o-modelo-bng-de-tui-coherencia-propostas-traballo\/"},"author":{"name":"Redacci\u00f3n A Nova Peneira","@id":"https:\/\/www.anovapeneira.gal\/#\/schema\/person\/b93e3f8932e3f8da96334607eb6ac6aa"},"headline":"O modelo BNG de Tui: Coherencia, propostas, traballo","datePublished":"2023-11-17T09:00:58+00:00","mainEntityOfPage":{"@id":"https:\/\/www.anovapeneira.gal\/index.php\/2023\/11\/17\/o-modelo-bng-de-tui-coherencia-propostas-traballo\/"},"wordCount":861,"commentCount":0,"publisher":{"@id":"https:\/\/www.anovapeneira.gal\/#organization"},"image":{"@id":"https:\/\/www.anovapeneira.gal\/index.php\/2023\/11\/17\/o-modelo-bng-de-tui-coherencia-propostas-traballo\/#primaryimage"},"thumbnailUrl":"https:\/\/www.anovapeneira.gal\/wp-content\/uploads\/2023\/11\/Carme_Tui.png","keywords":["Concello de Tui"],"articleSection":["Baixo Mi\u00f1o"],"inLanguage":"gl-ES","potentialAction":[{"@type":"CommentAction","name":"Comment","target":["https:\/\/www.anovapeneira.gal\/index.php\/2023\/11\/17\/o-modelo-bng-de-tui-coherencia-propostas-traballo\/#respond"]}]},{"@type":"WebPage","@id":"https:\/\/www.anovapeneira.gal\/index.php\/2023\/11\/17\/o-modelo-bng-de-tui-coherencia-propostas-traballo\/","url":"https:\/\/www.anovapeneira.gal\/index.php\/2023\/11\/17\/o-modelo-bng-de-tui-coherencia-propostas-traballo\/","name":"O modelo BNG de Tui: Coherencia, propostas, traballo -","isPartOf":{"@id":"https:\/\/www.anovapeneira.gal\/#website"},"primaryImageOfPage":{"@id":"https:\/\/www.anovapeneira.gal\/index.php\/2023\/11\/17\/o-modelo-bng-de-tui-coherencia-propostas-traballo\/#primaryimage"},"image":{"@id":"https:\/\/www.anovapeneira.gal\/index.php\/2023\/11\/17\/o-modelo-bng-de-tui-coherencia-propostas-traballo\/#primaryimage"},"thumbnailUrl":"https:\/\/www.anovapeneira.gal\/wp-content\/uploads\/2023\/11\/Carme_Tui.png","datePublished":"2023-11-17T09:00:58+00:00","description":"O BNG de Tui acadou un resultado hist\u00f3rico nas elecci\u00f3ns municipais de maio de 2023. Duplicamos n\u00famero de concelleiros e n\u00famero de votos. Dos 1002 votos no ano 2019, pasamos a 2055 catro anos despois","breadcrumb":{"@id":"https:\/\/www.anovapeneira.gal\/index.php\/2023\/11\/17\/o-modelo-bng-de-tui-coherencia-propostas-traballo\/#breadcrumb"},"inLanguage":"gl-ES","potentialAction":[{"@type":"ReadAction","target":["https:\/\/www.anovapeneira.gal\/index.php\/2023\/11\/17\/o-modelo-bng-de-tui-coherencia-propostas-traballo\/"]}]},{"@type":"ImageObject","inLanguage":"gl-ES","@id":"https:\/\/www.anovapeneira.gal\/index.php\/2023\/11\/17\/o-modelo-bng-de-tui-coherencia-propostas-traballo\/#primaryimage","url":"https:\/\/www.anovapeneira.gal\/wp-content\/uploads\/2023\/11\/Carme_Tui.png","contentUrl":"https:\/\/www.anovapeneira.gal\/wp-content\/uploads\/2023\/11\/Carme_Tui.png","width":720,"height":432,"caption":"O modelo BNG de Tui: Coherencia, propostas, traballo"},{"@type":"BreadcrumbList","@id":"https:\/\/www.anovapeneira.gal\/index.php\/2023\/11\/17\/o-modelo-bng-de-tui-coherencia-propostas-traballo\/#breadcrumb","itemListElement":[{"@type":"ListItem","position":1,"name":"Portada","item":"https:\/\/www.anovapeneira.gal\/"},{"@type":"ListItem","position":2,"name":"O modelo BNG de Tui: Coherencia, propostas, traballo"}]},{"@type":"WebSite","@id":"https:\/\/www.anovapeneira.gal\/#website","url":"https:\/\/www.anovapeneira.gal\/","name":"","description":"Xornal galego de informaci\u00f3n xeral Publicaci\u00f3n mensual de novas de Galicia e en especial dos Concellos da sur da provincia de Pontevedra.","publisher":{"@id":"https:\/\/www.anovapeneira.gal\/#organization"},"potentialAction":[{"@type":"SearchAction","target":{"@type":"EntryPoint","urlTemplate":"https:\/\/www.anovapeneira.gal\/?s={search_term_string}"},"query-input":{"@type":"PropertyValueSpecification","valueRequired":true,"valueName":"search_term_string"}}],"inLanguage":"gl-ES"},{"@type":"Organization","@id":"https:\/\/www.anovapeneira.gal\/#organization","name":"A Nova Peneira","url":"https:\/\/www.anovapeneira.gal\/","logo":{"@type":"ImageObject","inLanguage":"gl-ES","@id":"https:\/\/www.anovapeneira.gal\/#\/schema\/logo\/image\/","url":"http:\/\/www.anovapeneira.gal\/wp-content\/uploads\/2019\/06\/logo_a_nova_peneira_portal_web.png","contentUrl":"http:\/\/www.anovapeneira.gal\/wp-content\/uploads\/2019\/06\/logo_a_nova_peneira_portal_web.png","width":300,"height":100,"caption":"A Nova Peneira"},"image":{"@id":"https:\/\/www.anovapeneira.gal\/#\/schema\/logo\/image\/"},"sameAs":["https:\/\/www.facebook.com\/anovapeneira","https:\/\/x.com\/APeneira"]},{"@type":"Person","@id":"https:\/\/www.anovapeneira.gal\/#\/schema\/person\/b93e3f8932e3f8da96334607eb6ac6aa","name":"Redacci\u00f3n A Nova Peneira","image":{"@type":"ImageObject","inLanguage":"gl-ES","@id":"https:\/\/secure.gravatar.com\/avatar\/c052a2551a06e23fac63626232eaa90abd78dbcf1700fc46a2b2c89fd27b735f?s=96&d=mm&r=g","url":"https:\/\/secure.gravatar.com\/avatar\/c052a2551a06e23fac63626232eaa90abd78dbcf1700fc46a2b2c89fd27b735f?s=96&d=mm&r=g","contentUrl":"https:\/\/secure.gravatar.com\/avatar\/c052a2551a06e23fac63626232eaa90abd78dbcf1700fc46a2b2c89fd27b735f?s=96&d=mm&r=g","caption":"Redacci\u00f3n A Nova Peneira"},"sameAs":["http:\/\/www.anovapeneira.gal\/"],"url":"https:\/\/www.anovapeneira.gal\/index.php\/author\/redactor\/"}]}},"jetpack_featured_media_url":"https:\/\/www.anovapeneira.gal\/wp-content\/uploads\/2023\/11\/Carme_Tui.png","_links":{"self":[{"href":"https:\/\/www.anovapeneira.gal\/index.php\/wp-json\/wp\/v2\/posts\/10757","targetHints":{"allow":["GET"]}}],"collection":[{"href":"https:\/\/www.anovapeneira.gal\/index.php\/wp-json\/wp\/v2\/posts"}],"about":[{"href":"https:\/\/www.anovapeneira.gal\/index.php\/wp-json\/wp\/v2\/types\/post"}],"author":[{"embeddable":true,"href":"https:\/\/www.anovapeneira.gal\/index.php\/wp-json\/wp\/v2\/users\/3"}],"replies":[{"embeddable":true,"href":"https:\/\/www.anovapeneira.gal\/index.php\/wp-json\/wp\/v2\/comments?post=10757"}],"version-history":[{"count":1,"href":"https:\/\/www.anovapeneira.gal\/index.php\/wp-json\/wp\/v2\/posts\/10757\/revisions"}],"predecessor-version":[{"id":10759,"href":"https:\/\/www.anovapeneira.gal\/index.php\/wp-json\/wp\/v2\/posts\/10757\/revisions\/10759"}],"wp:featuredmedia":[{"embeddable":true,"href":"https:\/\/www.anovapeneira.gal\/index.php\/wp-json\/wp\/v2\/media\/10758"}],"wp:attachment":[{"href":"https:\/\/www.anovapeneira.gal\/index.php\/wp-json\/wp\/v2\/media?parent=10757"}],"wp:term":[{"taxonomy":"category","embeddable":true,"href":"https:\/\/www.anovapeneira.gal\/index.php\/wp-json\/wp\/v2\/categories?post=10757"},{"taxonomy":"post_tag","embeddable":true,"href":"https:\/\/www.anovapeneira.gal\/index.php\/wp-json\/wp\/v2\/tags?post=10757"}],"curies":[{"name":"wp","href":"https:\/\/api.w.org\/{rel}","templated":true}]}}