{"id":1076,"date":"2019-08-27T12:00:13","date_gmt":"2019-08-27T10:00:13","guid":{"rendered":"http:\/\/www.anovapeneira.gal\/?p=1076"},"modified":"2019-08-24T21:51:02","modified_gmt":"2019-08-24T19:51:02","slug":"o-concello-de-nigran-mellora-a-rede-de-abastecemento-na-contorna-do-seixo-previo-asfaltado-desta-rua-e-doutras-catro-de-panxon","status":"publish","type":"post","link":"https:\/\/www.anovapeneira.gal\/index.php\/2019\/08\/27\/o-concello-de-nigran-mellora-a-rede-de-abastecemento-na-contorna-do-seixo-previo-asfaltado-desta-rua-e-doutras-catro-de-panxon\/","title":{"rendered":"O Concello de Nigr\u00e1n mellora a rede de abastecemento na contorna do Seixo previo asfaltado desta r\u00faa e doutras catro de Panx\u00f3n"},"content":{"rendered":"\n<h2 class=\"wp-block-heading\"><strong>Ao longo de setembro o Concello investir\u00e1 nesta parroquia 54.000 \u20ac no pavimentado do Cami\u00f1o Lousas, Pastora, Redonda, Arribas Brancas e Lagoa-Seixo<\/strong><\/h2>\n\n\n\n<p><strong>Nigr\u00e1n, 19 de agosto de 2019<\/strong><\/p>\n\n\n\n<p>O\nConcello de Nigr\u00e1n ven de renovar por completo a conduci\u00f3n do\nabastecemento de auga na contorna do Cami\u00f1o do Seixo (Panx\u00f3n) como\npaso previo ao asfaltado desta e outras catro v\u00edas da parroquia cun\ninvestimento total de 54.050 \u20ac ao cargo do Plan Concellos 2019.<\/p>\n\n\n\n<p>\n\tAs\u00ed, Concello de Nigr\u00e1n\ne a concesionaria Aqualia remataron a pasada semana as obras de\nsubstituci\u00f3n das canalizaci\u00f3ns na contorna de Lagoa-Seixo\nbeneficiando as\u00ed a 25 vivendas que, dende hai anos, sufr\u00edan o\nprexu\u00edzo de ter cont\u00ednuas roturas nas tubaxes por un defecto das\nmesmas. Este cami\u00f1o e  o de Lousas, Pastora, Redonda e Arribas\nBrancas ser\u00e1n pavimentados ao longo do mes de setembro pola empresa\nFechi S.L. como parte do plan de asfaltados do Concello de Nigr\u00e1n\npara a mellora da seguridade viaria na parroquia. \n<\/p>\n\n\n\n<p>\n\tAs\u00ed, en t\u00f3dolos casos\nse realizar\u00e1 unha limpeza do pavimento da calzada e das cunetas\nantes de melloralo cunha mestura bituminosa en quente estendida e\ncompactada, ademais de facer en cada caso o recrecido das tapas da\nrede de sumidoiros.<\/p>\n\n\n\n<p>\n\t&#8220;Tr\u00e1tase de\ncami\u00f1os en moi mal estado e que dan servizo a moitas persoas, por\niso os consideramos prioritarios neste segundo plan de asfaltados da\nparroquia, sendo conscientes de que quedan outros pendentes que non\nesquecemos&#8221;, sinala o alcalde, Juan Gonz\u00e1lez. As\u00ed,\nanteriormente en Panx\u00f3n  foi asfaltado Jes\u00fas Espinosa, Gondomar,\nArea Alta, Cami\u00f1o da Area, Arquitecto Palacios, Paravi\u00f1al, Cami\u00f1o\nda Fonte, Porqueira ou r\u00faa do Rial.<\/p>\n","protected":false},"excerpt":{"rendered":"<div class=\"mh-excerpt\"><p>Ao longo de setembro o Concello investir\u00e1 nesta parroquia 54.000 \u20ac no pavimentado do Cami\u00f1o Lousas, Pastora, Redonda, Arribas Brancas e Lagoa-Seixo <a class=\"mh-excerpt-more\" href=\"https:\/\/www.anovapeneira.gal\/index.php\/2019\/08\/27\/o-concello-de-nigran-mellora-a-rede-de-abastecemento-na-contorna-do-seixo-previo-asfaltado-desta-rua-e-doutras-catro-de-panxon\/\" title=\"O Concello de Nigr\u00e1n mellora a rede de abastecemento na contorna do Seixo previo asfaltado desta r\u00faa e doutras catro de Panx\u00f3n\">[&#8230;]<\/a><\/p>\n<\/div>","protected":false},"author":3,"featured_media":1061,"comment_status":"open","ping_status":"open","sticky":false,"template":"","format":"standard","meta":{"_exactmetrics_skip_tracking":false,"_exactmetrics_sitenote_active":false,"_exactmetrics_sitenote_note":"","_exactmetrics_sitenote_category":0,"footnotes":""},"categories":[20],"tags":[135,121,502,501],"class_list":{"0":"post-1076","1":"post","2":"type-post","3":"status-publish","4":"format-standard","5":"has-post-thumbnail","7":"category-val-minor","8":"tag-concello-de-nigran","9":"tag-fomento","10":"tag-panxon","11":"tag-seixo"},"yoast_head":"<!-- This site is optimized with the Yoast SEO plugin v27.4 - https:\/\/yoast.com\/product\/yoast-seo-wordpress\/ -->\n<title>O Concello de Nigr\u00e1n mellora a rede de abastecemento na contorna do Seixo previo asfaltado desta r\u00faa e doutras catro de Panx\u00f3n -<\/title>\n<meta name=\"robots\" content=\"index, follow, max-snippet:-1, max-image-preview:large, max-video-preview:-1\" \/>\n<link rel=\"canonical\" href=\"https:\/\/www.anovapeneira.gal\/index.php\/2019\/08\/27\/o-concello-de-nigran-mellora-a-rede-de-abastecemento-na-contorna-do-seixo-previo-asfaltado-desta-rua-e-doutras-catro-de-panxon\/\" \/>\n<meta property=\"og:locale\" content=\"gl_ES\" \/>\n<meta property=\"og:type\" content=\"article\" \/>\n<meta property=\"og:title\" content=\"O Concello de Nigr\u00e1n mellora a rede de abastecemento na contorna do Seixo previo asfaltado desta r\u00faa e doutras catro de Panx\u00f3n -\" \/>\n<meta property=\"og:description\" content=\"Ao longo de setembro o Concello investir\u00e1 nesta parroquia 54.000 \u20ac no pavimentado do Cami\u00f1o Lousas, Pastora, Redonda, Arribas Brancas e Lagoa-Seixo [...]\" \/>\n<meta property=\"og:url\" content=\"https:\/\/www.anovapeneira.gal\/index.php\/2019\/08\/27\/o-concello-de-nigran-mellora-a-rede-de-abastecemento-na-contorna-do-seixo-previo-asfaltado-desta-rua-e-doutras-catro-de-panxon\/\" \/>\n<meta property=\"article:publisher\" content=\"https:\/\/www.facebook.com\/anovapeneira\" \/>\n<meta property=\"article:published_time\" content=\"2019-08-27T10:00:13+00:00\" \/>\n<meta property=\"og:image\" content=\"https:\/\/www.anovapeneira.gal\/wp-content\/uploads\/2019\/08\/nigran_a_nova_peneira-1.jpg\" \/>\n\t<meta property=\"og:image:width\" content=\"720\" \/>\n\t<meta property=\"og:image:height\" content=\"473\" \/>\n\t<meta property=\"og:image:type\" content=\"image\/jpeg\" \/>\n<meta name=\"author\" content=\"Redacci\u00f3n A Nova Peneira\" \/>\n<meta name=\"twitter:card\" content=\"summary_large_image\" \/>\n<meta name=\"twitter:creator\" content=\"@APeneira\" \/>\n<meta name=\"twitter:site\" content=\"@APeneira\" \/>\n<meta name=\"twitter:label1\" content=\"Escrito por\" \/>\n\t<meta name=\"twitter:data1\" content=\"Redacci\u00f3n A Nova Peneira\" \/>\n\t<meta name=\"twitter:label2\" content=\"Tempo de lectura\" \/>\n\t<meta name=\"twitter:data2\" content=\"1 minuto\" \/>\n<script type=\"application\/ld+json\" class=\"yoast-schema-graph\">{\"@context\":\"https:\\\/\\\/schema.org\",\"@graph\":[{\"@type\":\"Article\",\"@id\":\"https:\\\/\\\/www.anovapeneira.gal\\\/index.php\\\/2019\\\/08\\\/27\\\/o-concello-de-nigran-mellora-a-rede-de-abastecemento-na-contorna-do-seixo-previo-asfaltado-desta-rua-e-doutras-catro-de-panxon\\\/#article\",\"isPartOf\":{\"@id\":\"https:\\\/\\\/www.anovapeneira.gal\\\/index.php\\\/2019\\\/08\\\/27\\\/o-concello-de-nigran-mellora-a-rede-de-abastecemento-na-contorna-do-seixo-previo-asfaltado-desta-rua-e-doutras-catro-de-panxon\\\/\"},\"author\":{\"name\":\"Redacci\u00f3n A Nova Peneira\",\"@id\":\"https:\\\/\\\/www.anovapeneira.gal\\\/#\\\/schema\\\/person\\\/b93e3f8932e3f8da96334607eb6ac6aa\"},\"headline\":\"O Concello de Nigr\u00e1n mellora a rede de abastecemento na contorna do Seixo previo asfaltado desta r\u00faa e doutras catro de Panx\u00f3n\",\"datePublished\":\"2019-08-27T10:00:13+00:00\",\"mainEntityOfPage\":{\"@id\":\"https:\\\/\\\/www.anovapeneira.gal\\\/index.php\\\/2019\\\/08\\\/27\\\/o-concello-de-nigran-mellora-a-rede-de-abastecemento-na-contorna-do-seixo-previo-asfaltado-desta-rua-e-doutras-catro-de-panxon\\\/\"},\"wordCount\":310,\"commentCount\":0,\"publisher\":{\"@id\":\"https:\\\/\\\/www.anovapeneira.gal\\\/#organization\"},\"image\":{\"@id\":\"https:\\\/\\\/www.anovapeneira.gal\\\/index.php\\\/2019\\\/08\\\/27\\\/o-concello-de-nigran-mellora-a-rede-de-abastecemento-na-contorna-do-seixo-previo-asfaltado-desta-rua-e-doutras-catro-de-panxon\\\/#primaryimage\"},\"thumbnailUrl\":\"https:\\\/\\\/www.anovapeneira.gal\\\/wp-content\\\/uploads\\\/2019\\\/08\\\/nigran_a_nova_peneira-1.jpg\",\"keywords\":[\"Concello de Nigr\u00e1n\",\"Fomento\",\"Panx\u00f3n\",\"Seixo\"],\"articleSection\":[\"Val Mi\u00f1or\"],\"inLanguage\":\"gl-ES\",\"potentialAction\":[{\"@type\":\"CommentAction\",\"name\":\"Comment\",\"target\":[\"https:\\\/\\\/www.anovapeneira.gal\\\/index.php\\\/2019\\\/08\\\/27\\\/o-concello-de-nigran-mellora-a-rede-de-abastecemento-na-contorna-do-seixo-previo-asfaltado-desta-rua-e-doutras-catro-de-panxon\\\/#respond\"]}]},{\"@type\":\"WebPage\",\"@id\":\"https:\\\/\\\/www.anovapeneira.gal\\\/index.php\\\/2019\\\/08\\\/27\\\/o-concello-de-nigran-mellora-a-rede-de-abastecemento-na-contorna-do-seixo-previo-asfaltado-desta-rua-e-doutras-catro-de-panxon\\\/\",\"url\":\"https:\\\/\\\/www.anovapeneira.gal\\\/index.php\\\/2019\\\/08\\\/27\\\/o-concello-de-nigran-mellora-a-rede-de-abastecemento-na-contorna-do-seixo-previo-asfaltado-desta-rua-e-doutras-catro-de-panxon\\\/\",\"name\":\"O Concello de Nigr\u00e1n mellora a rede de abastecemento na contorna do Seixo previo asfaltado desta r\u00faa e doutras catro de Panx\u00f3n -\",\"isPartOf\":{\"@id\":\"https:\\\/\\\/www.anovapeneira.gal\\\/#website\"},\"primaryImageOfPage\":{\"@id\":\"https:\\\/\\\/www.anovapeneira.gal\\\/index.php\\\/2019\\\/08\\\/27\\\/o-concello-de-nigran-mellora-a-rede-de-abastecemento-na-contorna-do-seixo-previo-asfaltado-desta-rua-e-doutras-catro-de-panxon\\\/#primaryimage\"},\"image\":{\"@id\":\"https:\\\/\\\/www.anovapeneira.gal\\\/index.php\\\/2019\\\/08\\\/27\\\/o-concello-de-nigran-mellora-a-rede-de-abastecemento-na-contorna-do-seixo-previo-asfaltado-desta-rua-e-doutras-catro-de-panxon\\\/#primaryimage\"},\"thumbnailUrl\":\"https:\\\/\\\/www.anovapeneira.gal\\\/wp-content\\\/uploads\\\/2019\\\/08\\\/nigran_a_nova_peneira-1.jpg\",\"datePublished\":\"2019-08-27T10:00:13+00:00\",\"breadcrumb\":{\"@id\":\"https:\\\/\\\/www.anovapeneira.gal\\\/index.php\\\/2019\\\/08\\\/27\\\/o-concello-de-nigran-mellora-a-rede-de-abastecemento-na-contorna-do-seixo-previo-asfaltado-desta-rua-e-doutras-catro-de-panxon\\\/#breadcrumb\"},\"inLanguage\":\"gl-ES\",\"potentialAction\":[{\"@type\":\"ReadAction\",\"target\":[\"https:\\\/\\\/www.anovapeneira.gal\\\/index.php\\\/2019\\\/08\\\/27\\\/o-concello-de-nigran-mellora-a-rede-de-abastecemento-na-contorna-do-seixo-previo-asfaltado-desta-rua-e-doutras-catro-de-panxon\\\/\"]}]},{\"@type\":\"ImageObject\",\"inLanguage\":\"gl-ES\",\"@id\":\"https:\\\/\\\/www.anovapeneira.gal\\\/index.php\\\/2019\\\/08\\\/27\\\/o-concello-de-nigran-mellora-a-rede-de-abastecemento-na-contorna-do-seixo-previo-asfaltado-desta-rua-e-doutras-catro-de-panxon\\\/#primaryimage\",\"url\":\"https:\\\/\\\/www.anovapeneira.gal\\\/wp-content\\\/uploads\\\/2019\\\/08\\\/nigran_a_nova_peneira-1.jpg\",\"contentUrl\":\"https:\\\/\\\/www.anovapeneira.gal\\\/wp-content\\\/uploads\\\/2019\\\/08\\\/nigran_a_nova_peneira-1.jpg\",\"width\":720,\"height\":473,\"caption\":\"Nova concello de Nigr\u00e1n A Nova Peneira\"},{\"@type\":\"BreadcrumbList\",\"@id\":\"https:\\\/\\\/www.anovapeneira.gal\\\/index.php\\\/2019\\\/08\\\/27\\\/o-concello-de-nigran-mellora-a-rede-de-abastecemento-na-contorna-do-seixo-previo-asfaltado-desta-rua-e-doutras-catro-de-panxon\\\/#breadcrumb\",\"itemListElement\":[{\"@type\":\"ListItem\",\"position\":1,\"name\":\"Portada\",\"item\":\"https:\\\/\\\/www.anovapeneira.gal\\\/\"},{\"@type\":\"ListItem\",\"position\":2,\"name\":\"O Concello de Nigr\u00e1n mellora a rede de abastecemento na contorna do Seixo previo asfaltado desta r\u00faa e doutras catro de Panx\u00f3n\"}]},{\"@type\":\"WebSite\",\"@id\":\"https:\\\/\\\/www.anovapeneira.gal\\\/#website\",\"url\":\"https:\\\/\\\/www.anovapeneira.gal\\\/\",\"name\":\"\",\"description\":\"Xornal galego de informaci\u00f3n xeral Publicaci\u00f3n mensual de novas de Galicia e en especial dos Concellos da sur da provincia de Pontevedra.\",\"publisher\":{\"@id\":\"https:\\\/\\\/www.anovapeneira.gal\\\/#organization\"},\"potentialAction\":[{\"@type\":\"SearchAction\",\"target\":{\"@type\":\"EntryPoint\",\"urlTemplate\":\"https:\\\/\\\/www.anovapeneira.gal\\\/?s={search_term_string}\"},\"query-input\":{\"@type\":\"PropertyValueSpecification\",\"valueRequired\":true,\"valueName\":\"search_term_string\"}}],\"inLanguage\":\"gl-ES\"},{\"@type\":\"Organization\",\"@id\":\"https:\\\/\\\/www.anovapeneira.gal\\\/#organization\",\"name\":\"A Nova Peneira\",\"url\":\"https:\\\/\\\/www.anovapeneira.gal\\\/\",\"logo\":{\"@type\":\"ImageObject\",\"inLanguage\":\"gl-ES\",\"@id\":\"https:\\\/\\\/www.anovapeneira.gal\\\/#\\\/schema\\\/logo\\\/image\\\/\",\"url\":\"http:\\\/\\\/www.anovapeneira.gal\\\/wp-content\\\/uploads\\\/2019\\\/06\\\/logo_a_nova_peneira_portal_web.png\",\"contentUrl\":\"http:\\\/\\\/www.anovapeneira.gal\\\/wp-content\\\/uploads\\\/2019\\\/06\\\/logo_a_nova_peneira_portal_web.png\",\"width\":300,\"height\":100,\"caption\":\"A Nova Peneira\"},\"image\":{\"@id\":\"https:\\\/\\\/www.anovapeneira.gal\\\/#\\\/schema\\\/logo\\\/image\\\/\"},\"sameAs\":[\"https:\\\/\\\/www.facebook.com\\\/anovapeneira\",\"https:\\\/\\\/x.com\\\/APeneira\"]},{\"@type\":\"Person\",\"@id\":\"https:\\\/\\\/www.anovapeneira.gal\\\/#\\\/schema\\\/person\\\/b93e3f8932e3f8da96334607eb6ac6aa\",\"name\":\"Redacci\u00f3n A Nova Peneira\",\"image\":{\"@type\":\"ImageObject\",\"inLanguage\":\"gl-ES\",\"@id\":\"https:\\\/\\\/secure.gravatar.com\\\/avatar\\\/c052a2551a06e23fac63626232eaa90abd78dbcf1700fc46a2b2c89fd27b735f?s=96&d=mm&r=g\",\"url\":\"https:\\\/\\\/secure.gravatar.com\\\/avatar\\\/c052a2551a06e23fac63626232eaa90abd78dbcf1700fc46a2b2c89fd27b735f?s=96&d=mm&r=g\",\"contentUrl\":\"https:\\\/\\\/secure.gravatar.com\\\/avatar\\\/c052a2551a06e23fac63626232eaa90abd78dbcf1700fc46a2b2c89fd27b735f?s=96&d=mm&r=g\",\"caption\":\"Redacci\u00f3n A Nova Peneira\"},\"sameAs\":[\"http:\\\/\\\/www.anovapeneira.gal\\\/\"],\"url\":\"https:\\\/\\\/www.anovapeneira.gal\\\/index.php\\\/author\\\/redactor\\\/\"}]}<\/script>\n<!-- \/ Yoast SEO plugin. -->","yoast_head_json":{"title":"O Concello de Nigr\u00e1n mellora a rede de abastecemento na contorna do Seixo previo asfaltado desta r\u00faa e doutras catro de Panx\u00f3n -","robots":{"index":"index","follow":"follow","max-snippet":"max-snippet:-1","max-image-preview":"max-image-preview:large","max-video-preview":"max-video-preview:-1"},"canonical":"https:\/\/www.anovapeneira.gal\/index.php\/2019\/08\/27\/o-concello-de-nigran-mellora-a-rede-de-abastecemento-na-contorna-do-seixo-previo-asfaltado-desta-rua-e-doutras-catro-de-panxon\/","og_locale":"gl_ES","og_type":"article","og_title":"O Concello de Nigr\u00e1n mellora a rede de abastecemento na contorna do Seixo previo asfaltado desta r\u00faa e doutras catro de Panx\u00f3n -","og_description":"Ao longo de setembro o Concello investir\u00e1 nesta parroquia 54.000 \u20ac no pavimentado do Cami\u00f1o Lousas, Pastora, Redonda, Arribas Brancas e Lagoa-Seixo [...]","og_url":"https:\/\/www.anovapeneira.gal\/index.php\/2019\/08\/27\/o-concello-de-nigran-mellora-a-rede-de-abastecemento-na-contorna-do-seixo-previo-asfaltado-desta-rua-e-doutras-catro-de-panxon\/","article_publisher":"https:\/\/www.facebook.com\/anovapeneira","article_published_time":"2019-08-27T10:00:13+00:00","og_image":[{"width":720,"height":473,"url":"https:\/\/www.anovapeneira.gal\/wp-content\/uploads\/2019\/08\/nigran_a_nova_peneira-1.jpg","type":"image\/jpeg"}],"author":"Redacci\u00f3n A Nova Peneira","twitter_card":"summary_large_image","twitter_creator":"@APeneira","twitter_site":"@APeneira","twitter_misc":{"Escrito por":"Redacci\u00f3n A Nova Peneira","Tempo de lectura":"1 minuto"},"schema":{"@context":"https:\/\/schema.org","@graph":[{"@type":"Article","@id":"https:\/\/www.anovapeneira.gal\/index.php\/2019\/08\/27\/o-concello-de-nigran-mellora-a-rede-de-abastecemento-na-contorna-do-seixo-previo-asfaltado-desta-rua-e-doutras-catro-de-panxon\/#article","isPartOf":{"@id":"https:\/\/www.anovapeneira.gal\/index.php\/2019\/08\/27\/o-concello-de-nigran-mellora-a-rede-de-abastecemento-na-contorna-do-seixo-previo-asfaltado-desta-rua-e-doutras-catro-de-panxon\/"},"author":{"name":"Redacci\u00f3n A Nova Peneira","@id":"https:\/\/www.anovapeneira.gal\/#\/schema\/person\/b93e3f8932e3f8da96334607eb6ac6aa"},"headline":"O Concello de Nigr\u00e1n mellora a rede de abastecemento na contorna do Seixo previo asfaltado desta r\u00faa e doutras catro de Panx\u00f3n","datePublished":"2019-08-27T10:00:13+00:00","mainEntityOfPage":{"@id":"https:\/\/www.anovapeneira.gal\/index.php\/2019\/08\/27\/o-concello-de-nigran-mellora-a-rede-de-abastecemento-na-contorna-do-seixo-previo-asfaltado-desta-rua-e-doutras-catro-de-panxon\/"},"wordCount":310,"commentCount":0,"publisher":{"@id":"https:\/\/www.anovapeneira.gal\/#organization"},"image":{"@id":"https:\/\/www.anovapeneira.gal\/index.php\/2019\/08\/27\/o-concello-de-nigran-mellora-a-rede-de-abastecemento-na-contorna-do-seixo-previo-asfaltado-desta-rua-e-doutras-catro-de-panxon\/#primaryimage"},"thumbnailUrl":"https:\/\/www.anovapeneira.gal\/wp-content\/uploads\/2019\/08\/nigran_a_nova_peneira-1.jpg","keywords":["Concello de Nigr\u00e1n","Fomento","Panx\u00f3n","Seixo"],"articleSection":["Val Mi\u00f1or"],"inLanguage":"gl-ES","potentialAction":[{"@type":"CommentAction","name":"Comment","target":["https:\/\/www.anovapeneira.gal\/index.php\/2019\/08\/27\/o-concello-de-nigran-mellora-a-rede-de-abastecemento-na-contorna-do-seixo-previo-asfaltado-desta-rua-e-doutras-catro-de-panxon\/#respond"]}]},{"@type":"WebPage","@id":"https:\/\/www.anovapeneira.gal\/index.php\/2019\/08\/27\/o-concello-de-nigran-mellora-a-rede-de-abastecemento-na-contorna-do-seixo-previo-asfaltado-desta-rua-e-doutras-catro-de-panxon\/","url":"https:\/\/www.anovapeneira.gal\/index.php\/2019\/08\/27\/o-concello-de-nigran-mellora-a-rede-de-abastecemento-na-contorna-do-seixo-previo-asfaltado-desta-rua-e-doutras-catro-de-panxon\/","name":"O Concello de Nigr\u00e1n mellora a rede de abastecemento na contorna do Seixo previo asfaltado desta r\u00faa e doutras catro de Panx\u00f3n -","isPartOf":{"@id":"https:\/\/www.anovapeneira.gal\/#website"},"primaryImageOfPage":{"@id":"https:\/\/www.anovapeneira.gal\/index.php\/2019\/08\/27\/o-concello-de-nigran-mellora-a-rede-de-abastecemento-na-contorna-do-seixo-previo-asfaltado-desta-rua-e-doutras-catro-de-panxon\/#primaryimage"},"image":{"@id":"https:\/\/www.anovapeneira.gal\/index.php\/2019\/08\/27\/o-concello-de-nigran-mellora-a-rede-de-abastecemento-na-contorna-do-seixo-previo-asfaltado-desta-rua-e-doutras-catro-de-panxon\/#primaryimage"},"thumbnailUrl":"https:\/\/www.anovapeneira.gal\/wp-content\/uploads\/2019\/08\/nigran_a_nova_peneira-1.jpg","datePublished":"2019-08-27T10:00:13+00:00","breadcrumb":{"@id":"https:\/\/www.anovapeneira.gal\/index.php\/2019\/08\/27\/o-concello-de-nigran-mellora-a-rede-de-abastecemento-na-contorna-do-seixo-previo-asfaltado-desta-rua-e-doutras-catro-de-panxon\/#breadcrumb"},"inLanguage":"gl-ES","potentialAction":[{"@type":"ReadAction","target":["https:\/\/www.anovapeneira.gal\/index.php\/2019\/08\/27\/o-concello-de-nigran-mellora-a-rede-de-abastecemento-na-contorna-do-seixo-previo-asfaltado-desta-rua-e-doutras-catro-de-panxon\/"]}]},{"@type":"ImageObject","inLanguage":"gl-ES","@id":"https:\/\/www.anovapeneira.gal\/index.php\/2019\/08\/27\/o-concello-de-nigran-mellora-a-rede-de-abastecemento-na-contorna-do-seixo-previo-asfaltado-desta-rua-e-doutras-catro-de-panxon\/#primaryimage","url":"https:\/\/www.anovapeneira.gal\/wp-content\/uploads\/2019\/08\/nigran_a_nova_peneira-1.jpg","contentUrl":"https:\/\/www.anovapeneira.gal\/wp-content\/uploads\/2019\/08\/nigran_a_nova_peneira-1.jpg","width":720,"height":473,"caption":"Nova concello de Nigr\u00e1n A Nova Peneira"},{"@type":"BreadcrumbList","@id":"https:\/\/www.anovapeneira.gal\/index.php\/2019\/08\/27\/o-concello-de-nigran-mellora-a-rede-de-abastecemento-na-contorna-do-seixo-previo-asfaltado-desta-rua-e-doutras-catro-de-panxon\/#breadcrumb","itemListElement":[{"@type":"ListItem","position":1,"name":"Portada","item":"https:\/\/www.anovapeneira.gal\/"},{"@type":"ListItem","position":2,"name":"O Concello de Nigr\u00e1n mellora a rede de abastecemento na contorna do Seixo previo asfaltado desta r\u00faa e doutras catro de Panx\u00f3n"}]},{"@type":"WebSite","@id":"https:\/\/www.anovapeneira.gal\/#website","url":"https:\/\/www.anovapeneira.gal\/","name":"","description":"Xornal galego de informaci\u00f3n xeral Publicaci\u00f3n mensual de novas de Galicia e en especial dos Concellos da sur da provincia de Pontevedra.","publisher":{"@id":"https:\/\/www.anovapeneira.gal\/#organization"},"potentialAction":[{"@type":"SearchAction","target":{"@type":"EntryPoint","urlTemplate":"https:\/\/www.anovapeneira.gal\/?s={search_term_string}"},"query-input":{"@type":"PropertyValueSpecification","valueRequired":true,"valueName":"search_term_string"}}],"inLanguage":"gl-ES"},{"@type":"Organization","@id":"https:\/\/www.anovapeneira.gal\/#organization","name":"A Nova Peneira","url":"https:\/\/www.anovapeneira.gal\/","logo":{"@type":"ImageObject","inLanguage":"gl-ES","@id":"https:\/\/www.anovapeneira.gal\/#\/schema\/logo\/image\/","url":"http:\/\/www.anovapeneira.gal\/wp-content\/uploads\/2019\/06\/logo_a_nova_peneira_portal_web.png","contentUrl":"http:\/\/www.anovapeneira.gal\/wp-content\/uploads\/2019\/06\/logo_a_nova_peneira_portal_web.png","width":300,"height":100,"caption":"A Nova Peneira"},"image":{"@id":"https:\/\/www.anovapeneira.gal\/#\/schema\/logo\/image\/"},"sameAs":["https:\/\/www.facebook.com\/anovapeneira","https:\/\/x.com\/APeneira"]},{"@type":"Person","@id":"https:\/\/www.anovapeneira.gal\/#\/schema\/person\/b93e3f8932e3f8da96334607eb6ac6aa","name":"Redacci\u00f3n A Nova Peneira","image":{"@type":"ImageObject","inLanguage":"gl-ES","@id":"https:\/\/secure.gravatar.com\/avatar\/c052a2551a06e23fac63626232eaa90abd78dbcf1700fc46a2b2c89fd27b735f?s=96&d=mm&r=g","url":"https:\/\/secure.gravatar.com\/avatar\/c052a2551a06e23fac63626232eaa90abd78dbcf1700fc46a2b2c89fd27b735f?s=96&d=mm&r=g","contentUrl":"https:\/\/secure.gravatar.com\/avatar\/c052a2551a06e23fac63626232eaa90abd78dbcf1700fc46a2b2c89fd27b735f?s=96&d=mm&r=g","caption":"Redacci\u00f3n A Nova Peneira"},"sameAs":["http:\/\/www.anovapeneira.gal\/"],"url":"https:\/\/www.anovapeneira.gal\/index.php\/author\/redactor\/"}]}},"jetpack_featured_media_url":"https:\/\/www.anovapeneira.gal\/wp-content\/uploads\/2019\/08\/nigran_a_nova_peneira-1.jpg","_links":{"self":[{"href":"https:\/\/www.anovapeneira.gal\/index.php\/wp-json\/wp\/v2\/posts\/1076","targetHints":{"allow":["GET"]}}],"collection":[{"href":"https:\/\/www.anovapeneira.gal\/index.php\/wp-json\/wp\/v2\/posts"}],"about":[{"href":"https:\/\/www.anovapeneira.gal\/index.php\/wp-json\/wp\/v2\/types\/post"}],"author":[{"embeddable":true,"href":"https:\/\/www.anovapeneira.gal\/index.php\/wp-json\/wp\/v2\/users\/3"}],"replies":[{"embeddable":true,"href":"https:\/\/www.anovapeneira.gal\/index.php\/wp-json\/wp\/v2\/comments?post=1076"}],"version-history":[{"count":1,"href":"https:\/\/www.anovapeneira.gal\/index.php\/wp-json\/wp\/v2\/posts\/1076\/revisions"}],"predecessor-version":[{"id":1077,"href":"https:\/\/www.anovapeneira.gal\/index.php\/wp-json\/wp\/v2\/posts\/1076\/revisions\/1077"}],"wp:featuredmedia":[{"embeddable":true,"href":"https:\/\/www.anovapeneira.gal\/index.php\/wp-json\/wp\/v2\/media\/1061"}],"wp:attachment":[{"href":"https:\/\/www.anovapeneira.gal\/index.php\/wp-json\/wp\/v2\/media?parent=1076"}],"wp:term":[{"taxonomy":"category","embeddable":true,"href":"https:\/\/www.anovapeneira.gal\/index.php\/wp-json\/wp\/v2\/categories?post=1076"},{"taxonomy":"post_tag","embeddable":true,"href":"https:\/\/www.anovapeneira.gal\/index.php\/wp-json\/wp\/v2\/tags?post=1076"}],"curies":[{"name":"wp","href":"https:\/\/api.w.org\/{rel}","templated":true}]}}