{"id":10760,"date":"2023-11-17T12:00:31","date_gmt":"2023-11-17T11:00:31","guid":{"rendered":"https:\/\/www.anovapeneira.gal\/?p=10760"},"modified":"2023-11-15T11:41:14","modified_gmt":"2023-11-15T10:41:14","slug":"luis-fernandez-presidente-e-coordinador-da-asociacion-mesa-de-memoria-historica-do-distrito-de-latina","status":"publish","type":"post","link":"https:\/\/www.anovapeneira.gal\/index.php\/2023\/11\/17\/luis-fernandez-presidente-e-coordinador-da-asociacion-mesa-de-memoria-historica-do-distrito-de-latina\/","title":{"rendered":"Luis Fern\u00e1ndez, presidente e coordinador da Asociaci\u00f3n \u00abMesa de Memoria Hist\u00f3rica do Distrito de Latina\u00bb"},"content":{"rendered":"\n<p>\u201c <strong>Se\u00f1ora aqu\u00ed no asesinamos a nadie, aqu\u00ed ejecutamos a <\/strong><em><strong>rojos<\/strong><\/em><strong>\u201d<\/strong><\/p>\n\n\n\n<p><strong>A monstruosidade de titular que encabeza este traballo foron as palabras literais que recibiu a t\u00eda de Lu\u00eds, o protagonista desta entrevista, cando foi reclamar o corpo de \u201c Luis el sastre\u201d, o av\u00f3 do noso entrevistado, e primeiro alcalde republicano de Fuenlabrada asasinado polo fascismo o nove de agosto de 1945.O seu neto, tam\u00e9n Luis, escribiu a historia do seu av\u00f3 no libro titulado \u201c Los tres agostos de Luis el sastre\u201d( o agosto no que naceu, o agosto no que casou e o agosto no que o asasinaron) , obra que recentemente presentou en Redondela .E n\u00f3s conversamos con el.<\/strong><\/p>\n\n\n\n<p><strong>Luis, de onde es?<\/strong><\/p>\n\n\n\n<blockquote class=\"wp-block-quote is-layout-flow wp-block-quote-is-layout-flow\">\n<p>Eu son de Madrid, do barrio de Lavap\u00e9s e cr\u00edeme na panader\u00eda que rexentaba o meu pai.<\/p>\n<\/blockquote>\n\n\n\n<p><strong>Que opinas de que Ayuso ga\u00f1ase nos barrios obreiros de Madrid?<\/strong><\/p>\n\n\n\n<blockquote class=\"wp-block-quote is-layout-flow wp-block-quote-is-layout-flow\">\n<p>Creo que algo debemos de estar a facer mal na esquerda para que unha persoa como Ayuso, que baixo o seu mandato morreron m\u00e1is de 8000 anci\u00e1ns nas residencias por COVID, saque maior\u00eda absoluta na Comunidade de Madrid e, en Madrid capital, Almeida sacou maior\u00eda absoluta en practicamente todos os barrios. A nosa mensaxe non chega e non \u00e9 l\u00f3xico que estas persoas que s\u00f3 queren beneficio para os seus saquen estes resultados. Est\u00e1n a facer Leis tributarias en Madrid para que os ricos paguen menos e os pobres paguen m\u00e1is. A Madrid non a entendo.<\/p>\n<\/blockquote>\n\n\n\n<p><strong>C\u00f3ntanos que fas por Redondela.<\/strong><\/p>\n\n\n\n<blockquote class=\"wp-block-quote is-layout-flow wp-block-quote-is-layout-flow\">\n<p>Estou aqu\u00ed pola presentaci\u00f3n do meu libro <em>\u201cLos tres agostos de Luis el sastre\u201d<\/em> que se fixo este mes de novembro na Casa de Cultura de Redondela.<\/p>\n<\/blockquote>\n\n\n\n<p><strong>Es unha persoa involucrada na memoria hist\u00f3rica, que che parece o que fixo Almeida en Madrid cos nomes das Trece Rosas e as 2936 persoas asasinadas que houbo en Madrid entre os anos 1939 e 1944?<\/strong><\/p>\n\n\n\n<blockquote class=\"wp-block-quote is-layout-flow wp-block-quote-is-layout-flow\">\n<p>Son portavoz da plataforma en defensa do Memorial das 2936 persoas asasinadas na capital no cemiterio do este.<\/p>\n<\/blockquote>\n\n\n\n<blockquote class=\"wp-block-quote is-layout-flow wp-block-quote-is-layout-flow\">\n<p>Para n\u00f3s isto foi unha animalada, unha aberraci\u00f3n, coma se volvesen fusilar a todas estas persoas de novo, inclu\u00eddo o meu av\u00f3. Entre estas persoas estaban as 13 rosas e os 33 caraveis, 80 destas persoas asasinadas eran mulleres. O 8 de marzo, d\u00eda da Muller, fac\u00e9moslle unha homenaxe a todas estas mulleres asasinadas. O que pasa en Madrid \u00e9 unha anomal\u00eda fascista. Eles son os que nos rachan e os que nos fan dano. Mol\u00e9stalles que estean os nomes destas 2936 persoas asasinadas por eles despois da guerra.<\/p>\n<\/blockquote>\n\n\n\n<p><strong>Cal \u00e9 o motivo de asasinar a estas persoas despois de que acabe o conflito b\u00e9lico?<\/strong><\/p>\n\n\n\n<blockquote class=\"wp-block-quote is-layout-flow wp-block-quote-is-layout-flow\">\n<p>O motivo \u00e9 o odio. Estiveron a asasinar xente ata o ano 83. Para min acabou a transici\u00f3n coa morte do Nani nese ano. Este era un ladr\u00f3n que se dedicaba a atracar xoier\u00edas e supostamente a polic\u00eda estaba compinchada con el. Parece ser que nun atraco o Nani quedou co ouro, non deu o diezmo correspondente \u00e1 polic\u00eda e presuntamente fix\u00e9rono desaparecer. No per\u00edodo do 1 de xaneiro do 76 ata o 31 de decembro do 83 hai 318 persoas asasinadas a mans das forzas da orde de corpos e seguridade do estado e de bandas fascistas como Guerrilleiros de Cristo Rey, Batall\u00f3n Vasco Espa\u00f1ol, os Gal etc.<\/p>\n<\/blockquote>\n\n\n\n<p><strong>Por que crees que se falou moito m\u00e1is do terrorismo de ETA que do terrorismo da extrema dereita?<\/strong><\/p>\n\n\n\n<blockquote class=\"wp-block-quote is-layout-flow wp-block-quote-is-layout-flow\">\n<p>Porque lle interesa ao r\u00e9xime do 78. S\u00f3 existen unhas v\u00edtimas, as de ETA, as do franquismo son v\u00edtimas de segunda ou de terceira e as da transici\u00f3n de cuarta ou de quinta.<\/p>\n<\/blockquote>\n\n\n\n<blockquote class=\"wp-block-quote is-layout-flow wp-block-quote-is-layout-flow\">\n<p>Para min non houbo unha transici\u00f3n, houbo unha translaci\u00f3n. O Tribunal de Orde P\u00fablica terminou sendo a Audiencia Nacional con s\u00f3 6 cambios nos seus constitu\u00edntes ou a polic\u00eda que, o 31 de decembro do 75 era fascista e o 1 de xaneiro do 76 era dem\u00f3crata, pero estes eran os mesmos e Bili o Neno segu\u00eda no seu posto. O \u00fanico que fixo a polic\u00eda foi cambiar o uniforme que pasou da cor gris ao marr\u00f3n, por iso o nome de \u201cos madeiros\u201d, antes eran \u201cos grises\u201d e segu\u00edan repartindo ostias como pans.<\/p>\n<\/blockquote>\n\n\n\n<p><strong>Antes de ir co teu libro, que fixeches no colexio de curas, que che pasou?<\/strong><\/p>\n\n\n\n<blockquote class=\"wp-block-quote is-layout-flow wp-block-quote-is-layout-flow\">\n<p>Os meus pais quix\u00e9ronme dar a mellor educaci\u00f3n e para iso consideraron que o mellor para min era o Colexio de curas, Os Escolapios. Entrei nel no ano 63-64.<\/p>\n<\/blockquote>\n\n\n\n<p><strong>En que ano te expulsan e por que?<\/strong><\/p>\n\n\n\n<blockquote class=\"wp-block-quote is-layout-flow wp-block-quote-is-layout-flow\">\n<p>No ano 73. Al\u00ed d\u00e9ronme unha educaci\u00f3n perfecta, ensin\u00e1ronme a ser ateo. En relixi\u00f3n ti\u00f1amos que ler a Biblia e cando iamos facer a comu\u00f1\u00f3n aprendernos o catecismo. Cando acabou unha destas clases, d\u00edxenlle ao cura-profesor que, para min, polo que acabamos de ler nese libro, Deus era o maior asasino da Igrexa. O cura entrou en p\u00e1nico, empezou a gritarme herexe, blasfemo, vas ser expulsado de la Igrexa, van excomungarte&#8230; expuls\u00e1ronme de clase e chamaron aos meus pais. Como consecuencia da mi\u00f1a pregunta deix\u00e1ronme terminar o curso escolar e ao ano seguinte expuls\u00e1ronme do colexio.<\/p>\n<\/blockquote>\n\n\n\n<p><strong>F\u00e1lame un pouco de que fai a asociaci\u00f3n \u201cMesa da memoria hist\u00f3rica do distrito da Latina\u201d.<\/strong><\/p>\n\n\n\n<blockquote class=\"wp-block-quote is-layout-flow wp-block-quote-is-layout-flow\">\n<p>A asociaci\u00f3n nace a trav\u00e9s dos foros locais que creou Manuela Carmena en Madrid. Na nosa biblioteca \u00c1ngel Gonz\u00e1lez facemos presentaci\u00f3ns de libros, como os que facemos de memoria hist\u00f3rica ou de cultura xeral, levamos unhas 35 presentaci\u00f3ns, facemos un cinema f\u00f3rum ao trimestre, imos \u00e1s feiras dos barrios do distrito e po\u00f1emos mesas de informaci\u00f3n e este ano imos por primeira vez \u00e1 festa do PC.<\/p>\n<\/blockquote>\n\n\n\n<blockquote class=\"wp-block-quote is-layout-flow wp-block-quote-is-layout-flow\">\n<p>Desde que Almeida chegou \u00e1 alcald\u00eda, desapareceron todos estes foros locais. N\u00f3s sobrevivimos porque nos convertemos en asociaci\u00f3n cultural antes de que comezase o seu mandato.<\/p>\n<\/blockquote>\n\n\n\n<p><strong>F\u00e1lame de Luis Fern\u00e1ndez Augado, o teu av\u00f3, m\u00e1is co\u00f1ecido como Luis o Xastre.<\/strong><\/p>\n\n\n\n<blockquote class=\"wp-block-quote is-layout-flow wp-block-quote-is-layout-flow\">\n<p>\u00c9 o meu av\u00f3 paterno, para min \u00e9 un referente, polo que me met\u00edn na pol\u00edtica. O primeiro alcalde republicano de Fuenlabrada, alcalde electo en abril de 1931. A s\u00faa primeira medida foi pedir as contas do concello para ver con que partida contaba, fixo unha lista de paro do veci\u00f1os para poder darlles traballo no mantemento do pobo, coa lei de educaci\u00f3n da segunda Rep\u00fablica solicitou di\u00f1eiro para facer dous colexios. Para min foi un pioneiro coas s\u00faas medidas, un \u00eddolo, eu namoreime e amo ao meu av\u00f3 con tolemia, sen co\u00f1ecelo. De todo isto falo no libro.<\/p>\n<\/blockquote>\n\n\n\n<p><strong>Cando empezas a Interesarte pola historia do teu av\u00f3 e cando decides escribir este libro que xa vai pola s\u00faa cuarta edici\u00f3n?<\/strong><\/p>\n\n\n\n<blockquote class=\"wp-block-quote is-layout-flow wp-block-quote-is-layout-flow\">\n<p>A culpable foi unha prima mi\u00f1a, a prima Pili, \u00e1 que quero moito. Eu a informaci\u00f3n que ti\u00f1a era que morrera na guerra, pero grazas \u00e1 mi\u00f1a prima que o espetou nunha comida familiar (ela era unha nena pequena), souben que morreu fusilado.<\/p>\n<\/blockquote>\n\n\n\n<p><strong>Cantos a\u00f1os ti\u00f1a o teu pai cando asasina ao seu, o teu av\u00f3.?<\/strong><\/p>\n\n\n\n<blockquote class=\"wp-block-quote is-layout-flow wp-block-quote-is-layout-flow\">\n<p>Ti\u00f1a 11 anos. Foi el o que foi ao cemiterio a reco\u00f1ecer o seu cad\u00e1ver. Logo, como era un neno , tivo que ir unha t\u00eda. Ela ao entrar d\u00edxolle ao polic\u00eda: \u201c Ve\u00f1o ao reco\u00f1ecer un cad\u00e1ver dunha persoa que asasinaron esta ma\u00f1\u00e1\u201d E non podes imaxinar o que lle contestou o polic\u00eda<\/p>\n<\/blockquote>\n\n\n\n<p><strong>Que?<\/strong><\/p>\n\n\n\n<blockquote class=\"wp-block-quote is-layout-flow wp-block-quote-is-layout-flow\">\n<p>\u201cSe\u00f1ora aqu\u00ed non asasinamos a ningu\u00e9n, aqu\u00ed executamos a <em>rojos<\/em>\u201d.Era o ano 1940, xa non hab\u00eda guerra. O franquismo seguiu fusilando ata o ano 1975.<\/p>\n<\/blockquote>\n\n\n\n<p><strong>A historia do teu av\u00f3 \u00e9 a historia dun heroe<\/strong><\/p>\n\n\n\n<blockquote class=\"wp-block-quote is-layout-flow wp-block-quote-is-layout-flow\">\n<p>A min emoci\u00f3name falar do meu av\u00f3. Eu non o co\u00f1ec\u00edn pero qu\u00e9roo con toda a intensidade da que son capaz de querer. El foi elixido alcalde no 31 , logo ocupou distintas conceller\u00edas e na guerra, e pouco antes de que entraran as bestas asasinas fascistas, logrou salvar a cerca de 60 nenos.<\/p>\n<\/blockquote>\n\n\n\n<p><strong>Por que sabes iso?<\/strong><\/p>\n\n\n\n<blockquote class=\"wp-block-quote is-layout-flow wp-block-quote-is-layout-flow\">\n<p>Pois porque puiden co\u00f1ecer e falar con tres persoas que formaban parte do grupo de nenos que salvou o meu av\u00f3.<\/p>\n<\/blockquote>\n\n\n\n<p><strong>O teu av\u00f3 nunca pensou en fuxir?<\/strong><\/p>\n\n\n\n<blockquote class=\"wp-block-quote is-layout-flow wp-block-quote-is-layout-flow\">\n<p>Non, el era un home honrado que nunca fixera nada malo.<\/p>\n<\/blockquote>\n\n\n\n<p><strong>Que sentiches cando recibiches os primeiros libros coa historia do teu av\u00f3?<\/strong><\/p>\n\n\n\n<blockquote class=\"wp-block-quote is-layout-flow wp-block-quote-is-layout-flow\">\n<p>Un oc\u00e9ano de emoci\u00f3ns incontrolables. Era po\u00f1er o nome do meu av\u00f3 na historia. Hoxe a\u00ednda na web do noso concello, Fuenlabrada, non figuran os nomes dos alcaldes republicanos. Unha anomal\u00eda democr\u00e1tica intolerable.<\/p>\n<\/blockquote>\n","protected":false},"excerpt":{"rendered":"<div class=\"mh-excerpt\"><p>\u201c Se\u00f1ora aqu\u00ed no asesinamos a nadie, aqu\u00ed ejecutamos a rojos\u201d <a class=\"mh-excerpt-more\" href=\"https:\/\/www.anovapeneira.gal\/index.php\/2023\/11\/17\/luis-fernandez-presidente-e-coordinador-da-asociacion-mesa-de-memoria-historica-do-distrito-de-latina\/\" title=\"Luis Fern\u00e1ndez, presidente e coordinador da Asociaci\u00f3n \u00abMesa de Memoria Hist\u00f3rica do Distrito de Latina\u00bb\">[&#8230;]<\/a><\/p>\n<\/div>","protected":false},"author":6,"featured_media":10761,"comment_status":"open","ping_status":"open","sticky":false,"template":"","format":"standard","meta":{"_exactmetrics_skip_tracking":false,"_exactmetrics_sitenote_active":false,"_exactmetrics_sitenote_note":"","_exactmetrics_sitenote_category":0,"footnotes":""},"categories":[270],"tags":[171],"class_list":{"0":"post-10760","1":"post","2":"type-post","3":"status-publish","4":"format-standard","5":"has-post-thumbnail","7":"category-redondela-entrevistas","8":"tag-concello-de-redondela"},"yoast_head":"<!-- This site is optimized with the Yoast SEO plugin v27.4 - https:\/\/yoast.com\/product\/yoast-seo-wordpress\/ -->\n<title>Luis Fern\u00e1ndez, presidente e coordinador da Asociaci\u00f3n \u00abMesa de Memoria Hist\u00f3rica do Distrito de Latina\u00bb -<\/title>\n<meta name=\"description\" content=\"\u201c Se\u00f1ora aqu\u00ed no asesinamos a nadie, aqu\u00ed ejecutamos a rojos\u201d\" \/>\n<meta name=\"robots\" content=\"index, follow, max-snippet:-1, max-image-preview:large, max-video-preview:-1\" \/>\n<link rel=\"canonical\" href=\"https:\/\/www.anovapeneira.gal\/index.php\/2023\/11\/17\/luis-fernandez-presidente-e-coordinador-da-asociacion-mesa-de-memoria-historica-do-distrito-de-latina\/\" \/>\n<meta property=\"og:locale\" content=\"gl_ES\" \/>\n<meta property=\"og:type\" content=\"article\" \/>\n<meta property=\"og:title\" content=\"Luis Fern\u00e1ndez, presidente e coordinador da Asociaci\u00f3n \u00abMesa de Memoria Hist\u00f3rica do Distrito de Latina\u00bb -\" \/>\n<meta property=\"og:description\" content=\"\u201c Se\u00f1ora aqu\u00ed no asesinamos a nadie, aqu\u00ed ejecutamos a rojos\u201d\" \/>\n<meta property=\"og:url\" content=\"https:\/\/www.anovapeneira.gal\/index.php\/2023\/11\/17\/luis-fernandez-presidente-e-coordinador-da-asociacion-mesa-de-memoria-historica-do-distrito-de-latina\/\" \/>\n<meta property=\"article:publisher\" content=\"https:\/\/www.facebook.com\/anovapeneira\" \/>\n<meta property=\"article:published_time\" content=\"2023-11-17T11:00:31+00:00\" \/>\n<meta property=\"og:image\" content=\"https:\/\/www.anovapeneira.gal\/wp-content\/uploads\/2023\/11\/luis_fernandez.png\" \/>\n\t<meta property=\"og:image:width\" content=\"720\" \/>\n\t<meta property=\"og:image:height\" content=\"432\" \/>\n\t<meta property=\"og:image:type\" content=\"image\/png\" \/>\n<meta name=\"author\" content=\"Marcos Santos\" \/>\n<meta name=\"twitter:card\" content=\"summary_large_image\" \/>\n<meta name=\"twitter:creator\" content=\"@APeneira\" \/>\n<meta name=\"twitter:site\" content=\"@APeneira\" \/>\n<meta name=\"twitter:label1\" content=\"Escrito por\" \/>\n\t<meta name=\"twitter:data1\" content=\"Marcos Santos\" \/>\n\t<meta name=\"twitter:label2\" content=\"Tempo de lectura\" \/>\n\t<meta name=\"twitter:data2\" content=\"2 minutos\" \/>\n<script type=\"application\/ld+json\" class=\"yoast-schema-graph\">{\"@context\":\"https:\\\/\\\/schema.org\",\"@graph\":[{\"@type\":\"Article\",\"@id\":\"https:\\\/\\\/www.anovapeneira.gal\\\/index.php\\\/2023\\\/11\\\/17\\\/luis-fernandez-presidente-e-coordinador-da-asociacion-mesa-de-memoria-historica-do-distrito-de-latina\\\/#article\",\"isPartOf\":{\"@id\":\"https:\\\/\\\/www.anovapeneira.gal\\\/index.php\\\/2023\\\/11\\\/17\\\/luis-fernandez-presidente-e-coordinador-da-asociacion-mesa-de-memoria-historica-do-distrito-de-latina\\\/\"},\"author\":{\"name\":\"Marcos Santos\",\"@id\":\"https:\\\/\\\/www.anovapeneira.gal\\\/#\\\/schema\\\/person\\\/d9d84823564720e7593293bab054e52d\"},\"headline\":\"Luis Fern\u00e1ndez, presidente e coordinador da Asociaci\u00f3n \u00abMesa de Memoria Hist\u00f3rica do Distrito de Latina\u00bb\",\"datePublished\":\"2023-11-17T11:00:31+00:00\",\"mainEntityOfPage\":{\"@id\":\"https:\\\/\\\/www.anovapeneira.gal\\\/index.php\\\/2023\\\/11\\\/17\\\/luis-fernandez-presidente-e-coordinador-da-asociacion-mesa-de-memoria-historica-do-distrito-de-latina\\\/\"},\"wordCount\":1462,\"commentCount\":0,\"publisher\":{\"@id\":\"https:\\\/\\\/www.anovapeneira.gal\\\/#organization\"},\"image\":{\"@id\":\"https:\\\/\\\/www.anovapeneira.gal\\\/index.php\\\/2023\\\/11\\\/17\\\/luis-fernandez-presidente-e-coordinador-da-asociacion-mesa-de-memoria-historica-do-distrito-de-latina\\\/#primaryimage\"},\"thumbnailUrl\":\"https:\\\/\\\/www.anovapeneira.gal\\\/wp-content\\\/uploads\\\/2023\\\/11\\\/luis_fernandez.png\",\"keywords\":[\"Concello de Redondela\"],\"articleSection\":[\"Redondela\"],\"inLanguage\":\"gl-ES\",\"potentialAction\":[{\"@type\":\"CommentAction\",\"name\":\"Comment\",\"target\":[\"https:\\\/\\\/www.anovapeneira.gal\\\/index.php\\\/2023\\\/11\\\/17\\\/luis-fernandez-presidente-e-coordinador-da-asociacion-mesa-de-memoria-historica-do-distrito-de-latina\\\/#respond\"]}]},{\"@type\":\"WebPage\",\"@id\":\"https:\\\/\\\/www.anovapeneira.gal\\\/index.php\\\/2023\\\/11\\\/17\\\/luis-fernandez-presidente-e-coordinador-da-asociacion-mesa-de-memoria-historica-do-distrito-de-latina\\\/\",\"url\":\"https:\\\/\\\/www.anovapeneira.gal\\\/index.php\\\/2023\\\/11\\\/17\\\/luis-fernandez-presidente-e-coordinador-da-asociacion-mesa-de-memoria-historica-do-distrito-de-latina\\\/\",\"name\":\"Luis Fern\u00e1ndez, presidente e coordinador da Asociaci\u00f3n \u00abMesa de Memoria Hist\u00f3rica do Distrito de Latina\u00bb -\",\"isPartOf\":{\"@id\":\"https:\\\/\\\/www.anovapeneira.gal\\\/#website\"},\"primaryImageOfPage\":{\"@id\":\"https:\\\/\\\/www.anovapeneira.gal\\\/index.php\\\/2023\\\/11\\\/17\\\/luis-fernandez-presidente-e-coordinador-da-asociacion-mesa-de-memoria-historica-do-distrito-de-latina\\\/#primaryimage\"},\"image\":{\"@id\":\"https:\\\/\\\/www.anovapeneira.gal\\\/index.php\\\/2023\\\/11\\\/17\\\/luis-fernandez-presidente-e-coordinador-da-asociacion-mesa-de-memoria-historica-do-distrito-de-latina\\\/#primaryimage\"},\"thumbnailUrl\":\"https:\\\/\\\/www.anovapeneira.gal\\\/wp-content\\\/uploads\\\/2023\\\/11\\\/luis_fernandez.png\",\"datePublished\":\"2023-11-17T11:00:31+00:00\",\"description\":\"\u201c Se\u00f1ora aqu\u00ed no asesinamos a nadie, aqu\u00ed ejecutamos a rojos\u201d\",\"breadcrumb\":{\"@id\":\"https:\\\/\\\/www.anovapeneira.gal\\\/index.php\\\/2023\\\/11\\\/17\\\/luis-fernandez-presidente-e-coordinador-da-asociacion-mesa-de-memoria-historica-do-distrito-de-latina\\\/#breadcrumb\"},\"inLanguage\":\"gl-ES\",\"potentialAction\":[{\"@type\":\"ReadAction\",\"target\":[\"https:\\\/\\\/www.anovapeneira.gal\\\/index.php\\\/2023\\\/11\\\/17\\\/luis-fernandez-presidente-e-coordinador-da-asociacion-mesa-de-memoria-historica-do-distrito-de-latina\\\/\"]}]},{\"@type\":\"ImageObject\",\"inLanguage\":\"gl-ES\",\"@id\":\"https:\\\/\\\/www.anovapeneira.gal\\\/index.php\\\/2023\\\/11\\\/17\\\/luis-fernandez-presidente-e-coordinador-da-asociacion-mesa-de-memoria-historica-do-distrito-de-latina\\\/#primaryimage\",\"url\":\"https:\\\/\\\/www.anovapeneira.gal\\\/wp-content\\\/uploads\\\/2023\\\/11\\\/luis_fernandez.png\",\"contentUrl\":\"https:\\\/\\\/www.anovapeneira.gal\\\/wp-content\\\/uploads\\\/2023\\\/11\\\/luis_fernandez.png\",\"width\":720,\"height\":432,\"caption\":\"Luis Fern\u00e1ndez, presidente e coordinador da Asociaci\u00f3n\"},{\"@type\":\"BreadcrumbList\",\"@id\":\"https:\\\/\\\/www.anovapeneira.gal\\\/index.php\\\/2023\\\/11\\\/17\\\/luis-fernandez-presidente-e-coordinador-da-asociacion-mesa-de-memoria-historica-do-distrito-de-latina\\\/#breadcrumb\",\"itemListElement\":[{\"@type\":\"ListItem\",\"position\":1,\"name\":\"Portada\",\"item\":\"https:\\\/\\\/www.anovapeneira.gal\\\/\"},{\"@type\":\"ListItem\",\"position\":2,\"name\":\"Luis Fern\u00e1ndez, presidente e coordinador da Asociaci\u00f3n \u00abMesa de Memoria Hist\u00f3rica do Distrito de Latina\u00bb\"}]},{\"@type\":\"WebSite\",\"@id\":\"https:\\\/\\\/www.anovapeneira.gal\\\/#website\",\"url\":\"https:\\\/\\\/www.anovapeneira.gal\\\/\",\"name\":\"\",\"description\":\"Xornal galego de informaci\u00f3n xeral Publicaci\u00f3n mensual de novas de Galicia e en especial dos Concellos da sur da provincia de Pontevedra.\",\"publisher\":{\"@id\":\"https:\\\/\\\/www.anovapeneira.gal\\\/#organization\"},\"potentialAction\":[{\"@type\":\"SearchAction\",\"target\":{\"@type\":\"EntryPoint\",\"urlTemplate\":\"https:\\\/\\\/www.anovapeneira.gal\\\/?s={search_term_string}\"},\"query-input\":{\"@type\":\"PropertyValueSpecification\",\"valueRequired\":true,\"valueName\":\"search_term_string\"}}],\"inLanguage\":\"gl-ES\"},{\"@type\":\"Organization\",\"@id\":\"https:\\\/\\\/www.anovapeneira.gal\\\/#organization\",\"name\":\"A Nova Peneira\",\"url\":\"https:\\\/\\\/www.anovapeneira.gal\\\/\",\"logo\":{\"@type\":\"ImageObject\",\"inLanguage\":\"gl-ES\",\"@id\":\"https:\\\/\\\/www.anovapeneira.gal\\\/#\\\/schema\\\/logo\\\/image\\\/\",\"url\":\"http:\\\/\\\/www.anovapeneira.gal\\\/wp-content\\\/uploads\\\/2019\\\/06\\\/logo_a_nova_peneira_portal_web.png\",\"contentUrl\":\"http:\\\/\\\/www.anovapeneira.gal\\\/wp-content\\\/uploads\\\/2019\\\/06\\\/logo_a_nova_peneira_portal_web.png\",\"width\":300,\"height\":100,\"caption\":\"A Nova Peneira\"},\"image\":{\"@id\":\"https:\\\/\\\/www.anovapeneira.gal\\\/#\\\/schema\\\/logo\\\/image\\\/\"},\"sameAs\":[\"https:\\\/\\\/www.facebook.com\\\/anovapeneira\",\"https:\\\/\\\/x.com\\\/APeneira\"]},{\"@type\":\"Person\",\"@id\":\"https:\\\/\\\/www.anovapeneira.gal\\\/#\\\/schema\\\/person\\\/d9d84823564720e7593293bab054e52d\",\"name\":\"Marcos Santos\",\"image\":{\"@type\":\"ImageObject\",\"inLanguage\":\"gl-ES\",\"@id\":\"https:\\\/\\\/secure.gravatar.com\\\/avatar\\\/0e8017099a7a47c0a9d2275e865fe326484561eb3d70649069e4b8e61a8d2e8c?s=96&d=mm&r=g\",\"url\":\"https:\\\/\\\/secure.gravatar.com\\\/avatar\\\/0e8017099a7a47c0a9d2275e865fe326484561eb3d70649069e4b8e61a8d2e8c?s=96&d=mm&r=g\",\"contentUrl\":\"https:\\\/\\\/secure.gravatar.com\\\/avatar\\\/0e8017099a7a47c0a9d2275e865fe326484561eb3d70649069e4b8e61a8d2e8c?s=96&d=mm&r=g\",\"caption\":\"Marcos Santos\"},\"sameAs\":[\"http:\\\/\\\/anovapeneira.gal\"],\"url\":\"https:\\\/\\\/www.anovapeneira.gal\\\/index.php\\\/author\\\/marcos-santos\\\/\"}]}<\/script>\n<!-- \/ Yoast SEO plugin. -->","yoast_head_json":{"title":"Luis Fern\u00e1ndez, presidente e coordinador da Asociaci\u00f3n \u00abMesa de Memoria Hist\u00f3rica do Distrito de Latina\u00bb -","description":"\u201c Se\u00f1ora aqu\u00ed no asesinamos a nadie, aqu\u00ed ejecutamos a rojos\u201d","robots":{"index":"index","follow":"follow","max-snippet":"max-snippet:-1","max-image-preview":"max-image-preview:large","max-video-preview":"max-video-preview:-1"},"canonical":"https:\/\/www.anovapeneira.gal\/index.php\/2023\/11\/17\/luis-fernandez-presidente-e-coordinador-da-asociacion-mesa-de-memoria-historica-do-distrito-de-latina\/","og_locale":"gl_ES","og_type":"article","og_title":"Luis Fern\u00e1ndez, presidente e coordinador da Asociaci\u00f3n \u00abMesa de Memoria Hist\u00f3rica do Distrito de Latina\u00bb -","og_description":"\u201c Se\u00f1ora aqu\u00ed no asesinamos a nadie, aqu\u00ed ejecutamos a rojos\u201d","og_url":"https:\/\/www.anovapeneira.gal\/index.php\/2023\/11\/17\/luis-fernandez-presidente-e-coordinador-da-asociacion-mesa-de-memoria-historica-do-distrito-de-latina\/","article_publisher":"https:\/\/www.facebook.com\/anovapeneira","article_published_time":"2023-11-17T11:00:31+00:00","og_image":[{"width":720,"height":432,"url":"https:\/\/www.anovapeneira.gal\/wp-content\/uploads\/2023\/11\/luis_fernandez.png","type":"image\/png"}],"author":"Marcos Santos","twitter_card":"summary_large_image","twitter_creator":"@APeneira","twitter_site":"@APeneira","twitter_misc":{"Escrito por":"Marcos Santos","Tempo de lectura":"2 minutos"},"schema":{"@context":"https:\/\/schema.org","@graph":[{"@type":"Article","@id":"https:\/\/www.anovapeneira.gal\/index.php\/2023\/11\/17\/luis-fernandez-presidente-e-coordinador-da-asociacion-mesa-de-memoria-historica-do-distrito-de-latina\/#article","isPartOf":{"@id":"https:\/\/www.anovapeneira.gal\/index.php\/2023\/11\/17\/luis-fernandez-presidente-e-coordinador-da-asociacion-mesa-de-memoria-historica-do-distrito-de-latina\/"},"author":{"name":"Marcos Santos","@id":"https:\/\/www.anovapeneira.gal\/#\/schema\/person\/d9d84823564720e7593293bab054e52d"},"headline":"Luis Fern\u00e1ndez, presidente e coordinador da Asociaci\u00f3n \u00abMesa de Memoria Hist\u00f3rica do Distrito de Latina\u00bb","datePublished":"2023-11-17T11:00:31+00:00","mainEntityOfPage":{"@id":"https:\/\/www.anovapeneira.gal\/index.php\/2023\/11\/17\/luis-fernandez-presidente-e-coordinador-da-asociacion-mesa-de-memoria-historica-do-distrito-de-latina\/"},"wordCount":1462,"commentCount":0,"publisher":{"@id":"https:\/\/www.anovapeneira.gal\/#organization"},"image":{"@id":"https:\/\/www.anovapeneira.gal\/index.php\/2023\/11\/17\/luis-fernandez-presidente-e-coordinador-da-asociacion-mesa-de-memoria-historica-do-distrito-de-latina\/#primaryimage"},"thumbnailUrl":"https:\/\/www.anovapeneira.gal\/wp-content\/uploads\/2023\/11\/luis_fernandez.png","keywords":["Concello de Redondela"],"articleSection":["Redondela"],"inLanguage":"gl-ES","potentialAction":[{"@type":"CommentAction","name":"Comment","target":["https:\/\/www.anovapeneira.gal\/index.php\/2023\/11\/17\/luis-fernandez-presidente-e-coordinador-da-asociacion-mesa-de-memoria-historica-do-distrito-de-latina\/#respond"]}]},{"@type":"WebPage","@id":"https:\/\/www.anovapeneira.gal\/index.php\/2023\/11\/17\/luis-fernandez-presidente-e-coordinador-da-asociacion-mesa-de-memoria-historica-do-distrito-de-latina\/","url":"https:\/\/www.anovapeneira.gal\/index.php\/2023\/11\/17\/luis-fernandez-presidente-e-coordinador-da-asociacion-mesa-de-memoria-historica-do-distrito-de-latina\/","name":"Luis Fern\u00e1ndez, presidente e coordinador da Asociaci\u00f3n \u00abMesa de Memoria Hist\u00f3rica do Distrito de Latina\u00bb -","isPartOf":{"@id":"https:\/\/www.anovapeneira.gal\/#website"},"primaryImageOfPage":{"@id":"https:\/\/www.anovapeneira.gal\/index.php\/2023\/11\/17\/luis-fernandez-presidente-e-coordinador-da-asociacion-mesa-de-memoria-historica-do-distrito-de-latina\/#primaryimage"},"image":{"@id":"https:\/\/www.anovapeneira.gal\/index.php\/2023\/11\/17\/luis-fernandez-presidente-e-coordinador-da-asociacion-mesa-de-memoria-historica-do-distrito-de-latina\/#primaryimage"},"thumbnailUrl":"https:\/\/www.anovapeneira.gal\/wp-content\/uploads\/2023\/11\/luis_fernandez.png","datePublished":"2023-11-17T11:00:31+00:00","description":"\u201c Se\u00f1ora aqu\u00ed no asesinamos a nadie, aqu\u00ed ejecutamos a rojos\u201d","breadcrumb":{"@id":"https:\/\/www.anovapeneira.gal\/index.php\/2023\/11\/17\/luis-fernandez-presidente-e-coordinador-da-asociacion-mesa-de-memoria-historica-do-distrito-de-latina\/#breadcrumb"},"inLanguage":"gl-ES","potentialAction":[{"@type":"ReadAction","target":["https:\/\/www.anovapeneira.gal\/index.php\/2023\/11\/17\/luis-fernandez-presidente-e-coordinador-da-asociacion-mesa-de-memoria-historica-do-distrito-de-latina\/"]}]},{"@type":"ImageObject","inLanguage":"gl-ES","@id":"https:\/\/www.anovapeneira.gal\/index.php\/2023\/11\/17\/luis-fernandez-presidente-e-coordinador-da-asociacion-mesa-de-memoria-historica-do-distrito-de-latina\/#primaryimage","url":"https:\/\/www.anovapeneira.gal\/wp-content\/uploads\/2023\/11\/luis_fernandez.png","contentUrl":"https:\/\/www.anovapeneira.gal\/wp-content\/uploads\/2023\/11\/luis_fernandez.png","width":720,"height":432,"caption":"Luis Fern\u00e1ndez, presidente e coordinador da Asociaci\u00f3n"},{"@type":"BreadcrumbList","@id":"https:\/\/www.anovapeneira.gal\/index.php\/2023\/11\/17\/luis-fernandez-presidente-e-coordinador-da-asociacion-mesa-de-memoria-historica-do-distrito-de-latina\/#breadcrumb","itemListElement":[{"@type":"ListItem","position":1,"name":"Portada","item":"https:\/\/www.anovapeneira.gal\/"},{"@type":"ListItem","position":2,"name":"Luis Fern\u00e1ndez, presidente e coordinador da Asociaci\u00f3n \u00abMesa de Memoria Hist\u00f3rica do Distrito de Latina\u00bb"}]},{"@type":"WebSite","@id":"https:\/\/www.anovapeneira.gal\/#website","url":"https:\/\/www.anovapeneira.gal\/","name":"","description":"Xornal galego de informaci\u00f3n xeral Publicaci\u00f3n mensual de novas de Galicia e en especial dos Concellos da sur da provincia de Pontevedra.","publisher":{"@id":"https:\/\/www.anovapeneira.gal\/#organization"},"potentialAction":[{"@type":"SearchAction","target":{"@type":"EntryPoint","urlTemplate":"https:\/\/www.anovapeneira.gal\/?s={search_term_string}"},"query-input":{"@type":"PropertyValueSpecification","valueRequired":true,"valueName":"search_term_string"}}],"inLanguage":"gl-ES"},{"@type":"Organization","@id":"https:\/\/www.anovapeneira.gal\/#organization","name":"A Nova Peneira","url":"https:\/\/www.anovapeneira.gal\/","logo":{"@type":"ImageObject","inLanguage":"gl-ES","@id":"https:\/\/www.anovapeneira.gal\/#\/schema\/logo\/image\/","url":"http:\/\/www.anovapeneira.gal\/wp-content\/uploads\/2019\/06\/logo_a_nova_peneira_portal_web.png","contentUrl":"http:\/\/www.anovapeneira.gal\/wp-content\/uploads\/2019\/06\/logo_a_nova_peneira_portal_web.png","width":300,"height":100,"caption":"A Nova Peneira"},"image":{"@id":"https:\/\/www.anovapeneira.gal\/#\/schema\/logo\/image\/"},"sameAs":["https:\/\/www.facebook.com\/anovapeneira","https:\/\/x.com\/APeneira"]},{"@type":"Person","@id":"https:\/\/www.anovapeneira.gal\/#\/schema\/person\/d9d84823564720e7593293bab054e52d","name":"Marcos Santos","image":{"@type":"ImageObject","inLanguage":"gl-ES","@id":"https:\/\/secure.gravatar.com\/avatar\/0e8017099a7a47c0a9d2275e865fe326484561eb3d70649069e4b8e61a8d2e8c?s=96&d=mm&r=g","url":"https:\/\/secure.gravatar.com\/avatar\/0e8017099a7a47c0a9d2275e865fe326484561eb3d70649069e4b8e61a8d2e8c?s=96&d=mm&r=g","contentUrl":"https:\/\/secure.gravatar.com\/avatar\/0e8017099a7a47c0a9d2275e865fe326484561eb3d70649069e4b8e61a8d2e8c?s=96&d=mm&r=g","caption":"Marcos Santos"},"sameAs":["http:\/\/anovapeneira.gal"],"url":"https:\/\/www.anovapeneira.gal\/index.php\/author\/marcos-santos\/"}]}},"jetpack_featured_media_url":"https:\/\/www.anovapeneira.gal\/wp-content\/uploads\/2023\/11\/luis_fernandez.png","_links":{"self":[{"href":"https:\/\/www.anovapeneira.gal\/index.php\/wp-json\/wp\/v2\/posts\/10760","targetHints":{"allow":["GET"]}}],"collection":[{"href":"https:\/\/www.anovapeneira.gal\/index.php\/wp-json\/wp\/v2\/posts"}],"about":[{"href":"https:\/\/www.anovapeneira.gal\/index.php\/wp-json\/wp\/v2\/types\/post"}],"author":[{"embeddable":true,"href":"https:\/\/www.anovapeneira.gal\/index.php\/wp-json\/wp\/v2\/users\/6"}],"replies":[{"embeddable":true,"href":"https:\/\/www.anovapeneira.gal\/index.php\/wp-json\/wp\/v2\/comments?post=10760"}],"version-history":[{"count":1,"href":"https:\/\/www.anovapeneira.gal\/index.php\/wp-json\/wp\/v2\/posts\/10760\/revisions"}],"predecessor-version":[{"id":10762,"href":"https:\/\/www.anovapeneira.gal\/index.php\/wp-json\/wp\/v2\/posts\/10760\/revisions\/10762"}],"wp:featuredmedia":[{"embeddable":true,"href":"https:\/\/www.anovapeneira.gal\/index.php\/wp-json\/wp\/v2\/media\/10761"}],"wp:attachment":[{"href":"https:\/\/www.anovapeneira.gal\/index.php\/wp-json\/wp\/v2\/media?parent=10760"}],"wp:term":[{"taxonomy":"category","embeddable":true,"href":"https:\/\/www.anovapeneira.gal\/index.php\/wp-json\/wp\/v2\/categories?post=10760"},{"taxonomy":"post_tag","embeddable":true,"href":"https:\/\/www.anovapeneira.gal\/index.php\/wp-json\/wp\/v2\/tags?post=10760"}],"curies":[{"name":"wp","href":"https:\/\/api.w.org\/{rel}","templated":true}]}}