{"id":10766,"date":"2023-11-20T12:00:38","date_gmt":"2023-11-20T11:00:38","guid":{"rendered":"https:\/\/www.anovapeneira.gal\/?p=10766"},"modified":"2023-11-15T11:57:58","modified_gmt":"2023-11-15T10:57:58","slug":"proxecto-aldean-obradoiro-de-forno-artesanal-en-fornelos-da-ribeira","status":"publish","type":"post","link":"https:\/\/www.anovapeneira.gal\/index.php\/2023\/11\/20\/proxecto-aldean-obradoiro-de-forno-artesanal-en-fornelos-da-ribeira\/","title":{"rendered":"Proxecto Alde\u00e1n: obradoiro de forno artesanal en Fornelos da Ribeira"},"content":{"rendered":"\n<pre class=\"wp-block-verse\">Manuel Alfonso Est\u00e9vez<\/pre>\n\n\n\n<p>En plena Estrada provincial, PO. 403 (en desuso oficialmente) &#8211; tramo deFornelos da Ribeira, entre Ponteareas e Salvaterra do Mi\u00f1o, no que foraCentro do Sindicato Gandeiro El Progreso, actualmente en reformas, denon ser para a Casa da Cultura nin Centro de D\u00eda, como o parecer sepensa, polas raz\u00f3ns que sexan, ofrezo, os seus propietarios, o ProxectoAlde\u00e1n: Obradoiro Forno Artesanal, cuxa idea \u00e9 aglutinar, a fortalezade impulsar un proxecto propio, apostando conscientemente polo n\u00facleopequeno que agarre novos m\u00e9todos, como as redes sociais, que atecnolox\u00eda faculta para chegar a unha visibilidade que ser\u00eda a mellorinversi\u00f3n para a parroquia, tendo en conta os medios de comunicaci\u00f3n,e a conexi\u00f3n &#8211; Salvaterra, Ponteareas, Vigo &#8211; como referencia. Claroque isto implica un prop\u00f3sito: Ser un negocio no coraz\u00f3n da aldea.<\/p>\n\n\n\n<p>O proxecto achegado a gastronom\u00eda tradicional da terra, esencia galega, para facer empanadas, que saben a forno de aldea, con algo de Ceo, roscas de ovos, de An\u00eds&#8230; que evocan a tradici\u00f3n artes\u00e1n do Condado. Seguir e impregnarse da filosof\u00eda que implica mimar o lugar na que se asenta, e a colaboraci\u00f3n a trav\u00e9s de t\u00f3dalas asociaci\u00f3ns sociais da parroquia.<\/p>\n\n\n\n<p>O Proxecto Alde\u00e1n: Obradoiro forno artesanal de Fornelos da Ribeira, poder\u00eda ser unha experiencia \u00fanica, e destacar\u00eda ser o eido de quen busca creaci\u00f3ns novas.<\/p>\n\n\n\n<p>Hoxe, o medo xa non est\u00e1 aqu\u00ed. Non fai falta ir a outros lugares para degustar calidade, dese\u00f1o, innovaci\u00f3n, nin esperar como funcionan outros. Aqu\u00ed hai un local perfectamente situado para non ir mais al\u00f3, e darlle unha volta de chave a porta, para crear con este Proxecto Artesanal, produtos de excelente calidade.<\/p>\n\n\n\n<p>Non \u00e9 ningunha novidade, ningunha limitaci\u00f3n para concibir este proxecto dende a aldea. Antes, nos meus tempos, para comer rosquillas hab\u00eda que ir a Ponteareas, agora xa non. Mais que di\u00f1eiro, no medio rural, deb\u00edan darse facilidades para que este proxecto fora adiante. Un Obradoiro Artes\u00e1n, con forno, elaborador de empanadas de distintos sabores, doces&#8230; e selo xerme dun proxecto para vellos e mozos que apostaran por abrir un lugar onde viven, na parroquia, de San Xo\u00e1n de Fornelos.<\/p>\n\n\n\n<p>Xa sei que mais dun, dirame que \u00e9 dif\u00edcil arrancar pola inversi\u00f3n, a licencia de obra, montar o obradoiro, pero \u00e9 unha proba mais dun compromiso coa parroquia que conservou este local.<\/p>\n\n\n\n<p>Eu me debo a OWEN que dixo crer que no mundo alde\u00e1n, todo ten futuro. S\u00f3 fai falta facilidades a xente da aldea, non s\u00f3 cartos, hai que facer formaci\u00f3n universitaria e profesional, para quen queira ser emprendedor no medio rural.<\/p>\n\n\n\n<p>Eu ben sei como se arranxa o mundo, pero creo que esa ser\u00eda unha boa forma de empezar.<\/p>\n\n\n\n<p>Meus veci\u00f1os de Fornelos da Ribeira: Bot\u00e1delle un pouco de sal a vida!<\/p>\n\n\n\n<p>Eu sei de mozos que crearon plataformas dixitais buscando comer produtos cultivados das hortas a prezo sostible e xusto. Esta plataforma ten rostro e historia. Senten paix\u00f3n pola aldea, pola artesan\u00eda, e reclamaban o seu valor. A gastronom\u00eda, \u00e9 unha das cousas mais importantes que forman o noso patrimonio inmaterial.<\/p>\n\n\n\n<p>En Fornelos da Ribeira, contamos con emprendedores para formar este proxecto alde\u00e1. E, dende o obradoiro de fogo artes\u00e1n, se pode facer ricos praceres, que apuntan inicialmente.<\/p>\n\n\n\n<p>\u00bfPorque non en Fornelos da Ribeira? \u00bfAs empanadas e os doces non namoran? Pois ser\u00eda unha iniciativa, que ademais, ofrecer\u00eda para o obradoiro, organizar feiras, promoci\u00f3ns e outras actividades, etc.<\/p>\n\n\n\n<p>Ser\u00eda o medio por recuperar o Centro do Sindicato, procurando con esta iniciativa unha filosof\u00eda de vida, e se consolidar\u00eda como un proxecto coherente que animar\u00eda a xente desta mi\u00f1a parroquia, verse que a aldeaest\u00e1 viva.<\/p>\n","protected":false},"excerpt":{"rendered":"<div class=\"mh-excerpt\"><p>En plena Estrada provincial, PO. 403 (en desuso oficialmente) &#8211; tramo deFornelos da Ribeira, entre Ponteareas e Salvaterra do Mi\u00f1o, no que foraCentro do Sindicato Gandeiro El Progreso, actualmente en reformas <a class=\"mh-excerpt-more\" href=\"https:\/\/www.anovapeneira.gal\/index.php\/2023\/11\/20\/proxecto-aldean-obradoiro-de-forno-artesanal-en-fornelos-da-ribeira\/\" title=\"Proxecto Alde\u00e1n: obradoiro de forno artesanal en Fornelos da Ribeira\">[&#8230;]<\/a><\/p>\n<\/div>","protected":false},"author":40,"featured_media":5108,"comment_status":"open","ping_status":"open","sticky":false,"template":"","format":"standard","meta":{"_exactmetrics_skip_tracking":false,"_exactmetrics_sitenote_active":false,"_exactmetrics_sitenote_note":"","_exactmetrics_sitenote_category":0,"footnotes":""},"categories":[7],"tags":[1257],"class_list":{"0":"post-10766","1":"post","2":"type-post","3":"status-publish","4":"format-standard","5":"has-post-thumbnail","7":"category-artigos-de-opinion","8":"tag-manuel-alfonso-estevez"},"yoast_head":"<!-- This site is optimized with the Yoast SEO plugin v27.4 - https:\/\/yoast.com\/product\/yoast-seo-wordpress\/ -->\n<title>Proxecto Alde\u00e1n: obradoiro de forno artesanal en Fornelos da Ribeira -<\/title>\n<meta name=\"description\" content=\"En plena Estrada provincial, PO. 403 (en desuso oficialmente) - tramo deFornelos da Ribeira, entre Ponteareas e Salvaterra do Mi\u00f1o, no que foraCentro do Sindicato Gandeiro El Progreso, actualmente en reformas\" \/>\n<meta name=\"robots\" content=\"index, follow, max-snippet:-1, max-image-preview:large, max-video-preview:-1\" \/>\n<link rel=\"canonical\" href=\"https:\/\/www.anovapeneira.gal\/index.php\/2023\/11\/20\/proxecto-aldean-obradoiro-de-forno-artesanal-en-fornelos-da-ribeira\/\" \/>\n<meta property=\"og:locale\" content=\"gl_ES\" \/>\n<meta property=\"og:type\" content=\"article\" \/>\n<meta property=\"og:title\" content=\"Proxecto Alde\u00e1n: obradoiro de forno artesanal en Fornelos da Ribeira -\" \/>\n<meta property=\"og:description\" content=\"En plena Estrada provincial, PO. 403 (en desuso oficialmente) - tramo deFornelos da Ribeira, entre Ponteareas e Salvaterra do Mi\u00f1o, no que foraCentro do Sindicato Gandeiro El Progreso, actualmente en reformas\" \/>\n<meta property=\"og:url\" content=\"https:\/\/www.anovapeneira.gal\/index.php\/2023\/11\/20\/proxecto-aldean-obradoiro-de-forno-artesanal-en-fornelos-da-ribeira\/\" \/>\n<meta property=\"article:publisher\" content=\"https:\/\/www.facebook.com\/anovapeneira\" \/>\n<meta property=\"article:published_time\" content=\"2023-11-20T11:00:38+00:00\" \/>\n<meta property=\"og:image\" content=\"https:\/\/www.anovapeneira.gal\/wp-content\/uploads\/2021\/03\/manuel_alfonso_estevez.jpg\" \/>\n\t<meta property=\"og:image:width\" content=\"720\" \/>\n\t<meta property=\"og:image:height\" content=\"432\" \/>\n\t<meta property=\"og:image:type\" content=\"image\/jpeg\" \/>\n<meta name=\"author\" content=\"Manuel Alfonso Est\u00e9vez\" \/>\n<meta name=\"twitter:card\" content=\"summary_large_image\" \/>\n<meta name=\"twitter:creator\" content=\"@APeneira\" \/>\n<meta name=\"twitter:site\" content=\"@APeneira\" \/>\n<meta name=\"twitter:label1\" content=\"Escrito por\" \/>\n\t<meta name=\"twitter:data1\" content=\"Manuel Alfonso Est\u00e9vez\" \/>\n\t<meta name=\"twitter:label2\" content=\"Tempo de lectura\" \/>\n\t<meta name=\"twitter:data2\" content=\"4 minutos\" \/>\n<script type=\"application\/ld+json\" class=\"yoast-schema-graph\">{\"@context\":\"https:\\\/\\\/schema.org\",\"@graph\":[{\"@type\":\"Article\",\"@id\":\"https:\\\/\\\/www.anovapeneira.gal\\\/index.php\\\/2023\\\/11\\\/20\\\/proxecto-aldean-obradoiro-de-forno-artesanal-en-fornelos-da-ribeira\\\/#article\",\"isPartOf\":{\"@id\":\"https:\\\/\\\/www.anovapeneira.gal\\\/index.php\\\/2023\\\/11\\\/20\\\/proxecto-aldean-obradoiro-de-forno-artesanal-en-fornelos-da-ribeira\\\/\"},\"author\":{\"name\":\"Manuel Alfonso Est\u00e9vez\",\"@id\":\"https:\\\/\\\/www.anovapeneira.gal\\\/#\\\/schema\\\/person\\\/6561b93d53e7a32f5d814768163bae2a\"},\"headline\":\"Proxecto Alde\u00e1n: obradoiro de forno artesanal en Fornelos da Ribeira\",\"datePublished\":\"2023-11-20T11:00:38+00:00\",\"mainEntityOfPage\":{\"@id\":\"https:\\\/\\\/www.anovapeneira.gal\\\/index.php\\\/2023\\\/11\\\/20\\\/proxecto-aldean-obradoiro-de-forno-artesanal-en-fornelos-da-ribeira\\\/\"},\"wordCount\":647,\"commentCount\":0,\"publisher\":{\"@id\":\"https:\\\/\\\/www.anovapeneira.gal\\\/#organization\"},\"image\":{\"@id\":\"https:\\\/\\\/www.anovapeneira.gal\\\/index.php\\\/2023\\\/11\\\/20\\\/proxecto-aldean-obradoiro-de-forno-artesanal-en-fornelos-da-ribeira\\\/#primaryimage\"},\"thumbnailUrl\":\"https:\\\/\\\/www.anovapeneira.gal\\\/wp-content\\\/uploads\\\/2021\\\/03\\\/manuel_alfonso_estevez.jpg\",\"keywords\":[\"Manuel Alfonso Est\u00e9vez\"],\"articleSection\":[\"Artigos de opini\u00f3n\"],\"inLanguage\":\"gl-ES\",\"potentialAction\":[{\"@type\":\"CommentAction\",\"name\":\"Comment\",\"target\":[\"https:\\\/\\\/www.anovapeneira.gal\\\/index.php\\\/2023\\\/11\\\/20\\\/proxecto-aldean-obradoiro-de-forno-artesanal-en-fornelos-da-ribeira\\\/#respond\"]}]},{\"@type\":\"WebPage\",\"@id\":\"https:\\\/\\\/www.anovapeneira.gal\\\/index.php\\\/2023\\\/11\\\/20\\\/proxecto-aldean-obradoiro-de-forno-artesanal-en-fornelos-da-ribeira\\\/\",\"url\":\"https:\\\/\\\/www.anovapeneira.gal\\\/index.php\\\/2023\\\/11\\\/20\\\/proxecto-aldean-obradoiro-de-forno-artesanal-en-fornelos-da-ribeira\\\/\",\"name\":\"Proxecto Alde\u00e1n: obradoiro de forno artesanal en Fornelos da Ribeira -\",\"isPartOf\":{\"@id\":\"https:\\\/\\\/www.anovapeneira.gal\\\/#website\"},\"primaryImageOfPage\":{\"@id\":\"https:\\\/\\\/www.anovapeneira.gal\\\/index.php\\\/2023\\\/11\\\/20\\\/proxecto-aldean-obradoiro-de-forno-artesanal-en-fornelos-da-ribeira\\\/#primaryimage\"},\"image\":{\"@id\":\"https:\\\/\\\/www.anovapeneira.gal\\\/index.php\\\/2023\\\/11\\\/20\\\/proxecto-aldean-obradoiro-de-forno-artesanal-en-fornelos-da-ribeira\\\/#primaryimage\"},\"thumbnailUrl\":\"https:\\\/\\\/www.anovapeneira.gal\\\/wp-content\\\/uploads\\\/2021\\\/03\\\/manuel_alfonso_estevez.jpg\",\"datePublished\":\"2023-11-20T11:00:38+00:00\",\"description\":\"En plena Estrada provincial, PO. 403 (en desuso oficialmente) - tramo deFornelos da Ribeira, entre Ponteareas e Salvaterra do Mi\u00f1o, no que foraCentro do Sindicato Gandeiro El Progreso, actualmente en reformas\",\"breadcrumb\":{\"@id\":\"https:\\\/\\\/www.anovapeneira.gal\\\/index.php\\\/2023\\\/11\\\/20\\\/proxecto-aldean-obradoiro-de-forno-artesanal-en-fornelos-da-ribeira\\\/#breadcrumb\"},\"inLanguage\":\"gl-ES\",\"potentialAction\":[{\"@type\":\"ReadAction\",\"target\":[\"https:\\\/\\\/www.anovapeneira.gal\\\/index.php\\\/2023\\\/11\\\/20\\\/proxecto-aldean-obradoiro-de-forno-artesanal-en-fornelos-da-ribeira\\\/\"]}]},{\"@type\":\"ImageObject\",\"inLanguage\":\"gl-ES\",\"@id\":\"https:\\\/\\\/www.anovapeneira.gal\\\/index.php\\\/2023\\\/11\\\/20\\\/proxecto-aldean-obradoiro-de-forno-artesanal-en-fornelos-da-ribeira\\\/#primaryimage\",\"url\":\"https:\\\/\\\/www.anovapeneira.gal\\\/wp-content\\\/uploads\\\/2021\\\/03\\\/manuel_alfonso_estevez.jpg\",\"contentUrl\":\"https:\\\/\\\/www.anovapeneira.gal\\\/wp-content\\\/uploads\\\/2021\\\/03\\\/manuel_alfonso_estevez.jpg\",\"width\":720,\"height\":432,\"caption\":\"Manuel Alfonso Est\u00e9vez. Historia viva de Fornelos da Ribeira\"},{\"@type\":\"BreadcrumbList\",\"@id\":\"https:\\\/\\\/www.anovapeneira.gal\\\/index.php\\\/2023\\\/11\\\/20\\\/proxecto-aldean-obradoiro-de-forno-artesanal-en-fornelos-da-ribeira\\\/#breadcrumb\",\"itemListElement\":[{\"@type\":\"ListItem\",\"position\":1,\"name\":\"Portada\",\"item\":\"https:\\\/\\\/www.anovapeneira.gal\\\/\"},{\"@type\":\"ListItem\",\"position\":2,\"name\":\"Proxecto Alde\u00e1n: obradoiro de forno artesanal en Fornelos da Ribeira\"}]},{\"@type\":\"WebSite\",\"@id\":\"https:\\\/\\\/www.anovapeneira.gal\\\/#website\",\"url\":\"https:\\\/\\\/www.anovapeneira.gal\\\/\",\"name\":\"\",\"description\":\"Xornal galego de informaci\u00f3n xeral Publicaci\u00f3n mensual de novas de Galicia e en especial dos Concellos da sur da provincia de Pontevedra.\",\"publisher\":{\"@id\":\"https:\\\/\\\/www.anovapeneira.gal\\\/#organization\"},\"potentialAction\":[{\"@type\":\"SearchAction\",\"target\":{\"@type\":\"EntryPoint\",\"urlTemplate\":\"https:\\\/\\\/www.anovapeneira.gal\\\/?s={search_term_string}\"},\"query-input\":{\"@type\":\"PropertyValueSpecification\",\"valueRequired\":true,\"valueName\":\"search_term_string\"}}],\"inLanguage\":\"gl-ES\"},{\"@type\":\"Organization\",\"@id\":\"https:\\\/\\\/www.anovapeneira.gal\\\/#organization\",\"name\":\"A Nova Peneira\",\"url\":\"https:\\\/\\\/www.anovapeneira.gal\\\/\",\"logo\":{\"@type\":\"ImageObject\",\"inLanguage\":\"gl-ES\",\"@id\":\"https:\\\/\\\/www.anovapeneira.gal\\\/#\\\/schema\\\/logo\\\/image\\\/\",\"url\":\"http:\\\/\\\/www.anovapeneira.gal\\\/wp-content\\\/uploads\\\/2019\\\/06\\\/logo_a_nova_peneira_portal_web.png\",\"contentUrl\":\"http:\\\/\\\/www.anovapeneira.gal\\\/wp-content\\\/uploads\\\/2019\\\/06\\\/logo_a_nova_peneira_portal_web.png\",\"width\":300,\"height\":100,\"caption\":\"A Nova Peneira\"},\"image\":{\"@id\":\"https:\\\/\\\/www.anovapeneira.gal\\\/#\\\/schema\\\/logo\\\/image\\\/\"},\"sameAs\":[\"https:\\\/\\\/www.facebook.com\\\/anovapeneira\",\"https:\\\/\\\/x.com\\\/APeneira\"]},{\"@type\":\"Person\",\"@id\":\"https:\\\/\\\/www.anovapeneira.gal\\\/#\\\/schema\\\/person\\\/6561b93d53e7a32f5d814768163bae2a\",\"name\":\"Manuel Alfonso Est\u00e9vez\",\"image\":{\"@type\":\"ImageObject\",\"inLanguage\":\"gl-ES\",\"@id\":\"https:\\\/\\\/secure.gravatar.com\\\/avatar\\\/f5d3e86603a02dabc520fdacad8691552cb5b3b57ede8828ababc7095c054594?s=96&d=mm&r=g\",\"url\":\"https:\\\/\\\/secure.gravatar.com\\\/avatar\\\/f5d3e86603a02dabc520fdacad8691552cb5b3b57ede8828ababc7095c054594?s=96&d=mm&r=g\",\"contentUrl\":\"https:\\\/\\\/secure.gravatar.com\\\/avatar\\\/f5d3e86603a02dabc520fdacad8691552cb5b3b57ede8828ababc7095c054594?s=96&d=mm&r=g\",\"caption\":\"Manuel Alfonso Est\u00e9vez\"},\"url\":\"https:\\\/\\\/www.anovapeneira.gal\\\/index.php\\\/author\\\/manuelalfonso\\\/\"}]}<\/script>\n<!-- \/ Yoast SEO plugin. -->","yoast_head_json":{"title":"Proxecto Alde\u00e1n: obradoiro de forno artesanal en Fornelos da Ribeira -","description":"En plena Estrada provincial, PO. 403 (en desuso oficialmente) - tramo deFornelos da Ribeira, entre Ponteareas e Salvaterra do Mi\u00f1o, no que foraCentro do Sindicato Gandeiro El Progreso, actualmente en reformas","robots":{"index":"index","follow":"follow","max-snippet":"max-snippet:-1","max-image-preview":"max-image-preview:large","max-video-preview":"max-video-preview:-1"},"canonical":"https:\/\/www.anovapeneira.gal\/index.php\/2023\/11\/20\/proxecto-aldean-obradoiro-de-forno-artesanal-en-fornelos-da-ribeira\/","og_locale":"gl_ES","og_type":"article","og_title":"Proxecto Alde\u00e1n: obradoiro de forno artesanal en Fornelos da Ribeira -","og_description":"En plena Estrada provincial, PO. 403 (en desuso oficialmente) - tramo deFornelos da Ribeira, entre Ponteareas e Salvaterra do Mi\u00f1o, no que foraCentro do Sindicato Gandeiro El Progreso, actualmente en reformas","og_url":"https:\/\/www.anovapeneira.gal\/index.php\/2023\/11\/20\/proxecto-aldean-obradoiro-de-forno-artesanal-en-fornelos-da-ribeira\/","article_publisher":"https:\/\/www.facebook.com\/anovapeneira","article_published_time":"2023-11-20T11:00:38+00:00","og_image":[{"width":720,"height":432,"url":"https:\/\/www.anovapeneira.gal\/wp-content\/uploads\/2021\/03\/manuel_alfonso_estevez.jpg","type":"image\/jpeg"}],"author":"Manuel Alfonso Est\u00e9vez","twitter_card":"summary_large_image","twitter_creator":"@APeneira","twitter_site":"@APeneira","twitter_misc":{"Escrito por":"Manuel Alfonso Est\u00e9vez","Tempo de lectura":"4 minutos"},"schema":{"@context":"https:\/\/schema.org","@graph":[{"@type":"Article","@id":"https:\/\/www.anovapeneira.gal\/index.php\/2023\/11\/20\/proxecto-aldean-obradoiro-de-forno-artesanal-en-fornelos-da-ribeira\/#article","isPartOf":{"@id":"https:\/\/www.anovapeneira.gal\/index.php\/2023\/11\/20\/proxecto-aldean-obradoiro-de-forno-artesanal-en-fornelos-da-ribeira\/"},"author":{"name":"Manuel Alfonso Est\u00e9vez","@id":"https:\/\/www.anovapeneira.gal\/#\/schema\/person\/6561b93d53e7a32f5d814768163bae2a"},"headline":"Proxecto Alde\u00e1n: obradoiro de forno artesanal en Fornelos da Ribeira","datePublished":"2023-11-20T11:00:38+00:00","mainEntityOfPage":{"@id":"https:\/\/www.anovapeneira.gal\/index.php\/2023\/11\/20\/proxecto-aldean-obradoiro-de-forno-artesanal-en-fornelos-da-ribeira\/"},"wordCount":647,"commentCount":0,"publisher":{"@id":"https:\/\/www.anovapeneira.gal\/#organization"},"image":{"@id":"https:\/\/www.anovapeneira.gal\/index.php\/2023\/11\/20\/proxecto-aldean-obradoiro-de-forno-artesanal-en-fornelos-da-ribeira\/#primaryimage"},"thumbnailUrl":"https:\/\/www.anovapeneira.gal\/wp-content\/uploads\/2021\/03\/manuel_alfonso_estevez.jpg","keywords":["Manuel Alfonso Est\u00e9vez"],"articleSection":["Artigos de opini\u00f3n"],"inLanguage":"gl-ES","potentialAction":[{"@type":"CommentAction","name":"Comment","target":["https:\/\/www.anovapeneira.gal\/index.php\/2023\/11\/20\/proxecto-aldean-obradoiro-de-forno-artesanal-en-fornelos-da-ribeira\/#respond"]}]},{"@type":"WebPage","@id":"https:\/\/www.anovapeneira.gal\/index.php\/2023\/11\/20\/proxecto-aldean-obradoiro-de-forno-artesanal-en-fornelos-da-ribeira\/","url":"https:\/\/www.anovapeneira.gal\/index.php\/2023\/11\/20\/proxecto-aldean-obradoiro-de-forno-artesanal-en-fornelos-da-ribeira\/","name":"Proxecto Alde\u00e1n: obradoiro de forno artesanal en Fornelos da Ribeira -","isPartOf":{"@id":"https:\/\/www.anovapeneira.gal\/#website"},"primaryImageOfPage":{"@id":"https:\/\/www.anovapeneira.gal\/index.php\/2023\/11\/20\/proxecto-aldean-obradoiro-de-forno-artesanal-en-fornelos-da-ribeira\/#primaryimage"},"image":{"@id":"https:\/\/www.anovapeneira.gal\/index.php\/2023\/11\/20\/proxecto-aldean-obradoiro-de-forno-artesanal-en-fornelos-da-ribeira\/#primaryimage"},"thumbnailUrl":"https:\/\/www.anovapeneira.gal\/wp-content\/uploads\/2021\/03\/manuel_alfonso_estevez.jpg","datePublished":"2023-11-20T11:00:38+00:00","description":"En plena Estrada provincial, PO. 403 (en desuso oficialmente) - tramo deFornelos da Ribeira, entre Ponteareas e Salvaterra do Mi\u00f1o, no que foraCentro do Sindicato Gandeiro El Progreso, actualmente en reformas","breadcrumb":{"@id":"https:\/\/www.anovapeneira.gal\/index.php\/2023\/11\/20\/proxecto-aldean-obradoiro-de-forno-artesanal-en-fornelos-da-ribeira\/#breadcrumb"},"inLanguage":"gl-ES","potentialAction":[{"@type":"ReadAction","target":["https:\/\/www.anovapeneira.gal\/index.php\/2023\/11\/20\/proxecto-aldean-obradoiro-de-forno-artesanal-en-fornelos-da-ribeira\/"]}]},{"@type":"ImageObject","inLanguage":"gl-ES","@id":"https:\/\/www.anovapeneira.gal\/index.php\/2023\/11\/20\/proxecto-aldean-obradoiro-de-forno-artesanal-en-fornelos-da-ribeira\/#primaryimage","url":"https:\/\/www.anovapeneira.gal\/wp-content\/uploads\/2021\/03\/manuel_alfonso_estevez.jpg","contentUrl":"https:\/\/www.anovapeneira.gal\/wp-content\/uploads\/2021\/03\/manuel_alfonso_estevez.jpg","width":720,"height":432,"caption":"Manuel Alfonso Est\u00e9vez. Historia viva de Fornelos da Ribeira"},{"@type":"BreadcrumbList","@id":"https:\/\/www.anovapeneira.gal\/index.php\/2023\/11\/20\/proxecto-aldean-obradoiro-de-forno-artesanal-en-fornelos-da-ribeira\/#breadcrumb","itemListElement":[{"@type":"ListItem","position":1,"name":"Portada","item":"https:\/\/www.anovapeneira.gal\/"},{"@type":"ListItem","position":2,"name":"Proxecto Alde\u00e1n: obradoiro de forno artesanal en Fornelos da Ribeira"}]},{"@type":"WebSite","@id":"https:\/\/www.anovapeneira.gal\/#website","url":"https:\/\/www.anovapeneira.gal\/","name":"","description":"Xornal galego de informaci\u00f3n xeral Publicaci\u00f3n mensual de novas de Galicia e en especial dos Concellos da sur da provincia de Pontevedra.","publisher":{"@id":"https:\/\/www.anovapeneira.gal\/#organization"},"potentialAction":[{"@type":"SearchAction","target":{"@type":"EntryPoint","urlTemplate":"https:\/\/www.anovapeneira.gal\/?s={search_term_string}"},"query-input":{"@type":"PropertyValueSpecification","valueRequired":true,"valueName":"search_term_string"}}],"inLanguage":"gl-ES"},{"@type":"Organization","@id":"https:\/\/www.anovapeneira.gal\/#organization","name":"A Nova Peneira","url":"https:\/\/www.anovapeneira.gal\/","logo":{"@type":"ImageObject","inLanguage":"gl-ES","@id":"https:\/\/www.anovapeneira.gal\/#\/schema\/logo\/image\/","url":"http:\/\/www.anovapeneira.gal\/wp-content\/uploads\/2019\/06\/logo_a_nova_peneira_portal_web.png","contentUrl":"http:\/\/www.anovapeneira.gal\/wp-content\/uploads\/2019\/06\/logo_a_nova_peneira_portal_web.png","width":300,"height":100,"caption":"A Nova Peneira"},"image":{"@id":"https:\/\/www.anovapeneira.gal\/#\/schema\/logo\/image\/"},"sameAs":["https:\/\/www.facebook.com\/anovapeneira","https:\/\/x.com\/APeneira"]},{"@type":"Person","@id":"https:\/\/www.anovapeneira.gal\/#\/schema\/person\/6561b93d53e7a32f5d814768163bae2a","name":"Manuel Alfonso Est\u00e9vez","image":{"@type":"ImageObject","inLanguage":"gl-ES","@id":"https:\/\/secure.gravatar.com\/avatar\/f5d3e86603a02dabc520fdacad8691552cb5b3b57ede8828ababc7095c054594?s=96&d=mm&r=g","url":"https:\/\/secure.gravatar.com\/avatar\/f5d3e86603a02dabc520fdacad8691552cb5b3b57ede8828ababc7095c054594?s=96&d=mm&r=g","contentUrl":"https:\/\/secure.gravatar.com\/avatar\/f5d3e86603a02dabc520fdacad8691552cb5b3b57ede8828ababc7095c054594?s=96&d=mm&r=g","caption":"Manuel Alfonso Est\u00e9vez"},"url":"https:\/\/www.anovapeneira.gal\/index.php\/author\/manuelalfonso\/"}]}},"jetpack_featured_media_url":"https:\/\/www.anovapeneira.gal\/wp-content\/uploads\/2021\/03\/manuel_alfonso_estevez.jpg","_links":{"self":[{"href":"https:\/\/www.anovapeneira.gal\/index.php\/wp-json\/wp\/v2\/posts\/10766","targetHints":{"allow":["GET"]}}],"collection":[{"href":"https:\/\/www.anovapeneira.gal\/index.php\/wp-json\/wp\/v2\/posts"}],"about":[{"href":"https:\/\/www.anovapeneira.gal\/index.php\/wp-json\/wp\/v2\/types\/post"}],"author":[{"embeddable":true,"href":"https:\/\/www.anovapeneira.gal\/index.php\/wp-json\/wp\/v2\/users\/40"}],"replies":[{"embeddable":true,"href":"https:\/\/www.anovapeneira.gal\/index.php\/wp-json\/wp\/v2\/comments?post=10766"}],"version-history":[{"count":1,"href":"https:\/\/www.anovapeneira.gal\/index.php\/wp-json\/wp\/v2\/posts\/10766\/revisions"}],"predecessor-version":[{"id":10767,"href":"https:\/\/www.anovapeneira.gal\/index.php\/wp-json\/wp\/v2\/posts\/10766\/revisions\/10767"}],"wp:featuredmedia":[{"embeddable":true,"href":"https:\/\/www.anovapeneira.gal\/index.php\/wp-json\/wp\/v2\/media\/5108"}],"wp:attachment":[{"href":"https:\/\/www.anovapeneira.gal\/index.php\/wp-json\/wp\/v2\/media?parent=10766"}],"wp:term":[{"taxonomy":"category","embeddable":true,"href":"https:\/\/www.anovapeneira.gal\/index.php\/wp-json\/wp\/v2\/categories?post=10766"},{"taxonomy":"post_tag","embeddable":true,"href":"https:\/\/www.anovapeneira.gal\/index.php\/wp-json\/wp\/v2\/tags?post=10766"}],"curies":[{"name":"wp","href":"https:\/\/api.w.org\/{rel}","templated":true}]}}