{"id":1078,"date":"2019-08-27T14:00:54","date_gmt":"2019-08-27T12:00:54","guid":{"rendered":"http:\/\/www.anovapeneira.gal\/?p=1078"},"modified":"2019-08-24T22:06:24","modified_gmt":"2019-08-24T20:06:24","slug":"clemente-bastos-tito-un-home-tranquilo","status":"publish","type":"post","link":"https:\/\/www.anovapeneira.gal\/index.php\/2019\/08\/27\/clemente-bastos-tito-un-home-tranquilo\/","title":{"rendered":"Clemente Bastos \u201c Tito\u201d un home tranquilo"},"content":{"rendered":"\n<h2 class=\"wp-block-heading\"><strong>Non creo que haxa ningu\u00e9n na comarca de Redondela e case me atrever\u00eda a dicir que en toda a provincia de Pontevedra que non co\u00f1eza o Bar Tranquilo de Cesantes. Cando eu era neno, gozaba ceando cos meus pais al\u00ed, a car\u00f3n da de Roxelio , da de Farruca da de Nola, e agora que son home, sigo gozando ceando al\u00ed coa mi\u00f1a filla. Tito, \u00e9 o seu propietario e bo amigo da Nova Peneira.<\/strong><\/h2>\n\n\n\n<p><strong>Canto tempo levas\ntraballando no bar Tito?<\/strong><\/p>\n\n\n\n<blockquote class=\"wp-block-quote is-layout-flow wp-block-quote-is-layout-flow\"><p>Toda a mi\u00f1a vida, eu nac\u00edn aqu\u00ed<\/p><\/blockquote>\n\n\n\n<p><strong>Pero algo m\u00e1is na t\u00faa\nvida far\u00edas?<\/strong><\/p>\n\n\n\n<blockquote class=\"wp-block-quote is-layout-flow wp-block-quote-is-layout-flow\"><p>Si ohh, tam\u00e9n estiven na construci\u00f3n na automoci\u00f3n e no mar, pero sempre que traballei, de feito na construci\u00f3n traballaba toda a semana f\u00f3ra, cando volv\u00eda axudaba no tranquilo<\/p><\/blockquote>\n\n\n\n<p><strong>Cantos anos de historia\nten o bar?<\/strong><\/p>\n\n\n\n<blockquote class=\"wp-block-quote is-layout-flow wp-block-quote-is-layout-flow\"><p>Arredor de 70, como sabes fundouno a mi\u00f1a avoa Palmira, malia que levamos arredor de 20 anos pechando en inverno. Agora mesmo abrimos en Maio e pechamos en Outubro<\/p><\/blockquote>\n\n\n\n<p><strong>Ti supo\u00f1o que ter\u00e1s o\ncostume de comer todo o ano, que fas desde novembro a abril?<\/strong><\/p>\n\n\n\n<blockquote class=\"wp-block-quote is-layout-flow wp-block-quote-is-layout-flow\"><p>Estou no mar e axudo \u00e1 mi\u00f1a muller no seu negocio de Puxeiros<\/p><\/blockquote>\n\n\n\n<p><strong>Ben, e que tal \u00e9\nMontse como xefa?<\/strong><\/p>\n\n\n\n<blockquote class=\"wp-block-quote is-layout-flow wp-block-quote-is-layout-flow\"><p>A mi\u00f1a muller \u00e9 unha persoa marabillosa e eu agrad\u00e9zolle moit\u00edsimo a s\u00faa paciencia e compa\u00f1\u00eda.<\/p><\/blockquote>\n\n\n\n<p><strong>Ti es unha persoa nova,\npero levas xa m\u00e1is e 30 anos no sector non est\u00e1s canso?<\/strong><\/p>\n\n\n\n<blockquote class=\"wp-block-quote is-layout-flow wp-block-quote-is-layout-flow\"><p>Imos ver a meu sector \u00e9 moi escravo, eu s\u00f3 abro en ver\u00e1n pero son 150 d\u00edas sen descansar nin un s\u00f3 d\u00eda; ma\u00f1\u00e1 tarde e noite. E non, de momento non estou cando, g\u00fastame moito o traballo e a mi\u00f1a implicaci\u00f3n emocional co Tranquilo \u00e9 tan intensa que a\u00ednda me queda corda para rato.<\/p><\/blockquote>\n\n\n\n<p><strong>Como \u00e9 o voso sistema\nde traballo?<\/strong><\/p>\n\n\n\n<blockquote class=\"wp-block-quote is-layout-flow wp-block-quote-is-layout-flow\"><p>N\u00f3s sempre traballamos con cinco produtos b\u00e1sicos: Mexill\u00f3ns, Navallas, Zamburi\u00f1as, Peixi\u00f1os, calamares e pementos de Padr\u00f3n, sempre con materia prima de primeir\u00edsima calidade. E logo adapt\u00e1monos \u00e1s necesidades do cliente, o que nos pidan n\u00f3s prepar\u00e1mosllo<\/p><\/blockquote>\n\n\n\n<p><strong>Que horario tedes?<\/strong><\/p>\n\n\n\n<blockquote class=\"wp-block-quote is-layout-flow wp-block-quote-is-layout-flow\"><p>Desde as 12 da ma\u00f1\u00e1 ata peche<\/p><\/blockquote>\n\n\n\n<p><strong>Cantas persoas\ntraballades aqu\u00ed?<\/strong><\/p>\n\n\n\n<blockquote class=\"wp-block-quote is-layout-flow wp-block-quote-is-layout-flow\"><p>Entre catro e seis<\/p><\/blockquote>\n\n\n\n<p><strong>O persoal c\u00e1mbialo\ncada ano?<\/strong><\/p>\n\n\n\n<blockquote class=\"wp-block-quote is-layout-flow wp-block-quote-is-layout-flow\"><p>Non, procuro que sempre sexa o mesmo<\/p><\/blockquote>\n\n\n\n<p><strong>E en inverno porque non\nabres?<\/strong><\/p>\n\n\n\n<blockquote class=\"wp-block-quote is-layout-flow wp-block-quote-is-layout-flow\"><p>O local non est\u00e1 preparado para o inverno<\/p><\/blockquote>\n\n\n\n<p><strong>Ti tes nenos pequenos,\neste \u00e9 un negocio que consideres para o seu futuro?<\/strong><\/p>\n\n\n\n<blockquote class=\"wp-block-quote is-layout-flow wp-block-quote-is-layout-flow\"><p>Eu para os meus fillos quero o mellor do mundo e sobre todo e ante todo quero que sexan felices. A min gustar\u00edame que o Tranquilo continuase despois de min, malia que eu a\u00ednda te\u00f1o corda para rato, pero preferir\u00eda que os meus fillos traballasen noutra cousa, aqu\u00ed \u00e9 preciso dedicarlle infinidade de horas, e \u00e1s veces alg\u00fan cliente non comprende que n\u00f3s somos tam\u00e9n humanos e precisamos descanso. O traballo \u00e9 moi intenso, pero quero deixar claro que \u00e9 enormemente gratificante<\/p><\/blockquote>\n\n\n\n<p><strong>O perfil de clientes\nque m\u00e1is abunda?<\/strong><\/p>\n\n\n\n<blockquote class=\"wp-block-quote is-layout-flow wp-block-quote-is-layout-flow\"><p>Ve\u00f1en turistas, pero fundamentalmente xente da comarca de todo tipo de estratos sociais. E o que m\u00e1is orgulloso me fai sentir, que a visita ao Tranquilo e un costume que se espalla de xeraci\u00f3n en xeraci\u00f3n. \u00c1s veces ve\u00f1en netos de clientes antigos que se emocionan e me fan emocionar cando nos contan que os seus av\u00f3s xa eran clientes nosos<\/p><\/blockquote>\n\n\n\n<p><strong>O que tedes e moitos,\nverdade?<\/strong><\/p>\n\n\n\n<blockquote class=\"wp-block-quote is-layout-flow wp-block-quote-is-layout-flow\"><p>Afortunadamente, o amor que sentimos polo nos traballo, creo, con humildade, que d\u00e1 os seus froitos, e podemos conservar a unha gran cantidade de clientes que m\u00e1is que clientes podo dicir que xa son os nosos amigos<\/p><\/blockquote>\n","protected":false},"excerpt":{"rendered":"<div class=\"mh-excerpt\"><p>Non creo que haxa ningu\u00e9n na comarca de Redondela e case me atrever\u00eda a dicir que en toda a provincia de Pontevedra que non co\u00f1eza o Bar Tranquilo de Cesantes <a class=\"mh-excerpt-more\" href=\"https:\/\/www.anovapeneira.gal\/index.php\/2019\/08\/27\/clemente-bastos-tito-un-home-tranquilo\/\" title=\"Clemente Bastos \u201c Tito\u201d un home tranquilo\">[&#8230;]<\/a><\/p>\n<\/div>","protected":false},"author":3,"featured_media":1079,"comment_status":"open","ping_status":"open","sticky":false,"template":"","format":"standard","meta":{"_exactmetrics_skip_tracking":false,"_exactmetrics_sitenote_active":false,"_exactmetrics_sitenote_note":"","_exactmetrics_sitenote_category":0,"footnotes":""},"categories":[495],"tags":[504,334,503,171,29,28],"class_list":{"0":"post-1078","1":"post","2":"type-post","3":"status-publish","4":"format-standard","5":"has-post-thumbnail","7":"category-redondela-reportaxes","8":"tag-bar-tranquilo","9":"tag-cesantes","10":"tag-clemente-bastos","11":"tag-concello-de-redondela","12":"tag-gastronomia","13":"tag-turismo"},"yoast_head":"<!-- This site is optimized with the Yoast SEO plugin v27.4 - https:\/\/yoast.com\/product\/yoast-seo-wordpress\/ -->\n<title>Clemente Bastos \u201c Tito\u201d un home tranquilo -<\/title>\n<meta name=\"robots\" content=\"index, follow, max-snippet:-1, max-image-preview:large, max-video-preview:-1\" \/>\n<link rel=\"canonical\" href=\"https:\/\/www.anovapeneira.gal\/index.php\/2019\/08\/27\/clemente-bastos-tito-un-home-tranquilo\/\" \/>\n<meta property=\"og:locale\" content=\"gl_ES\" \/>\n<meta property=\"og:type\" content=\"article\" \/>\n<meta property=\"og:title\" content=\"Clemente Bastos \u201c Tito\u201d un home tranquilo -\" \/>\n<meta property=\"og:description\" content=\"Non creo que haxa ningu\u00e9n na comarca de Redondela e case me atrever\u00eda a dicir que en toda a provincia de Pontevedra que non co\u00f1eza o Bar Tranquilo de Cesantes [...]\" \/>\n<meta property=\"og:url\" content=\"https:\/\/www.anovapeneira.gal\/index.php\/2019\/08\/27\/clemente-bastos-tito-un-home-tranquilo\/\" \/>\n<meta property=\"article:publisher\" content=\"https:\/\/www.facebook.com\/anovapeneira\" \/>\n<meta property=\"article:published_time\" content=\"2019-08-27T12:00:54+00:00\" \/>\n<meta property=\"og:image\" content=\"https:\/\/www.anovapeneira.gal\/wp-content\/uploads\/2019\/08\/tranquilo_cesantes_a_nova_peneira.jpg\" \/>\n\t<meta property=\"og:image:width\" content=\"720\" \/>\n\t<meta property=\"og:image:height\" content=\"473\" \/>\n\t<meta property=\"og:image:type\" content=\"image\/jpeg\" \/>\n<meta name=\"author\" content=\"Redacci\u00f3n A Nova Peneira\" \/>\n<meta name=\"twitter:card\" content=\"summary_large_image\" \/>\n<meta name=\"twitter:creator\" content=\"@APeneira\" \/>\n<meta name=\"twitter:site\" content=\"@APeneira\" \/>\n<meta name=\"twitter:label1\" content=\"Escrito por\" \/>\n\t<meta name=\"twitter:data1\" content=\"Redacci\u00f3n A Nova Peneira\" \/>\n\t<meta name=\"twitter:label2\" content=\"Tempo de lectura\" \/>\n\t<meta name=\"twitter:data2\" content=\"3 minutos\" \/>\n<script type=\"application\/ld+json\" class=\"yoast-schema-graph\">{\"@context\":\"https:\\\/\\\/schema.org\",\"@graph\":[{\"@type\":\"Article\",\"@id\":\"https:\\\/\\\/www.anovapeneira.gal\\\/index.php\\\/2019\\\/08\\\/27\\\/clemente-bastos-tito-un-home-tranquilo\\\/#article\",\"isPartOf\":{\"@id\":\"https:\\\/\\\/www.anovapeneira.gal\\\/index.php\\\/2019\\\/08\\\/27\\\/clemente-bastos-tito-un-home-tranquilo\\\/\"},\"author\":{\"name\":\"Redacci\u00f3n A Nova Peneira\",\"@id\":\"https:\\\/\\\/www.anovapeneira.gal\\\/#\\\/schema\\\/person\\\/b93e3f8932e3f8da96334607eb6ac6aa\"},\"headline\":\"Clemente Bastos \u201c Tito\u201d un home tranquilo\",\"datePublished\":\"2019-08-27T12:00:54+00:00\",\"mainEntityOfPage\":{\"@id\":\"https:\\\/\\\/www.anovapeneira.gal\\\/index.php\\\/2019\\\/08\\\/27\\\/clemente-bastos-tito-un-home-tranquilo\\\/\"},\"wordCount\":630,\"commentCount\":0,\"publisher\":{\"@id\":\"https:\\\/\\\/www.anovapeneira.gal\\\/#organization\"},\"image\":{\"@id\":\"https:\\\/\\\/www.anovapeneira.gal\\\/index.php\\\/2019\\\/08\\\/27\\\/clemente-bastos-tito-un-home-tranquilo\\\/#primaryimage\"},\"thumbnailUrl\":\"https:\\\/\\\/www.anovapeneira.gal\\\/wp-content\\\/uploads\\\/2019\\\/08\\\/tranquilo_cesantes_a_nova_peneira.jpg\",\"keywords\":[\"Bar Tranquilo\",\"Cesantes\",\"Clemente Bastos\",\"Concello de Redondela\",\"gastronom\u00eda\",\"Turismo\"],\"articleSection\":[\"Redondela\"],\"inLanguage\":\"gl-ES\",\"potentialAction\":[{\"@type\":\"CommentAction\",\"name\":\"Comment\",\"target\":[\"https:\\\/\\\/www.anovapeneira.gal\\\/index.php\\\/2019\\\/08\\\/27\\\/clemente-bastos-tito-un-home-tranquilo\\\/#respond\"]}]},{\"@type\":\"WebPage\",\"@id\":\"https:\\\/\\\/www.anovapeneira.gal\\\/index.php\\\/2019\\\/08\\\/27\\\/clemente-bastos-tito-un-home-tranquilo\\\/\",\"url\":\"https:\\\/\\\/www.anovapeneira.gal\\\/index.php\\\/2019\\\/08\\\/27\\\/clemente-bastos-tito-un-home-tranquilo\\\/\",\"name\":\"Clemente Bastos \u201c Tito\u201d un home tranquilo -\",\"isPartOf\":{\"@id\":\"https:\\\/\\\/www.anovapeneira.gal\\\/#website\"},\"primaryImageOfPage\":{\"@id\":\"https:\\\/\\\/www.anovapeneira.gal\\\/index.php\\\/2019\\\/08\\\/27\\\/clemente-bastos-tito-un-home-tranquilo\\\/#primaryimage\"},\"image\":{\"@id\":\"https:\\\/\\\/www.anovapeneira.gal\\\/index.php\\\/2019\\\/08\\\/27\\\/clemente-bastos-tito-un-home-tranquilo\\\/#primaryimage\"},\"thumbnailUrl\":\"https:\\\/\\\/www.anovapeneira.gal\\\/wp-content\\\/uploads\\\/2019\\\/08\\\/tranquilo_cesantes_a_nova_peneira.jpg\",\"datePublished\":\"2019-08-27T12:00:54+00:00\",\"breadcrumb\":{\"@id\":\"https:\\\/\\\/www.anovapeneira.gal\\\/index.php\\\/2019\\\/08\\\/27\\\/clemente-bastos-tito-un-home-tranquilo\\\/#breadcrumb\"},\"inLanguage\":\"gl-ES\",\"potentialAction\":[{\"@type\":\"ReadAction\",\"target\":[\"https:\\\/\\\/www.anovapeneira.gal\\\/index.php\\\/2019\\\/08\\\/27\\\/clemente-bastos-tito-un-home-tranquilo\\\/\"]}]},{\"@type\":\"ImageObject\",\"inLanguage\":\"gl-ES\",\"@id\":\"https:\\\/\\\/www.anovapeneira.gal\\\/index.php\\\/2019\\\/08\\\/27\\\/clemente-bastos-tito-un-home-tranquilo\\\/#primaryimage\",\"url\":\"https:\\\/\\\/www.anovapeneira.gal\\\/wp-content\\\/uploads\\\/2019\\\/08\\\/tranquilo_cesantes_a_nova_peneira.jpg\",\"contentUrl\":\"https:\\\/\\\/www.anovapeneira.gal\\\/wp-content\\\/uploads\\\/2019\\\/08\\\/tranquilo_cesantes_a_nova_peneira.jpg\",\"width\":720,\"height\":473,\"caption\":\"tranquilo Cesantes A Nova Peneira\"},{\"@type\":\"BreadcrumbList\",\"@id\":\"https:\\\/\\\/www.anovapeneira.gal\\\/index.php\\\/2019\\\/08\\\/27\\\/clemente-bastos-tito-un-home-tranquilo\\\/#breadcrumb\",\"itemListElement\":[{\"@type\":\"ListItem\",\"position\":1,\"name\":\"Portada\",\"item\":\"https:\\\/\\\/www.anovapeneira.gal\\\/\"},{\"@type\":\"ListItem\",\"position\":2,\"name\":\"Clemente Bastos \u201c Tito\u201d un home tranquilo\"}]},{\"@type\":\"WebSite\",\"@id\":\"https:\\\/\\\/www.anovapeneira.gal\\\/#website\",\"url\":\"https:\\\/\\\/www.anovapeneira.gal\\\/\",\"name\":\"\",\"description\":\"Xornal galego de informaci\u00f3n xeral Publicaci\u00f3n mensual de novas de Galicia e en especial dos Concellos da sur da provincia de Pontevedra.\",\"publisher\":{\"@id\":\"https:\\\/\\\/www.anovapeneira.gal\\\/#organization\"},\"potentialAction\":[{\"@type\":\"SearchAction\",\"target\":{\"@type\":\"EntryPoint\",\"urlTemplate\":\"https:\\\/\\\/www.anovapeneira.gal\\\/?s={search_term_string}\"},\"query-input\":{\"@type\":\"PropertyValueSpecification\",\"valueRequired\":true,\"valueName\":\"search_term_string\"}}],\"inLanguage\":\"gl-ES\"},{\"@type\":\"Organization\",\"@id\":\"https:\\\/\\\/www.anovapeneira.gal\\\/#organization\",\"name\":\"A Nova Peneira\",\"url\":\"https:\\\/\\\/www.anovapeneira.gal\\\/\",\"logo\":{\"@type\":\"ImageObject\",\"inLanguage\":\"gl-ES\",\"@id\":\"https:\\\/\\\/www.anovapeneira.gal\\\/#\\\/schema\\\/logo\\\/image\\\/\",\"url\":\"http:\\\/\\\/www.anovapeneira.gal\\\/wp-content\\\/uploads\\\/2019\\\/06\\\/logo_a_nova_peneira_portal_web.png\",\"contentUrl\":\"http:\\\/\\\/www.anovapeneira.gal\\\/wp-content\\\/uploads\\\/2019\\\/06\\\/logo_a_nova_peneira_portal_web.png\",\"width\":300,\"height\":100,\"caption\":\"A Nova Peneira\"},\"image\":{\"@id\":\"https:\\\/\\\/www.anovapeneira.gal\\\/#\\\/schema\\\/logo\\\/image\\\/\"},\"sameAs\":[\"https:\\\/\\\/www.facebook.com\\\/anovapeneira\",\"https:\\\/\\\/x.com\\\/APeneira\"]},{\"@type\":\"Person\",\"@id\":\"https:\\\/\\\/www.anovapeneira.gal\\\/#\\\/schema\\\/person\\\/b93e3f8932e3f8da96334607eb6ac6aa\",\"name\":\"Redacci\u00f3n A Nova Peneira\",\"image\":{\"@type\":\"ImageObject\",\"inLanguage\":\"gl-ES\",\"@id\":\"https:\\\/\\\/secure.gravatar.com\\\/avatar\\\/c052a2551a06e23fac63626232eaa90abd78dbcf1700fc46a2b2c89fd27b735f?s=96&d=mm&r=g\",\"url\":\"https:\\\/\\\/secure.gravatar.com\\\/avatar\\\/c052a2551a06e23fac63626232eaa90abd78dbcf1700fc46a2b2c89fd27b735f?s=96&d=mm&r=g\",\"contentUrl\":\"https:\\\/\\\/secure.gravatar.com\\\/avatar\\\/c052a2551a06e23fac63626232eaa90abd78dbcf1700fc46a2b2c89fd27b735f?s=96&d=mm&r=g\",\"caption\":\"Redacci\u00f3n A Nova Peneira\"},\"sameAs\":[\"http:\\\/\\\/www.anovapeneira.gal\\\/\"],\"url\":\"https:\\\/\\\/www.anovapeneira.gal\\\/index.php\\\/author\\\/redactor\\\/\"}]}<\/script>\n<!-- \/ Yoast SEO plugin. -->","yoast_head_json":{"title":"Clemente Bastos \u201c Tito\u201d un home tranquilo -","robots":{"index":"index","follow":"follow","max-snippet":"max-snippet:-1","max-image-preview":"max-image-preview:large","max-video-preview":"max-video-preview:-1"},"canonical":"https:\/\/www.anovapeneira.gal\/index.php\/2019\/08\/27\/clemente-bastos-tito-un-home-tranquilo\/","og_locale":"gl_ES","og_type":"article","og_title":"Clemente Bastos \u201c Tito\u201d un home tranquilo -","og_description":"Non creo que haxa ningu\u00e9n na comarca de Redondela e case me atrever\u00eda a dicir que en toda a provincia de Pontevedra que non co\u00f1eza o Bar Tranquilo de Cesantes [...]","og_url":"https:\/\/www.anovapeneira.gal\/index.php\/2019\/08\/27\/clemente-bastos-tito-un-home-tranquilo\/","article_publisher":"https:\/\/www.facebook.com\/anovapeneira","article_published_time":"2019-08-27T12:00:54+00:00","og_image":[{"width":720,"height":473,"url":"https:\/\/www.anovapeneira.gal\/wp-content\/uploads\/2019\/08\/tranquilo_cesantes_a_nova_peneira.jpg","type":"image\/jpeg"}],"author":"Redacci\u00f3n A Nova Peneira","twitter_card":"summary_large_image","twitter_creator":"@APeneira","twitter_site":"@APeneira","twitter_misc":{"Escrito por":"Redacci\u00f3n A Nova Peneira","Tempo de lectura":"3 minutos"},"schema":{"@context":"https:\/\/schema.org","@graph":[{"@type":"Article","@id":"https:\/\/www.anovapeneira.gal\/index.php\/2019\/08\/27\/clemente-bastos-tito-un-home-tranquilo\/#article","isPartOf":{"@id":"https:\/\/www.anovapeneira.gal\/index.php\/2019\/08\/27\/clemente-bastos-tito-un-home-tranquilo\/"},"author":{"name":"Redacci\u00f3n A Nova Peneira","@id":"https:\/\/www.anovapeneira.gal\/#\/schema\/person\/b93e3f8932e3f8da96334607eb6ac6aa"},"headline":"Clemente Bastos \u201c Tito\u201d un home tranquilo","datePublished":"2019-08-27T12:00:54+00:00","mainEntityOfPage":{"@id":"https:\/\/www.anovapeneira.gal\/index.php\/2019\/08\/27\/clemente-bastos-tito-un-home-tranquilo\/"},"wordCount":630,"commentCount":0,"publisher":{"@id":"https:\/\/www.anovapeneira.gal\/#organization"},"image":{"@id":"https:\/\/www.anovapeneira.gal\/index.php\/2019\/08\/27\/clemente-bastos-tito-un-home-tranquilo\/#primaryimage"},"thumbnailUrl":"https:\/\/www.anovapeneira.gal\/wp-content\/uploads\/2019\/08\/tranquilo_cesantes_a_nova_peneira.jpg","keywords":["Bar Tranquilo","Cesantes","Clemente Bastos","Concello de Redondela","gastronom\u00eda","Turismo"],"articleSection":["Redondela"],"inLanguage":"gl-ES","potentialAction":[{"@type":"CommentAction","name":"Comment","target":["https:\/\/www.anovapeneira.gal\/index.php\/2019\/08\/27\/clemente-bastos-tito-un-home-tranquilo\/#respond"]}]},{"@type":"WebPage","@id":"https:\/\/www.anovapeneira.gal\/index.php\/2019\/08\/27\/clemente-bastos-tito-un-home-tranquilo\/","url":"https:\/\/www.anovapeneira.gal\/index.php\/2019\/08\/27\/clemente-bastos-tito-un-home-tranquilo\/","name":"Clemente Bastos \u201c Tito\u201d un home tranquilo -","isPartOf":{"@id":"https:\/\/www.anovapeneira.gal\/#website"},"primaryImageOfPage":{"@id":"https:\/\/www.anovapeneira.gal\/index.php\/2019\/08\/27\/clemente-bastos-tito-un-home-tranquilo\/#primaryimage"},"image":{"@id":"https:\/\/www.anovapeneira.gal\/index.php\/2019\/08\/27\/clemente-bastos-tito-un-home-tranquilo\/#primaryimage"},"thumbnailUrl":"https:\/\/www.anovapeneira.gal\/wp-content\/uploads\/2019\/08\/tranquilo_cesantes_a_nova_peneira.jpg","datePublished":"2019-08-27T12:00:54+00:00","breadcrumb":{"@id":"https:\/\/www.anovapeneira.gal\/index.php\/2019\/08\/27\/clemente-bastos-tito-un-home-tranquilo\/#breadcrumb"},"inLanguage":"gl-ES","potentialAction":[{"@type":"ReadAction","target":["https:\/\/www.anovapeneira.gal\/index.php\/2019\/08\/27\/clemente-bastos-tito-un-home-tranquilo\/"]}]},{"@type":"ImageObject","inLanguage":"gl-ES","@id":"https:\/\/www.anovapeneira.gal\/index.php\/2019\/08\/27\/clemente-bastos-tito-un-home-tranquilo\/#primaryimage","url":"https:\/\/www.anovapeneira.gal\/wp-content\/uploads\/2019\/08\/tranquilo_cesantes_a_nova_peneira.jpg","contentUrl":"https:\/\/www.anovapeneira.gal\/wp-content\/uploads\/2019\/08\/tranquilo_cesantes_a_nova_peneira.jpg","width":720,"height":473,"caption":"tranquilo Cesantes A Nova Peneira"},{"@type":"BreadcrumbList","@id":"https:\/\/www.anovapeneira.gal\/index.php\/2019\/08\/27\/clemente-bastos-tito-un-home-tranquilo\/#breadcrumb","itemListElement":[{"@type":"ListItem","position":1,"name":"Portada","item":"https:\/\/www.anovapeneira.gal\/"},{"@type":"ListItem","position":2,"name":"Clemente Bastos \u201c Tito\u201d un home tranquilo"}]},{"@type":"WebSite","@id":"https:\/\/www.anovapeneira.gal\/#website","url":"https:\/\/www.anovapeneira.gal\/","name":"","description":"Xornal galego de informaci\u00f3n xeral Publicaci\u00f3n mensual de novas de Galicia e en especial dos Concellos da sur da provincia de Pontevedra.","publisher":{"@id":"https:\/\/www.anovapeneira.gal\/#organization"},"potentialAction":[{"@type":"SearchAction","target":{"@type":"EntryPoint","urlTemplate":"https:\/\/www.anovapeneira.gal\/?s={search_term_string}"},"query-input":{"@type":"PropertyValueSpecification","valueRequired":true,"valueName":"search_term_string"}}],"inLanguage":"gl-ES"},{"@type":"Organization","@id":"https:\/\/www.anovapeneira.gal\/#organization","name":"A Nova Peneira","url":"https:\/\/www.anovapeneira.gal\/","logo":{"@type":"ImageObject","inLanguage":"gl-ES","@id":"https:\/\/www.anovapeneira.gal\/#\/schema\/logo\/image\/","url":"http:\/\/www.anovapeneira.gal\/wp-content\/uploads\/2019\/06\/logo_a_nova_peneira_portal_web.png","contentUrl":"http:\/\/www.anovapeneira.gal\/wp-content\/uploads\/2019\/06\/logo_a_nova_peneira_portal_web.png","width":300,"height":100,"caption":"A Nova Peneira"},"image":{"@id":"https:\/\/www.anovapeneira.gal\/#\/schema\/logo\/image\/"},"sameAs":["https:\/\/www.facebook.com\/anovapeneira","https:\/\/x.com\/APeneira"]},{"@type":"Person","@id":"https:\/\/www.anovapeneira.gal\/#\/schema\/person\/b93e3f8932e3f8da96334607eb6ac6aa","name":"Redacci\u00f3n A Nova Peneira","image":{"@type":"ImageObject","inLanguage":"gl-ES","@id":"https:\/\/secure.gravatar.com\/avatar\/c052a2551a06e23fac63626232eaa90abd78dbcf1700fc46a2b2c89fd27b735f?s=96&d=mm&r=g","url":"https:\/\/secure.gravatar.com\/avatar\/c052a2551a06e23fac63626232eaa90abd78dbcf1700fc46a2b2c89fd27b735f?s=96&d=mm&r=g","contentUrl":"https:\/\/secure.gravatar.com\/avatar\/c052a2551a06e23fac63626232eaa90abd78dbcf1700fc46a2b2c89fd27b735f?s=96&d=mm&r=g","caption":"Redacci\u00f3n A Nova Peneira"},"sameAs":["http:\/\/www.anovapeneira.gal\/"],"url":"https:\/\/www.anovapeneira.gal\/index.php\/author\/redactor\/"}]}},"jetpack_featured_media_url":"https:\/\/www.anovapeneira.gal\/wp-content\/uploads\/2019\/08\/tranquilo_cesantes_a_nova_peneira.jpg","_links":{"self":[{"href":"https:\/\/www.anovapeneira.gal\/index.php\/wp-json\/wp\/v2\/posts\/1078","targetHints":{"allow":["GET"]}}],"collection":[{"href":"https:\/\/www.anovapeneira.gal\/index.php\/wp-json\/wp\/v2\/posts"}],"about":[{"href":"https:\/\/www.anovapeneira.gal\/index.php\/wp-json\/wp\/v2\/types\/post"}],"author":[{"embeddable":true,"href":"https:\/\/www.anovapeneira.gal\/index.php\/wp-json\/wp\/v2\/users\/3"}],"replies":[{"embeddable":true,"href":"https:\/\/www.anovapeneira.gal\/index.php\/wp-json\/wp\/v2\/comments?post=1078"}],"version-history":[{"count":1,"href":"https:\/\/www.anovapeneira.gal\/index.php\/wp-json\/wp\/v2\/posts\/1078\/revisions"}],"predecessor-version":[{"id":1080,"href":"https:\/\/www.anovapeneira.gal\/index.php\/wp-json\/wp\/v2\/posts\/1078\/revisions\/1080"}],"wp:featuredmedia":[{"embeddable":true,"href":"https:\/\/www.anovapeneira.gal\/index.php\/wp-json\/wp\/v2\/media\/1079"}],"wp:attachment":[{"href":"https:\/\/www.anovapeneira.gal\/index.php\/wp-json\/wp\/v2\/media?parent=1078"}],"wp:term":[{"taxonomy":"category","embeddable":true,"href":"https:\/\/www.anovapeneira.gal\/index.php\/wp-json\/wp\/v2\/categories?post=1078"},{"taxonomy":"post_tag","embeddable":true,"href":"https:\/\/www.anovapeneira.gal\/index.php\/wp-json\/wp\/v2\/tags?post=1078"}],"curies":[{"name":"wp","href":"https:\/\/api.w.org\/{rel}","templated":true}]}}