{"id":10788,"date":"2023-11-23T12:00:07","date_gmt":"2023-11-23T11:00:07","guid":{"rendered":"https:\/\/www.anovapeneira.gal\/?p=10788"},"modified":"2023-11-20T10:09:42","modified_gmt":"2023-11-20T09:09:42","slug":"tomino-transforma-o-campo-da-feira-nun-espazo-de-referencia-da-actividade-social-e-saudable","status":"publish","type":"post","link":"https:\/\/www.anovapeneira.gal\/index.php\/2023\/11\/23\/tomino-transforma-o-campo-da-feira-nun-espazo-de-referencia-da-actividade-social-e-saudable\/","title":{"rendered":"Tomi\u00f1o transforma o Campo da Feira nun espazo de referencia da actividade social e saudable"},"content":{"rendered":"\n<h2 class=\"wp-block-heading\"><strong>O Concello investiu preto de 220.000 euros financiados con fondos europeos para converter a contorna nun lugar que favoreza a actividade f\u00edsica e as relaci\u00f3ns interxeracionais<\/strong><\/h2>\n\n\n\n<p><strong>Tomi\u00f1o, 15 de novembro de 2023.<\/strong><\/p>\n\n\n\n<p>Tomi\u00f1o contin\u00faa dando pasos na recuperaci\u00f3n do espazo p\u00fablico para uso e desfrute da veci\u00f1anza. Neste cami\u00f1o, o Concello completou a transformaci\u00f3n do Campo da Feira nunha \u00e1rea moderna e contempor\u00e1nea coa creaci\u00f3n dun espazo de referencia da actividade social e saudable, xerando un lugar de encontro xuvenil no que se fomentan as relaci\u00f3ns interxeracionais, a actividade f\u00edsica, a promoci\u00f3n dos h\u00e1bitos de vida saudables ou o comercio local.<\/p>\n\n\n\n<p>\u201cO espazo p\u00fablico \u00e9 un dereito de todos os veci\u00f1os e veci\u00f1as e con este novo proxecto transformador seguimos traballando nunha senda que comezamos a trazar xa no 2010 con diferentes actuaci\u00f3ns por todo o concello\u201d, explicou a alcaldesa, Sandra Gonz\u00e1lez. A rexedora salientou ademais que con esta iniciativa \u201ccontrib\u00faese a mellorar a vida de tomi\u00f1eses e tomi\u00f1esas, a cambiar os seus h\u00e1bitos de mobilidade, a fomentar as relaci\u00f3ns sociais e reforzar o sentimento de comunidade\u201d.<\/p>\n\n\n\n<p>O obxectivo era completar a integraci\u00f3n do Campo da Feira no n\u00facleo urbano de Tomi\u00f1o, mellorando a s\u00faa accesibilidade e tecendo espazos p\u00fablicos que favorezan o paseo, o lecer e a convivencia e convertendo unha zona marxinal e pouco utilizada nun verdadeiro pulm\u00f3n verde, epicentro da actividade social xuvenil do municipio.<\/p>\n\n\n\n<figure class=\"wp-block-gallery has-nested-images columns-default is-cropped wp-block-gallery-1 is-layout-flex wp-block-gallery-is-layout-flex\">\n<figure class=\"wp-block-image size-large\"><img loading=\"lazy\" decoding=\"async\" width=\"1024\" height=\"575\" data-id=\"10791\" src=\"https:\/\/www.anovapeneira.gal\/wp-content\/uploads\/2023\/11\/Tomino-transforma-o-Campo-da-Feira-nun-espazo-de-referencia-da-actividade-social-e-saudable-03-1024x575.png\" alt=\"\" class=\"wp-image-10791\" srcset=\"https:\/\/www.anovapeneira.gal\/wp-content\/uploads\/2023\/11\/Tomino-transforma-o-Campo-da-Feira-nun-espazo-de-referencia-da-actividade-social-e-saudable-03-1024x575.png 1024w, https:\/\/www.anovapeneira.gal\/wp-content\/uploads\/2023\/11\/Tomino-transforma-o-Campo-da-Feira-nun-espazo-de-referencia-da-actividade-social-e-saudable-03-300x168.png 300w, https:\/\/www.anovapeneira.gal\/wp-content\/uploads\/2023\/11\/Tomino-transforma-o-Campo-da-Feira-nun-espazo-de-referencia-da-actividade-social-e-saudable-03-768x431.png 768w, https:\/\/www.anovapeneira.gal\/wp-content\/uploads\/2023\/11\/Tomino-transforma-o-Campo-da-Feira-nun-espazo-de-referencia-da-actividade-social-e-saudable-03-1536x862.png 1536w, https:\/\/www.anovapeneira.gal\/wp-content\/uploads\/2023\/11\/Tomino-transforma-o-Campo-da-Feira-nun-espazo-de-referencia-da-actividade-social-e-saudable-03-678x381.png 678w, https:\/\/www.anovapeneira.gal\/wp-content\/uploads\/2023\/11\/Tomino-transforma-o-Campo-da-Feira-nun-espazo-de-referencia-da-actividade-social-e-saudable-03.png 1721w\" sizes=\"auto, (max-width: 1024px) 100vw, 1024px\" \/><\/figure>\n\n\n\n<figure class=\"wp-block-image size-large\"><img loading=\"lazy\" decoding=\"async\" width=\"1024\" height=\"597\" data-id=\"10792\" src=\"https:\/\/www.anovapeneira.gal\/wp-content\/uploads\/2023\/11\/Tomino-transforma-o-Campo-da-Feira-nun-espazo-de-referencia-da-actividade-social-e-saudable-02-1024x597.png\" alt=\"\" class=\"wp-image-10792\" srcset=\"https:\/\/www.anovapeneira.gal\/wp-content\/uploads\/2023\/11\/Tomino-transforma-o-Campo-da-Feira-nun-espazo-de-referencia-da-actividade-social-e-saudable-02-1024x597.png 1024w, https:\/\/www.anovapeneira.gal\/wp-content\/uploads\/2023\/11\/Tomino-transforma-o-Campo-da-Feira-nun-espazo-de-referencia-da-actividade-social-e-saudable-02-300x175.png 300w, https:\/\/www.anovapeneira.gal\/wp-content\/uploads\/2023\/11\/Tomino-transforma-o-Campo-da-Feira-nun-espazo-de-referencia-da-actividade-social-e-saudable-02-768x448.png 768w, https:\/\/www.anovapeneira.gal\/wp-content\/uploads\/2023\/11\/Tomino-transforma-o-Campo-da-Feira-nun-espazo-de-referencia-da-actividade-social-e-saudable-02-1536x896.png 1536w, https:\/\/www.anovapeneira.gal\/wp-content\/uploads\/2023\/11\/Tomino-transforma-o-Campo-da-Feira-nun-espazo-de-referencia-da-actividade-social-e-saudable-02.png 1662w\" sizes=\"auto, (max-width: 1024px) 100vw, 1024px\" \/><\/figure>\n\n\n\n<figure class=\"wp-block-image size-large\"><img loading=\"lazy\" decoding=\"async\" width=\"1024\" height=\"565\" data-id=\"10789\" src=\"https:\/\/www.anovapeneira.gal\/wp-content\/uploads\/2023\/11\/Tomino-transforma-o-Campo-da-Feira-nun-espazo-de-referencia-da-actividade-social-e-saudable-05-1024x565.png\" alt=\"\" class=\"wp-image-10789\" srcset=\"https:\/\/www.anovapeneira.gal\/wp-content\/uploads\/2023\/11\/Tomino-transforma-o-Campo-da-Feira-nun-espazo-de-referencia-da-actividade-social-e-saudable-05-1024x565.png 1024w, https:\/\/www.anovapeneira.gal\/wp-content\/uploads\/2023\/11\/Tomino-transforma-o-Campo-da-Feira-nun-espazo-de-referencia-da-actividade-social-e-saudable-05-300x166.png 300w, https:\/\/www.anovapeneira.gal\/wp-content\/uploads\/2023\/11\/Tomino-transforma-o-Campo-da-Feira-nun-espazo-de-referencia-da-actividade-social-e-saudable-05-768x424.png 768w, https:\/\/www.anovapeneira.gal\/wp-content\/uploads\/2023\/11\/Tomino-transforma-o-Campo-da-Feira-nun-espazo-de-referencia-da-actividade-social-e-saudable-05-1536x848.png 1536w, https:\/\/www.anovapeneira.gal\/wp-content\/uploads\/2023\/11\/Tomino-transforma-o-Campo-da-Feira-nun-espazo-de-referencia-da-actividade-social-e-saudable-05.png 1717w\" sizes=\"auto, (max-width: 1024px) 100vw, 1024px\" \/><\/figure>\n\n\n\n<figure class=\"wp-block-image size-large\"><img loading=\"lazy\" decoding=\"async\" width=\"1024\" height=\"577\" data-id=\"10793\" src=\"https:\/\/www.anovapeneira.gal\/wp-content\/uploads\/2023\/11\/Tomino-transforma-o-Campo-da-Feira-nun-espazo-de-referencia-da-actividade-social-e-saudable-04-1024x577.png\" alt=\"\" class=\"wp-image-10793\" srcset=\"https:\/\/www.anovapeneira.gal\/wp-content\/uploads\/2023\/11\/Tomino-transforma-o-Campo-da-Feira-nun-espazo-de-referencia-da-actividade-social-e-saudable-04-1024x577.png 1024w, https:\/\/www.anovapeneira.gal\/wp-content\/uploads\/2023\/11\/Tomino-transforma-o-Campo-da-Feira-nun-espazo-de-referencia-da-actividade-social-e-saudable-04-300x169.png 300w, https:\/\/www.anovapeneira.gal\/wp-content\/uploads\/2023\/11\/Tomino-transforma-o-Campo-da-Feira-nun-espazo-de-referencia-da-actividade-social-e-saudable-04-768x433.png 768w, https:\/\/www.anovapeneira.gal\/wp-content\/uploads\/2023\/11\/Tomino-transforma-o-Campo-da-Feira-nun-espazo-de-referencia-da-actividade-social-e-saudable-04-1536x866.png 1536w, https:\/\/www.anovapeneira.gal\/wp-content\/uploads\/2023\/11\/Tomino-transforma-o-Campo-da-Feira-nun-espazo-de-referencia-da-actividade-social-e-saudable-04-678x381.png 678w, https:\/\/www.anovapeneira.gal\/wp-content\/uploads\/2023\/11\/Tomino-transforma-o-Campo-da-Feira-nun-espazo-de-referencia-da-actividade-social-e-saudable-04.png 1714w\" sizes=\"auto, (max-width: 1024px) 100vw, 1024px\" \/><\/figure>\n<\/figure>\n\n\n\n<p>A trav\u00e9s desta actuaci\u00f3n o Concello creou unha contorna saudable no interior do parque do Campo da Feira, eliminando barreiras arquitect\u00f3nicas e propo\u00f1endo un lugar totalmente accesible coa creaci\u00f3n de espazos para realizar actividade f\u00edsica ao aire libre. As\u00ed, dotouse unha \u00e1rea para a pr\u00e1ctica de skate; dese\u00f1ouse unha \u00e1rea de xogos activos para fomentar a autonom\u00eda, coordinaci\u00f3n e as habilidades sociais de nenos e nenas e instalouse unha mesa para desfrutar dunha modalidade deportiva diferente: o futtoc.<\/p>\n\n\n\n<p>O novo tapiz verde de c\u00e9spede permeable serve de escenario para o xogo e as actividades impulsadas dende a OMIX de Tomi\u00f1o e o novo mobiliario urbano permite unha estancia confortable para as persoas maiores, con mesas e bancos para a pr\u00e1ctica de xadrez ou outros xogos baixo a sombra de \u00e1rbores centenarios. A mellora da iluminaci\u00f3n garante ademais a seguridade do espazo.<\/p>\n\n\n\n<p>Tr\u00e1tase dunha intervenci\u00f3n realizada pensando tam\u00e9n nun Tomi\u00f1o m\u00e1is sostible, con pavimentos drenantes que facilitan a hidrataci\u00f3n do chan para o desenvolvemento das especies arb\u00f3reas e como ferramenta para diminu\u00edr o grao de contaminaci\u00f3n fluvial, e cunha zona de compostaxe para a recollida de residuos org\u00e1nicos promovida ao abeiro do programa Revitaliza da Deputaci\u00f3n de Pontevedra.<\/p>\n\n\n\n<p>O Concello investiu case 220.000 euros na transformaci\u00f3n deste espazo, nunha actuaci\u00f3n financiada con fondos europeos NextGenerationEU a trav\u00e9s dunha li\u00f1a de axudas para a realizaci\u00f3n de acci\u00f3ns destinadas \u00e1 promoci\u00f3n de vida saudable ao abeiro do Plan de Recuperaci\u00f3n, Transformaci\u00f3n e Resiliencia convocadas desde o Ministerio de Sanidade coa colaboraci\u00f3n da Federaci\u00f3n Espa\u00f1ola de Municipios e Provincias (FEMP).<\/p>\n","protected":false},"excerpt":{"rendered":"<div class=\"mh-excerpt\"><p>O Concello investiu preto de 220.000 euros financiados con fondos europeos para converter a contorna nun lugar que favoreza a actividade f\u00edsica e as relaci\u00f3ns interxeracionais <a class=\"mh-excerpt-more\" href=\"https:\/\/www.anovapeneira.gal\/index.php\/2023\/11\/23\/tomino-transforma-o-campo-da-feira-nun-espazo-de-referencia-da-actividade-social-e-saudable\/\" title=\"Tomi\u00f1o transforma o Campo da Feira nun espazo de referencia da actividade social e saudable\">[&#8230;]<\/a><\/p>\n<\/div>","protected":false},"author":3,"featured_media":10794,"comment_status":"closed","ping_status":"open","sticky":false,"template":"","format":"standard","meta":{"_exactmetrics_skip_tracking":false,"_exactmetrics_sitenote_active":false,"_exactmetrics_sitenote_note":"","_exactmetrics_sitenote_category":0,"footnotes":""},"categories":[21],"tags":[81],"class_list":{"0":"post-10788","1":"post","2":"type-post","3":"status-publish","4":"format-standard","5":"has-post-thumbnail","7":"category-baixo-mino","8":"tag-concello-de-tomino"},"yoast_head":"<!-- This site is optimized with the Yoast SEO plugin v27.4 - https:\/\/yoast.com\/product\/yoast-seo-wordpress\/ -->\n<title>Tomi\u00f1o transforma o Campo da Feira nun espazo de referencia da actividade social e saudable -<\/title>\n<meta name=\"description\" content=\"O Concello investiu preto de 220.000 euros financiados con fondos europeos para converter a contorna nun lugar que favoreza a actividade f\u00edsica e as relaci\u00f3ns interxeracionais\" \/>\n<meta name=\"robots\" content=\"index, follow, max-snippet:-1, max-image-preview:large, max-video-preview:-1\" \/>\n<link rel=\"canonical\" href=\"https:\/\/www.anovapeneira.gal\/index.php\/2023\/11\/23\/tomino-transforma-o-campo-da-feira-nun-espazo-de-referencia-da-actividade-social-e-saudable\/\" \/>\n<meta property=\"og:locale\" content=\"gl_ES\" \/>\n<meta property=\"og:type\" content=\"article\" \/>\n<meta property=\"og:title\" content=\"Tomi\u00f1o transforma o Campo da Feira nun espazo de referencia da actividade social e saudable -\" \/>\n<meta property=\"og:description\" content=\"O Concello investiu preto de 220.000 euros financiados con fondos europeos para converter a contorna nun lugar que favoreza a actividade f\u00edsica e as relaci\u00f3ns interxeracionais\" \/>\n<meta property=\"og:url\" content=\"https:\/\/www.anovapeneira.gal\/index.php\/2023\/11\/23\/tomino-transforma-o-campo-da-feira-nun-espazo-de-referencia-da-actividade-social-e-saudable\/\" \/>\n<meta property=\"article:publisher\" content=\"https:\/\/www.facebook.com\/anovapeneira\" \/>\n<meta property=\"article:published_time\" content=\"2023-11-23T11:00:07+00:00\" \/>\n<meta property=\"og:image\" content=\"https:\/\/www.anovapeneira.gal\/wp-content\/uploads\/2023\/11\/Campo_da_Feira.png\" \/>\n\t<meta property=\"og:image:width\" content=\"720\" \/>\n\t<meta property=\"og:image:height\" content=\"432\" \/>\n\t<meta property=\"og:image:type\" content=\"image\/png\" \/>\n<meta name=\"author\" content=\"Redacci\u00f3n A Nova Peneira\" \/>\n<meta name=\"twitter:card\" content=\"summary_large_image\" \/>\n<meta name=\"twitter:creator\" content=\"@APeneira\" \/>\n<meta name=\"twitter:site\" content=\"@APeneira\" \/>\n<meta name=\"twitter:label1\" content=\"Escrito por\" \/>\n\t<meta name=\"twitter:data1\" content=\"Redacci\u00f3n A Nova Peneira\" \/>\n\t<meta name=\"twitter:label2\" content=\"Tempo de lectura\" \/>\n\t<meta name=\"twitter:data2\" content=\"4 minutos\" \/>\n<script type=\"application\/ld+json\" class=\"yoast-schema-graph\">{\"@context\":\"https:\\\/\\\/schema.org\",\"@graph\":[{\"@type\":\"Article\",\"@id\":\"https:\\\/\\\/www.anovapeneira.gal\\\/index.php\\\/2023\\\/11\\\/23\\\/tomino-transforma-o-campo-da-feira-nun-espazo-de-referencia-da-actividade-social-e-saudable\\\/#article\",\"isPartOf\":{\"@id\":\"https:\\\/\\\/www.anovapeneira.gal\\\/index.php\\\/2023\\\/11\\\/23\\\/tomino-transforma-o-campo-da-feira-nun-espazo-de-referencia-da-actividade-social-e-saudable\\\/\"},\"author\":{\"name\":\"Redacci\u00f3n A Nova Peneira\",\"@id\":\"https:\\\/\\\/www.anovapeneira.gal\\\/#\\\/schema\\\/person\\\/b93e3f8932e3f8da96334607eb6ac6aa\"},\"headline\":\"Tomi\u00f1o transforma o Campo da Feira nun espazo de referencia da actividade social e saudable\",\"datePublished\":\"2023-11-23T11:00:07+00:00\",\"mainEntityOfPage\":{\"@id\":\"https:\\\/\\\/www.anovapeneira.gal\\\/index.php\\\/2023\\\/11\\\/23\\\/tomino-transforma-o-campo-da-feira-nun-espazo-de-referencia-da-actividade-social-e-saudable\\\/\"},\"wordCount\":562,\"publisher\":{\"@id\":\"https:\\\/\\\/www.anovapeneira.gal\\\/#organization\"},\"image\":{\"@id\":\"https:\\\/\\\/www.anovapeneira.gal\\\/index.php\\\/2023\\\/11\\\/23\\\/tomino-transforma-o-campo-da-feira-nun-espazo-de-referencia-da-actividade-social-e-saudable\\\/#primaryimage\"},\"thumbnailUrl\":\"https:\\\/\\\/www.anovapeneira.gal\\\/wp-content\\\/uploads\\\/2023\\\/11\\\/Campo_da_Feira.png\",\"keywords\":[\"Concello de Tomi\u00f1o\"],\"articleSection\":[\"Baixo Mi\u00f1o\"],\"inLanguage\":\"gl-ES\"},{\"@type\":\"WebPage\",\"@id\":\"https:\\\/\\\/www.anovapeneira.gal\\\/index.php\\\/2023\\\/11\\\/23\\\/tomino-transforma-o-campo-da-feira-nun-espazo-de-referencia-da-actividade-social-e-saudable\\\/\",\"url\":\"https:\\\/\\\/www.anovapeneira.gal\\\/index.php\\\/2023\\\/11\\\/23\\\/tomino-transforma-o-campo-da-feira-nun-espazo-de-referencia-da-actividade-social-e-saudable\\\/\",\"name\":\"Tomi\u00f1o transforma o Campo da Feira nun espazo de referencia da actividade social e saudable -\",\"isPartOf\":{\"@id\":\"https:\\\/\\\/www.anovapeneira.gal\\\/#website\"},\"primaryImageOfPage\":{\"@id\":\"https:\\\/\\\/www.anovapeneira.gal\\\/index.php\\\/2023\\\/11\\\/23\\\/tomino-transforma-o-campo-da-feira-nun-espazo-de-referencia-da-actividade-social-e-saudable\\\/#primaryimage\"},\"image\":{\"@id\":\"https:\\\/\\\/www.anovapeneira.gal\\\/index.php\\\/2023\\\/11\\\/23\\\/tomino-transforma-o-campo-da-feira-nun-espazo-de-referencia-da-actividade-social-e-saudable\\\/#primaryimage\"},\"thumbnailUrl\":\"https:\\\/\\\/www.anovapeneira.gal\\\/wp-content\\\/uploads\\\/2023\\\/11\\\/Campo_da_Feira.png\",\"datePublished\":\"2023-11-23T11:00:07+00:00\",\"description\":\"O Concello investiu preto de 220.000 euros financiados con fondos europeos para converter a contorna nun lugar que favoreza a actividade f\u00edsica e as relaci\u00f3ns interxeracionais\",\"breadcrumb\":{\"@id\":\"https:\\\/\\\/www.anovapeneira.gal\\\/index.php\\\/2023\\\/11\\\/23\\\/tomino-transforma-o-campo-da-feira-nun-espazo-de-referencia-da-actividade-social-e-saudable\\\/#breadcrumb\"},\"inLanguage\":\"gl-ES\",\"potentialAction\":[{\"@type\":\"ReadAction\",\"target\":[\"https:\\\/\\\/www.anovapeneira.gal\\\/index.php\\\/2023\\\/11\\\/23\\\/tomino-transforma-o-campo-da-feira-nun-espazo-de-referencia-da-actividade-social-e-saudable\\\/\"]}]},{\"@type\":\"ImageObject\",\"inLanguage\":\"gl-ES\",\"@id\":\"https:\\\/\\\/www.anovapeneira.gal\\\/index.php\\\/2023\\\/11\\\/23\\\/tomino-transforma-o-campo-da-feira-nun-espazo-de-referencia-da-actividade-social-e-saudable\\\/#primaryimage\",\"url\":\"https:\\\/\\\/www.anovapeneira.gal\\\/wp-content\\\/uploads\\\/2023\\\/11\\\/Campo_da_Feira.png\",\"contentUrl\":\"https:\\\/\\\/www.anovapeneira.gal\\\/wp-content\\\/uploads\\\/2023\\\/11\\\/Campo_da_Feira.png\",\"width\":720,\"height\":432,\"caption\":\"Tomi\u00f1o transforma o Campo da Feira nun espazo de referencia da actividade social e saudable\"},{\"@type\":\"BreadcrumbList\",\"@id\":\"https:\\\/\\\/www.anovapeneira.gal\\\/index.php\\\/2023\\\/11\\\/23\\\/tomino-transforma-o-campo-da-feira-nun-espazo-de-referencia-da-actividade-social-e-saudable\\\/#breadcrumb\",\"itemListElement\":[{\"@type\":\"ListItem\",\"position\":1,\"name\":\"Portada\",\"item\":\"https:\\\/\\\/www.anovapeneira.gal\\\/\"},{\"@type\":\"ListItem\",\"position\":2,\"name\":\"Tomi\u00f1o transforma o Campo da Feira nun espazo de referencia da actividade social e saudable\"}]},{\"@type\":\"WebSite\",\"@id\":\"https:\\\/\\\/www.anovapeneira.gal\\\/#website\",\"url\":\"https:\\\/\\\/www.anovapeneira.gal\\\/\",\"name\":\"\",\"description\":\"Xornal galego de informaci\u00f3n xeral Publicaci\u00f3n mensual de novas de Galicia e en especial dos Concellos da sur da provincia de Pontevedra.\",\"publisher\":{\"@id\":\"https:\\\/\\\/www.anovapeneira.gal\\\/#organization\"},\"potentialAction\":[{\"@type\":\"SearchAction\",\"target\":{\"@type\":\"EntryPoint\",\"urlTemplate\":\"https:\\\/\\\/www.anovapeneira.gal\\\/?s={search_term_string}\"},\"query-input\":{\"@type\":\"PropertyValueSpecification\",\"valueRequired\":true,\"valueName\":\"search_term_string\"}}],\"inLanguage\":\"gl-ES\"},{\"@type\":\"Organization\",\"@id\":\"https:\\\/\\\/www.anovapeneira.gal\\\/#organization\",\"name\":\"A Nova Peneira\",\"url\":\"https:\\\/\\\/www.anovapeneira.gal\\\/\",\"logo\":{\"@type\":\"ImageObject\",\"inLanguage\":\"gl-ES\",\"@id\":\"https:\\\/\\\/www.anovapeneira.gal\\\/#\\\/schema\\\/logo\\\/image\\\/\",\"url\":\"http:\\\/\\\/www.anovapeneira.gal\\\/wp-content\\\/uploads\\\/2019\\\/06\\\/logo_a_nova_peneira_portal_web.png\",\"contentUrl\":\"http:\\\/\\\/www.anovapeneira.gal\\\/wp-content\\\/uploads\\\/2019\\\/06\\\/logo_a_nova_peneira_portal_web.png\",\"width\":300,\"height\":100,\"caption\":\"A Nova Peneira\"},\"image\":{\"@id\":\"https:\\\/\\\/www.anovapeneira.gal\\\/#\\\/schema\\\/logo\\\/image\\\/\"},\"sameAs\":[\"https:\\\/\\\/www.facebook.com\\\/anovapeneira\",\"https:\\\/\\\/x.com\\\/APeneira\"]},{\"@type\":\"Person\",\"@id\":\"https:\\\/\\\/www.anovapeneira.gal\\\/#\\\/schema\\\/person\\\/b93e3f8932e3f8da96334607eb6ac6aa\",\"name\":\"Redacci\u00f3n A Nova Peneira\",\"image\":{\"@type\":\"ImageObject\",\"inLanguage\":\"gl-ES\",\"@id\":\"https:\\\/\\\/secure.gravatar.com\\\/avatar\\\/c052a2551a06e23fac63626232eaa90abd78dbcf1700fc46a2b2c89fd27b735f?s=96&d=mm&r=g\",\"url\":\"https:\\\/\\\/secure.gravatar.com\\\/avatar\\\/c052a2551a06e23fac63626232eaa90abd78dbcf1700fc46a2b2c89fd27b735f?s=96&d=mm&r=g\",\"contentUrl\":\"https:\\\/\\\/secure.gravatar.com\\\/avatar\\\/c052a2551a06e23fac63626232eaa90abd78dbcf1700fc46a2b2c89fd27b735f?s=96&d=mm&r=g\",\"caption\":\"Redacci\u00f3n A Nova Peneira\"},\"sameAs\":[\"http:\\\/\\\/www.anovapeneira.gal\\\/\"],\"url\":\"https:\\\/\\\/www.anovapeneira.gal\\\/index.php\\\/author\\\/redactor\\\/\"}]}<\/script>\n<!-- \/ Yoast SEO plugin. -->","yoast_head_json":{"title":"Tomi\u00f1o transforma o Campo da Feira nun espazo de referencia da actividade social e saudable -","description":"O Concello investiu preto de 220.000 euros financiados con fondos europeos para converter a contorna nun lugar que favoreza a actividade f\u00edsica e as relaci\u00f3ns interxeracionais","robots":{"index":"index","follow":"follow","max-snippet":"max-snippet:-1","max-image-preview":"max-image-preview:large","max-video-preview":"max-video-preview:-1"},"canonical":"https:\/\/www.anovapeneira.gal\/index.php\/2023\/11\/23\/tomino-transforma-o-campo-da-feira-nun-espazo-de-referencia-da-actividade-social-e-saudable\/","og_locale":"gl_ES","og_type":"article","og_title":"Tomi\u00f1o transforma o Campo da Feira nun espazo de referencia da actividade social e saudable -","og_description":"O Concello investiu preto de 220.000 euros financiados con fondos europeos para converter a contorna nun lugar que favoreza a actividade f\u00edsica e as relaci\u00f3ns interxeracionais","og_url":"https:\/\/www.anovapeneira.gal\/index.php\/2023\/11\/23\/tomino-transforma-o-campo-da-feira-nun-espazo-de-referencia-da-actividade-social-e-saudable\/","article_publisher":"https:\/\/www.facebook.com\/anovapeneira","article_published_time":"2023-11-23T11:00:07+00:00","og_image":[{"width":720,"height":432,"url":"https:\/\/www.anovapeneira.gal\/wp-content\/uploads\/2023\/11\/Campo_da_Feira.png","type":"image\/png"}],"author":"Redacci\u00f3n A Nova Peneira","twitter_card":"summary_large_image","twitter_creator":"@APeneira","twitter_site":"@APeneira","twitter_misc":{"Escrito por":"Redacci\u00f3n A Nova Peneira","Tempo de lectura":"4 minutos"},"schema":{"@context":"https:\/\/schema.org","@graph":[{"@type":"Article","@id":"https:\/\/www.anovapeneira.gal\/index.php\/2023\/11\/23\/tomino-transforma-o-campo-da-feira-nun-espazo-de-referencia-da-actividade-social-e-saudable\/#article","isPartOf":{"@id":"https:\/\/www.anovapeneira.gal\/index.php\/2023\/11\/23\/tomino-transforma-o-campo-da-feira-nun-espazo-de-referencia-da-actividade-social-e-saudable\/"},"author":{"name":"Redacci\u00f3n A Nova Peneira","@id":"https:\/\/www.anovapeneira.gal\/#\/schema\/person\/b93e3f8932e3f8da96334607eb6ac6aa"},"headline":"Tomi\u00f1o transforma o Campo da Feira nun espazo de referencia da actividade social e saudable","datePublished":"2023-11-23T11:00:07+00:00","mainEntityOfPage":{"@id":"https:\/\/www.anovapeneira.gal\/index.php\/2023\/11\/23\/tomino-transforma-o-campo-da-feira-nun-espazo-de-referencia-da-actividade-social-e-saudable\/"},"wordCount":562,"publisher":{"@id":"https:\/\/www.anovapeneira.gal\/#organization"},"image":{"@id":"https:\/\/www.anovapeneira.gal\/index.php\/2023\/11\/23\/tomino-transforma-o-campo-da-feira-nun-espazo-de-referencia-da-actividade-social-e-saudable\/#primaryimage"},"thumbnailUrl":"https:\/\/www.anovapeneira.gal\/wp-content\/uploads\/2023\/11\/Campo_da_Feira.png","keywords":["Concello de Tomi\u00f1o"],"articleSection":["Baixo Mi\u00f1o"],"inLanguage":"gl-ES"},{"@type":"WebPage","@id":"https:\/\/www.anovapeneira.gal\/index.php\/2023\/11\/23\/tomino-transforma-o-campo-da-feira-nun-espazo-de-referencia-da-actividade-social-e-saudable\/","url":"https:\/\/www.anovapeneira.gal\/index.php\/2023\/11\/23\/tomino-transforma-o-campo-da-feira-nun-espazo-de-referencia-da-actividade-social-e-saudable\/","name":"Tomi\u00f1o transforma o Campo da Feira nun espazo de referencia da actividade social e saudable -","isPartOf":{"@id":"https:\/\/www.anovapeneira.gal\/#website"},"primaryImageOfPage":{"@id":"https:\/\/www.anovapeneira.gal\/index.php\/2023\/11\/23\/tomino-transforma-o-campo-da-feira-nun-espazo-de-referencia-da-actividade-social-e-saudable\/#primaryimage"},"image":{"@id":"https:\/\/www.anovapeneira.gal\/index.php\/2023\/11\/23\/tomino-transforma-o-campo-da-feira-nun-espazo-de-referencia-da-actividade-social-e-saudable\/#primaryimage"},"thumbnailUrl":"https:\/\/www.anovapeneira.gal\/wp-content\/uploads\/2023\/11\/Campo_da_Feira.png","datePublished":"2023-11-23T11:00:07+00:00","description":"O Concello investiu preto de 220.000 euros financiados con fondos europeos para converter a contorna nun lugar que favoreza a actividade f\u00edsica e as relaci\u00f3ns interxeracionais","breadcrumb":{"@id":"https:\/\/www.anovapeneira.gal\/index.php\/2023\/11\/23\/tomino-transforma-o-campo-da-feira-nun-espazo-de-referencia-da-actividade-social-e-saudable\/#breadcrumb"},"inLanguage":"gl-ES","potentialAction":[{"@type":"ReadAction","target":["https:\/\/www.anovapeneira.gal\/index.php\/2023\/11\/23\/tomino-transforma-o-campo-da-feira-nun-espazo-de-referencia-da-actividade-social-e-saudable\/"]}]},{"@type":"ImageObject","inLanguage":"gl-ES","@id":"https:\/\/www.anovapeneira.gal\/index.php\/2023\/11\/23\/tomino-transforma-o-campo-da-feira-nun-espazo-de-referencia-da-actividade-social-e-saudable\/#primaryimage","url":"https:\/\/www.anovapeneira.gal\/wp-content\/uploads\/2023\/11\/Campo_da_Feira.png","contentUrl":"https:\/\/www.anovapeneira.gal\/wp-content\/uploads\/2023\/11\/Campo_da_Feira.png","width":720,"height":432,"caption":"Tomi\u00f1o transforma o Campo da Feira nun espazo de referencia da actividade social e saudable"},{"@type":"BreadcrumbList","@id":"https:\/\/www.anovapeneira.gal\/index.php\/2023\/11\/23\/tomino-transforma-o-campo-da-feira-nun-espazo-de-referencia-da-actividade-social-e-saudable\/#breadcrumb","itemListElement":[{"@type":"ListItem","position":1,"name":"Portada","item":"https:\/\/www.anovapeneira.gal\/"},{"@type":"ListItem","position":2,"name":"Tomi\u00f1o transforma o Campo da Feira nun espazo de referencia da actividade social e saudable"}]},{"@type":"WebSite","@id":"https:\/\/www.anovapeneira.gal\/#website","url":"https:\/\/www.anovapeneira.gal\/","name":"","description":"Xornal galego de informaci\u00f3n xeral Publicaci\u00f3n mensual de novas de Galicia e en especial dos Concellos da sur da provincia de Pontevedra.","publisher":{"@id":"https:\/\/www.anovapeneira.gal\/#organization"},"potentialAction":[{"@type":"SearchAction","target":{"@type":"EntryPoint","urlTemplate":"https:\/\/www.anovapeneira.gal\/?s={search_term_string}"},"query-input":{"@type":"PropertyValueSpecification","valueRequired":true,"valueName":"search_term_string"}}],"inLanguage":"gl-ES"},{"@type":"Organization","@id":"https:\/\/www.anovapeneira.gal\/#organization","name":"A Nova Peneira","url":"https:\/\/www.anovapeneira.gal\/","logo":{"@type":"ImageObject","inLanguage":"gl-ES","@id":"https:\/\/www.anovapeneira.gal\/#\/schema\/logo\/image\/","url":"http:\/\/www.anovapeneira.gal\/wp-content\/uploads\/2019\/06\/logo_a_nova_peneira_portal_web.png","contentUrl":"http:\/\/www.anovapeneira.gal\/wp-content\/uploads\/2019\/06\/logo_a_nova_peneira_portal_web.png","width":300,"height":100,"caption":"A Nova Peneira"},"image":{"@id":"https:\/\/www.anovapeneira.gal\/#\/schema\/logo\/image\/"},"sameAs":["https:\/\/www.facebook.com\/anovapeneira","https:\/\/x.com\/APeneira"]},{"@type":"Person","@id":"https:\/\/www.anovapeneira.gal\/#\/schema\/person\/b93e3f8932e3f8da96334607eb6ac6aa","name":"Redacci\u00f3n A Nova Peneira","image":{"@type":"ImageObject","inLanguage":"gl-ES","@id":"https:\/\/secure.gravatar.com\/avatar\/c052a2551a06e23fac63626232eaa90abd78dbcf1700fc46a2b2c89fd27b735f?s=96&d=mm&r=g","url":"https:\/\/secure.gravatar.com\/avatar\/c052a2551a06e23fac63626232eaa90abd78dbcf1700fc46a2b2c89fd27b735f?s=96&d=mm&r=g","contentUrl":"https:\/\/secure.gravatar.com\/avatar\/c052a2551a06e23fac63626232eaa90abd78dbcf1700fc46a2b2c89fd27b735f?s=96&d=mm&r=g","caption":"Redacci\u00f3n A Nova Peneira"},"sameAs":["http:\/\/www.anovapeneira.gal\/"],"url":"https:\/\/www.anovapeneira.gal\/index.php\/author\/redactor\/"}]}},"jetpack_featured_media_url":"https:\/\/www.anovapeneira.gal\/wp-content\/uploads\/2023\/11\/Campo_da_Feira.png","_links":{"self":[{"href":"https:\/\/www.anovapeneira.gal\/index.php\/wp-json\/wp\/v2\/posts\/10788","targetHints":{"allow":["GET"]}}],"collection":[{"href":"https:\/\/www.anovapeneira.gal\/index.php\/wp-json\/wp\/v2\/posts"}],"about":[{"href":"https:\/\/www.anovapeneira.gal\/index.php\/wp-json\/wp\/v2\/types\/post"}],"author":[{"embeddable":true,"href":"https:\/\/www.anovapeneira.gal\/index.php\/wp-json\/wp\/v2\/users\/3"}],"replies":[{"embeddable":true,"href":"https:\/\/www.anovapeneira.gal\/index.php\/wp-json\/wp\/v2\/comments?post=10788"}],"version-history":[{"count":1,"href":"https:\/\/www.anovapeneira.gal\/index.php\/wp-json\/wp\/v2\/posts\/10788\/revisions"}],"predecessor-version":[{"id":10795,"href":"https:\/\/www.anovapeneira.gal\/index.php\/wp-json\/wp\/v2\/posts\/10788\/revisions\/10795"}],"wp:featuredmedia":[{"embeddable":true,"href":"https:\/\/www.anovapeneira.gal\/index.php\/wp-json\/wp\/v2\/media\/10794"}],"wp:attachment":[{"href":"https:\/\/www.anovapeneira.gal\/index.php\/wp-json\/wp\/v2\/media?parent=10788"}],"wp:term":[{"taxonomy":"category","embeddable":true,"href":"https:\/\/www.anovapeneira.gal\/index.php\/wp-json\/wp\/v2\/categories?post=10788"},{"taxonomy":"post_tag","embeddable":true,"href":"https:\/\/www.anovapeneira.gal\/index.php\/wp-json\/wp\/v2\/tags?post=10788"}],"curies":[{"name":"wp","href":"https:\/\/api.w.org\/{rel}","templated":true}]}}