{"id":10797,"date":"2023-11-24T10:00:34","date_gmt":"2023-11-24T09:00:34","guid":{"rendered":"https:\/\/www.anovapeneira.gal\/?p=10797"},"modified":"2023-11-22T17:38:51","modified_gmt":"2023-11-22T16:38:51","slug":"luis-bara-deputado-do-bng-5","status":"publish","type":"post","link":"https:\/\/www.anovapeneira.gal\/index.php\/2023\/11\/24\/luis-bara-deputado-do-bng-5\/","title":{"rendered":"Luis Bar\u00e1 deputado do BNG"},"content":{"rendered":"\n<p><strong>Falamos co deputado Luis Bar\u00e1 para co\u00f1ecer como est\u00e1n os \u00e1nimos dos nacionalistas en relaci\u00f3n coa pr\u00f3xima cita convocatoria electoral, que sen d\u00fabida ser\u00e1 unha cita coa historia pois nunca , e cando digo nunca quero dicir nunca, o nacionalismo galego tivo posibilidades realistas de gobernar Galicia. Luis amosouse animado, consciente de que vai ser dif\u00edcil, e convencido de que estamos \u00e1s portas de que por primeira vez unha muller, unha nacionalista galega, poida presidir o goberno do pa\u00eds galego.<\/strong><\/p>\n\n\n\n<p>\u201c<strong>Temos unha oportunidade hist\u00f3rica de acadar a presidencia da Xunta. Ana Pont\u00f3n ten unhas cualidades que lle permiten chegar a todo tipo de sectores\u201d<\/strong><\/p>\n\n\n\n<p><strong>O presidente da Xunta, Alfonso Rueda, foi ao programa de Land Rober hai pouco. Foi a pintar a mona, como dic\u00eda o presentador Roberto Vilar, ou foi a outra cousa?<\/strong><\/p>\n\n\n\n<blockquote class=\"wp-block-quote is-layout-flow wp-block-quote-is-layout-flow\">\n<p>Foi porque hai datos que din que Rueda ten un baixo nivel de co\u00f1ecemento e de valoraci\u00f3n, ten un perfil de se\u00f1orito urbano, de persoa distante e pouco humana. Foi a este programa porque desde o PP est\u00e1n a tentarlle constru\u00edr un perfil. Este programa ti\u00f1a o formato perfecto para isto.<\/p>\n<\/blockquote>\n\n\n\n<p><strong>Crees que o PP utiliza aos medios p\u00fablicos para o beneficio partidista ?<\/strong><\/p>\n\n\n\n<blockquote class=\"wp-block-quote is-layout-flow wp-block-quote-is-layout-flow\">\n<p>Iso \u00e9 unha evidencia. Xa o fac\u00edan na \u00e9poca de Feixoo. Radio Televisi\u00f3n de Galicia funciona como gabinete de prensa do Partido Popular. Todo o que ten que ver cos informativos te\u00f1en a funci\u00f3n de promover e enxalzar o labor do PP e dos seus l\u00edderes.<\/p>\n<\/blockquote>\n\n\n\n<p><strong>Escoitei con moita atenci\u00f3n o discurso do portavoz PP, Alberto Pazos, no debate do estado da naci\u00f3n, e no referente ao asunto da TVG, dic\u00eda que o goberno bipartito era peor.<\/strong><\/p>\n\n\n\n<blockquote class=\"wp-block-quote is-layout-flow wp-block-quote-is-layout-flow\">\n<p>Cando o PP ten algunha dificultade para xustificar anomal\u00edas ou irregularidades mira para atr\u00e1s e busca a ver se hai algo no bipartito co que compararse. No caso de que iso fose as\u00ed, iso non significa que agora o fagan mal eles tam\u00e9n.<\/p>\n<\/blockquote>\n\n\n\n<p><strong>Utilizar os medios p\u00fablicos de maneira partidista \u00e9 grave, pero lexislar ad hoc para tratar de saltarse as sentenzas xudiciais a min par\u00e9ceme m\u00e1is que grave. E te\u00f1o a sensaci\u00f3n de que no tema dos e\u00f3licos a Xunta trata de regular para tratar de liquidar os impedimentos xudiciais a distintos parques e\u00f3licos aos que os tribunais lles deron para atr\u00e1s. Consideras que isto \u00e9 as\u00ed?<\/strong><\/p>\n\n\n\n<blockquote class=\"wp-block-quote is-layout-flow wp-block-quote-is-layout-flow\">\n<p>Considero que fixeron tal cantidade de chapuzas lexislativas e de parches que agora o Tribunal de Xustiza de Galicia est\u00e1 a botarlle abaixo practicamente todos os proxectos. O PP est\u00e1 a facer unha campa\u00f1a de coacci\u00f3n, chantaxe e presi\u00f3n aos tribunais de xustiza utilizando a propia Xunta de Galicia, como \u00e1 patronal e\u00f3lica, \u00e1 patronal empresarial, a CCOO, a UXT e a outras entidades sociais para presionar ao TXG dicindo que hai inseguridade xur\u00eddica.<\/p>\n<\/blockquote>\n\n\n\n<p><strong>Debido a esta campa\u00f1a de presi\u00f3n, crees que estas sentenzas do Tribunal Supremo que invalidan estes parques e\u00f3licos poidan perigar?<\/strong><\/p>\n\n\n\n<blockquote class=\"wp-block-quote is-layout-flow wp-block-quote-is-layout-flow\">\n<p>Se a sentenza que est\u00e1 no Supremo, que \u00e9 a do parque e\u00f3lico de Corne, se ga\u00f1a neste tribunal , isto provocar\u00eda un efecto domin\u00f3 e caer\u00edan practicamente todos os parques porque todos te\u00f1en o mesmo erro de tramitaci\u00f3n. Isto ser\u00eda un desastre para o PP e estas empresas.<\/p>\n<\/blockquote>\n\n\n\n<blockquote class=\"wp-block-quote is-layout-flow wp-block-quote-is-layout-flow\">\n<p>O PP di que se est\u00e1 paralizando o sector e\u00f3lico e perdendo moitos postos de traballo. Isto \u00e9 falso, foi o PP quen o paralizou no 2009 e, nos anos 2017-2018, abriuse unha especie de barra libre e tramit\u00e1ronse centos de proxectos.<\/p>\n<\/blockquote>\n\n\n\n<p><strong>Como est\u00e1 o de Ence, ves algunha posibilidade de que desapareza da r\u00eda de Pontevedra?<\/strong><\/p>\n\n\n\n<blockquote class=\"wp-block-quote is-layout-flow wp-block-quote-is-layout-flow\">\n<p>O concello vai presentar un recurso no Tribunal Constitucional e est\u00e1 pendente a s\u00faa valoraci\u00f3n por unha suposta vulneraci\u00f3n de dereitos. Este tr\u00e1mite \u00e9 necesario para acudir \u00e1 xustiza europea. Neste tribunal hai antecedentes como o da AP9 que permiten ser optimistas. Hai casos parecidos de concesi\u00f3ns de infraestruturas p\u00fablicas nas que non se seguiu o procedemento da normativa europea.<\/p>\n<\/blockquote>\n\n\n\n<p><strong>En relaci\u00f3n ao Concello de Pontevedra, pouco despois de entrar esta nova Deputaci\u00f3n, o concello mandou unha nota de prensa lai\u00e1ndose da paralizaci\u00f3n da remodelaci\u00f3n do convento de Santa Clara. E nestes d\u00eda a Deputaci\u00f3n acaba de mandar outra nota de prensa dicindo que Santa Clara foi espoliada polo Concello de Pontevedra. Espoliou o goberno de Pontevedra o convento de Santa Clara?<\/strong><\/p>\n\n\n\n<blockquote class=\"wp-block-quote is-layout-flow wp-block-quote-is-layout-flow\">\n<p>Isto \u00e9 unha fuxida cara adiante de \u201cdemolici\u00f3ns Dom\u00ednguez \u201c, as\u00ed o chamamos n\u00f3s a Rafa Dom\u00ednguez, que \u00e9 o vicepresidente da DEPO. Este se\u00f1or, criticou e estivo tentado deslucir a compra de Santa Clara, que foi unha gran operaci\u00f3n cun prezo razoable. Nesta operaci\u00f3n as monxas puxeron unhas condici\u00f3ns e unha delas era levar o mobiliario e demais que eran da s\u00faa propiedade. Agora que est\u00e1 na DEPO, e est\u00e1 a ter moitas cr\u00edticas, este se\u00f1or est\u00e1 a tentar defenderse con estes ataques.<\/p>\n<\/blockquote>\n\n\n\n<p><strong>Rafael Dom\u00ednguez \u00e9 o novo responsable de memoria hist\u00f3rica na DEPO, non?<\/strong><\/p>\n\n\n\n<blockquote class=\"wp-block-quote is-layout-flow wp-block-quote-is-layout-flow\">\n<p>A memoria hist\u00f3rica xa non existe na DEPO. Non hai departamento, nin programaci\u00f3n, nin nada.<\/p>\n<\/blockquote>\n\n\n\n<p><strong>Val\u00f3rame o resultado das elecci\u00f3ns municipais e estatais do BNG.<\/strong><\/p>\n\n\n\n<blockquote class=\"wp-block-quote is-layout-flow wp-block-quote-is-layout-flow\">\n<p>Nas elecci\u00f3ns municipais houbo un bo resultado, cunha subida importante. Tam\u00e9n houbo datos negativos, como foi perder algunha alcald\u00eda referente do BNG por motivo dalgunha substituci\u00f3n hist\u00f3rica como por exemplo Ponteareas co falecemento de Pepe Represas . Para compensar destacar\u00eda o enorme impacto positivo da alcald\u00eda de Santiago de Compostela, algo que para o nacionalismo ten un elevado valor simb\u00f3lico. Moi importante tam\u00e9n a incorporaci\u00f3n de moit\u00edsima xente nova con perf\u00eds profesionais interesantes.<\/p>\n<\/blockquote>\n\n\n\n<p><strong>Co resultado das elecci\u00f3ns municipais, perdeuse a Deputaci\u00f3n de Pontevedra. Que consecuencias vai ter isto para as pontevedresas e os pontevedreses?<\/strong><\/p>\n\n\n\n<blockquote class=\"wp-block-quote is-layout-flow wp-block-quote-is-layout-flow\">\n<p>Creo que \u00e9 a perda da DEPO foi consecuencia directa do resultado do PSOE en Vigo, que baixou moit\u00edsimos votos. A\u00ednda que son cr\u00edtico co papel das deputaci\u00f3ns mentres existan teremos que tratar de que sexan \u00fatiles, e isto \u00e9 un retroceso evidente. O BNG lideraba aspectos tan relevantes como a compostaxe dos residuos, o Plan \u00c1gora de mobilidade e transformaci\u00f3n de n\u00facleos urbanos, as pol\u00edticas de memoria hist\u00f3rica, igualdade. Todos estes campos actualmente non te\u00f1en ning\u00fan departamento na DEPO e este gasto adxudicarano a outras causas.<\/p>\n<\/blockquote>\n\n\n\n<p><strong>Co\u00f1eces o cruzamento de Setados, no concello das Neves? \u00c9 un cruzamento moi perigoso e o anterior Goberno de As Neves levaba anos solicitando \u00e1 Xunta modificalo. A resposta da Xunta de Galicia a este tema sempre foi non, resposta da conselleira Ethel V\u00e1zquez. Como \u00e9 posible que agora, que entrou o PP no concello, o goberno local anuncie un acordo con esa mesma conselleira para e arranxar ese grave problema de tr\u00e1fico?<\/strong><\/p>\n\n\n\n<blockquote class=\"wp-block-quote is-layout-flow wp-block-quote-is-layout-flow\">\n<p>Si, co\u00f1\u00e9zoo. Levo sete anos metendo esta emenda no Parlamento, o PP sempre votou en contra. Esta actuaci\u00f3n \u00e9 un cl\u00e1sico do PP.<\/p>\n<\/blockquote>\n\n\n\n<p><strong>Val\u00f3rame as elecci\u00f3ns do Estado.<\/strong><\/p>\n\n\n\n<blockquote class=\"wp-block-quote is-layout-flow wp-block-quote-is-layout-flow\">\n<p>O BNG foi a cuarta forza que m\u00e1is subiu no Estado e o noso deputado foi o m\u00e1is caro tam\u00e9n. Custounos 153.000 votos. Con este sistema electoral c\u00fastanos moit\u00edsimo obter deputados. Isto deixounos un sabor agridoce. En Pontevedra ti\u00f1amos fundadas esperanzas de quitar representante e non a sacamos. Non puido ser malia subirmos, nesa provincia, 14.000 votos, pois pasamos dos 39.000 aos 53.000. Que con 53.000 votos na provincia de Pontevedra non obtiveramos representaci\u00f3n fala ben \u00e1s claras do dif\u00edcil que \u00e9 para o BNG. Subimos, e temos tam\u00e9n unha senadora, pero non acadamos o noso obxectivo de ter dous representantes no congreso, isto dar\u00edanos moit\u00edsima m\u00e1is forza negociadora.<\/p>\n<\/blockquote>\n\n\n\n<p><strong>F\u00e1lame do acordo de investidura BNG-PSOE.<\/strong><\/p>\n\n\n\n<blockquote class=\"wp-block-quote is-layout-flow wp-block-quote-is-layout-flow\">\n<p>Acordo positivo e beneficioso para Galicia. Isto dem\u00f3strao a reacci\u00f3n do PP, que est\u00e1n rabiosos. Qu\u00e9reno desacreditar criticando. A quita da d\u00e9beda, a AP9, os xulgados, trens, dependencia, pensi\u00f3ns. Este foi un acordo de investidura e temos que traballar para que se cumpra e seguir conseguindo cousas. Creouse entre PSOE e BNG unha comisi\u00f3n de seguimento para asegurar que todo o acordado se cumpra.<\/p>\n<\/blockquote>\n\n\n\n<p><strong>Val\u00f3rame o traballo de Carme Da Silva no Senado?<\/strong><\/p>\n\n\n\n<blockquote class=\"wp-block-quote is-layout-flow wp-block-quote-is-layout-flow\">\n<p>Traballo complementario a nivel territorial e de tem\u00e1ticas polas s\u00faas caracter\u00edsticas e calidades. Moitas veces fanse cousas en Madrid que non te\u00f1en transcendencia p\u00fablica pero que son moi importantes.<\/p>\n<\/blockquote>\n\n\n\n<p><strong>Cando prev\u00e9s que convoquen as elecci\u00f3ns galegas?<\/strong><\/p>\n\n\n\n<blockquote class=\"wp-block-quote is-layout-flow wp-block-quote-is-layout-flow\">\n<p>Polos datos que temos ser\u00e1n na primavera, cremos que, entre marzo e xu\u00f1o, ou mesmo que coincida coas europeas de xullo, segundo lle interese a Rueda.<\/p>\n<\/blockquote>\n\n\n\n<p><strong>Tratando de non confundir a realidade co desexo: hai posibilidades realistas de que Ana Pont\u00f3n sexa presidenta da Xunta?<\/strong><\/p>\n\n\n\n<blockquote class=\"wp-block-quote is-layout-flow wp-block-quote-is-layout-flow\">\n<p>Si, todas. Penso que hai unhas circunstancias moi propicias e nunca houbo unha situaci\u00f3n semellante.<\/p>\n<\/blockquote>\n\n\n\n<p><strong>Nunca na historia do nacionalismo?<\/strong><\/p>\n\n\n\n<blockquote class=\"wp-block-quote is-layout-flow wp-block-quote-is-layout-flow\">\n<p>Ana Pont\u00f3n, como l\u00edder, ten unhas cualidades e unhas caracter\u00edsticas que nunca tivo ning\u00fan l\u00edder no BNG. Ten moita capacidade de aglutinar o voto do \u00e1mbito nacionalista e de esquerdas, pero ten tam\u00e9n moita capacidade para chegar a outros p\u00fablicos.<\/p>\n<\/blockquote>\n\n\n\n<blockquote class=\"wp-block-quote is-layout-flow wp-block-quote-is-layout-flow\">\n<p>A clave est\u00e1 en xerar expectaci\u00f3n e ilusi\u00f3n de cambio para mobilizar ao voto abstencionista que pensa que como o PP vai ga\u00f1ar xa non van votar. Se somos capaces disto, ent\u00f3n \u00e9 posible. Todas as enquisas din que o BNG segue subindo e o PP est\u00e1 \u00e1 baixa e Rueda non termina de consolidarse como l\u00edder.<\/p>\n<\/blockquote>\n\n\n\n<blockquote class=\"wp-block-quote is-layout-flow wp-block-quote-is-layout-flow\">\n<p>Creo que temos unha oportunidade hist\u00f3rica e estamos en condici\u00f3ns de conquistar a presidencia da Xunta. Ademais estamos nun momento determinante, se non conseguimos o goberno, o pa\u00eds entra nun proceso de grave deterioraci\u00f3n en econom\u00eda, industria, ataque ao territorio, \u00e1 identidade da lingua e \u00e1 cultura. Temos que chegar ao goberno para reverter este proceso .<\/p>\n<\/blockquote>\n","protected":false},"excerpt":{"rendered":"<div class=\"mh-excerpt\"><p>Falamos co deputado Luis Bar\u00e1 para co\u00f1ecer como est\u00e1n os \u00e1nimos dos nacionalistas en relaci\u00f3n coa pr\u00f3xima cita convocatoria electoral, que sen d\u00fabida ser\u00e1 unha cita coa historia pois nunca , e cando digo nunca quero dicir nunca, o nacionalismo galego tivo posibilidades realistas de gobernar Galicia <a class=\"mh-excerpt-more\" href=\"https:\/\/www.anovapeneira.gal\/index.php\/2023\/11\/24\/luis-bara-deputado-do-bng-5\/\" title=\"Luis Bar\u00e1 deputado do BNG\">[&#8230;]<\/a><\/p>\n<\/div>","protected":false},"author":3,"featured_media":10798,"comment_status":"open","ping_status":"open","sticky":false,"template":"","format":"standard","meta":{"_exactmetrics_skip_tracking":false,"_exactmetrics_sitenote_active":false,"_exactmetrics_sitenote_note":"","_exactmetrics_sitenote_category":0,"footnotes":""},"categories":[264],"tags":[10,372],"class_list":{"0":"post-10797","1":"post","2":"type-post","3":"status-publish","4":"format-standard","5":"has-post-thumbnail","7":"category-entrevistas-galicia","8":"tag-bng","9":"tag-luis-bara"},"yoast_head":"<!-- This site is optimized with the Yoast SEO plugin v27.4 - https:\/\/yoast.com\/product\/yoast-seo-wordpress\/ -->\n<title>Luis Bar\u00e1 deputado do BNG -<\/title>\n<meta name=\"description\" content=\"Falamos co deputado Luis Bar\u00e1 para co\u00f1ecer como est\u00e1n os \u00e1nimos dos nacionalistas en relaci\u00f3n coa pr\u00f3xima cita convocatoria electoral, que sen d\u00fabida ser\u00e1 unha cita coa historia pois nunca , e cando digo nunca quero dicir nunca, o nacionalismo galego tivo posibilidades realistas de gobernar Galicia\" \/>\n<meta name=\"robots\" content=\"index, follow, max-snippet:-1, max-image-preview:large, max-video-preview:-1\" \/>\n<link rel=\"canonical\" href=\"https:\/\/www.anovapeneira.gal\/index.php\/2023\/11\/24\/luis-bara-deputado-do-bng-5\/\" \/>\n<meta property=\"og:locale\" content=\"gl_ES\" \/>\n<meta property=\"og:type\" content=\"article\" \/>\n<meta property=\"og:title\" content=\"Luis Bar\u00e1 deputado do BNG -\" \/>\n<meta property=\"og:description\" content=\"Falamos co deputado Luis Bar\u00e1 para co\u00f1ecer como est\u00e1n os \u00e1nimos dos nacionalistas en relaci\u00f3n coa pr\u00f3xima cita convocatoria electoral, que sen d\u00fabida ser\u00e1 unha cita coa historia pois nunca , e cando digo nunca quero dicir nunca, o nacionalismo galego tivo posibilidades realistas de gobernar Galicia\" \/>\n<meta property=\"og:url\" content=\"https:\/\/www.anovapeneira.gal\/index.php\/2023\/11\/24\/luis-bara-deputado-do-bng-5\/\" \/>\n<meta property=\"article:publisher\" content=\"https:\/\/www.facebook.com\/anovapeneira\" \/>\n<meta property=\"article:published_time\" content=\"2023-11-24T09:00:34+00:00\" \/>\n<meta property=\"og:image\" content=\"https:\/\/www.anovapeneira.gal\/wp-content\/uploads\/2023\/11\/bng_luis_bara.jpg\" \/>\n\t<meta property=\"og:image:width\" content=\"720\" \/>\n\t<meta property=\"og:image:height\" content=\"432\" \/>\n\t<meta property=\"og:image:type\" content=\"image\/jpeg\" \/>\n<meta name=\"author\" content=\"Redacci\u00f3n A Nova Peneira\" \/>\n<meta name=\"twitter:card\" content=\"summary_large_image\" \/>\n<meta name=\"twitter:creator\" content=\"@APeneira\" \/>\n<meta name=\"twitter:site\" content=\"@APeneira\" \/>\n<meta name=\"twitter:label1\" content=\"Escrito por\" \/>\n\t<meta name=\"twitter:data1\" content=\"Redacci\u00f3n A Nova Peneira\" \/>\n\t<meta name=\"twitter:label2\" content=\"Tempo de lectura\" \/>\n\t<meta name=\"twitter:data2\" content=\"3 minutos\" \/>\n<script type=\"application\/ld+json\" class=\"yoast-schema-graph\">{\"@context\":\"https:\\\/\\\/schema.org\",\"@graph\":[{\"@type\":\"Article\",\"@id\":\"https:\\\/\\\/www.anovapeneira.gal\\\/index.php\\\/2023\\\/11\\\/24\\\/luis-bara-deputado-do-bng-5\\\/#article\",\"isPartOf\":{\"@id\":\"https:\\\/\\\/www.anovapeneira.gal\\\/index.php\\\/2023\\\/11\\\/24\\\/luis-bara-deputado-do-bng-5\\\/\"},\"author\":{\"name\":\"Redacci\u00f3n A Nova Peneira\",\"@id\":\"https:\\\/\\\/www.anovapeneira.gal\\\/#\\\/schema\\\/person\\\/b93e3f8932e3f8da96334607eb6ac6aa\"},\"headline\":\"Luis Bar\u00e1 deputado do BNG\",\"datePublished\":\"2023-11-24T09:00:34+00:00\",\"mainEntityOfPage\":{\"@id\":\"https:\\\/\\\/www.anovapeneira.gal\\\/index.php\\\/2023\\\/11\\\/24\\\/luis-bara-deputado-do-bng-5\\\/\"},\"wordCount\":1686,\"commentCount\":0,\"publisher\":{\"@id\":\"https:\\\/\\\/www.anovapeneira.gal\\\/#organization\"},\"image\":{\"@id\":\"https:\\\/\\\/www.anovapeneira.gal\\\/index.php\\\/2023\\\/11\\\/24\\\/luis-bara-deputado-do-bng-5\\\/#primaryimage\"},\"thumbnailUrl\":\"https:\\\/\\\/www.anovapeneira.gal\\\/wp-content\\\/uploads\\\/2023\\\/11\\\/bng_luis_bara.jpg\",\"keywords\":[\"BNG\",\"Lu\u00eds Bar\u00e1\"],\"articleSection\":[\"Entrevistas\"],\"inLanguage\":\"gl-ES\",\"potentialAction\":[{\"@type\":\"CommentAction\",\"name\":\"Comment\",\"target\":[\"https:\\\/\\\/www.anovapeneira.gal\\\/index.php\\\/2023\\\/11\\\/24\\\/luis-bara-deputado-do-bng-5\\\/#respond\"]}]},{\"@type\":\"WebPage\",\"@id\":\"https:\\\/\\\/www.anovapeneira.gal\\\/index.php\\\/2023\\\/11\\\/24\\\/luis-bara-deputado-do-bng-5\\\/\",\"url\":\"https:\\\/\\\/www.anovapeneira.gal\\\/index.php\\\/2023\\\/11\\\/24\\\/luis-bara-deputado-do-bng-5\\\/\",\"name\":\"Luis Bar\u00e1 deputado do BNG -\",\"isPartOf\":{\"@id\":\"https:\\\/\\\/www.anovapeneira.gal\\\/#website\"},\"primaryImageOfPage\":{\"@id\":\"https:\\\/\\\/www.anovapeneira.gal\\\/index.php\\\/2023\\\/11\\\/24\\\/luis-bara-deputado-do-bng-5\\\/#primaryimage\"},\"image\":{\"@id\":\"https:\\\/\\\/www.anovapeneira.gal\\\/index.php\\\/2023\\\/11\\\/24\\\/luis-bara-deputado-do-bng-5\\\/#primaryimage\"},\"thumbnailUrl\":\"https:\\\/\\\/www.anovapeneira.gal\\\/wp-content\\\/uploads\\\/2023\\\/11\\\/bng_luis_bara.jpg\",\"datePublished\":\"2023-11-24T09:00:34+00:00\",\"description\":\"Falamos co deputado Luis Bar\u00e1 para co\u00f1ecer como est\u00e1n os \u00e1nimos dos nacionalistas en relaci\u00f3n coa pr\u00f3xima cita convocatoria electoral, que sen d\u00fabida ser\u00e1 unha cita coa historia pois nunca , e cando digo nunca quero dicir nunca, o nacionalismo galego tivo posibilidades realistas de gobernar Galicia\",\"breadcrumb\":{\"@id\":\"https:\\\/\\\/www.anovapeneira.gal\\\/index.php\\\/2023\\\/11\\\/24\\\/luis-bara-deputado-do-bng-5\\\/#breadcrumb\"},\"inLanguage\":\"gl-ES\",\"potentialAction\":[{\"@type\":\"ReadAction\",\"target\":[\"https:\\\/\\\/www.anovapeneira.gal\\\/index.php\\\/2023\\\/11\\\/24\\\/luis-bara-deputado-do-bng-5\\\/\"]}]},{\"@type\":\"ImageObject\",\"inLanguage\":\"gl-ES\",\"@id\":\"https:\\\/\\\/www.anovapeneira.gal\\\/index.php\\\/2023\\\/11\\\/24\\\/luis-bara-deputado-do-bng-5\\\/#primaryimage\",\"url\":\"https:\\\/\\\/www.anovapeneira.gal\\\/wp-content\\\/uploads\\\/2023\\\/11\\\/bng_luis_bara.jpg\",\"contentUrl\":\"https:\\\/\\\/www.anovapeneira.gal\\\/wp-content\\\/uploads\\\/2023\\\/11\\\/bng_luis_bara.jpg\",\"width\":720,\"height\":432,\"caption\":\"Luis Bar\u00e1 deputado do BNG\"},{\"@type\":\"BreadcrumbList\",\"@id\":\"https:\\\/\\\/www.anovapeneira.gal\\\/index.php\\\/2023\\\/11\\\/24\\\/luis-bara-deputado-do-bng-5\\\/#breadcrumb\",\"itemListElement\":[{\"@type\":\"ListItem\",\"position\":1,\"name\":\"Portada\",\"item\":\"https:\\\/\\\/www.anovapeneira.gal\\\/\"},{\"@type\":\"ListItem\",\"position\":2,\"name\":\"Luis Bar\u00e1 deputado do BNG\"}]},{\"@type\":\"WebSite\",\"@id\":\"https:\\\/\\\/www.anovapeneira.gal\\\/#website\",\"url\":\"https:\\\/\\\/www.anovapeneira.gal\\\/\",\"name\":\"\",\"description\":\"Xornal galego de informaci\u00f3n xeral Publicaci\u00f3n mensual de novas de Galicia e en especial dos Concellos da sur da provincia de Pontevedra.\",\"publisher\":{\"@id\":\"https:\\\/\\\/www.anovapeneira.gal\\\/#organization\"},\"potentialAction\":[{\"@type\":\"SearchAction\",\"target\":{\"@type\":\"EntryPoint\",\"urlTemplate\":\"https:\\\/\\\/www.anovapeneira.gal\\\/?s={search_term_string}\"},\"query-input\":{\"@type\":\"PropertyValueSpecification\",\"valueRequired\":true,\"valueName\":\"search_term_string\"}}],\"inLanguage\":\"gl-ES\"},{\"@type\":\"Organization\",\"@id\":\"https:\\\/\\\/www.anovapeneira.gal\\\/#organization\",\"name\":\"A Nova Peneira\",\"url\":\"https:\\\/\\\/www.anovapeneira.gal\\\/\",\"logo\":{\"@type\":\"ImageObject\",\"inLanguage\":\"gl-ES\",\"@id\":\"https:\\\/\\\/www.anovapeneira.gal\\\/#\\\/schema\\\/logo\\\/image\\\/\",\"url\":\"http:\\\/\\\/www.anovapeneira.gal\\\/wp-content\\\/uploads\\\/2019\\\/06\\\/logo_a_nova_peneira_portal_web.png\",\"contentUrl\":\"http:\\\/\\\/www.anovapeneira.gal\\\/wp-content\\\/uploads\\\/2019\\\/06\\\/logo_a_nova_peneira_portal_web.png\",\"width\":300,\"height\":100,\"caption\":\"A Nova Peneira\"},\"image\":{\"@id\":\"https:\\\/\\\/www.anovapeneira.gal\\\/#\\\/schema\\\/logo\\\/image\\\/\"},\"sameAs\":[\"https:\\\/\\\/www.facebook.com\\\/anovapeneira\",\"https:\\\/\\\/x.com\\\/APeneira\"]},{\"@type\":\"Person\",\"@id\":\"https:\\\/\\\/www.anovapeneira.gal\\\/#\\\/schema\\\/person\\\/b93e3f8932e3f8da96334607eb6ac6aa\",\"name\":\"Redacci\u00f3n A Nova Peneira\",\"image\":{\"@type\":\"ImageObject\",\"inLanguage\":\"gl-ES\",\"@id\":\"https:\\\/\\\/secure.gravatar.com\\\/avatar\\\/c052a2551a06e23fac63626232eaa90abd78dbcf1700fc46a2b2c89fd27b735f?s=96&d=mm&r=g\",\"url\":\"https:\\\/\\\/secure.gravatar.com\\\/avatar\\\/c052a2551a06e23fac63626232eaa90abd78dbcf1700fc46a2b2c89fd27b735f?s=96&d=mm&r=g\",\"contentUrl\":\"https:\\\/\\\/secure.gravatar.com\\\/avatar\\\/c052a2551a06e23fac63626232eaa90abd78dbcf1700fc46a2b2c89fd27b735f?s=96&d=mm&r=g\",\"caption\":\"Redacci\u00f3n A Nova Peneira\"},\"sameAs\":[\"http:\\\/\\\/www.anovapeneira.gal\\\/\"],\"url\":\"https:\\\/\\\/www.anovapeneira.gal\\\/index.php\\\/author\\\/redactor\\\/\"}]}<\/script>\n<!-- \/ Yoast SEO plugin. -->","yoast_head_json":{"title":"Luis Bar\u00e1 deputado do BNG -","description":"Falamos co deputado Luis Bar\u00e1 para co\u00f1ecer como est\u00e1n os \u00e1nimos dos nacionalistas en relaci\u00f3n coa pr\u00f3xima cita convocatoria electoral, que sen d\u00fabida ser\u00e1 unha cita coa historia pois nunca , e cando digo nunca quero dicir nunca, o nacionalismo galego tivo posibilidades realistas de gobernar Galicia","robots":{"index":"index","follow":"follow","max-snippet":"max-snippet:-1","max-image-preview":"max-image-preview:large","max-video-preview":"max-video-preview:-1"},"canonical":"https:\/\/www.anovapeneira.gal\/index.php\/2023\/11\/24\/luis-bara-deputado-do-bng-5\/","og_locale":"gl_ES","og_type":"article","og_title":"Luis Bar\u00e1 deputado do BNG -","og_description":"Falamos co deputado Luis Bar\u00e1 para co\u00f1ecer como est\u00e1n os \u00e1nimos dos nacionalistas en relaci\u00f3n coa pr\u00f3xima cita convocatoria electoral, que sen d\u00fabida ser\u00e1 unha cita coa historia pois nunca , e cando digo nunca quero dicir nunca, o nacionalismo galego tivo posibilidades realistas de gobernar Galicia","og_url":"https:\/\/www.anovapeneira.gal\/index.php\/2023\/11\/24\/luis-bara-deputado-do-bng-5\/","article_publisher":"https:\/\/www.facebook.com\/anovapeneira","article_published_time":"2023-11-24T09:00:34+00:00","og_image":[{"width":720,"height":432,"url":"https:\/\/www.anovapeneira.gal\/wp-content\/uploads\/2023\/11\/bng_luis_bara.jpg","type":"image\/jpeg"}],"author":"Redacci\u00f3n A Nova Peneira","twitter_card":"summary_large_image","twitter_creator":"@APeneira","twitter_site":"@APeneira","twitter_misc":{"Escrito por":"Redacci\u00f3n A Nova Peneira","Tempo de lectura":"3 minutos"},"schema":{"@context":"https:\/\/schema.org","@graph":[{"@type":"Article","@id":"https:\/\/www.anovapeneira.gal\/index.php\/2023\/11\/24\/luis-bara-deputado-do-bng-5\/#article","isPartOf":{"@id":"https:\/\/www.anovapeneira.gal\/index.php\/2023\/11\/24\/luis-bara-deputado-do-bng-5\/"},"author":{"name":"Redacci\u00f3n A Nova Peneira","@id":"https:\/\/www.anovapeneira.gal\/#\/schema\/person\/b93e3f8932e3f8da96334607eb6ac6aa"},"headline":"Luis Bar\u00e1 deputado do BNG","datePublished":"2023-11-24T09:00:34+00:00","mainEntityOfPage":{"@id":"https:\/\/www.anovapeneira.gal\/index.php\/2023\/11\/24\/luis-bara-deputado-do-bng-5\/"},"wordCount":1686,"commentCount":0,"publisher":{"@id":"https:\/\/www.anovapeneira.gal\/#organization"},"image":{"@id":"https:\/\/www.anovapeneira.gal\/index.php\/2023\/11\/24\/luis-bara-deputado-do-bng-5\/#primaryimage"},"thumbnailUrl":"https:\/\/www.anovapeneira.gal\/wp-content\/uploads\/2023\/11\/bng_luis_bara.jpg","keywords":["BNG","Lu\u00eds Bar\u00e1"],"articleSection":["Entrevistas"],"inLanguage":"gl-ES","potentialAction":[{"@type":"CommentAction","name":"Comment","target":["https:\/\/www.anovapeneira.gal\/index.php\/2023\/11\/24\/luis-bara-deputado-do-bng-5\/#respond"]}]},{"@type":"WebPage","@id":"https:\/\/www.anovapeneira.gal\/index.php\/2023\/11\/24\/luis-bara-deputado-do-bng-5\/","url":"https:\/\/www.anovapeneira.gal\/index.php\/2023\/11\/24\/luis-bara-deputado-do-bng-5\/","name":"Luis Bar\u00e1 deputado do BNG -","isPartOf":{"@id":"https:\/\/www.anovapeneira.gal\/#website"},"primaryImageOfPage":{"@id":"https:\/\/www.anovapeneira.gal\/index.php\/2023\/11\/24\/luis-bara-deputado-do-bng-5\/#primaryimage"},"image":{"@id":"https:\/\/www.anovapeneira.gal\/index.php\/2023\/11\/24\/luis-bara-deputado-do-bng-5\/#primaryimage"},"thumbnailUrl":"https:\/\/www.anovapeneira.gal\/wp-content\/uploads\/2023\/11\/bng_luis_bara.jpg","datePublished":"2023-11-24T09:00:34+00:00","description":"Falamos co deputado Luis Bar\u00e1 para co\u00f1ecer como est\u00e1n os \u00e1nimos dos nacionalistas en relaci\u00f3n coa pr\u00f3xima cita convocatoria electoral, que sen d\u00fabida ser\u00e1 unha cita coa historia pois nunca , e cando digo nunca quero dicir nunca, o nacionalismo galego tivo posibilidades realistas de gobernar Galicia","breadcrumb":{"@id":"https:\/\/www.anovapeneira.gal\/index.php\/2023\/11\/24\/luis-bara-deputado-do-bng-5\/#breadcrumb"},"inLanguage":"gl-ES","potentialAction":[{"@type":"ReadAction","target":["https:\/\/www.anovapeneira.gal\/index.php\/2023\/11\/24\/luis-bara-deputado-do-bng-5\/"]}]},{"@type":"ImageObject","inLanguage":"gl-ES","@id":"https:\/\/www.anovapeneira.gal\/index.php\/2023\/11\/24\/luis-bara-deputado-do-bng-5\/#primaryimage","url":"https:\/\/www.anovapeneira.gal\/wp-content\/uploads\/2023\/11\/bng_luis_bara.jpg","contentUrl":"https:\/\/www.anovapeneira.gal\/wp-content\/uploads\/2023\/11\/bng_luis_bara.jpg","width":720,"height":432,"caption":"Luis Bar\u00e1 deputado do BNG"},{"@type":"BreadcrumbList","@id":"https:\/\/www.anovapeneira.gal\/index.php\/2023\/11\/24\/luis-bara-deputado-do-bng-5\/#breadcrumb","itemListElement":[{"@type":"ListItem","position":1,"name":"Portada","item":"https:\/\/www.anovapeneira.gal\/"},{"@type":"ListItem","position":2,"name":"Luis Bar\u00e1 deputado do BNG"}]},{"@type":"WebSite","@id":"https:\/\/www.anovapeneira.gal\/#website","url":"https:\/\/www.anovapeneira.gal\/","name":"","description":"Xornal galego de informaci\u00f3n xeral Publicaci\u00f3n mensual de novas de Galicia e en especial dos Concellos da sur da provincia de Pontevedra.","publisher":{"@id":"https:\/\/www.anovapeneira.gal\/#organization"},"potentialAction":[{"@type":"SearchAction","target":{"@type":"EntryPoint","urlTemplate":"https:\/\/www.anovapeneira.gal\/?s={search_term_string}"},"query-input":{"@type":"PropertyValueSpecification","valueRequired":true,"valueName":"search_term_string"}}],"inLanguage":"gl-ES"},{"@type":"Organization","@id":"https:\/\/www.anovapeneira.gal\/#organization","name":"A Nova Peneira","url":"https:\/\/www.anovapeneira.gal\/","logo":{"@type":"ImageObject","inLanguage":"gl-ES","@id":"https:\/\/www.anovapeneira.gal\/#\/schema\/logo\/image\/","url":"http:\/\/www.anovapeneira.gal\/wp-content\/uploads\/2019\/06\/logo_a_nova_peneira_portal_web.png","contentUrl":"http:\/\/www.anovapeneira.gal\/wp-content\/uploads\/2019\/06\/logo_a_nova_peneira_portal_web.png","width":300,"height":100,"caption":"A Nova Peneira"},"image":{"@id":"https:\/\/www.anovapeneira.gal\/#\/schema\/logo\/image\/"},"sameAs":["https:\/\/www.facebook.com\/anovapeneira","https:\/\/x.com\/APeneira"]},{"@type":"Person","@id":"https:\/\/www.anovapeneira.gal\/#\/schema\/person\/b93e3f8932e3f8da96334607eb6ac6aa","name":"Redacci\u00f3n A Nova Peneira","image":{"@type":"ImageObject","inLanguage":"gl-ES","@id":"https:\/\/secure.gravatar.com\/avatar\/c052a2551a06e23fac63626232eaa90abd78dbcf1700fc46a2b2c89fd27b735f?s=96&d=mm&r=g","url":"https:\/\/secure.gravatar.com\/avatar\/c052a2551a06e23fac63626232eaa90abd78dbcf1700fc46a2b2c89fd27b735f?s=96&d=mm&r=g","contentUrl":"https:\/\/secure.gravatar.com\/avatar\/c052a2551a06e23fac63626232eaa90abd78dbcf1700fc46a2b2c89fd27b735f?s=96&d=mm&r=g","caption":"Redacci\u00f3n A Nova Peneira"},"sameAs":["http:\/\/www.anovapeneira.gal\/"],"url":"https:\/\/www.anovapeneira.gal\/index.php\/author\/redactor\/"}]}},"jetpack_featured_media_url":"https:\/\/www.anovapeneira.gal\/wp-content\/uploads\/2023\/11\/bng_luis_bara.jpg","_links":{"self":[{"href":"https:\/\/www.anovapeneira.gal\/index.php\/wp-json\/wp\/v2\/posts\/10797","targetHints":{"allow":["GET"]}}],"collection":[{"href":"https:\/\/www.anovapeneira.gal\/index.php\/wp-json\/wp\/v2\/posts"}],"about":[{"href":"https:\/\/www.anovapeneira.gal\/index.php\/wp-json\/wp\/v2\/types\/post"}],"author":[{"embeddable":true,"href":"https:\/\/www.anovapeneira.gal\/index.php\/wp-json\/wp\/v2\/users\/3"}],"replies":[{"embeddable":true,"href":"https:\/\/www.anovapeneira.gal\/index.php\/wp-json\/wp\/v2\/comments?post=10797"}],"version-history":[{"count":1,"href":"https:\/\/www.anovapeneira.gal\/index.php\/wp-json\/wp\/v2\/posts\/10797\/revisions"}],"predecessor-version":[{"id":10799,"href":"https:\/\/www.anovapeneira.gal\/index.php\/wp-json\/wp\/v2\/posts\/10797\/revisions\/10799"}],"wp:featuredmedia":[{"embeddable":true,"href":"https:\/\/www.anovapeneira.gal\/index.php\/wp-json\/wp\/v2\/media\/10798"}],"wp:attachment":[{"href":"https:\/\/www.anovapeneira.gal\/index.php\/wp-json\/wp\/v2\/media?parent=10797"}],"wp:term":[{"taxonomy":"category","embeddable":true,"href":"https:\/\/www.anovapeneira.gal\/index.php\/wp-json\/wp\/v2\/categories?post=10797"},{"taxonomy":"post_tag","embeddable":true,"href":"https:\/\/www.anovapeneira.gal\/index.php\/wp-json\/wp\/v2\/tags?post=10797"}],"curies":[{"name":"wp","href":"https:\/\/api.w.org\/{rel}","templated":true}]}}