{"id":10804,"date":"2023-11-27T10:00:04","date_gmt":"2023-11-27T09:00:04","guid":{"rendered":"https:\/\/www.anovapeneira.gal\/?p=10804"},"modified":"2023-11-27T07:58:46","modified_gmt":"2023-11-27T06:58:46","slug":"a-defensa-do-louro-como-elemento-vertebrador-do-porrino","status":"publish","type":"post","link":"https:\/\/www.anovapeneira.gal\/index.php\/2023\/11\/27\/a-defensa-do-louro-como-elemento-vertebrador-do-porrino\/","title":{"rendered":"A defensa do Louro como elemento vertebrador do Porri\u00f1o"},"content":{"rendered":"\n<p>O BNG considera que o r\u00edo Louro \u00e9 prioritario para O Porri\u00f1o, tanto como espazo natural como de lecer. Con vistas de p\u00f3lo en valor, organizou o pasado 12 de novembro unha <strong>andaina<\/strong>. Nela deuse a co\u00f1ecer a diversidade das ribeiras do r\u00edo Louro e destacouse o seu interese ecol\u00f3xico<em>. <\/em>A ruta, que contou coa participaci\u00f3n dun nutrido grupo de persoas, estivo dinamizada polo t\u00e9cnico ambiental e concelleiro nacionalista, Marcelo Rodr\u00edguez. Falou de ecosistemas e de especies, co dobre fin de valorizar o r\u00edo no seu paso polo Porri\u00f1o e tam\u00e9n de aprender cuesti\u00f3ns relativas \u00e1 s\u00faa protecci\u00f3n.<\/p>\n\n\n\n<p>Esta acci\u00f3n forma parte da <strong>li\u00f1a de actuaci\u00f3ns<\/strong> que o BNG est\u00e1 a p\u00f3r en marcha con vistas de conseguir para o r\u00edo a figura de <strong>protecci\u00f3n ENIL<\/strong> (Espazo Natural de Interese Local). O ENIL \u00e9 unha <strong>ferramenta poderosa ao alcance da administraci\u00f3n local<\/strong> que axudar\u00eda a rexenerar os bosques de ribeira e tam\u00e9n a defendelos de futuras ameazas. O caso do Centro de Servizos ao Transporte proxectado en Torneiros \u00e9 un bo exemplo de ameaza futura. Por outra banda, \u00e9 necesario conseguir unha maior implicaci\u00f3n cidad\u00e1 no coidado activo do r\u00edo e esta implicaci\u00f3n \u00e9 m\u00e1is posible v\u00eda o co\u00f1ecemento que nos leva a estimar os valores naturais do noso territorio.<\/p>\n\n\n\n<p>No <strong>pleno de maio de 2022<\/strong> <strong>aprobouse por unanimidade a moci\u00f3n presentada polo BNG para impulsar a declaraci\u00f3n do r\u00edo Louro e dos seus regos Laxes e Fonteli\u00f1o (Couso) como ENIL<\/strong>. Esta figura de protecci\u00f3n out\u00f3rgaa a Consellar\u00eda de Medio Ambiente, Territorio e Vivenda da Xunta de Galicia, mais despois de que o Concello elabore unha proposta de memoria motivada. \u00c1 vista de que <strong>o PP mantivo paralizada a tramitaci\u00f3n ano e medio<\/strong> e que nos orzamentos municipais non se contemplou unha partida para tramitar o expediente, o BNG, o pasado mes de setembro, volveu a insistir na importancia de declarar o r\u00edo Louro Espazo Natural de Interese Local. Neste caso, o voto do PP foi negativo. <strong>Polos anuncios do goberno que preside Alejandro Lorenzo<\/strong>, a s\u00faa intenci\u00f3n \u00e9 usar o espazo \u00e1 beira do r\u00edo para grandes eventos, permitir o tr\u00e1fico rodado e crear zonas de aparcamento. \u00c9 dicir, <strong>o PP ten un proxecto incompatible co reco\u00f1ecemento ambiental que se pretende conseguir<\/strong>.<\/p>\n\n\n\n<p>A aposta por incrementar zonas verdes e humanizaci\u00f3ns sempre formou parte do modelo de vila que o Bloque defende para O Porri\u00f1o. Na etapa 2003-2010, <strong>no goberno dirixido polo BNG, abr\u00edronse as sendas peon\u00eds polo Louro<\/strong>. Ademais, durante a etapa bipartita, desde a Concellar\u00eda de Urbanismo que dirix\u00eda o actual portavoz do BNG, Pedro Pereira, <strong>compr\u00e1ronse parcelas<\/strong> pr\u00f3ximas ao r\u00edo para recuperar un entorno de gran valor ambiental. Suman un total <strong>de preto de 20.000m<\/strong><sup><strong>2<\/strong><\/sup> que permiten crear unha importante zona verde e de lecer tan necesaria para o centro urbano. En consonancia con esta aposta, <strong>o BNG tenlle demandado repetidamente ao Goberno de Espa\u00f1a,<\/strong> a trav\u00e9s de emendas aos orzamentos xerais do Estado, a <strong>instalaci\u00f3n de barreiras sonoras na autov\u00eda<\/strong> para evitar a contaminaci\u00f3n ac\u00fastica coa que esta infraestrutura est\u00e1 a afectar este entorno natural. Paralelamente, a formaci\u00f3n soberanista <strong>ten reclamado ante a Xunta de Galicia a sinatura dun convenio de colaboraci\u00f3n coa empresa enerx\u00e9tica Naturgy, para poder investir en soterrar as li\u00f1as de alta tensi\u00f3n<\/strong> que atravesan as ribeiras do Louro ao seu paso polo Porri\u00f1o.<\/p>\n\n\n\n<p>No BNG somos conscientes de que a recuperaci\u00f3n integral do espazo urbano do r\u00edo non ser\u00e1 completa mentres o matadoiro permaneza na s\u00faa localizaci\u00f3n actual, que, a d\u00eda hoxe, non atende a ning\u00fan criterio l\u00f3xico: nin desde o punto de vista do medio, nin pola s\u00faa proximidade coas vivendas do casco urbano, nin sequera pensando na propia expansi\u00f3n da empresa<strong>. <\/strong>A declaraci\u00f3n do ENIL ten que axudar a traballar nun traslado do matadoiro necesario para converter o Louro no pulm\u00f3n verde que O Porri\u00f1o precisa. <strong>Reclam\u00e1moslle ao PP retomar o cami\u00f1o das negociaci\u00f3ns iniciadas polo BNG co Grupo Coren no 2005<\/strong>, desde os gobernos local e auton\u00f3mico dos que formabamos parte.<\/p>\n\n\n\n<p>O futuro do Porri\u00f1o pasa por afianzar e fortalecer o seu car\u00e1cter industrial, pero temos que conseguir que vaia acompa\u00f1ado dunha maior habitabilidade do municipio. As persoas que sofremos o impacto de tan importante actividade empresarial, tam\u00e9n temos dereito a ver mellorada a nosa calidade de vida.<\/p>\n\n\n\n<p><strong>No BNG defendemos po\u00f1er as persoas no centro das pol\u00edticas p\u00fablicas. <\/strong>Traballaremos para constru\u00edr, desde a pluralidade e da man da acci\u00f3n veci\u00f1al, unha alternativa sustentable ao modelo que nos ofrece o goberno do PP dirixido por Alejandro Lorenzo.<\/p>\n","protected":false},"excerpt":{"rendered":"<div class=\"mh-excerpt\"><p>O BNG considera que o r\u00edo Louro \u00e9 prioritario para O Porri\u00f1o, tanto como espazo natural como de lecer. Con vistas de p\u00f3lo en valor, organizou o pasado 12 de novembro unha andaina <a class=\"mh-excerpt-more\" href=\"https:\/\/www.anovapeneira.gal\/index.php\/2023\/11\/27\/a-defensa-do-louro-como-elemento-vertebrador-do-porrino\/\" title=\"A defensa do Louro como elemento vertebrador do Porri\u00f1o\">[&#8230;]<\/a><\/p>\n<\/div>","protected":false},"author":3,"featured_media":10805,"comment_status":"open","ping_status":"open","sticky":false,"template":"","format":"standard","meta":{"_exactmetrics_skip_tracking":false,"_exactmetrics_sitenote_active":false,"_exactmetrics_sitenote_note":"","_exactmetrics_sitenote_category":0,"footnotes":""},"categories":[23],"tags":[411],"class_list":{"0":"post-10804","1":"post","2":"type-post","3":"status-publish","4":"format-standard","5":"has-post-thumbnail","7":"category-a-lourina","8":"tag-concello-do-porrino"},"yoast_head":"<!-- This site is optimized with the Yoast SEO plugin v27.4 - https:\/\/yoast.com\/product\/yoast-seo-wordpress\/ -->\n<title>A defensa do Louro como elemento vertebrador do Porri\u00f1o -<\/title>\n<meta name=\"description\" content=\"O BNG considera que o r\u00edo Louro \u00e9 prioritario para O Porri\u00f1o, tanto como espazo natural como de lecer. Con vistas de p\u00f3lo en valor, organizou o pasado 12 de novembro unha andaina\" \/>\n<meta name=\"robots\" content=\"index, follow, max-snippet:-1, max-image-preview:large, max-video-preview:-1\" \/>\n<link rel=\"canonical\" href=\"https:\/\/www.anovapeneira.gal\/index.php\/2023\/11\/27\/a-defensa-do-louro-como-elemento-vertebrador-do-porrino\/\" \/>\n<meta property=\"og:locale\" content=\"gl_ES\" \/>\n<meta property=\"og:type\" content=\"article\" \/>\n<meta property=\"og:title\" content=\"A defensa do Louro como elemento vertebrador do Porri\u00f1o -\" \/>\n<meta property=\"og:description\" content=\"O BNG considera que o r\u00edo Louro \u00e9 prioritario para O Porri\u00f1o, tanto como espazo natural como de lecer. Con vistas de p\u00f3lo en valor, organizou o pasado 12 de novembro unha andaina\" \/>\n<meta property=\"og:url\" content=\"https:\/\/www.anovapeneira.gal\/index.php\/2023\/11\/27\/a-defensa-do-louro-como-elemento-vertebrador-do-porrino\/\" \/>\n<meta property=\"article:publisher\" content=\"https:\/\/www.facebook.com\/anovapeneira\" \/>\n<meta property=\"article:published_time\" content=\"2023-11-27T09:00:04+00:00\" \/>\n<meta property=\"og:image\" content=\"https:\/\/www.anovapeneira.gal\/wp-content\/uploads\/2023\/11\/andaina_louro.jpg\" \/>\n\t<meta property=\"og:image:width\" content=\"720\" \/>\n\t<meta property=\"og:image:height\" content=\"432\" \/>\n\t<meta property=\"og:image:type\" content=\"image\/jpeg\" \/>\n<meta name=\"author\" content=\"Redacci\u00f3n A Nova Peneira\" \/>\n<meta name=\"twitter:card\" content=\"summary_large_image\" \/>\n<meta name=\"twitter:creator\" content=\"@APeneira\" \/>\n<meta name=\"twitter:site\" content=\"@APeneira\" \/>\n<meta name=\"twitter:label1\" content=\"Escrito por\" \/>\n\t<meta name=\"twitter:data1\" content=\"Redacci\u00f3n A Nova Peneira\" \/>\n\t<meta name=\"twitter:label2\" content=\"Tempo de lectura\" \/>\n\t<meta name=\"twitter:data2\" content=\"5 minutos\" \/>\n<script type=\"application\/ld+json\" class=\"yoast-schema-graph\">{\"@context\":\"https:\\\/\\\/schema.org\",\"@graph\":[{\"@type\":\"Article\",\"@id\":\"https:\\\/\\\/www.anovapeneira.gal\\\/index.php\\\/2023\\\/11\\\/27\\\/a-defensa-do-louro-como-elemento-vertebrador-do-porrino\\\/#article\",\"isPartOf\":{\"@id\":\"https:\\\/\\\/www.anovapeneira.gal\\\/index.php\\\/2023\\\/11\\\/27\\\/a-defensa-do-louro-como-elemento-vertebrador-do-porrino\\\/\"},\"author\":{\"name\":\"Redacci\u00f3n A Nova Peneira\",\"@id\":\"https:\\\/\\\/www.anovapeneira.gal\\\/#\\\/schema\\\/person\\\/b93e3f8932e3f8da96334607eb6ac6aa\"},\"headline\":\"A defensa do Louro como elemento vertebrador do Porri\u00f1o\",\"datePublished\":\"2023-11-27T09:00:04+00:00\",\"mainEntityOfPage\":{\"@id\":\"https:\\\/\\\/www.anovapeneira.gal\\\/index.php\\\/2023\\\/11\\\/27\\\/a-defensa-do-louro-como-elemento-vertebrador-do-porrino\\\/\"},\"wordCount\":836,\"commentCount\":0,\"publisher\":{\"@id\":\"https:\\\/\\\/www.anovapeneira.gal\\\/#organization\"},\"image\":{\"@id\":\"https:\\\/\\\/www.anovapeneira.gal\\\/index.php\\\/2023\\\/11\\\/27\\\/a-defensa-do-louro-como-elemento-vertebrador-do-porrino\\\/#primaryimage\"},\"thumbnailUrl\":\"https:\\\/\\\/www.anovapeneira.gal\\\/wp-content\\\/uploads\\\/2023\\\/11\\\/andaina_louro.jpg\",\"keywords\":[\"Concello do Porri\u00f1o\"],\"articleSection\":[\"A Louri\u00f1a\"],\"inLanguage\":\"gl-ES\",\"potentialAction\":[{\"@type\":\"CommentAction\",\"name\":\"Comment\",\"target\":[\"https:\\\/\\\/www.anovapeneira.gal\\\/index.php\\\/2023\\\/11\\\/27\\\/a-defensa-do-louro-como-elemento-vertebrador-do-porrino\\\/#respond\"]}]},{\"@type\":\"WebPage\",\"@id\":\"https:\\\/\\\/www.anovapeneira.gal\\\/index.php\\\/2023\\\/11\\\/27\\\/a-defensa-do-louro-como-elemento-vertebrador-do-porrino\\\/\",\"url\":\"https:\\\/\\\/www.anovapeneira.gal\\\/index.php\\\/2023\\\/11\\\/27\\\/a-defensa-do-louro-como-elemento-vertebrador-do-porrino\\\/\",\"name\":\"A defensa do Louro como elemento vertebrador do Porri\u00f1o -\",\"isPartOf\":{\"@id\":\"https:\\\/\\\/www.anovapeneira.gal\\\/#website\"},\"primaryImageOfPage\":{\"@id\":\"https:\\\/\\\/www.anovapeneira.gal\\\/index.php\\\/2023\\\/11\\\/27\\\/a-defensa-do-louro-como-elemento-vertebrador-do-porrino\\\/#primaryimage\"},\"image\":{\"@id\":\"https:\\\/\\\/www.anovapeneira.gal\\\/index.php\\\/2023\\\/11\\\/27\\\/a-defensa-do-louro-como-elemento-vertebrador-do-porrino\\\/#primaryimage\"},\"thumbnailUrl\":\"https:\\\/\\\/www.anovapeneira.gal\\\/wp-content\\\/uploads\\\/2023\\\/11\\\/andaina_louro.jpg\",\"datePublished\":\"2023-11-27T09:00:04+00:00\",\"description\":\"O BNG considera que o r\u00edo Louro \u00e9 prioritario para O Porri\u00f1o, tanto como espazo natural como de lecer. Con vistas de p\u00f3lo en valor, organizou o pasado 12 de novembro unha andaina\",\"breadcrumb\":{\"@id\":\"https:\\\/\\\/www.anovapeneira.gal\\\/index.php\\\/2023\\\/11\\\/27\\\/a-defensa-do-louro-como-elemento-vertebrador-do-porrino\\\/#breadcrumb\"},\"inLanguage\":\"gl-ES\",\"potentialAction\":[{\"@type\":\"ReadAction\",\"target\":[\"https:\\\/\\\/www.anovapeneira.gal\\\/index.php\\\/2023\\\/11\\\/27\\\/a-defensa-do-louro-como-elemento-vertebrador-do-porrino\\\/\"]}]},{\"@type\":\"ImageObject\",\"inLanguage\":\"gl-ES\",\"@id\":\"https:\\\/\\\/www.anovapeneira.gal\\\/index.php\\\/2023\\\/11\\\/27\\\/a-defensa-do-louro-como-elemento-vertebrador-do-porrino\\\/#primaryimage\",\"url\":\"https:\\\/\\\/www.anovapeneira.gal\\\/wp-content\\\/uploads\\\/2023\\\/11\\\/andaina_louro.jpg\",\"contentUrl\":\"https:\\\/\\\/www.anovapeneira.gal\\\/wp-content\\\/uploads\\\/2023\\\/11\\\/andaina_louro.jpg\",\"width\":720,\"height\":432,\"caption\":\"Andaina Louro\"},{\"@type\":\"BreadcrumbList\",\"@id\":\"https:\\\/\\\/www.anovapeneira.gal\\\/index.php\\\/2023\\\/11\\\/27\\\/a-defensa-do-louro-como-elemento-vertebrador-do-porrino\\\/#breadcrumb\",\"itemListElement\":[{\"@type\":\"ListItem\",\"position\":1,\"name\":\"Portada\",\"item\":\"https:\\\/\\\/www.anovapeneira.gal\\\/\"},{\"@type\":\"ListItem\",\"position\":2,\"name\":\"A defensa do Louro como elemento vertebrador do Porri\u00f1o\"}]},{\"@type\":\"WebSite\",\"@id\":\"https:\\\/\\\/www.anovapeneira.gal\\\/#website\",\"url\":\"https:\\\/\\\/www.anovapeneira.gal\\\/\",\"name\":\"\",\"description\":\"Xornal galego de informaci\u00f3n xeral Publicaci\u00f3n mensual de novas de Galicia e en especial dos Concellos da sur da provincia de Pontevedra.\",\"publisher\":{\"@id\":\"https:\\\/\\\/www.anovapeneira.gal\\\/#organization\"},\"potentialAction\":[{\"@type\":\"SearchAction\",\"target\":{\"@type\":\"EntryPoint\",\"urlTemplate\":\"https:\\\/\\\/www.anovapeneira.gal\\\/?s={search_term_string}\"},\"query-input\":{\"@type\":\"PropertyValueSpecification\",\"valueRequired\":true,\"valueName\":\"search_term_string\"}}],\"inLanguage\":\"gl-ES\"},{\"@type\":\"Organization\",\"@id\":\"https:\\\/\\\/www.anovapeneira.gal\\\/#organization\",\"name\":\"A Nova Peneira\",\"url\":\"https:\\\/\\\/www.anovapeneira.gal\\\/\",\"logo\":{\"@type\":\"ImageObject\",\"inLanguage\":\"gl-ES\",\"@id\":\"https:\\\/\\\/www.anovapeneira.gal\\\/#\\\/schema\\\/logo\\\/image\\\/\",\"url\":\"http:\\\/\\\/www.anovapeneira.gal\\\/wp-content\\\/uploads\\\/2019\\\/06\\\/logo_a_nova_peneira_portal_web.png\",\"contentUrl\":\"http:\\\/\\\/www.anovapeneira.gal\\\/wp-content\\\/uploads\\\/2019\\\/06\\\/logo_a_nova_peneira_portal_web.png\",\"width\":300,\"height\":100,\"caption\":\"A Nova Peneira\"},\"image\":{\"@id\":\"https:\\\/\\\/www.anovapeneira.gal\\\/#\\\/schema\\\/logo\\\/image\\\/\"},\"sameAs\":[\"https:\\\/\\\/www.facebook.com\\\/anovapeneira\",\"https:\\\/\\\/x.com\\\/APeneira\"]},{\"@type\":\"Person\",\"@id\":\"https:\\\/\\\/www.anovapeneira.gal\\\/#\\\/schema\\\/person\\\/b93e3f8932e3f8da96334607eb6ac6aa\",\"name\":\"Redacci\u00f3n A Nova Peneira\",\"image\":{\"@type\":\"ImageObject\",\"inLanguage\":\"gl-ES\",\"@id\":\"https:\\\/\\\/secure.gravatar.com\\\/avatar\\\/c052a2551a06e23fac63626232eaa90abd78dbcf1700fc46a2b2c89fd27b735f?s=96&d=mm&r=g\",\"url\":\"https:\\\/\\\/secure.gravatar.com\\\/avatar\\\/c052a2551a06e23fac63626232eaa90abd78dbcf1700fc46a2b2c89fd27b735f?s=96&d=mm&r=g\",\"contentUrl\":\"https:\\\/\\\/secure.gravatar.com\\\/avatar\\\/c052a2551a06e23fac63626232eaa90abd78dbcf1700fc46a2b2c89fd27b735f?s=96&d=mm&r=g\",\"caption\":\"Redacci\u00f3n A Nova Peneira\"},\"sameAs\":[\"http:\\\/\\\/www.anovapeneira.gal\\\/\"],\"url\":\"https:\\\/\\\/www.anovapeneira.gal\\\/index.php\\\/author\\\/redactor\\\/\"}]}<\/script>\n<!-- \/ Yoast SEO plugin. -->","yoast_head_json":{"title":"A defensa do Louro como elemento vertebrador do Porri\u00f1o -","description":"O BNG considera que o r\u00edo Louro \u00e9 prioritario para O Porri\u00f1o, tanto como espazo natural como de lecer. Con vistas de p\u00f3lo en valor, organizou o pasado 12 de novembro unha andaina","robots":{"index":"index","follow":"follow","max-snippet":"max-snippet:-1","max-image-preview":"max-image-preview:large","max-video-preview":"max-video-preview:-1"},"canonical":"https:\/\/www.anovapeneira.gal\/index.php\/2023\/11\/27\/a-defensa-do-louro-como-elemento-vertebrador-do-porrino\/","og_locale":"gl_ES","og_type":"article","og_title":"A defensa do Louro como elemento vertebrador do Porri\u00f1o -","og_description":"O BNG considera que o r\u00edo Louro \u00e9 prioritario para O Porri\u00f1o, tanto como espazo natural como de lecer. Con vistas de p\u00f3lo en valor, organizou o pasado 12 de novembro unha andaina","og_url":"https:\/\/www.anovapeneira.gal\/index.php\/2023\/11\/27\/a-defensa-do-louro-como-elemento-vertebrador-do-porrino\/","article_publisher":"https:\/\/www.facebook.com\/anovapeneira","article_published_time":"2023-11-27T09:00:04+00:00","og_image":[{"width":720,"height":432,"url":"https:\/\/www.anovapeneira.gal\/wp-content\/uploads\/2023\/11\/andaina_louro.jpg","type":"image\/jpeg"}],"author":"Redacci\u00f3n A Nova Peneira","twitter_card":"summary_large_image","twitter_creator":"@APeneira","twitter_site":"@APeneira","twitter_misc":{"Escrito por":"Redacci\u00f3n A Nova Peneira","Tempo de lectura":"5 minutos"},"schema":{"@context":"https:\/\/schema.org","@graph":[{"@type":"Article","@id":"https:\/\/www.anovapeneira.gal\/index.php\/2023\/11\/27\/a-defensa-do-louro-como-elemento-vertebrador-do-porrino\/#article","isPartOf":{"@id":"https:\/\/www.anovapeneira.gal\/index.php\/2023\/11\/27\/a-defensa-do-louro-como-elemento-vertebrador-do-porrino\/"},"author":{"name":"Redacci\u00f3n A Nova Peneira","@id":"https:\/\/www.anovapeneira.gal\/#\/schema\/person\/b93e3f8932e3f8da96334607eb6ac6aa"},"headline":"A defensa do Louro como elemento vertebrador do Porri\u00f1o","datePublished":"2023-11-27T09:00:04+00:00","mainEntityOfPage":{"@id":"https:\/\/www.anovapeneira.gal\/index.php\/2023\/11\/27\/a-defensa-do-louro-como-elemento-vertebrador-do-porrino\/"},"wordCount":836,"commentCount":0,"publisher":{"@id":"https:\/\/www.anovapeneira.gal\/#organization"},"image":{"@id":"https:\/\/www.anovapeneira.gal\/index.php\/2023\/11\/27\/a-defensa-do-louro-como-elemento-vertebrador-do-porrino\/#primaryimage"},"thumbnailUrl":"https:\/\/www.anovapeneira.gal\/wp-content\/uploads\/2023\/11\/andaina_louro.jpg","keywords":["Concello do Porri\u00f1o"],"articleSection":["A Louri\u00f1a"],"inLanguage":"gl-ES","potentialAction":[{"@type":"CommentAction","name":"Comment","target":["https:\/\/www.anovapeneira.gal\/index.php\/2023\/11\/27\/a-defensa-do-louro-como-elemento-vertebrador-do-porrino\/#respond"]}]},{"@type":"WebPage","@id":"https:\/\/www.anovapeneira.gal\/index.php\/2023\/11\/27\/a-defensa-do-louro-como-elemento-vertebrador-do-porrino\/","url":"https:\/\/www.anovapeneira.gal\/index.php\/2023\/11\/27\/a-defensa-do-louro-como-elemento-vertebrador-do-porrino\/","name":"A defensa do Louro como elemento vertebrador do Porri\u00f1o -","isPartOf":{"@id":"https:\/\/www.anovapeneira.gal\/#website"},"primaryImageOfPage":{"@id":"https:\/\/www.anovapeneira.gal\/index.php\/2023\/11\/27\/a-defensa-do-louro-como-elemento-vertebrador-do-porrino\/#primaryimage"},"image":{"@id":"https:\/\/www.anovapeneira.gal\/index.php\/2023\/11\/27\/a-defensa-do-louro-como-elemento-vertebrador-do-porrino\/#primaryimage"},"thumbnailUrl":"https:\/\/www.anovapeneira.gal\/wp-content\/uploads\/2023\/11\/andaina_louro.jpg","datePublished":"2023-11-27T09:00:04+00:00","description":"O BNG considera que o r\u00edo Louro \u00e9 prioritario para O Porri\u00f1o, tanto como espazo natural como de lecer. Con vistas de p\u00f3lo en valor, organizou o pasado 12 de novembro unha andaina","breadcrumb":{"@id":"https:\/\/www.anovapeneira.gal\/index.php\/2023\/11\/27\/a-defensa-do-louro-como-elemento-vertebrador-do-porrino\/#breadcrumb"},"inLanguage":"gl-ES","potentialAction":[{"@type":"ReadAction","target":["https:\/\/www.anovapeneira.gal\/index.php\/2023\/11\/27\/a-defensa-do-louro-como-elemento-vertebrador-do-porrino\/"]}]},{"@type":"ImageObject","inLanguage":"gl-ES","@id":"https:\/\/www.anovapeneira.gal\/index.php\/2023\/11\/27\/a-defensa-do-louro-como-elemento-vertebrador-do-porrino\/#primaryimage","url":"https:\/\/www.anovapeneira.gal\/wp-content\/uploads\/2023\/11\/andaina_louro.jpg","contentUrl":"https:\/\/www.anovapeneira.gal\/wp-content\/uploads\/2023\/11\/andaina_louro.jpg","width":720,"height":432,"caption":"Andaina Louro"},{"@type":"BreadcrumbList","@id":"https:\/\/www.anovapeneira.gal\/index.php\/2023\/11\/27\/a-defensa-do-louro-como-elemento-vertebrador-do-porrino\/#breadcrumb","itemListElement":[{"@type":"ListItem","position":1,"name":"Portada","item":"https:\/\/www.anovapeneira.gal\/"},{"@type":"ListItem","position":2,"name":"A defensa do Louro como elemento vertebrador do Porri\u00f1o"}]},{"@type":"WebSite","@id":"https:\/\/www.anovapeneira.gal\/#website","url":"https:\/\/www.anovapeneira.gal\/","name":"","description":"Xornal galego de informaci\u00f3n xeral Publicaci\u00f3n mensual de novas de Galicia e en especial dos Concellos da sur da provincia de Pontevedra.","publisher":{"@id":"https:\/\/www.anovapeneira.gal\/#organization"},"potentialAction":[{"@type":"SearchAction","target":{"@type":"EntryPoint","urlTemplate":"https:\/\/www.anovapeneira.gal\/?s={search_term_string}"},"query-input":{"@type":"PropertyValueSpecification","valueRequired":true,"valueName":"search_term_string"}}],"inLanguage":"gl-ES"},{"@type":"Organization","@id":"https:\/\/www.anovapeneira.gal\/#organization","name":"A Nova Peneira","url":"https:\/\/www.anovapeneira.gal\/","logo":{"@type":"ImageObject","inLanguage":"gl-ES","@id":"https:\/\/www.anovapeneira.gal\/#\/schema\/logo\/image\/","url":"http:\/\/www.anovapeneira.gal\/wp-content\/uploads\/2019\/06\/logo_a_nova_peneira_portal_web.png","contentUrl":"http:\/\/www.anovapeneira.gal\/wp-content\/uploads\/2019\/06\/logo_a_nova_peneira_portal_web.png","width":300,"height":100,"caption":"A Nova Peneira"},"image":{"@id":"https:\/\/www.anovapeneira.gal\/#\/schema\/logo\/image\/"},"sameAs":["https:\/\/www.facebook.com\/anovapeneira","https:\/\/x.com\/APeneira"]},{"@type":"Person","@id":"https:\/\/www.anovapeneira.gal\/#\/schema\/person\/b93e3f8932e3f8da96334607eb6ac6aa","name":"Redacci\u00f3n A Nova Peneira","image":{"@type":"ImageObject","inLanguage":"gl-ES","@id":"https:\/\/secure.gravatar.com\/avatar\/c052a2551a06e23fac63626232eaa90abd78dbcf1700fc46a2b2c89fd27b735f?s=96&d=mm&r=g","url":"https:\/\/secure.gravatar.com\/avatar\/c052a2551a06e23fac63626232eaa90abd78dbcf1700fc46a2b2c89fd27b735f?s=96&d=mm&r=g","contentUrl":"https:\/\/secure.gravatar.com\/avatar\/c052a2551a06e23fac63626232eaa90abd78dbcf1700fc46a2b2c89fd27b735f?s=96&d=mm&r=g","caption":"Redacci\u00f3n A Nova Peneira"},"sameAs":["http:\/\/www.anovapeneira.gal\/"],"url":"https:\/\/www.anovapeneira.gal\/index.php\/author\/redactor\/"}]}},"jetpack_featured_media_url":"https:\/\/www.anovapeneira.gal\/wp-content\/uploads\/2023\/11\/andaina_louro.jpg","_links":{"self":[{"href":"https:\/\/www.anovapeneira.gal\/index.php\/wp-json\/wp\/v2\/posts\/10804","targetHints":{"allow":["GET"]}}],"collection":[{"href":"https:\/\/www.anovapeneira.gal\/index.php\/wp-json\/wp\/v2\/posts"}],"about":[{"href":"https:\/\/www.anovapeneira.gal\/index.php\/wp-json\/wp\/v2\/types\/post"}],"author":[{"embeddable":true,"href":"https:\/\/www.anovapeneira.gal\/index.php\/wp-json\/wp\/v2\/users\/3"}],"replies":[{"embeddable":true,"href":"https:\/\/www.anovapeneira.gal\/index.php\/wp-json\/wp\/v2\/comments?post=10804"}],"version-history":[{"count":1,"href":"https:\/\/www.anovapeneira.gal\/index.php\/wp-json\/wp\/v2\/posts\/10804\/revisions"}],"predecessor-version":[{"id":10806,"href":"https:\/\/www.anovapeneira.gal\/index.php\/wp-json\/wp\/v2\/posts\/10804\/revisions\/10806"}],"wp:featuredmedia":[{"embeddable":true,"href":"https:\/\/www.anovapeneira.gal\/index.php\/wp-json\/wp\/v2\/media\/10805"}],"wp:attachment":[{"href":"https:\/\/www.anovapeneira.gal\/index.php\/wp-json\/wp\/v2\/media?parent=10804"}],"wp:term":[{"taxonomy":"category","embeddable":true,"href":"https:\/\/www.anovapeneira.gal\/index.php\/wp-json\/wp\/v2\/categories?post=10804"},{"taxonomy":"post_tag","embeddable":true,"href":"https:\/\/www.anovapeneira.gal\/index.php\/wp-json\/wp\/v2\/tags?post=10804"}],"curies":[{"name":"wp","href":"https:\/\/api.w.org\/{rel}","templated":true}]}}