{"id":10807,"date":"2023-11-27T12:00:26","date_gmt":"2023-11-27T11:00:26","guid":{"rendered":"https:\/\/www.anovapeneira.gal\/?p=10807"},"modified":"2023-11-27T08:16:37","modified_gmt":"2023-11-27T07:16:37","slug":"persoal-investigador-posdoutoral-da-xunta-de-galicia-denuncia-agravio-comparativo-copersoal-posdoutoral-doutras-convocatorias","status":"publish","type":"post","link":"https:\/\/www.anovapeneira.gal\/index.php\/2023\/11\/27\/persoal-investigador-posdoutoral-da-xunta-de-galicia-denuncia-agravio-comparativo-copersoal-posdoutoral-doutras-convocatorias\/","title":{"rendered":"Persoal investigador posdoutoral da Xunta de Galicia denuncia \u201cagravio comparativo\u201d copersoal posdoutoral doutras convocatorias"},"content":{"rendered":"\n<p>O persoal investigador posdoutoral en formaci\u00f3n da Xunta de Galicia na Universidade de Vigo segue denunciando o agravio comparativo que sup\u00f3n a limitaci\u00f3n de 30 horas de docencia anual, limitaci\u00f3n que noutras convocatorias de \u00e1mbito estatal sit\u00faase entre 80 e 100 horas ao ano, e que incluso nas propias axudas predoutorais da Xunta \u00e9 de 60 horas anuais. Esta decisi\u00f3n arbitraria da Xunta imposibilita \u201cde facto\u201d adquirir competencias esenciais para a incorporaci\u00f3n efectiva do persoal formado nas Universidades do SUG ao sistema Galego de I+D+i.<\/p>\n\n\n\n<p>O programa de axudas \u00e1 etapa de formaci\u00f3n posdoutoral pretende fomentar a adquisici\u00f3n de destrezas e a capacitaci\u00f3n do persoal investigador nas s\u00faas etapas iniciais. Por\u00e9n, a limitaci\u00f3n imposta na capacidade docente, moi por debaixo das 100 horas que estipula como m\u00e1ximo a Lei da Ciencia, prexudica gravemente a formaci\u00f3n do persoal investigador nun \u00e1mbito clave para o desenvolvemento da s\u00faa carreira profesional.<\/p>\n\n\n\n<p>As\u00ed pois, o pasado mes de xullo investigadores e investigadoras da Universidade de Vigo enviaron un escrito \u00e1 Xunta de Galicia solicitando a acumulaci\u00f3n de docencia. Solicitude que, a d\u00eda de hoxe, non obtivo resposta por parte da administraci\u00f3n galega, denotando un completo desleixo de cara \u00e1 formaci\u00f3n e \u00e1 consolidaci\u00f3n do talento formado nas Universidades Galegas.<\/p>\n\n\n\n<p>Ademais, anuncian que est\u00e1n avaliando diferentes medidas para continuar coa s\u00faa reivindicaci\u00f3n, pois entenden que esixir a equiparaci\u00f3n en capacidade docente cos l\u00edmites asociados a outras convocatorias de \u00e1mbito estatal \u00e9 unha cuesti\u00f3n de xustiza e necesaria para poder progresar na carreira investigadora.<\/p>\n","protected":false},"excerpt":{"rendered":"<div class=\"mh-excerpt\"><p>O persoal investigador posdoutoral en formaci\u00f3n da Xunta de Galicia na Universidade de Vigo<br \/>\nsegue denunciando o agravio comparativo que sup\u00f3n a limitaci\u00f3n de 30 horas de docencia<br \/>\nanual <a class=\"mh-excerpt-more\" href=\"https:\/\/www.anovapeneira.gal\/index.php\/2023\/11\/27\/persoal-investigador-posdoutoral-da-xunta-de-galicia-denuncia-agravio-comparativo-copersoal-posdoutoral-doutras-convocatorias\/\" title=\"Persoal investigador posdoutoral da Xunta de Galicia denuncia \u201cagravio comparativo\u201d copersoal posdoutoral doutras convocatorias\">[&#8230;]<\/a><\/p>\n<\/div>","protected":false},"author":3,"featured_media":10808,"comment_status":"open","ping_status":"open","sticky":false,"template":"","format":"standard","meta":{"_exactmetrics_skip_tracking":false,"_exactmetrics_sitenote_active":false,"_exactmetrics_sitenote_note":"","_exactmetrics_sitenote_category":0,"footnotes":""},"categories":[263],"tags":[1383],"class_list":{"0":"post-10807","1":"post","2":"type-post","3":"status-publish","4":"format-standard","5":"has-post-thumbnail","7":"category-novas","8":"tag-persoal-investigador-da-xunta"},"yoast_head":"<!-- This site is optimized with the Yoast SEO plugin v27.4 - https:\/\/yoast.com\/product\/yoast-seo-wordpress\/ -->\n<title>Persoal investigador posdoutoral da Xunta de Galicia denuncia \u201cagravio comparativo\u201d copersoal posdoutoral doutras convocatorias -<\/title>\n<meta name=\"robots\" content=\"index, follow, max-snippet:-1, max-image-preview:large, max-video-preview:-1\" \/>\n<link rel=\"canonical\" href=\"https:\/\/www.anovapeneira.gal\/index.php\/2023\/11\/27\/persoal-investigador-posdoutoral-da-xunta-de-galicia-denuncia-agravio-comparativo-copersoal-posdoutoral-doutras-convocatorias\/\" \/>\n<meta property=\"og:locale\" content=\"gl_ES\" \/>\n<meta property=\"og:type\" content=\"article\" \/>\n<meta property=\"og:title\" content=\"Persoal investigador posdoutoral da Xunta de Galicia denuncia \u201cagravio comparativo\u201d copersoal posdoutoral doutras convocatorias -\" \/>\n<meta property=\"og:description\" content=\"O persoal investigador posdoutoral en formaci\u00f3n da Xunta de Galicia na Universidade de Vigo segue denunciando o agravio comparativo que sup\u00f3n a limitaci\u00f3n de 30 horas de docencia anual [...]\" \/>\n<meta property=\"og:url\" content=\"https:\/\/www.anovapeneira.gal\/index.php\/2023\/11\/27\/persoal-investigador-posdoutoral-da-xunta-de-galicia-denuncia-agravio-comparativo-copersoal-posdoutoral-doutras-convocatorias\/\" \/>\n<meta property=\"article:publisher\" content=\"https:\/\/www.facebook.com\/anovapeneira\" \/>\n<meta property=\"article:published_time\" content=\"2023-11-27T11:00:26+00:00\" \/>\n<meta property=\"og:image\" content=\"https:\/\/www.anovapeneira.gal\/wp-content\/uploads\/2023\/11\/posdoutroal.png\" \/>\n\t<meta property=\"og:image:width\" content=\"721\" \/>\n\t<meta property=\"og:image:height\" content=\"433\" \/>\n\t<meta property=\"og:image:type\" content=\"image\/png\" \/>\n<meta name=\"author\" content=\"Redacci\u00f3n A Nova Peneira\" \/>\n<meta name=\"twitter:card\" content=\"summary_large_image\" \/>\n<meta name=\"twitter:creator\" content=\"@APeneira\" \/>\n<meta name=\"twitter:site\" content=\"@APeneira\" \/>\n<meta name=\"twitter:label1\" content=\"Escrito por\" \/>\n\t<meta name=\"twitter:data1\" content=\"Redacci\u00f3n A Nova Peneira\" \/>\n\t<meta name=\"twitter:label2\" content=\"Tempo de lectura\" \/>\n\t<meta name=\"twitter:data2\" content=\"2 minutos\" \/>\n<script type=\"application\/ld+json\" class=\"yoast-schema-graph\">{\"@context\":\"https:\\\/\\\/schema.org\",\"@graph\":[{\"@type\":\"Article\",\"@id\":\"https:\\\/\\\/www.anovapeneira.gal\\\/index.php\\\/2023\\\/11\\\/27\\\/persoal-investigador-posdoutoral-da-xunta-de-galicia-denuncia-agravio-comparativo-copersoal-posdoutoral-doutras-convocatorias\\\/#article\",\"isPartOf\":{\"@id\":\"https:\\\/\\\/www.anovapeneira.gal\\\/index.php\\\/2023\\\/11\\\/27\\\/persoal-investigador-posdoutoral-da-xunta-de-galicia-denuncia-agravio-comparativo-copersoal-posdoutoral-doutras-convocatorias\\\/\"},\"author\":{\"name\":\"Redacci\u00f3n A Nova Peneira\",\"@id\":\"https:\\\/\\\/www.anovapeneira.gal\\\/#\\\/schema\\\/person\\\/b93e3f8932e3f8da96334607eb6ac6aa\"},\"headline\":\"Persoal investigador posdoutoral da Xunta de Galicia denuncia \u201cagravio comparativo\u201d copersoal posdoutoral doutras convocatorias\",\"datePublished\":\"2023-11-27T11:00:26+00:00\",\"mainEntityOfPage\":{\"@id\":\"https:\\\/\\\/www.anovapeneira.gal\\\/index.php\\\/2023\\\/11\\\/27\\\/persoal-investigador-posdoutoral-da-xunta-de-galicia-denuncia-agravio-comparativo-copersoal-posdoutoral-doutras-convocatorias\\\/\"},\"wordCount\":280,\"commentCount\":0,\"publisher\":{\"@id\":\"https:\\\/\\\/www.anovapeneira.gal\\\/#organization\"},\"image\":{\"@id\":\"https:\\\/\\\/www.anovapeneira.gal\\\/index.php\\\/2023\\\/11\\\/27\\\/persoal-investigador-posdoutoral-da-xunta-de-galicia-denuncia-agravio-comparativo-copersoal-posdoutoral-doutras-convocatorias\\\/#primaryimage\"},\"thumbnailUrl\":\"https:\\\/\\\/www.anovapeneira.gal\\\/wp-content\\\/uploads\\\/2023\\\/11\\\/posdoutroal.png\",\"keywords\":[\"Persoal investigador da Xunta\"],\"articleSection\":[\"Novas\"],\"inLanguage\":\"gl-ES\",\"potentialAction\":[{\"@type\":\"CommentAction\",\"name\":\"Comment\",\"target\":[\"https:\\\/\\\/www.anovapeneira.gal\\\/index.php\\\/2023\\\/11\\\/27\\\/persoal-investigador-posdoutoral-da-xunta-de-galicia-denuncia-agravio-comparativo-copersoal-posdoutoral-doutras-convocatorias\\\/#respond\"]}]},{\"@type\":\"WebPage\",\"@id\":\"https:\\\/\\\/www.anovapeneira.gal\\\/index.php\\\/2023\\\/11\\\/27\\\/persoal-investigador-posdoutoral-da-xunta-de-galicia-denuncia-agravio-comparativo-copersoal-posdoutoral-doutras-convocatorias\\\/\",\"url\":\"https:\\\/\\\/www.anovapeneira.gal\\\/index.php\\\/2023\\\/11\\\/27\\\/persoal-investigador-posdoutoral-da-xunta-de-galicia-denuncia-agravio-comparativo-copersoal-posdoutoral-doutras-convocatorias\\\/\",\"name\":\"Persoal investigador posdoutoral da Xunta de Galicia denuncia \u201cagravio comparativo\u201d copersoal posdoutoral doutras convocatorias -\",\"isPartOf\":{\"@id\":\"https:\\\/\\\/www.anovapeneira.gal\\\/#website\"},\"primaryImageOfPage\":{\"@id\":\"https:\\\/\\\/www.anovapeneira.gal\\\/index.php\\\/2023\\\/11\\\/27\\\/persoal-investigador-posdoutoral-da-xunta-de-galicia-denuncia-agravio-comparativo-copersoal-posdoutoral-doutras-convocatorias\\\/#primaryimage\"},\"image\":{\"@id\":\"https:\\\/\\\/www.anovapeneira.gal\\\/index.php\\\/2023\\\/11\\\/27\\\/persoal-investigador-posdoutoral-da-xunta-de-galicia-denuncia-agravio-comparativo-copersoal-posdoutoral-doutras-convocatorias\\\/#primaryimage\"},\"thumbnailUrl\":\"https:\\\/\\\/www.anovapeneira.gal\\\/wp-content\\\/uploads\\\/2023\\\/11\\\/posdoutroal.png\",\"datePublished\":\"2023-11-27T11:00:26+00:00\",\"breadcrumb\":{\"@id\":\"https:\\\/\\\/www.anovapeneira.gal\\\/index.php\\\/2023\\\/11\\\/27\\\/persoal-investigador-posdoutoral-da-xunta-de-galicia-denuncia-agravio-comparativo-copersoal-posdoutoral-doutras-convocatorias\\\/#breadcrumb\"},\"inLanguage\":\"gl-ES\",\"potentialAction\":[{\"@type\":\"ReadAction\",\"target\":[\"https:\\\/\\\/www.anovapeneira.gal\\\/index.php\\\/2023\\\/11\\\/27\\\/persoal-investigador-posdoutoral-da-xunta-de-galicia-denuncia-agravio-comparativo-copersoal-posdoutoral-doutras-convocatorias\\\/\"]}]},{\"@type\":\"ImageObject\",\"inLanguage\":\"gl-ES\",\"@id\":\"https:\\\/\\\/www.anovapeneira.gal\\\/index.php\\\/2023\\\/11\\\/27\\\/persoal-investigador-posdoutoral-da-xunta-de-galicia-denuncia-agravio-comparativo-copersoal-posdoutoral-doutras-convocatorias\\\/#primaryimage\",\"url\":\"https:\\\/\\\/www.anovapeneira.gal\\\/wp-content\\\/uploads\\\/2023\\\/11\\\/posdoutroal.png\",\"contentUrl\":\"https:\\\/\\\/www.anovapeneira.gal\\\/wp-content\\\/uploads\\\/2023\\\/11\\\/posdoutroal.png\",\"width\":721,\"height\":433,\"caption\":\"O persoal investigador posdoutoral en formaci\u00f3n da Xunta de Galicia na Universidade de Vigo segue denunciando o agravio comparativo que sup\u00f3n a limitaci\u00f3n de 30 horas de docencia anual\"},{\"@type\":\"BreadcrumbList\",\"@id\":\"https:\\\/\\\/www.anovapeneira.gal\\\/index.php\\\/2023\\\/11\\\/27\\\/persoal-investigador-posdoutoral-da-xunta-de-galicia-denuncia-agravio-comparativo-copersoal-posdoutoral-doutras-convocatorias\\\/#breadcrumb\",\"itemListElement\":[{\"@type\":\"ListItem\",\"position\":1,\"name\":\"Portada\",\"item\":\"https:\\\/\\\/www.anovapeneira.gal\\\/\"},{\"@type\":\"ListItem\",\"position\":2,\"name\":\"Persoal investigador posdoutoral da Xunta de Galicia denuncia \u201cagravio comparativo\u201d copersoal posdoutoral doutras convocatorias\"}]},{\"@type\":\"WebSite\",\"@id\":\"https:\\\/\\\/www.anovapeneira.gal\\\/#website\",\"url\":\"https:\\\/\\\/www.anovapeneira.gal\\\/\",\"name\":\"\",\"description\":\"Xornal galego de informaci\u00f3n xeral Publicaci\u00f3n mensual de novas de Galicia e en especial dos Concellos da sur da provincia de Pontevedra.\",\"publisher\":{\"@id\":\"https:\\\/\\\/www.anovapeneira.gal\\\/#organization\"},\"potentialAction\":[{\"@type\":\"SearchAction\",\"target\":{\"@type\":\"EntryPoint\",\"urlTemplate\":\"https:\\\/\\\/www.anovapeneira.gal\\\/?s={search_term_string}\"},\"query-input\":{\"@type\":\"PropertyValueSpecification\",\"valueRequired\":true,\"valueName\":\"search_term_string\"}}],\"inLanguage\":\"gl-ES\"},{\"@type\":\"Organization\",\"@id\":\"https:\\\/\\\/www.anovapeneira.gal\\\/#organization\",\"name\":\"A Nova Peneira\",\"url\":\"https:\\\/\\\/www.anovapeneira.gal\\\/\",\"logo\":{\"@type\":\"ImageObject\",\"inLanguage\":\"gl-ES\",\"@id\":\"https:\\\/\\\/www.anovapeneira.gal\\\/#\\\/schema\\\/logo\\\/image\\\/\",\"url\":\"http:\\\/\\\/www.anovapeneira.gal\\\/wp-content\\\/uploads\\\/2019\\\/06\\\/logo_a_nova_peneira_portal_web.png\",\"contentUrl\":\"http:\\\/\\\/www.anovapeneira.gal\\\/wp-content\\\/uploads\\\/2019\\\/06\\\/logo_a_nova_peneira_portal_web.png\",\"width\":300,\"height\":100,\"caption\":\"A Nova Peneira\"},\"image\":{\"@id\":\"https:\\\/\\\/www.anovapeneira.gal\\\/#\\\/schema\\\/logo\\\/image\\\/\"},\"sameAs\":[\"https:\\\/\\\/www.facebook.com\\\/anovapeneira\",\"https:\\\/\\\/x.com\\\/APeneira\"]},{\"@type\":\"Person\",\"@id\":\"https:\\\/\\\/www.anovapeneira.gal\\\/#\\\/schema\\\/person\\\/b93e3f8932e3f8da96334607eb6ac6aa\",\"name\":\"Redacci\u00f3n A Nova Peneira\",\"image\":{\"@type\":\"ImageObject\",\"inLanguage\":\"gl-ES\",\"@id\":\"https:\\\/\\\/secure.gravatar.com\\\/avatar\\\/c052a2551a06e23fac63626232eaa90abd78dbcf1700fc46a2b2c89fd27b735f?s=96&d=mm&r=g\",\"url\":\"https:\\\/\\\/secure.gravatar.com\\\/avatar\\\/c052a2551a06e23fac63626232eaa90abd78dbcf1700fc46a2b2c89fd27b735f?s=96&d=mm&r=g\",\"contentUrl\":\"https:\\\/\\\/secure.gravatar.com\\\/avatar\\\/c052a2551a06e23fac63626232eaa90abd78dbcf1700fc46a2b2c89fd27b735f?s=96&d=mm&r=g\",\"caption\":\"Redacci\u00f3n A Nova Peneira\"},\"sameAs\":[\"http:\\\/\\\/www.anovapeneira.gal\\\/\"],\"url\":\"https:\\\/\\\/www.anovapeneira.gal\\\/index.php\\\/author\\\/redactor\\\/\"}]}<\/script>\n<!-- \/ Yoast SEO plugin. -->","yoast_head_json":{"title":"Persoal investigador posdoutoral da Xunta de Galicia denuncia \u201cagravio comparativo\u201d copersoal posdoutoral doutras convocatorias -","robots":{"index":"index","follow":"follow","max-snippet":"max-snippet:-1","max-image-preview":"max-image-preview:large","max-video-preview":"max-video-preview:-1"},"canonical":"https:\/\/www.anovapeneira.gal\/index.php\/2023\/11\/27\/persoal-investigador-posdoutoral-da-xunta-de-galicia-denuncia-agravio-comparativo-copersoal-posdoutoral-doutras-convocatorias\/","og_locale":"gl_ES","og_type":"article","og_title":"Persoal investigador posdoutoral da Xunta de Galicia denuncia \u201cagravio comparativo\u201d copersoal posdoutoral doutras convocatorias -","og_description":"O persoal investigador posdoutoral en formaci\u00f3n da Xunta de Galicia na Universidade de Vigo segue denunciando o agravio comparativo que sup\u00f3n a limitaci\u00f3n de 30 horas de docencia anual [...]","og_url":"https:\/\/www.anovapeneira.gal\/index.php\/2023\/11\/27\/persoal-investigador-posdoutoral-da-xunta-de-galicia-denuncia-agravio-comparativo-copersoal-posdoutoral-doutras-convocatorias\/","article_publisher":"https:\/\/www.facebook.com\/anovapeneira","article_published_time":"2023-11-27T11:00:26+00:00","og_image":[{"width":721,"height":433,"url":"https:\/\/www.anovapeneira.gal\/wp-content\/uploads\/2023\/11\/posdoutroal.png","type":"image\/png"}],"author":"Redacci\u00f3n A Nova Peneira","twitter_card":"summary_large_image","twitter_creator":"@APeneira","twitter_site":"@APeneira","twitter_misc":{"Escrito por":"Redacci\u00f3n A Nova Peneira","Tempo de lectura":"2 minutos"},"schema":{"@context":"https:\/\/schema.org","@graph":[{"@type":"Article","@id":"https:\/\/www.anovapeneira.gal\/index.php\/2023\/11\/27\/persoal-investigador-posdoutoral-da-xunta-de-galicia-denuncia-agravio-comparativo-copersoal-posdoutoral-doutras-convocatorias\/#article","isPartOf":{"@id":"https:\/\/www.anovapeneira.gal\/index.php\/2023\/11\/27\/persoal-investigador-posdoutoral-da-xunta-de-galicia-denuncia-agravio-comparativo-copersoal-posdoutoral-doutras-convocatorias\/"},"author":{"name":"Redacci\u00f3n A Nova Peneira","@id":"https:\/\/www.anovapeneira.gal\/#\/schema\/person\/b93e3f8932e3f8da96334607eb6ac6aa"},"headline":"Persoal investigador posdoutoral da Xunta de Galicia denuncia \u201cagravio comparativo\u201d copersoal posdoutoral doutras convocatorias","datePublished":"2023-11-27T11:00:26+00:00","mainEntityOfPage":{"@id":"https:\/\/www.anovapeneira.gal\/index.php\/2023\/11\/27\/persoal-investigador-posdoutoral-da-xunta-de-galicia-denuncia-agravio-comparativo-copersoal-posdoutoral-doutras-convocatorias\/"},"wordCount":280,"commentCount":0,"publisher":{"@id":"https:\/\/www.anovapeneira.gal\/#organization"},"image":{"@id":"https:\/\/www.anovapeneira.gal\/index.php\/2023\/11\/27\/persoal-investigador-posdoutoral-da-xunta-de-galicia-denuncia-agravio-comparativo-copersoal-posdoutoral-doutras-convocatorias\/#primaryimage"},"thumbnailUrl":"https:\/\/www.anovapeneira.gal\/wp-content\/uploads\/2023\/11\/posdoutroal.png","keywords":["Persoal investigador da Xunta"],"articleSection":["Novas"],"inLanguage":"gl-ES","potentialAction":[{"@type":"CommentAction","name":"Comment","target":["https:\/\/www.anovapeneira.gal\/index.php\/2023\/11\/27\/persoal-investigador-posdoutoral-da-xunta-de-galicia-denuncia-agravio-comparativo-copersoal-posdoutoral-doutras-convocatorias\/#respond"]}]},{"@type":"WebPage","@id":"https:\/\/www.anovapeneira.gal\/index.php\/2023\/11\/27\/persoal-investigador-posdoutoral-da-xunta-de-galicia-denuncia-agravio-comparativo-copersoal-posdoutoral-doutras-convocatorias\/","url":"https:\/\/www.anovapeneira.gal\/index.php\/2023\/11\/27\/persoal-investigador-posdoutoral-da-xunta-de-galicia-denuncia-agravio-comparativo-copersoal-posdoutoral-doutras-convocatorias\/","name":"Persoal investigador posdoutoral da Xunta de Galicia denuncia \u201cagravio comparativo\u201d copersoal posdoutoral doutras convocatorias -","isPartOf":{"@id":"https:\/\/www.anovapeneira.gal\/#website"},"primaryImageOfPage":{"@id":"https:\/\/www.anovapeneira.gal\/index.php\/2023\/11\/27\/persoal-investigador-posdoutoral-da-xunta-de-galicia-denuncia-agravio-comparativo-copersoal-posdoutoral-doutras-convocatorias\/#primaryimage"},"image":{"@id":"https:\/\/www.anovapeneira.gal\/index.php\/2023\/11\/27\/persoal-investigador-posdoutoral-da-xunta-de-galicia-denuncia-agravio-comparativo-copersoal-posdoutoral-doutras-convocatorias\/#primaryimage"},"thumbnailUrl":"https:\/\/www.anovapeneira.gal\/wp-content\/uploads\/2023\/11\/posdoutroal.png","datePublished":"2023-11-27T11:00:26+00:00","breadcrumb":{"@id":"https:\/\/www.anovapeneira.gal\/index.php\/2023\/11\/27\/persoal-investigador-posdoutoral-da-xunta-de-galicia-denuncia-agravio-comparativo-copersoal-posdoutoral-doutras-convocatorias\/#breadcrumb"},"inLanguage":"gl-ES","potentialAction":[{"@type":"ReadAction","target":["https:\/\/www.anovapeneira.gal\/index.php\/2023\/11\/27\/persoal-investigador-posdoutoral-da-xunta-de-galicia-denuncia-agravio-comparativo-copersoal-posdoutoral-doutras-convocatorias\/"]}]},{"@type":"ImageObject","inLanguage":"gl-ES","@id":"https:\/\/www.anovapeneira.gal\/index.php\/2023\/11\/27\/persoal-investigador-posdoutoral-da-xunta-de-galicia-denuncia-agravio-comparativo-copersoal-posdoutoral-doutras-convocatorias\/#primaryimage","url":"https:\/\/www.anovapeneira.gal\/wp-content\/uploads\/2023\/11\/posdoutroal.png","contentUrl":"https:\/\/www.anovapeneira.gal\/wp-content\/uploads\/2023\/11\/posdoutroal.png","width":721,"height":433,"caption":"O persoal investigador posdoutoral en formaci\u00f3n da Xunta de Galicia na Universidade de Vigo segue denunciando o agravio comparativo que sup\u00f3n a limitaci\u00f3n de 30 horas de docencia anual"},{"@type":"BreadcrumbList","@id":"https:\/\/www.anovapeneira.gal\/index.php\/2023\/11\/27\/persoal-investigador-posdoutoral-da-xunta-de-galicia-denuncia-agravio-comparativo-copersoal-posdoutoral-doutras-convocatorias\/#breadcrumb","itemListElement":[{"@type":"ListItem","position":1,"name":"Portada","item":"https:\/\/www.anovapeneira.gal\/"},{"@type":"ListItem","position":2,"name":"Persoal investigador posdoutoral da Xunta de Galicia denuncia \u201cagravio comparativo\u201d copersoal posdoutoral doutras convocatorias"}]},{"@type":"WebSite","@id":"https:\/\/www.anovapeneira.gal\/#website","url":"https:\/\/www.anovapeneira.gal\/","name":"","description":"Xornal galego de informaci\u00f3n xeral Publicaci\u00f3n mensual de novas de Galicia e en especial dos Concellos da sur da provincia de Pontevedra.","publisher":{"@id":"https:\/\/www.anovapeneira.gal\/#organization"},"potentialAction":[{"@type":"SearchAction","target":{"@type":"EntryPoint","urlTemplate":"https:\/\/www.anovapeneira.gal\/?s={search_term_string}"},"query-input":{"@type":"PropertyValueSpecification","valueRequired":true,"valueName":"search_term_string"}}],"inLanguage":"gl-ES"},{"@type":"Organization","@id":"https:\/\/www.anovapeneira.gal\/#organization","name":"A Nova Peneira","url":"https:\/\/www.anovapeneira.gal\/","logo":{"@type":"ImageObject","inLanguage":"gl-ES","@id":"https:\/\/www.anovapeneira.gal\/#\/schema\/logo\/image\/","url":"http:\/\/www.anovapeneira.gal\/wp-content\/uploads\/2019\/06\/logo_a_nova_peneira_portal_web.png","contentUrl":"http:\/\/www.anovapeneira.gal\/wp-content\/uploads\/2019\/06\/logo_a_nova_peneira_portal_web.png","width":300,"height":100,"caption":"A Nova Peneira"},"image":{"@id":"https:\/\/www.anovapeneira.gal\/#\/schema\/logo\/image\/"},"sameAs":["https:\/\/www.facebook.com\/anovapeneira","https:\/\/x.com\/APeneira"]},{"@type":"Person","@id":"https:\/\/www.anovapeneira.gal\/#\/schema\/person\/b93e3f8932e3f8da96334607eb6ac6aa","name":"Redacci\u00f3n A Nova Peneira","image":{"@type":"ImageObject","inLanguage":"gl-ES","@id":"https:\/\/secure.gravatar.com\/avatar\/c052a2551a06e23fac63626232eaa90abd78dbcf1700fc46a2b2c89fd27b735f?s=96&d=mm&r=g","url":"https:\/\/secure.gravatar.com\/avatar\/c052a2551a06e23fac63626232eaa90abd78dbcf1700fc46a2b2c89fd27b735f?s=96&d=mm&r=g","contentUrl":"https:\/\/secure.gravatar.com\/avatar\/c052a2551a06e23fac63626232eaa90abd78dbcf1700fc46a2b2c89fd27b735f?s=96&d=mm&r=g","caption":"Redacci\u00f3n A Nova Peneira"},"sameAs":["http:\/\/www.anovapeneira.gal\/"],"url":"https:\/\/www.anovapeneira.gal\/index.php\/author\/redactor\/"}]}},"jetpack_featured_media_url":"https:\/\/www.anovapeneira.gal\/wp-content\/uploads\/2023\/11\/posdoutroal.png","_links":{"self":[{"href":"https:\/\/www.anovapeneira.gal\/index.php\/wp-json\/wp\/v2\/posts\/10807","targetHints":{"allow":["GET"]}}],"collection":[{"href":"https:\/\/www.anovapeneira.gal\/index.php\/wp-json\/wp\/v2\/posts"}],"about":[{"href":"https:\/\/www.anovapeneira.gal\/index.php\/wp-json\/wp\/v2\/types\/post"}],"author":[{"embeddable":true,"href":"https:\/\/www.anovapeneira.gal\/index.php\/wp-json\/wp\/v2\/users\/3"}],"replies":[{"embeddable":true,"href":"https:\/\/www.anovapeneira.gal\/index.php\/wp-json\/wp\/v2\/comments?post=10807"}],"version-history":[{"count":2,"href":"https:\/\/www.anovapeneira.gal\/index.php\/wp-json\/wp\/v2\/posts\/10807\/revisions"}],"predecessor-version":[{"id":10811,"href":"https:\/\/www.anovapeneira.gal\/index.php\/wp-json\/wp\/v2\/posts\/10807\/revisions\/10811"}],"wp:featuredmedia":[{"embeddable":true,"href":"https:\/\/www.anovapeneira.gal\/index.php\/wp-json\/wp\/v2\/media\/10808"}],"wp:attachment":[{"href":"https:\/\/www.anovapeneira.gal\/index.php\/wp-json\/wp\/v2\/media?parent=10807"}],"wp:term":[{"taxonomy":"category","embeddable":true,"href":"https:\/\/www.anovapeneira.gal\/index.php\/wp-json\/wp\/v2\/categories?post=10807"},{"taxonomy":"post_tag","embeddable":true,"href":"https:\/\/www.anovapeneira.gal\/index.php\/wp-json\/wp\/v2\/tags?post=10807"}],"curies":[{"name":"wp","href":"https:\/\/api.w.org\/{rel}","templated":true}]}}