{"id":10812,"date":"2023-11-28T10:00:10","date_gmt":"2023-11-28T09:00:10","guid":{"rendered":"https:\/\/www.anovapeneira.gal\/?p=10812"},"modified":"2023-11-27T08:21:41","modified_gmt":"2023-11-27T07:21:41","slug":"hai-que-dar-a-cara","status":"publish","type":"post","link":"https:\/\/www.anovapeneira.gal\/index.php\/2023\/11\/28\/hai-que-dar-a-cara\/","title":{"rendered":"Hai que dar a cara!"},"content":{"rendered":"\n<figure class=\"wp-block-image size-large is-resized\"><img loading=\"lazy\" decoding=\"async\" src=\"http:\/\/www.anovapeneira.gal\/wp-content\/uploads\/2019\/07\/Baldomero_Iglesias_Dobarrio_Mero.jpg\" alt=\"Baldomero Iglesias Dobarrio Mero artigos de opini\u00f3n A Nova Peneira\" class=\"wp-image-482\" width=\"95\" height=\"111\"\/><figcaption>Baldomero Iglesias Dobarrio, Mero<\/figcaption><\/figure>\n\n\n\n<p>\u00c1s veces c\u00f3mpre dicir aquilo que ningu\u00e9n quere o\u00edr. Estamos entempos de confusi\u00f3n e ben sabemos, ser\u00eda bo recuperar a cordura ouun anaco dela, anque non \u00e9 unha medida moi reconfortante pero semprecuradora, faise necesaria no medio da suposta hostilidade e da precisacircunstancia deste tempo, que volve aos tempos da cavern\u00edcolaignorancia. Tempos que a n\u00f3s tanto a\u00ednda nos doen porque sabemoscomo foi aquilo de facer todo \u00e1 forza e baixo ameaza, naquela voz queurx\u00eda violenta e chea de castigo. V\u00edmolo nos informativos destesd\u00edas, moreas de xente odi\u00e1ndose, no insulto, na desvergo\u00f1a, consignos e bandeiras do atr\u00e1s p\u00e9rfido e caduco, da senraz\u00f3n. Temposde elecci\u00f3ns e tentando un goberno. Pero hai uns que se non gobernaneles, os demais non saben gobernar, a\u00ednda equivoc\u00e1ndose. Todosvenden o que non te\u00f1en. Xorden difamaci\u00f3ns, enganos, tropez\u00f3ns,bochorno vergo\u00f1ento. Saen \u00e1 r\u00faa veleidades e os violentos encirrancoa falsa moeda. Son aquela xente que ten que ga\u00f1ar sempre, e sen\u00f3n\u00e9 xogo revolto. Sinalan aos demais e din que aqueles fixeron trampa,cont\u00e1ronse mal os votos, o que pretenden \u00e9 inconstitucional, sonamigos do \u00e1rbitro, ameazan a fin da competici\u00f3n, que se rompe a ligaetc. Ga\u00f1an os que mellor venden o fume, ameazan e difunden medos.Detr\u00e1s estar\u00e1 o pau e caer\u00e1 nas nosas costas, mentres so\u00f1emosmelloras dos servizos, m\u00e9dicos, mestres e atenci\u00f3n b\u00e1sica dosdereitos. Estamos nese lugar inalcanzable da mesma ilusi\u00f3n quedemandamos. Todos petan na porta e amosan gaiolas liberadoras que nonson o que parecen. Os pobres, moitos mais, abondan m\u00e1is na s\u00faapobreza e d\u00f3ense, mentres os ricos, tam\u00e9n m\u00e1is, presumen e danproba de fachenda para o escarnio dos que sofren. Presentan as s\u00faascaras m\u00e1is amables e suxestivas, todos prometen, arriscar\u00e1n amentira e menten sen pudor. Atreven ousadas formas de xogar cos nososso\u00f1os, que est\u00e1n detr\u00e1s dunha xustiza certa, detr\u00e1s dun anaco depan e a car\u00f3n da dignidade. Anque no efectivo non se aprezan. Detr\u00e1sde todo isto todos sabemos como menten, que as cifras son estimables,que haber\u00e1 medias tintas e sombras, que mirar\u00e1n discretamente paraoutro lado, que son oportunistas, mercadores dos seus propiosintereses para vender os nosos dereitos, que non lles interesan enabsoluto. S\u00e9ntense libres para facer a s\u00faa vida sen maior problema.Como sen\u00f3n, chegamos a este deterioro de n\u00f3s? Como puidemos chegar aesta negaci\u00f3n da evidencia. Como sen\u00f3n, sab\u00e9molo ben en Galiza,a\u00ednda estamos a pedir paso para ser quen somos e expresarnos en honrae orgullo na Lingua Propia? Ben se viu en Madrid como renunciaron-alg\u00fans con mando en praza- \u00e1 dignificaci\u00f3n da orixe, os mesmos quedeterioraron servizos necesarios e p\u00fablicos que aportaban, xa entempos remotos, un lugar de igualdade e descanso. Onde quedou aquelasociedade civil e p\u00fablica garante da orde e a lei? Onde vai aquelensino de calidade e atento \u00e1s particularidades que noutrora houbo?Onde vai o noso idioma, a nosa fala, a nosa Cultura? De que valerontodos os cr\u00e1pulas que nos venderon nubes, que a\u00ednda ocupan postos deresponsabilidade, os mesmos que chuparon do frasco durante tanto tempoe seguen abandeirando a mesura e constrici\u00f3n na que nos tiveron? Ondeest\u00e1 a defensa da Terra, do Aire, da Auga, como elementosfundamentais da nosa existencia? Onde est\u00e1n os medios derecuperaci\u00f3n e de activismo que propo\u00f1\u00edan para darlles traballo aostantos que, a\u00ednda hoxe, non te\u00f1en. Onde van aquelas persoas queloitaban incansablemente polo desenvolvemento p\u00fablico, mesmo atachegar a negarse a aceptar as evidentes mentiras envoltas enelegancias?\u00c1s veces c\u00f3mpre dicir aquilo que ningu\u00e9n recolle. \u00c1s veces hai queculpar aos que mandan, pero a culpa tam\u00e9n \u00e9 para os que consentensen facer forte oposici\u00f3n, non van quedar coma que est\u00e1n senresponsabilidades. Hai que facer exercicio firme de reclamaci\u00f3n, denegarse a esta farsa. Esixir aos que te\u00f1an parlamento, erepresentatividade, ese xeito de repetir e corrixir, de oporse, dedenuncia e reconsideraci\u00f3ns dos desatinos, enfadarse para facercumprir aquilo que un d\u00eda prometeron e non compren. A nosa realidadecomo pobo e naci\u00f3n debe facerse coa forza parlamentar, ata esclarecere amosar as circunstancias do noso ser, esixir dignidade e exerciciode posesi\u00f3n. Dando a cara, dic\u00edndoo abertamente.<\/p>\n","protected":false},"excerpt":{"rendered":"<div class=\"mh-excerpt\"><p>\u00c1s veces c\u00f3mpre dicir aquilo que ningu\u00e9n quere o\u00edr. Estamos entempos de confusi\u00f3n e ben sabemos, ser\u00eda bo recuperar a cordura ouun anaco dela, anque non \u00e9 unha medida moi reconfortante pero semprecuradora, faise necesaria no medio da suposta hostilidade e da precisacircunstancia deste tempo, que volve aos tempos da cavern\u00edcolaignorancia <a class=\"mh-excerpt-more\" href=\"https:\/\/www.anovapeneira.gal\/index.php\/2023\/11\/28\/hai-que-dar-a-cara\/\" title=\"Hai que dar a cara!\">[&#8230;]<\/a><\/p>\n<\/div>","protected":false},"author":5,"featured_media":584,"comment_status":"open","ping_status":"open","sticky":false,"template":"","format":"standard","meta":{"_exactmetrics_skip_tracking":false,"_exactmetrics_sitenote_active":false,"_exactmetrics_sitenote_note":"","_exactmetrics_sitenote_category":0,"footnotes":""},"categories":[7],"tags":[],"class_list":{"0":"post-10812","1":"post","2":"type-post","3":"status-publish","4":"format-standard","5":"has-post-thumbnail","7":"category-artigos-de-opinion"},"yoast_head":"<!-- This site is optimized with the Yoast SEO plugin v27.4 - https:\/\/yoast.com\/product\/yoast-seo-wordpress\/ -->\n<title>Hai que dar a cara! -<\/title>\n<meta name=\"description\" content=\"\u00c1s veces c\u00f3mpre dicir aquilo que ningu\u00e9n quere o\u00edr. Estamos entempos de confusi\u00f3n e ben sabemos, ser\u00eda bo recuperar a cordura ouun anaco dela, anque non \u00e9 unha medida moi reconfortante pero semprecuradora, faise necesaria no medio da suposta hostilidade e da precisacircunstancia deste tempo, que volve aos tempos da cavern\u00edcolaignorancia\" \/>\n<meta name=\"robots\" content=\"index, follow, max-snippet:-1, max-image-preview:large, max-video-preview:-1\" \/>\n<link rel=\"canonical\" href=\"https:\/\/www.anovapeneira.gal\/index.php\/2023\/11\/28\/hai-que-dar-a-cara\/\" \/>\n<meta property=\"og:locale\" content=\"gl_ES\" \/>\n<meta property=\"og:type\" content=\"article\" \/>\n<meta property=\"og:title\" content=\"Hai que dar a cara! -\" \/>\n<meta property=\"og:description\" content=\"\u00c1s veces c\u00f3mpre dicir aquilo que ningu\u00e9n quere o\u00edr. Estamos entempos de confusi\u00f3n e ben sabemos, ser\u00eda bo recuperar a cordura ouun anaco dela, anque non \u00e9 unha medida moi reconfortante pero semprecuradora, faise necesaria no medio da suposta hostilidade e da precisacircunstancia deste tempo, que volve aos tempos da cavern\u00edcolaignorancia\" \/>\n<meta property=\"og:url\" content=\"https:\/\/www.anovapeneira.gal\/index.php\/2023\/11\/28\/hai-que-dar-a-cara\/\" \/>\n<meta property=\"article:publisher\" content=\"https:\/\/www.facebook.com\/anovapeneira\" \/>\n<meta property=\"article:published_time\" content=\"2023-11-28T09:00:10+00:00\" \/>\n<meta property=\"og:image\" content=\"https:\/\/www.anovapeneira.gal\/wp-content\/uploads\/2019\/07\/ARTIGO_DE_OPINION_A_NOVA_PENEIRA.jpg\" \/>\n\t<meta property=\"og:image:width\" content=\"720\" \/>\n\t<meta property=\"og:image:height\" content=\"473\" \/>\n\t<meta property=\"og:image:type\" content=\"image\/jpeg\" \/>\n<meta name=\"author\" content=\"Baldomero Iglesias Dobarrio, Mero\" \/>\n<meta name=\"twitter:card\" content=\"summary_large_image\" \/>\n<meta name=\"twitter:image\" content=\"https:\/\/www.anovapeneira.gal\/wp-content\/uploads\/2019\/07\/ARTIGO_DE_OPINION_A_NOVA_PENEIRA.jpg\" \/>\n<meta name=\"twitter:creator\" content=\"@APeneira\" \/>\n<meta name=\"twitter:site\" content=\"@APeneira\" \/>\n<meta name=\"twitter:label1\" content=\"Escrito por\" \/>\n\t<meta name=\"twitter:data1\" content=\"Baldomero Iglesias Dobarrio, Mero\" \/>\n\t<meta name=\"twitter:label2\" content=\"Tempo de lectura\" \/>\n\t<meta name=\"twitter:data2\" content=\"4 minutos\" \/>\n<script type=\"application\/ld+json\" class=\"yoast-schema-graph\">{\"@context\":\"https:\\\/\\\/schema.org\",\"@graph\":[{\"@type\":\"Article\",\"@id\":\"https:\\\/\\\/www.anovapeneira.gal\\\/index.php\\\/2023\\\/11\\\/28\\\/hai-que-dar-a-cara\\\/#article\",\"isPartOf\":{\"@id\":\"https:\\\/\\\/www.anovapeneira.gal\\\/index.php\\\/2023\\\/11\\\/28\\\/hai-que-dar-a-cara\\\/\"},\"author\":{\"name\":\"Baldomero Iglesias Dobarrio, Mero\",\"@id\":\"https:\\\/\\\/www.anovapeneira.gal\\\/#\\\/schema\\\/person\\\/b051ed40cfc100e281476674783b32fc\"},\"headline\":\"Hai que dar a cara!\",\"datePublished\":\"2023-11-28T09:00:10+00:00\",\"mainEntityOfPage\":{\"@id\":\"https:\\\/\\\/www.anovapeneira.gal\\\/index.php\\\/2023\\\/11\\\/28\\\/hai-que-dar-a-cara\\\/\"},\"wordCount\":733,\"commentCount\":0,\"publisher\":{\"@id\":\"https:\\\/\\\/www.anovapeneira.gal\\\/#organization\"},\"image\":{\"@id\":\"https:\\\/\\\/www.anovapeneira.gal\\\/index.php\\\/2023\\\/11\\\/28\\\/hai-que-dar-a-cara\\\/#primaryimage\"},\"thumbnailUrl\":\"https:\\\/\\\/www.anovapeneira.gal\\\/wp-content\\\/uploads\\\/2019\\\/07\\\/ARTIGO_DE_OPINION_A_NOVA_PENEIRA.jpg\",\"articleSection\":[\"Artigos de opini\u00f3n\"],\"inLanguage\":\"gl-ES\",\"potentialAction\":[{\"@type\":\"CommentAction\",\"name\":\"Comment\",\"target\":[\"https:\\\/\\\/www.anovapeneira.gal\\\/index.php\\\/2023\\\/11\\\/28\\\/hai-que-dar-a-cara\\\/#respond\"]}]},{\"@type\":\"WebPage\",\"@id\":\"https:\\\/\\\/www.anovapeneira.gal\\\/index.php\\\/2023\\\/11\\\/28\\\/hai-que-dar-a-cara\\\/\",\"url\":\"https:\\\/\\\/www.anovapeneira.gal\\\/index.php\\\/2023\\\/11\\\/28\\\/hai-que-dar-a-cara\\\/\",\"name\":\"Hai que dar a cara! -\",\"isPartOf\":{\"@id\":\"https:\\\/\\\/www.anovapeneira.gal\\\/#website\"},\"primaryImageOfPage\":{\"@id\":\"https:\\\/\\\/www.anovapeneira.gal\\\/index.php\\\/2023\\\/11\\\/28\\\/hai-que-dar-a-cara\\\/#primaryimage\"},\"image\":{\"@id\":\"https:\\\/\\\/www.anovapeneira.gal\\\/index.php\\\/2023\\\/11\\\/28\\\/hai-que-dar-a-cara\\\/#primaryimage\"},\"thumbnailUrl\":\"https:\\\/\\\/www.anovapeneira.gal\\\/wp-content\\\/uploads\\\/2019\\\/07\\\/ARTIGO_DE_OPINION_A_NOVA_PENEIRA.jpg\",\"datePublished\":\"2023-11-28T09:00:10+00:00\",\"description\":\"\u00c1s veces c\u00f3mpre dicir aquilo que ningu\u00e9n quere o\u00edr. Estamos entempos de confusi\u00f3n e ben sabemos, ser\u00eda bo recuperar a cordura ouun anaco dela, anque non \u00e9 unha medida moi reconfortante pero semprecuradora, faise necesaria no medio da suposta hostilidade e da precisacircunstancia deste tempo, que volve aos tempos da cavern\u00edcolaignorancia\",\"breadcrumb\":{\"@id\":\"https:\\\/\\\/www.anovapeneira.gal\\\/index.php\\\/2023\\\/11\\\/28\\\/hai-que-dar-a-cara\\\/#breadcrumb\"},\"inLanguage\":\"gl-ES\",\"potentialAction\":[{\"@type\":\"ReadAction\",\"target\":[\"https:\\\/\\\/www.anovapeneira.gal\\\/index.php\\\/2023\\\/11\\\/28\\\/hai-que-dar-a-cara\\\/\"]}]},{\"@type\":\"ImageObject\",\"inLanguage\":\"gl-ES\",\"@id\":\"https:\\\/\\\/www.anovapeneira.gal\\\/index.php\\\/2023\\\/11\\\/28\\\/hai-que-dar-a-cara\\\/#primaryimage\",\"url\":\"https:\\\/\\\/www.anovapeneira.gal\\\/wp-content\\\/uploads\\\/2019\\\/07\\\/ARTIGO_DE_OPINION_A_NOVA_PENEIRA.jpg\",\"contentUrl\":\"https:\\\/\\\/www.anovapeneira.gal\\\/wp-content\\\/uploads\\\/2019\\\/07\\\/ARTIGO_DE_OPINION_A_NOVA_PENEIRA.jpg\",\"width\":720,\"height\":473,\"caption\":\"Artigo de opini\u00f3n A Nova Peneira\"},{\"@type\":\"BreadcrumbList\",\"@id\":\"https:\\\/\\\/www.anovapeneira.gal\\\/index.php\\\/2023\\\/11\\\/28\\\/hai-que-dar-a-cara\\\/#breadcrumb\",\"itemListElement\":[{\"@type\":\"ListItem\",\"position\":1,\"name\":\"Portada\",\"item\":\"https:\\\/\\\/www.anovapeneira.gal\\\/\"},{\"@type\":\"ListItem\",\"position\":2,\"name\":\"Hai que dar a cara!\"}]},{\"@type\":\"WebSite\",\"@id\":\"https:\\\/\\\/www.anovapeneira.gal\\\/#website\",\"url\":\"https:\\\/\\\/www.anovapeneira.gal\\\/\",\"name\":\"\",\"description\":\"Xornal galego de informaci\u00f3n xeral Publicaci\u00f3n mensual de novas de Galicia e en especial dos Concellos da sur da provincia de Pontevedra.\",\"publisher\":{\"@id\":\"https:\\\/\\\/www.anovapeneira.gal\\\/#organization\"},\"potentialAction\":[{\"@type\":\"SearchAction\",\"target\":{\"@type\":\"EntryPoint\",\"urlTemplate\":\"https:\\\/\\\/www.anovapeneira.gal\\\/?s={search_term_string}\"},\"query-input\":{\"@type\":\"PropertyValueSpecification\",\"valueRequired\":true,\"valueName\":\"search_term_string\"}}],\"inLanguage\":\"gl-ES\"},{\"@type\":\"Organization\",\"@id\":\"https:\\\/\\\/www.anovapeneira.gal\\\/#organization\",\"name\":\"A Nova Peneira\",\"url\":\"https:\\\/\\\/www.anovapeneira.gal\\\/\",\"logo\":{\"@type\":\"ImageObject\",\"inLanguage\":\"gl-ES\",\"@id\":\"https:\\\/\\\/www.anovapeneira.gal\\\/#\\\/schema\\\/logo\\\/image\\\/\",\"url\":\"http:\\\/\\\/www.anovapeneira.gal\\\/wp-content\\\/uploads\\\/2019\\\/06\\\/logo_a_nova_peneira_portal_web.png\",\"contentUrl\":\"http:\\\/\\\/www.anovapeneira.gal\\\/wp-content\\\/uploads\\\/2019\\\/06\\\/logo_a_nova_peneira_portal_web.png\",\"width\":300,\"height\":100,\"caption\":\"A Nova Peneira\"},\"image\":{\"@id\":\"https:\\\/\\\/www.anovapeneira.gal\\\/#\\\/schema\\\/logo\\\/image\\\/\"},\"sameAs\":[\"https:\\\/\\\/www.facebook.com\\\/anovapeneira\",\"https:\\\/\\\/x.com\\\/APeneira\"]},{\"@type\":\"Person\",\"@id\":\"https:\\\/\\\/www.anovapeneira.gal\\\/#\\\/schema\\\/person\\\/b051ed40cfc100e281476674783b32fc\",\"name\":\"Baldomero Iglesias Dobarrio, Mero\",\"image\":{\"@type\":\"ImageObject\",\"inLanguage\":\"gl-ES\",\"@id\":\"https:\\\/\\\/secure.gravatar.com\\\/avatar\\\/ca78fc089f8cf28197f88de2c9ac213e2f7d2097d8e359d9359b8778b539c59d?s=96&d=mm&r=g\",\"url\":\"https:\\\/\\\/secure.gravatar.com\\\/avatar\\\/ca78fc089f8cf28197f88de2c9ac213e2f7d2097d8e359d9359b8778b539c59d?s=96&d=mm&r=g\",\"contentUrl\":\"https:\\\/\\\/secure.gravatar.com\\\/avatar\\\/ca78fc089f8cf28197f88de2c9ac213e2f7d2097d8e359d9359b8778b539c59d?s=96&d=mm&r=g\",\"caption\":\"Baldomero Iglesias Dobarrio, Mero\"},\"sameAs\":[\"http:\\\/\\\/anovapeneira.gal\"],\"url\":\"https:\\\/\\\/www.anovapeneira.gal\\\/index.php\\\/author\\\/opinionmero\\\/\"}]}<\/script>\n<!-- \/ Yoast SEO plugin. -->","yoast_head_json":{"title":"Hai que dar a cara! -","description":"\u00c1s veces c\u00f3mpre dicir aquilo que ningu\u00e9n quere o\u00edr. Estamos entempos de confusi\u00f3n e ben sabemos, ser\u00eda bo recuperar a cordura ouun anaco dela, anque non \u00e9 unha medida moi reconfortante pero semprecuradora, faise necesaria no medio da suposta hostilidade e da precisacircunstancia deste tempo, que volve aos tempos da cavern\u00edcolaignorancia","robots":{"index":"index","follow":"follow","max-snippet":"max-snippet:-1","max-image-preview":"max-image-preview:large","max-video-preview":"max-video-preview:-1"},"canonical":"https:\/\/www.anovapeneira.gal\/index.php\/2023\/11\/28\/hai-que-dar-a-cara\/","og_locale":"gl_ES","og_type":"article","og_title":"Hai que dar a cara! -","og_description":"\u00c1s veces c\u00f3mpre dicir aquilo que ningu\u00e9n quere o\u00edr. Estamos entempos de confusi\u00f3n e ben sabemos, ser\u00eda bo recuperar a cordura ouun anaco dela, anque non \u00e9 unha medida moi reconfortante pero semprecuradora, faise necesaria no medio da suposta hostilidade e da precisacircunstancia deste tempo, que volve aos tempos da cavern\u00edcolaignorancia","og_url":"https:\/\/www.anovapeneira.gal\/index.php\/2023\/11\/28\/hai-que-dar-a-cara\/","article_publisher":"https:\/\/www.facebook.com\/anovapeneira","article_published_time":"2023-11-28T09:00:10+00:00","og_image":[{"width":720,"height":473,"url":"https:\/\/www.anovapeneira.gal\/wp-content\/uploads\/2019\/07\/ARTIGO_DE_OPINION_A_NOVA_PENEIRA.jpg","type":"image\/jpeg"}],"author":"Baldomero Iglesias Dobarrio, Mero","twitter_card":"summary_large_image","twitter_image":"https:\/\/www.anovapeneira.gal\/wp-content\/uploads\/2019\/07\/ARTIGO_DE_OPINION_A_NOVA_PENEIRA.jpg","twitter_creator":"@APeneira","twitter_site":"@APeneira","twitter_misc":{"Escrito por":"Baldomero Iglesias Dobarrio, Mero","Tempo de lectura":"4 minutos"},"schema":{"@context":"https:\/\/schema.org","@graph":[{"@type":"Article","@id":"https:\/\/www.anovapeneira.gal\/index.php\/2023\/11\/28\/hai-que-dar-a-cara\/#article","isPartOf":{"@id":"https:\/\/www.anovapeneira.gal\/index.php\/2023\/11\/28\/hai-que-dar-a-cara\/"},"author":{"name":"Baldomero Iglesias Dobarrio, Mero","@id":"https:\/\/www.anovapeneira.gal\/#\/schema\/person\/b051ed40cfc100e281476674783b32fc"},"headline":"Hai que dar a cara!","datePublished":"2023-11-28T09:00:10+00:00","mainEntityOfPage":{"@id":"https:\/\/www.anovapeneira.gal\/index.php\/2023\/11\/28\/hai-que-dar-a-cara\/"},"wordCount":733,"commentCount":0,"publisher":{"@id":"https:\/\/www.anovapeneira.gal\/#organization"},"image":{"@id":"https:\/\/www.anovapeneira.gal\/index.php\/2023\/11\/28\/hai-que-dar-a-cara\/#primaryimage"},"thumbnailUrl":"https:\/\/www.anovapeneira.gal\/wp-content\/uploads\/2019\/07\/ARTIGO_DE_OPINION_A_NOVA_PENEIRA.jpg","articleSection":["Artigos de opini\u00f3n"],"inLanguage":"gl-ES","potentialAction":[{"@type":"CommentAction","name":"Comment","target":["https:\/\/www.anovapeneira.gal\/index.php\/2023\/11\/28\/hai-que-dar-a-cara\/#respond"]}]},{"@type":"WebPage","@id":"https:\/\/www.anovapeneira.gal\/index.php\/2023\/11\/28\/hai-que-dar-a-cara\/","url":"https:\/\/www.anovapeneira.gal\/index.php\/2023\/11\/28\/hai-que-dar-a-cara\/","name":"Hai que dar a cara! -","isPartOf":{"@id":"https:\/\/www.anovapeneira.gal\/#website"},"primaryImageOfPage":{"@id":"https:\/\/www.anovapeneira.gal\/index.php\/2023\/11\/28\/hai-que-dar-a-cara\/#primaryimage"},"image":{"@id":"https:\/\/www.anovapeneira.gal\/index.php\/2023\/11\/28\/hai-que-dar-a-cara\/#primaryimage"},"thumbnailUrl":"https:\/\/www.anovapeneira.gal\/wp-content\/uploads\/2019\/07\/ARTIGO_DE_OPINION_A_NOVA_PENEIRA.jpg","datePublished":"2023-11-28T09:00:10+00:00","description":"\u00c1s veces c\u00f3mpre dicir aquilo que ningu\u00e9n quere o\u00edr. Estamos entempos de confusi\u00f3n e ben sabemos, ser\u00eda bo recuperar a cordura ouun anaco dela, anque non \u00e9 unha medida moi reconfortante pero semprecuradora, faise necesaria no medio da suposta hostilidade e da precisacircunstancia deste tempo, que volve aos tempos da cavern\u00edcolaignorancia","breadcrumb":{"@id":"https:\/\/www.anovapeneira.gal\/index.php\/2023\/11\/28\/hai-que-dar-a-cara\/#breadcrumb"},"inLanguage":"gl-ES","potentialAction":[{"@type":"ReadAction","target":["https:\/\/www.anovapeneira.gal\/index.php\/2023\/11\/28\/hai-que-dar-a-cara\/"]}]},{"@type":"ImageObject","inLanguage":"gl-ES","@id":"https:\/\/www.anovapeneira.gal\/index.php\/2023\/11\/28\/hai-que-dar-a-cara\/#primaryimage","url":"https:\/\/www.anovapeneira.gal\/wp-content\/uploads\/2019\/07\/ARTIGO_DE_OPINION_A_NOVA_PENEIRA.jpg","contentUrl":"https:\/\/www.anovapeneira.gal\/wp-content\/uploads\/2019\/07\/ARTIGO_DE_OPINION_A_NOVA_PENEIRA.jpg","width":720,"height":473,"caption":"Artigo de opini\u00f3n A Nova Peneira"},{"@type":"BreadcrumbList","@id":"https:\/\/www.anovapeneira.gal\/index.php\/2023\/11\/28\/hai-que-dar-a-cara\/#breadcrumb","itemListElement":[{"@type":"ListItem","position":1,"name":"Portada","item":"https:\/\/www.anovapeneira.gal\/"},{"@type":"ListItem","position":2,"name":"Hai que dar a cara!"}]},{"@type":"WebSite","@id":"https:\/\/www.anovapeneira.gal\/#website","url":"https:\/\/www.anovapeneira.gal\/","name":"","description":"Xornal galego de informaci\u00f3n xeral Publicaci\u00f3n mensual de novas de Galicia e en especial dos Concellos da sur da provincia de Pontevedra.","publisher":{"@id":"https:\/\/www.anovapeneira.gal\/#organization"},"potentialAction":[{"@type":"SearchAction","target":{"@type":"EntryPoint","urlTemplate":"https:\/\/www.anovapeneira.gal\/?s={search_term_string}"},"query-input":{"@type":"PropertyValueSpecification","valueRequired":true,"valueName":"search_term_string"}}],"inLanguage":"gl-ES"},{"@type":"Organization","@id":"https:\/\/www.anovapeneira.gal\/#organization","name":"A Nova Peneira","url":"https:\/\/www.anovapeneira.gal\/","logo":{"@type":"ImageObject","inLanguage":"gl-ES","@id":"https:\/\/www.anovapeneira.gal\/#\/schema\/logo\/image\/","url":"http:\/\/www.anovapeneira.gal\/wp-content\/uploads\/2019\/06\/logo_a_nova_peneira_portal_web.png","contentUrl":"http:\/\/www.anovapeneira.gal\/wp-content\/uploads\/2019\/06\/logo_a_nova_peneira_portal_web.png","width":300,"height":100,"caption":"A Nova Peneira"},"image":{"@id":"https:\/\/www.anovapeneira.gal\/#\/schema\/logo\/image\/"},"sameAs":["https:\/\/www.facebook.com\/anovapeneira","https:\/\/x.com\/APeneira"]},{"@type":"Person","@id":"https:\/\/www.anovapeneira.gal\/#\/schema\/person\/b051ed40cfc100e281476674783b32fc","name":"Baldomero Iglesias Dobarrio, Mero","image":{"@type":"ImageObject","inLanguage":"gl-ES","@id":"https:\/\/secure.gravatar.com\/avatar\/ca78fc089f8cf28197f88de2c9ac213e2f7d2097d8e359d9359b8778b539c59d?s=96&d=mm&r=g","url":"https:\/\/secure.gravatar.com\/avatar\/ca78fc089f8cf28197f88de2c9ac213e2f7d2097d8e359d9359b8778b539c59d?s=96&d=mm&r=g","contentUrl":"https:\/\/secure.gravatar.com\/avatar\/ca78fc089f8cf28197f88de2c9ac213e2f7d2097d8e359d9359b8778b539c59d?s=96&d=mm&r=g","caption":"Baldomero Iglesias Dobarrio, Mero"},"sameAs":["http:\/\/anovapeneira.gal"],"url":"https:\/\/www.anovapeneira.gal\/index.php\/author\/opinionmero\/"}]}},"jetpack_featured_media_url":"https:\/\/www.anovapeneira.gal\/wp-content\/uploads\/2019\/07\/ARTIGO_DE_OPINION_A_NOVA_PENEIRA.jpg","_links":{"self":[{"href":"https:\/\/www.anovapeneira.gal\/index.php\/wp-json\/wp\/v2\/posts\/10812","targetHints":{"allow":["GET"]}}],"collection":[{"href":"https:\/\/www.anovapeneira.gal\/index.php\/wp-json\/wp\/v2\/posts"}],"about":[{"href":"https:\/\/www.anovapeneira.gal\/index.php\/wp-json\/wp\/v2\/types\/post"}],"author":[{"embeddable":true,"href":"https:\/\/www.anovapeneira.gal\/index.php\/wp-json\/wp\/v2\/users\/5"}],"replies":[{"embeddable":true,"href":"https:\/\/www.anovapeneira.gal\/index.php\/wp-json\/wp\/v2\/comments?post=10812"}],"version-history":[{"count":1,"href":"https:\/\/www.anovapeneira.gal\/index.php\/wp-json\/wp\/v2\/posts\/10812\/revisions"}],"predecessor-version":[{"id":10813,"href":"https:\/\/www.anovapeneira.gal\/index.php\/wp-json\/wp\/v2\/posts\/10812\/revisions\/10813"}],"wp:featuredmedia":[{"embeddable":true,"href":"https:\/\/www.anovapeneira.gal\/index.php\/wp-json\/wp\/v2\/media\/584"}],"wp:attachment":[{"href":"https:\/\/www.anovapeneira.gal\/index.php\/wp-json\/wp\/v2\/media?parent=10812"}],"wp:term":[{"taxonomy":"category","embeddable":true,"href":"https:\/\/www.anovapeneira.gal\/index.php\/wp-json\/wp\/v2\/categories?post=10812"},{"taxonomy":"post_tag","embeddable":true,"href":"https:\/\/www.anovapeneira.gal\/index.php\/wp-json\/wp\/v2\/tags?post=10812"}],"curies":[{"name":"wp","href":"https:\/\/api.w.org\/{rel}","templated":true}]}}