{"id":10814,"date":"2023-11-28T12:00:41","date_gmt":"2023-11-28T11:00:41","guid":{"rendered":"https:\/\/www.anovapeneira.gal\/?p=10814"},"modified":"2023-11-27T08:27:12","modified_gmt":"2023-11-27T07:27:12","slug":"a-escola-de-artes-marciais-loren-de-ponteareas-epicentro-do-taekwondo-na-comarca-do-condado","status":"publish","type":"post","link":"https:\/\/www.anovapeneira.gal\/index.php\/2023\/11\/28\/a-escola-de-artes-marciais-loren-de-ponteareas-epicentro-do-taekwondo-na-comarca-do-condado\/","title":{"rendered":"A escola de artes marciais Loren de Ponteareas epicentro do Taekwondo na comarca do Condado"},"content":{"rendered":"\n<p><strong>O ximnasio Loren de Ponteareas ten unha longa experiencia e acreditada solvencia na formaci\u00f3n de persoas de calquera idade que queiran achegarse ao fascinante mundo das artes marciais. Na actualidade desenvolven un moi interesante programa de adestramento de nenos e mozos que tratan de mergullarse no universo do taekwondo, disciplina que \u00e9 deporte ol\u00edmpico. N\u00f3s falamos con Loren, o fundador da escola, para co\u00f1ecer algo m\u00e1is deste deporte.<\/strong><\/p>\n\n\n\n<h2 class=\"wp-block-heading\">\u201c <strong>A pr\u00e1ctica do Taekwondo achega indubidables beneficios \u00e1 vida coti\u00e1\u201d<\/strong><\/h2>\n\n\n\n<p><strong>Cando naceu o equipo de combate ?<\/strong><\/p>\n\n\n\n<blockquote class=\"wp-block-quote is-layout-flow wp-block-quote-is-layout-flow\">\n<p>No ano 2020.<\/p>\n<\/blockquote>\n\n\n\n<p><strong>Cantos nenos e nenas o compo\u00f1en?<\/strong><\/p>\n\n\n\n<blockquote class=\"wp-block-quote is-layout-flow wp-block-quote-is-layout-flow\">\n<p>32<\/p>\n<\/blockquote>\n\n\n\n<p><strong>De que idades?<\/strong><\/p>\n\n\n\n<blockquote class=\"wp-block-quote is-layout-flow wp-block-quote-is-layout-flow\">\n<p>O m\u00e1is pequeno ten nove anos e o maior 32<\/p>\n<\/blockquote>\n\n\n\n<p><strong>A que nivel est\u00e1n estes nenos?<\/strong><\/p>\n\n\n\n<blockquote class=\"wp-block-quote is-layout-flow wp-block-quote-is-layout-flow\">\n<p>Son todos moi novos. Malia que est\u00e1n tendo resultados moi bos nos distintos eventos nos que estamos a participar, todos eles est\u00e1n en plena etapa de formaci\u00f3n. O taekwondo de elite require m\u00e1is experiencia e m\u00e1is idade claro.<\/p>\n<\/blockquote>\n\n\n\n<p><strong>Todas as persoas e a todas as idades poden practicar este deporte?<\/strong><\/p>\n\n\n\n<blockquote class=\"wp-block-quote is-layout-flow wp-block-quote-is-layout-flow\">\n<p>Si, todas as persoas e a todas as idades.<\/p>\n<\/blockquote>\n\n\n\n<p><strong>Que beneficios achega a pr\u00e1ctica do voso deporte?<\/strong><\/p>\n\n\n\n<blockquote class=\"wp-block-quote is-layout-flow wp-block-quote-is-layout-flow\">\n<p>Achega indubidables beneficios \u00e1 vida coti\u00e1, tanto f\u00edsicos como emocionais. As\u00ed por exemplo contrib\u00fae a que mante\u00f1amos as nosas articulaci\u00f3ns e o noso sistema muscular en bo estado. D\u00e1nos elasticidade, forza e equilibrio e seguridade. E a nivel emocional ensina a xestionar a frustraci\u00f3n e axuda a ser solidario e fraternal.<\/p>\n<\/blockquote>\n\n\n\n<p><strong>\u00c9 un deporte caro?<\/strong><\/p>\n\n\n\n<blockquote class=\"wp-block-quote is-layout-flow wp-block-quote-is-layout-flow\">\n<p>Non, \u00e9 accesible para calquera econom\u00eda media, incluso modesta. Ha que facer un gasto de equipo ao principio e pouco m\u00e1is.<\/p>\n<\/blockquote>\n\n\n\n<p><strong>En que competici\u00f3ns participades?<\/strong><\/p>\n\n\n\n<blockquote class=\"wp-block-quote is-layout-flow wp-block-quote-is-layout-flow\">\n<p>N\u00f3s estamos a participar en todos os eventos internacionais que hai en Galicia. Gustar\u00edanos poder ir a m\u00e1is competici\u00f3ns f\u00f3ra pero economicamente \u00e9 moi complicado. O ano pasado puidemos ir ao open de Espa\u00f1a en Alacante e foi unha moi boa experiencia.<\/p>\n<\/blockquote>\n\n\n\n<p><strong>E como se financiou esa viaxe?<\/strong><\/p>\n\n\n\n<blockquote class=\"wp-block-quote is-layout-flow wp-block-quote-is-layout-flow\">\n<p>Pois os pais e as nais, non quedou m\u00e1is remedio.<\/p>\n<\/blockquote>\n\n\n\n<p><strong>Sent\u00eddevos apoiados polo Concello?<\/strong><\/p>\n\n\n\n<blockquote class=\"wp-block-quote is-layout-flow wp-block-quote-is-layout-flow\">\n<p>Agora parece que si.<\/p>\n<\/blockquote>\n\n\n\n<p><strong>Este deporte pode ser perigoso para quen o practica?<\/strong><\/p>\n\n\n\n<blockquote class=\"wp-block-quote is-layout-flow wp-block-quote-is-layout-flow\">\n<p>Non. No noso deporte, especialmente nos niveis de iniciaci\u00f3n os niveis de seguridade son m\u00e1ximos. No momento en que haxa moita superioridade dun dos participantes no combate sobre o seu opo\u00f1ente , o \u00e1rbitro para a pelexa.<\/p>\n<\/blockquote>\n\n\n\n<p><strong>Ves entre os tes alumnos e alumnas a alg\u00fan que te\u00f1a potencial para chegar a elite?<\/strong><\/p>\n\n\n\n<blockquote class=\"wp-block-quote is-layout-flow wp-block-quote-is-layout-flow\">\n<p>Todos te\u00f1en o potencial necesario.<\/p>\n<\/blockquote>\n\n\n\n<p><strong>O deportista de elite nace ou pode facerse?<\/strong><\/p>\n\n\n\n<blockquote class=\"wp-block-quote is-layout-flow wp-block-quote-is-layout-flow\">\n<p>Todo pode adestrarse e todo pode aprenderse, pero se tes unhas condici\u00f3ns innatas de elasticidade e flexibilidade \u00e9 m\u00e1is f\u00e1cil.<\/p>\n<\/blockquote>\n","protected":false},"excerpt":{"rendered":"<div class=\"mh-excerpt\"><p>O ximnasio Loren de Ponteareas ten unha longa experiencia e acreditada solvencia na formaci\u00f3n de persoas de calquera idade que queiran achegarse ao fascinante mundo das artes marciais <a class=\"mh-excerpt-more\" href=\"https:\/\/www.anovapeneira.gal\/index.php\/2023\/11\/28\/a-escola-de-artes-marciais-loren-de-ponteareas-epicentro-do-taekwondo-na-comarca-do-condado\/\" title=\"A escola de artes marciais Loren de Ponteareas epicentro do Taekwondo na comarca do Condado\">[&#8230;]<\/a><\/p>\n<\/div>","protected":false},"author":3,"featured_media":10815,"comment_status":"open","ping_status":"open","sticky":false,"template":"","format":"standard","meta":{"_exactmetrics_skip_tracking":false,"_exactmetrics_sitenote_active":false,"_exactmetrics_sitenote_note":"","_exactmetrics_sitenote_category":0,"footnotes":""},"categories":[1],"tags":[],"class_list":{"0":"post-10814","1":"post","2":"type-post","3":"status-publish","4":"format-standard","5":"has-post-thumbnail","7":"category-sin-categoria"},"yoast_head":"<!-- This site is optimized with the Yoast SEO plugin v27.4 - https:\/\/yoast.com\/product\/yoast-seo-wordpress\/ -->\n<title>A escola de artes marciais Loren de Ponteareas epicentro do Taekwondo na comarca do Condado -<\/title>\n<meta name=\"description\" content=\"O ximnasio Loren de Ponteareas ten unha longa experiencia e acreditada solvencia na formaci\u00f3n de persoas de calquera idade que queiran achegarse ao fascinante mundo das artes marciais\" \/>\n<meta name=\"robots\" content=\"index, follow, max-snippet:-1, max-image-preview:large, max-video-preview:-1\" \/>\n<link rel=\"canonical\" href=\"https:\/\/www.anovapeneira.gal\/index.php\/2023\/11\/28\/a-escola-de-artes-marciais-loren-de-ponteareas-epicentro-do-taekwondo-na-comarca-do-condado\/\" \/>\n<meta property=\"og:locale\" content=\"gl_ES\" \/>\n<meta property=\"og:type\" content=\"article\" \/>\n<meta property=\"og:title\" content=\"A escola de artes marciais Loren de Ponteareas epicentro do Taekwondo na comarca do Condado -\" \/>\n<meta property=\"og:description\" content=\"O ximnasio Loren de Ponteareas ten unha longa experiencia e acreditada solvencia na formaci\u00f3n de persoas de calquera idade que queiran achegarse ao fascinante mundo das artes marciais\" \/>\n<meta property=\"og:url\" content=\"https:\/\/www.anovapeneira.gal\/index.php\/2023\/11\/28\/a-escola-de-artes-marciais-loren-de-ponteareas-epicentro-do-taekwondo-na-comarca-do-condado\/\" \/>\n<meta property=\"article:publisher\" content=\"https:\/\/www.facebook.com\/anovapeneira\" \/>\n<meta property=\"article:published_time\" content=\"2023-11-28T11:00:41+00:00\" \/>\n<meta property=\"og:image\" content=\"https:\/\/www.anovapeneira.gal\/wp-content\/uploads\/2023\/11\/loren_ponteareas.jpg\" \/>\n\t<meta property=\"og:image:width\" content=\"720\" \/>\n\t<meta property=\"og:image:height\" content=\"432\" \/>\n\t<meta property=\"og:image:type\" content=\"image\/jpeg\" \/>\n<meta name=\"author\" content=\"Redacci\u00f3n A Nova Peneira\" \/>\n<meta name=\"twitter:card\" content=\"summary_large_image\" \/>\n<meta name=\"twitter:creator\" content=\"@APeneira\" \/>\n<meta name=\"twitter:site\" content=\"@APeneira\" \/>\n<meta name=\"twitter:label1\" content=\"Escrito por\" \/>\n\t<meta name=\"twitter:data1\" content=\"Redacci\u00f3n A Nova Peneira\" \/>\n\t<meta name=\"twitter:label2\" content=\"Tempo de lectura\" \/>\n\t<meta name=\"twitter:data2\" content=\"1 minuto\" \/>\n<script type=\"application\/ld+json\" class=\"yoast-schema-graph\">{\"@context\":\"https:\\\/\\\/schema.org\",\"@graph\":[{\"@type\":\"Article\",\"@id\":\"https:\\\/\\\/www.anovapeneira.gal\\\/index.php\\\/2023\\\/11\\\/28\\\/a-escola-de-artes-marciais-loren-de-ponteareas-epicentro-do-taekwondo-na-comarca-do-condado\\\/#article\",\"isPartOf\":{\"@id\":\"https:\\\/\\\/www.anovapeneira.gal\\\/index.php\\\/2023\\\/11\\\/28\\\/a-escola-de-artes-marciais-loren-de-ponteareas-epicentro-do-taekwondo-na-comarca-do-condado\\\/\"},\"author\":{\"name\":\"Redacci\u00f3n A Nova Peneira\",\"@id\":\"https:\\\/\\\/www.anovapeneira.gal\\\/#\\\/schema\\\/person\\\/b93e3f8932e3f8da96334607eb6ac6aa\"},\"headline\":\"A escola de artes marciais Loren de Ponteareas epicentro do Taekwondo na comarca do Condado\",\"datePublished\":\"2023-11-28T11:00:41+00:00\",\"mainEntityOfPage\":{\"@id\":\"https:\\\/\\\/www.anovapeneira.gal\\\/index.php\\\/2023\\\/11\\\/28\\\/a-escola-de-artes-marciais-loren-de-ponteareas-epicentro-do-taekwondo-na-comarca-do-condado\\\/\"},\"wordCount\":466,\"commentCount\":0,\"publisher\":{\"@id\":\"https:\\\/\\\/www.anovapeneira.gal\\\/#organization\"},\"image\":{\"@id\":\"https:\\\/\\\/www.anovapeneira.gal\\\/index.php\\\/2023\\\/11\\\/28\\\/a-escola-de-artes-marciais-loren-de-ponteareas-epicentro-do-taekwondo-na-comarca-do-condado\\\/#primaryimage\"},\"thumbnailUrl\":\"https:\\\/\\\/www.anovapeneira.gal\\\/wp-content\\\/uploads\\\/2023\\\/11\\\/loren_ponteareas.jpg\",\"articleSection\":[\"Sin categor\u00eda\"],\"inLanguage\":\"gl-ES\",\"potentialAction\":[{\"@type\":\"CommentAction\",\"name\":\"Comment\",\"target\":[\"https:\\\/\\\/www.anovapeneira.gal\\\/index.php\\\/2023\\\/11\\\/28\\\/a-escola-de-artes-marciais-loren-de-ponteareas-epicentro-do-taekwondo-na-comarca-do-condado\\\/#respond\"]}]},{\"@type\":\"WebPage\",\"@id\":\"https:\\\/\\\/www.anovapeneira.gal\\\/index.php\\\/2023\\\/11\\\/28\\\/a-escola-de-artes-marciais-loren-de-ponteareas-epicentro-do-taekwondo-na-comarca-do-condado\\\/\",\"url\":\"https:\\\/\\\/www.anovapeneira.gal\\\/index.php\\\/2023\\\/11\\\/28\\\/a-escola-de-artes-marciais-loren-de-ponteareas-epicentro-do-taekwondo-na-comarca-do-condado\\\/\",\"name\":\"A escola de artes marciais Loren de Ponteareas epicentro do Taekwondo na comarca do Condado -\",\"isPartOf\":{\"@id\":\"https:\\\/\\\/www.anovapeneira.gal\\\/#website\"},\"primaryImageOfPage\":{\"@id\":\"https:\\\/\\\/www.anovapeneira.gal\\\/index.php\\\/2023\\\/11\\\/28\\\/a-escola-de-artes-marciais-loren-de-ponteareas-epicentro-do-taekwondo-na-comarca-do-condado\\\/#primaryimage\"},\"image\":{\"@id\":\"https:\\\/\\\/www.anovapeneira.gal\\\/index.php\\\/2023\\\/11\\\/28\\\/a-escola-de-artes-marciais-loren-de-ponteareas-epicentro-do-taekwondo-na-comarca-do-condado\\\/#primaryimage\"},\"thumbnailUrl\":\"https:\\\/\\\/www.anovapeneira.gal\\\/wp-content\\\/uploads\\\/2023\\\/11\\\/loren_ponteareas.jpg\",\"datePublished\":\"2023-11-28T11:00:41+00:00\",\"description\":\"O ximnasio Loren de Ponteareas ten unha longa experiencia e acreditada solvencia na formaci\u00f3n de persoas de calquera idade que queiran achegarse ao fascinante mundo das artes marciais\",\"breadcrumb\":{\"@id\":\"https:\\\/\\\/www.anovapeneira.gal\\\/index.php\\\/2023\\\/11\\\/28\\\/a-escola-de-artes-marciais-loren-de-ponteareas-epicentro-do-taekwondo-na-comarca-do-condado\\\/#breadcrumb\"},\"inLanguage\":\"gl-ES\",\"potentialAction\":[{\"@type\":\"ReadAction\",\"target\":[\"https:\\\/\\\/www.anovapeneira.gal\\\/index.php\\\/2023\\\/11\\\/28\\\/a-escola-de-artes-marciais-loren-de-ponteareas-epicentro-do-taekwondo-na-comarca-do-condado\\\/\"]}]},{\"@type\":\"ImageObject\",\"inLanguage\":\"gl-ES\",\"@id\":\"https:\\\/\\\/www.anovapeneira.gal\\\/index.php\\\/2023\\\/11\\\/28\\\/a-escola-de-artes-marciais-loren-de-ponteareas-epicentro-do-taekwondo-na-comarca-do-condado\\\/#primaryimage\",\"url\":\"https:\\\/\\\/www.anovapeneira.gal\\\/wp-content\\\/uploads\\\/2023\\\/11\\\/loren_ponteareas.jpg\",\"contentUrl\":\"https:\\\/\\\/www.anovapeneira.gal\\\/wp-content\\\/uploads\\\/2023\\\/11\\\/loren_ponteareas.jpg\",\"width\":720,\"height\":432,\"caption\":\"A escola de artes marciais Loren de Ponteareas\"},{\"@type\":\"BreadcrumbList\",\"@id\":\"https:\\\/\\\/www.anovapeneira.gal\\\/index.php\\\/2023\\\/11\\\/28\\\/a-escola-de-artes-marciais-loren-de-ponteareas-epicentro-do-taekwondo-na-comarca-do-condado\\\/#breadcrumb\",\"itemListElement\":[{\"@type\":\"ListItem\",\"position\":1,\"name\":\"Portada\",\"item\":\"https:\\\/\\\/www.anovapeneira.gal\\\/\"},{\"@type\":\"ListItem\",\"position\":2,\"name\":\"A escola de artes marciais Loren de Ponteareas epicentro do Taekwondo na comarca do Condado\"}]},{\"@type\":\"WebSite\",\"@id\":\"https:\\\/\\\/www.anovapeneira.gal\\\/#website\",\"url\":\"https:\\\/\\\/www.anovapeneira.gal\\\/\",\"name\":\"\",\"description\":\"Xornal galego de informaci\u00f3n xeral Publicaci\u00f3n mensual de novas de Galicia e en especial dos Concellos da sur da provincia de Pontevedra.\",\"publisher\":{\"@id\":\"https:\\\/\\\/www.anovapeneira.gal\\\/#organization\"},\"potentialAction\":[{\"@type\":\"SearchAction\",\"target\":{\"@type\":\"EntryPoint\",\"urlTemplate\":\"https:\\\/\\\/www.anovapeneira.gal\\\/?s={search_term_string}\"},\"query-input\":{\"@type\":\"PropertyValueSpecification\",\"valueRequired\":true,\"valueName\":\"search_term_string\"}}],\"inLanguage\":\"gl-ES\"},{\"@type\":\"Organization\",\"@id\":\"https:\\\/\\\/www.anovapeneira.gal\\\/#organization\",\"name\":\"A Nova Peneira\",\"url\":\"https:\\\/\\\/www.anovapeneira.gal\\\/\",\"logo\":{\"@type\":\"ImageObject\",\"inLanguage\":\"gl-ES\",\"@id\":\"https:\\\/\\\/www.anovapeneira.gal\\\/#\\\/schema\\\/logo\\\/image\\\/\",\"url\":\"http:\\\/\\\/www.anovapeneira.gal\\\/wp-content\\\/uploads\\\/2019\\\/06\\\/logo_a_nova_peneira_portal_web.png\",\"contentUrl\":\"http:\\\/\\\/www.anovapeneira.gal\\\/wp-content\\\/uploads\\\/2019\\\/06\\\/logo_a_nova_peneira_portal_web.png\",\"width\":300,\"height\":100,\"caption\":\"A Nova Peneira\"},\"image\":{\"@id\":\"https:\\\/\\\/www.anovapeneira.gal\\\/#\\\/schema\\\/logo\\\/image\\\/\"},\"sameAs\":[\"https:\\\/\\\/www.facebook.com\\\/anovapeneira\",\"https:\\\/\\\/x.com\\\/APeneira\"]},{\"@type\":\"Person\",\"@id\":\"https:\\\/\\\/www.anovapeneira.gal\\\/#\\\/schema\\\/person\\\/b93e3f8932e3f8da96334607eb6ac6aa\",\"name\":\"Redacci\u00f3n A Nova Peneira\",\"image\":{\"@type\":\"ImageObject\",\"inLanguage\":\"gl-ES\",\"@id\":\"https:\\\/\\\/secure.gravatar.com\\\/avatar\\\/c052a2551a06e23fac63626232eaa90abd78dbcf1700fc46a2b2c89fd27b735f?s=96&d=mm&r=g\",\"url\":\"https:\\\/\\\/secure.gravatar.com\\\/avatar\\\/c052a2551a06e23fac63626232eaa90abd78dbcf1700fc46a2b2c89fd27b735f?s=96&d=mm&r=g\",\"contentUrl\":\"https:\\\/\\\/secure.gravatar.com\\\/avatar\\\/c052a2551a06e23fac63626232eaa90abd78dbcf1700fc46a2b2c89fd27b735f?s=96&d=mm&r=g\",\"caption\":\"Redacci\u00f3n A Nova Peneira\"},\"sameAs\":[\"http:\\\/\\\/www.anovapeneira.gal\\\/\"],\"url\":\"https:\\\/\\\/www.anovapeneira.gal\\\/index.php\\\/author\\\/redactor\\\/\"}]}<\/script>\n<!-- \/ Yoast SEO plugin. -->","yoast_head_json":{"title":"A escola de artes marciais Loren de Ponteareas epicentro do Taekwondo na comarca do Condado -","description":"O ximnasio Loren de Ponteareas ten unha longa experiencia e acreditada solvencia na formaci\u00f3n de persoas de calquera idade que queiran achegarse ao fascinante mundo das artes marciais","robots":{"index":"index","follow":"follow","max-snippet":"max-snippet:-1","max-image-preview":"max-image-preview:large","max-video-preview":"max-video-preview:-1"},"canonical":"https:\/\/www.anovapeneira.gal\/index.php\/2023\/11\/28\/a-escola-de-artes-marciais-loren-de-ponteareas-epicentro-do-taekwondo-na-comarca-do-condado\/","og_locale":"gl_ES","og_type":"article","og_title":"A escola de artes marciais Loren de Ponteareas epicentro do Taekwondo na comarca do Condado -","og_description":"O ximnasio Loren de Ponteareas ten unha longa experiencia e acreditada solvencia na formaci\u00f3n de persoas de calquera idade que queiran achegarse ao fascinante mundo das artes marciais","og_url":"https:\/\/www.anovapeneira.gal\/index.php\/2023\/11\/28\/a-escola-de-artes-marciais-loren-de-ponteareas-epicentro-do-taekwondo-na-comarca-do-condado\/","article_publisher":"https:\/\/www.facebook.com\/anovapeneira","article_published_time":"2023-11-28T11:00:41+00:00","og_image":[{"width":720,"height":432,"url":"https:\/\/www.anovapeneira.gal\/wp-content\/uploads\/2023\/11\/loren_ponteareas.jpg","type":"image\/jpeg"}],"author":"Redacci\u00f3n A Nova Peneira","twitter_card":"summary_large_image","twitter_creator":"@APeneira","twitter_site":"@APeneira","twitter_misc":{"Escrito por":"Redacci\u00f3n A Nova Peneira","Tempo de lectura":"1 minuto"},"schema":{"@context":"https:\/\/schema.org","@graph":[{"@type":"Article","@id":"https:\/\/www.anovapeneira.gal\/index.php\/2023\/11\/28\/a-escola-de-artes-marciais-loren-de-ponteareas-epicentro-do-taekwondo-na-comarca-do-condado\/#article","isPartOf":{"@id":"https:\/\/www.anovapeneira.gal\/index.php\/2023\/11\/28\/a-escola-de-artes-marciais-loren-de-ponteareas-epicentro-do-taekwondo-na-comarca-do-condado\/"},"author":{"name":"Redacci\u00f3n A Nova Peneira","@id":"https:\/\/www.anovapeneira.gal\/#\/schema\/person\/b93e3f8932e3f8da96334607eb6ac6aa"},"headline":"A escola de artes marciais Loren de Ponteareas epicentro do Taekwondo na comarca do Condado","datePublished":"2023-11-28T11:00:41+00:00","mainEntityOfPage":{"@id":"https:\/\/www.anovapeneira.gal\/index.php\/2023\/11\/28\/a-escola-de-artes-marciais-loren-de-ponteareas-epicentro-do-taekwondo-na-comarca-do-condado\/"},"wordCount":466,"commentCount":0,"publisher":{"@id":"https:\/\/www.anovapeneira.gal\/#organization"},"image":{"@id":"https:\/\/www.anovapeneira.gal\/index.php\/2023\/11\/28\/a-escola-de-artes-marciais-loren-de-ponteareas-epicentro-do-taekwondo-na-comarca-do-condado\/#primaryimage"},"thumbnailUrl":"https:\/\/www.anovapeneira.gal\/wp-content\/uploads\/2023\/11\/loren_ponteareas.jpg","articleSection":["Sin categor\u00eda"],"inLanguage":"gl-ES","potentialAction":[{"@type":"CommentAction","name":"Comment","target":["https:\/\/www.anovapeneira.gal\/index.php\/2023\/11\/28\/a-escola-de-artes-marciais-loren-de-ponteareas-epicentro-do-taekwondo-na-comarca-do-condado\/#respond"]}]},{"@type":"WebPage","@id":"https:\/\/www.anovapeneira.gal\/index.php\/2023\/11\/28\/a-escola-de-artes-marciais-loren-de-ponteareas-epicentro-do-taekwondo-na-comarca-do-condado\/","url":"https:\/\/www.anovapeneira.gal\/index.php\/2023\/11\/28\/a-escola-de-artes-marciais-loren-de-ponteareas-epicentro-do-taekwondo-na-comarca-do-condado\/","name":"A escola de artes marciais Loren de Ponteareas epicentro do Taekwondo na comarca do Condado -","isPartOf":{"@id":"https:\/\/www.anovapeneira.gal\/#website"},"primaryImageOfPage":{"@id":"https:\/\/www.anovapeneira.gal\/index.php\/2023\/11\/28\/a-escola-de-artes-marciais-loren-de-ponteareas-epicentro-do-taekwondo-na-comarca-do-condado\/#primaryimage"},"image":{"@id":"https:\/\/www.anovapeneira.gal\/index.php\/2023\/11\/28\/a-escola-de-artes-marciais-loren-de-ponteareas-epicentro-do-taekwondo-na-comarca-do-condado\/#primaryimage"},"thumbnailUrl":"https:\/\/www.anovapeneira.gal\/wp-content\/uploads\/2023\/11\/loren_ponteareas.jpg","datePublished":"2023-11-28T11:00:41+00:00","description":"O ximnasio Loren de Ponteareas ten unha longa experiencia e acreditada solvencia na formaci\u00f3n de persoas de calquera idade que queiran achegarse ao fascinante mundo das artes marciais","breadcrumb":{"@id":"https:\/\/www.anovapeneira.gal\/index.php\/2023\/11\/28\/a-escola-de-artes-marciais-loren-de-ponteareas-epicentro-do-taekwondo-na-comarca-do-condado\/#breadcrumb"},"inLanguage":"gl-ES","potentialAction":[{"@type":"ReadAction","target":["https:\/\/www.anovapeneira.gal\/index.php\/2023\/11\/28\/a-escola-de-artes-marciais-loren-de-ponteareas-epicentro-do-taekwondo-na-comarca-do-condado\/"]}]},{"@type":"ImageObject","inLanguage":"gl-ES","@id":"https:\/\/www.anovapeneira.gal\/index.php\/2023\/11\/28\/a-escola-de-artes-marciais-loren-de-ponteareas-epicentro-do-taekwondo-na-comarca-do-condado\/#primaryimage","url":"https:\/\/www.anovapeneira.gal\/wp-content\/uploads\/2023\/11\/loren_ponteareas.jpg","contentUrl":"https:\/\/www.anovapeneira.gal\/wp-content\/uploads\/2023\/11\/loren_ponteareas.jpg","width":720,"height":432,"caption":"A escola de artes marciais Loren de Ponteareas"},{"@type":"BreadcrumbList","@id":"https:\/\/www.anovapeneira.gal\/index.php\/2023\/11\/28\/a-escola-de-artes-marciais-loren-de-ponteareas-epicentro-do-taekwondo-na-comarca-do-condado\/#breadcrumb","itemListElement":[{"@type":"ListItem","position":1,"name":"Portada","item":"https:\/\/www.anovapeneira.gal\/"},{"@type":"ListItem","position":2,"name":"A escola de artes marciais Loren de Ponteareas epicentro do Taekwondo na comarca do Condado"}]},{"@type":"WebSite","@id":"https:\/\/www.anovapeneira.gal\/#website","url":"https:\/\/www.anovapeneira.gal\/","name":"","description":"Xornal galego de informaci\u00f3n xeral Publicaci\u00f3n mensual de novas de Galicia e en especial dos Concellos da sur da provincia de Pontevedra.","publisher":{"@id":"https:\/\/www.anovapeneira.gal\/#organization"},"potentialAction":[{"@type":"SearchAction","target":{"@type":"EntryPoint","urlTemplate":"https:\/\/www.anovapeneira.gal\/?s={search_term_string}"},"query-input":{"@type":"PropertyValueSpecification","valueRequired":true,"valueName":"search_term_string"}}],"inLanguage":"gl-ES"},{"@type":"Organization","@id":"https:\/\/www.anovapeneira.gal\/#organization","name":"A Nova Peneira","url":"https:\/\/www.anovapeneira.gal\/","logo":{"@type":"ImageObject","inLanguage":"gl-ES","@id":"https:\/\/www.anovapeneira.gal\/#\/schema\/logo\/image\/","url":"http:\/\/www.anovapeneira.gal\/wp-content\/uploads\/2019\/06\/logo_a_nova_peneira_portal_web.png","contentUrl":"http:\/\/www.anovapeneira.gal\/wp-content\/uploads\/2019\/06\/logo_a_nova_peneira_portal_web.png","width":300,"height":100,"caption":"A Nova Peneira"},"image":{"@id":"https:\/\/www.anovapeneira.gal\/#\/schema\/logo\/image\/"},"sameAs":["https:\/\/www.facebook.com\/anovapeneira","https:\/\/x.com\/APeneira"]},{"@type":"Person","@id":"https:\/\/www.anovapeneira.gal\/#\/schema\/person\/b93e3f8932e3f8da96334607eb6ac6aa","name":"Redacci\u00f3n A Nova Peneira","image":{"@type":"ImageObject","inLanguage":"gl-ES","@id":"https:\/\/secure.gravatar.com\/avatar\/c052a2551a06e23fac63626232eaa90abd78dbcf1700fc46a2b2c89fd27b735f?s=96&d=mm&r=g","url":"https:\/\/secure.gravatar.com\/avatar\/c052a2551a06e23fac63626232eaa90abd78dbcf1700fc46a2b2c89fd27b735f?s=96&d=mm&r=g","contentUrl":"https:\/\/secure.gravatar.com\/avatar\/c052a2551a06e23fac63626232eaa90abd78dbcf1700fc46a2b2c89fd27b735f?s=96&d=mm&r=g","caption":"Redacci\u00f3n A Nova Peneira"},"sameAs":["http:\/\/www.anovapeneira.gal\/"],"url":"https:\/\/www.anovapeneira.gal\/index.php\/author\/redactor\/"}]}},"jetpack_featured_media_url":"https:\/\/www.anovapeneira.gal\/wp-content\/uploads\/2023\/11\/loren_ponteareas.jpg","_links":{"self":[{"href":"https:\/\/www.anovapeneira.gal\/index.php\/wp-json\/wp\/v2\/posts\/10814","targetHints":{"allow":["GET"]}}],"collection":[{"href":"https:\/\/www.anovapeneira.gal\/index.php\/wp-json\/wp\/v2\/posts"}],"about":[{"href":"https:\/\/www.anovapeneira.gal\/index.php\/wp-json\/wp\/v2\/types\/post"}],"author":[{"embeddable":true,"href":"https:\/\/www.anovapeneira.gal\/index.php\/wp-json\/wp\/v2\/users\/3"}],"replies":[{"embeddable":true,"href":"https:\/\/www.anovapeneira.gal\/index.php\/wp-json\/wp\/v2\/comments?post=10814"}],"version-history":[{"count":1,"href":"https:\/\/www.anovapeneira.gal\/index.php\/wp-json\/wp\/v2\/posts\/10814\/revisions"}],"predecessor-version":[{"id":10816,"href":"https:\/\/www.anovapeneira.gal\/index.php\/wp-json\/wp\/v2\/posts\/10814\/revisions\/10816"}],"wp:featuredmedia":[{"embeddable":true,"href":"https:\/\/www.anovapeneira.gal\/index.php\/wp-json\/wp\/v2\/media\/10815"}],"wp:attachment":[{"href":"https:\/\/www.anovapeneira.gal\/index.php\/wp-json\/wp\/v2\/media?parent=10814"}],"wp:term":[{"taxonomy":"category","embeddable":true,"href":"https:\/\/www.anovapeneira.gal\/index.php\/wp-json\/wp\/v2\/categories?post=10814"},{"taxonomy":"post_tag","embeddable":true,"href":"https:\/\/www.anovapeneira.gal\/index.php\/wp-json\/wp\/v2\/tags?post=10814"}],"curies":[{"name":"wp","href":"https:\/\/api.w.org\/{rel}","templated":true}]}}