{"id":10817,"date":"2023-11-29T10:00:34","date_gmt":"2023-11-29T09:00:34","guid":{"rendered":"https:\/\/www.anovapeneira.gal\/?p=10817"},"modified":"2023-11-27T08:40:59","modified_gmt":"2023-11-27T07:40:59","slug":"cousas-de-salvaterra-12","status":"publish","type":"post","link":"https:\/\/www.anovapeneira.gal\/index.php\/2023\/11\/29\/cousas-de-salvaterra-12\/","title":{"rendered":"COUSAS DE SALVATERRA"},"content":{"rendered":"\n<h2 class=\"wp-block-heading\">BASILIO \u00c1LVAREZ EN SALVATERRA e bisbarra<\/h2>\n\n\n\n<figure class=\"wp-block-image size-full is-resized\"><img loading=\"lazy\" decoding=\"async\" width=\"190\" height=\"229\" src=\"https:\/\/www.anovapeneira.gal\/wp-content\/uploads\/2022\/08\/opinion_anton_saque.jpg\" alt=\"Ant\u00f3n Lourenzo, veci\u00f1o da Vila\" class=\"wp-image-8006\" style=\"width:88px;height:auto\"\/><figcaption class=\"wp-element-caption\">Ant\u00f3n Lourenzo, veci\u00f1o da Vila<\/figcaption><\/figure>\n\n\n\n<p>Salvaterra a 18 de novembro do 2023<\/p>\n\n\n\n<p>O pasado 15 de novembro, presentouse en Tui o libro \u201cEse vento que vai sobor da terra. A vida desmedida de Basilio \u00c1lvarez\u201d, escrito polo historiador Miguel Cabo Villaverde, actividade organizada polo IEAMSO, Instituto de Estudos Agrarios M\u00e1rtires de Sobredo. Motivou esta actividade o feito de que fai 80 anos que morreu no exilio Basilio \u00c1lvarez, en Tampa, Florida EEUU o 15 de novembro de 1943.<\/p>\n\n\n\n<p>Eu, que xa fai ben tempo que persigo a figura de D. Basilio, quero tam\u00e9n facerlle con esta escolma que sigue, a mi\u00f1a pequena homenaxe a este l\u00edder agrario que durante d\u00e9cadas mobilizou os labregos e operarios galegos na loita contra os foros e o caciquismo.<\/p>\n\n\n\n<p>O 09 de decembro de 1921, public\u00e1base en La Zarpa en Ourense, (Basilio era o Director), \u201cLOS AGRARIOS DE SALVATIERRA Y BASILIO \u00c1LVAREZ\u201d. Dic\u00edan\u2026\u201dNuestro camarada ha recibido la siguiente carta de la sociedad agraria El Progreso\u201d.<\/p>\n\n\n\n<p>\u201cMuy distinguido se\u00f1or: Tengo el honor de invitar a usted a un gran mitin de propaganda agraria que se celebrar\u00e1 el d\u00eda 11 del corriente en Fiolledo (Salvatierra).<\/p>\n\n\n\n<p>Hace a\u00f1os estaba usted invitado a un gran mitin que quisimos celebrar, pero que la fuerza del caciquismo que aqu\u00ed hay no lo concedi\u00f3 de ning\u00fan modo.<\/p>\n\n\n\n<p>Ser\u00eda una gran gloria para este distrito de Salvatierra teniendo a usted entre nosotros ese d\u00eda, d\u00e1ndonos alientos para la lucha.<\/p>\n\n\n\n<p>Hay tantas ansias aqu\u00ed de o\u00edrle que no es para describirlo. Si fuera posible contar con usted nos mandar\u00eda aviso para que esta comisi\u00f3n le esperase en la estaci\u00f3n de Salvatierra.<br>Saludos fraternales de estos agrarios.- Manuel Mari\u00f1o M\u00e9ndez\u201d, (quen foi o \u00faltimo alcalde republicano de Salvaterra).<\/p>\n\n\n\n<p>Resp\u00f3ndelle: \u201cEl haber sido invitado con anterioridad por la Federaci\u00f3n Provincial Agraria de Pontevedra para el mitin antiforal que el domingo ha de celebrarse en dicha poblaci\u00f3n, y tener que acudir adem\u00e1s, ese mismo d\u00eda, a un acto de afirmaci\u00f3n agraria que ha de celebrarse en tierras de Paderne, oblig\u00f3 a nuestro camarada a declinar la honrosa invitaci\u00f3n con que lo distinguen los agrarios de Salvatierra.<br>A continuaci\u00f3n damos los temas que han de desarrollar en ese acto los oradores se\u00f1ores Garra, Amoedo, P\u00e9rez Troncoso, Pi\u00f1eiro y otros, que versar\u00e1n sobre lo siguiente:<\/p>\n\n\n\n<p>\u201cAcci\u00f3n del Comit\u00e9 Auxiliar en Buenos Aires\u201d, \u201cLos Hijos de Salvatierra en Buenos Aires\u201d, \u201cLas Sociedades Agrarias y los enemigos de su desenvolvimiento\u201d, \u201cLos Impuestos y los Labradores\u201d, \u201cForos y su redenci\u00f3n forzosa\u201d, \u201cLa acci\u00f3n del Agrarismo gallego\u201d.<\/p>\n\n\n\n<p>O 16 de outubro de 1928, pasaron o d\u00eda na reitoral de Fornelos da Riveira, Salvaterra de Mi\u00f1o, Don Basilio \u00c1lvarez e varios amigos de Vigo e Ourense, en visita \u00f3 noso Sr. Abade. (Este abade de Fornelos era o mesmo que publicaba o xornal El Eco del Condado, D. Anselmo V\u00e1zquez Est\u00e9vez entre o 15-03-1926 e o 20-12-1931, en Salvaterra de Mi\u00f1o).<\/p>\n\n\n\n<p>Este xornal, El Eco del Condado, publica o 20 de outubro de 1928 un acr\u00f3stico, creado o 12 do mesmo mes e ano, que di as\u00ed:<\/p>\n\n\n\n<p>B_andeira de xuros novos<br>A_rbolou en nosos pobos<br>S_ervilmente asoballados;<br>I_ntre os fillos m\u00e1is sonados<br>L_eva con garbo a monteira:<br>I_lustre Galicia enteira<br>\u201cO_predilecto\u201d hoxe aclama.<br>A_ntes qu\u00b4o clar\u00edn da fama<br>L_oureiros, honras e flores,<br>V_otara-lle en c\u00f3l das sens,<br>A_ndou tam\u00e9n seu calvario:<br>R_ompendo noso sudario<br>E_ntrou no rol dos honores:<br>\u00a1Z_ampaille mil parab\u00e9ns!<br><\/p>\n\n\n\n<p>O autor de tal poema laudatorio foi o abade da parroquia de Leirado, Manuel P\u00e9rez Mart\u00ednez, formou parte dun poemario titulado Margaritas Silvestres, publicado en Ponteareas en 1950, na imprenta de Hijos de S. Montero, R\u00faa Real. Anos m\u00e1is tarde foi reeditado por un sobri\u00f1o, este Jos\u00e9 Mar\u00eda P\u00e9rez Alonso, tam\u00e9n cl\u00e9rigo, na imprenta Guardesa, Concepci\u00f3n Arenal 79, A Garda no 1980.<\/p>\n\n\n\n<p>O 20 de xullo de 1929, public\u00e1base que no pasado d\u00eda 07 dese mesmo mes, domingo, organiz\u00e1rase unha gran caravana dende Arbo at\u00e9 a veci\u00f1a As Neves para escoitar \u00f3 elocuente orador D. Basilio \u00c1lvarez, que ti\u00f1a encomendado o serm\u00f3n das festas que se celebraban. O seu verbo c\u00e1lido entusiasmou os seus o\u00edntes que sa\u00edron moi entusiasmados. Finalizados os cultos relixiosos, moitos dos o\u00edntes despraz\u00e1ronse nos mesmos carros at\u00e9 a veci\u00f1a parroquia de Meder, Salvaterra, onde se celebraba a festa da Luz.<\/p>\n\n\n\n<p>Gran satisfacci\u00f3n entre os asistentes o ver na casa do p\u00e1rroco \u00f3 insigne tribuno D. Basilio \u00c1lvarez que marchou encantado coa fermosa paisaxe desta terra.<br>No mesmo n\u00famero publ\u00edcase, que en Alveos, Crecente, vanse celebrar o vindeiro d\u00eda 02 de agosto as festas do Carme, entre os n\u00fameros do programa de festas, o m\u00e1is salientable son a actuaci\u00f3n da banda a Lira de Ribadavia e o insigne tribuno e deputado a Cortes D. Basilio \u00c1lvarez, encomendado de dar o serm\u00f3n.<\/p>\n\n\n\n<p>O 20 de maio de 1931, nas p\u00e1xinas de El Eco del Condado, dic\u00eda as\u00ed: O domingo \u00faltimo, celebrouse na praza do Castelo un mitin de propaganda republicano-socialista no que actuaron varios oradores de Vigo e Don Amado Garra. Tam\u00e9n se esperaba, como estaba anunciado, que falara o Sr. Arbones de Vigo, e outros elementos socialistas de Ponteareas, pero non o fixeron. Descubr\u00edronse tres l\u00e1pidas cos nomes de Praza da Rep\u00fablica, Praza de Gal\u00e1n y Garc\u00eda Hern\u00e1ndez e r\u00faa de Francisco Rodr\u00edguez \u201cPancho\u201d. O acto \u00f3 que concorreu numeroso p\u00fablico, foi amenizado pola afamada banda de m\u00fasica \u201cLa Filarm\u00f3nica\u201d de Ponteareas. A choiva desluciu o acto, terminando este en medio de completo orde.<\/p>\n\n\n\n<p>Para o vindeiro domingo, dise que se verificar\u00e1 no mesmo lugar, un acto de afirmaci\u00f3n agrario-republicana. Nel falaran, entre outros notables oradores, o Presidente da Confederaci\u00f3n Agraria de Galiza, o loitador infatigable do agro Don Basilio \u00c1lvarez e o destacado pol\u00edtico republicano D. Emiliano Iglesias, ser\u00e1 amenizado o acto por unha banda de m\u00fasica dende as d\u00faas da tarde at\u00e9 as cinco, hora de comezo do mitin. Nese mitin, que se celebrou finalmente o domingo 07 de xu\u00f1o de 1931, non consta entre os oradores, segundo as p\u00e1xinas do El Pueblo Gallego do 09 de xu\u00f1o seguinte, a presenza de Basilio \u00c1lvarez.<\/p>\n\n\n\n<p>Sen d\u00fabida Basilio estaba moi atarefado coas elecci\u00f3ns que se \u00edan celebrar o 28 de xu\u00f1o de 1931, nas que concorr\u00eda polas provincias de Ourense e Pontevedra, sendo elixido Deputado pola primeira ap\u00f3s recibir 38.420 votos, (M. Cabo, 2023, p\u00e1x. 236)<\/p>\n\n\n\n<figure class=\"wp-block-image size-full\"><img loading=\"lazy\" decoding=\"async\" width=\"268\" height=\"426\" src=\"https:\/\/www.anovapeneira.gal\/wp-content\/uploads\/2023\/11\/imagen.png\" alt=\"\" class=\"wp-image-10823\" srcset=\"https:\/\/www.anovapeneira.gal\/wp-content\/uploads\/2023\/11\/imagen.png 268w, https:\/\/www.anovapeneira.gal\/wp-content\/uploads\/2023\/11\/imagen-189x300.png 189w\" sizes=\"auto, (max-width: 268px) 100vw, 268px\" \/><figcaption class=\"wp-element-caption\">Wikipedia<\/figcaption><\/figure>\n","protected":false},"excerpt":{"rendered":"<div class=\"mh-excerpt\"><p>O pasado 15 de novembro, presentouse en Tui o libro \u201cEse vento que vai sobor da terra. A vida desmedida de Basilio \u00c1lvarez\u201d, escrito polo historiador Miguel Cabo Villaverde, actividade organizada polo IEAMSO, Instituto de Estudos Agrarios M\u00e1rtires de Sobredo <a class=\"mh-excerpt-more\" href=\"https:\/\/www.anovapeneira.gal\/index.php\/2023\/11\/29\/cousas-de-salvaterra-12\/\" title=\"COUSAS DE SALVATERRA\">[&#8230;]<\/a><\/p>\n<\/div>","protected":false},"author":34,"featured_media":10821,"comment_status":"open","ping_status":"open","sticky":false,"template":"","format":"standard","meta":{"_exactmetrics_skip_tracking":false,"_exactmetrics_sitenote_active":false,"_exactmetrics_sitenote_note":"","_exactmetrics_sitenote_category":0,"footnotes":""},"categories":[7],"tags":[186],"class_list":{"0":"post-10817","1":"post","2":"type-post","3":"status-publish","4":"format-standard","5":"has-post-thumbnail","7":"category-artigos-de-opinion","8":"tag-concello-de-salvaterra-do-mino"},"yoast_head":"<!-- This site is optimized with the Yoast SEO plugin v27.4 - https:\/\/yoast.com\/product\/yoast-seo-wordpress\/ -->\n<title>COUSAS DE SALVATERRA -<\/title>\n<meta name=\"description\" content=\"O pasado 15 de novembro, presentouse en Tui o libro \u201cEse vento que vai sobor da terra. A vida desmedida de Basilio \u00c1lvarez\u201d, escrito polo historiador Miguel Cabo Villaverde, actividade organizada polo IEAMSO, Instituto de Estudos Agrarios M\u00e1rtires de Sobredo\" \/>\n<meta name=\"robots\" content=\"index, follow, max-snippet:-1, max-image-preview:large, max-video-preview:-1\" \/>\n<link rel=\"canonical\" href=\"https:\/\/www.anovapeneira.gal\/index.php\/2023\/11\/29\/cousas-de-salvaterra-12\/\" \/>\n<meta property=\"og:locale\" content=\"gl_ES\" \/>\n<meta property=\"og:type\" content=\"article\" \/>\n<meta property=\"og:title\" content=\"COUSAS DE SALVATERRA -\" \/>\n<meta property=\"og:description\" content=\"O pasado 15 de novembro, presentouse en Tui o libro \u201cEse vento que vai sobor da terra. A vida desmedida de Basilio \u00c1lvarez\u201d, escrito polo historiador Miguel Cabo Villaverde, actividade organizada polo IEAMSO, Instituto de Estudos Agrarios M\u00e1rtires de Sobredo\" \/>\n<meta property=\"og:url\" content=\"https:\/\/www.anovapeneira.gal\/index.php\/2023\/11\/29\/cousas-de-salvaterra-12\/\" \/>\n<meta property=\"article:publisher\" content=\"https:\/\/www.facebook.com\/anovapeneira\" \/>\n<meta property=\"article:published_time\" content=\"2023-11-29T09:00:34+00:00\" \/>\n<meta property=\"og:image\" content=\"https:\/\/www.anovapeneira.gal\/wp-content\/uploads\/2023\/11\/basilio_cousar_salvaterra.jpg\" \/>\n\t<meta property=\"og:image:width\" content=\"720\" \/>\n\t<meta property=\"og:image:height\" content=\"432\" \/>\n\t<meta property=\"og:image:type\" content=\"image\/jpeg\" \/>\n<meta name=\"author\" content=\"Ant\u00f3n Lorenzo Gonz\u00e1lez\" \/>\n<meta name=\"twitter:card\" content=\"summary_large_image\" \/>\n<meta name=\"twitter:image\" content=\"https:\/\/www.anovapeneira.gal\/wp-content\/uploads\/2023\/11\/basilio_cousar_salvaterra.jpg\" \/>\n<meta name=\"twitter:creator\" content=\"@APeneira\" \/>\n<meta name=\"twitter:site\" content=\"@APeneira\" \/>\n<meta name=\"twitter:label1\" content=\"Escrito por\" \/>\n\t<meta name=\"twitter:data1\" content=\"Ant\u00f3n Lorenzo Gonz\u00e1lez\" \/>\n\t<meta name=\"twitter:label2\" content=\"Tempo de lectura\" \/>\n\t<meta name=\"twitter:data2\" content=\"7 minutos\" \/>\n<script type=\"application\/ld+json\" class=\"yoast-schema-graph\">{\"@context\":\"https:\\\/\\\/schema.org\",\"@graph\":[{\"@type\":\"Article\",\"@id\":\"https:\\\/\\\/www.anovapeneira.gal\\\/index.php\\\/2023\\\/11\\\/29\\\/cousas-de-salvaterra-12\\\/#article\",\"isPartOf\":{\"@id\":\"https:\\\/\\\/www.anovapeneira.gal\\\/index.php\\\/2023\\\/11\\\/29\\\/cousas-de-salvaterra-12\\\/\"},\"author\":{\"name\":\"Ant\u00f3n Lorenzo Gonz\u00e1lez\",\"@id\":\"https:\\\/\\\/www.anovapeneira.gal\\\/#\\\/schema\\\/person\\\/1bf91cd240796d05b6522e3d8a6e2d8e\"},\"headline\":\"COUSAS DE SALVATERRA\",\"datePublished\":\"2023-11-29T09:00:34+00:00\",\"mainEntityOfPage\":{\"@id\":\"https:\\\/\\\/www.anovapeneira.gal\\\/index.php\\\/2023\\\/11\\\/29\\\/cousas-de-salvaterra-12\\\/\"},\"wordCount\":1134,\"commentCount\":0,\"publisher\":{\"@id\":\"https:\\\/\\\/www.anovapeneira.gal\\\/#organization\"},\"image\":{\"@id\":\"https:\\\/\\\/www.anovapeneira.gal\\\/index.php\\\/2023\\\/11\\\/29\\\/cousas-de-salvaterra-12\\\/#primaryimage\"},\"thumbnailUrl\":\"https:\\\/\\\/www.anovapeneira.gal\\\/wp-content\\\/uploads\\\/2023\\\/11\\\/basilio_cousar_salvaterra.jpg\",\"keywords\":[\"Concello de Salvaterra do Mi\u00f1o\"],\"articleSection\":[\"Artigos de opini\u00f3n\"],\"inLanguage\":\"gl-ES\",\"potentialAction\":[{\"@type\":\"CommentAction\",\"name\":\"Comment\",\"target\":[\"https:\\\/\\\/www.anovapeneira.gal\\\/index.php\\\/2023\\\/11\\\/29\\\/cousas-de-salvaterra-12\\\/#respond\"]}]},{\"@type\":\"WebPage\",\"@id\":\"https:\\\/\\\/www.anovapeneira.gal\\\/index.php\\\/2023\\\/11\\\/29\\\/cousas-de-salvaterra-12\\\/\",\"url\":\"https:\\\/\\\/www.anovapeneira.gal\\\/index.php\\\/2023\\\/11\\\/29\\\/cousas-de-salvaterra-12\\\/\",\"name\":\"COUSAS DE SALVATERRA -\",\"isPartOf\":{\"@id\":\"https:\\\/\\\/www.anovapeneira.gal\\\/#website\"},\"primaryImageOfPage\":{\"@id\":\"https:\\\/\\\/www.anovapeneira.gal\\\/index.php\\\/2023\\\/11\\\/29\\\/cousas-de-salvaterra-12\\\/#primaryimage\"},\"image\":{\"@id\":\"https:\\\/\\\/www.anovapeneira.gal\\\/index.php\\\/2023\\\/11\\\/29\\\/cousas-de-salvaterra-12\\\/#primaryimage\"},\"thumbnailUrl\":\"https:\\\/\\\/www.anovapeneira.gal\\\/wp-content\\\/uploads\\\/2023\\\/11\\\/basilio_cousar_salvaterra.jpg\",\"datePublished\":\"2023-11-29T09:00:34+00:00\",\"description\":\"O pasado 15 de novembro, presentouse en Tui o libro \u201cEse vento que vai sobor da terra. A vida desmedida de Basilio \u00c1lvarez\u201d, escrito polo historiador Miguel Cabo Villaverde, actividade organizada polo IEAMSO, Instituto de Estudos Agrarios M\u00e1rtires de Sobredo\",\"breadcrumb\":{\"@id\":\"https:\\\/\\\/www.anovapeneira.gal\\\/index.php\\\/2023\\\/11\\\/29\\\/cousas-de-salvaterra-12\\\/#breadcrumb\"},\"inLanguage\":\"gl-ES\",\"potentialAction\":[{\"@type\":\"ReadAction\",\"target\":[\"https:\\\/\\\/www.anovapeneira.gal\\\/index.php\\\/2023\\\/11\\\/29\\\/cousas-de-salvaterra-12\\\/\"]}]},{\"@type\":\"ImageObject\",\"inLanguage\":\"gl-ES\",\"@id\":\"https:\\\/\\\/www.anovapeneira.gal\\\/index.php\\\/2023\\\/11\\\/29\\\/cousas-de-salvaterra-12\\\/#primaryimage\",\"url\":\"https:\\\/\\\/www.anovapeneira.gal\\\/wp-content\\\/uploads\\\/2023\\\/11\\\/basilio_cousar_salvaterra.jpg\",\"contentUrl\":\"https:\\\/\\\/www.anovapeneira.gal\\\/wp-content\\\/uploads\\\/2023\\\/11\\\/basilio_cousar_salvaterra.jpg\",\"width\":720,\"height\":432,\"caption\":\"BASILIO \u00c1LVAREZ EN SALVATERRA e bisbarra\"},{\"@type\":\"BreadcrumbList\",\"@id\":\"https:\\\/\\\/www.anovapeneira.gal\\\/index.php\\\/2023\\\/11\\\/29\\\/cousas-de-salvaterra-12\\\/#breadcrumb\",\"itemListElement\":[{\"@type\":\"ListItem\",\"position\":1,\"name\":\"Portada\",\"item\":\"https:\\\/\\\/www.anovapeneira.gal\\\/\"},{\"@type\":\"ListItem\",\"position\":2,\"name\":\"COUSAS DE SALVATERRA\"}]},{\"@type\":\"WebSite\",\"@id\":\"https:\\\/\\\/www.anovapeneira.gal\\\/#website\",\"url\":\"https:\\\/\\\/www.anovapeneira.gal\\\/\",\"name\":\"\",\"description\":\"Xornal galego de informaci\u00f3n xeral Publicaci\u00f3n mensual de novas de Galicia e en especial dos Concellos da sur da provincia de Pontevedra.\",\"publisher\":{\"@id\":\"https:\\\/\\\/www.anovapeneira.gal\\\/#organization\"},\"potentialAction\":[{\"@type\":\"SearchAction\",\"target\":{\"@type\":\"EntryPoint\",\"urlTemplate\":\"https:\\\/\\\/www.anovapeneira.gal\\\/?s={search_term_string}\"},\"query-input\":{\"@type\":\"PropertyValueSpecification\",\"valueRequired\":true,\"valueName\":\"search_term_string\"}}],\"inLanguage\":\"gl-ES\"},{\"@type\":\"Organization\",\"@id\":\"https:\\\/\\\/www.anovapeneira.gal\\\/#organization\",\"name\":\"A Nova Peneira\",\"url\":\"https:\\\/\\\/www.anovapeneira.gal\\\/\",\"logo\":{\"@type\":\"ImageObject\",\"inLanguage\":\"gl-ES\",\"@id\":\"https:\\\/\\\/www.anovapeneira.gal\\\/#\\\/schema\\\/logo\\\/image\\\/\",\"url\":\"http:\\\/\\\/www.anovapeneira.gal\\\/wp-content\\\/uploads\\\/2019\\\/06\\\/logo_a_nova_peneira_portal_web.png\",\"contentUrl\":\"http:\\\/\\\/www.anovapeneira.gal\\\/wp-content\\\/uploads\\\/2019\\\/06\\\/logo_a_nova_peneira_portal_web.png\",\"width\":300,\"height\":100,\"caption\":\"A Nova Peneira\"},\"image\":{\"@id\":\"https:\\\/\\\/www.anovapeneira.gal\\\/#\\\/schema\\\/logo\\\/image\\\/\"},\"sameAs\":[\"https:\\\/\\\/www.facebook.com\\\/anovapeneira\",\"https:\\\/\\\/x.com\\\/APeneira\"]},{\"@type\":\"Person\",\"@id\":\"https:\\\/\\\/www.anovapeneira.gal\\\/#\\\/schema\\\/person\\\/1bf91cd240796d05b6522e3d8a6e2d8e\",\"name\":\"Ant\u00f3n Lorenzo Gonz\u00e1lez\",\"image\":{\"@type\":\"ImageObject\",\"inLanguage\":\"gl-ES\",\"@id\":\"https:\\\/\\\/secure.gravatar.com\\\/avatar\\\/dcd882e8f4338e07610336943426400d525673506eb37ce59442ba704e5cc971?s=96&d=mm&r=g\",\"url\":\"https:\\\/\\\/secure.gravatar.com\\\/avatar\\\/dcd882e8f4338e07610336943426400d525673506eb37ce59442ba704e5cc971?s=96&d=mm&r=g\",\"contentUrl\":\"https:\\\/\\\/secure.gravatar.com\\\/avatar\\\/dcd882e8f4338e07610336943426400d525673506eb37ce59442ba704e5cc971?s=96&d=mm&r=g\",\"caption\":\"Ant\u00f3n Lorenzo Gonz\u00e1lez\"},\"url\":\"https:\\\/\\\/www.anovapeneira.gal\\\/index.php\\\/author\\\/xaque\\\/\"}]}<\/script>\n<!-- \/ Yoast SEO plugin. -->","yoast_head_json":{"title":"COUSAS DE SALVATERRA -","description":"O pasado 15 de novembro, presentouse en Tui o libro \u201cEse vento que vai sobor da terra. A vida desmedida de Basilio \u00c1lvarez\u201d, escrito polo historiador Miguel Cabo Villaverde, actividade organizada polo IEAMSO, Instituto de Estudos Agrarios M\u00e1rtires de Sobredo","robots":{"index":"index","follow":"follow","max-snippet":"max-snippet:-1","max-image-preview":"max-image-preview:large","max-video-preview":"max-video-preview:-1"},"canonical":"https:\/\/www.anovapeneira.gal\/index.php\/2023\/11\/29\/cousas-de-salvaterra-12\/","og_locale":"gl_ES","og_type":"article","og_title":"COUSAS DE SALVATERRA -","og_description":"O pasado 15 de novembro, presentouse en Tui o libro \u201cEse vento que vai sobor da terra. A vida desmedida de Basilio \u00c1lvarez\u201d, escrito polo historiador Miguel Cabo Villaverde, actividade organizada polo IEAMSO, Instituto de Estudos Agrarios M\u00e1rtires de Sobredo","og_url":"https:\/\/www.anovapeneira.gal\/index.php\/2023\/11\/29\/cousas-de-salvaterra-12\/","article_publisher":"https:\/\/www.facebook.com\/anovapeneira","article_published_time":"2023-11-29T09:00:34+00:00","og_image":[{"width":720,"height":432,"url":"https:\/\/www.anovapeneira.gal\/wp-content\/uploads\/2023\/11\/basilio_cousar_salvaterra.jpg","type":"image\/jpeg"}],"author":"Ant\u00f3n Lorenzo Gonz\u00e1lez","twitter_card":"summary_large_image","twitter_image":"https:\/\/www.anovapeneira.gal\/wp-content\/uploads\/2023\/11\/basilio_cousar_salvaterra.jpg","twitter_creator":"@APeneira","twitter_site":"@APeneira","twitter_misc":{"Escrito por":"Ant\u00f3n Lorenzo Gonz\u00e1lez","Tempo de lectura":"7 minutos"},"schema":{"@context":"https:\/\/schema.org","@graph":[{"@type":"Article","@id":"https:\/\/www.anovapeneira.gal\/index.php\/2023\/11\/29\/cousas-de-salvaterra-12\/#article","isPartOf":{"@id":"https:\/\/www.anovapeneira.gal\/index.php\/2023\/11\/29\/cousas-de-salvaterra-12\/"},"author":{"name":"Ant\u00f3n Lorenzo Gonz\u00e1lez","@id":"https:\/\/www.anovapeneira.gal\/#\/schema\/person\/1bf91cd240796d05b6522e3d8a6e2d8e"},"headline":"COUSAS DE SALVATERRA","datePublished":"2023-11-29T09:00:34+00:00","mainEntityOfPage":{"@id":"https:\/\/www.anovapeneira.gal\/index.php\/2023\/11\/29\/cousas-de-salvaterra-12\/"},"wordCount":1134,"commentCount":0,"publisher":{"@id":"https:\/\/www.anovapeneira.gal\/#organization"},"image":{"@id":"https:\/\/www.anovapeneira.gal\/index.php\/2023\/11\/29\/cousas-de-salvaterra-12\/#primaryimage"},"thumbnailUrl":"https:\/\/www.anovapeneira.gal\/wp-content\/uploads\/2023\/11\/basilio_cousar_salvaterra.jpg","keywords":["Concello de Salvaterra do Mi\u00f1o"],"articleSection":["Artigos de opini\u00f3n"],"inLanguage":"gl-ES","potentialAction":[{"@type":"CommentAction","name":"Comment","target":["https:\/\/www.anovapeneira.gal\/index.php\/2023\/11\/29\/cousas-de-salvaterra-12\/#respond"]}]},{"@type":"WebPage","@id":"https:\/\/www.anovapeneira.gal\/index.php\/2023\/11\/29\/cousas-de-salvaterra-12\/","url":"https:\/\/www.anovapeneira.gal\/index.php\/2023\/11\/29\/cousas-de-salvaterra-12\/","name":"COUSAS DE SALVATERRA -","isPartOf":{"@id":"https:\/\/www.anovapeneira.gal\/#website"},"primaryImageOfPage":{"@id":"https:\/\/www.anovapeneira.gal\/index.php\/2023\/11\/29\/cousas-de-salvaterra-12\/#primaryimage"},"image":{"@id":"https:\/\/www.anovapeneira.gal\/index.php\/2023\/11\/29\/cousas-de-salvaterra-12\/#primaryimage"},"thumbnailUrl":"https:\/\/www.anovapeneira.gal\/wp-content\/uploads\/2023\/11\/basilio_cousar_salvaterra.jpg","datePublished":"2023-11-29T09:00:34+00:00","description":"O pasado 15 de novembro, presentouse en Tui o libro \u201cEse vento que vai sobor da terra. A vida desmedida de Basilio \u00c1lvarez\u201d, escrito polo historiador Miguel Cabo Villaverde, actividade organizada polo IEAMSO, Instituto de Estudos Agrarios M\u00e1rtires de Sobredo","breadcrumb":{"@id":"https:\/\/www.anovapeneira.gal\/index.php\/2023\/11\/29\/cousas-de-salvaterra-12\/#breadcrumb"},"inLanguage":"gl-ES","potentialAction":[{"@type":"ReadAction","target":["https:\/\/www.anovapeneira.gal\/index.php\/2023\/11\/29\/cousas-de-salvaterra-12\/"]}]},{"@type":"ImageObject","inLanguage":"gl-ES","@id":"https:\/\/www.anovapeneira.gal\/index.php\/2023\/11\/29\/cousas-de-salvaterra-12\/#primaryimage","url":"https:\/\/www.anovapeneira.gal\/wp-content\/uploads\/2023\/11\/basilio_cousar_salvaterra.jpg","contentUrl":"https:\/\/www.anovapeneira.gal\/wp-content\/uploads\/2023\/11\/basilio_cousar_salvaterra.jpg","width":720,"height":432,"caption":"BASILIO \u00c1LVAREZ EN SALVATERRA e bisbarra"},{"@type":"BreadcrumbList","@id":"https:\/\/www.anovapeneira.gal\/index.php\/2023\/11\/29\/cousas-de-salvaterra-12\/#breadcrumb","itemListElement":[{"@type":"ListItem","position":1,"name":"Portada","item":"https:\/\/www.anovapeneira.gal\/"},{"@type":"ListItem","position":2,"name":"COUSAS DE SALVATERRA"}]},{"@type":"WebSite","@id":"https:\/\/www.anovapeneira.gal\/#website","url":"https:\/\/www.anovapeneira.gal\/","name":"","description":"Xornal galego de informaci\u00f3n xeral Publicaci\u00f3n mensual de novas de Galicia e en especial dos Concellos da sur da provincia de Pontevedra.","publisher":{"@id":"https:\/\/www.anovapeneira.gal\/#organization"},"potentialAction":[{"@type":"SearchAction","target":{"@type":"EntryPoint","urlTemplate":"https:\/\/www.anovapeneira.gal\/?s={search_term_string}"},"query-input":{"@type":"PropertyValueSpecification","valueRequired":true,"valueName":"search_term_string"}}],"inLanguage":"gl-ES"},{"@type":"Organization","@id":"https:\/\/www.anovapeneira.gal\/#organization","name":"A Nova Peneira","url":"https:\/\/www.anovapeneira.gal\/","logo":{"@type":"ImageObject","inLanguage":"gl-ES","@id":"https:\/\/www.anovapeneira.gal\/#\/schema\/logo\/image\/","url":"http:\/\/www.anovapeneira.gal\/wp-content\/uploads\/2019\/06\/logo_a_nova_peneira_portal_web.png","contentUrl":"http:\/\/www.anovapeneira.gal\/wp-content\/uploads\/2019\/06\/logo_a_nova_peneira_portal_web.png","width":300,"height":100,"caption":"A Nova Peneira"},"image":{"@id":"https:\/\/www.anovapeneira.gal\/#\/schema\/logo\/image\/"},"sameAs":["https:\/\/www.facebook.com\/anovapeneira","https:\/\/x.com\/APeneira"]},{"@type":"Person","@id":"https:\/\/www.anovapeneira.gal\/#\/schema\/person\/1bf91cd240796d05b6522e3d8a6e2d8e","name":"Ant\u00f3n Lorenzo Gonz\u00e1lez","image":{"@type":"ImageObject","inLanguage":"gl-ES","@id":"https:\/\/secure.gravatar.com\/avatar\/dcd882e8f4338e07610336943426400d525673506eb37ce59442ba704e5cc971?s=96&d=mm&r=g","url":"https:\/\/secure.gravatar.com\/avatar\/dcd882e8f4338e07610336943426400d525673506eb37ce59442ba704e5cc971?s=96&d=mm&r=g","contentUrl":"https:\/\/secure.gravatar.com\/avatar\/dcd882e8f4338e07610336943426400d525673506eb37ce59442ba704e5cc971?s=96&d=mm&r=g","caption":"Ant\u00f3n Lorenzo Gonz\u00e1lez"},"url":"https:\/\/www.anovapeneira.gal\/index.php\/author\/xaque\/"}]}},"jetpack_featured_media_url":"https:\/\/www.anovapeneira.gal\/wp-content\/uploads\/2023\/11\/basilio_cousar_salvaterra.jpg","_links":{"self":[{"href":"https:\/\/www.anovapeneira.gal\/index.php\/wp-json\/wp\/v2\/posts\/10817","targetHints":{"allow":["GET"]}}],"collection":[{"href":"https:\/\/www.anovapeneira.gal\/index.php\/wp-json\/wp\/v2\/posts"}],"about":[{"href":"https:\/\/www.anovapeneira.gal\/index.php\/wp-json\/wp\/v2\/types\/post"}],"author":[{"embeddable":true,"href":"https:\/\/www.anovapeneira.gal\/index.php\/wp-json\/wp\/v2\/users\/34"}],"replies":[{"embeddable":true,"href":"https:\/\/www.anovapeneira.gal\/index.php\/wp-json\/wp\/v2\/comments?post=10817"}],"version-history":[{"count":5,"href":"https:\/\/www.anovapeneira.gal\/index.php\/wp-json\/wp\/v2\/posts\/10817\/revisions"}],"predecessor-version":[{"id":10825,"href":"https:\/\/www.anovapeneira.gal\/index.php\/wp-json\/wp\/v2\/posts\/10817\/revisions\/10825"}],"wp:featuredmedia":[{"embeddable":true,"href":"https:\/\/www.anovapeneira.gal\/index.php\/wp-json\/wp\/v2\/media\/10821"}],"wp:attachment":[{"href":"https:\/\/www.anovapeneira.gal\/index.php\/wp-json\/wp\/v2\/media?parent=10817"}],"wp:term":[{"taxonomy":"category","embeddable":true,"href":"https:\/\/www.anovapeneira.gal\/index.php\/wp-json\/wp\/v2\/categories?post=10817"},{"taxonomy":"post_tag","embeddable":true,"href":"https:\/\/www.anovapeneira.gal\/index.php\/wp-json\/wp\/v2\/tags?post=10817"}],"curies":[{"name":"wp","href":"https:\/\/api.w.org\/{rel}","templated":true}]}}