{"id":10826,"date":"2023-11-29T12:00:30","date_gmt":"2023-11-29T11:00:30","guid":{"rendered":"https:\/\/www.anovapeneira.gal\/?p=10826"},"modified":"2023-11-27T08:44:14","modified_gmt":"2023-11-27T07:44:14","slug":"espana-na-encrucillada","status":"publish","type":"post","link":"https:\/\/www.anovapeneira.gal\/index.php\/2023\/11\/29\/espana-na-encrucillada\/","title":{"rendered":"Espa\u00f1a na encrucillada"},"content":{"rendered":"\n<pre class=\"wp-block-verse\"><strong>Manuel Ruiz Robles<\/strong><\/pre>\n\n\n\n<h2 class=\"wp-block-heading\">\u201cEspa\u00f1a \u00e9 unha deformaci\u00f3n grotesca da civilizaci\u00f3n europea\u201d Luces de bohemia. Ram\u00f3n Mar\u00eda do Valle Incl\u00e1n (1866 \u2013 1936).<\/h2>\n\n\n\n<p>Fronte \u00e1 inviolabilidade e opacidade da monarqu\u00eda, instaurada pola ditadura mediante as s\u00faas leis de sucesi\u00f3n, a\u00ednda vixentes, est\u00e1 a realidade do estado plurinacional democr\u00e1tico, que emerxe de entre as ru\u00ednas do franquismo.<\/p>\n\n\n\n<p>O ostentoso acoirazado mon\u00e1rquico, botado por Franco fai m\u00e1is de medio s\u00e9culo (22 de xullo de 1969), quedou ferido de morte polos xigantescos esc\u00e1ndalos econ\u00f3micos e opacidade dos borb\u00f3ns, unha dinast\u00eda moi peculiar que protagonizou historicamente a tr\u00e1xica decadencia da nosa patria.<\/p>\n\n\n\n<p>A reforma do franquismo, que apontoou as vellas cadernas da nave borb\u00f3nica, non d\u00e1 m\u00e1is de si. Os seus ro\u00eddos remaches van saltando un tras outro desgastados pola ferruxe do tempos, consumidos polos insoportables esc\u00e1ndalos da Coroa e a barafunda golpista da extrema dereita.<\/p>\n\n\n\n<p>O republicanismo \u00e9 unha realidade social puxante, con fortes ra\u00edces populares e hist\u00f3ricas, que busca unha sa\u00edda digna \u00e1 grave crise de lexitimidade da dinast\u00eda reinstaurada manu militari polo ditador e xefe do ex\u00e9rcito do 18 de xullo.<\/p>\n\n\n\n<p>As forzas plurinacionais que sustentan ao Goberno de coalici\u00f3n, liderado polo socialista Pedro S\u00e1nchez, abren unha oportunidade hist\u00f3rica que non se debese desaproveitar. A saber, o inicio dun proceso de di\u00e1logo que faga posible unha reflexi\u00f3n serena sobre o futuro do noso pa\u00eds, inclu\u00eddo o posible dereito \u00e1 independencia das vellas naci\u00f3ns hist\u00f3ricas (Catalunya, Euskadi, Galicia).<\/p>\n\n\n\n<p>Reflexi\u00f3n da que puidese derivarse un proxecto de estado federal, ou confederal; punto de arranque para o inicio dun proceso constitu\u00ednte en liberdade, sen interferencias espurias de determinados estamentos non democr\u00e1ticos.<\/p>\n\n\n\n<p>Estamentos que, como o ex\u00e9rcito, a xudicatura ou a coroa, submisos a USA e a OTAN, non representan a soberan\u00eda do pobo espa\u00f1ol, nin tampouco a soberan\u00eda das naci\u00f3ns hist\u00f3ricas da nosa patria com\u00fan, pois tales estamentos non emanan de ning\u00fan proceso constitu\u00ednte lex\u00edtimo, sen\u00f3n da ditadura franquista da que proceden.<\/p>\n\n\n\n<p>A pulsi\u00f3n cantonalista incrustada na constituci\u00f3n borb\u00f3nica do 78, deu lugar ao \u201ccaf\u00e9 para todos\u201d, \u00e9 dicir aos 17 parlamentos auton\u00f3micos con capacidade lexislativa, que desangran ao pa\u00eds con inxentes burocracias improdutivas. Tal arquitectura territorial haber\u00e1 de ser simplificada na etapa constitu\u00ednte, que sen d\u00fabida haber\u00e1 de darse m\u00e1is pronto que tarde, cando o pobo espa\u00f1ol perciba a necesidade e urxencia das transformaci\u00f3ns democr\u00e1ticas ineludibles.<\/p>\n\n\n\n<p><strong>Manuel Ruiz Robles, Capit\u00e1n de Nav\u00edo da Armada (<\/strong><strong>R)<\/strong><\/p>\n","protected":false},"excerpt":{"rendered":"<div class=\"mh-excerpt\"><p>\u201cEspa\u00f1a \u00e9 unha deformaci\u00f3n grotesca da civilizaci\u00f3n europea\u201d Luces de bohemia. Ram\u00f3n Mar\u00eda do Valle Incl\u00e1n (1866 \u2013 1936) <a class=\"mh-excerpt-more\" href=\"https:\/\/www.anovapeneira.gal\/index.php\/2023\/11\/29\/espana-na-encrucillada\/\" title=\"Espa\u00f1a na encrucillada\">[&#8230;]<\/a><\/p>\n<\/div>","protected":false},"author":12,"featured_media":9435,"comment_status":"open","ping_status":"open","sticky":false,"template":"","format":"standard","meta":{"_exactmetrics_skip_tracking":false,"_exactmetrics_sitenote_active":false,"_exactmetrics_sitenote_note":"","_exactmetrics_sitenote_category":0,"footnotes":""},"categories":[7],"tags":[],"class_list":{"0":"post-10826","1":"post","2":"type-post","3":"status-publish","4":"format-standard","5":"has-post-thumbnail","7":"category-artigos-de-opinion"},"yoast_head":"<!-- This site is optimized with the Yoast SEO plugin v27.4 - https:\/\/yoast.com\/product\/yoast-seo-wordpress\/ -->\n<title>Espa\u00f1a na encrucillada -<\/title>\n<meta name=\"description\" content=\"\u201cEspa\u00f1a \u00e9 unha deformaci\u00f3n grotesca da civilizaci\u00f3n europea\u201d Luces de bohemia. Ram\u00f3n Mar\u00eda do Valle Incl\u00e1n (1866 \u2013 1936)\" \/>\n<meta name=\"robots\" content=\"index, follow, max-snippet:-1, max-image-preview:large, max-video-preview:-1\" \/>\n<link rel=\"canonical\" href=\"https:\/\/www.anovapeneira.gal\/index.php\/2023\/11\/29\/espana-na-encrucillada\/\" \/>\n<meta property=\"og:locale\" content=\"gl_ES\" \/>\n<meta property=\"og:type\" content=\"article\" \/>\n<meta property=\"og:title\" content=\"Espa\u00f1a na encrucillada -\" \/>\n<meta property=\"og:description\" content=\"\u201cEspa\u00f1a \u00e9 unha deformaci\u00f3n grotesca da civilizaci\u00f3n europea\u201d Luces de bohemia. Ram\u00f3n Mar\u00eda do Valle Incl\u00e1n (1866 \u2013 1936)\" \/>\n<meta property=\"og:url\" content=\"https:\/\/www.anovapeneira.gal\/index.php\/2023\/11\/29\/espana-na-encrucillada\/\" \/>\n<meta property=\"article:publisher\" content=\"https:\/\/www.facebook.com\/anovapeneira\" \/>\n<meta property=\"article:published_time\" content=\"2023-11-29T11:00:30+00:00\" \/>\n<meta property=\"og:image\" content=\"https:\/\/www.anovapeneira.gal\/wp-content\/uploads\/2023\/04\/manuel-ruiz.jpg\" \/>\n\t<meta property=\"og:image:width\" content=\"720\" \/>\n\t<meta property=\"og:image:height\" content=\"432\" \/>\n\t<meta property=\"og:image:type\" content=\"image\/jpeg\" \/>\n<meta name=\"author\" content=\"Artigos Opini\u00f3n\" \/>\n<meta name=\"twitter:card\" content=\"summary_large_image\" \/>\n<meta name=\"twitter:creator\" content=\"@APeneira\" \/>\n<meta name=\"twitter:site\" content=\"@APeneira\" \/>\n<meta name=\"twitter:label1\" content=\"Escrito por\" \/>\n\t<meta name=\"twitter:data1\" content=\"Artigos Opini\u00f3n\" \/>\n\t<meta name=\"twitter:label2\" content=\"Tempo de lectura\" \/>\n\t<meta name=\"twitter:data2\" content=\"3 minutos\" \/>\n<script type=\"application\/ld+json\" class=\"yoast-schema-graph\">{\"@context\":\"https:\\\/\\\/schema.org\",\"@graph\":[{\"@type\":\"Article\",\"@id\":\"https:\\\/\\\/www.anovapeneira.gal\\\/index.php\\\/2023\\\/11\\\/29\\\/espana-na-encrucillada\\\/#article\",\"isPartOf\":{\"@id\":\"https:\\\/\\\/www.anovapeneira.gal\\\/index.php\\\/2023\\\/11\\\/29\\\/espana-na-encrucillada\\\/\"},\"author\":{\"name\":\"Artigos Opini\u00f3n\",\"@id\":\"https:\\\/\\\/www.anovapeneira.gal\\\/#\\\/schema\\\/person\\\/f18a4feb302e8f20bcef4490b5b60bb3\"},\"headline\":\"Espa\u00f1a na encrucillada\",\"datePublished\":\"2023-11-29T11:00:30+00:00\",\"mainEntityOfPage\":{\"@id\":\"https:\\\/\\\/www.anovapeneira.gal\\\/index.php\\\/2023\\\/11\\\/29\\\/espana-na-encrucillada\\\/\"},\"wordCount\":443,\"commentCount\":0,\"publisher\":{\"@id\":\"https:\\\/\\\/www.anovapeneira.gal\\\/#organization\"},\"image\":{\"@id\":\"https:\\\/\\\/www.anovapeneira.gal\\\/index.php\\\/2023\\\/11\\\/29\\\/espana-na-encrucillada\\\/#primaryimage\"},\"thumbnailUrl\":\"https:\\\/\\\/www.anovapeneira.gal\\\/wp-content\\\/uploads\\\/2023\\\/04\\\/manuel-ruiz.jpg\",\"articleSection\":[\"Artigos de opini\u00f3n\"],\"inLanguage\":\"gl-ES\",\"potentialAction\":[{\"@type\":\"CommentAction\",\"name\":\"Comment\",\"target\":[\"https:\\\/\\\/www.anovapeneira.gal\\\/index.php\\\/2023\\\/11\\\/29\\\/espana-na-encrucillada\\\/#respond\"]}]},{\"@type\":\"WebPage\",\"@id\":\"https:\\\/\\\/www.anovapeneira.gal\\\/index.php\\\/2023\\\/11\\\/29\\\/espana-na-encrucillada\\\/\",\"url\":\"https:\\\/\\\/www.anovapeneira.gal\\\/index.php\\\/2023\\\/11\\\/29\\\/espana-na-encrucillada\\\/\",\"name\":\"Espa\u00f1a na encrucillada -\",\"isPartOf\":{\"@id\":\"https:\\\/\\\/www.anovapeneira.gal\\\/#website\"},\"primaryImageOfPage\":{\"@id\":\"https:\\\/\\\/www.anovapeneira.gal\\\/index.php\\\/2023\\\/11\\\/29\\\/espana-na-encrucillada\\\/#primaryimage\"},\"image\":{\"@id\":\"https:\\\/\\\/www.anovapeneira.gal\\\/index.php\\\/2023\\\/11\\\/29\\\/espana-na-encrucillada\\\/#primaryimage\"},\"thumbnailUrl\":\"https:\\\/\\\/www.anovapeneira.gal\\\/wp-content\\\/uploads\\\/2023\\\/04\\\/manuel-ruiz.jpg\",\"datePublished\":\"2023-11-29T11:00:30+00:00\",\"description\":\"\u201cEspa\u00f1a \u00e9 unha deformaci\u00f3n grotesca da civilizaci\u00f3n europea\u201d Luces de bohemia. Ram\u00f3n Mar\u00eda do Valle Incl\u00e1n (1866 \u2013 1936)\",\"breadcrumb\":{\"@id\":\"https:\\\/\\\/www.anovapeneira.gal\\\/index.php\\\/2023\\\/11\\\/29\\\/espana-na-encrucillada\\\/#breadcrumb\"},\"inLanguage\":\"gl-ES\",\"potentialAction\":[{\"@type\":\"ReadAction\",\"target\":[\"https:\\\/\\\/www.anovapeneira.gal\\\/index.php\\\/2023\\\/11\\\/29\\\/espana-na-encrucillada\\\/\"]}]},{\"@type\":\"ImageObject\",\"inLanguage\":\"gl-ES\",\"@id\":\"https:\\\/\\\/www.anovapeneira.gal\\\/index.php\\\/2023\\\/11\\\/29\\\/espana-na-encrucillada\\\/#primaryimage\",\"url\":\"https:\\\/\\\/www.anovapeneira.gal\\\/wp-content\\\/uploads\\\/2023\\\/04\\\/manuel-ruiz.jpg\",\"contentUrl\":\"https:\\\/\\\/www.anovapeneira.gal\\\/wp-content\\\/uploads\\\/2023\\\/04\\\/manuel-ruiz.jpg\",\"width\":720,\"height\":432,\"caption\":\"Manuel Ruiz\"},{\"@type\":\"BreadcrumbList\",\"@id\":\"https:\\\/\\\/www.anovapeneira.gal\\\/index.php\\\/2023\\\/11\\\/29\\\/espana-na-encrucillada\\\/#breadcrumb\",\"itemListElement\":[{\"@type\":\"ListItem\",\"position\":1,\"name\":\"Portada\",\"item\":\"https:\\\/\\\/www.anovapeneira.gal\\\/\"},{\"@type\":\"ListItem\",\"position\":2,\"name\":\"Espa\u00f1a na encrucillada\"}]},{\"@type\":\"WebSite\",\"@id\":\"https:\\\/\\\/www.anovapeneira.gal\\\/#website\",\"url\":\"https:\\\/\\\/www.anovapeneira.gal\\\/\",\"name\":\"\",\"description\":\"Xornal galego de informaci\u00f3n xeral Publicaci\u00f3n mensual de novas de Galicia e en especial dos Concellos da sur da provincia de Pontevedra.\",\"publisher\":{\"@id\":\"https:\\\/\\\/www.anovapeneira.gal\\\/#organization\"},\"potentialAction\":[{\"@type\":\"SearchAction\",\"target\":{\"@type\":\"EntryPoint\",\"urlTemplate\":\"https:\\\/\\\/www.anovapeneira.gal\\\/?s={search_term_string}\"},\"query-input\":{\"@type\":\"PropertyValueSpecification\",\"valueRequired\":true,\"valueName\":\"search_term_string\"}}],\"inLanguage\":\"gl-ES\"},{\"@type\":\"Organization\",\"@id\":\"https:\\\/\\\/www.anovapeneira.gal\\\/#organization\",\"name\":\"A Nova Peneira\",\"url\":\"https:\\\/\\\/www.anovapeneira.gal\\\/\",\"logo\":{\"@type\":\"ImageObject\",\"inLanguage\":\"gl-ES\",\"@id\":\"https:\\\/\\\/www.anovapeneira.gal\\\/#\\\/schema\\\/logo\\\/image\\\/\",\"url\":\"http:\\\/\\\/www.anovapeneira.gal\\\/wp-content\\\/uploads\\\/2019\\\/06\\\/logo_a_nova_peneira_portal_web.png\",\"contentUrl\":\"http:\\\/\\\/www.anovapeneira.gal\\\/wp-content\\\/uploads\\\/2019\\\/06\\\/logo_a_nova_peneira_portal_web.png\",\"width\":300,\"height\":100,\"caption\":\"A Nova Peneira\"},\"image\":{\"@id\":\"https:\\\/\\\/www.anovapeneira.gal\\\/#\\\/schema\\\/logo\\\/image\\\/\"},\"sameAs\":[\"https:\\\/\\\/www.facebook.com\\\/anovapeneira\",\"https:\\\/\\\/x.com\\\/APeneira\"]},{\"@type\":\"Person\",\"@id\":\"https:\\\/\\\/www.anovapeneira.gal\\\/#\\\/schema\\\/person\\\/f18a4feb302e8f20bcef4490b5b60bb3\",\"name\":\"Artigos Opini\u00f3n\",\"image\":{\"@type\":\"ImageObject\",\"inLanguage\":\"gl-ES\",\"@id\":\"https:\\\/\\\/secure.gravatar.com\\\/avatar\\\/072844300f4881150aee2da4278f7a65d16eefdf8262eb67085f1e702de2b959?s=96&d=mm&r=g\",\"url\":\"https:\\\/\\\/secure.gravatar.com\\\/avatar\\\/072844300f4881150aee2da4278f7a65d16eefdf8262eb67085f1e702de2b959?s=96&d=mm&r=g\",\"contentUrl\":\"https:\\\/\\\/secure.gravatar.com\\\/avatar\\\/072844300f4881150aee2da4278f7a65d16eefdf8262eb67085f1e702de2b959?s=96&d=mm&r=g\",\"caption\":\"Artigos Opini\u00f3n\"},\"sameAs\":[\"http:\\\/\\\/anovapeneira.gal\"],\"url\":\"https:\\\/\\\/www.anovapeneira.gal\\\/index.php\\\/author\\\/artigosopinion\\\/\"}]}<\/script>\n<!-- \/ Yoast SEO plugin. -->","yoast_head_json":{"title":"Espa\u00f1a na encrucillada -","description":"\u201cEspa\u00f1a \u00e9 unha deformaci\u00f3n grotesca da civilizaci\u00f3n europea\u201d Luces de bohemia. Ram\u00f3n Mar\u00eda do Valle Incl\u00e1n (1866 \u2013 1936)","robots":{"index":"index","follow":"follow","max-snippet":"max-snippet:-1","max-image-preview":"max-image-preview:large","max-video-preview":"max-video-preview:-1"},"canonical":"https:\/\/www.anovapeneira.gal\/index.php\/2023\/11\/29\/espana-na-encrucillada\/","og_locale":"gl_ES","og_type":"article","og_title":"Espa\u00f1a na encrucillada -","og_description":"\u201cEspa\u00f1a \u00e9 unha deformaci\u00f3n grotesca da civilizaci\u00f3n europea\u201d Luces de bohemia. Ram\u00f3n Mar\u00eda do Valle Incl\u00e1n (1866 \u2013 1936)","og_url":"https:\/\/www.anovapeneira.gal\/index.php\/2023\/11\/29\/espana-na-encrucillada\/","article_publisher":"https:\/\/www.facebook.com\/anovapeneira","article_published_time":"2023-11-29T11:00:30+00:00","og_image":[{"width":720,"height":432,"url":"https:\/\/www.anovapeneira.gal\/wp-content\/uploads\/2023\/04\/manuel-ruiz.jpg","type":"image\/jpeg"}],"author":"Artigos Opini\u00f3n","twitter_card":"summary_large_image","twitter_creator":"@APeneira","twitter_site":"@APeneira","twitter_misc":{"Escrito por":"Artigos Opini\u00f3n","Tempo de lectura":"3 minutos"},"schema":{"@context":"https:\/\/schema.org","@graph":[{"@type":"Article","@id":"https:\/\/www.anovapeneira.gal\/index.php\/2023\/11\/29\/espana-na-encrucillada\/#article","isPartOf":{"@id":"https:\/\/www.anovapeneira.gal\/index.php\/2023\/11\/29\/espana-na-encrucillada\/"},"author":{"name":"Artigos Opini\u00f3n","@id":"https:\/\/www.anovapeneira.gal\/#\/schema\/person\/f18a4feb302e8f20bcef4490b5b60bb3"},"headline":"Espa\u00f1a na encrucillada","datePublished":"2023-11-29T11:00:30+00:00","mainEntityOfPage":{"@id":"https:\/\/www.anovapeneira.gal\/index.php\/2023\/11\/29\/espana-na-encrucillada\/"},"wordCount":443,"commentCount":0,"publisher":{"@id":"https:\/\/www.anovapeneira.gal\/#organization"},"image":{"@id":"https:\/\/www.anovapeneira.gal\/index.php\/2023\/11\/29\/espana-na-encrucillada\/#primaryimage"},"thumbnailUrl":"https:\/\/www.anovapeneira.gal\/wp-content\/uploads\/2023\/04\/manuel-ruiz.jpg","articleSection":["Artigos de opini\u00f3n"],"inLanguage":"gl-ES","potentialAction":[{"@type":"CommentAction","name":"Comment","target":["https:\/\/www.anovapeneira.gal\/index.php\/2023\/11\/29\/espana-na-encrucillada\/#respond"]}]},{"@type":"WebPage","@id":"https:\/\/www.anovapeneira.gal\/index.php\/2023\/11\/29\/espana-na-encrucillada\/","url":"https:\/\/www.anovapeneira.gal\/index.php\/2023\/11\/29\/espana-na-encrucillada\/","name":"Espa\u00f1a na encrucillada -","isPartOf":{"@id":"https:\/\/www.anovapeneira.gal\/#website"},"primaryImageOfPage":{"@id":"https:\/\/www.anovapeneira.gal\/index.php\/2023\/11\/29\/espana-na-encrucillada\/#primaryimage"},"image":{"@id":"https:\/\/www.anovapeneira.gal\/index.php\/2023\/11\/29\/espana-na-encrucillada\/#primaryimage"},"thumbnailUrl":"https:\/\/www.anovapeneira.gal\/wp-content\/uploads\/2023\/04\/manuel-ruiz.jpg","datePublished":"2023-11-29T11:00:30+00:00","description":"\u201cEspa\u00f1a \u00e9 unha deformaci\u00f3n grotesca da civilizaci\u00f3n europea\u201d Luces de bohemia. Ram\u00f3n Mar\u00eda do Valle Incl\u00e1n (1866 \u2013 1936)","breadcrumb":{"@id":"https:\/\/www.anovapeneira.gal\/index.php\/2023\/11\/29\/espana-na-encrucillada\/#breadcrumb"},"inLanguage":"gl-ES","potentialAction":[{"@type":"ReadAction","target":["https:\/\/www.anovapeneira.gal\/index.php\/2023\/11\/29\/espana-na-encrucillada\/"]}]},{"@type":"ImageObject","inLanguage":"gl-ES","@id":"https:\/\/www.anovapeneira.gal\/index.php\/2023\/11\/29\/espana-na-encrucillada\/#primaryimage","url":"https:\/\/www.anovapeneira.gal\/wp-content\/uploads\/2023\/04\/manuel-ruiz.jpg","contentUrl":"https:\/\/www.anovapeneira.gal\/wp-content\/uploads\/2023\/04\/manuel-ruiz.jpg","width":720,"height":432,"caption":"Manuel Ruiz"},{"@type":"BreadcrumbList","@id":"https:\/\/www.anovapeneira.gal\/index.php\/2023\/11\/29\/espana-na-encrucillada\/#breadcrumb","itemListElement":[{"@type":"ListItem","position":1,"name":"Portada","item":"https:\/\/www.anovapeneira.gal\/"},{"@type":"ListItem","position":2,"name":"Espa\u00f1a na encrucillada"}]},{"@type":"WebSite","@id":"https:\/\/www.anovapeneira.gal\/#website","url":"https:\/\/www.anovapeneira.gal\/","name":"","description":"Xornal galego de informaci\u00f3n xeral Publicaci\u00f3n mensual de novas de Galicia e en especial dos Concellos da sur da provincia de Pontevedra.","publisher":{"@id":"https:\/\/www.anovapeneira.gal\/#organization"},"potentialAction":[{"@type":"SearchAction","target":{"@type":"EntryPoint","urlTemplate":"https:\/\/www.anovapeneira.gal\/?s={search_term_string}"},"query-input":{"@type":"PropertyValueSpecification","valueRequired":true,"valueName":"search_term_string"}}],"inLanguage":"gl-ES"},{"@type":"Organization","@id":"https:\/\/www.anovapeneira.gal\/#organization","name":"A Nova Peneira","url":"https:\/\/www.anovapeneira.gal\/","logo":{"@type":"ImageObject","inLanguage":"gl-ES","@id":"https:\/\/www.anovapeneira.gal\/#\/schema\/logo\/image\/","url":"http:\/\/www.anovapeneira.gal\/wp-content\/uploads\/2019\/06\/logo_a_nova_peneira_portal_web.png","contentUrl":"http:\/\/www.anovapeneira.gal\/wp-content\/uploads\/2019\/06\/logo_a_nova_peneira_portal_web.png","width":300,"height":100,"caption":"A Nova Peneira"},"image":{"@id":"https:\/\/www.anovapeneira.gal\/#\/schema\/logo\/image\/"},"sameAs":["https:\/\/www.facebook.com\/anovapeneira","https:\/\/x.com\/APeneira"]},{"@type":"Person","@id":"https:\/\/www.anovapeneira.gal\/#\/schema\/person\/f18a4feb302e8f20bcef4490b5b60bb3","name":"Artigos Opini\u00f3n","image":{"@type":"ImageObject","inLanguage":"gl-ES","@id":"https:\/\/secure.gravatar.com\/avatar\/072844300f4881150aee2da4278f7a65d16eefdf8262eb67085f1e702de2b959?s=96&d=mm&r=g","url":"https:\/\/secure.gravatar.com\/avatar\/072844300f4881150aee2da4278f7a65d16eefdf8262eb67085f1e702de2b959?s=96&d=mm&r=g","contentUrl":"https:\/\/secure.gravatar.com\/avatar\/072844300f4881150aee2da4278f7a65d16eefdf8262eb67085f1e702de2b959?s=96&d=mm&r=g","caption":"Artigos Opini\u00f3n"},"sameAs":["http:\/\/anovapeneira.gal"],"url":"https:\/\/www.anovapeneira.gal\/index.php\/author\/artigosopinion\/"}]}},"jetpack_featured_media_url":"https:\/\/www.anovapeneira.gal\/wp-content\/uploads\/2023\/04\/manuel-ruiz.jpg","_links":{"self":[{"href":"https:\/\/www.anovapeneira.gal\/index.php\/wp-json\/wp\/v2\/posts\/10826","targetHints":{"allow":["GET"]}}],"collection":[{"href":"https:\/\/www.anovapeneira.gal\/index.php\/wp-json\/wp\/v2\/posts"}],"about":[{"href":"https:\/\/www.anovapeneira.gal\/index.php\/wp-json\/wp\/v2\/types\/post"}],"author":[{"embeddable":true,"href":"https:\/\/www.anovapeneira.gal\/index.php\/wp-json\/wp\/v2\/users\/12"}],"replies":[{"embeddable":true,"href":"https:\/\/www.anovapeneira.gal\/index.php\/wp-json\/wp\/v2\/comments?post=10826"}],"version-history":[{"count":1,"href":"https:\/\/www.anovapeneira.gal\/index.php\/wp-json\/wp\/v2\/posts\/10826\/revisions"}],"predecessor-version":[{"id":10827,"href":"https:\/\/www.anovapeneira.gal\/index.php\/wp-json\/wp\/v2\/posts\/10826\/revisions\/10827"}],"wp:featuredmedia":[{"embeddable":true,"href":"https:\/\/www.anovapeneira.gal\/index.php\/wp-json\/wp\/v2\/media\/9435"}],"wp:attachment":[{"href":"https:\/\/www.anovapeneira.gal\/index.php\/wp-json\/wp\/v2\/media?parent=10826"}],"wp:term":[{"taxonomy":"category","embeddable":true,"href":"https:\/\/www.anovapeneira.gal\/index.php\/wp-json\/wp\/v2\/categories?post=10826"},{"taxonomy":"post_tag","embeddable":true,"href":"https:\/\/www.anovapeneira.gal\/index.php\/wp-json\/wp\/v2\/tags?post=10826"}],"curies":[{"name":"wp","href":"https:\/\/api.w.org\/{rel}","templated":true}]}}