{"id":10828,"date":"2023-11-30T10:00:25","date_gmt":"2023-11-30T09:00:25","guid":{"rendered":"https:\/\/www.anovapeneira.gal\/?p=10828"},"modified":"2023-11-27T08:49:55","modified_gmt":"2023-11-27T07:49:55","slug":"o-grupo-municipal-socialista-de-salceda-presenta-emendas-aos-orzamentos-da-xunta-de-galicia","status":"publish","type":"post","link":"https:\/\/www.anovapeneira.gal\/index.php\/2023\/11\/30\/o-grupo-municipal-socialista-de-salceda-presenta-emendas-aos-orzamentos-da-xunta-de-galicia\/","title":{"rendered":"O grupo municipal socialista de Salceda presenta emendas aos orzamentos da Xunta de Galicia"},"content":{"rendered":"\n<h2 class=\"wp-block-heading\"><strong>As e os socialistas de Salceda engaden as emendas presentadas que se recolla nos orzamentos auton\u00f3micos a cubrici\u00f3n do patio do CEP Altamira<\/strong><\/h2>\n\n\n\n<p>Un ano m\u00e1is o PSdeG-PSOE de Salceda analizou os orzamentos da Xunta de Galicia para esixir que o ente auton\u00f3mico responda as principais demandas de investimentos que require a veci\u00f1anza de Salceda de Caselas.<\/p>\n\n\n\n<p>Como xa ven sendo habitual de novo os orzamentos auton\u00f3micos deixan de lado reivindicaci\u00f3ns e demandas que poder\u00edan ser definidas como \u201chist\u00f3ricas\u201d, xa que levan anos sendo reclamadas \u00e1 Xunta polo grupo municipal socialista, a trav\u00e9s dos parlamentarios e parlamentarias auton\u00f3micos do PSdeG-PSOE e ata o momento non foron atendidas coa s\u00faa correspondente dotaci\u00f3n orzamentaria.<\/p>\n\n\n\n<p>No \u00e1rea de educaci\u00f3n rec\u00f3llense nas emendas presentadas polas socialistas, a inclusi\u00f3n de partidas de investimento para constru\u00edr novas infraestruturas educativas e mellorar as xa existentes como a destinada \u00e1 construci\u00f3n dun novo colexio de primaria para Salceda, a da construci\u00f3n dun novo comedor escolar ou a cubrici\u00f3n do patio do CRA Ra\u00ed\u00f1a Aragonta. Este ano as e os socialistas inclu\u00edron tam\u00e9n a cubrici\u00f3n do patio do CEP Altamira para completar as\u00ed uns investimentos que son moi necesarios para o conxunto das infraestruturas educativas do noso concello.<\/p>\n\n\n\n<p>Neste senso a voceira municipal socialista Ver\u00f3nica Tour\u00f3n sinala que \u201cCo enorme pulo demogr\u00e1fico que afortunadamente existe en Salceda non chega s\u00f3 coa ampliaci\u00f3n do IES Pedras Rubias, xa que \u00e9 hora de realizar tam\u00e9n actuaci\u00f3ns relacionadas coa mellora das instalaci\u00f3ns destinadas a educaci\u00f3n infantil e primaria no municipio. E lembrar tam\u00e9n a necesidade da implantaci\u00f3n da FP no noso municipio\u201d<\/p>\n\n\n\n<p>Outras emendas presentadas fan referencia ao investimento para a instalaci\u00f3n da rede de saneamento en Soutelo e Entenza, demanda fundamental e estrat\u00e9xica para a nosa veci\u00f1anza que esixe tam\u00e9n completar os investimentos para conformar unha rede de saneamento integral para Salceda. \u00c9 a Xunta a quen corresponde compensar a falla alarmante de saneamento tras estragar o aproveitamento dos fondos europeos destinados para ese fin para os cales a administraci\u00f3n auton\u00f3mica ti\u00f1a a competencia para a s\u00faa execuci\u00f3n.<\/p>\n\n\n\n<p>Este grupo municipal quere lembrar igualmente que outras demandas est\u00e1n pendentes de atender pola Xunta como as referentes a infraestruturas de comunicaci\u00f3n esenciais para Salceda como o enlace da Lagoela, a urbanizaci\u00f3n da zona da Tabernanova en Soutelo ou a iluminaci\u00f3n da estrada auton\u00f3mica PO 510.<\/p>\n\n\n\n<p>A voceira municipal salientou que o dinamismo demogr\u00e1fico, social e econ\u00f3mico de Salceda non pode caer no estancamento pola falla de investimentos auton\u00f3micos en dotaci\u00f3ns, instalaci\u00f3ns, infraestruturas e servizos p\u00fablicos. Salienta que \u00e9 fundamental que a Xunta resolva tam\u00e9n as axudas para a construcci\u00f3n do Centro de D\u00eda, a que optamos na lexislatura anterior e que est\u00e1 pendente de resoluci\u00f3n. Advirte tam\u00e9n \u00e1 Xunta que os e as salcedenses non se van conformar simplemente coa ampliaci\u00f3n do IES Pedras Rubias e que necesitan moito m\u00e1is para que Salceda poida continuar pola s\u00faa senda de progreso.<\/p>\n","protected":false},"excerpt":{"rendered":"<div class=\"mh-excerpt\"><p>As e os socialistas de Salceda engaden as emendas presentadas que se recolla nos orzamentos auton\u00f3micos a cubrici\u00f3n do patio do CEP Altamira <a class=\"mh-excerpt-more\" href=\"https:\/\/www.anovapeneira.gal\/index.php\/2023\/11\/30\/o-grupo-municipal-socialista-de-salceda-presenta-emendas-aos-orzamentos-da-xunta-de-galicia\/\" title=\"O grupo municipal socialista de Salceda presenta emendas aos orzamentos da Xunta de Galicia\">[&#8230;]<\/a><\/p>\n<\/div>","protected":false},"author":3,"featured_media":10829,"comment_status":"open","ping_status":"open","sticky":false,"template":"","format":"standard","meta":{"_exactmetrics_skip_tracking":false,"_exactmetrics_sitenote_active":false,"_exactmetrics_sitenote_note":"","_exactmetrics_sitenote_category":0,"footnotes":""},"categories":[23],"tags":[359],"class_list":{"0":"post-10828","1":"post","2":"type-post","3":"status-publish","4":"format-standard","5":"has-post-thumbnail","7":"category-a-lourina","8":"tag-concello-de-salceda-de-caselas"},"yoast_head":"<!-- This site is optimized with the Yoast SEO plugin v27.4 - https:\/\/yoast.com\/product\/yoast-seo-wordpress\/ -->\n<title>O grupo municipal socialista de Salceda presenta emendas aos orzamentos da Xunta de Galicia -<\/title>\n<meta name=\"description\" content=\"As e os socialistas de Salceda engaden as emendas presentadas que se recolla nos orzamentos auton\u00f3micos a cubrici\u00f3n do patio do CEP Altamira\" \/>\n<meta name=\"robots\" content=\"index, follow, max-snippet:-1, max-image-preview:large, max-video-preview:-1\" \/>\n<link rel=\"canonical\" href=\"https:\/\/www.anovapeneira.gal\/index.php\/2023\/11\/30\/o-grupo-municipal-socialista-de-salceda-presenta-emendas-aos-orzamentos-da-xunta-de-galicia\/\" \/>\n<meta property=\"og:locale\" content=\"gl_ES\" \/>\n<meta property=\"og:type\" content=\"article\" \/>\n<meta property=\"og:title\" content=\"O grupo municipal socialista de Salceda presenta emendas aos orzamentos da Xunta de Galicia -\" \/>\n<meta property=\"og:description\" content=\"As e os socialistas de Salceda engaden as emendas presentadas que se recolla nos orzamentos auton\u00f3micos a cubrici\u00f3n do patio do CEP Altamira\" \/>\n<meta property=\"og:url\" content=\"https:\/\/www.anovapeneira.gal\/index.php\/2023\/11\/30\/o-grupo-municipal-socialista-de-salceda-presenta-emendas-aos-orzamentos-da-xunta-de-galicia\/\" \/>\n<meta property=\"article:publisher\" content=\"https:\/\/www.facebook.com\/anovapeneira\" \/>\n<meta property=\"article:published_time\" content=\"2023-11-30T09:00:25+00:00\" \/>\n<meta property=\"og:image\" content=\"https:\/\/www.anovapeneira.gal\/wp-content\/uploads\/2023\/11\/grupo_municipal_salceda.png\" \/>\n\t<meta property=\"og:image:width\" content=\"720\" \/>\n\t<meta property=\"og:image:height\" content=\"432\" \/>\n\t<meta property=\"og:image:type\" content=\"image\/png\" \/>\n<meta name=\"author\" content=\"Redacci\u00f3n A Nova Peneira\" \/>\n<meta name=\"twitter:card\" content=\"summary_large_image\" \/>\n<meta name=\"twitter:creator\" content=\"@APeneira\" \/>\n<meta name=\"twitter:site\" content=\"@APeneira\" \/>\n<meta name=\"twitter:label1\" content=\"Escrito por\" \/>\n\t<meta name=\"twitter:data1\" content=\"Redacci\u00f3n A Nova Peneira\" \/>\n\t<meta name=\"twitter:label2\" content=\"Tempo de lectura\" \/>\n\t<meta name=\"twitter:data2\" content=\"3 minutos\" \/>\n<script type=\"application\/ld+json\" class=\"yoast-schema-graph\">{\"@context\":\"https:\\\/\\\/schema.org\",\"@graph\":[{\"@type\":\"Article\",\"@id\":\"https:\\\/\\\/www.anovapeneira.gal\\\/index.php\\\/2023\\\/11\\\/30\\\/o-grupo-municipal-socialista-de-salceda-presenta-emendas-aos-orzamentos-da-xunta-de-galicia\\\/#article\",\"isPartOf\":{\"@id\":\"https:\\\/\\\/www.anovapeneira.gal\\\/index.php\\\/2023\\\/11\\\/30\\\/o-grupo-municipal-socialista-de-salceda-presenta-emendas-aos-orzamentos-da-xunta-de-galicia\\\/\"},\"author\":{\"name\":\"Redacci\u00f3n A Nova Peneira\",\"@id\":\"https:\\\/\\\/www.anovapeneira.gal\\\/#\\\/schema\\\/person\\\/b93e3f8932e3f8da96334607eb6ac6aa\"},\"headline\":\"O grupo municipal socialista de Salceda presenta emendas aos orzamentos da Xunta de Galicia\",\"datePublished\":\"2023-11-30T09:00:25+00:00\",\"mainEntityOfPage\":{\"@id\":\"https:\\\/\\\/www.anovapeneira.gal\\\/index.php\\\/2023\\\/11\\\/30\\\/o-grupo-municipal-socialista-de-salceda-presenta-emendas-aos-orzamentos-da-xunta-de-galicia\\\/\"},\"wordCount\":547,\"commentCount\":0,\"publisher\":{\"@id\":\"https:\\\/\\\/www.anovapeneira.gal\\\/#organization\"},\"image\":{\"@id\":\"https:\\\/\\\/www.anovapeneira.gal\\\/index.php\\\/2023\\\/11\\\/30\\\/o-grupo-municipal-socialista-de-salceda-presenta-emendas-aos-orzamentos-da-xunta-de-galicia\\\/#primaryimage\"},\"thumbnailUrl\":\"https:\\\/\\\/www.anovapeneira.gal\\\/wp-content\\\/uploads\\\/2023\\\/11\\\/grupo_municipal_salceda.png\",\"keywords\":[\"Concello de Salceda de Caselas\"],\"articleSection\":[\"A Louri\u00f1a\"],\"inLanguage\":\"gl-ES\",\"potentialAction\":[{\"@type\":\"CommentAction\",\"name\":\"Comment\",\"target\":[\"https:\\\/\\\/www.anovapeneira.gal\\\/index.php\\\/2023\\\/11\\\/30\\\/o-grupo-municipal-socialista-de-salceda-presenta-emendas-aos-orzamentos-da-xunta-de-galicia\\\/#respond\"]}]},{\"@type\":\"WebPage\",\"@id\":\"https:\\\/\\\/www.anovapeneira.gal\\\/index.php\\\/2023\\\/11\\\/30\\\/o-grupo-municipal-socialista-de-salceda-presenta-emendas-aos-orzamentos-da-xunta-de-galicia\\\/\",\"url\":\"https:\\\/\\\/www.anovapeneira.gal\\\/index.php\\\/2023\\\/11\\\/30\\\/o-grupo-municipal-socialista-de-salceda-presenta-emendas-aos-orzamentos-da-xunta-de-galicia\\\/\",\"name\":\"O grupo municipal socialista de Salceda presenta emendas aos orzamentos da Xunta de Galicia -\",\"isPartOf\":{\"@id\":\"https:\\\/\\\/www.anovapeneira.gal\\\/#website\"},\"primaryImageOfPage\":{\"@id\":\"https:\\\/\\\/www.anovapeneira.gal\\\/index.php\\\/2023\\\/11\\\/30\\\/o-grupo-municipal-socialista-de-salceda-presenta-emendas-aos-orzamentos-da-xunta-de-galicia\\\/#primaryimage\"},\"image\":{\"@id\":\"https:\\\/\\\/www.anovapeneira.gal\\\/index.php\\\/2023\\\/11\\\/30\\\/o-grupo-municipal-socialista-de-salceda-presenta-emendas-aos-orzamentos-da-xunta-de-galicia\\\/#primaryimage\"},\"thumbnailUrl\":\"https:\\\/\\\/www.anovapeneira.gal\\\/wp-content\\\/uploads\\\/2023\\\/11\\\/grupo_municipal_salceda.png\",\"datePublished\":\"2023-11-30T09:00:25+00:00\",\"description\":\"As e os socialistas de Salceda engaden as emendas presentadas que se recolla nos orzamentos auton\u00f3micos a cubrici\u00f3n do patio do CEP Altamira\",\"breadcrumb\":{\"@id\":\"https:\\\/\\\/www.anovapeneira.gal\\\/index.php\\\/2023\\\/11\\\/30\\\/o-grupo-municipal-socialista-de-salceda-presenta-emendas-aos-orzamentos-da-xunta-de-galicia\\\/#breadcrumb\"},\"inLanguage\":\"gl-ES\",\"potentialAction\":[{\"@type\":\"ReadAction\",\"target\":[\"https:\\\/\\\/www.anovapeneira.gal\\\/index.php\\\/2023\\\/11\\\/30\\\/o-grupo-municipal-socialista-de-salceda-presenta-emendas-aos-orzamentos-da-xunta-de-galicia\\\/\"]}]},{\"@type\":\"ImageObject\",\"inLanguage\":\"gl-ES\",\"@id\":\"https:\\\/\\\/www.anovapeneira.gal\\\/index.php\\\/2023\\\/11\\\/30\\\/o-grupo-municipal-socialista-de-salceda-presenta-emendas-aos-orzamentos-da-xunta-de-galicia\\\/#primaryimage\",\"url\":\"https:\\\/\\\/www.anovapeneira.gal\\\/wp-content\\\/uploads\\\/2023\\\/11\\\/grupo_municipal_salceda.png\",\"contentUrl\":\"https:\\\/\\\/www.anovapeneira.gal\\\/wp-content\\\/uploads\\\/2023\\\/11\\\/grupo_municipal_salceda.png\",\"width\":720,\"height\":432,\"caption\":\"grupo municipal socialista de Salceda\"},{\"@type\":\"BreadcrumbList\",\"@id\":\"https:\\\/\\\/www.anovapeneira.gal\\\/index.php\\\/2023\\\/11\\\/30\\\/o-grupo-municipal-socialista-de-salceda-presenta-emendas-aos-orzamentos-da-xunta-de-galicia\\\/#breadcrumb\",\"itemListElement\":[{\"@type\":\"ListItem\",\"position\":1,\"name\":\"Portada\",\"item\":\"https:\\\/\\\/www.anovapeneira.gal\\\/\"},{\"@type\":\"ListItem\",\"position\":2,\"name\":\"O grupo municipal socialista de Salceda presenta emendas aos orzamentos da Xunta de Galicia\"}]},{\"@type\":\"WebSite\",\"@id\":\"https:\\\/\\\/www.anovapeneira.gal\\\/#website\",\"url\":\"https:\\\/\\\/www.anovapeneira.gal\\\/\",\"name\":\"\",\"description\":\"Xornal galego de informaci\u00f3n xeral Publicaci\u00f3n mensual de novas de Galicia e en especial dos Concellos da sur da provincia de Pontevedra.\",\"publisher\":{\"@id\":\"https:\\\/\\\/www.anovapeneira.gal\\\/#organization\"},\"potentialAction\":[{\"@type\":\"SearchAction\",\"target\":{\"@type\":\"EntryPoint\",\"urlTemplate\":\"https:\\\/\\\/www.anovapeneira.gal\\\/?s={search_term_string}\"},\"query-input\":{\"@type\":\"PropertyValueSpecification\",\"valueRequired\":true,\"valueName\":\"search_term_string\"}}],\"inLanguage\":\"gl-ES\"},{\"@type\":\"Organization\",\"@id\":\"https:\\\/\\\/www.anovapeneira.gal\\\/#organization\",\"name\":\"A Nova Peneira\",\"url\":\"https:\\\/\\\/www.anovapeneira.gal\\\/\",\"logo\":{\"@type\":\"ImageObject\",\"inLanguage\":\"gl-ES\",\"@id\":\"https:\\\/\\\/www.anovapeneira.gal\\\/#\\\/schema\\\/logo\\\/image\\\/\",\"url\":\"http:\\\/\\\/www.anovapeneira.gal\\\/wp-content\\\/uploads\\\/2019\\\/06\\\/logo_a_nova_peneira_portal_web.png\",\"contentUrl\":\"http:\\\/\\\/www.anovapeneira.gal\\\/wp-content\\\/uploads\\\/2019\\\/06\\\/logo_a_nova_peneira_portal_web.png\",\"width\":300,\"height\":100,\"caption\":\"A Nova Peneira\"},\"image\":{\"@id\":\"https:\\\/\\\/www.anovapeneira.gal\\\/#\\\/schema\\\/logo\\\/image\\\/\"},\"sameAs\":[\"https:\\\/\\\/www.facebook.com\\\/anovapeneira\",\"https:\\\/\\\/x.com\\\/APeneira\"]},{\"@type\":\"Person\",\"@id\":\"https:\\\/\\\/www.anovapeneira.gal\\\/#\\\/schema\\\/person\\\/b93e3f8932e3f8da96334607eb6ac6aa\",\"name\":\"Redacci\u00f3n A Nova Peneira\",\"image\":{\"@type\":\"ImageObject\",\"inLanguage\":\"gl-ES\",\"@id\":\"https:\\\/\\\/secure.gravatar.com\\\/avatar\\\/c052a2551a06e23fac63626232eaa90abd78dbcf1700fc46a2b2c89fd27b735f?s=96&d=mm&r=g\",\"url\":\"https:\\\/\\\/secure.gravatar.com\\\/avatar\\\/c052a2551a06e23fac63626232eaa90abd78dbcf1700fc46a2b2c89fd27b735f?s=96&d=mm&r=g\",\"contentUrl\":\"https:\\\/\\\/secure.gravatar.com\\\/avatar\\\/c052a2551a06e23fac63626232eaa90abd78dbcf1700fc46a2b2c89fd27b735f?s=96&d=mm&r=g\",\"caption\":\"Redacci\u00f3n A Nova Peneira\"},\"sameAs\":[\"http:\\\/\\\/www.anovapeneira.gal\\\/\"],\"url\":\"https:\\\/\\\/www.anovapeneira.gal\\\/index.php\\\/author\\\/redactor\\\/\"}]}<\/script>\n<!-- \/ Yoast SEO plugin. -->","yoast_head_json":{"title":"O grupo municipal socialista de Salceda presenta emendas aos orzamentos da Xunta de Galicia -","description":"As e os socialistas de Salceda engaden as emendas presentadas que se recolla nos orzamentos auton\u00f3micos a cubrici\u00f3n do patio do CEP Altamira","robots":{"index":"index","follow":"follow","max-snippet":"max-snippet:-1","max-image-preview":"max-image-preview:large","max-video-preview":"max-video-preview:-1"},"canonical":"https:\/\/www.anovapeneira.gal\/index.php\/2023\/11\/30\/o-grupo-municipal-socialista-de-salceda-presenta-emendas-aos-orzamentos-da-xunta-de-galicia\/","og_locale":"gl_ES","og_type":"article","og_title":"O grupo municipal socialista de Salceda presenta emendas aos orzamentos da Xunta de Galicia -","og_description":"As e os socialistas de Salceda engaden as emendas presentadas que se recolla nos orzamentos auton\u00f3micos a cubrici\u00f3n do patio do CEP Altamira","og_url":"https:\/\/www.anovapeneira.gal\/index.php\/2023\/11\/30\/o-grupo-municipal-socialista-de-salceda-presenta-emendas-aos-orzamentos-da-xunta-de-galicia\/","article_publisher":"https:\/\/www.facebook.com\/anovapeneira","article_published_time":"2023-11-30T09:00:25+00:00","og_image":[{"width":720,"height":432,"url":"https:\/\/www.anovapeneira.gal\/wp-content\/uploads\/2023\/11\/grupo_municipal_salceda.png","type":"image\/png"}],"author":"Redacci\u00f3n A Nova Peneira","twitter_card":"summary_large_image","twitter_creator":"@APeneira","twitter_site":"@APeneira","twitter_misc":{"Escrito por":"Redacci\u00f3n A Nova Peneira","Tempo de lectura":"3 minutos"},"schema":{"@context":"https:\/\/schema.org","@graph":[{"@type":"Article","@id":"https:\/\/www.anovapeneira.gal\/index.php\/2023\/11\/30\/o-grupo-municipal-socialista-de-salceda-presenta-emendas-aos-orzamentos-da-xunta-de-galicia\/#article","isPartOf":{"@id":"https:\/\/www.anovapeneira.gal\/index.php\/2023\/11\/30\/o-grupo-municipal-socialista-de-salceda-presenta-emendas-aos-orzamentos-da-xunta-de-galicia\/"},"author":{"name":"Redacci\u00f3n A Nova Peneira","@id":"https:\/\/www.anovapeneira.gal\/#\/schema\/person\/b93e3f8932e3f8da96334607eb6ac6aa"},"headline":"O grupo municipal socialista de Salceda presenta emendas aos orzamentos da Xunta de Galicia","datePublished":"2023-11-30T09:00:25+00:00","mainEntityOfPage":{"@id":"https:\/\/www.anovapeneira.gal\/index.php\/2023\/11\/30\/o-grupo-municipal-socialista-de-salceda-presenta-emendas-aos-orzamentos-da-xunta-de-galicia\/"},"wordCount":547,"commentCount":0,"publisher":{"@id":"https:\/\/www.anovapeneira.gal\/#organization"},"image":{"@id":"https:\/\/www.anovapeneira.gal\/index.php\/2023\/11\/30\/o-grupo-municipal-socialista-de-salceda-presenta-emendas-aos-orzamentos-da-xunta-de-galicia\/#primaryimage"},"thumbnailUrl":"https:\/\/www.anovapeneira.gal\/wp-content\/uploads\/2023\/11\/grupo_municipal_salceda.png","keywords":["Concello de Salceda de Caselas"],"articleSection":["A Louri\u00f1a"],"inLanguage":"gl-ES","potentialAction":[{"@type":"CommentAction","name":"Comment","target":["https:\/\/www.anovapeneira.gal\/index.php\/2023\/11\/30\/o-grupo-municipal-socialista-de-salceda-presenta-emendas-aos-orzamentos-da-xunta-de-galicia\/#respond"]}]},{"@type":"WebPage","@id":"https:\/\/www.anovapeneira.gal\/index.php\/2023\/11\/30\/o-grupo-municipal-socialista-de-salceda-presenta-emendas-aos-orzamentos-da-xunta-de-galicia\/","url":"https:\/\/www.anovapeneira.gal\/index.php\/2023\/11\/30\/o-grupo-municipal-socialista-de-salceda-presenta-emendas-aos-orzamentos-da-xunta-de-galicia\/","name":"O grupo municipal socialista de Salceda presenta emendas aos orzamentos da Xunta de Galicia -","isPartOf":{"@id":"https:\/\/www.anovapeneira.gal\/#website"},"primaryImageOfPage":{"@id":"https:\/\/www.anovapeneira.gal\/index.php\/2023\/11\/30\/o-grupo-municipal-socialista-de-salceda-presenta-emendas-aos-orzamentos-da-xunta-de-galicia\/#primaryimage"},"image":{"@id":"https:\/\/www.anovapeneira.gal\/index.php\/2023\/11\/30\/o-grupo-municipal-socialista-de-salceda-presenta-emendas-aos-orzamentos-da-xunta-de-galicia\/#primaryimage"},"thumbnailUrl":"https:\/\/www.anovapeneira.gal\/wp-content\/uploads\/2023\/11\/grupo_municipal_salceda.png","datePublished":"2023-11-30T09:00:25+00:00","description":"As e os socialistas de Salceda engaden as emendas presentadas que se recolla nos orzamentos auton\u00f3micos a cubrici\u00f3n do patio do CEP Altamira","breadcrumb":{"@id":"https:\/\/www.anovapeneira.gal\/index.php\/2023\/11\/30\/o-grupo-municipal-socialista-de-salceda-presenta-emendas-aos-orzamentos-da-xunta-de-galicia\/#breadcrumb"},"inLanguage":"gl-ES","potentialAction":[{"@type":"ReadAction","target":["https:\/\/www.anovapeneira.gal\/index.php\/2023\/11\/30\/o-grupo-municipal-socialista-de-salceda-presenta-emendas-aos-orzamentos-da-xunta-de-galicia\/"]}]},{"@type":"ImageObject","inLanguage":"gl-ES","@id":"https:\/\/www.anovapeneira.gal\/index.php\/2023\/11\/30\/o-grupo-municipal-socialista-de-salceda-presenta-emendas-aos-orzamentos-da-xunta-de-galicia\/#primaryimage","url":"https:\/\/www.anovapeneira.gal\/wp-content\/uploads\/2023\/11\/grupo_municipal_salceda.png","contentUrl":"https:\/\/www.anovapeneira.gal\/wp-content\/uploads\/2023\/11\/grupo_municipal_salceda.png","width":720,"height":432,"caption":"grupo municipal socialista de Salceda"},{"@type":"BreadcrumbList","@id":"https:\/\/www.anovapeneira.gal\/index.php\/2023\/11\/30\/o-grupo-municipal-socialista-de-salceda-presenta-emendas-aos-orzamentos-da-xunta-de-galicia\/#breadcrumb","itemListElement":[{"@type":"ListItem","position":1,"name":"Portada","item":"https:\/\/www.anovapeneira.gal\/"},{"@type":"ListItem","position":2,"name":"O grupo municipal socialista de Salceda presenta emendas aos orzamentos da Xunta de Galicia"}]},{"@type":"WebSite","@id":"https:\/\/www.anovapeneira.gal\/#website","url":"https:\/\/www.anovapeneira.gal\/","name":"","description":"Xornal galego de informaci\u00f3n xeral Publicaci\u00f3n mensual de novas de Galicia e en especial dos Concellos da sur da provincia de Pontevedra.","publisher":{"@id":"https:\/\/www.anovapeneira.gal\/#organization"},"potentialAction":[{"@type":"SearchAction","target":{"@type":"EntryPoint","urlTemplate":"https:\/\/www.anovapeneira.gal\/?s={search_term_string}"},"query-input":{"@type":"PropertyValueSpecification","valueRequired":true,"valueName":"search_term_string"}}],"inLanguage":"gl-ES"},{"@type":"Organization","@id":"https:\/\/www.anovapeneira.gal\/#organization","name":"A Nova Peneira","url":"https:\/\/www.anovapeneira.gal\/","logo":{"@type":"ImageObject","inLanguage":"gl-ES","@id":"https:\/\/www.anovapeneira.gal\/#\/schema\/logo\/image\/","url":"http:\/\/www.anovapeneira.gal\/wp-content\/uploads\/2019\/06\/logo_a_nova_peneira_portal_web.png","contentUrl":"http:\/\/www.anovapeneira.gal\/wp-content\/uploads\/2019\/06\/logo_a_nova_peneira_portal_web.png","width":300,"height":100,"caption":"A Nova Peneira"},"image":{"@id":"https:\/\/www.anovapeneira.gal\/#\/schema\/logo\/image\/"},"sameAs":["https:\/\/www.facebook.com\/anovapeneira","https:\/\/x.com\/APeneira"]},{"@type":"Person","@id":"https:\/\/www.anovapeneira.gal\/#\/schema\/person\/b93e3f8932e3f8da96334607eb6ac6aa","name":"Redacci\u00f3n A Nova Peneira","image":{"@type":"ImageObject","inLanguage":"gl-ES","@id":"https:\/\/secure.gravatar.com\/avatar\/c052a2551a06e23fac63626232eaa90abd78dbcf1700fc46a2b2c89fd27b735f?s=96&d=mm&r=g","url":"https:\/\/secure.gravatar.com\/avatar\/c052a2551a06e23fac63626232eaa90abd78dbcf1700fc46a2b2c89fd27b735f?s=96&d=mm&r=g","contentUrl":"https:\/\/secure.gravatar.com\/avatar\/c052a2551a06e23fac63626232eaa90abd78dbcf1700fc46a2b2c89fd27b735f?s=96&d=mm&r=g","caption":"Redacci\u00f3n A Nova Peneira"},"sameAs":["http:\/\/www.anovapeneira.gal\/"],"url":"https:\/\/www.anovapeneira.gal\/index.php\/author\/redactor\/"}]}},"jetpack_featured_media_url":"https:\/\/www.anovapeneira.gal\/wp-content\/uploads\/2023\/11\/grupo_municipal_salceda.png","_links":{"self":[{"href":"https:\/\/www.anovapeneira.gal\/index.php\/wp-json\/wp\/v2\/posts\/10828","targetHints":{"allow":["GET"]}}],"collection":[{"href":"https:\/\/www.anovapeneira.gal\/index.php\/wp-json\/wp\/v2\/posts"}],"about":[{"href":"https:\/\/www.anovapeneira.gal\/index.php\/wp-json\/wp\/v2\/types\/post"}],"author":[{"embeddable":true,"href":"https:\/\/www.anovapeneira.gal\/index.php\/wp-json\/wp\/v2\/users\/3"}],"replies":[{"embeddable":true,"href":"https:\/\/www.anovapeneira.gal\/index.php\/wp-json\/wp\/v2\/comments?post=10828"}],"version-history":[{"count":1,"href":"https:\/\/www.anovapeneira.gal\/index.php\/wp-json\/wp\/v2\/posts\/10828\/revisions"}],"predecessor-version":[{"id":10830,"href":"https:\/\/www.anovapeneira.gal\/index.php\/wp-json\/wp\/v2\/posts\/10828\/revisions\/10830"}],"wp:featuredmedia":[{"embeddable":true,"href":"https:\/\/www.anovapeneira.gal\/index.php\/wp-json\/wp\/v2\/media\/10829"}],"wp:attachment":[{"href":"https:\/\/www.anovapeneira.gal\/index.php\/wp-json\/wp\/v2\/media?parent=10828"}],"wp:term":[{"taxonomy":"category","embeddable":true,"href":"https:\/\/www.anovapeneira.gal\/index.php\/wp-json\/wp\/v2\/categories?post=10828"},{"taxonomy":"post_tag","embeddable":true,"href":"https:\/\/www.anovapeneira.gal\/index.php\/wp-json\/wp\/v2\/tags?post=10828"}],"curies":[{"name":"wp","href":"https:\/\/api.w.org\/{rel}","templated":true}]}}