{"id":10836,"date":"2023-12-01T12:00:53","date_gmt":"2023-12-01T11:00:53","guid":{"rendered":"https:\/\/www.anovapeneira.gal\/?p=10836"},"modified":"2023-11-27T09:05:19","modified_gmt":"2023-11-27T08:05:19","slug":"milei-ou-o-triunfo-dos-sound-bites","status":"publish","type":"post","link":"https:\/\/www.anovapeneira.gal\/index.php\/2023\/12\/01\/milei-ou-o-triunfo-dos-sound-bites\/","title":{"rendered":"Milei ou o triunfo dos Sound Bites"},"content":{"rendered":"\n<figure class=\"wp-block-image size-large is-resized\"><img loading=\"lazy\" decoding=\"async\" width=\"888\" height=\"1024\" src=\"https:\/\/www.anovapeneira.gal\/wp-content\/uploads\/2023\/10\/xurxo_gregorio-888x1024.png\" alt=\"Xurxo Gregorio - Polit\u00f3logo\" class=\"wp-image-10673\" style=\"width:108px;height:auto\" srcset=\"https:\/\/www.anovapeneira.gal\/wp-content\/uploads\/2023\/10\/xurxo_gregorio-888x1024.png 888w, https:\/\/www.anovapeneira.gal\/wp-content\/uploads\/2023\/10\/xurxo_gregorio-260x300.png 260w, https:\/\/www.anovapeneira.gal\/wp-content\/uploads\/2023\/10\/xurxo_gregorio-768x886.png 768w, https:\/\/www.anovapeneira.gal\/wp-content\/uploads\/2023\/10\/xurxo_gregorio.png 906w\" sizes=\"auto, (max-width: 888px) 100vw, 888px\" \/><figcaption class=\"wp-element-caption\">Xurxo Gregorio &#8211; Polit\u00f3logo<\/figcaption><\/figure>\n\n\n\n<p>Este pasado Domingo saltaba a sorpresa, ou non tanto para alg\u00fans na Arxentina, un completo outsider, Javier Milei, ga\u00f1aba a presidencia do goberno cun discurso antisistema e contrario, supostamente, a todo o que se fixera ate o momento no pais austral. A realidade \u00e9 que a victoria d\u00e9bella adem\u00e1is do seu propio descaro e autoconfianza \u00e1s leas internas dentro da dereita arxentina, agrupada desde o 2005 baixo o paraugas das siglas Pro, Propuesta Republicana, e a unhas t\u00e1cticas de comunicaci\u00f3n pol\u00edtica xa usadas por Trump nos Estados Unidos, Bolsonaro no Brasil mais tam\u00e9n por Podemos en Espa\u00f1a e Syriza na Grecia. O denominado populismo pol\u00edtico que basea as s\u00faas mensaxes na creaci\u00f3n dunha dicotom\u00eda social onde o noso protagonista, neste cao Milei \u00e9 unha especie de mes\u00edas que resolver\u00e1 todos os problemas patrios frente a un inimigo com\u00fan, moi amplo xa que agrupa a todos os que non pensan coma \u00e9l, a denominada casta.<\/p>\n\n\n\n<p>Os inimigos do pa\u00eds, esta casta, son para o noso protagonista todos os defensores do estatismo, \u00e9 dicir, todos aqueles que apoian en maior ou menor medida a intervenci\u00f3n econ\u00f3mica e social do estado. Aparecen aqu\u00ed as primeiras contradicci\u00f3ns xa que moitos dos seus apoiantes, seguidores da dictadura de Jorge Videla ou mesmo de calquera tipo de ideolox\u00eda liberal ou conservadora apoian dunha ou outra maneira a intervenci\u00f3n do estado e s\u00faa participaci\u00f3n na vida tanto cultural, social como pol\u00edtica. A ideolox\u00eda que d\u00ed defender Milei o anarcocapitalisma \u00e9 unha versi\u00f3n moi radicalizada do concepto de liberdade econ\u00f3mica que pula polo libre xurdimento da cultura e a econom\u00eda e o que o distancia m\u00e1is dos par\u00e1metros da dereira cl\u00e1sica, o feito de que para os anarcocapitalistas o estado \u00e9 negativo e a democracia un m\u00e9todo que te\u00f1en alg\u00fans para roubar a riqueza que outros producen a trav\u00e9s dos impostos. Te\u00f3ricos desta variante da dereita libertaria consideran toda forma de estado unha forma de socialismo, destacamos o exemplo de Hans-Hermann Hoppe que distingue catro tipos de socialismo. Este autor alem\u00e1n da escola aust\u00edaca distingue entre socialismo sovi\u00e9tico, socialismo socialdem\u00f3crata, socialismo conservador e socialismo tecnocr\u00e1tico. Todo tipo de organizaci\u00f3n estatal que non este basada exclucivamente nos dereitos de propiedade \u00e9 socialismo, considerando m\u00e1is xustas e libres as monarqu\u00edas absolutistas, como as do golfo p\u00e9rsico, onde se reco\u00f1ezan os dereitos de propiedade dos cidadad\u00e1ns que libremente decidan vivir nese estado que as democracias estilo occidental.<\/p>\n\n\n\n<p>A victoria dunha persoaxe con tal bagaxe ideol\u00f3xica so podemos explicala co uso das novas tecnolox\u00edas e as denominadas t\u00e1cticas populistas de comunicaci\u00f3n pol\u00edtica, o igual que fixeran os seus amigos Trump e Bolsonaro presentarse coma algu\u00e9n de f\u00f3ra do sistema. Milei sempre atacou a unha clase pol\u00edtica &#8220;la casta&#8221; na que englobou incluso os seus actuais aliados de dereita sen os cales probablemente non tivese ga\u00f1ado. O uso de mensaxes curtas cun significante vac\u00edo, \u00e9 dicir, algo que soa ben, mais para o cal cada un de n\u00f3s ten o seu propio significado &#8220;libertad&#8221;, &#8220;progreso&#8221; e convertir a todos os dem\u00e1is nos inimigos desa libertad e crear pequenas frases ou lemas que se denominan &#8220;sound bites&#8221;, para que a xente se sinta identificada onde podemos atopar desder; &#8220;viva la libertad carajo&#8221; ou lemas convertidos en case canci\u00f3ns populares como &#8220;la casta tiene miedo&#8221;. A creaci\u00f3n desta dicotom\u00eda entre o libertador, Milei neste caso e os outros tam\u00e9n \u00e9 achacable sobre todo no hemisferio americado \u00e1 expansi\u00f3n da doutrina protestante moi individulaista e que defende a existencia de comunidades de persoas libres frente \u00e1 xerarquizada doutrina cat\u00f3lica, lembremos que Milei atocou directamente o Papa acusandoo incluso de comunista, lembremos que as congregaci\u00f3ns protestantes sempre acusaron o papado de querer monopolizar a F\u00e9 cristi\u00e1, tal como o estado para un libertario quere monopolizar o exercicio da violencia e controlar a econom\u00eda.<\/p>\n\n\n\n<p>Como un outsider cun ideolox\u00eda americana aderezada cunha \u00e9tica protestante chegou a presidente dun pa\u00eds maiormente cat\u00f3lico como a Arxentina, cunha porcentaxe de cat\u00f3licos declarados que supera o 60% e onde non existe, a penas chega o 9%, coma si existe por exemplo no Brasil, unha ampla comunidade evanx\u00e9lica que no xigante sudamericano supera xa o 30% da poboaci\u00f3n. A explicaci\u00f3n \u00e9 o sistema electoral presidencialista, onde se van eliminando candidatos e quedan sempre os dous menos malos as\u00ed como a guerra fraticida dentro da dereita. A mala xesti\u00f3n do goberno Peronista de Alberto Fern\u00e1ndez as\u00ed coma a indisimulable corrupci\u00f3n da sua ex-vicepresidente Cristina auguraba unha victoria cantada da dereira cl\u00e1sica o PRO antes nomeado nestas elecci\u00f3ns, onde todo auguraba a que Horacio Rodriguez Larreta, home de confianza do expresidente Macri tomase a presidencia do pa\u00eds nestas elecci\u00f3ns, m\u00e1is a loita fraticida provocou o desastre, o candidato favorito e declarado sucesor recibiu ataques de dentro do propio partido nomeadamente do sector de Patricia Bullrich, dos Kichneristas e do propio Milei, o resultado e que quedou eliminado nas elecci\u00f3n previas. A historia final xa \u00e9 co\u00f1ecida o representante da dereita acabou sendo alguen que se autodefine de f\u00f3ra do sistema, mais que ga\u00f1ou gracias o apoio dos propios Macri, Bullrich e Larreta que o apoiaron para evitar un novo goberno peronista. A dicotomizaci\u00f3n social propia dos sistemas presidencialistas deu cunha victoria do m\u00e1is fan\u00e1nico dun lado. Este tipo de sorpresas son m\u00e1is dificiles en sistemas par\u00f1amentarios coma os que maiormente existen en Europa, mais serve de aviso para as organizaci\u00f3ns que crean no estado e na democracia que as loitas fraticidas poden levar a resultados inesperados e \u00e1 victoria do que simplemente ten claro o que vende.<\/p>\n","protected":false},"excerpt":{"rendered":"<div class=\"mh-excerpt\"><p>Este pasado Domingo saltaba a sorpresa, ou non tanto para alg\u00fans na Arxentina, un completo outsider, Javier Milei, ga\u00f1aba a presidencia do goberno cun discurso antisistema e contrario, supostamente, a todo o que se fixera ate o momento no pais austral <a class=\"mh-excerpt-more\" href=\"https:\/\/www.anovapeneira.gal\/index.php\/2023\/12\/01\/milei-ou-o-triunfo-dos-sound-bites\/\" title=\"Milei ou o triunfo dos Sound Bites\">[&#8230;]<\/a><\/p>\n<\/div>","protected":false},"author":12,"featured_media":584,"comment_status":"open","ping_status":"open","sticky":false,"template":"","format":"standard","meta":{"_exactmetrics_skip_tracking":false,"_exactmetrics_sitenote_active":false,"_exactmetrics_sitenote_note":"","_exactmetrics_sitenote_category":0,"footnotes":""},"categories":[7],"tags":[1385,1384],"class_list":{"0":"post-10836","1":"post","2":"type-post","3":"status-publish","4":"format-standard","5":"has-post-thumbnail","7":"category-artigos-de-opinion","8":"tag-politologo","9":"tag-xurxo-gregorio"},"yoast_head":"<!-- This site is optimized with the Yoast SEO plugin v27.4 - https:\/\/yoast.com\/product\/yoast-seo-wordpress\/ -->\n<title>Milei ou o triunfo dos Sound Bites -<\/title>\n<meta name=\"description\" content=\"Este pasado Domingo saltaba a sorpresa, ou non tanto para alg\u00fans na Arxentina, un completo outsider, Javier Milei, ga\u00f1aba a presidencia do goberno cun discurso antisistema e contrario, supostamente, a todo o que se fixera ate o momento no pais austral\" \/>\n<meta name=\"robots\" content=\"index, follow, max-snippet:-1, max-image-preview:large, max-video-preview:-1\" \/>\n<link rel=\"canonical\" href=\"https:\/\/www.anovapeneira.gal\/index.php\/2023\/12\/01\/milei-ou-o-triunfo-dos-sound-bites\/\" \/>\n<meta property=\"og:locale\" content=\"gl_ES\" \/>\n<meta property=\"og:type\" content=\"article\" \/>\n<meta property=\"og:title\" content=\"Milei ou o triunfo dos Sound Bites -\" \/>\n<meta property=\"og:description\" content=\"Este pasado Domingo saltaba a sorpresa, ou non tanto para alg\u00fans na Arxentina, un completo outsider, Javier Milei, ga\u00f1aba a presidencia do goberno cun discurso antisistema e contrario, supostamente, a todo o que se fixera ate o momento no pais austral\" \/>\n<meta property=\"og:url\" content=\"https:\/\/www.anovapeneira.gal\/index.php\/2023\/12\/01\/milei-ou-o-triunfo-dos-sound-bites\/\" \/>\n<meta property=\"article:publisher\" content=\"https:\/\/www.facebook.com\/anovapeneira\" \/>\n<meta property=\"article:published_time\" content=\"2023-12-01T11:00:53+00:00\" \/>\n<meta property=\"og:image\" content=\"https:\/\/www.anovapeneira.gal\/wp-content\/uploads\/2019\/07\/ARTIGO_DE_OPINION_A_NOVA_PENEIRA.jpg\" \/>\n\t<meta property=\"og:image:width\" content=\"720\" \/>\n\t<meta property=\"og:image:height\" content=\"473\" \/>\n\t<meta property=\"og:image:type\" content=\"image\/jpeg\" \/>\n<meta name=\"author\" content=\"Artigos Opini\u00f3n\" \/>\n<meta name=\"twitter:card\" content=\"summary_large_image\" \/>\n<meta name=\"twitter:creator\" content=\"@APeneira\" \/>\n<meta name=\"twitter:site\" content=\"@APeneira\" \/>\n<meta name=\"twitter:label1\" content=\"Escrito por\" \/>\n\t<meta name=\"twitter:data1\" content=\"Artigos Opini\u00f3n\" \/>\n\t<meta name=\"twitter:label2\" content=\"Tempo de lectura\" \/>\n\t<meta name=\"twitter:data2\" content=\"6 minutos\" \/>\n<script type=\"application\/ld+json\" class=\"yoast-schema-graph\">{\"@context\":\"https:\\\/\\\/schema.org\",\"@graph\":[{\"@type\":\"Article\",\"@id\":\"https:\\\/\\\/www.anovapeneira.gal\\\/index.php\\\/2023\\\/12\\\/01\\\/milei-ou-o-triunfo-dos-sound-bites\\\/#article\",\"isPartOf\":{\"@id\":\"https:\\\/\\\/www.anovapeneira.gal\\\/index.php\\\/2023\\\/12\\\/01\\\/milei-ou-o-triunfo-dos-sound-bites\\\/\"},\"author\":{\"name\":\"Artigos Opini\u00f3n\",\"@id\":\"https:\\\/\\\/www.anovapeneira.gal\\\/#\\\/schema\\\/person\\\/f18a4feb302e8f20bcef4490b5b60bb3\"},\"headline\":\"Milei ou o triunfo dos Sound Bites\",\"datePublished\":\"2023-12-01T11:00:53+00:00\",\"mainEntityOfPage\":{\"@id\":\"https:\\\/\\\/www.anovapeneira.gal\\\/index.php\\\/2023\\\/12\\\/01\\\/milei-ou-o-triunfo-dos-sound-bites\\\/\"},\"wordCount\":999,\"commentCount\":0,\"publisher\":{\"@id\":\"https:\\\/\\\/www.anovapeneira.gal\\\/#organization\"},\"image\":{\"@id\":\"https:\\\/\\\/www.anovapeneira.gal\\\/index.php\\\/2023\\\/12\\\/01\\\/milei-ou-o-triunfo-dos-sound-bites\\\/#primaryimage\"},\"thumbnailUrl\":\"https:\\\/\\\/www.anovapeneira.gal\\\/wp-content\\\/uploads\\\/2019\\\/07\\\/ARTIGO_DE_OPINION_A_NOVA_PENEIRA.jpg\",\"keywords\":[\"polit\u00f3logo\",\"Xurxo Gregorio\"],\"articleSection\":[\"Artigos de opini\u00f3n\"],\"inLanguage\":\"gl-ES\",\"potentialAction\":[{\"@type\":\"CommentAction\",\"name\":\"Comment\",\"target\":[\"https:\\\/\\\/www.anovapeneira.gal\\\/index.php\\\/2023\\\/12\\\/01\\\/milei-ou-o-triunfo-dos-sound-bites\\\/#respond\"]}]},{\"@type\":\"WebPage\",\"@id\":\"https:\\\/\\\/www.anovapeneira.gal\\\/index.php\\\/2023\\\/12\\\/01\\\/milei-ou-o-triunfo-dos-sound-bites\\\/\",\"url\":\"https:\\\/\\\/www.anovapeneira.gal\\\/index.php\\\/2023\\\/12\\\/01\\\/milei-ou-o-triunfo-dos-sound-bites\\\/\",\"name\":\"Milei ou o triunfo dos Sound Bites -\",\"isPartOf\":{\"@id\":\"https:\\\/\\\/www.anovapeneira.gal\\\/#website\"},\"primaryImageOfPage\":{\"@id\":\"https:\\\/\\\/www.anovapeneira.gal\\\/index.php\\\/2023\\\/12\\\/01\\\/milei-ou-o-triunfo-dos-sound-bites\\\/#primaryimage\"},\"image\":{\"@id\":\"https:\\\/\\\/www.anovapeneira.gal\\\/index.php\\\/2023\\\/12\\\/01\\\/milei-ou-o-triunfo-dos-sound-bites\\\/#primaryimage\"},\"thumbnailUrl\":\"https:\\\/\\\/www.anovapeneira.gal\\\/wp-content\\\/uploads\\\/2019\\\/07\\\/ARTIGO_DE_OPINION_A_NOVA_PENEIRA.jpg\",\"datePublished\":\"2023-12-01T11:00:53+00:00\",\"description\":\"Este pasado Domingo saltaba a sorpresa, ou non tanto para alg\u00fans na Arxentina, un completo outsider, Javier Milei, ga\u00f1aba a presidencia do goberno cun discurso antisistema e contrario, supostamente, a todo o que se fixera ate o momento no pais austral\",\"breadcrumb\":{\"@id\":\"https:\\\/\\\/www.anovapeneira.gal\\\/index.php\\\/2023\\\/12\\\/01\\\/milei-ou-o-triunfo-dos-sound-bites\\\/#breadcrumb\"},\"inLanguage\":\"gl-ES\",\"potentialAction\":[{\"@type\":\"ReadAction\",\"target\":[\"https:\\\/\\\/www.anovapeneira.gal\\\/index.php\\\/2023\\\/12\\\/01\\\/milei-ou-o-triunfo-dos-sound-bites\\\/\"]}]},{\"@type\":\"ImageObject\",\"inLanguage\":\"gl-ES\",\"@id\":\"https:\\\/\\\/www.anovapeneira.gal\\\/index.php\\\/2023\\\/12\\\/01\\\/milei-ou-o-triunfo-dos-sound-bites\\\/#primaryimage\",\"url\":\"https:\\\/\\\/www.anovapeneira.gal\\\/wp-content\\\/uploads\\\/2019\\\/07\\\/ARTIGO_DE_OPINION_A_NOVA_PENEIRA.jpg\",\"contentUrl\":\"https:\\\/\\\/www.anovapeneira.gal\\\/wp-content\\\/uploads\\\/2019\\\/07\\\/ARTIGO_DE_OPINION_A_NOVA_PENEIRA.jpg\",\"width\":720,\"height\":473,\"caption\":\"Artigo de opini\u00f3n A Nova Peneira\"},{\"@type\":\"BreadcrumbList\",\"@id\":\"https:\\\/\\\/www.anovapeneira.gal\\\/index.php\\\/2023\\\/12\\\/01\\\/milei-ou-o-triunfo-dos-sound-bites\\\/#breadcrumb\",\"itemListElement\":[{\"@type\":\"ListItem\",\"position\":1,\"name\":\"Portada\",\"item\":\"https:\\\/\\\/www.anovapeneira.gal\\\/\"},{\"@type\":\"ListItem\",\"position\":2,\"name\":\"Milei ou o triunfo dos Sound Bites\"}]},{\"@type\":\"WebSite\",\"@id\":\"https:\\\/\\\/www.anovapeneira.gal\\\/#website\",\"url\":\"https:\\\/\\\/www.anovapeneira.gal\\\/\",\"name\":\"\",\"description\":\"Xornal galego de informaci\u00f3n xeral Publicaci\u00f3n mensual de novas de Galicia e en especial dos Concellos da sur da provincia de Pontevedra.\",\"publisher\":{\"@id\":\"https:\\\/\\\/www.anovapeneira.gal\\\/#organization\"},\"potentialAction\":[{\"@type\":\"SearchAction\",\"target\":{\"@type\":\"EntryPoint\",\"urlTemplate\":\"https:\\\/\\\/www.anovapeneira.gal\\\/?s={search_term_string}\"},\"query-input\":{\"@type\":\"PropertyValueSpecification\",\"valueRequired\":true,\"valueName\":\"search_term_string\"}}],\"inLanguage\":\"gl-ES\"},{\"@type\":\"Organization\",\"@id\":\"https:\\\/\\\/www.anovapeneira.gal\\\/#organization\",\"name\":\"A Nova Peneira\",\"url\":\"https:\\\/\\\/www.anovapeneira.gal\\\/\",\"logo\":{\"@type\":\"ImageObject\",\"inLanguage\":\"gl-ES\",\"@id\":\"https:\\\/\\\/www.anovapeneira.gal\\\/#\\\/schema\\\/logo\\\/image\\\/\",\"url\":\"http:\\\/\\\/www.anovapeneira.gal\\\/wp-content\\\/uploads\\\/2019\\\/06\\\/logo_a_nova_peneira_portal_web.png\",\"contentUrl\":\"http:\\\/\\\/www.anovapeneira.gal\\\/wp-content\\\/uploads\\\/2019\\\/06\\\/logo_a_nova_peneira_portal_web.png\",\"width\":300,\"height\":100,\"caption\":\"A Nova Peneira\"},\"image\":{\"@id\":\"https:\\\/\\\/www.anovapeneira.gal\\\/#\\\/schema\\\/logo\\\/image\\\/\"},\"sameAs\":[\"https:\\\/\\\/www.facebook.com\\\/anovapeneira\",\"https:\\\/\\\/x.com\\\/APeneira\"]},{\"@type\":\"Person\",\"@id\":\"https:\\\/\\\/www.anovapeneira.gal\\\/#\\\/schema\\\/person\\\/f18a4feb302e8f20bcef4490b5b60bb3\",\"name\":\"Artigos Opini\u00f3n\",\"image\":{\"@type\":\"ImageObject\",\"inLanguage\":\"gl-ES\",\"@id\":\"https:\\\/\\\/secure.gravatar.com\\\/avatar\\\/072844300f4881150aee2da4278f7a65d16eefdf8262eb67085f1e702de2b959?s=96&d=mm&r=g\",\"url\":\"https:\\\/\\\/secure.gravatar.com\\\/avatar\\\/072844300f4881150aee2da4278f7a65d16eefdf8262eb67085f1e702de2b959?s=96&d=mm&r=g\",\"contentUrl\":\"https:\\\/\\\/secure.gravatar.com\\\/avatar\\\/072844300f4881150aee2da4278f7a65d16eefdf8262eb67085f1e702de2b959?s=96&d=mm&r=g\",\"caption\":\"Artigos Opini\u00f3n\"},\"sameAs\":[\"http:\\\/\\\/anovapeneira.gal\"],\"url\":\"https:\\\/\\\/www.anovapeneira.gal\\\/index.php\\\/author\\\/artigosopinion\\\/\"}]}<\/script>\n<!-- \/ Yoast SEO plugin. -->","yoast_head_json":{"title":"Milei ou o triunfo dos Sound Bites -","description":"Este pasado Domingo saltaba a sorpresa, ou non tanto para alg\u00fans na Arxentina, un completo outsider, Javier Milei, ga\u00f1aba a presidencia do goberno cun discurso antisistema e contrario, supostamente, a todo o que se fixera ate o momento no pais austral","robots":{"index":"index","follow":"follow","max-snippet":"max-snippet:-1","max-image-preview":"max-image-preview:large","max-video-preview":"max-video-preview:-1"},"canonical":"https:\/\/www.anovapeneira.gal\/index.php\/2023\/12\/01\/milei-ou-o-triunfo-dos-sound-bites\/","og_locale":"gl_ES","og_type":"article","og_title":"Milei ou o triunfo dos Sound Bites -","og_description":"Este pasado Domingo saltaba a sorpresa, ou non tanto para alg\u00fans na Arxentina, un completo outsider, Javier Milei, ga\u00f1aba a presidencia do goberno cun discurso antisistema e contrario, supostamente, a todo o que se fixera ate o momento no pais austral","og_url":"https:\/\/www.anovapeneira.gal\/index.php\/2023\/12\/01\/milei-ou-o-triunfo-dos-sound-bites\/","article_publisher":"https:\/\/www.facebook.com\/anovapeneira","article_published_time":"2023-12-01T11:00:53+00:00","og_image":[{"width":720,"height":473,"url":"https:\/\/www.anovapeneira.gal\/wp-content\/uploads\/2019\/07\/ARTIGO_DE_OPINION_A_NOVA_PENEIRA.jpg","type":"image\/jpeg"}],"author":"Artigos Opini\u00f3n","twitter_card":"summary_large_image","twitter_creator":"@APeneira","twitter_site":"@APeneira","twitter_misc":{"Escrito por":"Artigos Opini\u00f3n","Tempo de lectura":"6 minutos"},"schema":{"@context":"https:\/\/schema.org","@graph":[{"@type":"Article","@id":"https:\/\/www.anovapeneira.gal\/index.php\/2023\/12\/01\/milei-ou-o-triunfo-dos-sound-bites\/#article","isPartOf":{"@id":"https:\/\/www.anovapeneira.gal\/index.php\/2023\/12\/01\/milei-ou-o-triunfo-dos-sound-bites\/"},"author":{"name":"Artigos Opini\u00f3n","@id":"https:\/\/www.anovapeneira.gal\/#\/schema\/person\/f18a4feb302e8f20bcef4490b5b60bb3"},"headline":"Milei ou o triunfo dos Sound Bites","datePublished":"2023-12-01T11:00:53+00:00","mainEntityOfPage":{"@id":"https:\/\/www.anovapeneira.gal\/index.php\/2023\/12\/01\/milei-ou-o-triunfo-dos-sound-bites\/"},"wordCount":999,"commentCount":0,"publisher":{"@id":"https:\/\/www.anovapeneira.gal\/#organization"},"image":{"@id":"https:\/\/www.anovapeneira.gal\/index.php\/2023\/12\/01\/milei-ou-o-triunfo-dos-sound-bites\/#primaryimage"},"thumbnailUrl":"https:\/\/www.anovapeneira.gal\/wp-content\/uploads\/2019\/07\/ARTIGO_DE_OPINION_A_NOVA_PENEIRA.jpg","keywords":["polit\u00f3logo","Xurxo Gregorio"],"articleSection":["Artigos de opini\u00f3n"],"inLanguage":"gl-ES","potentialAction":[{"@type":"CommentAction","name":"Comment","target":["https:\/\/www.anovapeneira.gal\/index.php\/2023\/12\/01\/milei-ou-o-triunfo-dos-sound-bites\/#respond"]}]},{"@type":"WebPage","@id":"https:\/\/www.anovapeneira.gal\/index.php\/2023\/12\/01\/milei-ou-o-triunfo-dos-sound-bites\/","url":"https:\/\/www.anovapeneira.gal\/index.php\/2023\/12\/01\/milei-ou-o-triunfo-dos-sound-bites\/","name":"Milei ou o triunfo dos Sound Bites -","isPartOf":{"@id":"https:\/\/www.anovapeneira.gal\/#website"},"primaryImageOfPage":{"@id":"https:\/\/www.anovapeneira.gal\/index.php\/2023\/12\/01\/milei-ou-o-triunfo-dos-sound-bites\/#primaryimage"},"image":{"@id":"https:\/\/www.anovapeneira.gal\/index.php\/2023\/12\/01\/milei-ou-o-triunfo-dos-sound-bites\/#primaryimage"},"thumbnailUrl":"https:\/\/www.anovapeneira.gal\/wp-content\/uploads\/2019\/07\/ARTIGO_DE_OPINION_A_NOVA_PENEIRA.jpg","datePublished":"2023-12-01T11:00:53+00:00","description":"Este pasado Domingo saltaba a sorpresa, ou non tanto para alg\u00fans na Arxentina, un completo outsider, Javier Milei, ga\u00f1aba a presidencia do goberno cun discurso antisistema e contrario, supostamente, a todo o que se fixera ate o momento no pais austral","breadcrumb":{"@id":"https:\/\/www.anovapeneira.gal\/index.php\/2023\/12\/01\/milei-ou-o-triunfo-dos-sound-bites\/#breadcrumb"},"inLanguage":"gl-ES","potentialAction":[{"@type":"ReadAction","target":["https:\/\/www.anovapeneira.gal\/index.php\/2023\/12\/01\/milei-ou-o-triunfo-dos-sound-bites\/"]}]},{"@type":"ImageObject","inLanguage":"gl-ES","@id":"https:\/\/www.anovapeneira.gal\/index.php\/2023\/12\/01\/milei-ou-o-triunfo-dos-sound-bites\/#primaryimage","url":"https:\/\/www.anovapeneira.gal\/wp-content\/uploads\/2019\/07\/ARTIGO_DE_OPINION_A_NOVA_PENEIRA.jpg","contentUrl":"https:\/\/www.anovapeneira.gal\/wp-content\/uploads\/2019\/07\/ARTIGO_DE_OPINION_A_NOVA_PENEIRA.jpg","width":720,"height":473,"caption":"Artigo de opini\u00f3n A Nova Peneira"},{"@type":"BreadcrumbList","@id":"https:\/\/www.anovapeneira.gal\/index.php\/2023\/12\/01\/milei-ou-o-triunfo-dos-sound-bites\/#breadcrumb","itemListElement":[{"@type":"ListItem","position":1,"name":"Portada","item":"https:\/\/www.anovapeneira.gal\/"},{"@type":"ListItem","position":2,"name":"Milei ou o triunfo dos Sound Bites"}]},{"@type":"WebSite","@id":"https:\/\/www.anovapeneira.gal\/#website","url":"https:\/\/www.anovapeneira.gal\/","name":"","description":"Xornal galego de informaci\u00f3n xeral Publicaci\u00f3n mensual de novas de Galicia e en especial dos Concellos da sur da provincia de Pontevedra.","publisher":{"@id":"https:\/\/www.anovapeneira.gal\/#organization"},"potentialAction":[{"@type":"SearchAction","target":{"@type":"EntryPoint","urlTemplate":"https:\/\/www.anovapeneira.gal\/?s={search_term_string}"},"query-input":{"@type":"PropertyValueSpecification","valueRequired":true,"valueName":"search_term_string"}}],"inLanguage":"gl-ES"},{"@type":"Organization","@id":"https:\/\/www.anovapeneira.gal\/#organization","name":"A Nova Peneira","url":"https:\/\/www.anovapeneira.gal\/","logo":{"@type":"ImageObject","inLanguage":"gl-ES","@id":"https:\/\/www.anovapeneira.gal\/#\/schema\/logo\/image\/","url":"http:\/\/www.anovapeneira.gal\/wp-content\/uploads\/2019\/06\/logo_a_nova_peneira_portal_web.png","contentUrl":"http:\/\/www.anovapeneira.gal\/wp-content\/uploads\/2019\/06\/logo_a_nova_peneira_portal_web.png","width":300,"height":100,"caption":"A Nova Peneira"},"image":{"@id":"https:\/\/www.anovapeneira.gal\/#\/schema\/logo\/image\/"},"sameAs":["https:\/\/www.facebook.com\/anovapeneira","https:\/\/x.com\/APeneira"]},{"@type":"Person","@id":"https:\/\/www.anovapeneira.gal\/#\/schema\/person\/f18a4feb302e8f20bcef4490b5b60bb3","name":"Artigos Opini\u00f3n","image":{"@type":"ImageObject","inLanguage":"gl-ES","@id":"https:\/\/secure.gravatar.com\/avatar\/072844300f4881150aee2da4278f7a65d16eefdf8262eb67085f1e702de2b959?s=96&d=mm&r=g","url":"https:\/\/secure.gravatar.com\/avatar\/072844300f4881150aee2da4278f7a65d16eefdf8262eb67085f1e702de2b959?s=96&d=mm&r=g","contentUrl":"https:\/\/secure.gravatar.com\/avatar\/072844300f4881150aee2da4278f7a65d16eefdf8262eb67085f1e702de2b959?s=96&d=mm&r=g","caption":"Artigos Opini\u00f3n"},"sameAs":["http:\/\/anovapeneira.gal"],"url":"https:\/\/www.anovapeneira.gal\/index.php\/author\/artigosopinion\/"}]}},"jetpack_featured_media_url":"https:\/\/www.anovapeneira.gal\/wp-content\/uploads\/2019\/07\/ARTIGO_DE_OPINION_A_NOVA_PENEIRA.jpg","_links":{"self":[{"href":"https:\/\/www.anovapeneira.gal\/index.php\/wp-json\/wp\/v2\/posts\/10836","targetHints":{"allow":["GET"]}}],"collection":[{"href":"https:\/\/www.anovapeneira.gal\/index.php\/wp-json\/wp\/v2\/posts"}],"about":[{"href":"https:\/\/www.anovapeneira.gal\/index.php\/wp-json\/wp\/v2\/types\/post"}],"author":[{"embeddable":true,"href":"https:\/\/www.anovapeneira.gal\/index.php\/wp-json\/wp\/v2\/users\/12"}],"replies":[{"embeddable":true,"href":"https:\/\/www.anovapeneira.gal\/index.php\/wp-json\/wp\/v2\/comments?post=10836"}],"version-history":[{"count":1,"href":"https:\/\/www.anovapeneira.gal\/index.php\/wp-json\/wp\/v2\/posts\/10836\/revisions"}],"predecessor-version":[{"id":10837,"href":"https:\/\/www.anovapeneira.gal\/index.php\/wp-json\/wp\/v2\/posts\/10836\/revisions\/10837"}],"wp:featuredmedia":[{"embeddable":true,"href":"https:\/\/www.anovapeneira.gal\/index.php\/wp-json\/wp\/v2\/media\/584"}],"wp:attachment":[{"href":"https:\/\/www.anovapeneira.gal\/index.php\/wp-json\/wp\/v2\/media?parent=10836"}],"wp:term":[{"taxonomy":"category","embeddable":true,"href":"https:\/\/www.anovapeneira.gal\/index.php\/wp-json\/wp\/v2\/categories?post=10836"},{"taxonomy":"post_tag","embeddable":true,"href":"https:\/\/www.anovapeneira.gal\/index.php\/wp-json\/wp\/v2\/tags?post=10836"}],"curies":[{"name":"wp","href":"https:\/\/api.w.org\/{rel}","templated":true}]}}