{"id":10838,"date":"2023-12-04T10:00:36","date_gmt":"2023-12-04T09:00:36","guid":{"rendered":"https:\/\/www.anovapeneira.gal\/?p=10838"},"modified":"2023-11-27T09:26:08","modified_gmt":"2023-11-27T08:26:08","slug":"ponton-estou-preparada-para-ser-a-presidenta-do-cambio-que-precisa-galiza","status":"publish","type":"post","link":"https:\/\/www.anovapeneira.gal\/index.php\/2023\/12\/04\/ponton-estou-preparada-para-ser-a-presidenta-do-cambio-que-precisa-galiza\/","title":{"rendered":"Pont\u00f3n: \u201cEstou preparada para ser a presidenta do cambio que precisa Galiza\u201d"},"content":{"rendered":"\n<h2 class=\"wp-block-heading\">O Consello Nacional proclama \u00e1 portavoz nacional candidata \u00e1 Presidencia tras obter o apoio da 99,18% da militancia nas asembleas<\/h2>\n\n\n\n<h3 class=\"wp-block-heading\">\u201cImos a por todas para abrir un tempo novo desde o orgullo, a esperanza e a confianza para constru\u00edr unha Galiza en grande\u201d, subli\u00f1a a candidata<\/h3>\n\n\n\n<h3 class=\"wp-block-heading\">Destaca que o Bloque \u00e9 a \u201calternativa real ao PP\u201d para darlle a este Pa\u00eds o mellor goberno da s\u00faa historia coas mans libres e sen ataduras a Madri<\/h3>\n\n\n\n<p><strong>Santiago de Compostela, 25 novembro 2023<\/strong><\/p>\n\n\n\n<p>O Consello Nacional do BNG, m\u00e1ximo \u00f3rgano de direcci\u00f3n entre asembleas, proclamou a Ana Pont\u00f3n candidata \u00e1 Presidencia da Xunta, nunha votaci\u00f3n por unanimidade que ven precedida polo apoio do 99,18% da militancia desde as comarcas, un apoio \u201cdesbordante\u201d que agradeceu emocionada, a l\u00edder do Bloque.<\/p>\n\n\n\n<p>\u201cQuero dicirvos que te\u00f1o m\u00e1is ilusi\u00f3n e que me sinto m\u00e1is preparada que nunca para afrontar o reto de darlle a este Pa\u00eds por primeira vez unha Presidenta coas mans libres, un reto que acepto porque \u00e9 un traballo en equipo e eu te\u00f1o a sorte de representar BNG, o mellor equipo, o que ten a Galiza na cabeza e no coraz\u00f3n, que est\u00e1 no seu mellor momento e preparado para darlle un futuro mellor \u00e1 xente deste Pa\u00eds\u201d, proclamou.<\/p>\n\n\n\n<p>A candidata \u00e1 Presidencia destacou que o BNG vai a por todas, desde a certeza de que a maior\u00eda social que quere cambio ten na formaci\u00f3n nacionalista o seu referente. \u201cImos a por todas para abrir un tempo novo desde o orgullo, desde a esperanza e desde a confianza para constru\u00edr unha Galiza en grande, porque o BNG \u00e9 o cambio galego para ga\u00f1ar un Pa\u00eds mellor\u201d, subli\u00f1ou, a alternativa de futuro fronte a un PP que vive o seu \u201cep\u00edlogo\u201d e que representa o pasado.<\/p>\n\n\n\n<p>\u201cO obxectivo \u00e9 po\u00f1er en marcha o mellor goberno galego de todos os tempos, preparado para liderar o Pa\u00eds desde o primeiro minuto, cun proxecto solvente, claro e ao servizo da maior\u00eda. Non imos perseguir imposibles, nin prometer o que non poidamos cumprir, pero imos facer todo o que estea na nosa man e m\u00e1is para constru\u00edr a mellor Galiza, para transformar este pa\u00eds. O BNG est\u00e1 preparado e eu s\u00edntome preparada para ser a Presidenta do cambio que precisa Galiza\u201d, proclamou.<\/p>\n\n\n\n<p>\u00c9 o momento de dicir \u201cbasta\u201d a catorce anos de gobernos do PP \u201cao servizo\u201d do lobby el\u00e9ctrico, da banca, das empresas amigas do Partido Popular; a catorce anos dun goberno que pon o lucro privado por riba do interese p\u00fablico, na sanidade, na educaci\u00f3n, na atenci\u00f3n \u00e1s persoas maiores, no territorio, sinalou a candidata.<\/p>\n\n\n\n<p>\u201cComprom\u00e9tome a ser a presidenta dun goberno que s\u00f3 te\u00f1a unha prioridade: defender os intereses do Pa\u00eds, coidar da xente, coidar do territorio e facer avanzar Galiza\u201d, destacou, en contraposici\u00f3n a un Executivo do PP que leva catorce anos \u201ctriturando o presente e o futuro e que deixa unha Galiza m\u00e1is d\u00e9bil\u201d.<\/p>\n","protected":false},"excerpt":{"rendered":"<div class=\"mh-excerpt\"><p>O Consello Nacional proclama \u00e1 portavoz nacional candidata \u00e1 Presidencia tras obter o apoio da 99,18% da militancia nas asembleas <a class=\"mh-excerpt-more\" href=\"https:\/\/www.anovapeneira.gal\/index.php\/2023\/12\/04\/ponton-estou-preparada-para-ser-a-presidenta-do-cambio-que-precisa-galiza\/\" title=\"Pont\u00f3n: \u201cEstou preparada para ser a presidenta do cambio que precisa Galiza\u201d\">[&#8230;]<\/a><\/p>\n<\/div>","protected":false},"author":3,"featured_media":10840,"comment_status":"open","ping_status":"open","sticky":false,"template":"","format":"standard","meta":{"_exactmetrics_skip_tracking":false,"_exactmetrics_sitenote_active":false,"_exactmetrics_sitenote_note":"","_exactmetrics_sitenote_category":0,"footnotes":""},"categories":[263],"tags":[281,10],"class_list":{"0":"post-10838","1":"post","2":"type-post","3":"status-publish","4":"format-standard","5":"has-post-thumbnail","7":"category-novas","8":"tag-ana-ponton","9":"tag-bng"},"yoast_head":"<!-- This site is optimized with the Yoast SEO plugin v27.4 - https:\/\/yoast.com\/product\/yoast-seo-wordpress\/ -->\n<title>Pont\u00f3n: \u201cEstou preparada para ser a presidenta do cambio que precisa Galiza\u201d -<\/title>\n<meta name=\"description\" content=\"O Consello Nacional proclama \u00e1 portavoz nacional candidata \u00e1 Presidencia tras obter o apoio da 99,18% da militancia nas asembleas\" \/>\n<meta name=\"robots\" content=\"index, follow, max-snippet:-1, max-image-preview:large, max-video-preview:-1\" \/>\n<link rel=\"canonical\" href=\"https:\/\/www.anovapeneira.gal\/index.php\/2023\/12\/04\/ponton-estou-preparada-para-ser-a-presidenta-do-cambio-que-precisa-galiza\/\" \/>\n<meta property=\"og:locale\" content=\"gl_ES\" \/>\n<meta property=\"og:type\" content=\"article\" \/>\n<meta property=\"og:title\" content=\"Pont\u00f3n: \u201cEstou preparada para ser a presidenta do cambio que precisa Galiza\u201d -\" \/>\n<meta property=\"og:description\" content=\"O Consello Nacional proclama \u00e1 portavoz nacional candidata \u00e1 Presidencia tras obter o apoio da 99,18% da militancia nas asembleas\" \/>\n<meta property=\"og:url\" content=\"https:\/\/www.anovapeneira.gal\/index.php\/2023\/12\/04\/ponton-estou-preparada-para-ser-a-presidenta-do-cambio-que-precisa-galiza\/\" \/>\n<meta property=\"article:publisher\" content=\"https:\/\/www.facebook.com\/anovapeneira\" \/>\n<meta property=\"article:published_time\" content=\"2023-12-04T09:00:36+00:00\" \/>\n<meta property=\"og:image\" content=\"https:\/\/www.anovapeneira.gal\/wp-content\/uploads\/2023\/11\/ana_ponton_bng.png\" \/>\n\t<meta property=\"og:image:width\" content=\"720\" \/>\n\t<meta property=\"og:image:height\" content=\"432\" \/>\n\t<meta property=\"og:image:type\" content=\"image\/png\" \/>\n<meta name=\"author\" content=\"Redacci\u00f3n A Nova Peneira\" \/>\n<meta name=\"twitter:card\" content=\"summary_large_image\" \/>\n<meta name=\"twitter:creator\" content=\"@APeneira\" \/>\n<meta name=\"twitter:site\" content=\"@APeneira\" \/>\n<meta name=\"twitter:label1\" content=\"Escrito por\" \/>\n\t<meta name=\"twitter:data1\" content=\"Redacci\u00f3n A Nova Peneira\" \/>\n\t<meta name=\"twitter:label2\" content=\"Tempo de lectura\" \/>\n\t<meta name=\"twitter:data2\" content=\"3 minutos\" \/>\n<script type=\"application\/ld+json\" class=\"yoast-schema-graph\">{\"@context\":\"https:\\\/\\\/schema.org\",\"@graph\":[{\"@type\":\"Article\",\"@id\":\"https:\\\/\\\/www.anovapeneira.gal\\\/index.php\\\/2023\\\/12\\\/04\\\/ponton-estou-preparada-para-ser-a-presidenta-do-cambio-que-precisa-galiza\\\/#article\",\"isPartOf\":{\"@id\":\"https:\\\/\\\/www.anovapeneira.gal\\\/index.php\\\/2023\\\/12\\\/04\\\/ponton-estou-preparada-para-ser-a-presidenta-do-cambio-que-precisa-galiza\\\/\"},\"author\":{\"name\":\"Redacci\u00f3n A Nova Peneira\",\"@id\":\"https:\\\/\\\/www.anovapeneira.gal\\\/#\\\/schema\\\/person\\\/b93e3f8932e3f8da96334607eb6ac6aa\"},\"headline\":\"Pont\u00f3n: \u201cEstou preparada para ser a presidenta do cambio que precisa Galiza\u201d\",\"datePublished\":\"2023-12-04T09:00:36+00:00\",\"mainEntityOfPage\":{\"@id\":\"https:\\\/\\\/www.anovapeneira.gal\\\/index.php\\\/2023\\\/12\\\/04\\\/ponton-estou-preparada-para-ser-a-presidenta-do-cambio-que-precisa-galiza\\\/\"},\"wordCount\":522,\"commentCount\":0,\"publisher\":{\"@id\":\"https:\\\/\\\/www.anovapeneira.gal\\\/#organization\"},\"image\":{\"@id\":\"https:\\\/\\\/www.anovapeneira.gal\\\/index.php\\\/2023\\\/12\\\/04\\\/ponton-estou-preparada-para-ser-a-presidenta-do-cambio-que-precisa-galiza\\\/#primaryimage\"},\"thumbnailUrl\":\"https:\\\/\\\/www.anovapeneira.gal\\\/wp-content\\\/uploads\\\/2023\\\/11\\\/ana_ponton_bng.png\",\"keywords\":[\"Ana Pont\u00f3n\",\"BNG\"],\"articleSection\":[\"Novas\"],\"inLanguage\":\"gl-ES\",\"potentialAction\":[{\"@type\":\"CommentAction\",\"name\":\"Comment\",\"target\":[\"https:\\\/\\\/www.anovapeneira.gal\\\/index.php\\\/2023\\\/12\\\/04\\\/ponton-estou-preparada-para-ser-a-presidenta-do-cambio-que-precisa-galiza\\\/#respond\"]}]},{\"@type\":\"WebPage\",\"@id\":\"https:\\\/\\\/www.anovapeneira.gal\\\/index.php\\\/2023\\\/12\\\/04\\\/ponton-estou-preparada-para-ser-a-presidenta-do-cambio-que-precisa-galiza\\\/\",\"url\":\"https:\\\/\\\/www.anovapeneira.gal\\\/index.php\\\/2023\\\/12\\\/04\\\/ponton-estou-preparada-para-ser-a-presidenta-do-cambio-que-precisa-galiza\\\/\",\"name\":\"Pont\u00f3n: \u201cEstou preparada para ser a presidenta do cambio que precisa Galiza\u201d -\",\"isPartOf\":{\"@id\":\"https:\\\/\\\/www.anovapeneira.gal\\\/#website\"},\"primaryImageOfPage\":{\"@id\":\"https:\\\/\\\/www.anovapeneira.gal\\\/index.php\\\/2023\\\/12\\\/04\\\/ponton-estou-preparada-para-ser-a-presidenta-do-cambio-que-precisa-galiza\\\/#primaryimage\"},\"image\":{\"@id\":\"https:\\\/\\\/www.anovapeneira.gal\\\/index.php\\\/2023\\\/12\\\/04\\\/ponton-estou-preparada-para-ser-a-presidenta-do-cambio-que-precisa-galiza\\\/#primaryimage\"},\"thumbnailUrl\":\"https:\\\/\\\/www.anovapeneira.gal\\\/wp-content\\\/uploads\\\/2023\\\/11\\\/ana_ponton_bng.png\",\"datePublished\":\"2023-12-04T09:00:36+00:00\",\"description\":\"O Consello Nacional proclama \u00e1 portavoz nacional candidata \u00e1 Presidencia tras obter o apoio da 99,18% da militancia nas asembleas\",\"breadcrumb\":{\"@id\":\"https:\\\/\\\/www.anovapeneira.gal\\\/index.php\\\/2023\\\/12\\\/04\\\/ponton-estou-preparada-para-ser-a-presidenta-do-cambio-que-precisa-galiza\\\/#breadcrumb\"},\"inLanguage\":\"gl-ES\",\"potentialAction\":[{\"@type\":\"ReadAction\",\"target\":[\"https:\\\/\\\/www.anovapeneira.gal\\\/index.php\\\/2023\\\/12\\\/04\\\/ponton-estou-preparada-para-ser-a-presidenta-do-cambio-que-precisa-galiza\\\/\"]}]},{\"@type\":\"ImageObject\",\"inLanguage\":\"gl-ES\",\"@id\":\"https:\\\/\\\/www.anovapeneira.gal\\\/index.php\\\/2023\\\/12\\\/04\\\/ponton-estou-preparada-para-ser-a-presidenta-do-cambio-que-precisa-galiza\\\/#primaryimage\",\"url\":\"https:\\\/\\\/www.anovapeneira.gal\\\/wp-content\\\/uploads\\\/2023\\\/11\\\/ana_ponton_bng.png\",\"contentUrl\":\"https:\\\/\\\/www.anovapeneira.gal\\\/wp-content\\\/uploads\\\/2023\\\/11\\\/ana_ponton_bng.png\",\"width\":720,\"height\":432,\"caption\":\"Ana Pont\u00f3n BNG\"},{\"@type\":\"BreadcrumbList\",\"@id\":\"https:\\\/\\\/www.anovapeneira.gal\\\/index.php\\\/2023\\\/12\\\/04\\\/ponton-estou-preparada-para-ser-a-presidenta-do-cambio-que-precisa-galiza\\\/#breadcrumb\",\"itemListElement\":[{\"@type\":\"ListItem\",\"position\":1,\"name\":\"Portada\",\"item\":\"https:\\\/\\\/www.anovapeneira.gal\\\/\"},{\"@type\":\"ListItem\",\"position\":2,\"name\":\"Pont\u00f3n: \u201cEstou preparada para ser a presidenta do cambio que precisa Galiza\u201d\"}]},{\"@type\":\"WebSite\",\"@id\":\"https:\\\/\\\/www.anovapeneira.gal\\\/#website\",\"url\":\"https:\\\/\\\/www.anovapeneira.gal\\\/\",\"name\":\"\",\"description\":\"Xornal galego de informaci\u00f3n xeral Publicaci\u00f3n mensual de novas de Galicia e en especial dos Concellos da sur da provincia de Pontevedra.\",\"publisher\":{\"@id\":\"https:\\\/\\\/www.anovapeneira.gal\\\/#organization\"},\"potentialAction\":[{\"@type\":\"SearchAction\",\"target\":{\"@type\":\"EntryPoint\",\"urlTemplate\":\"https:\\\/\\\/www.anovapeneira.gal\\\/?s={search_term_string}\"},\"query-input\":{\"@type\":\"PropertyValueSpecification\",\"valueRequired\":true,\"valueName\":\"search_term_string\"}}],\"inLanguage\":\"gl-ES\"},{\"@type\":\"Organization\",\"@id\":\"https:\\\/\\\/www.anovapeneira.gal\\\/#organization\",\"name\":\"A Nova Peneira\",\"url\":\"https:\\\/\\\/www.anovapeneira.gal\\\/\",\"logo\":{\"@type\":\"ImageObject\",\"inLanguage\":\"gl-ES\",\"@id\":\"https:\\\/\\\/www.anovapeneira.gal\\\/#\\\/schema\\\/logo\\\/image\\\/\",\"url\":\"http:\\\/\\\/www.anovapeneira.gal\\\/wp-content\\\/uploads\\\/2019\\\/06\\\/logo_a_nova_peneira_portal_web.png\",\"contentUrl\":\"http:\\\/\\\/www.anovapeneira.gal\\\/wp-content\\\/uploads\\\/2019\\\/06\\\/logo_a_nova_peneira_portal_web.png\",\"width\":300,\"height\":100,\"caption\":\"A Nova Peneira\"},\"image\":{\"@id\":\"https:\\\/\\\/www.anovapeneira.gal\\\/#\\\/schema\\\/logo\\\/image\\\/\"},\"sameAs\":[\"https:\\\/\\\/www.facebook.com\\\/anovapeneira\",\"https:\\\/\\\/x.com\\\/APeneira\"]},{\"@type\":\"Person\",\"@id\":\"https:\\\/\\\/www.anovapeneira.gal\\\/#\\\/schema\\\/person\\\/b93e3f8932e3f8da96334607eb6ac6aa\",\"name\":\"Redacci\u00f3n A Nova Peneira\",\"image\":{\"@type\":\"ImageObject\",\"inLanguage\":\"gl-ES\",\"@id\":\"https:\\\/\\\/secure.gravatar.com\\\/avatar\\\/c052a2551a06e23fac63626232eaa90abd78dbcf1700fc46a2b2c89fd27b735f?s=96&d=mm&r=g\",\"url\":\"https:\\\/\\\/secure.gravatar.com\\\/avatar\\\/c052a2551a06e23fac63626232eaa90abd78dbcf1700fc46a2b2c89fd27b735f?s=96&d=mm&r=g\",\"contentUrl\":\"https:\\\/\\\/secure.gravatar.com\\\/avatar\\\/c052a2551a06e23fac63626232eaa90abd78dbcf1700fc46a2b2c89fd27b735f?s=96&d=mm&r=g\",\"caption\":\"Redacci\u00f3n A Nova Peneira\"},\"sameAs\":[\"http:\\\/\\\/www.anovapeneira.gal\\\/\"],\"url\":\"https:\\\/\\\/www.anovapeneira.gal\\\/index.php\\\/author\\\/redactor\\\/\"}]}<\/script>\n<!-- \/ Yoast SEO plugin. -->","yoast_head_json":{"title":"Pont\u00f3n: \u201cEstou preparada para ser a presidenta do cambio que precisa Galiza\u201d -","description":"O Consello Nacional proclama \u00e1 portavoz nacional candidata \u00e1 Presidencia tras obter o apoio da 99,18% da militancia nas asembleas","robots":{"index":"index","follow":"follow","max-snippet":"max-snippet:-1","max-image-preview":"max-image-preview:large","max-video-preview":"max-video-preview:-1"},"canonical":"https:\/\/www.anovapeneira.gal\/index.php\/2023\/12\/04\/ponton-estou-preparada-para-ser-a-presidenta-do-cambio-que-precisa-galiza\/","og_locale":"gl_ES","og_type":"article","og_title":"Pont\u00f3n: \u201cEstou preparada para ser a presidenta do cambio que precisa Galiza\u201d -","og_description":"O Consello Nacional proclama \u00e1 portavoz nacional candidata \u00e1 Presidencia tras obter o apoio da 99,18% da militancia nas asembleas","og_url":"https:\/\/www.anovapeneira.gal\/index.php\/2023\/12\/04\/ponton-estou-preparada-para-ser-a-presidenta-do-cambio-que-precisa-galiza\/","article_publisher":"https:\/\/www.facebook.com\/anovapeneira","article_published_time":"2023-12-04T09:00:36+00:00","og_image":[{"width":720,"height":432,"url":"https:\/\/www.anovapeneira.gal\/wp-content\/uploads\/2023\/11\/ana_ponton_bng.png","type":"image\/png"}],"author":"Redacci\u00f3n A Nova Peneira","twitter_card":"summary_large_image","twitter_creator":"@APeneira","twitter_site":"@APeneira","twitter_misc":{"Escrito por":"Redacci\u00f3n A Nova Peneira","Tempo de lectura":"3 minutos"},"schema":{"@context":"https:\/\/schema.org","@graph":[{"@type":"Article","@id":"https:\/\/www.anovapeneira.gal\/index.php\/2023\/12\/04\/ponton-estou-preparada-para-ser-a-presidenta-do-cambio-que-precisa-galiza\/#article","isPartOf":{"@id":"https:\/\/www.anovapeneira.gal\/index.php\/2023\/12\/04\/ponton-estou-preparada-para-ser-a-presidenta-do-cambio-que-precisa-galiza\/"},"author":{"name":"Redacci\u00f3n A Nova Peneira","@id":"https:\/\/www.anovapeneira.gal\/#\/schema\/person\/b93e3f8932e3f8da96334607eb6ac6aa"},"headline":"Pont\u00f3n: \u201cEstou preparada para ser a presidenta do cambio que precisa Galiza\u201d","datePublished":"2023-12-04T09:00:36+00:00","mainEntityOfPage":{"@id":"https:\/\/www.anovapeneira.gal\/index.php\/2023\/12\/04\/ponton-estou-preparada-para-ser-a-presidenta-do-cambio-que-precisa-galiza\/"},"wordCount":522,"commentCount":0,"publisher":{"@id":"https:\/\/www.anovapeneira.gal\/#organization"},"image":{"@id":"https:\/\/www.anovapeneira.gal\/index.php\/2023\/12\/04\/ponton-estou-preparada-para-ser-a-presidenta-do-cambio-que-precisa-galiza\/#primaryimage"},"thumbnailUrl":"https:\/\/www.anovapeneira.gal\/wp-content\/uploads\/2023\/11\/ana_ponton_bng.png","keywords":["Ana Pont\u00f3n","BNG"],"articleSection":["Novas"],"inLanguage":"gl-ES","potentialAction":[{"@type":"CommentAction","name":"Comment","target":["https:\/\/www.anovapeneira.gal\/index.php\/2023\/12\/04\/ponton-estou-preparada-para-ser-a-presidenta-do-cambio-que-precisa-galiza\/#respond"]}]},{"@type":"WebPage","@id":"https:\/\/www.anovapeneira.gal\/index.php\/2023\/12\/04\/ponton-estou-preparada-para-ser-a-presidenta-do-cambio-que-precisa-galiza\/","url":"https:\/\/www.anovapeneira.gal\/index.php\/2023\/12\/04\/ponton-estou-preparada-para-ser-a-presidenta-do-cambio-que-precisa-galiza\/","name":"Pont\u00f3n: \u201cEstou preparada para ser a presidenta do cambio que precisa Galiza\u201d -","isPartOf":{"@id":"https:\/\/www.anovapeneira.gal\/#website"},"primaryImageOfPage":{"@id":"https:\/\/www.anovapeneira.gal\/index.php\/2023\/12\/04\/ponton-estou-preparada-para-ser-a-presidenta-do-cambio-que-precisa-galiza\/#primaryimage"},"image":{"@id":"https:\/\/www.anovapeneira.gal\/index.php\/2023\/12\/04\/ponton-estou-preparada-para-ser-a-presidenta-do-cambio-que-precisa-galiza\/#primaryimage"},"thumbnailUrl":"https:\/\/www.anovapeneira.gal\/wp-content\/uploads\/2023\/11\/ana_ponton_bng.png","datePublished":"2023-12-04T09:00:36+00:00","description":"O Consello Nacional proclama \u00e1 portavoz nacional candidata \u00e1 Presidencia tras obter o apoio da 99,18% da militancia nas asembleas","breadcrumb":{"@id":"https:\/\/www.anovapeneira.gal\/index.php\/2023\/12\/04\/ponton-estou-preparada-para-ser-a-presidenta-do-cambio-que-precisa-galiza\/#breadcrumb"},"inLanguage":"gl-ES","potentialAction":[{"@type":"ReadAction","target":["https:\/\/www.anovapeneira.gal\/index.php\/2023\/12\/04\/ponton-estou-preparada-para-ser-a-presidenta-do-cambio-que-precisa-galiza\/"]}]},{"@type":"ImageObject","inLanguage":"gl-ES","@id":"https:\/\/www.anovapeneira.gal\/index.php\/2023\/12\/04\/ponton-estou-preparada-para-ser-a-presidenta-do-cambio-que-precisa-galiza\/#primaryimage","url":"https:\/\/www.anovapeneira.gal\/wp-content\/uploads\/2023\/11\/ana_ponton_bng.png","contentUrl":"https:\/\/www.anovapeneira.gal\/wp-content\/uploads\/2023\/11\/ana_ponton_bng.png","width":720,"height":432,"caption":"Ana Pont\u00f3n BNG"},{"@type":"BreadcrumbList","@id":"https:\/\/www.anovapeneira.gal\/index.php\/2023\/12\/04\/ponton-estou-preparada-para-ser-a-presidenta-do-cambio-que-precisa-galiza\/#breadcrumb","itemListElement":[{"@type":"ListItem","position":1,"name":"Portada","item":"https:\/\/www.anovapeneira.gal\/"},{"@type":"ListItem","position":2,"name":"Pont\u00f3n: \u201cEstou preparada para ser a presidenta do cambio que precisa Galiza\u201d"}]},{"@type":"WebSite","@id":"https:\/\/www.anovapeneira.gal\/#website","url":"https:\/\/www.anovapeneira.gal\/","name":"","description":"Xornal galego de informaci\u00f3n xeral Publicaci\u00f3n mensual de novas de Galicia e en especial dos Concellos da sur da provincia de Pontevedra.","publisher":{"@id":"https:\/\/www.anovapeneira.gal\/#organization"},"potentialAction":[{"@type":"SearchAction","target":{"@type":"EntryPoint","urlTemplate":"https:\/\/www.anovapeneira.gal\/?s={search_term_string}"},"query-input":{"@type":"PropertyValueSpecification","valueRequired":true,"valueName":"search_term_string"}}],"inLanguage":"gl-ES"},{"@type":"Organization","@id":"https:\/\/www.anovapeneira.gal\/#organization","name":"A Nova Peneira","url":"https:\/\/www.anovapeneira.gal\/","logo":{"@type":"ImageObject","inLanguage":"gl-ES","@id":"https:\/\/www.anovapeneira.gal\/#\/schema\/logo\/image\/","url":"http:\/\/www.anovapeneira.gal\/wp-content\/uploads\/2019\/06\/logo_a_nova_peneira_portal_web.png","contentUrl":"http:\/\/www.anovapeneira.gal\/wp-content\/uploads\/2019\/06\/logo_a_nova_peneira_portal_web.png","width":300,"height":100,"caption":"A Nova Peneira"},"image":{"@id":"https:\/\/www.anovapeneira.gal\/#\/schema\/logo\/image\/"},"sameAs":["https:\/\/www.facebook.com\/anovapeneira","https:\/\/x.com\/APeneira"]},{"@type":"Person","@id":"https:\/\/www.anovapeneira.gal\/#\/schema\/person\/b93e3f8932e3f8da96334607eb6ac6aa","name":"Redacci\u00f3n A Nova Peneira","image":{"@type":"ImageObject","inLanguage":"gl-ES","@id":"https:\/\/secure.gravatar.com\/avatar\/c052a2551a06e23fac63626232eaa90abd78dbcf1700fc46a2b2c89fd27b735f?s=96&d=mm&r=g","url":"https:\/\/secure.gravatar.com\/avatar\/c052a2551a06e23fac63626232eaa90abd78dbcf1700fc46a2b2c89fd27b735f?s=96&d=mm&r=g","contentUrl":"https:\/\/secure.gravatar.com\/avatar\/c052a2551a06e23fac63626232eaa90abd78dbcf1700fc46a2b2c89fd27b735f?s=96&d=mm&r=g","caption":"Redacci\u00f3n A Nova Peneira"},"sameAs":["http:\/\/www.anovapeneira.gal\/"],"url":"https:\/\/www.anovapeneira.gal\/index.php\/author\/redactor\/"}]}},"jetpack_featured_media_url":"https:\/\/www.anovapeneira.gal\/wp-content\/uploads\/2023\/11\/ana_ponton_bng.png","_links":{"self":[{"href":"https:\/\/www.anovapeneira.gal\/index.php\/wp-json\/wp\/v2\/posts\/10838","targetHints":{"allow":["GET"]}}],"collection":[{"href":"https:\/\/www.anovapeneira.gal\/index.php\/wp-json\/wp\/v2\/posts"}],"about":[{"href":"https:\/\/www.anovapeneira.gal\/index.php\/wp-json\/wp\/v2\/types\/post"}],"author":[{"embeddable":true,"href":"https:\/\/www.anovapeneira.gal\/index.php\/wp-json\/wp\/v2\/users\/3"}],"replies":[{"embeddable":true,"href":"https:\/\/www.anovapeneira.gal\/index.php\/wp-json\/wp\/v2\/comments?post=10838"}],"version-history":[{"count":2,"href":"https:\/\/www.anovapeneira.gal\/index.php\/wp-json\/wp\/v2\/posts\/10838\/revisions"}],"predecessor-version":[{"id":10841,"href":"https:\/\/www.anovapeneira.gal\/index.php\/wp-json\/wp\/v2\/posts\/10838\/revisions\/10841"}],"wp:featuredmedia":[{"embeddable":true,"href":"https:\/\/www.anovapeneira.gal\/index.php\/wp-json\/wp\/v2\/media\/10840"}],"wp:attachment":[{"href":"https:\/\/www.anovapeneira.gal\/index.php\/wp-json\/wp\/v2\/media?parent=10838"}],"wp:term":[{"taxonomy":"category","embeddable":true,"href":"https:\/\/www.anovapeneira.gal\/index.php\/wp-json\/wp\/v2\/categories?post=10838"},{"taxonomy":"post_tag","embeddable":true,"href":"https:\/\/www.anovapeneira.gal\/index.php\/wp-json\/wp\/v2\/tags?post=10838"}],"curies":[{"name":"wp","href":"https:\/\/api.w.org\/{rel}","templated":true}]}}