{"id":10851,"date":"2023-12-05T10:00:07","date_gmt":"2023-12-05T09:00:07","guid":{"rendered":"https:\/\/www.anovapeneira.gal\/?p=10851"},"modified":"2023-12-04T10:14:27","modified_gmt":"2023-12-04T09:14:27","slug":"o-bng-de-vigo-pide-que-abel-caballero-aclare-quen-paga-as-facturas-das-suas-xiras-nas-televisions-de-madrid","status":"publish","type":"post","link":"https:\/\/www.anovapeneira.gal\/index.php\/2023\/12\/05\/o-bng-de-vigo-pide-que-abel-caballero-aclare-quen-paga-as-facturas-das-suas-xiras-nas-televisions-de-madrid\/","title":{"rendered":"O BNG de Vigo pide que Abel Caballero aclare quen paga as facturas das s\u00faas xiras nas televisi\u00f3ns de Madrid"},"content":{"rendered":"\n<h2 class=\"wp-block-heading\">A fronte nacionalista demanda o Goberno municipal que informe se est\u00e1 empregando, directa ou indirectamente, recursos do Concello para os paseos medi\u00e1ticos do rexedor<br><br>Afea esta \u201csobreexposici\u00f3n para maior gloria do seu ego persoal\u201d cando leva desde xullo sen comparecer en rolda de prensa diante dos e das xornalistas locais<\/h2>\n\n\n\n<h2 class=\"wp-block-heading\">Xabier P. Igrexas: \u201cAs viguesas e vigueses non merecen un alcalde a tempo parcial; que se deixe de plat\u00f3s e xestione a folga indefinida en Vitrasa que ten a cidade colapsada\u201d<br><\/h2>\n\n\n\n<p><strong>VIGO, 1 de decembro 2023.<\/strong><\/p>\n\n\n\n<p>O Bloque Nacionalista Galego pide que Abel Caballero aclare quen paga as facturas das s\u00faas xiras polas televisi\u00f3ns. As\u00ed o reclamou o portavoz municipal do BNG de Vigo, Xabier P. Igrexas, despois de que o alcalde decidise ocupar toda a s\u00faa axenda deste venres a participar novamente como tertuliano nos programas de Jaime Cantizano e Risto Mejide.<\/p>\n\n\n\n<p>Igrexas demandou nese sentido que o Goberno municipal informe de se nestes desprazamentos e estancias do rexedor se est\u00e1n a empregar, directa ou indirectamente, recursos e medios do Concello de Vigo. \u201cSer\u00eda eticamente indecente que neste tipo de actividade, que nada ten a ver co desempe\u00f1o institucional das funci\u00f3ns dun alcalde, se utilice nin un s\u00f3 c\u00e9ntimo de euro de todas as viguesas e vigueses\u201d, advertiu.<\/p>\n\n\n\n<p>O portavoz nacionalista considerou \u201cfr\u00edvolo e irrespons\u00e1bel que Caballero decida exercer como \u201ctertuliano en lugar de alcalde\u201d nun contexto onde a cidade est\u00e1 \u201ccolapsada\u201d a causa da folga indefinida no bus urbano, que cumpre xa unha semana. \u201cAs viguesas e vigueses non merecen un alcalde a tempo parcial; que se deixe de plat\u00f3s e xestione e goberne\u201d, esixiu.<\/p>\n\n\n\n<p><strong>Sen roldas de prensa desde xullo<\/strong><\/p>\n\n\n\n<p>Ali\u00e1s, afeou esta sobreexposici\u00f3n medi\u00e1tica do rexedor \u201cpara maior gloria do seu ego persoal\u201d, cando leva desde xullo sen comparecer en rolda de prensa diante dos e das xornalistas da cidade por \u201ccovard\u00eda e para non someterse \u00e1s s\u00faas preguntas e repreguntas\u201d.<\/p>\n","protected":false},"excerpt":{"rendered":"<div class=\"mh-excerpt\"><p>A fronte nacionalista demanda o Goberno municipal que informe se est\u00e1 empregando, directa ou indirectamente, recursos do Concello para os paseos medi\u00e1ticos do rexedor <a class=\"mh-excerpt-more\" href=\"https:\/\/www.anovapeneira.gal\/index.php\/2023\/12\/05\/o-bng-de-vigo-pide-que-abel-caballero-aclare-quen-paga-as-facturas-das-suas-xiras-nas-televisions-de-madrid\/\" title=\"O BNG de Vigo pide que Abel Caballero aclare quen paga as facturas das s\u00faas xiras nas televisi\u00f3ns de Madrid\">[&#8230;]<\/a><\/p>\n<\/div>","protected":false},"author":3,"featured_media":10853,"comment_status":"open","ping_status":"open","sticky":false,"template":"","format":"standard","meta":{"_exactmetrics_skip_tracking":false,"_exactmetrics_sitenote_active":false,"_exactmetrics_sitenote_note":"","_exactmetrics_sitenote_category":0,"footnotes":""},"categories":[19],"tags":[227],"class_list":{"0":"post-10851","1":"post","2":"type-post","3":"status-publish","4":"format-standard","5":"has-post-thumbnail","7":"category-vigo","8":"tag-concello-de-vigo"},"yoast_head":"<!-- This site is optimized with the Yoast SEO plugin v27.4 - https:\/\/yoast.com\/product\/yoast-seo-wordpress\/ -->\n<title>O BNG de Vigo pide que Abel Caballero aclare quen paga as facturas das s\u00faas xiras nas televisi\u00f3ns de Madrid -<\/title>\n<meta name=\"description\" content=\"A fronte nacionalista demanda o Goberno municipal que informe se est\u00e1 empregando, directa ou indirectamente, recursos do Concello para os paseos medi\u00e1ticos do rexedor\" \/>\n<meta name=\"robots\" content=\"index, follow, max-snippet:-1, max-image-preview:large, max-video-preview:-1\" \/>\n<link rel=\"canonical\" href=\"https:\/\/www.anovapeneira.gal\/index.php\/2023\/12\/05\/o-bng-de-vigo-pide-que-abel-caballero-aclare-quen-paga-as-facturas-das-suas-xiras-nas-televisions-de-madrid\/\" \/>\n<meta property=\"og:locale\" content=\"gl_ES\" \/>\n<meta property=\"og:type\" content=\"article\" \/>\n<meta property=\"og:title\" content=\"O BNG de Vigo pide que Abel Caballero aclare quen paga as facturas das s\u00faas xiras nas televisi\u00f3ns de Madrid -\" \/>\n<meta property=\"og:description\" content=\"A fronte nacionalista demanda o Goberno municipal que informe se est\u00e1 empregando, directa ou indirectamente, recursos do Concello para os paseos medi\u00e1ticos do rexedor\" \/>\n<meta property=\"og:url\" content=\"https:\/\/www.anovapeneira.gal\/index.php\/2023\/12\/05\/o-bng-de-vigo-pide-que-abel-caballero-aclare-quen-paga-as-facturas-das-suas-xiras-nas-televisions-de-madrid\/\" \/>\n<meta property=\"article:publisher\" content=\"https:\/\/www.facebook.com\/anovapeneira\" \/>\n<meta property=\"article:published_time\" content=\"2023-12-05T09:00:07+00:00\" \/>\n<meta property=\"og:image\" content=\"https:\/\/www.anovapeneira.gal\/wp-content\/uploads\/2023\/12\/Xabier-P-Igrexas_Portavoz-BNG-Vigo.png\" \/>\n\t<meta property=\"og:image:width\" content=\"720\" \/>\n\t<meta property=\"og:image:height\" content=\"432\" \/>\n\t<meta property=\"og:image:type\" content=\"image\/png\" \/>\n<meta name=\"author\" content=\"Redacci\u00f3n A Nova Peneira\" \/>\n<meta name=\"twitter:card\" content=\"summary_large_image\" \/>\n<meta name=\"twitter:creator\" content=\"@APeneira\" \/>\n<meta name=\"twitter:site\" content=\"@APeneira\" \/>\n<meta name=\"twitter:label1\" content=\"Escrito por\" \/>\n\t<meta name=\"twitter:data1\" content=\"Redacci\u00f3n A Nova Peneira\" \/>\n\t<meta name=\"twitter:label2\" content=\"Tempo de lectura\" \/>\n\t<meta name=\"twitter:data2\" content=\"2 minutos\" \/>\n<script type=\"application\/ld+json\" class=\"yoast-schema-graph\">{\"@context\":\"https:\\\/\\\/schema.org\",\"@graph\":[{\"@type\":\"Article\",\"@id\":\"https:\\\/\\\/www.anovapeneira.gal\\\/index.php\\\/2023\\\/12\\\/05\\\/o-bng-de-vigo-pide-que-abel-caballero-aclare-quen-paga-as-facturas-das-suas-xiras-nas-televisions-de-madrid\\\/#article\",\"isPartOf\":{\"@id\":\"https:\\\/\\\/www.anovapeneira.gal\\\/index.php\\\/2023\\\/12\\\/05\\\/o-bng-de-vigo-pide-que-abel-caballero-aclare-quen-paga-as-facturas-das-suas-xiras-nas-televisions-de-madrid\\\/\"},\"author\":{\"name\":\"Redacci\u00f3n A Nova Peneira\",\"@id\":\"https:\\\/\\\/www.anovapeneira.gal\\\/#\\\/schema\\\/person\\\/b93e3f8932e3f8da96334607eb6ac6aa\"},\"headline\":\"O BNG de Vigo pide que Abel Caballero aclare quen paga as facturas das s\u00faas xiras nas televisi\u00f3ns de Madrid\",\"datePublished\":\"2023-12-05T09:00:07+00:00\",\"mainEntityOfPage\":{\"@id\":\"https:\\\/\\\/www.anovapeneira.gal\\\/index.php\\\/2023\\\/12\\\/05\\\/o-bng-de-vigo-pide-que-abel-caballero-aclare-quen-paga-as-facturas-das-suas-xiras-nas-televisions-de-madrid\\\/\"},\"wordCount\":354,\"commentCount\":0,\"publisher\":{\"@id\":\"https:\\\/\\\/www.anovapeneira.gal\\\/#organization\"},\"image\":{\"@id\":\"https:\\\/\\\/www.anovapeneira.gal\\\/index.php\\\/2023\\\/12\\\/05\\\/o-bng-de-vigo-pide-que-abel-caballero-aclare-quen-paga-as-facturas-das-suas-xiras-nas-televisions-de-madrid\\\/#primaryimage\"},\"thumbnailUrl\":\"https:\\\/\\\/www.anovapeneira.gal\\\/wp-content\\\/uploads\\\/2023\\\/12\\\/Xabier-P-Igrexas_Portavoz-BNG-Vigo.png\",\"keywords\":[\"Concello de Vigo\"],\"articleSection\":[\"Vigo\"],\"inLanguage\":\"gl-ES\",\"potentialAction\":[{\"@type\":\"CommentAction\",\"name\":\"Comment\",\"target\":[\"https:\\\/\\\/www.anovapeneira.gal\\\/index.php\\\/2023\\\/12\\\/05\\\/o-bng-de-vigo-pide-que-abel-caballero-aclare-quen-paga-as-facturas-das-suas-xiras-nas-televisions-de-madrid\\\/#respond\"]}]},{\"@type\":\"WebPage\",\"@id\":\"https:\\\/\\\/www.anovapeneira.gal\\\/index.php\\\/2023\\\/12\\\/05\\\/o-bng-de-vigo-pide-que-abel-caballero-aclare-quen-paga-as-facturas-das-suas-xiras-nas-televisions-de-madrid\\\/\",\"url\":\"https:\\\/\\\/www.anovapeneira.gal\\\/index.php\\\/2023\\\/12\\\/05\\\/o-bng-de-vigo-pide-que-abel-caballero-aclare-quen-paga-as-facturas-das-suas-xiras-nas-televisions-de-madrid\\\/\",\"name\":\"O BNG de Vigo pide que Abel Caballero aclare quen paga as facturas das s\u00faas xiras nas televisi\u00f3ns de Madrid -\",\"isPartOf\":{\"@id\":\"https:\\\/\\\/www.anovapeneira.gal\\\/#website\"},\"primaryImageOfPage\":{\"@id\":\"https:\\\/\\\/www.anovapeneira.gal\\\/index.php\\\/2023\\\/12\\\/05\\\/o-bng-de-vigo-pide-que-abel-caballero-aclare-quen-paga-as-facturas-das-suas-xiras-nas-televisions-de-madrid\\\/#primaryimage\"},\"image\":{\"@id\":\"https:\\\/\\\/www.anovapeneira.gal\\\/index.php\\\/2023\\\/12\\\/05\\\/o-bng-de-vigo-pide-que-abel-caballero-aclare-quen-paga-as-facturas-das-suas-xiras-nas-televisions-de-madrid\\\/#primaryimage\"},\"thumbnailUrl\":\"https:\\\/\\\/www.anovapeneira.gal\\\/wp-content\\\/uploads\\\/2023\\\/12\\\/Xabier-P-Igrexas_Portavoz-BNG-Vigo.png\",\"datePublished\":\"2023-12-05T09:00:07+00:00\",\"description\":\"A fronte nacionalista demanda o Goberno municipal que informe se est\u00e1 empregando, directa ou indirectamente, recursos do Concello para os paseos medi\u00e1ticos do rexedor\",\"breadcrumb\":{\"@id\":\"https:\\\/\\\/www.anovapeneira.gal\\\/index.php\\\/2023\\\/12\\\/05\\\/o-bng-de-vigo-pide-que-abel-caballero-aclare-quen-paga-as-facturas-das-suas-xiras-nas-televisions-de-madrid\\\/#breadcrumb\"},\"inLanguage\":\"gl-ES\",\"potentialAction\":[{\"@type\":\"ReadAction\",\"target\":[\"https:\\\/\\\/www.anovapeneira.gal\\\/index.php\\\/2023\\\/12\\\/05\\\/o-bng-de-vigo-pide-que-abel-caballero-aclare-quen-paga-as-facturas-das-suas-xiras-nas-televisions-de-madrid\\\/\"]}]},{\"@type\":\"ImageObject\",\"inLanguage\":\"gl-ES\",\"@id\":\"https:\\\/\\\/www.anovapeneira.gal\\\/index.php\\\/2023\\\/12\\\/05\\\/o-bng-de-vigo-pide-que-abel-caballero-aclare-quen-paga-as-facturas-das-suas-xiras-nas-televisions-de-madrid\\\/#primaryimage\",\"url\":\"https:\\\/\\\/www.anovapeneira.gal\\\/wp-content\\\/uploads\\\/2023\\\/12\\\/Xabier-P-Igrexas_Portavoz-BNG-Vigo.png\",\"contentUrl\":\"https:\\\/\\\/www.anovapeneira.gal\\\/wp-content\\\/uploads\\\/2023\\\/12\\\/Xabier-P-Igrexas_Portavoz-BNG-Vigo.png\",\"width\":720,\"height\":432,\"caption\":\"Xabier P\u00e9rez Igrexas BNG Vigo\"},{\"@type\":\"BreadcrumbList\",\"@id\":\"https:\\\/\\\/www.anovapeneira.gal\\\/index.php\\\/2023\\\/12\\\/05\\\/o-bng-de-vigo-pide-que-abel-caballero-aclare-quen-paga-as-facturas-das-suas-xiras-nas-televisions-de-madrid\\\/#breadcrumb\",\"itemListElement\":[{\"@type\":\"ListItem\",\"position\":1,\"name\":\"Portada\",\"item\":\"https:\\\/\\\/www.anovapeneira.gal\\\/\"},{\"@type\":\"ListItem\",\"position\":2,\"name\":\"O BNG de Vigo pide que Abel Caballero aclare quen paga as facturas das s\u00faas xiras nas televisi\u00f3ns de Madrid\"}]},{\"@type\":\"WebSite\",\"@id\":\"https:\\\/\\\/www.anovapeneira.gal\\\/#website\",\"url\":\"https:\\\/\\\/www.anovapeneira.gal\\\/\",\"name\":\"\",\"description\":\"Xornal galego de informaci\u00f3n xeral Publicaci\u00f3n mensual de novas de Galicia e en especial dos Concellos da sur da provincia de Pontevedra.\",\"publisher\":{\"@id\":\"https:\\\/\\\/www.anovapeneira.gal\\\/#organization\"},\"potentialAction\":[{\"@type\":\"SearchAction\",\"target\":{\"@type\":\"EntryPoint\",\"urlTemplate\":\"https:\\\/\\\/www.anovapeneira.gal\\\/?s={search_term_string}\"},\"query-input\":{\"@type\":\"PropertyValueSpecification\",\"valueRequired\":true,\"valueName\":\"search_term_string\"}}],\"inLanguage\":\"gl-ES\"},{\"@type\":\"Organization\",\"@id\":\"https:\\\/\\\/www.anovapeneira.gal\\\/#organization\",\"name\":\"A Nova Peneira\",\"url\":\"https:\\\/\\\/www.anovapeneira.gal\\\/\",\"logo\":{\"@type\":\"ImageObject\",\"inLanguage\":\"gl-ES\",\"@id\":\"https:\\\/\\\/www.anovapeneira.gal\\\/#\\\/schema\\\/logo\\\/image\\\/\",\"url\":\"http:\\\/\\\/www.anovapeneira.gal\\\/wp-content\\\/uploads\\\/2019\\\/06\\\/logo_a_nova_peneira_portal_web.png\",\"contentUrl\":\"http:\\\/\\\/www.anovapeneira.gal\\\/wp-content\\\/uploads\\\/2019\\\/06\\\/logo_a_nova_peneira_portal_web.png\",\"width\":300,\"height\":100,\"caption\":\"A Nova Peneira\"},\"image\":{\"@id\":\"https:\\\/\\\/www.anovapeneira.gal\\\/#\\\/schema\\\/logo\\\/image\\\/\"},\"sameAs\":[\"https:\\\/\\\/www.facebook.com\\\/anovapeneira\",\"https:\\\/\\\/x.com\\\/APeneira\"]},{\"@type\":\"Person\",\"@id\":\"https:\\\/\\\/www.anovapeneira.gal\\\/#\\\/schema\\\/person\\\/b93e3f8932e3f8da96334607eb6ac6aa\",\"name\":\"Redacci\u00f3n A Nova Peneira\",\"image\":{\"@type\":\"ImageObject\",\"inLanguage\":\"gl-ES\",\"@id\":\"https:\\\/\\\/secure.gravatar.com\\\/avatar\\\/c052a2551a06e23fac63626232eaa90abd78dbcf1700fc46a2b2c89fd27b735f?s=96&d=mm&r=g\",\"url\":\"https:\\\/\\\/secure.gravatar.com\\\/avatar\\\/c052a2551a06e23fac63626232eaa90abd78dbcf1700fc46a2b2c89fd27b735f?s=96&d=mm&r=g\",\"contentUrl\":\"https:\\\/\\\/secure.gravatar.com\\\/avatar\\\/c052a2551a06e23fac63626232eaa90abd78dbcf1700fc46a2b2c89fd27b735f?s=96&d=mm&r=g\",\"caption\":\"Redacci\u00f3n A Nova Peneira\"},\"sameAs\":[\"http:\\\/\\\/www.anovapeneira.gal\\\/\"],\"url\":\"https:\\\/\\\/www.anovapeneira.gal\\\/index.php\\\/author\\\/redactor\\\/\"}]}<\/script>\n<!-- \/ Yoast SEO plugin. -->","yoast_head_json":{"title":"O BNG de Vigo pide que Abel Caballero aclare quen paga as facturas das s\u00faas xiras nas televisi\u00f3ns de Madrid -","description":"A fronte nacionalista demanda o Goberno municipal que informe se est\u00e1 empregando, directa ou indirectamente, recursos do Concello para os paseos medi\u00e1ticos do rexedor","robots":{"index":"index","follow":"follow","max-snippet":"max-snippet:-1","max-image-preview":"max-image-preview:large","max-video-preview":"max-video-preview:-1"},"canonical":"https:\/\/www.anovapeneira.gal\/index.php\/2023\/12\/05\/o-bng-de-vigo-pide-que-abel-caballero-aclare-quen-paga-as-facturas-das-suas-xiras-nas-televisions-de-madrid\/","og_locale":"gl_ES","og_type":"article","og_title":"O BNG de Vigo pide que Abel Caballero aclare quen paga as facturas das s\u00faas xiras nas televisi\u00f3ns de Madrid -","og_description":"A fronte nacionalista demanda o Goberno municipal que informe se est\u00e1 empregando, directa ou indirectamente, recursos do Concello para os paseos medi\u00e1ticos do rexedor","og_url":"https:\/\/www.anovapeneira.gal\/index.php\/2023\/12\/05\/o-bng-de-vigo-pide-que-abel-caballero-aclare-quen-paga-as-facturas-das-suas-xiras-nas-televisions-de-madrid\/","article_publisher":"https:\/\/www.facebook.com\/anovapeneira","article_published_time":"2023-12-05T09:00:07+00:00","og_image":[{"width":720,"height":432,"url":"https:\/\/www.anovapeneira.gal\/wp-content\/uploads\/2023\/12\/Xabier-P-Igrexas_Portavoz-BNG-Vigo.png","type":"image\/png"}],"author":"Redacci\u00f3n A Nova Peneira","twitter_card":"summary_large_image","twitter_creator":"@APeneira","twitter_site":"@APeneira","twitter_misc":{"Escrito por":"Redacci\u00f3n A Nova Peneira","Tempo de lectura":"2 minutos"},"schema":{"@context":"https:\/\/schema.org","@graph":[{"@type":"Article","@id":"https:\/\/www.anovapeneira.gal\/index.php\/2023\/12\/05\/o-bng-de-vigo-pide-que-abel-caballero-aclare-quen-paga-as-facturas-das-suas-xiras-nas-televisions-de-madrid\/#article","isPartOf":{"@id":"https:\/\/www.anovapeneira.gal\/index.php\/2023\/12\/05\/o-bng-de-vigo-pide-que-abel-caballero-aclare-quen-paga-as-facturas-das-suas-xiras-nas-televisions-de-madrid\/"},"author":{"name":"Redacci\u00f3n A Nova Peneira","@id":"https:\/\/www.anovapeneira.gal\/#\/schema\/person\/b93e3f8932e3f8da96334607eb6ac6aa"},"headline":"O BNG de Vigo pide que Abel Caballero aclare quen paga as facturas das s\u00faas xiras nas televisi\u00f3ns de Madrid","datePublished":"2023-12-05T09:00:07+00:00","mainEntityOfPage":{"@id":"https:\/\/www.anovapeneira.gal\/index.php\/2023\/12\/05\/o-bng-de-vigo-pide-que-abel-caballero-aclare-quen-paga-as-facturas-das-suas-xiras-nas-televisions-de-madrid\/"},"wordCount":354,"commentCount":0,"publisher":{"@id":"https:\/\/www.anovapeneira.gal\/#organization"},"image":{"@id":"https:\/\/www.anovapeneira.gal\/index.php\/2023\/12\/05\/o-bng-de-vigo-pide-que-abel-caballero-aclare-quen-paga-as-facturas-das-suas-xiras-nas-televisions-de-madrid\/#primaryimage"},"thumbnailUrl":"https:\/\/www.anovapeneira.gal\/wp-content\/uploads\/2023\/12\/Xabier-P-Igrexas_Portavoz-BNG-Vigo.png","keywords":["Concello de Vigo"],"articleSection":["Vigo"],"inLanguage":"gl-ES","potentialAction":[{"@type":"CommentAction","name":"Comment","target":["https:\/\/www.anovapeneira.gal\/index.php\/2023\/12\/05\/o-bng-de-vigo-pide-que-abel-caballero-aclare-quen-paga-as-facturas-das-suas-xiras-nas-televisions-de-madrid\/#respond"]}]},{"@type":"WebPage","@id":"https:\/\/www.anovapeneira.gal\/index.php\/2023\/12\/05\/o-bng-de-vigo-pide-que-abel-caballero-aclare-quen-paga-as-facturas-das-suas-xiras-nas-televisions-de-madrid\/","url":"https:\/\/www.anovapeneira.gal\/index.php\/2023\/12\/05\/o-bng-de-vigo-pide-que-abel-caballero-aclare-quen-paga-as-facturas-das-suas-xiras-nas-televisions-de-madrid\/","name":"O BNG de Vigo pide que Abel Caballero aclare quen paga as facturas das s\u00faas xiras nas televisi\u00f3ns de Madrid -","isPartOf":{"@id":"https:\/\/www.anovapeneira.gal\/#website"},"primaryImageOfPage":{"@id":"https:\/\/www.anovapeneira.gal\/index.php\/2023\/12\/05\/o-bng-de-vigo-pide-que-abel-caballero-aclare-quen-paga-as-facturas-das-suas-xiras-nas-televisions-de-madrid\/#primaryimage"},"image":{"@id":"https:\/\/www.anovapeneira.gal\/index.php\/2023\/12\/05\/o-bng-de-vigo-pide-que-abel-caballero-aclare-quen-paga-as-facturas-das-suas-xiras-nas-televisions-de-madrid\/#primaryimage"},"thumbnailUrl":"https:\/\/www.anovapeneira.gal\/wp-content\/uploads\/2023\/12\/Xabier-P-Igrexas_Portavoz-BNG-Vigo.png","datePublished":"2023-12-05T09:00:07+00:00","description":"A fronte nacionalista demanda o Goberno municipal que informe se est\u00e1 empregando, directa ou indirectamente, recursos do Concello para os paseos medi\u00e1ticos do rexedor","breadcrumb":{"@id":"https:\/\/www.anovapeneira.gal\/index.php\/2023\/12\/05\/o-bng-de-vigo-pide-que-abel-caballero-aclare-quen-paga-as-facturas-das-suas-xiras-nas-televisions-de-madrid\/#breadcrumb"},"inLanguage":"gl-ES","potentialAction":[{"@type":"ReadAction","target":["https:\/\/www.anovapeneira.gal\/index.php\/2023\/12\/05\/o-bng-de-vigo-pide-que-abel-caballero-aclare-quen-paga-as-facturas-das-suas-xiras-nas-televisions-de-madrid\/"]}]},{"@type":"ImageObject","inLanguage":"gl-ES","@id":"https:\/\/www.anovapeneira.gal\/index.php\/2023\/12\/05\/o-bng-de-vigo-pide-que-abel-caballero-aclare-quen-paga-as-facturas-das-suas-xiras-nas-televisions-de-madrid\/#primaryimage","url":"https:\/\/www.anovapeneira.gal\/wp-content\/uploads\/2023\/12\/Xabier-P-Igrexas_Portavoz-BNG-Vigo.png","contentUrl":"https:\/\/www.anovapeneira.gal\/wp-content\/uploads\/2023\/12\/Xabier-P-Igrexas_Portavoz-BNG-Vigo.png","width":720,"height":432,"caption":"Xabier P\u00e9rez Igrexas BNG Vigo"},{"@type":"BreadcrumbList","@id":"https:\/\/www.anovapeneira.gal\/index.php\/2023\/12\/05\/o-bng-de-vigo-pide-que-abel-caballero-aclare-quen-paga-as-facturas-das-suas-xiras-nas-televisions-de-madrid\/#breadcrumb","itemListElement":[{"@type":"ListItem","position":1,"name":"Portada","item":"https:\/\/www.anovapeneira.gal\/"},{"@type":"ListItem","position":2,"name":"O BNG de Vigo pide que Abel Caballero aclare quen paga as facturas das s\u00faas xiras nas televisi\u00f3ns de Madrid"}]},{"@type":"WebSite","@id":"https:\/\/www.anovapeneira.gal\/#website","url":"https:\/\/www.anovapeneira.gal\/","name":"","description":"Xornal galego de informaci\u00f3n xeral Publicaci\u00f3n mensual de novas de Galicia e en especial dos Concellos da sur da provincia de Pontevedra.","publisher":{"@id":"https:\/\/www.anovapeneira.gal\/#organization"},"potentialAction":[{"@type":"SearchAction","target":{"@type":"EntryPoint","urlTemplate":"https:\/\/www.anovapeneira.gal\/?s={search_term_string}"},"query-input":{"@type":"PropertyValueSpecification","valueRequired":true,"valueName":"search_term_string"}}],"inLanguage":"gl-ES"},{"@type":"Organization","@id":"https:\/\/www.anovapeneira.gal\/#organization","name":"A Nova Peneira","url":"https:\/\/www.anovapeneira.gal\/","logo":{"@type":"ImageObject","inLanguage":"gl-ES","@id":"https:\/\/www.anovapeneira.gal\/#\/schema\/logo\/image\/","url":"http:\/\/www.anovapeneira.gal\/wp-content\/uploads\/2019\/06\/logo_a_nova_peneira_portal_web.png","contentUrl":"http:\/\/www.anovapeneira.gal\/wp-content\/uploads\/2019\/06\/logo_a_nova_peneira_portal_web.png","width":300,"height":100,"caption":"A Nova Peneira"},"image":{"@id":"https:\/\/www.anovapeneira.gal\/#\/schema\/logo\/image\/"},"sameAs":["https:\/\/www.facebook.com\/anovapeneira","https:\/\/x.com\/APeneira"]},{"@type":"Person","@id":"https:\/\/www.anovapeneira.gal\/#\/schema\/person\/b93e3f8932e3f8da96334607eb6ac6aa","name":"Redacci\u00f3n A Nova Peneira","image":{"@type":"ImageObject","inLanguage":"gl-ES","@id":"https:\/\/secure.gravatar.com\/avatar\/c052a2551a06e23fac63626232eaa90abd78dbcf1700fc46a2b2c89fd27b735f?s=96&d=mm&r=g","url":"https:\/\/secure.gravatar.com\/avatar\/c052a2551a06e23fac63626232eaa90abd78dbcf1700fc46a2b2c89fd27b735f?s=96&d=mm&r=g","contentUrl":"https:\/\/secure.gravatar.com\/avatar\/c052a2551a06e23fac63626232eaa90abd78dbcf1700fc46a2b2c89fd27b735f?s=96&d=mm&r=g","caption":"Redacci\u00f3n A Nova Peneira"},"sameAs":["http:\/\/www.anovapeneira.gal\/"],"url":"https:\/\/www.anovapeneira.gal\/index.php\/author\/redactor\/"}]}},"jetpack_featured_media_url":"https:\/\/www.anovapeneira.gal\/wp-content\/uploads\/2023\/12\/Xabier-P-Igrexas_Portavoz-BNG-Vigo.png","_links":{"self":[{"href":"https:\/\/www.anovapeneira.gal\/index.php\/wp-json\/wp\/v2\/posts\/10851","targetHints":{"allow":["GET"]}}],"collection":[{"href":"https:\/\/www.anovapeneira.gal\/index.php\/wp-json\/wp\/v2\/posts"}],"about":[{"href":"https:\/\/www.anovapeneira.gal\/index.php\/wp-json\/wp\/v2\/types\/post"}],"author":[{"embeddable":true,"href":"https:\/\/www.anovapeneira.gal\/index.php\/wp-json\/wp\/v2\/users\/3"}],"replies":[{"embeddable":true,"href":"https:\/\/www.anovapeneira.gal\/index.php\/wp-json\/wp\/v2\/comments?post=10851"}],"version-history":[{"count":1,"href":"https:\/\/www.anovapeneira.gal\/index.php\/wp-json\/wp\/v2\/posts\/10851\/revisions"}],"predecessor-version":[{"id":10852,"href":"https:\/\/www.anovapeneira.gal\/index.php\/wp-json\/wp\/v2\/posts\/10851\/revisions\/10852"}],"wp:featuredmedia":[{"embeddable":true,"href":"https:\/\/www.anovapeneira.gal\/index.php\/wp-json\/wp\/v2\/media\/10853"}],"wp:attachment":[{"href":"https:\/\/www.anovapeneira.gal\/index.php\/wp-json\/wp\/v2\/media?parent=10851"}],"wp:term":[{"taxonomy":"category","embeddable":true,"href":"https:\/\/www.anovapeneira.gal\/index.php\/wp-json\/wp\/v2\/categories?post=10851"},{"taxonomy":"post_tag","embeddable":true,"href":"https:\/\/www.anovapeneira.gal\/index.php\/wp-json\/wp\/v2\/tags?post=10851"}],"curies":[{"name":"wp","href":"https:\/\/api.w.org\/{rel}","templated":true}]}}