{"id":10854,"date":"2023-12-05T12:00:44","date_gmt":"2023-12-05T11:00:44","guid":{"rendered":"https:\/\/www.anovapeneira.gal\/?p=10854"},"modified":"2023-12-06T18:13:49","modified_gmt":"2023-12-06T17:13:49","slug":"tui-aproba-en-pleno-por-unanimidade-a-mocion-para-a-regularizacion-das-persoas-migrantes-que-xa-foi-aprobada-en-tomino-o-rosal-e-a-guarda","status":"publish","type":"post","link":"https:\/\/www.anovapeneira.gal\/index.php\/2023\/12\/05\/tui-aproba-en-pleno-por-unanimidade-a-mocion-para-a-regularizacion-das-persoas-migrantes-que-xa-foi-aprobada-en-tomino-o-rosal-e-a-guarda\/","title":{"rendered":"Tui aproba en pleno, por unanimidade, a moci\u00f3n para a regularizaci\u00f3n das persoas migrantes que xa foi aprobada en Tomi\u00f1o, O Rosal e A Guarda"},"content":{"rendered":"\n<h2 class=\"wp-block-heading\">A iniciativa \u00e9 promovida polo movemento estatal #Regularizaci\u00f3nXa despois de conseguir as 500 mil sinaturas necesarias para poder levar esta proposta de lei ao Congreso<\/h2>\n\n\n\n<p><strong>Tui, 1 de decembro de 2023.<\/strong><\/p>\n\n\n\n<p>A corporaci\u00f3n municipal do Concello de Tui ven de aprobar en pleno e por unanimidade, unha moci\u00f3n de apoio \u00e1 Iniciativa Lexislativa Popular (ILP) para a regularizaci\u00f3n das persoas migrantes en situaci\u00f3n administrativa irregular en Espa\u00f1a. A iniciativa conta tam\u00e9n co apoio da maior\u00eda de Concellos do Baixo Mi\u00f1o, entre os que se atopan Tomi\u00f1o, O Rosal e A Guarda.<\/p>\n\n\n\n<p>Ademais, ata agora tam\u00e9n foi aprobada por m\u00e1is dunha vintena de municipios galegos e espa\u00f1ois, como Santiago de Compostela, Ferrol, Vilagarc\u00eda, Barcelona ou Lleida.<\/p>\n\n\n\n<p>No caso do Concello de Tui, a moci\u00f3n foi defendida polas concelleiras do BNG a instancia da Plataforma impulsora da ILP, quenes explicaron as orixes e raz\u00f3ns da iniciativa, facendo fincap\u00e9 na necesidade de dar unha soluci\u00f3n extraordinaria pola v\u00eda legal \u00e1 situaci\u00f3n irregular na que viven en Espa\u00f1a arredor de 500.000 persoas na actualidade. &#8220;A irregularidade \u00e9 unha condena \u00e1 explotaci\u00f3n laboral, a invisibilidade ante as instituci\u00f3ns, a desprotecci\u00f3n xur\u00eddica ou a exclusi\u00f3n de facto de servizos p\u00fablicos esenciais como a educaci\u00f3n e a sanidade&#8221;, afirmaron. &#8220;Coa regularizaci\u00f3n non s\u00f3 se outorgar\u00edan dereitos fundamentais \u00e1s persoas migrantes, sen\u00f3n que se permitir\u00eda aflorar unha grande contribuci\u00f3n econ\u00f3mica e fiscal para a sociedade no seu conxunto&#8221;, engaden dende a Plataforma impulsora da Iniciativa.<\/p>\n\n\n\n<p>A ILP nace do movemento #Regularizaci\u00f3nXa, integrado por decenas de colectivos e redes migrantes organizadas, e entidades sociais e pol\u00edticas de diversa \u00edndole, que confl\u00faen baixo o obxectivo com\u00fan da regularizaci\u00f3n extraordinaria.<\/p>\n\n\n\n<p>Con 700 mil sinaturas recollidas, tr\u00e1tase da ILP que m\u00e1is apoios acadou en toda a historia da democracia espa\u00f1ola, abrindo unha nova etapa de incidencia pol\u00edtica nos pr\u00f3ximos meses, que incluir\u00e1 non s\u00f3 a aprobaci\u00f3n de novas declaraci\u00f3ns institucionais de apoio, sen\u00f3n tam\u00e9n outras acci\u00f3ns que sensibilicen os deputados e deputadas, ademais de seguir ampliando o respaldo social \u00e1 nova medida.<\/p>\n","protected":false},"excerpt":{"rendered":"<div class=\"mh-excerpt\"><p>A iniciativa \u00e9 promovida polo movemento estatal #Regularizaci\u00f3nXa despois de conseguir as 500 mil sinaturas necesarias para poder levar esta proposta de lei ao Congreso <a class=\"mh-excerpt-more\" href=\"https:\/\/www.anovapeneira.gal\/index.php\/2023\/12\/05\/tui-aproba-en-pleno-por-unanimidade-a-mocion-para-a-regularizacion-das-persoas-migrantes-que-xa-foi-aprobada-en-tomino-o-rosal-e-a-guarda\/\" title=\"Tui aproba en pleno, por unanimidade, a moci\u00f3n para a regularizaci\u00f3n das persoas migrantes que xa foi aprobada en Tomi\u00f1o, O Rosal e A Guarda\">[&#8230;]<\/a><\/p>\n<\/div>","protected":false},"author":3,"featured_media":10856,"comment_status":"open","ping_status":"open","sticky":false,"template":"","format":"standard","meta":{"_exactmetrics_skip_tracking":false,"_exactmetrics_sitenote_active":false,"_exactmetrics_sitenote_note":"","_exactmetrics_sitenote_category":0,"footnotes":""},"categories":[21],"tags":[426],"class_list":{"0":"post-10854","1":"post","2":"type-post","3":"status-publish","4":"format-standard","5":"has-post-thumbnail","7":"category-baixo-mino","8":"tag-concello-de-tui"},"yoast_head":"<!-- This site is optimized with the Yoast SEO plugin v27.4 - https:\/\/yoast.com\/product\/yoast-seo-wordpress\/ -->\n<title>Tui aproba en pleno, por unanimidade, a moci\u00f3n para a regularizaci\u00f3n das persoas migrantes que xa foi aprobada en Tomi\u00f1o, O Rosal e A Guarda -<\/title>\n<meta name=\"description\" content=\"A iniciativa \u00e9 promovida polo movemento estatal #Regularizaci\u00f3nXa despois de conseguir as 500 mil sinaturas necesarias para poder levar esta proposta de lei ao Congreso\" \/>\n<meta name=\"robots\" content=\"index, follow, max-snippet:-1, max-image-preview:large, max-video-preview:-1\" \/>\n<link rel=\"canonical\" href=\"https:\/\/www.anovapeneira.gal\/index.php\/2023\/12\/05\/tui-aproba-en-pleno-por-unanimidade-a-mocion-para-a-regularizacion-das-persoas-migrantes-que-xa-foi-aprobada-en-tomino-o-rosal-e-a-guarda\/\" \/>\n<meta property=\"og:locale\" content=\"gl_ES\" \/>\n<meta property=\"og:type\" content=\"article\" \/>\n<meta property=\"og:title\" content=\"Tui aproba en pleno, por unanimidade, a moci\u00f3n para a regularizaci\u00f3n das persoas migrantes que xa foi aprobada en Tomi\u00f1o, O Rosal e A Guarda -\" \/>\n<meta property=\"og:description\" content=\"A iniciativa \u00e9 promovida polo movemento estatal #Regularizaci\u00f3nXa despois de conseguir as 500 mil sinaturas necesarias para poder levar esta proposta de lei ao Congreso\" \/>\n<meta property=\"og:url\" content=\"https:\/\/www.anovapeneira.gal\/index.php\/2023\/12\/05\/tui-aproba-en-pleno-por-unanimidade-a-mocion-para-a-regularizacion-das-persoas-migrantes-que-xa-foi-aprobada-en-tomino-o-rosal-e-a-guarda\/\" \/>\n<meta property=\"article:publisher\" content=\"https:\/\/www.facebook.com\/anovapeneira\" \/>\n<meta property=\"article:published_time\" content=\"2023-12-05T11:00:44+00:00\" \/>\n<meta property=\"article:modified_time\" content=\"2023-12-06T17:13:49+00:00\" \/>\n<meta property=\"og:image\" content=\"https:\/\/www.anovapeneira.gal\/wp-content\/uploads\/2023\/12\/auto_organizacion.jpg\" \/>\n\t<meta property=\"og:image:width\" content=\"720\" \/>\n\t<meta property=\"og:image:height\" content=\"432\" \/>\n\t<meta property=\"og:image:type\" content=\"image\/jpeg\" \/>\n<meta name=\"author\" content=\"Redacci\u00f3n A Nova Peneira\" \/>\n<meta name=\"twitter:card\" content=\"summary_large_image\" \/>\n<meta name=\"twitter:creator\" content=\"@APeneira\" \/>\n<meta name=\"twitter:site\" content=\"@APeneira\" \/>\n<meta name=\"twitter:label1\" content=\"Escrito por\" \/>\n\t<meta name=\"twitter:data1\" content=\"Redacci\u00f3n A Nova Peneira\" \/>\n\t<meta name=\"twitter:label2\" content=\"Tempo de lectura\" \/>\n\t<meta name=\"twitter:data2\" content=\"2 minutos\" \/>\n<script type=\"application\/ld+json\" class=\"yoast-schema-graph\">{\"@context\":\"https:\\\/\\\/schema.org\",\"@graph\":[{\"@type\":\"Article\",\"@id\":\"https:\\\/\\\/www.anovapeneira.gal\\\/index.php\\\/2023\\\/12\\\/05\\\/tui-aproba-en-pleno-por-unanimidade-a-mocion-para-a-regularizacion-das-persoas-migrantes-que-xa-foi-aprobada-en-tomino-o-rosal-e-a-guarda\\\/#article\",\"isPartOf\":{\"@id\":\"https:\\\/\\\/www.anovapeneira.gal\\\/index.php\\\/2023\\\/12\\\/05\\\/tui-aproba-en-pleno-por-unanimidade-a-mocion-para-a-regularizacion-das-persoas-migrantes-que-xa-foi-aprobada-en-tomino-o-rosal-e-a-guarda\\\/\"},\"author\":{\"name\":\"Redacci\u00f3n A Nova Peneira\",\"@id\":\"https:\\\/\\\/www.anovapeneira.gal\\\/#\\\/schema\\\/person\\\/b93e3f8932e3f8da96334607eb6ac6aa\"},\"headline\":\"Tui aproba en pleno, por unanimidade, a moci\u00f3n para a regularizaci\u00f3n das persoas migrantes que xa foi aprobada en Tomi\u00f1o, O Rosal e A Guarda\",\"datePublished\":\"2023-12-05T11:00:44+00:00\",\"dateModified\":\"2023-12-06T17:13:49+00:00\",\"mainEntityOfPage\":{\"@id\":\"https:\\\/\\\/www.anovapeneira.gal\\\/index.php\\\/2023\\\/12\\\/05\\\/tui-aproba-en-pleno-por-unanimidade-a-mocion-para-a-regularizacion-das-persoas-migrantes-que-xa-foi-aprobada-en-tomino-o-rosal-e-a-guarda\\\/\"},\"wordCount\":395,\"commentCount\":0,\"publisher\":{\"@id\":\"https:\\\/\\\/www.anovapeneira.gal\\\/#organization\"},\"image\":{\"@id\":\"https:\\\/\\\/www.anovapeneira.gal\\\/index.php\\\/2023\\\/12\\\/05\\\/tui-aproba-en-pleno-por-unanimidade-a-mocion-para-a-regularizacion-das-persoas-migrantes-que-xa-foi-aprobada-en-tomino-o-rosal-e-a-guarda\\\/#primaryimage\"},\"thumbnailUrl\":\"https:\\\/\\\/www.anovapeneira.gal\\\/wp-content\\\/uploads\\\/2023\\\/12\\\/auto_organizacion.jpg\",\"keywords\":[\"Concello de Tui\"],\"articleSection\":[\"Baixo Mi\u00f1o\"],\"inLanguage\":\"gl-ES\",\"potentialAction\":[{\"@type\":\"CommentAction\",\"name\":\"Comment\",\"target\":[\"https:\\\/\\\/www.anovapeneira.gal\\\/index.php\\\/2023\\\/12\\\/05\\\/tui-aproba-en-pleno-por-unanimidade-a-mocion-para-a-regularizacion-das-persoas-migrantes-que-xa-foi-aprobada-en-tomino-o-rosal-e-a-guarda\\\/#respond\"]}]},{\"@type\":\"WebPage\",\"@id\":\"https:\\\/\\\/www.anovapeneira.gal\\\/index.php\\\/2023\\\/12\\\/05\\\/tui-aproba-en-pleno-por-unanimidade-a-mocion-para-a-regularizacion-das-persoas-migrantes-que-xa-foi-aprobada-en-tomino-o-rosal-e-a-guarda\\\/\",\"url\":\"https:\\\/\\\/www.anovapeneira.gal\\\/index.php\\\/2023\\\/12\\\/05\\\/tui-aproba-en-pleno-por-unanimidade-a-mocion-para-a-regularizacion-das-persoas-migrantes-que-xa-foi-aprobada-en-tomino-o-rosal-e-a-guarda\\\/\",\"name\":\"Tui aproba en pleno, por unanimidade, a moci\u00f3n para a regularizaci\u00f3n das persoas migrantes que xa foi aprobada en Tomi\u00f1o, O Rosal e A Guarda -\",\"isPartOf\":{\"@id\":\"https:\\\/\\\/www.anovapeneira.gal\\\/#website\"},\"primaryImageOfPage\":{\"@id\":\"https:\\\/\\\/www.anovapeneira.gal\\\/index.php\\\/2023\\\/12\\\/05\\\/tui-aproba-en-pleno-por-unanimidade-a-mocion-para-a-regularizacion-das-persoas-migrantes-que-xa-foi-aprobada-en-tomino-o-rosal-e-a-guarda\\\/#primaryimage\"},\"image\":{\"@id\":\"https:\\\/\\\/www.anovapeneira.gal\\\/index.php\\\/2023\\\/12\\\/05\\\/tui-aproba-en-pleno-por-unanimidade-a-mocion-para-a-regularizacion-das-persoas-migrantes-que-xa-foi-aprobada-en-tomino-o-rosal-e-a-guarda\\\/#primaryimage\"},\"thumbnailUrl\":\"https:\\\/\\\/www.anovapeneira.gal\\\/wp-content\\\/uploads\\\/2023\\\/12\\\/auto_organizacion.jpg\",\"datePublished\":\"2023-12-05T11:00:44+00:00\",\"dateModified\":\"2023-12-06T17:13:49+00:00\",\"description\":\"A iniciativa \u00e9 promovida polo movemento estatal #Regularizaci\u00f3nXa despois de conseguir as 500 mil sinaturas necesarias para poder levar esta proposta de lei ao Congreso\",\"breadcrumb\":{\"@id\":\"https:\\\/\\\/www.anovapeneira.gal\\\/index.php\\\/2023\\\/12\\\/05\\\/tui-aproba-en-pleno-por-unanimidade-a-mocion-para-a-regularizacion-das-persoas-migrantes-que-xa-foi-aprobada-en-tomino-o-rosal-e-a-guarda\\\/#breadcrumb\"},\"inLanguage\":\"gl-ES\",\"potentialAction\":[{\"@type\":\"ReadAction\",\"target\":[\"https:\\\/\\\/www.anovapeneira.gal\\\/index.php\\\/2023\\\/12\\\/05\\\/tui-aproba-en-pleno-por-unanimidade-a-mocion-para-a-regularizacion-das-persoas-migrantes-que-xa-foi-aprobada-en-tomino-o-rosal-e-a-guarda\\\/\"]}]},{\"@type\":\"ImageObject\",\"inLanguage\":\"gl-ES\",\"@id\":\"https:\\\/\\\/www.anovapeneira.gal\\\/index.php\\\/2023\\\/12\\\/05\\\/tui-aproba-en-pleno-por-unanimidade-a-mocion-para-a-regularizacion-das-persoas-migrantes-que-xa-foi-aprobada-en-tomino-o-rosal-e-a-guarda\\\/#primaryimage\",\"url\":\"https:\\\/\\\/www.anovapeneira.gal\\\/wp-content\\\/uploads\\\/2023\\\/12\\\/auto_organizacion.jpg\",\"contentUrl\":\"https:\\\/\\\/www.anovapeneira.gal\\\/wp-content\\\/uploads\\\/2023\\\/12\\\/auto_organizacion.jpg\",\"width\":720,\"height\":432,\"caption\":\"Auto organizaci\u00f3n Tui\"},{\"@type\":\"BreadcrumbList\",\"@id\":\"https:\\\/\\\/www.anovapeneira.gal\\\/index.php\\\/2023\\\/12\\\/05\\\/tui-aproba-en-pleno-por-unanimidade-a-mocion-para-a-regularizacion-das-persoas-migrantes-que-xa-foi-aprobada-en-tomino-o-rosal-e-a-guarda\\\/#breadcrumb\",\"itemListElement\":[{\"@type\":\"ListItem\",\"position\":1,\"name\":\"Portada\",\"item\":\"https:\\\/\\\/www.anovapeneira.gal\\\/\"},{\"@type\":\"ListItem\",\"position\":2,\"name\":\"Tui aproba en pleno, por unanimidade, a moci\u00f3n para a regularizaci\u00f3n das persoas migrantes que xa foi aprobada en Tomi\u00f1o, O Rosal e A Guarda\"}]},{\"@type\":\"WebSite\",\"@id\":\"https:\\\/\\\/www.anovapeneira.gal\\\/#website\",\"url\":\"https:\\\/\\\/www.anovapeneira.gal\\\/\",\"name\":\"\",\"description\":\"Xornal galego de informaci\u00f3n xeral Publicaci\u00f3n mensual de novas de Galicia e en especial dos Concellos da sur da provincia de Pontevedra.\",\"publisher\":{\"@id\":\"https:\\\/\\\/www.anovapeneira.gal\\\/#organization\"},\"potentialAction\":[{\"@type\":\"SearchAction\",\"target\":{\"@type\":\"EntryPoint\",\"urlTemplate\":\"https:\\\/\\\/www.anovapeneira.gal\\\/?s={search_term_string}\"},\"query-input\":{\"@type\":\"PropertyValueSpecification\",\"valueRequired\":true,\"valueName\":\"search_term_string\"}}],\"inLanguage\":\"gl-ES\"},{\"@type\":\"Organization\",\"@id\":\"https:\\\/\\\/www.anovapeneira.gal\\\/#organization\",\"name\":\"A Nova Peneira\",\"url\":\"https:\\\/\\\/www.anovapeneira.gal\\\/\",\"logo\":{\"@type\":\"ImageObject\",\"inLanguage\":\"gl-ES\",\"@id\":\"https:\\\/\\\/www.anovapeneira.gal\\\/#\\\/schema\\\/logo\\\/image\\\/\",\"url\":\"http:\\\/\\\/www.anovapeneira.gal\\\/wp-content\\\/uploads\\\/2019\\\/06\\\/logo_a_nova_peneira_portal_web.png\",\"contentUrl\":\"http:\\\/\\\/www.anovapeneira.gal\\\/wp-content\\\/uploads\\\/2019\\\/06\\\/logo_a_nova_peneira_portal_web.png\",\"width\":300,\"height\":100,\"caption\":\"A Nova Peneira\"},\"image\":{\"@id\":\"https:\\\/\\\/www.anovapeneira.gal\\\/#\\\/schema\\\/logo\\\/image\\\/\"},\"sameAs\":[\"https:\\\/\\\/www.facebook.com\\\/anovapeneira\",\"https:\\\/\\\/x.com\\\/APeneira\"]},{\"@type\":\"Person\",\"@id\":\"https:\\\/\\\/www.anovapeneira.gal\\\/#\\\/schema\\\/person\\\/b93e3f8932e3f8da96334607eb6ac6aa\",\"name\":\"Redacci\u00f3n A Nova Peneira\",\"image\":{\"@type\":\"ImageObject\",\"inLanguage\":\"gl-ES\",\"@id\":\"https:\\\/\\\/secure.gravatar.com\\\/avatar\\\/c052a2551a06e23fac63626232eaa90abd78dbcf1700fc46a2b2c89fd27b735f?s=96&d=mm&r=g\",\"url\":\"https:\\\/\\\/secure.gravatar.com\\\/avatar\\\/c052a2551a06e23fac63626232eaa90abd78dbcf1700fc46a2b2c89fd27b735f?s=96&d=mm&r=g\",\"contentUrl\":\"https:\\\/\\\/secure.gravatar.com\\\/avatar\\\/c052a2551a06e23fac63626232eaa90abd78dbcf1700fc46a2b2c89fd27b735f?s=96&d=mm&r=g\",\"caption\":\"Redacci\u00f3n A Nova Peneira\"},\"sameAs\":[\"http:\\\/\\\/www.anovapeneira.gal\\\/\"],\"url\":\"https:\\\/\\\/www.anovapeneira.gal\\\/index.php\\\/author\\\/redactor\\\/\"}]}<\/script>\n<!-- \/ Yoast SEO plugin. -->","yoast_head_json":{"title":"Tui aproba en pleno, por unanimidade, a moci\u00f3n para a regularizaci\u00f3n das persoas migrantes que xa foi aprobada en Tomi\u00f1o, O Rosal e A Guarda -","description":"A iniciativa \u00e9 promovida polo movemento estatal #Regularizaci\u00f3nXa despois de conseguir as 500 mil sinaturas necesarias para poder levar esta proposta de lei ao Congreso","robots":{"index":"index","follow":"follow","max-snippet":"max-snippet:-1","max-image-preview":"max-image-preview:large","max-video-preview":"max-video-preview:-1"},"canonical":"https:\/\/www.anovapeneira.gal\/index.php\/2023\/12\/05\/tui-aproba-en-pleno-por-unanimidade-a-mocion-para-a-regularizacion-das-persoas-migrantes-que-xa-foi-aprobada-en-tomino-o-rosal-e-a-guarda\/","og_locale":"gl_ES","og_type":"article","og_title":"Tui aproba en pleno, por unanimidade, a moci\u00f3n para a regularizaci\u00f3n das persoas migrantes que xa foi aprobada en Tomi\u00f1o, O Rosal e A Guarda -","og_description":"A iniciativa \u00e9 promovida polo movemento estatal #Regularizaci\u00f3nXa despois de conseguir as 500 mil sinaturas necesarias para poder levar esta proposta de lei ao Congreso","og_url":"https:\/\/www.anovapeneira.gal\/index.php\/2023\/12\/05\/tui-aproba-en-pleno-por-unanimidade-a-mocion-para-a-regularizacion-das-persoas-migrantes-que-xa-foi-aprobada-en-tomino-o-rosal-e-a-guarda\/","article_publisher":"https:\/\/www.facebook.com\/anovapeneira","article_published_time":"2023-12-05T11:00:44+00:00","article_modified_time":"2023-12-06T17:13:49+00:00","og_image":[{"width":720,"height":432,"url":"https:\/\/www.anovapeneira.gal\/wp-content\/uploads\/2023\/12\/auto_organizacion.jpg","type":"image\/jpeg"}],"author":"Redacci\u00f3n A Nova Peneira","twitter_card":"summary_large_image","twitter_creator":"@APeneira","twitter_site":"@APeneira","twitter_misc":{"Escrito por":"Redacci\u00f3n A Nova Peneira","Tempo de lectura":"2 minutos"},"schema":{"@context":"https:\/\/schema.org","@graph":[{"@type":"Article","@id":"https:\/\/www.anovapeneira.gal\/index.php\/2023\/12\/05\/tui-aproba-en-pleno-por-unanimidade-a-mocion-para-a-regularizacion-das-persoas-migrantes-que-xa-foi-aprobada-en-tomino-o-rosal-e-a-guarda\/#article","isPartOf":{"@id":"https:\/\/www.anovapeneira.gal\/index.php\/2023\/12\/05\/tui-aproba-en-pleno-por-unanimidade-a-mocion-para-a-regularizacion-das-persoas-migrantes-que-xa-foi-aprobada-en-tomino-o-rosal-e-a-guarda\/"},"author":{"name":"Redacci\u00f3n A Nova Peneira","@id":"https:\/\/www.anovapeneira.gal\/#\/schema\/person\/b93e3f8932e3f8da96334607eb6ac6aa"},"headline":"Tui aproba en pleno, por unanimidade, a moci\u00f3n para a regularizaci\u00f3n das persoas migrantes que xa foi aprobada en Tomi\u00f1o, O Rosal e A Guarda","datePublished":"2023-12-05T11:00:44+00:00","dateModified":"2023-12-06T17:13:49+00:00","mainEntityOfPage":{"@id":"https:\/\/www.anovapeneira.gal\/index.php\/2023\/12\/05\/tui-aproba-en-pleno-por-unanimidade-a-mocion-para-a-regularizacion-das-persoas-migrantes-que-xa-foi-aprobada-en-tomino-o-rosal-e-a-guarda\/"},"wordCount":395,"commentCount":0,"publisher":{"@id":"https:\/\/www.anovapeneira.gal\/#organization"},"image":{"@id":"https:\/\/www.anovapeneira.gal\/index.php\/2023\/12\/05\/tui-aproba-en-pleno-por-unanimidade-a-mocion-para-a-regularizacion-das-persoas-migrantes-que-xa-foi-aprobada-en-tomino-o-rosal-e-a-guarda\/#primaryimage"},"thumbnailUrl":"https:\/\/www.anovapeneira.gal\/wp-content\/uploads\/2023\/12\/auto_organizacion.jpg","keywords":["Concello de Tui"],"articleSection":["Baixo Mi\u00f1o"],"inLanguage":"gl-ES","potentialAction":[{"@type":"CommentAction","name":"Comment","target":["https:\/\/www.anovapeneira.gal\/index.php\/2023\/12\/05\/tui-aproba-en-pleno-por-unanimidade-a-mocion-para-a-regularizacion-das-persoas-migrantes-que-xa-foi-aprobada-en-tomino-o-rosal-e-a-guarda\/#respond"]}]},{"@type":"WebPage","@id":"https:\/\/www.anovapeneira.gal\/index.php\/2023\/12\/05\/tui-aproba-en-pleno-por-unanimidade-a-mocion-para-a-regularizacion-das-persoas-migrantes-que-xa-foi-aprobada-en-tomino-o-rosal-e-a-guarda\/","url":"https:\/\/www.anovapeneira.gal\/index.php\/2023\/12\/05\/tui-aproba-en-pleno-por-unanimidade-a-mocion-para-a-regularizacion-das-persoas-migrantes-que-xa-foi-aprobada-en-tomino-o-rosal-e-a-guarda\/","name":"Tui aproba en pleno, por unanimidade, a moci\u00f3n para a regularizaci\u00f3n das persoas migrantes que xa foi aprobada en Tomi\u00f1o, O Rosal e A Guarda -","isPartOf":{"@id":"https:\/\/www.anovapeneira.gal\/#website"},"primaryImageOfPage":{"@id":"https:\/\/www.anovapeneira.gal\/index.php\/2023\/12\/05\/tui-aproba-en-pleno-por-unanimidade-a-mocion-para-a-regularizacion-das-persoas-migrantes-que-xa-foi-aprobada-en-tomino-o-rosal-e-a-guarda\/#primaryimage"},"image":{"@id":"https:\/\/www.anovapeneira.gal\/index.php\/2023\/12\/05\/tui-aproba-en-pleno-por-unanimidade-a-mocion-para-a-regularizacion-das-persoas-migrantes-que-xa-foi-aprobada-en-tomino-o-rosal-e-a-guarda\/#primaryimage"},"thumbnailUrl":"https:\/\/www.anovapeneira.gal\/wp-content\/uploads\/2023\/12\/auto_organizacion.jpg","datePublished":"2023-12-05T11:00:44+00:00","dateModified":"2023-12-06T17:13:49+00:00","description":"A iniciativa \u00e9 promovida polo movemento estatal #Regularizaci\u00f3nXa despois de conseguir as 500 mil sinaturas necesarias para poder levar esta proposta de lei ao Congreso","breadcrumb":{"@id":"https:\/\/www.anovapeneira.gal\/index.php\/2023\/12\/05\/tui-aproba-en-pleno-por-unanimidade-a-mocion-para-a-regularizacion-das-persoas-migrantes-que-xa-foi-aprobada-en-tomino-o-rosal-e-a-guarda\/#breadcrumb"},"inLanguage":"gl-ES","potentialAction":[{"@type":"ReadAction","target":["https:\/\/www.anovapeneira.gal\/index.php\/2023\/12\/05\/tui-aproba-en-pleno-por-unanimidade-a-mocion-para-a-regularizacion-das-persoas-migrantes-que-xa-foi-aprobada-en-tomino-o-rosal-e-a-guarda\/"]}]},{"@type":"ImageObject","inLanguage":"gl-ES","@id":"https:\/\/www.anovapeneira.gal\/index.php\/2023\/12\/05\/tui-aproba-en-pleno-por-unanimidade-a-mocion-para-a-regularizacion-das-persoas-migrantes-que-xa-foi-aprobada-en-tomino-o-rosal-e-a-guarda\/#primaryimage","url":"https:\/\/www.anovapeneira.gal\/wp-content\/uploads\/2023\/12\/auto_organizacion.jpg","contentUrl":"https:\/\/www.anovapeneira.gal\/wp-content\/uploads\/2023\/12\/auto_organizacion.jpg","width":720,"height":432,"caption":"Auto organizaci\u00f3n Tui"},{"@type":"BreadcrumbList","@id":"https:\/\/www.anovapeneira.gal\/index.php\/2023\/12\/05\/tui-aproba-en-pleno-por-unanimidade-a-mocion-para-a-regularizacion-das-persoas-migrantes-que-xa-foi-aprobada-en-tomino-o-rosal-e-a-guarda\/#breadcrumb","itemListElement":[{"@type":"ListItem","position":1,"name":"Portada","item":"https:\/\/www.anovapeneira.gal\/"},{"@type":"ListItem","position":2,"name":"Tui aproba en pleno, por unanimidade, a moci\u00f3n para a regularizaci\u00f3n das persoas migrantes que xa foi aprobada en Tomi\u00f1o, O Rosal e A Guarda"}]},{"@type":"WebSite","@id":"https:\/\/www.anovapeneira.gal\/#website","url":"https:\/\/www.anovapeneira.gal\/","name":"","description":"Xornal galego de informaci\u00f3n xeral Publicaci\u00f3n mensual de novas de Galicia e en especial dos Concellos da sur da provincia de Pontevedra.","publisher":{"@id":"https:\/\/www.anovapeneira.gal\/#organization"},"potentialAction":[{"@type":"SearchAction","target":{"@type":"EntryPoint","urlTemplate":"https:\/\/www.anovapeneira.gal\/?s={search_term_string}"},"query-input":{"@type":"PropertyValueSpecification","valueRequired":true,"valueName":"search_term_string"}}],"inLanguage":"gl-ES"},{"@type":"Organization","@id":"https:\/\/www.anovapeneira.gal\/#organization","name":"A Nova Peneira","url":"https:\/\/www.anovapeneira.gal\/","logo":{"@type":"ImageObject","inLanguage":"gl-ES","@id":"https:\/\/www.anovapeneira.gal\/#\/schema\/logo\/image\/","url":"http:\/\/www.anovapeneira.gal\/wp-content\/uploads\/2019\/06\/logo_a_nova_peneira_portal_web.png","contentUrl":"http:\/\/www.anovapeneira.gal\/wp-content\/uploads\/2019\/06\/logo_a_nova_peneira_portal_web.png","width":300,"height":100,"caption":"A Nova Peneira"},"image":{"@id":"https:\/\/www.anovapeneira.gal\/#\/schema\/logo\/image\/"},"sameAs":["https:\/\/www.facebook.com\/anovapeneira","https:\/\/x.com\/APeneira"]},{"@type":"Person","@id":"https:\/\/www.anovapeneira.gal\/#\/schema\/person\/b93e3f8932e3f8da96334607eb6ac6aa","name":"Redacci\u00f3n A Nova Peneira","image":{"@type":"ImageObject","inLanguage":"gl-ES","@id":"https:\/\/secure.gravatar.com\/avatar\/c052a2551a06e23fac63626232eaa90abd78dbcf1700fc46a2b2c89fd27b735f?s=96&d=mm&r=g","url":"https:\/\/secure.gravatar.com\/avatar\/c052a2551a06e23fac63626232eaa90abd78dbcf1700fc46a2b2c89fd27b735f?s=96&d=mm&r=g","contentUrl":"https:\/\/secure.gravatar.com\/avatar\/c052a2551a06e23fac63626232eaa90abd78dbcf1700fc46a2b2c89fd27b735f?s=96&d=mm&r=g","caption":"Redacci\u00f3n A Nova Peneira"},"sameAs":["http:\/\/www.anovapeneira.gal\/"],"url":"https:\/\/www.anovapeneira.gal\/index.php\/author\/redactor\/"}]}},"jetpack_featured_media_url":"https:\/\/www.anovapeneira.gal\/wp-content\/uploads\/2023\/12\/auto_organizacion.jpg","_links":{"self":[{"href":"https:\/\/www.anovapeneira.gal\/index.php\/wp-json\/wp\/v2\/posts\/10854","targetHints":{"allow":["GET"]}}],"collection":[{"href":"https:\/\/www.anovapeneira.gal\/index.php\/wp-json\/wp\/v2\/posts"}],"about":[{"href":"https:\/\/www.anovapeneira.gal\/index.php\/wp-json\/wp\/v2\/types\/post"}],"author":[{"embeddable":true,"href":"https:\/\/www.anovapeneira.gal\/index.php\/wp-json\/wp\/v2\/users\/3"}],"replies":[{"embeddable":true,"href":"https:\/\/www.anovapeneira.gal\/index.php\/wp-json\/wp\/v2\/comments?post=10854"}],"version-history":[{"count":1,"href":"https:\/\/www.anovapeneira.gal\/index.php\/wp-json\/wp\/v2\/posts\/10854\/revisions"}],"predecessor-version":[{"id":10855,"href":"https:\/\/www.anovapeneira.gal\/index.php\/wp-json\/wp\/v2\/posts\/10854\/revisions\/10855"}],"wp:featuredmedia":[{"embeddable":true,"href":"https:\/\/www.anovapeneira.gal\/index.php\/wp-json\/wp\/v2\/media\/10856"}],"wp:attachment":[{"href":"https:\/\/www.anovapeneira.gal\/index.php\/wp-json\/wp\/v2\/media?parent=10854"}],"wp:term":[{"taxonomy":"category","embeddable":true,"href":"https:\/\/www.anovapeneira.gal\/index.php\/wp-json\/wp\/v2\/categories?post=10854"},{"taxonomy":"post_tag","embeddable":true,"href":"https:\/\/www.anovapeneira.gal\/index.php\/wp-json\/wp\/v2\/tags?post=10854"}],"curies":[{"name":"wp","href":"https:\/\/api.w.org\/{rel}","templated":true}]}}