{"id":10857,"date":"2023-12-06T10:00:19","date_gmt":"2023-12-06T09:00:19","guid":{"rendered":"https:\/\/www.anovapeneira.gal\/?p=10857"},"modified":"2023-12-04T10:28:36","modified_gmt":"2023-12-04T09:28:36","slug":"a-cig-rexeita-a-privatizacion-dos-colexios-publicos-dependentes-do-concello-de-vigo","status":"publish","type":"post","link":"https:\/\/www.anovapeneira.gal\/index.php\/2023\/12\/06\/a-cig-rexeita-a-privatizacion-dos-colexios-publicos-dependentes-do-concello-de-vigo\/","title":{"rendered":"A CIG rexeita a privatizaci\u00f3n dos colexios p\u00fablicos dependentes do Concello de Vigo"},"content":{"rendered":"\n<h2 class=\"wp-block-heading\">Denuncia que o Goberno local v\u00e9n de iniciar o expediente de contrataci\u00f3n do servizo de mantemento, conservaci\u00f3n e vixilancia<\/h2>\n\n\n\n<p><br><strong>Vigo, 1 de decembro de 2023. <\/strong><\/p>\n\n\n\n<p>A secci\u00f3n sindical da CIG no Concello de Vigo v\u00e9n de amosar o seu rexeitamento ao proceso de privatizaci\u00f3n do servizo de mantemento, conservaci\u00f3n e vixilancia dos colexios e das escolas p\u00fablicas municipais posto en marcha polo Goberno local.<\/p>\n\n\n\n<p>Dende a central sindical sinalan que \u201ca\u00ednda que era un ruxe ruxe dentro do consistorio que nin sequera a propia concelleira negaba atop\u00e1monos esta semana coa aprobaci\u00f3n pola v\u00eda extraordinaria e urxente do expediente de contrataci\u00f3n deste servizo nos 49 centros educativos dependentes do Concello\u201d.<\/p>\n\n\n\n<p>Neste senso, lembran que o artigo 25.2 da Lei 7\/1985, reguladora das bases do r\u00e9xime local, disp\u00f3n que os municipios exercer\u00e1n como competencias propias a conservaci\u00f3n, mantemento e vixilancia dos edificios de titularidade local destinados a centros p\u00fablicos de educaci\u00f3n infantil, primaria ou especial. No caso de Vigo esta competencia era exercida a trav\u00e9s da Concellar\u00eda de Educaci\u00f3n con persoal propio do Concello: oficiais e\/ou axudantes de oficios.<br>Este persoal era fixo ou temporal (para cubrir as necesidades do servizo e cubrir xubilaci\u00f3ns) e entre as s\u00faas funci\u00f3ns incl\u00faense apertura e peche dos centros, control da calefacci\u00f3n, vixilancia e mantemento das instalaci\u00f3ns (fontaner\u00eda, xardiner\u00eda, electricidade, etc).<br>\u201cMais as nefastas pol\u00edticas implantadas polo PP para reducir o funcionariado a trav\u00e9s da imposici\u00f3n da taxa de reposici\u00f3n cero (prohibici\u00f3n de convocar as vacantes por xubilaci\u00f3n) e o consentimento do posterior goberno \u201cprogresista\u201d, as\u00ed como a caladi\u00f1a dos sindicatos estatais, est\u00e1n a provocar a defenestraci\u00f3n dos servizos p\u00fablicos\u201d.<br>Neste contexto, na CIG consideran que a privatizaci\u00f3n dos conserxes dos colexios p\u00fablicos \u00e9 un claro exemplo do af\u00e1n privatizador do Goberno de Abel Caballero. \u201cE o m\u00e1is lament\u00e1bel \u00e9 que a concelleira que executa este contrato foi durante anos mestra e directora nun colexio p\u00fablico vigu\u00e9s\u201d.<br>Contrato millonario<br>Segundo explican dende a central sindical, tr\u00e1tase dun contrato de case 1 mill\u00f3n de euros ao ano cunha duraci\u00f3n total de cinco ano que engloba a 49 colexios e escolas infant\u00eds. \u201cA figura do conserxe (oficial de mantemento) \u00e9 fundamental para a comunidade educativa, polo que as escolas necesitan unha persoa de referencia, fixa no tempo e con implicaci\u00f3n no servizo p\u00fablico\u201d.<br>Por iso denuncian que coa privatizaci\u00f3n \u201cs\u00f3 se facilita que unha grande empresa ve\u00f1a pousar as s\u00faas gadoupas sobre as arcas municipais para embolsarse un bo beneficio\u201d. Xa que o contrato prev\u00e9 a incorporaci\u00f3n de 29 persoas a tempo parcial, que cobrar\u00e1n pouco m\u00e1is de 1000 euros brutos. \u201cPor unha banda temos unha empresa con beneficios, e por outra temos persoas traballadoras precarizadas que non chegan ao salario m\u00ednimo e que ter\u00e1n que pluriempregarse\u201d.<br>En consecuencia, dende a CIG reiteran o seu rexeitamento \u00e1 pol\u00edtica de privatizaci\u00f3n dos servizos p\u00fablicos que caracteriza o Concello de Vigo, \u201cxa que se trata duns servizos fundamentais cuxa xesti\u00f3n p\u00fablica debemos de blindar e que te\u00f1en que contar co persoal suficiente para garantir a s\u00faa calidade\u201d.<\/p>\n","protected":false},"excerpt":{"rendered":"<div class=\"mh-excerpt\"><p>A CIG rexeita a privatizaci\u00f3n dos colexios p\u00fablicos dependentes do Concello de Vigo <a class=\"mh-excerpt-more\" href=\"https:\/\/www.anovapeneira.gal\/index.php\/2023\/12\/06\/a-cig-rexeita-a-privatizacion-dos-colexios-publicos-dependentes-do-concello-de-vigo\/\" title=\"A CIG rexeita a privatizaci\u00f3n dos colexios p\u00fablicos dependentes do Concello de Vigo\">[&#8230;]<\/a><\/p>\n<\/div>","protected":false},"author":3,"featured_media":632,"comment_status":"open","ping_status":"open","sticky":false,"template":"","format":"standard","meta":{"_exactmetrics_skip_tracking":false,"_exactmetrics_sitenote_active":false,"_exactmetrics_sitenote_note":"","_exactmetrics_sitenote_category":0,"footnotes":""},"categories":[19],"tags":[88,227],"class_list":{"0":"post-10857","1":"post","2":"type-post","3":"status-publish","4":"format-standard","5":"has-post-thumbnail","7":"category-vigo","8":"tag-cig","9":"tag-concello-de-vigo"},"yoast_head":"<!-- This site is optimized with the Yoast SEO plugin v27.4 - https:\/\/yoast.com\/product\/yoast-seo-wordpress\/ -->\n<title>A CIG rexeita a privatizaci\u00f3n dos colexios p\u00fablicos dependentes do Concello de Vigo -<\/title>\n<meta name=\"description\" content=\"Denuncia que o Goberno local v\u00e9n de iniciar o expediente de contrataci\u00f3n do servizo de mantemento, conservaci\u00f3n e vixilancia\" \/>\n<meta name=\"robots\" content=\"index, follow, max-snippet:-1, max-image-preview:large, max-video-preview:-1\" \/>\n<link rel=\"canonical\" href=\"https:\/\/www.anovapeneira.gal\/index.php\/2023\/12\/06\/a-cig-rexeita-a-privatizacion-dos-colexios-publicos-dependentes-do-concello-de-vigo\/\" \/>\n<meta property=\"og:locale\" content=\"gl_ES\" \/>\n<meta property=\"og:type\" content=\"article\" \/>\n<meta property=\"og:title\" content=\"A CIG rexeita a privatizaci\u00f3n dos colexios p\u00fablicos dependentes do Concello de Vigo -\" \/>\n<meta property=\"og:description\" content=\"Denuncia que o Goberno local v\u00e9n de iniciar o expediente de contrataci\u00f3n do servizo de mantemento, conservaci\u00f3n e vixilancia\" \/>\n<meta property=\"og:url\" content=\"https:\/\/www.anovapeneira.gal\/index.php\/2023\/12\/06\/a-cig-rexeita-a-privatizacion-dos-colexios-publicos-dependentes-do-concello-de-vigo\/\" \/>\n<meta property=\"article:publisher\" content=\"https:\/\/www.facebook.com\/anovapeneira\" \/>\n<meta property=\"article:published_time\" content=\"2023-12-06T09:00:19+00:00\" \/>\n<meta property=\"og:image\" content=\"https:\/\/www.anovapeneira.gal\/wp-content\/uploads\/2019\/07\/CIG_a_nova_peneira.png\" \/>\n\t<meta property=\"og:image:width\" content=\"720\" \/>\n\t<meta property=\"og:image:height\" content=\"473\" \/>\n\t<meta property=\"og:image:type\" content=\"image\/png\" \/>\n<meta name=\"author\" content=\"Redacci\u00f3n A Nova Peneira\" \/>\n<meta name=\"twitter:card\" content=\"summary_large_image\" \/>\n<meta name=\"twitter:creator\" content=\"@APeneira\" \/>\n<meta name=\"twitter:site\" content=\"@APeneira\" \/>\n<meta name=\"twitter:label1\" content=\"Escrito por\" \/>\n\t<meta name=\"twitter:data1\" content=\"Redacci\u00f3n A Nova Peneira\" \/>\n\t<meta name=\"twitter:label2\" content=\"Tempo de lectura\" \/>\n\t<meta name=\"twitter:data2\" content=\"3 minutos\" \/>\n<script type=\"application\/ld+json\" class=\"yoast-schema-graph\">{\"@context\":\"https:\\\/\\\/schema.org\",\"@graph\":[{\"@type\":\"Article\",\"@id\":\"https:\\\/\\\/www.anovapeneira.gal\\\/index.php\\\/2023\\\/12\\\/06\\\/a-cig-rexeita-a-privatizacion-dos-colexios-publicos-dependentes-do-concello-de-vigo\\\/#article\",\"isPartOf\":{\"@id\":\"https:\\\/\\\/www.anovapeneira.gal\\\/index.php\\\/2023\\\/12\\\/06\\\/a-cig-rexeita-a-privatizacion-dos-colexios-publicos-dependentes-do-concello-de-vigo\\\/\"},\"author\":{\"name\":\"Redacci\u00f3n A Nova Peneira\",\"@id\":\"https:\\\/\\\/www.anovapeneira.gal\\\/#\\\/schema\\\/person\\\/b93e3f8932e3f8da96334607eb6ac6aa\"},\"headline\":\"A CIG rexeita a privatizaci\u00f3n dos colexios p\u00fablicos dependentes do Concello de Vigo\",\"datePublished\":\"2023-12-06T09:00:19+00:00\",\"mainEntityOfPage\":{\"@id\":\"https:\\\/\\\/www.anovapeneira.gal\\\/index.php\\\/2023\\\/12\\\/06\\\/a-cig-rexeita-a-privatizacion-dos-colexios-publicos-dependentes-do-concello-de-vigo\\\/\"},\"wordCount\":567,\"commentCount\":0,\"publisher\":{\"@id\":\"https:\\\/\\\/www.anovapeneira.gal\\\/#organization\"},\"image\":{\"@id\":\"https:\\\/\\\/www.anovapeneira.gal\\\/index.php\\\/2023\\\/12\\\/06\\\/a-cig-rexeita-a-privatizacion-dos-colexios-publicos-dependentes-do-concello-de-vigo\\\/#primaryimage\"},\"thumbnailUrl\":\"https:\\\/\\\/www.anovapeneira.gal\\\/wp-content\\\/uploads\\\/2019\\\/07\\\/CIG_a_nova_peneira.png\",\"keywords\":[\"CIG\",\"Concello de Vigo\"],\"articleSection\":[\"Vigo\"],\"inLanguage\":\"gl-ES\",\"potentialAction\":[{\"@type\":\"CommentAction\",\"name\":\"Comment\",\"target\":[\"https:\\\/\\\/www.anovapeneira.gal\\\/index.php\\\/2023\\\/12\\\/06\\\/a-cig-rexeita-a-privatizacion-dos-colexios-publicos-dependentes-do-concello-de-vigo\\\/#respond\"]}]},{\"@type\":\"WebPage\",\"@id\":\"https:\\\/\\\/www.anovapeneira.gal\\\/index.php\\\/2023\\\/12\\\/06\\\/a-cig-rexeita-a-privatizacion-dos-colexios-publicos-dependentes-do-concello-de-vigo\\\/\",\"url\":\"https:\\\/\\\/www.anovapeneira.gal\\\/index.php\\\/2023\\\/12\\\/06\\\/a-cig-rexeita-a-privatizacion-dos-colexios-publicos-dependentes-do-concello-de-vigo\\\/\",\"name\":\"A CIG rexeita a privatizaci\u00f3n dos colexios p\u00fablicos dependentes do Concello de Vigo -\",\"isPartOf\":{\"@id\":\"https:\\\/\\\/www.anovapeneira.gal\\\/#website\"},\"primaryImageOfPage\":{\"@id\":\"https:\\\/\\\/www.anovapeneira.gal\\\/index.php\\\/2023\\\/12\\\/06\\\/a-cig-rexeita-a-privatizacion-dos-colexios-publicos-dependentes-do-concello-de-vigo\\\/#primaryimage\"},\"image\":{\"@id\":\"https:\\\/\\\/www.anovapeneira.gal\\\/index.php\\\/2023\\\/12\\\/06\\\/a-cig-rexeita-a-privatizacion-dos-colexios-publicos-dependentes-do-concello-de-vigo\\\/#primaryimage\"},\"thumbnailUrl\":\"https:\\\/\\\/www.anovapeneira.gal\\\/wp-content\\\/uploads\\\/2019\\\/07\\\/CIG_a_nova_peneira.png\",\"datePublished\":\"2023-12-06T09:00:19+00:00\",\"description\":\"Denuncia que o Goberno local v\u00e9n de iniciar o expediente de contrataci\u00f3n do servizo de mantemento, conservaci\u00f3n e vixilancia\",\"breadcrumb\":{\"@id\":\"https:\\\/\\\/www.anovapeneira.gal\\\/index.php\\\/2023\\\/12\\\/06\\\/a-cig-rexeita-a-privatizacion-dos-colexios-publicos-dependentes-do-concello-de-vigo\\\/#breadcrumb\"},\"inLanguage\":\"gl-ES\",\"potentialAction\":[{\"@type\":\"ReadAction\",\"target\":[\"https:\\\/\\\/www.anovapeneira.gal\\\/index.php\\\/2023\\\/12\\\/06\\\/a-cig-rexeita-a-privatizacion-dos-colexios-publicos-dependentes-do-concello-de-vigo\\\/\"]}]},{\"@type\":\"ImageObject\",\"inLanguage\":\"gl-ES\",\"@id\":\"https:\\\/\\\/www.anovapeneira.gal\\\/index.php\\\/2023\\\/12\\\/06\\\/a-cig-rexeita-a-privatizacion-dos-colexios-publicos-dependentes-do-concello-de-vigo\\\/#primaryimage\",\"url\":\"https:\\\/\\\/www.anovapeneira.gal\\\/wp-content\\\/uploads\\\/2019\\\/07\\\/CIG_a_nova_peneira.png\",\"contentUrl\":\"https:\\\/\\\/www.anovapeneira.gal\\\/wp-content\\\/uploads\\\/2019\\\/07\\\/CIG_a_nova_peneira.png\",\"width\":720,\"height\":473,\"caption\":\"Confederaci\u00f3n Intersindical Galega A Nova Peneira\"},{\"@type\":\"BreadcrumbList\",\"@id\":\"https:\\\/\\\/www.anovapeneira.gal\\\/index.php\\\/2023\\\/12\\\/06\\\/a-cig-rexeita-a-privatizacion-dos-colexios-publicos-dependentes-do-concello-de-vigo\\\/#breadcrumb\",\"itemListElement\":[{\"@type\":\"ListItem\",\"position\":1,\"name\":\"Portada\",\"item\":\"https:\\\/\\\/www.anovapeneira.gal\\\/\"},{\"@type\":\"ListItem\",\"position\":2,\"name\":\"A CIG rexeita a privatizaci\u00f3n dos colexios p\u00fablicos dependentes do Concello de Vigo\"}]},{\"@type\":\"WebSite\",\"@id\":\"https:\\\/\\\/www.anovapeneira.gal\\\/#website\",\"url\":\"https:\\\/\\\/www.anovapeneira.gal\\\/\",\"name\":\"\",\"description\":\"Xornal galego de informaci\u00f3n xeral Publicaci\u00f3n mensual de novas de Galicia e en especial dos Concellos da sur da provincia de Pontevedra.\",\"publisher\":{\"@id\":\"https:\\\/\\\/www.anovapeneira.gal\\\/#organization\"},\"potentialAction\":[{\"@type\":\"SearchAction\",\"target\":{\"@type\":\"EntryPoint\",\"urlTemplate\":\"https:\\\/\\\/www.anovapeneira.gal\\\/?s={search_term_string}\"},\"query-input\":{\"@type\":\"PropertyValueSpecification\",\"valueRequired\":true,\"valueName\":\"search_term_string\"}}],\"inLanguage\":\"gl-ES\"},{\"@type\":\"Organization\",\"@id\":\"https:\\\/\\\/www.anovapeneira.gal\\\/#organization\",\"name\":\"A Nova Peneira\",\"url\":\"https:\\\/\\\/www.anovapeneira.gal\\\/\",\"logo\":{\"@type\":\"ImageObject\",\"inLanguage\":\"gl-ES\",\"@id\":\"https:\\\/\\\/www.anovapeneira.gal\\\/#\\\/schema\\\/logo\\\/image\\\/\",\"url\":\"http:\\\/\\\/www.anovapeneira.gal\\\/wp-content\\\/uploads\\\/2019\\\/06\\\/logo_a_nova_peneira_portal_web.png\",\"contentUrl\":\"http:\\\/\\\/www.anovapeneira.gal\\\/wp-content\\\/uploads\\\/2019\\\/06\\\/logo_a_nova_peneira_portal_web.png\",\"width\":300,\"height\":100,\"caption\":\"A Nova Peneira\"},\"image\":{\"@id\":\"https:\\\/\\\/www.anovapeneira.gal\\\/#\\\/schema\\\/logo\\\/image\\\/\"},\"sameAs\":[\"https:\\\/\\\/www.facebook.com\\\/anovapeneira\",\"https:\\\/\\\/x.com\\\/APeneira\"]},{\"@type\":\"Person\",\"@id\":\"https:\\\/\\\/www.anovapeneira.gal\\\/#\\\/schema\\\/person\\\/b93e3f8932e3f8da96334607eb6ac6aa\",\"name\":\"Redacci\u00f3n A Nova Peneira\",\"image\":{\"@type\":\"ImageObject\",\"inLanguage\":\"gl-ES\",\"@id\":\"https:\\\/\\\/secure.gravatar.com\\\/avatar\\\/c052a2551a06e23fac63626232eaa90abd78dbcf1700fc46a2b2c89fd27b735f?s=96&d=mm&r=g\",\"url\":\"https:\\\/\\\/secure.gravatar.com\\\/avatar\\\/c052a2551a06e23fac63626232eaa90abd78dbcf1700fc46a2b2c89fd27b735f?s=96&d=mm&r=g\",\"contentUrl\":\"https:\\\/\\\/secure.gravatar.com\\\/avatar\\\/c052a2551a06e23fac63626232eaa90abd78dbcf1700fc46a2b2c89fd27b735f?s=96&d=mm&r=g\",\"caption\":\"Redacci\u00f3n A Nova Peneira\"},\"sameAs\":[\"http:\\\/\\\/www.anovapeneira.gal\\\/\"],\"url\":\"https:\\\/\\\/www.anovapeneira.gal\\\/index.php\\\/author\\\/redactor\\\/\"}]}<\/script>\n<!-- \/ Yoast SEO plugin. -->","yoast_head_json":{"title":"A CIG rexeita a privatizaci\u00f3n dos colexios p\u00fablicos dependentes do Concello de Vigo -","description":"Denuncia que o Goberno local v\u00e9n de iniciar o expediente de contrataci\u00f3n do servizo de mantemento, conservaci\u00f3n e vixilancia","robots":{"index":"index","follow":"follow","max-snippet":"max-snippet:-1","max-image-preview":"max-image-preview:large","max-video-preview":"max-video-preview:-1"},"canonical":"https:\/\/www.anovapeneira.gal\/index.php\/2023\/12\/06\/a-cig-rexeita-a-privatizacion-dos-colexios-publicos-dependentes-do-concello-de-vigo\/","og_locale":"gl_ES","og_type":"article","og_title":"A CIG rexeita a privatizaci\u00f3n dos colexios p\u00fablicos dependentes do Concello de Vigo -","og_description":"Denuncia que o Goberno local v\u00e9n de iniciar o expediente de contrataci\u00f3n do servizo de mantemento, conservaci\u00f3n e vixilancia","og_url":"https:\/\/www.anovapeneira.gal\/index.php\/2023\/12\/06\/a-cig-rexeita-a-privatizacion-dos-colexios-publicos-dependentes-do-concello-de-vigo\/","article_publisher":"https:\/\/www.facebook.com\/anovapeneira","article_published_time":"2023-12-06T09:00:19+00:00","og_image":[{"width":720,"height":473,"url":"https:\/\/www.anovapeneira.gal\/wp-content\/uploads\/2019\/07\/CIG_a_nova_peneira.png","type":"image\/png"}],"author":"Redacci\u00f3n A Nova Peneira","twitter_card":"summary_large_image","twitter_creator":"@APeneira","twitter_site":"@APeneira","twitter_misc":{"Escrito por":"Redacci\u00f3n A Nova Peneira","Tempo de lectura":"3 minutos"},"schema":{"@context":"https:\/\/schema.org","@graph":[{"@type":"Article","@id":"https:\/\/www.anovapeneira.gal\/index.php\/2023\/12\/06\/a-cig-rexeita-a-privatizacion-dos-colexios-publicos-dependentes-do-concello-de-vigo\/#article","isPartOf":{"@id":"https:\/\/www.anovapeneira.gal\/index.php\/2023\/12\/06\/a-cig-rexeita-a-privatizacion-dos-colexios-publicos-dependentes-do-concello-de-vigo\/"},"author":{"name":"Redacci\u00f3n A Nova Peneira","@id":"https:\/\/www.anovapeneira.gal\/#\/schema\/person\/b93e3f8932e3f8da96334607eb6ac6aa"},"headline":"A CIG rexeita a privatizaci\u00f3n dos colexios p\u00fablicos dependentes do Concello de Vigo","datePublished":"2023-12-06T09:00:19+00:00","mainEntityOfPage":{"@id":"https:\/\/www.anovapeneira.gal\/index.php\/2023\/12\/06\/a-cig-rexeita-a-privatizacion-dos-colexios-publicos-dependentes-do-concello-de-vigo\/"},"wordCount":567,"commentCount":0,"publisher":{"@id":"https:\/\/www.anovapeneira.gal\/#organization"},"image":{"@id":"https:\/\/www.anovapeneira.gal\/index.php\/2023\/12\/06\/a-cig-rexeita-a-privatizacion-dos-colexios-publicos-dependentes-do-concello-de-vigo\/#primaryimage"},"thumbnailUrl":"https:\/\/www.anovapeneira.gal\/wp-content\/uploads\/2019\/07\/CIG_a_nova_peneira.png","keywords":["CIG","Concello de Vigo"],"articleSection":["Vigo"],"inLanguage":"gl-ES","potentialAction":[{"@type":"CommentAction","name":"Comment","target":["https:\/\/www.anovapeneira.gal\/index.php\/2023\/12\/06\/a-cig-rexeita-a-privatizacion-dos-colexios-publicos-dependentes-do-concello-de-vigo\/#respond"]}]},{"@type":"WebPage","@id":"https:\/\/www.anovapeneira.gal\/index.php\/2023\/12\/06\/a-cig-rexeita-a-privatizacion-dos-colexios-publicos-dependentes-do-concello-de-vigo\/","url":"https:\/\/www.anovapeneira.gal\/index.php\/2023\/12\/06\/a-cig-rexeita-a-privatizacion-dos-colexios-publicos-dependentes-do-concello-de-vigo\/","name":"A CIG rexeita a privatizaci\u00f3n dos colexios p\u00fablicos dependentes do Concello de Vigo -","isPartOf":{"@id":"https:\/\/www.anovapeneira.gal\/#website"},"primaryImageOfPage":{"@id":"https:\/\/www.anovapeneira.gal\/index.php\/2023\/12\/06\/a-cig-rexeita-a-privatizacion-dos-colexios-publicos-dependentes-do-concello-de-vigo\/#primaryimage"},"image":{"@id":"https:\/\/www.anovapeneira.gal\/index.php\/2023\/12\/06\/a-cig-rexeita-a-privatizacion-dos-colexios-publicos-dependentes-do-concello-de-vigo\/#primaryimage"},"thumbnailUrl":"https:\/\/www.anovapeneira.gal\/wp-content\/uploads\/2019\/07\/CIG_a_nova_peneira.png","datePublished":"2023-12-06T09:00:19+00:00","description":"Denuncia que o Goberno local v\u00e9n de iniciar o expediente de contrataci\u00f3n do servizo de mantemento, conservaci\u00f3n e vixilancia","breadcrumb":{"@id":"https:\/\/www.anovapeneira.gal\/index.php\/2023\/12\/06\/a-cig-rexeita-a-privatizacion-dos-colexios-publicos-dependentes-do-concello-de-vigo\/#breadcrumb"},"inLanguage":"gl-ES","potentialAction":[{"@type":"ReadAction","target":["https:\/\/www.anovapeneira.gal\/index.php\/2023\/12\/06\/a-cig-rexeita-a-privatizacion-dos-colexios-publicos-dependentes-do-concello-de-vigo\/"]}]},{"@type":"ImageObject","inLanguage":"gl-ES","@id":"https:\/\/www.anovapeneira.gal\/index.php\/2023\/12\/06\/a-cig-rexeita-a-privatizacion-dos-colexios-publicos-dependentes-do-concello-de-vigo\/#primaryimage","url":"https:\/\/www.anovapeneira.gal\/wp-content\/uploads\/2019\/07\/CIG_a_nova_peneira.png","contentUrl":"https:\/\/www.anovapeneira.gal\/wp-content\/uploads\/2019\/07\/CIG_a_nova_peneira.png","width":720,"height":473,"caption":"Confederaci\u00f3n Intersindical Galega A Nova Peneira"},{"@type":"BreadcrumbList","@id":"https:\/\/www.anovapeneira.gal\/index.php\/2023\/12\/06\/a-cig-rexeita-a-privatizacion-dos-colexios-publicos-dependentes-do-concello-de-vigo\/#breadcrumb","itemListElement":[{"@type":"ListItem","position":1,"name":"Portada","item":"https:\/\/www.anovapeneira.gal\/"},{"@type":"ListItem","position":2,"name":"A CIG rexeita a privatizaci\u00f3n dos colexios p\u00fablicos dependentes do Concello de Vigo"}]},{"@type":"WebSite","@id":"https:\/\/www.anovapeneira.gal\/#website","url":"https:\/\/www.anovapeneira.gal\/","name":"","description":"Xornal galego de informaci\u00f3n xeral Publicaci\u00f3n mensual de novas de Galicia e en especial dos Concellos da sur da provincia de Pontevedra.","publisher":{"@id":"https:\/\/www.anovapeneira.gal\/#organization"},"potentialAction":[{"@type":"SearchAction","target":{"@type":"EntryPoint","urlTemplate":"https:\/\/www.anovapeneira.gal\/?s={search_term_string}"},"query-input":{"@type":"PropertyValueSpecification","valueRequired":true,"valueName":"search_term_string"}}],"inLanguage":"gl-ES"},{"@type":"Organization","@id":"https:\/\/www.anovapeneira.gal\/#organization","name":"A Nova Peneira","url":"https:\/\/www.anovapeneira.gal\/","logo":{"@type":"ImageObject","inLanguage":"gl-ES","@id":"https:\/\/www.anovapeneira.gal\/#\/schema\/logo\/image\/","url":"http:\/\/www.anovapeneira.gal\/wp-content\/uploads\/2019\/06\/logo_a_nova_peneira_portal_web.png","contentUrl":"http:\/\/www.anovapeneira.gal\/wp-content\/uploads\/2019\/06\/logo_a_nova_peneira_portal_web.png","width":300,"height":100,"caption":"A Nova Peneira"},"image":{"@id":"https:\/\/www.anovapeneira.gal\/#\/schema\/logo\/image\/"},"sameAs":["https:\/\/www.facebook.com\/anovapeneira","https:\/\/x.com\/APeneira"]},{"@type":"Person","@id":"https:\/\/www.anovapeneira.gal\/#\/schema\/person\/b93e3f8932e3f8da96334607eb6ac6aa","name":"Redacci\u00f3n A Nova Peneira","image":{"@type":"ImageObject","inLanguage":"gl-ES","@id":"https:\/\/secure.gravatar.com\/avatar\/c052a2551a06e23fac63626232eaa90abd78dbcf1700fc46a2b2c89fd27b735f?s=96&d=mm&r=g","url":"https:\/\/secure.gravatar.com\/avatar\/c052a2551a06e23fac63626232eaa90abd78dbcf1700fc46a2b2c89fd27b735f?s=96&d=mm&r=g","contentUrl":"https:\/\/secure.gravatar.com\/avatar\/c052a2551a06e23fac63626232eaa90abd78dbcf1700fc46a2b2c89fd27b735f?s=96&d=mm&r=g","caption":"Redacci\u00f3n A Nova Peneira"},"sameAs":["http:\/\/www.anovapeneira.gal\/"],"url":"https:\/\/www.anovapeneira.gal\/index.php\/author\/redactor\/"}]}},"jetpack_featured_media_url":"https:\/\/www.anovapeneira.gal\/wp-content\/uploads\/2019\/07\/CIG_a_nova_peneira.png","_links":{"self":[{"href":"https:\/\/www.anovapeneira.gal\/index.php\/wp-json\/wp\/v2\/posts\/10857","targetHints":{"allow":["GET"]}}],"collection":[{"href":"https:\/\/www.anovapeneira.gal\/index.php\/wp-json\/wp\/v2\/posts"}],"about":[{"href":"https:\/\/www.anovapeneira.gal\/index.php\/wp-json\/wp\/v2\/types\/post"}],"author":[{"embeddable":true,"href":"https:\/\/www.anovapeneira.gal\/index.php\/wp-json\/wp\/v2\/users\/3"}],"replies":[{"embeddable":true,"href":"https:\/\/www.anovapeneira.gal\/index.php\/wp-json\/wp\/v2\/comments?post=10857"}],"version-history":[{"count":2,"href":"https:\/\/www.anovapeneira.gal\/index.php\/wp-json\/wp\/v2\/posts\/10857\/revisions"}],"predecessor-version":[{"id":10859,"href":"https:\/\/www.anovapeneira.gal\/index.php\/wp-json\/wp\/v2\/posts\/10857\/revisions\/10859"}],"wp:featuredmedia":[{"embeddable":true,"href":"https:\/\/www.anovapeneira.gal\/index.php\/wp-json\/wp\/v2\/media\/632"}],"wp:attachment":[{"href":"https:\/\/www.anovapeneira.gal\/index.php\/wp-json\/wp\/v2\/media?parent=10857"}],"wp:term":[{"taxonomy":"category","embeddable":true,"href":"https:\/\/www.anovapeneira.gal\/index.php\/wp-json\/wp\/v2\/categories?post=10857"},{"taxonomy":"post_tag","embeddable":true,"href":"https:\/\/www.anovapeneira.gal\/index.php\/wp-json\/wp\/v2\/tags?post=10857"}],"curies":[{"name":"wp","href":"https:\/\/api.w.org\/{rel}","templated":true}]}}