{"id":10864,"date":"2023-12-07T10:00:46","date_gmt":"2023-12-07T09:00:46","guid":{"rendered":"https:\/\/www.anovapeneira.gal\/?p=10864"},"modified":"2023-12-05T11:24:14","modified_gmt":"2023-12-05T10:24:14","slug":"cristina-soutelo-maria-leon-e-pedro-vazquez-recibiron-onte-o-premio-deportista-tudense","status":"publish","type":"post","link":"https:\/\/www.anovapeneira.gal\/index.php\/2023\/12\/07\/cristina-soutelo-maria-leon-e-pedro-vazquez-recibiron-onte-o-premio-deportista-tudense\/","title":{"rendered":"Cristina Soutelo, Mar\u00eda Le\u00f3n e Pedro V\u00e1zquez recibiron onte o Premio Deportista Tudense"},"content":{"rendered":"\n<h2 class=\"wp-block-heading\">A gala reco\u00f1eceu os \u00e9xitos do deporte tudense pondo en valor o patrimonio natural do municipio<\/h2>\n\n\n\n<p><a><\/a> <strong>Tui. S\u00e1bado, 2 de decembro de 2023.<\/strong><\/p>\n\n\n\n<p>A padeeira Cristina Soutelo, a futbolista Mar\u00eda Le\u00f3n, e o padeeiro Pedro V\u00e1zquez Llen\u00edn recibiron onte \u00e1 noite o Premio Deportista Tudense na categor\u00eda absoluta na Gala do Deporte celebrada no Teatro Municipal de Tui. Un evento no que se reco\u00f1eceu os \u00e9xitos do deporte tudense e se puxo en valor o patrimonio natural do municipio, que constit\u00fae un magn\u00edfico escenario para a pr\u00e1ctica deportiva tanto a nivel afeccionado coma profesional.<\/p>\n\n\n\n<p>Pedro V\u00e1zquez Llen\u00edn, do Club Kaiak Tudense, proclamouse este ano Campi\u00f3n do Mundo en K2 1000 m e campi\u00f3n de Espa\u00f1a en K4 1000 m e 500 m. Mentres Cristina Soutelo Gonz\u00e1lez foi a primeira deportista do Kaiak Tudense en participar nunha proba internacional na modalidade de C1. Esta temporada foi oitava do mundo en en C1 1000 metros, e d\u00e9cima nos 5000 metros. Proclamouse campioa de Espa\u00f1a en c1 1000m. Mar\u00eda Le\u00f3n \u00c1lvarez foi reco\u00f1ecida pola s\u00faa traxectoria no f\u00fatbol sala xogando na elite a nivel nacional. Este ano \u00e9 xogadora do Viaxes Amarelle FSF na Primeira Divisi\u00f3n Nacional Feminina, e at\u00e9 a pasada temporada militaba no Mar\u00edn F.S.<\/p>\n\n\n\n<p>O Motoclub Randufe foi distinguido co premio Club Deportivo polo seu empe\u00f1o decidido en levar adiante este club deportivo, superando dificultades, e facendo realidade o Circu\u00edto OffRoad de Rebord\u00e1ns.<\/p>\n\n\n\n<p>Na categor\u00eda de adestrador o Premio Deporte Tudense foi para David Solleiro Dur\u00e1n, actualmente preparador f\u00edsico no Olympique de Marselle e para Manuel L\u00f3pez Ram\u00edrez, que enviou unha mensaxe dende Israel onde traballa co primeiro equipo do Hapoel Beersheva B.C.<\/p>\n\n\n\n<p>A Real Federaci\u00f3n Galega de Moton\u00e1utica e o Club N\u00e1utico Inclusivo do Baixo Mi\u00f1o recibiron o Premio Deporte Adaptado por \u201cconverter a Tui nunha sede fixa das probas do Campionato Galego Inclusivo de Moton\u00e1utica, e facer do r\u00edo e do deporte un espazo de inclusi\u00f3n e de encontro\u201d.<\/p>\n\n\n\n<p>O premio Deporte Tudense na categor\u00eda veterana recaeu na xogadora de balonm\u00e1n Susana M\u00e9ndez que contin\u00faa en activo, no padeeiro Enrique M\u00edguez, do Kaiak Tudense, que sumou novos \u00e9xitos \u00e1 s\u00faa longa carreira deportiva polo terceiro posto no Campionato do Mundo de Marat\u00f3n en C1 e o t\u00edtulo Campi\u00f3n do Mundo veterano en c2, e para Rafael P\u00e9rez Rego, do Atletismo Tui, por completar 100 medias marat\u00f3ns.<\/p>\n\n\n\n<p>Tui conta tam\u00e9n con novos valores do deportes que recibiron o Premio Deporte Tudense Promesa. Foron a futbolista L\u00eda Lorenzo, do Ribadelouro; a padeeira tudense do Club Cidade de Lugo, Nuria Romero; o ciclista tudense do Club Avanza Andr\u00e9 Mart\u00ednez; e o remeiro Javier Freir\u00eda do Club Remo do Mi\u00f1o. O Club Tenis Tui foi reco\u00f1ecido polo seu traballo co premio Promoci\u00f3n do Deporte Base. O Premio Deporte Tudense Firma Comercial foi entregado a empresa Verdeazul polo seu compromiso e apoio as actividades organizadas por clubs, asociaci\u00f3ns e sobre todo colexios de Tui. Onte recibiu tam\u00e9n a Menci\u00f3n Especial Antonio Mart\u00edn Hern\u00e1ndez \u201cTo\u00f1\u00edn\u201d, que foi xogador de f\u00fatbol sala, e que con A Quinta de Tui creou na cidade un campus que leva o seu nome.<\/p>\n\n\n\n<p>Reco\u00f1eceuse o labor de El\u00edas Vieiro por 35 anos formando parte do Tyde coma xogador, adestrador, directivo e presidente, e de Jos\u00e9 Antonio Refojos \u201cCoto\u201d que durante case tres d\u00e9cadas se encargou dos pavill\u00f3ns deportivos municipais. Houbo amais unha lembranza para Dami\u00e1n Est\u00e9ves Rodr\u00edguez e Fernando \u00c1lvarez Gonz\u00e1lez falecidos este ano.<\/p>\n\n\n\n<p>Este evento deportivo comezou reco\u00f1ecendo as 29 persoas que participaron esta temporada en competici\u00f3ns internacionais en pirag\u00fcismo, remo, ciclismo, judo, motor, e a loita, levando o nome de Tui por todo o mundo e demostrando o espectacular nivel dos e das deportistas tudenses.<\/p>\n\n\n\n<p>Na s\u00faa intervenci\u00f3n o alcalde de Tui, Enrique Cabaleiro, afirmou que \u201co caso de Tui \u00e9 \u00fanico no territorio espa\u00f1ol\u201d, grazas \u00e1 implicaci\u00f3n social e a axuda das instituci\u00f3ns de car\u00e1cter p\u00fablico e privado. Nunha gala especial que celebrou onte o seu decimo aniversario Enrique Cabaleiro quixo amosar o seu agradecemento \u201c\u00e1s persoas que fixeron posible que o deporte tudense alcance o nivel que agora ten\u201d, as\u00ed coma \u00e1s instituci\u00f3ns, e aos concelleiros que durante os \u00faltimos mandatos estiveron ao fronte desta \u00e1rea. O alcalde de Tui aludiu tam\u00e9n a que o deporte \u201cxoga un papel decisivo\u201d, sendo \u201cun dos elementos b\u00e1sicos de inclusividade e a igualdade\u201d. Rematou indicando que \u201cpolo que significa o deporte en todos os \u00e1mbitos da nosa vida hoxe creo que tam\u00e9n \u00e9 momento de asumir todos o compromiso de seguir apoiando o deporte tudense para que siga sendo un motivo de orgullo de todos n\u00f3s\u201d.<\/p>\n\n\n\n<p>Pola s\u00faa parte o concelleiro de Deportes, Rafael Est\u00e9vez, indicou que \u201choxe, non s\u00f3 celebramos o deporte, sen\u00f3n que tam\u00e9n reflexionamos sobre a importancia da actividade f\u00edsica en contornas naturais\u201d. Nese senso sinalou que \u201co Concello de Tui est\u00e1 a realizar un gran esforzo por aumentar cada d\u00eda os lugares por onde pasear, correr montar en bicicleta e xerar sa\u00fade, son moitos os quil\u00f3metros realizados, pero a\u00ednda haber\u00e1 m\u00e1is\u201d. Conclu\u00edu afirmando que \u201ctodos, independentemente do noso x\u00e9nero, merecemos as mesmas oportunidades e reco\u00f1ecementos. Celebremos xuntos a diversidade e traballemos para constru\u00edr un mundo deportivo m\u00e1is inclusivo\u201d.<\/p>\n\n\n\n<p>A gala foi presentada por Jose Font acompa\u00f1ado por Jos\u00e9 Manuel Quintana, Beatriz Gonz\u00e1lez, Rosendo Bugar\u00edn, e Ana Rodr\u00edguez que forman parte do xurado xunto a Enrique M\u00edguez, e contouse coa actuaci\u00f3n do grupo M\u00edster Cool Organ Tr\u00edo.<\/p>\n","protected":false},"excerpt":{"rendered":"<div class=\"mh-excerpt\"><p>A gala reco\u00f1eceu os \u00e9xitos do deporte tudense pondo en valor o patrimonio natural do municipio <a class=\"mh-excerpt-more\" href=\"https:\/\/www.anovapeneira.gal\/index.php\/2023\/12\/07\/cristina-soutelo-maria-leon-e-pedro-vazquez-recibiron-onte-o-premio-deportista-tudense\/\" title=\"Cristina Soutelo, Mar\u00eda Le\u00f3n e Pedro V\u00e1zquez recibiron onte o Premio Deportista Tudense\">[&#8230;]<\/a><\/p>\n<\/div>","protected":false},"author":3,"featured_media":10865,"comment_status":"open","ping_status":"open","sticky":false,"template":"","format":"standard","meta":{"_exactmetrics_skip_tracking":false,"_exactmetrics_sitenote_active":false,"_exactmetrics_sitenote_note":"","_exactmetrics_sitenote_category":0,"footnotes":""},"categories":[21],"tags":[426],"class_list":{"0":"post-10864","1":"post","2":"type-post","3":"status-publish","4":"format-standard","5":"has-post-thumbnail","7":"category-baixo-mino","8":"tag-concello-de-tui"},"yoast_head":"<!-- This site is optimized with the Yoast SEO plugin v27.4 - https:\/\/yoast.com\/product\/yoast-seo-wordpress\/ -->\n<title>Cristina Soutelo, Mar\u00eda Le\u00f3n e Pedro V\u00e1zquez recibiron onte o Premio Deportista Tudense -<\/title>\n<meta name=\"robots\" content=\"index, follow, max-snippet:-1, max-image-preview:large, max-video-preview:-1\" \/>\n<link rel=\"canonical\" href=\"https:\/\/www.anovapeneira.gal\/index.php\/2023\/12\/07\/cristina-soutelo-maria-leon-e-pedro-vazquez-recibiron-onte-o-premio-deportista-tudense\/\" \/>\n<meta property=\"og:locale\" content=\"gl_ES\" \/>\n<meta property=\"og:type\" content=\"article\" \/>\n<meta property=\"og:title\" content=\"Cristina Soutelo, Mar\u00eda Le\u00f3n e Pedro V\u00e1zquez recibiron onte o Premio Deportista Tudense -\" \/>\n<meta property=\"og:description\" content=\"A gala reco\u00f1eceu os \u00e9xitos do deporte tudense pondo en valor o patrimonio natural do municipio [...]\" \/>\n<meta property=\"og:url\" content=\"https:\/\/www.anovapeneira.gal\/index.php\/2023\/12\/07\/cristina-soutelo-maria-leon-e-pedro-vazquez-recibiron-onte-o-premio-deportista-tudense\/\" \/>\n<meta property=\"article:publisher\" content=\"https:\/\/www.facebook.com\/anovapeneira\" \/>\n<meta property=\"article:published_time\" content=\"2023-12-07T09:00:46+00:00\" \/>\n<meta property=\"og:image\" content=\"https:\/\/www.anovapeneira.gal\/wp-content\/uploads\/2023\/12\/Gala_Deporte_tui.jpg\" \/>\n\t<meta property=\"og:image:width\" content=\"720\" \/>\n\t<meta property=\"og:image:height\" content=\"432\" \/>\n\t<meta property=\"og:image:type\" content=\"image\/jpeg\" \/>\n<meta name=\"author\" content=\"Redacci\u00f3n A Nova Peneira\" \/>\n<meta name=\"twitter:card\" content=\"summary_large_image\" \/>\n<meta name=\"twitter:creator\" content=\"@APeneira\" \/>\n<meta name=\"twitter:site\" content=\"@APeneira\" \/>\n<meta name=\"twitter:label1\" content=\"Escrito por\" \/>\n\t<meta name=\"twitter:data1\" content=\"Redacci\u00f3n A Nova Peneira\" \/>\n\t<meta name=\"twitter:label2\" content=\"Tempo de lectura\" \/>\n\t<meta name=\"twitter:data2\" content=\"5 minutos\" \/>\n<script type=\"application\/ld+json\" class=\"yoast-schema-graph\">{\"@context\":\"https:\\\/\\\/schema.org\",\"@graph\":[{\"@type\":\"Article\",\"@id\":\"https:\\\/\\\/www.anovapeneira.gal\\\/index.php\\\/2023\\\/12\\\/07\\\/cristina-soutelo-maria-leon-e-pedro-vazquez-recibiron-onte-o-premio-deportista-tudense\\\/#article\",\"isPartOf\":{\"@id\":\"https:\\\/\\\/www.anovapeneira.gal\\\/index.php\\\/2023\\\/12\\\/07\\\/cristina-soutelo-maria-leon-e-pedro-vazquez-recibiron-onte-o-premio-deportista-tudense\\\/\"},\"author\":{\"name\":\"Redacci\u00f3n A Nova Peneira\",\"@id\":\"https:\\\/\\\/www.anovapeneira.gal\\\/#\\\/schema\\\/person\\\/b93e3f8932e3f8da96334607eb6ac6aa\"},\"headline\":\"Cristina Soutelo, Mar\u00eda Le\u00f3n e Pedro V\u00e1zquez recibiron onte o Premio Deportista Tudense\",\"datePublished\":\"2023-12-07T09:00:46+00:00\",\"mainEntityOfPage\":{\"@id\":\"https:\\\/\\\/www.anovapeneira.gal\\\/index.php\\\/2023\\\/12\\\/07\\\/cristina-soutelo-maria-leon-e-pedro-vazquez-recibiron-onte-o-premio-deportista-tudense\\\/\"},\"wordCount\":1006,\"commentCount\":0,\"publisher\":{\"@id\":\"https:\\\/\\\/www.anovapeneira.gal\\\/#organization\"},\"image\":{\"@id\":\"https:\\\/\\\/www.anovapeneira.gal\\\/index.php\\\/2023\\\/12\\\/07\\\/cristina-soutelo-maria-leon-e-pedro-vazquez-recibiron-onte-o-premio-deportista-tudense\\\/#primaryimage\"},\"thumbnailUrl\":\"https:\\\/\\\/www.anovapeneira.gal\\\/wp-content\\\/uploads\\\/2023\\\/12\\\/Gala_Deporte_tui.jpg\",\"keywords\":[\"Concello de Tui\"],\"articleSection\":[\"Baixo Mi\u00f1o\"],\"inLanguage\":\"gl-ES\",\"potentialAction\":[{\"@type\":\"CommentAction\",\"name\":\"Comment\",\"target\":[\"https:\\\/\\\/www.anovapeneira.gal\\\/index.php\\\/2023\\\/12\\\/07\\\/cristina-soutelo-maria-leon-e-pedro-vazquez-recibiron-onte-o-premio-deportista-tudense\\\/#respond\"]}]},{\"@type\":\"WebPage\",\"@id\":\"https:\\\/\\\/www.anovapeneira.gal\\\/index.php\\\/2023\\\/12\\\/07\\\/cristina-soutelo-maria-leon-e-pedro-vazquez-recibiron-onte-o-premio-deportista-tudense\\\/\",\"url\":\"https:\\\/\\\/www.anovapeneira.gal\\\/index.php\\\/2023\\\/12\\\/07\\\/cristina-soutelo-maria-leon-e-pedro-vazquez-recibiron-onte-o-premio-deportista-tudense\\\/\",\"name\":\"Cristina Soutelo, Mar\u00eda Le\u00f3n e Pedro V\u00e1zquez recibiron onte o Premio Deportista Tudense -\",\"isPartOf\":{\"@id\":\"https:\\\/\\\/www.anovapeneira.gal\\\/#website\"},\"primaryImageOfPage\":{\"@id\":\"https:\\\/\\\/www.anovapeneira.gal\\\/index.php\\\/2023\\\/12\\\/07\\\/cristina-soutelo-maria-leon-e-pedro-vazquez-recibiron-onte-o-premio-deportista-tudense\\\/#primaryimage\"},\"image\":{\"@id\":\"https:\\\/\\\/www.anovapeneira.gal\\\/index.php\\\/2023\\\/12\\\/07\\\/cristina-soutelo-maria-leon-e-pedro-vazquez-recibiron-onte-o-premio-deportista-tudense\\\/#primaryimage\"},\"thumbnailUrl\":\"https:\\\/\\\/www.anovapeneira.gal\\\/wp-content\\\/uploads\\\/2023\\\/12\\\/Gala_Deporte_tui.jpg\",\"datePublished\":\"2023-12-07T09:00:46+00:00\",\"breadcrumb\":{\"@id\":\"https:\\\/\\\/www.anovapeneira.gal\\\/index.php\\\/2023\\\/12\\\/07\\\/cristina-soutelo-maria-leon-e-pedro-vazquez-recibiron-onte-o-premio-deportista-tudense\\\/#breadcrumb\"},\"inLanguage\":\"gl-ES\",\"potentialAction\":[{\"@type\":\"ReadAction\",\"target\":[\"https:\\\/\\\/www.anovapeneira.gal\\\/index.php\\\/2023\\\/12\\\/07\\\/cristina-soutelo-maria-leon-e-pedro-vazquez-recibiron-onte-o-premio-deportista-tudense\\\/\"]}]},{\"@type\":\"ImageObject\",\"inLanguage\":\"gl-ES\",\"@id\":\"https:\\\/\\\/www.anovapeneira.gal\\\/index.php\\\/2023\\\/12\\\/07\\\/cristina-soutelo-maria-leon-e-pedro-vazquez-recibiron-onte-o-premio-deportista-tudense\\\/#primaryimage\",\"url\":\"https:\\\/\\\/www.anovapeneira.gal\\\/wp-content\\\/uploads\\\/2023\\\/12\\\/Gala_Deporte_tui.jpg\",\"contentUrl\":\"https:\\\/\\\/www.anovapeneira.gal\\\/wp-content\\\/uploads\\\/2023\\\/12\\\/Gala_Deporte_tui.jpg\",\"width\":720,\"height\":432,\"caption\":\"Cristina Soutelo, Mar\u00eda Le\u00f3n e Pedro V\u00e1zquez recibiron onte o Premio Deportista Tudense\"},{\"@type\":\"BreadcrumbList\",\"@id\":\"https:\\\/\\\/www.anovapeneira.gal\\\/index.php\\\/2023\\\/12\\\/07\\\/cristina-soutelo-maria-leon-e-pedro-vazquez-recibiron-onte-o-premio-deportista-tudense\\\/#breadcrumb\",\"itemListElement\":[{\"@type\":\"ListItem\",\"position\":1,\"name\":\"Portada\",\"item\":\"https:\\\/\\\/www.anovapeneira.gal\\\/\"},{\"@type\":\"ListItem\",\"position\":2,\"name\":\"Cristina Soutelo, Mar\u00eda Le\u00f3n e Pedro V\u00e1zquez recibiron onte o Premio Deportista Tudense\"}]},{\"@type\":\"WebSite\",\"@id\":\"https:\\\/\\\/www.anovapeneira.gal\\\/#website\",\"url\":\"https:\\\/\\\/www.anovapeneira.gal\\\/\",\"name\":\"\",\"description\":\"Xornal galego de informaci\u00f3n xeral Publicaci\u00f3n mensual de novas de Galicia e en especial dos Concellos da sur da provincia de Pontevedra.\",\"publisher\":{\"@id\":\"https:\\\/\\\/www.anovapeneira.gal\\\/#organization\"},\"potentialAction\":[{\"@type\":\"SearchAction\",\"target\":{\"@type\":\"EntryPoint\",\"urlTemplate\":\"https:\\\/\\\/www.anovapeneira.gal\\\/?s={search_term_string}\"},\"query-input\":{\"@type\":\"PropertyValueSpecification\",\"valueRequired\":true,\"valueName\":\"search_term_string\"}}],\"inLanguage\":\"gl-ES\"},{\"@type\":\"Organization\",\"@id\":\"https:\\\/\\\/www.anovapeneira.gal\\\/#organization\",\"name\":\"A Nova Peneira\",\"url\":\"https:\\\/\\\/www.anovapeneira.gal\\\/\",\"logo\":{\"@type\":\"ImageObject\",\"inLanguage\":\"gl-ES\",\"@id\":\"https:\\\/\\\/www.anovapeneira.gal\\\/#\\\/schema\\\/logo\\\/image\\\/\",\"url\":\"http:\\\/\\\/www.anovapeneira.gal\\\/wp-content\\\/uploads\\\/2019\\\/06\\\/logo_a_nova_peneira_portal_web.png\",\"contentUrl\":\"http:\\\/\\\/www.anovapeneira.gal\\\/wp-content\\\/uploads\\\/2019\\\/06\\\/logo_a_nova_peneira_portal_web.png\",\"width\":300,\"height\":100,\"caption\":\"A Nova Peneira\"},\"image\":{\"@id\":\"https:\\\/\\\/www.anovapeneira.gal\\\/#\\\/schema\\\/logo\\\/image\\\/\"},\"sameAs\":[\"https:\\\/\\\/www.facebook.com\\\/anovapeneira\",\"https:\\\/\\\/x.com\\\/APeneira\"]},{\"@type\":\"Person\",\"@id\":\"https:\\\/\\\/www.anovapeneira.gal\\\/#\\\/schema\\\/person\\\/b93e3f8932e3f8da96334607eb6ac6aa\",\"name\":\"Redacci\u00f3n A Nova Peneira\",\"image\":{\"@type\":\"ImageObject\",\"inLanguage\":\"gl-ES\",\"@id\":\"https:\\\/\\\/secure.gravatar.com\\\/avatar\\\/c052a2551a06e23fac63626232eaa90abd78dbcf1700fc46a2b2c89fd27b735f?s=96&d=mm&r=g\",\"url\":\"https:\\\/\\\/secure.gravatar.com\\\/avatar\\\/c052a2551a06e23fac63626232eaa90abd78dbcf1700fc46a2b2c89fd27b735f?s=96&d=mm&r=g\",\"contentUrl\":\"https:\\\/\\\/secure.gravatar.com\\\/avatar\\\/c052a2551a06e23fac63626232eaa90abd78dbcf1700fc46a2b2c89fd27b735f?s=96&d=mm&r=g\",\"caption\":\"Redacci\u00f3n A Nova Peneira\"},\"sameAs\":[\"http:\\\/\\\/www.anovapeneira.gal\\\/\"],\"url\":\"https:\\\/\\\/www.anovapeneira.gal\\\/index.php\\\/author\\\/redactor\\\/\"}]}<\/script>\n<!-- \/ Yoast SEO plugin. -->","yoast_head_json":{"title":"Cristina Soutelo, Mar\u00eda Le\u00f3n e Pedro V\u00e1zquez recibiron onte o Premio Deportista Tudense -","robots":{"index":"index","follow":"follow","max-snippet":"max-snippet:-1","max-image-preview":"max-image-preview:large","max-video-preview":"max-video-preview:-1"},"canonical":"https:\/\/www.anovapeneira.gal\/index.php\/2023\/12\/07\/cristina-soutelo-maria-leon-e-pedro-vazquez-recibiron-onte-o-premio-deportista-tudense\/","og_locale":"gl_ES","og_type":"article","og_title":"Cristina Soutelo, Mar\u00eda Le\u00f3n e Pedro V\u00e1zquez recibiron onte o Premio Deportista Tudense -","og_description":"A gala reco\u00f1eceu os \u00e9xitos do deporte tudense pondo en valor o patrimonio natural do municipio [...]","og_url":"https:\/\/www.anovapeneira.gal\/index.php\/2023\/12\/07\/cristina-soutelo-maria-leon-e-pedro-vazquez-recibiron-onte-o-premio-deportista-tudense\/","article_publisher":"https:\/\/www.facebook.com\/anovapeneira","article_published_time":"2023-12-07T09:00:46+00:00","og_image":[{"width":720,"height":432,"url":"https:\/\/www.anovapeneira.gal\/wp-content\/uploads\/2023\/12\/Gala_Deporte_tui.jpg","type":"image\/jpeg"}],"author":"Redacci\u00f3n A Nova Peneira","twitter_card":"summary_large_image","twitter_creator":"@APeneira","twitter_site":"@APeneira","twitter_misc":{"Escrito por":"Redacci\u00f3n A Nova Peneira","Tempo de lectura":"5 minutos"},"schema":{"@context":"https:\/\/schema.org","@graph":[{"@type":"Article","@id":"https:\/\/www.anovapeneira.gal\/index.php\/2023\/12\/07\/cristina-soutelo-maria-leon-e-pedro-vazquez-recibiron-onte-o-premio-deportista-tudense\/#article","isPartOf":{"@id":"https:\/\/www.anovapeneira.gal\/index.php\/2023\/12\/07\/cristina-soutelo-maria-leon-e-pedro-vazquez-recibiron-onte-o-premio-deportista-tudense\/"},"author":{"name":"Redacci\u00f3n A Nova Peneira","@id":"https:\/\/www.anovapeneira.gal\/#\/schema\/person\/b93e3f8932e3f8da96334607eb6ac6aa"},"headline":"Cristina Soutelo, Mar\u00eda Le\u00f3n e Pedro V\u00e1zquez recibiron onte o Premio Deportista Tudense","datePublished":"2023-12-07T09:00:46+00:00","mainEntityOfPage":{"@id":"https:\/\/www.anovapeneira.gal\/index.php\/2023\/12\/07\/cristina-soutelo-maria-leon-e-pedro-vazquez-recibiron-onte-o-premio-deportista-tudense\/"},"wordCount":1006,"commentCount":0,"publisher":{"@id":"https:\/\/www.anovapeneira.gal\/#organization"},"image":{"@id":"https:\/\/www.anovapeneira.gal\/index.php\/2023\/12\/07\/cristina-soutelo-maria-leon-e-pedro-vazquez-recibiron-onte-o-premio-deportista-tudense\/#primaryimage"},"thumbnailUrl":"https:\/\/www.anovapeneira.gal\/wp-content\/uploads\/2023\/12\/Gala_Deporte_tui.jpg","keywords":["Concello de Tui"],"articleSection":["Baixo Mi\u00f1o"],"inLanguage":"gl-ES","potentialAction":[{"@type":"CommentAction","name":"Comment","target":["https:\/\/www.anovapeneira.gal\/index.php\/2023\/12\/07\/cristina-soutelo-maria-leon-e-pedro-vazquez-recibiron-onte-o-premio-deportista-tudense\/#respond"]}]},{"@type":"WebPage","@id":"https:\/\/www.anovapeneira.gal\/index.php\/2023\/12\/07\/cristina-soutelo-maria-leon-e-pedro-vazquez-recibiron-onte-o-premio-deportista-tudense\/","url":"https:\/\/www.anovapeneira.gal\/index.php\/2023\/12\/07\/cristina-soutelo-maria-leon-e-pedro-vazquez-recibiron-onte-o-premio-deportista-tudense\/","name":"Cristina Soutelo, Mar\u00eda Le\u00f3n e Pedro V\u00e1zquez recibiron onte o Premio Deportista Tudense -","isPartOf":{"@id":"https:\/\/www.anovapeneira.gal\/#website"},"primaryImageOfPage":{"@id":"https:\/\/www.anovapeneira.gal\/index.php\/2023\/12\/07\/cristina-soutelo-maria-leon-e-pedro-vazquez-recibiron-onte-o-premio-deportista-tudense\/#primaryimage"},"image":{"@id":"https:\/\/www.anovapeneira.gal\/index.php\/2023\/12\/07\/cristina-soutelo-maria-leon-e-pedro-vazquez-recibiron-onte-o-premio-deportista-tudense\/#primaryimage"},"thumbnailUrl":"https:\/\/www.anovapeneira.gal\/wp-content\/uploads\/2023\/12\/Gala_Deporte_tui.jpg","datePublished":"2023-12-07T09:00:46+00:00","breadcrumb":{"@id":"https:\/\/www.anovapeneira.gal\/index.php\/2023\/12\/07\/cristina-soutelo-maria-leon-e-pedro-vazquez-recibiron-onte-o-premio-deportista-tudense\/#breadcrumb"},"inLanguage":"gl-ES","potentialAction":[{"@type":"ReadAction","target":["https:\/\/www.anovapeneira.gal\/index.php\/2023\/12\/07\/cristina-soutelo-maria-leon-e-pedro-vazquez-recibiron-onte-o-premio-deportista-tudense\/"]}]},{"@type":"ImageObject","inLanguage":"gl-ES","@id":"https:\/\/www.anovapeneira.gal\/index.php\/2023\/12\/07\/cristina-soutelo-maria-leon-e-pedro-vazquez-recibiron-onte-o-premio-deportista-tudense\/#primaryimage","url":"https:\/\/www.anovapeneira.gal\/wp-content\/uploads\/2023\/12\/Gala_Deporte_tui.jpg","contentUrl":"https:\/\/www.anovapeneira.gal\/wp-content\/uploads\/2023\/12\/Gala_Deporte_tui.jpg","width":720,"height":432,"caption":"Cristina Soutelo, Mar\u00eda Le\u00f3n e Pedro V\u00e1zquez recibiron onte o Premio Deportista Tudense"},{"@type":"BreadcrumbList","@id":"https:\/\/www.anovapeneira.gal\/index.php\/2023\/12\/07\/cristina-soutelo-maria-leon-e-pedro-vazquez-recibiron-onte-o-premio-deportista-tudense\/#breadcrumb","itemListElement":[{"@type":"ListItem","position":1,"name":"Portada","item":"https:\/\/www.anovapeneira.gal\/"},{"@type":"ListItem","position":2,"name":"Cristina Soutelo, Mar\u00eda Le\u00f3n e Pedro V\u00e1zquez recibiron onte o Premio Deportista Tudense"}]},{"@type":"WebSite","@id":"https:\/\/www.anovapeneira.gal\/#website","url":"https:\/\/www.anovapeneira.gal\/","name":"","description":"Xornal galego de informaci\u00f3n xeral Publicaci\u00f3n mensual de novas de Galicia e en especial dos Concellos da sur da provincia de Pontevedra.","publisher":{"@id":"https:\/\/www.anovapeneira.gal\/#organization"},"potentialAction":[{"@type":"SearchAction","target":{"@type":"EntryPoint","urlTemplate":"https:\/\/www.anovapeneira.gal\/?s={search_term_string}"},"query-input":{"@type":"PropertyValueSpecification","valueRequired":true,"valueName":"search_term_string"}}],"inLanguage":"gl-ES"},{"@type":"Organization","@id":"https:\/\/www.anovapeneira.gal\/#organization","name":"A Nova Peneira","url":"https:\/\/www.anovapeneira.gal\/","logo":{"@type":"ImageObject","inLanguage":"gl-ES","@id":"https:\/\/www.anovapeneira.gal\/#\/schema\/logo\/image\/","url":"http:\/\/www.anovapeneira.gal\/wp-content\/uploads\/2019\/06\/logo_a_nova_peneira_portal_web.png","contentUrl":"http:\/\/www.anovapeneira.gal\/wp-content\/uploads\/2019\/06\/logo_a_nova_peneira_portal_web.png","width":300,"height":100,"caption":"A Nova Peneira"},"image":{"@id":"https:\/\/www.anovapeneira.gal\/#\/schema\/logo\/image\/"},"sameAs":["https:\/\/www.facebook.com\/anovapeneira","https:\/\/x.com\/APeneira"]},{"@type":"Person","@id":"https:\/\/www.anovapeneira.gal\/#\/schema\/person\/b93e3f8932e3f8da96334607eb6ac6aa","name":"Redacci\u00f3n A Nova Peneira","image":{"@type":"ImageObject","inLanguage":"gl-ES","@id":"https:\/\/secure.gravatar.com\/avatar\/c052a2551a06e23fac63626232eaa90abd78dbcf1700fc46a2b2c89fd27b735f?s=96&d=mm&r=g","url":"https:\/\/secure.gravatar.com\/avatar\/c052a2551a06e23fac63626232eaa90abd78dbcf1700fc46a2b2c89fd27b735f?s=96&d=mm&r=g","contentUrl":"https:\/\/secure.gravatar.com\/avatar\/c052a2551a06e23fac63626232eaa90abd78dbcf1700fc46a2b2c89fd27b735f?s=96&d=mm&r=g","caption":"Redacci\u00f3n A Nova Peneira"},"sameAs":["http:\/\/www.anovapeneira.gal\/"],"url":"https:\/\/www.anovapeneira.gal\/index.php\/author\/redactor\/"}]}},"jetpack_featured_media_url":"https:\/\/www.anovapeneira.gal\/wp-content\/uploads\/2023\/12\/Gala_Deporte_tui.jpg","_links":{"self":[{"href":"https:\/\/www.anovapeneira.gal\/index.php\/wp-json\/wp\/v2\/posts\/10864","targetHints":{"allow":["GET"]}}],"collection":[{"href":"https:\/\/www.anovapeneira.gal\/index.php\/wp-json\/wp\/v2\/posts"}],"about":[{"href":"https:\/\/www.anovapeneira.gal\/index.php\/wp-json\/wp\/v2\/types\/post"}],"author":[{"embeddable":true,"href":"https:\/\/www.anovapeneira.gal\/index.php\/wp-json\/wp\/v2\/users\/3"}],"replies":[{"embeddable":true,"href":"https:\/\/www.anovapeneira.gal\/index.php\/wp-json\/wp\/v2\/comments?post=10864"}],"version-history":[{"count":1,"href":"https:\/\/www.anovapeneira.gal\/index.php\/wp-json\/wp\/v2\/posts\/10864\/revisions"}],"predecessor-version":[{"id":10866,"href":"https:\/\/www.anovapeneira.gal\/index.php\/wp-json\/wp\/v2\/posts\/10864\/revisions\/10866"}],"wp:featuredmedia":[{"embeddable":true,"href":"https:\/\/www.anovapeneira.gal\/index.php\/wp-json\/wp\/v2\/media\/10865"}],"wp:attachment":[{"href":"https:\/\/www.anovapeneira.gal\/index.php\/wp-json\/wp\/v2\/media?parent=10864"}],"wp:term":[{"taxonomy":"category","embeddable":true,"href":"https:\/\/www.anovapeneira.gal\/index.php\/wp-json\/wp\/v2\/categories?post=10864"},{"taxonomy":"post_tag","embeddable":true,"href":"https:\/\/www.anovapeneira.gal\/index.php\/wp-json\/wp\/v2\/tags?post=10864"}],"curies":[{"name":"wp","href":"https:\/\/api.w.org\/{rel}","templated":true}]}}