{"id":10867,"date":"2023-12-07T12:00:12","date_gmt":"2023-12-07T11:00:12","guid":{"rendered":"https:\/\/www.anovapeneira.gal\/?p=10867"},"modified":"2023-12-05T11:28:40","modified_gmt":"2023-12-05T10:28:40","slug":"galiza-nova-renova-a-sua-direccion-politica-na-sua-xvii-asemblea-nacional","status":"publish","type":"post","link":"https:\/\/www.anovapeneira.gal\/index.php\/2023\/12\/07\/galiza-nova-renova-a-sua-direccion-politica-na-sua-xvii-asemblea-nacional\/","title":{"rendered":"Galiza Nova renova a s\u00faa direcci\u00f3n pol\u00edtica na s\u00faa XVII Asemblea Nacional"},"content":{"rendered":"\n<h2 class=\"wp-block-heading\">A organizaci\u00f3n xuvenil do BNG reuniu a 200 persoas nunha sesi\u00f3n de clausura na que tam\u00e9n estivo presente a portavoz nacional do BNG.<\/h2>\n\n\n\n<p><strong>Santiago de Compostela, 2 de decembro<\/strong><\/p>\n\n\n\n<p>Este s\u00e1bado 2 de decembro tivo lugar a XVII Asemblea Nacional de Galiza Nova no Centro Social de Santa Marta, unha xuntanza na que a organizaci\u00f3n xuvenil do BNG congregou a militantes de todo o pa\u00eds e na que Marta G\u00f3mez foi reelixida como Secretaria Xeral cun 90% dos votos.<\/p>\n\n\n\n<p>Nesta asemblea, a organizaci\u00f3n xuvenil definiu os seus posicionamentos pol\u00edticos e li\u00f1as de traballo para os vindeiros dous anos, as\u00ed como elixiu \u00e1 nova Direcci\u00f3n Nacional que cualifican de \u201cabsolutamente renovada e con todas as enerx\u00edas para seguir facendo de Galiza Nova a organizaci\u00f3n de referencia da mocidade galega\u201d; unha \u00fanica candidatura que conxuga a experiencia con caras novas e na que contan con representaci\u00f3n de todas as comarcas do pa\u00eds.<\/p>\n\n\n\n<p>Durante a cerimonia de clausura, Galiza Nova manifestou a s\u00faa \u201cabsoluta solidariedade\u201d coa loita do pobo Palestino, o rexeitamento contra os discursos fascistas e da ultradereita e o compromiso para seguir traballando na defensa dos intereses de Galiza e da mocidade galega. Esta cerimonia, conducida polo anterior Secretario Xeral e deputado Paulo R\u00edos e a militante Marina Coego, conclu\u00edu coas intervenci\u00f3ns da Portavoz Nacional do BNG, <strong>Ana Pont\u00f3n<\/strong>, e da reelixida Secretaria Xeral, <strong>Marta<\/strong> <strong>G\u00f3mez<\/strong>.<\/p>\n\n\n\n<p>Pola s\u00faa banda Pont\u00f3n sinalou a importancia que ten para o BNG contar cunha organizaci\u00f3n xuvenil forte como \u00e9 Galiza Nova <strong>\u201c\u00e9 imprescindible para o Bloque contar coa vosa forza, co voso traballo e co voso compromiso, sodes imprescindibles para este pa\u00eds\u201d<\/strong> sinalou.<\/p>\n\n\n\n<p>Na s\u00faa intervenci\u00f3n, Marta G\u00f3mez sinalou estar \u201c<strong>tremendamente orgullosa e agradecida \u00e1 organizaci\u00f3n por volver a confiar en min para seguir encabezando este proxecto, a mocidade galega somos o presente e o futuro deste pa\u00eds e xornadas como a de hoxe demostran o potencial que temos e que imos a por todas\u201d.<\/strong><\/p>\n\n\n\n<p>\u201c<strong>Galiza Nova \u00e9 a organizaci\u00f3n de todas aquelas mozas e mozos que non se conforman coas migallas deste sistema, somos alegr\u00eda, combatividade e emoci\u00f3n e imos a por todas, porque temos todo por ga\u00f1ar\u201d<\/strong> engadiu G\u00f3mez.<\/p>\n\n\n\n<p>Durante o acto estiveron tam\u00e9n presentes membros doutras organizaci\u00f3ns do pa\u00eds, delegaci\u00f3ns de organizaci\u00f3ns internacionais e outros membros da executiva nacional do BNG, as\u00ed como alg\u00fans dos anteriores secretarios xerais da organizaci\u00f3n xuvenil.<\/p>\n\n\n\n<p>Galiza Nova abre agora o proceso de renovaci\u00f3n das responsabilidades internas, que concluir\u00e1 a comezos do ano que v\u00e9n, mais afirman que comezar\u00e1n a traballar dende xa nunha campa\u00f1a para mostrarlle \u00e1 mocidade galega a Galiza que v\u00e9n e que \u201cnon vai deixar a ningu\u00e9n indiferente\u201d.<\/p>\n","protected":false},"excerpt":{"rendered":"<div class=\"mh-excerpt\"><p>A organizaci\u00f3n xuvenil do BNG reuniu a 200 persoas nunha sesi\u00f3n de clausura na que tam\u00e9n estivo presente a portavoz nacional do BNG <a class=\"mh-excerpt-more\" href=\"https:\/\/www.anovapeneira.gal\/index.php\/2023\/12\/07\/galiza-nova-renova-a-sua-direccion-politica-na-sua-xvii-asemblea-nacional\/\" title=\"Galiza Nova renova a s\u00faa direcci\u00f3n pol\u00edtica na s\u00faa XVII Asemblea Nacional\">[&#8230;]<\/a><\/p>\n<\/div>","protected":false},"author":3,"featured_media":10868,"comment_status":"open","ping_status":"open","sticky":false,"template":"","format":"standard","meta":{"_exactmetrics_skip_tracking":false,"_exactmetrics_sitenote_active":false,"_exactmetrics_sitenote_note":"","_exactmetrics_sitenote_category":0,"footnotes":""},"categories":[263],"tags":[838],"class_list":{"0":"post-10867","1":"post","2":"type-post","3":"status-publish","4":"format-standard","5":"has-post-thumbnail","7":"category-novas","8":"tag-galiza-nova"},"yoast_head":"<!-- This site is optimized with the Yoast SEO plugin v27.4 - https:\/\/yoast.com\/product\/yoast-seo-wordpress\/ -->\n<title>Galiza Nova renova a s\u00faa direcci\u00f3n pol\u00edtica na s\u00faa XVII Asemblea Nacional -<\/title>\n<meta name=\"robots\" content=\"index, follow, max-snippet:-1, max-image-preview:large, max-video-preview:-1\" \/>\n<link rel=\"canonical\" href=\"https:\/\/www.anovapeneira.gal\/index.php\/2023\/12\/07\/galiza-nova-renova-a-sua-direccion-politica-na-sua-xvii-asemblea-nacional\/\" \/>\n<meta property=\"og:locale\" content=\"gl_ES\" \/>\n<meta property=\"og:type\" content=\"article\" \/>\n<meta property=\"og:title\" content=\"Galiza Nova renova a s\u00faa direcci\u00f3n pol\u00edtica na s\u00faa XVII Asemblea Nacional -\" \/>\n<meta property=\"og:description\" content=\"A organizaci\u00f3n xuvenil do BNG reuniu a 200 persoas nunha sesi\u00f3n de clausura na que tam\u00e9n estivo presente a portavoz nacional do BNG [...]\" \/>\n<meta property=\"og:url\" content=\"https:\/\/www.anovapeneira.gal\/index.php\/2023\/12\/07\/galiza-nova-renova-a-sua-direccion-politica-na-sua-xvii-asemblea-nacional\/\" \/>\n<meta property=\"article:publisher\" content=\"https:\/\/www.facebook.com\/anovapeneira\" \/>\n<meta property=\"article:published_time\" content=\"2023-12-07T11:00:12+00:00\" \/>\n<meta property=\"og:image\" content=\"https:\/\/www.anovapeneira.gal\/wp-content\/uploads\/2023\/12\/votacion_galiza_nova.jpg\" \/>\n\t<meta property=\"og:image:width\" content=\"720\" \/>\n\t<meta property=\"og:image:height\" content=\"432\" \/>\n\t<meta property=\"og:image:type\" content=\"image\/jpeg\" \/>\n<meta name=\"author\" content=\"Redacci\u00f3n A Nova Peneira\" \/>\n<meta name=\"twitter:card\" content=\"summary_large_image\" \/>\n<meta name=\"twitter:creator\" content=\"@APeneira\" \/>\n<meta name=\"twitter:site\" content=\"@APeneira\" \/>\n<meta name=\"twitter:label1\" content=\"Escrito por\" \/>\n\t<meta name=\"twitter:data1\" content=\"Redacci\u00f3n A Nova Peneira\" \/>\n\t<meta name=\"twitter:label2\" content=\"Tempo de lectura\" \/>\n\t<meta name=\"twitter:data2\" content=\"2 minutos\" \/>\n<script type=\"application\/ld+json\" class=\"yoast-schema-graph\">{\"@context\":\"https:\\\/\\\/schema.org\",\"@graph\":[{\"@type\":\"Article\",\"@id\":\"https:\\\/\\\/www.anovapeneira.gal\\\/index.php\\\/2023\\\/12\\\/07\\\/galiza-nova-renova-a-sua-direccion-politica-na-sua-xvii-asemblea-nacional\\\/#article\",\"isPartOf\":{\"@id\":\"https:\\\/\\\/www.anovapeneira.gal\\\/index.php\\\/2023\\\/12\\\/07\\\/galiza-nova-renova-a-sua-direccion-politica-na-sua-xvii-asemblea-nacional\\\/\"},\"author\":{\"name\":\"Redacci\u00f3n A Nova Peneira\",\"@id\":\"https:\\\/\\\/www.anovapeneira.gal\\\/#\\\/schema\\\/person\\\/b93e3f8932e3f8da96334607eb6ac6aa\"},\"headline\":\"Galiza Nova renova a s\u00faa direcci\u00f3n pol\u00edtica na s\u00faa XVII Asemblea Nacional\",\"datePublished\":\"2023-12-07T11:00:12+00:00\",\"mainEntityOfPage\":{\"@id\":\"https:\\\/\\\/www.anovapeneira.gal\\\/index.php\\\/2023\\\/12\\\/07\\\/galiza-nova-renova-a-sua-direccion-politica-na-sua-xvii-asemblea-nacional\\\/\"},\"wordCount\":489,\"commentCount\":0,\"publisher\":{\"@id\":\"https:\\\/\\\/www.anovapeneira.gal\\\/#organization\"},\"image\":{\"@id\":\"https:\\\/\\\/www.anovapeneira.gal\\\/index.php\\\/2023\\\/12\\\/07\\\/galiza-nova-renova-a-sua-direccion-politica-na-sua-xvii-asemblea-nacional\\\/#primaryimage\"},\"thumbnailUrl\":\"https:\\\/\\\/www.anovapeneira.gal\\\/wp-content\\\/uploads\\\/2023\\\/12\\\/votacion_galiza_nova.jpg\",\"keywords\":[\"Galiza Nova\"],\"articleSection\":[\"Novas\"],\"inLanguage\":\"gl-ES\",\"potentialAction\":[{\"@type\":\"CommentAction\",\"name\":\"Comment\",\"target\":[\"https:\\\/\\\/www.anovapeneira.gal\\\/index.php\\\/2023\\\/12\\\/07\\\/galiza-nova-renova-a-sua-direccion-politica-na-sua-xvii-asemblea-nacional\\\/#respond\"]}]},{\"@type\":\"WebPage\",\"@id\":\"https:\\\/\\\/www.anovapeneira.gal\\\/index.php\\\/2023\\\/12\\\/07\\\/galiza-nova-renova-a-sua-direccion-politica-na-sua-xvii-asemblea-nacional\\\/\",\"url\":\"https:\\\/\\\/www.anovapeneira.gal\\\/index.php\\\/2023\\\/12\\\/07\\\/galiza-nova-renova-a-sua-direccion-politica-na-sua-xvii-asemblea-nacional\\\/\",\"name\":\"Galiza Nova renova a s\u00faa direcci\u00f3n pol\u00edtica na s\u00faa XVII Asemblea Nacional -\",\"isPartOf\":{\"@id\":\"https:\\\/\\\/www.anovapeneira.gal\\\/#website\"},\"primaryImageOfPage\":{\"@id\":\"https:\\\/\\\/www.anovapeneira.gal\\\/index.php\\\/2023\\\/12\\\/07\\\/galiza-nova-renova-a-sua-direccion-politica-na-sua-xvii-asemblea-nacional\\\/#primaryimage\"},\"image\":{\"@id\":\"https:\\\/\\\/www.anovapeneira.gal\\\/index.php\\\/2023\\\/12\\\/07\\\/galiza-nova-renova-a-sua-direccion-politica-na-sua-xvii-asemblea-nacional\\\/#primaryimage\"},\"thumbnailUrl\":\"https:\\\/\\\/www.anovapeneira.gal\\\/wp-content\\\/uploads\\\/2023\\\/12\\\/votacion_galiza_nova.jpg\",\"datePublished\":\"2023-12-07T11:00:12+00:00\",\"breadcrumb\":{\"@id\":\"https:\\\/\\\/www.anovapeneira.gal\\\/index.php\\\/2023\\\/12\\\/07\\\/galiza-nova-renova-a-sua-direccion-politica-na-sua-xvii-asemblea-nacional\\\/#breadcrumb\"},\"inLanguage\":\"gl-ES\",\"potentialAction\":[{\"@type\":\"ReadAction\",\"target\":[\"https:\\\/\\\/www.anovapeneira.gal\\\/index.php\\\/2023\\\/12\\\/07\\\/galiza-nova-renova-a-sua-direccion-politica-na-sua-xvii-asemblea-nacional\\\/\"]}]},{\"@type\":\"ImageObject\",\"inLanguage\":\"gl-ES\",\"@id\":\"https:\\\/\\\/www.anovapeneira.gal\\\/index.php\\\/2023\\\/12\\\/07\\\/galiza-nova-renova-a-sua-direccion-politica-na-sua-xvii-asemblea-nacional\\\/#primaryimage\",\"url\":\"https:\\\/\\\/www.anovapeneira.gal\\\/wp-content\\\/uploads\\\/2023\\\/12\\\/votacion_galiza_nova.jpg\",\"contentUrl\":\"https:\\\/\\\/www.anovapeneira.gal\\\/wp-content\\\/uploads\\\/2023\\\/12\\\/votacion_galiza_nova.jpg\",\"width\":720,\"height\":432,\"caption\":\"Votaci\u00f3n Galiza Nova\"},{\"@type\":\"BreadcrumbList\",\"@id\":\"https:\\\/\\\/www.anovapeneira.gal\\\/index.php\\\/2023\\\/12\\\/07\\\/galiza-nova-renova-a-sua-direccion-politica-na-sua-xvii-asemblea-nacional\\\/#breadcrumb\",\"itemListElement\":[{\"@type\":\"ListItem\",\"position\":1,\"name\":\"Portada\",\"item\":\"https:\\\/\\\/www.anovapeneira.gal\\\/\"},{\"@type\":\"ListItem\",\"position\":2,\"name\":\"Galiza Nova renova a s\u00faa direcci\u00f3n pol\u00edtica na s\u00faa XVII Asemblea Nacional\"}]},{\"@type\":\"WebSite\",\"@id\":\"https:\\\/\\\/www.anovapeneira.gal\\\/#website\",\"url\":\"https:\\\/\\\/www.anovapeneira.gal\\\/\",\"name\":\"\",\"description\":\"Xornal galego de informaci\u00f3n xeral Publicaci\u00f3n mensual de novas de Galicia e en especial dos Concellos da sur da provincia de Pontevedra.\",\"publisher\":{\"@id\":\"https:\\\/\\\/www.anovapeneira.gal\\\/#organization\"},\"potentialAction\":[{\"@type\":\"SearchAction\",\"target\":{\"@type\":\"EntryPoint\",\"urlTemplate\":\"https:\\\/\\\/www.anovapeneira.gal\\\/?s={search_term_string}\"},\"query-input\":{\"@type\":\"PropertyValueSpecification\",\"valueRequired\":true,\"valueName\":\"search_term_string\"}}],\"inLanguage\":\"gl-ES\"},{\"@type\":\"Organization\",\"@id\":\"https:\\\/\\\/www.anovapeneira.gal\\\/#organization\",\"name\":\"A Nova Peneira\",\"url\":\"https:\\\/\\\/www.anovapeneira.gal\\\/\",\"logo\":{\"@type\":\"ImageObject\",\"inLanguage\":\"gl-ES\",\"@id\":\"https:\\\/\\\/www.anovapeneira.gal\\\/#\\\/schema\\\/logo\\\/image\\\/\",\"url\":\"http:\\\/\\\/www.anovapeneira.gal\\\/wp-content\\\/uploads\\\/2019\\\/06\\\/logo_a_nova_peneira_portal_web.png\",\"contentUrl\":\"http:\\\/\\\/www.anovapeneira.gal\\\/wp-content\\\/uploads\\\/2019\\\/06\\\/logo_a_nova_peneira_portal_web.png\",\"width\":300,\"height\":100,\"caption\":\"A Nova Peneira\"},\"image\":{\"@id\":\"https:\\\/\\\/www.anovapeneira.gal\\\/#\\\/schema\\\/logo\\\/image\\\/\"},\"sameAs\":[\"https:\\\/\\\/www.facebook.com\\\/anovapeneira\",\"https:\\\/\\\/x.com\\\/APeneira\"]},{\"@type\":\"Person\",\"@id\":\"https:\\\/\\\/www.anovapeneira.gal\\\/#\\\/schema\\\/person\\\/b93e3f8932e3f8da96334607eb6ac6aa\",\"name\":\"Redacci\u00f3n A Nova Peneira\",\"image\":{\"@type\":\"ImageObject\",\"inLanguage\":\"gl-ES\",\"@id\":\"https:\\\/\\\/secure.gravatar.com\\\/avatar\\\/c052a2551a06e23fac63626232eaa90abd78dbcf1700fc46a2b2c89fd27b735f?s=96&d=mm&r=g\",\"url\":\"https:\\\/\\\/secure.gravatar.com\\\/avatar\\\/c052a2551a06e23fac63626232eaa90abd78dbcf1700fc46a2b2c89fd27b735f?s=96&d=mm&r=g\",\"contentUrl\":\"https:\\\/\\\/secure.gravatar.com\\\/avatar\\\/c052a2551a06e23fac63626232eaa90abd78dbcf1700fc46a2b2c89fd27b735f?s=96&d=mm&r=g\",\"caption\":\"Redacci\u00f3n A Nova Peneira\"},\"sameAs\":[\"http:\\\/\\\/www.anovapeneira.gal\\\/\"],\"url\":\"https:\\\/\\\/www.anovapeneira.gal\\\/index.php\\\/author\\\/redactor\\\/\"}]}<\/script>\n<!-- \/ Yoast SEO plugin. -->","yoast_head_json":{"title":"Galiza Nova renova a s\u00faa direcci\u00f3n pol\u00edtica na s\u00faa XVII Asemblea Nacional -","robots":{"index":"index","follow":"follow","max-snippet":"max-snippet:-1","max-image-preview":"max-image-preview:large","max-video-preview":"max-video-preview:-1"},"canonical":"https:\/\/www.anovapeneira.gal\/index.php\/2023\/12\/07\/galiza-nova-renova-a-sua-direccion-politica-na-sua-xvii-asemblea-nacional\/","og_locale":"gl_ES","og_type":"article","og_title":"Galiza Nova renova a s\u00faa direcci\u00f3n pol\u00edtica na s\u00faa XVII Asemblea Nacional -","og_description":"A organizaci\u00f3n xuvenil do BNG reuniu a 200 persoas nunha sesi\u00f3n de clausura na que tam\u00e9n estivo presente a portavoz nacional do BNG [...]","og_url":"https:\/\/www.anovapeneira.gal\/index.php\/2023\/12\/07\/galiza-nova-renova-a-sua-direccion-politica-na-sua-xvii-asemblea-nacional\/","article_publisher":"https:\/\/www.facebook.com\/anovapeneira","article_published_time":"2023-12-07T11:00:12+00:00","og_image":[{"width":720,"height":432,"url":"https:\/\/www.anovapeneira.gal\/wp-content\/uploads\/2023\/12\/votacion_galiza_nova.jpg","type":"image\/jpeg"}],"author":"Redacci\u00f3n A Nova Peneira","twitter_card":"summary_large_image","twitter_creator":"@APeneira","twitter_site":"@APeneira","twitter_misc":{"Escrito por":"Redacci\u00f3n A Nova Peneira","Tempo de lectura":"2 minutos"},"schema":{"@context":"https:\/\/schema.org","@graph":[{"@type":"Article","@id":"https:\/\/www.anovapeneira.gal\/index.php\/2023\/12\/07\/galiza-nova-renova-a-sua-direccion-politica-na-sua-xvii-asemblea-nacional\/#article","isPartOf":{"@id":"https:\/\/www.anovapeneira.gal\/index.php\/2023\/12\/07\/galiza-nova-renova-a-sua-direccion-politica-na-sua-xvii-asemblea-nacional\/"},"author":{"name":"Redacci\u00f3n A Nova Peneira","@id":"https:\/\/www.anovapeneira.gal\/#\/schema\/person\/b93e3f8932e3f8da96334607eb6ac6aa"},"headline":"Galiza Nova renova a s\u00faa direcci\u00f3n pol\u00edtica na s\u00faa XVII Asemblea Nacional","datePublished":"2023-12-07T11:00:12+00:00","mainEntityOfPage":{"@id":"https:\/\/www.anovapeneira.gal\/index.php\/2023\/12\/07\/galiza-nova-renova-a-sua-direccion-politica-na-sua-xvii-asemblea-nacional\/"},"wordCount":489,"commentCount":0,"publisher":{"@id":"https:\/\/www.anovapeneira.gal\/#organization"},"image":{"@id":"https:\/\/www.anovapeneira.gal\/index.php\/2023\/12\/07\/galiza-nova-renova-a-sua-direccion-politica-na-sua-xvii-asemblea-nacional\/#primaryimage"},"thumbnailUrl":"https:\/\/www.anovapeneira.gal\/wp-content\/uploads\/2023\/12\/votacion_galiza_nova.jpg","keywords":["Galiza Nova"],"articleSection":["Novas"],"inLanguage":"gl-ES","potentialAction":[{"@type":"CommentAction","name":"Comment","target":["https:\/\/www.anovapeneira.gal\/index.php\/2023\/12\/07\/galiza-nova-renova-a-sua-direccion-politica-na-sua-xvii-asemblea-nacional\/#respond"]}]},{"@type":"WebPage","@id":"https:\/\/www.anovapeneira.gal\/index.php\/2023\/12\/07\/galiza-nova-renova-a-sua-direccion-politica-na-sua-xvii-asemblea-nacional\/","url":"https:\/\/www.anovapeneira.gal\/index.php\/2023\/12\/07\/galiza-nova-renova-a-sua-direccion-politica-na-sua-xvii-asemblea-nacional\/","name":"Galiza Nova renova a s\u00faa direcci\u00f3n pol\u00edtica na s\u00faa XVII Asemblea Nacional -","isPartOf":{"@id":"https:\/\/www.anovapeneira.gal\/#website"},"primaryImageOfPage":{"@id":"https:\/\/www.anovapeneira.gal\/index.php\/2023\/12\/07\/galiza-nova-renova-a-sua-direccion-politica-na-sua-xvii-asemblea-nacional\/#primaryimage"},"image":{"@id":"https:\/\/www.anovapeneira.gal\/index.php\/2023\/12\/07\/galiza-nova-renova-a-sua-direccion-politica-na-sua-xvii-asemblea-nacional\/#primaryimage"},"thumbnailUrl":"https:\/\/www.anovapeneira.gal\/wp-content\/uploads\/2023\/12\/votacion_galiza_nova.jpg","datePublished":"2023-12-07T11:00:12+00:00","breadcrumb":{"@id":"https:\/\/www.anovapeneira.gal\/index.php\/2023\/12\/07\/galiza-nova-renova-a-sua-direccion-politica-na-sua-xvii-asemblea-nacional\/#breadcrumb"},"inLanguage":"gl-ES","potentialAction":[{"@type":"ReadAction","target":["https:\/\/www.anovapeneira.gal\/index.php\/2023\/12\/07\/galiza-nova-renova-a-sua-direccion-politica-na-sua-xvii-asemblea-nacional\/"]}]},{"@type":"ImageObject","inLanguage":"gl-ES","@id":"https:\/\/www.anovapeneira.gal\/index.php\/2023\/12\/07\/galiza-nova-renova-a-sua-direccion-politica-na-sua-xvii-asemblea-nacional\/#primaryimage","url":"https:\/\/www.anovapeneira.gal\/wp-content\/uploads\/2023\/12\/votacion_galiza_nova.jpg","contentUrl":"https:\/\/www.anovapeneira.gal\/wp-content\/uploads\/2023\/12\/votacion_galiza_nova.jpg","width":720,"height":432,"caption":"Votaci\u00f3n Galiza Nova"},{"@type":"BreadcrumbList","@id":"https:\/\/www.anovapeneira.gal\/index.php\/2023\/12\/07\/galiza-nova-renova-a-sua-direccion-politica-na-sua-xvii-asemblea-nacional\/#breadcrumb","itemListElement":[{"@type":"ListItem","position":1,"name":"Portada","item":"https:\/\/www.anovapeneira.gal\/"},{"@type":"ListItem","position":2,"name":"Galiza Nova renova a s\u00faa direcci\u00f3n pol\u00edtica na s\u00faa XVII Asemblea Nacional"}]},{"@type":"WebSite","@id":"https:\/\/www.anovapeneira.gal\/#website","url":"https:\/\/www.anovapeneira.gal\/","name":"","description":"Xornal galego de informaci\u00f3n xeral Publicaci\u00f3n mensual de novas de Galicia e en especial dos Concellos da sur da provincia de Pontevedra.","publisher":{"@id":"https:\/\/www.anovapeneira.gal\/#organization"},"potentialAction":[{"@type":"SearchAction","target":{"@type":"EntryPoint","urlTemplate":"https:\/\/www.anovapeneira.gal\/?s={search_term_string}"},"query-input":{"@type":"PropertyValueSpecification","valueRequired":true,"valueName":"search_term_string"}}],"inLanguage":"gl-ES"},{"@type":"Organization","@id":"https:\/\/www.anovapeneira.gal\/#organization","name":"A Nova Peneira","url":"https:\/\/www.anovapeneira.gal\/","logo":{"@type":"ImageObject","inLanguage":"gl-ES","@id":"https:\/\/www.anovapeneira.gal\/#\/schema\/logo\/image\/","url":"http:\/\/www.anovapeneira.gal\/wp-content\/uploads\/2019\/06\/logo_a_nova_peneira_portal_web.png","contentUrl":"http:\/\/www.anovapeneira.gal\/wp-content\/uploads\/2019\/06\/logo_a_nova_peneira_portal_web.png","width":300,"height":100,"caption":"A Nova Peneira"},"image":{"@id":"https:\/\/www.anovapeneira.gal\/#\/schema\/logo\/image\/"},"sameAs":["https:\/\/www.facebook.com\/anovapeneira","https:\/\/x.com\/APeneira"]},{"@type":"Person","@id":"https:\/\/www.anovapeneira.gal\/#\/schema\/person\/b93e3f8932e3f8da96334607eb6ac6aa","name":"Redacci\u00f3n A Nova Peneira","image":{"@type":"ImageObject","inLanguage":"gl-ES","@id":"https:\/\/secure.gravatar.com\/avatar\/c052a2551a06e23fac63626232eaa90abd78dbcf1700fc46a2b2c89fd27b735f?s=96&d=mm&r=g","url":"https:\/\/secure.gravatar.com\/avatar\/c052a2551a06e23fac63626232eaa90abd78dbcf1700fc46a2b2c89fd27b735f?s=96&d=mm&r=g","contentUrl":"https:\/\/secure.gravatar.com\/avatar\/c052a2551a06e23fac63626232eaa90abd78dbcf1700fc46a2b2c89fd27b735f?s=96&d=mm&r=g","caption":"Redacci\u00f3n A Nova Peneira"},"sameAs":["http:\/\/www.anovapeneira.gal\/"],"url":"https:\/\/www.anovapeneira.gal\/index.php\/author\/redactor\/"}]}},"jetpack_featured_media_url":"https:\/\/www.anovapeneira.gal\/wp-content\/uploads\/2023\/12\/votacion_galiza_nova.jpg","_links":{"self":[{"href":"https:\/\/www.anovapeneira.gal\/index.php\/wp-json\/wp\/v2\/posts\/10867","targetHints":{"allow":["GET"]}}],"collection":[{"href":"https:\/\/www.anovapeneira.gal\/index.php\/wp-json\/wp\/v2\/posts"}],"about":[{"href":"https:\/\/www.anovapeneira.gal\/index.php\/wp-json\/wp\/v2\/types\/post"}],"author":[{"embeddable":true,"href":"https:\/\/www.anovapeneira.gal\/index.php\/wp-json\/wp\/v2\/users\/3"}],"replies":[{"embeddable":true,"href":"https:\/\/www.anovapeneira.gal\/index.php\/wp-json\/wp\/v2\/comments?post=10867"}],"version-history":[{"count":1,"href":"https:\/\/www.anovapeneira.gal\/index.php\/wp-json\/wp\/v2\/posts\/10867\/revisions"}],"predecessor-version":[{"id":10869,"href":"https:\/\/www.anovapeneira.gal\/index.php\/wp-json\/wp\/v2\/posts\/10867\/revisions\/10869"}],"wp:featuredmedia":[{"embeddable":true,"href":"https:\/\/www.anovapeneira.gal\/index.php\/wp-json\/wp\/v2\/media\/10868"}],"wp:attachment":[{"href":"https:\/\/www.anovapeneira.gal\/index.php\/wp-json\/wp\/v2\/media?parent=10867"}],"wp:term":[{"taxonomy":"category","embeddable":true,"href":"https:\/\/www.anovapeneira.gal\/index.php\/wp-json\/wp\/v2\/categories?post=10867"},{"taxonomy":"post_tag","embeddable":true,"href":"https:\/\/www.anovapeneira.gal\/index.php\/wp-json\/wp\/v2\/tags?post=10867"}],"curies":[{"name":"wp","href":"https:\/\/api.w.org\/{rel}","templated":true}]}}