{"id":10874,"date":"2023-12-08T12:00:27","date_gmt":"2023-12-08T11:00:27","guid":{"rendered":"https:\/\/www.anovapeneira.gal\/?p=10874"},"modified":"2023-12-06T17:55:49","modified_gmt":"2023-12-06T16:55:49","slug":"luciano-otero-alcalde-de-pazos-de-borben-2","status":"publish","type":"post","link":"https:\/\/www.anovapeneira.gal\/index.php\/2023\/12\/08\/luciano-otero-alcalde-de-pazos-de-borben-2\/","title":{"rendered":"Luciano Otero, alcalde de Pazos de Borb\u00e9n"},"content":{"rendered":"\n<p><strong>Se nalg\u00fan dos concellos da nosa \u00e1rea de influencia era evidente a necesidade do cambio pol\u00edtico este era Pazos de Borb\u00e9n. Despois de m\u00e1is de 20 anos de goberno do PP o desleixo , a ineptitude, e o nepotismo sumiran a Pazos nun estado de esclerose do que vai ser moi dif\u00edcil que saia. Non dubidamos da vontade nin da competencia do novo goberno nin de novo alcalde, pero si da vontade de colaboraci\u00f3n da administraci\u00f3n provincial e auton\u00f3mica que se por algo se ten caracterizado, nos per\u00edodos do goberno do PP, \u00e9 por favorecer aos gobernos do seu partido e por discriminar aos concellos que gobernan outros.<\/strong><\/p>\n\n\n\n<p><strong>Hai algo que si hai que reco\u00f1ecer que o PP fai ben, de feito faino mellor que ningu\u00e9n: nunca se esquece dos seus: Agust\u00edn Reguera, ex alcalde de Soutomaior, colocado na Xunta, Javier Bas, ex alcalde de Redondela, colocado na Deputaci\u00f3n e Andr\u00e9s Iglesias ex alcalde de Pazos de Borb\u00e9n, colocado tam\u00e9n na Deputaci\u00f3n. Medio ano despois do hist\u00f3rico cambio pol\u00edtico en Pazos n\u00f3s conversamos co seu alcalde.<\/strong><\/p>\n\n\n\n<p>\u201c<strong>Non vou escatimar esforzos en servir ao meu pobo e poder consolidar o cambio pol\u00edtico en Pazos\u201d<\/strong><\/p>\n\n\n\n<p><strong>Luciano, levas xa medio ano como alcalde, tempo suficiente para poderes emitir unha primeira valoraci\u00f3n?<\/strong><\/p>\n\n\n\n<blockquote class=\"wp-block-quote is-layout-flow wp-block-quote-is-layout-flow\">\n<p>Hai dous sentimentos que poden describir perfectamente o meu estado, ao respecto da t\u00faa pregunta: a enorme ilusi\u00f3n e o inmenso sentimento de responsabilidade. Custou moit\u00edsimo chegar ata aqu\u00ed e desde logo que este goberno e este alcalde non van escatimar esforzos , nin vontade, nin ilusi\u00f3n en servir ao noso pobo para que poidamos consolidar o cambio pol\u00edtico que Pazos tanto necesitaba. .<\/p>\n<\/blockquote>\n\n\n\n<p><strong>\u00c9 a primeira vez na historia da democracia que hai un alcalde diferente ao PP neste concello?<\/strong><\/p>\n\n\n\n<blockquote class=\"wp-block-quote is-layout-flow wp-block-quote-is-layout-flow\">\n<p>Correcto. No Pleno de investidura not\u00e1base unha alegr\u00eda colectiva e temos unha responsabilidade con todas estas persoas que tanto loitaron polo cambio.<\/p>\n<\/blockquote>\n\n\n\n<p><strong>A situaci\u00f3n aritm\u00e9tica non \u00e9 f\u00e1cil, tedes catro de 11 representantes e dependedes do concelleiro do Bloque e do PSOE. Como son estas relaci\u00f3ns?<\/strong><\/p>\n\n\n\n<blockquote class=\"wp-block-quote is-layout-flow wp-block-quote-is-layout-flow\">\n<p>Creo que todos nos temos que adaptar a esta situaci\u00f3n, mellorar d\u00eda a d\u00eda e aprender mutuamente a relacionarnos e convivir. Estamos seguros de que tanto o PSOE como o BNG queren o ben colectivo para Pazos e non van perder a oportunidade de consolidar o cambio pol\u00edtico. Creo que nos 4 anos do mandato teremos boas relaci\u00f3ns porque se non fose as\u00ed, hip\u00f3tese que non concibo, isto pasar\u00edanos factura nas urnas.<\/p>\n<\/blockquote>\n\n\n\n<p><strong>En que situaci\u00f3n atopastes as finanzas do Concello?<\/strong><\/p>\n\n\n\n<blockquote class=\"wp-block-quote is-layout-flow wp-block-quote-is-layout-flow\">\n<p>Nunha situaci\u00f3n de caos e descontrol. Atop\u00e1monos un remanente de 600.000\u20ac e incriblemente, unha chea de facturas no caix\u00f3n sen pagar.<\/p>\n<\/blockquote>\n\n\n\n<p><strong>De cando son estas facturas?<\/strong><\/p>\n\n\n\n<blockquote class=\"wp-block-quote is-layout-flow wp-block-quote-is-layout-flow\">\n<p>Atop\u00e1monos unha de 13.000\u20ac de hai un ano que estaba sen pagar e algunha m\u00e1is antiga tam\u00e9n.<\/p>\n<\/blockquote>\n\n\n\n<blockquote class=\"wp-block-quote is-layout-flow wp-block-quote-is-layout-flow\">\n<p>Este remanente non se pode gastar sen aprobaci\u00f3n do pleno pero, o PP, que v\u00e9n de ter anos de maior\u00eda absoluta, non utilizou esta maior\u00eda para aprobar pagar a estes provedores despois de tantos meses.<\/p>\n<\/blockquote>\n\n\n\n<blockquote class=\"wp-block-quote is-layout-flow wp-block-quote-is-layout-flow\">\n<p>P\u00faidoo utilizar para mellorar a depuradora para non contaminar o r\u00edo e non estar continuamente recibindo multas por iso. Acabamos de facer unha proposta para este fin.<\/p>\n<\/blockquote>\n\n\n\n<blockquote class=\"wp-block-quote is-layout-flow wp-block-quote-is-layout-flow\">\n<p>Tendo di\u00f1eiro, supo\u00f1o que o \u00fanico motivo polo que non o fixeron foi o desleixo e a falta de traballo, liderado e preocupaci\u00f3n polos problemas do concello.<\/p>\n<\/blockquote>\n\n\n\n<p><strong>Cal \u00e9 a vosa vontade ao respecto?<\/strong><\/p>\n\n\n\n<blockquote class=\"wp-block-quote is-layout-flow wp-block-quote-is-layout-flow\">\n<p>Un traballador ten que cobrar polo seu traballo, e se traballa para unha administraci\u00f3n ten que cobrar axi\u00f1a. \u00c9 inadmisible que provedores do concello estean meses sen cobrar polos servizos que prestaron. N\u00f3s pretendemos dar un xiro de 180 graos a este inaceptable desleixo. Queremos sufragar estes pagos o antes posible e temos pensado pagar aos provedores a 15 d\u00edas, para isto hai que Investir nas cousas importantes.<\/p>\n<\/blockquote>\n\n\n\n<p><strong>Ent\u00f3n aprobouse en pleno a utilizaci\u00f3n do remanente?<\/strong><\/p>\n\n\n\n<blockquote class=\"wp-block-quote is-layout-flow wp-block-quote-is-layout-flow\">\n<p>Si. Sa\u00edu aprobado en segunda volta con voto a favor do BNG e abstenci\u00f3n do PSOE.<\/p>\n<\/blockquote>\n\n\n\n<p><strong>Que argumentou o PP para votar en contra? porque para xustificar o non pagar os servizos que lle prestaron ao concello, e que na s\u00faa grande maior\u00eda foron encargados polo goberno do PP, hai que ser pouco menos que un mago da dial\u00e9ctica<\/strong><\/p>\n\n\n\n<blockquote class=\"wp-block-quote is-layout-flow wp-block-quote-is-layout-flow\">\n<p>Asombrosamente votaron en contra de pagar gastos que asumiran eles ou para gastos correntes de luz, etc.<\/p>\n<\/blockquote>\n\n\n\n<p><strong>Para que foi esta factura de 13.000\u20ac que estaba sen abonar?<\/strong><\/p>\n\n\n\n<blockquote class=\"wp-block-quote is-layout-flow wp-block-quote-is-layout-flow\">\n<p>Para un asfaltado.<\/p>\n<\/blockquote>\n\n\n\n<p><strong>Quen defendeu a postura do PP?<\/strong><\/p>\n\n\n\n<blockquote class=\"wp-block-quote is-layout-flow wp-block-quote-is-layout-flow\">\n<p>Elo\u00edsa. E facendo uso dunhas mentiras descaradas como a de que o alcalde se gastou 20.000\u20ac en remodelar o despacho e, o \u00fanico que se fixo foi cambiar os mobles de sitio. Pedinlle por redes sociais que me presentase esa factura de 20000\u20ac e, a d\u00eda de hoxe, a\u00ednda non o fixo.<\/p>\n<\/blockquote>\n\n\n\n<blockquote class=\"wp-block-quote is-layout-flow wp-block-quote-is-layout-flow\">\n<p>O \u00fanico que se levou a Pleno sobre as instalaci\u00f3ns municipais \u00e9 para mellorar a rede el\u00e9ctrica en todo o Concello porque est\u00e1 mal. Hai enchufes no meu despacho que est\u00e1n colgados cos cables polo chan, cando cheguei o computador non ti\u00f1a nin corrente.<\/p>\n<\/blockquote>\n\n\n\n<p><strong>Al\u00e9n da cuesti\u00f3n econ\u00f3mica que nos podes dicir do inicio da acci\u00f3n de goberno?<\/strong><\/p>\n\n\n\n<blockquote class=\"wp-block-quote is-layout-flow wp-block-quote-is-layout-flow\">\n<p>Xusto collemos as rendas do Concello antes do ver\u00e1n e hab\u00eda d\u00faas cuesti\u00f3ns importantes como a apertura de piscinas ou o campamento de ver\u00e1n, que foi no que nos centramos ao comezo pois non hab\u00eda ning\u00fan tr\u00e1mite feito. Agora estamos a organizar un campamento de nadal para poder conciliar que \u00e9 a primeira vez que se fai no noso concello, e temos ilusi\u00f3n e expectativas razoables en que saia moi ben e poder ofrecer ese importante servizo de conciliaci\u00f3n familiar \u00e1 sociedade do noso pobo..<\/p>\n<\/blockquote>\n\n\n\n<p><strong>Un asunto relevante, no que insist\u00edas cando estabas na oposici\u00f3n, \u00e9 o estado da estrada de Nespereira, como est\u00e1?<\/strong><\/p>\n\n\n\n<blockquote class=\"wp-block-quote is-layout-flow wp-block-quote-is-layout-flow\">\n<p>Pois como a Deputaci\u00f3n tam\u00e9n cambiou de Goberno, esperamos un tempo prudente para que puidesen asentarse. Xa en agosto solicit\u00e1moslle unha reuni\u00f3n por este tema, posto que un tramo ti\u00f1a que licitarse xa, e comezar a traballar no seguinte. E a\u00ednda non temos resposta. Agardo recibir unha contestaci\u00f3n r\u00e1pida e satisfactoria da administraci\u00f3n provincial. Mellorar esa estrada \u00e9 unha necesidade de extrema urxencia para Pazos de Borb\u00e9n e non descansarei de esixilo ata que se faga.<\/p>\n<\/blockquote>\n\n\n\n<p><strong>Agora un asesor da Deputaci\u00f3n, Javier Bas, t\u00e9delo moi preto en Redondela.<\/strong><\/p>\n\n\n\n<blockquote class=\"wp-block-quote is-layout-flow wp-block-quote-is-layout-flow\">\n<p>E a Andr\u00e9s Iglesias, o anterior alcalde, que agora est\u00e1 na Deputaci\u00f3n de administrativo, nun posto de confianza. Nun pleno, un veci\u00f1o d\u00edxolle que se nos pod\u00eda informar do asunto, parece que non lle sentou moi ben.<\/p>\n<\/blockquote>\n\n\n\n<blockquote class=\"wp-block-quote is-layout-flow wp-block-quote-is-layout-flow\">\n<p>A Javier Bas pregunteille cando presentou o novo \u201cPlan de Concellos\u201d do novo Goberno da Deputaci\u00f3n, a el e ao presidente, exp\u00faxenlles o problema e comuniqueilles que xa hab\u00eda unha partida de di\u00f1eiro e un proxecto feito do anterior goberno e non obtiven resposta algunha.<\/p>\n<\/blockquote>\n\n\n\n<p><strong>Tivestes alg\u00fan contacto coa Xunta de Galicia?<\/strong><\/p>\n\n\n\n<blockquote class=\"wp-block-quote is-layout-flow wp-block-quote-is-layout-flow\">\n<p>Co xerente do Sergas polo problema co Centro de Sa\u00fade, que non est\u00e1 ben e hai moita sobrecarga de traballo, hai que aliviar esta situaci\u00f3n para unha soa profesional. Quedaron en estudar estas medidas, pero tampouco temos resposta a\u00ednda. Estamos pendentes dunha reuni\u00f3n a tres partes entre Concello, Xunta e profesionais do centro. O noso obxectivo \u00e9 que haxa outro ou outra m\u00e9dica m\u00e1is.<\/p>\n<\/blockquote>\n\n\n\n<p><strong>Cantos profesionais da medicina hai agora no Centro de Sa\u00fade?<\/strong><\/p>\n\n\n\n<blockquote class=\"wp-block-quote is-layout-flow wp-block-quote-is-layout-flow\">\n<p>Hai unha soa doutora que ten que atender a unha cartilla de m\u00e1is de 1.600 pacientes e unha ocupaci\u00f3n de urxencias de 3.000 persoas. Esta doutora ten moi boa vontade, pero \u00e9 inviable atender a tanta xente e cunha poboaci\u00f3n moi envellecida que esixe moitas visitas a domicilio.<\/p>\n<\/blockquote>\n\n\n\n<p><strong>Outro asunto preocupante coa anterior administraci\u00f3n era o tema das verteduras de auga. Puidestes po\u00f1ervos a traballar para arranxalo?<\/strong><\/p>\n\n\n\n<blockquote class=\"wp-block-quote is-layout-flow wp-block-quote-is-layout-flow\">\n<p>Sobre o remanente do que falabamos antes, xa levamos un investimento para a mellora de Moscoso e Amoedo. Estamos a acelerar todo o posible unha modificaci\u00f3n puntual do Plan parcial que nos vai a permitir instalar unha nova depuradora. Temos unha empresa que se comprometeu de maneira inmediata a instalar unha depuradora provisional nas instalaci\u00f3ns para solucionar estes problemas de verteduras.<\/p>\n<\/blockquote>\n\n\n\n<p><strong>E a colaboraci\u00f3n da anterior administraci\u00f3n existe?<\/strong><\/p>\n\n\n\n<blockquote class=\"wp-block-quote is-layout-flow wp-block-quote-is-layout-flow\">\n<p>Non, \u00e9 inexistente.<\/p>\n<\/blockquote>\n","protected":false},"excerpt":{"rendered":"<div class=\"mh-excerpt\"><p>Se nalg\u00fan dos concellos da nosa \u00e1rea de influencia era evidente a necesidade do cambio pol\u00edtico este era Pazos de Borb\u00e9n. Despois de m\u00e1is de 20 anos de goberno do PP o desleixo , a ineptitude, e o nepotismo sumiran a Pazos nun estado de esclerose do que vai ser moi dif\u00edcil que saia <a class=\"mh-excerpt-more\" href=\"https:\/\/www.anovapeneira.gal\/index.php\/2023\/12\/08\/luciano-otero-alcalde-de-pazos-de-borben-2\/\" title=\"Luciano Otero, alcalde de Pazos de Borb\u00e9n\">[&#8230;]<\/a><\/p>\n<\/div>","protected":false},"author":3,"featured_media":10075,"comment_status":"open","ping_status":"open","sticky":false,"template":"","format":"standard","meta":{"_exactmetrics_skip_tracking":false,"_exactmetrics_sitenote_active":false,"_exactmetrics_sitenote_note":"","_exactmetrics_sitenote_category":0,"footnotes":""},"categories":[26],"tags":[1089],"class_list":{"0":"post-10874","1":"post","2":"type-post","3":"status-publish","4":"format-standard","5":"has-post-thumbnail","7":"category-pontevedra","8":"tag-concello-de-pazos-de-borben"},"yoast_head":"<!-- This site is optimized with the Yoast SEO plugin v27.4 - https:\/\/yoast.com\/product\/yoast-seo-wordpress\/ -->\n<title>Luciano Otero, alcalde de Pazos de Borb\u00e9n -<\/title>\n<meta name=\"description\" content=\"Se nalg\u00fan dos concellos da nosa \u00e1rea de influencia era evidente a necesidade do cambio pol\u00edtico este era Pazos de Borb\u00e9n. Despois de m\u00e1is de 20 anos de goberno do PP o desleixo , a ineptitude, e o nepotismo sumiran a Pazos nun estado de esclerose do que vai ser moi dif\u00edcil que saia\" \/>\n<meta name=\"robots\" content=\"index, follow, max-snippet:-1, max-image-preview:large, max-video-preview:-1\" \/>\n<link rel=\"canonical\" href=\"https:\/\/www.anovapeneira.gal\/index.php\/2023\/12\/08\/luciano-otero-alcalde-de-pazos-de-borben-2\/\" \/>\n<meta property=\"og:locale\" content=\"gl_ES\" \/>\n<meta property=\"og:type\" content=\"article\" \/>\n<meta property=\"og:title\" content=\"Luciano Otero, alcalde de Pazos de Borb\u00e9n -\" \/>\n<meta property=\"og:description\" content=\"Se nalg\u00fan dos concellos da nosa \u00e1rea de influencia era evidente a necesidade do cambio pol\u00edtico este era Pazos de Borb\u00e9n. Despois de m\u00e1is de 20 anos de goberno do PP o desleixo , a ineptitude, e o nepotismo sumiran a Pazos nun estado de esclerose do que vai ser moi dif\u00edcil que saia\" \/>\n<meta property=\"og:url\" content=\"https:\/\/www.anovapeneira.gal\/index.php\/2023\/12\/08\/luciano-otero-alcalde-de-pazos-de-borben-2\/\" \/>\n<meta property=\"article:publisher\" content=\"https:\/\/www.facebook.com\/anovapeneira\" \/>\n<meta property=\"article:published_time\" content=\"2023-12-08T11:00:27+00:00\" \/>\n<meta property=\"og:image\" content=\"https:\/\/www.anovapeneira.gal\/wp-content\/uploads\/2023\/07\/luciano_otero.jpg\" \/>\n\t<meta property=\"og:image:width\" content=\"720\" \/>\n\t<meta property=\"og:image:height\" content=\"432\" \/>\n\t<meta property=\"og:image:type\" content=\"image\/jpeg\" \/>\n<meta name=\"author\" content=\"Redacci\u00f3n A Nova Peneira\" \/>\n<meta name=\"twitter:card\" content=\"summary_large_image\" \/>\n<meta name=\"twitter:creator\" content=\"@APeneira\" \/>\n<meta name=\"twitter:site\" content=\"@APeneira\" \/>\n<meta name=\"twitter:label1\" content=\"Escrito por\" \/>\n\t<meta name=\"twitter:data1\" content=\"Redacci\u00f3n A Nova Peneira\" \/>\n\t<meta name=\"twitter:label2\" content=\"Tempo de lectura\" \/>\n\t<meta name=\"twitter:data2\" content=\"3 minutos\" \/>\n<script type=\"application\/ld+json\" class=\"yoast-schema-graph\">{\"@context\":\"https:\\\/\\\/schema.org\",\"@graph\":[{\"@type\":\"Article\",\"@id\":\"https:\\\/\\\/www.anovapeneira.gal\\\/index.php\\\/2023\\\/12\\\/08\\\/luciano-otero-alcalde-de-pazos-de-borben-2\\\/#article\",\"isPartOf\":{\"@id\":\"https:\\\/\\\/www.anovapeneira.gal\\\/index.php\\\/2023\\\/12\\\/08\\\/luciano-otero-alcalde-de-pazos-de-borben-2\\\/\"},\"author\":{\"name\":\"Redacci\u00f3n A Nova Peneira\",\"@id\":\"https:\\\/\\\/www.anovapeneira.gal\\\/#\\\/schema\\\/person\\\/b93e3f8932e3f8da96334607eb6ac6aa\"},\"headline\":\"Luciano Otero, alcalde de Pazos de Borb\u00e9n\",\"datePublished\":\"2023-12-08T11:00:27+00:00\",\"mainEntityOfPage\":{\"@id\":\"https:\\\/\\\/www.anovapeneira.gal\\\/index.php\\\/2023\\\/12\\\/08\\\/luciano-otero-alcalde-de-pazos-de-borben-2\\\/\"},\"wordCount\":1437,\"commentCount\":0,\"publisher\":{\"@id\":\"https:\\\/\\\/www.anovapeneira.gal\\\/#organization\"},\"image\":{\"@id\":\"https:\\\/\\\/www.anovapeneira.gal\\\/index.php\\\/2023\\\/12\\\/08\\\/luciano-otero-alcalde-de-pazos-de-borben-2\\\/#primaryimage\"},\"thumbnailUrl\":\"https:\\\/\\\/www.anovapeneira.gal\\\/wp-content\\\/uploads\\\/2023\\\/07\\\/luciano_otero.jpg\",\"keywords\":[\"Concello de Pazos de Borb\u00e9n\"],\"articleSection\":[\"Pontevedra\"],\"inLanguage\":\"gl-ES\",\"potentialAction\":[{\"@type\":\"CommentAction\",\"name\":\"Comment\",\"target\":[\"https:\\\/\\\/www.anovapeneira.gal\\\/index.php\\\/2023\\\/12\\\/08\\\/luciano-otero-alcalde-de-pazos-de-borben-2\\\/#respond\"]}]},{\"@type\":\"WebPage\",\"@id\":\"https:\\\/\\\/www.anovapeneira.gal\\\/index.php\\\/2023\\\/12\\\/08\\\/luciano-otero-alcalde-de-pazos-de-borben-2\\\/\",\"url\":\"https:\\\/\\\/www.anovapeneira.gal\\\/index.php\\\/2023\\\/12\\\/08\\\/luciano-otero-alcalde-de-pazos-de-borben-2\\\/\",\"name\":\"Luciano Otero, alcalde de Pazos de Borb\u00e9n -\",\"isPartOf\":{\"@id\":\"https:\\\/\\\/www.anovapeneira.gal\\\/#website\"},\"primaryImageOfPage\":{\"@id\":\"https:\\\/\\\/www.anovapeneira.gal\\\/index.php\\\/2023\\\/12\\\/08\\\/luciano-otero-alcalde-de-pazos-de-borben-2\\\/#primaryimage\"},\"image\":{\"@id\":\"https:\\\/\\\/www.anovapeneira.gal\\\/index.php\\\/2023\\\/12\\\/08\\\/luciano-otero-alcalde-de-pazos-de-borben-2\\\/#primaryimage\"},\"thumbnailUrl\":\"https:\\\/\\\/www.anovapeneira.gal\\\/wp-content\\\/uploads\\\/2023\\\/07\\\/luciano_otero.jpg\",\"datePublished\":\"2023-12-08T11:00:27+00:00\",\"description\":\"Se nalg\u00fan dos concellos da nosa \u00e1rea de influencia era evidente a necesidade do cambio pol\u00edtico este era Pazos de Borb\u00e9n. Despois de m\u00e1is de 20 anos de goberno do PP o desleixo , a ineptitude, e o nepotismo sumiran a Pazos nun estado de esclerose do que vai ser moi dif\u00edcil que saia\",\"breadcrumb\":{\"@id\":\"https:\\\/\\\/www.anovapeneira.gal\\\/index.php\\\/2023\\\/12\\\/08\\\/luciano-otero-alcalde-de-pazos-de-borben-2\\\/#breadcrumb\"},\"inLanguage\":\"gl-ES\",\"potentialAction\":[{\"@type\":\"ReadAction\",\"target\":[\"https:\\\/\\\/www.anovapeneira.gal\\\/index.php\\\/2023\\\/12\\\/08\\\/luciano-otero-alcalde-de-pazos-de-borben-2\\\/\"]}]},{\"@type\":\"ImageObject\",\"inLanguage\":\"gl-ES\",\"@id\":\"https:\\\/\\\/www.anovapeneira.gal\\\/index.php\\\/2023\\\/12\\\/08\\\/luciano-otero-alcalde-de-pazos-de-borben-2\\\/#primaryimage\",\"url\":\"https:\\\/\\\/www.anovapeneira.gal\\\/wp-content\\\/uploads\\\/2023\\\/07\\\/luciano_otero.jpg\",\"contentUrl\":\"https:\\\/\\\/www.anovapeneira.gal\\\/wp-content\\\/uploads\\\/2023\\\/07\\\/luciano_otero.jpg\",\"width\":720,\"height\":432,\"caption\":\"Luciano Otero Pazos de Borb\u00e9n\"},{\"@type\":\"BreadcrumbList\",\"@id\":\"https:\\\/\\\/www.anovapeneira.gal\\\/index.php\\\/2023\\\/12\\\/08\\\/luciano-otero-alcalde-de-pazos-de-borben-2\\\/#breadcrumb\",\"itemListElement\":[{\"@type\":\"ListItem\",\"position\":1,\"name\":\"Portada\",\"item\":\"https:\\\/\\\/www.anovapeneira.gal\\\/\"},{\"@type\":\"ListItem\",\"position\":2,\"name\":\"Luciano Otero, alcalde de Pazos de Borb\u00e9n\"}]},{\"@type\":\"WebSite\",\"@id\":\"https:\\\/\\\/www.anovapeneira.gal\\\/#website\",\"url\":\"https:\\\/\\\/www.anovapeneira.gal\\\/\",\"name\":\"\",\"description\":\"Xornal galego de informaci\u00f3n xeral Publicaci\u00f3n mensual de novas de Galicia e en especial dos Concellos da sur da provincia de Pontevedra.\",\"publisher\":{\"@id\":\"https:\\\/\\\/www.anovapeneira.gal\\\/#organization\"},\"potentialAction\":[{\"@type\":\"SearchAction\",\"target\":{\"@type\":\"EntryPoint\",\"urlTemplate\":\"https:\\\/\\\/www.anovapeneira.gal\\\/?s={search_term_string}\"},\"query-input\":{\"@type\":\"PropertyValueSpecification\",\"valueRequired\":true,\"valueName\":\"search_term_string\"}}],\"inLanguage\":\"gl-ES\"},{\"@type\":\"Organization\",\"@id\":\"https:\\\/\\\/www.anovapeneira.gal\\\/#organization\",\"name\":\"A Nova Peneira\",\"url\":\"https:\\\/\\\/www.anovapeneira.gal\\\/\",\"logo\":{\"@type\":\"ImageObject\",\"inLanguage\":\"gl-ES\",\"@id\":\"https:\\\/\\\/www.anovapeneira.gal\\\/#\\\/schema\\\/logo\\\/image\\\/\",\"url\":\"http:\\\/\\\/www.anovapeneira.gal\\\/wp-content\\\/uploads\\\/2019\\\/06\\\/logo_a_nova_peneira_portal_web.png\",\"contentUrl\":\"http:\\\/\\\/www.anovapeneira.gal\\\/wp-content\\\/uploads\\\/2019\\\/06\\\/logo_a_nova_peneira_portal_web.png\",\"width\":300,\"height\":100,\"caption\":\"A Nova Peneira\"},\"image\":{\"@id\":\"https:\\\/\\\/www.anovapeneira.gal\\\/#\\\/schema\\\/logo\\\/image\\\/\"},\"sameAs\":[\"https:\\\/\\\/www.facebook.com\\\/anovapeneira\",\"https:\\\/\\\/x.com\\\/APeneira\"]},{\"@type\":\"Person\",\"@id\":\"https:\\\/\\\/www.anovapeneira.gal\\\/#\\\/schema\\\/person\\\/b93e3f8932e3f8da96334607eb6ac6aa\",\"name\":\"Redacci\u00f3n A Nova Peneira\",\"image\":{\"@type\":\"ImageObject\",\"inLanguage\":\"gl-ES\",\"@id\":\"https:\\\/\\\/secure.gravatar.com\\\/avatar\\\/c052a2551a06e23fac63626232eaa90abd78dbcf1700fc46a2b2c89fd27b735f?s=96&d=mm&r=g\",\"url\":\"https:\\\/\\\/secure.gravatar.com\\\/avatar\\\/c052a2551a06e23fac63626232eaa90abd78dbcf1700fc46a2b2c89fd27b735f?s=96&d=mm&r=g\",\"contentUrl\":\"https:\\\/\\\/secure.gravatar.com\\\/avatar\\\/c052a2551a06e23fac63626232eaa90abd78dbcf1700fc46a2b2c89fd27b735f?s=96&d=mm&r=g\",\"caption\":\"Redacci\u00f3n A Nova Peneira\"},\"sameAs\":[\"http:\\\/\\\/www.anovapeneira.gal\\\/\"],\"url\":\"https:\\\/\\\/www.anovapeneira.gal\\\/index.php\\\/author\\\/redactor\\\/\"}]}<\/script>\n<!-- \/ Yoast SEO plugin. -->","yoast_head_json":{"title":"Luciano Otero, alcalde de Pazos de Borb\u00e9n -","description":"Se nalg\u00fan dos concellos da nosa \u00e1rea de influencia era evidente a necesidade do cambio pol\u00edtico este era Pazos de Borb\u00e9n. Despois de m\u00e1is de 20 anos de goberno do PP o desleixo , a ineptitude, e o nepotismo sumiran a Pazos nun estado de esclerose do que vai ser moi dif\u00edcil que saia","robots":{"index":"index","follow":"follow","max-snippet":"max-snippet:-1","max-image-preview":"max-image-preview:large","max-video-preview":"max-video-preview:-1"},"canonical":"https:\/\/www.anovapeneira.gal\/index.php\/2023\/12\/08\/luciano-otero-alcalde-de-pazos-de-borben-2\/","og_locale":"gl_ES","og_type":"article","og_title":"Luciano Otero, alcalde de Pazos de Borb\u00e9n -","og_description":"Se nalg\u00fan dos concellos da nosa \u00e1rea de influencia era evidente a necesidade do cambio pol\u00edtico este era Pazos de Borb\u00e9n. Despois de m\u00e1is de 20 anos de goberno do PP o desleixo , a ineptitude, e o nepotismo sumiran a Pazos nun estado de esclerose do que vai ser moi dif\u00edcil que saia","og_url":"https:\/\/www.anovapeneira.gal\/index.php\/2023\/12\/08\/luciano-otero-alcalde-de-pazos-de-borben-2\/","article_publisher":"https:\/\/www.facebook.com\/anovapeneira","article_published_time":"2023-12-08T11:00:27+00:00","og_image":[{"width":720,"height":432,"url":"https:\/\/www.anovapeneira.gal\/wp-content\/uploads\/2023\/07\/luciano_otero.jpg","type":"image\/jpeg"}],"author":"Redacci\u00f3n A Nova Peneira","twitter_card":"summary_large_image","twitter_creator":"@APeneira","twitter_site":"@APeneira","twitter_misc":{"Escrito por":"Redacci\u00f3n A Nova Peneira","Tempo de lectura":"3 minutos"},"schema":{"@context":"https:\/\/schema.org","@graph":[{"@type":"Article","@id":"https:\/\/www.anovapeneira.gal\/index.php\/2023\/12\/08\/luciano-otero-alcalde-de-pazos-de-borben-2\/#article","isPartOf":{"@id":"https:\/\/www.anovapeneira.gal\/index.php\/2023\/12\/08\/luciano-otero-alcalde-de-pazos-de-borben-2\/"},"author":{"name":"Redacci\u00f3n A Nova Peneira","@id":"https:\/\/www.anovapeneira.gal\/#\/schema\/person\/b93e3f8932e3f8da96334607eb6ac6aa"},"headline":"Luciano Otero, alcalde de Pazos de Borb\u00e9n","datePublished":"2023-12-08T11:00:27+00:00","mainEntityOfPage":{"@id":"https:\/\/www.anovapeneira.gal\/index.php\/2023\/12\/08\/luciano-otero-alcalde-de-pazos-de-borben-2\/"},"wordCount":1437,"commentCount":0,"publisher":{"@id":"https:\/\/www.anovapeneira.gal\/#organization"},"image":{"@id":"https:\/\/www.anovapeneira.gal\/index.php\/2023\/12\/08\/luciano-otero-alcalde-de-pazos-de-borben-2\/#primaryimage"},"thumbnailUrl":"https:\/\/www.anovapeneira.gal\/wp-content\/uploads\/2023\/07\/luciano_otero.jpg","keywords":["Concello de Pazos de Borb\u00e9n"],"articleSection":["Pontevedra"],"inLanguage":"gl-ES","potentialAction":[{"@type":"CommentAction","name":"Comment","target":["https:\/\/www.anovapeneira.gal\/index.php\/2023\/12\/08\/luciano-otero-alcalde-de-pazos-de-borben-2\/#respond"]}]},{"@type":"WebPage","@id":"https:\/\/www.anovapeneira.gal\/index.php\/2023\/12\/08\/luciano-otero-alcalde-de-pazos-de-borben-2\/","url":"https:\/\/www.anovapeneira.gal\/index.php\/2023\/12\/08\/luciano-otero-alcalde-de-pazos-de-borben-2\/","name":"Luciano Otero, alcalde de Pazos de Borb\u00e9n -","isPartOf":{"@id":"https:\/\/www.anovapeneira.gal\/#website"},"primaryImageOfPage":{"@id":"https:\/\/www.anovapeneira.gal\/index.php\/2023\/12\/08\/luciano-otero-alcalde-de-pazos-de-borben-2\/#primaryimage"},"image":{"@id":"https:\/\/www.anovapeneira.gal\/index.php\/2023\/12\/08\/luciano-otero-alcalde-de-pazos-de-borben-2\/#primaryimage"},"thumbnailUrl":"https:\/\/www.anovapeneira.gal\/wp-content\/uploads\/2023\/07\/luciano_otero.jpg","datePublished":"2023-12-08T11:00:27+00:00","description":"Se nalg\u00fan dos concellos da nosa \u00e1rea de influencia era evidente a necesidade do cambio pol\u00edtico este era Pazos de Borb\u00e9n. Despois de m\u00e1is de 20 anos de goberno do PP o desleixo , a ineptitude, e o nepotismo sumiran a Pazos nun estado de esclerose do que vai ser moi dif\u00edcil que saia","breadcrumb":{"@id":"https:\/\/www.anovapeneira.gal\/index.php\/2023\/12\/08\/luciano-otero-alcalde-de-pazos-de-borben-2\/#breadcrumb"},"inLanguage":"gl-ES","potentialAction":[{"@type":"ReadAction","target":["https:\/\/www.anovapeneira.gal\/index.php\/2023\/12\/08\/luciano-otero-alcalde-de-pazos-de-borben-2\/"]}]},{"@type":"ImageObject","inLanguage":"gl-ES","@id":"https:\/\/www.anovapeneira.gal\/index.php\/2023\/12\/08\/luciano-otero-alcalde-de-pazos-de-borben-2\/#primaryimage","url":"https:\/\/www.anovapeneira.gal\/wp-content\/uploads\/2023\/07\/luciano_otero.jpg","contentUrl":"https:\/\/www.anovapeneira.gal\/wp-content\/uploads\/2023\/07\/luciano_otero.jpg","width":720,"height":432,"caption":"Luciano Otero Pazos de Borb\u00e9n"},{"@type":"BreadcrumbList","@id":"https:\/\/www.anovapeneira.gal\/index.php\/2023\/12\/08\/luciano-otero-alcalde-de-pazos-de-borben-2\/#breadcrumb","itemListElement":[{"@type":"ListItem","position":1,"name":"Portada","item":"https:\/\/www.anovapeneira.gal\/"},{"@type":"ListItem","position":2,"name":"Luciano Otero, alcalde de Pazos de Borb\u00e9n"}]},{"@type":"WebSite","@id":"https:\/\/www.anovapeneira.gal\/#website","url":"https:\/\/www.anovapeneira.gal\/","name":"","description":"Xornal galego de informaci\u00f3n xeral Publicaci\u00f3n mensual de novas de Galicia e en especial dos Concellos da sur da provincia de Pontevedra.","publisher":{"@id":"https:\/\/www.anovapeneira.gal\/#organization"},"potentialAction":[{"@type":"SearchAction","target":{"@type":"EntryPoint","urlTemplate":"https:\/\/www.anovapeneira.gal\/?s={search_term_string}"},"query-input":{"@type":"PropertyValueSpecification","valueRequired":true,"valueName":"search_term_string"}}],"inLanguage":"gl-ES"},{"@type":"Organization","@id":"https:\/\/www.anovapeneira.gal\/#organization","name":"A Nova Peneira","url":"https:\/\/www.anovapeneira.gal\/","logo":{"@type":"ImageObject","inLanguage":"gl-ES","@id":"https:\/\/www.anovapeneira.gal\/#\/schema\/logo\/image\/","url":"http:\/\/www.anovapeneira.gal\/wp-content\/uploads\/2019\/06\/logo_a_nova_peneira_portal_web.png","contentUrl":"http:\/\/www.anovapeneira.gal\/wp-content\/uploads\/2019\/06\/logo_a_nova_peneira_portal_web.png","width":300,"height":100,"caption":"A Nova Peneira"},"image":{"@id":"https:\/\/www.anovapeneira.gal\/#\/schema\/logo\/image\/"},"sameAs":["https:\/\/www.facebook.com\/anovapeneira","https:\/\/x.com\/APeneira"]},{"@type":"Person","@id":"https:\/\/www.anovapeneira.gal\/#\/schema\/person\/b93e3f8932e3f8da96334607eb6ac6aa","name":"Redacci\u00f3n A Nova Peneira","image":{"@type":"ImageObject","inLanguage":"gl-ES","@id":"https:\/\/secure.gravatar.com\/avatar\/c052a2551a06e23fac63626232eaa90abd78dbcf1700fc46a2b2c89fd27b735f?s=96&d=mm&r=g","url":"https:\/\/secure.gravatar.com\/avatar\/c052a2551a06e23fac63626232eaa90abd78dbcf1700fc46a2b2c89fd27b735f?s=96&d=mm&r=g","contentUrl":"https:\/\/secure.gravatar.com\/avatar\/c052a2551a06e23fac63626232eaa90abd78dbcf1700fc46a2b2c89fd27b735f?s=96&d=mm&r=g","caption":"Redacci\u00f3n A Nova Peneira"},"sameAs":["http:\/\/www.anovapeneira.gal\/"],"url":"https:\/\/www.anovapeneira.gal\/index.php\/author\/redactor\/"}]}},"jetpack_featured_media_url":"https:\/\/www.anovapeneira.gal\/wp-content\/uploads\/2023\/07\/luciano_otero.jpg","_links":{"self":[{"href":"https:\/\/www.anovapeneira.gal\/index.php\/wp-json\/wp\/v2\/posts\/10874","targetHints":{"allow":["GET"]}}],"collection":[{"href":"https:\/\/www.anovapeneira.gal\/index.php\/wp-json\/wp\/v2\/posts"}],"about":[{"href":"https:\/\/www.anovapeneira.gal\/index.php\/wp-json\/wp\/v2\/types\/post"}],"author":[{"embeddable":true,"href":"https:\/\/www.anovapeneira.gal\/index.php\/wp-json\/wp\/v2\/users\/3"}],"replies":[{"embeddable":true,"href":"https:\/\/www.anovapeneira.gal\/index.php\/wp-json\/wp\/v2\/comments?post=10874"}],"version-history":[{"count":1,"href":"https:\/\/www.anovapeneira.gal\/index.php\/wp-json\/wp\/v2\/posts\/10874\/revisions"}],"predecessor-version":[{"id":10875,"href":"https:\/\/www.anovapeneira.gal\/index.php\/wp-json\/wp\/v2\/posts\/10874\/revisions\/10875"}],"wp:featuredmedia":[{"embeddable":true,"href":"https:\/\/www.anovapeneira.gal\/index.php\/wp-json\/wp\/v2\/media\/10075"}],"wp:attachment":[{"href":"https:\/\/www.anovapeneira.gal\/index.php\/wp-json\/wp\/v2\/media?parent=10874"}],"wp:term":[{"taxonomy":"category","embeddable":true,"href":"https:\/\/www.anovapeneira.gal\/index.php\/wp-json\/wp\/v2\/categories?post=10874"},{"taxonomy":"post_tag","embeddable":true,"href":"https:\/\/www.anovapeneira.gal\/index.php\/wp-json\/wp\/v2\/tags?post=10874"}],"curies":[{"name":"wp","href":"https:\/\/api.w.org\/{rel}","templated":true}]}}