{"id":10892,"date":"2023-12-12T10:00:46","date_gmt":"2023-12-12T09:00:46","guid":{"rendered":"https:\/\/www.anovapeneira.gal\/?p=10892"},"modified":"2023-12-10T16:22:09","modified_gmt":"2023-12-10T15:22:09","slug":"salceda-revalida-a-sua-terceira-flor-de-honra-no-certame-vilas-en-flor","status":"publish","type":"post","link":"https:\/\/www.anovapeneira.gal\/index.php\/2023\/12\/12\/salceda-revalida-a-sua-terceira-flor-de-honra-no-certame-vilas-en-flor\/","title":{"rendered":"Salceda revalida a s\u00faa terceira flor de honra no certame Vilas en Flor"},"content":{"rendered":"\n<p>O Concello de Salceda de Caselas ven de recibir o galard\u00f3n que outorga o certame Vilas en Flor para este ano 2023, sendo dos poucos Concellos que conta con tres flores de honra. Vilas en Flor reco\u00f1ece deste xeito o traballo continuo que ven desenvolvendo o Concello na mellora e potenciaci\u00f3n dos espazos verdes urbanos, a s\u00faa xesti\u00f3n sostible, a educaci\u00f3n ambiental e a concienciaci\u00f3n cidad\u00e1 co coidado da contorna. O diploma foi recibido na gala anual, que este ano se celebrou no Auditorio de Goi\u00e1n, no Concello de Tomi\u00f1o.<\/p>\n\n\n\n<p>No pasado mes de outubro, o xurado visitou o noso municipio acompa\u00f1ado por Marcos Troncoso, Concelleiro de Turismo, e Loli Casti\u00f1eira, Alcaldesa de Salceda. O xurado, formado por persoas profesionais de reco\u00f1ecido prestixio dos sectores do viveirismo, a xardiner\u00eda, o paisaxismo e o turismo, valorou moi positivamente o traballo desenvolto nos \u00faltimos anos polo Concello de Salceda, en&nbsp; aspectos como as humanizaci\u00f3ns, a creaci\u00f3n e mantemento das sendas fluviais e outros espazos verdes, ou a creaci\u00f3n de m\u00e1is de vinte aparcadoiros disuasorios no casco urbano, que permiten unha maior seguridade peonil, ademais de facilitar o estacionamento e a fluidez do tr\u00e1fico rodado.<\/p>\n\n\n\n<p>Logo da recepci\u00f3n da distinci\u00f3n, o Equipo de Goberno de Salceda quixo reco\u00f1ecer e agradecer o traballo dos distintos departamentos municipais e empresas de mantemento que fan posible que o noso Concello sexa xa un referente. Dende o persoal de v\u00edas e obras, desbroces, recollida de lixo, limpeza de r\u00faas, etc, as\u00ed como as tarefas de mantemento de parques e xard\u00edns que realiza ACEESCA nunha proposta de integraci\u00f3n laboral de persoas con discapacidade. Ademais f\u00edxose extensible este agradecemento ao persoal t\u00e9cnico de urbanismo, clave para o bo desenvolvemento urbano e rural de Salceda.<\/p>\n\n\n\n<p>O certame sigue o modelo existente noutras comunidades aut\u00f3nomas como Catalu\u00f1a, Arag\u00f3n, Canarias e Valencia, a semellanza de proxectos implantados xa en pa\u00edses como Reino Unido, Irlanda, Francia, Italia ou Canad\u00e1. \u201cVilas en Flor\u201d \u00e9 un certame impulsado pola Fundaci\u00f3n Juana de Vega e que este ano celebrou a s\u00faa sexta edici\u00f3n, coa participaci\u00f3n de trinta e oito concellos galegos. Na s\u00faa organizaci\u00f3n, participan tam\u00e9n a Asociaci\u00f3n de Viveiristas do Noroeste (Asvinor) e a Asociaci\u00f3n Galega de Empresas de Xardiner\u00eda (Agaexar). Conta co apoio da Conseller\u00eda de Medio Ambiente da Xunta de Galicia, e o patrocinio de diferentes entidades privadas.<\/p>\n\n\n\n<p>Este proxecto persigue a mellora ambiental, social e econ\u00f3mica dos concellos galegos, as\u00ed como a dinamizaci\u00f3n do sector do paisaxismo e a ornamentaci\u00f3n, contribu\u00edndo as\u00ed ao desenvolvemento econ\u00f3mico local, xerando m\u00e1is actividade econ\u00f3mica derivada do propio sector da planta ornamental e da xardiner\u00eda as\u00ed como dun previsible aumento das visitas tur\u00edsticas.<\/p>\n\n\n\n<p>Marcos Troncoso, Concelleiro de Turismo, amosou a s\u00faa satisfacci\u00f3n pola renovaci\u00f3n das tres flores de honra para Salceda, reco\u00f1ecemento que poucos Concellos acadan, e que d\u00e1 boa mostra do traballo realizado nos \u00faltimos anos na posta en valor dos espazos verdes e a creaci\u00f3n de novas \u00e1reas de lecer e esparcemento, sempre dende o punto de vista da sostenibilidade ecol\u00f3xica.<\/p>\n\n\n\n<p>Loli Casti\u00f1eira, Alcaldesa de Salceda, agradeceu o traballo dos diferentes colectivos implicados na conservaci\u00f3n da vila: \u201ceste \u00e9 un reco\u00f1ecemento ao voso traballo e adicaci\u00f3n, e ao voso cari\u00f1o por Salceda. Entre todos e todas seguimos a constru\u00edr un Concello mellor para as persoas e do que cada d\u00eda estamos m\u00e1is orgullosas\u201d.<\/p>\n","protected":false},"excerpt":{"rendered":"<div class=\"mh-excerpt\"><p>O Concello de Salceda de Caselas ven de recibir o galard\u00f3n que outorga o certame Vilas en Flor para este ano 2023, sendo dos poucos Concellos que conta con tres flores de honra <a class=\"mh-excerpt-more\" href=\"https:\/\/www.anovapeneira.gal\/index.php\/2023\/12\/12\/salceda-revalida-a-sua-terceira-flor-de-honra-no-certame-vilas-en-flor\/\" title=\"Salceda revalida a s\u00faa terceira flor de honra no certame Vilas en Flor\">[&#8230;]<\/a><\/p>\n<\/div>","protected":false},"author":3,"featured_media":10894,"comment_status":"open","ping_status":"open","sticky":false,"template":"","format":"standard","meta":{"_exactmetrics_skip_tracking":false,"_exactmetrics_sitenote_active":false,"_exactmetrics_sitenote_note":"","_exactmetrics_sitenote_category":0,"footnotes":""},"categories":[23],"tags":[359],"class_list":{"0":"post-10892","1":"post","2":"type-post","3":"status-publish","4":"format-standard","5":"has-post-thumbnail","7":"category-a-lourina","8":"tag-concello-de-salceda-de-caselas"},"yoast_head":"<!-- This site is optimized with the Yoast SEO plugin v27.5 - https:\/\/yoast.com\/product\/yoast-seo-wordpress\/ -->\n<title>Salceda revalida a s\u00faa terceira flor de honra no certame Vilas en Flor -<\/title>\n<meta name=\"description\" content=\"O Concello de Salceda de Caselas ven de recibir o galard\u00f3n que outorga o certame Vilas en Flor para este ano 2023, sendo dos poucos Concellos que conta con tres flores de honra\" \/>\n<meta name=\"robots\" content=\"index, follow, max-snippet:-1, max-image-preview:large, max-video-preview:-1\" \/>\n<link rel=\"canonical\" href=\"https:\/\/www.anovapeneira.gal\/index.php\/2023\/12\/12\/salceda-revalida-a-sua-terceira-flor-de-honra-no-certame-vilas-en-flor\/\" \/>\n<meta property=\"og:locale\" content=\"gl_ES\" \/>\n<meta property=\"og:type\" content=\"article\" \/>\n<meta property=\"og:title\" content=\"Salceda revalida a s\u00faa terceira flor de honra no certame Vilas en Flor -\" \/>\n<meta property=\"og:description\" content=\"O Concello de Salceda de Caselas ven de recibir o galard\u00f3n que outorga o certame Vilas en Flor para este ano 2023, sendo dos poucos Concellos que conta con tres flores de honra\" \/>\n<meta property=\"og:url\" content=\"https:\/\/www.anovapeneira.gal\/index.php\/2023\/12\/12\/salceda-revalida-a-sua-terceira-flor-de-honra-no-certame-vilas-en-flor\/\" \/>\n<meta property=\"article:publisher\" content=\"https:\/\/www.facebook.com\/anovapeneira\" \/>\n<meta property=\"article:published_time\" content=\"2023-12-12T09:00:46+00:00\" \/>\n<meta property=\"og:image\" content=\"https:\/\/www.anovapeneira.gal\/wp-content\/uploads\/2023\/12\/vilas_flor.webp\" \/>\n\t<meta property=\"og:image:width\" content=\"720\" \/>\n\t<meta property=\"og:image:height\" content=\"432\" \/>\n\t<meta property=\"og:image:type\" content=\"image\/webp\" \/>\n<meta name=\"author\" content=\"Redacci\u00f3n A Nova Peneira\" \/>\n<meta name=\"twitter:card\" content=\"summary_large_image\" \/>\n<meta name=\"twitter:creator\" content=\"@APeneira\" \/>\n<meta name=\"twitter:site\" content=\"@APeneira\" \/>\n<meta name=\"twitter:label1\" content=\"Escrito por\" \/>\n\t<meta name=\"twitter:data1\" content=\"Redacci\u00f3n A Nova Peneira\" \/>\n\t<meta name=\"twitter:label2\" content=\"Tempo de lectura\" \/>\n\t<meta name=\"twitter:data2\" content=\"3 minutos\" \/>\n<script type=\"application\/ld+json\" class=\"yoast-schema-graph\">{\"@context\":\"https:\\\/\\\/schema.org\",\"@graph\":[{\"@type\":\"Article\",\"@id\":\"https:\\\/\\\/www.anovapeneira.gal\\\/index.php\\\/2023\\\/12\\\/12\\\/salceda-revalida-a-sua-terceira-flor-de-honra-no-certame-vilas-en-flor\\\/#article\",\"isPartOf\":{\"@id\":\"https:\\\/\\\/www.anovapeneira.gal\\\/index.php\\\/2023\\\/12\\\/12\\\/salceda-revalida-a-sua-terceira-flor-de-honra-no-certame-vilas-en-flor\\\/\"},\"author\":{\"name\":\"Redacci\u00f3n A Nova Peneira\",\"@id\":\"https:\\\/\\\/www.anovapeneira.gal\\\/#\\\/schema\\\/person\\\/b93e3f8932e3f8da96334607eb6ac6aa\"},\"headline\":\"Salceda revalida a s\u00faa terceira flor de honra no certame Vilas en Flor\",\"datePublished\":\"2023-12-12T09:00:46+00:00\",\"mainEntityOfPage\":{\"@id\":\"https:\\\/\\\/www.anovapeneira.gal\\\/index.php\\\/2023\\\/12\\\/12\\\/salceda-revalida-a-sua-terceira-flor-de-honra-no-certame-vilas-en-flor\\\/\"},\"wordCount\":625,\"commentCount\":0,\"publisher\":{\"@id\":\"https:\\\/\\\/www.anovapeneira.gal\\\/#organization\"},\"image\":{\"@id\":\"https:\\\/\\\/www.anovapeneira.gal\\\/index.php\\\/2023\\\/12\\\/12\\\/salceda-revalida-a-sua-terceira-flor-de-honra-no-certame-vilas-en-flor\\\/#primaryimage\"},\"thumbnailUrl\":\"https:\\\/\\\/www.anovapeneira.gal\\\/wp-content\\\/uploads\\\/2023\\\/12\\\/vilas_flor.webp\",\"keywords\":[\"Concello de Salceda de Caselas\"],\"articleSection\":[\"A Louri\u00f1a\"],\"inLanguage\":\"gl-ES\",\"potentialAction\":[{\"@type\":\"CommentAction\",\"name\":\"Comment\",\"target\":[\"https:\\\/\\\/www.anovapeneira.gal\\\/index.php\\\/2023\\\/12\\\/12\\\/salceda-revalida-a-sua-terceira-flor-de-honra-no-certame-vilas-en-flor\\\/#respond\"]}]},{\"@type\":\"WebPage\",\"@id\":\"https:\\\/\\\/www.anovapeneira.gal\\\/index.php\\\/2023\\\/12\\\/12\\\/salceda-revalida-a-sua-terceira-flor-de-honra-no-certame-vilas-en-flor\\\/\",\"url\":\"https:\\\/\\\/www.anovapeneira.gal\\\/index.php\\\/2023\\\/12\\\/12\\\/salceda-revalida-a-sua-terceira-flor-de-honra-no-certame-vilas-en-flor\\\/\",\"name\":\"Salceda revalida a s\u00faa terceira flor de honra no certame Vilas en Flor -\",\"isPartOf\":{\"@id\":\"https:\\\/\\\/www.anovapeneira.gal\\\/#website\"},\"primaryImageOfPage\":{\"@id\":\"https:\\\/\\\/www.anovapeneira.gal\\\/index.php\\\/2023\\\/12\\\/12\\\/salceda-revalida-a-sua-terceira-flor-de-honra-no-certame-vilas-en-flor\\\/#primaryimage\"},\"image\":{\"@id\":\"https:\\\/\\\/www.anovapeneira.gal\\\/index.php\\\/2023\\\/12\\\/12\\\/salceda-revalida-a-sua-terceira-flor-de-honra-no-certame-vilas-en-flor\\\/#primaryimage\"},\"thumbnailUrl\":\"https:\\\/\\\/www.anovapeneira.gal\\\/wp-content\\\/uploads\\\/2023\\\/12\\\/vilas_flor.webp\",\"datePublished\":\"2023-12-12T09:00:46+00:00\",\"description\":\"O Concello de Salceda de Caselas ven de recibir o galard\u00f3n que outorga o certame Vilas en Flor para este ano 2023, sendo dos poucos Concellos que conta con tres flores de honra\",\"breadcrumb\":{\"@id\":\"https:\\\/\\\/www.anovapeneira.gal\\\/index.php\\\/2023\\\/12\\\/12\\\/salceda-revalida-a-sua-terceira-flor-de-honra-no-certame-vilas-en-flor\\\/#breadcrumb\"},\"inLanguage\":\"gl-ES\",\"potentialAction\":[{\"@type\":\"ReadAction\",\"target\":[\"https:\\\/\\\/www.anovapeneira.gal\\\/index.php\\\/2023\\\/12\\\/12\\\/salceda-revalida-a-sua-terceira-flor-de-honra-no-certame-vilas-en-flor\\\/\"]}]},{\"@type\":\"ImageObject\",\"inLanguage\":\"gl-ES\",\"@id\":\"https:\\\/\\\/www.anovapeneira.gal\\\/index.php\\\/2023\\\/12\\\/12\\\/salceda-revalida-a-sua-terceira-flor-de-honra-no-certame-vilas-en-flor\\\/#primaryimage\",\"url\":\"https:\\\/\\\/www.anovapeneira.gal\\\/wp-content\\\/uploads\\\/2023\\\/12\\\/vilas_flor.webp\",\"contentUrl\":\"https:\\\/\\\/www.anovapeneira.gal\\\/wp-content\\\/uploads\\\/2023\\\/12\\\/vilas_flor.webp\",\"width\":720,\"height\":432,\"caption\":\"Salceda revalida a s\u00faa terceira flor de honra no certame Vilas en Flor\"},{\"@type\":\"BreadcrumbList\",\"@id\":\"https:\\\/\\\/www.anovapeneira.gal\\\/index.php\\\/2023\\\/12\\\/12\\\/salceda-revalida-a-sua-terceira-flor-de-honra-no-certame-vilas-en-flor\\\/#breadcrumb\",\"itemListElement\":[{\"@type\":\"ListItem\",\"position\":1,\"name\":\"Portada\",\"item\":\"https:\\\/\\\/www.anovapeneira.gal\\\/\"},{\"@type\":\"ListItem\",\"position\":2,\"name\":\"Salceda revalida a s\u00faa terceira flor de honra no certame Vilas en Flor\"}]},{\"@type\":\"WebSite\",\"@id\":\"https:\\\/\\\/www.anovapeneira.gal\\\/#website\",\"url\":\"https:\\\/\\\/www.anovapeneira.gal\\\/\",\"name\":\"\",\"description\":\"Xornal galego de informaci\u00f3n xeral Publicaci\u00f3n mensual de novas de Galicia e en especial dos Concellos da sur da provincia de Pontevedra.\",\"publisher\":{\"@id\":\"https:\\\/\\\/www.anovapeneira.gal\\\/#organization\"},\"potentialAction\":[{\"@type\":\"SearchAction\",\"target\":{\"@type\":\"EntryPoint\",\"urlTemplate\":\"https:\\\/\\\/www.anovapeneira.gal\\\/?s={search_term_string}\"},\"query-input\":{\"@type\":\"PropertyValueSpecification\",\"valueRequired\":true,\"valueName\":\"search_term_string\"}}],\"inLanguage\":\"gl-ES\"},{\"@type\":\"Organization\",\"@id\":\"https:\\\/\\\/www.anovapeneira.gal\\\/#organization\",\"name\":\"A Nova Peneira\",\"url\":\"https:\\\/\\\/www.anovapeneira.gal\\\/\",\"logo\":{\"@type\":\"ImageObject\",\"inLanguage\":\"gl-ES\",\"@id\":\"https:\\\/\\\/www.anovapeneira.gal\\\/#\\\/schema\\\/logo\\\/image\\\/\",\"url\":\"http:\\\/\\\/www.anovapeneira.gal\\\/wp-content\\\/uploads\\\/2019\\\/06\\\/logo_a_nova_peneira_portal_web.png\",\"contentUrl\":\"http:\\\/\\\/www.anovapeneira.gal\\\/wp-content\\\/uploads\\\/2019\\\/06\\\/logo_a_nova_peneira_portal_web.png\",\"width\":300,\"height\":100,\"caption\":\"A Nova Peneira\"},\"image\":{\"@id\":\"https:\\\/\\\/www.anovapeneira.gal\\\/#\\\/schema\\\/logo\\\/image\\\/\"},\"sameAs\":[\"https:\\\/\\\/www.facebook.com\\\/anovapeneira\",\"https:\\\/\\\/x.com\\\/APeneira\"]},{\"@type\":\"Person\",\"@id\":\"https:\\\/\\\/www.anovapeneira.gal\\\/#\\\/schema\\\/person\\\/b93e3f8932e3f8da96334607eb6ac6aa\",\"name\":\"Redacci\u00f3n A Nova Peneira\",\"image\":{\"@type\":\"ImageObject\",\"inLanguage\":\"gl-ES\",\"@id\":\"https:\\\/\\\/secure.gravatar.com\\\/avatar\\\/c052a2551a06e23fac63626232eaa90abd78dbcf1700fc46a2b2c89fd27b735f?s=96&d=mm&r=g\",\"url\":\"https:\\\/\\\/secure.gravatar.com\\\/avatar\\\/c052a2551a06e23fac63626232eaa90abd78dbcf1700fc46a2b2c89fd27b735f?s=96&d=mm&r=g\",\"contentUrl\":\"https:\\\/\\\/secure.gravatar.com\\\/avatar\\\/c052a2551a06e23fac63626232eaa90abd78dbcf1700fc46a2b2c89fd27b735f?s=96&d=mm&r=g\",\"caption\":\"Redacci\u00f3n A Nova Peneira\"},\"sameAs\":[\"http:\\\/\\\/www.anovapeneira.gal\\\/\"],\"url\":\"https:\\\/\\\/www.anovapeneira.gal\\\/index.php\\\/author\\\/redactor\\\/\"}]}<\/script>\n<!-- \/ Yoast SEO plugin. -->","yoast_head_json":{"title":"Salceda revalida a s\u00faa terceira flor de honra no certame Vilas en Flor -","description":"O Concello de Salceda de Caselas ven de recibir o galard\u00f3n que outorga o certame Vilas en Flor para este ano 2023, sendo dos poucos Concellos que conta con tres flores de honra","robots":{"index":"index","follow":"follow","max-snippet":"max-snippet:-1","max-image-preview":"max-image-preview:large","max-video-preview":"max-video-preview:-1"},"canonical":"https:\/\/www.anovapeneira.gal\/index.php\/2023\/12\/12\/salceda-revalida-a-sua-terceira-flor-de-honra-no-certame-vilas-en-flor\/","og_locale":"gl_ES","og_type":"article","og_title":"Salceda revalida a s\u00faa terceira flor de honra no certame Vilas en Flor -","og_description":"O Concello de Salceda de Caselas ven de recibir o galard\u00f3n que outorga o certame Vilas en Flor para este ano 2023, sendo dos poucos Concellos que conta con tres flores de honra","og_url":"https:\/\/www.anovapeneira.gal\/index.php\/2023\/12\/12\/salceda-revalida-a-sua-terceira-flor-de-honra-no-certame-vilas-en-flor\/","article_publisher":"https:\/\/www.facebook.com\/anovapeneira","article_published_time":"2023-12-12T09:00:46+00:00","og_image":[{"width":720,"height":432,"url":"https:\/\/www.anovapeneira.gal\/wp-content\/uploads\/2023\/12\/vilas_flor.webp","type":"image\/webp"}],"author":"Redacci\u00f3n A Nova Peneira","twitter_card":"summary_large_image","twitter_creator":"@APeneira","twitter_site":"@APeneira","twitter_misc":{"Escrito por":"Redacci\u00f3n A Nova Peneira","Tempo de lectura":"3 minutos"},"schema":{"@context":"https:\/\/schema.org","@graph":[{"@type":"Article","@id":"https:\/\/www.anovapeneira.gal\/index.php\/2023\/12\/12\/salceda-revalida-a-sua-terceira-flor-de-honra-no-certame-vilas-en-flor\/#article","isPartOf":{"@id":"https:\/\/www.anovapeneira.gal\/index.php\/2023\/12\/12\/salceda-revalida-a-sua-terceira-flor-de-honra-no-certame-vilas-en-flor\/"},"author":{"name":"Redacci\u00f3n A Nova Peneira","@id":"https:\/\/www.anovapeneira.gal\/#\/schema\/person\/b93e3f8932e3f8da96334607eb6ac6aa"},"headline":"Salceda revalida a s\u00faa terceira flor de honra no certame Vilas en Flor","datePublished":"2023-12-12T09:00:46+00:00","mainEntityOfPage":{"@id":"https:\/\/www.anovapeneira.gal\/index.php\/2023\/12\/12\/salceda-revalida-a-sua-terceira-flor-de-honra-no-certame-vilas-en-flor\/"},"wordCount":625,"commentCount":0,"publisher":{"@id":"https:\/\/www.anovapeneira.gal\/#organization"},"image":{"@id":"https:\/\/www.anovapeneira.gal\/index.php\/2023\/12\/12\/salceda-revalida-a-sua-terceira-flor-de-honra-no-certame-vilas-en-flor\/#primaryimage"},"thumbnailUrl":"https:\/\/www.anovapeneira.gal\/wp-content\/uploads\/2023\/12\/vilas_flor.webp","keywords":["Concello de Salceda de Caselas"],"articleSection":["A Louri\u00f1a"],"inLanguage":"gl-ES","potentialAction":[{"@type":"CommentAction","name":"Comment","target":["https:\/\/www.anovapeneira.gal\/index.php\/2023\/12\/12\/salceda-revalida-a-sua-terceira-flor-de-honra-no-certame-vilas-en-flor\/#respond"]}]},{"@type":"WebPage","@id":"https:\/\/www.anovapeneira.gal\/index.php\/2023\/12\/12\/salceda-revalida-a-sua-terceira-flor-de-honra-no-certame-vilas-en-flor\/","url":"https:\/\/www.anovapeneira.gal\/index.php\/2023\/12\/12\/salceda-revalida-a-sua-terceira-flor-de-honra-no-certame-vilas-en-flor\/","name":"Salceda revalida a s\u00faa terceira flor de honra no certame Vilas en Flor -","isPartOf":{"@id":"https:\/\/www.anovapeneira.gal\/#website"},"primaryImageOfPage":{"@id":"https:\/\/www.anovapeneira.gal\/index.php\/2023\/12\/12\/salceda-revalida-a-sua-terceira-flor-de-honra-no-certame-vilas-en-flor\/#primaryimage"},"image":{"@id":"https:\/\/www.anovapeneira.gal\/index.php\/2023\/12\/12\/salceda-revalida-a-sua-terceira-flor-de-honra-no-certame-vilas-en-flor\/#primaryimage"},"thumbnailUrl":"https:\/\/www.anovapeneira.gal\/wp-content\/uploads\/2023\/12\/vilas_flor.webp","datePublished":"2023-12-12T09:00:46+00:00","description":"O Concello de Salceda de Caselas ven de recibir o galard\u00f3n que outorga o certame Vilas en Flor para este ano 2023, sendo dos poucos Concellos que conta con tres flores de honra","breadcrumb":{"@id":"https:\/\/www.anovapeneira.gal\/index.php\/2023\/12\/12\/salceda-revalida-a-sua-terceira-flor-de-honra-no-certame-vilas-en-flor\/#breadcrumb"},"inLanguage":"gl-ES","potentialAction":[{"@type":"ReadAction","target":["https:\/\/www.anovapeneira.gal\/index.php\/2023\/12\/12\/salceda-revalida-a-sua-terceira-flor-de-honra-no-certame-vilas-en-flor\/"]}]},{"@type":"ImageObject","inLanguage":"gl-ES","@id":"https:\/\/www.anovapeneira.gal\/index.php\/2023\/12\/12\/salceda-revalida-a-sua-terceira-flor-de-honra-no-certame-vilas-en-flor\/#primaryimage","url":"https:\/\/www.anovapeneira.gal\/wp-content\/uploads\/2023\/12\/vilas_flor.webp","contentUrl":"https:\/\/www.anovapeneira.gal\/wp-content\/uploads\/2023\/12\/vilas_flor.webp","width":720,"height":432,"caption":"Salceda revalida a s\u00faa terceira flor de honra no certame Vilas en Flor"},{"@type":"BreadcrumbList","@id":"https:\/\/www.anovapeneira.gal\/index.php\/2023\/12\/12\/salceda-revalida-a-sua-terceira-flor-de-honra-no-certame-vilas-en-flor\/#breadcrumb","itemListElement":[{"@type":"ListItem","position":1,"name":"Portada","item":"https:\/\/www.anovapeneira.gal\/"},{"@type":"ListItem","position":2,"name":"Salceda revalida a s\u00faa terceira flor de honra no certame Vilas en Flor"}]},{"@type":"WebSite","@id":"https:\/\/www.anovapeneira.gal\/#website","url":"https:\/\/www.anovapeneira.gal\/","name":"","description":"Xornal galego de informaci\u00f3n xeral Publicaci\u00f3n mensual de novas de Galicia e en especial dos Concellos da sur da provincia de Pontevedra.","publisher":{"@id":"https:\/\/www.anovapeneira.gal\/#organization"},"potentialAction":[{"@type":"SearchAction","target":{"@type":"EntryPoint","urlTemplate":"https:\/\/www.anovapeneira.gal\/?s={search_term_string}"},"query-input":{"@type":"PropertyValueSpecification","valueRequired":true,"valueName":"search_term_string"}}],"inLanguage":"gl-ES"},{"@type":"Organization","@id":"https:\/\/www.anovapeneira.gal\/#organization","name":"A Nova Peneira","url":"https:\/\/www.anovapeneira.gal\/","logo":{"@type":"ImageObject","inLanguage":"gl-ES","@id":"https:\/\/www.anovapeneira.gal\/#\/schema\/logo\/image\/","url":"http:\/\/www.anovapeneira.gal\/wp-content\/uploads\/2019\/06\/logo_a_nova_peneira_portal_web.png","contentUrl":"http:\/\/www.anovapeneira.gal\/wp-content\/uploads\/2019\/06\/logo_a_nova_peneira_portal_web.png","width":300,"height":100,"caption":"A Nova Peneira"},"image":{"@id":"https:\/\/www.anovapeneira.gal\/#\/schema\/logo\/image\/"},"sameAs":["https:\/\/www.facebook.com\/anovapeneira","https:\/\/x.com\/APeneira"]},{"@type":"Person","@id":"https:\/\/www.anovapeneira.gal\/#\/schema\/person\/b93e3f8932e3f8da96334607eb6ac6aa","name":"Redacci\u00f3n A Nova Peneira","image":{"@type":"ImageObject","inLanguage":"gl-ES","@id":"https:\/\/secure.gravatar.com\/avatar\/c052a2551a06e23fac63626232eaa90abd78dbcf1700fc46a2b2c89fd27b735f?s=96&d=mm&r=g","url":"https:\/\/secure.gravatar.com\/avatar\/c052a2551a06e23fac63626232eaa90abd78dbcf1700fc46a2b2c89fd27b735f?s=96&d=mm&r=g","contentUrl":"https:\/\/secure.gravatar.com\/avatar\/c052a2551a06e23fac63626232eaa90abd78dbcf1700fc46a2b2c89fd27b735f?s=96&d=mm&r=g","caption":"Redacci\u00f3n A Nova Peneira"},"sameAs":["http:\/\/www.anovapeneira.gal\/"],"url":"https:\/\/www.anovapeneira.gal\/index.php\/author\/redactor\/"}]}},"jetpack_featured_media_url":"https:\/\/www.anovapeneira.gal\/wp-content\/uploads\/2023\/12\/vilas_flor.webp","_links":{"self":[{"href":"https:\/\/www.anovapeneira.gal\/index.php\/wp-json\/wp\/v2\/posts\/10892","targetHints":{"allow":["GET"]}}],"collection":[{"href":"https:\/\/www.anovapeneira.gal\/index.php\/wp-json\/wp\/v2\/posts"}],"about":[{"href":"https:\/\/www.anovapeneira.gal\/index.php\/wp-json\/wp\/v2\/types\/post"}],"author":[{"embeddable":true,"href":"https:\/\/www.anovapeneira.gal\/index.php\/wp-json\/wp\/v2\/users\/3"}],"replies":[{"embeddable":true,"href":"https:\/\/www.anovapeneira.gal\/index.php\/wp-json\/wp\/v2\/comments?post=10892"}],"version-history":[{"count":1,"href":"https:\/\/www.anovapeneira.gal\/index.php\/wp-json\/wp\/v2\/posts\/10892\/revisions"}],"predecessor-version":[{"id":10893,"href":"https:\/\/www.anovapeneira.gal\/index.php\/wp-json\/wp\/v2\/posts\/10892\/revisions\/10893"}],"wp:featuredmedia":[{"embeddable":true,"href":"https:\/\/www.anovapeneira.gal\/index.php\/wp-json\/wp\/v2\/media\/10894"}],"wp:attachment":[{"href":"https:\/\/www.anovapeneira.gal\/index.php\/wp-json\/wp\/v2\/media?parent=10892"}],"wp:term":[{"taxonomy":"category","embeddable":true,"href":"https:\/\/www.anovapeneira.gal\/index.php\/wp-json\/wp\/v2\/categories?post=10892"},{"taxonomy":"post_tag","embeddable":true,"href":"https:\/\/www.anovapeneira.gal\/index.php\/wp-json\/wp\/v2\/tags?post=10892"}],"curies":[{"name":"wp","href":"https:\/\/api.w.org\/{rel}","templated":true}]}}