{"id":10895,"date":"2023-12-13T10:00:39","date_gmt":"2023-12-13T09:00:39","guid":{"rendered":"https:\/\/www.anovapeneira.gal\/?p=10895"},"modified":"2023-12-10T16:44:04","modified_gmt":"2023-12-10T15:44:04","slug":"principais-atractivos-turisticos-de-pazos-de-borben","status":"publish","type":"post","link":"https:\/\/www.anovapeneira.gal\/index.php\/2023\/12\/13\/principais-atractivos-turisticos-de-pazos-de-borben\/","title":{"rendered":"Principais atractivos tur\u00edsticos de Pazos de Borb\u00e9n"},"content":{"rendered":"\n<h2 class=\"wp-block-heading\">O Concello de Pazos de Borb\u00e9n ten uns 50 km\u00b2 de extensi\u00f3n e est\u00e1 dividido en oito parroquias que limitan cos concellos de Redondela, Fornelos de Montes, Soutomaior, Mondariz, Ponteareas e Mos.<\/h2>\n\n\n\n<p><strong>As s\u00faas parroquias:<\/strong><\/p>\n\n\n\n<p><strong>Amoedo<\/strong><strong>:<\/strong> Situada na parte noroeste do Concello, linda cos municipios de Redondela e Soutomaior. Amoedo distrib\u00faese en catro barrios: Masus\u00e1n, Carballi\u00f1o, O Cabalo e A Igrexa. A s\u00faa poboaci\u00f3n ronda os 528 habitantes.<\/p>\n\n\n\n<p>Esta parroquia caracter\u00edzase por ser a zona m\u00e1is industrializada do concello, ao contar co \u00fanico parque industrial de Pazos de Borb\u00e9n.<\/p>\n\n\n\n<p><strong>Borb\u00e9n<\/strong><strong>:<\/strong> Situase na parte Sueste do concello, limitando cos municipios de Ponteareas e Mondariz. Conta con 562 habitantes. Os seus barrios son: Cuartos de Borb\u00e9n, O Mosteiro, O Pousi\u00f1o e Sequeiros.<\/p>\n\n\n\n<p>En Borb\u00e9n cel\u00e9brase a Romar\u00eda m\u00e1is importante do Concello, a do Santo Aparecido, o \u00faltimo domingo de agosto. Cel\u00e9brase esta romar\u00eda no parque e miradoiro do monte tam\u00e9n chamado Santo Aparecido. Non faltan nesta festa a sardi\u00f1ada e os grupos de gaiteiros e de danzas que acoden a esta cita imprescindible.<\/p>\n\n\n\n<p>Podemos dicir que todo o seu monte \u00e9 un gran pi\u00f1eiral.<\/p>\n\n\n\n<p><strong>Cepeda:<\/strong> Distrib\u00faese en tres barrios: Al\u00e9n, O Campi\u00f1o e A Presa. Conta con 210 habitantes. \u00c9 a parroquia m\u00e1is pequena, en canto a vivendas, a maior\u00eda de recente construci\u00f3n, medrando polo tanto a aldea nos \u00faltimos anos.<\/p>\n\n\n\n<p>O igual que Nespereira, at\u00f3pase moi pr\u00f3xima \u00f3s n\u00facleos de poboaci\u00f3n de Redondela.<\/p>\n\n\n\n<p><strong>A Ermida<\/strong>: At\u00f3pase na parte Norte do concello limitando co municipio de Soutomaior, e encadrada entre as parroquias de Moscoso, Pazos e Amoedo. Conta con 119 habitantes.<\/p>\n\n\n\n<p>Ermida \u00e9 unha acolledora aldea situada na ladeira do monte denominado Coto do Corno. Foi antano un barrio de Sta. Mar\u00eda de Pazos, segregada dende o S. XIX.<\/p>\n\n\n\n<p><strong>Moscoso:<\/strong> At\u00f3pase na parte Nord\u00e9s do Municipio. Linda con Fornelos de Montes e Soutomaior, entre as parroquias de Ermida, Pazos, Calvos e Traspielas, as d\u00faas \u00faltimas pertencentes \u00f3 concello de Fornelos de Montes. Conta con 470 habitantes.<\/p>\n\n\n\n<p>Div\u00eddese en tres barrios, As Lombas, Gorgoreiro e A Fraga do Rei. Xusto no centro do pobo at\u00f3panse a Igrexa de San Paio, o Centro Cultural e Recreativo e a antiga Casa da Sociedade, onde antano se celebraban ser\u00e1ns cada semana.<\/p>\n\n\n\n<p>Nesta parroquia at\u00f3panse tam\u00e9n os restos dun foxo que se utilizaba antigamente para a caza dos lobos.<\/p>\n\n\n\n<figure class=\"wp-block-image size-full\"><img loading=\"lazy\" decoding=\"async\" width=\"720\" height=\"432\" src=\"https:\/\/www.anovapeneira.gal\/wp-content\/uploads\/2023\/12\/foxo_moscoso.webp\" alt=\"\" class=\"wp-image-10896\" srcset=\"https:\/\/www.anovapeneira.gal\/wp-content\/uploads\/2023\/12\/foxo_moscoso.webp 720w, https:\/\/www.anovapeneira.gal\/wp-content\/uploads\/2023\/12\/foxo_moscoso-300x180.webp 300w\" sizes=\"auto, (max-width: 720px) 100vw, 720px\" \/><\/figure>\n\n\n\n<p>Esta construci\u00f3n estaba composta por dous muros de grandes dimensi\u00f3ns que formaban unha uve converxendo nun punto onde existe un burato moi fondo no chan. Estes muros permit\u00edan conducir \u00f3 lobo ata dito burato, co obxectivo de deixalos sen posibilidades de fuxir.<br>A antig\u00fcidade desta construci\u00f3n non est\u00e1 determinada. O que si se sabe \u00e9 que deixou de utilizarse aproximadamente a finais do s\u00e9culo XIX<br>Malia que por desgracia a maior\u00eda das grandes pedras que formaban os seus muros foron \u201cdesaparecendo\u201d cos anos, a\u00ednda hoxe se poden observar pequenos restos desta curiosa construci\u00f3n.<\/p>\n\n\n\n<p><strong>Nespereira:<\/strong> Limita cos concellos de Mos e Redondela, sendo a parroquia m\u00e1is pr\u00f3xima a esta. Ocupa a parte Este de Pazos de Borb\u00e9n e conta con 784 habitantes.<\/p>\n\n\n\n<p>Os seus lugares son Alvite, Areeiro, Barcenal, O Galleiro, Outeiro, Torrente, Valado e Zoce.<\/p>\n\n\n\n<p><strong>Pazos:<\/strong> \u00c9 a capital do Concello. At\u00f3pase na parte central deste, rodeado polas restantes parroquias, e dividido en dous barrios, Pazos e Muras, este \u00faltimo encadrado no val do r\u00edo Borb\u00e9n. Conta con 347 habitantes.<\/p>\n\n\n\n<p>En Pazos at\u00f3panse o Colexio P\u00fablico Curros Enriquez, o centro m\u00e9dico e a nova Casa do Concello, constru\u00edda no ano 2001. Tam\u00e9n podemos atopar aqu\u00ed o Pavill\u00f3n Municipal de Deportes.<\/p>\n\n\n\n<p><strong>Xunqueiras:<\/strong> Ocupa a parte Este do Concello. Encadrada entre as parroquias de Moscoso, Borb\u00e9n, Traspielas de Fornelos de Montes e Fest\u00edn de Mondariz. Xunqueiras distrib\u00faese nos lugares de Casqueiros, Cabo da Ra\u00f1a, A Chan e Eidos de Riba.<\/p>\n\n\n\n<p>Xunqueiras \u00e9 unha fermosa aldea situada nunha grande chaira, que se caracteriza pola tranquilidade e o contacto coa natureza dos que gozan os seus habitantes.<\/p>\n\n\n\n<p>En Pazos de Borb\u00e9n non hai exemplos de construci\u00f3ns monumentais, pero hai moitas pequenas construci\u00f3ns con encanto e conxuntos arquitect\u00f3nicos interesantes que falan da espiritualidade, das tradici\u00f3ns e das formas de vida do mundo agrario tradicional. As construci\u00f3ns vencelladas \u00f3 aproveitamento das augas dos seus r\u00edos est\u00e1n inzados de pontellas, mu\u00ed\u00f1os, canles e levadas, construci\u00f3ns de pedra cun estatus entre a arquitectura e a enxe\u00f1er\u00eda popular. Tr\u00e1tase dun interesant\u00edsimo patrimonio etnogr\u00e1fico que lamentablemente pouco a pouco vaise perdendo \u00f3 tempo que se abandonan os usos agrarios tradicionais. Aqu\u00ed podemos destacar o Mu\u00ed\u00f1o Novo e Mu\u00ed\u00f1o do Abade no R\u00edo Barrag\u00e1n, ou o Mu\u00ed\u00f1o da Fonte en Borb\u00e9n. Os mu\u00ed\u00f1os son construci\u00f3ns que se utilizaban para moer o gran e facer fari\u00f1a. Dada a importancia que tivo antigamente o pan na alimentaci\u00f3n, os mu\u00ed\u00f1os constit\u00faen un elemento moi presente nas parroquias galegas, pois a actividade do mundo rural xiraba en torno a eles.<\/p>\n\n\n\n<figure class=\"wp-block-image size-full\"><img loading=\"lazy\" decoding=\"async\" width=\"720\" height=\"432\" src=\"https:\/\/www.anovapeneira.gal\/wp-content\/uploads\/2023\/12\/xunqueira_muino.webp\" alt=\"\" class=\"wp-image-10898\" srcset=\"https:\/\/www.anovapeneira.gal\/wp-content\/uploads\/2023\/12\/xunqueira_muino.webp 720w, https:\/\/www.anovapeneira.gal\/wp-content\/uploads\/2023\/12\/xunqueira_muino-300x180.webp 300w\" sizes=\"auto, (max-width: 720px) 100vw, 720px\" \/><\/figure>\n\n\n\n<p>En torno \u00f3s mu\u00ed\u00f1os sempre atopamos fermosos restos en pedra, vestixios dun rico patrimonio hist\u00f3rico vencellado \u00e1 vida no rural: levadas para a auga, pasais e pontellas, fontes, e t\u00edpicos cami\u00f1os de carros enlousados, agora en desuso, con pedras asurcadas polas rodeiras dos carros.<\/p>\n\n\n\n<p>Os veci\u00f1os das aldeas repart\u00edan as horas de moer o gran por quendas. Nesta zona estes per\u00edodos de tempo que lle pertenc\u00edan a cada veci\u00f1o eran co\u00f1ecidos como fridas.<\/p>\n\n\n\n<p>Cando tocaba moer polas noites, acend\u00edase unha pequena fogueira e cant\u00e1banse multitude de cantigas para pasar a noite mais entretida. Arredor dos mu\u00ed\u00f1os establec\u00edanse pois importantes relaci\u00f3ns sociais, ofrecendo a nosa cultura m\u00faltiples manifestaci\u00f3ns relacionadas con eles. Hoxe en d\u00eda estanse recuperando alg\u00fans destes mu\u00ed\u00f1os en Pazos para que os m\u00e1is novos saiban como era un mu\u00ed\u00f1o en funcionamento.<\/p>\n\n\n\n<p>As aldeas galegas est\u00e1n cheas de <em><strong>crenzas relixiosas e superstici\u00f3ns.<\/strong><\/em>En Pazos non pod\u00edan faltar as relacionadas cos mu\u00ed\u00f1os que contan os m\u00e1is vellos do lugar que se acontec\u00eda algo estra\u00f1o no mu\u00ed\u00f1o, como que paraba de moer por momentos ou algo as\u00ed, era porque a Santa Compa\u00f1a roldaba por al\u00ed. O que fac\u00edan era botarlle unhas brasas da fogueira na moega \u00e1 vez que se rezaba un Noso Pai e o mu\u00ed\u00f1o segu\u00eda funcionando de contado.<\/p>\n\n\n\n<p>Ao longo das parroquias deste concello tam\u00e9n pode os atopar numerosas <strong><em>igrexas, adros, cemiterios, canastros e<\/em><\/strong><strong><em>Petos de \u00c1nimas.<\/em><\/strong>En canto \u00f3s Petos de \u00c1nimas, destaca o da parroquia de Pazos. A s\u00faa construci\u00f3n f\u00edxase no s\u00e9culo XVIII. Est\u00e1 situado nunha encrucillada da parte central da parroquia. A devoci\u00f3n \u00e1s \u00e1nimas segue viva entre as xentes, que adoitan levarlles como ofrenda patacas e millo con formas raras.<\/p>\n\n\n\n<p><em><strong>As voces das pedras:<\/strong><\/em><\/p>\n\n\n\n<p>O gran n\u00famero de restos arqueol\u00f3xicos atopados nas terras de Pazos de Borb\u00e9n, son sen d\u00fabida un dos grandes tesouros cos que conta este municipio. O asentamento de culturas prehist\u00f3ricas \u00e9 moi evidente, dada a multitude de gravados rupestres e castros atopados na s\u00faa \u00e1rea xeogr\u00e1fica.<\/p>\n\n\n\n<p>Os primeiros xacementos arqueol\u00f3xicos atopados dan unha cronolox\u00eda que vai dende o 3000 \u00f3 1800 antes de Cristo, pero sen d\u00fabida o marco cronol\u00f3xico que m\u00e1is documentado est\u00e1 \u00e9 a Idade de Bronce (1800 \u00f3 600 a. d. C.). Nos s\u00e9culos III e IV crese que Pazos de Borb\u00e9n poder\u00eda ser unha antiga poboaci\u00f3n romana, co\u00f1ecida como \u201cBurbida\u201d, pero hai desacordo entre os historiadores.<\/p>\n\n\n\n<p><em><strong>Gravados rupestres:<\/strong><\/em><\/p>\n\n\n\n<figure class=\"wp-block-image size-full\"><img loading=\"lazy\" decoding=\"async\" width=\"720\" height=\"432\" src=\"https:\/\/www.anovapeneira.gal\/wp-content\/uploads\/2023\/12\/rupestre.webp\" alt=\"\" class=\"wp-image-10900\" srcset=\"https:\/\/www.anovapeneira.gal\/wp-content\/uploads\/2023\/12\/rupestre.webp 720w, https:\/\/www.anovapeneira.gal\/wp-content\/uploads\/2023\/12\/rupestre-300x180.webp 300w\" sizes=\"auto, (max-width: 720px) 100vw, 720px\" \/><\/figure>\n\n\n\n<p>At\u00f3panse en Pazos de Borb\u00e9n multitude de gravados rupestres, importantes sinais de tempos antigos e testemu\u00f1as dunha historia da cal procedemos.<\/p>\n\n\n\n<p>Antano, segundo a visi\u00f3n popular das xentes, co\u00f1ec\u00edanse como Pedras das Mouras ou Pedras das Cruces, consider\u00e1ndose mensaxes dun misterioso pobo desaparecido.<\/p>\n\n\n\n<p>Atopamos en Amoedo, Borb\u00e9n, Cepeda e Moscoso.<\/p>\n\n\n\n<p><em><strong>Sendeirismo:<\/strong><\/em><\/p>\n\n\n\n<p>Ademais das diferentes rutas alternativas que podemos tomar penetr\u00e1ndonos en diferentes cami\u00f1os e sendas, podemos atopar as seguintes rutas de sendeirismo:<\/p>\n\n\n\n<p><strong>Senda da Fraga do Barrag\u00e1n<\/strong>: Pola estrada PO-252, Mondariz-Moscoso, at\u00f3pase a parroquia de San Salvador de Xunqueiras. Desviarse no cruce que indica cara ao Torreiro. A 100 m at\u00f3pase unha praza na que est\u00e1 o inicio do sendeiro.<\/p>\n\n\n\n<p>Dese\u00f1ado arredor de conca do r\u00edo Barrag\u00e1n, o seu trazado discorre a diferentes alturas pero mant\u00e9n o r\u00edo como eixo central.<\/p>\n\n\n\n<p>O curso do r\u00edo Barrag\u00e1n, antes de desembocar no encoro de Eiras, caracter\u00edzase pola presencia, na zona m\u00e1is profunda da conca, dunha mata de fraga aut\u00f3ctona con currunchos de gran beleza natural. Ademais, a abundancia de patrimonio etnogr\u00e1fico como os mencionados anteriormente mu\u00ed\u00f1os, pontes ou levadas que eran canles que conduc\u00edan a auga ata os mu\u00ed\u00f1os, e hist\u00f3ricos como os restos do asentamento co\u00f1ecido como A Cidade, ap\u00f3rtanlle un interese tur\u00edstico que far\u00e1n deste sendeiro unha experiencia inesquecible.<\/p>\n\n\n\n<p>O trazado do sendeiro \u00e9 circular con diferentes accesos dende as estradas pr\u00f3ximas que permite comezalo en diferentes puntos. Empezando no lugar denominado O Torreiro de Xunqueiras, descenderemos cara ao r\u00edo por cami\u00f1os forestais e polas levadas rehabilitadas. Cruzaremos o r\u00edo para chegar a Freaza e comezar un tramo monta\u00f1oso onde poderemos atopar reses bravas que pastan en liberdade. A senda regresa \u00e1 conca do r\u00edo que teremos que cruzar, con prudencial, polos pasos de Freaza para internarnos no sensacional tramo que d\u00e1 nome ao sendeiro: a Fraga do r\u00edo Barrag\u00e1n.<\/p>\n\n\n\n<p>Un paseo sen igual que ten como colof\u00f3n os restos do asentamento da Cidade. Despois s\u00fabese ata As Lombas e p\u00e9chase o c\u00edrculo regresando ao Torreiro no Cabo da Ra\u00f1a.<\/p>\n\n\n\n<p>Como vedes un fermoso e concello do interior galego onde nos deixaremos de sorprendernos do seu encanto nun entorno rural cheo de belas paisaxes, de lendas e sendas, tradici\u00f3ns relixiosas ou festas populares das que temos que propo\u00f1ernos gozar nalg\u00fan momento do nosa tempo de lecer para poder deleitarnos das s\u00faas paisaxes rurais e naturais.<\/p>\n\n\n\n<p>Fonte. Web Concello de Pazos.<\/p>\n","protected":false},"excerpt":{"rendered":"<div class=\"mh-excerpt\"><p>O Concello de Pazos de Borb\u00e9n ten uns 50 km\u00b2 de extensi\u00f3n e est\u00e1 dividido en oito parroquias que limitan cos concellos de Redondela, Fornelos de Montes, Soutomaior, Mondariz, Ponteareas e Mos <a class=\"mh-excerpt-more\" href=\"https:\/\/www.anovapeneira.gal\/index.php\/2023\/12\/13\/principais-atractivos-turisticos-de-pazos-de-borben\/\" title=\"Principais atractivos tur\u00edsticos de Pazos de Borb\u00e9n\">[&#8230;]<\/a><\/p>\n<\/div>","protected":false},"author":17,"featured_media":3280,"comment_status":"open","ping_status":"open","sticky":false,"template":"","format":"standard","meta":{"_exactmetrics_skip_tracking":false,"_exactmetrics_sitenote_active":false,"_exactmetrics_sitenote_note":"","_exactmetrics_sitenote_category":0,"footnotes":""},"categories":[495],"tags":[1089],"class_list":{"0":"post-10895","1":"post","2":"type-post","3":"status-publish","4":"format-standard","5":"has-post-thumbnail","7":"category-redondela-reportaxes","8":"tag-concello-de-pazos-de-borben"},"yoast_head":"<!-- This site is optimized with the Yoast SEO plugin v27.4 - https:\/\/yoast.com\/product\/yoast-seo-wordpress\/ -->\n<title>Principais atractivos tur\u00edsticos de Pazos de Borb\u00e9n -<\/title>\n<meta name=\"description\" content=\"O Concello de Pazos de Borb\u00e9n ten uns 50 km\u00b2 de extensi\u00f3n e est\u00e1 dividido en oito parroquias que limitan cos concellos de Redondela, Fornelos de Montes, Soutomaior, Mondariz, Ponteareas e Mos\" \/>\n<meta name=\"robots\" content=\"index, follow, max-snippet:-1, max-image-preview:large, max-video-preview:-1\" \/>\n<link rel=\"canonical\" href=\"https:\/\/www.anovapeneira.gal\/index.php\/2023\/12\/13\/principais-atractivos-turisticos-de-pazos-de-borben\/\" \/>\n<meta property=\"og:locale\" content=\"gl_ES\" \/>\n<meta property=\"og:type\" content=\"article\" \/>\n<meta property=\"og:title\" content=\"Principais atractivos tur\u00edsticos de Pazos de Borb\u00e9n -\" \/>\n<meta property=\"og:description\" content=\"O Concello de Pazos de Borb\u00e9n ten uns 50 km\u00b2 de extensi\u00f3n e est\u00e1 dividido en oito parroquias que limitan cos concellos de Redondela, Fornelos de Montes, Soutomaior, Mondariz, Ponteareas e Mos\" \/>\n<meta property=\"og:url\" content=\"https:\/\/www.anovapeneira.gal\/index.php\/2023\/12\/13\/principais-atractivos-turisticos-de-pazos-de-borben\/\" \/>\n<meta property=\"article:publisher\" content=\"https:\/\/www.facebook.com\/anovapeneira\" \/>\n<meta property=\"article:published_time\" content=\"2023-12-13T09:00:39+00:00\" \/>\n<meta property=\"og:image\" content=\"https:\/\/www.anovapeneira.gal\/wp-content\/uploads\/2020\/06\/pazos_de_borben_parque_eolico_a_nova_peneira.jpg\" \/>\n\t<meta property=\"og:image:width\" content=\"720\" \/>\n\t<meta property=\"og:image:height\" content=\"432\" \/>\n\t<meta property=\"og:image:type\" content=\"image\/jpeg\" \/>\n<meta name=\"author\" content=\"G. Figueiredo\" \/>\n<meta name=\"twitter:card\" content=\"summary_large_image\" \/>\n<meta name=\"twitter:creator\" content=\"@APeneira\" \/>\n<meta name=\"twitter:site\" content=\"@APeneira\" \/>\n<meta name=\"twitter:label1\" content=\"Escrito por\" \/>\n\t<meta name=\"twitter:data1\" content=\"G. Figueiredo\" \/>\n\t<meta name=\"twitter:label2\" content=\"Tempo de lectura\" \/>\n\t<meta name=\"twitter:data2\" content=\"10 minutos\" \/>\n<script type=\"application\/ld+json\" class=\"yoast-schema-graph\">{\"@context\":\"https:\\\/\\\/schema.org\",\"@graph\":[{\"@type\":\"Article\",\"@id\":\"https:\\\/\\\/www.anovapeneira.gal\\\/index.php\\\/2023\\\/12\\\/13\\\/principais-atractivos-turisticos-de-pazos-de-borben\\\/#article\",\"isPartOf\":{\"@id\":\"https:\\\/\\\/www.anovapeneira.gal\\\/index.php\\\/2023\\\/12\\\/13\\\/principais-atractivos-turisticos-de-pazos-de-borben\\\/\"},\"author\":{\"name\":\"G. Figueiredo\",\"@id\":\"https:\\\/\\\/www.anovapeneira.gal\\\/#\\\/schema\\\/person\\\/42f904d7cac80cf3f5a31494dd82a9b6\"},\"headline\":\"Principais atractivos tur\u00edsticos de Pazos de Borb\u00e9n\",\"datePublished\":\"2023-12-13T09:00:39+00:00\",\"mainEntityOfPage\":{\"@id\":\"https:\\\/\\\/www.anovapeneira.gal\\\/index.php\\\/2023\\\/12\\\/13\\\/principais-atractivos-turisticos-de-pazos-de-borben\\\/\"},\"wordCount\":1756,\"commentCount\":0,\"publisher\":{\"@id\":\"https:\\\/\\\/www.anovapeneira.gal\\\/#organization\"},\"image\":{\"@id\":\"https:\\\/\\\/www.anovapeneira.gal\\\/index.php\\\/2023\\\/12\\\/13\\\/principais-atractivos-turisticos-de-pazos-de-borben\\\/#primaryimage\"},\"thumbnailUrl\":\"https:\\\/\\\/www.anovapeneira.gal\\\/wp-content\\\/uploads\\\/2020\\\/06\\\/pazos_de_borben_parque_eolico_a_nova_peneira.jpg\",\"keywords\":[\"Concello de Pazos de Borb\u00e9n\"],\"articleSection\":[\"Redondela\"],\"inLanguage\":\"gl-ES\",\"potentialAction\":[{\"@type\":\"CommentAction\",\"name\":\"Comment\",\"target\":[\"https:\\\/\\\/www.anovapeneira.gal\\\/index.php\\\/2023\\\/12\\\/13\\\/principais-atractivos-turisticos-de-pazos-de-borben\\\/#respond\"]}]},{\"@type\":\"WebPage\",\"@id\":\"https:\\\/\\\/www.anovapeneira.gal\\\/index.php\\\/2023\\\/12\\\/13\\\/principais-atractivos-turisticos-de-pazos-de-borben\\\/\",\"url\":\"https:\\\/\\\/www.anovapeneira.gal\\\/index.php\\\/2023\\\/12\\\/13\\\/principais-atractivos-turisticos-de-pazos-de-borben\\\/\",\"name\":\"Principais atractivos tur\u00edsticos de Pazos de Borb\u00e9n -\",\"isPartOf\":{\"@id\":\"https:\\\/\\\/www.anovapeneira.gal\\\/#website\"},\"primaryImageOfPage\":{\"@id\":\"https:\\\/\\\/www.anovapeneira.gal\\\/index.php\\\/2023\\\/12\\\/13\\\/principais-atractivos-turisticos-de-pazos-de-borben\\\/#primaryimage\"},\"image\":{\"@id\":\"https:\\\/\\\/www.anovapeneira.gal\\\/index.php\\\/2023\\\/12\\\/13\\\/principais-atractivos-turisticos-de-pazos-de-borben\\\/#primaryimage\"},\"thumbnailUrl\":\"https:\\\/\\\/www.anovapeneira.gal\\\/wp-content\\\/uploads\\\/2020\\\/06\\\/pazos_de_borben_parque_eolico_a_nova_peneira.jpg\",\"datePublished\":\"2023-12-13T09:00:39+00:00\",\"description\":\"O Concello de Pazos de Borb\u00e9n ten uns 50 km\u00b2 de extensi\u00f3n e est\u00e1 dividido en oito parroquias que limitan cos concellos de Redondela, Fornelos de Montes, Soutomaior, Mondariz, Ponteareas e Mos\",\"breadcrumb\":{\"@id\":\"https:\\\/\\\/www.anovapeneira.gal\\\/index.php\\\/2023\\\/12\\\/13\\\/principais-atractivos-turisticos-de-pazos-de-borben\\\/#breadcrumb\"},\"inLanguage\":\"gl-ES\",\"potentialAction\":[{\"@type\":\"ReadAction\",\"target\":[\"https:\\\/\\\/www.anovapeneira.gal\\\/index.php\\\/2023\\\/12\\\/13\\\/principais-atractivos-turisticos-de-pazos-de-borben\\\/\"]}]},{\"@type\":\"ImageObject\",\"inLanguage\":\"gl-ES\",\"@id\":\"https:\\\/\\\/www.anovapeneira.gal\\\/index.php\\\/2023\\\/12\\\/13\\\/principais-atractivos-turisticos-de-pazos-de-borben\\\/#primaryimage\",\"url\":\"https:\\\/\\\/www.anovapeneira.gal\\\/wp-content\\\/uploads\\\/2020\\\/06\\\/pazos_de_borben_parque_eolico_a_nova_peneira.jpg\",\"contentUrl\":\"https:\\\/\\\/www.anovapeneira.gal\\\/wp-content\\\/uploads\\\/2020\\\/06\\\/pazos_de_borben_parque_eolico_a_nova_peneira.jpg\",\"width\":720,\"height\":432,\"caption\":\"Parque e\u00f3lico Pazos de Borb\u00e9n A Nova Peneira\"},{\"@type\":\"BreadcrumbList\",\"@id\":\"https:\\\/\\\/www.anovapeneira.gal\\\/index.php\\\/2023\\\/12\\\/13\\\/principais-atractivos-turisticos-de-pazos-de-borben\\\/#breadcrumb\",\"itemListElement\":[{\"@type\":\"ListItem\",\"position\":1,\"name\":\"Portada\",\"item\":\"https:\\\/\\\/www.anovapeneira.gal\\\/\"},{\"@type\":\"ListItem\",\"position\":2,\"name\":\"Principais atractivos tur\u00edsticos de Pazos de Borb\u00e9n\"}]},{\"@type\":\"WebSite\",\"@id\":\"https:\\\/\\\/www.anovapeneira.gal\\\/#website\",\"url\":\"https:\\\/\\\/www.anovapeneira.gal\\\/\",\"name\":\"\",\"description\":\"Xornal galego de informaci\u00f3n xeral Publicaci\u00f3n mensual de novas de Galicia e en especial dos Concellos da sur da provincia de Pontevedra.\",\"publisher\":{\"@id\":\"https:\\\/\\\/www.anovapeneira.gal\\\/#organization\"},\"potentialAction\":[{\"@type\":\"SearchAction\",\"target\":{\"@type\":\"EntryPoint\",\"urlTemplate\":\"https:\\\/\\\/www.anovapeneira.gal\\\/?s={search_term_string}\"},\"query-input\":{\"@type\":\"PropertyValueSpecification\",\"valueRequired\":true,\"valueName\":\"search_term_string\"}}],\"inLanguage\":\"gl-ES\"},{\"@type\":\"Organization\",\"@id\":\"https:\\\/\\\/www.anovapeneira.gal\\\/#organization\",\"name\":\"A Nova Peneira\",\"url\":\"https:\\\/\\\/www.anovapeneira.gal\\\/\",\"logo\":{\"@type\":\"ImageObject\",\"inLanguage\":\"gl-ES\",\"@id\":\"https:\\\/\\\/www.anovapeneira.gal\\\/#\\\/schema\\\/logo\\\/image\\\/\",\"url\":\"http:\\\/\\\/www.anovapeneira.gal\\\/wp-content\\\/uploads\\\/2019\\\/06\\\/logo_a_nova_peneira_portal_web.png\",\"contentUrl\":\"http:\\\/\\\/www.anovapeneira.gal\\\/wp-content\\\/uploads\\\/2019\\\/06\\\/logo_a_nova_peneira_portal_web.png\",\"width\":300,\"height\":100,\"caption\":\"A Nova Peneira\"},\"image\":{\"@id\":\"https:\\\/\\\/www.anovapeneira.gal\\\/#\\\/schema\\\/logo\\\/image\\\/\"},\"sameAs\":[\"https:\\\/\\\/www.facebook.com\\\/anovapeneira\",\"https:\\\/\\\/x.com\\\/APeneira\"]},{\"@type\":\"Person\",\"@id\":\"https:\\\/\\\/www.anovapeneira.gal\\\/#\\\/schema\\\/person\\\/42f904d7cac80cf3f5a31494dd82a9b6\",\"name\":\"G. Figueiredo\",\"image\":{\"@type\":\"ImageObject\",\"inLanguage\":\"gl-ES\",\"@id\":\"https:\\\/\\\/secure.gravatar.com\\\/avatar\\\/2d970086688458e0398ef8b84f5cbb8cc1ec3ab115aeb8435135a9f556af97b3?s=96&d=mm&r=g\",\"url\":\"https:\\\/\\\/secure.gravatar.com\\\/avatar\\\/2d970086688458e0398ef8b84f5cbb8cc1ec3ab115aeb8435135a9f556af97b3?s=96&d=mm&r=g\",\"contentUrl\":\"https:\\\/\\\/secure.gravatar.com\\\/avatar\\\/2d970086688458e0398ef8b84f5cbb8cc1ec3ab115aeb8435135a9f556af97b3?s=96&d=mm&r=g\",\"caption\":\"G. Figueiredo\"},\"sameAs\":[\"http:\\\/\\\/www.anovapeneira.gal\\\/\"],\"url\":\"https:\\\/\\\/www.anovapeneira.gal\\\/index.php\\\/author\\\/g-figueiredo\\\/\"}]}<\/script>\n<!-- \/ Yoast SEO plugin. -->","yoast_head_json":{"title":"Principais atractivos tur\u00edsticos de Pazos de Borb\u00e9n -","description":"O Concello de Pazos de Borb\u00e9n ten uns 50 km\u00b2 de extensi\u00f3n e est\u00e1 dividido en oito parroquias que limitan cos concellos de Redondela, Fornelos de Montes, Soutomaior, Mondariz, Ponteareas e Mos","robots":{"index":"index","follow":"follow","max-snippet":"max-snippet:-1","max-image-preview":"max-image-preview:large","max-video-preview":"max-video-preview:-1"},"canonical":"https:\/\/www.anovapeneira.gal\/index.php\/2023\/12\/13\/principais-atractivos-turisticos-de-pazos-de-borben\/","og_locale":"gl_ES","og_type":"article","og_title":"Principais atractivos tur\u00edsticos de Pazos de Borb\u00e9n -","og_description":"O Concello de Pazos de Borb\u00e9n ten uns 50 km\u00b2 de extensi\u00f3n e est\u00e1 dividido en oito parroquias que limitan cos concellos de Redondela, Fornelos de Montes, Soutomaior, Mondariz, Ponteareas e Mos","og_url":"https:\/\/www.anovapeneira.gal\/index.php\/2023\/12\/13\/principais-atractivos-turisticos-de-pazos-de-borben\/","article_publisher":"https:\/\/www.facebook.com\/anovapeneira","article_published_time":"2023-12-13T09:00:39+00:00","og_image":[{"width":720,"height":432,"url":"https:\/\/www.anovapeneira.gal\/wp-content\/uploads\/2020\/06\/pazos_de_borben_parque_eolico_a_nova_peneira.jpg","type":"image\/jpeg"}],"author":"G. Figueiredo","twitter_card":"summary_large_image","twitter_creator":"@APeneira","twitter_site":"@APeneira","twitter_misc":{"Escrito por":"G. Figueiredo","Tempo de lectura":"10 minutos"},"schema":{"@context":"https:\/\/schema.org","@graph":[{"@type":"Article","@id":"https:\/\/www.anovapeneira.gal\/index.php\/2023\/12\/13\/principais-atractivos-turisticos-de-pazos-de-borben\/#article","isPartOf":{"@id":"https:\/\/www.anovapeneira.gal\/index.php\/2023\/12\/13\/principais-atractivos-turisticos-de-pazos-de-borben\/"},"author":{"name":"G. Figueiredo","@id":"https:\/\/www.anovapeneira.gal\/#\/schema\/person\/42f904d7cac80cf3f5a31494dd82a9b6"},"headline":"Principais atractivos tur\u00edsticos de Pazos de Borb\u00e9n","datePublished":"2023-12-13T09:00:39+00:00","mainEntityOfPage":{"@id":"https:\/\/www.anovapeneira.gal\/index.php\/2023\/12\/13\/principais-atractivos-turisticos-de-pazos-de-borben\/"},"wordCount":1756,"commentCount":0,"publisher":{"@id":"https:\/\/www.anovapeneira.gal\/#organization"},"image":{"@id":"https:\/\/www.anovapeneira.gal\/index.php\/2023\/12\/13\/principais-atractivos-turisticos-de-pazos-de-borben\/#primaryimage"},"thumbnailUrl":"https:\/\/www.anovapeneira.gal\/wp-content\/uploads\/2020\/06\/pazos_de_borben_parque_eolico_a_nova_peneira.jpg","keywords":["Concello de Pazos de Borb\u00e9n"],"articleSection":["Redondela"],"inLanguage":"gl-ES","potentialAction":[{"@type":"CommentAction","name":"Comment","target":["https:\/\/www.anovapeneira.gal\/index.php\/2023\/12\/13\/principais-atractivos-turisticos-de-pazos-de-borben\/#respond"]}]},{"@type":"WebPage","@id":"https:\/\/www.anovapeneira.gal\/index.php\/2023\/12\/13\/principais-atractivos-turisticos-de-pazos-de-borben\/","url":"https:\/\/www.anovapeneira.gal\/index.php\/2023\/12\/13\/principais-atractivos-turisticos-de-pazos-de-borben\/","name":"Principais atractivos tur\u00edsticos de Pazos de Borb\u00e9n -","isPartOf":{"@id":"https:\/\/www.anovapeneira.gal\/#website"},"primaryImageOfPage":{"@id":"https:\/\/www.anovapeneira.gal\/index.php\/2023\/12\/13\/principais-atractivos-turisticos-de-pazos-de-borben\/#primaryimage"},"image":{"@id":"https:\/\/www.anovapeneira.gal\/index.php\/2023\/12\/13\/principais-atractivos-turisticos-de-pazos-de-borben\/#primaryimage"},"thumbnailUrl":"https:\/\/www.anovapeneira.gal\/wp-content\/uploads\/2020\/06\/pazos_de_borben_parque_eolico_a_nova_peneira.jpg","datePublished":"2023-12-13T09:00:39+00:00","description":"O Concello de Pazos de Borb\u00e9n ten uns 50 km\u00b2 de extensi\u00f3n e est\u00e1 dividido en oito parroquias que limitan cos concellos de Redondela, Fornelos de Montes, Soutomaior, Mondariz, Ponteareas e Mos","breadcrumb":{"@id":"https:\/\/www.anovapeneira.gal\/index.php\/2023\/12\/13\/principais-atractivos-turisticos-de-pazos-de-borben\/#breadcrumb"},"inLanguage":"gl-ES","potentialAction":[{"@type":"ReadAction","target":["https:\/\/www.anovapeneira.gal\/index.php\/2023\/12\/13\/principais-atractivos-turisticos-de-pazos-de-borben\/"]}]},{"@type":"ImageObject","inLanguage":"gl-ES","@id":"https:\/\/www.anovapeneira.gal\/index.php\/2023\/12\/13\/principais-atractivos-turisticos-de-pazos-de-borben\/#primaryimage","url":"https:\/\/www.anovapeneira.gal\/wp-content\/uploads\/2020\/06\/pazos_de_borben_parque_eolico_a_nova_peneira.jpg","contentUrl":"https:\/\/www.anovapeneira.gal\/wp-content\/uploads\/2020\/06\/pazos_de_borben_parque_eolico_a_nova_peneira.jpg","width":720,"height":432,"caption":"Parque e\u00f3lico Pazos de Borb\u00e9n A Nova Peneira"},{"@type":"BreadcrumbList","@id":"https:\/\/www.anovapeneira.gal\/index.php\/2023\/12\/13\/principais-atractivos-turisticos-de-pazos-de-borben\/#breadcrumb","itemListElement":[{"@type":"ListItem","position":1,"name":"Portada","item":"https:\/\/www.anovapeneira.gal\/"},{"@type":"ListItem","position":2,"name":"Principais atractivos tur\u00edsticos de Pazos de Borb\u00e9n"}]},{"@type":"WebSite","@id":"https:\/\/www.anovapeneira.gal\/#website","url":"https:\/\/www.anovapeneira.gal\/","name":"","description":"Xornal galego de informaci\u00f3n xeral Publicaci\u00f3n mensual de novas de Galicia e en especial dos Concellos da sur da provincia de Pontevedra.","publisher":{"@id":"https:\/\/www.anovapeneira.gal\/#organization"},"potentialAction":[{"@type":"SearchAction","target":{"@type":"EntryPoint","urlTemplate":"https:\/\/www.anovapeneira.gal\/?s={search_term_string}"},"query-input":{"@type":"PropertyValueSpecification","valueRequired":true,"valueName":"search_term_string"}}],"inLanguage":"gl-ES"},{"@type":"Organization","@id":"https:\/\/www.anovapeneira.gal\/#organization","name":"A Nova Peneira","url":"https:\/\/www.anovapeneira.gal\/","logo":{"@type":"ImageObject","inLanguage":"gl-ES","@id":"https:\/\/www.anovapeneira.gal\/#\/schema\/logo\/image\/","url":"http:\/\/www.anovapeneira.gal\/wp-content\/uploads\/2019\/06\/logo_a_nova_peneira_portal_web.png","contentUrl":"http:\/\/www.anovapeneira.gal\/wp-content\/uploads\/2019\/06\/logo_a_nova_peneira_portal_web.png","width":300,"height":100,"caption":"A Nova Peneira"},"image":{"@id":"https:\/\/www.anovapeneira.gal\/#\/schema\/logo\/image\/"},"sameAs":["https:\/\/www.facebook.com\/anovapeneira","https:\/\/x.com\/APeneira"]},{"@type":"Person","@id":"https:\/\/www.anovapeneira.gal\/#\/schema\/person\/42f904d7cac80cf3f5a31494dd82a9b6","name":"G. Figueiredo","image":{"@type":"ImageObject","inLanguage":"gl-ES","@id":"https:\/\/secure.gravatar.com\/avatar\/2d970086688458e0398ef8b84f5cbb8cc1ec3ab115aeb8435135a9f556af97b3?s=96&d=mm&r=g","url":"https:\/\/secure.gravatar.com\/avatar\/2d970086688458e0398ef8b84f5cbb8cc1ec3ab115aeb8435135a9f556af97b3?s=96&d=mm&r=g","contentUrl":"https:\/\/secure.gravatar.com\/avatar\/2d970086688458e0398ef8b84f5cbb8cc1ec3ab115aeb8435135a9f556af97b3?s=96&d=mm&r=g","caption":"G. Figueiredo"},"sameAs":["http:\/\/www.anovapeneira.gal\/"],"url":"https:\/\/www.anovapeneira.gal\/index.php\/author\/g-figueiredo\/"}]}},"jetpack_featured_media_url":"https:\/\/www.anovapeneira.gal\/wp-content\/uploads\/2020\/06\/pazos_de_borben_parque_eolico_a_nova_peneira.jpg","_links":{"self":[{"href":"https:\/\/www.anovapeneira.gal\/index.php\/wp-json\/wp\/v2\/posts\/10895","targetHints":{"allow":["GET"]}}],"collection":[{"href":"https:\/\/www.anovapeneira.gal\/index.php\/wp-json\/wp\/v2\/posts"}],"about":[{"href":"https:\/\/www.anovapeneira.gal\/index.php\/wp-json\/wp\/v2\/types\/post"}],"author":[{"embeddable":true,"href":"https:\/\/www.anovapeneira.gal\/index.php\/wp-json\/wp\/v2\/users\/17"}],"replies":[{"embeddable":true,"href":"https:\/\/www.anovapeneira.gal\/index.php\/wp-json\/wp\/v2\/comments?post=10895"}],"version-history":[{"count":4,"href":"https:\/\/www.anovapeneira.gal\/index.php\/wp-json\/wp\/v2\/posts\/10895\/revisions"}],"predecessor-version":[{"id":10902,"href":"https:\/\/www.anovapeneira.gal\/index.php\/wp-json\/wp\/v2\/posts\/10895\/revisions\/10902"}],"wp:featuredmedia":[{"embeddable":true,"href":"https:\/\/www.anovapeneira.gal\/index.php\/wp-json\/wp\/v2\/media\/3280"}],"wp:attachment":[{"href":"https:\/\/www.anovapeneira.gal\/index.php\/wp-json\/wp\/v2\/media?parent=10895"}],"wp:term":[{"taxonomy":"category","embeddable":true,"href":"https:\/\/www.anovapeneira.gal\/index.php\/wp-json\/wp\/v2\/categories?post=10895"},{"taxonomy":"post_tag","embeddable":true,"href":"https:\/\/www.anovapeneira.gal\/index.php\/wp-json\/wp\/v2\/tags?post=10895"}],"curies":[{"name":"wp","href":"https:\/\/api.w.org\/{rel}","templated":true}]}}