{"id":1090,"date":"2019-08-28T12:00:00","date_gmt":"2019-08-28T10:00:00","guid":{"rendered":"http:\/\/www.anovapeneira.gal\/?p=1090"},"modified":"2019-08-25T12:26:20","modified_gmt":"2019-08-25T10:26:20","slug":"xxvii-festa-dos-callos-de-salceda-de-caselas-2019","status":"publish","type":"post","link":"https:\/\/www.anovapeneira.gal\/index.php\/2019\/08\/28\/xxvii-festa-dos-callos-de-salceda-de-caselas-2019\/","title":{"rendered":"XXVII Festa dos Callos de Salceda de Caselas 2019"},"content":{"rendered":"\n<pre class=\"wp-block-verse\"><strong>G.Figueiredo<\/strong><\/pre>\n\n\n\n<p>Neste\nfermoso concello de interior da provincia de Pontevedra, veci\u00f1o de\nTui, Porri\u00f1o, Ponteareas e Salvaterra, chamado Salceda de Caselas,\nvaise celebrar o vindeiro mes de setembro a s\u00faa XXVII edici\u00f3n da\nFesta dos Callos. Este evento gastron\u00f3mico cel\u00e9brase na Praza do\nConcello o 1\u00ba domingo de setembro dende 1993. Cada ano m\u00e1is de\n20.000 persoas acoden dende toda a xeograf\u00eda galega e portuguesa\npara degustar este saboroso prato. Dende o ano 2007, na noite do\ns\u00e1bado v\u00e9nse celebrando un ser\u00e1n popular, este ano ser\u00e1 a s\u00faa\nXIII edici\u00f3n. A organizaci\u00f3n \u00e9 a cargo do Concello pero para o seu\ndesenrolo son m\u00e1is de 50 persoas voluntarias veci\u00f1as da vila\nsalcedense as que dedican o seu tempo libre, xa semanas antes, para\nque esta festa sexa un \u00e9xito ano tras ano.<\/p>\n\n\n\n<p>Para\no domingo d\u00eda 1 van elaborar m\u00e1is de 20.000 raci\u00f3ns de callos\nutilizando para elo as cantidades de 2.000 quilos de ventre vac\u00fan,\n950 de carne de tenreira, 2.500 de garavanzos, 450 de  lac\u00f3n e case\n400 Kg de chourizo, aproximadamente. Todo\npara unha receita que non deixar\u00e1 indiferente aos asistentes. Unha\ninmensa cantidade de produto que require ademais a colaboraci\u00f3n e\ntraballo en equipo de numerosas persoas. Ano tras ano a cifra de\nraci\u00f3ns sube e \u00e9 por isto que a Xunta de Galicia  e o  Concello de\nSalceda est\u00e1n a traballar desde hai d\u00faas edici\u00f3ns para que o\nevento sexa reco\u00f1ecido como \u201cFesta de Interese Tur\u00edstico\u201d, a\nd\u00eda de hoxe a\u00ednda non te\u00f1en esta distinci\u00f3n, esperemos que para a\npr\u00f3xima edici\u00f3n xa podamos visitan unha \u201cXXVIII Festa dos Callos\nde Salceda de Interese Tur\u00edstico Galego\u201d. \n<\/p>\n\n\n\n<figure class=\"wp-block-image\"><img loading=\"lazy\" decoding=\"async\" width=\"595\" height=\"1024\" src=\"http:\/\/www.anovapeneira.gal\/wp-content\/uploads\/2019\/08\/festa_callos_salceda_de_Caselas_a_nova_peneira_cartel-595x1024.jpg\" alt=\"Cartel Festa XXVII dos Callos Salceda de Caselas A Nova Peneira\" class=\"wp-image-1058\" srcset=\"https:\/\/www.anovapeneira.gal\/wp-content\/uploads\/2019\/08\/festa_callos_salceda_de_Caselas_a_nova_peneira_cartel-595x1024.jpg 595w, https:\/\/www.anovapeneira.gal\/wp-content\/uploads\/2019\/08\/festa_callos_salceda_de_Caselas_a_nova_peneira_cartel-174x300.jpg 174w, https:\/\/www.anovapeneira.gal\/wp-content\/uploads\/2019\/08\/festa_callos_salceda_de_Caselas_a_nova_peneira_cartel-768x1323.jpg 768w, https:\/\/www.anovapeneira.gal\/wp-content\/uploads\/2019\/08\/festa_callos_salceda_de_Caselas_a_nova_peneira_cartel.jpg 1040w\" sizes=\"auto, (max-width: 595px) 100vw, 595px\" \/><\/figure>\n\n\n\n<p>Para\na programaci\u00f3ns deste ano, e como novidade e preludio desta gran\nfesta,  xa o venres 30 de agosto os m\u00e1is pequechos poder\u00e1n gozar\ndun teatro de r\u00faa infantil na Praza do Concello \u00e1s 19:00 horas\n\u201cSaaabor\u201d.<\/p>\n\n\n\n<p>Para o\ns\u00e1bado 31 de agosto as actividades comezar\u00e1n tam\u00e9n \u00e1s 19:00h co\nTeatro musical infantil na Concello Praza do Concello a cargo de\n\u201cLaia, aprendiz de maga\u201d. \n<\/p>\n\n\n\n<p>\u00c1s 21:30 o Concerto da\nBanda Cultural de Salceda acompa\u00f1ada das distintas asociaci\u00f3n\nculturais \u201cSaliceta\u201d no patio do CEP Altamira.<\/p>\n\n\n\n<p>Para rematar a noite do\ns\u00e1bado, \u00e1s 22:30h, o esperado e xa tradicional \u201cXIII Ser\u00e1n dos\nCallos\u201d na Praza do Concello.<\/p>\n\n\n\n<p>O Domingo 1\nde setembro, todo comezar\u00e1 a partir das 9:30 horas na  Praza  do \nConcello, coa apertura de billeteiras e despacho de callos a\u00ednda\nque, os coci\u00f1eiros, xa comezan a preparar este delicioso prato \u00e1\nunha da madrugada. Para\nadquirir estas tapas podemos facelo a un prezo moi alcanzable,\nmantendo os da anterior edici\u00f3n; 8 euros raci\u00f3n con cazola, pan,\nvi\u00f1o ou auga, con cunca conmemorativa e culler, para degustar no\nrecinto; ou 6 euros raci\u00f3n, para levar. Tam\u00e9n se servir\u00e1n raci\u00f3ns\nde callos sen glute, que se coci\u00f1ar\u00e1n \u00e1 parte, para  cel\u00edacos. \n<\/p>\n\n\n\n<p>A ma\u00f1\u00e1\nestar\u00e1 amenizada por \u201cAnimar-T\u201d e charanga \u201cSghae\u201d.<\/p>\n\n\n\n<p>Para \u00e1s\n12:00h a lectura do preg\u00f3n a cargo de \u201cPaco Lodeiro\u201d.\nPresentador, actor e m\u00fasico de radio e televisi\u00f3n da Televisi\u00f3n de\nGalicia e Telemadrid, tam\u00e9n ser\u00e1 o encargado de por a nota musical\ncara as 21:00h actuando coa \u201cOrquesta Sur\u201d na Praza do Concello.<\/p>\n\n\n\n<p>Sen\nesquecernos dos \u201cXogos Pulares\u201d para os m\u00e1is pequechos con\n\u201cAnimar T\u201d \u00e1s 19:00H.<\/p>\n\n\n\n<p>Como vedes\nunha fin de semana repleta de actividades para maiores e pequechos,\nonde poderemos degustar unhas exquisitas tapas de callos, gozar da\nm\u00fasica, teatro, e mesmo dunha Feira Agroecol\u00f3xica e Artesan\u00eda, ao\nlongo do domingo, que xa conta coa s\u00faa VI edici\u00f3n, na que se\npoder\u00e1n adquirir produtos de primeira calidade como reposter\u00eda\ncaseira, alimentos bio, produtos da horta, &#8230;, visitar as mostras de\nartesan\u00eda madeira, roupa&#8230;, degustar queixo, mel e comida  vegana. \n<\/p>\n\n\n\n<p>Pas\u00e1devos\npor Salceda para aumentas eses m\u00e1is de 21.000 asistentes, a visita\nben pagar\u00e1 a pena.<\/p>\n","protected":false},"excerpt":{"rendered":"<div class=\"mh-excerpt\"><p>Neste fermoso concello de interior da provincia de Pontevedra, veci\u00f1o de Tui, Porri\u00f1o, Ponteareas e Salvaterra, chamado Salceda de Caselas, vaise celebrar o vindeiro mes de setembro a s\u00faa XXVII edici\u00f3n da Festa dos Callos <a class=\"mh-excerpt-more\" href=\"https:\/\/www.anovapeneira.gal\/index.php\/2019\/08\/28\/xxvii-festa-dos-callos-de-salceda-de-caselas-2019\/\" title=\"XXVII Festa dos Callos de Salceda de Caselas 2019\">[&#8230;]<\/a><\/p>\n<\/div>","protected":false},"author":3,"featured_media":1060,"comment_status":"open","ping_status":"open","sticky":false,"template":"","format":"standard","meta":{"_exactmetrics_skip_tracking":false,"_exactmetrics_sitenote_active":false,"_exactmetrics_sitenote_note":"","_exactmetrics_sitenote_category":0,"footnotes":""},"categories":[490],"tags":[359,508,29,28],"class_list":{"0":"post-1090","1":"post","2":"type-post","3":"status-publish","4":"format-standard","5":"has-post-thumbnail","7":"category-a-lourina-reportaxes","8":"tag-concello-de-salceda-de-caselas","9":"tag-festa-dos-callos","10":"tag-gastronomia","11":"tag-turismo"},"yoast_head":"<!-- This site is optimized with the Yoast SEO plugin v27.4 - https:\/\/yoast.com\/product\/yoast-seo-wordpress\/ -->\n<title>XXVII Festa dos Callos de Salceda de Caselas 2019 -<\/title>\n<meta name=\"robots\" content=\"index, follow, max-snippet:-1, max-image-preview:large, max-video-preview:-1\" \/>\n<link rel=\"canonical\" href=\"https:\/\/www.anovapeneira.gal\/index.php\/2019\/08\/28\/xxvii-festa-dos-callos-de-salceda-de-caselas-2019\/\" \/>\n<meta property=\"og:locale\" content=\"gl_ES\" \/>\n<meta property=\"og:type\" content=\"article\" \/>\n<meta property=\"og:title\" content=\"XXVII Festa dos Callos de Salceda de Caselas 2019 -\" \/>\n<meta property=\"og:description\" content=\"Neste fermoso concello de interior da provincia de Pontevedra, veci\u00f1o de Tui, Porri\u00f1o, Ponteareas e Salvaterra, chamado Salceda de Caselas, vaise celebrar o vindeiro mes de setembro a s\u00faa XXVII edici\u00f3n da Festa dos Callos [...]\" \/>\n<meta property=\"og:url\" content=\"https:\/\/www.anovapeneira.gal\/index.php\/2019\/08\/28\/xxvii-festa-dos-callos-de-salceda-de-caselas-2019\/\" \/>\n<meta property=\"article:publisher\" content=\"https:\/\/www.facebook.com\/anovapeneira\" \/>\n<meta property=\"article:published_time\" content=\"2019-08-28T10:00:00+00:00\" \/>\n<meta property=\"og:image\" content=\"https:\/\/www.anovapeneira.gal\/wp-content\/uploads\/2019\/08\/festa_dos_callos_salceda_caselas_a_nova_peneira.jpg\" \/>\n\t<meta property=\"og:image:width\" content=\"720\" \/>\n\t<meta property=\"og:image:height\" content=\"473\" \/>\n\t<meta property=\"og:image:type\" content=\"image\/jpeg\" \/>\n<meta name=\"author\" content=\"Redacci\u00f3n A Nova Peneira\" \/>\n<meta name=\"twitter:card\" content=\"summary_large_image\" \/>\n<meta name=\"twitter:creator\" content=\"@APeneira\" \/>\n<meta name=\"twitter:site\" content=\"@APeneira\" \/>\n<meta name=\"twitter:label1\" content=\"Escrito por\" \/>\n\t<meta name=\"twitter:data1\" content=\"Redacci\u00f3n A Nova Peneira\" \/>\n\t<meta name=\"twitter:label2\" content=\"Tempo de lectura\" \/>\n\t<meta name=\"twitter:data2\" content=\"3 minutos\" \/>\n<script type=\"application\/ld+json\" class=\"yoast-schema-graph\">{\"@context\":\"https:\\\/\\\/schema.org\",\"@graph\":[{\"@type\":\"Article\",\"@id\":\"https:\\\/\\\/www.anovapeneira.gal\\\/index.php\\\/2019\\\/08\\\/28\\\/xxvii-festa-dos-callos-de-salceda-de-caselas-2019\\\/#article\",\"isPartOf\":{\"@id\":\"https:\\\/\\\/www.anovapeneira.gal\\\/index.php\\\/2019\\\/08\\\/28\\\/xxvii-festa-dos-callos-de-salceda-de-caselas-2019\\\/\"},\"author\":{\"name\":\"Redacci\u00f3n A Nova Peneira\",\"@id\":\"https:\\\/\\\/www.anovapeneira.gal\\\/#\\\/schema\\\/person\\\/b93e3f8932e3f8da96334607eb6ac6aa\"},\"headline\":\"XXVII Festa dos Callos de Salceda de Caselas 2019\",\"datePublished\":\"2019-08-28T10:00:00+00:00\",\"mainEntityOfPage\":{\"@id\":\"https:\\\/\\\/www.anovapeneira.gal\\\/index.php\\\/2019\\\/08\\\/28\\\/xxvii-festa-dos-callos-de-salceda-de-caselas-2019\\\/\"},\"wordCount\":684,\"commentCount\":0,\"publisher\":{\"@id\":\"https:\\\/\\\/www.anovapeneira.gal\\\/#organization\"},\"image\":{\"@id\":\"https:\\\/\\\/www.anovapeneira.gal\\\/index.php\\\/2019\\\/08\\\/28\\\/xxvii-festa-dos-callos-de-salceda-de-caselas-2019\\\/#primaryimage\"},\"thumbnailUrl\":\"https:\\\/\\\/www.anovapeneira.gal\\\/wp-content\\\/uploads\\\/2019\\\/08\\\/festa_dos_callos_salceda_caselas_a_nova_peneira.jpg\",\"keywords\":[\"Concello de Salceda de Caselas\",\"Festa dos Callos\",\"gastronom\u00eda\",\"Turismo\"],\"articleSection\":[\"A Louri\u00f1a\"],\"inLanguage\":\"gl-ES\",\"potentialAction\":[{\"@type\":\"CommentAction\",\"name\":\"Comment\",\"target\":[\"https:\\\/\\\/www.anovapeneira.gal\\\/index.php\\\/2019\\\/08\\\/28\\\/xxvii-festa-dos-callos-de-salceda-de-caselas-2019\\\/#respond\"]}]},{\"@type\":\"WebPage\",\"@id\":\"https:\\\/\\\/www.anovapeneira.gal\\\/index.php\\\/2019\\\/08\\\/28\\\/xxvii-festa-dos-callos-de-salceda-de-caselas-2019\\\/\",\"url\":\"https:\\\/\\\/www.anovapeneira.gal\\\/index.php\\\/2019\\\/08\\\/28\\\/xxvii-festa-dos-callos-de-salceda-de-caselas-2019\\\/\",\"name\":\"XXVII Festa dos Callos de Salceda de Caselas 2019 -\",\"isPartOf\":{\"@id\":\"https:\\\/\\\/www.anovapeneira.gal\\\/#website\"},\"primaryImageOfPage\":{\"@id\":\"https:\\\/\\\/www.anovapeneira.gal\\\/index.php\\\/2019\\\/08\\\/28\\\/xxvii-festa-dos-callos-de-salceda-de-caselas-2019\\\/#primaryimage\"},\"image\":{\"@id\":\"https:\\\/\\\/www.anovapeneira.gal\\\/index.php\\\/2019\\\/08\\\/28\\\/xxvii-festa-dos-callos-de-salceda-de-caselas-2019\\\/#primaryimage\"},\"thumbnailUrl\":\"https:\\\/\\\/www.anovapeneira.gal\\\/wp-content\\\/uploads\\\/2019\\\/08\\\/festa_dos_callos_salceda_caselas_a_nova_peneira.jpg\",\"datePublished\":\"2019-08-28T10:00:00+00:00\",\"breadcrumb\":{\"@id\":\"https:\\\/\\\/www.anovapeneira.gal\\\/index.php\\\/2019\\\/08\\\/28\\\/xxvii-festa-dos-callos-de-salceda-de-caselas-2019\\\/#breadcrumb\"},\"inLanguage\":\"gl-ES\",\"potentialAction\":[{\"@type\":\"ReadAction\",\"target\":[\"https:\\\/\\\/www.anovapeneira.gal\\\/index.php\\\/2019\\\/08\\\/28\\\/xxvii-festa-dos-callos-de-salceda-de-caselas-2019\\\/\"]}]},{\"@type\":\"ImageObject\",\"inLanguage\":\"gl-ES\",\"@id\":\"https:\\\/\\\/www.anovapeneira.gal\\\/index.php\\\/2019\\\/08\\\/28\\\/xxvii-festa-dos-callos-de-salceda-de-caselas-2019\\\/#primaryimage\",\"url\":\"https:\\\/\\\/www.anovapeneira.gal\\\/wp-content\\\/uploads\\\/2019\\\/08\\\/festa_dos_callos_salceda_caselas_a_nova_peneira.jpg\",\"contentUrl\":\"https:\\\/\\\/www.anovapeneira.gal\\\/wp-content\\\/uploads\\\/2019\\\/08\\\/festa_dos_callos_salceda_caselas_a_nova_peneira.jpg\",\"width\":720,\"height\":473,\"caption\":\"Festa XXVII dos Callos Salceda de Caselas A Nova Peneira\"},{\"@type\":\"BreadcrumbList\",\"@id\":\"https:\\\/\\\/www.anovapeneira.gal\\\/index.php\\\/2019\\\/08\\\/28\\\/xxvii-festa-dos-callos-de-salceda-de-caselas-2019\\\/#breadcrumb\",\"itemListElement\":[{\"@type\":\"ListItem\",\"position\":1,\"name\":\"Portada\",\"item\":\"https:\\\/\\\/www.anovapeneira.gal\\\/\"},{\"@type\":\"ListItem\",\"position\":2,\"name\":\"XXVII Festa dos Callos de Salceda de Caselas 2019\"}]},{\"@type\":\"WebSite\",\"@id\":\"https:\\\/\\\/www.anovapeneira.gal\\\/#website\",\"url\":\"https:\\\/\\\/www.anovapeneira.gal\\\/\",\"name\":\"\",\"description\":\"Xornal galego de informaci\u00f3n xeral Publicaci\u00f3n mensual de novas de Galicia e en especial dos Concellos da sur da provincia de Pontevedra.\",\"publisher\":{\"@id\":\"https:\\\/\\\/www.anovapeneira.gal\\\/#organization\"},\"potentialAction\":[{\"@type\":\"SearchAction\",\"target\":{\"@type\":\"EntryPoint\",\"urlTemplate\":\"https:\\\/\\\/www.anovapeneira.gal\\\/?s={search_term_string}\"},\"query-input\":{\"@type\":\"PropertyValueSpecification\",\"valueRequired\":true,\"valueName\":\"search_term_string\"}}],\"inLanguage\":\"gl-ES\"},{\"@type\":\"Organization\",\"@id\":\"https:\\\/\\\/www.anovapeneira.gal\\\/#organization\",\"name\":\"A Nova Peneira\",\"url\":\"https:\\\/\\\/www.anovapeneira.gal\\\/\",\"logo\":{\"@type\":\"ImageObject\",\"inLanguage\":\"gl-ES\",\"@id\":\"https:\\\/\\\/www.anovapeneira.gal\\\/#\\\/schema\\\/logo\\\/image\\\/\",\"url\":\"http:\\\/\\\/www.anovapeneira.gal\\\/wp-content\\\/uploads\\\/2019\\\/06\\\/logo_a_nova_peneira_portal_web.png\",\"contentUrl\":\"http:\\\/\\\/www.anovapeneira.gal\\\/wp-content\\\/uploads\\\/2019\\\/06\\\/logo_a_nova_peneira_portal_web.png\",\"width\":300,\"height\":100,\"caption\":\"A Nova Peneira\"},\"image\":{\"@id\":\"https:\\\/\\\/www.anovapeneira.gal\\\/#\\\/schema\\\/logo\\\/image\\\/\"},\"sameAs\":[\"https:\\\/\\\/www.facebook.com\\\/anovapeneira\",\"https:\\\/\\\/x.com\\\/APeneira\"]},{\"@type\":\"Person\",\"@id\":\"https:\\\/\\\/www.anovapeneira.gal\\\/#\\\/schema\\\/person\\\/b93e3f8932e3f8da96334607eb6ac6aa\",\"name\":\"Redacci\u00f3n A Nova Peneira\",\"image\":{\"@type\":\"ImageObject\",\"inLanguage\":\"gl-ES\",\"@id\":\"https:\\\/\\\/secure.gravatar.com\\\/avatar\\\/c052a2551a06e23fac63626232eaa90abd78dbcf1700fc46a2b2c89fd27b735f?s=96&d=mm&r=g\",\"url\":\"https:\\\/\\\/secure.gravatar.com\\\/avatar\\\/c052a2551a06e23fac63626232eaa90abd78dbcf1700fc46a2b2c89fd27b735f?s=96&d=mm&r=g\",\"contentUrl\":\"https:\\\/\\\/secure.gravatar.com\\\/avatar\\\/c052a2551a06e23fac63626232eaa90abd78dbcf1700fc46a2b2c89fd27b735f?s=96&d=mm&r=g\",\"caption\":\"Redacci\u00f3n A Nova Peneira\"},\"sameAs\":[\"http:\\\/\\\/www.anovapeneira.gal\\\/\"],\"url\":\"https:\\\/\\\/www.anovapeneira.gal\\\/index.php\\\/author\\\/redactor\\\/\"}]}<\/script>\n<!-- \/ Yoast SEO plugin. -->","yoast_head_json":{"title":"XXVII Festa dos Callos de Salceda de Caselas 2019 -","robots":{"index":"index","follow":"follow","max-snippet":"max-snippet:-1","max-image-preview":"max-image-preview:large","max-video-preview":"max-video-preview:-1"},"canonical":"https:\/\/www.anovapeneira.gal\/index.php\/2019\/08\/28\/xxvii-festa-dos-callos-de-salceda-de-caselas-2019\/","og_locale":"gl_ES","og_type":"article","og_title":"XXVII Festa dos Callos de Salceda de Caselas 2019 -","og_description":"Neste fermoso concello de interior da provincia de Pontevedra, veci\u00f1o de Tui, Porri\u00f1o, Ponteareas e Salvaterra, chamado Salceda de Caselas, vaise celebrar o vindeiro mes de setembro a s\u00faa XXVII edici\u00f3n da Festa dos Callos [...]","og_url":"https:\/\/www.anovapeneira.gal\/index.php\/2019\/08\/28\/xxvii-festa-dos-callos-de-salceda-de-caselas-2019\/","article_publisher":"https:\/\/www.facebook.com\/anovapeneira","article_published_time":"2019-08-28T10:00:00+00:00","og_image":[{"width":720,"height":473,"url":"https:\/\/www.anovapeneira.gal\/wp-content\/uploads\/2019\/08\/festa_dos_callos_salceda_caselas_a_nova_peneira.jpg","type":"image\/jpeg"}],"author":"Redacci\u00f3n A Nova Peneira","twitter_card":"summary_large_image","twitter_creator":"@APeneira","twitter_site":"@APeneira","twitter_misc":{"Escrito por":"Redacci\u00f3n A Nova Peneira","Tempo de lectura":"3 minutos"},"schema":{"@context":"https:\/\/schema.org","@graph":[{"@type":"Article","@id":"https:\/\/www.anovapeneira.gal\/index.php\/2019\/08\/28\/xxvii-festa-dos-callos-de-salceda-de-caselas-2019\/#article","isPartOf":{"@id":"https:\/\/www.anovapeneira.gal\/index.php\/2019\/08\/28\/xxvii-festa-dos-callos-de-salceda-de-caselas-2019\/"},"author":{"name":"Redacci\u00f3n A Nova Peneira","@id":"https:\/\/www.anovapeneira.gal\/#\/schema\/person\/b93e3f8932e3f8da96334607eb6ac6aa"},"headline":"XXVII Festa dos Callos de Salceda de Caselas 2019","datePublished":"2019-08-28T10:00:00+00:00","mainEntityOfPage":{"@id":"https:\/\/www.anovapeneira.gal\/index.php\/2019\/08\/28\/xxvii-festa-dos-callos-de-salceda-de-caselas-2019\/"},"wordCount":684,"commentCount":0,"publisher":{"@id":"https:\/\/www.anovapeneira.gal\/#organization"},"image":{"@id":"https:\/\/www.anovapeneira.gal\/index.php\/2019\/08\/28\/xxvii-festa-dos-callos-de-salceda-de-caselas-2019\/#primaryimage"},"thumbnailUrl":"https:\/\/www.anovapeneira.gal\/wp-content\/uploads\/2019\/08\/festa_dos_callos_salceda_caselas_a_nova_peneira.jpg","keywords":["Concello de Salceda de Caselas","Festa dos Callos","gastronom\u00eda","Turismo"],"articleSection":["A Louri\u00f1a"],"inLanguage":"gl-ES","potentialAction":[{"@type":"CommentAction","name":"Comment","target":["https:\/\/www.anovapeneira.gal\/index.php\/2019\/08\/28\/xxvii-festa-dos-callos-de-salceda-de-caselas-2019\/#respond"]}]},{"@type":"WebPage","@id":"https:\/\/www.anovapeneira.gal\/index.php\/2019\/08\/28\/xxvii-festa-dos-callos-de-salceda-de-caselas-2019\/","url":"https:\/\/www.anovapeneira.gal\/index.php\/2019\/08\/28\/xxvii-festa-dos-callos-de-salceda-de-caselas-2019\/","name":"XXVII Festa dos Callos de Salceda de Caselas 2019 -","isPartOf":{"@id":"https:\/\/www.anovapeneira.gal\/#website"},"primaryImageOfPage":{"@id":"https:\/\/www.anovapeneira.gal\/index.php\/2019\/08\/28\/xxvii-festa-dos-callos-de-salceda-de-caselas-2019\/#primaryimage"},"image":{"@id":"https:\/\/www.anovapeneira.gal\/index.php\/2019\/08\/28\/xxvii-festa-dos-callos-de-salceda-de-caselas-2019\/#primaryimage"},"thumbnailUrl":"https:\/\/www.anovapeneira.gal\/wp-content\/uploads\/2019\/08\/festa_dos_callos_salceda_caselas_a_nova_peneira.jpg","datePublished":"2019-08-28T10:00:00+00:00","breadcrumb":{"@id":"https:\/\/www.anovapeneira.gal\/index.php\/2019\/08\/28\/xxvii-festa-dos-callos-de-salceda-de-caselas-2019\/#breadcrumb"},"inLanguage":"gl-ES","potentialAction":[{"@type":"ReadAction","target":["https:\/\/www.anovapeneira.gal\/index.php\/2019\/08\/28\/xxvii-festa-dos-callos-de-salceda-de-caselas-2019\/"]}]},{"@type":"ImageObject","inLanguage":"gl-ES","@id":"https:\/\/www.anovapeneira.gal\/index.php\/2019\/08\/28\/xxvii-festa-dos-callos-de-salceda-de-caselas-2019\/#primaryimage","url":"https:\/\/www.anovapeneira.gal\/wp-content\/uploads\/2019\/08\/festa_dos_callos_salceda_caselas_a_nova_peneira.jpg","contentUrl":"https:\/\/www.anovapeneira.gal\/wp-content\/uploads\/2019\/08\/festa_dos_callos_salceda_caselas_a_nova_peneira.jpg","width":720,"height":473,"caption":"Festa XXVII dos Callos Salceda de Caselas A Nova Peneira"},{"@type":"BreadcrumbList","@id":"https:\/\/www.anovapeneira.gal\/index.php\/2019\/08\/28\/xxvii-festa-dos-callos-de-salceda-de-caselas-2019\/#breadcrumb","itemListElement":[{"@type":"ListItem","position":1,"name":"Portada","item":"https:\/\/www.anovapeneira.gal\/"},{"@type":"ListItem","position":2,"name":"XXVII Festa dos Callos de Salceda de Caselas 2019"}]},{"@type":"WebSite","@id":"https:\/\/www.anovapeneira.gal\/#website","url":"https:\/\/www.anovapeneira.gal\/","name":"","description":"Xornal galego de informaci\u00f3n xeral Publicaci\u00f3n mensual de novas de Galicia e en especial dos Concellos da sur da provincia de Pontevedra.","publisher":{"@id":"https:\/\/www.anovapeneira.gal\/#organization"},"potentialAction":[{"@type":"SearchAction","target":{"@type":"EntryPoint","urlTemplate":"https:\/\/www.anovapeneira.gal\/?s={search_term_string}"},"query-input":{"@type":"PropertyValueSpecification","valueRequired":true,"valueName":"search_term_string"}}],"inLanguage":"gl-ES"},{"@type":"Organization","@id":"https:\/\/www.anovapeneira.gal\/#organization","name":"A Nova Peneira","url":"https:\/\/www.anovapeneira.gal\/","logo":{"@type":"ImageObject","inLanguage":"gl-ES","@id":"https:\/\/www.anovapeneira.gal\/#\/schema\/logo\/image\/","url":"http:\/\/www.anovapeneira.gal\/wp-content\/uploads\/2019\/06\/logo_a_nova_peneira_portal_web.png","contentUrl":"http:\/\/www.anovapeneira.gal\/wp-content\/uploads\/2019\/06\/logo_a_nova_peneira_portal_web.png","width":300,"height":100,"caption":"A Nova Peneira"},"image":{"@id":"https:\/\/www.anovapeneira.gal\/#\/schema\/logo\/image\/"},"sameAs":["https:\/\/www.facebook.com\/anovapeneira","https:\/\/x.com\/APeneira"]},{"@type":"Person","@id":"https:\/\/www.anovapeneira.gal\/#\/schema\/person\/b93e3f8932e3f8da96334607eb6ac6aa","name":"Redacci\u00f3n A Nova Peneira","image":{"@type":"ImageObject","inLanguage":"gl-ES","@id":"https:\/\/secure.gravatar.com\/avatar\/c052a2551a06e23fac63626232eaa90abd78dbcf1700fc46a2b2c89fd27b735f?s=96&d=mm&r=g","url":"https:\/\/secure.gravatar.com\/avatar\/c052a2551a06e23fac63626232eaa90abd78dbcf1700fc46a2b2c89fd27b735f?s=96&d=mm&r=g","contentUrl":"https:\/\/secure.gravatar.com\/avatar\/c052a2551a06e23fac63626232eaa90abd78dbcf1700fc46a2b2c89fd27b735f?s=96&d=mm&r=g","caption":"Redacci\u00f3n A Nova Peneira"},"sameAs":["http:\/\/www.anovapeneira.gal\/"],"url":"https:\/\/www.anovapeneira.gal\/index.php\/author\/redactor\/"}]}},"jetpack_featured_media_url":"https:\/\/www.anovapeneira.gal\/wp-content\/uploads\/2019\/08\/festa_dos_callos_salceda_caselas_a_nova_peneira.jpg","_links":{"self":[{"href":"https:\/\/www.anovapeneira.gal\/index.php\/wp-json\/wp\/v2\/posts\/1090","targetHints":{"allow":["GET"]}}],"collection":[{"href":"https:\/\/www.anovapeneira.gal\/index.php\/wp-json\/wp\/v2\/posts"}],"about":[{"href":"https:\/\/www.anovapeneira.gal\/index.php\/wp-json\/wp\/v2\/types\/post"}],"author":[{"embeddable":true,"href":"https:\/\/www.anovapeneira.gal\/index.php\/wp-json\/wp\/v2\/users\/3"}],"replies":[{"embeddable":true,"href":"https:\/\/www.anovapeneira.gal\/index.php\/wp-json\/wp\/v2\/comments?post=1090"}],"version-history":[{"count":1,"href":"https:\/\/www.anovapeneira.gal\/index.php\/wp-json\/wp\/v2\/posts\/1090\/revisions"}],"predecessor-version":[{"id":1091,"href":"https:\/\/www.anovapeneira.gal\/index.php\/wp-json\/wp\/v2\/posts\/1090\/revisions\/1091"}],"wp:featuredmedia":[{"embeddable":true,"href":"https:\/\/www.anovapeneira.gal\/index.php\/wp-json\/wp\/v2\/media\/1060"}],"wp:attachment":[{"href":"https:\/\/www.anovapeneira.gal\/index.php\/wp-json\/wp\/v2\/media?parent=1090"}],"wp:term":[{"taxonomy":"category","embeddable":true,"href":"https:\/\/www.anovapeneira.gal\/index.php\/wp-json\/wp\/v2\/categories?post=1090"},{"taxonomy":"post_tag","embeddable":true,"href":"https:\/\/www.anovapeneira.gal\/index.php\/wp-json\/wp\/v2\/tags?post=1090"}],"curies":[{"name":"wp","href":"https:\/\/api.w.org\/{rel}","templated":true}]}}