{"id":10911,"date":"2023-12-14T12:00:14","date_gmt":"2023-12-14T11:00:14","guid":{"rendered":"https:\/\/www.anovapeneira.gal\/?p=10911"},"modified":"2023-12-10T17:03:44","modified_gmt":"2023-12-10T16:03:44","slug":"roturinas","status":"publish","type":"post","link":"https:\/\/www.anovapeneira.gal\/index.php\/2023\/12\/14\/roturinas\/","title":{"rendered":"Roturi\u00f1as"},"content":{"rendered":"\n<p>Como un xa vai virando d\u00e9cadas, o ano que ven agardo ga\u00f1arlle o pulso a outra, \u00e1s veces emerxen do fondo dos espellos do corredor, como dir\u00edan o Ferr\u00edn, ou Borges, palabras perdidas, baleiras do vello significado e mesmo de significante.<\/p>\n\n\n\n<p>Hai d\u00e9cadas descualificabamos, con natural paix\u00f3n democr\u00e1tica e pretensi\u00f3n revolucionaria, os que pretend\u00edan readaptar o r\u00e9xime dos militares facciosos, e fascistas, bendicidos pola igrexa, aos, daquela, novos tempos. Pola contra, defendiamos un proceso \u201cex novo\u201d que empatase, cando menos, coas raiceiras da rep\u00fablica bombardeada. Ben o saben os que viraron d\u00e9cadas, o debate era reforma ou ruptura. Sab\u00e9molo mellor os que fomos derrotados no combate pol\u00edtico e ficamos s\u00f3s.<\/p>\n\n\n\n<p>Asentouse a reforma transicional, acordada polas masas en votaci\u00f3n tal d\u00eda como hoxe, cando escribo estas li\u00f1as, de hai 45 anos, e imposta pola forza dos diversos e m\u00faltiples poderes. Pouco m\u00e1is dun 25% da poboaci\u00f3n espa\u00f1ola pode recordar, por vivilos con conciencia, aqueles anos finais da d\u00e9cada dos 70 do pasado s\u00e9culo. O resto \u00e9 co\u00f1ecemento inducido polo poder, os medios, a escola\u2026 e \u201cCu\u00e9ntame\u201d.<\/p>\n\n\n\n<p>Dende o sosego dese certo escepticismo que achega o paso das d\u00e9cadas, un non deixa de albiscar nos iracundos e hiperb\u00f3licos debates actuais certas sombras dos daquela altura.<\/p>\n\n\n\n<p>Se xa foi o \u00ednclito Jos\u00e9 Mar\u00eda Aznar quen se referiu a unha \u201csegunda transici\u00f3n\u201d para anunciar o seu ascenso aos ceos da Moncloa, sinalar o fin da fase gonzaliana de pura e brutal adaptaci\u00f3n ao modelo transacionado en 1978 e recuperar o poder eterno, que nunca perdera, para a dereita madriespa\u00f1ola. Dic\u00edao el, arteiro, que nin votara a prol da constituci\u00f3n por considerar que se afastaba das patrias esencias do r\u00e9xime a reformar.<\/p>\n\n\n\n<p><a><\/a> Por raz\u00f3ns xeracionais, a\u00ednda que non s\u00f3, case sen se decatar, as sociedades mudan. E tanto. Alg\u00fans, por optimismo da vontade, intu\u00edmos, con ledicia inneg\u00e1bel, non unha ruptura co r\u00e9xime apalabrado daquela, sen\u00f3n a correcci\u00f3n dos seus aspectos m\u00e1is \u201ccasposos\u201d cunhas cantas \u201croturi\u00f1as\u201d, evidentes no que a dereitos individuais se refire, pero tam\u00e9n nun certo troco, nos grupos de idade hexem\u00f3nicos, na consideraci\u00f3n a respecto das cuesti\u00f3ns nacionais e culturais pendentes.<\/p>\n\n\n\n<p>Cumprir\u00eda tam\u00e9n que, tan pronto toque, que ser\u00e1 cedo, acheguemos o que poidamos \u00e1 nosa \u201croturi\u00f1a\u201d, para o que \u00e9 preciso nin ficar na casa nin equivocarse con quen a pode facer.<\/p>\n\n\n\n<p>C\u00f3mpreme aclarar que a expresi\u00f3n \u201croturi\u00f1as\u201d non \u00e9 da mi\u00f1a colleita, sen\u00f3n dun prezado amigo que sempre me asombra coa s\u00faa clareza e instinto pol\u00edtico.<\/p>\n","protected":false},"excerpt":{"rendered":"<div class=\"mh-excerpt\"><p>Como un xa vai virando d\u00e9cadas, o ano que ven agardo ga\u00f1arlle o pulso a outra, \u00e1s veces emerxen do fondo dos espellos do corredor, como dir\u00edan o Ferr\u00edn, ou Borges, palabras perdidas, baleiras do vello significado e mesmo de significante. <a class=\"mh-excerpt-more\" href=\"https:\/\/www.anovapeneira.gal\/index.php\/2023\/12\/14\/roturinas\/\" title=\"Roturi\u00f1as\">[&#8230;]<\/a><\/p>\n<\/div>","protected":false},"author":28,"featured_media":5039,"comment_status":"open","ping_status":"open","sticky":false,"template":"","format":"standard","meta":{"_exactmetrics_skip_tracking":false,"_exactmetrics_sitenote_active":false,"_exactmetrics_sitenote_note":"","_exactmetrics_sitenote_category":0,"footnotes":""},"categories":[7],"tags":[],"class_list":{"0":"post-10911","1":"post","2":"type-post","3":"status-publish","4":"format-standard","5":"has-post-thumbnail","7":"category-artigos-de-opinion"},"yoast_head":"<!-- This site is optimized with the Yoast SEO plugin v27.5 - https:\/\/yoast.com\/product\/yoast-seo-wordpress\/ -->\n<title>Roturi\u00f1as -<\/title>\n<meta name=\"description\" content=\"Como un xa vai virando d\u00e9cadas, o ano que ven agardo ga\u00f1arlle o pulso a outra, \u00e1s veces emerxen do fondo dos espellos do corredor, como dir\u00edan o Ferr\u00edn, ou Borges, palabras perdidas, baleiras do vello significado e mesmo de significante.\" \/>\n<meta name=\"robots\" content=\"index, follow, max-snippet:-1, max-image-preview:large, max-video-preview:-1\" \/>\n<link rel=\"canonical\" href=\"https:\/\/www.anovapeneira.gal\/index.php\/2023\/12\/14\/roturinas\/\" \/>\n<meta property=\"og:locale\" content=\"gl_ES\" \/>\n<meta property=\"og:type\" content=\"article\" \/>\n<meta property=\"og:title\" content=\"Roturi\u00f1as -\" \/>\n<meta property=\"og:description\" content=\"Como un xa vai virando d\u00e9cadas, o ano que ven agardo ga\u00f1arlle o pulso a outra, \u00e1s veces emerxen do fondo dos espellos do corredor, como dir\u00edan o Ferr\u00edn, ou Borges, palabras perdidas, baleiras do vello significado e mesmo de significante.\" \/>\n<meta property=\"og:url\" content=\"https:\/\/www.anovapeneira.gal\/index.php\/2023\/12\/14\/roturinas\/\" \/>\n<meta property=\"article:publisher\" content=\"https:\/\/www.facebook.com\/anovapeneira\" \/>\n<meta property=\"article:published_time\" content=\"2023-12-14T11:00:14+00:00\" \/>\n<meta property=\"og:image\" content=\"https:\/\/www.anovapeneira.gal\/wp-content\/uploads\/2021\/03\/carlos_meixome.jpg\" \/>\n\t<meta property=\"og:image:width\" content=\"720\" \/>\n\t<meta property=\"og:image:height\" content=\"432\" \/>\n\t<meta property=\"og:image:type\" content=\"image\/jpeg\" \/>\n<meta name=\"author\" content=\"Carlos M\u00e9ixome\" \/>\n<meta name=\"twitter:card\" content=\"summary_large_image\" \/>\n<meta name=\"twitter:creator\" content=\"@APeneira\" \/>\n<meta name=\"twitter:site\" content=\"@APeneira\" \/>\n<meta name=\"twitter:label1\" content=\"Escrito por\" \/>\n\t<meta name=\"twitter:data1\" content=\"Carlos M\u00e9ixome\" \/>\n\t<meta name=\"twitter:label2\" content=\"Tempo de lectura\" \/>\n\t<meta name=\"twitter:data2\" content=\"3 minutos\" \/>\n<script type=\"application\/ld+json\" class=\"yoast-schema-graph\">{\"@context\":\"https:\\\/\\\/schema.org\",\"@graph\":[{\"@type\":\"Article\",\"@id\":\"https:\\\/\\\/www.anovapeneira.gal\\\/index.php\\\/2023\\\/12\\\/14\\\/roturinas\\\/#article\",\"isPartOf\":{\"@id\":\"https:\\\/\\\/www.anovapeneira.gal\\\/index.php\\\/2023\\\/12\\\/14\\\/roturinas\\\/\"},\"author\":{\"name\":\"Carlos M\u00e9ixome\",\"@id\":\"https:\\\/\\\/www.anovapeneira.gal\\\/#\\\/schema\\\/person\\\/2b153a5dc1eb464bd57627c809057031\"},\"headline\":\"Roturi\u00f1as\",\"datePublished\":\"2023-12-14T11:00:14+00:00\",\"mainEntityOfPage\":{\"@id\":\"https:\\\/\\\/www.anovapeneira.gal\\\/index.php\\\/2023\\\/12\\\/14\\\/roturinas\\\/\"},\"wordCount\":459,\"commentCount\":0,\"publisher\":{\"@id\":\"https:\\\/\\\/www.anovapeneira.gal\\\/#organization\"},\"image\":{\"@id\":\"https:\\\/\\\/www.anovapeneira.gal\\\/index.php\\\/2023\\\/12\\\/14\\\/roturinas\\\/#primaryimage\"},\"thumbnailUrl\":\"https:\\\/\\\/www.anovapeneira.gal\\\/wp-content\\\/uploads\\\/2021\\\/03\\\/carlos_meixome.jpg\",\"articleSection\":[\"Artigos de opini\u00f3n\"],\"inLanguage\":\"gl-ES\",\"potentialAction\":[{\"@type\":\"CommentAction\",\"name\":\"Comment\",\"target\":[\"https:\\\/\\\/www.anovapeneira.gal\\\/index.php\\\/2023\\\/12\\\/14\\\/roturinas\\\/#respond\"]}]},{\"@type\":\"WebPage\",\"@id\":\"https:\\\/\\\/www.anovapeneira.gal\\\/index.php\\\/2023\\\/12\\\/14\\\/roturinas\\\/\",\"url\":\"https:\\\/\\\/www.anovapeneira.gal\\\/index.php\\\/2023\\\/12\\\/14\\\/roturinas\\\/\",\"name\":\"Roturi\u00f1as -\",\"isPartOf\":{\"@id\":\"https:\\\/\\\/www.anovapeneira.gal\\\/#website\"},\"primaryImageOfPage\":{\"@id\":\"https:\\\/\\\/www.anovapeneira.gal\\\/index.php\\\/2023\\\/12\\\/14\\\/roturinas\\\/#primaryimage\"},\"image\":{\"@id\":\"https:\\\/\\\/www.anovapeneira.gal\\\/index.php\\\/2023\\\/12\\\/14\\\/roturinas\\\/#primaryimage\"},\"thumbnailUrl\":\"https:\\\/\\\/www.anovapeneira.gal\\\/wp-content\\\/uploads\\\/2021\\\/03\\\/carlos_meixome.jpg\",\"datePublished\":\"2023-12-14T11:00:14+00:00\",\"description\":\"Como un xa vai virando d\u00e9cadas, o ano que ven agardo ga\u00f1arlle o pulso a outra, \u00e1s veces emerxen do fondo dos espellos do corredor, como dir\u00edan o Ferr\u00edn, ou Borges, palabras perdidas, baleiras do vello significado e mesmo de significante.\",\"breadcrumb\":{\"@id\":\"https:\\\/\\\/www.anovapeneira.gal\\\/index.php\\\/2023\\\/12\\\/14\\\/roturinas\\\/#breadcrumb\"},\"inLanguage\":\"gl-ES\",\"potentialAction\":[{\"@type\":\"ReadAction\",\"target\":[\"https:\\\/\\\/www.anovapeneira.gal\\\/index.php\\\/2023\\\/12\\\/14\\\/roturinas\\\/\"]}]},{\"@type\":\"ImageObject\",\"inLanguage\":\"gl-ES\",\"@id\":\"https:\\\/\\\/www.anovapeneira.gal\\\/index.php\\\/2023\\\/12\\\/14\\\/roturinas\\\/#primaryimage\",\"url\":\"https:\\\/\\\/www.anovapeneira.gal\\\/wp-content\\\/uploads\\\/2021\\\/03\\\/carlos_meixome.jpg\",\"contentUrl\":\"https:\\\/\\\/www.anovapeneira.gal\\\/wp-content\\\/uploads\\\/2021\\\/03\\\/carlos_meixome.jpg\",\"width\":720,\"height\":432,\"caption\":\"Carlos M\u00e9ixome, historiador e escritor\"},{\"@type\":\"BreadcrumbList\",\"@id\":\"https:\\\/\\\/www.anovapeneira.gal\\\/index.php\\\/2023\\\/12\\\/14\\\/roturinas\\\/#breadcrumb\",\"itemListElement\":[{\"@type\":\"ListItem\",\"position\":1,\"name\":\"Portada\",\"item\":\"https:\\\/\\\/www.anovapeneira.gal\\\/\"},{\"@type\":\"ListItem\",\"position\":2,\"name\":\"Roturi\u00f1as\"}]},{\"@type\":\"WebSite\",\"@id\":\"https:\\\/\\\/www.anovapeneira.gal\\\/#website\",\"url\":\"https:\\\/\\\/www.anovapeneira.gal\\\/\",\"name\":\"\",\"description\":\"Xornal galego de informaci\u00f3n xeral Publicaci\u00f3n mensual de novas de Galicia e en especial dos Concellos da sur da provincia de Pontevedra.\",\"publisher\":{\"@id\":\"https:\\\/\\\/www.anovapeneira.gal\\\/#organization\"},\"potentialAction\":[{\"@type\":\"SearchAction\",\"target\":{\"@type\":\"EntryPoint\",\"urlTemplate\":\"https:\\\/\\\/www.anovapeneira.gal\\\/?s={search_term_string}\"},\"query-input\":{\"@type\":\"PropertyValueSpecification\",\"valueRequired\":true,\"valueName\":\"search_term_string\"}}],\"inLanguage\":\"gl-ES\"},{\"@type\":\"Organization\",\"@id\":\"https:\\\/\\\/www.anovapeneira.gal\\\/#organization\",\"name\":\"A Nova Peneira\",\"url\":\"https:\\\/\\\/www.anovapeneira.gal\\\/\",\"logo\":{\"@type\":\"ImageObject\",\"inLanguage\":\"gl-ES\",\"@id\":\"https:\\\/\\\/www.anovapeneira.gal\\\/#\\\/schema\\\/logo\\\/image\\\/\",\"url\":\"http:\\\/\\\/www.anovapeneira.gal\\\/wp-content\\\/uploads\\\/2019\\\/06\\\/logo_a_nova_peneira_portal_web.png\",\"contentUrl\":\"http:\\\/\\\/www.anovapeneira.gal\\\/wp-content\\\/uploads\\\/2019\\\/06\\\/logo_a_nova_peneira_portal_web.png\",\"width\":300,\"height\":100,\"caption\":\"A Nova Peneira\"},\"image\":{\"@id\":\"https:\\\/\\\/www.anovapeneira.gal\\\/#\\\/schema\\\/logo\\\/image\\\/\"},\"sameAs\":[\"https:\\\/\\\/www.facebook.com\\\/anovapeneira\",\"https:\\\/\\\/x.com\\\/APeneira\"]},{\"@type\":\"Person\",\"@id\":\"https:\\\/\\\/www.anovapeneira.gal\\\/#\\\/schema\\\/person\\\/2b153a5dc1eb464bd57627c809057031\",\"name\":\"Carlos M\u00e9ixome\",\"image\":{\"@type\":\"ImageObject\",\"inLanguage\":\"gl-ES\",\"@id\":\"https:\\\/\\\/secure.gravatar.com\\\/avatar\\\/4a156c6183f8f634f0b5226ef6d55cfbb3b2fe17a025ab46bfb1c737c737f0cf?s=96&d=mm&r=g\",\"url\":\"https:\\\/\\\/secure.gravatar.com\\\/avatar\\\/4a156c6183f8f634f0b5226ef6d55cfbb3b2fe17a025ab46bfb1c737c737f0cf?s=96&d=mm&r=g\",\"contentUrl\":\"https:\\\/\\\/secure.gravatar.com\\\/avatar\\\/4a156c6183f8f634f0b5226ef6d55cfbb3b2fe17a025ab46bfb1c737c737f0cf?s=96&d=mm&r=g\",\"caption\":\"Carlos M\u00e9ixome\"},\"url\":\"https:\\\/\\\/www.anovapeneira.gal\\\/index.php\\\/author\\\/carlosmeixome\\\/\"}]}<\/script>\n<!-- \/ Yoast SEO plugin. -->","yoast_head_json":{"title":"Roturi\u00f1as -","description":"Como un xa vai virando d\u00e9cadas, o ano que ven agardo ga\u00f1arlle o pulso a outra, \u00e1s veces emerxen do fondo dos espellos do corredor, como dir\u00edan o Ferr\u00edn, ou Borges, palabras perdidas, baleiras do vello significado e mesmo de significante.","robots":{"index":"index","follow":"follow","max-snippet":"max-snippet:-1","max-image-preview":"max-image-preview:large","max-video-preview":"max-video-preview:-1"},"canonical":"https:\/\/www.anovapeneira.gal\/index.php\/2023\/12\/14\/roturinas\/","og_locale":"gl_ES","og_type":"article","og_title":"Roturi\u00f1as -","og_description":"Como un xa vai virando d\u00e9cadas, o ano que ven agardo ga\u00f1arlle o pulso a outra, \u00e1s veces emerxen do fondo dos espellos do corredor, como dir\u00edan o Ferr\u00edn, ou Borges, palabras perdidas, baleiras do vello significado e mesmo de significante.","og_url":"https:\/\/www.anovapeneira.gal\/index.php\/2023\/12\/14\/roturinas\/","article_publisher":"https:\/\/www.facebook.com\/anovapeneira","article_published_time":"2023-12-14T11:00:14+00:00","og_image":[{"width":720,"height":432,"url":"https:\/\/www.anovapeneira.gal\/wp-content\/uploads\/2021\/03\/carlos_meixome.jpg","type":"image\/jpeg"}],"author":"Carlos M\u00e9ixome","twitter_card":"summary_large_image","twitter_creator":"@APeneira","twitter_site":"@APeneira","twitter_misc":{"Escrito por":"Carlos M\u00e9ixome","Tempo de lectura":"3 minutos"},"schema":{"@context":"https:\/\/schema.org","@graph":[{"@type":"Article","@id":"https:\/\/www.anovapeneira.gal\/index.php\/2023\/12\/14\/roturinas\/#article","isPartOf":{"@id":"https:\/\/www.anovapeneira.gal\/index.php\/2023\/12\/14\/roturinas\/"},"author":{"name":"Carlos M\u00e9ixome","@id":"https:\/\/www.anovapeneira.gal\/#\/schema\/person\/2b153a5dc1eb464bd57627c809057031"},"headline":"Roturi\u00f1as","datePublished":"2023-12-14T11:00:14+00:00","mainEntityOfPage":{"@id":"https:\/\/www.anovapeneira.gal\/index.php\/2023\/12\/14\/roturinas\/"},"wordCount":459,"commentCount":0,"publisher":{"@id":"https:\/\/www.anovapeneira.gal\/#organization"},"image":{"@id":"https:\/\/www.anovapeneira.gal\/index.php\/2023\/12\/14\/roturinas\/#primaryimage"},"thumbnailUrl":"https:\/\/www.anovapeneira.gal\/wp-content\/uploads\/2021\/03\/carlos_meixome.jpg","articleSection":["Artigos de opini\u00f3n"],"inLanguage":"gl-ES","potentialAction":[{"@type":"CommentAction","name":"Comment","target":["https:\/\/www.anovapeneira.gal\/index.php\/2023\/12\/14\/roturinas\/#respond"]}]},{"@type":"WebPage","@id":"https:\/\/www.anovapeneira.gal\/index.php\/2023\/12\/14\/roturinas\/","url":"https:\/\/www.anovapeneira.gal\/index.php\/2023\/12\/14\/roturinas\/","name":"Roturi\u00f1as -","isPartOf":{"@id":"https:\/\/www.anovapeneira.gal\/#website"},"primaryImageOfPage":{"@id":"https:\/\/www.anovapeneira.gal\/index.php\/2023\/12\/14\/roturinas\/#primaryimage"},"image":{"@id":"https:\/\/www.anovapeneira.gal\/index.php\/2023\/12\/14\/roturinas\/#primaryimage"},"thumbnailUrl":"https:\/\/www.anovapeneira.gal\/wp-content\/uploads\/2021\/03\/carlos_meixome.jpg","datePublished":"2023-12-14T11:00:14+00:00","description":"Como un xa vai virando d\u00e9cadas, o ano que ven agardo ga\u00f1arlle o pulso a outra, \u00e1s veces emerxen do fondo dos espellos do corredor, como dir\u00edan o Ferr\u00edn, ou Borges, palabras perdidas, baleiras do vello significado e mesmo de significante.","breadcrumb":{"@id":"https:\/\/www.anovapeneira.gal\/index.php\/2023\/12\/14\/roturinas\/#breadcrumb"},"inLanguage":"gl-ES","potentialAction":[{"@type":"ReadAction","target":["https:\/\/www.anovapeneira.gal\/index.php\/2023\/12\/14\/roturinas\/"]}]},{"@type":"ImageObject","inLanguage":"gl-ES","@id":"https:\/\/www.anovapeneira.gal\/index.php\/2023\/12\/14\/roturinas\/#primaryimage","url":"https:\/\/www.anovapeneira.gal\/wp-content\/uploads\/2021\/03\/carlos_meixome.jpg","contentUrl":"https:\/\/www.anovapeneira.gal\/wp-content\/uploads\/2021\/03\/carlos_meixome.jpg","width":720,"height":432,"caption":"Carlos M\u00e9ixome, historiador e escritor"},{"@type":"BreadcrumbList","@id":"https:\/\/www.anovapeneira.gal\/index.php\/2023\/12\/14\/roturinas\/#breadcrumb","itemListElement":[{"@type":"ListItem","position":1,"name":"Portada","item":"https:\/\/www.anovapeneira.gal\/"},{"@type":"ListItem","position":2,"name":"Roturi\u00f1as"}]},{"@type":"WebSite","@id":"https:\/\/www.anovapeneira.gal\/#website","url":"https:\/\/www.anovapeneira.gal\/","name":"","description":"Xornal galego de informaci\u00f3n xeral Publicaci\u00f3n mensual de novas de Galicia e en especial dos Concellos da sur da provincia de Pontevedra.","publisher":{"@id":"https:\/\/www.anovapeneira.gal\/#organization"},"potentialAction":[{"@type":"SearchAction","target":{"@type":"EntryPoint","urlTemplate":"https:\/\/www.anovapeneira.gal\/?s={search_term_string}"},"query-input":{"@type":"PropertyValueSpecification","valueRequired":true,"valueName":"search_term_string"}}],"inLanguage":"gl-ES"},{"@type":"Organization","@id":"https:\/\/www.anovapeneira.gal\/#organization","name":"A Nova Peneira","url":"https:\/\/www.anovapeneira.gal\/","logo":{"@type":"ImageObject","inLanguage":"gl-ES","@id":"https:\/\/www.anovapeneira.gal\/#\/schema\/logo\/image\/","url":"http:\/\/www.anovapeneira.gal\/wp-content\/uploads\/2019\/06\/logo_a_nova_peneira_portal_web.png","contentUrl":"http:\/\/www.anovapeneira.gal\/wp-content\/uploads\/2019\/06\/logo_a_nova_peneira_portal_web.png","width":300,"height":100,"caption":"A Nova Peneira"},"image":{"@id":"https:\/\/www.anovapeneira.gal\/#\/schema\/logo\/image\/"},"sameAs":["https:\/\/www.facebook.com\/anovapeneira","https:\/\/x.com\/APeneira"]},{"@type":"Person","@id":"https:\/\/www.anovapeneira.gal\/#\/schema\/person\/2b153a5dc1eb464bd57627c809057031","name":"Carlos M\u00e9ixome","image":{"@type":"ImageObject","inLanguage":"gl-ES","@id":"https:\/\/secure.gravatar.com\/avatar\/4a156c6183f8f634f0b5226ef6d55cfbb3b2fe17a025ab46bfb1c737c737f0cf?s=96&d=mm&r=g","url":"https:\/\/secure.gravatar.com\/avatar\/4a156c6183f8f634f0b5226ef6d55cfbb3b2fe17a025ab46bfb1c737c737f0cf?s=96&d=mm&r=g","contentUrl":"https:\/\/secure.gravatar.com\/avatar\/4a156c6183f8f634f0b5226ef6d55cfbb3b2fe17a025ab46bfb1c737c737f0cf?s=96&d=mm&r=g","caption":"Carlos M\u00e9ixome"},"url":"https:\/\/www.anovapeneira.gal\/index.php\/author\/carlosmeixome\/"}]}},"jetpack_featured_media_url":"https:\/\/www.anovapeneira.gal\/wp-content\/uploads\/2021\/03\/carlos_meixome.jpg","_links":{"self":[{"href":"https:\/\/www.anovapeneira.gal\/index.php\/wp-json\/wp\/v2\/posts\/10911","targetHints":{"allow":["GET"]}}],"collection":[{"href":"https:\/\/www.anovapeneira.gal\/index.php\/wp-json\/wp\/v2\/posts"}],"about":[{"href":"https:\/\/www.anovapeneira.gal\/index.php\/wp-json\/wp\/v2\/types\/post"}],"author":[{"embeddable":true,"href":"https:\/\/www.anovapeneira.gal\/index.php\/wp-json\/wp\/v2\/users\/28"}],"replies":[{"embeddable":true,"href":"https:\/\/www.anovapeneira.gal\/index.php\/wp-json\/wp\/v2\/comments?post=10911"}],"version-history":[{"count":1,"href":"https:\/\/www.anovapeneira.gal\/index.php\/wp-json\/wp\/v2\/posts\/10911\/revisions"}],"predecessor-version":[{"id":10912,"href":"https:\/\/www.anovapeneira.gal\/index.php\/wp-json\/wp\/v2\/posts\/10911\/revisions\/10912"}],"wp:featuredmedia":[{"embeddable":true,"href":"https:\/\/www.anovapeneira.gal\/index.php\/wp-json\/wp\/v2\/media\/5039"}],"wp:attachment":[{"href":"https:\/\/www.anovapeneira.gal\/index.php\/wp-json\/wp\/v2\/media?parent=10911"}],"wp:term":[{"taxonomy":"category","embeddable":true,"href":"https:\/\/www.anovapeneira.gal\/index.php\/wp-json\/wp\/v2\/categories?post=10911"},{"taxonomy":"post_tag","embeddable":true,"href":"https:\/\/www.anovapeneira.gal\/index.php\/wp-json\/wp\/v2\/tags?post=10911"}],"curies":[{"name":"wp","href":"https:\/\/api.w.org\/{rel}","templated":true}]}}