{"id":10913,"date":"2023-12-15T10:00:31","date_gmt":"2023-12-15T09:00:31","guid":{"rendered":"https:\/\/www.anovapeneira.gal\/?p=10913"},"modified":"2023-12-10T17:11:24","modified_gmt":"2023-12-10T16:11:24","slug":"o-futbol-modesto-no-condado-paradanta","status":"publish","type":"post","link":"https:\/\/www.anovapeneira.gal\/index.php\/2023\/12\/15\/o-futbol-modesto-no-condado-paradanta\/","title":{"rendered":"O f\u00fatbol modesto no Condado Paradanta"},"content":{"rendered":"\n<p><strong>Iniciamos unha xeira ,que ter\u00e1 continuidade nas vindeiras Peneiras, sobre os principais equipos de f\u00fatbol da nosa comarca conversando con M\u00f3nica, presidenta do equipo de f\u00fatbol da Caniza, e con Salvador, presidente do equipo de f\u00fatbol de As Neves.<\/strong><\/p>\n\n\n\n<p><strong>M\u00f3nica Almu\u00ed\u00f1a Paz presidenta do CF Ca\u00f1iza .<\/strong><\/p>\n\n\n\n<p><strong>Natural de Crecente e de formaci\u00f3n administrativa, M\u00f3nica \u00e9 a primeira muller na historia que preside o equipo de f\u00fatbol da Ca\u00f1iza. Ela ten o m\u00e9rito engadido de participar de maneira decisiva na fusi\u00f3n dos dous equipos que ata o 2021 exist\u00edan na localidade: O ADECA e o CF CA\u00d1IZA. No momento de se fusionaren decidiron manter este \u00faltimo nome pois ti\u00f1a moita m\u00e1is historia c\u00f3 do outro conxunto. A presidenta repasa nas nosas p\u00e1xinas a actualidade do seu club que, como a todos os presidentes do f\u00fatbol modesto, lle sup\u00f3n dedicarlle unha cantidade inmensa de horas da s\u00faa vida persoal a cambio de nada, por pura e dura vocaci\u00f3n. Vela\u00ed vai o que deu de si a nosa conversa<\/strong><\/p>\n\n\n\n<h2 class=\"wp-block-heading\">\u201c <strong>Ser a primeira muller na historia presidenta do equipo de f\u00fatbol \u00e9 un orgullo e unha responsabilidade para min\u201d<\/strong><\/h2>\n\n\n\n<p><strong>Cando e como se iniciou a t\u00faa relaci\u00f3n co mundo do f\u00fatbol?<\/strong><\/p>\n\n\n\n<blockquote class=\"wp-block-quote is-layout-flow wp-block-quote-is-layout-flow\">\n<p>Comezou hai arredor de 15 anos e os motivos que me levaron a este mundo son os mesmos que os de moitos outros e outras: comecei a participar no f\u00fatbol cando un dos meus fillos empezou a xogar no antigo equipo do ADECA.<\/p>\n<\/blockquote>\n\n\n\n<p><strong>E xa comezou o teu cami\u00f1o no universo futbol\u00edstico?<\/strong><\/p>\n\n\n\n<blockquote class=\"wp-block-quote is-layout-flow wp-block-quote-is-layout-flow\">\n<p>Si, desde aquela foi un non parar. Entrei na directiva e pasei por distintas etapas que incl\u00faen ter sido a s\u00faa secretaria. Arredor de hai 10 anos asum\u00edn a presidencia do ADECA e no ano 2021 concretamos a fusi\u00f3n co CF Ca\u00f1iza.<\/p>\n<\/blockquote>\n\n\n\n<p><strong>Por que decidistes quedarvos co nome do CF Ca\u00f1iza?<\/strong><\/p>\n\n\n\n<blockquote class=\"wp-block-quote is-layout-flow wp-block-quote-is-layout-flow\">\n<p>Fix\u00e9molo as\u00ed porque ti\u00f1a m\u00e1is antig\u00fcidade.<\/p>\n<\/blockquote>\n\n\n\n<p><strong>A fusi\u00f3n foi complicada?<\/strong><\/p>\n\n\n\n<blockquote class=\"wp-block-quote is-layout-flow wp-block-quote-is-layout-flow\">\n<p>En absoluto, foi moi sinxela. Todos estivemos de acordo, de feito fusionamos ambas directivas.<\/p>\n<\/blockquote>\n\n\n\n<p><strong>Que uniforme ti\u00f1a o ADECA?<\/strong><\/p>\n\n\n\n<blockquote class=\"wp-block-quote is-layout-flow wp-block-quote-is-layout-flow\">\n<p>Verde e branco.<\/p>\n<\/blockquote>\n\n\n\n<p><strong>E o CF Ca\u00f1iza?<\/strong><\/p>\n\n\n\n<blockquote class=\"wp-block-quote is-layout-flow wp-block-quote-is-layout-flow\">\n<p>Amarelo e negro.<\/p>\n<\/blockquote>\n\n\n\n<p><strong>E finalmente que uniforme adoptastes?<\/strong><\/p>\n\n\n\n<blockquote class=\"wp-block-quote is-layout-flow wp-block-quote-is-layout-flow\">\n<p>O primeiro uniforme \u00e9 amarelo e negro e o segundo \u00e9 unha fusi\u00f3n das catro cores.<\/p>\n<\/blockquote>\n\n\n\n<p><strong>Das catro?, caramba vaia cromatismo m\u00e1is intenso , non?<\/strong><\/p>\n\n\n\n<blockquote class=\"wp-block-quote is-layout-flow wp-block-quote-is-layout-flow\">\n<p>Quedou moi bonito, conv\u00eddoche a que o vexas nalg\u00fan partido e poder\u00e1s apreciar que \u00e9 un uniforme precioso.<\/p>\n<\/blockquote>\n\n\n\n<p><strong>Do que estou seguro \u00e9 de que esa equipaxe \u00e9 inconfundible<\/strong><\/p>\n\n\n\n<blockquote class=\"wp-block-quote is-layout-flow wp-block-quote-is-layout-flow\">\n<p>Ha ha ha ha..Abof\u00e9 que o \u00e9.<\/p>\n<\/blockquote>\n\n\n\n<p><strong>Es a primeira presidente na historia do equipo de f\u00fatbol da Caniza?<\/strong><\/p>\n\n\n\n<blockquote class=\"wp-block-quote is-layout-flow wp-block-quote-is-layout-flow\">\n<p>Si.<\/p>\n<\/blockquote>\n\n\n\n<p><strong>E iso que sup\u00f3n para ti?<\/strong><\/p>\n\n\n\n<blockquote class=\"wp-block-quote is-layout-flow wp-block-quote-is-layout-flow\">\n<p>Un orgullo enorme e unha responsabilidade inmensa .Este segue sendo un mundo completamente masculinizado e agora estou ben, pero os meus comezos foron moi complicados. A xente non estaba afeita a que unha muller mandara e iso me supuxo ter que pelexar \u00e1s veces con doses de rechazo.<\/p>\n<\/blockquote>\n\n\n\n<p><strong>Nos xogadores e adestradores?<\/strong><\/p>\n\n\n\n<blockquote class=\"wp-block-quote is-layout-flow wp-block-quote-is-layout-flow\">\n<p>Non, sobre todo no p\u00fablico.<\/p>\n<\/blockquote>\n\n\n\n<p><strong>Eu co\u00f1ezo a moitos presidentes do f\u00fatbol modesto, presidentas cont\u00e1ndote a ti s\u00f3 a d\u00faas, e a pr\u00e1ctica totalidade coinciden que non \u00e9 nada f\u00e1cil pois hai que dedicarlle un mont\u00f3n de tempo, de maneira puramente vocacional, tempo que se resta da vida persoal o que inevitablemente causa problemas e conflitos. Ti est\u00e1s de acordo con esta apreciaci\u00f3n?<\/strong><\/p>\n\n\n\n<blockquote class=\"wp-block-quote is-layout-flow wp-block-quote-is-layout-flow\">\n<p>Total e absolutamente de acordo. \u00c9 a realidade do d\u00eda a d\u00eda do f\u00fatbol modesto. Eu boto m\u00e1is horas no campo de f\u00fatbol ca na mi\u00f1a casa.<\/p>\n<\/blockquote>\n\n\n\n<p><strong>Cantos equipos tedes?<\/strong><\/p>\n\n\n\n<blockquote class=\"wp-block-quote is-layout-flow wp-block-quote-is-layout-flow\">\n<p>Temos oito. Todos os equipos de f\u00fatbol base e s\u00e9nior masculino e feminino.<\/p>\n<\/blockquote>\n\n\n\n<p><strong>Cantas persoas practican o f\u00fatbol no voso club?<\/strong><\/p>\n\n\n\n<blockquote class=\"wp-block-quote is-layout-flow wp-block-quote-is-layout-flow\">\n<p>Temos arredor de 200 licencias federativas. Sobre 25 son rapazas e o resto rapaces.<\/p>\n<\/blockquote>\n\n\n\n<p><strong>O equipo feminino canto tempo de vida ten ? E que aceptaci\u00f3n ten no p\u00fablico?<\/strong><\/p>\n\n\n\n<blockquote class=\"wp-block-quote is-layout-flow wp-block-quote-is-layout-flow\">\n<p>Ten arredor de 12 anos de vida e aceptaci\u00f3n ten moita e moi boa. A verdade estou moi satisfeita. N\u00f3s no noso Concello temos a dura competencia do balonm\u00e1n, que como sabes \u00e9 un deporte moi popular na nosa vila, pero a\u00ednda as\u00ed a demanda de mulleres que queren practicar f\u00fatbol con n\u00f3s \u00e9 moi elevada. Tanto \u00e9 as\u00ed que agora mesmo de todas as nosas xogadoras s\u00f3 unha \u00e9 de f\u00f3ra da Ca\u00f1iza.<\/p>\n<\/blockquote>\n\n\n\n<p><strong>Onde xogamos e adestramos?<\/strong><\/p>\n\n\n\n<blockquote class=\"wp-block-quote is-layout-flow wp-block-quote-is-layout-flow\">\n<p>Temos d\u00faas instalaci\u00f3ns municipais. O campo do Vieiro, que \u00e9 de herba natural, e \u00e9 onde xoga o s\u00e9nior masculino, e logo o campo das Augas F\u00e9rreas que \u00e9 onde xogan o resto dos equipos.<\/p>\n<\/blockquote>\n\n\n\n<p><strong>As instalaci\u00f3ns que tal est\u00e1n?<\/strong><\/p>\n\n\n\n<blockquote class=\"wp-block-quote is-layout-flow wp-block-quote-is-layout-flow\">\n<p>Moi mal. O de herba natural ten unha drenaxe moi mala e colle moita auga e o de herba sint\u00e9tica foi colocada no 2088, ten 15 anos xa. As instalaci\u00f3ns est\u00e1n mal porque o goberno municipal non inviste o suficiente para polas ben.<\/p>\n<\/blockquote>\n\n\n\n<p><strong>Como se porta este goberno con v\u00f3s?<\/strong><\/p>\n\n\n\n<blockquote class=\"wp-block-quote is-layout-flow wp-block-quote-is-layout-flow\">\n<p>O comportamento do concello con n\u00f3s \u00e9 moi mellorable. \u00c9 o propio club o que ten que manter limpas as instalaci\u00f3ns.<\/p>\n<\/blockquote>\n\n\n\n<p><strong>O comportamento da anterior administraci\u00f3n tam\u00e9n era malo?<\/strong><\/p>\n\n\n\n<blockquote class=\"wp-block-quote is-layout-flow wp-block-quote-is-layout-flow\">\n<p>O da administraci\u00f3n actual \u00e9 peor.<\/p>\n<\/blockquote>\n\n\n\n<p><strong>Cales son as aspiraci\u00f3ns realistas dos dous equipos s\u00e9nior, o feminino e o masculino, esta temporada?<\/strong><\/p>\n\n\n\n<blockquote class=\"wp-block-quote is-layout-flow wp-block-quote-is-layout-flow\">\n<p>Temos fundadas expectativas en que ambos equipos ascendan. Agardo que poidamos celebrar ambos ascensos cando remate a tempada.<\/p>\n<\/blockquote>\n\n\n\n<p><strong>Rematamos M\u00f3nica. O lugar natural de ambos equipos s\u00e9nior polo volume de poboaci\u00f3n e pola capacidade econ\u00f3mica da Caniza, cal \u00e9?<\/strong><\/p>\n\n\n\n<blockquote class=\"wp-block-quote is-layout-flow wp-block-quote-is-layout-flow\">\n<p>A primeira auton\u00f3mica.<\/p>\n<\/blockquote>\n","protected":false},"excerpt":{"rendered":"<div class=\"mh-excerpt\"><p>Iniciamos unha xeira ,que ter\u00e1 continuidade nas vindeiras Peneiras, sobre os principais equipos de f\u00fatbol da nosa comarca conversando con M\u00f3nica, presidenta do equipo de f\u00fatbol da Caniza, e con Salvador, presidente do equipo de f\u00fatbol de As Neves <a class=\"mh-excerpt-more\" href=\"https:\/\/www.anovapeneira.gal\/index.php\/2023\/12\/15\/o-futbol-modesto-no-condado-paradanta\/\" title=\"O f\u00fatbol modesto no Condado Paradanta\">[&#8230;]<\/a><\/p>\n<\/div>","protected":false},"author":3,"featured_media":10915,"comment_status":"open","ping_status":"open","sticky":false,"template":"","format":"standard","meta":{"_exactmetrics_skip_tracking":false,"_exactmetrics_sitenote_active":false,"_exactmetrics_sitenote_note":"","_exactmetrics_sitenote_category":0,"footnotes":""},"categories":[1387],"tags":[867],"class_list":{"0":"post-10913","1":"post","2":"type-post","3":"status-publish","4":"format-standard","5":"has-post-thumbnail","7":"category-paradanta","8":"tag-concello-da-caniza"},"yoast_head":"<!-- This site is optimized with the Yoast SEO plugin v27.4 - https:\/\/yoast.com\/product\/yoast-seo-wordpress\/ -->\n<title>O f\u00fatbol modesto no Condado Paradanta -<\/title>\n<meta name=\"description\" content=\"Iniciamos unha xeira ,que ter\u00e1 continuidade nas vindeiras Peneiras, sobre os principais equipos de f\u00fatbol da nosa comarca conversando con M\u00f3nica, presidenta do equipo de f\u00fatbol da Caniza, e con Salvador, presidente do equipo de f\u00fatbol de As Neves\" \/>\n<meta name=\"robots\" content=\"index, follow, max-snippet:-1, max-image-preview:large, max-video-preview:-1\" \/>\n<link rel=\"canonical\" href=\"https:\/\/www.anovapeneira.gal\/index.php\/2023\/12\/15\/o-futbol-modesto-no-condado-paradanta\/\" \/>\n<meta property=\"og:locale\" content=\"gl_ES\" \/>\n<meta property=\"og:type\" content=\"article\" \/>\n<meta property=\"og:title\" content=\"O f\u00fatbol modesto no Condado Paradanta -\" \/>\n<meta property=\"og:description\" content=\"Iniciamos unha xeira ,que ter\u00e1 continuidade nas vindeiras Peneiras, sobre os principais equipos de f\u00fatbol da nosa comarca conversando con M\u00f3nica, presidenta do equipo de f\u00fatbol da Caniza, e con Salvador, presidente do equipo de f\u00fatbol de As Neves\" \/>\n<meta property=\"og:url\" content=\"https:\/\/www.anovapeneira.gal\/index.php\/2023\/12\/15\/o-futbol-modesto-no-condado-paradanta\/\" \/>\n<meta property=\"article:publisher\" content=\"https:\/\/www.facebook.com\/anovapeneira\" \/>\n<meta property=\"article:published_time\" content=\"2023-12-15T09:00:31+00:00\" \/>\n<meta property=\"og:image\" content=\"https:\/\/www.anovapeneira.gal\/wp-content\/uploads\/2023\/12\/futbol_caniza.webp\" \/>\n\t<meta property=\"og:image:width\" content=\"720\" \/>\n\t<meta property=\"og:image:height\" content=\"432\" \/>\n\t<meta property=\"og:image:type\" content=\"image\/webp\" \/>\n<meta name=\"author\" content=\"Redacci\u00f3n A Nova Peneira\" \/>\n<meta name=\"twitter:card\" content=\"summary_large_image\" \/>\n<meta name=\"twitter:creator\" content=\"@APeneira\" \/>\n<meta name=\"twitter:site\" content=\"@APeneira\" \/>\n<meta name=\"twitter:label1\" content=\"Escrito por\" \/>\n\t<meta name=\"twitter:data1\" content=\"Redacci\u00f3n A Nova Peneira\" \/>\n\t<meta name=\"twitter:label2\" content=\"Tempo de lectura\" \/>\n\t<meta name=\"twitter:data2\" content=\"3 minutos\" \/>\n<script type=\"application\/ld+json\" class=\"yoast-schema-graph\">{\"@context\":\"https:\\\/\\\/schema.org\",\"@graph\":[{\"@type\":\"Article\",\"@id\":\"https:\\\/\\\/www.anovapeneira.gal\\\/index.php\\\/2023\\\/12\\\/15\\\/o-futbol-modesto-no-condado-paradanta\\\/#article\",\"isPartOf\":{\"@id\":\"https:\\\/\\\/www.anovapeneira.gal\\\/index.php\\\/2023\\\/12\\\/15\\\/o-futbol-modesto-no-condado-paradanta\\\/\"},\"author\":{\"name\":\"Redacci\u00f3n A Nova Peneira\",\"@id\":\"https:\\\/\\\/www.anovapeneira.gal\\\/#\\\/schema\\\/person\\\/b93e3f8932e3f8da96334607eb6ac6aa\"},\"headline\":\"O f\u00fatbol modesto no Condado Paradanta\",\"datePublished\":\"2023-12-15T09:00:31+00:00\",\"mainEntityOfPage\":{\"@id\":\"https:\\\/\\\/www.anovapeneira.gal\\\/index.php\\\/2023\\\/12\\\/15\\\/o-futbol-modesto-no-condado-paradanta\\\/\"},\"wordCount\":956,\"commentCount\":0,\"publisher\":{\"@id\":\"https:\\\/\\\/www.anovapeneira.gal\\\/#organization\"},\"image\":{\"@id\":\"https:\\\/\\\/www.anovapeneira.gal\\\/index.php\\\/2023\\\/12\\\/15\\\/o-futbol-modesto-no-condado-paradanta\\\/#primaryimage\"},\"thumbnailUrl\":\"https:\\\/\\\/www.anovapeneira.gal\\\/wp-content\\\/uploads\\\/2023\\\/12\\\/futbol_caniza.webp\",\"keywords\":[\"Concello da Ca\u00f1iza\"],\"articleSection\":[\"Paradanta\"],\"inLanguage\":\"gl-ES\",\"potentialAction\":[{\"@type\":\"CommentAction\",\"name\":\"Comment\",\"target\":[\"https:\\\/\\\/www.anovapeneira.gal\\\/index.php\\\/2023\\\/12\\\/15\\\/o-futbol-modesto-no-condado-paradanta\\\/#respond\"]}]},{\"@type\":\"WebPage\",\"@id\":\"https:\\\/\\\/www.anovapeneira.gal\\\/index.php\\\/2023\\\/12\\\/15\\\/o-futbol-modesto-no-condado-paradanta\\\/\",\"url\":\"https:\\\/\\\/www.anovapeneira.gal\\\/index.php\\\/2023\\\/12\\\/15\\\/o-futbol-modesto-no-condado-paradanta\\\/\",\"name\":\"O f\u00fatbol modesto no Condado Paradanta -\",\"isPartOf\":{\"@id\":\"https:\\\/\\\/www.anovapeneira.gal\\\/#website\"},\"primaryImageOfPage\":{\"@id\":\"https:\\\/\\\/www.anovapeneira.gal\\\/index.php\\\/2023\\\/12\\\/15\\\/o-futbol-modesto-no-condado-paradanta\\\/#primaryimage\"},\"image\":{\"@id\":\"https:\\\/\\\/www.anovapeneira.gal\\\/index.php\\\/2023\\\/12\\\/15\\\/o-futbol-modesto-no-condado-paradanta\\\/#primaryimage\"},\"thumbnailUrl\":\"https:\\\/\\\/www.anovapeneira.gal\\\/wp-content\\\/uploads\\\/2023\\\/12\\\/futbol_caniza.webp\",\"datePublished\":\"2023-12-15T09:00:31+00:00\",\"description\":\"Iniciamos unha xeira ,que ter\u00e1 continuidade nas vindeiras Peneiras, sobre os principais equipos de f\u00fatbol da nosa comarca conversando con M\u00f3nica, presidenta do equipo de f\u00fatbol da Caniza, e con Salvador, presidente do equipo de f\u00fatbol de As Neves\",\"breadcrumb\":{\"@id\":\"https:\\\/\\\/www.anovapeneira.gal\\\/index.php\\\/2023\\\/12\\\/15\\\/o-futbol-modesto-no-condado-paradanta\\\/#breadcrumb\"},\"inLanguage\":\"gl-ES\",\"potentialAction\":[{\"@type\":\"ReadAction\",\"target\":[\"https:\\\/\\\/www.anovapeneira.gal\\\/index.php\\\/2023\\\/12\\\/15\\\/o-futbol-modesto-no-condado-paradanta\\\/\"]}]},{\"@type\":\"ImageObject\",\"inLanguage\":\"gl-ES\",\"@id\":\"https:\\\/\\\/www.anovapeneira.gal\\\/index.php\\\/2023\\\/12\\\/15\\\/o-futbol-modesto-no-condado-paradanta\\\/#primaryimage\",\"url\":\"https:\\\/\\\/www.anovapeneira.gal\\\/wp-content\\\/uploads\\\/2023\\\/12\\\/futbol_caniza.webp\",\"contentUrl\":\"https:\\\/\\\/www.anovapeneira.gal\\\/wp-content\\\/uploads\\\/2023\\\/12\\\/futbol_caniza.webp\",\"width\":720,\"height\":432,\"caption\":\"presidenta do CF Ca\u00f1iza\"},{\"@type\":\"BreadcrumbList\",\"@id\":\"https:\\\/\\\/www.anovapeneira.gal\\\/index.php\\\/2023\\\/12\\\/15\\\/o-futbol-modesto-no-condado-paradanta\\\/#breadcrumb\",\"itemListElement\":[{\"@type\":\"ListItem\",\"position\":1,\"name\":\"Portada\",\"item\":\"https:\\\/\\\/www.anovapeneira.gal\\\/\"},{\"@type\":\"ListItem\",\"position\":2,\"name\":\"O f\u00fatbol modesto no Condado Paradanta\"}]},{\"@type\":\"WebSite\",\"@id\":\"https:\\\/\\\/www.anovapeneira.gal\\\/#website\",\"url\":\"https:\\\/\\\/www.anovapeneira.gal\\\/\",\"name\":\"\",\"description\":\"Xornal galego de informaci\u00f3n xeral Publicaci\u00f3n mensual de novas de Galicia e en especial dos Concellos da sur da provincia de Pontevedra.\",\"publisher\":{\"@id\":\"https:\\\/\\\/www.anovapeneira.gal\\\/#organization\"},\"potentialAction\":[{\"@type\":\"SearchAction\",\"target\":{\"@type\":\"EntryPoint\",\"urlTemplate\":\"https:\\\/\\\/www.anovapeneira.gal\\\/?s={search_term_string}\"},\"query-input\":{\"@type\":\"PropertyValueSpecification\",\"valueRequired\":true,\"valueName\":\"search_term_string\"}}],\"inLanguage\":\"gl-ES\"},{\"@type\":\"Organization\",\"@id\":\"https:\\\/\\\/www.anovapeneira.gal\\\/#organization\",\"name\":\"A Nova Peneira\",\"url\":\"https:\\\/\\\/www.anovapeneira.gal\\\/\",\"logo\":{\"@type\":\"ImageObject\",\"inLanguage\":\"gl-ES\",\"@id\":\"https:\\\/\\\/www.anovapeneira.gal\\\/#\\\/schema\\\/logo\\\/image\\\/\",\"url\":\"http:\\\/\\\/www.anovapeneira.gal\\\/wp-content\\\/uploads\\\/2019\\\/06\\\/logo_a_nova_peneira_portal_web.png\",\"contentUrl\":\"http:\\\/\\\/www.anovapeneira.gal\\\/wp-content\\\/uploads\\\/2019\\\/06\\\/logo_a_nova_peneira_portal_web.png\",\"width\":300,\"height\":100,\"caption\":\"A Nova Peneira\"},\"image\":{\"@id\":\"https:\\\/\\\/www.anovapeneira.gal\\\/#\\\/schema\\\/logo\\\/image\\\/\"},\"sameAs\":[\"https:\\\/\\\/www.facebook.com\\\/anovapeneira\",\"https:\\\/\\\/x.com\\\/APeneira\"]},{\"@type\":\"Person\",\"@id\":\"https:\\\/\\\/www.anovapeneira.gal\\\/#\\\/schema\\\/person\\\/b93e3f8932e3f8da96334607eb6ac6aa\",\"name\":\"Redacci\u00f3n A Nova Peneira\",\"image\":{\"@type\":\"ImageObject\",\"inLanguage\":\"gl-ES\",\"@id\":\"https:\\\/\\\/secure.gravatar.com\\\/avatar\\\/c052a2551a06e23fac63626232eaa90abd78dbcf1700fc46a2b2c89fd27b735f?s=96&d=mm&r=g\",\"url\":\"https:\\\/\\\/secure.gravatar.com\\\/avatar\\\/c052a2551a06e23fac63626232eaa90abd78dbcf1700fc46a2b2c89fd27b735f?s=96&d=mm&r=g\",\"contentUrl\":\"https:\\\/\\\/secure.gravatar.com\\\/avatar\\\/c052a2551a06e23fac63626232eaa90abd78dbcf1700fc46a2b2c89fd27b735f?s=96&d=mm&r=g\",\"caption\":\"Redacci\u00f3n A Nova Peneira\"},\"sameAs\":[\"http:\\\/\\\/www.anovapeneira.gal\\\/\"],\"url\":\"https:\\\/\\\/www.anovapeneira.gal\\\/index.php\\\/author\\\/redactor\\\/\"}]}<\/script>\n<!-- \/ Yoast SEO plugin. -->","yoast_head_json":{"title":"O f\u00fatbol modesto no Condado Paradanta -","description":"Iniciamos unha xeira ,que ter\u00e1 continuidade nas vindeiras Peneiras, sobre os principais equipos de f\u00fatbol da nosa comarca conversando con M\u00f3nica, presidenta do equipo de f\u00fatbol da Caniza, e con Salvador, presidente do equipo de f\u00fatbol de As Neves","robots":{"index":"index","follow":"follow","max-snippet":"max-snippet:-1","max-image-preview":"max-image-preview:large","max-video-preview":"max-video-preview:-1"},"canonical":"https:\/\/www.anovapeneira.gal\/index.php\/2023\/12\/15\/o-futbol-modesto-no-condado-paradanta\/","og_locale":"gl_ES","og_type":"article","og_title":"O f\u00fatbol modesto no Condado Paradanta -","og_description":"Iniciamos unha xeira ,que ter\u00e1 continuidade nas vindeiras Peneiras, sobre os principais equipos de f\u00fatbol da nosa comarca conversando con M\u00f3nica, presidenta do equipo de f\u00fatbol da Caniza, e con Salvador, presidente do equipo de f\u00fatbol de As Neves","og_url":"https:\/\/www.anovapeneira.gal\/index.php\/2023\/12\/15\/o-futbol-modesto-no-condado-paradanta\/","article_publisher":"https:\/\/www.facebook.com\/anovapeneira","article_published_time":"2023-12-15T09:00:31+00:00","og_image":[{"width":720,"height":432,"url":"https:\/\/www.anovapeneira.gal\/wp-content\/uploads\/2023\/12\/futbol_caniza.webp","type":"image\/webp"}],"author":"Redacci\u00f3n A Nova Peneira","twitter_card":"summary_large_image","twitter_creator":"@APeneira","twitter_site":"@APeneira","twitter_misc":{"Escrito por":"Redacci\u00f3n A Nova Peneira","Tempo de lectura":"3 minutos"},"schema":{"@context":"https:\/\/schema.org","@graph":[{"@type":"Article","@id":"https:\/\/www.anovapeneira.gal\/index.php\/2023\/12\/15\/o-futbol-modesto-no-condado-paradanta\/#article","isPartOf":{"@id":"https:\/\/www.anovapeneira.gal\/index.php\/2023\/12\/15\/o-futbol-modesto-no-condado-paradanta\/"},"author":{"name":"Redacci\u00f3n A Nova Peneira","@id":"https:\/\/www.anovapeneira.gal\/#\/schema\/person\/b93e3f8932e3f8da96334607eb6ac6aa"},"headline":"O f\u00fatbol modesto no Condado Paradanta","datePublished":"2023-12-15T09:00:31+00:00","mainEntityOfPage":{"@id":"https:\/\/www.anovapeneira.gal\/index.php\/2023\/12\/15\/o-futbol-modesto-no-condado-paradanta\/"},"wordCount":956,"commentCount":0,"publisher":{"@id":"https:\/\/www.anovapeneira.gal\/#organization"},"image":{"@id":"https:\/\/www.anovapeneira.gal\/index.php\/2023\/12\/15\/o-futbol-modesto-no-condado-paradanta\/#primaryimage"},"thumbnailUrl":"https:\/\/www.anovapeneira.gal\/wp-content\/uploads\/2023\/12\/futbol_caniza.webp","keywords":["Concello da Ca\u00f1iza"],"articleSection":["Paradanta"],"inLanguage":"gl-ES","potentialAction":[{"@type":"CommentAction","name":"Comment","target":["https:\/\/www.anovapeneira.gal\/index.php\/2023\/12\/15\/o-futbol-modesto-no-condado-paradanta\/#respond"]}]},{"@type":"WebPage","@id":"https:\/\/www.anovapeneira.gal\/index.php\/2023\/12\/15\/o-futbol-modesto-no-condado-paradanta\/","url":"https:\/\/www.anovapeneira.gal\/index.php\/2023\/12\/15\/o-futbol-modesto-no-condado-paradanta\/","name":"O f\u00fatbol modesto no Condado Paradanta -","isPartOf":{"@id":"https:\/\/www.anovapeneira.gal\/#website"},"primaryImageOfPage":{"@id":"https:\/\/www.anovapeneira.gal\/index.php\/2023\/12\/15\/o-futbol-modesto-no-condado-paradanta\/#primaryimage"},"image":{"@id":"https:\/\/www.anovapeneira.gal\/index.php\/2023\/12\/15\/o-futbol-modesto-no-condado-paradanta\/#primaryimage"},"thumbnailUrl":"https:\/\/www.anovapeneira.gal\/wp-content\/uploads\/2023\/12\/futbol_caniza.webp","datePublished":"2023-12-15T09:00:31+00:00","description":"Iniciamos unha xeira ,que ter\u00e1 continuidade nas vindeiras Peneiras, sobre os principais equipos de f\u00fatbol da nosa comarca conversando con M\u00f3nica, presidenta do equipo de f\u00fatbol da Caniza, e con Salvador, presidente do equipo de f\u00fatbol de As Neves","breadcrumb":{"@id":"https:\/\/www.anovapeneira.gal\/index.php\/2023\/12\/15\/o-futbol-modesto-no-condado-paradanta\/#breadcrumb"},"inLanguage":"gl-ES","potentialAction":[{"@type":"ReadAction","target":["https:\/\/www.anovapeneira.gal\/index.php\/2023\/12\/15\/o-futbol-modesto-no-condado-paradanta\/"]}]},{"@type":"ImageObject","inLanguage":"gl-ES","@id":"https:\/\/www.anovapeneira.gal\/index.php\/2023\/12\/15\/o-futbol-modesto-no-condado-paradanta\/#primaryimage","url":"https:\/\/www.anovapeneira.gal\/wp-content\/uploads\/2023\/12\/futbol_caniza.webp","contentUrl":"https:\/\/www.anovapeneira.gal\/wp-content\/uploads\/2023\/12\/futbol_caniza.webp","width":720,"height":432,"caption":"presidenta do CF Ca\u00f1iza"},{"@type":"BreadcrumbList","@id":"https:\/\/www.anovapeneira.gal\/index.php\/2023\/12\/15\/o-futbol-modesto-no-condado-paradanta\/#breadcrumb","itemListElement":[{"@type":"ListItem","position":1,"name":"Portada","item":"https:\/\/www.anovapeneira.gal\/"},{"@type":"ListItem","position":2,"name":"O f\u00fatbol modesto no Condado Paradanta"}]},{"@type":"WebSite","@id":"https:\/\/www.anovapeneira.gal\/#website","url":"https:\/\/www.anovapeneira.gal\/","name":"","description":"Xornal galego de informaci\u00f3n xeral Publicaci\u00f3n mensual de novas de Galicia e en especial dos Concellos da sur da provincia de Pontevedra.","publisher":{"@id":"https:\/\/www.anovapeneira.gal\/#organization"},"potentialAction":[{"@type":"SearchAction","target":{"@type":"EntryPoint","urlTemplate":"https:\/\/www.anovapeneira.gal\/?s={search_term_string}"},"query-input":{"@type":"PropertyValueSpecification","valueRequired":true,"valueName":"search_term_string"}}],"inLanguage":"gl-ES"},{"@type":"Organization","@id":"https:\/\/www.anovapeneira.gal\/#organization","name":"A Nova Peneira","url":"https:\/\/www.anovapeneira.gal\/","logo":{"@type":"ImageObject","inLanguage":"gl-ES","@id":"https:\/\/www.anovapeneira.gal\/#\/schema\/logo\/image\/","url":"http:\/\/www.anovapeneira.gal\/wp-content\/uploads\/2019\/06\/logo_a_nova_peneira_portal_web.png","contentUrl":"http:\/\/www.anovapeneira.gal\/wp-content\/uploads\/2019\/06\/logo_a_nova_peneira_portal_web.png","width":300,"height":100,"caption":"A Nova Peneira"},"image":{"@id":"https:\/\/www.anovapeneira.gal\/#\/schema\/logo\/image\/"},"sameAs":["https:\/\/www.facebook.com\/anovapeneira","https:\/\/x.com\/APeneira"]},{"@type":"Person","@id":"https:\/\/www.anovapeneira.gal\/#\/schema\/person\/b93e3f8932e3f8da96334607eb6ac6aa","name":"Redacci\u00f3n A Nova Peneira","image":{"@type":"ImageObject","inLanguage":"gl-ES","@id":"https:\/\/secure.gravatar.com\/avatar\/c052a2551a06e23fac63626232eaa90abd78dbcf1700fc46a2b2c89fd27b735f?s=96&d=mm&r=g","url":"https:\/\/secure.gravatar.com\/avatar\/c052a2551a06e23fac63626232eaa90abd78dbcf1700fc46a2b2c89fd27b735f?s=96&d=mm&r=g","contentUrl":"https:\/\/secure.gravatar.com\/avatar\/c052a2551a06e23fac63626232eaa90abd78dbcf1700fc46a2b2c89fd27b735f?s=96&d=mm&r=g","caption":"Redacci\u00f3n A Nova Peneira"},"sameAs":["http:\/\/www.anovapeneira.gal\/"],"url":"https:\/\/www.anovapeneira.gal\/index.php\/author\/redactor\/"}]}},"jetpack_featured_media_url":"https:\/\/www.anovapeneira.gal\/wp-content\/uploads\/2023\/12\/futbol_caniza.webp","_links":{"self":[{"href":"https:\/\/www.anovapeneira.gal\/index.php\/wp-json\/wp\/v2\/posts\/10913","targetHints":{"allow":["GET"]}}],"collection":[{"href":"https:\/\/www.anovapeneira.gal\/index.php\/wp-json\/wp\/v2\/posts"}],"about":[{"href":"https:\/\/www.anovapeneira.gal\/index.php\/wp-json\/wp\/v2\/types\/post"}],"author":[{"embeddable":true,"href":"https:\/\/www.anovapeneira.gal\/index.php\/wp-json\/wp\/v2\/users\/3"}],"replies":[{"embeddable":true,"href":"https:\/\/www.anovapeneira.gal\/index.php\/wp-json\/wp\/v2\/comments?post=10913"}],"version-history":[{"count":1,"href":"https:\/\/www.anovapeneira.gal\/index.php\/wp-json\/wp\/v2\/posts\/10913\/revisions"}],"predecessor-version":[{"id":10914,"href":"https:\/\/www.anovapeneira.gal\/index.php\/wp-json\/wp\/v2\/posts\/10913\/revisions\/10914"}],"wp:featuredmedia":[{"embeddable":true,"href":"https:\/\/www.anovapeneira.gal\/index.php\/wp-json\/wp\/v2\/media\/10915"}],"wp:attachment":[{"href":"https:\/\/www.anovapeneira.gal\/index.php\/wp-json\/wp\/v2\/media?parent=10913"}],"wp:term":[{"taxonomy":"category","embeddable":true,"href":"https:\/\/www.anovapeneira.gal\/index.php\/wp-json\/wp\/v2\/categories?post=10913"},{"taxonomy":"post_tag","embeddable":true,"href":"https:\/\/www.anovapeneira.gal\/index.php\/wp-json\/wp\/v2\/tags?post=10913"}],"curies":[{"name":"wp","href":"https:\/\/api.w.org\/{rel}","templated":true}]}}