{"id":1092,"date":"2019-08-28T14:00:32","date_gmt":"2019-08-28T12:00:32","guid":{"rendered":"http:\/\/www.anovapeneira.gal\/?p=1092"},"modified":"2019-12-23T12:24:59","modified_gmt":"2019-12-23T11:24:59","slug":"para-que-serve-unha-maioria-absoluta","status":"publish","type":"post","link":"https:\/\/www.anovapeneira.gal\/index.php\/2019\/08\/28\/para-que-serve-unha-maioria-absoluta\/","title":{"rendered":"Para que serve unha maior\u00eda absoluta?"},"content":{"rendered":"\n<figure class=\"wp-block-image is-resized\"><img loading=\"lazy\" decoding=\"async\" src=\"http:\/\/www.anovapeneira.gal\/wp-content\/uploads\/2019\/08\/xabi_nigran_a_nova_peneira.jpg\" alt=\"Xabier Rodr\u00edguez BNG de Nigr\u00e1n A Nova Peneira\" class=\"wp-image-1093\" width=\"95\" height=\"111\"\/><figcaption>Xavier Rodr\u00edguez BNG de Nigr\u00e1n<\/figcaption><\/figure>\n\n\n\n<p>Despois\ndo extraordinario caudal de apoio acadado polo partido\nsocialista nas pasadas elecci\u00f3ns municipais, non tardamos en ver a\nconcreci\u00f3n pr\u00e1ctica de obter unha maior\u00eda absoluta. Realizados os\nplenos de organizaci\u00f3n dos concellos, inmediatamente modificaron o\nr\u00e9xime de sesi\u00f3ns e retribuci\u00f3ns dos \u00f3rganos de goberno en tres\nsentidos, subir os soldos, incrementar o n\u00famero dos mesmos e reducir\na transparencia.<\/p>\n\n\n\n<p>En\nNigr\u00e1n, iso significa que das 3 persoas que no mandato anterior\nti\u00f1an dedicaci\u00f3n exclusiva con cargo ao presuposto local pasouse a\n7, \u00e1s que hai que engadir \u00e1 concelleira de\nfacenda que percibir\u00e1 a s\u00faa retribuci\u00f3n da Deputaci\u00f3n Provincial.<\/p>\n\n\n\n<p>En\ntotal 8 dos concelleiros socialistas disp\u00f3n\nde dedicaci\u00f3n exclusiva ou parcial para exercer a s\u00faa labor, o que\nunido ao importante incremento tam\u00e9n rexistrado nos emolumentos do\npersoal de confianza, sup\u00f3n duplicar o gasto destinado ao goberno\nmunicipal.<\/p>\n\n\n\n<p>Pero por se non fose\nsuficiente multiplicar o persoal a soldo do concello, estes tam\u00e9n se\nven incrementados, pasando as dedicaci\u00f3ns exclusivas de 33.000 a\n36.000 euros e aumentando un 33% as retribuci\u00f3ns do persoal de\nconfianza.<\/p>\n\n\n\n<p>Ben\npoderiamos resumir esta primeira decisi\u00f3n do Pleno de Organizaci\u00f3n\nde Nigr\u00e1n co lema de \u201cSoldos para Todos!\u201d.<\/p>\n\n\n\n<p>\tPor\noutra banda, a desaparici\u00f3n do BNG da Corporaci\u00f3n xa ten tam\u00e9n\nunha primeira consecuencia, o cambio no n\u00famero de membros das\nComisi\u00f3ns Informativas, que pasan de ser de un representante por\ngrupo con voto ponderado, ao adoptarse o sistema que eu mesmo\npropuxera no pasado mandato, a ter 5 membros do\nPSOE e un do PP, que ver\u00e1n as\u00ed mesmo como se incrementa 25 euros a\ndieta por asistir \u00e1s mesmas ata alcanzar os 150 euros.<\/p>\n\n\n\n<p>Te\u00f1o que sinalar que\nunha das cousas que me pareceron m\u00e1is vergo\u00f1entas da pol\u00edtica\nlocal cando acced\u00edn ao concello foi precisamente esta articulaci\u00f3n\ndas comisi\u00f3ns. Sent\u00e1bame eu daquela con 5 concelleiros do PP e 3\nsocialistas e as reuni\u00f3ns transcorr\u00edan, as m\u00e1is das veces, co\nseguinte patr\u00f3n. Tras unha sucinta exposici\u00f3n do propo\u00f1ente do\nasunto, a maior\u00eda das veces o alcalde, suced\u00eda unha inusitada (por\ninfrecuente ata ese momento) intervenci\u00f3n mi\u00f1a na que pretend\u00eda\nfacer unha m\u00ednima discusi\u00f3n do punto. Normalmente era seguida da do\nPartido Socialista que frecuentemente consist\u00eda en \u201cnosotros nos\nabstenemos\u201d por toda argumentaci\u00f3n. Daquela eran 125 euros de\ndieta por asistencia as\u00ed que botade contas. 600 euros que recib\u00edan\nos concelleiros do PP por apenas expo\u00f1er o asunto o alcalde e 375 os\ndo PSOE por dicir: nosotros nos abstenemos. Ou sexa, unha dieta de\n125 euros por palabra.<\/p>\n\n\n\n<p>Pois\nben, ese \u00e9 o sistema que Juan Gonz\u00e1lez recupera.<\/p>\n\n\n\n<p>Por se isto non fora pouco sinalar a incoherencia no cambio de hora das sesi\u00f3ns plenarias, pois despois de ter criticado abertamente no 2011 a Alberto Valverde por facelas en horario matutino argumentando que imped\u00eda que os veci\u00f1os puideran acudir aos plenos, agora, ao calor da maior\u00eda absoluta, a Juan Gonz\u00e1lez xa non lle parece unha prioridade facilitar a asistencia e pasan a ser \u00e1s doce da ma\u00f1\u00e1.<\/p>\n","protected":false},"excerpt":{"rendered":"<div class=\"mh-excerpt\"><p>Despois do extraordinario caudal de apoio acadado polo partido socialista nas pasadas elecci\u00f3ns municipais, non tardamos en ver a concreci\u00f3n pr\u00e1ctica de obter unha maior\u00eda absoluta <a class=\"mh-excerpt-more\" href=\"https:\/\/www.anovapeneira.gal\/index.php\/2019\/08\/28\/para-que-serve-unha-maioria-absoluta\/\" title=\"Para que serve unha maior\u00eda absoluta?\">[&#8230;]<\/a><\/p>\n<\/div>","protected":false},"author":16,"featured_media":584,"comment_status":"open","ping_status":"open","sticky":false,"template":"","format":"standard","meta":{"_exactmetrics_skip_tracking":false,"_exactmetrics_sitenote_active":false,"_exactmetrics_sitenote_note":"","_exactmetrics_sitenote_category":0,"footnotes":""},"categories":[7],"tags":[10,135,12],"class_list":{"0":"post-1092","1":"post","2":"type-post","3":"status-publish","4":"format-standard","5":"has-post-thumbnail","7":"category-artigos-de-opinion","8":"tag-bng","9":"tag-concello-de-nigran","10":"tag-politica"},"yoast_head":"<!-- This site is optimized with the Yoast SEO plugin v27.4 - https:\/\/yoast.com\/product\/yoast-seo-wordpress\/ -->\n<title>Para que serve unha maior\u00eda absoluta? -<\/title>\n<meta name=\"robots\" content=\"index, follow, max-snippet:-1, max-image-preview:large, max-video-preview:-1\" \/>\n<link rel=\"canonical\" href=\"https:\/\/www.anovapeneira.gal\/index.php\/2019\/08\/28\/para-que-serve-unha-maioria-absoluta\/\" \/>\n<meta property=\"og:locale\" content=\"gl_ES\" \/>\n<meta property=\"og:type\" content=\"article\" \/>\n<meta property=\"og:title\" content=\"Para que serve unha maior\u00eda absoluta? -\" \/>\n<meta property=\"og:description\" content=\"Despois do extraordinario caudal de apoio acadado polo partido socialista nas pasadas elecci\u00f3ns municipais, non tardamos en ver a concreci\u00f3n pr\u00e1ctica de obter unha maior\u00eda absoluta [...]\" \/>\n<meta property=\"og:url\" content=\"https:\/\/www.anovapeneira.gal\/index.php\/2019\/08\/28\/para-que-serve-unha-maioria-absoluta\/\" \/>\n<meta property=\"article:publisher\" content=\"https:\/\/www.facebook.com\/anovapeneira\" \/>\n<meta property=\"article:published_time\" content=\"2019-08-28T12:00:32+00:00\" \/>\n<meta property=\"article:modified_time\" content=\"2019-12-23T11:24:59+00:00\" \/>\n<meta property=\"og:image\" content=\"https:\/\/www.anovapeneira.gal\/wp-content\/uploads\/2019\/07\/ARTIGO_DE_OPINION_A_NOVA_PENEIRA.jpg\" \/>\n\t<meta property=\"og:image:width\" content=\"720\" \/>\n\t<meta property=\"og:image:height\" content=\"473\" \/>\n\t<meta property=\"og:image:type\" content=\"image\/jpeg\" \/>\n<meta name=\"author\" content=\"Xavier Rodr\u00edguez\" \/>\n<meta name=\"twitter:card\" content=\"summary_large_image\" \/>\n<meta name=\"twitter:creator\" content=\"@APeneira\" \/>\n<meta name=\"twitter:site\" content=\"@APeneira\" \/>\n<meta name=\"twitter:label1\" content=\"Escrito por\" \/>\n\t<meta name=\"twitter:data1\" content=\"Xavier Rodr\u00edguez\" \/>\n\t<meta name=\"twitter:label2\" content=\"Tempo de lectura\" \/>\n\t<meta name=\"twitter:data2\" content=\"3 minutos\" \/>\n<script type=\"application\/ld+json\" class=\"yoast-schema-graph\">{\"@context\":\"https:\\\/\\\/schema.org\",\"@graph\":[{\"@type\":\"Article\",\"@id\":\"https:\\\/\\\/www.anovapeneira.gal\\\/index.php\\\/2019\\\/08\\\/28\\\/para-que-serve-unha-maioria-absoluta\\\/#article\",\"isPartOf\":{\"@id\":\"https:\\\/\\\/www.anovapeneira.gal\\\/index.php\\\/2019\\\/08\\\/28\\\/para-que-serve-unha-maioria-absoluta\\\/\"},\"author\":{\"name\":\"Xavier Rodr\u00edguez\",\"@id\":\"https:\\\/\\\/www.anovapeneira.gal\\\/#\\\/schema\\\/person\\\/e598b63030664c413236c3f685e56918\"},\"headline\":\"Para que serve unha maior\u00eda absoluta?\",\"datePublished\":\"2019-08-28T12:00:32+00:00\",\"dateModified\":\"2019-12-23T11:24:59+00:00\",\"mainEntityOfPage\":{\"@id\":\"https:\\\/\\\/www.anovapeneira.gal\\\/index.php\\\/2019\\\/08\\\/28\\\/para-que-serve-unha-maioria-absoluta\\\/\"},\"wordCount\":551,\"commentCount\":0,\"publisher\":{\"@id\":\"https:\\\/\\\/www.anovapeneira.gal\\\/#organization\"},\"image\":{\"@id\":\"https:\\\/\\\/www.anovapeneira.gal\\\/index.php\\\/2019\\\/08\\\/28\\\/para-que-serve-unha-maioria-absoluta\\\/#primaryimage\"},\"thumbnailUrl\":\"https:\\\/\\\/www.anovapeneira.gal\\\/wp-content\\\/uploads\\\/2019\\\/07\\\/ARTIGO_DE_OPINION_A_NOVA_PENEIRA.jpg\",\"keywords\":[\"BNG\",\"Concello de Nigr\u00e1n\",\"Pol\u00edtica\"],\"articleSection\":[\"Artigos de opini\u00f3n\"],\"inLanguage\":\"gl-ES\",\"potentialAction\":[{\"@type\":\"CommentAction\",\"name\":\"Comment\",\"target\":[\"https:\\\/\\\/www.anovapeneira.gal\\\/index.php\\\/2019\\\/08\\\/28\\\/para-que-serve-unha-maioria-absoluta\\\/#respond\"]}]},{\"@type\":\"WebPage\",\"@id\":\"https:\\\/\\\/www.anovapeneira.gal\\\/index.php\\\/2019\\\/08\\\/28\\\/para-que-serve-unha-maioria-absoluta\\\/\",\"url\":\"https:\\\/\\\/www.anovapeneira.gal\\\/index.php\\\/2019\\\/08\\\/28\\\/para-que-serve-unha-maioria-absoluta\\\/\",\"name\":\"Para que serve unha maior\u00eda absoluta? -\",\"isPartOf\":{\"@id\":\"https:\\\/\\\/www.anovapeneira.gal\\\/#website\"},\"primaryImageOfPage\":{\"@id\":\"https:\\\/\\\/www.anovapeneira.gal\\\/index.php\\\/2019\\\/08\\\/28\\\/para-que-serve-unha-maioria-absoluta\\\/#primaryimage\"},\"image\":{\"@id\":\"https:\\\/\\\/www.anovapeneira.gal\\\/index.php\\\/2019\\\/08\\\/28\\\/para-que-serve-unha-maioria-absoluta\\\/#primaryimage\"},\"thumbnailUrl\":\"https:\\\/\\\/www.anovapeneira.gal\\\/wp-content\\\/uploads\\\/2019\\\/07\\\/ARTIGO_DE_OPINION_A_NOVA_PENEIRA.jpg\",\"datePublished\":\"2019-08-28T12:00:32+00:00\",\"dateModified\":\"2019-12-23T11:24:59+00:00\",\"breadcrumb\":{\"@id\":\"https:\\\/\\\/www.anovapeneira.gal\\\/index.php\\\/2019\\\/08\\\/28\\\/para-que-serve-unha-maioria-absoluta\\\/#breadcrumb\"},\"inLanguage\":\"gl-ES\",\"potentialAction\":[{\"@type\":\"ReadAction\",\"target\":[\"https:\\\/\\\/www.anovapeneira.gal\\\/index.php\\\/2019\\\/08\\\/28\\\/para-que-serve-unha-maioria-absoluta\\\/\"]}]},{\"@type\":\"ImageObject\",\"inLanguage\":\"gl-ES\",\"@id\":\"https:\\\/\\\/www.anovapeneira.gal\\\/index.php\\\/2019\\\/08\\\/28\\\/para-que-serve-unha-maioria-absoluta\\\/#primaryimage\",\"url\":\"https:\\\/\\\/www.anovapeneira.gal\\\/wp-content\\\/uploads\\\/2019\\\/07\\\/ARTIGO_DE_OPINION_A_NOVA_PENEIRA.jpg\",\"contentUrl\":\"https:\\\/\\\/www.anovapeneira.gal\\\/wp-content\\\/uploads\\\/2019\\\/07\\\/ARTIGO_DE_OPINION_A_NOVA_PENEIRA.jpg\",\"width\":720,\"height\":473,\"caption\":\"Artigo de opini\u00f3n A Nova Peneira\"},{\"@type\":\"BreadcrumbList\",\"@id\":\"https:\\\/\\\/www.anovapeneira.gal\\\/index.php\\\/2019\\\/08\\\/28\\\/para-que-serve-unha-maioria-absoluta\\\/#breadcrumb\",\"itemListElement\":[{\"@type\":\"ListItem\",\"position\":1,\"name\":\"Portada\",\"item\":\"https:\\\/\\\/www.anovapeneira.gal\\\/\"},{\"@type\":\"ListItem\",\"position\":2,\"name\":\"Para que serve unha maior\u00eda absoluta?\"}]},{\"@type\":\"WebSite\",\"@id\":\"https:\\\/\\\/www.anovapeneira.gal\\\/#website\",\"url\":\"https:\\\/\\\/www.anovapeneira.gal\\\/\",\"name\":\"\",\"description\":\"Xornal galego de informaci\u00f3n xeral Publicaci\u00f3n mensual de novas de Galicia e en especial dos Concellos da sur da provincia de Pontevedra.\",\"publisher\":{\"@id\":\"https:\\\/\\\/www.anovapeneira.gal\\\/#organization\"},\"potentialAction\":[{\"@type\":\"SearchAction\",\"target\":{\"@type\":\"EntryPoint\",\"urlTemplate\":\"https:\\\/\\\/www.anovapeneira.gal\\\/?s={search_term_string}\"},\"query-input\":{\"@type\":\"PropertyValueSpecification\",\"valueRequired\":true,\"valueName\":\"search_term_string\"}}],\"inLanguage\":\"gl-ES\"},{\"@type\":\"Organization\",\"@id\":\"https:\\\/\\\/www.anovapeneira.gal\\\/#organization\",\"name\":\"A Nova Peneira\",\"url\":\"https:\\\/\\\/www.anovapeneira.gal\\\/\",\"logo\":{\"@type\":\"ImageObject\",\"inLanguage\":\"gl-ES\",\"@id\":\"https:\\\/\\\/www.anovapeneira.gal\\\/#\\\/schema\\\/logo\\\/image\\\/\",\"url\":\"http:\\\/\\\/www.anovapeneira.gal\\\/wp-content\\\/uploads\\\/2019\\\/06\\\/logo_a_nova_peneira_portal_web.png\",\"contentUrl\":\"http:\\\/\\\/www.anovapeneira.gal\\\/wp-content\\\/uploads\\\/2019\\\/06\\\/logo_a_nova_peneira_portal_web.png\",\"width\":300,\"height\":100,\"caption\":\"A Nova Peneira\"},\"image\":{\"@id\":\"https:\\\/\\\/www.anovapeneira.gal\\\/#\\\/schema\\\/logo\\\/image\\\/\"},\"sameAs\":[\"https:\\\/\\\/www.facebook.com\\\/anovapeneira\",\"https:\\\/\\\/x.com\\\/APeneira\"]},{\"@type\":\"Person\",\"@id\":\"https:\\\/\\\/www.anovapeneira.gal\\\/#\\\/schema\\\/person\\\/e598b63030664c413236c3f685e56918\",\"name\":\"Xavier Rodr\u00edguez\",\"image\":{\"@type\":\"ImageObject\",\"inLanguage\":\"gl-ES\",\"@id\":\"https:\\\/\\\/secure.gravatar.com\\\/avatar\\\/d9b9f992d649071928b76ede112924ee61e9f7be582c6755dc0932efc9f011eb?s=96&d=mm&r=g\",\"url\":\"https:\\\/\\\/secure.gravatar.com\\\/avatar\\\/d9b9f992d649071928b76ede112924ee61e9f7be582c6755dc0932efc9f011eb?s=96&d=mm&r=g\",\"contentUrl\":\"https:\\\/\\\/secure.gravatar.com\\\/avatar\\\/d9b9f992d649071928b76ede112924ee61e9f7be582c6755dc0932efc9f011eb?s=96&d=mm&r=g\",\"caption\":\"Xavier Rodr\u00edguez\"},\"sameAs\":[\"http:\\\/\\\/www.anovapeneira.gal\\\/\"],\"url\":\"https:\\\/\\\/www.anovapeneira.gal\\\/index.php\\\/author\\\/xavierrodriguez\\\/\"}]}<\/script>\n<!-- \/ Yoast SEO plugin. -->","yoast_head_json":{"title":"Para que serve unha maior\u00eda absoluta? -","robots":{"index":"index","follow":"follow","max-snippet":"max-snippet:-1","max-image-preview":"max-image-preview:large","max-video-preview":"max-video-preview:-1"},"canonical":"https:\/\/www.anovapeneira.gal\/index.php\/2019\/08\/28\/para-que-serve-unha-maioria-absoluta\/","og_locale":"gl_ES","og_type":"article","og_title":"Para que serve unha maior\u00eda absoluta? -","og_description":"Despois do extraordinario caudal de apoio acadado polo partido socialista nas pasadas elecci\u00f3ns municipais, non tardamos en ver a concreci\u00f3n pr\u00e1ctica de obter unha maior\u00eda absoluta [...]","og_url":"https:\/\/www.anovapeneira.gal\/index.php\/2019\/08\/28\/para-que-serve-unha-maioria-absoluta\/","article_publisher":"https:\/\/www.facebook.com\/anovapeneira","article_published_time":"2019-08-28T12:00:32+00:00","article_modified_time":"2019-12-23T11:24:59+00:00","og_image":[{"width":720,"height":473,"url":"https:\/\/www.anovapeneira.gal\/wp-content\/uploads\/2019\/07\/ARTIGO_DE_OPINION_A_NOVA_PENEIRA.jpg","type":"image\/jpeg"}],"author":"Xavier Rodr\u00edguez","twitter_card":"summary_large_image","twitter_creator":"@APeneira","twitter_site":"@APeneira","twitter_misc":{"Escrito por":"Xavier Rodr\u00edguez","Tempo de lectura":"3 minutos"},"schema":{"@context":"https:\/\/schema.org","@graph":[{"@type":"Article","@id":"https:\/\/www.anovapeneira.gal\/index.php\/2019\/08\/28\/para-que-serve-unha-maioria-absoluta\/#article","isPartOf":{"@id":"https:\/\/www.anovapeneira.gal\/index.php\/2019\/08\/28\/para-que-serve-unha-maioria-absoluta\/"},"author":{"name":"Xavier Rodr\u00edguez","@id":"https:\/\/www.anovapeneira.gal\/#\/schema\/person\/e598b63030664c413236c3f685e56918"},"headline":"Para que serve unha maior\u00eda absoluta?","datePublished":"2019-08-28T12:00:32+00:00","dateModified":"2019-12-23T11:24:59+00:00","mainEntityOfPage":{"@id":"https:\/\/www.anovapeneira.gal\/index.php\/2019\/08\/28\/para-que-serve-unha-maioria-absoluta\/"},"wordCount":551,"commentCount":0,"publisher":{"@id":"https:\/\/www.anovapeneira.gal\/#organization"},"image":{"@id":"https:\/\/www.anovapeneira.gal\/index.php\/2019\/08\/28\/para-que-serve-unha-maioria-absoluta\/#primaryimage"},"thumbnailUrl":"https:\/\/www.anovapeneira.gal\/wp-content\/uploads\/2019\/07\/ARTIGO_DE_OPINION_A_NOVA_PENEIRA.jpg","keywords":["BNG","Concello de Nigr\u00e1n","Pol\u00edtica"],"articleSection":["Artigos de opini\u00f3n"],"inLanguage":"gl-ES","potentialAction":[{"@type":"CommentAction","name":"Comment","target":["https:\/\/www.anovapeneira.gal\/index.php\/2019\/08\/28\/para-que-serve-unha-maioria-absoluta\/#respond"]}]},{"@type":"WebPage","@id":"https:\/\/www.anovapeneira.gal\/index.php\/2019\/08\/28\/para-que-serve-unha-maioria-absoluta\/","url":"https:\/\/www.anovapeneira.gal\/index.php\/2019\/08\/28\/para-que-serve-unha-maioria-absoluta\/","name":"Para que serve unha maior\u00eda absoluta? -","isPartOf":{"@id":"https:\/\/www.anovapeneira.gal\/#website"},"primaryImageOfPage":{"@id":"https:\/\/www.anovapeneira.gal\/index.php\/2019\/08\/28\/para-que-serve-unha-maioria-absoluta\/#primaryimage"},"image":{"@id":"https:\/\/www.anovapeneira.gal\/index.php\/2019\/08\/28\/para-que-serve-unha-maioria-absoluta\/#primaryimage"},"thumbnailUrl":"https:\/\/www.anovapeneira.gal\/wp-content\/uploads\/2019\/07\/ARTIGO_DE_OPINION_A_NOVA_PENEIRA.jpg","datePublished":"2019-08-28T12:00:32+00:00","dateModified":"2019-12-23T11:24:59+00:00","breadcrumb":{"@id":"https:\/\/www.anovapeneira.gal\/index.php\/2019\/08\/28\/para-que-serve-unha-maioria-absoluta\/#breadcrumb"},"inLanguage":"gl-ES","potentialAction":[{"@type":"ReadAction","target":["https:\/\/www.anovapeneira.gal\/index.php\/2019\/08\/28\/para-que-serve-unha-maioria-absoluta\/"]}]},{"@type":"ImageObject","inLanguage":"gl-ES","@id":"https:\/\/www.anovapeneira.gal\/index.php\/2019\/08\/28\/para-que-serve-unha-maioria-absoluta\/#primaryimage","url":"https:\/\/www.anovapeneira.gal\/wp-content\/uploads\/2019\/07\/ARTIGO_DE_OPINION_A_NOVA_PENEIRA.jpg","contentUrl":"https:\/\/www.anovapeneira.gal\/wp-content\/uploads\/2019\/07\/ARTIGO_DE_OPINION_A_NOVA_PENEIRA.jpg","width":720,"height":473,"caption":"Artigo de opini\u00f3n A Nova Peneira"},{"@type":"BreadcrumbList","@id":"https:\/\/www.anovapeneira.gal\/index.php\/2019\/08\/28\/para-que-serve-unha-maioria-absoluta\/#breadcrumb","itemListElement":[{"@type":"ListItem","position":1,"name":"Portada","item":"https:\/\/www.anovapeneira.gal\/"},{"@type":"ListItem","position":2,"name":"Para que serve unha maior\u00eda absoluta?"}]},{"@type":"WebSite","@id":"https:\/\/www.anovapeneira.gal\/#website","url":"https:\/\/www.anovapeneira.gal\/","name":"","description":"Xornal galego de informaci\u00f3n xeral Publicaci\u00f3n mensual de novas de Galicia e en especial dos Concellos da sur da provincia de Pontevedra.","publisher":{"@id":"https:\/\/www.anovapeneira.gal\/#organization"},"potentialAction":[{"@type":"SearchAction","target":{"@type":"EntryPoint","urlTemplate":"https:\/\/www.anovapeneira.gal\/?s={search_term_string}"},"query-input":{"@type":"PropertyValueSpecification","valueRequired":true,"valueName":"search_term_string"}}],"inLanguage":"gl-ES"},{"@type":"Organization","@id":"https:\/\/www.anovapeneira.gal\/#organization","name":"A Nova Peneira","url":"https:\/\/www.anovapeneira.gal\/","logo":{"@type":"ImageObject","inLanguage":"gl-ES","@id":"https:\/\/www.anovapeneira.gal\/#\/schema\/logo\/image\/","url":"http:\/\/www.anovapeneira.gal\/wp-content\/uploads\/2019\/06\/logo_a_nova_peneira_portal_web.png","contentUrl":"http:\/\/www.anovapeneira.gal\/wp-content\/uploads\/2019\/06\/logo_a_nova_peneira_portal_web.png","width":300,"height":100,"caption":"A Nova Peneira"},"image":{"@id":"https:\/\/www.anovapeneira.gal\/#\/schema\/logo\/image\/"},"sameAs":["https:\/\/www.facebook.com\/anovapeneira","https:\/\/x.com\/APeneira"]},{"@type":"Person","@id":"https:\/\/www.anovapeneira.gal\/#\/schema\/person\/e598b63030664c413236c3f685e56918","name":"Xavier Rodr\u00edguez","image":{"@type":"ImageObject","inLanguage":"gl-ES","@id":"https:\/\/secure.gravatar.com\/avatar\/d9b9f992d649071928b76ede112924ee61e9f7be582c6755dc0932efc9f011eb?s=96&d=mm&r=g","url":"https:\/\/secure.gravatar.com\/avatar\/d9b9f992d649071928b76ede112924ee61e9f7be582c6755dc0932efc9f011eb?s=96&d=mm&r=g","contentUrl":"https:\/\/secure.gravatar.com\/avatar\/d9b9f992d649071928b76ede112924ee61e9f7be582c6755dc0932efc9f011eb?s=96&d=mm&r=g","caption":"Xavier Rodr\u00edguez"},"sameAs":["http:\/\/www.anovapeneira.gal\/"],"url":"https:\/\/www.anovapeneira.gal\/index.php\/author\/xavierrodriguez\/"}]}},"jetpack_featured_media_url":"https:\/\/www.anovapeneira.gal\/wp-content\/uploads\/2019\/07\/ARTIGO_DE_OPINION_A_NOVA_PENEIRA.jpg","_links":{"self":[{"href":"https:\/\/www.anovapeneira.gal\/index.php\/wp-json\/wp\/v2\/posts\/1092","targetHints":{"allow":["GET"]}}],"collection":[{"href":"https:\/\/www.anovapeneira.gal\/index.php\/wp-json\/wp\/v2\/posts"}],"about":[{"href":"https:\/\/www.anovapeneira.gal\/index.php\/wp-json\/wp\/v2\/types\/post"}],"author":[{"embeddable":true,"href":"https:\/\/www.anovapeneira.gal\/index.php\/wp-json\/wp\/v2\/users\/16"}],"replies":[{"embeddable":true,"href":"https:\/\/www.anovapeneira.gal\/index.php\/wp-json\/wp\/v2\/comments?post=1092"}],"version-history":[{"count":2,"href":"https:\/\/www.anovapeneira.gal\/index.php\/wp-json\/wp\/v2\/posts\/1092\/revisions"}],"predecessor-version":[{"id":2124,"href":"https:\/\/www.anovapeneira.gal\/index.php\/wp-json\/wp\/v2\/posts\/1092\/revisions\/2124"}],"wp:featuredmedia":[{"embeddable":true,"href":"https:\/\/www.anovapeneira.gal\/index.php\/wp-json\/wp\/v2\/media\/584"}],"wp:attachment":[{"href":"https:\/\/www.anovapeneira.gal\/index.php\/wp-json\/wp\/v2\/media?parent=1092"}],"wp:term":[{"taxonomy":"category","embeddable":true,"href":"https:\/\/www.anovapeneira.gal\/index.php\/wp-json\/wp\/v2\/categories?post=1092"},{"taxonomy":"post_tag","embeddable":true,"href":"https:\/\/www.anovapeneira.gal\/index.php\/wp-json\/wp\/v2\/tags?post=1092"}],"curies":[{"name":"wp","href":"https:\/\/api.w.org\/{rel}","templated":true}]}}