{"id":10927,"date":"2023-12-18T12:00:47","date_gmt":"2023-12-18T11:00:47","guid":{"rendered":"https:\/\/www.anovapeneira.gal\/?p=10927"},"modified":"2023-12-12T20:10:15","modified_gmt":"2023-12-12T19:10:15","slug":"lola-violeta-amiga-e-loitadora","status":"publish","type":"post","link":"https:\/\/www.anovapeneira.gal\/index.php\/2023\/12\/18\/lola-violeta-amiga-e-loitadora\/","title":{"rendered":"Lola Violeta, amiga e loitadora"},"content":{"rendered":"\n<figure class=\"wp-block-image size-large is-resized\"><img loading=\"lazy\" decoding=\"async\" src=\"http:\/\/www.anovapeneira.gal\/wp-content\/uploads\/2019\/07\/Baldomero_Iglesias_Dobarrio_Mero.jpg\" alt=\"Baldomero Iglesias Dobarrio Mero artigos de opini\u00f3n A Nova Peneira\" class=\"wp-image-482\" width=\"95\" height=\"111\"\/><figcaption>Baldomero Iglesias Dobarrio, Mero<\/figcaption><\/figure>\n\n\n\n<p>Ningu\u00e9n sabe que pasou, anque pasou. Eu sei que botaba en falta as alturas, para mirarse no ceo e recrearse na beleza, decidiu subir para quedar en so\u00f1os e voar, mais quedou avergo\u00f1ada detr\u00e1s dunha nube. Estou seguro. Digo avergo\u00f1ada porque o espect\u00e1culo visto desde arriba, debe semellar lamentable, no medio desta bola azul chea de penchas e guerras, chea de odios e con tantos tolos que queren gobernar o mundo, sen resolver as violencias e desigualdades, as fames, os horrores de todos os d\u00edas que consideramos normais no activo de calquera circunstancia.<\/p>\n\n\n\n<p>Lola Violeta, Lola Ferreiro, era a mi\u00f1a amiga. Vi\u00e1monos con moita frecuencia. Chamab\u00e1monos e li\u00e1monos nos nosos escritos, escoitaba a mi\u00f1a m\u00fasica e discos. Valoraba e estimaba moito os comentarios e confidencias que por ambas partes faciamos na prensa ou libros, non deixabamos nada f\u00f3ra. Foi a mi\u00f1a c\u00f3mplice de tantas soluci\u00f3ns \u00e1s mi\u00f1as contradici\u00f3ns, aos meus problemas. Ti\u00f1amos a confianza de falar claro e de dicirnos a verdade que sentiamos<\/p>\n\n\n\n<p>Non sei explicar ben a dimensi\u00f3n do baleiro que me deixa Lola, sempre disposta a axudar a\u00ednda desde o silenzo. E de s\u00fapeto qu\u00e9dase detr\u00e1s dunha n\u00e9boa intransixente, nun solpor intranscendente. As\u00ed \u00e9 a perda dela, que ben co\u00f1ec\u00eda \u00e1 xente, como se notaba a s\u00faa profesionalidade! Era unha loitadora a tope, amiga ata perderse, sabedora da perfect\u00edsima orde que garda a dignidade e a honestidade entre as persoas. Por iso que non sei medir este grande baleiro, non sei dicirvos a dimensi\u00f3n, o tama\u00f1o, a perda tan grande para Galiza, para o feminismo, para a Causa de Galiza toda. Sei que vir\u00e1 \u00e1 mi\u00f1a memoria a axudar, clarific\u00e1ndome m\u00e1is incongruencias e antinom\u00edas, vir\u00e1 chamando por min a reconducirme para reco\u00f1ecer e facerme pisar a terra, para seguir nesta andaina de dar a cara pelexando, sen arredar. Nestas datas ter\u00eda xa moi avanzado o calendario do pr\u00f3ximo ano, aquel calendario das mulleres loitadoras de causas sobrehumanas que ela sacaba do silenzo. Cont\u00e1banos de cada unha as s\u00faas angueiras ignoradas neste mundo imperfecto que s\u00f3 citaba homes. Nadaba contra corrente, encabezaba as concentraci\u00f3ns, daba a cara sempre e alzaba a voz para dicir e manifestarse na certeza da paisaxe identitaria.<\/p>\n\n\n\n<p>Falabamos periodicamente en Ordes, cando chegaba do traballo, en Compostela. Ela tomaba sidra, eu cervexa. Falar con ela era aliviar feridas na complicidade de comprender, escoitar e dar sa\u00edda resolta a tantos cami\u00f1os faltos de luz. Gust\u00e1balle o queixo fresco do d\u00eda, e tra\u00edame marmelo do que fac\u00eda na casa. No medio dos temas de actualidade, aparec\u00eda o mundo patas arriba -crimes de guerra, parcialidades, a xustiza inxusta, dereitos LGTBI, as demoras, o dereito a protestar, os dereitos sen acadar, os patriarcados, as masacres, o dereito do aborto, as corrupci\u00f3ns, racismo, comercio de armas, a inacci\u00f3n clim\u00e1tica, &#8230; desde os seus proxectos, que compart\u00eda gustosamente comigo, f\u00edxome c\u00f3mplice de anceios e memorias. Foi unha amiga boa e fiel, capaz de reco\u00f1ecerse e reco\u00f1ecer os erros aos que nos somete este xeito de comunicaci\u00f3n urxente. Non sabes, Lola, o baleiro enorme que me queda. Non haber\u00e1 modo de enchelo, farei a trampa de so\u00f1alo, de evocalo na t\u00faa voz e cosa t\u00faas sa\u00eddas imperiosas<\/p>\n\n\n\n<p>Tampouco me deu tempo a presentarvos a esa mi\u00f1a amiga Lola. M\u00e9dica psiquiatra e loitadora empedernida polas causas nobres da vida, sobre todo pola igualdade da muller e o repudio do patriarcado e o machismo, est\u00fapidos complementos tan arraigados. Era a mi\u00f1a amiga e confidente, a mi\u00f1a psiquiatra tam\u00e9n, a que me clarificaba nos enredos tomando un refresco e rega\u00f1\u00e1ndonos mutuamente, polas m\u00faltiplas inocentes contrariedades que temos e tanto nos custa aceptar. Doeume a noticia, doeume fondamente, deixa un baleiro imposible pois sei era \u00fanica e veraz, capaz de po\u00f1er en orde a desorde na que vivimos. Falei hai uns d\u00edas con ela e nada fac\u00eda presaxiar tal desenlace cruel. Gardareite nesa mi\u00f1a caixa pequeni\u00f1a, e agradecida das memorias, que sempre me acompa\u00f1an.<\/p>\n\n\n\n<p>12 de decembro de 2023<\/p>\n","protected":false},"excerpt":{"rendered":"<div class=\"mh-excerpt\"><p>Ningu\u00e9n sabe que pasou, anque pasou. Eu sei que botaba en falta as alturas, para mirarse no ceo e recrearse na beleza, decidiu subir para quedar en so\u00f1os e voar, mais quedou avergo\u00f1ada detr\u00e1s dunha nube. Estou seguro <a class=\"mh-excerpt-more\" href=\"https:\/\/www.anovapeneira.gal\/index.php\/2023\/12\/18\/lola-violeta-amiga-e-loitadora\/\" title=\"Lola Violeta, amiga e loitadora\">[&#8230;]<\/a><\/p>\n<\/div>","protected":false},"author":5,"featured_media":10928,"comment_status":"open","ping_status":"open","sticky":false,"template":"","format":"standard","meta":{"_exactmetrics_skip_tracking":false,"_exactmetrics_sitenote_active":false,"_exactmetrics_sitenote_note":"","_exactmetrics_sitenote_category":0,"footnotes":""},"categories":[7],"tags":[1388],"class_list":{"0":"post-10927","1":"post","2":"type-post","3":"status-publish","4":"format-standard","5":"has-post-thumbnail","7":"category-artigos-de-opinion","8":"tag-lola-ferreiro"},"yoast_head":"<!-- This site is optimized with the Yoast SEO plugin v27.5 - https:\/\/yoast.com\/product\/yoast-seo-wordpress\/ -->\n<title>Lola Violeta, amiga e loitadora -<\/title>\n<meta name=\"description\" content=\"Ningu\u00e9n sabe que pasou, anque pasou. Eu sei que botaba en falta as alturas, para mirarse no ceo e recrearse na beleza, decidiu subir para quedar en so\u00f1os e voar, mais quedou avergo\u00f1ada detr\u00e1s dunha nube. Estou seguro\" \/>\n<meta name=\"robots\" content=\"index, follow, max-snippet:-1, max-image-preview:large, max-video-preview:-1\" \/>\n<link rel=\"canonical\" href=\"https:\/\/www.anovapeneira.gal\/index.php\/2023\/12\/18\/lola-violeta-amiga-e-loitadora\/\" \/>\n<meta property=\"og:locale\" content=\"gl_ES\" \/>\n<meta property=\"og:type\" content=\"article\" \/>\n<meta property=\"og:title\" content=\"Lola Violeta, amiga e loitadora -\" \/>\n<meta property=\"og:description\" content=\"Ningu\u00e9n sabe que pasou, anque pasou. Eu sei que botaba en falta as alturas, para mirarse no ceo e recrearse na beleza, decidiu subir para quedar en so\u00f1os e voar, mais quedou avergo\u00f1ada detr\u00e1s dunha nube. Estou seguro\" \/>\n<meta property=\"og:url\" content=\"https:\/\/www.anovapeneira.gal\/index.php\/2023\/12\/18\/lola-violeta-amiga-e-loitadora\/\" \/>\n<meta property=\"article:publisher\" content=\"https:\/\/www.facebook.com\/anovapeneira\" \/>\n<meta property=\"article:published_time\" content=\"2023-12-18T11:00:47+00:00\" \/>\n<meta property=\"og:image\" content=\"https:\/\/www.anovapeneira.gal\/wp-content\/uploads\/2023\/12\/lola_ferreiro.webp\" \/>\n\t<meta property=\"og:image:width\" content=\"720\" \/>\n\t<meta property=\"og:image:height\" content=\"432\" \/>\n\t<meta property=\"og:image:type\" content=\"image\/webp\" \/>\n<meta name=\"author\" content=\"Baldomero Iglesias Dobarrio, Mero\" \/>\n<meta name=\"twitter:card\" content=\"summary_large_image\" \/>\n<meta name=\"twitter:image\" content=\"https:\/\/www.anovapeneira.gal\/wp-content\/uploads\/2023\/12\/lola_ferreiro.webp\" \/>\n<meta name=\"twitter:creator\" content=\"@APeneira\" \/>\n<meta name=\"twitter:site\" content=\"@APeneira\" \/>\n<meta name=\"twitter:label1\" content=\"Escrito por\" \/>\n\t<meta name=\"twitter:data1\" content=\"Baldomero Iglesias Dobarrio, Mero\" \/>\n\t<meta name=\"twitter:label2\" content=\"Tempo de lectura\" \/>\n\t<meta name=\"twitter:data2\" content=\"4 minutos\" \/>\n<script type=\"application\/ld+json\" class=\"yoast-schema-graph\">{\"@context\":\"https:\\\/\\\/schema.org\",\"@graph\":[{\"@type\":\"Article\",\"@id\":\"https:\\\/\\\/www.anovapeneira.gal\\\/index.php\\\/2023\\\/12\\\/18\\\/lola-violeta-amiga-e-loitadora\\\/#article\",\"isPartOf\":{\"@id\":\"https:\\\/\\\/www.anovapeneira.gal\\\/index.php\\\/2023\\\/12\\\/18\\\/lola-violeta-amiga-e-loitadora\\\/\"},\"author\":{\"name\":\"Baldomero Iglesias Dobarrio, Mero\",\"@id\":\"https:\\\/\\\/www.anovapeneira.gal\\\/#\\\/schema\\\/person\\\/b051ed40cfc100e281476674783b32fc\"},\"headline\":\"Lola Violeta, amiga e loitadora\",\"datePublished\":\"2023-12-18T11:00:47+00:00\",\"mainEntityOfPage\":{\"@id\":\"https:\\\/\\\/www.anovapeneira.gal\\\/index.php\\\/2023\\\/12\\\/18\\\/lola-violeta-amiga-e-loitadora\\\/\"},\"wordCount\":729,\"commentCount\":0,\"publisher\":{\"@id\":\"https:\\\/\\\/www.anovapeneira.gal\\\/#organization\"},\"image\":{\"@id\":\"https:\\\/\\\/www.anovapeneira.gal\\\/index.php\\\/2023\\\/12\\\/18\\\/lola-violeta-amiga-e-loitadora\\\/#primaryimage\"},\"thumbnailUrl\":\"https:\\\/\\\/www.anovapeneira.gal\\\/wp-content\\\/uploads\\\/2023\\\/12\\\/lola_ferreiro.webp\",\"keywords\":[\"Lola Ferreiro\"],\"articleSection\":[\"Artigos de opini\u00f3n\"],\"inLanguage\":\"gl-ES\",\"potentialAction\":[{\"@type\":\"CommentAction\",\"name\":\"Comment\",\"target\":[\"https:\\\/\\\/www.anovapeneira.gal\\\/index.php\\\/2023\\\/12\\\/18\\\/lola-violeta-amiga-e-loitadora\\\/#respond\"]}]},{\"@type\":\"WebPage\",\"@id\":\"https:\\\/\\\/www.anovapeneira.gal\\\/index.php\\\/2023\\\/12\\\/18\\\/lola-violeta-amiga-e-loitadora\\\/\",\"url\":\"https:\\\/\\\/www.anovapeneira.gal\\\/index.php\\\/2023\\\/12\\\/18\\\/lola-violeta-amiga-e-loitadora\\\/\",\"name\":\"Lola Violeta, amiga e loitadora -\",\"isPartOf\":{\"@id\":\"https:\\\/\\\/www.anovapeneira.gal\\\/#website\"},\"primaryImageOfPage\":{\"@id\":\"https:\\\/\\\/www.anovapeneira.gal\\\/index.php\\\/2023\\\/12\\\/18\\\/lola-violeta-amiga-e-loitadora\\\/#primaryimage\"},\"image\":{\"@id\":\"https:\\\/\\\/www.anovapeneira.gal\\\/index.php\\\/2023\\\/12\\\/18\\\/lola-violeta-amiga-e-loitadora\\\/#primaryimage\"},\"thumbnailUrl\":\"https:\\\/\\\/www.anovapeneira.gal\\\/wp-content\\\/uploads\\\/2023\\\/12\\\/lola_ferreiro.webp\",\"datePublished\":\"2023-12-18T11:00:47+00:00\",\"description\":\"Ningu\u00e9n sabe que pasou, anque pasou. Eu sei que botaba en falta as alturas, para mirarse no ceo e recrearse na beleza, decidiu subir para quedar en so\u00f1os e voar, mais quedou avergo\u00f1ada detr\u00e1s dunha nube. Estou seguro\",\"breadcrumb\":{\"@id\":\"https:\\\/\\\/www.anovapeneira.gal\\\/index.php\\\/2023\\\/12\\\/18\\\/lola-violeta-amiga-e-loitadora\\\/#breadcrumb\"},\"inLanguage\":\"gl-ES\",\"potentialAction\":[{\"@type\":\"ReadAction\",\"target\":[\"https:\\\/\\\/www.anovapeneira.gal\\\/index.php\\\/2023\\\/12\\\/18\\\/lola-violeta-amiga-e-loitadora\\\/\"]}]},{\"@type\":\"ImageObject\",\"inLanguage\":\"gl-ES\",\"@id\":\"https:\\\/\\\/www.anovapeneira.gal\\\/index.php\\\/2023\\\/12\\\/18\\\/lola-violeta-amiga-e-loitadora\\\/#primaryimage\",\"url\":\"https:\\\/\\\/www.anovapeneira.gal\\\/wp-content\\\/uploads\\\/2023\\\/12\\\/lola_ferreiro.webp\",\"contentUrl\":\"https:\\\/\\\/www.anovapeneira.gal\\\/wp-content\\\/uploads\\\/2023\\\/12\\\/lola_ferreiro.webp\",\"width\":720,\"height\":432,\"caption\":\"Lola Ferreiro imaxe do seu Facebook\"},{\"@type\":\"BreadcrumbList\",\"@id\":\"https:\\\/\\\/www.anovapeneira.gal\\\/index.php\\\/2023\\\/12\\\/18\\\/lola-violeta-amiga-e-loitadora\\\/#breadcrumb\",\"itemListElement\":[{\"@type\":\"ListItem\",\"position\":1,\"name\":\"Portada\",\"item\":\"https:\\\/\\\/www.anovapeneira.gal\\\/\"},{\"@type\":\"ListItem\",\"position\":2,\"name\":\"Lola Violeta, amiga e loitadora\"}]},{\"@type\":\"WebSite\",\"@id\":\"https:\\\/\\\/www.anovapeneira.gal\\\/#website\",\"url\":\"https:\\\/\\\/www.anovapeneira.gal\\\/\",\"name\":\"\",\"description\":\"Xornal galego de informaci\u00f3n xeral Publicaci\u00f3n mensual de novas de Galicia e en especial dos Concellos da sur da provincia de Pontevedra.\",\"publisher\":{\"@id\":\"https:\\\/\\\/www.anovapeneira.gal\\\/#organization\"},\"potentialAction\":[{\"@type\":\"SearchAction\",\"target\":{\"@type\":\"EntryPoint\",\"urlTemplate\":\"https:\\\/\\\/www.anovapeneira.gal\\\/?s={search_term_string}\"},\"query-input\":{\"@type\":\"PropertyValueSpecification\",\"valueRequired\":true,\"valueName\":\"search_term_string\"}}],\"inLanguage\":\"gl-ES\"},{\"@type\":\"Organization\",\"@id\":\"https:\\\/\\\/www.anovapeneira.gal\\\/#organization\",\"name\":\"A Nova Peneira\",\"url\":\"https:\\\/\\\/www.anovapeneira.gal\\\/\",\"logo\":{\"@type\":\"ImageObject\",\"inLanguage\":\"gl-ES\",\"@id\":\"https:\\\/\\\/www.anovapeneira.gal\\\/#\\\/schema\\\/logo\\\/image\\\/\",\"url\":\"http:\\\/\\\/www.anovapeneira.gal\\\/wp-content\\\/uploads\\\/2019\\\/06\\\/logo_a_nova_peneira_portal_web.png\",\"contentUrl\":\"http:\\\/\\\/www.anovapeneira.gal\\\/wp-content\\\/uploads\\\/2019\\\/06\\\/logo_a_nova_peneira_portal_web.png\",\"width\":300,\"height\":100,\"caption\":\"A Nova Peneira\"},\"image\":{\"@id\":\"https:\\\/\\\/www.anovapeneira.gal\\\/#\\\/schema\\\/logo\\\/image\\\/\"},\"sameAs\":[\"https:\\\/\\\/www.facebook.com\\\/anovapeneira\",\"https:\\\/\\\/x.com\\\/APeneira\"]},{\"@type\":\"Person\",\"@id\":\"https:\\\/\\\/www.anovapeneira.gal\\\/#\\\/schema\\\/person\\\/b051ed40cfc100e281476674783b32fc\",\"name\":\"Baldomero Iglesias Dobarrio, Mero\",\"image\":{\"@type\":\"ImageObject\",\"inLanguage\":\"gl-ES\",\"@id\":\"https:\\\/\\\/secure.gravatar.com\\\/avatar\\\/ca78fc089f8cf28197f88de2c9ac213e2f7d2097d8e359d9359b8778b539c59d?s=96&d=mm&r=g\",\"url\":\"https:\\\/\\\/secure.gravatar.com\\\/avatar\\\/ca78fc089f8cf28197f88de2c9ac213e2f7d2097d8e359d9359b8778b539c59d?s=96&d=mm&r=g\",\"contentUrl\":\"https:\\\/\\\/secure.gravatar.com\\\/avatar\\\/ca78fc089f8cf28197f88de2c9ac213e2f7d2097d8e359d9359b8778b539c59d?s=96&d=mm&r=g\",\"caption\":\"Baldomero Iglesias Dobarrio, Mero\"},\"sameAs\":[\"http:\\\/\\\/anovapeneira.gal\"],\"url\":\"https:\\\/\\\/www.anovapeneira.gal\\\/index.php\\\/author\\\/opinionmero\\\/\"}]}<\/script>\n<!-- \/ Yoast SEO plugin. -->","yoast_head_json":{"title":"Lola Violeta, amiga e loitadora -","description":"Ningu\u00e9n sabe que pasou, anque pasou. Eu sei que botaba en falta as alturas, para mirarse no ceo e recrearse na beleza, decidiu subir para quedar en so\u00f1os e voar, mais quedou avergo\u00f1ada detr\u00e1s dunha nube. Estou seguro","robots":{"index":"index","follow":"follow","max-snippet":"max-snippet:-1","max-image-preview":"max-image-preview:large","max-video-preview":"max-video-preview:-1"},"canonical":"https:\/\/www.anovapeneira.gal\/index.php\/2023\/12\/18\/lola-violeta-amiga-e-loitadora\/","og_locale":"gl_ES","og_type":"article","og_title":"Lola Violeta, amiga e loitadora -","og_description":"Ningu\u00e9n sabe que pasou, anque pasou. Eu sei que botaba en falta as alturas, para mirarse no ceo e recrearse na beleza, decidiu subir para quedar en so\u00f1os e voar, mais quedou avergo\u00f1ada detr\u00e1s dunha nube. Estou seguro","og_url":"https:\/\/www.anovapeneira.gal\/index.php\/2023\/12\/18\/lola-violeta-amiga-e-loitadora\/","article_publisher":"https:\/\/www.facebook.com\/anovapeneira","article_published_time":"2023-12-18T11:00:47+00:00","og_image":[{"width":720,"height":432,"url":"https:\/\/www.anovapeneira.gal\/wp-content\/uploads\/2023\/12\/lola_ferreiro.webp","type":"image\/webp"}],"author":"Baldomero Iglesias Dobarrio, Mero","twitter_card":"summary_large_image","twitter_image":"https:\/\/www.anovapeneira.gal\/wp-content\/uploads\/2023\/12\/lola_ferreiro.webp","twitter_creator":"@APeneira","twitter_site":"@APeneira","twitter_misc":{"Escrito por":"Baldomero Iglesias Dobarrio, Mero","Tempo de lectura":"4 minutos"},"schema":{"@context":"https:\/\/schema.org","@graph":[{"@type":"Article","@id":"https:\/\/www.anovapeneira.gal\/index.php\/2023\/12\/18\/lola-violeta-amiga-e-loitadora\/#article","isPartOf":{"@id":"https:\/\/www.anovapeneira.gal\/index.php\/2023\/12\/18\/lola-violeta-amiga-e-loitadora\/"},"author":{"name":"Baldomero Iglesias Dobarrio, Mero","@id":"https:\/\/www.anovapeneira.gal\/#\/schema\/person\/b051ed40cfc100e281476674783b32fc"},"headline":"Lola Violeta, amiga e loitadora","datePublished":"2023-12-18T11:00:47+00:00","mainEntityOfPage":{"@id":"https:\/\/www.anovapeneira.gal\/index.php\/2023\/12\/18\/lola-violeta-amiga-e-loitadora\/"},"wordCount":729,"commentCount":0,"publisher":{"@id":"https:\/\/www.anovapeneira.gal\/#organization"},"image":{"@id":"https:\/\/www.anovapeneira.gal\/index.php\/2023\/12\/18\/lola-violeta-amiga-e-loitadora\/#primaryimage"},"thumbnailUrl":"https:\/\/www.anovapeneira.gal\/wp-content\/uploads\/2023\/12\/lola_ferreiro.webp","keywords":["Lola Ferreiro"],"articleSection":["Artigos de opini\u00f3n"],"inLanguage":"gl-ES","potentialAction":[{"@type":"CommentAction","name":"Comment","target":["https:\/\/www.anovapeneira.gal\/index.php\/2023\/12\/18\/lola-violeta-amiga-e-loitadora\/#respond"]}]},{"@type":"WebPage","@id":"https:\/\/www.anovapeneira.gal\/index.php\/2023\/12\/18\/lola-violeta-amiga-e-loitadora\/","url":"https:\/\/www.anovapeneira.gal\/index.php\/2023\/12\/18\/lola-violeta-amiga-e-loitadora\/","name":"Lola Violeta, amiga e loitadora -","isPartOf":{"@id":"https:\/\/www.anovapeneira.gal\/#website"},"primaryImageOfPage":{"@id":"https:\/\/www.anovapeneira.gal\/index.php\/2023\/12\/18\/lola-violeta-amiga-e-loitadora\/#primaryimage"},"image":{"@id":"https:\/\/www.anovapeneira.gal\/index.php\/2023\/12\/18\/lola-violeta-amiga-e-loitadora\/#primaryimage"},"thumbnailUrl":"https:\/\/www.anovapeneira.gal\/wp-content\/uploads\/2023\/12\/lola_ferreiro.webp","datePublished":"2023-12-18T11:00:47+00:00","description":"Ningu\u00e9n sabe que pasou, anque pasou. Eu sei que botaba en falta as alturas, para mirarse no ceo e recrearse na beleza, decidiu subir para quedar en so\u00f1os e voar, mais quedou avergo\u00f1ada detr\u00e1s dunha nube. Estou seguro","breadcrumb":{"@id":"https:\/\/www.anovapeneira.gal\/index.php\/2023\/12\/18\/lola-violeta-amiga-e-loitadora\/#breadcrumb"},"inLanguage":"gl-ES","potentialAction":[{"@type":"ReadAction","target":["https:\/\/www.anovapeneira.gal\/index.php\/2023\/12\/18\/lola-violeta-amiga-e-loitadora\/"]}]},{"@type":"ImageObject","inLanguage":"gl-ES","@id":"https:\/\/www.anovapeneira.gal\/index.php\/2023\/12\/18\/lola-violeta-amiga-e-loitadora\/#primaryimage","url":"https:\/\/www.anovapeneira.gal\/wp-content\/uploads\/2023\/12\/lola_ferreiro.webp","contentUrl":"https:\/\/www.anovapeneira.gal\/wp-content\/uploads\/2023\/12\/lola_ferreiro.webp","width":720,"height":432,"caption":"Lola Ferreiro imaxe do seu Facebook"},{"@type":"BreadcrumbList","@id":"https:\/\/www.anovapeneira.gal\/index.php\/2023\/12\/18\/lola-violeta-amiga-e-loitadora\/#breadcrumb","itemListElement":[{"@type":"ListItem","position":1,"name":"Portada","item":"https:\/\/www.anovapeneira.gal\/"},{"@type":"ListItem","position":2,"name":"Lola Violeta, amiga e loitadora"}]},{"@type":"WebSite","@id":"https:\/\/www.anovapeneira.gal\/#website","url":"https:\/\/www.anovapeneira.gal\/","name":"","description":"Xornal galego de informaci\u00f3n xeral Publicaci\u00f3n mensual de novas de Galicia e en especial dos Concellos da sur da provincia de Pontevedra.","publisher":{"@id":"https:\/\/www.anovapeneira.gal\/#organization"},"potentialAction":[{"@type":"SearchAction","target":{"@type":"EntryPoint","urlTemplate":"https:\/\/www.anovapeneira.gal\/?s={search_term_string}"},"query-input":{"@type":"PropertyValueSpecification","valueRequired":true,"valueName":"search_term_string"}}],"inLanguage":"gl-ES"},{"@type":"Organization","@id":"https:\/\/www.anovapeneira.gal\/#organization","name":"A Nova Peneira","url":"https:\/\/www.anovapeneira.gal\/","logo":{"@type":"ImageObject","inLanguage":"gl-ES","@id":"https:\/\/www.anovapeneira.gal\/#\/schema\/logo\/image\/","url":"http:\/\/www.anovapeneira.gal\/wp-content\/uploads\/2019\/06\/logo_a_nova_peneira_portal_web.png","contentUrl":"http:\/\/www.anovapeneira.gal\/wp-content\/uploads\/2019\/06\/logo_a_nova_peneira_portal_web.png","width":300,"height":100,"caption":"A Nova Peneira"},"image":{"@id":"https:\/\/www.anovapeneira.gal\/#\/schema\/logo\/image\/"},"sameAs":["https:\/\/www.facebook.com\/anovapeneira","https:\/\/x.com\/APeneira"]},{"@type":"Person","@id":"https:\/\/www.anovapeneira.gal\/#\/schema\/person\/b051ed40cfc100e281476674783b32fc","name":"Baldomero Iglesias Dobarrio, Mero","image":{"@type":"ImageObject","inLanguage":"gl-ES","@id":"https:\/\/secure.gravatar.com\/avatar\/ca78fc089f8cf28197f88de2c9ac213e2f7d2097d8e359d9359b8778b539c59d?s=96&d=mm&r=g","url":"https:\/\/secure.gravatar.com\/avatar\/ca78fc089f8cf28197f88de2c9ac213e2f7d2097d8e359d9359b8778b539c59d?s=96&d=mm&r=g","contentUrl":"https:\/\/secure.gravatar.com\/avatar\/ca78fc089f8cf28197f88de2c9ac213e2f7d2097d8e359d9359b8778b539c59d?s=96&d=mm&r=g","caption":"Baldomero Iglesias Dobarrio, Mero"},"sameAs":["http:\/\/anovapeneira.gal"],"url":"https:\/\/www.anovapeneira.gal\/index.php\/author\/opinionmero\/"}]}},"jetpack_featured_media_url":"https:\/\/www.anovapeneira.gal\/wp-content\/uploads\/2023\/12\/lola_ferreiro.webp","_links":{"self":[{"href":"https:\/\/www.anovapeneira.gal\/index.php\/wp-json\/wp\/v2\/posts\/10927","targetHints":{"allow":["GET"]}}],"collection":[{"href":"https:\/\/www.anovapeneira.gal\/index.php\/wp-json\/wp\/v2\/posts"}],"about":[{"href":"https:\/\/www.anovapeneira.gal\/index.php\/wp-json\/wp\/v2\/types\/post"}],"author":[{"embeddable":true,"href":"https:\/\/www.anovapeneira.gal\/index.php\/wp-json\/wp\/v2\/users\/5"}],"replies":[{"embeddable":true,"href":"https:\/\/www.anovapeneira.gal\/index.php\/wp-json\/wp\/v2\/comments?post=10927"}],"version-history":[{"count":1,"href":"https:\/\/www.anovapeneira.gal\/index.php\/wp-json\/wp\/v2\/posts\/10927\/revisions"}],"predecessor-version":[{"id":10929,"href":"https:\/\/www.anovapeneira.gal\/index.php\/wp-json\/wp\/v2\/posts\/10927\/revisions\/10929"}],"wp:featuredmedia":[{"embeddable":true,"href":"https:\/\/www.anovapeneira.gal\/index.php\/wp-json\/wp\/v2\/media\/10928"}],"wp:attachment":[{"href":"https:\/\/www.anovapeneira.gal\/index.php\/wp-json\/wp\/v2\/media?parent=10927"}],"wp:term":[{"taxonomy":"category","embeddable":true,"href":"https:\/\/www.anovapeneira.gal\/index.php\/wp-json\/wp\/v2\/categories?post=10927"},{"taxonomy":"post_tag","embeddable":true,"href":"https:\/\/www.anovapeneira.gal\/index.php\/wp-json\/wp\/v2\/tags?post=10927"}],"curies":[{"name":"wp","href":"https:\/\/api.w.org\/{rel}","templated":true}]}}