{"id":10930,"date":"2023-12-19T12:00:42","date_gmt":"2023-12-19T11:00:42","guid":{"rendered":"https:\/\/www.anovapeneira.gal\/?p=10930"},"modified":"2023-12-15T19:35:45","modified_gmt":"2023-12-15T18:35:45","slug":"samanta-gonzalez-perruqueira","status":"publish","type":"post","link":"https:\/\/www.anovapeneira.gal\/index.php\/2023\/12\/19\/samanta-gonzalez-perruqueira\/","title":{"rendered":"Samanta Gonz\u00e1lez perruqueira"},"content":{"rendered":"\n<p><strong>Nestes tempos tan complicados nos que sen\u00f3n \u00e9 crise econ\u00f3mica \u00e9 pandemia sanitaria, guerra ou h\u00edper inflaci\u00f3n&#8230;.. pero semella que sempre pasa algo que impide poder ter unha vida normal, c\u00f3mpre valorar como se merecen \u00e1s persoas valentes que deciden emprender. Unha delas \u00e9 Samanta Gonz\u00e1lez, ela \u00e9 de Ponteareas pero leva 14 anos vivindo en Fornelos e manifesta sentirse como unha fornelense m\u00e1is. Ela ten unha perruquer\u00eda desde hai catro anos na r\u00faa da Fonte, a perruquer\u00eda Samanta. E n\u00f3s fomos co\u00f1ecela.<\/strong><\/p>\n\n\n\n<h2 class=\"wp-block-heading\">\u201c <strong>Esta perruquer\u00eda \u00e9 o negocio da mi\u00f1a vida. Quero xubilarme aqu\u00ed\u201d<\/strong><\/h2>\n\n\n\n<p><strong>Ti es natural da comarca onde naceu a vella Peneira, verdade Samanta?<\/strong><\/p>\n\n\n\n<blockquote class=\"wp-block-quote is-layout-flow wp-block-quote-is-layout-flow\">\n<p>Pois si, eu son da Comarca do Condado, en concreto da parroquia de Fozara en Ponteareas. E xa co\u00f1ec\u00eda o voso peri\u00f3dico de cando viv\u00eda en Ponteareas.<\/p>\n<\/blockquote>\n\n\n\n<p><strong>E como fuches parar desde Fozara a Fornelos?.. Non me digas m\u00e1is: foi por amor, a que si?<\/strong><\/p>\n\n\n\n<blockquote class=\"wp-block-quote is-layout-flow wp-block-quote-is-layout-flow\">\n<p>Ha ha ha ha ha. Pois si, ese foi o motivo. Vin a Fornelos porque casei aqu\u00ed.<\/p>\n<\/blockquote>\n\n\n\n<p><strong>Canto tempo levas en Fornelos?<\/strong><\/p>\n\n\n\n<blockquote class=\"wp-block-quote is-layout-flow wp-block-quote-is-layout-flow\">\n<p>Vivindo 14 anos, e coa perruquer\u00eda levo 4.<\/p>\n<\/blockquote>\n\n\n\n<p><strong>G\u00fastache vivir aqu\u00ed?<\/strong><\/p>\n\n\n\n<blockquote class=\"wp-block-quote is-layout-flow wp-block-quote-is-layout-flow\">\n<p>Si, g\u00fastame moito. Eu vivo no lugar de Freaza e te\u00f1o dous fillos. Sempre me sent\u00edn moi ben tratada, e a verdade xa estou tan implicada emocionalmente con Fornelos, que me sinto unha fornelense m\u00e1is.<\/p>\n<\/blockquote>\n\n\n\n<p><strong>Levas catro anos co negocio. E antes xa eras perruqeira?<\/strong><\/p>\n\n\n\n<blockquote class=\"wp-block-quote is-layout-flow wp-block-quote-is-layout-flow\">\n<p>Si, sempre fun perruqueira. Antes traballaba como empregada nunha perruquer\u00eda de Ponteareas pero esta \u00e9 a mi\u00f1a profesi\u00f3n, e case che podo dicir que tam\u00e9n a mi\u00f1a vocaci\u00f3n, desde que era moi nova.<\/p>\n<\/blockquote>\n\n\n\n<p><strong>Por que montaches o negocio aqu\u00ed?<\/strong><\/p>\n\n\n\n<blockquote class=\"wp-block-quote is-layout-flow wp-block-quote-is-layout-flow\">\n<p>Casualidades da vida. Aqu\u00ed hab\u00eda xa, no seu tempo, unha perruquer\u00eda. Pux\u00e9rona en traspaso e convenc\u00e9ronme para lanzarme \u00e1 aventura.<\/p>\n<\/blockquote>\n\n\n\n<p><strong>Que valoraci\u00f3n fas destes catro anos?<\/strong><\/p>\n\n\n\n<blockquote class=\"wp-block-quote is-layout-flow wp-block-quote-is-layout-flow\">\n<p>Non pode ser outra ca unha valoraci\u00f3n moi positiva. Estou moi contenta coa acollida ata tal punto que podo dicir que moitas das clientas que me distinguen coa s\u00faa compa\u00f1\u00eda son , m\u00e1is que as mi\u00f1as clientas, case as mi\u00f1as amigas. Estamos traballando d\u00faas persoas no negocio e como che dixen a valoraci\u00f3n \u00e9 moi satisfactoria.<\/p>\n<\/blockquote>\n\n\n\n<p><strong>Que tipo de clientas tes aqu\u00ed?<\/strong><\/p>\n\n\n\n<blockquote class=\"wp-block-quote is-layout-flow wp-block-quote-is-layout-flow\">\n<p>Te\u00f1o tanto clientas como clientes. E os abanos de idade son moi diversos, ve\u00f1en desde persoas moi novas ata xente moi maior, pero na s\u00faa maior\u00eda son persoas maiores pois Fornelos, como sabes, ten unha poboaci\u00f3n, como todo o rural galego, maioritariamente envellecida.<\/p>\n<\/blockquote>\n\n\n\n<p><strong>Cantos anos ten a t\u00faa clienta m\u00e1is maior?<\/strong><\/p>\n\n\n\n<blockquote class=\"wp-block-quote is-layout-flow wp-block-quote-is-layout-flow\">\n<p>102<\/p>\n<\/blockquote>\n\n\n\n<p><strong>Mi\u00f1a naiii<\/strong><\/p>\n\n\n\n<blockquote class=\"wp-block-quote is-layout-flow wp-block-quote-is-layout-flow\">\n<p>ha ha ha, pois si, e est\u00e1 moi ben.<\/p>\n<\/blockquote>\n\n\n\n<p><strong>Este \u00e9 o negocio da t\u00faa vida?<\/strong><\/p>\n\n\n\n<blockquote class=\"wp-block-quote is-layout-flow wp-block-quote-is-layout-flow\">\n<p>Agardo que si, a mi\u00f1a intenci\u00f3n \u00e9 xubilarme aqu\u00ed.<\/p>\n<\/blockquote>\n\n\n\n<p><strong>Caramba, pero se a\u00ednda che queda moito para iso\u00a1\u00a1\u00a1<\/strong><\/p>\n\n\n\n<blockquote class=\"wp-block-quote is-layout-flow wp-block-quote-is-layout-flow\">\n<p>Pois as\u00ed fac\u00e9devos unha idea do contenta que estou en Fornelos.<\/p>\n<\/blockquote>\n\n\n\n<p><strong>Que servizos ofreces ?<\/strong><\/p>\n\n\n\n<blockquote class=\"wp-block-quote is-layout-flow wp-block-quote-is-layout-flow\">\n<p>Todo o referente \u00e1 perruquer\u00eda, depilaci\u00f3n e manicura.<\/p>\n<\/blockquote>\n\n\n\n<p><strong>E que horario tes?<\/strong><\/p>\n\n\n\n<blockquote class=\"wp-block-quote is-layout-flow wp-block-quote-is-layout-flow\">\n<p>De Martes a Xoves de 9:30 a 14:00 e de 16:00 a 19:00.Os venres de 9.30 a 19.00. E<\/p>\n<\/blockquote>\n\n\n\n<blockquote class=\"wp-block-quote is-layout-flow wp-block-quote-is-layout-flow\">\n<p>os s\u00e1bados de 9.30 a 17.00<\/p>\n<\/blockquote>\n\n\n\n<p><strong>Moitas grazas Samanta<\/strong><\/p>\n\n\n\n<blockquote class=\"wp-block-quote is-layout-flow wp-block-quote-is-layout-flow\">\n<p>Grazas \u00e1 Nova Peneira. Aproveito a oportunidade das vosas p\u00e1xinas para desexarlle unhas moi felices festas a todos os meus clientes e amigos e dicir que a quen queira co\u00f1ecernos estarei encantada de que a nosa casa sexa tam\u00e9n a s\u00faa.<\/p>\n<\/blockquote>\n","protected":false},"excerpt":{"rendered":"<div class=\"mh-excerpt\"><p>Nestes tempos tan complicados nos que sen\u00f3n \u00e9 crise econ\u00f3mica \u00e9 pandemia sanitaria, guerra ou h\u00edper inflaci\u00f3n&#8230;.. pero semella que sempre pasa algo que impide poder ter unha vida normal <a class=\"mh-excerpt-more\" href=\"https:\/\/www.anovapeneira.gal\/index.php\/2023\/12\/19\/samanta-gonzalez-perruqueira\/\" title=\"Samanta Gonz\u00e1lez perruqueira\">[&#8230;]<\/a><\/p>\n<\/div>","protected":false},"author":3,"featured_media":10931,"comment_status":"open","ping_status":"open","sticky":false,"template":"","format":"standard","meta":{"_exactmetrics_skip_tracking":false,"_exactmetrics_sitenote_active":false,"_exactmetrics_sitenote_note":"","_exactmetrics_sitenote_category":0,"footnotes":""},"categories":[495],"tags":[452],"class_list":{"0":"post-10930","1":"post","2":"type-post","3":"status-publish","4":"format-standard","5":"has-post-thumbnail","7":"category-redondela-reportaxes","8":"tag-concello-de-fornelos-de-montes"},"yoast_head":"<!-- This site is optimized with the Yoast SEO plugin v27.4 - https:\/\/yoast.com\/product\/yoast-seo-wordpress\/ -->\n<title>Samanta Gonz\u00e1lez perruqueira -<\/title>\n<meta name=\"description\" content=\"Nestes tempos tan complicados nos que sen\u00f3n \u00e9 crise econ\u00f3mica \u00e9 pandemia sanitaria, guerra ou h\u00edper inflaci\u00f3n..... pero semella que sempre pasa algo que impide poder ter unha vida normal\" \/>\n<meta name=\"robots\" content=\"index, follow, max-snippet:-1, max-image-preview:large, max-video-preview:-1\" \/>\n<link rel=\"canonical\" href=\"https:\/\/www.anovapeneira.gal\/index.php\/2023\/12\/19\/samanta-gonzalez-perruqueira\/\" \/>\n<meta property=\"og:locale\" content=\"gl_ES\" \/>\n<meta property=\"og:type\" content=\"article\" \/>\n<meta property=\"og:title\" content=\"Samanta Gonz\u00e1lez perruqueira -\" \/>\n<meta property=\"og:description\" content=\"Nestes tempos tan complicados nos que sen\u00f3n \u00e9 crise econ\u00f3mica \u00e9 pandemia sanitaria, guerra ou h\u00edper inflaci\u00f3n..... pero semella que sempre pasa algo que impide poder ter unha vida normal\" \/>\n<meta property=\"og:url\" content=\"https:\/\/www.anovapeneira.gal\/index.php\/2023\/12\/19\/samanta-gonzalez-perruqueira\/\" \/>\n<meta property=\"article:publisher\" content=\"https:\/\/www.facebook.com\/anovapeneira\" \/>\n<meta property=\"article:published_time\" content=\"2023-12-19T11:00:42+00:00\" \/>\n<meta property=\"og:image\" content=\"https:\/\/www.anovapeneira.gal\/wp-content\/uploads\/2023\/12\/fornelos_peluqueria.webp\" \/>\n\t<meta property=\"og:image:width\" content=\"720\" \/>\n\t<meta property=\"og:image:height\" content=\"432\" \/>\n\t<meta property=\"og:image:type\" content=\"image\/webp\" \/>\n<meta name=\"author\" content=\"Redacci\u00f3n A Nova Peneira\" \/>\n<meta name=\"twitter:card\" content=\"summary_large_image\" \/>\n<meta name=\"twitter:image\" content=\"https:\/\/www.anovapeneira.gal\/wp-content\/uploads\/2023\/12\/fornelos_peluqueria.webp\" \/>\n<meta name=\"twitter:creator\" content=\"@APeneira\" \/>\n<meta name=\"twitter:site\" content=\"@APeneira\" \/>\n<meta name=\"twitter:label1\" content=\"Escrito por\" \/>\n\t<meta name=\"twitter:data1\" content=\"Redacci\u00f3n A Nova Peneira\" \/>\n\t<meta name=\"twitter:label2\" content=\"Tempo de lectura\" \/>\n\t<meta name=\"twitter:data2\" content=\"2 minutos\" \/>\n<script type=\"application\/ld+json\" class=\"yoast-schema-graph\">{\"@context\":\"https:\\\/\\\/schema.org\",\"@graph\":[{\"@type\":\"Article\",\"@id\":\"https:\\\/\\\/www.anovapeneira.gal\\\/index.php\\\/2023\\\/12\\\/19\\\/samanta-gonzalez-perruqueira\\\/#article\",\"isPartOf\":{\"@id\":\"https:\\\/\\\/www.anovapeneira.gal\\\/index.php\\\/2023\\\/12\\\/19\\\/samanta-gonzalez-perruqueira\\\/\"},\"author\":{\"name\":\"Redacci\u00f3n A Nova Peneira\",\"@id\":\"https:\\\/\\\/www.anovapeneira.gal\\\/#\\\/schema\\\/person\\\/b93e3f8932e3f8da96334607eb6ac6aa\"},\"headline\":\"Samanta Gonz\u00e1lez perruqueira\",\"datePublished\":\"2023-12-19T11:00:42+00:00\",\"mainEntityOfPage\":{\"@id\":\"https:\\\/\\\/www.anovapeneira.gal\\\/index.php\\\/2023\\\/12\\\/19\\\/samanta-gonzalez-perruqueira\\\/\"},\"wordCount\":583,\"commentCount\":0,\"publisher\":{\"@id\":\"https:\\\/\\\/www.anovapeneira.gal\\\/#organization\"},\"image\":{\"@id\":\"https:\\\/\\\/www.anovapeneira.gal\\\/index.php\\\/2023\\\/12\\\/19\\\/samanta-gonzalez-perruqueira\\\/#primaryimage\"},\"thumbnailUrl\":\"https:\\\/\\\/www.anovapeneira.gal\\\/wp-content\\\/uploads\\\/2023\\\/12\\\/fornelos_peluqueria.webp\",\"keywords\":[\"Concello de Fornelos de Montes\"],\"articleSection\":[\"Redondela\"],\"inLanguage\":\"gl-ES\",\"potentialAction\":[{\"@type\":\"CommentAction\",\"name\":\"Comment\",\"target\":[\"https:\\\/\\\/www.anovapeneira.gal\\\/index.php\\\/2023\\\/12\\\/19\\\/samanta-gonzalez-perruqueira\\\/#respond\"]}]},{\"@type\":\"WebPage\",\"@id\":\"https:\\\/\\\/www.anovapeneira.gal\\\/index.php\\\/2023\\\/12\\\/19\\\/samanta-gonzalez-perruqueira\\\/\",\"url\":\"https:\\\/\\\/www.anovapeneira.gal\\\/index.php\\\/2023\\\/12\\\/19\\\/samanta-gonzalez-perruqueira\\\/\",\"name\":\"Samanta Gonz\u00e1lez perruqueira -\",\"isPartOf\":{\"@id\":\"https:\\\/\\\/www.anovapeneira.gal\\\/#website\"},\"primaryImageOfPage\":{\"@id\":\"https:\\\/\\\/www.anovapeneira.gal\\\/index.php\\\/2023\\\/12\\\/19\\\/samanta-gonzalez-perruqueira\\\/#primaryimage\"},\"image\":{\"@id\":\"https:\\\/\\\/www.anovapeneira.gal\\\/index.php\\\/2023\\\/12\\\/19\\\/samanta-gonzalez-perruqueira\\\/#primaryimage\"},\"thumbnailUrl\":\"https:\\\/\\\/www.anovapeneira.gal\\\/wp-content\\\/uploads\\\/2023\\\/12\\\/fornelos_peluqueria.webp\",\"datePublished\":\"2023-12-19T11:00:42+00:00\",\"description\":\"Nestes tempos tan complicados nos que sen\u00f3n \u00e9 crise econ\u00f3mica \u00e9 pandemia sanitaria, guerra ou h\u00edper inflaci\u00f3n..... pero semella que sempre pasa algo que impide poder ter unha vida normal\",\"breadcrumb\":{\"@id\":\"https:\\\/\\\/www.anovapeneira.gal\\\/index.php\\\/2023\\\/12\\\/19\\\/samanta-gonzalez-perruqueira\\\/#breadcrumb\"},\"inLanguage\":\"gl-ES\",\"potentialAction\":[{\"@type\":\"ReadAction\",\"target\":[\"https:\\\/\\\/www.anovapeneira.gal\\\/index.php\\\/2023\\\/12\\\/19\\\/samanta-gonzalez-perruqueira\\\/\"]}]},{\"@type\":\"ImageObject\",\"inLanguage\":\"gl-ES\",\"@id\":\"https:\\\/\\\/www.anovapeneira.gal\\\/index.php\\\/2023\\\/12\\\/19\\\/samanta-gonzalez-perruqueira\\\/#primaryimage\",\"url\":\"https:\\\/\\\/www.anovapeneira.gal\\\/wp-content\\\/uploads\\\/2023\\\/12\\\/fornelos_peluqueria.webp\",\"contentUrl\":\"https:\\\/\\\/www.anovapeneira.gal\\\/wp-content\\\/uploads\\\/2023\\\/12\\\/fornelos_peluqueria.webp\",\"width\":720,\"height\":432,\"caption\":\"Samanta Gonz\u00e1lez perruqueira\"},{\"@type\":\"BreadcrumbList\",\"@id\":\"https:\\\/\\\/www.anovapeneira.gal\\\/index.php\\\/2023\\\/12\\\/19\\\/samanta-gonzalez-perruqueira\\\/#breadcrumb\",\"itemListElement\":[{\"@type\":\"ListItem\",\"position\":1,\"name\":\"Portada\",\"item\":\"https:\\\/\\\/www.anovapeneira.gal\\\/\"},{\"@type\":\"ListItem\",\"position\":2,\"name\":\"Samanta Gonz\u00e1lez perruqueira\"}]},{\"@type\":\"WebSite\",\"@id\":\"https:\\\/\\\/www.anovapeneira.gal\\\/#website\",\"url\":\"https:\\\/\\\/www.anovapeneira.gal\\\/\",\"name\":\"\",\"description\":\"Xornal galego de informaci\u00f3n xeral Publicaci\u00f3n mensual de novas de Galicia e en especial dos Concellos da sur da provincia de Pontevedra.\",\"publisher\":{\"@id\":\"https:\\\/\\\/www.anovapeneira.gal\\\/#organization\"},\"potentialAction\":[{\"@type\":\"SearchAction\",\"target\":{\"@type\":\"EntryPoint\",\"urlTemplate\":\"https:\\\/\\\/www.anovapeneira.gal\\\/?s={search_term_string}\"},\"query-input\":{\"@type\":\"PropertyValueSpecification\",\"valueRequired\":true,\"valueName\":\"search_term_string\"}}],\"inLanguage\":\"gl-ES\"},{\"@type\":\"Organization\",\"@id\":\"https:\\\/\\\/www.anovapeneira.gal\\\/#organization\",\"name\":\"A Nova Peneira\",\"url\":\"https:\\\/\\\/www.anovapeneira.gal\\\/\",\"logo\":{\"@type\":\"ImageObject\",\"inLanguage\":\"gl-ES\",\"@id\":\"https:\\\/\\\/www.anovapeneira.gal\\\/#\\\/schema\\\/logo\\\/image\\\/\",\"url\":\"http:\\\/\\\/www.anovapeneira.gal\\\/wp-content\\\/uploads\\\/2019\\\/06\\\/logo_a_nova_peneira_portal_web.png\",\"contentUrl\":\"http:\\\/\\\/www.anovapeneira.gal\\\/wp-content\\\/uploads\\\/2019\\\/06\\\/logo_a_nova_peneira_portal_web.png\",\"width\":300,\"height\":100,\"caption\":\"A Nova Peneira\"},\"image\":{\"@id\":\"https:\\\/\\\/www.anovapeneira.gal\\\/#\\\/schema\\\/logo\\\/image\\\/\"},\"sameAs\":[\"https:\\\/\\\/www.facebook.com\\\/anovapeneira\",\"https:\\\/\\\/x.com\\\/APeneira\"]},{\"@type\":\"Person\",\"@id\":\"https:\\\/\\\/www.anovapeneira.gal\\\/#\\\/schema\\\/person\\\/b93e3f8932e3f8da96334607eb6ac6aa\",\"name\":\"Redacci\u00f3n A Nova Peneira\",\"image\":{\"@type\":\"ImageObject\",\"inLanguage\":\"gl-ES\",\"@id\":\"https:\\\/\\\/secure.gravatar.com\\\/avatar\\\/c052a2551a06e23fac63626232eaa90abd78dbcf1700fc46a2b2c89fd27b735f?s=96&d=mm&r=g\",\"url\":\"https:\\\/\\\/secure.gravatar.com\\\/avatar\\\/c052a2551a06e23fac63626232eaa90abd78dbcf1700fc46a2b2c89fd27b735f?s=96&d=mm&r=g\",\"contentUrl\":\"https:\\\/\\\/secure.gravatar.com\\\/avatar\\\/c052a2551a06e23fac63626232eaa90abd78dbcf1700fc46a2b2c89fd27b735f?s=96&d=mm&r=g\",\"caption\":\"Redacci\u00f3n A Nova Peneira\"},\"sameAs\":[\"http:\\\/\\\/www.anovapeneira.gal\\\/\"],\"url\":\"https:\\\/\\\/www.anovapeneira.gal\\\/index.php\\\/author\\\/redactor\\\/\"}]}<\/script>\n<!-- \/ Yoast SEO plugin. -->","yoast_head_json":{"title":"Samanta Gonz\u00e1lez perruqueira -","description":"Nestes tempos tan complicados nos que sen\u00f3n \u00e9 crise econ\u00f3mica \u00e9 pandemia sanitaria, guerra ou h\u00edper inflaci\u00f3n..... pero semella que sempre pasa algo que impide poder ter unha vida normal","robots":{"index":"index","follow":"follow","max-snippet":"max-snippet:-1","max-image-preview":"max-image-preview:large","max-video-preview":"max-video-preview:-1"},"canonical":"https:\/\/www.anovapeneira.gal\/index.php\/2023\/12\/19\/samanta-gonzalez-perruqueira\/","og_locale":"gl_ES","og_type":"article","og_title":"Samanta Gonz\u00e1lez perruqueira -","og_description":"Nestes tempos tan complicados nos que sen\u00f3n \u00e9 crise econ\u00f3mica \u00e9 pandemia sanitaria, guerra ou h\u00edper inflaci\u00f3n..... pero semella que sempre pasa algo que impide poder ter unha vida normal","og_url":"https:\/\/www.anovapeneira.gal\/index.php\/2023\/12\/19\/samanta-gonzalez-perruqueira\/","article_publisher":"https:\/\/www.facebook.com\/anovapeneira","article_published_time":"2023-12-19T11:00:42+00:00","og_image":[{"width":720,"height":432,"url":"https:\/\/www.anovapeneira.gal\/wp-content\/uploads\/2023\/12\/fornelos_peluqueria.webp","type":"image\/webp"}],"author":"Redacci\u00f3n A Nova Peneira","twitter_card":"summary_large_image","twitter_image":"https:\/\/www.anovapeneira.gal\/wp-content\/uploads\/2023\/12\/fornelos_peluqueria.webp","twitter_creator":"@APeneira","twitter_site":"@APeneira","twitter_misc":{"Escrito por":"Redacci\u00f3n A Nova Peneira","Tempo de lectura":"2 minutos"},"schema":{"@context":"https:\/\/schema.org","@graph":[{"@type":"Article","@id":"https:\/\/www.anovapeneira.gal\/index.php\/2023\/12\/19\/samanta-gonzalez-perruqueira\/#article","isPartOf":{"@id":"https:\/\/www.anovapeneira.gal\/index.php\/2023\/12\/19\/samanta-gonzalez-perruqueira\/"},"author":{"name":"Redacci\u00f3n A Nova Peneira","@id":"https:\/\/www.anovapeneira.gal\/#\/schema\/person\/b93e3f8932e3f8da96334607eb6ac6aa"},"headline":"Samanta Gonz\u00e1lez perruqueira","datePublished":"2023-12-19T11:00:42+00:00","mainEntityOfPage":{"@id":"https:\/\/www.anovapeneira.gal\/index.php\/2023\/12\/19\/samanta-gonzalez-perruqueira\/"},"wordCount":583,"commentCount":0,"publisher":{"@id":"https:\/\/www.anovapeneira.gal\/#organization"},"image":{"@id":"https:\/\/www.anovapeneira.gal\/index.php\/2023\/12\/19\/samanta-gonzalez-perruqueira\/#primaryimage"},"thumbnailUrl":"https:\/\/www.anovapeneira.gal\/wp-content\/uploads\/2023\/12\/fornelos_peluqueria.webp","keywords":["Concello de Fornelos de Montes"],"articleSection":["Redondela"],"inLanguage":"gl-ES","potentialAction":[{"@type":"CommentAction","name":"Comment","target":["https:\/\/www.anovapeneira.gal\/index.php\/2023\/12\/19\/samanta-gonzalez-perruqueira\/#respond"]}]},{"@type":"WebPage","@id":"https:\/\/www.anovapeneira.gal\/index.php\/2023\/12\/19\/samanta-gonzalez-perruqueira\/","url":"https:\/\/www.anovapeneira.gal\/index.php\/2023\/12\/19\/samanta-gonzalez-perruqueira\/","name":"Samanta Gonz\u00e1lez perruqueira -","isPartOf":{"@id":"https:\/\/www.anovapeneira.gal\/#website"},"primaryImageOfPage":{"@id":"https:\/\/www.anovapeneira.gal\/index.php\/2023\/12\/19\/samanta-gonzalez-perruqueira\/#primaryimage"},"image":{"@id":"https:\/\/www.anovapeneira.gal\/index.php\/2023\/12\/19\/samanta-gonzalez-perruqueira\/#primaryimage"},"thumbnailUrl":"https:\/\/www.anovapeneira.gal\/wp-content\/uploads\/2023\/12\/fornelos_peluqueria.webp","datePublished":"2023-12-19T11:00:42+00:00","description":"Nestes tempos tan complicados nos que sen\u00f3n \u00e9 crise econ\u00f3mica \u00e9 pandemia sanitaria, guerra ou h\u00edper inflaci\u00f3n..... pero semella que sempre pasa algo que impide poder ter unha vida normal","breadcrumb":{"@id":"https:\/\/www.anovapeneira.gal\/index.php\/2023\/12\/19\/samanta-gonzalez-perruqueira\/#breadcrumb"},"inLanguage":"gl-ES","potentialAction":[{"@type":"ReadAction","target":["https:\/\/www.anovapeneira.gal\/index.php\/2023\/12\/19\/samanta-gonzalez-perruqueira\/"]}]},{"@type":"ImageObject","inLanguage":"gl-ES","@id":"https:\/\/www.anovapeneira.gal\/index.php\/2023\/12\/19\/samanta-gonzalez-perruqueira\/#primaryimage","url":"https:\/\/www.anovapeneira.gal\/wp-content\/uploads\/2023\/12\/fornelos_peluqueria.webp","contentUrl":"https:\/\/www.anovapeneira.gal\/wp-content\/uploads\/2023\/12\/fornelos_peluqueria.webp","width":720,"height":432,"caption":"Samanta Gonz\u00e1lez perruqueira"},{"@type":"BreadcrumbList","@id":"https:\/\/www.anovapeneira.gal\/index.php\/2023\/12\/19\/samanta-gonzalez-perruqueira\/#breadcrumb","itemListElement":[{"@type":"ListItem","position":1,"name":"Portada","item":"https:\/\/www.anovapeneira.gal\/"},{"@type":"ListItem","position":2,"name":"Samanta Gonz\u00e1lez perruqueira"}]},{"@type":"WebSite","@id":"https:\/\/www.anovapeneira.gal\/#website","url":"https:\/\/www.anovapeneira.gal\/","name":"","description":"Xornal galego de informaci\u00f3n xeral Publicaci\u00f3n mensual de novas de Galicia e en especial dos Concellos da sur da provincia de Pontevedra.","publisher":{"@id":"https:\/\/www.anovapeneira.gal\/#organization"},"potentialAction":[{"@type":"SearchAction","target":{"@type":"EntryPoint","urlTemplate":"https:\/\/www.anovapeneira.gal\/?s={search_term_string}"},"query-input":{"@type":"PropertyValueSpecification","valueRequired":true,"valueName":"search_term_string"}}],"inLanguage":"gl-ES"},{"@type":"Organization","@id":"https:\/\/www.anovapeneira.gal\/#organization","name":"A Nova Peneira","url":"https:\/\/www.anovapeneira.gal\/","logo":{"@type":"ImageObject","inLanguage":"gl-ES","@id":"https:\/\/www.anovapeneira.gal\/#\/schema\/logo\/image\/","url":"http:\/\/www.anovapeneira.gal\/wp-content\/uploads\/2019\/06\/logo_a_nova_peneira_portal_web.png","contentUrl":"http:\/\/www.anovapeneira.gal\/wp-content\/uploads\/2019\/06\/logo_a_nova_peneira_portal_web.png","width":300,"height":100,"caption":"A Nova Peneira"},"image":{"@id":"https:\/\/www.anovapeneira.gal\/#\/schema\/logo\/image\/"},"sameAs":["https:\/\/www.facebook.com\/anovapeneira","https:\/\/x.com\/APeneira"]},{"@type":"Person","@id":"https:\/\/www.anovapeneira.gal\/#\/schema\/person\/b93e3f8932e3f8da96334607eb6ac6aa","name":"Redacci\u00f3n A Nova Peneira","image":{"@type":"ImageObject","inLanguage":"gl-ES","@id":"https:\/\/secure.gravatar.com\/avatar\/c052a2551a06e23fac63626232eaa90abd78dbcf1700fc46a2b2c89fd27b735f?s=96&d=mm&r=g","url":"https:\/\/secure.gravatar.com\/avatar\/c052a2551a06e23fac63626232eaa90abd78dbcf1700fc46a2b2c89fd27b735f?s=96&d=mm&r=g","contentUrl":"https:\/\/secure.gravatar.com\/avatar\/c052a2551a06e23fac63626232eaa90abd78dbcf1700fc46a2b2c89fd27b735f?s=96&d=mm&r=g","caption":"Redacci\u00f3n A Nova Peneira"},"sameAs":["http:\/\/www.anovapeneira.gal\/"],"url":"https:\/\/www.anovapeneira.gal\/index.php\/author\/redactor\/"}]}},"jetpack_featured_media_url":"https:\/\/www.anovapeneira.gal\/wp-content\/uploads\/2023\/12\/fornelos_peluqueria.webp","_links":{"self":[{"href":"https:\/\/www.anovapeneira.gal\/index.php\/wp-json\/wp\/v2\/posts\/10930","targetHints":{"allow":["GET"]}}],"collection":[{"href":"https:\/\/www.anovapeneira.gal\/index.php\/wp-json\/wp\/v2\/posts"}],"about":[{"href":"https:\/\/www.anovapeneira.gal\/index.php\/wp-json\/wp\/v2\/types\/post"}],"author":[{"embeddable":true,"href":"https:\/\/www.anovapeneira.gal\/index.php\/wp-json\/wp\/v2\/users\/3"}],"replies":[{"embeddable":true,"href":"https:\/\/www.anovapeneira.gal\/index.php\/wp-json\/wp\/v2\/comments?post=10930"}],"version-history":[{"count":1,"href":"https:\/\/www.anovapeneira.gal\/index.php\/wp-json\/wp\/v2\/posts\/10930\/revisions"}],"predecessor-version":[{"id":10932,"href":"https:\/\/www.anovapeneira.gal\/index.php\/wp-json\/wp\/v2\/posts\/10930\/revisions\/10932"}],"wp:featuredmedia":[{"embeddable":true,"href":"https:\/\/www.anovapeneira.gal\/index.php\/wp-json\/wp\/v2\/media\/10931"}],"wp:attachment":[{"href":"https:\/\/www.anovapeneira.gal\/index.php\/wp-json\/wp\/v2\/media?parent=10930"}],"wp:term":[{"taxonomy":"category","embeddable":true,"href":"https:\/\/www.anovapeneira.gal\/index.php\/wp-json\/wp\/v2\/categories?post=10930"},{"taxonomy":"post_tag","embeddable":true,"href":"https:\/\/www.anovapeneira.gal\/index.php\/wp-json\/wp\/v2\/tags?post=10930"}],"curies":[{"name":"wp","href":"https:\/\/api.w.org\/{rel}","templated":true}]}}