{"id":10935,"date":"2023-12-20T10:00:52","date_gmt":"2023-12-20T09:00:52","guid":{"rendered":"https:\/\/www.anovapeneira.gal\/?p=10935"},"modified":"2023-12-20T13:17:12","modified_gmt":"2023-12-20T12:17:12","slug":"digna-rivas-alcaldesa-de-redondela-6","status":"publish","type":"post","link":"https:\/\/www.anovapeneira.gal\/index.php\/2023\/12\/20\/digna-rivas-alcaldesa-de-redondela-6\/","title":{"rendered":"Digna Rivas, alcaldesa de Redondela"},"content":{"rendered":"\n<p><strong>A piques de rematar o ano conversamos coa alcaldesa de Redondela para co\u00f1ecer a s\u00faa visi\u00f3n sobre o estado das cousas na s\u00faa localidade. A alcaldesa defendeu con paix\u00f3n a actuaci\u00f3n do goberno que preside, expresou , novamente, a inmensa honra que sup\u00f3n para ela ser a alcaldesa do seu pobo e amosou o seu desgusto polo tipo de oposici\u00f3n, ao seu xu\u00edzo absolutamente destrutiva, que exerce o PP local. Vela\u00ed vai o que deu de si a nosa conversa.<\/strong><\/p>\n\n\n\n<h2 class=\"wp-block-heading\">\u201c<strong>Javier Bas \u00e9 o m\u00e1ximo responsable dunha forma destrutiva de facer pol\u00edtica que en absoluto beneficia a Redondela\u201d<\/strong><\/h2>\n\n\n\n<p><strong>O primeiro que me chama atenci\u00f3n ao entrar no Concello \u00e9 que est\u00e1 \u201c patas para arriba\u201d.Por que?<\/strong><\/p>\n\n\n\n<blockquote class=\"wp-block-quote is-layout-flow wp-block-quote-is-layout-flow\">\n<p>Ben, estamos a piques de rematar unhas actuaci\u00f3ns que te\u00f1en como obxecto multiplicar o aforro enerx\u00e9tico no Concello. Eu comprendo e lamento as molestias que poidan ocasionar as obras \u00e1s persoas que ve\u00f1en ao Concello, pero son obras que van mellorar o noso concello.<\/p>\n<\/blockquote>\n\n\n\n<p><strong>Recentemente o PP de Redondela , nunha rolda de prensa, formulou unha acusaci\u00f3n moi grave contra ti: Acusouche de falsificar unha sinatura. Hai algo de verdade na devandita acusaci\u00f3n?, falsificaches esa sinatura?<\/strong><\/p>\n\n\n\n<blockquote class=\"wp-block-quote is-layout-flow wp-block-quote-is-layout-flow\">\n<p>\u00c9 totalmente falso, radicalmente falso. Desde logo que eu non falsifiquei sinatura algunha. Non podo entrar en moitas fonduras neste asunto porque, como sabes, o puxen en mans da xustiza .Pero si digo con claridade absoluta, con rotundidade meridiana que a acusaci\u00f3n \u00e9 falsa.<\/p>\n<\/blockquote>\n\n\n\n<p><strong>Contra quen se dirixe a querela que presentaches?<\/strong><\/p>\n\n\n\n<blockquote class=\"wp-block-quote is-layout-flow wp-block-quote-is-layout-flow\">\n<p>Contra Javier Bas e contra o Partido Popular.<\/p>\n<\/blockquote>\n\n\n\n<p><strong>En nada entramos nas festas de Nadal. Como as vai a enfocar o Concello de Redondela?.<\/strong><\/p>\n\n\n\n<blockquote class=\"wp-block-quote is-layout-flow wp-block-quote-is-layout-flow\">\n<p>Os v\u00ednculos de Redondela coa festa e coa cultura est\u00e1n tan profundamente inseridos na psique colectiva da veci\u00f1anza do noso pobo que calquera ocasi\u00f3n como esta esixe o m\u00e1ximo esforzo da administraci\u00f3n municipal. E desde logo por este goberno e por esta alcaldesa non vai quedar para que no a n\u00f3s respecta toda a veci\u00f1anza goce das festas plenamente. Hoxe mesmo( 13\/12) presentaremos a campa\u00f1a de Nadal con todas as actividades que desenvolveremos nos dous cascos e nas distintas parroquias. Quixera salientar algunha como por exemplo: As festas de pre fin de ano tanto en Chapela como en Redondela, as visitas de Papa Noel \u00e1s parroquias, innumerables actividades musicais e para o lecer&#8230;&#8230;&#8230;..<\/p>\n<\/blockquote>\n\n\n\n<p><strong>O PP de Redondela ga\u00f1ou as elecci\u00f3ns municipais en Redondela?<\/strong><\/p>\n\n\n\n<blockquote class=\"wp-block-quote is-layout-flow wp-block-quote-is-layout-flow\">\n<p>Redondela \u00e9 unha Vila socioloxicamente de esquerdas e nas urnas dixo claramente que quer\u00eda un goberno de esquerdas liderado por unha muller socialista.<\/p>\n<\/blockquote>\n\n\n\n<p><strong>\u00c9 dif\u00edcil de entender que, sendo as\u00ed, as tres forzas de esquerda do pleno non cheguedes a un acordo para exercer ese mandato ?<\/strong><\/p>\n\n\n\n<blockquote class=\"wp-block-quote is-layout-flow wp-block-quote-is-layout-flow\">\n<p>S\u00f3 che podo dicir ao respecto disto que eu respecto moito as decisi\u00f3ns internas do BNG. F\u00edxeno no pasado, f\u00e1goo no presente e fareino no futuro estea onde estea. Agradezo moito o seu voto afirmativo na investidura e coa mesma rotundidade que me expresei antes digo agora que o BNG ten a porta aberta para se integrar no goberno cando queira. Eu estar\u00eda encantada. Xa temos , nestes dous mandatos, concretado acordos sobre cuesti\u00f3ns que se converteron en realidades moi positivas para Redondela.<\/p>\n<\/blockquote>\n\n\n\n<p><strong>Por exemplo?<\/strong><\/p>\n\n\n\n<blockquote class=\"wp-block-quote is-layout-flow wp-block-quote-is-layout-flow\">\n<p>A praza de Ponteareas, o aparcadoiro disuasorio que se acaba de rematar, a Picota, en breve licitaremos unha obra de case un mill\u00f3n de \u20ac no Salgueiral, a reforma da alameda de Chapela&#8230;&#8230;<\/p>\n<\/blockquote>\n\n\n\n<p><strong>Nestas actuaci\u00f3ns sentiches algunha vez o apoio do PP de Redondela?<\/strong><\/p>\n\n\n\n<blockquote class=\"wp-block-quote is-layout-flow wp-block-quote-is-layout-flow\">\n<p>Non, nunca xamais. Unha cousa \u00e9 facer oposici\u00f3n que \u00e9 algo absolutamente lex\u00edtimo e t\u00e9\u00f1eno que facer claro que si, e outra \u00e9 xogar \u00e1 contra sempre, e tensionar \u00e1 sociedade sempre.<\/p>\n<\/blockquote>\n\n\n\n<p><strong>Pero \u00e9 todo o grupo municipal do PP?<\/strong><\/p>\n\n\n\n<blockquote class=\"wp-block-quote is-layout-flow wp-block-quote-is-layout-flow\">\n<p>O grupo municipal \u00e9 un reflexo do que \u00e9 o seu candidato, que parece que veu de Madrid imbu\u00eddo da estratexia de tensi\u00f3n permanente que aplica o seu partido no congreso. Javier Bas \u00e9 o m\u00e1ximo responsable dunha forma destrutiva de facer pol\u00edtica que en absoluto beneficia a Redondela. A s\u00faa oposici\u00f3n \u00e9 un constante acoso e derribo, desnortada sen direcci\u00f3n, que chega a paralizar ao concello. Eu convido a Javier Bas a que reflexione e que faga oposici\u00f3n, claro que si, pero non como a fai agora. Redondela precisa un PP que faga unha oposici\u00f3n construtiva.<\/p>\n<\/blockquote>\n\n\n\n<p><strong>Como est\u00e1 o asunto do SAF?<\/strong><\/p>\n\n\n\n<blockquote class=\"wp-block-quote is-layout-flow wp-block-quote-is-layout-flow\">\n<p>Xa abrimos as mesas de contrataci\u00f3n e pronto teremos unha empresa que faga ese servizo.<\/p>\n<\/blockquote>\n\n\n\n<p><strong>De que orientaci\u00f3n temporal podemos estar falando?<\/strong><\/p>\n\n\n\n<blockquote class=\"wp-block-quote is-layout-flow wp-block-quote-is-layout-flow\">\n<p>Se non se complica, que agardo que non, penso que nun par de meses.<\/p>\n<\/blockquote>\n\n\n\n<p><strong>Unha empresa nova?<\/strong><\/p>\n\n\n\n<blockquote class=\"wp-block-quote is-layout-flow wp-block-quote-is-layout-flow\">\n<p>Unha empresa.<\/p>\n<\/blockquote>\n\n\n\n<p><strong>Que ter\u00e1 que xestionar mellor do que se xestionou ata agora?<\/strong><\/p>\n\n\n\n<blockquote class=\"wp-block-quote is-layout-flow wp-block-quote-is-layout-flow\">\n<p>Si, desde logo que si. De feito os pregos que fixemos son para iso, para que se lle dea o servizo adecuado aos usuarios e usuarias. Ao respecto disto quero apuntar unha cousa: Esta \u00e9 unha competencia da Xunta que a administraci\u00f3n auton\u00f3mica obriga a asumir aos concellos e \u00e9 un gasto para as administraci\u00f3ns municipais dun volume moi elevado. Deberiamos xuntarnos, creo eu, todos os alcaldes e alcaldesas e p\u00f3r \u00e1 Xunta no seu sitio porque o que fan con isto \u00e9 intolerable.<\/p>\n<\/blockquote>\n\n\n\n<p><strong>Est\u00e1n abandonadas as parroquias?<\/strong><\/p>\n\n\n\n<blockquote class=\"wp-block-quote is-layout-flow wp-block-quote-is-layout-flow\">\n<p>Outra falsidade m\u00e1is. Desde logo que hai que mellorar. Pero nin abandono nin nada que se lle pareza. Este mandato haber\u00e1 unha ampla bater\u00eda de actuaci\u00f3ns para mellorar distintas zonas das parroquias de Redondela. Por outra parte estamos na fase de pregos dun contrato para rozar os cami\u00f1os das nosas parroquias que vai ser hist\u00f3rico. Nunca se fixera nada parecido en Redondela. E agora faremos un contrato para rozar d\u00faas veces ao ano os nosos cami\u00f1os.<\/p>\n<\/blockquote>\n\n\n\n<p><strong>Caramba , iso non debe de ser nada barato?<\/strong><\/p>\n\n\n\n<blockquote class=\"wp-block-quote is-layout-flow wp-block-quote-is-layout-flow\">\n<p>Pois non, \u00e9 un gasto considerable pero \u00e9 necesario para atender adecuadamente as parroquias e a vontade desta alcaldesa e deste goberno e darlles a mellor atenci\u00f3n posible.<\/p>\n<\/blockquote>\n\n\n\n<p><strong>Est\u00e1 sucio o casco urbano?<\/strong><\/p>\n\n\n\n<blockquote class=\"wp-block-quote is-layout-flow wp-block-quote-is-layout-flow\">\n<p>Non,claro que non. Poder\u00eda , como todo na vida, mellorarse claro que si. Pero eu doulle as grazas aos operarios e \u00e1s operarias do servizo de limpeza porque sei que traballan arreo para manter as nosas r\u00faa en bo estado.<\/p>\n<\/blockquote>\n\n\n\n<p><strong>Como est\u00e1n as relaci\u00f3ns co concelleiro Roberto Villar e con AER?<\/strong><\/p>\n\n\n\n<blockquote class=\"wp-block-quote is-layout-flow wp-block-quote-is-layout-flow\">\n<p>Moi correctas.<\/p>\n<\/blockquote>\n\n\n\n<p><strong>Non prev\u00e9s que se repitan as tensi\u00f3ns do mandato anterior?<\/strong><\/p>\n\n\n\n<blockquote class=\"wp-block-quote is-layout-flow wp-block-quote-is-layout-flow\">\n<p>Roberto \u00e9 unha persoa traballadora coa que se pode debater perfectamente. Eu digo que as tres forzas de esquerda de Redondela temos moitas m\u00e1is cousas en com\u00fan que diferenzas, e deberiamos, por responsabilidade e porque as\u00ed o quere a maior\u00eda da sociedade redondel\u00e1, chegar a acordos.<\/p>\n<\/blockquote>\n\n\n\n<p><strong>Temos alg\u00fan proxecto significativo para este mandato?<\/strong><\/p>\n\n\n\n<blockquote class=\"wp-block-quote is-layout-flow wp-block-quote-is-layout-flow\">\n<p>Se cadra os m\u00e1is destacados son:Temos previsto unha actuaci\u00f3n moi importante no litoral de Cesantes, a segunda fase da senda verde de Chapela,un edificio multiusos tam\u00e9n en Chapela, o auditorio ao aire libre na zona da Petanca&#8230;<\/p>\n<\/blockquote>\n\n\n\n<p><strong>Xa tivemos alg\u00fan contacto coa nova Deputaci\u00f3n?<\/strong><\/p>\n\n\n\n<blockquote class=\"wp-block-quote is-layout-flow wp-block-quote-is-layout-flow\">\n<p>Veu o presidente a asinar o convenio para as actuaci\u00f3ns no Salgueiral, convenio que provi\u00f1a xa da anterior Deputaci\u00f3n. Estou preocupada polos criterios de financiamento que determinar\u00e1 esta nova DEPO. Agardo que mante\u00f1an os criterios obxectivos \u00e1 hora de determinar como vai ser a distribuci\u00f3n de fondos. Pero a d\u00eda de hoxe, 13 de decembro, a\u00ednda non sei nada. E estou preocupada.<\/p>\n<\/blockquote>\n\n\n\n<p><strong>O asesor da DEPO Javier Bas falou contigo algo ao respecto?<\/strong><\/p>\n\n\n\n<blockquote class=\"wp-block-quote is-layout-flow wp-block-quote-is-layout-flow\">\n<p>Non.<\/p>\n<\/blockquote>\n\n\n\n<p><strong>Como est\u00e1s de \u00e1nimos e de moral?<\/strong><\/p>\n\n\n\n<blockquote class=\"wp-block-quote is-layout-flow wp-block-quote-is-layout-flow\">\n<p>Forte, teimuda e con moito \u00e1nimo. Quero a Redondela, creo en Redondela e para unha muller socialista coma min ser alcaldesa do meu pobo \u00e9 unha inmensa honra. Estou tremendamente agradecida \u00e1 veci\u00f1anza pola s\u00faa confianza. Comet\u00edn e cometerei erros seguro, pero a mi\u00f1a vontade de dar o mellor de min para que Redondela te\u00f1a un goberno xusto , que se ocupe de todas e todos por igual, \u00e9 inquebrantable.<\/p>\n<\/blockquote>\n\n\n\n<p><strong>En breve teremos elecci\u00f3ns na Xunta. Como as ve a alcaldesa de Redondela?<\/strong><\/p>\n\n\n\n<blockquote class=\"wp-block-quote is-layout-flow wp-block-quote-is-layout-flow\">\n<p>Galicia precisa un cambio, prec\u00edsao m\u00e1is que nunca. E a alcaldesa de Redondela vai dar o mellor de si mesma para chegar \u00e1 alma e aos coraz\u00f3ns da maior cantidade de persoas posible e convencelas da necesidade dese cambio. O cambio \u00e9 posible. Eu aposto polo cambio.<\/p>\n<\/blockquote>\n","protected":false},"excerpt":{"rendered":"<div class=\"mh-excerpt\"><p>A piques de rematar o ano conversamos coa alcaldesa de Redondela para co\u00f1ecer a s\u00faa visi\u00f3n sobre o estado das cousas na s\u00faa localidade <a class=\"mh-excerpt-more\" href=\"https:\/\/www.anovapeneira.gal\/index.php\/2023\/12\/20\/digna-rivas-alcaldesa-de-redondela-6\/\" title=\"Digna Rivas, alcaldesa de Redondela\">[&#8230;]<\/a><\/p>\n<\/div>","protected":false},"author":3,"featured_media":10937,"comment_status":"open","ping_status":"open","sticky":false,"template":"","format":"standard","meta":{"_exactmetrics_skip_tracking":false,"_exactmetrics_sitenote_active":false,"_exactmetrics_sitenote_note":"","_exactmetrics_sitenote_category":0,"footnotes":""},"categories":[270],"tags":[171],"class_list":{"0":"post-10935","1":"post","2":"type-post","3":"status-publish","4":"format-standard","5":"has-post-thumbnail","7":"category-redondela-entrevistas","8":"tag-concello-de-redondela"},"yoast_head":"<!-- This site is optimized with the Yoast SEO plugin v27.4 - https:\/\/yoast.com\/product\/yoast-seo-wordpress\/ -->\n<title>Digna Rivas, alcaldesa de Redondela -<\/title>\n<meta name=\"description\" content=\"A piques de rematar o ano conversamos coa alcaldesa de Redondela para co\u00f1ecer a s\u00faa visi\u00f3n sobre o estado das cousas na s\u00faa localidade\" \/>\n<meta name=\"robots\" content=\"index, follow, max-snippet:-1, max-image-preview:large, max-video-preview:-1\" \/>\n<link rel=\"canonical\" href=\"https:\/\/www.anovapeneira.gal\/index.php\/2023\/12\/20\/digna-rivas-alcaldesa-de-redondela-6\/\" \/>\n<meta property=\"og:locale\" content=\"gl_ES\" \/>\n<meta property=\"og:type\" content=\"article\" \/>\n<meta property=\"og:title\" content=\"Digna Rivas, alcaldesa de Redondela -\" \/>\n<meta property=\"og:description\" content=\"A piques de rematar o ano conversamos coa alcaldesa de Redondela para co\u00f1ecer a s\u00faa visi\u00f3n sobre o estado das cousas na s\u00faa localidade\" \/>\n<meta property=\"og:url\" content=\"https:\/\/www.anovapeneira.gal\/index.php\/2023\/12\/20\/digna-rivas-alcaldesa-de-redondela-6\/\" \/>\n<meta property=\"article:publisher\" content=\"https:\/\/www.facebook.com\/anovapeneira\" \/>\n<meta property=\"article:published_time\" content=\"2023-12-20T09:00:52+00:00\" \/>\n<meta property=\"article:modified_time\" content=\"2023-12-20T12:17:12+00:00\" \/>\n<meta property=\"og:image\" content=\"https:\/\/www.anovapeneira.gal\/wp-content\/uploads\/2023\/12\/digna_rivas.webp\" \/>\n\t<meta property=\"og:image:width\" content=\"720\" \/>\n\t<meta property=\"og:image:height\" content=\"432\" \/>\n\t<meta property=\"og:image:type\" content=\"image\/webp\" \/>\n<meta name=\"author\" content=\"Redacci\u00f3n A Nova Peneira\" \/>\n<meta name=\"twitter:card\" content=\"summary_large_image\" \/>\n<meta name=\"twitter:creator\" content=\"@APeneira\" \/>\n<meta name=\"twitter:site\" content=\"@APeneira\" \/>\n<meta name=\"twitter:label1\" content=\"Escrito por\" \/>\n\t<meta name=\"twitter:data1\" content=\"Redacci\u00f3n A Nova Peneira\" \/>\n\t<meta name=\"twitter:label2\" content=\"Tempo de lectura\" \/>\n\t<meta name=\"twitter:data2\" content=\"2 minutos\" \/>\n<script type=\"application\/ld+json\" class=\"yoast-schema-graph\">{\"@context\":\"https:\\\/\\\/schema.org\",\"@graph\":[{\"@type\":\"Article\",\"@id\":\"https:\\\/\\\/www.anovapeneira.gal\\\/index.php\\\/2023\\\/12\\\/20\\\/digna-rivas-alcaldesa-de-redondela-6\\\/#article\",\"isPartOf\":{\"@id\":\"https:\\\/\\\/www.anovapeneira.gal\\\/index.php\\\/2023\\\/12\\\/20\\\/digna-rivas-alcaldesa-de-redondela-6\\\/\"},\"author\":{\"name\":\"Redacci\u00f3n A Nova Peneira\",\"@id\":\"https:\\\/\\\/www.anovapeneira.gal\\\/#\\\/schema\\\/person\\\/b93e3f8932e3f8da96334607eb6ac6aa\"},\"headline\":\"Digna Rivas, alcaldesa de Redondela\",\"datePublished\":\"2023-12-20T09:00:52+00:00\",\"dateModified\":\"2023-12-20T12:17:12+00:00\",\"mainEntityOfPage\":{\"@id\":\"https:\\\/\\\/www.anovapeneira.gal\\\/index.php\\\/2023\\\/12\\\/20\\\/digna-rivas-alcaldesa-de-redondela-6\\\/\"},\"wordCount\":1406,\"commentCount\":0,\"publisher\":{\"@id\":\"https:\\\/\\\/www.anovapeneira.gal\\\/#organization\"},\"image\":{\"@id\":\"https:\\\/\\\/www.anovapeneira.gal\\\/index.php\\\/2023\\\/12\\\/20\\\/digna-rivas-alcaldesa-de-redondela-6\\\/#primaryimage\"},\"thumbnailUrl\":\"https:\\\/\\\/www.anovapeneira.gal\\\/wp-content\\\/uploads\\\/2023\\\/12\\\/digna_rivas.webp\",\"keywords\":[\"Concello de Redondela\"],\"articleSection\":[\"Redondela\"],\"inLanguage\":\"gl-ES\",\"potentialAction\":[{\"@type\":\"CommentAction\",\"name\":\"Comment\",\"target\":[\"https:\\\/\\\/www.anovapeneira.gal\\\/index.php\\\/2023\\\/12\\\/20\\\/digna-rivas-alcaldesa-de-redondela-6\\\/#respond\"]}]},{\"@type\":\"WebPage\",\"@id\":\"https:\\\/\\\/www.anovapeneira.gal\\\/index.php\\\/2023\\\/12\\\/20\\\/digna-rivas-alcaldesa-de-redondela-6\\\/\",\"url\":\"https:\\\/\\\/www.anovapeneira.gal\\\/index.php\\\/2023\\\/12\\\/20\\\/digna-rivas-alcaldesa-de-redondela-6\\\/\",\"name\":\"Digna Rivas, alcaldesa de Redondela -\",\"isPartOf\":{\"@id\":\"https:\\\/\\\/www.anovapeneira.gal\\\/#website\"},\"primaryImageOfPage\":{\"@id\":\"https:\\\/\\\/www.anovapeneira.gal\\\/index.php\\\/2023\\\/12\\\/20\\\/digna-rivas-alcaldesa-de-redondela-6\\\/#primaryimage\"},\"image\":{\"@id\":\"https:\\\/\\\/www.anovapeneira.gal\\\/index.php\\\/2023\\\/12\\\/20\\\/digna-rivas-alcaldesa-de-redondela-6\\\/#primaryimage\"},\"thumbnailUrl\":\"https:\\\/\\\/www.anovapeneira.gal\\\/wp-content\\\/uploads\\\/2023\\\/12\\\/digna_rivas.webp\",\"datePublished\":\"2023-12-20T09:00:52+00:00\",\"dateModified\":\"2023-12-20T12:17:12+00:00\",\"description\":\"A piques de rematar o ano conversamos coa alcaldesa de Redondela para co\u00f1ecer a s\u00faa visi\u00f3n sobre o estado das cousas na s\u00faa localidade\",\"breadcrumb\":{\"@id\":\"https:\\\/\\\/www.anovapeneira.gal\\\/index.php\\\/2023\\\/12\\\/20\\\/digna-rivas-alcaldesa-de-redondela-6\\\/#breadcrumb\"},\"inLanguage\":\"gl-ES\",\"potentialAction\":[{\"@type\":\"ReadAction\",\"target\":[\"https:\\\/\\\/www.anovapeneira.gal\\\/index.php\\\/2023\\\/12\\\/20\\\/digna-rivas-alcaldesa-de-redondela-6\\\/\"]}]},{\"@type\":\"ImageObject\",\"inLanguage\":\"gl-ES\",\"@id\":\"https:\\\/\\\/www.anovapeneira.gal\\\/index.php\\\/2023\\\/12\\\/20\\\/digna-rivas-alcaldesa-de-redondela-6\\\/#primaryimage\",\"url\":\"https:\\\/\\\/www.anovapeneira.gal\\\/wp-content\\\/uploads\\\/2023\\\/12\\\/digna_rivas.webp\",\"contentUrl\":\"https:\\\/\\\/www.anovapeneira.gal\\\/wp-content\\\/uploads\\\/2023\\\/12\\\/digna_rivas.webp\",\"width\":720,\"height\":432,\"caption\":\"Digna Rivas, alcaldesa de Redondela\"},{\"@type\":\"BreadcrumbList\",\"@id\":\"https:\\\/\\\/www.anovapeneira.gal\\\/index.php\\\/2023\\\/12\\\/20\\\/digna-rivas-alcaldesa-de-redondela-6\\\/#breadcrumb\",\"itemListElement\":[{\"@type\":\"ListItem\",\"position\":1,\"name\":\"Portada\",\"item\":\"https:\\\/\\\/www.anovapeneira.gal\\\/\"},{\"@type\":\"ListItem\",\"position\":2,\"name\":\"Digna Rivas, alcaldesa de Redondela\"}]},{\"@type\":\"WebSite\",\"@id\":\"https:\\\/\\\/www.anovapeneira.gal\\\/#website\",\"url\":\"https:\\\/\\\/www.anovapeneira.gal\\\/\",\"name\":\"\",\"description\":\"Xornal galego de informaci\u00f3n xeral Publicaci\u00f3n mensual de novas de Galicia e en especial dos Concellos da sur da provincia de Pontevedra.\",\"publisher\":{\"@id\":\"https:\\\/\\\/www.anovapeneira.gal\\\/#organization\"},\"potentialAction\":[{\"@type\":\"SearchAction\",\"target\":{\"@type\":\"EntryPoint\",\"urlTemplate\":\"https:\\\/\\\/www.anovapeneira.gal\\\/?s={search_term_string}\"},\"query-input\":{\"@type\":\"PropertyValueSpecification\",\"valueRequired\":true,\"valueName\":\"search_term_string\"}}],\"inLanguage\":\"gl-ES\"},{\"@type\":\"Organization\",\"@id\":\"https:\\\/\\\/www.anovapeneira.gal\\\/#organization\",\"name\":\"A Nova Peneira\",\"url\":\"https:\\\/\\\/www.anovapeneira.gal\\\/\",\"logo\":{\"@type\":\"ImageObject\",\"inLanguage\":\"gl-ES\",\"@id\":\"https:\\\/\\\/www.anovapeneira.gal\\\/#\\\/schema\\\/logo\\\/image\\\/\",\"url\":\"http:\\\/\\\/www.anovapeneira.gal\\\/wp-content\\\/uploads\\\/2019\\\/06\\\/logo_a_nova_peneira_portal_web.png\",\"contentUrl\":\"http:\\\/\\\/www.anovapeneira.gal\\\/wp-content\\\/uploads\\\/2019\\\/06\\\/logo_a_nova_peneira_portal_web.png\",\"width\":300,\"height\":100,\"caption\":\"A Nova Peneira\"},\"image\":{\"@id\":\"https:\\\/\\\/www.anovapeneira.gal\\\/#\\\/schema\\\/logo\\\/image\\\/\"},\"sameAs\":[\"https:\\\/\\\/www.facebook.com\\\/anovapeneira\",\"https:\\\/\\\/x.com\\\/APeneira\"]},{\"@type\":\"Person\",\"@id\":\"https:\\\/\\\/www.anovapeneira.gal\\\/#\\\/schema\\\/person\\\/b93e3f8932e3f8da96334607eb6ac6aa\",\"name\":\"Redacci\u00f3n A Nova Peneira\",\"image\":{\"@type\":\"ImageObject\",\"inLanguage\":\"gl-ES\",\"@id\":\"https:\\\/\\\/secure.gravatar.com\\\/avatar\\\/c052a2551a06e23fac63626232eaa90abd78dbcf1700fc46a2b2c89fd27b735f?s=96&d=mm&r=g\",\"url\":\"https:\\\/\\\/secure.gravatar.com\\\/avatar\\\/c052a2551a06e23fac63626232eaa90abd78dbcf1700fc46a2b2c89fd27b735f?s=96&d=mm&r=g\",\"contentUrl\":\"https:\\\/\\\/secure.gravatar.com\\\/avatar\\\/c052a2551a06e23fac63626232eaa90abd78dbcf1700fc46a2b2c89fd27b735f?s=96&d=mm&r=g\",\"caption\":\"Redacci\u00f3n A Nova Peneira\"},\"sameAs\":[\"http:\\\/\\\/www.anovapeneira.gal\\\/\"],\"url\":\"https:\\\/\\\/www.anovapeneira.gal\\\/index.php\\\/author\\\/redactor\\\/\"}]}<\/script>\n<!-- \/ Yoast SEO plugin. -->","yoast_head_json":{"title":"Digna Rivas, alcaldesa de Redondela -","description":"A piques de rematar o ano conversamos coa alcaldesa de Redondela para co\u00f1ecer a s\u00faa visi\u00f3n sobre o estado das cousas na s\u00faa localidade","robots":{"index":"index","follow":"follow","max-snippet":"max-snippet:-1","max-image-preview":"max-image-preview:large","max-video-preview":"max-video-preview:-1"},"canonical":"https:\/\/www.anovapeneira.gal\/index.php\/2023\/12\/20\/digna-rivas-alcaldesa-de-redondela-6\/","og_locale":"gl_ES","og_type":"article","og_title":"Digna Rivas, alcaldesa de Redondela -","og_description":"A piques de rematar o ano conversamos coa alcaldesa de Redondela para co\u00f1ecer a s\u00faa visi\u00f3n sobre o estado das cousas na s\u00faa localidade","og_url":"https:\/\/www.anovapeneira.gal\/index.php\/2023\/12\/20\/digna-rivas-alcaldesa-de-redondela-6\/","article_publisher":"https:\/\/www.facebook.com\/anovapeneira","article_published_time":"2023-12-20T09:00:52+00:00","article_modified_time":"2023-12-20T12:17:12+00:00","og_image":[{"width":720,"height":432,"url":"https:\/\/www.anovapeneira.gal\/wp-content\/uploads\/2023\/12\/digna_rivas.webp","type":"image\/webp"}],"author":"Redacci\u00f3n A Nova Peneira","twitter_card":"summary_large_image","twitter_creator":"@APeneira","twitter_site":"@APeneira","twitter_misc":{"Escrito por":"Redacci\u00f3n A Nova Peneira","Tempo de lectura":"2 minutos"},"schema":{"@context":"https:\/\/schema.org","@graph":[{"@type":"Article","@id":"https:\/\/www.anovapeneira.gal\/index.php\/2023\/12\/20\/digna-rivas-alcaldesa-de-redondela-6\/#article","isPartOf":{"@id":"https:\/\/www.anovapeneira.gal\/index.php\/2023\/12\/20\/digna-rivas-alcaldesa-de-redondela-6\/"},"author":{"name":"Redacci\u00f3n A Nova Peneira","@id":"https:\/\/www.anovapeneira.gal\/#\/schema\/person\/b93e3f8932e3f8da96334607eb6ac6aa"},"headline":"Digna Rivas, alcaldesa de Redondela","datePublished":"2023-12-20T09:00:52+00:00","dateModified":"2023-12-20T12:17:12+00:00","mainEntityOfPage":{"@id":"https:\/\/www.anovapeneira.gal\/index.php\/2023\/12\/20\/digna-rivas-alcaldesa-de-redondela-6\/"},"wordCount":1406,"commentCount":0,"publisher":{"@id":"https:\/\/www.anovapeneira.gal\/#organization"},"image":{"@id":"https:\/\/www.anovapeneira.gal\/index.php\/2023\/12\/20\/digna-rivas-alcaldesa-de-redondela-6\/#primaryimage"},"thumbnailUrl":"https:\/\/www.anovapeneira.gal\/wp-content\/uploads\/2023\/12\/digna_rivas.webp","keywords":["Concello de Redondela"],"articleSection":["Redondela"],"inLanguage":"gl-ES","potentialAction":[{"@type":"CommentAction","name":"Comment","target":["https:\/\/www.anovapeneira.gal\/index.php\/2023\/12\/20\/digna-rivas-alcaldesa-de-redondela-6\/#respond"]}]},{"@type":"WebPage","@id":"https:\/\/www.anovapeneira.gal\/index.php\/2023\/12\/20\/digna-rivas-alcaldesa-de-redondela-6\/","url":"https:\/\/www.anovapeneira.gal\/index.php\/2023\/12\/20\/digna-rivas-alcaldesa-de-redondela-6\/","name":"Digna Rivas, alcaldesa de Redondela -","isPartOf":{"@id":"https:\/\/www.anovapeneira.gal\/#website"},"primaryImageOfPage":{"@id":"https:\/\/www.anovapeneira.gal\/index.php\/2023\/12\/20\/digna-rivas-alcaldesa-de-redondela-6\/#primaryimage"},"image":{"@id":"https:\/\/www.anovapeneira.gal\/index.php\/2023\/12\/20\/digna-rivas-alcaldesa-de-redondela-6\/#primaryimage"},"thumbnailUrl":"https:\/\/www.anovapeneira.gal\/wp-content\/uploads\/2023\/12\/digna_rivas.webp","datePublished":"2023-12-20T09:00:52+00:00","dateModified":"2023-12-20T12:17:12+00:00","description":"A piques de rematar o ano conversamos coa alcaldesa de Redondela para co\u00f1ecer a s\u00faa visi\u00f3n sobre o estado das cousas na s\u00faa localidade","breadcrumb":{"@id":"https:\/\/www.anovapeneira.gal\/index.php\/2023\/12\/20\/digna-rivas-alcaldesa-de-redondela-6\/#breadcrumb"},"inLanguage":"gl-ES","potentialAction":[{"@type":"ReadAction","target":["https:\/\/www.anovapeneira.gal\/index.php\/2023\/12\/20\/digna-rivas-alcaldesa-de-redondela-6\/"]}]},{"@type":"ImageObject","inLanguage":"gl-ES","@id":"https:\/\/www.anovapeneira.gal\/index.php\/2023\/12\/20\/digna-rivas-alcaldesa-de-redondela-6\/#primaryimage","url":"https:\/\/www.anovapeneira.gal\/wp-content\/uploads\/2023\/12\/digna_rivas.webp","contentUrl":"https:\/\/www.anovapeneira.gal\/wp-content\/uploads\/2023\/12\/digna_rivas.webp","width":720,"height":432,"caption":"Digna Rivas, alcaldesa de Redondela"},{"@type":"BreadcrumbList","@id":"https:\/\/www.anovapeneira.gal\/index.php\/2023\/12\/20\/digna-rivas-alcaldesa-de-redondela-6\/#breadcrumb","itemListElement":[{"@type":"ListItem","position":1,"name":"Portada","item":"https:\/\/www.anovapeneira.gal\/"},{"@type":"ListItem","position":2,"name":"Digna Rivas, alcaldesa de Redondela"}]},{"@type":"WebSite","@id":"https:\/\/www.anovapeneira.gal\/#website","url":"https:\/\/www.anovapeneira.gal\/","name":"","description":"Xornal galego de informaci\u00f3n xeral Publicaci\u00f3n mensual de novas de Galicia e en especial dos Concellos da sur da provincia de Pontevedra.","publisher":{"@id":"https:\/\/www.anovapeneira.gal\/#organization"},"potentialAction":[{"@type":"SearchAction","target":{"@type":"EntryPoint","urlTemplate":"https:\/\/www.anovapeneira.gal\/?s={search_term_string}"},"query-input":{"@type":"PropertyValueSpecification","valueRequired":true,"valueName":"search_term_string"}}],"inLanguage":"gl-ES"},{"@type":"Organization","@id":"https:\/\/www.anovapeneira.gal\/#organization","name":"A Nova Peneira","url":"https:\/\/www.anovapeneira.gal\/","logo":{"@type":"ImageObject","inLanguage":"gl-ES","@id":"https:\/\/www.anovapeneira.gal\/#\/schema\/logo\/image\/","url":"http:\/\/www.anovapeneira.gal\/wp-content\/uploads\/2019\/06\/logo_a_nova_peneira_portal_web.png","contentUrl":"http:\/\/www.anovapeneira.gal\/wp-content\/uploads\/2019\/06\/logo_a_nova_peneira_portal_web.png","width":300,"height":100,"caption":"A Nova Peneira"},"image":{"@id":"https:\/\/www.anovapeneira.gal\/#\/schema\/logo\/image\/"},"sameAs":["https:\/\/www.facebook.com\/anovapeneira","https:\/\/x.com\/APeneira"]},{"@type":"Person","@id":"https:\/\/www.anovapeneira.gal\/#\/schema\/person\/b93e3f8932e3f8da96334607eb6ac6aa","name":"Redacci\u00f3n A Nova Peneira","image":{"@type":"ImageObject","inLanguage":"gl-ES","@id":"https:\/\/secure.gravatar.com\/avatar\/c052a2551a06e23fac63626232eaa90abd78dbcf1700fc46a2b2c89fd27b735f?s=96&d=mm&r=g","url":"https:\/\/secure.gravatar.com\/avatar\/c052a2551a06e23fac63626232eaa90abd78dbcf1700fc46a2b2c89fd27b735f?s=96&d=mm&r=g","contentUrl":"https:\/\/secure.gravatar.com\/avatar\/c052a2551a06e23fac63626232eaa90abd78dbcf1700fc46a2b2c89fd27b735f?s=96&d=mm&r=g","caption":"Redacci\u00f3n A Nova Peneira"},"sameAs":["http:\/\/www.anovapeneira.gal\/"],"url":"https:\/\/www.anovapeneira.gal\/index.php\/author\/redactor\/"}]}},"jetpack_featured_media_url":"https:\/\/www.anovapeneira.gal\/wp-content\/uploads\/2023\/12\/digna_rivas.webp","_links":{"self":[{"href":"https:\/\/www.anovapeneira.gal\/index.php\/wp-json\/wp\/v2\/posts\/10935","targetHints":{"allow":["GET"]}}],"collection":[{"href":"https:\/\/www.anovapeneira.gal\/index.php\/wp-json\/wp\/v2\/posts"}],"about":[{"href":"https:\/\/www.anovapeneira.gal\/index.php\/wp-json\/wp\/v2\/types\/post"}],"author":[{"embeddable":true,"href":"https:\/\/www.anovapeneira.gal\/index.php\/wp-json\/wp\/v2\/users\/3"}],"replies":[{"embeddable":true,"href":"https:\/\/www.anovapeneira.gal\/index.php\/wp-json\/wp\/v2\/comments?post=10935"}],"version-history":[{"count":1,"href":"https:\/\/www.anovapeneira.gal\/index.php\/wp-json\/wp\/v2\/posts\/10935\/revisions"}],"predecessor-version":[{"id":10936,"href":"https:\/\/www.anovapeneira.gal\/index.php\/wp-json\/wp\/v2\/posts\/10935\/revisions\/10936"}],"wp:featuredmedia":[{"embeddable":true,"href":"https:\/\/www.anovapeneira.gal\/index.php\/wp-json\/wp\/v2\/media\/10937"}],"wp:attachment":[{"href":"https:\/\/www.anovapeneira.gal\/index.php\/wp-json\/wp\/v2\/media?parent=10935"}],"wp:term":[{"taxonomy":"category","embeddable":true,"href":"https:\/\/www.anovapeneira.gal\/index.php\/wp-json\/wp\/v2\/categories?post=10935"},{"taxonomy":"post_tag","embeddable":true,"href":"https:\/\/www.anovapeneira.gal\/index.php\/wp-json\/wp\/v2\/tags?post=10935"}],"curies":[{"name":"wp","href":"https:\/\/api.w.org\/{rel}","templated":true}]}}