{"id":10938,"date":"2023-12-20T12:00:37","date_gmt":"2023-12-20T11:00:37","guid":{"rendered":"https:\/\/www.anovapeneira.gal\/?p=10938"},"modified":"2023-12-15T19:48:00","modified_gmt":"2023-12-15T18:48:00","slug":"salvador-perez-gil-presidente-das-nieves-futbol-club","status":"publish","type":"post","link":"https:\/\/www.anovapeneira.gal\/index.php\/2023\/12\/20\/salvador-perez-gil-presidente-das-nieves-futbol-club\/","title":{"rendered":"Salvador P\u00e9rez Gil, presidente das Nieves F\u00fatbol Club"},"content":{"rendered":"\n<p><strong>Salvador \u00e9 o presidente do club de f\u00fatbol de As Neves. El \u00e9 un veterano dirixente deportivo que se laia da escasa implicaci\u00f3n que existe na sociedade local co seu equipo. Asemade apela que haxa m\u00e1is xente que dea un paso adiante e que axude ao club pois \u00e9 cousa de todos.<\/strong><\/p>\n\n\n\n<h2 class=\"wp-block-heading\">\u201c<em><strong>Queremos ascender \u00e1 xente da canteira. O equipo de f\u00fatbol de As Neves \u00e9 para que xogue a xente da vila\u201d.<\/strong><\/em><\/h2>\n\n\n\n<p><strong>Cantos anos levas de presidente do equipo de f\u00fatbol?<\/strong><\/p>\n\n\n\n<blockquote class=\"wp-block-quote is-layout-flow wp-block-quote-is-layout-flow\">\n<p>Doce anos<\/p>\n<\/blockquote>\n\n\n\n<p><strong>Cal foi o motivo polo que decides facerte presidente do club?<\/strong><\/p>\n\n\n\n<blockquote class=\"wp-block-quote is-layout-flow wp-block-quote-is-layout-flow\">\n<p>Foi decisi\u00f3n da xente do pobo, dix\u00e9ronme que me puxese eu como presidente, f\u00edxeno e aqu\u00ed sigo, non te\u00f1o que me substit\u00faa.<\/p>\n<\/blockquote>\n\n\n\n<p><strong>Tes ganas de deixar a directiva do club?<\/strong><\/p>\n\n\n\n<blockquote class=\"wp-block-quote is-layout-flow wp-block-quote-is-layout-flow\">\n<p>Si que te\u00f1o ganas, xa levo 12 anos, emp\u00e9zaseme a facer un pouco pesado, pero non hai quen quede no meu sitio.<\/p>\n<\/blockquote>\n\n\n\n<p><strong>Cantos directivos sodes no club?<\/strong><\/p>\n\n\n\n<blockquote class=\"wp-block-quote is-layout-flow wp-block-quote-is-layout-flow\">\n<p>Comigo cinco(Julio Alonsi, Pozas Aves, Vicente Gonz\u00e1lez e Miguel Rial) . Se me vou eu, vanse os outros catro e non hai unha nova directiva para que quede no noso sitio.<\/p>\n<\/blockquote>\n\n\n\n<p><strong>\u00c9 o que ten o f\u00fatbol modesto, que \u00e9 un sacrificio persoal para as directivas tremendo, verdade?<\/strong><\/p>\n\n\n\n<blockquote class=\"wp-block-quote is-layout-flow wp-block-quote-is-layout-flow\">\n<p>Si, certo.<\/p>\n<\/blockquote>\n\n\n\n<p><strong>Cantas categor\u00edas ten o equipo?<\/strong><\/p>\n\n\n\n<blockquote class=\"wp-block-quote is-layout-flow wp-block-quote-is-layout-flow\">\n<p>O equipo S\u00e9nior que compite en Segunda Galega Vigo, Xuven\u00eds en Segunda Auton\u00f3mica, Cadetes en Segunda Auton\u00f3mica, Infant\u00eds en Segunda Auton\u00f3mica tam\u00e9n e Alev\u00edns e Benxam\u00edns que xogan en f\u00fatbol 8.<\/p>\n<\/blockquote>\n\n\n\n<p><strong>Cantas persoas participan nestas categor\u00edas?<\/strong><\/p>\n\n\n\n<blockquote class=\"wp-block-quote is-layout-flow wp-block-quote-is-layout-flow\">\n<p>Temos sobre 110 nenos e nenas inclu\u00edda a categor\u00eda de S\u00e9nior.<\/p>\n<\/blockquote>\n\n\n\n<p><strong>Supo\u00f1o que non ser\u00e1 f\u00e1cil xestionar todo este volume de nenos e nenas a cargo do equipo.<\/strong><\/p>\n\n\n\n<blockquote class=\"wp-block-quote is-layout-flow wp-block-quote-is-layout-flow\">\n<p>Non, non \u00e9 f\u00e1cil. Tam\u00e9n te\u00f1o que dicir que temos boa relaci\u00f3n coas familias destes pequenos e ax\u00fadannos bastante.<\/p>\n<\/blockquote>\n\n\n\n<p><strong>Tedes equipo feminino?<\/strong><\/p>\n\n\n\n<blockquote class=\"wp-block-quote is-layout-flow wp-block-quote-is-layout-flow\">\n<p>Equipo feminino non. Si que temos nenas nos equipos inferiores con categor\u00eda mixta.<\/p>\n<\/blockquote>\n\n\n\n<p><strong>Non hai demanda suficiente de nenas para montar un equipo feminino?<\/strong><\/p>\n\n\n\n<blockquote class=\"wp-block-quote is-layout-flow wp-block-quote-is-layout-flow\">\n<p>De momento a\u00ednda non pero este \u00e9 un dos meus proxectos, poder montar o equipo feminino.<\/p>\n<\/blockquote>\n\n\n\n<p><strong>Como vai a tempada este ano?<\/strong><\/p>\n\n\n\n<blockquote class=\"wp-block-quote is-layout-flow wp-block-quote-is-layout-flow\">\n<p>Non estamos a ter sorte nesta tempada. Arrincamos moi ben, pero temos baixas por cinco lesi\u00f3ns e unha delas esperando unha operaci\u00f3n de xeonllo. Estamos a subir aos xuven\u00eds para poder xogar no equipo s\u00e9nior. Estes xogadores te\u00f1en que xogar dous partidos a fin de semana, o s\u00e1bado na s\u00faa competici\u00f3n e o domingo co equipo s\u00e9nior, aguantar as\u00ed \u00e9 dif\u00edcil.<\/p>\n<\/blockquote>\n\n\n\n<blockquote class=\"wp-block-quote is-layout-flow wp-block-quote-is-layout-flow\">\n<p>Co equipo s\u00e9nior este \u00e9 o terceiro ano que estamos en segunda. O ano pasado conseguimos salvarnos, descendeu a terceira o Salvaterra. Este ano non imos ben, estamos de \u00faltimos pola t\u00e1boa. Xa che falei das lesi\u00f3ns e de que estamos con cinco xogadores menos, pero, non me preocupa demasiado. Te\u00f1o a ilusi\u00f3n de poder facer algunha fichaxe m\u00e1is para reforzar esta tempada e para a do ano que v\u00e9n xa soben cinco xogadores do xuvenil. Aqu\u00ed queremos ter a xente das Neves no equipo, non queremos fichar xente de f\u00f3ra para logo, o ano que v\u00e9n, mandar aos xogadores de aqu\u00ed para outras vilas. Queremos ascender \u00e1 xente da canteira. O equipo de f\u00fatbol de As Neves \u00e9 para que xogue a xente da vila.<\/p>\n<\/blockquote>\n\n\n\n<p><strong>Como est\u00e1 o orzamento para facer esas fichaxes?<\/strong><\/p>\n\n\n\n<blockquote class=\"wp-block-quote is-layout-flow wp-block-quote-is-layout-flow\">\n<p>Temos moi pouco orzamento e o concello d\u00e1nos unha subvenci\u00f3n moi pequena. Subiu a mutua e o salario dos \u00e1rbitros. Non hai orzamento para m\u00e1is.<\/p>\n<\/blockquote>\n\n\n\n<p><strong>Damos xa a tempada por perdida ou tedes esperanzas de salvala?<\/strong><\/p>\n\n\n\n<blockquote class=\"wp-block-quote is-layout-flow wp-block-quote-is-layout-flow\">\n<p>A\u00ednda nos queda toda a segunda volta e se recuperamos tres ou catro xogadores dos que est\u00e1n lesionados creo que poderemos salvarnos.<\/p>\n<\/blockquote>\n\n\n\n<p><strong>Como est\u00e1n as relaci\u00f3ns co novo goberno da vila?<\/strong><\/p>\n\n\n\n<blockquote class=\"wp-block-quote is-layout-flow wp-block-quote-is-layout-flow\">\n<p>Igual que co anterior equipo de goberno, temos as mesmas condici\u00f3ns. Independentemente de que goberne, polo de agora, tr\u00e1tannos igual. O que ped\u00edn agora \u00e9 que nos suban a asignaci\u00f3n do cartos un pouco porque nos \u00e9 moi dif\u00edcil aguantar a tempada. Temos que facernos cargo do combustible, das fichas dos xogadores, os \u00e1rbitros dos partidos, que son moitos&#8230; Con este orzamento \u00e9 imposible aguantar m\u00e1is.<\/p>\n<\/blockquote>\n\n\n\n<p><strong>Trataches directamente co alcalde?<\/strong><\/p>\n\n\n\n<blockquote class=\"wp-block-quote is-layout-flow wp-block-quote-is-layout-flow\">\n<p>Si.<\/p>\n<\/blockquote>\n\n\n\n<p><strong>E que che dixo, que aumentaba os cartos?<\/strong><\/p>\n\n\n\n<blockquote class=\"wp-block-quote is-layout-flow wp-block-quote-is-layout-flow\">\n<p>Prometeume que si, que aumentar\u00eda a subvenci\u00f3n nos orzamentos do ano que v\u00e9n.<\/p>\n<\/blockquote>\n\n\n\n<p><strong>Queres dicir algo m\u00e1is para os veci\u00f1os e veci\u00f1as das Neves?<\/strong><\/p>\n\n\n\n<blockquote class=\"wp-block-quote is-layout-flow wp-block-quote-is-layout-flow\">\n<p>Pois pedir\u00eda que apoiasen un pouqui\u00f1o m\u00e1is ao equipo da vila. S\u00f3 temos 50 socios e necesitamos aumentar os ingresos para que o noso pobo poida seguir tendo un equipo de f\u00fatbol. As\u00ed \u00e9 moi dif\u00edcil aguantar.<\/p>\n<\/blockquote>\n","protected":false},"excerpt":{"rendered":"<div class=\"mh-excerpt\"><p>Salvador \u00e9 o presidente do club de f\u00fatbol de As Neves. El \u00e9 un veterano dirixente deportivo que se laia da escasa implicaci\u00f3n que existe na sociedade local co seu equipo <a class=\"mh-excerpt-more\" href=\"https:\/\/www.anovapeneira.gal\/index.php\/2023\/12\/20\/salvador-perez-gil-presidente-das-nieves-futbol-club\/\" title=\"Salvador P\u00e9rez Gil, presidente das Nieves F\u00fatbol Club\">[&#8230;]<\/a><\/p>\n<\/div>","protected":false},"author":3,"featured_media":10939,"comment_status":"open","ping_status":"open","sticky":false,"template":"","format":"standard","meta":{"_exactmetrics_skip_tracking":false,"_exactmetrics_sitenote_active":false,"_exactmetrics_sitenote_note":"","_exactmetrics_sitenote_category":0,"footnotes":""},"categories":[492],"tags":[546],"class_list":{"0":"post-10938","1":"post","2":"type-post","3":"status-publish","4":"format-standard","5":"has-post-thumbnail","7":"category-condado-reportaxes","8":"tag-concello-das-neves"},"yoast_head":"<!-- This site is optimized with the Yoast SEO plugin v27.4 - https:\/\/yoast.com\/product\/yoast-seo-wordpress\/ -->\n<title>Salvador P\u00e9rez Gil, presidente das Nieves F\u00fatbol Club -<\/title>\n<meta name=\"description\" content=\"Salvador \u00e9 o presidente do club de f\u00fatbol de As Neves. El \u00e9 un veterano dirixente deportivo que se laia da escasa implicaci\u00f3n que existe na sociedade local co seu equipo\" \/>\n<meta name=\"robots\" content=\"index, follow, max-snippet:-1, max-image-preview:large, max-video-preview:-1\" \/>\n<link rel=\"canonical\" href=\"https:\/\/www.anovapeneira.gal\/index.php\/2023\/12\/20\/salvador-perez-gil-presidente-das-nieves-futbol-club\/\" \/>\n<meta property=\"og:locale\" content=\"gl_ES\" \/>\n<meta property=\"og:type\" content=\"article\" \/>\n<meta property=\"og:title\" content=\"Salvador P\u00e9rez Gil, presidente das Nieves F\u00fatbol Club -\" \/>\n<meta property=\"og:description\" content=\"Salvador \u00e9 o presidente do club de f\u00fatbol de As Neves. El \u00e9 un veterano dirixente deportivo que se laia da escasa implicaci\u00f3n que existe na sociedade local co seu equipo\" \/>\n<meta property=\"og:url\" content=\"https:\/\/www.anovapeneira.gal\/index.php\/2023\/12\/20\/salvador-perez-gil-presidente-das-nieves-futbol-club\/\" \/>\n<meta property=\"article:publisher\" content=\"https:\/\/www.facebook.com\/anovapeneira\" \/>\n<meta property=\"article:published_time\" content=\"2023-12-20T11:00:37+00:00\" \/>\n<meta property=\"og:image\" content=\"https:\/\/www.anovapeneira.gal\/wp-content\/uploads\/2023\/12\/salvador_neves.webp\" \/>\n\t<meta property=\"og:image:width\" content=\"720\" \/>\n\t<meta property=\"og:image:height\" content=\"432\" \/>\n\t<meta property=\"og:image:type\" content=\"image\/webp\" \/>\n<meta name=\"author\" content=\"Redacci\u00f3n A Nova Peneira\" \/>\n<meta name=\"twitter:card\" content=\"summary_large_image\" \/>\n<meta name=\"twitter:creator\" content=\"@APeneira\" \/>\n<meta name=\"twitter:site\" content=\"@APeneira\" \/>\n<meta name=\"twitter:label1\" content=\"Escrito por\" \/>\n\t<meta name=\"twitter:data1\" content=\"Redacci\u00f3n A Nova Peneira\" \/>\n\t<meta name=\"twitter:label2\" content=\"Tempo de lectura\" \/>\n\t<meta name=\"twitter:data2\" content=\"2 minutos\" \/>\n<script type=\"application\/ld+json\" class=\"yoast-schema-graph\">{\"@context\":\"https:\\\/\\\/schema.org\",\"@graph\":[{\"@type\":\"Article\",\"@id\":\"https:\\\/\\\/www.anovapeneira.gal\\\/index.php\\\/2023\\\/12\\\/20\\\/salvador-perez-gil-presidente-das-nieves-futbol-club\\\/#article\",\"isPartOf\":{\"@id\":\"https:\\\/\\\/www.anovapeneira.gal\\\/index.php\\\/2023\\\/12\\\/20\\\/salvador-perez-gil-presidente-das-nieves-futbol-club\\\/\"},\"author\":{\"name\":\"Redacci\u00f3n A Nova Peneira\",\"@id\":\"https:\\\/\\\/www.anovapeneira.gal\\\/#\\\/schema\\\/person\\\/b93e3f8932e3f8da96334607eb6ac6aa\"},\"headline\":\"Salvador P\u00e9rez Gil, presidente das Nieves F\u00fatbol Club\",\"datePublished\":\"2023-12-20T11:00:37+00:00\",\"mainEntityOfPage\":{\"@id\":\"https:\\\/\\\/www.anovapeneira.gal\\\/index.php\\\/2023\\\/12\\\/20\\\/salvador-perez-gil-presidente-das-nieves-futbol-club\\\/\"},\"wordCount\":812,\"commentCount\":0,\"publisher\":{\"@id\":\"https:\\\/\\\/www.anovapeneira.gal\\\/#organization\"},\"image\":{\"@id\":\"https:\\\/\\\/www.anovapeneira.gal\\\/index.php\\\/2023\\\/12\\\/20\\\/salvador-perez-gil-presidente-das-nieves-futbol-club\\\/#primaryimage\"},\"thumbnailUrl\":\"https:\\\/\\\/www.anovapeneira.gal\\\/wp-content\\\/uploads\\\/2023\\\/12\\\/salvador_neves.webp\",\"keywords\":[\"Concello das Neves\"],\"articleSection\":[\"Condado\"],\"inLanguage\":\"gl-ES\",\"potentialAction\":[{\"@type\":\"CommentAction\",\"name\":\"Comment\",\"target\":[\"https:\\\/\\\/www.anovapeneira.gal\\\/index.php\\\/2023\\\/12\\\/20\\\/salvador-perez-gil-presidente-das-nieves-futbol-club\\\/#respond\"]}]},{\"@type\":\"WebPage\",\"@id\":\"https:\\\/\\\/www.anovapeneira.gal\\\/index.php\\\/2023\\\/12\\\/20\\\/salvador-perez-gil-presidente-das-nieves-futbol-club\\\/\",\"url\":\"https:\\\/\\\/www.anovapeneira.gal\\\/index.php\\\/2023\\\/12\\\/20\\\/salvador-perez-gil-presidente-das-nieves-futbol-club\\\/\",\"name\":\"Salvador P\u00e9rez Gil, presidente das Nieves F\u00fatbol Club -\",\"isPartOf\":{\"@id\":\"https:\\\/\\\/www.anovapeneira.gal\\\/#website\"},\"primaryImageOfPage\":{\"@id\":\"https:\\\/\\\/www.anovapeneira.gal\\\/index.php\\\/2023\\\/12\\\/20\\\/salvador-perez-gil-presidente-das-nieves-futbol-club\\\/#primaryimage\"},\"image\":{\"@id\":\"https:\\\/\\\/www.anovapeneira.gal\\\/index.php\\\/2023\\\/12\\\/20\\\/salvador-perez-gil-presidente-das-nieves-futbol-club\\\/#primaryimage\"},\"thumbnailUrl\":\"https:\\\/\\\/www.anovapeneira.gal\\\/wp-content\\\/uploads\\\/2023\\\/12\\\/salvador_neves.webp\",\"datePublished\":\"2023-12-20T11:00:37+00:00\",\"description\":\"Salvador \u00e9 o presidente do club de f\u00fatbol de As Neves. El \u00e9 un veterano dirixente deportivo que se laia da escasa implicaci\u00f3n que existe na sociedade local co seu equipo\",\"breadcrumb\":{\"@id\":\"https:\\\/\\\/www.anovapeneira.gal\\\/index.php\\\/2023\\\/12\\\/20\\\/salvador-perez-gil-presidente-das-nieves-futbol-club\\\/#breadcrumb\"},\"inLanguage\":\"gl-ES\",\"potentialAction\":[{\"@type\":\"ReadAction\",\"target\":[\"https:\\\/\\\/www.anovapeneira.gal\\\/index.php\\\/2023\\\/12\\\/20\\\/salvador-perez-gil-presidente-das-nieves-futbol-club\\\/\"]}]},{\"@type\":\"ImageObject\",\"inLanguage\":\"gl-ES\",\"@id\":\"https:\\\/\\\/www.anovapeneira.gal\\\/index.php\\\/2023\\\/12\\\/20\\\/salvador-perez-gil-presidente-das-nieves-futbol-club\\\/#primaryimage\",\"url\":\"https:\\\/\\\/www.anovapeneira.gal\\\/wp-content\\\/uploads\\\/2023\\\/12\\\/salvador_neves.webp\",\"contentUrl\":\"https:\\\/\\\/www.anovapeneira.gal\\\/wp-content\\\/uploads\\\/2023\\\/12\\\/salvador_neves.webp\",\"width\":720,\"height\":432,\"caption\":\"Presidente do equipo de f\u00fatbol de As Neves\"},{\"@type\":\"BreadcrumbList\",\"@id\":\"https:\\\/\\\/www.anovapeneira.gal\\\/index.php\\\/2023\\\/12\\\/20\\\/salvador-perez-gil-presidente-das-nieves-futbol-club\\\/#breadcrumb\",\"itemListElement\":[{\"@type\":\"ListItem\",\"position\":1,\"name\":\"Portada\",\"item\":\"https:\\\/\\\/www.anovapeneira.gal\\\/\"},{\"@type\":\"ListItem\",\"position\":2,\"name\":\"Salvador P\u00e9rez Gil, presidente das Nieves F\u00fatbol Club\"}]},{\"@type\":\"WebSite\",\"@id\":\"https:\\\/\\\/www.anovapeneira.gal\\\/#website\",\"url\":\"https:\\\/\\\/www.anovapeneira.gal\\\/\",\"name\":\"\",\"description\":\"Xornal galego de informaci\u00f3n xeral Publicaci\u00f3n mensual de novas de Galicia e en especial dos Concellos da sur da provincia de Pontevedra.\",\"publisher\":{\"@id\":\"https:\\\/\\\/www.anovapeneira.gal\\\/#organization\"},\"potentialAction\":[{\"@type\":\"SearchAction\",\"target\":{\"@type\":\"EntryPoint\",\"urlTemplate\":\"https:\\\/\\\/www.anovapeneira.gal\\\/?s={search_term_string}\"},\"query-input\":{\"@type\":\"PropertyValueSpecification\",\"valueRequired\":true,\"valueName\":\"search_term_string\"}}],\"inLanguage\":\"gl-ES\"},{\"@type\":\"Organization\",\"@id\":\"https:\\\/\\\/www.anovapeneira.gal\\\/#organization\",\"name\":\"A Nova Peneira\",\"url\":\"https:\\\/\\\/www.anovapeneira.gal\\\/\",\"logo\":{\"@type\":\"ImageObject\",\"inLanguage\":\"gl-ES\",\"@id\":\"https:\\\/\\\/www.anovapeneira.gal\\\/#\\\/schema\\\/logo\\\/image\\\/\",\"url\":\"http:\\\/\\\/www.anovapeneira.gal\\\/wp-content\\\/uploads\\\/2019\\\/06\\\/logo_a_nova_peneira_portal_web.png\",\"contentUrl\":\"http:\\\/\\\/www.anovapeneira.gal\\\/wp-content\\\/uploads\\\/2019\\\/06\\\/logo_a_nova_peneira_portal_web.png\",\"width\":300,\"height\":100,\"caption\":\"A Nova Peneira\"},\"image\":{\"@id\":\"https:\\\/\\\/www.anovapeneira.gal\\\/#\\\/schema\\\/logo\\\/image\\\/\"},\"sameAs\":[\"https:\\\/\\\/www.facebook.com\\\/anovapeneira\",\"https:\\\/\\\/x.com\\\/APeneira\"]},{\"@type\":\"Person\",\"@id\":\"https:\\\/\\\/www.anovapeneira.gal\\\/#\\\/schema\\\/person\\\/b93e3f8932e3f8da96334607eb6ac6aa\",\"name\":\"Redacci\u00f3n A Nova Peneira\",\"image\":{\"@type\":\"ImageObject\",\"inLanguage\":\"gl-ES\",\"@id\":\"https:\\\/\\\/secure.gravatar.com\\\/avatar\\\/c052a2551a06e23fac63626232eaa90abd78dbcf1700fc46a2b2c89fd27b735f?s=96&d=mm&r=g\",\"url\":\"https:\\\/\\\/secure.gravatar.com\\\/avatar\\\/c052a2551a06e23fac63626232eaa90abd78dbcf1700fc46a2b2c89fd27b735f?s=96&d=mm&r=g\",\"contentUrl\":\"https:\\\/\\\/secure.gravatar.com\\\/avatar\\\/c052a2551a06e23fac63626232eaa90abd78dbcf1700fc46a2b2c89fd27b735f?s=96&d=mm&r=g\",\"caption\":\"Redacci\u00f3n A Nova Peneira\"},\"sameAs\":[\"http:\\\/\\\/www.anovapeneira.gal\\\/\"],\"url\":\"https:\\\/\\\/www.anovapeneira.gal\\\/index.php\\\/author\\\/redactor\\\/\"}]}<\/script>\n<!-- \/ Yoast SEO plugin. -->","yoast_head_json":{"title":"Salvador P\u00e9rez Gil, presidente das Nieves F\u00fatbol Club -","description":"Salvador \u00e9 o presidente do club de f\u00fatbol de As Neves. El \u00e9 un veterano dirixente deportivo que se laia da escasa implicaci\u00f3n que existe na sociedade local co seu equipo","robots":{"index":"index","follow":"follow","max-snippet":"max-snippet:-1","max-image-preview":"max-image-preview:large","max-video-preview":"max-video-preview:-1"},"canonical":"https:\/\/www.anovapeneira.gal\/index.php\/2023\/12\/20\/salvador-perez-gil-presidente-das-nieves-futbol-club\/","og_locale":"gl_ES","og_type":"article","og_title":"Salvador P\u00e9rez Gil, presidente das Nieves F\u00fatbol Club -","og_description":"Salvador \u00e9 o presidente do club de f\u00fatbol de As Neves. El \u00e9 un veterano dirixente deportivo que se laia da escasa implicaci\u00f3n que existe na sociedade local co seu equipo","og_url":"https:\/\/www.anovapeneira.gal\/index.php\/2023\/12\/20\/salvador-perez-gil-presidente-das-nieves-futbol-club\/","article_publisher":"https:\/\/www.facebook.com\/anovapeneira","article_published_time":"2023-12-20T11:00:37+00:00","og_image":[{"width":720,"height":432,"url":"https:\/\/www.anovapeneira.gal\/wp-content\/uploads\/2023\/12\/salvador_neves.webp","type":"image\/webp"}],"author":"Redacci\u00f3n A Nova Peneira","twitter_card":"summary_large_image","twitter_creator":"@APeneira","twitter_site":"@APeneira","twitter_misc":{"Escrito por":"Redacci\u00f3n A Nova Peneira","Tempo de lectura":"2 minutos"},"schema":{"@context":"https:\/\/schema.org","@graph":[{"@type":"Article","@id":"https:\/\/www.anovapeneira.gal\/index.php\/2023\/12\/20\/salvador-perez-gil-presidente-das-nieves-futbol-club\/#article","isPartOf":{"@id":"https:\/\/www.anovapeneira.gal\/index.php\/2023\/12\/20\/salvador-perez-gil-presidente-das-nieves-futbol-club\/"},"author":{"name":"Redacci\u00f3n A Nova Peneira","@id":"https:\/\/www.anovapeneira.gal\/#\/schema\/person\/b93e3f8932e3f8da96334607eb6ac6aa"},"headline":"Salvador P\u00e9rez Gil, presidente das Nieves F\u00fatbol Club","datePublished":"2023-12-20T11:00:37+00:00","mainEntityOfPage":{"@id":"https:\/\/www.anovapeneira.gal\/index.php\/2023\/12\/20\/salvador-perez-gil-presidente-das-nieves-futbol-club\/"},"wordCount":812,"commentCount":0,"publisher":{"@id":"https:\/\/www.anovapeneira.gal\/#organization"},"image":{"@id":"https:\/\/www.anovapeneira.gal\/index.php\/2023\/12\/20\/salvador-perez-gil-presidente-das-nieves-futbol-club\/#primaryimage"},"thumbnailUrl":"https:\/\/www.anovapeneira.gal\/wp-content\/uploads\/2023\/12\/salvador_neves.webp","keywords":["Concello das Neves"],"articleSection":["Condado"],"inLanguage":"gl-ES","potentialAction":[{"@type":"CommentAction","name":"Comment","target":["https:\/\/www.anovapeneira.gal\/index.php\/2023\/12\/20\/salvador-perez-gil-presidente-das-nieves-futbol-club\/#respond"]}]},{"@type":"WebPage","@id":"https:\/\/www.anovapeneira.gal\/index.php\/2023\/12\/20\/salvador-perez-gil-presidente-das-nieves-futbol-club\/","url":"https:\/\/www.anovapeneira.gal\/index.php\/2023\/12\/20\/salvador-perez-gil-presidente-das-nieves-futbol-club\/","name":"Salvador P\u00e9rez Gil, presidente das Nieves F\u00fatbol Club -","isPartOf":{"@id":"https:\/\/www.anovapeneira.gal\/#website"},"primaryImageOfPage":{"@id":"https:\/\/www.anovapeneira.gal\/index.php\/2023\/12\/20\/salvador-perez-gil-presidente-das-nieves-futbol-club\/#primaryimage"},"image":{"@id":"https:\/\/www.anovapeneira.gal\/index.php\/2023\/12\/20\/salvador-perez-gil-presidente-das-nieves-futbol-club\/#primaryimage"},"thumbnailUrl":"https:\/\/www.anovapeneira.gal\/wp-content\/uploads\/2023\/12\/salvador_neves.webp","datePublished":"2023-12-20T11:00:37+00:00","description":"Salvador \u00e9 o presidente do club de f\u00fatbol de As Neves. El \u00e9 un veterano dirixente deportivo que se laia da escasa implicaci\u00f3n que existe na sociedade local co seu equipo","breadcrumb":{"@id":"https:\/\/www.anovapeneira.gal\/index.php\/2023\/12\/20\/salvador-perez-gil-presidente-das-nieves-futbol-club\/#breadcrumb"},"inLanguage":"gl-ES","potentialAction":[{"@type":"ReadAction","target":["https:\/\/www.anovapeneira.gal\/index.php\/2023\/12\/20\/salvador-perez-gil-presidente-das-nieves-futbol-club\/"]}]},{"@type":"ImageObject","inLanguage":"gl-ES","@id":"https:\/\/www.anovapeneira.gal\/index.php\/2023\/12\/20\/salvador-perez-gil-presidente-das-nieves-futbol-club\/#primaryimage","url":"https:\/\/www.anovapeneira.gal\/wp-content\/uploads\/2023\/12\/salvador_neves.webp","contentUrl":"https:\/\/www.anovapeneira.gal\/wp-content\/uploads\/2023\/12\/salvador_neves.webp","width":720,"height":432,"caption":"Presidente do equipo de f\u00fatbol de As Neves"},{"@type":"BreadcrumbList","@id":"https:\/\/www.anovapeneira.gal\/index.php\/2023\/12\/20\/salvador-perez-gil-presidente-das-nieves-futbol-club\/#breadcrumb","itemListElement":[{"@type":"ListItem","position":1,"name":"Portada","item":"https:\/\/www.anovapeneira.gal\/"},{"@type":"ListItem","position":2,"name":"Salvador P\u00e9rez Gil, presidente das Nieves F\u00fatbol Club"}]},{"@type":"WebSite","@id":"https:\/\/www.anovapeneira.gal\/#website","url":"https:\/\/www.anovapeneira.gal\/","name":"","description":"Xornal galego de informaci\u00f3n xeral Publicaci\u00f3n mensual de novas de Galicia e en especial dos Concellos da sur da provincia de Pontevedra.","publisher":{"@id":"https:\/\/www.anovapeneira.gal\/#organization"},"potentialAction":[{"@type":"SearchAction","target":{"@type":"EntryPoint","urlTemplate":"https:\/\/www.anovapeneira.gal\/?s={search_term_string}"},"query-input":{"@type":"PropertyValueSpecification","valueRequired":true,"valueName":"search_term_string"}}],"inLanguage":"gl-ES"},{"@type":"Organization","@id":"https:\/\/www.anovapeneira.gal\/#organization","name":"A Nova Peneira","url":"https:\/\/www.anovapeneira.gal\/","logo":{"@type":"ImageObject","inLanguage":"gl-ES","@id":"https:\/\/www.anovapeneira.gal\/#\/schema\/logo\/image\/","url":"http:\/\/www.anovapeneira.gal\/wp-content\/uploads\/2019\/06\/logo_a_nova_peneira_portal_web.png","contentUrl":"http:\/\/www.anovapeneira.gal\/wp-content\/uploads\/2019\/06\/logo_a_nova_peneira_portal_web.png","width":300,"height":100,"caption":"A Nova Peneira"},"image":{"@id":"https:\/\/www.anovapeneira.gal\/#\/schema\/logo\/image\/"},"sameAs":["https:\/\/www.facebook.com\/anovapeneira","https:\/\/x.com\/APeneira"]},{"@type":"Person","@id":"https:\/\/www.anovapeneira.gal\/#\/schema\/person\/b93e3f8932e3f8da96334607eb6ac6aa","name":"Redacci\u00f3n A Nova Peneira","image":{"@type":"ImageObject","inLanguage":"gl-ES","@id":"https:\/\/secure.gravatar.com\/avatar\/c052a2551a06e23fac63626232eaa90abd78dbcf1700fc46a2b2c89fd27b735f?s=96&d=mm&r=g","url":"https:\/\/secure.gravatar.com\/avatar\/c052a2551a06e23fac63626232eaa90abd78dbcf1700fc46a2b2c89fd27b735f?s=96&d=mm&r=g","contentUrl":"https:\/\/secure.gravatar.com\/avatar\/c052a2551a06e23fac63626232eaa90abd78dbcf1700fc46a2b2c89fd27b735f?s=96&d=mm&r=g","caption":"Redacci\u00f3n A Nova Peneira"},"sameAs":["http:\/\/www.anovapeneira.gal\/"],"url":"https:\/\/www.anovapeneira.gal\/index.php\/author\/redactor\/"}]}},"jetpack_featured_media_url":"https:\/\/www.anovapeneira.gal\/wp-content\/uploads\/2023\/12\/salvador_neves.webp","_links":{"self":[{"href":"https:\/\/www.anovapeneira.gal\/index.php\/wp-json\/wp\/v2\/posts\/10938","targetHints":{"allow":["GET"]}}],"collection":[{"href":"https:\/\/www.anovapeneira.gal\/index.php\/wp-json\/wp\/v2\/posts"}],"about":[{"href":"https:\/\/www.anovapeneira.gal\/index.php\/wp-json\/wp\/v2\/types\/post"}],"author":[{"embeddable":true,"href":"https:\/\/www.anovapeneira.gal\/index.php\/wp-json\/wp\/v2\/users\/3"}],"replies":[{"embeddable":true,"href":"https:\/\/www.anovapeneira.gal\/index.php\/wp-json\/wp\/v2\/comments?post=10938"}],"version-history":[{"count":1,"href":"https:\/\/www.anovapeneira.gal\/index.php\/wp-json\/wp\/v2\/posts\/10938\/revisions"}],"predecessor-version":[{"id":10940,"href":"https:\/\/www.anovapeneira.gal\/index.php\/wp-json\/wp\/v2\/posts\/10938\/revisions\/10940"}],"wp:featuredmedia":[{"embeddable":true,"href":"https:\/\/www.anovapeneira.gal\/index.php\/wp-json\/wp\/v2\/media\/10939"}],"wp:attachment":[{"href":"https:\/\/www.anovapeneira.gal\/index.php\/wp-json\/wp\/v2\/media?parent=10938"}],"wp:term":[{"taxonomy":"category","embeddable":true,"href":"https:\/\/www.anovapeneira.gal\/index.php\/wp-json\/wp\/v2\/categories?post=10938"},{"taxonomy":"post_tag","embeddable":true,"href":"https:\/\/www.anovapeneira.gal\/index.php\/wp-json\/wp\/v2\/tags?post=10938"}],"curies":[{"name":"wp","href":"https:\/\/api.w.org\/{rel}","templated":true}]}}