{"id":10944,"date":"2023-12-21T12:00:45","date_gmt":"2023-12-21T11:00:45","guid":{"rendered":"https:\/\/www.anovapeneira.gal\/?p=10944"},"modified":"2023-12-15T20:03:23","modified_gmt":"2023-12-15T19:03:23","slug":"a-banda-cantatorrella-de-redondela","status":"publish","type":"post","link":"https:\/\/www.anovapeneira.gal\/index.php\/2023\/12\/21\/a-banda-cantatorrella-de-redondela\/","title":{"rendered":"A banda \u201c CANTATORRELLA \u201c de Redondela"},"content":{"rendered":"\n<p><strong>Esta \u00e9 unha banda de m\u00fasica liderada polo hist\u00f3rico Fon De Con e que est\u00e1 imbu\u00edda da esencia da cultura popular galega, das noites de troula, poes\u00eda e amor, das ruadas e das tradici\u00f3ns musicais que contribu\u00edron ao longo se s\u00e9culos de historia \u00e1 nosa construci\u00f3n como un pobo de seu. N\u00f3s falamos co noso amigo Fon, alma m\u00e1ter do grupo.<\/strong><\/p>\n\n\n\n<p><strong>Fon De Con letrista e cantante<\/strong><\/p>\n\n\n\n<h2 class=\"wp-block-heading\">\u201c <strong>Non me saen as letras das nosas canci\u00f3ns doutra forma que non sexan en idioma galego\u201d<\/strong><\/h2>\n\n\n\n<p><strong>Imos comezar pola presentaci\u00f3n?<\/strong><\/p>\n\n\n\n<blockquote class=\"wp-block-quote is-layout-flow wp-block-quote-is-layout-flow\">\n<p>Somos unha banda<\/p>\n<\/blockquote>\n\n\n\n<p><strong>Ha ha ha. G\u00fastame iso de banda. En calquera caso unha banda peculiar?<\/strong><\/p>\n\n\n\n<blockquote class=\"wp-block-quote is-layout-flow wp-block-quote-is-layout-flow\">\n<p>E a min g\u00fastame iso de \u201cpeculiar\u201d Marcos. E voucho comprar, si. En principio temos unha peculiaridade salientable: Somos unha banda formada por persoas de distintas xeraci\u00f3ns. F\u00edxate hai desde unha persoa de 60 anos ata outra de 21.<\/p>\n<\/blockquote>\n\n\n\n<p><strong>Sigamos logo coas presentaci\u00f3ns<\/strong><\/p>\n\n\n\n<blockquote class=\"wp-block-quote is-layout-flow wp-block-quote-is-layout-flow\">\n<p>Moi ben Marcos, moi ben. Que se note que somos xente educada.<\/p>\n<\/blockquote>\n\n\n\n<p><strong>Ha ha ha ha ..Ve\u00f1a Oh<\/strong><\/p>\n\n\n\n<blockquote class=\"wp-block-quote is-layout-flow wp-block-quote-is-layout-flow\">\n<p>Diego o bater\u00eda, M\u00edriam toca o piano, acorde\u00f3n e fai coros , Antonio que toca a guitarra e canta, Mario que \u00e9 o noso baixo e logo Fon De Con, o cantante. Por \u00faltimo reivindicamos tam\u00e9n a Pablo Pastor, o dese\u00f1ador do noso logo.<\/p>\n<\/blockquote>\n\n\n\n<p>P<strong>or que xorde Cantatorrella?<\/strong><\/p>\n\n\n\n<blockquote class=\"wp-block-quote is-layout-flow wp-block-quote-is-layout-flow\">\n<p>Ben, pois despois das Ef\u00e9meras Antonio e m\u00e1is eu ti\u00f1amos a\u00ednda ga\u00f1as, ilusi\u00f3n e moita m\u00fasica no coraz\u00f3n e decidimos iniciar este proxecto. Hai arredor dun ano comezamos a montalo. O nome \u00e9 un sin\u00f3nimo de parvueira, sempre de de modo cari\u00f1oso desde logo. N\u00f3s reivindicamos a Torrella&#8230; A Torrella sempre.<\/p>\n<\/blockquote>\n\n\n\n<p><strong>Que tipo de m\u00fasica facedes?<\/strong><\/p>\n\n\n\n<blockquote class=\"wp-block-quote is-layout-flow wp-block-quote-is-layout-flow\">\n<p>Unha mestura de cumbia, ska e m\u00fasica tradicional. O que tratamos nos nosos directos \u00e9 que a xente vibre, baile e o pase o mellor posible. A m\u00fasica \u00e9 unha das partes m\u00e1is marabillosas da especie humana, capaz do peor, as guerras, e do mellor ao mesmo tempo. E n\u00f3s tratamos de contribu\u00edr coa nosa m\u00fasica a que o p\u00fablico pase un rato de felicidade.<\/p>\n<\/blockquote>\n\n\n\n<p><strong>Ti es o letrista e d\u00e1slle moita importancia \u00e1 tem\u00e1tica local?<\/strong><\/p>\n\n\n\n<blockquote class=\"wp-block-quote is-layout-flow wp-block-quote-is-layout-flow\">\n<p>Si, se cadra \u00e9 a tem\u00e1tica coa que me sinto m\u00e1is c\u00f3modo. Como sabes xa te\u00f1o experiencia coas coplas dos maios. Insp\u00edrome en personaxes de Redondela, sempre co m\u00e1ximo respecto claro. Naturalmente as letras son en galego, non me sair\u00eda de outra maneira que non sexa na nosa lingua.<\/p>\n<\/blockquote>\n\n\n\n<p><strong>Ben, algo de retranca tes?<\/strong><\/p>\n\n\n\n<blockquote class=\"wp-block-quote is-layout-flow wp-block-quote-is-layout-flow\">\n<p>Ha ha ha..A retranca t\u00e9\u00f1ena case todos os galegos e galegas. \u00c9 unha caracter\u00edstica do noso pobo.<\/p>\n<\/blockquote>\n\n\n\n<p><strong>Ti, de feito, es un actor metido a cantante?<\/strong><\/p>\n\n\n\n<blockquote class=\"wp-block-quote is-layout-flow wp-block-quote-is-layout-flow\">\n<p>Ha, ha ha ha. Moi ben non canto pero o intento. E por outra parte que ser\u00eda da vida sen o sentido do humor??<\/p>\n<\/blockquote>\n\n\n\n<p><strong>Creo que esta entrevista non ser\u00eda xusta se non falaramos un pouco de Antonio?<\/strong><\/p>\n\n\n\n<blockquote class=\"wp-block-quote is-layout-flow wp-block-quote-is-layout-flow\">\n<p>Estou de acordo. Antonio \u00e9 un dos mellores guitarristas que pariu Redondela. Pero non o podemos dicir moi alto non vaia ser o demo que o acabe por crer.<\/p>\n<\/blockquote>\n\n\n\n<p><strong>Facedes versi\u00f3ns?<\/strong><\/p>\n\n\n\n<blockquote class=\"wp-block-quote is-layout-flow wp-block-quote-is-layout-flow\">\n<p>Non, n\u00f3s facemos produci\u00f3n propia.<\/p>\n<\/blockquote>\n\n\n\n<p><strong>Canto imos ter un disco?<\/strong><\/p>\n\n\n\n<blockquote class=\"wp-block-quote is-layout-flow wp-block-quote-is-layout-flow\">\n<p>Ben, imos pouco a pouco. Xa temos 14 canci\u00f3ns pero o do disco hai que miralo ben. Nestes tempos a musica esc\u00f3itase doutra maneira maioritariamente. Gravados temos seis temas.<\/p>\n<\/blockquote>\n\n\n\n<p><strong>O v\u00eddeo clip \u201c Preludio\u201d xa o tedes en distintas plataformas .Como foi a acollida?<\/strong><\/p>\n\n\n\n<blockquote class=\"wp-block-quote is-layout-flow wp-block-quote-is-layout-flow\">\n<p>Estamos moi contentos pero hai que darlle m\u00e1is cancha.<\/p>\n<\/blockquote>\n\n\n\n<p>H<strong>ome , en Redondela tanto pola ma\u00f1\u00e1 como pola tarde no magosto tivo unha acollida extraordinaria<\/strong><\/p>\n\n\n\n<blockquote class=\"wp-block-quote is-layout-flow wp-block-quote-is-layout-flow\">\n<p>Ao ser en Redondela non o tomamos como unha presentaci\u00f3n o que se di moi formal. Sent\u00edmonos moi c\u00f3modos e foi todo abof\u00e9 que moi bonito. A verdade \u00e9 que foi precioso, tanto \u00e9 as\u00ed Marcos que pola tarde a xente par\u00e1bame pola r\u00faa.<\/p>\n<\/blockquote>\n\n\n\n<p><strong>Ha, ha , ha ha. Unha Estrela medi\u00e1tica redondel\u00e1<\/strong><\/p>\n\n\n\n<blockquote class=\"wp-block-quote is-layout-flow wp-block-quote-is-layout-flow\">\n<p>Vouno acabar por crer.<\/p>\n<\/blockquote>\n\n\n\n<p><strong>Onde gravastes o V\u00eddeo Clip?<\/strong><\/p>\n\n\n\n<blockquote class=\"wp-block-quote is-layout-flow wp-block-quote-is-layout-flow\">\n<p>Nas salinas de Ull\u00f3 en Vilaboa ao longo de tres d\u00edas. Estamos moi agradecidos porque recibimos a colaboraci\u00f3n de moita xente..<\/p>\n<\/blockquote>\n\n\n\n<p><strong>Pero, \u00e9 que media Redondela est\u00e1 no v\u00eddeo clip?<\/strong><\/p>\n\n\n\n<blockquote class=\"wp-block-quote is-layout-flow wp-block-quote-is-layout-flow\">\n<p>Moitas veces son este tipo de cousas as que te fan valorar o importante que \u00e9 o afecto das persoas que nos rodean. A verdade eses tres d\u00edas de gravaci\u00f3n foron especialmente intensos, incluso houbo un d\u00eda no que choveu pero finalmente sa\u00edu todo xenial. A gravaci\u00f3n foi en xullo e o resultado final sa\u00edu hai poucas semanas e , como che dixen, foi un resultado moi satisfactorio para n\u00f3s.<\/p>\n<\/blockquote>\n\n\n\n<p><strong>Present\u00e1devos aos Mestre Mateo verdade?<\/strong><\/p>\n\n\n\n<blockquote class=\"wp-block-quote is-layout-flow wp-block-quote-is-layout-flow\">\n<p>Si, de feito como hab\u00eda un prazo de presentaci\u00f3n que se non lembro mal remataba a finais de novembro penso que iso acelerou a finalizaci\u00f3n do v\u00eddeo.<\/p>\n<\/blockquote>\n\n\n\n<p><strong>Pensades en levar premio?<\/strong><\/p>\n\n\n\n<blockquote class=\"wp-block-quote is-layout-flow wp-block-quote-is-layout-flow\">\n<p>Ben, a\u00ednda que \u00e9 un t\u00f3pico neste caso responde \u00e1 realidade: O importante \u00e9 participar.<\/p>\n<\/blockquote>\n\n\n\n<p><strong>Cont\u00e1denos os vosos proxectos para o futuro?<\/strong><\/p>\n\n\n\n<blockquote class=\"wp-block-quote is-layout-flow wp-block-quote-is-layout-flow\">\n<p>Temos media pechada unha actuaci\u00f3n en Soutomaior a tarde do d\u00eda 31. E as\u00ed m\u00e1is a longo prazo estamos traballando para facermos concertos no ver\u00e1n. Especialmente temos interese en tocar en festivais. A min encantar\u00edame tocar no Revenidas de Vilaxo\u00e1n.<\/p>\n<\/blockquote>\n\n\n\n<figure class=\"wp-block-embed is-type-video is-provider-youtube wp-block-embed-youtube wp-embed-aspect-16-9 wp-has-aspect-ratio\"><div class=\"wp-block-embed__wrapper\">\n<iframe loading=\"lazy\" title=\"CANTATORRELLA - Preludio\" width=\"500\" height=\"281\" src=\"https:\/\/www.youtube.com\/embed\/xl9ArnocZtY?feature=oembed\" frameborder=\"0\" allow=\"accelerometer; autoplay; clipboard-write; encrypted-media; gyroscope; picture-in-picture; web-share\" referrerpolicy=\"strict-origin-when-cross-origin\" allowfullscreen><\/iframe>\n<\/div><\/figure>\n","protected":false},"excerpt":{"rendered":"<div class=\"mh-excerpt\"><p>Esta \u00e9 unha banda de m\u00fasica liderada polo hist\u00f3rico Fon De Con e que est\u00e1 imbu\u00edda da esencia da cultura popular galega, das noites de troula, poes\u00eda e amor <a class=\"mh-excerpt-more\" href=\"https:\/\/www.anovapeneira.gal\/index.php\/2023\/12\/21\/a-banda-cantatorrella-de-redondela\/\" title=\"A banda \u201c CANTATORRELLA \u201c de Redondela\">[&#8230;]<\/a><\/p>\n<\/div>","protected":false},"author":6,"featured_media":10945,"comment_status":"open","ping_status":"open","sticky":false,"template":"","format":"standard","meta":{"_exactmetrics_skip_tracking":false,"_exactmetrics_sitenote_active":false,"_exactmetrics_sitenote_note":"","_exactmetrics_sitenote_category":0,"footnotes":""},"categories":[495],"tags":[171],"class_list":{"0":"post-10944","1":"post","2":"type-post","3":"status-publish","4":"format-standard","5":"has-post-thumbnail","7":"category-redondela-reportaxes","8":"tag-concello-de-redondela"},"yoast_head":"<!-- This site is optimized with the Yoast SEO plugin v27.4 - https:\/\/yoast.com\/product\/yoast-seo-wordpress\/ -->\n<title>A banda \u201c CANTATORRELLA \u201c de Redondela -<\/title>\n<meta name=\"description\" content=\"Esta \u00e9 unha banda de m\u00fasica liderada polo hist\u00f3rico Fon De Con e que est\u00e1 imbu\u00edda da esencia da cultura popular galega, das noites de troula, poes\u00eda e amor\" \/>\n<meta name=\"robots\" content=\"index, follow, max-snippet:-1, max-image-preview:large, max-video-preview:-1\" \/>\n<link rel=\"canonical\" href=\"https:\/\/www.anovapeneira.gal\/index.php\/2023\/12\/21\/a-banda-cantatorrella-de-redondela\/\" \/>\n<meta property=\"og:locale\" content=\"gl_ES\" \/>\n<meta property=\"og:type\" content=\"article\" \/>\n<meta property=\"og:title\" content=\"A banda \u201c CANTATORRELLA \u201c de Redondela -\" \/>\n<meta property=\"og:description\" content=\"Esta \u00e9 unha banda de m\u00fasica liderada polo hist\u00f3rico Fon De Con e que est\u00e1 imbu\u00edda da esencia da cultura popular galega, das noites de troula, poes\u00eda e amor\" \/>\n<meta property=\"og:url\" content=\"https:\/\/www.anovapeneira.gal\/index.php\/2023\/12\/21\/a-banda-cantatorrella-de-redondela\/\" \/>\n<meta property=\"article:publisher\" content=\"https:\/\/www.facebook.com\/anovapeneira\" \/>\n<meta property=\"article:published_time\" content=\"2023-12-21T11:00:45+00:00\" \/>\n<meta property=\"og:image\" content=\"https:\/\/www.anovapeneira.gal\/wp-content\/uploads\/2023\/12\/Cantatorrella.webp\" \/>\n\t<meta property=\"og:image:width\" content=\"720\" \/>\n\t<meta property=\"og:image:height\" content=\"432\" \/>\n\t<meta property=\"og:image:type\" content=\"image\/webp\" \/>\n<meta name=\"author\" content=\"Marcos Santos\" \/>\n<meta name=\"twitter:card\" content=\"summary_large_image\" \/>\n<meta name=\"twitter:creator\" content=\"@APeneira\" \/>\n<meta name=\"twitter:site\" content=\"@APeneira\" \/>\n<meta name=\"twitter:label1\" content=\"Escrito por\" \/>\n\t<meta name=\"twitter:data1\" content=\"Marcos Santos\" \/>\n\t<meta name=\"twitter:label2\" content=\"Tempo de lectura\" \/>\n\t<meta name=\"twitter:data2\" content=\"2 minutos\" \/>\n<script type=\"application\/ld+json\" class=\"yoast-schema-graph\">{\"@context\":\"https:\\\/\\\/schema.org\",\"@graph\":[{\"@type\":\"Article\",\"@id\":\"https:\\\/\\\/www.anovapeneira.gal\\\/index.php\\\/2023\\\/12\\\/21\\\/a-banda-cantatorrella-de-redondela\\\/#article\",\"isPartOf\":{\"@id\":\"https:\\\/\\\/www.anovapeneira.gal\\\/index.php\\\/2023\\\/12\\\/21\\\/a-banda-cantatorrella-de-redondela\\\/\"},\"author\":{\"name\":\"Marcos Santos\",\"@id\":\"https:\\\/\\\/www.anovapeneira.gal\\\/#\\\/schema\\\/person\\\/d9d84823564720e7593293bab054e52d\"},\"headline\":\"A banda \u201c CANTATORRELLA \u201c de Redondela\",\"datePublished\":\"2023-12-21T11:00:45+00:00\",\"mainEntityOfPage\":{\"@id\":\"https:\\\/\\\/www.anovapeneira.gal\\\/index.php\\\/2023\\\/12\\\/21\\\/a-banda-cantatorrella-de-redondela\\\/\"},\"wordCount\":913,\"commentCount\":0,\"publisher\":{\"@id\":\"https:\\\/\\\/www.anovapeneira.gal\\\/#organization\"},\"image\":{\"@id\":\"https:\\\/\\\/www.anovapeneira.gal\\\/index.php\\\/2023\\\/12\\\/21\\\/a-banda-cantatorrella-de-redondela\\\/#primaryimage\"},\"thumbnailUrl\":\"https:\\\/\\\/www.anovapeneira.gal\\\/wp-content\\\/uploads\\\/2023\\\/12\\\/Cantatorrella.webp\",\"keywords\":[\"Concello de Redondela\"],\"articleSection\":[\"Redondela\"],\"inLanguage\":\"gl-ES\",\"potentialAction\":[{\"@type\":\"CommentAction\",\"name\":\"Comment\",\"target\":[\"https:\\\/\\\/www.anovapeneira.gal\\\/index.php\\\/2023\\\/12\\\/21\\\/a-banda-cantatorrella-de-redondela\\\/#respond\"]}]},{\"@type\":\"WebPage\",\"@id\":\"https:\\\/\\\/www.anovapeneira.gal\\\/index.php\\\/2023\\\/12\\\/21\\\/a-banda-cantatorrella-de-redondela\\\/\",\"url\":\"https:\\\/\\\/www.anovapeneira.gal\\\/index.php\\\/2023\\\/12\\\/21\\\/a-banda-cantatorrella-de-redondela\\\/\",\"name\":\"A banda \u201c CANTATORRELLA \u201c de Redondela -\",\"isPartOf\":{\"@id\":\"https:\\\/\\\/www.anovapeneira.gal\\\/#website\"},\"primaryImageOfPage\":{\"@id\":\"https:\\\/\\\/www.anovapeneira.gal\\\/index.php\\\/2023\\\/12\\\/21\\\/a-banda-cantatorrella-de-redondela\\\/#primaryimage\"},\"image\":{\"@id\":\"https:\\\/\\\/www.anovapeneira.gal\\\/index.php\\\/2023\\\/12\\\/21\\\/a-banda-cantatorrella-de-redondela\\\/#primaryimage\"},\"thumbnailUrl\":\"https:\\\/\\\/www.anovapeneira.gal\\\/wp-content\\\/uploads\\\/2023\\\/12\\\/Cantatorrella.webp\",\"datePublished\":\"2023-12-21T11:00:45+00:00\",\"description\":\"Esta \u00e9 unha banda de m\u00fasica liderada polo hist\u00f3rico Fon De Con e que est\u00e1 imbu\u00edda da esencia da cultura popular galega, das noites de troula, poes\u00eda e amor\",\"breadcrumb\":{\"@id\":\"https:\\\/\\\/www.anovapeneira.gal\\\/index.php\\\/2023\\\/12\\\/21\\\/a-banda-cantatorrella-de-redondela\\\/#breadcrumb\"},\"inLanguage\":\"gl-ES\",\"potentialAction\":[{\"@type\":\"ReadAction\",\"target\":[\"https:\\\/\\\/www.anovapeneira.gal\\\/index.php\\\/2023\\\/12\\\/21\\\/a-banda-cantatorrella-de-redondela\\\/\"]}]},{\"@type\":\"ImageObject\",\"inLanguage\":\"gl-ES\",\"@id\":\"https:\\\/\\\/www.anovapeneira.gal\\\/index.php\\\/2023\\\/12\\\/21\\\/a-banda-cantatorrella-de-redondela\\\/#primaryimage\",\"url\":\"https:\\\/\\\/www.anovapeneira.gal\\\/wp-content\\\/uploads\\\/2023\\\/12\\\/Cantatorrella.webp\",\"contentUrl\":\"https:\\\/\\\/www.anovapeneira.gal\\\/wp-content\\\/uploads\\\/2023\\\/12\\\/Cantatorrella.webp\",\"width\":720,\"height\":432,\"caption\":\"A banda \u201c CANTATORRELLA \u201c de Redondela\"},{\"@type\":\"BreadcrumbList\",\"@id\":\"https:\\\/\\\/www.anovapeneira.gal\\\/index.php\\\/2023\\\/12\\\/21\\\/a-banda-cantatorrella-de-redondela\\\/#breadcrumb\",\"itemListElement\":[{\"@type\":\"ListItem\",\"position\":1,\"name\":\"Portada\",\"item\":\"https:\\\/\\\/www.anovapeneira.gal\\\/\"},{\"@type\":\"ListItem\",\"position\":2,\"name\":\"A banda \u201c CANTATORRELLA \u201c de Redondela\"}]},{\"@type\":\"WebSite\",\"@id\":\"https:\\\/\\\/www.anovapeneira.gal\\\/#website\",\"url\":\"https:\\\/\\\/www.anovapeneira.gal\\\/\",\"name\":\"\",\"description\":\"Xornal galego de informaci\u00f3n xeral Publicaci\u00f3n mensual de novas de Galicia e en especial dos Concellos da sur da provincia de Pontevedra.\",\"publisher\":{\"@id\":\"https:\\\/\\\/www.anovapeneira.gal\\\/#organization\"},\"potentialAction\":[{\"@type\":\"SearchAction\",\"target\":{\"@type\":\"EntryPoint\",\"urlTemplate\":\"https:\\\/\\\/www.anovapeneira.gal\\\/?s={search_term_string}\"},\"query-input\":{\"@type\":\"PropertyValueSpecification\",\"valueRequired\":true,\"valueName\":\"search_term_string\"}}],\"inLanguage\":\"gl-ES\"},{\"@type\":\"Organization\",\"@id\":\"https:\\\/\\\/www.anovapeneira.gal\\\/#organization\",\"name\":\"A Nova Peneira\",\"url\":\"https:\\\/\\\/www.anovapeneira.gal\\\/\",\"logo\":{\"@type\":\"ImageObject\",\"inLanguage\":\"gl-ES\",\"@id\":\"https:\\\/\\\/www.anovapeneira.gal\\\/#\\\/schema\\\/logo\\\/image\\\/\",\"url\":\"http:\\\/\\\/www.anovapeneira.gal\\\/wp-content\\\/uploads\\\/2019\\\/06\\\/logo_a_nova_peneira_portal_web.png\",\"contentUrl\":\"http:\\\/\\\/www.anovapeneira.gal\\\/wp-content\\\/uploads\\\/2019\\\/06\\\/logo_a_nova_peneira_portal_web.png\",\"width\":300,\"height\":100,\"caption\":\"A Nova Peneira\"},\"image\":{\"@id\":\"https:\\\/\\\/www.anovapeneira.gal\\\/#\\\/schema\\\/logo\\\/image\\\/\"},\"sameAs\":[\"https:\\\/\\\/www.facebook.com\\\/anovapeneira\",\"https:\\\/\\\/x.com\\\/APeneira\"]},{\"@type\":\"Person\",\"@id\":\"https:\\\/\\\/www.anovapeneira.gal\\\/#\\\/schema\\\/person\\\/d9d84823564720e7593293bab054e52d\",\"name\":\"Marcos Santos\",\"image\":{\"@type\":\"ImageObject\",\"inLanguage\":\"gl-ES\",\"@id\":\"https:\\\/\\\/secure.gravatar.com\\\/avatar\\\/0e8017099a7a47c0a9d2275e865fe326484561eb3d70649069e4b8e61a8d2e8c?s=96&d=mm&r=g\",\"url\":\"https:\\\/\\\/secure.gravatar.com\\\/avatar\\\/0e8017099a7a47c0a9d2275e865fe326484561eb3d70649069e4b8e61a8d2e8c?s=96&d=mm&r=g\",\"contentUrl\":\"https:\\\/\\\/secure.gravatar.com\\\/avatar\\\/0e8017099a7a47c0a9d2275e865fe326484561eb3d70649069e4b8e61a8d2e8c?s=96&d=mm&r=g\",\"caption\":\"Marcos Santos\"},\"sameAs\":[\"http:\\\/\\\/anovapeneira.gal\"],\"url\":\"https:\\\/\\\/www.anovapeneira.gal\\\/index.php\\\/author\\\/marcos-santos\\\/\"}]}<\/script>\n<!-- \/ Yoast SEO plugin. -->","yoast_head_json":{"title":"A banda \u201c CANTATORRELLA \u201c de Redondela -","description":"Esta \u00e9 unha banda de m\u00fasica liderada polo hist\u00f3rico Fon De Con e que est\u00e1 imbu\u00edda da esencia da cultura popular galega, das noites de troula, poes\u00eda e amor","robots":{"index":"index","follow":"follow","max-snippet":"max-snippet:-1","max-image-preview":"max-image-preview:large","max-video-preview":"max-video-preview:-1"},"canonical":"https:\/\/www.anovapeneira.gal\/index.php\/2023\/12\/21\/a-banda-cantatorrella-de-redondela\/","og_locale":"gl_ES","og_type":"article","og_title":"A banda \u201c CANTATORRELLA \u201c de Redondela -","og_description":"Esta \u00e9 unha banda de m\u00fasica liderada polo hist\u00f3rico Fon De Con e que est\u00e1 imbu\u00edda da esencia da cultura popular galega, das noites de troula, poes\u00eda e amor","og_url":"https:\/\/www.anovapeneira.gal\/index.php\/2023\/12\/21\/a-banda-cantatorrella-de-redondela\/","article_publisher":"https:\/\/www.facebook.com\/anovapeneira","article_published_time":"2023-12-21T11:00:45+00:00","og_image":[{"width":720,"height":432,"url":"https:\/\/www.anovapeneira.gal\/wp-content\/uploads\/2023\/12\/Cantatorrella.webp","type":"image\/webp"}],"author":"Marcos Santos","twitter_card":"summary_large_image","twitter_creator":"@APeneira","twitter_site":"@APeneira","twitter_misc":{"Escrito por":"Marcos Santos","Tempo de lectura":"2 minutos"},"schema":{"@context":"https:\/\/schema.org","@graph":[{"@type":"Article","@id":"https:\/\/www.anovapeneira.gal\/index.php\/2023\/12\/21\/a-banda-cantatorrella-de-redondela\/#article","isPartOf":{"@id":"https:\/\/www.anovapeneira.gal\/index.php\/2023\/12\/21\/a-banda-cantatorrella-de-redondela\/"},"author":{"name":"Marcos Santos","@id":"https:\/\/www.anovapeneira.gal\/#\/schema\/person\/d9d84823564720e7593293bab054e52d"},"headline":"A banda \u201c CANTATORRELLA \u201c de Redondela","datePublished":"2023-12-21T11:00:45+00:00","mainEntityOfPage":{"@id":"https:\/\/www.anovapeneira.gal\/index.php\/2023\/12\/21\/a-banda-cantatorrella-de-redondela\/"},"wordCount":913,"commentCount":0,"publisher":{"@id":"https:\/\/www.anovapeneira.gal\/#organization"},"image":{"@id":"https:\/\/www.anovapeneira.gal\/index.php\/2023\/12\/21\/a-banda-cantatorrella-de-redondela\/#primaryimage"},"thumbnailUrl":"https:\/\/www.anovapeneira.gal\/wp-content\/uploads\/2023\/12\/Cantatorrella.webp","keywords":["Concello de Redondela"],"articleSection":["Redondela"],"inLanguage":"gl-ES","potentialAction":[{"@type":"CommentAction","name":"Comment","target":["https:\/\/www.anovapeneira.gal\/index.php\/2023\/12\/21\/a-banda-cantatorrella-de-redondela\/#respond"]}]},{"@type":"WebPage","@id":"https:\/\/www.anovapeneira.gal\/index.php\/2023\/12\/21\/a-banda-cantatorrella-de-redondela\/","url":"https:\/\/www.anovapeneira.gal\/index.php\/2023\/12\/21\/a-banda-cantatorrella-de-redondela\/","name":"A banda \u201c CANTATORRELLA \u201c de Redondela -","isPartOf":{"@id":"https:\/\/www.anovapeneira.gal\/#website"},"primaryImageOfPage":{"@id":"https:\/\/www.anovapeneira.gal\/index.php\/2023\/12\/21\/a-banda-cantatorrella-de-redondela\/#primaryimage"},"image":{"@id":"https:\/\/www.anovapeneira.gal\/index.php\/2023\/12\/21\/a-banda-cantatorrella-de-redondela\/#primaryimage"},"thumbnailUrl":"https:\/\/www.anovapeneira.gal\/wp-content\/uploads\/2023\/12\/Cantatorrella.webp","datePublished":"2023-12-21T11:00:45+00:00","description":"Esta \u00e9 unha banda de m\u00fasica liderada polo hist\u00f3rico Fon De Con e que est\u00e1 imbu\u00edda da esencia da cultura popular galega, das noites de troula, poes\u00eda e amor","breadcrumb":{"@id":"https:\/\/www.anovapeneira.gal\/index.php\/2023\/12\/21\/a-banda-cantatorrella-de-redondela\/#breadcrumb"},"inLanguage":"gl-ES","potentialAction":[{"@type":"ReadAction","target":["https:\/\/www.anovapeneira.gal\/index.php\/2023\/12\/21\/a-banda-cantatorrella-de-redondela\/"]}]},{"@type":"ImageObject","inLanguage":"gl-ES","@id":"https:\/\/www.anovapeneira.gal\/index.php\/2023\/12\/21\/a-banda-cantatorrella-de-redondela\/#primaryimage","url":"https:\/\/www.anovapeneira.gal\/wp-content\/uploads\/2023\/12\/Cantatorrella.webp","contentUrl":"https:\/\/www.anovapeneira.gal\/wp-content\/uploads\/2023\/12\/Cantatorrella.webp","width":720,"height":432,"caption":"A banda \u201c CANTATORRELLA \u201c de Redondela"},{"@type":"BreadcrumbList","@id":"https:\/\/www.anovapeneira.gal\/index.php\/2023\/12\/21\/a-banda-cantatorrella-de-redondela\/#breadcrumb","itemListElement":[{"@type":"ListItem","position":1,"name":"Portada","item":"https:\/\/www.anovapeneira.gal\/"},{"@type":"ListItem","position":2,"name":"A banda \u201c CANTATORRELLA \u201c de Redondela"}]},{"@type":"WebSite","@id":"https:\/\/www.anovapeneira.gal\/#website","url":"https:\/\/www.anovapeneira.gal\/","name":"","description":"Xornal galego de informaci\u00f3n xeral Publicaci\u00f3n mensual de novas de Galicia e en especial dos Concellos da sur da provincia de Pontevedra.","publisher":{"@id":"https:\/\/www.anovapeneira.gal\/#organization"},"potentialAction":[{"@type":"SearchAction","target":{"@type":"EntryPoint","urlTemplate":"https:\/\/www.anovapeneira.gal\/?s={search_term_string}"},"query-input":{"@type":"PropertyValueSpecification","valueRequired":true,"valueName":"search_term_string"}}],"inLanguage":"gl-ES"},{"@type":"Organization","@id":"https:\/\/www.anovapeneira.gal\/#organization","name":"A Nova Peneira","url":"https:\/\/www.anovapeneira.gal\/","logo":{"@type":"ImageObject","inLanguage":"gl-ES","@id":"https:\/\/www.anovapeneira.gal\/#\/schema\/logo\/image\/","url":"http:\/\/www.anovapeneira.gal\/wp-content\/uploads\/2019\/06\/logo_a_nova_peneira_portal_web.png","contentUrl":"http:\/\/www.anovapeneira.gal\/wp-content\/uploads\/2019\/06\/logo_a_nova_peneira_portal_web.png","width":300,"height":100,"caption":"A Nova Peneira"},"image":{"@id":"https:\/\/www.anovapeneira.gal\/#\/schema\/logo\/image\/"},"sameAs":["https:\/\/www.facebook.com\/anovapeneira","https:\/\/x.com\/APeneira"]},{"@type":"Person","@id":"https:\/\/www.anovapeneira.gal\/#\/schema\/person\/d9d84823564720e7593293bab054e52d","name":"Marcos Santos","image":{"@type":"ImageObject","inLanguage":"gl-ES","@id":"https:\/\/secure.gravatar.com\/avatar\/0e8017099a7a47c0a9d2275e865fe326484561eb3d70649069e4b8e61a8d2e8c?s=96&d=mm&r=g","url":"https:\/\/secure.gravatar.com\/avatar\/0e8017099a7a47c0a9d2275e865fe326484561eb3d70649069e4b8e61a8d2e8c?s=96&d=mm&r=g","contentUrl":"https:\/\/secure.gravatar.com\/avatar\/0e8017099a7a47c0a9d2275e865fe326484561eb3d70649069e4b8e61a8d2e8c?s=96&d=mm&r=g","caption":"Marcos Santos"},"sameAs":["http:\/\/anovapeneira.gal"],"url":"https:\/\/www.anovapeneira.gal\/index.php\/author\/marcos-santos\/"}]}},"jetpack_featured_media_url":"https:\/\/www.anovapeneira.gal\/wp-content\/uploads\/2023\/12\/Cantatorrella.webp","_links":{"self":[{"href":"https:\/\/www.anovapeneira.gal\/index.php\/wp-json\/wp\/v2\/posts\/10944","targetHints":{"allow":["GET"]}}],"collection":[{"href":"https:\/\/www.anovapeneira.gal\/index.php\/wp-json\/wp\/v2\/posts"}],"about":[{"href":"https:\/\/www.anovapeneira.gal\/index.php\/wp-json\/wp\/v2\/types\/post"}],"author":[{"embeddable":true,"href":"https:\/\/www.anovapeneira.gal\/index.php\/wp-json\/wp\/v2\/users\/6"}],"replies":[{"embeddable":true,"href":"https:\/\/www.anovapeneira.gal\/index.php\/wp-json\/wp\/v2\/comments?post=10944"}],"version-history":[{"count":2,"href":"https:\/\/www.anovapeneira.gal\/index.php\/wp-json\/wp\/v2\/posts\/10944\/revisions"}],"predecessor-version":[{"id":10947,"href":"https:\/\/www.anovapeneira.gal\/index.php\/wp-json\/wp\/v2\/posts\/10944\/revisions\/10947"}],"wp:featuredmedia":[{"embeddable":true,"href":"https:\/\/www.anovapeneira.gal\/index.php\/wp-json\/wp\/v2\/media\/10945"}],"wp:attachment":[{"href":"https:\/\/www.anovapeneira.gal\/index.php\/wp-json\/wp\/v2\/media?parent=10944"}],"wp:term":[{"taxonomy":"category","embeddable":true,"href":"https:\/\/www.anovapeneira.gal\/index.php\/wp-json\/wp\/v2\/categories?post=10944"},{"taxonomy":"post_tag","embeddable":true,"href":"https:\/\/www.anovapeneira.gal\/index.php\/wp-json\/wp\/v2\/tags?post=10944"}],"curies":[{"name":"wp","href":"https:\/\/api.w.org\/{rel}","templated":true}]}}