{"id":10948,"date":"2023-12-22T10:00:35","date_gmt":"2023-12-22T09:00:35","guid":{"rendered":"https:\/\/www.anovapeneira.gal\/?p=10948"},"modified":"2023-12-15T20:09:12","modified_gmt":"2023-12-15T19:09:12","slug":"emiliano-lage-alcalde-de-fornelos-de-montes-7","status":"publish","type":"post","link":"https:\/\/www.anovapeneira.gal\/index.php\/2023\/12\/22\/emiliano-lage-alcalde-de-fornelos-de-montes-7\/","title":{"rendered":"Emiliano Lage, alcalde de Fornelos de Montes"},"content":{"rendered":"\n<p><strong>Acabamos o ano da mellor forma posible:visitando o pobo m\u00e1is fermoso do mundo, Fornelos de Montes. Al\u00ed conversamos de novo co seu alcalde para co\u00f1ecer a s\u00faa visi\u00f3n da actualidade pol\u00edtica local.<\/strong><\/p>\n\n\n\n<h2 class=\"wp-block-heading\">\u201c<strong>Desexo unhas moi felices festas a todas as veci\u00f1as e veci\u00f1os de Fornelos ,especialmente aos que peor o estean pasando que sempre poder\u00e1n coa man tendida deste alcalde e deste goberno\u201d<\/strong><\/h2>\n\n\n\n<p><strong>A pouco tempo de empezar as Festas de Nadal dime, alcalde, que programa o Concello de Fornelos para estas datas?<\/strong><\/p>\n\n\n\n<blockquote class=\"wp-block-quote is-layout-flow wp-block-quote-is-layout-flow\">\n<p>Temos a \u00e1rbore de Nadal e as luces que empezaron a funcionar o 1 de decembro e estar\u00e1n ata despois de Reis. A verdade \u00e9 que este ano quedou moi bonito e veci\u00f1os e veci\u00f1as est\u00e1n moi contentas coa iluminaci\u00f3n.<\/p>\n<\/blockquote>\n\n\n\n<blockquote class=\"wp-block-quote is-layout-flow wp-block-quote-is-layout-flow\">\n<p>Logo son as ANPAS dos colexios as que organizan un festival no Multiusos no inicio das mini vacaci\u00f3ns de Nadal.<\/p>\n<\/blockquote>\n\n\n\n<blockquote class=\"wp-block-quote is-layout-flow wp-block-quote-is-layout-flow\">\n<p>Ata o ano pasado hab\u00eda un Pap\u00e1 Noel cun tamborileiro nestas datas pero, coa entrada do novo goberno da Deputaci\u00f3n, este evento xa non se subvenciona.<\/p>\n<\/blockquote>\n\n\n\n<p><strong>Podemos valorar \u00e1 nova DEPO, ou \u00e9 a\u00ednda moi pronto?<\/strong><\/p>\n\n\n\n<blockquote class=\"wp-block-quote is-layout-flow wp-block-quote-is-layout-flow\">\n<p>De momento non se pode valorar porque a Deputaci\u00f3n est\u00e1 a traballar cos orzamentos do anterior Goberno. A partir do ano que v\u00e9n ser\u00e1 cando traballen cos seus novos orzamentos e a\u00ed verase como van as cousas.<\/p>\n<\/blockquote>\n\n\n\n<blockquote class=\"wp-block-quote is-layout-flow wp-block-quote-is-layout-flow\">\n<p>Este mesmo mes de decembro veu a Fornelos o novo presidente da DEPO a asinar o convenio da remodelaci\u00f3n total da piscina municipal, que xa estaba pactado co anterior goberno. O convenio estaba sen asinar e acabamos de facelo.<\/p>\n<\/blockquote>\n\n\n\n<p><strong>A maiores da piscina, hai alg\u00fan outro problema urxente en Fornelos que necesite a acci\u00f3n das administraci\u00f3ns ?<\/strong><\/p>\n\n\n\n<blockquote class=\"wp-block-quote is-layout-flow wp-block-quote-is-layout-flow\">\n<p>Eu espero que a Deputaci\u00f3n mante\u00f1a o \u201cPlan Concellos\u201d. Din que si, que mante\u00f1en este plan cos mesmos criterios para determinar a repartici\u00f3n de fondos.<\/p>\n<\/blockquote>\n\n\n\n<blockquote class=\"wp-block-quote is-layout-flow wp-block-quote-is-layout-flow\">\n<p>Acaba de sa\u00edr en prensa que volver\u00e1n achegar 200.000\u20ac para axudas \u00e1s asociaci\u00f3ns de veci\u00f1os e en Fornelos solicitaremos as que nos correspondan para as nosas asociaci\u00f3ns.<\/p>\n<\/blockquote>\n\n\n\n<p><strong>Tendes de veci\u00f1os da contorna a Javier Bas e Andr\u00e9s D\u00edaz que son asesores da Deputaci\u00f3n. Contactaron contigo para po\u00f1erse \u00e1 t\u00faa disposici\u00f3n ou saber dos problemas de Fornelos?<\/strong><\/p>\n\n\n\n<blockquote class=\"wp-block-quote is-layout-flow wp-block-quote-is-layout-flow\">\n<p>Javier Bas si. Polos reiterados temporais e inundaci\u00f3ns que houbo pola choiva, a Deputaci\u00f3n quitou un plan de recuperaci\u00f3n para reparar muros e demais desfeitas. Como Fornelos foi o concello no que m\u00e1is choveu, chamoume varias veces para solucionar este tema e quedou arranxado.<\/p>\n<\/blockquote>\n\n\n\n<blockquote class=\"wp-block-quote is-layout-flow wp-block-quote-is-layout-flow\">\n<p>Xa co\u00f1ec\u00eda a Javier con anterioridade, comigo sempre foi correcto, portouse ben e \u00e9 unha persoa respectuosa.<\/p>\n<\/blockquote>\n\n\n\n<p><strong>Con relaci\u00f3n \u00e1s elecci\u00f3ns municipais, o Partido Popular tivo unha subida significativa en Fornelos. Isto a que se debe?<\/strong><\/p>\n\n\n\n<blockquote class=\"wp-block-quote is-layout-flow wp-block-quote-is-layout-flow\">\n<p>A subida, que aparenta ser significativa, non o \u00e9 tanto porque o PP ten o terceiro concelleiro por s\u00f3 dous votos. O PSOE con dous votos m\u00e1is lle sacar\u00eda o terceiro concelleiro ao PP. E o concelleiro do BNG cons\u00e9rvao por un s\u00f3 voto. Ent\u00f3n a nosa baixada de 7 a 5 \u00e9 relativa. Repito , con dous votos m\u00e1is ga\u00f1abamos un concelleiro ao PP e cun voto m\u00e1is outro ao BNG . O PSOE ga\u00f1ou en todas as mesas electorais e segue tendo unha base enormemente s\u00f3lida no noso Concello.<\/p>\n<\/blockquote>\n\n\n\n<p><strong>Que tal son as relaci\u00f3ns con estes novos concelleiros do PP?<\/strong><\/p>\n\n\n\n<blockquote class=\"wp-block-quote is-layout-flow wp-block-quote-is-layout-flow\">\n<p>Son nulas. A \u00fanica relaci\u00f3n que temos son as preguntas capciosas que fan nos Plenos. Imitan a t\u00e1ctica pol\u00edtica do PP que se ve na televisi\u00f3n, tensionar ata un punto extremo. En Fornelos non van tensionar nada, aqu\u00ed somos pac\u00edficos e sensatos.<\/p>\n<\/blockquote>\n\n\n\n<p><strong>Que proxectos tedes para Fornelos neste mandato?<\/strong><\/p>\n\n\n\n<blockquote class=\"wp-block-quote is-layout-flow wp-block-quote-is-layout-flow\">\n<p>O proxecto da remodelaci\u00f3n total da piscina municipal de algo m\u00e1is de 300.000\u20ac coa Deputaci\u00f3n.<\/p>\n<\/blockquote>\n\n\n\n<blockquote class=\"wp-block-quote is-layout-flow wp-block-quote-is-layout-flow\">\n<p>Estamos pendentes de asinar o convenio de algo m\u00e1is de 300.000\u20ac para renovar o multiusos, o concello e o centro m\u00e9dico co goberno central e os fondos Next Generation. Aqu\u00ed vaise a renovar a calefacci\u00f3n e as caldeiras..<\/p>\n<\/blockquote>\n\n\n\n<blockquote class=\"wp-block-quote is-layout-flow wp-block-quote-is-layout-flow\">\n<p>Acabamos de terminar a renovaci\u00f3n da iluminaci\u00f3n p\u00fablica para meter luces LED en todas as parroquias, menos en Calvos porque non deron os cartos. Isto tivo un custo de 500.000\u20ac e agora faremos Calvos cun custo de 85.000\u20ac. Isto vai a trav\u00e9s do IDAE da DEPO. Este cambio supuxo un abaratamento do recibo el\u00e9ctrico tremendo para as arcas do concello.<\/p>\n<\/blockquote>\n\n\n\n<blockquote class=\"wp-block-quote is-layout-flow wp-block-quote-is-layout-flow\">\n<p>122.000\u20ac para arranxar as desfeitas de muros ca\u00eddos polas inundaci\u00f3ns. Este acaba de sa\u00edr a concurso e xa imos proceder ao seu arranxo, convenio coa Deputaci\u00f3n tam\u00e9n.<\/p>\n<\/blockquote>\n\n\n\n<p><strong>Hai algunha parroquia especialmente m\u00e1is afectada que as demais?<\/strong><\/p>\n\n\n\n<blockquote class=\"wp-block-quote is-layout-flow wp-block-quote-is-layout-flow\">\n<p>Si, Estacas e Vent\u00edn foron as m\u00e1is afectadas.<\/p>\n<\/blockquote>\n\n\n\n<p><strong>Emiliano, sempre fuches unha persoa moi concienciada coas necesidades sociais. As familias do concello que seguen tendo dificultades e necesidades seguen contando co apoio institucional?<\/strong><\/p>\n\n\n\n<blockquote class=\"wp-block-quote is-layout-flow wp-block-quote-is-layout-flow\">\n<p>Si, pero temos dificultades para facelo. O rural galego ten unha poboaci\u00f3n moi envellecida. O SAF e a Xunta de Galicia non se fan cargo, a\u00ednda que esta \u00e9 a s\u00faa competencia, isto \u00e9 unha vergo\u00f1a.<\/p>\n<\/blockquote>\n\n\n\n<blockquote class=\"wp-block-quote is-layout-flow wp-block-quote-is-layout-flow\">\n<p>Se nos un\u00edsemos todos os alcaldes para facer presi\u00f3n outro galo cantar\u00eda, pero como cada un imos polo noso lado non conseguimos facer nada para que a Xunta asuma esta competencia que \u00e9 s\u00faa.<\/p>\n<\/blockquote>\n\n\n\n<blockquote class=\"wp-block-quote is-layout-flow wp-block-quote-is-layout-flow\">\n<p>Temos que aumentar as partidas do SAF porque cada vez temos m\u00e1is xente que o necesita. Din que este ano van subir a s\u00faa achega, a ver que nos din os orzamentos da Xunta o 2 de xaneiro.<\/p>\n<\/blockquote>\n\n\n\n<blockquote class=\"wp-block-quote is-layout-flow wp-block-quote-is-layout-flow\">\n<p>Case todos os concellos est\u00e1n a subir os seus impostos para poder facerse cargo disto. N\u00f3s, de momento, s\u00f3 aumentamos o IBI que o ti\u00f1amos ao m\u00ednimo.<\/p>\n<\/blockquote>\n\n\n\n<blockquote class=\"wp-block-quote is-layout-flow wp-block-quote-is-layout-flow\">\n<p>Malia as dificultades evidentes quero deixar claro que no Concello de Fornelos tendemos a nosa man a todas aquelas veci\u00f1as e veci\u00f1os que o precisen. Desde logo que nunca os imos deixar desatendidos.<\/p>\n<\/blockquote>\n\n\n\n<p><strong>Ti como andas de \u00e1nimos?<\/strong><\/p>\n\n\n\n<blockquote class=\"wp-block-quote is-layout-flow wp-block-quote-is-layout-flow\">\n<p>Coma se tivese 20 anos&#8230; risas. Eu tendo sa\u00fade son feliz.<\/p>\n<\/blockquote>\n\n\n\n<p><strong>E est\u00e1s ben de sa\u00fade?<\/strong><\/p>\n\n\n\n<blockquote class=\"wp-block-quote is-layout-flow wp-block-quote-is-layout-flow\">\n<p>Si, estou ben. Quero aproveitar para dar as grazas por esta entrevista e desexar felices festas para todos os veci\u00f1os e veci\u00f1as de Fornelos especialmente aos que peor o estean pasando que sempre poder\u00e1n contar coa man tendida deste goberno e deste alcalde..<\/p>\n<\/blockquote>\n","protected":false},"excerpt":{"rendered":"<div class=\"mh-excerpt\"><p>Acabamos o ano da mellor forma posible:visitando o pobo m\u00e1is fermoso do mundo, Fornelos de Montes. Al\u00ed conversamos de novo co seu alcalde para co\u00f1ecer a s\u00faa visi\u00f3n da actualidade pol\u00edtica local <a class=\"mh-excerpt-more\" href=\"https:\/\/www.anovapeneira.gal\/index.php\/2023\/12\/22\/emiliano-lage-alcalde-de-fornelos-de-montes-7\/\" title=\"Emiliano Lage, alcalde de Fornelos de Montes\">[&#8230;]<\/a><\/p>\n<\/div>","protected":false},"author":3,"featured_media":5774,"comment_status":"open","ping_status":"open","sticky":false,"template":"","format":"standard","meta":{"_exactmetrics_skip_tracking":false,"_exactmetrics_sitenote_active":false,"_exactmetrics_sitenote_note":"","_exactmetrics_sitenote_category":0,"footnotes":""},"categories":[270],"tags":[452],"class_list":{"0":"post-10948","1":"post","2":"type-post","3":"status-publish","4":"format-standard","5":"has-post-thumbnail","7":"category-redondela-entrevistas","8":"tag-concello-de-fornelos-de-montes"},"yoast_head":"<!-- This site is optimized with the Yoast SEO plugin v27.4 - https:\/\/yoast.com\/product\/yoast-seo-wordpress\/ -->\n<title>Emiliano Lage, alcalde de Fornelos de Montes -<\/title>\n<meta name=\"description\" content=\"Acabamos o ano da mellor forma posible:visitando o pobo m\u00e1is fermoso do mundo, Fornelos de Montes. Al\u00ed conversamos de novo co seu alcalde para co\u00f1ecer a s\u00faa visi\u00f3n da actualidade pol\u00edtica local\" \/>\n<meta name=\"robots\" content=\"index, follow, max-snippet:-1, max-image-preview:large, max-video-preview:-1\" \/>\n<link rel=\"canonical\" href=\"https:\/\/www.anovapeneira.gal\/index.php\/2023\/12\/22\/emiliano-lage-alcalde-de-fornelos-de-montes-7\/\" \/>\n<meta property=\"og:locale\" content=\"gl_ES\" \/>\n<meta property=\"og:type\" content=\"article\" \/>\n<meta property=\"og:title\" content=\"Emiliano Lage, alcalde de Fornelos de Montes -\" \/>\n<meta property=\"og:description\" content=\"Acabamos o ano da mellor forma posible:visitando o pobo m\u00e1is fermoso do mundo, Fornelos de Montes. Al\u00ed conversamos de novo co seu alcalde para co\u00f1ecer a s\u00faa visi\u00f3n da actualidade pol\u00edtica local\" \/>\n<meta property=\"og:url\" content=\"https:\/\/www.anovapeneira.gal\/index.php\/2023\/12\/22\/emiliano-lage-alcalde-de-fornelos-de-montes-7\/\" \/>\n<meta property=\"article:publisher\" content=\"https:\/\/www.facebook.com\/anovapeneira\" \/>\n<meta property=\"article:published_time\" content=\"2023-12-22T09:00:35+00:00\" \/>\n<meta property=\"og:image\" content=\"https:\/\/www.anovapeneira.gal\/wp-content\/uploads\/2021\/07\/emiliano_fornelos.jpg\" \/>\n\t<meta property=\"og:image:width\" content=\"720\" \/>\n\t<meta property=\"og:image:height\" content=\"432\" \/>\n\t<meta property=\"og:image:type\" content=\"image\/jpeg\" \/>\n<meta name=\"author\" content=\"Redacci\u00f3n A Nova Peneira\" \/>\n<meta name=\"twitter:card\" content=\"summary_large_image\" \/>\n<meta name=\"twitter:creator\" content=\"@APeneira\" \/>\n<meta name=\"twitter:site\" content=\"@APeneira\" \/>\n<meta name=\"twitter:label1\" content=\"Escrito por\" \/>\n\t<meta name=\"twitter:data1\" content=\"Redacci\u00f3n A Nova Peneira\" \/>\n\t<meta name=\"twitter:label2\" content=\"Tempo de lectura\" \/>\n\t<meta name=\"twitter:data2\" content=\"2 minutos\" \/>\n<script type=\"application\/ld+json\" class=\"yoast-schema-graph\">{\"@context\":\"https:\\\/\\\/schema.org\",\"@graph\":[{\"@type\":\"Article\",\"@id\":\"https:\\\/\\\/www.anovapeneira.gal\\\/index.php\\\/2023\\\/12\\\/22\\\/emiliano-lage-alcalde-de-fornelos-de-montes-7\\\/#article\",\"isPartOf\":{\"@id\":\"https:\\\/\\\/www.anovapeneira.gal\\\/index.php\\\/2023\\\/12\\\/22\\\/emiliano-lage-alcalde-de-fornelos-de-montes-7\\\/\"},\"author\":{\"name\":\"Redacci\u00f3n A Nova Peneira\",\"@id\":\"https:\\\/\\\/www.anovapeneira.gal\\\/#\\\/schema\\\/person\\\/b93e3f8932e3f8da96334607eb6ac6aa\"},\"headline\":\"Emiliano Lage, alcalde de Fornelos de Montes\",\"datePublished\":\"2023-12-22T09:00:35+00:00\",\"mainEntityOfPage\":{\"@id\":\"https:\\\/\\\/www.anovapeneira.gal\\\/index.php\\\/2023\\\/12\\\/22\\\/emiliano-lage-alcalde-de-fornelos-de-montes-7\\\/\"},\"wordCount\":1086,\"commentCount\":0,\"publisher\":{\"@id\":\"https:\\\/\\\/www.anovapeneira.gal\\\/#organization\"},\"image\":{\"@id\":\"https:\\\/\\\/www.anovapeneira.gal\\\/index.php\\\/2023\\\/12\\\/22\\\/emiliano-lage-alcalde-de-fornelos-de-montes-7\\\/#primaryimage\"},\"thumbnailUrl\":\"https:\\\/\\\/www.anovapeneira.gal\\\/wp-content\\\/uploads\\\/2021\\\/07\\\/emiliano_fornelos.jpg\",\"keywords\":[\"Concello de Fornelos de Montes\"],\"articleSection\":[\"Redondela\"],\"inLanguage\":\"gl-ES\",\"potentialAction\":[{\"@type\":\"CommentAction\",\"name\":\"Comment\",\"target\":[\"https:\\\/\\\/www.anovapeneira.gal\\\/index.php\\\/2023\\\/12\\\/22\\\/emiliano-lage-alcalde-de-fornelos-de-montes-7\\\/#respond\"]}]},{\"@type\":\"WebPage\",\"@id\":\"https:\\\/\\\/www.anovapeneira.gal\\\/index.php\\\/2023\\\/12\\\/22\\\/emiliano-lage-alcalde-de-fornelos-de-montes-7\\\/\",\"url\":\"https:\\\/\\\/www.anovapeneira.gal\\\/index.php\\\/2023\\\/12\\\/22\\\/emiliano-lage-alcalde-de-fornelos-de-montes-7\\\/\",\"name\":\"Emiliano Lage, alcalde de Fornelos de Montes -\",\"isPartOf\":{\"@id\":\"https:\\\/\\\/www.anovapeneira.gal\\\/#website\"},\"primaryImageOfPage\":{\"@id\":\"https:\\\/\\\/www.anovapeneira.gal\\\/index.php\\\/2023\\\/12\\\/22\\\/emiliano-lage-alcalde-de-fornelos-de-montes-7\\\/#primaryimage\"},\"image\":{\"@id\":\"https:\\\/\\\/www.anovapeneira.gal\\\/index.php\\\/2023\\\/12\\\/22\\\/emiliano-lage-alcalde-de-fornelos-de-montes-7\\\/#primaryimage\"},\"thumbnailUrl\":\"https:\\\/\\\/www.anovapeneira.gal\\\/wp-content\\\/uploads\\\/2021\\\/07\\\/emiliano_fornelos.jpg\",\"datePublished\":\"2023-12-22T09:00:35+00:00\",\"description\":\"Acabamos o ano da mellor forma posible:visitando o pobo m\u00e1is fermoso do mundo, Fornelos de Montes. Al\u00ed conversamos de novo co seu alcalde para co\u00f1ecer a s\u00faa visi\u00f3n da actualidade pol\u00edtica local\",\"breadcrumb\":{\"@id\":\"https:\\\/\\\/www.anovapeneira.gal\\\/index.php\\\/2023\\\/12\\\/22\\\/emiliano-lage-alcalde-de-fornelos-de-montes-7\\\/#breadcrumb\"},\"inLanguage\":\"gl-ES\",\"potentialAction\":[{\"@type\":\"ReadAction\",\"target\":[\"https:\\\/\\\/www.anovapeneira.gal\\\/index.php\\\/2023\\\/12\\\/22\\\/emiliano-lage-alcalde-de-fornelos-de-montes-7\\\/\"]}]},{\"@type\":\"ImageObject\",\"inLanguage\":\"gl-ES\",\"@id\":\"https:\\\/\\\/www.anovapeneira.gal\\\/index.php\\\/2023\\\/12\\\/22\\\/emiliano-lage-alcalde-de-fornelos-de-montes-7\\\/#primaryimage\",\"url\":\"https:\\\/\\\/www.anovapeneira.gal\\\/wp-content\\\/uploads\\\/2021\\\/07\\\/emiliano_fornelos.jpg\",\"contentUrl\":\"https:\\\/\\\/www.anovapeneira.gal\\\/wp-content\\\/uploads\\\/2021\\\/07\\\/emiliano_fornelos.jpg\",\"width\":720,\"height\":432,\"caption\":\"Emiliano Concello de Fornelos\"},{\"@type\":\"BreadcrumbList\",\"@id\":\"https:\\\/\\\/www.anovapeneira.gal\\\/index.php\\\/2023\\\/12\\\/22\\\/emiliano-lage-alcalde-de-fornelos-de-montes-7\\\/#breadcrumb\",\"itemListElement\":[{\"@type\":\"ListItem\",\"position\":1,\"name\":\"Portada\",\"item\":\"https:\\\/\\\/www.anovapeneira.gal\\\/\"},{\"@type\":\"ListItem\",\"position\":2,\"name\":\"Emiliano Lage, alcalde de Fornelos de Montes\"}]},{\"@type\":\"WebSite\",\"@id\":\"https:\\\/\\\/www.anovapeneira.gal\\\/#website\",\"url\":\"https:\\\/\\\/www.anovapeneira.gal\\\/\",\"name\":\"\",\"description\":\"Xornal galego de informaci\u00f3n xeral Publicaci\u00f3n mensual de novas de Galicia e en especial dos Concellos da sur da provincia de Pontevedra.\",\"publisher\":{\"@id\":\"https:\\\/\\\/www.anovapeneira.gal\\\/#organization\"},\"potentialAction\":[{\"@type\":\"SearchAction\",\"target\":{\"@type\":\"EntryPoint\",\"urlTemplate\":\"https:\\\/\\\/www.anovapeneira.gal\\\/?s={search_term_string}\"},\"query-input\":{\"@type\":\"PropertyValueSpecification\",\"valueRequired\":true,\"valueName\":\"search_term_string\"}}],\"inLanguage\":\"gl-ES\"},{\"@type\":\"Organization\",\"@id\":\"https:\\\/\\\/www.anovapeneira.gal\\\/#organization\",\"name\":\"A Nova Peneira\",\"url\":\"https:\\\/\\\/www.anovapeneira.gal\\\/\",\"logo\":{\"@type\":\"ImageObject\",\"inLanguage\":\"gl-ES\",\"@id\":\"https:\\\/\\\/www.anovapeneira.gal\\\/#\\\/schema\\\/logo\\\/image\\\/\",\"url\":\"http:\\\/\\\/www.anovapeneira.gal\\\/wp-content\\\/uploads\\\/2019\\\/06\\\/logo_a_nova_peneira_portal_web.png\",\"contentUrl\":\"http:\\\/\\\/www.anovapeneira.gal\\\/wp-content\\\/uploads\\\/2019\\\/06\\\/logo_a_nova_peneira_portal_web.png\",\"width\":300,\"height\":100,\"caption\":\"A Nova Peneira\"},\"image\":{\"@id\":\"https:\\\/\\\/www.anovapeneira.gal\\\/#\\\/schema\\\/logo\\\/image\\\/\"},\"sameAs\":[\"https:\\\/\\\/www.facebook.com\\\/anovapeneira\",\"https:\\\/\\\/x.com\\\/APeneira\"]},{\"@type\":\"Person\",\"@id\":\"https:\\\/\\\/www.anovapeneira.gal\\\/#\\\/schema\\\/person\\\/b93e3f8932e3f8da96334607eb6ac6aa\",\"name\":\"Redacci\u00f3n A Nova Peneira\",\"image\":{\"@type\":\"ImageObject\",\"inLanguage\":\"gl-ES\",\"@id\":\"https:\\\/\\\/secure.gravatar.com\\\/avatar\\\/c052a2551a06e23fac63626232eaa90abd78dbcf1700fc46a2b2c89fd27b735f?s=96&d=mm&r=g\",\"url\":\"https:\\\/\\\/secure.gravatar.com\\\/avatar\\\/c052a2551a06e23fac63626232eaa90abd78dbcf1700fc46a2b2c89fd27b735f?s=96&d=mm&r=g\",\"contentUrl\":\"https:\\\/\\\/secure.gravatar.com\\\/avatar\\\/c052a2551a06e23fac63626232eaa90abd78dbcf1700fc46a2b2c89fd27b735f?s=96&d=mm&r=g\",\"caption\":\"Redacci\u00f3n A Nova Peneira\"},\"sameAs\":[\"http:\\\/\\\/www.anovapeneira.gal\\\/\"],\"url\":\"https:\\\/\\\/www.anovapeneira.gal\\\/index.php\\\/author\\\/redactor\\\/\"}]}<\/script>\n<!-- \/ Yoast SEO plugin. -->","yoast_head_json":{"title":"Emiliano Lage, alcalde de Fornelos de Montes -","description":"Acabamos o ano da mellor forma posible:visitando o pobo m\u00e1is fermoso do mundo, Fornelos de Montes. Al\u00ed conversamos de novo co seu alcalde para co\u00f1ecer a s\u00faa visi\u00f3n da actualidade pol\u00edtica local","robots":{"index":"index","follow":"follow","max-snippet":"max-snippet:-1","max-image-preview":"max-image-preview:large","max-video-preview":"max-video-preview:-1"},"canonical":"https:\/\/www.anovapeneira.gal\/index.php\/2023\/12\/22\/emiliano-lage-alcalde-de-fornelos-de-montes-7\/","og_locale":"gl_ES","og_type":"article","og_title":"Emiliano Lage, alcalde de Fornelos de Montes -","og_description":"Acabamos o ano da mellor forma posible:visitando o pobo m\u00e1is fermoso do mundo, Fornelos de Montes. Al\u00ed conversamos de novo co seu alcalde para co\u00f1ecer a s\u00faa visi\u00f3n da actualidade pol\u00edtica local","og_url":"https:\/\/www.anovapeneira.gal\/index.php\/2023\/12\/22\/emiliano-lage-alcalde-de-fornelos-de-montes-7\/","article_publisher":"https:\/\/www.facebook.com\/anovapeneira","article_published_time":"2023-12-22T09:00:35+00:00","og_image":[{"width":720,"height":432,"url":"https:\/\/www.anovapeneira.gal\/wp-content\/uploads\/2021\/07\/emiliano_fornelos.jpg","type":"image\/jpeg"}],"author":"Redacci\u00f3n A Nova Peneira","twitter_card":"summary_large_image","twitter_creator":"@APeneira","twitter_site":"@APeneira","twitter_misc":{"Escrito por":"Redacci\u00f3n A Nova Peneira","Tempo de lectura":"2 minutos"},"schema":{"@context":"https:\/\/schema.org","@graph":[{"@type":"Article","@id":"https:\/\/www.anovapeneira.gal\/index.php\/2023\/12\/22\/emiliano-lage-alcalde-de-fornelos-de-montes-7\/#article","isPartOf":{"@id":"https:\/\/www.anovapeneira.gal\/index.php\/2023\/12\/22\/emiliano-lage-alcalde-de-fornelos-de-montes-7\/"},"author":{"name":"Redacci\u00f3n A Nova Peneira","@id":"https:\/\/www.anovapeneira.gal\/#\/schema\/person\/b93e3f8932e3f8da96334607eb6ac6aa"},"headline":"Emiliano Lage, alcalde de Fornelos de Montes","datePublished":"2023-12-22T09:00:35+00:00","mainEntityOfPage":{"@id":"https:\/\/www.anovapeneira.gal\/index.php\/2023\/12\/22\/emiliano-lage-alcalde-de-fornelos-de-montes-7\/"},"wordCount":1086,"commentCount":0,"publisher":{"@id":"https:\/\/www.anovapeneira.gal\/#organization"},"image":{"@id":"https:\/\/www.anovapeneira.gal\/index.php\/2023\/12\/22\/emiliano-lage-alcalde-de-fornelos-de-montes-7\/#primaryimage"},"thumbnailUrl":"https:\/\/www.anovapeneira.gal\/wp-content\/uploads\/2021\/07\/emiliano_fornelos.jpg","keywords":["Concello de Fornelos de Montes"],"articleSection":["Redondela"],"inLanguage":"gl-ES","potentialAction":[{"@type":"CommentAction","name":"Comment","target":["https:\/\/www.anovapeneira.gal\/index.php\/2023\/12\/22\/emiliano-lage-alcalde-de-fornelos-de-montes-7\/#respond"]}]},{"@type":"WebPage","@id":"https:\/\/www.anovapeneira.gal\/index.php\/2023\/12\/22\/emiliano-lage-alcalde-de-fornelos-de-montes-7\/","url":"https:\/\/www.anovapeneira.gal\/index.php\/2023\/12\/22\/emiliano-lage-alcalde-de-fornelos-de-montes-7\/","name":"Emiliano Lage, alcalde de Fornelos de Montes -","isPartOf":{"@id":"https:\/\/www.anovapeneira.gal\/#website"},"primaryImageOfPage":{"@id":"https:\/\/www.anovapeneira.gal\/index.php\/2023\/12\/22\/emiliano-lage-alcalde-de-fornelos-de-montes-7\/#primaryimage"},"image":{"@id":"https:\/\/www.anovapeneira.gal\/index.php\/2023\/12\/22\/emiliano-lage-alcalde-de-fornelos-de-montes-7\/#primaryimage"},"thumbnailUrl":"https:\/\/www.anovapeneira.gal\/wp-content\/uploads\/2021\/07\/emiliano_fornelos.jpg","datePublished":"2023-12-22T09:00:35+00:00","description":"Acabamos o ano da mellor forma posible:visitando o pobo m\u00e1is fermoso do mundo, Fornelos de Montes. Al\u00ed conversamos de novo co seu alcalde para co\u00f1ecer a s\u00faa visi\u00f3n da actualidade pol\u00edtica local","breadcrumb":{"@id":"https:\/\/www.anovapeneira.gal\/index.php\/2023\/12\/22\/emiliano-lage-alcalde-de-fornelos-de-montes-7\/#breadcrumb"},"inLanguage":"gl-ES","potentialAction":[{"@type":"ReadAction","target":["https:\/\/www.anovapeneira.gal\/index.php\/2023\/12\/22\/emiliano-lage-alcalde-de-fornelos-de-montes-7\/"]}]},{"@type":"ImageObject","inLanguage":"gl-ES","@id":"https:\/\/www.anovapeneira.gal\/index.php\/2023\/12\/22\/emiliano-lage-alcalde-de-fornelos-de-montes-7\/#primaryimage","url":"https:\/\/www.anovapeneira.gal\/wp-content\/uploads\/2021\/07\/emiliano_fornelos.jpg","contentUrl":"https:\/\/www.anovapeneira.gal\/wp-content\/uploads\/2021\/07\/emiliano_fornelos.jpg","width":720,"height":432,"caption":"Emiliano Concello de Fornelos"},{"@type":"BreadcrumbList","@id":"https:\/\/www.anovapeneira.gal\/index.php\/2023\/12\/22\/emiliano-lage-alcalde-de-fornelos-de-montes-7\/#breadcrumb","itemListElement":[{"@type":"ListItem","position":1,"name":"Portada","item":"https:\/\/www.anovapeneira.gal\/"},{"@type":"ListItem","position":2,"name":"Emiliano Lage, alcalde de Fornelos de Montes"}]},{"@type":"WebSite","@id":"https:\/\/www.anovapeneira.gal\/#website","url":"https:\/\/www.anovapeneira.gal\/","name":"","description":"Xornal galego de informaci\u00f3n xeral Publicaci\u00f3n mensual de novas de Galicia e en especial dos Concellos da sur da provincia de Pontevedra.","publisher":{"@id":"https:\/\/www.anovapeneira.gal\/#organization"},"potentialAction":[{"@type":"SearchAction","target":{"@type":"EntryPoint","urlTemplate":"https:\/\/www.anovapeneira.gal\/?s={search_term_string}"},"query-input":{"@type":"PropertyValueSpecification","valueRequired":true,"valueName":"search_term_string"}}],"inLanguage":"gl-ES"},{"@type":"Organization","@id":"https:\/\/www.anovapeneira.gal\/#organization","name":"A Nova Peneira","url":"https:\/\/www.anovapeneira.gal\/","logo":{"@type":"ImageObject","inLanguage":"gl-ES","@id":"https:\/\/www.anovapeneira.gal\/#\/schema\/logo\/image\/","url":"http:\/\/www.anovapeneira.gal\/wp-content\/uploads\/2019\/06\/logo_a_nova_peneira_portal_web.png","contentUrl":"http:\/\/www.anovapeneira.gal\/wp-content\/uploads\/2019\/06\/logo_a_nova_peneira_portal_web.png","width":300,"height":100,"caption":"A Nova Peneira"},"image":{"@id":"https:\/\/www.anovapeneira.gal\/#\/schema\/logo\/image\/"},"sameAs":["https:\/\/www.facebook.com\/anovapeneira","https:\/\/x.com\/APeneira"]},{"@type":"Person","@id":"https:\/\/www.anovapeneira.gal\/#\/schema\/person\/b93e3f8932e3f8da96334607eb6ac6aa","name":"Redacci\u00f3n A Nova Peneira","image":{"@type":"ImageObject","inLanguage":"gl-ES","@id":"https:\/\/secure.gravatar.com\/avatar\/c052a2551a06e23fac63626232eaa90abd78dbcf1700fc46a2b2c89fd27b735f?s=96&d=mm&r=g","url":"https:\/\/secure.gravatar.com\/avatar\/c052a2551a06e23fac63626232eaa90abd78dbcf1700fc46a2b2c89fd27b735f?s=96&d=mm&r=g","contentUrl":"https:\/\/secure.gravatar.com\/avatar\/c052a2551a06e23fac63626232eaa90abd78dbcf1700fc46a2b2c89fd27b735f?s=96&d=mm&r=g","caption":"Redacci\u00f3n A Nova Peneira"},"sameAs":["http:\/\/www.anovapeneira.gal\/"],"url":"https:\/\/www.anovapeneira.gal\/index.php\/author\/redactor\/"}]}},"jetpack_featured_media_url":"https:\/\/www.anovapeneira.gal\/wp-content\/uploads\/2021\/07\/emiliano_fornelos.jpg","_links":{"self":[{"href":"https:\/\/www.anovapeneira.gal\/index.php\/wp-json\/wp\/v2\/posts\/10948","targetHints":{"allow":["GET"]}}],"collection":[{"href":"https:\/\/www.anovapeneira.gal\/index.php\/wp-json\/wp\/v2\/posts"}],"about":[{"href":"https:\/\/www.anovapeneira.gal\/index.php\/wp-json\/wp\/v2\/types\/post"}],"author":[{"embeddable":true,"href":"https:\/\/www.anovapeneira.gal\/index.php\/wp-json\/wp\/v2\/users\/3"}],"replies":[{"embeddable":true,"href":"https:\/\/www.anovapeneira.gal\/index.php\/wp-json\/wp\/v2\/comments?post=10948"}],"version-history":[{"count":1,"href":"https:\/\/www.anovapeneira.gal\/index.php\/wp-json\/wp\/v2\/posts\/10948\/revisions"}],"predecessor-version":[{"id":10949,"href":"https:\/\/www.anovapeneira.gal\/index.php\/wp-json\/wp\/v2\/posts\/10948\/revisions\/10949"}],"wp:featuredmedia":[{"embeddable":true,"href":"https:\/\/www.anovapeneira.gal\/index.php\/wp-json\/wp\/v2\/media\/5774"}],"wp:attachment":[{"href":"https:\/\/www.anovapeneira.gal\/index.php\/wp-json\/wp\/v2\/media?parent=10948"}],"wp:term":[{"taxonomy":"category","embeddable":true,"href":"https:\/\/www.anovapeneira.gal\/index.php\/wp-json\/wp\/v2\/categories?post=10948"},{"taxonomy":"post_tag","embeddable":true,"href":"https:\/\/www.anovapeneira.gal\/index.php\/wp-json\/wp\/v2\/tags?post=10948"}],"curies":[{"name":"wp","href":"https:\/\/api.w.org\/{rel}","templated":true}]}}