{"id":10954,"date":"2023-12-25T10:00:16","date_gmt":"2023-12-25T09:00:16","guid":{"rendered":"https:\/\/www.anovapeneira.gal\/?p=10954"},"modified":"2023-12-19T10:05:12","modified_gmt":"2023-12-19T09:05:12","slug":"do-todo-e-posible-pasamos-o-todo-vale","status":"publish","type":"post","link":"https:\/\/www.anovapeneira.gal\/index.php\/2023\/12\/25\/do-todo-e-posible-pasamos-o-todo-vale\/","title":{"rendered":"Do todo \u00e9 posible pasamos o todo vale"},"content":{"rendered":"\n<pre class=\"wp-block-verse\">Victoria Alonso voceira do PSOE de Mos<\/pre>\n\n\n\n<p>Non entendemos como pode ser posible que a d\u00eda de hoxe a xente non se preocupe pola acci\u00f3n pol\u00edtica que se est\u00e1 a levar a cabo. Cuestionamos que sendo a pol\u00edtica e que as decisi\u00f3ns que parten dela, as que dirixen o noso d\u00eda a d\u00eda, non estea moito m\u00e1is involucrada a sociedade. Despois vemos os debates e xa temos a nosa resposta.<\/p>\n\n\n\n<p>Vivimos nunha sociedade cambiante, tanto que a d\u00eda de hoxe unha \u201cfake news\u201d pode ter m\u00e1is alcance que calquera noticia real. Unha sociedade que perdeu de vista que o obxectivo do debate pol\u00edtico \u00e9 aportar e non propiciar o esperpento. Nun momento no que a educaci\u00f3n pasou a un segundo plano para deixar paso a unha liberdade de expresi\u00f3n que pode amparar calquera falta de respecto. E o Partido Popular \u00e9 experto en todo isto, experto a todos os niveis e todos os seus nembros. Mesmo parece que deben ter curso formativo, para ter integrados estes elementos que ata fai pouco, estaban mal vistos.<\/p>\n\n\n\n<p>P\u00f3dese insultar a un presidente do goberno, intentar tapalo xustificando que dic\u00edamos que g\u00fastanos a froita. Que os teus te aplaudan, facer camisetas e comentarios jocosos en todo tipo de medios, e que isto quede como unha simple an\u00e9cdota. Ou podemos marcarnos un Feijoo, pasar todo unha campa\u00f1a dicindo mentiras ata que unha periodista decide dicir \u201ciso \u00e9 mentira\u201d. Pero non pasa nada con que un aspirante a presidente do goberno minta. Podemos organizar manifestaci\u00f3ns nas que se fai gala de bandeiras anticonstitucionais, empregar lemas de r\u00e9ximes dictatoriais, facer apolox\u00eda nazi, insultar, c\u00e1nticos machistas e todas as barbaridades que se vos poidan pasar pola mente, o m\u00e1is puro estilo peliculero. Rompendo calquera principio moral, educativo e caval, porque todo est\u00e1 permitido, para defender a Espa\u00f1a&#8230; Baixo esa frase que dixo un home baixi\u00f1o con bigote no seu momento de unha, grande e libre.<\/p>\n\n\n\n<p>E isto podemos velo a t\u00f3dolos niveis, tam\u00e9n a nivel municipal. En Mos, levamos anos, en concreto dende a moci\u00f3n de censura do ano 2008, no que o PP cree que o concello \u00e9 seu. Crense co dereito de rirse, de abasallar, de contestar cando consideran e o que consideran e de mofarse con todo tipo de descalificativos. Porque cren no Partido Popular, que ter maior\u00eda absoluta \u00e9 coma un dereito de impunidade co que van estar exonerados de todo o que faga. Estamos acostumados a unha actitude d\u00e9spota e faltona que se basea en recordar os resultados pol\u00edticos coma un neno que di ter permiso da nai para seguir xogando.<\/p>\n\n\n\n<p>Mentres non tomemos conciencia do abismo onde imos, as cousas non cambiar\u00e1n. Volver abrazar os principios de respetar para que te respeten e aportar para crear unha sociedade mellor. Facer propostas sempre baseadas no ben com\u00fan, entendendo que no consenso e no dialogo, ga\u00f1an m\u00e1is dos que perden. O seguidismo cos ollos cerrados tan so implica perder a cr\u00edtica construtiva, non escoitar para integrar todas as opini\u00f3ns e o non saber ser \u00fatil para a sociedade.<\/p>\n\n\n\n<p>Parece que vamos continuar a ter moito de todo isto, e tam\u00e9n a nivel municipal. Mentres tanto a veci\u00f1anza de Mos segue a esperar, coma dende fai anos, por servizos b\u00e1sicos e necesidades que se prometen e non chegan a cumprirse. Ese dereito que deixa ser impune ante calquera falta de respecto tam\u00e9n permite non cumprir ca palabra dada. En realidade \u00e9 un m\u00e9todo de aforro, aforran en ideas para aproveitalas outra vez no programa electoral de dentro de 4 anos. A \u00fanica pega \u00e9 que non aforren no gasto p\u00fablico, que ese ten m\u00e1is beneficios a\u00ednda que para alg\u00fan vese que non.<\/p>\n","protected":false},"excerpt":{"rendered":"<div class=\"mh-excerpt\"><p>Non entendemos como pode ser posible que a d\u00eda de hoxe a xente non se preocupe pola acci\u00f3n pol\u00edtica que se est\u00e1 a levar a cabo <a class=\"mh-excerpt-more\" href=\"https:\/\/www.anovapeneira.gal\/index.php\/2023\/12\/25\/do-todo-e-posible-pasamos-o-todo-vale\/\" title=\"Do todo \u00e9 posible pasamos o todo vale\">[&#8230;]<\/a><\/p>\n<\/div>","protected":false},"author":3,"featured_media":10266,"comment_status":"open","ping_status":"open","sticky":false,"template":"","format":"standard","meta":{"_exactmetrics_skip_tracking":false,"_exactmetrics_sitenote_active":false,"_exactmetrics_sitenote_note":"","_exactmetrics_sitenote_category":0,"footnotes":""},"categories":[7],"tags":[218],"class_list":{"0":"post-10954","1":"post","2":"type-post","3":"status-publish","4":"format-standard","5":"has-post-thumbnail","7":"category-artigos-de-opinion","8":"tag-concello-de-mos"},"yoast_head":"<!-- This site is optimized with the Yoast SEO plugin v27.4 - https:\/\/yoast.com\/product\/yoast-seo-wordpress\/ -->\n<title>Do todo \u00e9 posible pasamos o todo vale -<\/title>\n<meta name=\"robots\" content=\"index, follow, max-snippet:-1, max-image-preview:large, max-video-preview:-1\" \/>\n<link rel=\"canonical\" href=\"https:\/\/www.anovapeneira.gal\/index.php\/2023\/12\/25\/do-todo-e-posible-pasamos-o-todo-vale\/\" \/>\n<meta property=\"og:locale\" content=\"gl_ES\" \/>\n<meta property=\"og:type\" content=\"article\" \/>\n<meta property=\"og:title\" content=\"Do todo \u00e9 posible pasamos o todo vale -\" \/>\n<meta property=\"og:description\" content=\"Non entendemos como pode ser posible que a d\u00eda de hoxe a xente non se preocupe pola acci\u00f3n pol\u00edtica que se est\u00e1 a levar a cabo [...]\" \/>\n<meta property=\"og:url\" content=\"https:\/\/www.anovapeneira.gal\/index.php\/2023\/12\/25\/do-todo-e-posible-pasamos-o-todo-vale\/\" \/>\n<meta property=\"article:publisher\" content=\"https:\/\/www.facebook.com\/anovapeneira\" \/>\n<meta property=\"article:published_time\" content=\"2023-12-25T09:00:16+00:00\" \/>\n<meta property=\"og:image\" content=\"https:\/\/www.anovapeneira.gal\/wp-content\/uploads\/2023\/08\/victoria_psoe_mos.jpg\" \/>\n\t<meta property=\"og:image:width\" content=\"720\" \/>\n\t<meta property=\"og:image:height\" content=\"432\" \/>\n\t<meta property=\"og:image:type\" content=\"image\/jpeg\" \/>\n<meta name=\"author\" content=\"Redacci\u00f3n A Nova Peneira\" \/>\n<meta name=\"twitter:card\" content=\"summary_large_image\" \/>\n<meta name=\"twitter:creator\" content=\"@APeneira\" \/>\n<meta name=\"twitter:site\" content=\"@APeneira\" \/>\n<meta name=\"twitter:label1\" content=\"Escrito por\" \/>\n\t<meta name=\"twitter:data1\" content=\"Redacci\u00f3n A Nova Peneira\" \/>\n\t<meta name=\"twitter:label2\" content=\"Tempo de lectura\" \/>\n\t<meta name=\"twitter:data2\" content=\"4 minutos\" \/>\n<script type=\"application\/ld+json\" class=\"yoast-schema-graph\">{\"@context\":\"https:\\\/\\\/schema.org\",\"@graph\":[{\"@type\":\"Article\",\"@id\":\"https:\\\/\\\/www.anovapeneira.gal\\\/index.php\\\/2023\\\/12\\\/25\\\/do-todo-e-posible-pasamos-o-todo-vale\\\/#article\",\"isPartOf\":{\"@id\":\"https:\\\/\\\/www.anovapeneira.gal\\\/index.php\\\/2023\\\/12\\\/25\\\/do-todo-e-posible-pasamos-o-todo-vale\\\/\"},\"author\":{\"name\":\"Redacci\u00f3n A Nova Peneira\",\"@id\":\"https:\\\/\\\/www.anovapeneira.gal\\\/#\\\/schema\\\/person\\\/b93e3f8932e3f8da96334607eb6ac6aa\"},\"headline\":\"Do todo \u00e9 posible pasamos o todo vale\",\"datePublished\":\"2023-12-25T09:00:16+00:00\",\"mainEntityOfPage\":{\"@id\":\"https:\\\/\\\/www.anovapeneira.gal\\\/index.php\\\/2023\\\/12\\\/25\\\/do-todo-e-posible-pasamos-o-todo-vale\\\/\"},\"wordCount\":644,\"commentCount\":0,\"publisher\":{\"@id\":\"https:\\\/\\\/www.anovapeneira.gal\\\/#organization\"},\"image\":{\"@id\":\"https:\\\/\\\/www.anovapeneira.gal\\\/index.php\\\/2023\\\/12\\\/25\\\/do-todo-e-posible-pasamos-o-todo-vale\\\/#primaryimage\"},\"thumbnailUrl\":\"https:\\\/\\\/www.anovapeneira.gal\\\/wp-content\\\/uploads\\\/2023\\\/08\\\/victoria_psoe_mos.jpg\",\"keywords\":[\"Concello de Mos\"],\"articleSection\":[\"Artigos de opini\u00f3n\"],\"inLanguage\":\"gl-ES\",\"potentialAction\":[{\"@type\":\"CommentAction\",\"name\":\"Comment\",\"target\":[\"https:\\\/\\\/www.anovapeneira.gal\\\/index.php\\\/2023\\\/12\\\/25\\\/do-todo-e-posible-pasamos-o-todo-vale\\\/#respond\"]}]},{\"@type\":\"WebPage\",\"@id\":\"https:\\\/\\\/www.anovapeneira.gal\\\/index.php\\\/2023\\\/12\\\/25\\\/do-todo-e-posible-pasamos-o-todo-vale\\\/\",\"url\":\"https:\\\/\\\/www.anovapeneira.gal\\\/index.php\\\/2023\\\/12\\\/25\\\/do-todo-e-posible-pasamos-o-todo-vale\\\/\",\"name\":\"Do todo \u00e9 posible pasamos o todo vale -\",\"isPartOf\":{\"@id\":\"https:\\\/\\\/www.anovapeneira.gal\\\/#website\"},\"primaryImageOfPage\":{\"@id\":\"https:\\\/\\\/www.anovapeneira.gal\\\/index.php\\\/2023\\\/12\\\/25\\\/do-todo-e-posible-pasamos-o-todo-vale\\\/#primaryimage\"},\"image\":{\"@id\":\"https:\\\/\\\/www.anovapeneira.gal\\\/index.php\\\/2023\\\/12\\\/25\\\/do-todo-e-posible-pasamos-o-todo-vale\\\/#primaryimage\"},\"thumbnailUrl\":\"https:\\\/\\\/www.anovapeneira.gal\\\/wp-content\\\/uploads\\\/2023\\\/08\\\/victoria_psoe_mos.jpg\",\"datePublished\":\"2023-12-25T09:00:16+00:00\",\"breadcrumb\":{\"@id\":\"https:\\\/\\\/www.anovapeneira.gal\\\/index.php\\\/2023\\\/12\\\/25\\\/do-todo-e-posible-pasamos-o-todo-vale\\\/#breadcrumb\"},\"inLanguage\":\"gl-ES\",\"potentialAction\":[{\"@type\":\"ReadAction\",\"target\":[\"https:\\\/\\\/www.anovapeneira.gal\\\/index.php\\\/2023\\\/12\\\/25\\\/do-todo-e-posible-pasamos-o-todo-vale\\\/\"]}]},{\"@type\":\"ImageObject\",\"inLanguage\":\"gl-ES\",\"@id\":\"https:\\\/\\\/www.anovapeneira.gal\\\/index.php\\\/2023\\\/12\\\/25\\\/do-todo-e-posible-pasamos-o-todo-vale\\\/#primaryimage\",\"url\":\"https:\\\/\\\/www.anovapeneira.gal\\\/wp-content\\\/uploads\\\/2023\\\/08\\\/victoria_psoe_mos.jpg\",\"contentUrl\":\"https:\\\/\\\/www.anovapeneira.gal\\\/wp-content\\\/uploads\\\/2023\\\/08\\\/victoria_psoe_mos.jpg\",\"width\":720,\"height\":432,\"caption\":\"Victoria Alonso voceira do PSOE de Mos\"},{\"@type\":\"BreadcrumbList\",\"@id\":\"https:\\\/\\\/www.anovapeneira.gal\\\/index.php\\\/2023\\\/12\\\/25\\\/do-todo-e-posible-pasamos-o-todo-vale\\\/#breadcrumb\",\"itemListElement\":[{\"@type\":\"ListItem\",\"position\":1,\"name\":\"Portada\",\"item\":\"https:\\\/\\\/www.anovapeneira.gal\\\/\"},{\"@type\":\"ListItem\",\"position\":2,\"name\":\"Do todo \u00e9 posible pasamos o todo vale\"}]},{\"@type\":\"WebSite\",\"@id\":\"https:\\\/\\\/www.anovapeneira.gal\\\/#website\",\"url\":\"https:\\\/\\\/www.anovapeneira.gal\\\/\",\"name\":\"\",\"description\":\"Xornal galego de informaci\u00f3n xeral Publicaci\u00f3n mensual de novas de Galicia e en especial dos Concellos da sur da provincia de Pontevedra.\",\"publisher\":{\"@id\":\"https:\\\/\\\/www.anovapeneira.gal\\\/#organization\"},\"potentialAction\":[{\"@type\":\"SearchAction\",\"target\":{\"@type\":\"EntryPoint\",\"urlTemplate\":\"https:\\\/\\\/www.anovapeneira.gal\\\/?s={search_term_string}\"},\"query-input\":{\"@type\":\"PropertyValueSpecification\",\"valueRequired\":true,\"valueName\":\"search_term_string\"}}],\"inLanguage\":\"gl-ES\"},{\"@type\":\"Organization\",\"@id\":\"https:\\\/\\\/www.anovapeneira.gal\\\/#organization\",\"name\":\"A Nova Peneira\",\"url\":\"https:\\\/\\\/www.anovapeneira.gal\\\/\",\"logo\":{\"@type\":\"ImageObject\",\"inLanguage\":\"gl-ES\",\"@id\":\"https:\\\/\\\/www.anovapeneira.gal\\\/#\\\/schema\\\/logo\\\/image\\\/\",\"url\":\"http:\\\/\\\/www.anovapeneira.gal\\\/wp-content\\\/uploads\\\/2019\\\/06\\\/logo_a_nova_peneira_portal_web.png\",\"contentUrl\":\"http:\\\/\\\/www.anovapeneira.gal\\\/wp-content\\\/uploads\\\/2019\\\/06\\\/logo_a_nova_peneira_portal_web.png\",\"width\":300,\"height\":100,\"caption\":\"A Nova Peneira\"},\"image\":{\"@id\":\"https:\\\/\\\/www.anovapeneira.gal\\\/#\\\/schema\\\/logo\\\/image\\\/\"},\"sameAs\":[\"https:\\\/\\\/www.facebook.com\\\/anovapeneira\",\"https:\\\/\\\/x.com\\\/APeneira\"]},{\"@type\":\"Person\",\"@id\":\"https:\\\/\\\/www.anovapeneira.gal\\\/#\\\/schema\\\/person\\\/b93e3f8932e3f8da96334607eb6ac6aa\",\"name\":\"Redacci\u00f3n A Nova Peneira\",\"image\":{\"@type\":\"ImageObject\",\"inLanguage\":\"gl-ES\",\"@id\":\"https:\\\/\\\/secure.gravatar.com\\\/avatar\\\/c052a2551a06e23fac63626232eaa90abd78dbcf1700fc46a2b2c89fd27b735f?s=96&d=mm&r=g\",\"url\":\"https:\\\/\\\/secure.gravatar.com\\\/avatar\\\/c052a2551a06e23fac63626232eaa90abd78dbcf1700fc46a2b2c89fd27b735f?s=96&d=mm&r=g\",\"contentUrl\":\"https:\\\/\\\/secure.gravatar.com\\\/avatar\\\/c052a2551a06e23fac63626232eaa90abd78dbcf1700fc46a2b2c89fd27b735f?s=96&d=mm&r=g\",\"caption\":\"Redacci\u00f3n A Nova Peneira\"},\"sameAs\":[\"http:\\\/\\\/www.anovapeneira.gal\\\/\"],\"url\":\"https:\\\/\\\/www.anovapeneira.gal\\\/index.php\\\/author\\\/redactor\\\/\"}]}<\/script>\n<!-- \/ Yoast SEO plugin. -->","yoast_head_json":{"title":"Do todo \u00e9 posible pasamos o todo vale -","robots":{"index":"index","follow":"follow","max-snippet":"max-snippet:-1","max-image-preview":"max-image-preview:large","max-video-preview":"max-video-preview:-1"},"canonical":"https:\/\/www.anovapeneira.gal\/index.php\/2023\/12\/25\/do-todo-e-posible-pasamos-o-todo-vale\/","og_locale":"gl_ES","og_type":"article","og_title":"Do todo \u00e9 posible pasamos o todo vale -","og_description":"Non entendemos como pode ser posible que a d\u00eda de hoxe a xente non se preocupe pola acci\u00f3n pol\u00edtica que se est\u00e1 a levar a cabo [...]","og_url":"https:\/\/www.anovapeneira.gal\/index.php\/2023\/12\/25\/do-todo-e-posible-pasamos-o-todo-vale\/","article_publisher":"https:\/\/www.facebook.com\/anovapeneira","article_published_time":"2023-12-25T09:00:16+00:00","og_image":[{"width":720,"height":432,"url":"https:\/\/www.anovapeneira.gal\/wp-content\/uploads\/2023\/08\/victoria_psoe_mos.jpg","type":"image\/jpeg"}],"author":"Redacci\u00f3n A Nova Peneira","twitter_card":"summary_large_image","twitter_creator":"@APeneira","twitter_site":"@APeneira","twitter_misc":{"Escrito por":"Redacci\u00f3n A Nova Peneira","Tempo de lectura":"4 minutos"},"schema":{"@context":"https:\/\/schema.org","@graph":[{"@type":"Article","@id":"https:\/\/www.anovapeneira.gal\/index.php\/2023\/12\/25\/do-todo-e-posible-pasamos-o-todo-vale\/#article","isPartOf":{"@id":"https:\/\/www.anovapeneira.gal\/index.php\/2023\/12\/25\/do-todo-e-posible-pasamos-o-todo-vale\/"},"author":{"name":"Redacci\u00f3n A Nova Peneira","@id":"https:\/\/www.anovapeneira.gal\/#\/schema\/person\/b93e3f8932e3f8da96334607eb6ac6aa"},"headline":"Do todo \u00e9 posible pasamos o todo vale","datePublished":"2023-12-25T09:00:16+00:00","mainEntityOfPage":{"@id":"https:\/\/www.anovapeneira.gal\/index.php\/2023\/12\/25\/do-todo-e-posible-pasamos-o-todo-vale\/"},"wordCount":644,"commentCount":0,"publisher":{"@id":"https:\/\/www.anovapeneira.gal\/#organization"},"image":{"@id":"https:\/\/www.anovapeneira.gal\/index.php\/2023\/12\/25\/do-todo-e-posible-pasamos-o-todo-vale\/#primaryimage"},"thumbnailUrl":"https:\/\/www.anovapeneira.gal\/wp-content\/uploads\/2023\/08\/victoria_psoe_mos.jpg","keywords":["Concello de Mos"],"articleSection":["Artigos de opini\u00f3n"],"inLanguage":"gl-ES","potentialAction":[{"@type":"CommentAction","name":"Comment","target":["https:\/\/www.anovapeneira.gal\/index.php\/2023\/12\/25\/do-todo-e-posible-pasamos-o-todo-vale\/#respond"]}]},{"@type":"WebPage","@id":"https:\/\/www.anovapeneira.gal\/index.php\/2023\/12\/25\/do-todo-e-posible-pasamos-o-todo-vale\/","url":"https:\/\/www.anovapeneira.gal\/index.php\/2023\/12\/25\/do-todo-e-posible-pasamos-o-todo-vale\/","name":"Do todo \u00e9 posible pasamos o todo vale -","isPartOf":{"@id":"https:\/\/www.anovapeneira.gal\/#website"},"primaryImageOfPage":{"@id":"https:\/\/www.anovapeneira.gal\/index.php\/2023\/12\/25\/do-todo-e-posible-pasamos-o-todo-vale\/#primaryimage"},"image":{"@id":"https:\/\/www.anovapeneira.gal\/index.php\/2023\/12\/25\/do-todo-e-posible-pasamos-o-todo-vale\/#primaryimage"},"thumbnailUrl":"https:\/\/www.anovapeneira.gal\/wp-content\/uploads\/2023\/08\/victoria_psoe_mos.jpg","datePublished":"2023-12-25T09:00:16+00:00","breadcrumb":{"@id":"https:\/\/www.anovapeneira.gal\/index.php\/2023\/12\/25\/do-todo-e-posible-pasamos-o-todo-vale\/#breadcrumb"},"inLanguage":"gl-ES","potentialAction":[{"@type":"ReadAction","target":["https:\/\/www.anovapeneira.gal\/index.php\/2023\/12\/25\/do-todo-e-posible-pasamos-o-todo-vale\/"]}]},{"@type":"ImageObject","inLanguage":"gl-ES","@id":"https:\/\/www.anovapeneira.gal\/index.php\/2023\/12\/25\/do-todo-e-posible-pasamos-o-todo-vale\/#primaryimage","url":"https:\/\/www.anovapeneira.gal\/wp-content\/uploads\/2023\/08\/victoria_psoe_mos.jpg","contentUrl":"https:\/\/www.anovapeneira.gal\/wp-content\/uploads\/2023\/08\/victoria_psoe_mos.jpg","width":720,"height":432,"caption":"Victoria Alonso voceira do PSOE de Mos"},{"@type":"BreadcrumbList","@id":"https:\/\/www.anovapeneira.gal\/index.php\/2023\/12\/25\/do-todo-e-posible-pasamos-o-todo-vale\/#breadcrumb","itemListElement":[{"@type":"ListItem","position":1,"name":"Portada","item":"https:\/\/www.anovapeneira.gal\/"},{"@type":"ListItem","position":2,"name":"Do todo \u00e9 posible pasamos o todo vale"}]},{"@type":"WebSite","@id":"https:\/\/www.anovapeneira.gal\/#website","url":"https:\/\/www.anovapeneira.gal\/","name":"","description":"Xornal galego de informaci\u00f3n xeral Publicaci\u00f3n mensual de novas de Galicia e en especial dos Concellos da sur da provincia de Pontevedra.","publisher":{"@id":"https:\/\/www.anovapeneira.gal\/#organization"},"potentialAction":[{"@type":"SearchAction","target":{"@type":"EntryPoint","urlTemplate":"https:\/\/www.anovapeneira.gal\/?s={search_term_string}"},"query-input":{"@type":"PropertyValueSpecification","valueRequired":true,"valueName":"search_term_string"}}],"inLanguage":"gl-ES"},{"@type":"Organization","@id":"https:\/\/www.anovapeneira.gal\/#organization","name":"A Nova Peneira","url":"https:\/\/www.anovapeneira.gal\/","logo":{"@type":"ImageObject","inLanguage":"gl-ES","@id":"https:\/\/www.anovapeneira.gal\/#\/schema\/logo\/image\/","url":"http:\/\/www.anovapeneira.gal\/wp-content\/uploads\/2019\/06\/logo_a_nova_peneira_portal_web.png","contentUrl":"http:\/\/www.anovapeneira.gal\/wp-content\/uploads\/2019\/06\/logo_a_nova_peneira_portal_web.png","width":300,"height":100,"caption":"A Nova Peneira"},"image":{"@id":"https:\/\/www.anovapeneira.gal\/#\/schema\/logo\/image\/"},"sameAs":["https:\/\/www.facebook.com\/anovapeneira","https:\/\/x.com\/APeneira"]},{"@type":"Person","@id":"https:\/\/www.anovapeneira.gal\/#\/schema\/person\/b93e3f8932e3f8da96334607eb6ac6aa","name":"Redacci\u00f3n A Nova Peneira","image":{"@type":"ImageObject","inLanguage":"gl-ES","@id":"https:\/\/secure.gravatar.com\/avatar\/c052a2551a06e23fac63626232eaa90abd78dbcf1700fc46a2b2c89fd27b735f?s=96&d=mm&r=g","url":"https:\/\/secure.gravatar.com\/avatar\/c052a2551a06e23fac63626232eaa90abd78dbcf1700fc46a2b2c89fd27b735f?s=96&d=mm&r=g","contentUrl":"https:\/\/secure.gravatar.com\/avatar\/c052a2551a06e23fac63626232eaa90abd78dbcf1700fc46a2b2c89fd27b735f?s=96&d=mm&r=g","caption":"Redacci\u00f3n A Nova Peneira"},"sameAs":["http:\/\/www.anovapeneira.gal\/"],"url":"https:\/\/www.anovapeneira.gal\/index.php\/author\/redactor\/"}]}},"jetpack_featured_media_url":"https:\/\/www.anovapeneira.gal\/wp-content\/uploads\/2023\/08\/victoria_psoe_mos.jpg","_links":{"self":[{"href":"https:\/\/www.anovapeneira.gal\/index.php\/wp-json\/wp\/v2\/posts\/10954","targetHints":{"allow":["GET"]}}],"collection":[{"href":"https:\/\/www.anovapeneira.gal\/index.php\/wp-json\/wp\/v2\/posts"}],"about":[{"href":"https:\/\/www.anovapeneira.gal\/index.php\/wp-json\/wp\/v2\/types\/post"}],"author":[{"embeddable":true,"href":"https:\/\/www.anovapeneira.gal\/index.php\/wp-json\/wp\/v2\/users\/3"}],"replies":[{"embeddable":true,"href":"https:\/\/www.anovapeneira.gal\/index.php\/wp-json\/wp\/v2\/comments?post=10954"}],"version-history":[{"count":1,"href":"https:\/\/www.anovapeneira.gal\/index.php\/wp-json\/wp\/v2\/posts\/10954\/revisions"}],"predecessor-version":[{"id":10955,"href":"https:\/\/www.anovapeneira.gal\/index.php\/wp-json\/wp\/v2\/posts\/10954\/revisions\/10955"}],"wp:featuredmedia":[{"embeddable":true,"href":"https:\/\/www.anovapeneira.gal\/index.php\/wp-json\/wp\/v2\/media\/10266"}],"wp:attachment":[{"href":"https:\/\/www.anovapeneira.gal\/index.php\/wp-json\/wp\/v2\/media?parent=10954"}],"wp:term":[{"taxonomy":"category","embeddable":true,"href":"https:\/\/www.anovapeneira.gal\/index.php\/wp-json\/wp\/v2\/categories?post=10954"},{"taxonomy":"post_tag","embeddable":true,"href":"https:\/\/www.anovapeneira.gal\/index.php\/wp-json\/wp\/v2\/tags?post=10954"}],"curies":[{"name":"wp","href":"https:\/\/api.w.org\/{rel}","templated":true}]}}