{"id":10962,"date":"2023-12-27T10:00:06","date_gmt":"2023-12-27T09:00:06","guid":{"rendered":"https:\/\/www.anovapeneira.gal\/?p=10962"},"modified":"2023-12-26T10:53:36","modified_gmt":"2023-12-26T09:53:36","slug":"tomino-ultima-a-estrea-da-area-para-autocaravanas-no-seixo","status":"publish","type":"post","link":"https:\/\/www.anovapeneira.gal\/index.php\/2023\/12\/27\/tomino-ultima-a-estrea-da-area-para-autocaravanas-no-seixo\/","title":{"rendered":"Tomi\u00f1o ultima a estrea da \u00e1rea para autocaravanas no Seixo"},"content":{"rendered":"\n<h2 class=\"wp-block-heading\"><strong>Contar\u00e1 con seis prazas e agarda colleitar o mesmo \u00e9xito que a zona habilitada en Goi\u00e1n, cunha alta ocupaci\u00f3n e excelentes opini\u00f3ns das persoas usuarias<\/strong><\/h2>\n\n\n\n<h2 class=\"wp-block-heading\"><strong>O Concello quere agradecer a colaboraci\u00f3n da Comunidade de Montes de Tomi\u00f1o, que xa cedera o terreo vinculado \u00e1 Polic\u00eda Local<\/strong><\/h2>\n\n\n\n<p><strong>Tomi\u00f1o, 20 de decembro de 2023<\/strong><\/p>\n\n\n\n<p>Tomi\u00f1o comezar\u00e1 o novo ano estreando a nova \u00e1rea de autocaravanas do Seixo. A alcaldesa, Sandra Gonz\u00e1lez; o vicepresidente da Asociaci\u00f3n Galega de Autocaravanas, Julio Mart\u00edn; concelleiros e concelleiras municipais e membros da directiva da Comunidade de Montes de Tomi\u00f1o visitaron a zona para autocaravanas situada no aparcadoiro fronte ao edificio da Polic\u00eda Local e de Benestar Social, na Rocha, que entrar\u00e1 en funcionamento en breve.<\/p>\n\n\n\n<p>Esta nova \u00e1rea de aparcamento para autocaravanas ten seis prazas sinalizadas que contar\u00e1n cos servizos necesarios para baleirar as augas grises de coci\u00f1a e ba\u00f1o e as augas negras (WC), as\u00ed como abastecemento de auga para poder encher o dep\u00f3sito e iluminaci\u00f3n p\u00fablica, axardinamento e arborado de per\u00edmetro.<\/p>\n\n\n\n<p>A actuaci\u00f3n para a habilitaci\u00f3n desta \u00e1rea contou cun investimento de 40.000 euros financiados polo Plan Concellos da Deputaci\u00f3n de Pontevedra e permitir\u00e1 \u00e1s e aos visitantes deixar os seus veh\u00edculos nunha zona a menos de 5 minutos cami\u00f1ando do n\u00facleo do Seixo.<\/p>\n\n\n\n<p>\u201cO turismo de autocaravana consolidouse como un modelo de viaxe alternativo que trae a moitas e moitos visitantes a Tomi\u00f1o, como podemos ver dende a apertura da \u00e1rea de Goi\u00e1n, que ten unha grande acollida, cunha alta ocupaci\u00f3n e excelentes opini\u00f3ns por parte das persoas usuarias\u201d, destaca a alcaldesa, Sandra Gonz\u00e1lez.<\/p>\n\n\n\n<p>A rexedora sinalou que coas d\u00faas \u00e1reas de autocaravanas en activo \u201cseguiremos dando pulo a un turismo de calidade que permita \u00e1s persoas visitantes achegarse e deleitarse con todos os atractivos do noso territorio. Este turismo \u00e9 un activo para a econom\u00eda local e sit\u00faa ao concello de Tomi\u00f1o como un destino co\u00f1ecido e relevantes nas rutas das e dos autocaravanistas\u201d.<\/p>\n\n\n\n<p><a><\/a> O Concello quere agradecer \u00e1 Comunidade de Montes de Tomi\u00f1o a s\u00faa constante colaboraci\u00f3n e a cesi\u00f3n hai anos tanto dos terreos como a edificaci\u00f3n situados nesta zona, que foi reformada como instalaci\u00f3ns da Polic\u00eda Local e de Benestar Social. A alcaldesa recalcou que \u201c\u00e9 un orgullo contar cunha Comunidade de Montes que sempre se presta a colaborar no interese dos veci\u00f1os e veci\u00f1as\u201d.<\/p>\n","protected":false},"excerpt":{"rendered":"<div class=\"mh-excerpt\"><p>Contar\u00e1 con seis prazas e agarda colleitar o mesmo \u00e9xito que a zona habilitada en Goi\u00e1n, cunha alta ocupaci\u00f3n e excelentes opini\u00f3ns das persoas usuarias <a class=\"mh-excerpt-more\" href=\"https:\/\/www.anovapeneira.gal\/index.php\/2023\/12\/27\/tomino-ultima-a-estrea-da-area-para-autocaravanas-no-seixo\/\" title=\"Tomi\u00f1o ultima a estrea da \u00e1rea para autocaravanas no Seixo\">[&#8230;]<\/a><\/p>\n<\/div>","protected":false},"author":3,"featured_media":10964,"comment_status":"open","ping_status":"open","sticky":false,"template":"","format":"standard","meta":{"_exactmetrics_skip_tracking":false,"_exactmetrics_sitenote_active":false,"_exactmetrics_sitenote_note":"","_exactmetrics_sitenote_category":0,"footnotes":""},"categories":[21],"tags":[81],"class_list":{"0":"post-10962","1":"post","2":"type-post","3":"status-publish","4":"format-standard","5":"has-post-thumbnail","7":"category-baixo-mino","8":"tag-concello-de-tomino"},"yoast_head":"<!-- This site is optimized with the Yoast SEO plugin v27.4 - https:\/\/yoast.com\/product\/yoast-seo-wordpress\/ -->\n<title>Tomi\u00f1o ultima a estrea da \u00e1rea para autocaravanas no Seixo -<\/title>\n<meta name=\"description\" content=\"Contar\u00e1 con seis prazas e agarda colleitar o mesmo \u00e9xito que a zona habilitada en Goi\u00e1n, cunha alta ocupaci\u00f3n e excelentes opini\u00f3ns das persoas usuarias\" \/>\n<meta name=\"robots\" content=\"index, follow, max-snippet:-1, max-image-preview:large, max-video-preview:-1\" \/>\n<link rel=\"canonical\" href=\"https:\/\/www.anovapeneira.gal\/index.php\/2023\/12\/27\/tomino-ultima-a-estrea-da-area-para-autocaravanas-no-seixo\/\" \/>\n<meta property=\"og:locale\" content=\"gl_ES\" \/>\n<meta property=\"og:type\" content=\"article\" \/>\n<meta property=\"og:title\" content=\"Tomi\u00f1o ultima a estrea da \u00e1rea para autocaravanas no Seixo -\" \/>\n<meta property=\"og:description\" content=\"Contar\u00e1 con seis prazas e agarda colleitar o mesmo \u00e9xito que a zona habilitada en Goi\u00e1n, cunha alta ocupaci\u00f3n e excelentes opini\u00f3ns das persoas usuarias\" \/>\n<meta property=\"og:url\" content=\"https:\/\/www.anovapeneira.gal\/index.php\/2023\/12\/27\/tomino-ultima-a-estrea-da-area-para-autocaravanas-no-seixo\/\" \/>\n<meta property=\"article:publisher\" content=\"https:\/\/www.facebook.com\/anovapeneira\" \/>\n<meta property=\"article:published_time\" content=\"2023-12-27T09:00:06+00:00\" \/>\n<meta property=\"og:image\" content=\"https:\/\/www.anovapeneira.gal\/wp-content\/uploads\/2023\/12\/caravanas.jpg\" \/>\n\t<meta property=\"og:image:width\" content=\"720\" \/>\n\t<meta property=\"og:image:height\" content=\"432\" \/>\n\t<meta property=\"og:image:type\" content=\"image\/jpeg\" \/>\n<meta name=\"author\" content=\"Redacci\u00f3n A Nova Peneira\" \/>\n<meta name=\"twitter:card\" content=\"summary_large_image\" \/>\n<meta name=\"twitter:creator\" content=\"@APeneira\" \/>\n<meta name=\"twitter:site\" content=\"@APeneira\" \/>\n<meta name=\"twitter:label1\" content=\"Escrito por\" \/>\n\t<meta name=\"twitter:data1\" content=\"Redacci\u00f3n A Nova Peneira\" \/>\n\t<meta name=\"twitter:label2\" content=\"Tempo de lectura\" \/>\n\t<meta name=\"twitter:data2\" content=\"3 minutos\" \/>\n<script type=\"application\/ld+json\" class=\"yoast-schema-graph\">{\"@context\":\"https:\\\/\\\/schema.org\",\"@graph\":[{\"@type\":\"Article\",\"@id\":\"https:\\\/\\\/www.anovapeneira.gal\\\/index.php\\\/2023\\\/12\\\/27\\\/tomino-ultima-a-estrea-da-area-para-autocaravanas-no-seixo\\\/#article\",\"isPartOf\":{\"@id\":\"https:\\\/\\\/www.anovapeneira.gal\\\/index.php\\\/2023\\\/12\\\/27\\\/tomino-ultima-a-estrea-da-area-para-autocaravanas-no-seixo\\\/\"},\"author\":{\"name\":\"Redacci\u00f3n A Nova Peneira\",\"@id\":\"https:\\\/\\\/www.anovapeneira.gal\\\/#\\\/schema\\\/person\\\/b93e3f8932e3f8da96334607eb6ac6aa\"},\"headline\":\"Tomi\u00f1o ultima a estrea da \u00e1rea para autocaravanas no Seixo\",\"datePublished\":\"2023-12-27T09:00:06+00:00\",\"mainEntityOfPage\":{\"@id\":\"https:\\\/\\\/www.anovapeneira.gal\\\/index.php\\\/2023\\\/12\\\/27\\\/tomino-ultima-a-estrea-da-area-para-autocaravanas-no-seixo\\\/\"},\"wordCount\":433,\"commentCount\":0,\"publisher\":{\"@id\":\"https:\\\/\\\/www.anovapeneira.gal\\\/#organization\"},\"image\":{\"@id\":\"https:\\\/\\\/www.anovapeneira.gal\\\/index.php\\\/2023\\\/12\\\/27\\\/tomino-ultima-a-estrea-da-area-para-autocaravanas-no-seixo\\\/#primaryimage\"},\"thumbnailUrl\":\"https:\\\/\\\/www.anovapeneira.gal\\\/wp-content\\\/uploads\\\/2023\\\/12\\\/caravanas.jpg\",\"keywords\":[\"Concello de Tomi\u00f1o\"],\"articleSection\":[\"Baixo Mi\u00f1o\"],\"inLanguage\":\"gl-ES\",\"potentialAction\":[{\"@type\":\"CommentAction\",\"name\":\"Comment\",\"target\":[\"https:\\\/\\\/www.anovapeneira.gal\\\/index.php\\\/2023\\\/12\\\/27\\\/tomino-ultima-a-estrea-da-area-para-autocaravanas-no-seixo\\\/#respond\"]}]},{\"@type\":\"WebPage\",\"@id\":\"https:\\\/\\\/www.anovapeneira.gal\\\/index.php\\\/2023\\\/12\\\/27\\\/tomino-ultima-a-estrea-da-area-para-autocaravanas-no-seixo\\\/\",\"url\":\"https:\\\/\\\/www.anovapeneira.gal\\\/index.php\\\/2023\\\/12\\\/27\\\/tomino-ultima-a-estrea-da-area-para-autocaravanas-no-seixo\\\/\",\"name\":\"Tomi\u00f1o ultima a estrea da \u00e1rea para autocaravanas no Seixo -\",\"isPartOf\":{\"@id\":\"https:\\\/\\\/www.anovapeneira.gal\\\/#website\"},\"primaryImageOfPage\":{\"@id\":\"https:\\\/\\\/www.anovapeneira.gal\\\/index.php\\\/2023\\\/12\\\/27\\\/tomino-ultima-a-estrea-da-area-para-autocaravanas-no-seixo\\\/#primaryimage\"},\"image\":{\"@id\":\"https:\\\/\\\/www.anovapeneira.gal\\\/index.php\\\/2023\\\/12\\\/27\\\/tomino-ultima-a-estrea-da-area-para-autocaravanas-no-seixo\\\/#primaryimage\"},\"thumbnailUrl\":\"https:\\\/\\\/www.anovapeneira.gal\\\/wp-content\\\/uploads\\\/2023\\\/12\\\/caravanas.jpg\",\"datePublished\":\"2023-12-27T09:00:06+00:00\",\"description\":\"Contar\u00e1 con seis prazas e agarda colleitar o mesmo \u00e9xito que a zona habilitada en Goi\u00e1n, cunha alta ocupaci\u00f3n e excelentes opini\u00f3ns das persoas usuarias\",\"breadcrumb\":{\"@id\":\"https:\\\/\\\/www.anovapeneira.gal\\\/index.php\\\/2023\\\/12\\\/27\\\/tomino-ultima-a-estrea-da-area-para-autocaravanas-no-seixo\\\/#breadcrumb\"},\"inLanguage\":\"gl-ES\",\"potentialAction\":[{\"@type\":\"ReadAction\",\"target\":[\"https:\\\/\\\/www.anovapeneira.gal\\\/index.php\\\/2023\\\/12\\\/27\\\/tomino-ultima-a-estrea-da-area-para-autocaravanas-no-seixo\\\/\"]}]},{\"@type\":\"ImageObject\",\"inLanguage\":\"gl-ES\",\"@id\":\"https:\\\/\\\/www.anovapeneira.gal\\\/index.php\\\/2023\\\/12\\\/27\\\/tomino-ultima-a-estrea-da-area-para-autocaravanas-no-seixo\\\/#primaryimage\",\"url\":\"https:\\\/\\\/www.anovapeneira.gal\\\/wp-content\\\/uploads\\\/2023\\\/12\\\/caravanas.jpg\",\"contentUrl\":\"https:\\\/\\\/www.anovapeneira.gal\\\/wp-content\\\/uploads\\\/2023\\\/12\\\/caravanas.jpg\",\"width\":720,\"height\":432,\"caption\":\"Tomi\u00f1o ultima a estrea da \u00e1rea para autocaravanas no Seixo\"},{\"@type\":\"BreadcrumbList\",\"@id\":\"https:\\\/\\\/www.anovapeneira.gal\\\/index.php\\\/2023\\\/12\\\/27\\\/tomino-ultima-a-estrea-da-area-para-autocaravanas-no-seixo\\\/#breadcrumb\",\"itemListElement\":[{\"@type\":\"ListItem\",\"position\":1,\"name\":\"Portada\",\"item\":\"https:\\\/\\\/www.anovapeneira.gal\\\/\"},{\"@type\":\"ListItem\",\"position\":2,\"name\":\"Tomi\u00f1o ultima a estrea da \u00e1rea para autocaravanas no Seixo\"}]},{\"@type\":\"WebSite\",\"@id\":\"https:\\\/\\\/www.anovapeneira.gal\\\/#website\",\"url\":\"https:\\\/\\\/www.anovapeneira.gal\\\/\",\"name\":\"\",\"description\":\"Xornal galego de informaci\u00f3n xeral Publicaci\u00f3n mensual de novas de Galicia e en especial dos Concellos da sur da provincia de Pontevedra.\",\"publisher\":{\"@id\":\"https:\\\/\\\/www.anovapeneira.gal\\\/#organization\"},\"potentialAction\":[{\"@type\":\"SearchAction\",\"target\":{\"@type\":\"EntryPoint\",\"urlTemplate\":\"https:\\\/\\\/www.anovapeneira.gal\\\/?s={search_term_string}\"},\"query-input\":{\"@type\":\"PropertyValueSpecification\",\"valueRequired\":true,\"valueName\":\"search_term_string\"}}],\"inLanguage\":\"gl-ES\"},{\"@type\":\"Organization\",\"@id\":\"https:\\\/\\\/www.anovapeneira.gal\\\/#organization\",\"name\":\"A Nova Peneira\",\"url\":\"https:\\\/\\\/www.anovapeneira.gal\\\/\",\"logo\":{\"@type\":\"ImageObject\",\"inLanguage\":\"gl-ES\",\"@id\":\"https:\\\/\\\/www.anovapeneira.gal\\\/#\\\/schema\\\/logo\\\/image\\\/\",\"url\":\"http:\\\/\\\/www.anovapeneira.gal\\\/wp-content\\\/uploads\\\/2019\\\/06\\\/logo_a_nova_peneira_portal_web.png\",\"contentUrl\":\"http:\\\/\\\/www.anovapeneira.gal\\\/wp-content\\\/uploads\\\/2019\\\/06\\\/logo_a_nova_peneira_portal_web.png\",\"width\":300,\"height\":100,\"caption\":\"A Nova Peneira\"},\"image\":{\"@id\":\"https:\\\/\\\/www.anovapeneira.gal\\\/#\\\/schema\\\/logo\\\/image\\\/\"},\"sameAs\":[\"https:\\\/\\\/www.facebook.com\\\/anovapeneira\",\"https:\\\/\\\/x.com\\\/APeneira\"]},{\"@type\":\"Person\",\"@id\":\"https:\\\/\\\/www.anovapeneira.gal\\\/#\\\/schema\\\/person\\\/b93e3f8932e3f8da96334607eb6ac6aa\",\"name\":\"Redacci\u00f3n A Nova Peneira\",\"image\":{\"@type\":\"ImageObject\",\"inLanguage\":\"gl-ES\",\"@id\":\"https:\\\/\\\/secure.gravatar.com\\\/avatar\\\/c052a2551a06e23fac63626232eaa90abd78dbcf1700fc46a2b2c89fd27b735f?s=96&d=mm&r=g\",\"url\":\"https:\\\/\\\/secure.gravatar.com\\\/avatar\\\/c052a2551a06e23fac63626232eaa90abd78dbcf1700fc46a2b2c89fd27b735f?s=96&d=mm&r=g\",\"contentUrl\":\"https:\\\/\\\/secure.gravatar.com\\\/avatar\\\/c052a2551a06e23fac63626232eaa90abd78dbcf1700fc46a2b2c89fd27b735f?s=96&d=mm&r=g\",\"caption\":\"Redacci\u00f3n A Nova Peneira\"},\"sameAs\":[\"http:\\\/\\\/www.anovapeneira.gal\\\/\"],\"url\":\"https:\\\/\\\/www.anovapeneira.gal\\\/index.php\\\/author\\\/redactor\\\/\"}]}<\/script>\n<!-- \/ Yoast SEO plugin. -->","yoast_head_json":{"title":"Tomi\u00f1o ultima a estrea da \u00e1rea para autocaravanas no Seixo -","description":"Contar\u00e1 con seis prazas e agarda colleitar o mesmo \u00e9xito que a zona habilitada en Goi\u00e1n, cunha alta ocupaci\u00f3n e excelentes opini\u00f3ns das persoas usuarias","robots":{"index":"index","follow":"follow","max-snippet":"max-snippet:-1","max-image-preview":"max-image-preview:large","max-video-preview":"max-video-preview:-1"},"canonical":"https:\/\/www.anovapeneira.gal\/index.php\/2023\/12\/27\/tomino-ultima-a-estrea-da-area-para-autocaravanas-no-seixo\/","og_locale":"gl_ES","og_type":"article","og_title":"Tomi\u00f1o ultima a estrea da \u00e1rea para autocaravanas no Seixo -","og_description":"Contar\u00e1 con seis prazas e agarda colleitar o mesmo \u00e9xito que a zona habilitada en Goi\u00e1n, cunha alta ocupaci\u00f3n e excelentes opini\u00f3ns das persoas usuarias","og_url":"https:\/\/www.anovapeneira.gal\/index.php\/2023\/12\/27\/tomino-ultima-a-estrea-da-area-para-autocaravanas-no-seixo\/","article_publisher":"https:\/\/www.facebook.com\/anovapeneira","article_published_time":"2023-12-27T09:00:06+00:00","og_image":[{"width":720,"height":432,"url":"https:\/\/www.anovapeneira.gal\/wp-content\/uploads\/2023\/12\/caravanas.jpg","type":"image\/jpeg"}],"author":"Redacci\u00f3n A Nova Peneira","twitter_card":"summary_large_image","twitter_creator":"@APeneira","twitter_site":"@APeneira","twitter_misc":{"Escrito por":"Redacci\u00f3n A Nova Peneira","Tempo de lectura":"3 minutos"},"schema":{"@context":"https:\/\/schema.org","@graph":[{"@type":"Article","@id":"https:\/\/www.anovapeneira.gal\/index.php\/2023\/12\/27\/tomino-ultima-a-estrea-da-area-para-autocaravanas-no-seixo\/#article","isPartOf":{"@id":"https:\/\/www.anovapeneira.gal\/index.php\/2023\/12\/27\/tomino-ultima-a-estrea-da-area-para-autocaravanas-no-seixo\/"},"author":{"name":"Redacci\u00f3n A Nova Peneira","@id":"https:\/\/www.anovapeneira.gal\/#\/schema\/person\/b93e3f8932e3f8da96334607eb6ac6aa"},"headline":"Tomi\u00f1o ultima a estrea da \u00e1rea para autocaravanas no Seixo","datePublished":"2023-12-27T09:00:06+00:00","mainEntityOfPage":{"@id":"https:\/\/www.anovapeneira.gal\/index.php\/2023\/12\/27\/tomino-ultima-a-estrea-da-area-para-autocaravanas-no-seixo\/"},"wordCount":433,"commentCount":0,"publisher":{"@id":"https:\/\/www.anovapeneira.gal\/#organization"},"image":{"@id":"https:\/\/www.anovapeneira.gal\/index.php\/2023\/12\/27\/tomino-ultima-a-estrea-da-area-para-autocaravanas-no-seixo\/#primaryimage"},"thumbnailUrl":"https:\/\/www.anovapeneira.gal\/wp-content\/uploads\/2023\/12\/caravanas.jpg","keywords":["Concello de Tomi\u00f1o"],"articleSection":["Baixo Mi\u00f1o"],"inLanguage":"gl-ES","potentialAction":[{"@type":"CommentAction","name":"Comment","target":["https:\/\/www.anovapeneira.gal\/index.php\/2023\/12\/27\/tomino-ultima-a-estrea-da-area-para-autocaravanas-no-seixo\/#respond"]}]},{"@type":"WebPage","@id":"https:\/\/www.anovapeneira.gal\/index.php\/2023\/12\/27\/tomino-ultima-a-estrea-da-area-para-autocaravanas-no-seixo\/","url":"https:\/\/www.anovapeneira.gal\/index.php\/2023\/12\/27\/tomino-ultima-a-estrea-da-area-para-autocaravanas-no-seixo\/","name":"Tomi\u00f1o ultima a estrea da \u00e1rea para autocaravanas no Seixo -","isPartOf":{"@id":"https:\/\/www.anovapeneira.gal\/#website"},"primaryImageOfPage":{"@id":"https:\/\/www.anovapeneira.gal\/index.php\/2023\/12\/27\/tomino-ultima-a-estrea-da-area-para-autocaravanas-no-seixo\/#primaryimage"},"image":{"@id":"https:\/\/www.anovapeneira.gal\/index.php\/2023\/12\/27\/tomino-ultima-a-estrea-da-area-para-autocaravanas-no-seixo\/#primaryimage"},"thumbnailUrl":"https:\/\/www.anovapeneira.gal\/wp-content\/uploads\/2023\/12\/caravanas.jpg","datePublished":"2023-12-27T09:00:06+00:00","description":"Contar\u00e1 con seis prazas e agarda colleitar o mesmo \u00e9xito que a zona habilitada en Goi\u00e1n, cunha alta ocupaci\u00f3n e excelentes opini\u00f3ns das persoas usuarias","breadcrumb":{"@id":"https:\/\/www.anovapeneira.gal\/index.php\/2023\/12\/27\/tomino-ultima-a-estrea-da-area-para-autocaravanas-no-seixo\/#breadcrumb"},"inLanguage":"gl-ES","potentialAction":[{"@type":"ReadAction","target":["https:\/\/www.anovapeneira.gal\/index.php\/2023\/12\/27\/tomino-ultima-a-estrea-da-area-para-autocaravanas-no-seixo\/"]}]},{"@type":"ImageObject","inLanguage":"gl-ES","@id":"https:\/\/www.anovapeneira.gal\/index.php\/2023\/12\/27\/tomino-ultima-a-estrea-da-area-para-autocaravanas-no-seixo\/#primaryimage","url":"https:\/\/www.anovapeneira.gal\/wp-content\/uploads\/2023\/12\/caravanas.jpg","contentUrl":"https:\/\/www.anovapeneira.gal\/wp-content\/uploads\/2023\/12\/caravanas.jpg","width":720,"height":432,"caption":"Tomi\u00f1o ultima a estrea da \u00e1rea para autocaravanas no Seixo"},{"@type":"BreadcrumbList","@id":"https:\/\/www.anovapeneira.gal\/index.php\/2023\/12\/27\/tomino-ultima-a-estrea-da-area-para-autocaravanas-no-seixo\/#breadcrumb","itemListElement":[{"@type":"ListItem","position":1,"name":"Portada","item":"https:\/\/www.anovapeneira.gal\/"},{"@type":"ListItem","position":2,"name":"Tomi\u00f1o ultima a estrea da \u00e1rea para autocaravanas no Seixo"}]},{"@type":"WebSite","@id":"https:\/\/www.anovapeneira.gal\/#website","url":"https:\/\/www.anovapeneira.gal\/","name":"","description":"Xornal galego de informaci\u00f3n xeral Publicaci\u00f3n mensual de novas de Galicia e en especial dos Concellos da sur da provincia de Pontevedra.","publisher":{"@id":"https:\/\/www.anovapeneira.gal\/#organization"},"potentialAction":[{"@type":"SearchAction","target":{"@type":"EntryPoint","urlTemplate":"https:\/\/www.anovapeneira.gal\/?s={search_term_string}"},"query-input":{"@type":"PropertyValueSpecification","valueRequired":true,"valueName":"search_term_string"}}],"inLanguage":"gl-ES"},{"@type":"Organization","@id":"https:\/\/www.anovapeneira.gal\/#organization","name":"A Nova Peneira","url":"https:\/\/www.anovapeneira.gal\/","logo":{"@type":"ImageObject","inLanguage":"gl-ES","@id":"https:\/\/www.anovapeneira.gal\/#\/schema\/logo\/image\/","url":"http:\/\/www.anovapeneira.gal\/wp-content\/uploads\/2019\/06\/logo_a_nova_peneira_portal_web.png","contentUrl":"http:\/\/www.anovapeneira.gal\/wp-content\/uploads\/2019\/06\/logo_a_nova_peneira_portal_web.png","width":300,"height":100,"caption":"A Nova Peneira"},"image":{"@id":"https:\/\/www.anovapeneira.gal\/#\/schema\/logo\/image\/"},"sameAs":["https:\/\/www.facebook.com\/anovapeneira","https:\/\/x.com\/APeneira"]},{"@type":"Person","@id":"https:\/\/www.anovapeneira.gal\/#\/schema\/person\/b93e3f8932e3f8da96334607eb6ac6aa","name":"Redacci\u00f3n A Nova Peneira","image":{"@type":"ImageObject","inLanguage":"gl-ES","@id":"https:\/\/secure.gravatar.com\/avatar\/c052a2551a06e23fac63626232eaa90abd78dbcf1700fc46a2b2c89fd27b735f?s=96&d=mm&r=g","url":"https:\/\/secure.gravatar.com\/avatar\/c052a2551a06e23fac63626232eaa90abd78dbcf1700fc46a2b2c89fd27b735f?s=96&d=mm&r=g","contentUrl":"https:\/\/secure.gravatar.com\/avatar\/c052a2551a06e23fac63626232eaa90abd78dbcf1700fc46a2b2c89fd27b735f?s=96&d=mm&r=g","caption":"Redacci\u00f3n A Nova Peneira"},"sameAs":["http:\/\/www.anovapeneira.gal\/"],"url":"https:\/\/www.anovapeneira.gal\/index.php\/author\/redactor\/"}]}},"jetpack_featured_media_url":"https:\/\/www.anovapeneira.gal\/wp-content\/uploads\/2023\/12\/caravanas.jpg","_links":{"self":[{"href":"https:\/\/www.anovapeneira.gal\/index.php\/wp-json\/wp\/v2\/posts\/10962","targetHints":{"allow":["GET"]}}],"collection":[{"href":"https:\/\/www.anovapeneira.gal\/index.php\/wp-json\/wp\/v2\/posts"}],"about":[{"href":"https:\/\/www.anovapeneira.gal\/index.php\/wp-json\/wp\/v2\/types\/post"}],"author":[{"embeddable":true,"href":"https:\/\/www.anovapeneira.gal\/index.php\/wp-json\/wp\/v2\/users\/3"}],"replies":[{"embeddable":true,"href":"https:\/\/www.anovapeneira.gal\/index.php\/wp-json\/wp\/v2\/comments?post=10962"}],"version-history":[{"count":2,"href":"https:\/\/www.anovapeneira.gal\/index.php\/wp-json\/wp\/v2\/posts\/10962\/revisions"}],"predecessor-version":[{"id":10966,"href":"https:\/\/www.anovapeneira.gal\/index.php\/wp-json\/wp\/v2\/posts\/10962\/revisions\/10966"}],"wp:featuredmedia":[{"embeddable":true,"href":"https:\/\/www.anovapeneira.gal\/index.php\/wp-json\/wp\/v2\/media\/10964"}],"wp:attachment":[{"href":"https:\/\/www.anovapeneira.gal\/index.php\/wp-json\/wp\/v2\/media?parent=10962"}],"wp:term":[{"taxonomy":"category","embeddable":true,"href":"https:\/\/www.anovapeneira.gal\/index.php\/wp-json\/wp\/v2\/categories?post=10962"},{"taxonomy":"post_tag","embeddable":true,"href":"https:\/\/www.anovapeneira.gal\/index.php\/wp-json\/wp\/v2\/tags?post=10962"}],"curies":[{"name":"wp","href":"https:\/\/api.w.org\/{rel}","templated":true}]}}