{"id":10971,"date":"2023-12-28T12:00:53","date_gmt":"2023-12-28T11:00:53","guid":{"rendered":"https:\/\/www.anovapeneira.gal\/?p=10971"},"modified":"2023-12-26T10:54:00","modified_gmt":"2023-12-26T09:54:00","slug":"conmemoracion-de-1100-anos-de-historia-de-salceda-e-reconecemento-a-raina-galega-dona-aragonta-por-este-feito-historico","status":"publish","type":"post","link":"https:\/\/www.anovapeneira.gal\/index.php\/2023\/12\/28\/conmemoracion-de-1100-anos-de-historia-de-salceda-e-reconecemento-a-raina-galega-dona-aragonta-por-este-feito-historico\/","title":{"rendered":"Conmemoraci\u00f3n de 1100 anos de historia de Salceda e reco\u00f1ecemento \u00e1 Ra\u00ed\u00f1a galega Dona Aragonta por este feito hist\u00f3rico"},"content":{"rendered":"\n<p>O BNG nesta Corporaci\u00f3n Municipal de Salceda de Caselas e na s\u00faa representaci\u00f3n Salustiano Guerra Garc\u00eda, concelleiro, ao abeiro do disposto tanto no Artigo 34, punto 8, do Regulamento Org\u00e1nico Municipal (en adiante ROM) como no Artigo 82.3 do Real Decreto 2568\/1986, de 28 de novembro, polo que se aproba o Regulamento de Organizaci\u00f3n, Funcionamento e R\u00e9xime Xur\u00eddico das Entidades Locais (en adiante ROF), no exercicio do seu cargo de Portavoz do BNG,<\/p>\n\n\n\n<p>Prop\u00f3n inclu\u00edr na Orde do d\u00eda da sesi\u00f3n o seguinte asunto: \u201c<em><strong>Conmemoraci\u00f3n de 1100 anos de historia de Salceda e reco\u00f1ecemento \u00e1 Ra\u00ed\u00f1a galega Dona Ar<\/strong><\/em><em><strong>a<\/strong><\/em><em><strong>gonta por este feito hist\u00f3rico.<\/strong><\/em>\u201d<\/p>\n\n\n\n<p>O BNG nas s\u00faa proposta electoral, entre outras, salientaba o feito de promover que a cidadan\u00eda se identifique co seu territorio onde reside e sinta orgullo de vivir en Salceda; nunha localidade \u00e1 vangarda das transformaci\u00f3ns sociais; con garant\u00eda de benestar, no presente e no futuro.<\/p>\n\n\n\n<p>As\u00ed, observar o pasado e ter en conta o Patrimonio hist\u00f3rico propio de Salceda v\u00e9n a asentar ese obxectivo; especialmente nas \u00faltimas d\u00e9cadas nun Municipio con grande crecemento poboacional, froito da incorporaci\u00f3n veci\u00f1as e veci\u00f1os procedente doutras localidades.<\/p>\n\n\n\n<p>En correspondencia co exposto e atendendo \u00e1 informaci\u00f3n obtida en investigaci\u00f3ns sobre a historia de Salceda, facilitada a este Grupo Municipal do BNG polo investigador Xos\u00e9 Manuel Su\u00e1rez Est\u00e9vez; que en s\u00edntese sinala:<\/p>\n\n\n\n<p>Neste ano 2023 fanse 1100 anos de historia de Salceda; tal efem\u00e9ride ten a s\u00faa orixe no feito hist\u00f3rico da ruptura matrimonial da Rai\u00f1a galega Dona Aragonta, producida no ano 923; e, a consecuencia da mesma, o seu retiro no Mosteiro Santa Mar\u00eda de Saliceta, fundado pola propia Ra\u00ed\u00f1a nas propiedades que posu\u00eda neste territorio salcedense.<\/p>\n\n\n\n<p>Casara con Rei galego Don Ordo\u00f1o II, no ano 922, do que foi a segunda muller, pois quedara vi\u00favo no 921; quen trala ruptura voltou casar con Sancha de Navarra; uni\u00f3n que tampouco durou pois o rei Ordo\u00f1o falece no seguinte ano 924.<\/p>\n\n\n\n<p>Dona Aragonta Gonz\u00e1lez era filla dos Condes do Deza Gonzalo Betote e Tareixa Eiriz, fundadores do mosteiro de Carboeiro; as\u00ed mesmo, sobri\u00f1a de Ilduara Eiriz, fundadora do mosteiro de Celanova; e polo tanto prima de San Rosendo de Celanova; e tam\u00e9n cu\u00f1ada de Mumadona D\u00edaz, fundadora do mosteiro de Guimar\u00e4es, capital hist\u00f3rica de Portugal, quen estaba casada co seu irm\u00e1n Hermenegildo Gonzalez.<\/p>\n\n\n\n<p>\u00c9 evidente que Dona Aragonta e a s\u00faa familia formaban parte da realeza galega, no mais alto nivel da nobleza da \u00e9poca. A\u00ednda que a s\u00faa uni\u00f3n con Rei Ordo\u00f1o foi curta, a s\u00faa vida transitou ao longo do s\u00e9culo X, mais de cincuenta anos mantendo o seu t\u00edtulo de ra\u00ed\u00f1a e como muller empoderada at\u00e9 a s\u00faa morte; segundo \u00e1s cr\u00f3nicas, pr\u00f3xima no tempo \u00e1 do seu primo Rosendo de Celanova, quen falece no ano 977.<\/p>\n\n\n\n<p>\u00c9 de salientar que Dona Aragonta vive nunha \u00e9poca convulsa; no s\u00e9culo X; momento no que as confrontaci\u00f3ns militares do Reino de Galiza contra a Hispania musulmana son constantes. A este escenario xuntase o perigo procedente do mar, no que os homes do norte, os normandos identificados cos viquingos, ameazan tam\u00e9n o reino coas s\u00faas incursi\u00f3ns anuais; nas que a cidade de Tui e a s\u00faa comarca foron obxecto de varios ataques, ao remontaren cos seus barcos polo r\u00edo Mi\u00f1o; concretamente neste s\u00e9culo existen as referencias hist\u00f3ricas \u00e1s dos ano 930 e 970, que obrigaron aos bispos e a poboaci\u00f3n a abandonar a cidade.<\/p>\n\n\n\n<p>Nese escenario, as mulleres da nobreza quedan ao fronte da xesti\u00f3n dos bens e facendas; de a\u00ed o seu protagonismo como fundadoras de mosteiros e aseguradoras dos bens dos que est\u00e1n fora formando parte dos ex\u00e9rcitos. Hai que ter presente que a existencia dun mosteiro e os se\u00f1or\u00edos asociados aos mesmos daban p\u00e9 a que a poboaci\u00f3n da \u00e9poca, en procura de certa seguridade, se acollera baixo encomendas \u00e1 protecci\u00f3n que lles facilitan os que dispu\u00f1an do poder que o Rei lles outorgaba, mediante condados ou outras figuras de xesti\u00f3n do territorio.<\/p>\n\n\n\n<p>Nese contexto hist\u00f3rico a Ra\u00ed\u00f1a Aragonta foi art\u00edfice de que Salceda entrara, hai xa 1100 anos, na historia; e co paso dos s\u00e9culos a <em>Terra de Salceda<\/em> fose, no bispado de Tui, unha entidade con car\u00e1cter propio e protagonismo de seu.<\/p>\n\n\n\n<p>O BNG considera considera que <strong>a Corporaci\u00f3n Municipal en representaci\u00f3n da veci\u00f1anza salcedense ten a obriga de realizar unha menci\u00f3n a esta efem\u00e9ride.<\/strong><\/p>\n\n\n\n<p>Polo exposto formula, para a aprobaci\u00f3n do Pleno do Concello a seguinte PROPOSICI\u00d3N<\/p>\n\n\n\n<p>O Pleno do Concello de Salceda de Caselas, a proposta do Grupo Municipal do BNG, Acorda:<\/p>\n\n\n\n<p><em><strong>Conmemorar os 1100 anos de historia de Salceda e o reco\u00f1ecemento \u00e1 Ra\u00ed\u00f1a galega Dona Ar<\/strong><\/em><em><strong>a<\/strong><\/em><em><strong>gonta por este feito hist\u00f3rico, que ten a s\u00faa orixe na s\u00faa decisi\u00f3n de fundar o Mosteiro de Santa Mar\u00eda de Saliceta; e a tal efecto deixar constancia da efem\u00e9ride na Acta da Sesi\u00f3n<\/strong><\/em><em>.<\/em><\/p>\n\n\n\n<p>Salceda de Caselas, 21 de decembro do 2023<\/p>\n","protected":false},"excerpt":{"rendered":"<div class=\"mh-excerpt\"><p>O BNG nesta Corporaci\u00f3n Municipal de Salceda de Caselas e na s\u00faa representaci\u00f3n Salustiano Guerra Garc\u00eda, concelleiro, ao abeiro do disposto tanto no Artigo 34, punto 8, do Regulamento Org\u00e1nico Municipal (en adiante ROM) como no Artigo 82.3 do Real Decreto 2568\/1986, de 28 de novembro <a class=\"mh-excerpt-more\" href=\"https:\/\/www.anovapeneira.gal\/index.php\/2023\/12\/28\/conmemoracion-de-1100-anos-de-historia-de-salceda-e-reconecemento-a-raina-galega-dona-aragonta-por-este-feito-historico\/\" title=\"Conmemoraci\u00f3n de 1100 anos de historia de Salceda e reco\u00f1ecemento \u00e1 Ra\u00ed\u00f1a galega Dona Aragonta por este feito hist\u00f3rico\">[&#8230;]<\/a><\/p>\n<\/div>","protected":false},"author":3,"featured_media":8265,"comment_status":"open","ping_status":"open","sticky":false,"template":"","format":"standard","meta":{"_exactmetrics_skip_tracking":false,"_exactmetrics_sitenote_active":false,"_exactmetrics_sitenote_note":"","_exactmetrics_sitenote_category":0,"footnotes":""},"categories":[23],"tags":[359],"class_list":{"0":"post-10971","1":"post","2":"type-post","3":"status-publish","4":"format-standard","5":"has-post-thumbnail","7":"category-a-lourina","8":"tag-concello-de-salceda-de-caselas"},"yoast_head":"<!-- This site is optimized with the Yoast SEO plugin v27.4 - https:\/\/yoast.com\/product\/yoast-seo-wordpress\/ -->\n<title>Conmemoraci\u00f3n de 1100 anos de historia de Salceda e reco\u00f1ecemento \u00e1 Ra\u00ed\u00f1a galega Dona Aragonta por este feito hist\u00f3rico -<\/title>\n<meta name=\"description\" content=\"O BNG nesta Corporaci\u00f3n Municipal de Salceda de Caselas e na s\u00faa representaci\u00f3n Salustiano Guerra Garc\u00eda, concelleiro, ao abeiro do disposto tanto no Artigo 34, punto 8, do Regulamento Org\u00e1nico Municipal (en adiante ROM) como no Artigo 82.3 do Real Decreto 2568\/1986, de 28 de novembro\" \/>\n<meta name=\"robots\" content=\"index, follow, max-snippet:-1, max-image-preview:large, max-video-preview:-1\" \/>\n<link rel=\"canonical\" href=\"https:\/\/www.anovapeneira.gal\/index.php\/2023\/12\/28\/conmemoracion-de-1100-anos-de-historia-de-salceda-e-reconecemento-a-raina-galega-dona-aragonta-por-este-feito-historico\/\" \/>\n<meta property=\"og:locale\" content=\"gl_ES\" \/>\n<meta property=\"og:type\" content=\"article\" \/>\n<meta property=\"og:title\" content=\"Conmemoraci\u00f3n de 1100 anos de historia de Salceda e reco\u00f1ecemento \u00e1 Ra\u00ed\u00f1a galega Dona Aragonta por este feito hist\u00f3rico -\" \/>\n<meta property=\"og:description\" content=\"O BNG nesta Corporaci\u00f3n Municipal de Salceda de Caselas e na s\u00faa representaci\u00f3n Salustiano Guerra Garc\u00eda, concelleiro, ao abeiro do disposto tanto no Artigo 34, punto 8, do Regulamento Org\u00e1nico Municipal (en adiante ROM) como no Artigo 82.3 do Real Decreto 2568\/1986, de 28 de novembro\" \/>\n<meta property=\"og:url\" content=\"https:\/\/www.anovapeneira.gal\/index.php\/2023\/12\/28\/conmemoracion-de-1100-anos-de-historia-de-salceda-e-reconecemento-a-raina-galega-dona-aragonta-por-este-feito-historico\/\" \/>\n<meta property=\"article:publisher\" content=\"https:\/\/www.facebook.com\/anovapeneira\" \/>\n<meta property=\"article:published_time\" content=\"2023-12-28T11:00:53+00:00\" \/>\n<meta property=\"og:image\" content=\"https:\/\/www.anovapeneira.gal\/wp-content\/uploads\/2022\/09\/bng_logo_2.jpg\" \/>\n\t<meta property=\"og:image:width\" content=\"720\" \/>\n\t<meta property=\"og:image:height\" content=\"432\" \/>\n\t<meta property=\"og:image:type\" content=\"image\/jpeg\" \/>\n<meta name=\"author\" content=\"Redacci\u00f3n A Nova Peneira\" \/>\n<meta name=\"twitter:card\" content=\"summary_large_image\" \/>\n<meta name=\"twitter:creator\" content=\"@APeneira\" \/>\n<meta name=\"twitter:site\" content=\"@APeneira\" \/>\n<meta name=\"twitter:label1\" content=\"Escrito por\" \/>\n\t<meta name=\"twitter:data1\" content=\"Redacci\u00f3n A Nova Peneira\" \/>\n\t<meta name=\"twitter:label2\" content=\"Tempo de lectura\" \/>\n\t<meta name=\"twitter:data2\" content=\"5 minutos\" \/>\n<script type=\"application\/ld+json\" class=\"yoast-schema-graph\">{\"@context\":\"https:\\\/\\\/schema.org\",\"@graph\":[{\"@type\":\"Article\",\"@id\":\"https:\\\/\\\/www.anovapeneira.gal\\\/index.php\\\/2023\\\/12\\\/28\\\/conmemoracion-de-1100-anos-de-historia-de-salceda-e-reconecemento-a-raina-galega-dona-aragonta-por-este-feito-historico\\\/#article\",\"isPartOf\":{\"@id\":\"https:\\\/\\\/www.anovapeneira.gal\\\/index.php\\\/2023\\\/12\\\/28\\\/conmemoracion-de-1100-anos-de-historia-de-salceda-e-reconecemento-a-raina-galega-dona-aragonta-por-este-feito-historico\\\/\"},\"author\":{\"name\":\"Redacci\u00f3n A Nova Peneira\",\"@id\":\"https:\\\/\\\/www.anovapeneira.gal\\\/#\\\/schema\\\/person\\\/b93e3f8932e3f8da96334607eb6ac6aa\"},\"headline\":\"Conmemoraci\u00f3n de 1100 anos de historia de Salceda e reco\u00f1ecemento \u00e1 Ra\u00ed\u00f1a galega Dona Aragonta por este feito hist\u00f3rico\",\"datePublished\":\"2023-12-28T11:00:53+00:00\",\"mainEntityOfPage\":{\"@id\":\"https:\\\/\\\/www.anovapeneira.gal\\\/index.php\\\/2023\\\/12\\\/28\\\/conmemoracion-de-1100-anos-de-historia-de-salceda-e-reconecemento-a-raina-galega-dona-aragonta-por-este-feito-historico\\\/\"},\"wordCount\":905,\"commentCount\":0,\"publisher\":{\"@id\":\"https:\\\/\\\/www.anovapeneira.gal\\\/#organization\"},\"image\":{\"@id\":\"https:\\\/\\\/www.anovapeneira.gal\\\/index.php\\\/2023\\\/12\\\/28\\\/conmemoracion-de-1100-anos-de-historia-de-salceda-e-reconecemento-a-raina-galega-dona-aragonta-por-este-feito-historico\\\/#primaryimage\"},\"thumbnailUrl\":\"https:\\\/\\\/www.anovapeneira.gal\\\/wp-content\\\/uploads\\\/2022\\\/09\\\/bng_logo_2.jpg\",\"keywords\":[\"Concello de Salceda de Caselas\"],\"articleSection\":[\"A Louri\u00f1a\"],\"inLanguage\":\"gl-ES\",\"potentialAction\":[{\"@type\":\"CommentAction\",\"name\":\"Comment\",\"target\":[\"https:\\\/\\\/www.anovapeneira.gal\\\/index.php\\\/2023\\\/12\\\/28\\\/conmemoracion-de-1100-anos-de-historia-de-salceda-e-reconecemento-a-raina-galega-dona-aragonta-por-este-feito-historico\\\/#respond\"]}]},{\"@type\":\"WebPage\",\"@id\":\"https:\\\/\\\/www.anovapeneira.gal\\\/index.php\\\/2023\\\/12\\\/28\\\/conmemoracion-de-1100-anos-de-historia-de-salceda-e-reconecemento-a-raina-galega-dona-aragonta-por-este-feito-historico\\\/\",\"url\":\"https:\\\/\\\/www.anovapeneira.gal\\\/index.php\\\/2023\\\/12\\\/28\\\/conmemoracion-de-1100-anos-de-historia-de-salceda-e-reconecemento-a-raina-galega-dona-aragonta-por-este-feito-historico\\\/\",\"name\":\"Conmemoraci\u00f3n de 1100 anos de historia de Salceda e reco\u00f1ecemento \u00e1 Ra\u00ed\u00f1a galega Dona Aragonta por este feito hist\u00f3rico -\",\"isPartOf\":{\"@id\":\"https:\\\/\\\/www.anovapeneira.gal\\\/#website\"},\"primaryImageOfPage\":{\"@id\":\"https:\\\/\\\/www.anovapeneira.gal\\\/index.php\\\/2023\\\/12\\\/28\\\/conmemoracion-de-1100-anos-de-historia-de-salceda-e-reconecemento-a-raina-galega-dona-aragonta-por-este-feito-historico\\\/#primaryimage\"},\"image\":{\"@id\":\"https:\\\/\\\/www.anovapeneira.gal\\\/index.php\\\/2023\\\/12\\\/28\\\/conmemoracion-de-1100-anos-de-historia-de-salceda-e-reconecemento-a-raina-galega-dona-aragonta-por-este-feito-historico\\\/#primaryimage\"},\"thumbnailUrl\":\"https:\\\/\\\/www.anovapeneira.gal\\\/wp-content\\\/uploads\\\/2022\\\/09\\\/bng_logo_2.jpg\",\"datePublished\":\"2023-12-28T11:00:53+00:00\",\"description\":\"O BNG nesta Corporaci\u00f3n Municipal de Salceda de Caselas e na s\u00faa representaci\u00f3n Salustiano Guerra Garc\u00eda, concelleiro, ao abeiro do disposto tanto no Artigo 34, punto 8, do Regulamento Org\u00e1nico Municipal (en adiante ROM) como no Artigo 82.3 do Real Decreto 2568\\\/1986, de 28 de novembro\",\"breadcrumb\":{\"@id\":\"https:\\\/\\\/www.anovapeneira.gal\\\/index.php\\\/2023\\\/12\\\/28\\\/conmemoracion-de-1100-anos-de-historia-de-salceda-e-reconecemento-a-raina-galega-dona-aragonta-por-este-feito-historico\\\/#breadcrumb\"},\"inLanguage\":\"gl-ES\",\"potentialAction\":[{\"@type\":\"ReadAction\",\"target\":[\"https:\\\/\\\/www.anovapeneira.gal\\\/index.php\\\/2023\\\/12\\\/28\\\/conmemoracion-de-1100-anos-de-historia-de-salceda-e-reconecemento-a-raina-galega-dona-aragonta-por-este-feito-historico\\\/\"]}]},{\"@type\":\"ImageObject\",\"inLanguage\":\"gl-ES\",\"@id\":\"https:\\\/\\\/www.anovapeneira.gal\\\/index.php\\\/2023\\\/12\\\/28\\\/conmemoracion-de-1100-anos-de-historia-de-salceda-e-reconecemento-a-raina-galega-dona-aragonta-por-este-feito-historico\\\/#primaryimage\",\"url\":\"https:\\\/\\\/www.anovapeneira.gal\\\/wp-content\\\/uploads\\\/2022\\\/09\\\/bng_logo_2.jpg\",\"contentUrl\":\"https:\\\/\\\/www.anovapeneira.gal\\\/wp-content\\\/uploads\\\/2022\\\/09\\\/bng_logo_2.jpg\",\"width\":720,\"height\":432,\"caption\":\"Logotipo BNG\"},{\"@type\":\"BreadcrumbList\",\"@id\":\"https:\\\/\\\/www.anovapeneira.gal\\\/index.php\\\/2023\\\/12\\\/28\\\/conmemoracion-de-1100-anos-de-historia-de-salceda-e-reconecemento-a-raina-galega-dona-aragonta-por-este-feito-historico\\\/#breadcrumb\",\"itemListElement\":[{\"@type\":\"ListItem\",\"position\":1,\"name\":\"Portada\",\"item\":\"https:\\\/\\\/www.anovapeneira.gal\\\/\"},{\"@type\":\"ListItem\",\"position\":2,\"name\":\"Conmemoraci\u00f3n de 1100 anos de historia de Salceda e reco\u00f1ecemento \u00e1 Ra\u00ed\u00f1a galega Dona Aragonta por este feito hist\u00f3rico\"}]},{\"@type\":\"WebSite\",\"@id\":\"https:\\\/\\\/www.anovapeneira.gal\\\/#website\",\"url\":\"https:\\\/\\\/www.anovapeneira.gal\\\/\",\"name\":\"\",\"description\":\"Xornal galego de informaci\u00f3n xeral Publicaci\u00f3n mensual de novas de Galicia e en especial dos Concellos da sur da provincia de Pontevedra.\",\"publisher\":{\"@id\":\"https:\\\/\\\/www.anovapeneira.gal\\\/#organization\"},\"potentialAction\":[{\"@type\":\"SearchAction\",\"target\":{\"@type\":\"EntryPoint\",\"urlTemplate\":\"https:\\\/\\\/www.anovapeneira.gal\\\/?s={search_term_string}\"},\"query-input\":{\"@type\":\"PropertyValueSpecification\",\"valueRequired\":true,\"valueName\":\"search_term_string\"}}],\"inLanguage\":\"gl-ES\"},{\"@type\":\"Organization\",\"@id\":\"https:\\\/\\\/www.anovapeneira.gal\\\/#organization\",\"name\":\"A Nova Peneira\",\"url\":\"https:\\\/\\\/www.anovapeneira.gal\\\/\",\"logo\":{\"@type\":\"ImageObject\",\"inLanguage\":\"gl-ES\",\"@id\":\"https:\\\/\\\/www.anovapeneira.gal\\\/#\\\/schema\\\/logo\\\/image\\\/\",\"url\":\"http:\\\/\\\/www.anovapeneira.gal\\\/wp-content\\\/uploads\\\/2019\\\/06\\\/logo_a_nova_peneira_portal_web.png\",\"contentUrl\":\"http:\\\/\\\/www.anovapeneira.gal\\\/wp-content\\\/uploads\\\/2019\\\/06\\\/logo_a_nova_peneira_portal_web.png\",\"width\":300,\"height\":100,\"caption\":\"A Nova Peneira\"},\"image\":{\"@id\":\"https:\\\/\\\/www.anovapeneira.gal\\\/#\\\/schema\\\/logo\\\/image\\\/\"},\"sameAs\":[\"https:\\\/\\\/www.facebook.com\\\/anovapeneira\",\"https:\\\/\\\/x.com\\\/APeneira\"]},{\"@type\":\"Person\",\"@id\":\"https:\\\/\\\/www.anovapeneira.gal\\\/#\\\/schema\\\/person\\\/b93e3f8932e3f8da96334607eb6ac6aa\",\"name\":\"Redacci\u00f3n A Nova Peneira\",\"image\":{\"@type\":\"ImageObject\",\"inLanguage\":\"gl-ES\",\"@id\":\"https:\\\/\\\/secure.gravatar.com\\\/avatar\\\/c052a2551a06e23fac63626232eaa90abd78dbcf1700fc46a2b2c89fd27b735f?s=96&d=mm&r=g\",\"url\":\"https:\\\/\\\/secure.gravatar.com\\\/avatar\\\/c052a2551a06e23fac63626232eaa90abd78dbcf1700fc46a2b2c89fd27b735f?s=96&d=mm&r=g\",\"contentUrl\":\"https:\\\/\\\/secure.gravatar.com\\\/avatar\\\/c052a2551a06e23fac63626232eaa90abd78dbcf1700fc46a2b2c89fd27b735f?s=96&d=mm&r=g\",\"caption\":\"Redacci\u00f3n A Nova Peneira\"},\"sameAs\":[\"http:\\\/\\\/www.anovapeneira.gal\\\/\"],\"url\":\"https:\\\/\\\/www.anovapeneira.gal\\\/index.php\\\/author\\\/redactor\\\/\"}]}<\/script>\n<!-- \/ Yoast SEO plugin. -->","yoast_head_json":{"title":"Conmemoraci\u00f3n de 1100 anos de historia de Salceda e reco\u00f1ecemento \u00e1 Ra\u00ed\u00f1a galega Dona Aragonta por este feito hist\u00f3rico -","description":"O BNG nesta Corporaci\u00f3n Municipal de Salceda de Caselas e na s\u00faa representaci\u00f3n Salustiano Guerra Garc\u00eda, concelleiro, ao abeiro do disposto tanto no Artigo 34, punto 8, do Regulamento Org\u00e1nico Municipal (en adiante ROM) como no Artigo 82.3 do Real Decreto 2568\/1986, de 28 de novembro","robots":{"index":"index","follow":"follow","max-snippet":"max-snippet:-1","max-image-preview":"max-image-preview:large","max-video-preview":"max-video-preview:-1"},"canonical":"https:\/\/www.anovapeneira.gal\/index.php\/2023\/12\/28\/conmemoracion-de-1100-anos-de-historia-de-salceda-e-reconecemento-a-raina-galega-dona-aragonta-por-este-feito-historico\/","og_locale":"gl_ES","og_type":"article","og_title":"Conmemoraci\u00f3n de 1100 anos de historia de Salceda e reco\u00f1ecemento \u00e1 Ra\u00ed\u00f1a galega Dona Aragonta por este feito hist\u00f3rico -","og_description":"O BNG nesta Corporaci\u00f3n Municipal de Salceda de Caselas e na s\u00faa representaci\u00f3n Salustiano Guerra Garc\u00eda, concelleiro, ao abeiro do disposto tanto no Artigo 34, punto 8, do Regulamento Org\u00e1nico Municipal (en adiante ROM) como no Artigo 82.3 do Real Decreto 2568\/1986, de 28 de novembro","og_url":"https:\/\/www.anovapeneira.gal\/index.php\/2023\/12\/28\/conmemoracion-de-1100-anos-de-historia-de-salceda-e-reconecemento-a-raina-galega-dona-aragonta-por-este-feito-historico\/","article_publisher":"https:\/\/www.facebook.com\/anovapeneira","article_published_time":"2023-12-28T11:00:53+00:00","og_image":[{"width":720,"height":432,"url":"https:\/\/www.anovapeneira.gal\/wp-content\/uploads\/2022\/09\/bng_logo_2.jpg","type":"image\/jpeg"}],"author":"Redacci\u00f3n A Nova Peneira","twitter_card":"summary_large_image","twitter_creator":"@APeneira","twitter_site":"@APeneira","twitter_misc":{"Escrito por":"Redacci\u00f3n A Nova Peneira","Tempo de lectura":"5 minutos"},"schema":{"@context":"https:\/\/schema.org","@graph":[{"@type":"Article","@id":"https:\/\/www.anovapeneira.gal\/index.php\/2023\/12\/28\/conmemoracion-de-1100-anos-de-historia-de-salceda-e-reconecemento-a-raina-galega-dona-aragonta-por-este-feito-historico\/#article","isPartOf":{"@id":"https:\/\/www.anovapeneira.gal\/index.php\/2023\/12\/28\/conmemoracion-de-1100-anos-de-historia-de-salceda-e-reconecemento-a-raina-galega-dona-aragonta-por-este-feito-historico\/"},"author":{"name":"Redacci\u00f3n A Nova Peneira","@id":"https:\/\/www.anovapeneira.gal\/#\/schema\/person\/b93e3f8932e3f8da96334607eb6ac6aa"},"headline":"Conmemoraci\u00f3n de 1100 anos de historia de Salceda e reco\u00f1ecemento \u00e1 Ra\u00ed\u00f1a galega Dona Aragonta por este feito hist\u00f3rico","datePublished":"2023-12-28T11:00:53+00:00","mainEntityOfPage":{"@id":"https:\/\/www.anovapeneira.gal\/index.php\/2023\/12\/28\/conmemoracion-de-1100-anos-de-historia-de-salceda-e-reconecemento-a-raina-galega-dona-aragonta-por-este-feito-historico\/"},"wordCount":905,"commentCount":0,"publisher":{"@id":"https:\/\/www.anovapeneira.gal\/#organization"},"image":{"@id":"https:\/\/www.anovapeneira.gal\/index.php\/2023\/12\/28\/conmemoracion-de-1100-anos-de-historia-de-salceda-e-reconecemento-a-raina-galega-dona-aragonta-por-este-feito-historico\/#primaryimage"},"thumbnailUrl":"https:\/\/www.anovapeneira.gal\/wp-content\/uploads\/2022\/09\/bng_logo_2.jpg","keywords":["Concello de Salceda de Caselas"],"articleSection":["A Louri\u00f1a"],"inLanguage":"gl-ES","potentialAction":[{"@type":"CommentAction","name":"Comment","target":["https:\/\/www.anovapeneira.gal\/index.php\/2023\/12\/28\/conmemoracion-de-1100-anos-de-historia-de-salceda-e-reconecemento-a-raina-galega-dona-aragonta-por-este-feito-historico\/#respond"]}]},{"@type":"WebPage","@id":"https:\/\/www.anovapeneira.gal\/index.php\/2023\/12\/28\/conmemoracion-de-1100-anos-de-historia-de-salceda-e-reconecemento-a-raina-galega-dona-aragonta-por-este-feito-historico\/","url":"https:\/\/www.anovapeneira.gal\/index.php\/2023\/12\/28\/conmemoracion-de-1100-anos-de-historia-de-salceda-e-reconecemento-a-raina-galega-dona-aragonta-por-este-feito-historico\/","name":"Conmemoraci\u00f3n de 1100 anos de historia de Salceda e reco\u00f1ecemento \u00e1 Ra\u00ed\u00f1a galega Dona Aragonta por este feito hist\u00f3rico -","isPartOf":{"@id":"https:\/\/www.anovapeneira.gal\/#website"},"primaryImageOfPage":{"@id":"https:\/\/www.anovapeneira.gal\/index.php\/2023\/12\/28\/conmemoracion-de-1100-anos-de-historia-de-salceda-e-reconecemento-a-raina-galega-dona-aragonta-por-este-feito-historico\/#primaryimage"},"image":{"@id":"https:\/\/www.anovapeneira.gal\/index.php\/2023\/12\/28\/conmemoracion-de-1100-anos-de-historia-de-salceda-e-reconecemento-a-raina-galega-dona-aragonta-por-este-feito-historico\/#primaryimage"},"thumbnailUrl":"https:\/\/www.anovapeneira.gal\/wp-content\/uploads\/2022\/09\/bng_logo_2.jpg","datePublished":"2023-12-28T11:00:53+00:00","description":"O BNG nesta Corporaci\u00f3n Municipal de Salceda de Caselas e na s\u00faa representaci\u00f3n Salustiano Guerra Garc\u00eda, concelleiro, ao abeiro do disposto tanto no Artigo 34, punto 8, do Regulamento Org\u00e1nico Municipal (en adiante ROM) como no Artigo 82.3 do Real Decreto 2568\/1986, de 28 de novembro","breadcrumb":{"@id":"https:\/\/www.anovapeneira.gal\/index.php\/2023\/12\/28\/conmemoracion-de-1100-anos-de-historia-de-salceda-e-reconecemento-a-raina-galega-dona-aragonta-por-este-feito-historico\/#breadcrumb"},"inLanguage":"gl-ES","potentialAction":[{"@type":"ReadAction","target":["https:\/\/www.anovapeneira.gal\/index.php\/2023\/12\/28\/conmemoracion-de-1100-anos-de-historia-de-salceda-e-reconecemento-a-raina-galega-dona-aragonta-por-este-feito-historico\/"]}]},{"@type":"ImageObject","inLanguage":"gl-ES","@id":"https:\/\/www.anovapeneira.gal\/index.php\/2023\/12\/28\/conmemoracion-de-1100-anos-de-historia-de-salceda-e-reconecemento-a-raina-galega-dona-aragonta-por-este-feito-historico\/#primaryimage","url":"https:\/\/www.anovapeneira.gal\/wp-content\/uploads\/2022\/09\/bng_logo_2.jpg","contentUrl":"https:\/\/www.anovapeneira.gal\/wp-content\/uploads\/2022\/09\/bng_logo_2.jpg","width":720,"height":432,"caption":"Logotipo BNG"},{"@type":"BreadcrumbList","@id":"https:\/\/www.anovapeneira.gal\/index.php\/2023\/12\/28\/conmemoracion-de-1100-anos-de-historia-de-salceda-e-reconecemento-a-raina-galega-dona-aragonta-por-este-feito-historico\/#breadcrumb","itemListElement":[{"@type":"ListItem","position":1,"name":"Portada","item":"https:\/\/www.anovapeneira.gal\/"},{"@type":"ListItem","position":2,"name":"Conmemoraci\u00f3n de 1100 anos de historia de Salceda e reco\u00f1ecemento \u00e1 Ra\u00ed\u00f1a galega Dona Aragonta por este feito hist\u00f3rico"}]},{"@type":"WebSite","@id":"https:\/\/www.anovapeneira.gal\/#website","url":"https:\/\/www.anovapeneira.gal\/","name":"","description":"Xornal galego de informaci\u00f3n xeral Publicaci\u00f3n mensual de novas de Galicia e en especial dos Concellos da sur da provincia de Pontevedra.","publisher":{"@id":"https:\/\/www.anovapeneira.gal\/#organization"},"potentialAction":[{"@type":"SearchAction","target":{"@type":"EntryPoint","urlTemplate":"https:\/\/www.anovapeneira.gal\/?s={search_term_string}"},"query-input":{"@type":"PropertyValueSpecification","valueRequired":true,"valueName":"search_term_string"}}],"inLanguage":"gl-ES"},{"@type":"Organization","@id":"https:\/\/www.anovapeneira.gal\/#organization","name":"A Nova Peneira","url":"https:\/\/www.anovapeneira.gal\/","logo":{"@type":"ImageObject","inLanguage":"gl-ES","@id":"https:\/\/www.anovapeneira.gal\/#\/schema\/logo\/image\/","url":"http:\/\/www.anovapeneira.gal\/wp-content\/uploads\/2019\/06\/logo_a_nova_peneira_portal_web.png","contentUrl":"http:\/\/www.anovapeneira.gal\/wp-content\/uploads\/2019\/06\/logo_a_nova_peneira_portal_web.png","width":300,"height":100,"caption":"A Nova Peneira"},"image":{"@id":"https:\/\/www.anovapeneira.gal\/#\/schema\/logo\/image\/"},"sameAs":["https:\/\/www.facebook.com\/anovapeneira","https:\/\/x.com\/APeneira"]},{"@type":"Person","@id":"https:\/\/www.anovapeneira.gal\/#\/schema\/person\/b93e3f8932e3f8da96334607eb6ac6aa","name":"Redacci\u00f3n A Nova Peneira","image":{"@type":"ImageObject","inLanguage":"gl-ES","@id":"https:\/\/secure.gravatar.com\/avatar\/c052a2551a06e23fac63626232eaa90abd78dbcf1700fc46a2b2c89fd27b735f?s=96&d=mm&r=g","url":"https:\/\/secure.gravatar.com\/avatar\/c052a2551a06e23fac63626232eaa90abd78dbcf1700fc46a2b2c89fd27b735f?s=96&d=mm&r=g","contentUrl":"https:\/\/secure.gravatar.com\/avatar\/c052a2551a06e23fac63626232eaa90abd78dbcf1700fc46a2b2c89fd27b735f?s=96&d=mm&r=g","caption":"Redacci\u00f3n A Nova Peneira"},"sameAs":["http:\/\/www.anovapeneira.gal\/"],"url":"https:\/\/www.anovapeneira.gal\/index.php\/author\/redactor\/"}]}},"jetpack_featured_media_url":"https:\/\/www.anovapeneira.gal\/wp-content\/uploads\/2022\/09\/bng_logo_2.jpg","_links":{"self":[{"href":"https:\/\/www.anovapeneira.gal\/index.php\/wp-json\/wp\/v2\/posts\/10971","targetHints":{"allow":["GET"]}}],"collection":[{"href":"https:\/\/www.anovapeneira.gal\/index.php\/wp-json\/wp\/v2\/posts"}],"about":[{"href":"https:\/\/www.anovapeneira.gal\/index.php\/wp-json\/wp\/v2\/types\/post"}],"author":[{"embeddable":true,"href":"https:\/\/www.anovapeneira.gal\/index.php\/wp-json\/wp\/v2\/users\/3"}],"replies":[{"embeddable":true,"href":"https:\/\/www.anovapeneira.gal\/index.php\/wp-json\/wp\/v2\/comments?post=10971"}],"version-history":[{"count":2,"href":"https:\/\/www.anovapeneira.gal\/index.php\/wp-json\/wp\/v2\/posts\/10971\/revisions"}],"predecessor-version":[{"id":10973,"href":"https:\/\/www.anovapeneira.gal\/index.php\/wp-json\/wp\/v2\/posts\/10971\/revisions\/10973"}],"wp:featuredmedia":[{"embeddable":true,"href":"https:\/\/www.anovapeneira.gal\/index.php\/wp-json\/wp\/v2\/media\/8265"}],"wp:attachment":[{"href":"https:\/\/www.anovapeneira.gal\/index.php\/wp-json\/wp\/v2\/media?parent=10971"}],"wp:term":[{"taxonomy":"category","embeddable":true,"href":"https:\/\/www.anovapeneira.gal\/index.php\/wp-json\/wp\/v2\/categories?post=10971"},{"taxonomy":"post_tag","embeddable":true,"href":"https:\/\/www.anovapeneira.gal\/index.php\/wp-json\/wp\/v2\/tags?post=10971"}],"curies":[{"name":"wp","href":"https:\/\/api.w.org\/{rel}","templated":true}]}}